{"id":919305,"date":"2016-12-15T16:07:33","date_gmt":"2016-12-15T16:07:33","guid":{"rendered":"http:\/\/www.eldigitaldeasturias.com\/noticias\/?p=919305"},"modified":"2016-12-15T16:07:33","modified_gmt":"2016-12-15T16:07:33","slug":"el-plan-especial-de-transporte-a-los-lagos-de-covadonga-supera-los-157-000-usuarios","status":"publish","type":"post","link":"https:\/\/www.eldigitaldeasturias.com\/noticias\/el-plan-especial-de-transporte-a-los-lagos-de-covadonga-supera-los-157-000-usuarios\/","title":{"rendered":"El plan especial de transporte a los Lagos de Covadonga supera los 157.000 usuarios"},"content":{"rendered":"<p><img loading=\"lazy\" decoding=\"async\" class=\"alignleft size-medium wp-image-790694\" src=\"https:\/\/www.eldigitaldeasturias.com\/noticias\/wp-content\/uploads\/2015\/06\/lagos-360x228.jpg\" alt=\"lagos\" width=\"360\" height=\"228\" srcset=\"https:\/\/www.eldigitaldeasturias.com\/noticias\/wp-content\/uploads\/2015\/06\/lagos-360x228.jpg 360w, https:\/\/www.eldigitaldeasturias.com\/noticias\/wp-content\/uploads\/2015\/06\/lagos-650x412.jpg 650w, https:\/\/www.eldigitaldeasturias.com\/noticias\/wp-content\/uploads\/2015\/06\/lagos.jpg 800w\" sizes=\"auto, (max-width: 360px) 100vw, 360px\" \/>El plan especial de transporte a los lagos de Covadonga que coordina el Consorcio de Transportes de Asturias (CTA) ha registrado en 2016 un total de 157.214 usuarios, tras haber sumado este mes 8.180 nuevos viajeros durante los nueve d\u00edas en que estuvo operativo, coincidiendo con las festividades de la Constituci\u00f3n y la Inmaculada Concepci\u00f3n. De estos, 8.020 utilizaron los autobuses y 160 los servicios de taxis.<\/p>\n<p>La cifra, r\u00e9cord de toda la serie hist\u00f3rica, supera de forma considerable la de 2015, cuando 138.548 usuarios visitaron este enclave de Picos de Europa en los servicios de autobuses y taxis lanzadera habilitados por el Consorcio para dicho fin.<\/p>\n<p>En diciembre el d\u00eda que m\u00e1s viajeros se registraron fue el viernes, d\u00eda 9, con 1.407 personas, seguido del lunes, d\u00eda 5, con 1.358. En lo que se refiere al c\u00f3mputo total de todo 2016 el mes en que m\u00e1s viajeros se contabilizaron volvi\u00f3 a ser agosto, con un total de 92.965, frente a los 86.715 del a\u00f1o precedente.<\/p>\n<p>Durante este a\u00f1o el servicio de transporte p\u00fablico a los lagos estuvo en vigor en Semana Santa, entre el 24y el 27 de marzo; los puentes del 30 de abril al 2 de mayo, ambos inclusive; y del 3 a 11 de diciembre, ambos inclusive, as\u00ed como del 15 de julio al 8 de septiembre, con la excepci\u00f3n del 25 de julio.<\/p>\n<p>En 2017 el plan que restringe el acceso al veh\u00edculo privado en favor del transporte p\u00fablico volver\u00e1 a estar operativo entre el 8 y el 17 de abril, coincidiendo con la Semana Santa.<\/p>\n<p>&nbsp;<\/p>\n","protected":false},"excerpt":{"rendered":"<p>El plan especial de transporte a los lagos de Covadonga que coordina el Consorcio de Transportes de Asturias (CTA) ha registrado en 2016 un total de 157.214 usuarios, tras haber sumado este mes 8.180 nuevos viajeros durante los nueve d\u00edas en que estuvo operativo, coincidiendo con las festividades de la Constituci\u00f3n y la Inmaculada Concepci\u00f3n. [&hellip;]<\/p>\n","protected":false},"author":1,"featured_media":775586,"comment_status":"closed","ping_status":"closed","sticky":false,"template":"","format":"standard","meta":{"footnotes":""},"categories":[148],"tags":[],"class_list":["post-919305","post","type-post","status-publish","format-standard","has-post-thumbnail","hentry","category-turismo"],"aioseo_notices":[],"aioseo_head":"\n\t\t<!-- All in One SEO Pro 4.9.6.2 - aioseo.com -->\n\t<meta name=\"description\" content=\"El plan especial de transporte a los lagos de Covadonga que coordina el Consorcio de Transportes de Asturias (CTA) ha registrado en 2016 un total de 157.214 usuarios, tras haber sumado este mes 8.180 nuevos viajeros durante los nueve d\u00edas en que estuvo operativo, coincidiendo con las festividades de la Constituci\u00f3n y la Inmaculada Concepci\u00f3n.\" \/>\n\t<meta name=\"robots\" content=\"max-image-preview:large\" \/>\n\t<meta name=\"author\" content=\"El Digital de Asturias\"\/>\n\t<meta name=\"google-site-verification\" content=\"UA-38556648-1\" \/>\n\t<meta name=\"msvalidate.01\" content=\"7dfe9f3f1b24437ab69f4f2559babe99\" \/>\n\t<meta name=\"keywords\" content=\"turismo\" \/>\n\t<link rel=\"canonical\" href=\"https:\/\/www.eldigitaldeasturias.com\/noticias\/el-plan-especial-de-transporte-a-los-lagos-de-covadonga-supera-los-157-000-usuarios\/\" \/>\n\t<meta name=\"generator\" content=\"All in One SEO Pro (AIOSEO) 4.9.6.2\" \/>\n\t\t<meta property=\"og:locale\" content=\"es_ES\" \/>\n\t\t<meta property=\"og:site_name\" content=\"El Digital de Asturias\" \/>\n\t\t<meta property=\"og:type\" content=\"article\" \/>\n\t\t<meta property=\"og:title\" content=\"El plan especial de transporte a los Lagos de Covadonga supera los 157.000 usuarios - El Digital de Asturias\" \/>\n\t\t<meta property=\"og:description\" content=\"El plan especial de transporte a los lagos de Covadonga que coordina el Consorcio de Transportes de Asturias (CTA) ha registrado en 2016 un total de 157.214 usuarios, tras haber sumado este mes 8.180 nuevos viajeros durante los nueve d\u00edas en que estuvo operativo, coincidiendo con las festividades de la Constituci\u00f3n y la Inmaculada Concepci\u00f3n.\" \/>\n\t\t<meta property=\"og:url\" content=\"https:\/\/www.eldigitaldeasturias.com\/noticias\/el-plan-especial-de-transporte-a-los-lagos-de-covadonga-supera-los-157-000-usuarios\/\" \/>\n\t\t<meta property=\"og:image\" content=\"https:\/\/www.eldigitaldeasturias.com\/noticias\/wp-content\/uploads\/2015\/04\/Covadonga1.jpg\" \/>\n\t\t<meta property=\"og:image:secure_url\" content=\"https:\/\/www.eldigitaldeasturias.com\/noticias\/wp-content\/uploads\/2015\/04\/Covadonga1.jpg\" \/>\n\t\t<meta property=\"og:image:width\" content=\"800\" \/>\n\t\t<meta property=\"og:image:height\" content=\"600\" \/>\n\t\t<meta property=\"article:tag\" content=\"turismo\" \/>\n\t\t<meta property=\"article:published_time\" content=\"2016-12-15T16:07:33+00:00\" \/>\n\t\t<meta property=\"article:modified_time\" content=\"2016-12-15T16:07:33+00:00\" \/>\n\t\t<meta property=\"article:publisher\" content=\"https:\/\/facebook.com\/eldigitaldeasturias\" \/>\n\t\t<meta name=\"twitter:card\" content=\"summary_large_image\" \/>\n\t\t<meta name=\"twitter:title\" content=\"El plan especial de transporte a los Lagos de Covadonga supera los 157.000 usuarios - El Digital de Asturias\" \/>\n\t\t<meta name=\"twitter:description\" content=\"El plan especial de transporte a los lagos de Covadonga que coordina el Consorcio de Transportes de Asturias (CTA) ha registrado en 2016 un total de 157.214 usuarios, tras haber sumado este mes 8.180 nuevos viajeros durante los nueve d\u00edas en que estuvo operativo, coincidiendo con las festividades de la Constituci\u00f3n y la Inmaculada Concepci\u00f3n.\" \/>\n\t\t<meta name=\"twitter:image\" content=\"https:\/\/www.eldigitaldeasturias.com\/noticias\/wp-content\/uploads\/2015\/04\/Covadonga1.jpg\" \/>\n\t\t<meta name=\"twitter:label1\" content=\"Escrito por\" \/>\n\t\t<meta name=\"twitter:data1\" content=\"El Digital de Asturias\" \/>\n\t\t<meta name=\"twitter:label2\" content=\"Tiempo de lectura estimado\" \/>\n\t\t<meta name=\"twitter:data2\" content=\"1 minuto\" \/>\n\t\t<script type=\"application\/ld+json\" class=\"aioseo-schema\">\n\t\t\t{\"@context\":\"https:\\\/\\\/schema.org\",\"@graph\":[{\"@type\":\"BlogPosting\",\"@id\":\"https:\\\/\\\/www.eldigitaldeasturias.com\\\/noticias\\\/el-plan-especial-de-transporte-a-los-lagos-de-covadonga-supera-los-157-000-usuarios\\\/#blogposting\",\"name\":\"El plan especial de transporte a los Lagos de Covadonga supera los 157.000 usuarios - El Digital de Asturias\",\"headline\":\"El plan especial de transporte a los Lagos de Covadonga supera los 157.000 usuarios\",\"author\":{\"@id\":\"https:\\\/\\\/www.eldigitaldeasturias.com\\\/noticias\\\/author\\\/admin\\\/#author\"},\"publisher\":{\"@id\":\"https:\\\/\\\/www.eldigitaldeasturias.com\\\/noticias\\\/#organization\"},\"image\":{\"@type\":\"ImageObject\",\"url\":\"https:\\\/\\\/www.eldigitaldeasturias.com\\\/noticias\\\/wp-content\\\/uploads\\\/2015\\\/04\\\/Covadonga1.jpg\",\"width\":800,\"height\":600},\"datePublished\":\"2016-12-15T16:07:33+01:00\",\"dateModified\":\"2016-12-15T16:07:33+01:00\",\"inLanguage\":\"es-ES\",\"mainEntityOfPage\":{\"@id\":\"https:\\\/\\\/www.eldigitaldeasturias.com\\\/noticias\\\/el-plan-especial-de-transporte-a-los-lagos-de-covadonga-supera-los-157-000-usuarios\\\/#webpage\"},\"isPartOf\":{\"@id\":\"https:\\\/\\\/www.eldigitaldeasturias.com\\\/noticias\\\/el-plan-especial-de-transporte-a-los-lagos-de-covadonga-supera-los-157-000-usuarios\\\/#webpage\"},\"articleSection\":\"Turismo\"},{\"@type\":\"BreadcrumbList\",\"@id\":\"https:\\\/\\\/www.eldigitaldeasturias.com\\\/noticias\\\/el-plan-especial-de-transporte-a-los-lagos-de-covadonga-supera-los-157-000-usuarios\\\/#breadcrumblist\",\"itemListElement\":[{\"@type\":\"ListItem\",\"@id\":\"https:\\\/\\\/www.eldigitaldeasturias.com\\\/noticias#listItem\",\"position\":1,\"name\":\"Home\",\"item\":\"https:\\\/\\\/www.eldigitaldeasturias.com\\\/noticias\",\"nextItem\":{\"@type\":\"ListItem\",\"@id\":\"https:\\\/\\\/www.eldigitaldeasturias.com\\\/noticias\\\/category\\\/turismo\\\/#listItem\",\"name\":\"Turismo\"}},{\"@type\":\"ListItem\",\"@id\":\"https:\\\/\\\/www.eldigitaldeasturias.com\\\/noticias\\\/category\\\/turismo\\\/#listItem\",\"position\":2,\"name\":\"Turismo\",\"item\":\"https:\\\/\\\/www.eldigitaldeasturias.com\\\/noticias\\\/category\\\/turismo\\\/\",\"nextItem\":{\"@type\":\"ListItem\",\"@id\":\"https:\\\/\\\/www.eldigitaldeasturias.com\\\/noticias\\\/el-plan-especial-de-transporte-a-los-lagos-de-covadonga-supera-los-157-000-usuarios\\\/#listItem\",\"name\":\"El plan especial de transporte a los Lagos de Covadonga supera los 157.000 usuarios\"},\"previousItem\":{\"@type\":\"ListItem\",\"@id\":\"https:\\\/\\\/www.eldigitaldeasturias.com\\\/noticias#listItem\",\"name\":\"Home\"}},{\"@type\":\"ListItem\",\"@id\":\"https:\\\/\\\/www.eldigitaldeasturias.com\\\/noticias\\\/el-plan-especial-de-transporte-a-los-lagos-de-covadonga-supera-los-157-000-usuarios\\\/#listItem\",\"position\":3,\"name\":\"El plan especial de transporte a los Lagos de Covadonga supera los 157.000 usuarios\",\"previousItem\":{\"@type\":\"ListItem\",\"@id\":\"https:\\\/\\\/www.eldigitaldeasturias.com\\\/noticias\\\/category\\\/turismo\\\/#listItem\",\"name\":\"Turismo\"}}]},{\"@type\":\"Organization\",\"@id\":\"https:\\\/\\\/www.eldigitaldeasturias.com\\\/noticias\\\/#organization\",\"name\":\"El Digital de Asturias\",\"description\":\"Hemeroteca\",\"url\":\"https:\\\/\\\/www.eldigitaldeasturias.com\\\/noticias\\\/\",\"email\":\"info@eldigitaldeasturias.com\",\"telephone\":\"+34652131393\",\"logo\":{\"@type\":\"ImageObject\",\"url\":\"https:\\\/\\\/www.eldigitaldeasturias.com\\\/noticias\\\/wp-content\\\/uploads\\\/2020\\\/12\\\/EDA.jpg\",\"@id\":\"https:\\\/\\\/www.eldigitaldeasturias.com\\\/noticias\\\/el-plan-especial-de-transporte-a-los-lagos-de-covadonga-supera-los-157-000-usuarios\\\/#organizationLogo\",\"width\":649,\"height\":297},\"image\":{\"@id\":\"https:\\\/\\\/www.eldigitaldeasturias.com\\\/noticias\\\/el-plan-especial-de-transporte-a-los-lagos-de-covadonga-supera-los-157-000-usuarios\\\/#organizationLogo\"},\"sameAs\":[\"https:\\\/\\\/facebook.com\\\/eldigitaldeasturias\",\"https:\\\/\\\/www.youtube.com\\\/channel\\\/UCZP-2wLEB9Rv6erhFmqVnvg\"],\"address\":{\"@id\":\"https:\\\/\\\/www.eldigitaldeasturias.com\\\/noticias\\\/#postaladdress\",\"@type\":\"PostalAddress\",\"streetAddress\":\"san antonio 4,\",\"postalCode\":\"33430\",\"addressLocality\":\"Cand\\u00e1s\",\"addressRegion\":\"Asturias\",\"addressCountry\":\"ES\"}},{\"@type\":\"Person\",\"@id\":\"https:\\\/\\\/www.eldigitaldeasturias.com\\\/noticias\\\/author\\\/admin\\\/#author\",\"url\":\"https:\\\/\\\/www.eldigitaldeasturias.com\\\/noticias\\\/author\\\/admin\\\/\",\"name\":\"El Digital de Asturias\",\"image\":{\"@type\":\"ImageObject\",\"@id\":\"https:\\\/\\\/www.eldigitaldeasturias.com\\\/noticias\\\/el-plan-especial-de-transporte-a-los-lagos-de-covadonga-supera-los-157-000-usuarios\\\/#authorImage\",\"url\":\"https:\\\/\\\/www.eldigitaldeasturias.com\\\/noticias\\\/wp-content\\\/litespeed\\\/avatar\\\/18677e78aa0546b92d9dbf31ec7d7668.jpg?ver=1777290358\",\"width\":96,\"height\":96,\"caption\":\"El Digital de Asturias\"}},{\"@type\":\"WebPage\",\"@id\":\"https:\\\/\\\/www.eldigitaldeasturias.com\\\/noticias\\\/el-plan-especial-de-transporte-a-los-lagos-de-covadonga-supera-los-157-000-usuarios\\\/#webpage\",\"url\":\"https:\\\/\\\/www.eldigitaldeasturias.com\\\/noticias\\\/el-plan-especial-de-transporte-a-los-lagos-de-covadonga-supera-los-157-000-usuarios\\\/\",\"name\":\"El plan especial de transporte a los Lagos de Covadonga supera los 157.000 usuarios - El Digital de Asturias\",\"description\":\"El plan especial de transporte a los lagos de Covadonga que coordina el Consorcio de Transportes de Asturias (CTA) ha registrado en 2016 un total de 157.214 usuarios, tras haber sumado este mes 8.180 nuevos viajeros durante los nueve d\\u00edas en que estuvo operativo, coincidiendo con las festividades de la Constituci\\u00f3n y la Inmaculada Concepci\\u00f3n.\",\"inLanguage\":\"es-ES\",\"isPartOf\":{\"@id\":\"https:\\\/\\\/www.eldigitaldeasturias.com\\\/noticias\\\/#website\"},\"breadcrumb\":{\"@id\":\"https:\\\/\\\/www.eldigitaldeasturias.com\\\/noticias\\\/el-plan-especial-de-transporte-a-los-lagos-de-covadonga-supera-los-157-000-usuarios\\\/#breadcrumblist\"},\"author\":{\"@id\":\"https:\\\/\\\/www.eldigitaldeasturias.com\\\/noticias\\\/author\\\/admin\\\/#author\"},\"creator\":{\"@id\":\"https:\\\/\\\/www.eldigitaldeasturias.com\\\/noticias\\\/author\\\/admin\\\/#author\"},\"image\":{\"@type\":\"ImageObject\",\"url\":\"https:\\\/\\\/www.eldigitaldeasturias.com\\\/noticias\\\/wp-content\\\/uploads\\\/2015\\\/04\\\/Covadonga1.jpg\",\"@id\":\"https:\\\/\\\/www.eldigitaldeasturias.com\\\/noticias\\\/el-plan-especial-de-transporte-a-los-lagos-de-covadonga-supera-los-157-000-usuarios\\\/#mainImage\",\"width\":800,\"height\":600},\"primaryImageOfPage\":{\"@id\":\"https:\\\/\\\/www.eldigitaldeasturias.com\\\/noticias\\\/el-plan-especial-de-transporte-a-los-lagos-de-covadonga-supera-los-157-000-usuarios\\\/#mainImage\"},\"datePublished\":\"2016-12-15T16:07:33+01:00\",\"dateModified\":\"2016-12-15T16:07:33+01:00\"},{\"@type\":\"WebSite\",\"@id\":\"https:\\\/\\\/www.eldigitaldeasturias.com\\\/noticias\\\/#website\",\"url\":\"https:\\\/\\\/www.eldigitaldeasturias.com\\\/noticias\\\/\",\"name\":\"El Digital de Asturias - Diario de actualidad y noticias\",\"alternateName\":\"El Digital de Asturias - Diario de actualidad y noticias\",\"description\":\"Hemeroteca\",\"inLanguage\":\"es-ES\",\"publisher\":{\"@id\":\"https:\\\/\\\/www.eldigitaldeasturias.com\\\/noticias\\\/#organization\"}}]}\n\t\t<\/script>\n\t\t<!-- All in One SEO Pro -->\r\n\t\t<title>El plan especial de transporte a los Lagos de Covadonga supera los 157.000 usuarios - El Digital de Asturias<\/title>\n\n","aioseo_head_json":{"title":"El plan especial de transporte a los Lagos de Covadonga supera los 157.000 usuarios - El Digital de Asturias","description":"El plan especial de transporte a los lagos de Covadonga que coordina el Consorcio de Transportes de Asturias (CTA) ha registrado en 2016 un total de 157.214 usuarios, tras haber sumado este mes 8.180 nuevos viajeros durante los nueve d\u00edas en que estuvo operativo, coincidiendo con las festividades de la Constituci\u00f3n y la Inmaculada Concepci\u00f3n.","canonical_url":"https:\/\/www.eldigitaldeasturias.com\/noticias\/el-plan-especial-de-transporte-a-los-lagos-de-covadonga-supera-los-157-000-usuarios\/","robots":"max-image-preview:large","keywords":"turismo","webmasterTools":{"google-site-verification":"UA-38556648-1","msvalidate.01":"7dfe9f3f1b24437ab69f4f2559babe99","miscellaneous":""},"schema":{"@context":"https:\/\/schema.org","@graph":[{"@type":"BlogPosting","@id":"https:\/\/www.eldigitaldeasturias.com\/noticias\/el-plan-especial-de-transporte-a-los-lagos-de-covadonga-supera-los-157-000-usuarios\/#blogposting","name":"El plan especial de transporte a los Lagos de Covadonga supera los 157.000 usuarios - El Digital de Asturias","headline":"El plan especial de transporte a los Lagos de Covadonga supera los 157.000 usuarios","author":{"@id":"https:\/\/www.eldigitaldeasturias.com\/noticias\/author\/admin\/#author"},"publisher":{"@id":"https:\/\/www.eldigitaldeasturias.com\/noticias\/#organization"},"image":{"@type":"ImageObject","url":"https:\/\/www.eldigitaldeasturias.com\/noticias\/wp-content\/uploads\/2015\/04\/Covadonga1.jpg","width":800,"height":600},"datePublished":"2016-12-15T16:07:33+01:00","dateModified":"2016-12-15T16:07:33+01:00","inLanguage":"es-ES","mainEntityOfPage":{"@id":"https:\/\/www.eldigitaldeasturias.com\/noticias\/el-plan-especial-de-transporte-a-los-lagos-de-covadonga-supera-los-157-000-usuarios\/#webpage"},"isPartOf":{"@id":"https:\/\/www.eldigitaldeasturias.com\/noticias\/el-plan-especial-de-transporte-a-los-lagos-de-covadonga-supera-los-157-000-usuarios\/#webpage"},"articleSection":"Turismo"},{"@type":"BreadcrumbList","@id":"https:\/\/www.eldigitaldeasturias.com\/noticias\/el-plan-especial-de-transporte-a-los-lagos-de-covadonga-supera-los-157-000-usuarios\/#breadcrumblist","itemListElement":[{"@type":"ListItem","@id":"https:\/\/www.eldigitaldeasturias.com\/noticias#listItem","position":1,"name":"Home","item":"https:\/\/www.eldigitaldeasturias.com\/noticias","nextItem":{"@type":"ListItem","@id":"https:\/\/www.eldigitaldeasturias.com\/noticias\/category\/turismo\/#listItem","name":"Turismo"}},{"@type":"ListItem","@id":"https:\/\/www.eldigitaldeasturias.com\/noticias\/category\/turismo\/#listItem","position":2,"name":"Turismo","item":"https:\/\/www.eldigitaldeasturias.com\/noticias\/category\/turismo\/","nextItem":{"@type":"ListItem","@id":"https:\/\/www.eldigitaldeasturias.com\/noticias\/el-plan-especial-de-transporte-a-los-lagos-de-covadonga-supera-los-157-000-usuarios\/#listItem","name":"El plan especial de transporte a los Lagos de Covadonga supera los 157.000 usuarios"},"previousItem":{"@type":"ListItem","@id":"https:\/\/www.eldigitaldeasturias.com\/noticias#listItem","name":"Home"}},{"@type":"ListItem","@id":"https:\/\/www.eldigitaldeasturias.com\/noticias\/el-plan-especial-de-transporte-a-los-lagos-de-covadonga-supera-los-157-000-usuarios\/#listItem","position":3,"name":"El plan especial de transporte a los Lagos de Covadonga supera los 157.000 usuarios","previousItem":{"@type":"ListItem","@id":"https:\/\/www.eldigitaldeasturias.com\/noticias\/category\/turismo\/#listItem","name":"Turismo"}}]},{"@type":"Organization","@id":"https:\/\/www.eldigitaldeasturias.com\/noticias\/#organization","name":"El Digital de Asturias","description":"Hemeroteca","url":"https:\/\/www.eldigitaldeasturias.com\/noticias\/","email":"info@eldigitaldeasturias.com","telephone":"+34652131393","logo":{"@type":"ImageObject","url":"https:\/\/www.eldigitaldeasturias.com\/noticias\/wp-content\/uploads\/2020\/12\/EDA.jpg","@id":"https:\/\/www.eldigitaldeasturias.com\/noticias\/el-plan-especial-de-transporte-a-los-lagos-de-covadonga-supera-los-157-000-usuarios\/#organizationLogo","width":649,"height":297},"image":{"@id":"https:\/\/www.eldigitaldeasturias.com\/noticias\/el-plan-especial-de-transporte-a-los-lagos-de-covadonga-supera-los-157-000-usuarios\/#organizationLogo"},"sameAs":["https:\/\/facebook.com\/eldigitaldeasturias","https:\/\/www.youtube.com\/channel\/UCZP-2wLEB9Rv6erhFmqVnvg"],"address":{"@id":"https:\/\/www.eldigitaldeasturias.com\/noticias\/#postaladdress","@type":"PostalAddress","streetAddress":"san antonio 4,","postalCode":"33430","addressLocality":"Cand\u00e1s","addressRegion":"Asturias","addressCountry":"ES"}},{"@type":"Person","@id":"https:\/\/www.eldigitaldeasturias.com\/noticias\/author\/admin\/#author","url":"https:\/\/www.eldigitaldeasturias.com\/noticias\/author\/admin\/","name":"El Digital de Asturias","image":{"@type":"ImageObject","@id":"https:\/\/www.eldigitaldeasturias.com\/noticias\/el-plan-especial-de-transporte-a-los-lagos-de-covadonga-supera-los-157-000-usuarios\/#authorImage","url":"https:\/\/www.eldigitaldeasturias.com\/noticias\/wp-content\/litespeed\/avatar\/18677e78aa0546b92d9dbf31ec7d7668.jpg?ver=1777290358","width":96,"height":96,"caption":"El Digital de Asturias"}},{"@type":"WebPage","@id":"https:\/\/www.eldigitaldeasturias.com\/noticias\/el-plan-especial-de-transporte-a-los-lagos-de-covadonga-supera-los-157-000-usuarios\/#webpage","url":"https:\/\/www.eldigitaldeasturias.com\/noticias\/el-plan-especial-de-transporte-a-los-lagos-de-covadonga-supera-los-157-000-usuarios\/","name":"El plan especial de transporte a los Lagos de Covadonga supera los 157.000 usuarios - El Digital de Asturias","description":"El plan especial de transporte a los lagos de Covadonga que coordina el Consorcio de Transportes de Asturias (CTA) ha registrado en 2016 un total de 157.214 usuarios, tras haber sumado este mes 8.180 nuevos viajeros durante los nueve d\u00edas en que estuvo operativo, coincidiendo con las festividades de la Constituci\u00f3n y la Inmaculada Concepci\u00f3n.","inLanguage":"es-ES","isPartOf":{"@id":"https:\/\/www.eldigitaldeasturias.com\/noticias\/#website"},"breadcrumb":{"@id":"https:\/\/www.eldigitaldeasturias.com\/noticias\/el-plan-especial-de-transporte-a-los-lagos-de-covadonga-supera-los-157-000-usuarios\/#breadcrumblist"},"author":{"@id":"https:\/\/www.eldigitaldeasturias.com\/noticias\/author\/admin\/#author"},"creator":{"@id":"https:\/\/www.eldigitaldeasturias.com\/noticias\/author\/admin\/#author"},"image":{"@type":"ImageObject","url":"https:\/\/www.eldigitaldeasturias.com\/noticias\/wp-content\/uploads\/2015\/04\/Covadonga1.jpg","@id":"https:\/\/www.eldigitaldeasturias.com\/noticias\/el-plan-especial-de-transporte-a-los-lagos-de-covadonga-supera-los-157-000-usuarios\/#mainImage","width":800,"height":600},"primaryImageOfPage":{"@id":"https:\/\/www.eldigitaldeasturias.com\/noticias\/el-plan-especial-de-transporte-a-los-lagos-de-covadonga-supera-los-157-000-usuarios\/#mainImage"},"datePublished":"2016-12-15T16:07:33+01:00","dateModified":"2016-12-15T16:07:33+01:00"},{"@type":"WebSite","@id":"https:\/\/www.eldigitaldeasturias.com\/noticias\/#website","url":"https:\/\/www.eldigitaldeasturias.com\/noticias\/","name":"El Digital de Asturias - Diario de actualidad y noticias","alternateName":"El Digital de Asturias - Diario de actualidad y noticias","description":"Hemeroteca","inLanguage":"es-ES","publisher":{"@id":"https:\/\/www.eldigitaldeasturias.com\/noticias\/#organization"}}]},"og:locale":"es_ES","og:site_name":"El Digital de Asturias","og:type":"article","og:title":"El plan especial de transporte a los Lagos de Covadonga supera los 157.000 usuarios - El Digital de Asturias","og:description":"El plan especial de transporte a los lagos de Covadonga que coordina el Consorcio de Transportes de Asturias (CTA) ha registrado en 2016 un total de 157.214 usuarios, tras haber sumado este mes 8.180 nuevos viajeros durante los nueve d\u00edas en que estuvo operativo, coincidiendo con las festividades de la Constituci\u00f3n y la Inmaculada Concepci\u00f3n.","og:url":"https:\/\/www.eldigitaldeasturias.com\/noticias\/el-plan-especial-de-transporte-a-los-lagos-de-covadonga-supera-los-157-000-usuarios\/","og:image":"https:\/\/www.eldigitaldeasturias.com\/noticias\/wp-content\/uploads\/2015\/04\/Covadonga1.jpg","og:image:secure_url":"https:\/\/www.eldigitaldeasturias.com\/noticias\/wp-content\/uploads\/2015\/04\/Covadonga1.jpg","og:image:width":800,"og:image:height":600,"article:tag":["turismo"],"article:published_time":"2016-12-15T16:07:33+00:00","article:modified_time":"2016-12-15T16:07:33+00:00","article:publisher":"https:\/\/facebook.com\/eldigitaldeasturias","twitter:card":"summary_large_image","twitter:title":"El plan especial de transporte a los Lagos de Covadonga supera los 157.000 usuarios - El Digital de Asturias","twitter:description":"El plan especial de transporte a los lagos de Covadonga que coordina el Consorcio de Transportes de Asturias (CTA) ha registrado en 2016 un total de 157.214 usuarios, tras haber sumado este mes 8.180 nuevos viajeros durante los nueve d\u00edas en que estuvo operativo, coincidiendo con las festividades de la Constituci\u00f3n y la Inmaculada Concepci\u00f3n.","twitter:image":"https:\/\/www.eldigitaldeasturias.com\/noticias\/wp-content\/uploads\/2015\/04\/Covadonga1.jpg","twitter:label1":"Escrito por","twitter:data1":"El Digital de Asturias","twitter:label2":"Tiempo de lectura estimado","twitter:data2":"1 minuto"},"aioseo_meta_data":{"post_id":"919305","title":null,"description":null,"keywords":null,"keyphrases":null,"primary_term":null,"canonical_url":null,"og_title":null,"og_description":null,"og_object_type":"default","og_image_type":"default","og_image_url":null,"og_image_width":null,"og_image_height":null,"og_image_custom_url":null,"og_image_custom_fields":null,"og_video":null,"og_custom_url":null,"og_article_section":null,"og_article_tags":null,"twitter_use_og":false,"twitter_card":"default","twitter_image_type":"default","twitter_image_url":null,"twitter_image_custom_url":null,"twitter_image_custom_fields":null,"twitter_title":null,"twitter_description":null,"schema":{"blockGraphs":[],"customGraphs":[],"default":{"data":{"Article":[],"Course":[],"Dataset":[],"FAQPage":[],"Movie":[],"Person":[],"Product":[],"ProductReview":[],"Car":[],"Recipe":[],"Service":[],"SoftwareApplication":[],"WebPage":[]},"graphName":"","isEnabled":true},"graphs":[]},"schema_type":null,"schema_type_options":null,"pillar_content":false,"robots_default":true,"robots_noindex":false,"robots_noarchive":false,"robots_nosnippet":false,"robots_nofollow":false,"robots_noimageindex":false,"robots_noodp":false,"robots_notranslate":false,"robots_max_snippet":null,"robots_max_videopreview":null,"robots_max_imagepreview":"large","priority":null,"frequency":null,"local_seo":null,"seo_analyzer_scan_date":"2025-12-02 06:15:23","breadcrumb_settings":null,"limit_modified_date":false,"open_ai":null,"ai":null,"created":"2020-12-21 13:50:46","updated":"2025-12-02 06:15:23"},"aioseo_breadcrumb":"<div class=\"aioseo-breadcrumbs\"><span class=\"aioseo-breadcrumb\">\n\t<a href=\"https:\/\/www.eldigitaldeasturias.com\/noticias\" title=\"Home\">Home<\/a>\n<\/span><span class=\"aioseo-breadcrumb-separator\">\u2013<\/span><span class=\"aioseo-breadcrumb\">\n\t<a href=\"https:\/\/www.eldigitaldeasturias.com\/noticias\/category\/turismo\/\" title=\"Turismo\">Turismo<\/a>\n<\/span><span class=\"aioseo-breadcrumb-separator\">\u2013<\/span><span class=\"aioseo-breadcrumb\">\n\t<a href=\"https:\/\/www.eldigitaldeasturias.com\/noticias\/el-plan-especial-de-transporte-a-los-lagos-de-covadonga-supera-los-157-000-usuarios\/\" title=\"El plan especial de transporte a los Lagos de Covadonga supera los 157.000 usuarios\">El plan especial de transporte a los Lagos de Covadonga supera los 157.000 usuarios<\/a>\n<\/span><\/div>","aioseo_breadcrumb_json":[{"label":"Home","link":"https:\/\/www.eldigitaldeasturias.com\/noticias"},{"label":"Turismo","link":"https:\/\/www.eldigitaldeasturias.com\/noticias\/category\/turismo\/"},{"label":"El plan especial de transporte a los Lagos de Covadonga supera los 157.000 usuarios","link":"https:\/\/www.eldigitaldeasturias.com\/noticias\/el-plan-especial-de-transporte-a-los-lagos-de-covadonga-supera-los-157-000-usuarios\/"}],"_links":{"self":[{"href":"https:\/\/www.eldigitaldeasturias.com\/noticias\/wp-json\/wp\/v2\/posts\/919305","targetHints":{"allow":["GET"]}}],"collection":[{"href":"https:\/\/www.eldigitaldeasturias.com\/noticias\/wp-json\/wp\/v2\/posts"}],"about":[{"href":"https:\/\/www.eldigitaldeasturias.com\/noticias\/wp-json\/wp\/v2\/types\/post"}],"author":[{"embeddable":true,"href":"https:\/\/www.eldigitaldeasturias.com\/noticias\/wp-json\/wp\/v2\/users\/1"}],"replies":[{"embeddable":true,"href":"https:\/\/www.eldigitaldeasturias.com\/noticias\/wp-json\/wp\/v2\/comments?post=919305"}],"version-history":[{"count":0,"href":"https:\/\/www.eldigitaldeasturias.com\/noticias\/wp-json\/wp\/v2\/posts\/919305\/revisions"}],"wp:featuredmedia":[{"embeddable":true,"href":"https:\/\/www.eldigitaldeasturias.com\/noticias\/wp-json\/wp\/v2\/media\/775586"}],"wp:attachment":[{"href":"https:\/\/www.eldigitaldeasturias.com\/noticias\/wp-json\/wp\/v2\/media?parent=919305"}],"wp:term":[{"taxonomy":"category","embeddable":true,"href":"https:\/\/www.eldigitaldeasturias.com\/noticias\/wp-json\/wp\/v2\/categories?post=919305"},{"taxonomy":"post_tag","embeddable":true,"href":"https:\/\/www.eldigitaldeasturias.com\/noticias\/wp-json\/wp\/v2\/tags?post=919305"}],"curies":[{"name":"wp","href":"https:\/\/api.w.org\/{rel}","templated":true}]}}