{"id":919286,"date":"2016-12-15T14:29:49","date_gmt":"2016-12-15T14:29:49","guid":{"rendered":"http:\/\/www.eldigitaldeasturias.com\/noticias\/?p=919286"},"modified":"2016-12-15T14:29:49","modified_gmt":"2016-12-15T14:29:49","slug":"el-principado-impulsa-la-insercion-laboral-de-personas-con-discapacidad","status":"publish","type":"post","link":"https:\/\/www.eldigitaldeasturias.com\/noticias\/el-principado-impulsa-la-insercion-laboral-de-personas-con-discapacidad\/","title":{"rendered":"El Principado impulsa la inserci\u00f3n laboral de personas con discapacidad"},"content":{"rendered":"<p><img loading=\"lazy\" decoding=\"async\" class=\"alignleft size-medium wp-image-919279\" src=\"https:\/\/www.eldigitaldeasturias.com\/noticias\/wp-content\/uploads\/2016\/12\/Consejo-Gobierno1-360x240.jpg\" alt=\"Consejo-Gobierno1\" width=\"360\" height=\"240\" srcset=\"https:\/\/www.eldigitaldeasturias.com\/noticias\/wp-content\/uploads\/2016\/12\/Consejo-Gobierno1-360x240.jpg 360w, https:\/\/www.eldigitaldeasturias.com\/noticias\/wp-content\/uploads\/2016\/12\/Consejo-Gobierno1-768x512.jpg 768w, https:\/\/www.eldigitaldeasturias.com\/noticias\/wp-content\/uploads\/2016\/12\/Consejo-Gobierno1-650x433.jpg 650w, https:\/\/www.eldigitaldeasturias.com\/noticias\/wp-content\/uploads\/2016\/12\/Consejo-Gobierno1.jpg 1280w\" sizes=\"auto, (max-width: 360px) 100vw, 360px\" \/>El Gobierno de Asturias ha concedido este a\u00f1o ayudas por un valor de 7,5 millones para sufragar los costes salariales de la plantilla de trabajadores con discapacidad de los Centros Especiales de Empleo. En concreto, para el primer semestre se otorgaron casi 3,6 millones en ayudas y para el segundo, 3,9.<\/p>\n<p>La mayor\u00eda de estas ayudas las adjudica directamente la Consejer\u00eda de Empleo, Industria y Turismo. No obstante, aquellas que superan los 300.000 euros deben ser autorizadas por el Consejo de Gobierno, que hoy ha dado luz verde a las destinadas a los Centros Especiales de Empleo CLN Incorpora, por un importe de 303.219 euros, y el Instituto Minusv\u00e1lido de Asturias, por 403.381.<\/p>\n<p>Estas subvenciones se enmarcan en la pol\u00edtica de inserci\u00f3n laboral de personas con discapacidad que lleva a cabo el Ejecutivo auton\u00f3mico y su importe es del 50% del salario m\u00ednimo interprofesional (SMI) por cada persona contratada a jornada completa. Las ayudas se dirigen a empresas calificadas y registradas como centros especiales de empleo, con independencia de su forma jur\u00eddica, tama\u00f1o y sector econ\u00f3mico y benefician a m\u00e1s de 2.200 trabajadores.<\/p>\n<p>Los centros especiales de empleo persiguen la integraci\u00f3n laboral de personas con discapacidad, asegur\u00e1ndoles un empleo remunerado. De hecho, el 70% de su plantilla est\u00e1 constituida por discapacitados<\/p>\n<p>&nbsp;<\/p>\n","protected":false},"excerpt":{"rendered":"<p>El Gobierno de Asturias ha concedido este a\u00f1o ayudas por un valor de 7,5 millones para sufragar los costes salariales de la plantilla de trabajadores con discapacidad de los Centros Especiales de Empleo. En concreto, para el primer semestre se otorgaron casi 3,6 millones en ayudas y para el segundo, 3,9. La mayor\u00eda de estas [&hellip;]<\/p>\n","protected":false},"author":1,"featured_media":919279,"comment_status":"closed","ping_status":"closed","sticky":false,"template":"","format":"standard","meta":{"footnotes":""},"categories":[141],"tags":[],"class_list":["post-919286","post","type-post","status-publish","format-standard","has-post-thumbnail","hentry","category-destacadas"],"aioseo_notices":[],"aioseo_head":"\n\t\t<!-- All in One SEO Pro 4.9.6.2 - aioseo.com -->\n\t<meta name=\"description\" content=\"El Gobierno de Asturias ha concedido este a\u00f1o ayudas por un valor de 7,5 millones para sufragar los costes salariales de la plantilla de trabajadores con discapacidad de los Centros Especiales de Empleo. En concreto, para el primer semestre se otorgaron casi 3,6 millones en ayudas y para el segundo, 3,9. La mayor\u00eda de estas\" \/>\n\t<meta name=\"robots\" content=\"max-image-preview:large\" \/>\n\t<meta name=\"author\" content=\"El Digital de Asturias\"\/>\n\t<meta name=\"google-site-verification\" content=\"UA-38556648-1\" \/>\n\t<meta name=\"msvalidate.01\" content=\"7dfe9f3f1b24437ab69f4f2559babe99\" \/>\n\t<meta name=\"keywords\" content=\"destacadas\" \/>\n\t<link rel=\"canonical\" href=\"https:\/\/www.eldigitaldeasturias.com\/noticias\/el-principado-impulsa-la-insercion-laboral-de-personas-con-discapacidad\/\" \/>\n\t<meta name=\"generator\" content=\"All in One SEO Pro (AIOSEO) 4.9.6.2\" \/>\n\t\t<meta property=\"og:locale\" content=\"es_ES\" \/>\n\t\t<meta property=\"og:site_name\" content=\"El Digital de Asturias\" \/>\n\t\t<meta property=\"og:type\" content=\"article\" \/>\n\t\t<meta property=\"og:title\" content=\"El Principado impulsa la inserci\u00f3n laboral de personas con discapacidad - El Digital de Asturias\" \/>\n\t\t<meta property=\"og:description\" content=\"El Gobierno de Asturias ha concedido este a\u00f1o ayudas por un valor de 7,5 millones para sufragar los costes salariales de la plantilla de trabajadores con discapacidad de los Centros Especiales de Empleo. En concreto, para el primer semestre se otorgaron casi 3,6 millones en ayudas y para el segundo, 3,9. La mayor\u00eda de estas\" \/>\n\t\t<meta property=\"og:url\" content=\"https:\/\/www.eldigitaldeasturias.com\/noticias\/el-principado-impulsa-la-insercion-laboral-de-personas-con-discapacidad\/\" \/>\n\t\t<meta property=\"og:image\" content=\"https:\/\/www.eldigitaldeasturias.com\/noticias\/wp-content\/uploads\/2016\/12\/Consejo-Gobierno1.jpg\" \/>\n\t\t<meta property=\"og:image:secure_url\" content=\"https:\/\/www.eldigitaldeasturias.com\/noticias\/wp-content\/uploads\/2016\/12\/Consejo-Gobierno1.jpg\" \/>\n\t\t<meta property=\"og:image:width\" content=\"1280\" \/>\n\t\t<meta property=\"og:image:height\" content=\"853\" \/>\n\t\t<meta property=\"article:tag\" content=\"destacadas\" \/>\n\t\t<meta property=\"article:published_time\" content=\"2016-12-15T14:29:49+00:00\" \/>\n\t\t<meta property=\"article:modified_time\" content=\"2016-12-15T14:29:49+00:00\" \/>\n\t\t<meta property=\"article:publisher\" content=\"https:\/\/facebook.com\/eldigitaldeasturias\" \/>\n\t\t<meta name=\"twitter:card\" content=\"summary_large_image\" \/>\n\t\t<meta name=\"twitter:title\" content=\"El Principado impulsa la inserci\u00f3n laboral de personas con discapacidad - El Digital de Asturias\" \/>\n\t\t<meta name=\"twitter:description\" content=\"El Gobierno de Asturias ha concedido este a\u00f1o ayudas por un valor de 7,5 millones para sufragar los costes salariales de la plantilla de trabajadores con discapacidad de los Centros Especiales de Empleo. En concreto, para el primer semestre se otorgaron casi 3,6 millones en ayudas y para el segundo, 3,9. La mayor\u00eda de estas\" \/>\n\t\t<meta name=\"twitter:image\" content=\"https:\/\/www.eldigitaldeasturias.com\/noticias\/wp-content\/uploads\/2016\/12\/Consejo-Gobierno1.jpg\" \/>\n\t\t<meta name=\"twitter:label1\" content=\"Escrito por\" \/>\n\t\t<meta name=\"twitter:data1\" content=\"El Digital de Asturias\" \/>\n\t\t<meta name=\"twitter:label2\" content=\"Tiempo de lectura estimado\" \/>\n\t\t<meta name=\"twitter:data2\" content=\"1 minuto\" \/>\n\t\t<script type=\"application\/ld+json\" class=\"aioseo-schema\">\n\t\t\t{\"@context\":\"https:\\\/\\\/schema.org\",\"@graph\":[{\"@type\":\"BlogPosting\",\"@id\":\"https:\\\/\\\/www.eldigitaldeasturias.com\\\/noticias\\\/el-principado-impulsa-la-insercion-laboral-de-personas-con-discapacidad\\\/#blogposting\",\"name\":\"El Principado impulsa la inserci\\u00f3n laboral de personas con discapacidad - El Digital de Asturias\",\"headline\":\"El Principado impulsa la inserci\\u00f3n laboral de personas con discapacidad\",\"author\":{\"@id\":\"https:\\\/\\\/www.eldigitaldeasturias.com\\\/noticias\\\/author\\\/admin\\\/#author\"},\"publisher\":{\"@id\":\"https:\\\/\\\/www.eldigitaldeasturias.com\\\/noticias\\\/#organization\"},\"image\":{\"@type\":\"ImageObject\",\"url\":\"https:\\\/\\\/www.eldigitaldeasturias.com\\\/noticias\\\/wp-content\\\/uploads\\\/2016\\\/12\\\/Consejo-Gobierno1.jpg\",\"width\":1280,\"height\":853},\"datePublished\":\"2016-12-15T14:29:49+01:00\",\"dateModified\":\"2016-12-15T14:29:49+01:00\",\"inLanguage\":\"es-ES\",\"mainEntityOfPage\":{\"@id\":\"https:\\\/\\\/www.eldigitaldeasturias.com\\\/noticias\\\/el-principado-impulsa-la-insercion-laboral-de-personas-con-discapacidad\\\/#webpage\"},\"isPartOf\":{\"@id\":\"https:\\\/\\\/www.eldigitaldeasturias.com\\\/noticias\\\/el-principado-impulsa-la-insercion-laboral-de-personas-con-discapacidad\\\/#webpage\"},\"articleSection\":\"Destacadas\"},{\"@type\":\"BreadcrumbList\",\"@id\":\"https:\\\/\\\/www.eldigitaldeasturias.com\\\/noticias\\\/el-principado-impulsa-la-insercion-laboral-de-personas-con-discapacidad\\\/#breadcrumblist\",\"itemListElement\":[{\"@type\":\"ListItem\",\"@id\":\"https:\\\/\\\/www.eldigitaldeasturias.com\\\/noticias#listItem\",\"position\":1,\"name\":\"Home\",\"item\":\"https:\\\/\\\/www.eldigitaldeasturias.com\\\/noticias\",\"nextItem\":{\"@type\":\"ListItem\",\"@id\":\"https:\\\/\\\/www.eldigitaldeasturias.com\\\/noticias\\\/category\\\/destacadas\\\/#listItem\",\"name\":\"Destacadas\"}},{\"@type\":\"ListItem\",\"@id\":\"https:\\\/\\\/www.eldigitaldeasturias.com\\\/noticias\\\/category\\\/destacadas\\\/#listItem\",\"position\":2,\"name\":\"Destacadas\",\"item\":\"https:\\\/\\\/www.eldigitaldeasturias.com\\\/noticias\\\/category\\\/destacadas\\\/\",\"nextItem\":{\"@type\":\"ListItem\",\"@id\":\"https:\\\/\\\/www.eldigitaldeasturias.com\\\/noticias\\\/el-principado-impulsa-la-insercion-laboral-de-personas-con-discapacidad\\\/#listItem\",\"name\":\"El Principado impulsa la inserci\\u00f3n laboral de personas con discapacidad\"},\"previousItem\":{\"@type\":\"ListItem\",\"@id\":\"https:\\\/\\\/www.eldigitaldeasturias.com\\\/noticias#listItem\",\"name\":\"Home\"}},{\"@type\":\"ListItem\",\"@id\":\"https:\\\/\\\/www.eldigitaldeasturias.com\\\/noticias\\\/el-principado-impulsa-la-insercion-laboral-de-personas-con-discapacidad\\\/#listItem\",\"position\":3,\"name\":\"El Principado impulsa la inserci\\u00f3n laboral de personas con discapacidad\",\"previousItem\":{\"@type\":\"ListItem\",\"@id\":\"https:\\\/\\\/www.eldigitaldeasturias.com\\\/noticias\\\/category\\\/destacadas\\\/#listItem\",\"name\":\"Destacadas\"}}]},{\"@type\":\"Organization\",\"@id\":\"https:\\\/\\\/www.eldigitaldeasturias.com\\\/noticias\\\/#organization\",\"name\":\"El Digital de Asturias\",\"description\":\"Hemeroteca\",\"url\":\"https:\\\/\\\/www.eldigitaldeasturias.com\\\/noticias\\\/\",\"email\":\"info@eldigitaldeasturias.com\",\"telephone\":\"+34652131393\",\"logo\":{\"@type\":\"ImageObject\",\"url\":\"https:\\\/\\\/www.eldigitaldeasturias.com\\\/noticias\\\/wp-content\\\/uploads\\\/2020\\\/12\\\/EDA.jpg\",\"@id\":\"https:\\\/\\\/www.eldigitaldeasturias.com\\\/noticias\\\/el-principado-impulsa-la-insercion-laboral-de-personas-con-discapacidad\\\/#organizationLogo\",\"width\":649,\"height\":297},\"image\":{\"@id\":\"https:\\\/\\\/www.eldigitaldeasturias.com\\\/noticias\\\/el-principado-impulsa-la-insercion-laboral-de-personas-con-discapacidad\\\/#organizationLogo\"},\"sameAs\":[\"https:\\\/\\\/facebook.com\\\/eldigitaldeasturias\",\"https:\\\/\\\/www.youtube.com\\\/channel\\\/UCZP-2wLEB9Rv6erhFmqVnvg\"],\"address\":{\"@id\":\"https:\\\/\\\/www.eldigitaldeasturias.com\\\/noticias\\\/#postaladdress\",\"@type\":\"PostalAddress\",\"streetAddress\":\"san antonio 4,\",\"postalCode\":\"33430\",\"addressLocality\":\"Cand\\u00e1s\",\"addressRegion\":\"Asturias\",\"addressCountry\":\"ES\"}},{\"@type\":\"Person\",\"@id\":\"https:\\\/\\\/www.eldigitaldeasturias.com\\\/noticias\\\/author\\\/admin\\\/#author\",\"url\":\"https:\\\/\\\/www.eldigitaldeasturias.com\\\/noticias\\\/author\\\/admin\\\/\",\"name\":\"El Digital de Asturias\",\"image\":{\"@type\":\"ImageObject\",\"@id\":\"https:\\\/\\\/www.eldigitaldeasturias.com\\\/noticias\\\/el-principado-impulsa-la-insercion-laboral-de-personas-con-discapacidad\\\/#authorImage\",\"url\":\"https:\\\/\\\/www.eldigitaldeasturias.com\\\/noticias\\\/wp-content\\\/litespeed\\\/avatar\\\/18677e78aa0546b92d9dbf31ec7d7668.jpg?ver=1777290358\",\"width\":96,\"height\":96,\"caption\":\"El Digital de Asturias\"}},{\"@type\":\"WebPage\",\"@id\":\"https:\\\/\\\/www.eldigitaldeasturias.com\\\/noticias\\\/el-principado-impulsa-la-insercion-laboral-de-personas-con-discapacidad\\\/#webpage\",\"url\":\"https:\\\/\\\/www.eldigitaldeasturias.com\\\/noticias\\\/el-principado-impulsa-la-insercion-laboral-de-personas-con-discapacidad\\\/\",\"name\":\"El Principado impulsa la inserci\\u00f3n laboral de personas con discapacidad - El Digital de Asturias\",\"description\":\"El Gobierno de Asturias ha concedido este a\\u00f1o ayudas por un valor de 7,5 millones para sufragar los costes salariales de la plantilla de trabajadores con discapacidad de los Centros Especiales de Empleo. En concreto, para el primer semestre se otorgaron casi 3,6 millones en ayudas y para el segundo, 3,9. La mayor\\u00eda de estas\",\"inLanguage\":\"es-ES\",\"isPartOf\":{\"@id\":\"https:\\\/\\\/www.eldigitaldeasturias.com\\\/noticias\\\/#website\"},\"breadcrumb\":{\"@id\":\"https:\\\/\\\/www.eldigitaldeasturias.com\\\/noticias\\\/el-principado-impulsa-la-insercion-laboral-de-personas-con-discapacidad\\\/#breadcrumblist\"},\"author\":{\"@id\":\"https:\\\/\\\/www.eldigitaldeasturias.com\\\/noticias\\\/author\\\/admin\\\/#author\"},\"creator\":{\"@id\":\"https:\\\/\\\/www.eldigitaldeasturias.com\\\/noticias\\\/author\\\/admin\\\/#author\"},\"image\":{\"@type\":\"ImageObject\",\"url\":\"https:\\\/\\\/www.eldigitaldeasturias.com\\\/noticias\\\/wp-content\\\/uploads\\\/2016\\\/12\\\/Consejo-Gobierno1.jpg\",\"@id\":\"https:\\\/\\\/www.eldigitaldeasturias.com\\\/noticias\\\/el-principado-impulsa-la-insercion-laboral-de-personas-con-discapacidad\\\/#mainImage\",\"width\":1280,\"height\":853},\"primaryImageOfPage\":{\"@id\":\"https:\\\/\\\/www.eldigitaldeasturias.com\\\/noticias\\\/el-principado-impulsa-la-insercion-laboral-de-personas-con-discapacidad\\\/#mainImage\"},\"datePublished\":\"2016-12-15T14:29:49+01:00\",\"dateModified\":\"2016-12-15T14:29:49+01:00\"},{\"@type\":\"WebSite\",\"@id\":\"https:\\\/\\\/www.eldigitaldeasturias.com\\\/noticias\\\/#website\",\"url\":\"https:\\\/\\\/www.eldigitaldeasturias.com\\\/noticias\\\/\",\"name\":\"El Digital de Asturias - Diario de actualidad y noticias\",\"alternateName\":\"El Digital de Asturias - Diario de actualidad y noticias\",\"description\":\"Hemeroteca\",\"inLanguage\":\"es-ES\",\"publisher\":{\"@id\":\"https:\\\/\\\/www.eldigitaldeasturias.com\\\/noticias\\\/#organization\"}}]}\n\t\t<\/script>\n\t\t<!-- All in One SEO Pro -->\r\n\t\t<title>El Principado impulsa la inserci\u00f3n laboral de personas con discapacidad - El Digital de Asturias<\/title>\n\n","aioseo_head_json":{"title":"El Principado impulsa la inserci\u00f3n laboral de personas con discapacidad - El Digital de Asturias","description":"El Gobierno de Asturias ha concedido este a\u00f1o ayudas por un valor de 7,5 millones para sufragar los costes salariales de la plantilla de trabajadores con discapacidad de los Centros Especiales de Empleo. En concreto, para el primer semestre se otorgaron casi 3,6 millones en ayudas y para el segundo, 3,9. La mayor\u00eda de estas","canonical_url":"https:\/\/www.eldigitaldeasturias.com\/noticias\/el-principado-impulsa-la-insercion-laboral-de-personas-con-discapacidad\/","robots":"max-image-preview:large","keywords":"destacadas","webmasterTools":{"google-site-verification":"UA-38556648-1","msvalidate.01":"7dfe9f3f1b24437ab69f4f2559babe99","miscellaneous":""},"schema":{"@context":"https:\/\/schema.org","@graph":[{"@type":"BlogPosting","@id":"https:\/\/www.eldigitaldeasturias.com\/noticias\/el-principado-impulsa-la-insercion-laboral-de-personas-con-discapacidad\/#blogposting","name":"El Principado impulsa la inserci\u00f3n laboral de personas con discapacidad - El Digital de Asturias","headline":"El Principado impulsa la inserci\u00f3n laboral de personas con discapacidad","author":{"@id":"https:\/\/www.eldigitaldeasturias.com\/noticias\/author\/admin\/#author"},"publisher":{"@id":"https:\/\/www.eldigitaldeasturias.com\/noticias\/#organization"},"image":{"@type":"ImageObject","url":"https:\/\/www.eldigitaldeasturias.com\/noticias\/wp-content\/uploads\/2016\/12\/Consejo-Gobierno1.jpg","width":1280,"height":853},"datePublished":"2016-12-15T14:29:49+01:00","dateModified":"2016-12-15T14:29:49+01:00","inLanguage":"es-ES","mainEntityOfPage":{"@id":"https:\/\/www.eldigitaldeasturias.com\/noticias\/el-principado-impulsa-la-insercion-laboral-de-personas-con-discapacidad\/#webpage"},"isPartOf":{"@id":"https:\/\/www.eldigitaldeasturias.com\/noticias\/el-principado-impulsa-la-insercion-laboral-de-personas-con-discapacidad\/#webpage"},"articleSection":"Destacadas"},{"@type":"BreadcrumbList","@id":"https:\/\/www.eldigitaldeasturias.com\/noticias\/el-principado-impulsa-la-insercion-laboral-de-personas-con-discapacidad\/#breadcrumblist","itemListElement":[{"@type":"ListItem","@id":"https:\/\/www.eldigitaldeasturias.com\/noticias#listItem","position":1,"name":"Home","item":"https:\/\/www.eldigitaldeasturias.com\/noticias","nextItem":{"@type":"ListItem","@id":"https:\/\/www.eldigitaldeasturias.com\/noticias\/category\/destacadas\/#listItem","name":"Destacadas"}},{"@type":"ListItem","@id":"https:\/\/www.eldigitaldeasturias.com\/noticias\/category\/destacadas\/#listItem","position":2,"name":"Destacadas","item":"https:\/\/www.eldigitaldeasturias.com\/noticias\/category\/destacadas\/","nextItem":{"@type":"ListItem","@id":"https:\/\/www.eldigitaldeasturias.com\/noticias\/el-principado-impulsa-la-insercion-laboral-de-personas-con-discapacidad\/#listItem","name":"El Principado impulsa la inserci\u00f3n laboral de personas con discapacidad"},"previousItem":{"@type":"ListItem","@id":"https:\/\/www.eldigitaldeasturias.com\/noticias#listItem","name":"Home"}},{"@type":"ListItem","@id":"https:\/\/www.eldigitaldeasturias.com\/noticias\/el-principado-impulsa-la-insercion-laboral-de-personas-con-discapacidad\/#listItem","position":3,"name":"El Principado impulsa la inserci\u00f3n laboral de personas con discapacidad","previousItem":{"@type":"ListItem","@id":"https:\/\/www.eldigitaldeasturias.com\/noticias\/category\/destacadas\/#listItem","name":"Destacadas"}}]},{"@type":"Organization","@id":"https:\/\/www.eldigitaldeasturias.com\/noticias\/#organization","name":"El Digital de Asturias","description":"Hemeroteca","url":"https:\/\/www.eldigitaldeasturias.com\/noticias\/","email":"info@eldigitaldeasturias.com","telephone":"+34652131393","logo":{"@type":"ImageObject","url":"https:\/\/www.eldigitaldeasturias.com\/noticias\/wp-content\/uploads\/2020\/12\/EDA.jpg","@id":"https:\/\/www.eldigitaldeasturias.com\/noticias\/el-principado-impulsa-la-insercion-laboral-de-personas-con-discapacidad\/#organizationLogo","width":649,"height":297},"image":{"@id":"https:\/\/www.eldigitaldeasturias.com\/noticias\/el-principado-impulsa-la-insercion-laboral-de-personas-con-discapacidad\/#organizationLogo"},"sameAs":["https:\/\/facebook.com\/eldigitaldeasturias","https:\/\/www.youtube.com\/channel\/UCZP-2wLEB9Rv6erhFmqVnvg"],"address":{"@id":"https:\/\/www.eldigitaldeasturias.com\/noticias\/#postaladdress","@type":"PostalAddress","streetAddress":"san antonio 4,","postalCode":"33430","addressLocality":"Cand\u00e1s","addressRegion":"Asturias","addressCountry":"ES"}},{"@type":"Person","@id":"https:\/\/www.eldigitaldeasturias.com\/noticias\/author\/admin\/#author","url":"https:\/\/www.eldigitaldeasturias.com\/noticias\/author\/admin\/","name":"El Digital de Asturias","image":{"@type":"ImageObject","@id":"https:\/\/www.eldigitaldeasturias.com\/noticias\/el-principado-impulsa-la-insercion-laboral-de-personas-con-discapacidad\/#authorImage","url":"https:\/\/www.eldigitaldeasturias.com\/noticias\/wp-content\/litespeed\/avatar\/18677e78aa0546b92d9dbf31ec7d7668.jpg?ver=1777290358","width":96,"height":96,"caption":"El Digital de Asturias"}},{"@type":"WebPage","@id":"https:\/\/www.eldigitaldeasturias.com\/noticias\/el-principado-impulsa-la-insercion-laboral-de-personas-con-discapacidad\/#webpage","url":"https:\/\/www.eldigitaldeasturias.com\/noticias\/el-principado-impulsa-la-insercion-laboral-de-personas-con-discapacidad\/","name":"El Principado impulsa la inserci\u00f3n laboral de personas con discapacidad - El Digital de Asturias","description":"El Gobierno de Asturias ha concedido este a\u00f1o ayudas por un valor de 7,5 millones para sufragar los costes salariales de la plantilla de trabajadores con discapacidad de los Centros Especiales de Empleo. En concreto, para el primer semestre se otorgaron casi 3,6 millones en ayudas y para el segundo, 3,9. La mayor\u00eda de estas","inLanguage":"es-ES","isPartOf":{"@id":"https:\/\/www.eldigitaldeasturias.com\/noticias\/#website"},"breadcrumb":{"@id":"https:\/\/www.eldigitaldeasturias.com\/noticias\/el-principado-impulsa-la-insercion-laboral-de-personas-con-discapacidad\/#breadcrumblist"},"author":{"@id":"https:\/\/www.eldigitaldeasturias.com\/noticias\/author\/admin\/#author"},"creator":{"@id":"https:\/\/www.eldigitaldeasturias.com\/noticias\/author\/admin\/#author"},"image":{"@type":"ImageObject","url":"https:\/\/www.eldigitaldeasturias.com\/noticias\/wp-content\/uploads\/2016\/12\/Consejo-Gobierno1.jpg","@id":"https:\/\/www.eldigitaldeasturias.com\/noticias\/el-principado-impulsa-la-insercion-laboral-de-personas-con-discapacidad\/#mainImage","width":1280,"height":853},"primaryImageOfPage":{"@id":"https:\/\/www.eldigitaldeasturias.com\/noticias\/el-principado-impulsa-la-insercion-laboral-de-personas-con-discapacidad\/#mainImage"},"datePublished":"2016-12-15T14:29:49+01:00","dateModified":"2016-12-15T14:29:49+01:00"},{"@type":"WebSite","@id":"https:\/\/www.eldigitaldeasturias.com\/noticias\/#website","url":"https:\/\/www.eldigitaldeasturias.com\/noticias\/","name":"El Digital de Asturias - Diario de actualidad y noticias","alternateName":"El Digital de Asturias - Diario de actualidad y noticias","description":"Hemeroteca","inLanguage":"es-ES","publisher":{"@id":"https:\/\/www.eldigitaldeasturias.com\/noticias\/#organization"}}]},"og:locale":"es_ES","og:site_name":"El Digital de Asturias","og:type":"article","og:title":"El Principado impulsa la inserci\u00f3n laboral de personas con discapacidad - El Digital de Asturias","og:description":"El Gobierno de Asturias ha concedido este a\u00f1o ayudas por un valor de 7,5 millones para sufragar los costes salariales de la plantilla de trabajadores con discapacidad de los Centros Especiales de Empleo. En concreto, para el primer semestre se otorgaron casi 3,6 millones en ayudas y para el segundo, 3,9. La mayor\u00eda de estas","og:url":"https:\/\/www.eldigitaldeasturias.com\/noticias\/el-principado-impulsa-la-insercion-laboral-de-personas-con-discapacidad\/","og:image":"https:\/\/www.eldigitaldeasturias.com\/noticias\/wp-content\/uploads\/2016\/12\/Consejo-Gobierno1.jpg","og:image:secure_url":"https:\/\/www.eldigitaldeasturias.com\/noticias\/wp-content\/uploads\/2016\/12\/Consejo-Gobierno1.jpg","og:image:width":1280,"og:image:height":853,"article:tag":["destacadas"],"article:published_time":"2016-12-15T14:29:49+00:00","article:modified_time":"2016-12-15T14:29:49+00:00","article:publisher":"https:\/\/facebook.com\/eldigitaldeasturias","twitter:card":"summary_large_image","twitter:title":"El Principado impulsa la inserci\u00f3n laboral de personas con discapacidad - El Digital de Asturias","twitter:description":"El Gobierno de Asturias ha concedido este a\u00f1o ayudas por un valor de 7,5 millones para sufragar los costes salariales de la plantilla de trabajadores con discapacidad de los Centros Especiales de Empleo. En concreto, para el primer semestre se otorgaron casi 3,6 millones en ayudas y para el segundo, 3,9. La mayor\u00eda de estas","twitter:image":"https:\/\/www.eldigitaldeasturias.com\/noticias\/wp-content\/uploads\/2016\/12\/Consejo-Gobierno1.jpg","twitter:label1":"Escrito por","twitter:data1":"El Digital de Asturias","twitter:label2":"Tiempo de lectura estimado","twitter:data2":"1 minuto"},"aioseo_meta_data":{"post_id":"919286","title":null,"description":null,"keywords":null,"keyphrases":null,"primary_term":null,"canonical_url":null,"og_title":null,"og_description":null,"og_object_type":"default","og_image_type":"default","og_image_url":null,"og_image_width":null,"og_image_height":null,"og_image_custom_url":null,"og_image_custom_fields":null,"og_video":null,"og_custom_url":null,"og_article_section":null,"og_article_tags":null,"twitter_use_og":false,"twitter_card":"default","twitter_image_type":"default","twitter_image_url":null,"twitter_image_custom_url":null,"twitter_image_custom_fields":null,"twitter_title":null,"twitter_description":null,"schema":{"blockGraphs":[],"customGraphs":[],"default":{"data":{"Article":[],"Course":[],"Dataset":[],"FAQPage":[],"Movie":[],"Person":[],"Product":[],"ProductReview":[],"Car":[],"Recipe":[],"Service":[],"SoftwareApplication":[],"WebPage":[]},"graphName":"","isEnabled":true},"graphs":[],"defaultGraph":"","defaultPostTypeGraph":""},"schema_type":null,"schema_type_options":null,"pillar_content":false,"robots_default":true,"robots_noindex":false,"robots_noarchive":false,"robots_nosnippet":false,"robots_nofollow":false,"robots_noimageindex":false,"robots_noodp":false,"robots_notranslate":false,"robots_max_snippet":null,"robots_max_videopreview":null,"robots_max_imagepreview":"large","priority":null,"frequency":null,"local_seo":null,"seo_analyzer_scan_date":"2025-12-02 06:11:04","breadcrumb_settings":null,"limit_modified_date":false,"open_ai":null,"ai":null,"created":"2020-12-21 13:50:46","updated":"2025-12-02 06:11:04"},"aioseo_breadcrumb":"<div class=\"aioseo-breadcrumbs\"><span class=\"aioseo-breadcrumb\">\n\t<a href=\"https:\/\/www.eldigitaldeasturias.com\/noticias\" title=\"Home\">Home<\/a>\n<\/span><span class=\"aioseo-breadcrumb-separator\">\u2013<\/span><span class=\"aioseo-breadcrumb\">\n\t<a href=\"https:\/\/www.eldigitaldeasturias.com\/noticias\/category\/destacadas\/\" title=\"Destacadas\">Destacadas<\/a>\n<\/span><span class=\"aioseo-breadcrumb-separator\">\u2013<\/span><span class=\"aioseo-breadcrumb\">\n\t<a href=\"https:\/\/www.eldigitaldeasturias.com\/noticias\/el-principado-impulsa-la-insercion-laboral-de-personas-con-discapacidad\/\" title=\"El Principado impulsa la inserci\u00f3n laboral de personas con discapacidad\">El Principado impulsa la inserci\u00f3n laboral de personas con discapacidad<\/a>\n<\/span><\/div>","aioseo_breadcrumb_json":[{"label":"Home","link":"https:\/\/www.eldigitaldeasturias.com\/noticias"},{"label":"Destacadas","link":"https:\/\/www.eldigitaldeasturias.com\/noticias\/category\/destacadas\/"},{"label":"El Principado impulsa la inserci\u00f3n laboral de personas con discapacidad","link":"https:\/\/www.eldigitaldeasturias.com\/noticias\/el-principado-impulsa-la-insercion-laboral-de-personas-con-discapacidad\/"}],"_links":{"self":[{"href":"https:\/\/www.eldigitaldeasturias.com\/noticias\/wp-json\/wp\/v2\/posts\/919286","targetHints":{"allow":["GET"]}}],"collection":[{"href":"https:\/\/www.eldigitaldeasturias.com\/noticias\/wp-json\/wp\/v2\/posts"}],"about":[{"href":"https:\/\/www.eldigitaldeasturias.com\/noticias\/wp-json\/wp\/v2\/types\/post"}],"author":[{"embeddable":true,"href":"https:\/\/www.eldigitaldeasturias.com\/noticias\/wp-json\/wp\/v2\/users\/1"}],"replies":[{"embeddable":true,"href":"https:\/\/www.eldigitaldeasturias.com\/noticias\/wp-json\/wp\/v2\/comments?post=919286"}],"version-history":[{"count":0,"href":"https:\/\/www.eldigitaldeasturias.com\/noticias\/wp-json\/wp\/v2\/posts\/919286\/revisions"}],"wp:featuredmedia":[{"embeddable":true,"href":"https:\/\/www.eldigitaldeasturias.com\/noticias\/wp-json\/wp\/v2\/media\/919279"}],"wp:attachment":[{"href":"https:\/\/www.eldigitaldeasturias.com\/noticias\/wp-json\/wp\/v2\/media?parent=919286"}],"wp:term":[{"taxonomy":"category","embeddable":true,"href":"https:\/\/www.eldigitaldeasturias.com\/noticias\/wp-json\/wp\/v2\/categories?post=919286"},{"taxonomy":"post_tag","embeddable":true,"href":"https:\/\/www.eldigitaldeasturias.com\/noticias\/wp-json\/wp\/v2\/tags?post=919286"}],"curies":[{"name":"wp","href":"https:\/\/api.w.org\/{rel}","templated":true}]}}