{"id":919220,"date":"2016-12-13T19:50:10","date_gmt":"2016-12-13T19:50:10","guid":{"rendered":"http:\/\/www.eldigitaldeasturias.com\/noticias\/?p=919220"},"modified":"2016-12-19T00:47:44","modified_gmt":"2016-12-19T00:47:44","slug":"dolores-carcedo-presenta-el-presupuesto-de-su-consejeria-para-el-2017","status":"publish","type":"post","link":"https:\/\/www.eldigitaldeasturias.com\/noticias\/dolores-carcedo-presenta-el-presupuesto-de-su-consejeria-para-el-2017\/","title":{"rendered":"Dolores Carcedo presenta el presupuesto de su Consejer\u00eda para el 2017"},"content":{"rendered":"<p><img loading=\"lazy\" decoding=\"async\" class=\"alignleft size-medium wp-image-874023\" src=\"https:\/\/www.eldigitaldeasturias.com\/noticias\/wp-content\/uploads\/2016\/04\/2016_04_14-D-Carcedo-en-JGPA-2-360x227.jpg\" alt=\"2016_04_14 D Carcedo en JGPA 2\" width=\"360\" height=\"227\" srcset=\"https:\/\/www.eldigitaldeasturias.com\/noticias\/wp-content\/uploads\/2016\/04\/2016_04_14-D-Carcedo-en-JGPA-2-360x227.jpg 360w, https:\/\/www.eldigitaldeasturias.com\/noticias\/wp-content\/uploads\/2016\/04\/2016_04_14-D-Carcedo-en-JGPA-2-768x484.jpg 768w, https:\/\/www.eldigitaldeasturias.com\/noticias\/wp-content\/uploads\/2016\/04\/2016_04_14-D-Carcedo-en-JGPA-2-650x409.jpg 650w, https:\/\/www.eldigitaldeasturias.com\/noticias\/wp-content\/uploads\/2016\/04\/2016_04_14-D-Carcedo-en-JGPA-2-49x32.jpg 49w\" sizes=\"auto, (max-width: 360px) 100vw, 360px\" \/>La consejera de Hacienda y Sector P\u00fablico, Dolores Carcedo, ha cerrado esta tarde en la Junta General del Principado la ronda de comparecencias de presentaci\u00f3n del Proyecto de Presupuestos Generales del Principado para el pr\u00f3ximo a\u00f1o.<\/p>\n<p>Durante su intervenci\u00f3n, ha cifrado en 67.932.745 euros la dotaci\u00f3n de su departamento, lo que supone un 2,48% m\u00e1s que en el proyecto de 2016. Su presupuesto pivotar\u00e1 sobre tres ejes principales: empleo p\u00fablico, inversiones en el cap\u00edtulo de patrimonio y apoyo a los concejos.<\/p>\n<p>En lo que se refiere al empleo p\u00fablico, la consejera ha recordado que el presupuesto para 2017 refleja la paulatina recuperaci\u00f3n de derechos por parte de los empleados p\u00fablicos. As\u00ed, el pr\u00f3ximo enero se abonar\u00e1 el cuarto y \u00faltimo tramo de la paga extra de 2012.<\/p>\n<p>Carcedo ha indicado que las cuentas tambi\u00e9n prev\u00e9n adecuar las retribuciones de los empleados p\u00fablicos al incremento que se apruebe en la Ley de Presupuestos Generales del Estad, adem\u00e1s de dar cobertura a la paulatina recuperaci\u00f3n de los d\u00edas ligados a la antig\u00fcedad. Con motivo del inicio de las convocatorias de las ofertas de empleo p\u00fablico, el presupuesto del Instituto de Administraci\u00f3n P\u00fablica Adolfo Posada aumentar\u00e1 un 44% en materia de selecci\u00f3n con respecto a 2016.<\/p>\n<p>Esta subida permitir\u00e1 el desarrollo de 15 procesos de selecci\u00f3n para 181 plazas durante el a\u00f1o que viene. En el \u00e1mbito de la formaci\u00f3n, se seguir\u00e1 ampliando la oferta formativa del Instituto Adolfo Posada con el objetivo de llegar en 2017 a las 1.034 acciones, 37 m\u00e1s que en 2016. En lo que se refiere a 2017, Carcedo ha anunciado que la nueva oferta de empleo contar\u00e1, con un m\u00ednimo, de 140 plazas.<\/p>\n<p><strong>M\u00e1s apoyo a los municipios<\/strong><\/p>\n<p>La colaboraci\u00f3n con los concejos es otra de las l\u00edneas principales de actuaci\u00f3n de la consejer\u00eda de Hacienda. El Fondo de Cooperaci\u00f3n Municipal experimenta una subida con respecto al proyecto de 2016 hasta llegar a los 6.180.000 euros, 180.000 euros m\u00e1s. Los concejos m\u00e1s peque\u00f1os contar\u00e1n un a\u00f1o m\u00e1s con el Programa de Obras y Servicios, que dispondr\u00e1 de una dotaci\u00f3n de 2,3 millones de euros.<\/p>\n<p>Para 2017 se mantienen las l\u00edneas habituales de subvenciones, con 182.500 euros reservados para las mancomunidades y 42.900 euros para las parroquias.<\/p>\n<p>La Federaci\u00f3n Asturiana de Concejos (FACC) dispondr\u00e1 de 66.000 euros, mientras que la Federaci\u00f3n Asturiana de Parroquias Rurales recibir\u00e1 40.000 euros y Cavastur 10.000 euros. Para la rehabilitaci\u00f3n de casas consistoriales se destinar\u00e1n 450.000 euros.<\/p>\n<p><strong>Inversi\u00f3n en patrimonio<\/strong><\/p>\n<p>Otra de las prioridades de la consejer\u00eda tiene relaci\u00f3n con el incremento del cap\u00edtulo de inversiones para la mejora del patrimonio, que alcanzar\u00e1 los 3,3 millones, dos m\u00e1s que en 2016.<\/p>\n<p>La consejera ha destacado que la mitad de este aumento proviene del ahorro conseguido gracias a las actuaciones realizadas en eficiencia energ\u00e9tica. La mayor inversi\u00f3n prevista para el a\u00f1o que viene es la adecuaci\u00f3n, ya iniciada, del Edificio de Servicios Administrativos del Principado en Gij\u00f3n, ubicado en los antiguos juzgados de Poniente, y que abrir\u00e1 sus puertas a mediados de 2018. Para estas obras existe una asignaci\u00f3n de 1,6 millones.<\/p>\n<p>Tambi\u00e9n en lo que se refiere a edificios administrativos, en 2017 est\u00e1 previsto que se inicien las obras de mejora de la consejer\u00eda de Educaci\u00f3n. En materia de inversiones en sedes judiciales, el presupuesto contempla varias actuaciones. As\u00ed, existe una dotaci\u00f3n de 600.000 euros para el inicio de las obras del nuevo juzgado de Vald\u00e9s, mientras que a lo largo del a\u00f1o finalizar\u00e1n los trabajos de los juzgados de Pilo\u00f1a.<\/p>\n<p>Tambi\u00e9n hay actuaciones previstas en las sedes de Langreo, donde se mejorar\u00e1 la iluminaci\u00f3n y la accesibilidad, y en Avil\u00e9s, donde se intervendr\u00e1 en la fachada y la carpinter\u00eda. Igualmente, se contemplan peque\u00f1os trabajos en las sedes de Pravia, Cangas del Narcea y Grado. Entre las previsiones para 2017 se encuentra la redacci\u00f3n del proyecto de la mejora de la sede del Tribunal Superior de Justicia de Asturias.<\/p>\n<p><strong>Ejecuci\u00f3n presupuestaria<\/strong><\/p>\n<p>Dolores Carcedo ha expuesto tambi\u00e9n las cifras relativas a los niveles de ejecuci\u00f3n presupuestaria correspondientes al a\u00f1o pasado. Por cuarto a\u00f1o consecutivo, la ejecuci\u00f3n de 2015 se cerr\u00f3 en unos niveles por encima de la media de a\u00f1os anteriores, tanto en el cap\u00edtulo de ingresos como de gastos. En el cap\u00edtulo de ingresos, por su parte, la ejecuci\u00f3n fue del 98,1%, mientras que en la de gastos se alcanz\u00f3 el 95,8%. La ejecuci\u00f3n del actual ejercicio, a 30 de noviembre, se situaba en el 79,7% el cap\u00edtulo de gastos, mientras que en los ingresos asciende al 88%.<\/p>\n","protected":false},"excerpt":{"rendered":"<p>La consejera de Hacienda y Sector P\u00fablico, Dolores Carcedo, ha cerrado esta tarde en la Junta General del Principado la ronda de comparecencias de presentaci\u00f3n del Proyecto de Presupuestos Generales del Principado para el pr\u00f3ximo a\u00f1o. Durante su intervenci\u00f3n, ha cifrado en 67.932.745 euros la dotaci\u00f3n de su departamento, lo que supone un 2,48% m\u00e1s [&hellip;]<\/p>\n","protected":false},"author":1,"featured_media":874023,"comment_status":"closed","ping_status":"closed","sticky":false,"template":"","format":"standard","meta":{"footnotes":""},"categories":[141],"tags":[],"class_list":["post-919220","post","type-post","status-publish","format-standard","has-post-thumbnail","hentry","category-destacadas"],"aioseo_notices":[],"aioseo_head":"\n\t\t<!-- All in One SEO Pro 4.9.6.2 - aioseo.com -->\n\t<meta name=\"description\" content=\"La consejera de Hacienda y Sector P\u00fablico, Dolores Carcedo, ha cerrado esta tarde en la Junta General del Principado la ronda de comparecencias de presentaci\u00f3n del Proyecto de Presupuestos Generales del Principado para el pr\u00f3ximo a\u00f1o. Durante su intervenci\u00f3n, ha cifrado en 67.932.745 euros la dotaci\u00f3n de su departamento, lo que supone un 2,48% m\u00e1s\" \/>\n\t<meta name=\"robots\" content=\"max-image-preview:large\" \/>\n\t<meta name=\"author\" content=\"El Digital de Asturias\"\/>\n\t<meta name=\"google-site-verification\" content=\"UA-38556648-1\" \/>\n\t<meta name=\"msvalidate.01\" content=\"7dfe9f3f1b24437ab69f4f2559babe99\" \/>\n\t<meta name=\"keywords\" content=\"destacadas\" \/>\n\t<link rel=\"canonical\" href=\"https:\/\/www.eldigitaldeasturias.com\/noticias\/dolores-carcedo-presenta-el-presupuesto-de-su-consejeria-para-el-2017\/\" \/>\n\t<meta name=\"generator\" content=\"All in One SEO Pro (AIOSEO) 4.9.6.2\" \/>\n\t\t<meta property=\"og:locale\" content=\"es_ES\" \/>\n\t\t<meta property=\"og:site_name\" content=\"El Digital de Asturias\" \/>\n\t\t<meta property=\"og:type\" content=\"article\" \/>\n\t\t<meta property=\"og:title\" content=\"Dolores Carcedo presenta el presupuesto de su Consejer\u00eda para el 2017 - El Digital de Asturias\" \/>\n\t\t<meta property=\"og:description\" content=\"La consejera de Hacienda y Sector P\u00fablico, Dolores Carcedo, ha cerrado esta tarde en la Junta General del Principado la ronda de comparecencias de presentaci\u00f3n del Proyecto de Presupuestos Generales del Principado para el pr\u00f3ximo a\u00f1o. Durante su intervenci\u00f3n, ha cifrado en 67.932.745 euros la dotaci\u00f3n de su departamento, lo que supone un 2,48% m\u00e1s\" \/>\n\t\t<meta property=\"og:url\" content=\"https:\/\/www.eldigitaldeasturias.com\/noticias\/dolores-carcedo-presenta-el-presupuesto-de-su-consejeria-para-el-2017\/\" \/>\n\t\t<meta property=\"og:image\" content=\"https:\/\/www.eldigitaldeasturias.com\/noticias\/wp-content\/uploads\/2016\/04\/2016_04_14-D-Carcedo-en-JGPA-2.jpg\" \/>\n\t\t<meta property=\"og:image:secure_url\" content=\"https:\/\/www.eldigitaldeasturias.com\/noticias\/wp-content\/uploads\/2016\/04\/2016_04_14-D-Carcedo-en-JGPA-2.jpg\" \/>\n\t\t<meta property=\"og:image:width\" content=\"3040\" \/>\n\t\t<meta property=\"og:image:height\" content=\"1915\" \/>\n\t\t<meta property=\"article:tag\" content=\"destacadas\" \/>\n\t\t<meta property=\"article:published_time\" content=\"2016-12-13T19:50:10+00:00\" \/>\n\t\t<meta property=\"article:modified_time\" content=\"2016-12-19T00:47:44+00:00\" \/>\n\t\t<meta property=\"article:publisher\" content=\"https:\/\/facebook.com\/eldigitaldeasturias\" \/>\n\t\t<meta name=\"twitter:card\" content=\"summary_large_image\" \/>\n\t\t<meta name=\"twitter:title\" content=\"Dolores Carcedo presenta el presupuesto de su Consejer\u00eda para el 2017 - El Digital de Asturias\" \/>\n\t\t<meta name=\"twitter:description\" content=\"La consejera de Hacienda y Sector P\u00fablico, Dolores Carcedo, ha cerrado esta tarde en la Junta General del Principado la ronda de comparecencias de presentaci\u00f3n del Proyecto de Presupuestos Generales del Principado para el pr\u00f3ximo a\u00f1o. Durante su intervenci\u00f3n, ha cifrado en 67.932.745 euros la dotaci\u00f3n de su departamento, lo que supone un 2,48% m\u00e1s\" \/>\n\t\t<meta name=\"twitter:image\" content=\"https:\/\/www.eldigitaldeasturias.com\/noticias\/wp-content\/uploads\/2016\/04\/2016_04_14-D-Carcedo-en-JGPA-2.jpg\" \/>\n\t\t<meta name=\"twitter:label1\" content=\"Escrito por\" \/>\n\t\t<meta name=\"twitter:data1\" content=\"El Digital de Asturias\" \/>\n\t\t<meta name=\"twitter:label2\" content=\"Tiempo de lectura estimado\" \/>\n\t\t<meta name=\"twitter:data2\" content=\"4 minutos\" \/>\n\t\t<script type=\"application\/ld+json\" class=\"aioseo-schema\">\n\t\t\t{\"@context\":\"https:\\\/\\\/schema.org\",\"@graph\":[{\"@type\":\"BlogPosting\",\"@id\":\"https:\\\/\\\/www.eldigitaldeasturias.com\\\/noticias\\\/dolores-carcedo-presenta-el-presupuesto-de-su-consejeria-para-el-2017\\\/#blogposting\",\"name\":\"Dolores Carcedo presenta el presupuesto de su Consejer\\u00eda para el 2017 - El Digital de Asturias\",\"headline\":\"Dolores Carcedo presenta el presupuesto de su Consejer\\u00eda para el 2017\",\"author\":{\"@id\":\"https:\\\/\\\/www.eldigitaldeasturias.com\\\/noticias\\\/author\\\/admin\\\/#author\"},\"publisher\":{\"@id\":\"https:\\\/\\\/www.eldigitaldeasturias.com\\\/noticias\\\/#organization\"},\"image\":{\"@type\":\"ImageObject\",\"url\":\"https:\\\/\\\/www.eldigitaldeasturias.com\\\/noticias\\\/wp-content\\\/uploads\\\/2016\\\/04\\\/2016_04_14-D-Carcedo-en-JGPA-2.jpg\",\"width\":3040,\"height\":1915},\"datePublished\":\"2016-12-13T19:50:10+01:00\",\"dateModified\":\"2016-12-19T00:47:44+01:00\",\"inLanguage\":\"es-ES\",\"mainEntityOfPage\":{\"@id\":\"https:\\\/\\\/www.eldigitaldeasturias.com\\\/noticias\\\/dolores-carcedo-presenta-el-presupuesto-de-su-consejeria-para-el-2017\\\/#webpage\"},\"isPartOf\":{\"@id\":\"https:\\\/\\\/www.eldigitaldeasturias.com\\\/noticias\\\/dolores-carcedo-presenta-el-presupuesto-de-su-consejeria-para-el-2017\\\/#webpage\"},\"articleSection\":\"Destacadas\"},{\"@type\":\"BreadcrumbList\",\"@id\":\"https:\\\/\\\/www.eldigitaldeasturias.com\\\/noticias\\\/dolores-carcedo-presenta-el-presupuesto-de-su-consejeria-para-el-2017\\\/#breadcrumblist\",\"itemListElement\":[{\"@type\":\"ListItem\",\"@id\":\"https:\\\/\\\/www.eldigitaldeasturias.com\\\/noticias#listItem\",\"position\":1,\"name\":\"Home\",\"item\":\"https:\\\/\\\/www.eldigitaldeasturias.com\\\/noticias\",\"nextItem\":{\"@type\":\"ListItem\",\"@id\":\"https:\\\/\\\/www.eldigitaldeasturias.com\\\/noticias\\\/category\\\/destacadas\\\/#listItem\",\"name\":\"Destacadas\"}},{\"@type\":\"ListItem\",\"@id\":\"https:\\\/\\\/www.eldigitaldeasturias.com\\\/noticias\\\/category\\\/destacadas\\\/#listItem\",\"position\":2,\"name\":\"Destacadas\",\"item\":\"https:\\\/\\\/www.eldigitaldeasturias.com\\\/noticias\\\/category\\\/destacadas\\\/\",\"nextItem\":{\"@type\":\"ListItem\",\"@id\":\"https:\\\/\\\/www.eldigitaldeasturias.com\\\/noticias\\\/dolores-carcedo-presenta-el-presupuesto-de-su-consejeria-para-el-2017\\\/#listItem\",\"name\":\"Dolores Carcedo presenta el presupuesto de su Consejer\\u00eda para el 2017\"},\"previousItem\":{\"@type\":\"ListItem\",\"@id\":\"https:\\\/\\\/www.eldigitaldeasturias.com\\\/noticias#listItem\",\"name\":\"Home\"}},{\"@type\":\"ListItem\",\"@id\":\"https:\\\/\\\/www.eldigitaldeasturias.com\\\/noticias\\\/dolores-carcedo-presenta-el-presupuesto-de-su-consejeria-para-el-2017\\\/#listItem\",\"position\":3,\"name\":\"Dolores Carcedo presenta el presupuesto de su Consejer\\u00eda para el 2017\",\"previousItem\":{\"@type\":\"ListItem\",\"@id\":\"https:\\\/\\\/www.eldigitaldeasturias.com\\\/noticias\\\/category\\\/destacadas\\\/#listItem\",\"name\":\"Destacadas\"}}]},{\"@type\":\"Organization\",\"@id\":\"https:\\\/\\\/www.eldigitaldeasturias.com\\\/noticias\\\/#organization\",\"name\":\"El Digital de Asturias\",\"description\":\"Hemeroteca\",\"url\":\"https:\\\/\\\/www.eldigitaldeasturias.com\\\/noticias\\\/\",\"email\":\"info@eldigitaldeasturias.com\",\"telephone\":\"+34652131393\",\"logo\":{\"@type\":\"ImageObject\",\"url\":\"https:\\\/\\\/www.eldigitaldeasturias.com\\\/noticias\\\/wp-content\\\/uploads\\\/2020\\\/12\\\/EDA.jpg\",\"@id\":\"https:\\\/\\\/www.eldigitaldeasturias.com\\\/noticias\\\/dolores-carcedo-presenta-el-presupuesto-de-su-consejeria-para-el-2017\\\/#organizationLogo\",\"width\":649,\"height\":297},\"image\":{\"@id\":\"https:\\\/\\\/www.eldigitaldeasturias.com\\\/noticias\\\/dolores-carcedo-presenta-el-presupuesto-de-su-consejeria-para-el-2017\\\/#organizationLogo\"},\"sameAs\":[\"https:\\\/\\\/facebook.com\\\/eldigitaldeasturias\",\"https:\\\/\\\/www.youtube.com\\\/channel\\\/UCZP-2wLEB9Rv6erhFmqVnvg\"],\"address\":{\"@id\":\"https:\\\/\\\/www.eldigitaldeasturias.com\\\/noticias\\\/#postaladdress\",\"@type\":\"PostalAddress\",\"streetAddress\":\"san antonio 4,\",\"postalCode\":\"33430\",\"addressLocality\":\"Cand\\u00e1s\",\"addressRegion\":\"Asturias\",\"addressCountry\":\"ES\"}},{\"@type\":\"Person\",\"@id\":\"https:\\\/\\\/www.eldigitaldeasturias.com\\\/noticias\\\/author\\\/admin\\\/#author\",\"url\":\"https:\\\/\\\/www.eldigitaldeasturias.com\\\/noticias\\\/author\\\/admin\\\/\",\"name\":\"El Digital de Asturias\",\"image\":{\"@type\":\"ImageObject\",\"@id\":\"https:\\\/\\\/www.eldigitaldeasturias.com\\\/noticias\\\/dolores-carcedo-presenta-el-presupuesto-de-su-consejeria-para-el-2017\\\/#authorImage\",\"url\":\"https:\\\/\\\/www.eldigitaldeasturias.com\\\/noticias\\\/wp-content\\\/litespeed\\\/avatar\\\/18677e78aa0546b92d9dbf31ec7d7668.jpg?ver=1777290358\",\"width\":96,\"height\":96,\"caption\":\"El Digital de Asturias\"}},{\"@type\":\"WebPage\",\"@id\":\"https:\\\/\\\/www.eldigitaldeasturias.com\\\/noticias\\\/dolores-carcedo-presenta-el-presupuesto-de-su-consejeria-para-el-2017\\\/#webpage\",\"url\":\"https:\\\/\\\/www.eldigitaldeasturias.com\\\/noticias\\\/dolores-carcedo-presenta-el-presupuesto-de-su-consejeria-para-el-2017\\\/\",\"name\":\"Dolores Carcedo presenta el presupuesto de su Consejer\\u00eda para el 2017 - El Digital de Asturias\",\"description\":\"La consejera de Hacienda y Sector P\\u00fablico, Dolores Carcedo, ha cerrado esta tarde en la Junta General del Principado la ronda de comparecencias de presentaci\\u00f3n del Proyecto de Presupuestos Generales del Principado para el pr\\u00f3ximo a\\u00f1o. Durante su intervenci\\u00f3n, ha cifrado en 67.932.745 euros la dotaci\\u00f3n de su departamento, lo que supone un 2,48% m\\u00e1s\",\"inLanguage\":\"es-ES\",\"isPartOf\":{\"@id\":\"https:\\\/\\\/www.eldigitaldeasturias.com\\\/noticias\\\/#website\"},\"breadcrumb\":{\"@id\":\"https:\\\/\\\/www.eldigitaldeasturias.com\\\/noticias\\\/dolores-carcedo-presenta-el-presupuesto-de-su-consejeria-para-el-2017\\\/#breadcrumblist\"},\"author\":{\"@id\":\"https:\\\/\\\/www.eldigitaldeasturias.com\\\/noticias\\\/author\\\/admin\\\/#author\"},\"creator\":{\"@id\":\"https:\\\/\\\/www.eldigitaldeasturias.com\\\/noticias\\\/author\\\/admin\\\/#author\"},\"image\":{\"@type\":\"ImageObject\",\"url\":\"https:\\\/\\\/www.eldigitaldeasturias.com\\\/noticias\\\/wp-content\\\/uploads\\\/2016\\\/04\\\/2016_04_14-D-Carcedo-en-JGPA-2.jpg\",\"@id\":\"https:\\\/\\\/www.eldigitaldeasturias.com\\\/noticias\\\/dolores-carcedo-presenta-el-presupuesto-de-su-consejeria-para-el-2017\\\/#mainImage\",\"width\":3040,\"height\":1915},\"primaryImageOfPage\":{\"@id\":\"https:\\\/\\\/www.eldigitaldeasturias.com\\\/noticias\\\/dolores-carcedo-presenta-el-presupuesto-de-su-consejeria-para-el-2017\\\/#mainImage\"},\"datePublished\":\"2016-12-13T19:50:10+01:00\",\"dateModified\":\"2016-12-19T00:47:44+01:00\"},{\"@type\":\"WebSite\",\"@id\":\"https:\\\/\\\/www.eldigitaldeasturias.com\\\/noticias\\\/#website\",\"url\":\"https:\\\/\\\/www.eldigitaldeasturias.com\\\/noticias\\\/\",\"name\":\"El Digital de Asturias - Diario de actualidad y noticias\",\"alternateName\":\"El Digital de Asturias - Diario de actualidad y noticias\",\"description\":\"Hemeroteca\",\"inLanguage\":\"es-ES\",\"publisher\":{\"@id\":\"https:\\\/\\\/www.eldigitaldeasturias.com\\\/noticias\\\/#organization\"}}]}\n\t\t<\/script>\n\t\t<!-- All in One SEO Pro -->\r\n\t\t<title>Dolores Carcedo presenta el presupuesto de su Consejer\u00eda para el 2017 - El Digital de Asturias<\/title>\n\n","aioseo_head_json":{"title":"Dolores Carcedo presenta el presupuesto de su Consejer\u00eda para el 2017 - El Digital de Asturias","description":"La consejera de Hacienda y Sector P\u00fablico, Dolores Carcedo, ha cerrado esta tarde en la Junta General del Principado la ronda de comparecencias de presentaci\u00f3n del Proyecto de Presupuestos Generales del Principado para el pr\u00f3ximo a\u00f1o. Durante su intervenci\u00f3n, ha cifrado en 67.932.745 euros la dotaci\u00f3n de su departamento, lo que supone un 2,48% m\u00e1s","canonical_url":"https:\/\/www.eldigitaldeasturias.com\/noticias\/dolores-carcedo-presenta-el-presupuesto-de-su-consejeria-para-el-2017\/","robots":"max-image-preview:large","keywords":"destacadas","webmasterTools":{"google-site-verification":"UA-38556648-1","msvalidate.01":"7dfe9f3f1b24437ab69f4f2559babe99","miscellaneous":""},"schema":{"@context":"https:\/\/schema.org","@graph":[{"@type":"BlogPosting","@id":"https:\/\/www.eldigitaldeasturias.com\/noticias\/dolores-carcedo-presenta-el-presupuesto-de-su-consejeria-para-el-2017\/#blogposting","name":"Dolores Carcedo presenta el presupuesto de su Consejer\u00eda para el 2017 - El Digital de Asturias","headline":"Dolores Carcedo presenta el presupuesto de su Consejer\u00eda para el 2017","author":{"@id":"https:\/\/www.eldigitaldeasturias.com\/noticias\/author\/admin\/#author"},"publisher":{"@id":"https:\/\/www.eldigitaldeasturias.com\/noticias\/#organization"},"image":{"@type":"ImageObject","url":"https:\/\/www.eldigitaldeasturias.com\/noticias\/wp-content\/uploads\/2016\/04\/2016_04_14-D-Carcedo-en-JGPA-2.jpg","width":3040,"height":1915},"datePublished":"2016-12-13T19:50:10+01:00","dateModified":"2016-12-19T00:47:44+01:00","inLanguage":"es-ES","mainEntityOfPage":{"@id":"https:\/\/www.eldigitaldeasturias.com\/noticias\/dolores-carcedo-presenta-el-presupuesto-de-su-consejeria-para-el-2017\/#webpage"},"isPartOf":{"@id":"https:\/\/www.eldigitaldeasturias.com\/noticias\/dolores-carcedo-presenta-el-presupuesto-de-su-consejeria-para-el-2017\/#webpage"},"articleSection":"Destacadas"},{"@type":"BreadcrumbList","@id":"https:\/\/www.eldigitaldeasturias.com\/noticias\/dolores-carcedo-presenta-el-presupuesto-de-su-consejeria-para-el-2017\/#breadcrumblist","itemListElement":[{"@type":"ListItem","@id":"https:\/\/www.eldigitaldeasturias.com\/noticias#listItem","position":1,"name":"Home","item":"https:\/\/www.eldigitaldeasturias.com\/noticias","nextItem":{"@type":"ListItem","@id":"https:\/\/www.eldigitaldeasturias.com\/noticias\/category\/destacadas\/#listItem","name":"Destacadas"}},{"@type":"ListItem","@id":"https:\/\/www.eldigitaldeasturias.com\/noticias\/category\/destacadas\/#listItem","position":2,"name":"Destacadas","item":"https:\/\/www.eldigitaldeasturias.com\/noticias\/category\/destacadas\/","nextItem":{"@type":"ListItem","@id":"https:\/\/www.eldigitaldeasturias.com\/noticias\/dolores-carcedo-presenta-el-presupuesto-de-su-consejeria-para-el-2017\/#listItem","name":"Dolores Carcedo presenta el presupuesto de su Consejer\u00eda para el 2017"},"previousItem":{"@type":"ListItem","@id":"https:\/\/www.eldigitaldeasturias.com\/noticias#listItem","name":"Home"}},{"@type":"ListItem","@id":"https:\/\/www.eldigitaldeasturias.com\/noticias\/dolores-carcedo-presenta-el-presupuesto-de-su-consejeria-para-el-2017\/#listItem","position":3,"name":"Dolores Carcedo presenta el presupuesto de su Consejer\u00eda para el 2017","previousItem":{"@type":"ListItem","@id":"https:\/\/www.eldigitaldeasturias.com\/noticias\/category\/destacadas\/#listItem","name":"Destacadas"}}]},{"@type":"Organization","@id":"https:\/\/www.eldigitaldeasturias.com\/noticias\/#organization","name":"El Digital de Asturias","description":"Hemeroteca","url":"https:\/\/www.eldigitaldeasturias.com\/noticias\/","email":"info@eldigitaldeasturias.com","telephone":"+34652131393","logo":{"@type":"ImageObject","url":"https:\/\/www.eldigitaldeasturias.com\/noticias\/wp-content\/uploads\/2020\/12\/EDA.jpg","@id":"https:\/\/www.eldigitaldeasturias.com\/noticias\/dolores-carcedo-presenta-el-presupuesto-de-su-consejeria-para-el-2017\/#organizationLogo","width":649,"height":297},"image":{"@id":"https:\/\/www.eldigitaldeasturias.com\/noticias\/dolores-carcedo-presenta-el-presupuesto-de-su-consejeria-para-el-2017\/#organizationLogo"},"sameAs":["https:\/\/facebook.com\/eldigitaldeasturias","https:\/\/www.youtube.com\/channel\/UCZP-2wLEB9Rv6erhFmqVnvg"],"address":{"@id":"https:\/\/www.eldigitaldeasturias.com\/noticias\/#postaladdress","@type":"PostalAddress","streetAddress":"san antonio 4,","postalCode":"33430","addressLocality":"Cand\u00e1s","addressRegion":"Asturias","addressCountry":"ES"}},{"@type":"Person","@id":"https:\/\/www.eldigitaldeasturias.com\/noticias\/author\/admin\/#author","url":"https:\/\/www.eldigitaldeasturias.com\/noticias\/author\/admin\/","name":"El Digital de Asturias","image":{"@type":"ImageObject","@id":"https:\/\/www.eldigitaldeasturias.com\/noticias\/dolores-carcedo-presenta-el-presupuesto-de-su-consejeria-para-el-2017\/#authorImage","url":"https:\/\/www.eldigitaldeasturias.com\/noticias\/wp-content\/litespeed\/avatar\/18677e78aa0546b92d9dbf31ec7d7668.jpg?ver=1777290358","width":96,"height":96,"caption":"El Digital de Asturias"}},{"@type":"WebPage","@id":"https:\/\/www.eldigitaldeasturias.com\/noticias\/dolores-carcedo-presenta-el-presupuesto-de-su-consejeria-para-el-2017\/#webpage","url":"https:\/\/www.eldigitaldeasturias.com\/noticias\/dolores-carcedo-presenta-el-presupuesto-de-su-consejeria-para-el-2017\/","name":"Dolores Carcedo presenta el presupuesto de su Consejer\u00eda para el 2017 - El Digital de Asturias","description":"La consejera de Hacienda y Sector P\u00fablico, Dolores Carcedo, ha cerrado esta tarde en la Junta General del Principado la ronda de comparecencias de presentaci\u00f3n del Proyecto de Presupuestos Generales del Principado para el pr\u00f3ximo a\u00f1o. Durante su intervenci\u00f3n, ha cifrado en 67.932.745 euros la dotaci\u00f3n de su departamento, lo que supone un 2,48% m\u00e1s","inLanguage":"es-ES","isPartOf":{"@id":"https:\/\/www.eldigitaldeasturias.com\/noticias\/#website"},"breadcrumb":{"@id":"https:\/\/www.eldigitaldeasturias.com\/noticias\/dolores-carcedo-presenta-el-presupuesto-de-su-consejeria-para-el-2017\/#breadcrumblist"},"author":{"@id":"https:\/\/www.eldigitaldeasturias.com\/noticias\/author\/admin\/#author"},"creator":{"@id":"https:\/\/www.eldigitaldeasturias.com\/noticias\/author\/admin\/#author"},"image":{"@type":"ImageObject","url":"https:\/\/www.eldigitaldeasturias.com\/noticias\/wp-content\/uploads\/2016\/04\/2016_04_14-D-Carcedo-en-JGPA-2.jpg","@id":"https:\/\/www.eldigitaldeasturias.com\/noticias\/dolores-carcedo-presenta-el-presupuesto-de-su-consejeria-para-el-2017\/#mainImage","width":3040,"height":1915},"primaryImageOfPage":{"@id":"https:\/\/www.eldigitaldeasturias.com\/noticias\/dolores-carcedo-presenta-el-presupuesto-de-su-consejeria-para-el-2017\/#mainImage"},"datePublished":"2016-12-13T19:50:10+01:00","dateModified":"2016-12-19T00:47:44+01:00"},{"@type":"WebSite","@id":"https:\/\/www.eldigitaldeasturias.com\/noticias\/#website","url":"https:\/\/www.eldigitaldeasturias.com\/noticias\/","name":"El Digital de Asturias - Diario de actualidad y noticias","alternateName":"El Digital de Asturias - Diario de actualidad y noticias","description":"Hemeroteca","inLanguage":"es-ES","publisher":{"@id":"https:\/\/www.eldigitaldeasturias.com\/noticias\/#organization"}}]},"og:locale":"es_ES","og:site_name":"El Digital de Asturias","og:type":"article","og:title":"Dolores Carcedo presenta el presupuesto de su Consejer\u00eda para el 2017 - El Digital de Asturias","og:description":"La consejera de Hacienda y Sector P\u00fablico, Dolores Carcedo, ha cerrado esta tarde en la Junta General del Principado la ronda de comparecencias de presentaci\u00f3n del Proyecto de Presupuestos Generales del Principado para el pr\u00f3ximo a\u00f1o. Durante su intervenci\u00f3n, ha cifrado en 67.932.745 euros la dotaci\u00f3n de su departamento, lo que supone un 2,48% m\u00e1s","og:url":"https:\/\/www.eldigitaldeasturias.com\/noticias\/dolores-carcedo-presenta-el-presupuesto-de-su-consejeria-para-el-2017\/","og:image":"https:\/\/www.eldigitaldeasturias.com\/noticias\/wp-content\/uploads\/2016\/04\/2016_04_14-D-Carcedo-en-JGPA-2.jpg","og:image:secure_url":"https:\/\/www.eldigitaldeasturias.com\/noticias\/wp-content\/uploads\/2016\/04\/2016_04_14-D-Carcedo-en-JGPA-2.jpg","og:image:width":3040,"og:image:height":1915,"article:tag":["destacadas"],"article:published_time":"2016-12-13T19:50:10+00:00","article:modified_time":"2016-12-19T00:47:44+00:00","article:publisher":"https:\/\/facebook.com\/eldigitaldeasturias","twitter:card":"summary_large_image","twitter:title":"Dolores Carcedo presenta el presupuesto de su Consejer\u00eda para el 2017 - El Digital de Asturias","twitter:description":"La consejera de Hacienda y Sector P\u00fablico, Dolores Carcedo, ha cerrado esta tarde en la Junta General del Principado la ronda de comparecencias de presentaci\u00f3n del Proyecto de Presupuestos Generales del Principado para el pr\u00f3ximo a\u00f1o. Durante su intervenci\u00f3n, ha cifrado en 67.932.745 euros la dotaci\u00f3n de su departamento, lo que supone un 2,48% m\u00e1s","twitter:image":"https:\/\/www.eldigitaldeasturias.com\/noticias\/wp-content\/uploads\/2016\/04\/2016_04_14-D-Carcedo-en-JGPA-2.jpg","twitter:label1":"Escrito por","twitter:data1":"El Digital de Asturias","twitter:label2":"Tiempo de lectura estimado","twitter:data2":"4 minutos"},"aioseo_meta_data":{"post_id":"919220","title":null,"description":null,"keywords":null,"keyphrases":null,"primary_term":null,"canonical_url":null,"og_title":null,"og_description":null,"og_object_type":"default","og_image_type":"default","og_image_url":null,"og_image_width":null,"og_image_height":null,"og_image_custom_url":null,"og_image_custom_fields":null,"og_video":null,"og_custom_url":null,"og_article_section":null,"og_article_tags":null,"twitter_use_og":false,"twitter_card":"default","twitter_image_type":"default","twitter_image_url":null,"twitter_image_custom_url":null,"twitter_image_custom_fields":null,"twitter_title":null,"twitter_description":null,"schema":{"blockGraphs":[],"customGraphs":[],"default":{"data":{"Article":[],"Course":[],"Dataset":[],"FAQPage":[],"Movie":[],"Person":[],"Product":[],"ProductReview":[],"Car":[],"Recipe":[],"Service":[],"SoftwareApplication":[],"WebPage":[]},"graphName":"","isEnabled":true},"graphs":[],"defaultGraph":"","defaultPostTypeGraph":""},"schema_type":null,"schema_type_options":null,"pillar_content":false,"robots_default":true,"robots_noindex":false,"robots_noarchive":false,"robots_nosnippet":false,"robots_nofollow":false,"robots_noimageindex":false,"robots_noodp":false,"robots_notranslate":false,"robots_max_snippet":null,"robots_max_videopreview":null,"robots_max_imagepreview":"large","priority":null,"frequency":null,"local_seo":null,"seo_analyzer_scan_date":"2025-12-02 05:57:11","breadcrumb_settings":null,"limit_modified_date":false,"open_ai":null,"ai":null,"created":"2020-12-21 13:50:47","updated":"2025-12-02 05:57:11"},"aioseo_breadcrumb":"<div class=\"aioseo-breadcrumbs\"><span class=\"aioseo-breadcrumb\">\n\t<a href=\"https:\/\/www.eldigitaldeasturias.com\/noticias\" title=\"Home\">Home<\/a>\n<\/span><span class=\"aioseo-breadcrumb-separator\">\u2013<\/span><span class=\"aioseo-breadcrumb\">\n\t<a href=\"https:\/\/www.eldigitaldeasturias.com\/noticias\/category\/destacadas\/\" title=\"Destacadas\">Destacadas<\/a>\n<\/span><span class=\"aioseo-breadcrumb-separator\">\u2013<\/span><span class=\"aioseo-breadcrumb\">\n\t<a href=\"https:\/\/www.eldigitaldeasturias.com\/noticias\/dolores-carcedo-presenta-el-presupuesto-de-su-consejeria-para-el-2017\/\" title=\"Dolores Carcedo presenta el presupuesto de su Consejer\u00eda para el 2017\">Dolores Carcedo presenta el presupuesto de su Consejer\u00eda para el 2017<\/a>\n<\/span><\/div>","aioseo_breadcrumb_json":[{"label":"Home","link":"https:\/\/www.eldigitaldeasturias.com\/noticias"},{"label":"Destacadas","link":"https:\/\/www.eldigitaldeasturias.com\/noticias\/category\/destacadas\/"},{"label":"Dolores Carcedo presenta el presupuesto de su Consejer\u00eda para el 2017","link":"https:\/\/www.eldigitaldeasturias.com\/noticias\/dolores-carcedo-presenta-el-presupuesto-de-su-consejeria-para-el-2017\/"}],"_links":{"self":[{"href":"https:\/\/www.eldigitaldeasturias.com\/noticias\/wp-json\/wp\/v2\/posts\/919220","targetHints":{"allow":["GET"]}}],"collection":[{"href":"https:\/\/www.eldigitaldeasturias.com\/noticias\/wp-json\/wp\/v2\/posts"}],"about":[{"href":"https:\/\/www.eldigitaldeasturias.com\/noticias\/wp-json\/wp\/v2\/types\/post"}],"author":[{"embeddable":true,"href":"https:\/\/www.eldigitaldeasturias.com\/noticias\/wp-json\/wp\/v2\/users\/1"}],"replies":[{"embeddable":true,"href":"https:\/\/www.eldigitaldeasturias.com\/noticias\/wp-json\/wp\/v2\/comments?post=919220"}],"version-history":[{"count":0,"href":"https:\/\/www.eldigitaldeasturias.com\/noticias\/wp-json\/wp\/v2\/posts\/919220\/revisions"}],"wp:featuredmedia":[{"embeddable":true,"href":"https:\/\/www.eldigitaldeasturias.com\/noticias\/wp-json\/wp\/v2\/media\/874023"}],"wp:attachment":[{"href":"https:\/\/www.eldigitaldeasturias.com\/noticias\/wp-json\/wp\/v2\/media?parent=919220"}],"wp:term":[{"taxonomy":"category","embeddable":true,"href":"https:\/\/www.eldigitaldeasturias.com\/noticias\/wp-json\/wp\/v2\/categories?post=919220"},{"taxonomy":"post_tag","embeddable":true,"href":"https:\/\/www.eldigitaldeasturias.com\/noticias\/wp-json\/wp\/v2\/tags?post=919220"}],"curies":[{"name":"wp","href":"https:\/\/api.w.org\/{rel}","templated":true}]}}