{"id":919210,"date":"2016-12-13T19:35:03","date_gmt":"2016-12-13T19:35:03","guid":{"rendered":"http:\/\/www.eldigitaldeasturias.com\/noticias\/?p=919210"},"modified":"2016-12-13T19:35:03","modified_gmt":"2016-12-13T19:35:03","slug":"martinez-oblanca-pide-la-puesta-en-marcha-de-la-regasificadora-de-el-musel","status":"publish","type":"post","link":"https:\/\/www.eldigitaldeasturias.com\/noticias\/martinez-oblanca-pide-la-puesta-en-marcha-de-la-regasificadora-de-el-musel\/","title":{"rendered":"Mart\u00ednez Oblanca pide la puesta en marcha de la regasificadora de El Musel"},"content":{"rendered":"<p><img loading=\"lazy\" decoding=\"async\" class=\"alignleft size-medium wp-image-917957\" src=\"https:\/\/www.eldigitaldeasturias.com\/noticias\/wp-content\/uploads\/2016\/11\/Oblanca-360x215.jpg\" alt=\"Oblanca\" width=\"360\" height=\"215\" srcset=\"https:\/\/www.eldigitaldeasturias.com\/noticias\/wp-content\/uploads\/2016\/11\/Oblanca-360x215.jpg 360w, https:\/\/www.eldigitaldeasturias.com\/noticias\/wp-content\/uploads\/2016\/11\/Oblanca-768x458.jpg 768w, https:\/\/www.eldigitaldeasturias.com\/noticias\/wp-content\/uploads\/2016\/11\/Oblanca-650x388.jpg 650w, https:\/\/www.eldigitaldeasturias.com\/noticias\/wp-content\/uploads\/2016\/11\/Oblanca.jpg 800w\" sizes=\"auto, (max-width: 360px) 100vw, 360px\" \/>El diputado nacional de FORO, Isidro Mart\u00ednez Oblanca, ha planteado hoy los principales problemas que en materia de industria y energ\u00eda sufre actualmente Asturias, durante la primera comparecencia del Ministro de Energ\u00eda, Turismo y Agenda Digital, \u00c1lvaro Nadal, en la Comisi\u00f3n de Industria, Energ\u00eda y Turismo del Congreso de los Diputados. Oblanca, portavoz del Grupo Mixto en la citada comisi\u00f3n, manifest\u00f3 que en su intervenci\u00f3n \u201che pedido al nuevo ministro de Energ\u00eda el cumplimiento del programa firmado por FORO y PP relativo a la Miner\u00eda y a la Energ\u00eda\u201d.<\/p>\n<p>Isidro Mart\u00ednez Oblanca tambi\u00e9n pidi\u00f3 a \u00c1lvaro Nadal que entre los objetivos energ\u00e9ticos de su Ministerio \u201cse priorice la puesta en servicio de la planta regasificadora de El Musel por una cuesti\u00f3n de sentido com\u00fan, de rentabilizar socialmente una gran inversi\u00f3n y para que el sistema deje de retribuir con cargo al bolsillo de todos los consumidores los costes financieros y los de su mantenimiento\u201d.<\/p>\n<p>&nbsp;<\/p>\n","protected":false},"excerpt":{"rendered":"<p>El diputado nacional de FORO, Isidro Mart\u00ednez Oblanca, ha planteado hoy los principales problemas que en materia de industria y energ\u00eda sufre actualmente Asturias, durante la primera comparecencia del Ministro de Energ\u00eda, Turismo y Agenda Digital, \u00c1lvaro Nadal, en la Comisi\u00f3n de Industria, Energ\u00eda y Turismo del Congreso de los Diputados. Oblanca, portavoz del Grupo [&hellip;]<\/p>\n","protected":false},"author":1,"featured_media":917957,"comment_status":"closed","ping_status":"closed","sticky":false,"template":"","format":"standard","meta":{"footnotes":""},"categories":[141],"tags":[],"class_list":["post-919210","post","type-post","status-publish","format-standard","has-post-thumbnail","hentry","category-destacadas"],"aioseo_notices":[],"aioseo_head":"\n\t\t<!-- All in One SEO Pro 4.9.6.2 - aioseo.com -->\n\t<meta name=\"description\" content=\"El diputado nacional de FORO, Isidro Mart\u00ednez Oblanca, ha planteado hoy los principales problemas que en materia de industria y energ\u00eda sufre actualmente Asturias, durante la primera comparecencia del Ministro de Energ\u00eda, Turismo y Agenda Digital, \u00c1lvaro Nadal, en la Comisi\u00f3n de Industria, Energ\u00eda y Turismo del Congreso de los Diputados. Oblanca, portavoz del Grupo\" \/>\n\t<meta name=\"robots\" content=\"max-image-preview:large\" \/>\n\t<meta name=\"author\" content=\"El Digital de Asturias\"\/>\n\t<meta name=\"google-site-verification\" content=\"UA-38556648-1\" \/>\n\t<meta name=\"msvalidate.01\" content=\"7dfe9f3f1b24437ab69f4f2559babe99\" \/>\n\t<meta name=\"keywords\" content=\"destacadas\" \/>\n\t<link rel=\"canonical\" href=\"https:\/\/www.eldigitaldeasturias.com\/noticias\/martinez-oblanca-pide-la-puesta-en-marcha-de-la-regasificadora-de-el-musel\/\" \/>\n\t<meta name=\"generator\" content=\"All in One SEO Pro (AIOSEO) 4.9.6.2\" \/>\n\t\t<meta property=\"og:locale\" content=\"es_ES\" \/>\n\t\t<meta property=\"og:site_name\" content=\"El Digital de Asturias\" \/>\n\t\t<meta property=\"og:type\" content=\"article\" \/>\n\t\t<meta property=\"og:title\" content=\"Mart\u00ednez Oblanca pide la puesta en marcha de la regasificadora de El Musel - El Digital de Asturias\" \/>\n\t\t<meta property=\"og:description\" content=\"El diputado nacional de FORO, Isidro Mart\u00ednez Oblanca, ha planteado hoy los principales problemas que en materia de industria y energ\u00eda sufre actualmente Asturias, durante la primera comparecencia del Ministro de Energ\u00eda, Turismo y Agenda Digital, \u00c1lvaro Nadal, en la Comisi\u00f3n de Industria, Energ\u00eda y Turismo del Congreso de los Diputados. Oblanca, portavoz del Grupo\" \/>\n\t\t<meta property=\"og:url\" content=\"https:\/\/www.eldigitaldeasturias.com\/noticias\/martinez-oblanca-pide-la-puesta-en-marcha-de-la-regasificadora-de-el-musel\/\" \/>\n\t\t<meta property=\"og:image\" content=\"https:\/\/www.eldigitaldeasturias.com\/noticias\/wp-content\/uploads\/2016\/11\/Oblanca.jpg\" \/>\n\t\t<meta property=\"og:image:secure_url\" content=\"https:\/\/www.eldigitaldeasturias.com\/noticias\/wp-content\/uploads\/2016\/11\/Oblanca.jpg\" \/>\n\t\t<meta property=\"og:image:width\" content=\"800\" \/>\n\t\t<meta property=\"og:image:height\" content=\"477\" \/>\n\t\t<meta property=\"article:tag\" content=\"destacadas\" \/>\n\t\t<meta property=\"article:published_time\" content=\"2016-12-13T19:35:03+00:00\" \/>\n\t\t<meta property=\"article:modified_time\" content=\"2016-12-13T19:35:03+00:00\" \/>\n\t\t<meta property=\"article:publisher\" content=\"https:\/\/facebook.com\/eldigitaldeasturias\" \/>\n\t\t<meta name=\"twitter:card\" content=\"summary_large_image\" \/>\n\t\t<meta name=\"twitter:title\" content=\"Mart\u00ednez Oblanca pide la puesta en marcha de la regasificadora de El Musel - El Digital de Asturias\" \/>\n\t\t<meta name=\"twitter:description\" content=\"El diputado nacional de FORO, Isidro Mart\u00ednez Oblanca, ha planteado hoy los principales problemas que en materia de industria y energ\u00eda sufre actualmente Asturias, durante la primera comparecencia del Ministro de Energ\u00eda, Turismo y Agenda Digital, \u00c1lvaro Nadal, en la Comisi\u00f3n de Industria, Energ\u00eda y Turismo del Congreso de los Diputados. Oblanca, portavoz del Grupo\" \/>\n\t\t<meta name=\"twitter:image\" content=\"https:\/\/www.eldigitaldeasturias.com\/noticias\/wp-content\/uploads\/2016\/11\/Oblanca.jpg\" \/>\n\t\t<meta name=\"twitter:label1\" content=\"Escrito por\" \/>\n\t\t<meta name=\"twitter:data1\" content=\"El Digital de Asturias\" \/>\n\t\t<meta name=\"twitter:label2\" content=\"Tiempo de lectura estimado\" \/>\n\t\t<meta name=\"twitter:data2\" content=\"1 minuto\" \/>\n\t\t<script type=\"application\/ld+json\" class=\"aioseo-schema\">\n\t\t\t{\"@context\":\"https:\\\/\\\/schema.org\",\"@graph\":[{\"@type\":\"BlogPosting\",\"@id\":\"https:\\\/\\\/www.eldigitaldeasturias.com\\\/noticias\\\/martinez-oblanca-pide-la-puesta-en-marcha-de-la-regasificadora-de-el-musel\\\/#blogposting\",\"name\":\"Mart\\u00ednez Oblanca pide la puesta en marcha de la regasificadora de El Musel - El Digital de Asturias\",\"headline\":\"Mart\\u00ednez Oblanca pide la puesta en marcha de la regasificadora de El Musel\",\"author\":{\"@id\":\"https:\\\/\\\/www.eldigitaldeasturias.com\\\/noticias\\\/author\\\/admin\\\/#author\"},\"publisher\":{\"@id\":\"https:\\\/\\\/www.eldigitaldeasturias.com\\\/noticias\\\/#organization\"},\"image\":{\"@type\":\"ImageObject\",\"url\":\"https:\\\/\\\/www.eldigitaldeasturias.com\\\/noticias\\\/wp-content\\\/uploads\\\/2016\\\/11\\\/Oblanca.jpg\",\"width\":800,\"height\":477},\"datePublished\":\"2016-12-13T19:35:03+01:00\",\"dateModified\":\"2016-12-13T19:35:03+01:00\",\"inLanguage\":\"es-ES\",\"mainEntityOfPage\":{\"@id\":\"https:\\\/\\\/www.eldigitaldeasturias.com\\\/noticias\\\/martinez-oblanca-pide-la-puesta-en-marcha-de-la-regasificadora-de-el-musel\\\/#webpage\"},\"isPartOf\":{\"@id\":\"https:\\\/\\\/www.eldigitaldeasturias.com\\\/noticias\\\/martinez-oblanca-pide-la-puesta-en-marcha-de-la-regasificadora-de-el-musel\\\/#webpage\"},\"articleSection\":\"Destacadas\"},{\"@type\":\"BreadcrumbList\",\"@id\":\"https:\\\/\\\/www.eldigitaldeasturias.com\\\/noticias\\\/martinez-oblanca-pide-la-puesta-en-marcha-de-la-regasificadora-de-el-musel\\\/#breadcrumblist\",\"itemListElement\":[{\"@type\":\"ListItem\",\"@id\":\"https:\\\/\\\/www.eldigitaldeasturias.com\\\/noticias#listItem\",\"position\":1,\"name\":\"Home\",\"item\":\"https:\\\/\\\/www.eldigitaldeasturias.com\\\/noticias\",\"nextItem\":{\"@type\":\"ListItem\",\"@id\":\"https:\\\/\\\/www.eldigitaldeasturias.com\\\/noticias\\\/category\\\/destacadas\\\/#listItem\",\"name\":\"Destacadas\"}},{\"@type\":\"ListItem\",\"@id\":\"https:\\\/\\\/www.eldigitaldeasturias.com\\\/noticias\\\/category\\\/destacadas\\\/#listItem\",\"position\":2,\"name\":\"Destacadas\",\"item\":\"https:\\\/\\\/www.eldigitaldeasturias.com\\\/noticias\\\/category\\\/destacadas\\\/\",\"nextItem\":{\"@type\":\"ListItem\",\"@id\":\"https:\\\/\\\/www.eldigitaldeasturias.com\\\/noticias\\\/martinez-oblanca-pide-la-puesta-en-marcha-de-la-regasificadora-de-el-musel\\\/#listItem\",\"name\":\"Mart\\u00ednez Oblanca pide la puesta en marcha de la regasificadora de El Musel\"},\"previousItem\":{\"@type\":\"ListItem\",\"@id\":\"https:\\\/\\\/www.eldigitaldeasturias.com\\\/noticias#listItem\",\"name\":\"Home\"}},{\"@type\":\"ListItem\",\"@id\":\"https:\\\/\\\/www.eldigitaldeasturias.com\\\/noticias\\\/martinez-oblanca-pide-la-puesta-en-marcha-de-la-regasificadora-de-el-musel\\\/#listItem\",\"position\":3,\"name\":\"Mart\\u00ednez Oblanca pide la puesta en marcha de la regasificadora de El Musel\",\"previousItem\":{\"@type\":\"ListItem\",\"@id\":\"https:\\\/\\\/www.eldigitaldeasturias.com\\\/noticias\\\/category\\\/destacadas\\\/#listItem\",\"name\":\"Destacadas\"}}]},{\"@type\":\"Organization\",\"@id\":\"https:\\\/\\\/www.eldigitaldeasturias.com\\\/noticias\\\/#organization\",\"name\":\"El Digital de Asturias\",\"description\":\"Hemeroteca\",\"url\":\"https:\\\/\\\/www.eldigitaldeasturias.com\\\/noticias\\\/\",\"email\":\"info@eldigitaldeasturias.com\",\"telephone\":\"+34652131393\",\"logo\":{\"@type\":\"ImageObject\",\"url\":\"https:\\\/\\\/www.eldigitaldeasturias.com\\\/noticias\\\/wp-content\\\/uploads\\\/2020\\\/12\\\/EDA.jpg\",\"@id\":\"https:\\\/\\\/www.eldigitaldeasturias.com\\\/noticias\\\/martinez-oblanca-pide-la-puesta-en-marcha-de-la-regasificadora-de-el-musel\\\/#organizationLogo\",\"width\":649,\"height\":297},\"image\":{\"@id\":\"https:\\\/\\\/www.eldigitaldeasturias.com\\\/noticias\\\/martinez-oblanca-pide-la-puesta-en-marcha-de-la-regasificadora-de-el-musel\\\/#organizationLogo\"},\"sameAs\":[\"https:\\\/\\\/facebook.com\\\/eldigitaldeasturias\",\"https:\\\/\\\/www.youtube.com\\\/channel\\\/UCZP-2wLEB9Rv6erhFmqVnvg\"],\"address\":{\"@id\":\"https:\\\/\\\/www.eldigitaldeasturias.com\\\/noticias\\\/#postaladdress\",\"@type\":\"PostalAddress\",\"streetAddress\":\"san antonio 4,\",\"postalCode\":\"33430\",\"addressLocality\":\"Cand\\u00e1s\",\"addressRegion\":\"Asturias\",\"addressCountry\":\"ES\"}},{\"@type\":\"Person\",\"@id\":\"https:\\\/\\\/www.eldigitaldeasturias.com\\\/noticias\\\/author\\\/admin\\\/#author\",\"url\":\"https:\\\/\\\/www.eldigitaldeasturias.com\\\/noticias\\\/author\\\/admin\\\/\",\"name\":\"El Digital de Asturias\",\"image\":{\"@type\":\"ImageObject\",\"@id\":\"https:\\\/\\\/www.eldigitaldeasturias.com\\\/noticias\\\/martinez-oblanca-pide-la-puesta-en-marcha-de-la-regasificadora-de-el-musel\\\/#authorImage\",\"url\":\"https:\\\/\\\/www.eldigitaldeasturias.com\\\/noticias\\\/wp-content\\\/litespeed\\\/avatar\\\/18677e78aa0546b92d9dbf31ec7d7668.jpg?ver=1777290358\",\"width\":96,\"height\":96,\"caption\":\"El Digital de Asturias\"}},{\"@type\":\"WebPage\",\"@id\":\"https:\\\/\\\/www.eldigitaldeasturias.com\\\/noticias\\\/martinez-oblanca-pide-la-puesta-en-marcha-de-la-regasificadora-de-el-musel\\\/#webpage\",\"url\":\"https:\\\/\\\/www.eldigitaldeasturias.com\\\/noticias\\\/martinez-oblanca-pide-la-puesta-en-marcha-de-la-regasificadora-de-el-musel\\\/\",\"name\":\"Mart\\u00ednez Oblanca pide la puesta en marcha de la regasificadora de El Musel - El Digital de Asturias\",\"description\":\"El diputado nacional de FORO, Isidro Mart\\u00ednez Oblanca, ha planteado hoy los principales problemas que en materia de industria y energ\\u00eda sufre actualmente Asturias, durante la primera comparecencia del Ministro de Energ\\u00eda, Turismo y Agenda Digital, \\u00c1lvaro Nadal, en la Comisi\\u00f3n de Industria, Energ\\u00eda y Turismo del Congreso de los Diputados. Oblanca, portavoz del Grupo\",\"inLanguage\":\"es-ES\",\"isPartOf\":{\"@id\":\"https:\\\/\\\/www.eldigitaldeasturias.com\\\/noticias\\\/#website\"},\"breadcrumb\":{\"@id\":\"https:\\\/\\\/www.eldigitaldeasturias.com\\\/noticias\\\/martinez-oblanca-pide-la-puesta-en-marcha-de-la-regasificadora-de-el-musel\\\/#breadcrumblist\"},\"author\":{\"@id\":\"https:\\\/\\\/www.eldigitaldeasturias.com\\\/noticias\\\/author\\\/admin\\\/#author\"},\"creator\":{\"@id\":\"https:\\\/\\\/www.eldigitaldeasturias.com\\\/noticias\\\/author\\\/admin\\\/#author\"},\"image\":{\"@type\":\"ImageObject\",\"url\":\"https:\\\/\\\/www.eldigitaldeasturias.com\\\/noticias\\\/wp-content\\\/uploads\\\/2016\\\/11\\\/Oblanca.jpg\",\"@id\":\"https:\\\/\\\/www.eldigitaldeasturias.com\\\/noticias\\\/martinez-oblanca-pide-la-puesta-en-marcha-de-la-regasificadora-de-el-musel\\\/#mainImage\",\"width\":800,\"height\":477},\"primaryImageOfPage\":{\"@id\":\"https:\\\/\\\/www.eldigitaldeasturias.com\\\/noticias\\\/martinez-oblanca-pide-la-puesta-en-marcha-de-la-regasificadora-de-el-musel\\\/#mainImage\"},\"datePublished\":\"2016-12-13T19:35:03+01:00\",\"dateModified\":\"2016-12-13T19:35:03+01:00\"},{\"@type\":\"WebSite\",\"@id\":\"https:\\\/\\\/www.eldigitaldeasturias.com\\\/noticias\\\/#website\",\"url\":\"https:\\\/\\\/www.eldigitaldeasturias.com\\\/noticias\\\/\",\"name\":\"El Digital de Asturias - Diario de actualidad y noticias\",\"alternateName\":\"El Digital de Asturias - Diario de actualidad y noticias\",\"description\":\"Hemeroteca\",\"inLanguage\":\"es-ES\",\"publisher\":{\"@id\":\"https:\\\/\\\/www.eldigitaldeasturias.com\\\/noticias\\\/#organization\"}}]}\n\t\t<\/script>\n\t\t<!-- All in One SEO Pro -->\r\n\t\t<title>Mart\u00ednez Oblanca pide la puesta en marcha de la regasificadora de El Musel - El Digital de Asturias<\/title>\n\n","aioseo_head_json":{"title":"Mart\u00ednez Oblanca pide la puesta en marcha de la regasificadora de El Musel - El Digital de Asturias","description":"El diputado nacional de FORO, Isidro Mart\u00ednez Oblanca, ha planteado hoy los principales problemas que en materia de industria y energ\u00eda sufre actualmente Asturias, durante la primera comparecencia del Ministro de Energ\u00eda, Turismo y Agenda Digital, \u00c1lvaro Nadal, en la Comisi\u00f3n de Industria, Energ\u00eda y Turismo del Congreso de los Diputados. Oblanca, portavoz del Grupo","canonical_url":"https:\/\/www.eldigitaldeasturias.com\/noticias\/martinez-oblanca-pide-la-puesta-en-marcha-de-la-regasificadora-de-el-musel\/","robots":"max-image-preview:large","keywords":"destacadas","webmasterTools":{"google-site-verification":"UA-38556648-1","msvalidate.01":"7dfe9f3f1b24437ab69f4f2559babe99","miscellaneous":""},"schema":{"@context":"https:\/\/schema.org","@graph":[{"@type":"BlogPosting","@id":"https:\/\/www.eldigitaldeasturias.com\/noticias\/martinez-oblanca-pide-la-puesta-en-marcha-de-la-regasificadora-de-el-musel\/#blogposting","name":"Mart\u00ednez Oblanca pide la puesta en marcha de la regasificadora de El Musel - El Digital de Asturias","headline":"Mart\u00ednez Oblanca pide la puesta en marcha de la regasificadora de El Musel","author":{"@id":"https:\/\/www.eldigitaldeasturias.com\/noticias\/author\/admin\/#author"},"publisher":{"@id":"https:\/\/www.eldigitaldeasturias.com\/noticias\/#organization"},"image":{"@type":"ImageObject","url":"https:\/\/www.eldigitaldeasturias.com\/noticias\/wp-content\/uploads\/2016\/11\/Oblanca.jpg","width":800,"height":477},"datePublished":"2016-12-13T19:35:03+01:00","dateModified":"2016-12-13T19:35:03+01:00","inLanguage":"es-ES","mainEntityOfPage":{"@id":"https:\/\/www.eldigitaldeasturias.com\/noticias\/martinez-oblanca-pide-la-puesta-en-marcha-de-la-regasificadora-de-el-musel\/#webpage"},"isPartOf":{"@id":"https:\/\/www.eldigitaldeasturias.com\/noticias\/martinez-oblanca-pide-la-puesta-en-marcha-de-la-regasificadora-de-el-musel\/#webpage"},"articleSection":"Destacadas"},{"@type":"BreadcrumbList","@id":"https:\/\/www.eldigitaldeasturias.com\/noticias\/martinez-oblanca-pide-la-puesta-en-marcha-de-la-regasificadora-de-el-musel\/#breadcrumblist","itemListElement":[{"@type":"ListItem","@id":"https:\/\/www.eldigitaldeasturias.com\/noticias#listItem","position":1,"name":"Home","item":"https:\/\/www.eldigitaldeasturias.com\/noticias","nextItem":{"@type":"ListItem","@id":"https:\/\/www.eldigitaldeasturias.com\/noticias\/category\/destacadas\/#listItem","name":"Destacadas"}},{"@type":"ListItem","@id":"https:\/\/www.eldigitaldeasturias.com\/noticias\/category\/destacadas\/#listItem","position":2,"name":"Destacadas","item":"https:\/\/www.eldigitaldeasturias.com\/noticias\/category\/destacadas\/","nextItem":{"@type":"ListItem","@id":"https:\/\/www.eldigitaldeasturias.com\/noticias\/martinez-oblanca-pide-la-puesta-en-marcha-de-la-regasificadora-de-el-musel\/#listItem","name":"Mart\u00ednez Oblanca pide la puesta en marcha de la regasificadora de El Musel"},"previousItem":{"@type":"ListItem","@id":"https:\/\/www.eldigitaldeasturias.com\/noticias#listItem","name":"Home"}},{"@type":"ListItem","@id":"https:\/\/www.eldigitaldeasturias.com\/noticias\/martinez-oblanca-pide-la-puesta-en-marcha-de-la-regasificadora-de-el-musel\/#listItem","position":3,"name":"Mart\u00ednez Oblanca pide la puesta en marcha de la regasificadora de El Musel","previousItem":{"@type":"ListItem","@id":"https:\/\/www.eldigitaldeasturias.com\/noticias\/category\/destacadas\/#listItem","name":"Destacadas"}}]},{"@type":"Organization","@id":"https:\/\/www.eldigitaldeasturias.com\/noticias\/#organization","name":"El Digital de Asturias","description":"Hemeroteca","url":"https:\/\/www.eldigitaldeasturias.com\/noticias\/","email":"info@eldigitaldeasturias.com","telephone":"+34652131393","logo":{"@type":"ImageObject","url":"https:\/\/www.eldigitaldeasturias.com\/noticias\/wp-content\/uploads\/2020\/12\/EDA.jpg","@id":"https:\/\/www.eldigitaldeasturias.com\/noticias\/martinez-oblanca-pide-la-puesta-en-marcha-de-la-regasificadora-de-el-musel\/#organizationLogo","width":649,"height":297},"image":{"@id":"https:\/\/www.eldigitaldeasturias.com\/noticias\/martinez-oblanca-pide-la-puesta-en-marcha-de-la-regasificadora-de-el-musel\/#organizationLogo"},"sameAs":["https:\/\/facebook.com\/eldigitaldeasturias","https:\/\/www.youtube.com\/channel\/UCZP-2wLEB9Rv6erhFmqVnvg"],"address":{"@id":"https:\/\/www.eldigitaldeasturias.com\/noticias\/#postaladdress","@type":"PostalAddress","streetAddress":"san antonio 4,","postalCode":"33430","addressLocality":"Cand\u00e1s","addressRegion":"Asturias","addressCountry":"ES"}},{"@type":"Person","@id":"https:\/\/www.eldigitaldeasturias.com\/noticias\/author\/admin\/#author","url":"https:\/\/www.eldigitaldeasturias.com\/noticias\/author\/admin\/","name":"El Digital de Asturias","image":{"@type":"ImageObject","@id":"https:\/\/www.eldigitaldeasturias.com\/noticias\/martinez-oblanca-pide-la-puesta-en-marcha-de-la-regasificadora-de-el-musel\/#authorImage","url":"https:\/\/www.eldigitaldeasturias.com\/noticias\/wp-content\/litespeed\/avatar\/18677e78aa0546b92d9dbf31ec7d7668.jpg?ver=1777290358","width":96,"height":96,"caption":"El Digital de Asturias"}},{"@type":"WebPage","@id":"https:\/\/www.eldigitaldeasturias.com\/noticias\/martinez-oblanca-pide-la-puesta-en-marcha-de-la-regasificadora-de-el-musel\/#webpage","url":"https:\/\/www.eldigitaldeasturias.com\/noticias\/martinez-oblanca-pide-la-puesta-en-marcha-de-la-regasificadora-de-el-musel\/","name":"Mart\u00ednez Oblanca pide la puesta en marcha de la regasificadora de El Musel - El Digital de Asturias","description":"El diputado nacional de FORO, Isidro Mart\u00ednez Oblanca, ha planteado hoy los principales problemas que en materia de industria y energ\u00eda sufre actualmente Asturias, durante la primera comparecencia del Ministro de Energ\u00eda, Turismo y Agenda Digital, \u00c1lvaro Nadal, en la Comisi\u00f3n de Industria, Energ\u00eda y Turismo del Congreso de los Diputados. Oblanca, portavoz del Grupo","inLanguage":"es-ES","isPartOf":{"@id":"https:\/\/www.eldigitaldeasturias.com\/noticias\/#website"},"breadcrumb":{"@id":"https:\/\/www.eldigitaldeasturias.com\/noticias\/martinez-oblanca-pide-la-puesta-en-marcha-de-la-regasificadora-de-el-musel\/#breadcrumblist"},"author":{"@id":"https:\/\/www.eldigitaldeasturias.com\/noticias\/author\/admin\/#author"},"creator":{"@id":"https:\/\/www.eldigitaldeasturias.com\/noticias\/author\/admin\/#author"},"image":{"@type":"ImageObject","url":"https:\/\/www.eldigitaldeasturias.com\/noticias\/wp-content\/uploads\/2016\/11\/Oblanca.jpg","@id":"https:\/\/www.eldigitaldeasturias.com\/noticias\/martinez-oblanca-pide-la-puesta-en-marcha-de-la-regasificadora-de-el-musel\/#mainImage","width":800,"height":477},"primaryImageOfPage":{"@id":"https:\/\/www.eldigitaldeasturias.com\/noticias\/martinez-oblanca-pide-la-puesta-en-marcha-de-la-regasificadora-de-el-musel\/#mainImage"},"datePublished":"2016-12-13T19:35:03+01:00","dateModified":"2016-12-13T19:35:03+01:00"},{"@type":"WebSite","@id":"https:\/\/www.eldigitaldeasturias.com\/noticias\/#website","url":"https:\/\/www.eldigitaldeasturias.com\/noticias\/","name":"El Digital de Asturias - Diario de actualidad y noticias","alternateName":"El Digital de Asturias - Diario de actualidad y noticias","description":"Hemeroteca","inLanguage":"es-ES","publisher":{"@id":"https:\/\/www.eldigitaldeasturias.com\/noticias\/#organization"}}]},"og:locale":"es_ES","og:site_name":"El Digital de Asturias","og:type":"article","og:title":"Mart\u00ednez Oblanca pide la puesta en marcha de la regasificadora de El Musel - El Digital de Asturias","og:description":"El diputado nacional de FORO, Isidro Mart\u00ednez Oblanca, ha planteado hoy los principales problemas que en materia de industria y energ\u00eda sufre actualmente Asturias, durante la primera comparecencia del Ministro de Energ\u00eda, Turismo y Agenda Digital, \u00c1lvaro Nadal, en la Comisi\u00f3n de Industria, Energ\u00eda y Turismo del Congreso de los Diputados. Oblanca, portavoz del Grupo","og:url":"https:\/\/www.eldigitaldeasturias.com\/noticias\/martinez-oblanca-pide-la-puesta-en-marcha-de-la-regasificadora-de-el-musel\/","og:image":"https:\/\/www.eldigitaldeasturias.com\/noticias\/wp-content\/uploads\/2016\/11\/Oblanca.jpg","og:image:secure_url":"https:\/\/www.eldigitaldeasturias.com\/noticias\/wp-content\/uploads\/2016\/11\/Oblanca.jpg","og:image:width":800,"og:image:height":477,"article:tag":["destacadas"],"article:published_time":"2016-12-13T19:35:03+00:00","article:modified_time":"2016-12-13T19:35:03+00:00","article:publisher":"https:\/\/facebook.com\/eldigitaldeasturias","twitter:card":"summary_large_image","twitter:title":"Mart\u00ednez Oblanca pide la puesta en marcha de la regasificadora de El Musel - El Digital de Asturias","twitter:description":"El diputado nacional de FORO, Isidro Mart\u00ednez Oblanca, ha planteado hoy los principales problemas que en materia de industria y energ\u00eda sufre actualmente Asturias, durante la primera comparecencia del Ministro de Energ\u00eda, Turismo y Agenda Digital, \u00c1lvaro Nadal, en la Comisi\u00f3n de Industria, Energ\u00eda y Turismo del Congreso de los Diputados. Oblanca, portavoz del Grupo","twitter:image":"https:\/\/www.eldigitaldeasturias.com\/noticias\/wp-content\/uploads\/2016\/11\/Oblanca.jpg","twitter:label1":"Escrito por","twitter:data1":"El Digital de Asturias","twitter:label2":"Tiempo de lectura estimado","twitter:data2":"1 minuto"},"aioseo_meta_data":{"post_id":"919210","title":null,"description":null,"keywords":null,"keyphrases":null,"primary_term":null,"canonical_url":null,"og_title":null,"og_description":null,"og_object_type":"default","og_image_type":"default","og_image_url":null,"og_image_width":null,"og_image_height":null,"og_image_custom_url":null,"og_image_custom_fields":null,"og_video":null,"og_custom_url":null,"og_article_section":null,"og_article_tags":null,"twitter_use_og":false,"twitter_card":"default","twitter_image_type":"default","twitter_image_url":null,"twitter_image_custom_url":null,"twitter_image_custom_fields":null,"twitter_title":null,"twitter_description":null,"schema":{"blockGraphs":[],"customGraphs":[],"default":{"data":{"Article":[],"Course":[],"Dataset":[],"FAQPage":[],"Movie":[],"Person":[],"Product":[],"ProductReview":[],"Car":[],"Recipe":[],"Service":[],"SoftwareApplication":[],"WebPage":[]},"graphName":"","isEnabled":true},"graphs":[],"defaultGraph":"","defaultPostTypeGraph":""},"schema_type":null,"schema_type_options":null,"pillar_content":false,"robots_default":true,"robots_noindex":false,"robots_noarchive":false,"robots_nosnippet":false,"robots_nofollow":false,"robots_noimageindex":false,"robots_noodp":false,"robots_notranslate":false,"robots_max_snippet":null,"robots_max_videopreview":null,"robots_max_imagepreview":"large","priority":null,"frequency":null,"local_seo":null,"seo_analyzer_scan_date":"2025-12-02 05:55:12","breadcrumb_settings":null,"limit_modified_date":false,"open_ai":null,"ai":null,"created":"2020-12-21 13:50:47","updated":"2025-12-02 05:55:12"},"aioseo_breadcrumb":"<div class=\"aioseo-breadcrumbs\"><span class=\"aioseo-breadcrumb\">\n\t<a href=\"https:\/\/www.eldigitaldeasturias.com\/noticias\" title=\"Home\">Home<\/a>\n<\/span><span class=\"aioseo-breadcrumb-separator\">\u2013<\/span><span class=\"aioseo-breadcrumb\">\n\t<a href=\"https:\/\/www.eldigitaldeasturias.com\/noticias\/category\/destacadas\/\" title=\"Destacadas\">Destacadas<\/a>\n<\/span><span class=\"aioseo-breadcrumb-separator\">\u2013<\/span><span class=\"aioseo-breadcrumb\">\n\t<a href=\"https:\/\/www.eldigitaldeasturias.com\/noticias\/martinez-oblanca-pide-la-puesta-en-marcha-de-la-regasificadora-de-el-musel\/\" title=\"Mart\u00ednez Oblanca pide la puesta en marcha de la regasificadora de El Musel\">Mart\u00ednez Oblanca pide la puesta en marcha de la regasificadora de El Musel<\/a>\n<\/span><\/div>","aioseo_breadcrumb_json":[{"label":"Home","link":"https:\/\/www.eldigitaldeasturias.com\/noticias"},{"label":"Destacadas","link":"https:\/\/www.eldigitaldeasturias.com\/noticias\/category\/destacadas\/"},{"label":"Mart\u00ednez Oblanca pide la puesta en marcha de la regasificadora de El Musel","link":"https:\/\/www.eldigitaldeasturias.com\/noticias\/martinez-oblanca-pide-la-puesta-en-marcha-de-la-regasificadora-de-el-musel\/"}],"_links":{"self":[{"href":"https:\/\/www.eldigitaldeasturias.com\/noticias\/wp-json\/wp\/v2\/posts\/919210","targetHints":{"allow":["GET"]}}],"collection":[{"href":"https:\/\/www.eldigitaldeasturias.com\/noticias\/wp-json\/wp\/v2\/posts"}],"about":[{"href":"https:\/\/www.eldigitaldeasturias.com\/noticias\/wp-json\/wp\/v2\/types\/post"}],"author":[{"embeddable":true,"href":"https:\/\/www.eldigitaldeasturias.com\/noticias\/wp-json\/wp\/v2\/users\/1"}],"replies":[{"embeddable":true,"href":"https:\/\/www.eldigitaldeasturias.com\/noticias\/wp-json\/wp\/v2\/comments?post=919210"}],"version-history":[{"count":0,"href":"https:\/\/www.eldigitaldeasturias.com\/noticias\/wp-json\/wp\/v2\/posts\/919210\/revisions"}],"wp:featuredmedia":[{"embeddable":true,"href":"https:\/\/www.eldigitaldeasturias.com\/noticias\/wp-json\/wp\/v2\/media\/917957"}],"wp:attachment":[{"href":"https:\/\/www.eldigitaldeasturias.com\/noticias\/wp-json\/wp\/v2\/media?parent=919210"}],"wp:term":[{"taxonomy":"category","embeddable":true,"href":"https:\/\/www.eldigitaldeasturias.com\/noticias\/wp-json\/wp\/v2\/categories?post=919210"},{"taxonomy":"post_tag","embeddable":true,"href":"https:\/\/www.eldigitaldeasturias.com\/noticias\/wp-json\/wp\/v2\/tags?post=919210"}],"curies":[{"name":"wp","href":"https:\/\/api.w.org\/{rel}","templated":true}]}}