{"id":919162,"date":"2016-12-13T17:08:23","date_gmt":"2016-12-13T17:08:23","guid":{"rendered":"http:\/\/www.eldigitaldeasturias.com\/noticias\/?p=919162"},"modified":"2016-12-13T17:08:23","modified_gmt":"2016-12-13T17:08:23","slug":"la-inflacion-se-estabiliza-en-el-07","status":"publish","type":"post","link":"https:\/\/www.eldigitaldeasturias.com\/noticias\/la-inflacion-se-estabiliza-en-el-07\/","title":{"rendered":"La inflaci\u00f3n se estabiliza en el 0,7%"},"content":{"rendered":"<p><img loading=\"lazy\" decoding=\"async\" class=\"alignleft size-medium wp-image-646435\" src=\"https:\/\/www.eldigitaldeasturias.com\/noticias\/wp-content\/uploads\/2014\/10\/6730135w3-360x248.jpg\" alt=\"comercio.comida\" width=\"360\" height=\"248\" srcset=\"https:\/\/www.eldigitaldeasturias.com\/noticias\/wp-content\/uploads\/2014\/10\/6730135w3-360x248.jpg 360w, https:\/\/www.eldigitaldeasturias.com\/noticias\/wp-content\/uploads\/2014\/10\/6730135w3-650x448.jpg 650w, https:\/\/www.eldigitaldeasturias.com\/noticias\/wp-content\/uploads\/2014\/10\/6730135w3-100x70.jpg 100w, https:\/\/www.eldigitaldeasturias.com\/noticias\/wp-content\/uploads\/2014\/10\/6730135w3.jpg 800w\" sizes=\"auto, (max-width: 360px) 100vw, 360px\" \/>El \u00cdndice de Precios al Consumo (IPC) aument\u00f3 en noviembre el 0,7% en tasa interanual, al igual que en octubre, seg\u00fan cifras publicadas por el Instituto Nacional de Estad\u00edstica (INE). Esta tasa coincide con la adelantada por el INE a finales del mes pasado.<\/p>\n<p>\u200bLa estabilidad en la tasa interanual del IPC se debe a que la aceleraci\u00f3n de los precios de servicios y alimentaci\u00f3n no elaborada, compens\u00f3 la desaceleraci\u00f3n de alimentaci\u00f3n elaborada y energ\u00eda, mientras que la inflaci\u00f3n de bienes industriales no energ\u00e9ticos (BINE) se estabiliz\u00f3. La tasa media anual se situ\u00f3 en noviembre en el -0,4%. En t\u00e9rminos intermensuales, el IPC general se increment\u00f3 el 0,4%, tasa id\u00e9ntica a la del mismo mes de 2015.<\/p>\n<p>Los precios de los productos energ\u00e9ticos cayeron en noviembre un 0,5% interanual, frente a la pr\u00e1ctica estabilizaci\u00f3n registrada en octubre (0,1%). Esta evoluci\u00f3n se explica, principalmente, por los carburantes y lubricantes, que se desaceleraron 1,2 puntos, hasta el 0,2%, y, en menor medida, por la electricidad, que se desaceler\u00f3 tres d\u00e9cimas, hasta el 0,6%.<\/p>\n<p>La inflaci\u00f3n de la alimentaci\u00f3n se situ\u00f3 en noviembre en el 0,4%, una d\u00e9cima superior a la del mes precedente, debido a la aceleraci\u00f3n de los precios de los alimentos no elaborados, cuya tasa se increment\u00f3 cuatro d\u00e9cimas, hasta situarse en el 0,6%. Esta evoluci\u00f3n responde, principalmente, a los precios de las legumbres y hortalizas frescas, que moderaron su ca\u00edda m\u00e1s de cuatro puntos, hasta el 1,1%. Los precios de la alimentaci\u00f3n elaborada se desaceleraron una d\u00e9cima, hasta el 0,3% interanual.<\/p>\n<p>La inflaci\u00f3n subyacente (que excluye la alimentaci\u00f3n no elaborada y la energ\u00eda, que son los elementos m\u00e1s vol\u00e1tiles del IPC) se mantuvo en noviembre en el 0,8%, debido a que la ligera aceleraci\u00f3n de los precios de servicios, de una d\u00e9cima, hasta el 1,2%, compens\u00f3 la desaceleraci\u00f3n de igual magnitud de los precios de los alimentos elaborados (hasta el 0,3%), mientras que los BINE mantuvieron su ritmo de crecimiento anual en el 0,6%.<\/p>\n<p>En t\u00e9rminos intermensuales, el IPC creci\u00f3 en noviembre un 0,4%, al igual que en el mismo mes de 2015. Por componentes, los precios de los productos energ\u00e9ticos permanecieron estables, tras el aumento del 0,7% de un a\u00f1o antes; los de servicios se redujeron un 0,1%, frente a la ca\u00edda del 0,2% del mismo mes de 2015; los de los BINE aumentaron un 1,5%, lo mismo que en noviembre del pasado a\u00f1o; y los de alimentaci\u00f3n cayeron el 0,1%, una d\u00e9cima menos que un a\u00f1o antes.<\/p>\n<p>Dentro del grupo de alimentaci\u00f3n, los precios de los alimentos no elaborados registraron una tasa intermensual en noviembre del -0,4%, cuatro d\u00e9cimas superior a la del mismo mes de 2015, mientras que los de los alimentos elaborados se estabilizaron, frente a la subida del 0,1% de un a\u00f1o antes. Dentro de la alimentaci\u00f3n no elaborada, los precios de las legumbres y hortalizas frescas disminuyeron el 0,3%, frente a la ca\u00edda del 4,8% de un a\u00f1o antes.<\/p>\n<p>La tasa interanual del IPC disminuy\u00f3 en noviembre en ocho comunidades aut\u00f3nomas, se mantuvo en seis y aument\u00f3 en tres, permaneciendo en niveles positivos en todas ellas. Los mayores descensos de la tasa interanual se registraron en Cantabria, que pasa de 0,8% a 0,6%, y Principado de Asturias, que pasa de 1,0% a 0,8%, y la mayor subida, en Canarias, que pasa de 0,6% a 0,8%. Las mayores tasas de inflaci\u00f3n se registraron en Catalu\u00f1a y Navarra (1% y 0,9%, respectivamente), y las menores, en La Rioja y Comunidad Valenciana (0,4%, ambas).<\/p>\n<p>La tasa interanual del IPC a impuestos constantes se situ\u00f3 en noviembre en el 0,7%, al igual que la del IPC general.<\/p>\n<p>El INE ha publicado asimismo el IPC armonizado (IPCA) correspondiente al mes de noviembre, cuya tasa de variaci\u00f3n anual se sit\u00faa en el 0,5%, al igual que en octubre. Esta tasa es una d\u00e9cima inferior a la adelantada por Eurostat para la zona euro (0,6%, frente a 0,5% en el mes previo), resultando as\u00ed un diferencial de inflaci\u00f3n favorable a Espa\u00f1a respecto a la zona euro de una d\u00e9cima, frente al diferencial nulo registrado en octubre.<\/p>\n<p>En resumen, la tasa interanual del IPC se mantuvo en noviembre en el 0,7%, al compensarse los incrementos en las tasas registradas en los precios de los servicios y los alimentos no elaborados, con las disminuciones en las de los productos energ\u00e9ticos y los alimentos elaborados. La inflaci\u00f3n subyacente se mantiene en el 0,8% y vuelve a registrarse un diferencial de inflaci\u00f3n favorable a Espa\u00f1a frente a la zona euro, de una d\u00e9cima, manteni\u00e9ndose la competitividad-precio de la econom\u00eda espa\u00f1ola.<\/p>\n<p>&nbsp;<\/p>\n<p>&nbsp;<\/p>\n","protected":false},"excerpt":{"rendered":"<p>El \u00cdndice de Precios al Consumo (IPC) aument\u00f3 en noviembre el 0,7% en tasa interanual, al igual que en octubre, seg\u00fan cifras publicadas por el Instituto Nacional de Estad\u00edstica (INE). Esta tasa coincide con la adelantada por el INE a finales del mes pasado. \u200bLa estabilidad en la tasa interanual del IPC se debe a [&hellip;]<\/p>\n","protected":false},"author":1,"featured_media":747902,"comment_status":"closed","ping_status":"closed","sticky":false,"template":"","format":"standard","meta":{"footnotes":""},"categories":[141],"tags":[],"class_list":["post-919162","post","type-post","status-publish","format-standard","has-post-thumbnail","hentry","category-destacadas"],"aioseo_notices":[],"aioseo_head":"\n\t\t<!-- All in One SEO Pro 4.9.6.2 - aioseo.com -->\n\t<meta name=\"description\" content=\"El \u00cdndice de Precios al Consumo (IPC) aument\u00f3 en noviembre el 0,7% en tasa interanual, al igual que en octubre, seg\u00fan cifras publicadas por el Instituto Nacional de Estad\u00edstica (INE). Esta tasa coincide con la adelantada por el INE a finales del mes pasado. \u200bLa estabilidad en la tasa interanual del IPC se debe a\" \/>\n\t<meta name=\"robots\" content=\"max-image-preview:large\" \/>\n\t<meta name=\"author\" content=\"El Digital de Asturias\"\/>\n\t<meta name=\"google-site-verification\" content=\"UA-38556648-1\" \/>\n\t<meta name=\"msvalidate.01\" content=\"7dfe9f3f1b24437ab69f4f2559babe99\" \/>\n\t<meta name=\"keywords\" content=\"destacadas\" \/>\n\t<link rel=\"canonical\" href=\"https:\/\/www.eldigitaldeasturias.com\/noticias\/la-inflacion-se-estabiliza-en-el-07\/\" \/>\n\t<meta name=\"generator\" content=\"All in One SEO Pro (AIOSEO) 4.9.6.2\" \/>\n\t\t<meta property=\"og:locale\" content=\"es_ES\" \/>\n\t\t<meta property=\"og:site_name\" content=\"El Digital de Asturias\" \/>\n\t\t<meta property=\"og:type\" content=\"article\" \/>\n\t\t<meta property=\"og:title\" content=\"La inflaci\u00f3n se estabiliza en el 0,7% - El Digital de Asturias\" \/>\n\t\t<meta property=\"og:description\" content=\"El \u00cdndice de Precios al Consumo (IPC) aument\u00f3 en noviembre el 0,7% en tasa interanual, al igual que en octubre, seg\u00fan cifras publicadas por el Instituto Nacional de Estad\u00edstica (INE). Esta tasa coincide con la adelantada por el INE a finales del mes pasado. \u200bLa estabilidad en la tasa interanual del IPC se debe a\" \/>\n\t\t<meta property=\"og:url\" content=\"https:\/\/www.eldigitaldeasturias.com\/noticias\/la-inflacion-se-estabiliza-en-el-07\/\" \/>\n\t\t<meta property=\"og:image\" content=\"https:\/\/www.eldigitaldeasturias.com\/noticias\/wp-content\/uploads\/2015\/01\/comercio1.jpg\" \/>\n\t\t<meta property=\"og:image:secure_url\" content=\"https:\/\/www.eldigitaldeasturias.com\/noticias\/wp-content\/uploads\/2015\/01\/comercio1.jpg\" \/>\n\t\t<meta property=\"og:image:width\" content=\"800\" \/>\n\t\t<meta property=\"og:image:height\" content=\"533\" \/>\n\t\t<meta property=\"article:tag\" content=\"destacadas\" \/>\n\t\t<meta property=\"article:published_time\" content=\"2016-12-13T17:08:23+00:00\" \/>\n\t\t<meta property=\"article:modified_time\" content=\"2016-12-13T17:08:23+00:00\" \/>\n\t\t<meta property=\"article:publisher\" content=\"https:\/\/facebook.com\/eldigitaldeasturias\" \/>\n\t\t<meta name=\"twitter:card\" content=\"summary_large_image\" \/>\n\t\t<meta name=\"twitter:title\" content=\"La inflaci\u00f3n se estabiliza en el 0,7% - El Digital de Asturias\" \/>\n\t\t<meta name=\"twitter:description\" content=\"El \u00cdndice de Precios al Consumo (IPC) aument\u00f3 en noviembre el 0,7% en tasa interanual, al igual que en octubre, seg\u00fan cifras publicadas por el Instituto Nacional de Estad\u00edstica (INE). Esta tasa coincide con la adelantada por el INE a finales del mes pasado. \u200bLa estabilidad en la tasa interanual del IPC se debe a\" \/>\n\t\t<meta name=\"twitter:image\" content=\"https:\/\/www.eldigitaldeasturias.com\/noticias\/wp-content\/uploads\/2015\/01\/comercio1.jpg\" \/>\n\t\t<meta name=\"twitter:label1\" content=\"Escrito por\" \/>\n\t\t<meta name=\"twitter:data1\" content=\"El Digital de Asturias\" \/>\n\t\t<meta name=\"twitter:label2\" content=\"Tiempo de lectura estimado\" \/>\n\t\t<meta name=\"twitter:data2\" content=\"4 minutos\" \/>\n\t\t<script type=\"application\/ld+json\" class=\"aioseo-schema\">\n\t\t\t{\"@context\":\"https:\\\/\\\/schema.org\",\"@graph\":[{\"@type\":\"BlogPosting\",\"@id\":\"https:\\\/\\\/www.eldigitaldeasturias.com\\\/noticias\\\/la-inflacion-se-estabiliza-en-el-07\\\/#blogposting\",\"name\":\"La inflaci\\u00f3n se estabiliza en el 0,7% - El Digital de Asturias\",\"headline\":\"La inflaci\\u00f3n se estabiliza en el 0,7%\",\"author\":{\"@id\":\"https:\\\/\\\/www.eldigitaldeasturias.com\\\/noticias\\\/author\\\/admin\\\/#author\"},\"publisher\":{\"@id\":\"https:\\\/\\\/www.eldigitaldeasturias.com\\\/noticias\\\/#organization\"},\"image\":{\"@type\":\"ImageObject\",\"url\":\"https:\\\/\\\/www.eldigitaldeasturias.com\\\/noticias\\\/wp-content\\\/uploads\\\/2015\\\/01\\\/comercio1.jpg\",\"width\":800,\"height\":533},\"datePublished\":\"2016-12-13T17:08:23+01:00\",\"dateModified\":\"2016-12-13T17:08:23+01:00\",\"inLanguage\":\"es-ES\",\"mainEntityOfPage\":{\"@id\":\"https:\\\/\\\/www.eldigitaldeasturias.com\\\/noticias\\\/la-inflacion-se-estabiliza-en-el-07\\\/#webpage\"},\"isPartOf\":{\"@id\":\"https:\\\/\\\/www.eldigitaldeasturias.com\\\/noticias\\\/la-inflacion-se-estabiliza-en-el-07\\\/#webpage\"},\"articleSection\":\"Destacadas\"},{\"@type\":\"BreadcrumbList\",\"@id\":\"https:\\\/\\\/www.eldigitaldeasturias.com\\\/noticias\\\/la-inflacion-se-estabiliza-en-el-07\\\/#breadcrumblist\",\"itemListElement\":[{\"@type\":\"ListItem\",\"@id\":\"https:\\\/\\\/www.eldigitaldeasturias.com\\\/noticias#listItem\",\"position\":1,\"name\":\"Home\",\"item\":\"https:\\\/\\\/www.eldigitaldeasturias.com\\\/noticias\",\"nextItem\":{\"@type\":\"ListItem\",\"@id\":\"https:\\\/\\\/www.eldigitaldeasturias.com\\\/noticias\\\/category\\\/destacadas\\\/#listItem\",\"name\":\"Destacadas\"}},{\"@type\":\"ListItem\",\"@id\":\"https:\\\/\\\/www.eldigitaldeasturias.com\\\/noticias\\\/category\\\/destacadas\\\/#listItem\",\"position\":2,\"name\":\"Destacadas\",\"item\":\"https:\\\/\\\/www.eldigitaldeasturias.com\\\/noticias\\\/category\\\/destacadas\\\/\",\"nextItem\":{\"@type\":\"ListItem\",\"@id\":\"https:\\\/\\\/www.eldigitaldeasturias.com\\\/noticias\\\/la-inflacion-se-estabiliza-en-el-07\\\/#listItem\",\"name\":\"La inflaci\\u00f3n se estabiliza en el 0,7%\"},\"previousItem\":{\"@type\":\"ListItem\",\"@id\":\"https:\\\/\\\/www.eldigitaldeasturias.com\\\/noticias#listItem\",\"name\":\"Home\"}},{\"@type\":\"ListItem\",\"@id\":\"https:\\\/\\\/www.eldigitaldeasturias.com\\\/noticias\\\/la-inflacion-se-estabiliza-en-el-07\\\/#listItem\",\"position\":3,\"name\":\"La inflaci\\u00f3n se estabiliza en el 0,7%\",\"previousItem\":{\"@type\":\"ListItem\",\"@id\":\"https:\\\/\\\/www.eldigitaldeasturias.com\\\/noticias\\\/category\\\/destacadas\\\/#listItem\",\"name\":\"Destacadas\"}}]},{\"@type\":\"Organization\",\"@id\":\"https:\\\/\\\/www.eldigitaldeasturias.com\\\/noticias\\\/#organization\",\"name\":\"El Digital de Asturias\",\"description\":\"Hemeroteca\",\"url\":\"https:\\\/\\\/www.eldigitaldeasturias.com\\\/noticias\\\/\",\"email\":\"info@eldigitaldeasturias.com\",\"telephone\":\"+34652131393\",\"logo\":{\"@type\":\"ImageObject\",\"url\":\"https:\\\/\\\/www.eldigitaldeasturias.com\\\/noticias\\\/wp-content\\\/uploads\\\/2020\\\/12\\\/EDA.jpg\",\"@id\":\"https:\\\/\\\/www.eldigitaldeasturias.com\\\/noticias\\\/la-inflacion-se-estabiliza-en-el-07\\\/#organizationLogo\",\"width\":649,\"height\":297},\"image\":{\"@id\":\"https:\\\/\\\/www.eldigitaldeasturias.com\\\/noticias\\\/la-inflacion-se-estabiliza-en-el-07\\\/#organizationLogo\"},\"sameAs\":[\"https:\\\/\\\/facebook.com\\\/eldigitaldeasturias\",\"https:\\\/\\\/www.youtube.com\\\/channel\\\/UCZP-2wLEB9Rv6erhFmqVnvg\"],\"address\":{\"@id\":\"https:\\\/\\\/www.eldigitaldeasturias.com\\\/noticias\\\/#postaladdress\",\"@type\":\"PostalAddress\",\"streetAddress\":\"san antonio 4,\",\"postalCode\":\"33430\",\"addressLocality\":\"Cand\\u00e1s\",\"addressRegion\":\"Asturias\",\"addressCountry\":\"ES\"}},{\"@type\":\"Person\",\"@id\":\"https:\\\/\\\/www.eldigitaldeasturias.com\\\/noticias\\\/author\\\/admin\\\/#author\",\"url\":\"https:\\\/\\\/www.eldigitaldeasturias.com\\\/noticias\\\/author\\\/admin\\\/\",\"name\":\"El Digital de Asturias\",\"image\":{\"@type\":\"ImageObject\",\"@id\":\"https:\\\/\\\/www.eldigitaldeasturias.com\\\/noticias\\\/la-inflacion-se-estabiliza-en-el-07\\\/#authorImage\",\"url\":\"https:\\\/\\\/www.eldigitaldeasturias.com\\\/noticias\\\/wp-content\\\/litespeed\\\/avatar\\\/18677e78aa0546b92d9dbf31ec7d7668.jpg?ver=1777290358\",\"width\":96,\"height\":96,\"caption\":\"El Digital de Asturias\"}},{\"@type\":\"WebPage\",\"@id\":\"https:\\\/\\\/www.eldigitaldeasturias.com\\\/noticias\\\/la-inflacion-se-estabiliza-en-el-07\\\/#webpage\",\"url\":\"https:\\\/\\\/www.eldigitaldeasturias.com\\\/noticias\\\/la-inflacion-se-estabiliza-en-el-07\\\/\",\"name\":\"La inflaci\\u00f3n se estabiliza en el 0,7% - El Digital de Asturias\",\"description\":\"El \\u00cdndice de Precios al Consumo (IPC) aument\\u00f3 en noviembre el 0,7% en tasa interanual, al igual que en octubre, seg\\u00fan cifras publicadas por el Instituto Nacional de Estad\\u00edstica (INE). Esta tasa coincide con la adelantada por el INE a finales del mes pasado. \\u200bLa estabilidad en la tasa interanual del IPC se debe a\",\"inLanguage\":\"es-ES\",\"isPartOf\":{\"@id\":\"https:\\\/\\\/www.eldigitaldeasturias.com\\\/noticias\\\/#website\"},\"breadcrumb\":{\"@id\":\"https:\\\/\\\/www.eldigitaldeasturias.com\\\/noticias\\\/la-inflacion-se-estabiliza-en-el-07\\\/#breadcrumblist\"},\"author\":{\"@id\":\"https:\\\/\\\/www.eldigitaldeasturias.com\\\/noticias\\\/author\\\/admin\\\/#author\"},\"creator\":{\"@id\":\"https:\\\/\\\/www.eldigitaldeasturias.com\\\/noticias\\\/author\\\/admin\\\/#author\"},\"image\":{\"@type\":\"ImageObject\",\"url\":\"https:\\\/\\\/www.eldigitaldeasturias.com\\\/noticias\\\/wp-content\\\/uploads\\\/2015\\\/01\\\/comercio1.jpg\",\"@id\":\"https:\\\/\\\/www.eldigitaldeasturias.com\\\/noticias\\\/la-inflacion-se-estabiliza-en-el-07\\\/#mainImage\",\"width\":800,\"height\":533},\"primaryImageOfPage\":{\"@id\":\"https:\\\/\\\/www.eldigitaldeasturias.com\\\/noticias\\\/la-inflacion-se-estabiliza-en-el-07\\\/#mainImage\"},\"datePublished\":\"2016-12-13T17:08:23+01:00\",\"dateModified\":\"2016-12-13T17:08:23+01:00\"},{\"@type\":\"WebSite\",\"@id\":\"https:\\\/\\\/www.eldigitaldeasturias.com\\\/noticias\\\/#website\",\"url\":\"https:\\\/\\\/www.eldigitaldeasturias.com\\\/noticias\\\/\",\"name\":\"El Digital de Asturias - Diario de actualidad y noticias\",\"alternateName\":\"El Digital de Asturias - Diario de actualidad y noticias\",\"description\":\"Hemeroteca\",\"inLanguage\":\"es-ES\",\"publisher\":{\"@id\":\"https:\\\/\\\/www.eldigitaldeasturias.com\\\/noticias\\\/#organization\"}}]}\n\t\t<\/script>\n\t\t<!-- All in One SEO Pro -->\r\n\t\t<title>La inflaci\u00f3n se estabiliza en el 0,7% - El Digital de Asturias<\/title>\n\n","aioseo_head_json":{"title":"La inflaci\u00f3n se estabiliza en el 0,7% - El Digital de Asturias","description":"El \u00cdndice de Precios al Consumo (IPC) aument\u00f3 en noviembre el 0,7% en tasa interanual, al igual que en octubre, seg\u00fan cifras publicadas por el Instituto Nacional de Estad\u00edstica (INE). Esta tasa coincide con la adelantada por el INE a finales del mes pasado. \u200bLa estabilidad en la tasa interanual del IPC se debe a","canonical_url":"https:\/\/www.eldigitaldeasturias.com\/noticias\/la-inflacion-se-estabiliza-en-el-07\/","robots":"max-image-preview:large","keywords":"destacadas","webmasterTools":{"google-site-verification":"UA-38556648-1","msvalidate.01":"7dfe9f3f1b24437ab69f4f2559babe99","miscellaneous":""},"schema":{"@context":"https:\/\/schema.org","@graph":[{"@type":"BlogPosting","@id":"https:\/\/www.eldigitaldeasturias.com\/noticias\/la-inflacion-se-estabiliza-en-el-07\/#blogposting","name":"La inflaci\u00f3n se estabiliza en el 0,7% - El Digital de Asturias","headline":"La inflaci\u00f3n se estabiliza en el 0,7%","author":{"@id":"https:\/\/www.eldigitaldeasturias.com\/noticias\/author\/admin\/#author"},"publisher":{"@id":"https:\/\/www.eldigitaldeasturias.com\/noticias\/#organization"},"image":{"@type":"ImageObject","url":"https:\/\/www.eldigitaldeasturias.com\/noticias\/wp-content\/uploads\/2015\/01\/comercio1.jpg","width":800,"height":533},"datePublished":"2016-12-13T17:08:23+01:00","dateModified":"2016-12-13T17:08:23+01:00","inLanguage":"es-ES","mainEntityOfPage":{"@id":"https:\/\/www.eldigitaldeasturias.com\/noticias\/la-inflacion-se-estabiliza-en-el-07\/#webpage"},"isPartOf":{"@id":"https:\/\/www.eldigitaldeasturias.com\/noticias\/la-inflacion-se-estabiliza-en-el-07\/#webpage"},"articleSection":"Destacadas"},{"@type":"BreadcrumbList","@id":"https:\/\/www.eldigitaldeasturias.com\/noticias\/la-inflacion-se-estabiliza-en-el-07\/#breadcrumblist","itemListElement":[{"@type":"ListItem","@id":"https:\/\/www.eldigitaldeasturias.com\/noticias#listItem","position":1,"name":"Home","item":"https:\/\/www.eldigitaldeasturias.com\/noticias","nextItem":{"@type":"ListItem","@id":"https:\/\/www.eldigitaldeasturias.com\/noticias\/category\/destacadas\/#listItem","name":"Destacadas"}},{"@type":"ListItem","@id":"https:\/\/www.eldigitaldeasturias.com\/noticias\/category\/destacadas\/#listItem","position":2,"name":"Destacadas","item":"https:\/\/www.eldigitaldeasturias.com\/noticias\/category\/destacadas\/","nextItem":{"@type":"ListItem","@id":"https:\/\/www.eldigitaldeasturias.com\/noticias\/la-inflacion-se-estabiliza-en-el-07\/#listItem","name":"La inflaci\u00f3n se estabiliza en el 0,7%"},"previousItem":{"@type":"ListItem","@id":"https:\/\/www.eldigitaldeasturias.com\/noticias#listItem","name":"Home"}},{"@type":"ListItem","@id":"https:\/\/www.eldigitaldeasturias.com\/noticias\/la-inflacion-se-estabiliza-en-el-07\/#listItem","position":3,"name":"La inflaci\u00f3n se estabiliza en el 0,7%","previousItem":{"@type":"ListItem","@id":"https:\/\/www.eldigitaldeasturias.com\/noticias\/category\/destacadas\/#listItem","name":"Destacadas"}}]},{"@type":"Organization","@id":"https:\/\/www.eldigitaldeasturias.com\/noticias\/#organization","name":"El Digital de Asturias","description":"Hemeroteca","url":"https:\/\/www.eldigitaldeasturias.com\/noticias\/","email":"info@eldigitaldeasturias.com","telephone":"+34652131393","logo":{"@type":"ImageObject","url":"https:\/\/www.eldigitaldeasturias.com\/noticias\/wp-content\/uploads\/2020\/12\/EDA.jpg","@id":"https:\/\/www.eldigitaldeasturias.com\/noticias\/la-inflacion-se-estabiliza-en-el-07\/#organizationLogo","width":649,"height":297},"image":{"@id":"https:\/\/www.eldigitaldeasturias.com\/noticias\/la-inflacion-se-estabiliza-en-el-07\/#organizationLogo"},"sameAs":["https:\/\/facebook.com\/eldigitaldeasturias","https:\/\/www.youtube.com\/channel\/UCZP-2wLEB9Rv6erhFmqVnvg"],"address":{"@id":"https:\/\/www.eldigitaldeasturias.com\/noticias\/#postaladdress","@type":"PostalAddress","streetAddress":"san antonio 4,","postalCode":"33430","addressLocality":"Cand\u00e1s","addressRegion":"Asturias","addressCountry":"ES"}},{"@type":"Person","@id":"https:\/\/www.eldigitaldeasturias.com\/noticias\/author\/admin\/#author","url":"https:\/\/www.eldigitaldeasturias.com\/noticias\/author\/admin\/","name":"El Digital de Asturias","image":{"@type":"ImageObject","@id":"https:\/\/www.eldigitaldeasturias.com\/noticias\/la-inflacion-se-estabiliza-en-el-07\/#authorImage","url":"https:\/\/www.eldigitaldeasturias.com\/noticias\/wp-content\/litespeed\/avatar\/18677e78aa0546b92d9dbf31ec7d7668.jpg?ver=1777290358","width":96,"height":96,"caption":"El Digital de Asturias"}},{"@type":"WebPage","@id":"https:\/\/www.eldigitaldeasturias.com\/noticias\/la-inflacion-se-estabiliza-en-el-07\/#webpage","url":"https:\/\/www.eldigitaldeasturias.com\/noticias\/la-inflacion-se-estabiliza-en-el-07\/","name":"La inflaci\u00f3n se estabiliza en el 0,7% - El Digital de Asturias","description":"El \u00cdndice de Precios al Consumo (IPC) aument\u00f3 en noviembre el 0,7% en tasa interanual, al igual que en octubre, seg\u00fan cifras publicadas por el Instituto Nacional de Estad\u00edstica (INE). Esta tasa coincide con la adelantada por el INE a finales del mes pasado. \u200bLa estabilidad en la tasa interanual del IPC se debe a","inLanguage":"es-ES","isPartOf":{"@id":"https:\/\/www.eldigitaldeasturias.com\/noticias\/#website"},"breadcrumb":{"@id":"https:\/\/www.eldigitaldeasturias.com\/noticias\/la-inflacion-se-estabiliza-en-el-07\/#breadcrumblist"},"author":{"@id":"https:\/\/www.eldigitaldeasturias.com\/noticias\/author\/admin\/#author"},"creator":{"@id":"https:\/\/www.eldigitaldeasturias.com\/noticias\/author\/admin\/#author"},"image":{"@type":"ImageObject","url":"https:\/\/www.eldigitaldeasturias.com\/noticias\/wp-content\/uploads\/2015\/01\/comercio1.jpg","@id":"https:\/\/www.eldigitaldeasturias.com\/noticias\/la-inflacion-se-estabiliza-en-el-07\/#mainImage","width":800,"height":533},"primaryImageOfPage":{"@id":"https:\/\/www.eldigitaldeasturias.com\/noticias\/la-inflacion-se-estabiliza-en-el-07\/#mainImage"},"datePublished":"2016-12-13T17:08:23+01:00","dateModified":"2016-12-13T17:08:23+01:00"},{"@type":"WebSite","@id":"https:\/\/www.eldigitaldeasturias.com\/noticias\/#website","url":"https:\/\/www.eldigitaldeasturias.com\/noticias\/","name":"El Digital de Asturias - Diario de actualidad y noticias","alternateName":"El Digital de Asturias - Diario de actualidad y noticias","description":"Hemeroteca","inLanguage":"es-ES","publisher":{"@id":"https:\/\/www.eldigitaldeasturias.com\/noticias\/#organization"}}]},"og:locale":"es_ES","og:site_name":"El Digital de Asturias","og:type":"article","og:title":"La inflaci\u00f3n se estabiliza en el 0,7% - El Digital de Asturias","og:description":"El \u00cdndice de Precios al Consumo (IPC) aument\u00f3 en noviembre el 0,7% en tasa interanual, al igual que en octubre, seg\u00fan cifras publicadas por el Instituto Nacional de Estad\u00edstica (INE). Esta tasa coincide con la adelantada por el INE a finales del mes pasado. \u200bLa estabilidad en la tasa interanual del IPC se debe a","og:url":"https:\/\/www.eldigitaldeasturias.com\/noticias\/la-inflacion-se-estabiliza-en-el-07\/","og:image":"https:\/\/www.eldigitaldeasturias.com\/noticias\/wp-content\/uploads\/2015\/01\/comercio1.jpg","og:image:secure_url":"https:\/\/www.eldigitaldeasturias.com\/noticias\/wp-content\/uploads\/2015\/01\/comercio1.jpg","og:image:width":800,"og:image:height":533,"article:tag":["destacadas"],"article:published_time":"2016-12-13T17:08:23+00:00","article:modified_time":"2016-12-13T17:08:23+00:00","article:publisher":"https:\/\/facebook.com\/eldigitaldeasturias","twitter:card":"summary_large_image","twitter:title":"La inflaci\u00f3n se estabiliza en el 0,7% - El Digital de Asturias","twitter:description":"El \u00cdndice de Precios al Consumo (IPC) aument\u00f3 en noviembre el 0,7% en tasa interanual, al igual que en octubre, seg\u00fan cifras publicadas por el Instituto Nacional de Estad\u00edstica (INE). Esta tasa coincide con la adelantada por el INE a finales del mes pasado. \u200bLa estabilidad en la tasa interanual del IPC se debe a","twitter:image":"https:\/\/www.eldigitaldeasturias.com\/noticias\/wp-content\/uploads\/2015\/01\/comercio1.jpg","twitter:label1":"Escrito por","twitter:data1":"El Digital de Asturias","twitter:label2":"Tiempo de lectura estimado","twitter:data2":"4 minutos"},"aioseo_meta_data":{"post_id":"919162","title":null,"description":null,"keywords":null,"keyphrases":null,"primary_term":null,"canonical_url":null,"og_title":null,"og_description":null,"og_object_type":"default","og_image_type":"default","og_image_url":null,"og_image_width":null,"og_image_height":null,"og_image_custom_url":null,"og_image_custom_fields":null,"og_video":null,"og_custom_url":null,"og_article_section":null,"og_article_tags":null,"twitter_use_og":false,"twitter_card":"default","twitter_image_type":"default","twitter_image_url":null,"twitter_image_custom_url":null,"twitter_image_custom_fields":null,"twitter_title":null,"twitter_description":null,"schema":{"blockGraphs":[],"customGraphs":[],"default":{"data":{"Article":[],"Course":[],"Dataset":[],"FAQPage":[],"Movie":[],"Person":[],"Product":[],"ProductReview":[],"Car":[],"Recipe":[],"Service":[],"SoftwareApplication":[],"WebPage":[]},"graphName":"","isEnabled":true},"graphs":[],"defaultGraph":"","defaultPostTypeGraph":""},"schema_type":null,"schema_type_options":null,"pillar_content":false,"robots_default":true,"robots_noindex":false,"robots_noarchive":false,"robots_nosnippet":false,"robots_nofollow":false,"robots_noimageindex":false,"robots_noodp":false,"robots_notranslate":false,"robots_max_snippet":null,"robots_max_videopreview":null,"robots_max_imagepreview":"large","priority":null,"frequency":null,"local_seo":null,"seo_analyzer_scan_date":"2025-12-02 05:45:12","breadcrumb_settings":null,"limit_modified_date":false,"open_ai":null,"ai":null,"created":"2020-12-21 13:50:50","updated":"2025-12-02 05:45:12"},"aioseo_breadcrumb":"<div class=\"aioseo-breadcrumbs\"><span class=\"aioseo-breadcrumb\">\n\t<a href=\"https:\/\/www.eldigitaldeasturias.com\/noticias\" title=\"Home\">Home<\/a>\n<\/span><span class=\"aioseo-breadcrumb-separator\">\u2013<\/span><span class=\"aioseo-breadcrumb\">\n\t<a href=\"https:\/\/www.eldigitaldeasturias.com\/noticias\/category\/destacadas\/\" title=\"Destacadas\">Destacadas<\/a>\n<\/span><span class=\"aioseo-breadcrumb-separator\">\u2013<\/span><span class=\"aioseo-breadcrumb\">\n\t<a href=\"https:\/\/www.eldigitaldeasturias.com\/noticias\/la-inflacion-se-estabiliza-en-el-07\/\" title=\"La inflaci\u00f3n se estabiliza en el 0,7%\">La inflaci\u00f3n se estabiliza en el 0,7%<\/a>\n<\/span><\/div>","aioseo_breadcrumb_json":[{"label":"Home","link":"https:\/\/www.eldigitaldeasturias.com\/noticias"},{"label":"Destacadas","link":"https:\/\/www.eldigitaldeasturias.com\/noticias\/category\/destacadas\/"},{"label":"La inflaci\u00f3n se estabiliza en el 0,7%","link":"https:\/\/www.eldigitaldeasturias.com\/noticias\/la-inflacion-se-estabiliza-en-el-07\/"}],"_links":{"self":[{"href":"https:\/\/www.eldigitaldeasturias.com\/noticias\/wp-json\/wp\/v2\/posts\/919162","targetHints":{"allow":["GET"]}}],"collection":[{"href":"https:\/\/www.eldigitaldeasturias.com\/noticias\/wp-json\/wp\/v2\/posts"}],"about":[{"href":"https:\/\/www.eldigitaldeasturias.com\/noticias\/wp-json\/wp\/v2\/types\/post"}],"author":[{"embeddable":true,"href":"https:\/\/www.eldigitaldeasturias.com\/noticias\/wp-json\/wp\/v2\/users\/1"}],"replies":[{"embeddable":true,"href":"https:\/\/www.eldigitaldeasturias.com\/noticias\/wp-json\/wp\/v2\/comments?post=919162"}],"version-history":[{"count":0,"href":"https:\/\/www.eldigitaldeasturias.com\/noticias\/wp-json\/wp\/v2\/posts\/919162\/revisions"}],"wp:featuredmedia":[{"embeddable":true,"href":"https:\/\/www.eldigitaldeasturias.com\/noticias\/wp-json\/wp\/v2\/media\/747902"}],"wp:attachment":[{"href":"https:\/\/www.eldigitaldeasturias.com\/noticias\/wp-json\/wp\/v2\/media?parent=919162"}],"wp:term":[{"taxonomy":"category","embeddable":true,"href":"https:\/\/www.eldigitaldeasturias.com\/noticias\/wp-json\/wp\/v2\/categories?post=919162"},{"taxonomy":"post_tag","embeddable":true,"href":"https:\/\/www.eldigitaldeasturias.com\/noticias\/wp-json\/wp\/v2\/tags?post=919162"}],"curies":[{"name":"wp","href":"https:\/\/api.w.org\/{rel}","templated":true}]}}