{"id":919098,"date":"2016-12-13T03:52:44","date_gmt":"2016-12-13T03:52:44","guid":{"rendered":"http:\/\/www.eldigitaldeasturias.com\/noticias\/?p=919098"},"modified":"2016-12-13T03:52:44","modified_gmt":"2016-12-13T03:52:44","slug":"535-millones-de-ninos-en-peligro","status":"publish","type":"post","link":"https:\/\/www.eldigitaldeasturias.com\/noticias\/535-millones-de-ninos-en-peligro\/","title":{"rendered":"535 millones de ni\u00f1os en peligro"},"content":{"rendered":"<p><img loading=\"lazy\" decoding=\"async\" class=\"alignleft size-medium wp-image-876914\" src=\"https:\/\/www.eldigitaldeasturias.com\/noticias\/wp-content\/uploads\/2016\/04\/Palestina-360x198.jpg\" alt=\"Palestina\" width=\"360\" height=\"198\" srcset=\"https:\/\/www.eldigitaldeasturias.com\/noticias\/wp-content\/uploads\/2016\/04\/Palestina-360x198.jpg 360w, https:\/\/www.eldigitaldeasturias.com\/noticias\/wp-content\/uploads\/2016\/04\/Palestina-650x357.jpg 650w, https:\/\/www.eldigitaldeasturias.com\/noticias\/wp-content\/uploads\/2016\/04\/Palestina.jpg 655w\" sizes=\"auto, (max-width: 360px) 100vw, 360px\" \/>Un n\u00famero estimado de 535 millones de ni\u00f1os, uno de cada cuatro, viven en pa\u00edses en conflicto, \u00absin protecci\u00f3n, sin acceso a sanidad y educaci\u00f3n de calidad y con problemas de nutrici\u00f3n\u00bb, seg\u00fan denunci\u00f3 hoy Unicef.<\/p>\n<p>Esta cifra, considerada \u00abcolosal\u00bb por el portavoz de esta organizaci\u00f3n, Cristoph Boulierac, ha sido publicada en un informe previo a la celebraci\u00f3n del 70 aniversario de la creaci\u00f3n del Fondo de las Naciones Unidas para la Infancia (Unicef).<\/p>\n<p>Los pa\u00edses de la \u00c1frica subsahariana acogen casi tres cuartas partes -393 millones- de los infantes amenazados por guerras y crisis humanitarias de todo tipo, seguidos por los estados de Oriente Medio y el norte de \u00c1frica, en los que residen el 12 % del total de los menores afectados.<\/p>\n<p>La mitad de los casi 50 millones de ni\u00f1os desplazados fueron alejados de sus casas por conflictos, se\u00f1ala Unicef, que se refiri\u00f3 con especial preocupaci\u00f3n a la situaci\u00f3n de los menores en Siria, Nigeria, Afganist\u00e1n, Yemen y Sud\u00e1n del Sur.<\/p>\n<p>El n\u00famero de ni\u00f1os que viven en las 16 \u00e1reas sitiadas de Siria, sin acceso a servicios b\u00e1sicos ni a ayuda humanitaria, se eleva a 500.000, de acuerdo con Unicef.<\/p>\n<p>En el nordeste de Nigeria un mill\u00f3n de ni\u00f1os se han visto obligados a huir de los ataques del grupo terrorista Boko Haram mientras que en Yemen ya son casi 10 millones les afectados por el conflicto que arrasa el estado de la pen\u00ednsula ar\u00e1biga.<\/p>\n<p>En Afganist\u00e1n y Sud\u00e1n del Sur aproximadamente la mitad de los infantes no reciben escolarizaci\u00f3n primaria.<\/p>\n<p>Por otro lado, la representante especial del secretario general de Naciones Unidas para la cuesti\u00f3n de los ni\u00f1os y los conflictos armados, Leila Zerrougui, denunci\u00f3 la presencia de ni\u00f1os soldados en estos cinco mismos pa\u00edses, adem\u00e1s de en Sud\u00e1n, Mali, Libia, Congo y Rep\u00fablica Centroafricana.<\/p>\n<p>\u00abNo hay duda que grupos armados alrededor del planeta est\u00e1n reclutando ni\u00f1os en sus filas de forma forzosa\u00bb, asegur\u00f3.<\/p>\n<p>La representante nombr\u00f3 a los grupos yihadistas Estado Isl\u00e1mico (EI), el frente de la Conquista del Levante (antiguo Frente al Nusra) y Boko Haram, como algunos de los \u00abactores no estatales\u00bb que llevan a cabo \u00e9sta pr\u00e1ctica.<\/p>\n<p>La diplom\u00e1tica se ha referido especialmente a la labor de radicalizaci\u00f3n que est\u00e1 llevando a cabo EI en los territorios que ocupa, donde \u00abest\u00e1 reclutando ni\u00f1os como estrategia de futuro, para preparar una nueva generaci\u00f3n que contin\u00fae con la lucha si ellos son derrotados\u00bb, explic\u00f3.<\/p>\n<p>Asimismo, Zerrougui denunci\u00f3 que los menores que huyen de zonas de conflictos son a menudo detenidos y capturados por ej\u00e9rcitos y milicias puesto que son percibidos como \u00abamenazas para la seguridad\u00bb en lugar de \u00abv\u00edctimas\u00bb, sobre todo si son chicos entre 14 y 20 a\u00f1os.<\/p>\n<p>Estos arrestos son frecuentes en Nigeria, pa\u00eds en el que, tan solo en 2016, unos 25 menores han cometido ataques suicidas en nombre de Boko Haram, y tambi\u00e9n en Siria, donde el temor a ser detenidos por las autoridades previene a la poblaci\u00f3n joven de huir de zonas asediadas, como Alepo oriental.<\/p>\n<p>Las detenciones arbitrarias y el maltrato a ni\u00f1os que han sido reclutados forzosamente \u00abno ayuda a derrotar a los grupos\u00bb que los obligaron a luchar en primer lugar, record\u00f3 la representante.<\/p>\n<p><em>La noticia \u00abUno de cada cuatro ni\u00f1os vive en pa\u00edses en conflicto: Unicef\u00bb fue publicada originalmente en El Heraldo de San Luis Potos\u00ed.<\/em><\/p>\n<p>&nbsp;<\/p>\n","protected":false},"excerpt":{"rendered":"<p>Un n\u00famero estimado de 535 millones de ni\u00f1os, uno de cada cuatro, viven en pa\u00edses en conflicto, \u00absin protecci\u00f3n, sin acceso a sanidad y educaci\u00f3n de calidad y con problemas de nutrici\u00f3n\u00bb, seg\u00fan denunci\u00f3 hoy Unicef. Esta cifra, considerada \u00abcolosal\u00bb por el portavoz de esta organizaci\u00f3n, Cristoph Boulierac, ha sido publicada en un informe previo [&hellip;]<\/p>\n","protected":false},"author":1,"featured_media":876914,"comment_status":"closed","ping_status":"closed","sticky":false,"template":"","format":"standard","meta":{"footnotes":""},"categories":[141],"tags":[],"class_list":["post-919098","post","type-post","status-publish","format-standard","has-post-thumbnail","hentry","category-destacadas"],"aioseo_notices":[],"aioseo_head":"\n\t\t<!-- All in One SEO Pro 4.9.6.2 - aioseo.com -->\n\t<meta name=\"description\" content=\"Un n\u00famero estimado de 535 millones de ni\u00f1os, uno de cada cuatro, viven en pa\u00edses en conflicto, &quot;sin protecci\u00f3n, sin acceso a sanidad y educaci\u00f3n de calidad y con problemas de nutrici\u00f3n&quot;, seg\u00fan denunci\u00f3 hoy Unicef. Esta cifra, considerada &quot;colosal&quot; por el portavoz de esta organizaci\u00f3n, Cristoph Boulierac, ha sido publicada en un informe previo\" \/>\n\t<meta name=\"robots\" content=\"max-image-preview:large\" \/>\n\t<meta name=\"author\" content=\"El Digital de Asturias\"\/>\n\t<meta name=\"google-site-verification\" content=\"UA-38556648-1\" \/>\n\t<meta name=\"msvalidate.01\" content=\"7dfe9f3f1b24437ab69f4f2559babe99\" \/>\n\t<meta name=\"keywords\" content=\"destacadas\" \/>\n\t<link rel=\"canonical\" href=\"https:\/\/www.eldigitaldeasturias.com\/noticias\/535-millones-de-ninos-en-peligro\/\" \/>\n\t<meta name=\"generator\" content=\"All in One SEO Pro (AIOSEO) 4.9.6.2\" \/>\n\t\t<meta property=\"og:locale\" content=\"es_ES\" \/>\n\t\t<meta property=\"og:site_name\" content=\"El Digital de Asturias\" \/>\n\t\t<meta property=\"og:type\" content=\"article\" \/>\n\t\t<meta property=\"og:title\" content=\"535 millones de ni\u00f1os en peligro - El Digital de Asturias\" \/>\n\t\t<meta property=\"og:description\" content=\"Un n\u00famero estimado de 535 millones de ni\u00f1os, uno de cada cuatro, viven en pa\u00edses en conflicto, &quot;sin protecci\u00f3n, sin acceso a sanidad y educaci\u00f3n de calidad y con problemas de nutrici\u00f3n&quot;, seg\u00fan denunci\u00f3 hoy Unicef. Esta cifra, considerada &quot;colosal&quot; por el portavoz de esta organizaci\u00f3n, Cristoph Boulierac, ha sido publicada en un informe previo\" \/>\n\t\t<meta property=\"og:url\" content=\"https:\/\/www.eldigitaldeasturias.com\/noticias\/535-millones-de-ninos-en-peligro\/\" \/>\n\t\t<meta property=\"og:image\" content=\"https:\/\/www.eldigitaldeasturias.com\/noticias\/wp-content\/uploads\/2016\/04\/Palestina.jpg\" \/>\n\t\t<meta property=\"og:image:secure_url\" content=\"https:\/\/www.eldigitaldeasturias.com\/noticias\/wp-content\/uploads\/2016\/04\/Palestina.jpg\" \/>\n\t\t<meta property=\"og:image:width\" content=\"655\" \/>\n\t\t<meta property=\"og:image:height\" content=\"360\" \/>\n\t\t<meta property=\"article:tag\" content=\"destacadas\" \/>\n\t\t<meta property=\"article:published_time\" content=\"2016-12-13T03:52:44+00:00\" \/>\n\t\t<meta property=\"article:modified_time\" content=\"2016-12-13T03:52:44+00:00\" \/>\n\t\t<meta property=\"article:publisher\" content=\"https:\/\/facebook.com\/eldigitaldeasturias\" \/>\n\t\t<meta name=\"twitter:card\" content=\"summary_large_image\" \/>\n\t\t<meta name=\"twitter:title\" content=\"535 millones de ni\u00f1os en peligro - El Digital de Asturias\" \/>\n\t\t<meta name=\"twitter:description\" content=\"Un n\u00famero estimado de 535 millones de ni\u00f1os, uno de cada cuatro, viven en pa\u00edses en conflicto, &quot;sin protecci\u00f3n, sin acceso a sanidad y educaci\u00f3n de calidad y con problemas de nutrici\u00f3n&quot;, seg\u00fan denunci\u00f3 hoy Unicef. Esta cifra, considerada &quot;colosal&quot; por el portavoz de esta organizaci\u00f3n, Cristoph Boulierac, ha sido publicada en un informe previo\" \/>\n\t\t<meta name=\"twitter:image\" content=\"https:\/\/www.eldigitaldeasturias.com\/noticias\/wp-content\/uploads\/2016\/04\/Palestina.jpg\" \/>\n\t\t<meta name=\"twitter:label1\" content=\"Escrito por\" \/>\n\t\t<meta name=\"twitter:data1\" content=\"El Digital de Asturias\" \/>\n\t\t<meta name=\"twitter:label2\" content=\"Tiempo de lectura estimado\" \/>\n\t\t<meta name=\"twitter:data2\" content=\"3 minutos\" \/>\n\t\t<script type=\"application\/ld+json\" class=\"aioseo-schema\">\n\t\t\t{\"@context\":\"https:\\\/\\\/schema.org\",\"@graph\":[{\"@type\":\"BlogPosting\",\"@id\":\"https:\\\/\\\/www.eldigitaldeasturias.com\\\/noticias\\\/535-millones-de-ninos-en-peligro\\\/#blogposting\",\"name\":\"535 millones de ni\\u00f1os en peligro - El Digital de Asturias\",\"headline\":\"535 millones de ni\\u00f1os en peligro\",\"author\":{\"@id\":\"https:\\\/\\\/www.eldigitaldeasturias.com\\\/noticias\\\/author\\\/admin\\\/#author\"},\"publisher\":{\"@id\":\"https:\\\/\\\/www.eldigitaldeasturias.com\\\/noticias\\\/#organization\"},\"image\":{\"@type\":\"ImageObject\",\"url\":\"https:\\\/\\\/www.eldigitaldeasturias.com\\\/noticias\\\/wp-content\\\/uploads\\\/2016\\\/04\\\/Palestina.jpg\",\"width\":655,\"height\":360},\"datePublished\":\"2016-12-13T03:52:44+01:00\",\"dateModified\":\"2016-12-13T03:52:44+01:00\",\"inLanguage\":\"es-ES\",\"mainEntityOfPage\":{\"@id\":\"https:\\\/\\\/www.eldigitaldeasturias.com\\\/noticias\\\/535-millones-de-ninos-en-peligro\\\/#webpage\"},\"isPartOf\":{\"@id\":\"https:\\\/\\\/www.eldigitaldeasturias.com\\\/noticias\\\/535-millones-de-ninos-en-peligro\\\/#webpage\"},\"articleSection\":\"Destacadas\"},{\"@type\":\"BreadcrumbList\",\"@id\":\"https:\\\/\\\/www.eldigitaldeasturias.com\\\/noticias\\\/535-millones-de-ninos-en-peligro\\\/#breadcrumblist\",\"itemListElement\":[{\"@type\":\"ListItem\",\"@id\":\"https:\\\/\\\/www.eldigitaldeasturias.com\\\/noticias#listItem\",\"position\":1,\"name\":\"Home\",\"item\":\"https:\\\/\\\/www.eldigitaldeasturias.com\\\/noticias\",\"nextItem\":{\"@type\":\"ListItem\",\"@id\":\"https:\\\/\\\/www.eldigitaldeasturias.com\\\/noticias\\\/category\\\/destacadas\\\/#listItem\",\"name\":\"Destacadas\"}},{\"@type\":\"ListItem\",\"@id\":\"https:\\\/\\\/www.eldigitaldeasturias.com\\\/noticias\\\/category\\\/destacadas\\\/#listItem\",\"position\":2,\"name\":\"Destacadas\",\"item\":\"https:\\\/\\\/www.eldigitaldeasturias.com\\\/noticias\\\/category\\\/destacadas\\\/\",\"nextItem\":{\"@type\":\"ListItem\",\"@id\":\"https:\\\/\\\/www.eldigitaldeasturias.com\\\/noticias\\\/535-millones-de-ninos-en-peligro\\\/#listItem\",\"name\":\"535 millones de ni\\u00f1os en peligro\"},\"previousItem\":{\"@type\":\"ListItem\",\"@id\":\"https:\\\/\\\/www.eldigitaldeasturias.com\\\/noticias#listItem\",\"name\":\"Home\"}},{\"@type\":\"ListItem\",\"@id\":\"https:\\\/\\\/www.eldigitaldeasturias.com\\\/noticias\\\/535-millones-de-ninos-en-peligro\\\/#listItem\",\"position\":3,\"name\":\"535 millones de ni\\u00f1os en peligro\",\"previousItem\":{\"@type\":\"ListItem\",\"@id\":\"https:\\\/\\\/www.eldigitaldeasturias.com\\\/noticias\\\/category\\\/destacadas\\\/#listItem\",\"name\":\"Destacadas\"}}]},{\"@type\":\"Organization\",\"@id\":\"https:\\\/\\\/www.eldigitaldeasturias.com\\\/noticias\\\/#organization\",\"name\":\"El Digital de Asturias\",\"description\":\"Hemeroteca\",\"url\":\"https:\\\/\\\/www.eldigitaldeasturias.com\\\/noticias\\\/\",\"email\":\"info@eldigitaldeasturias.com\",\"telephone\":\"+34652131393\",\"logo\":{\"@type\":\"ImageObject\",\"url\":\"https:\\\/\\\/www.eldigitaldeasturias.com\\\/noticias\\\/wp-content\\\/uploads\\\/2020\\\/12\\\/EDA.jpg\",\"@id\":\"https:\\\/\\\/www.eldigitaldeasturias.com\\\/noticias\\\/535-millones-de-ninos-en-peligro\\\/#organizationLogo\",\"width\":649,\"height\":297},\"image\":{\"@id\":\"https:\\\/\\\/www.eldigitaldeasturias.com\\\/noticias\\\/535-millones-de-ninos-en-peligro\\\/#organizationLogo\"},\"sameAs\":[\"https:\\\/\\\/facebook.com\\\/eldigitaldeasturias\",\"https:\\\/\\\/www.youtube.com\\\/channel\\\/UCZP-2wLEB9Rv6erhFmqVnvg\"],\"address\":{\"@id\":\"https:\\\/\\\/www.eldigitaldeasturias.com\\\/noticias\\\/#postaladdress\",\"@type\":\"PostalAddress\",\"streetAddress\":\"san antonio 4,\",\"postalCode\":\"33430\",\"addressLocality\":\"Cand\\u00e1s\",\"addressRegion\":\"Asturias\",\"addressCountry\":\"ES\"}},{\"@type\":\"Person\",\"@id\":\"https:\\\/\\\/www.eldigitaldeasturias.com\\\/noticias\\\/author\\\/admin\\\/#author\",\"url\":\"https:\\\/\\\/www.eldigitaldeasturias.com\\\/noticias\\\/author\\\/admin\\\/\",\"name\":\"El Digital de Asturias\",\"image\":{\"@type\":\"ImageObject\",\"@id\":\"https:\\\/\\\/www.eldigitaldeasturias.com\\\/noticias\\\/535-millones-de-ninos-en-peligro\\\/#authorImage\",\"url\":\"https:\\\/\\\/www.eldigitaldeasturias.com\\\/noticias\\\/wp-content\\\/litespeed\\\/avatar\\\/18677e78aa0546b92d9dbf31ec7d7668.jpg?ver=1777290358\",\"width\":96,\"height\":96,\"caption\":\"El Digital de Asturias\"}},{\"@type\":\"WebPage\",\"@id\":\"https:\\\/\\\/www.eldigitaldeasturias.com\\\/noticias\\\/535-millones-de-ninos-en-peligro\\\/#webpage\",\"url\":\"https:\\\/\\\/www.eldigitaldeasturias.com\\\/noticias\\\/535-millones-de-ninos-en-peligro\\\/\",\"name\":\"535 millones de ni\\u00f1os en peligro - El Digital de Asturias\",\"description\":\"Un n\\u00famero estimado de 535 millones de ni\\u00f1os, uno de cada cuatro, viven en pa\\u00edses en conflicto, \\\"sin protecci\\u00f3n, sin acceso a sanidad y educaci\\u00f3n de calidad y con problemas de nutrici\\u00f3n\\\", seg\\u00fan denunci\\u00f3 hoy Unicef. Esta cifra, considerada \\\"colosal\\\" por el portavoz de esta organizaci\\u00f3n, Cristoph Boulierac, ha sido publicada en un informe previo\",\"inLanguage\":\"es-ES\",\"isPartOf\":{\"@id\":\"https:\\\/\\\/www.eldigitaldeasturias.com\\\/noticias\\\/#website\"},\"breadcrumb\":{\"@id\":\"https:\\\/\\\/www.eldigitaldeasturias.com\\\/noticias\\\/535-millones-de-ninos-en-peligro\\\/#breadcrumblist\"},\"author\":{\"@id\":\"https:\\\/\\\/www.eldigitaldeasturias.com\\\/noticias\\\/author\\\/admin\\\/#author\"},\"creator\":{\"@id\":\"https:\\\/\\\/www.eldigitaldeasturias.com\\\/noticias\\\/author\\\/admin\\\/#author\"},\"image\":{\"@type\":\"ImageObject\",\"url\":\"https:\\\/\\\/www.eldigitaldeasturias.com\\\/noticias\\\/wp-content\\\/uploads\\\/2016\\\/04\\\/Palestina.jpg\",\"@id\":\"https:\\\/\\\/www.eldigitaldeasturias.com\\\/noticias\\\/535-millones-de-ninos-en-peligro\\\/#mainImage\",\"width\":655,\"height\":360},\"primaryImageOfPage\":{\"@id\":\"https:\\\/\\\/www.eldigitaldeasturias.com\\\/noticias\\\/535-millones-de-ninos-en-peligro\\\/#mainImage\"},\"datePublished\":\"2016-12-13T03:52:44+01:00\",\"dateModified\":\"2016-12-13T03:52:44+01:00\"},{\"@type\":\"WebSite\",\"@id\":\"https:\\\/\\\/www.eldigitaldeasturias.com\\\/noticias\\\/#website\",\"url\":\"https:\\\/\\\/www.eldigitaldeasturias.com\\\/noticias\\\/\",\"name\":\"El Digital de Asturias - Diario de actualidad y noticias\",\"alternateName\":\"El Digital de Asturias - Diario de actualidad y noticias\",\"description\":\"Hemeroteca\",\"inLanguage\":\"es-ES\",\"publisher\":{\"@id\":\"https:\\\/\\\/www.eldigitaldeasturias.com\\\/noticias\\\/#organization\"}}]}\n\t\t<\/script>\n\t\t<!-- All in One SEO Pro -->\r\n\t\t<title>535 millones de ni\u00f1os en peligro - El Digital de Asturias<\/title>\n\n","aioseo_head_json":{"title":"535 millones de ni\u00f1os en peligro - El Digital de Asturias","description":"Un n\u00famero estimado de 535 millones de ni\u00f1os, uno de cada cuatro, viven en pa\u00edses en conflicto, \"sin protecci\u00f3n, sin acceso a sanidad y educaci\u00f3n de calidad y con problemas de nutrici\u00f3n\", seg\u00fan denunci\u00f3 hoy Unicef. Esta cifra, considerada \"colosal\" por el portavoz de esta organizaci\u00f3n, Cristoph Boulierac, ha sido publicada en un informe previo","canonical_url":"https:\/\/www.eldigitaldeasturias.com\/noticias\/535-millones-de-ninos-en-peligro\/","robots":"max-image-preview:large","keywords":"destacadas","webmasterTools":{"google-site-verification":"UA-38556648-1","msvalidate.01":"7dfe9f3f1b24437ab69f4f2559babe99","miscellaneous":""},"schema":{"@context":"https:\/\/schema.org","@graph":[{"@type":"BlogPosting","@id":"https:\/\/www.eldigitaldeasturias.com\/noticias\/535-millones-de-ninos-en-peligro\/#blogposting","name":"535 millones de ni\u00f1os en peligro - El Digital de Asturias","headline":"535 millones de ni\u00f1os en peligro","author":{"@id":"https:\/\/www.eldigitaldeasturias.com\/noticias\/author\/admin\/#author"},"publisher":{"@id":"https:\/\/www.eldigitaldeasturias.com\/noticias\/#organization"},"image":{"@type":"ImageObject","url":"https:\/\/www.eldigitaldeasturias.com\/noticias\/wp-content\/uploads\/2016\/04\/Palestina.jpg","width":655,"height":360},"datePublished":"2016-12-13T03:52:44+01:00","dateModified":"2016-12-13T03:52:44+01:00","inLanguage":"es-ES","mainEntityOfPage":{"@id":"https:\/\/www.eldigitaldeasturias.com\/noticias\/535-millones-de-ninos-en-peligro\/#webpage"},"isPartOf":{"@id":"https:\/\/www.eldigitaldeasturias.com\/noticias\/535-millones-de-ninos-en-peligro\/#webpage"},"articleSection":"Destacadas"},{"@type":"BreadcrumbList","@id":"https:\/\/www.eldigitaldeasturias.com\/noticias\/535-millones-de-ninos-en-peligro\/#breadcrumblist","itemListElement":[{"@type":"ListItem","@id":"https:\/\/www.eldigitaldeasturias.com\/noticias#listItem","position":1,"name":"Home","item":"https:\/\/www.eldigitaldeasturias.com\/noticias","nextItem":{"@type":"ListItem","@id":"https:\/\/www.eldigitaldeasturias.com\/noticias\/category\/destacadas\/#listItem","name":"Destacadas"}},{"@type":"ListItem","@id":"https:\/\/www.eldigitaldeasturias.com\/noticias\/category\/destacadas\/#listItem","position":2,"name":"Destacadas","item":"https:\/\/www.eldigitaldeasturias.com\/noticias\/category\/destacadas\/","nextItem":{"@type":"ListItem","@id":"https:\/\/www.eldigitaldeasturias.com\/noticias\/535-millones-de-ninos-en-peligro\/#listItem","name":"535 millones de ni\u00f1os en peligro"},"previousItem":{"@type":"ListItem","@id":"https:\/\/www.eldigitaldeasturias.com\/noticias#listItem","name":"Home"}},{"@type":"ListItem","@id":"https:\/\/www.eldigitaldeasturias.com\/noticias\/535-millones-de-ninos-en-peligro\/#listItem","position":3,"name":"535 millones de ni\u00f1os en peligro","previousItem":{"@type":"ListItem","@id":"https:\/\/www.eldigitaldeasturias.com\/noticias\/category\/destacadas\/#listItem","name":"Destacadas"}}]},{"@type":"Organization","@id":"https:\/\/www.eldigitaldeasturias.com\/noticias\/#organization","name":"El Digital de Asturias","description":"Hemeroteca","url":"https:\/\/www.eldigitaldeasturias.com\/noticias\/","email":"info@eldigitaldeasturias.com","telephone":"+34652131393","logo":{"@type":"ImageObject","url":"https:\/\/www.eldigitaldeasturias.com\/noticias\/wp-content\/uploads\/2020\/12\/EDA.jpg","@id":"https:\/\/www.eldigitaldeasturias.com\/noticias\/535-millones-de-ninos-en-peligro\/#organizationLogo","width":649,"height":297},"image":{"@id":"https:\/\/www.eldigitaldeasturias.com\/noticias\/535-millones-de-ninos-en-peligro\/#organizationLogo"},"sameAs":["https:\/\/facebook.com\/eldigitaldeasturias","https:\/\/www.youtube.com\/channel\/UCZP-2wLEB9Rv6erhFmqVnvg"],"address":{"@id":"https:\/\/www.eldigitaldeasturias.com\/noticias\/#postaladdress","@type":"PostalAddress","streetAddress":"san antonio 4,","postalCode":"33430","addressLocality":"Cand\u00e1s","addressRegion":"Asturias","addressCountry":"ES"}},{"@type":"Person","@id":"https:\/\/www.eldigitaldeasturias.com\/noticias\/author\/admin\/#author","url":"https:\/\/www.eldigitaldeasturias.com\/noticias\/author\/admin\/","name":"El Digital de Asturias","image":{"@type":"ImageObject","@id":"https:\/\/www.eldigitaldeasturias.com\/noticias\/535-millones-de-ninos-en-peligro\/#authorImage","url":"https:\/\/www.eldigitaldeasturias.com\/noticias\/wp-content\/litespeed\/avatar\/18677e78aa0546b92d9dbf31ec7d7668.jpg?ver=1777290358","width":96,"height":96,"caption":"El Digital de Asturias"}},{"@type":"WebPage","@id":"https:\/\/www.eldigitaldeasturias.com\/noticias\/535-millones-de-ninos-en-peligro\/#webpage","url":"https:\/\/www.eldigitaldeasturias.com\/noticias\/535-millones-de-ninos-en-peligro\/","name":"535 millones de ni\u00f1os en peligro - El Digital de Asturias","description":"Un n\u00famero estimado de 535 millones de ni\u00f1os, uno de cada cuatro, viven en pa\u00edses en conflicto, \"sin protecci\u00f3n, sin acceso a sanidad y educaci\u00f3n de calidad y con problemas de nutrici\u00f3n\", seg\u00fan denunci\u00f3 hoy Unicef. Esta cifra, considerada \"colosal\" por el portavoz de esta organizaci\u00f3n, Cristoph Boulierac, ha sido publicada en un informe previo","inLanguage":"es-ES","isPartOf":{"@id":"https:\/\/www.eldigitaldeasturias.com\/noticias\/#website"},"breadcrumb":{"@id":"https:\/\/www.eldigitaldeasturias.com\/noticias\/535-millones-de-ninos-en-peligro\/#breadcrumblist"},"author":{"@id":"https:\/\/www.eldigitaldeasturias.com\/noticias\/author\/admin\/#author"},"creator":{"@id":"https:\/\/www.eldigitaldeasturias.com\/noticias\/author\/admin\/#author"},"image":{"@type":"ImageObject","url":"https:\/\/www.eldigitaldeasturias.com\/noticias\/wp-content\/uploads\/2016\/04\/Palestina.jpg","@id":"https:\/\/www.eldigitaldeasturias.com\/noticias\/535-millones-de-ninos-en-peligro\/#mainImage","width":655,"height":360},"primaryImageOfPage":{"@id":"https:\/\/www.eldigitaldeasturias.com\/noticias\/535-millones-de-ninos-en-peligro\/#mainImage"},"datePublished":"2016-12-13T03:52:44+01:00","dateModified":"2016-12-13T03:52:44+01:00"},{"@type":"WebSite","@id":"https:\/\/www.eldigitaldeasturias.com\/noticias\/#website","url":"https:\/\/www.eldigitaldeasturias.com\/noticias\/","name":"El Digital de Asturias - Diario de actualidad y noticias","alternateName":"El Digital de Asturias - Diario de actualidad y noticias","description":"Hemeroteca","inLanguage":"es-ES","publisher":{"@id":"https:\/\/www.eldigitaldeasturias.com\/noticias\/#organization"}}]},"og:locale":"es_ES","og:site_name":"El Digital de Asturias","og:type":"article","og:title":"535 millones de ni\u00f1os en peligro - El Digital de Asturias","og:description":"Un n\u00famero estimado de 535 millones de ni\u00f1os, uno de cada cuatro, viven en pa\u00edses en conflicto, &quot;sin protecci\u00f3n, sin acceso a sanidad y educaci\u00f3n de calidad y con problemas de nutrici\u00f3n&quot;, seg\u00fan denunci\u00f3 hoy Unicef. Esta cifra, considerada &quot;colosal&quot; por el portavoz de esta organizaci\u00f3n, Cristoph Boulierac, ha sido publicada en un informe previo","og:url":"https:\/\/www.eldigitaldeasturias.com\/noticias\/535-millones-de-ninos-en-peligro\/","og:image":"https:\/\/www.eldigitaldeasturias.com\/noticias\/wp-content\/uploads\/2016\/04\/Palestina.jpg","og:image:secure_url":"https:\/\/www.eldigitaldeasturias.com\/noticias\/wp-content\/uploads\/2016\/04\/Palestina.jpg","og:image:width":655,"og:image:height":360,"article:tag":["destacadas"],"article:published_time":"2016-12-13T03:52:44+00:00","article:modified_time":"2016-12-13T03:52:44+00:00","article:publisher":"https:\/\/facebook.com\/eldigitaldeasturias","twitter:card":"summary_large_image","twitter:title":"535 millones de ni\u00f1os en peligro - El Digital de Asturias","twitter:description":"Un n\u00famero estimado de 535 millones de ni\u00f1os, uno de cada cuatro, viven en pa\u00edses en conflicto, &quot;sin protecci\u00f3n, sin acceso a sanidad y educaci\u00f3n de calidad y con problemas de nutrici\u00f3n&quot;, seg\u00fan denunci\u00f3 hoy Unicef. Esta cifra, considerada &quot;colosal&quot; por el portavoz de esta organizaci\u00f3n, Cristoph Boulierac, ha sido publicada en un informe previo","twitter:image":"https:\/\/www.eldigitaldeasturias.com\/noticias\/wp-content\/uploads\/2016\/04\/Palestina.jpg","twitter:label1":"Escrito por","twitter:data1":"El Digital de Asturias","twitter:label2":"Tiempo de lectura estimado","twitter:data2":"3 minutos"},"aioseo_meta_data":{"post_id":"919098","title":null,"description":null,"keywords":null,"keyphrases":null,"primary_term":null,"canonical_url":null,"og_title":null,"og_description":null,"og_object_type":"default","og_image_type":"default","og_image_url":null,"og_image_width":null,"og_image_height":null,"og_image_custom_url":null,"og_image_custom_fields":null,"og_video":null,"og_custom_url":null,"og_article_section":null,"og_article_tags":null,"twitter_use_og":false,"twitter_card":"default","twitter_image_type":"default","twitter_image_url":null,"twitter_image_custom_url":null,"twitter_image_custom_fields":null,"twitter_title":null,"twitter_description":null,"schema":{"blockGraphs":[],"customGraphs":[],"default":{"data":{"Article":[],"Course":[],"Dataset":[],"FAQPage":[],"Movie":[],"Person":[],"Product":[],"ProductReview":[],"Car":[],"Recipe":[],"Service":[],"SoftwareApplication":[],"WebPage":[]},"graphName":"","isEnabled":true},"graphs":[],"defaultGraph":"","defaultPostTypeGraph":""},"schema_type":null,"schema_type_options":null,"pillar_content":false,"robots_default":true,"robots_noindex":false,"robots_noarchive":false,"robots_nosnippet":false,"robots_nofollow":false,"robots_noimageindex":false,"robots_noodp":false,"robots_notranslate":false,"robots_max_snippet":null,"robots_max_videopreview":null,"robots_max_imagepreview":"large","priority":null,"frequency":null,"local_seo":null,"seo_analyzer_scan_date":"2025-12-02 05:33:08","breadcrumb_settings":null,"limit_modified_date":false,"open_ai":null,"ai":null,"created":"2020-12-21 13:50:50","updated":"2025-12-02 05:33:08"},"aioseo_breadcrumb":"<div class=\"aioseo-breadcrumbs\"><span class=\"aioseo-breadcrumb\">\n\t<a href=\"https:\/\/www.eldigitaldeasturias.com\/noticias\" title=\"Home\">Home<\/a>\n<\/span><span class=\"aioseo-breadcrumb-separator\">\u2013<\/span><span class=\"aioseo-breadcrumb\">\n\t<a href=\"https:\/\/www.eldigitaldeasturias.com\/noticias\/category\/destacadas\/\" title=\"Destacadas\">Destacadas<\/a>\n<\/span><span class=\"aioseo-breadcrumb-separator\">\u2013<\/span><span class=\"aioseo-breadcrumb\">\n\t<a href=\"https:\/\/www.eldigitaldeasturias.com\/noticias\/535-millones-de-ninos-en-peligro\/\" title=\"535 millones de ni\u00f1os en peligro\">535 millones de ni\u00f1os en peligro<\/a>\n<\/span><\/div>","aioseo_breadcrumb_json":[{"label":"Home","link":"https:\/\/www.eldigitaldeasturias.com\/noticias"},{"label":"Destacadas","link":"https:\/\/www.eldigitaldeasturias.com\/noticias\/category\/destacadas\/"},{"label":"535 millones de ni\u00f1os en peligro","link":"https:\/\/www.eldigitaldeasturias.com\/noticias\/535-millones-de-ninos-en-peligro\/"}],"_links":{"self":[{"href":"https:\/\/www.eldigitaldeasturias.com\/noticias\/wp-json\/wp\/v2\/posts\/919098","targetHints":{"allow":["GET"]}}],"collection":[{"href":"https:\/\/www.eldigitaldeasturias.com\/noticias\/wp-json\/wp\/v2\/posts"}],"about":[{"href":"https:\/\/www.eldigitaldeasturias.com\/noticias\/wp-json\/wp\/v2\/types\/post"}],"author":[{"embeddable":true,"href":"https:\/\/www.eldigitaldeasturias.com\/noticias\/wp-json\/wp\/v2\/users\/1"}],"replies":[{"embeddable":true,"href":"https:\/\/www.eldigitaldeasturias.com\/noticias\/wp-json\/wp\/v2\/comments?post=919098"}],"version-history":[{"count":0,"href":"https:\/\/www.eldigitaldeasturias.com\/noticias\/wp-json\/wp\/v2\/posts\/919098\/revisions"}],"wp:featuredmedia":[{"embeddable":true,"href":"https:\/\/www.eldigitaldeasturias.com\/noticias\/wp-json\/wp\/v2\/media\/876914"}],"wp:attachment":[{"href":"https:\/\/www.eldigitaldeasturias.com\/noticias\/wp-json\/wp\/v2\/media?parent=919098"}],"wp:term":[{"taxonomy":"category","embeddable":true,"href":"https:\/\/www.eldigitaldeasturias.com\/noticias\/wp-json\/wp\/v2\/categories?post=919098"},{"taxonomy":"post_tag","embeddable":true,"href":"https:\/\/www.eldigitaldeasturias.com\/noticias\/wp-json\/wp\/v2\/tags?post=919098"}],"curies":[{"name":"wp","href":"https:\/\/api.w.org\/{rel}","templated":true}]}}