{"id":919081,"date":"2016-12-13T02:48:43","date_gmt":"2016-12-13T02:48:43","guid":{"rendered":"http:\/\/www.eldigitaldeasturias.com\/noticias\/?p=919081"},"modified":"2016-12-13T02:48:43","modified_gmt":"2016-12-13T02:48:43","slug":"francia-prolongara-el-estado-de-emergencia","status":"publish","type":"post","link":"https:\/\/www.eldigitaldeasturias.com\/noticias\/francia-prolongara-el-estado-de-emergencia\/","title":{"rendered":"Francia prolongar\u00e1 el estado de emergencia"},"content":{"rendered":"<p><img loading=\"lazy\" decoding=\"async\" class=\"alignleft size-medium wp-image-919082\" src=\"https:\/\/www.eldigitaldeasturias.com\/noticias\/wp-content\/uploads\/2016\/12\/policia-paris-360x198.jpg\" alt=\"policia-paris\" width=\"360\" height=\"198\" srcset=\"https:\/\/www.eldigitaldeasturias.com\/noticias\/wp-content\/uploads\/2016\/12\/policia-paris-360x198.jpg 360w, https:\/\/www.eldigitaldeasturias.com\/noticias\/wp-content\/uploads\/2016\/12\/policia-paris-650x357.jpg 650w, https:\/\/www.eldigitaldeasturias.com\/noticias\/wp-content\/uploads\/2016\/12\/policia-paris.jpg 655w\" sizes=\"auto, (max-width: 360px) 100vw, 360px\" \/>Francia prolongar\u00e1 el estado de emergencia, en vigor desde los atentados del 13 de noviembre de 2015 en Par\u00eds, siete meses m\u00e1s, hasta el pr\u00f3ximo 15 de julio, anunci\u00f3 hoy el primer ministro franc\u00e9s, Bernard Cazeneuve.<\/p>\n<p>La pr\u00f3rroga de la medida de excepci\u00f3n, que todav\u00eda deber\u00e1 ser sometida al voto del Parlamento, obedece a la persistencia de la amenaza terrorista en un momento en que Francia va a celebrar (entre abril y junio del a\u00f1o que viene) elecciones presidenciales y legislativas, se\u00f1al\u00f3 Cazeneuve.<\/p>\n<p>A la salida de un Consejo de Ministros extraordinario, el jefe de Gobierno indic\u00f3 a la prensa que la decisi\u00f3n permitir\u00e1 de esa forma el tiempo suficiente para que el presidente y el Parlamento salidos de las urnas examinen la situaci\u00f3n de la seguridad antes de pronunciarse.<\/p>\n<p>El actual estado de emergencia expira el pr\u00f3ximo enero, pero al haber dimitido el anterior primer ministro, Manuel Valls, para concurrir como candidato a las presidenciales, el nuevo Gobierno de Cazeneuve deb\u00eda revisar la medida en un plazo de 15 d\u00edas.<\/p>\n<p>Aunque todo indica que la prolongaci\u00f3n ser\u00e1 ampliamente respaldada en el Legislativo, el estado de emergencia cuenta con numerosos detractores en Francia, sobre todo organizaciones civiles, que consideran que es ineficaz para luchar contra el yihadismo y que vulnera derechos fundamentales.<\/p>\n<p>La extensi\u00f3n de la medida, por quinta vez desde que fue decretada, \u00abes indispensable para asegurar el mayor nivel de protecci\u00f3n a nuestros ciudadanos\u00bb, consider\u00f3 Cazeneuve, que compareci\u00f3 flanqueado por los ministros del Interior, Bruno Le Roux y Justicia, Jean-Jacques Urvoas.<\/p>\n<p>Tras asegurar que la \u00abamenaza terrorista contin\u00faa a un nivel particularmente elevado\u00bb, record\u00f3 que desde el inicio de este a\u00f1o las fuerzas de seguridad han frustrado 17 atentados y han detenido a 420 personas vinculadas con redes yihadistas, por lo que el estado de emergencia \u00abha demostrado ampliamente su eficacia\u00bb.<\/p>\n<p>\u00abSe ha constatado un descenso en el n\u00famero de retornos (de Iraq y Siria), lo que hace que la organizaci\u00f3n terrorista del Estado Isl\u00e1mico incite cada vez m\u00e1s a individuos a pasar a la acci\u00f3n directamente sobre suelo franc\u00e9s\u00bb, sostuvo Cazeneuve.<\/p>\n<p>Pese a todo, insisti\u00f3 en que el estado de excepci\u00f3n \u00abno tiene vocaci\u00f3n de permanencia, (sino que) est\u00e1 ligado a la noci\u00f3n de peligro inminente\u00bb.<\/p>\n<p><em>El contenido de esta nota fue publicada por elheraldoslp.com.mx<\/em><\/p>\n<p>&nbsp;<\/p>\n","protected":false},"excerpt":{"rendered":"<p>Francia prolongar\u00e1 el estado de emergencia, en vigor desde los atentados del 13 de noviembre de 2015 en Par\u00eds, siete meses m\u00e1s, hasta el pr\u00f3ximo 15 de julio, anunci\u00f3 hoy el primer ministro franc\u00e9s, Bernard Cazeneuve. La pr\u00f3rroga de la medida de excepci\u00f3n, que todav\u00eda deber\u00e1 ser sometida al voto del Parlamento, obedece a la [&hellip;]<\/p>\n","protected":false},"author":1,"featured_media":919082,"comment_status":"closed","ping_status":"closed","sticky":false,"template":"","format":"standard","meta":{"footnotes":""},"categories":[141],"tags":[],"class_list":["post-919081","post","type-post","status-publish","format-standard","has-post-thumbnail","hentry","category-destacadas"],"aioseo_notices":[],"aioseo_head":"\n\t\t<!-- All in One SEO Pro 4.9.6.2 - aioseo.com -->\n\t<meta name=\"description\" content=\"Francia prolongar\u00e1 el estado de emergencia, en vigor desde los atentados del 13 de noviembre de 2015 en Par\u00eds, siete meses m\u00e1s, hasta el pr\u00f3ximo 15 de julio, anunci\u00f3 hoy el primer ministro franc\u00e9s, Bernard Cazeneuve. La pr\u00f3rroga de la medida de excepci\u00f3n, que todav\u00eda deber\u00e1 ser sometida al voto del Parlamento, obedece a la\" \/>\n\t<meta name=\"robots\" content=\"max-image-preview:large\" \/>\n\t<meta name=\"author\" content=\"El Digital de Asturias\"\/>\n\t<meta name=\"google-site-verification\" content=\"UA-38556648-1\" \/>\n\t<meta name=\"msvalidate.01\" content=\"7dfe9f3f1b24437ab69f4f2559babe99\" \/>\n\t<meta name=\"keywords\" content=\"destacadas\" \/>\n\t<link rel=\"canonical\" href=\"https:\/\/www.eldigitaldeasturias.com\/noticias\/francia-prolongara-el-estado-de-emergencia\/\" \/>\n\t<meta name=\"generator\" content=\"All in One SEO Pro (AIOSEO) 4.9.6.2\" \/>\n\t\t<meta property=\"og:locale\" content=\"es_ES\" \/>\n\t\t<meta property=\"og:site_name\" content=\"El Digital de Asturias\" \/>\n\t\t<meta property=\"og:type\" content=\"article\" \/>\n\t\t<meta property=\"og:title\" content=\"Francia prolongar\u00e1 el estado de emergencia - El Digital de Asturias\" \/>\n\t\t<meta property=\"og:description\" content=\"Francia prolongar\u00e1 el estado de emergencia, en vigor desde los atentados del 13 de noviembre de 2015 en Par\u00eds, siete meses m\u00e1s, hasta el pr\u00f3ximo 15 de julio, anunci\u00f3 hoy el primer ministro franc\u00e9s, Bernard Cazeneuve. La pr\u00f3rroga de la medida de excepci\u00f3n, que todav\u00eda deber\u00e1 ser sometida al voto del Parlamento, obedece a la\" \/>\n\t\t<meta property=\"og:url\" content=\"https:\/\/www.eldigitaldeasturias.com\/noticias\/francia-prolongara-el-estado-de-emergencia\/\" \/>\n\t\t<meta property=\"og:image\" content=\"https:\/\/www.eldigitaldeasturias.com\/noticias\/wp-content\/uploads\/2016\/12\/policia-paris.jpg\" \/>\n\t\t<meta property=\"og:image:secure_url\" content=\"https:\/\/www.eldigitaldeasturias.com\/noticias\/wp-content\/uploads\/2016\/12\/policia-paris.jpg\" \/>\n\t\t<meta property=\"og:image:width\" content=\"655\" \/>\n\t\t<meta property=\"og:image:height\" content=\"360\" \/>\n\t\t<meta property=\"article:tag\" content=\"destacadas\" \/>\n\t\t<meta property=\"article:published_time\" content=\"2016-12-13T02:48:43+00:00\" \/>\n\t\t<meta property=\"article:modified_time\" content=\"2016-12-13T02:48:43+00:00\" \/>\n\t\t<meta property=\"article:publisher\" content=\"https:\/\/facebook.com\/eldigitaldeasturias\" \/>\n\t\t<meta name=\"twitter:card\" content=\"summary_large_image\" \/>\n\t\t<meta name=\"twitter:title\" content=\"Francia prolongar\u00e1 el estado de emergencia - El Digital de Asturias\" \/>\n\t\t<meta name=\"twitter:description\" content=\"Francia prolongar\u00e1 el estado de emergencia, en vigor desde los atentados del 13 de noviembre de 2015 en Par\u00eds, siete meses m\u00e1s, hasta el pr\u00f3ximo 15 de julio, anunci\u00f3 hoy el primer ministro franc\u00e9s, Bernard Cazeneuve. La pr\u00f3rroga de la medida de excepci\u00f3n, que todav\u00eda deber\u00e1 ser sometida al voto del Parlamento, obedece a la\" \/>\n\t\t<meta name=\"twitter:image\" content=\"https:\/\/www.eldigitaldeasturias.com\/noticias\/wp-content\/uploads\/2016\/12\/policia-paris.jpg\" \/>\n\t\t<meta name=\"twitter:label1\" content=\"Escrito por\" \/>\n\t\t<meta name=\"twitter:data1\" content=\"El Digital de Asturias\" \/>\n\t\t<meta name=\"twitter:label2\" content=\"Tiempo de lectura estimado\" \/>\n\t\t<meta name=\"twitter:data2\" content=\"2 minutos\" \/>\n\t\t<script type=\"application\/ld+json\" class=\"aioseo-schema\">\n\t\t\t{\"@context\":\"https:\\\/\\\/schema.org\",\"@graph\":[{\"@type\":\"BlogPosting\",\"@id\":\"https:\\\/\\\/www.eldigitaldeasturias.com\\\/noticias\\\/francia-prolongara-el-estado-de-emergencia\\\/#blogposting\",\"name\":\"Francia prolongar\\u00e1 el estado de emergencia - El Digital de Asturias\",\"headline\":\"Francia prolongar\\u00e1 el estado de emergencia\",\"author\":{\"@id\":\"https:\\\/\\\/www.eldigitaldeasturias.com\\\/noticias\\\/author\\\/admin\\\/#author\"},\"publisher\":{\"@id\":\"https:\\\/\\\/www.eldigitaldeasturias.com\\\/noticias\\\/#organization\"},\"image\":{\"@type\":\"ImageObject\",\"url\":\"https:\\\/\\\/www.eldigitaldeasturias.com\\\/noticias\\\/wp-content\\\/uploads\\\/2016\\\/12\\\/policia-paris.jpg\",\"width\":655,\"height\":360},\"datePublished\":\"2016-12-13T02:48:43+01:00\",\"dateModified\":\"2016-12-13T02:48:43+01:00\",\"inLanguage\":\"es-ES\",\"mainEntityOfPage\":{\"@id\":\"https:\\\/\\\/www.eldigitaldeasturias.com\\\/noticias\\\/francia-prolongara-el-estado-de-emergencia\\\/#webpage\"},\"isPartOf\":{\"@id\":\"https:\\\/\\\/www.eldigitaldeasturias.com\\\/noticias\\\/francia-prolongara-el-estado-de-emergencia\\\/#webpage\"},\"articleSection\":\"Destacadas\"},{\"@type\":\"BreadcrumbList\",\"@id\":\"https:\\\/\\\/www.eldigitaldeasturias.com\\\/noticias\\\/francia-prolongara-el-estado-de-emergencia\\\/#breadcrumblist\",\"itemListElement\":[{\"@type\":\"ListItem\",\"@id\":\"https:\\\/\\\/www.eldigitaldeasturias.com\\\/noticias#listItem\",\"position\":1,\"name\":\"Home\",\"item\":\"https:\\\/\\\/www.eldigitaldeasturias.com\\\/noticias\",\"nextItem\":{\"@type\":\"ListItem\",\"@id\":\"https:\\\/\\\/www.eldigitaldeasturias.com\\\/noticias\\\/category\\\/destacadas\\\/#listItem\",\"name\":\"Destacadas\"}},{\"@type\":\"ListItem\",\"@id\":\"https:\\\/\\\/www.eldigitaldeasturias.com\\\/noticias\\\/category\\\/destacadas\\\/#listItem\",\"position\":2,\"name\":\"Destacadas\",\"item\":\"https:\\\/\\\/www.eldigitaldeasturias.com\\\/noticias\\\/category\\\/destacadas\\\/\",\"nextItem\":{\"@type\":\"ListItem\",\"@id\":\"https:\\\/\\\/www.eldigitaldeasturias.com\\\/noticias\\\/francia-prolongara-el-estado-de-emergencia\\\/#listItem\",\"name\":\"Francia prolongar\\u00e1 el estado de emergencia\"},\"previousItem\":{\"@type\":\"ListItem\",\"@id\":\"https:\\\/\\\/www.eldigitaldeasturias.com\\\/noticias#listItem\",\"name\":\"Home\"}},{\"@type\":\"ListItem\",\"@id\":\"https:\\\/\\\/www.eldigitaldeasturias.com\\\/noticias\\\/francia-prolongara-el-estado-de-emergencia\\\/#listItem\",\"position\":3,\"name\":\"Francia prolongar\\u00e1 el estado de emergencia\",\"previousItem\":{\"@type\":\"ListItem\",\"@id\":\"https:\\\/\\\/www.eldigitaldeasturias.com\\\/noticias\\\/category\\\/destacadas\\\/#listItem\",\"name\":\"Destacadas\"}}]},{\"@type\":\"Organization\",\"@id\":\"https:\\\/\\\/www.eldigitaldeasturias.com\\\/noticias\\\/#organization\",\"name\":\"El Digital de Asturias\",\"description\":\"Hemeroteca\",\"url\":\"https:\\\/\\\/www.eldigitaldeasturias.com\\\/noticias\\\/\",\"email\":\"info@eldigitaldeasturias.com\",\"telephone\":\"+34652131393\",\"logo\":{\"@type\":\"ImageObject\",\"url\":\"https:\\\/\\\/www.eldigitaldeasturias.com\\\/noticias\\\/wp-content\\\/uploads\\\/2020\\\/12\\\/EDA.jpg\",\"@id\":\"https:\\\/\\\/www.eldigitaldeasturias.com\\\/noticias\\\/francia-prolongara-el-estado-de-emergencia\\\/#organizationLogo\",\"width\":649,\"height\":297},\"image\":{\"@id\":\"https:\\\/\\\/www.eldigitaldeasturias.com\\\/noticias\\\/francia-prolongara-el-estado-de-emergencia\\\/#organizationLogo\"},\"sameAs\":[\"https:\\\/\\\/facebook.com\\\/eldigitaldeasturias\",\"https:\\\/\\\/www.youtube.com\\\/channel\\\/UCZP-2wLEB9Rv6erhFmqVnvg\"],\"address\":{\"@id\":\"https:\\\/\\\/www.eldigitaldeasturias.com\\\/noticias\\\/#postaladdress\",\"@type\":\"PostalAddress\",\"streetAddress\":\"san antonio 4,\",\"postalCode\":\"33430\",\"addressLocality\":\"Cand\\u00e1s\",\"addressRegion\":\"Asturias\",\"addressCountry\":\"ES\"}},{\"@type\":\"Person\",\"@id\":\"https:\\\/\\\/www.eldigitaldeasturias.com\\\/noticias\\\/author\\\/admin\\\/#author\",\"url\":\"https:\\\/\\\/www.eldigitaldeasturias.com\\\/noticias\\\/author\\\/admin\\\/\",\"name\":\"El Digital de Asturias\",\"image\":{\"@type\":\"ImageObject\",\"@id\":\"https:\\\/\\\/www.eldigitaldeasturias.com\\\/noticias\\\/francia-prolongara-el-estado-de-emergencia\\\/#authorImage\",\"url\":\"https:\\\/\\\/www.eldigitaldeasturias.com\\\/noticias\\\/wp-content\\\/litespeed\\\/avatar\\\/18677e78aa0546b92d9dbf31ec7d7668.jpg?ver=1777290358\",\"width\":96,\"height\":96,\"caption\":\"El Digital de Asturias\"}},{\"@type\":\"WebPage\",\"@id\":\"https:\\\/\\\/www.eldigitaldeasturias.com\\\/noticias\\\/francia-prolongara-el-estado-de-emergencia\\\/#webpage\",\"url\":\"https:\\\/\\\/www.eldigitaldeasturias.com\\\/noticias\\\/francia-prolongara-el-estado-de-emergencia\\\/\",\"name\":\"Francia prolongar\\u00e1 el estado de emergencia - El Digital de Asturias\",\"description\":\"Francia prolongar\\u00e1 el estado de emergencia, en vigor desde los atentados del 13 de noviembre de 2015 en Par\\u00eds, siete meses m\\u00e1s, hasta el pr\\u00f3ximo 15 de julio, anunci\\u00f3 hoy el primer ministro franc\\u00e9s, Bernard Cazeneuve. La pr\\u00f3rroga de la medida de excepci\\u00f3n, que todav\\u00eda deber\\u00e1 ser sometida al voto del Parlamento, obedece a la\",\"inLanguage\":\"es-ES\",\"isPartOf\":{\"@id\":\"https:\\\/\\\/www.eldigitaldeasturias.com\\\/noticias\\\/#website\"},\"breadcrumb\":{\"@id\":\"https:\\\/\\\/www.eldigitaldeasturias.com\\\/noticias\\\/francia-prolongara-el-estado-de-emergencia\\\/#breadcrumblist\"},\"author\":{\"@id\":\"https:\\\/\\\/www.eldigitaldeasturias.com\\\/noticias\\\/author\\\/admin\\\/#author\"},\"creator\":{\"@id\":\"https:\\\/\\\/www.eldigitaldeasturias.com\\\/noticias\\\/author\\\/admin\\\/#author\"},\"image\":{\"@type\":\"ImageObject\",\"url\":\"https:\\\/\\\/www.eldigitaldeasturias.com\\\/noticias\\\/wp-content\\\/uploads\\\/2016\\\/12\\\/policia-paris.jpg\",\"@id\":\"https:\\\/\\\/www.eldigitaldeasturias.com\\\/noticias\\\/francia-prolongara-el-estado-de-emergencia\\\/#mainImage\",\"width\":655,\"height\":360},\"primaryImageOfPage\":{\"@id\":\"https:\\\/\\\/www.eldigitaldeasturias.com\\\/noticias\\\/francia-prolongara-el-estado-de-emergencia\\\/#mainImage\"},\"datePublished\":\"2016-12-13T02:48:43+01:00\",\"dateModified\":\"2016-12-13T02:48:43+01:00\"},{\"@type\":\"WebSite\",\"@id\":\"https:\\\/\\\/www.eldigitaldeasturias.com\\\/noticias\\\/#website\",\"url\":\"https:\\\/\\\/www.eldigitaldeasturias.com\\\/noticias\\\/\",\"name\":\"El Digital de Asturias - Diario de actualidad y noticias\",\"alternateName\":\"El Digital de Asturias - Diario de actualidad y noticias\",\"description\":\"Hemeroteca\",\"inLanguage\":\"es-ES\",\"publisher\":{\"@id\":\"https:\\\/\\\/www.eldigitaldeasturias.com\\\/noticias\\\/#organization\"}}]}\n\t\t<\/script>\n\t\t<!-- All in One SEO Pro -->\r\n\t\t<title>Francia prolongar\u00e1 el estado de emergencia - El Digital de Asturias<\/title>\n\n","aioseo_head_json":{"title":"Francia prolongar\u00e1 el estado de emergencia - El Digital de Asturias","description":"Francia prolongar\u00e1 el estado de emergencia, en vigor desde los atentados del 13 de noviembre de 2015 en Par\u00eds, siete meses m\u00e1s, hasta el pr\u00f3ximo 15 de julio, anunci\u00f3 hoy el primer ministro franc\u00e9s, Bernard Cazeneuve. La pr\u00f3rroga de la medida de excepci\u00f3n, que todav\u00eda deber\u00e1 ser sometida al voto del Parlamento, obedece a la","canonical_url":"https:\/\/www.eldigitaldeasturias.com\/noticias\/francia-prolongara-el-estado-de-emergencia\/","robots":"max-image-preview:large","keywords":"destacadas","webmasterTools":{"google-site-verification":"UA-38556648-1","msvalidate.01":"7dfe9f3f1b24437ab69f4f2559babe99","miscellaneous":""},"schema":{"@context":"https:\/\/schema.org","@graph":[{"@type":"BlogPosting","@id":"https:\/\/www.eldigitaldeasturias.com\/noticias\/francia-prolongara-el-estado-de-emergencia\/#blogposting","name":"Francia prolongar\u00e1 el estado de emergencia - El Digital de Asturias","headline":"Francia prolongar\u00e1 el estado de emergencia","author":{"@id":"https:\/\/www.eldigitaldeasturias.com\/noticias\/author\/admin\/#author"},"publisher":{"@id":"https:\/\/www.eldigitaldeasturias.com\/noticias\/#organization"},"image":{"@type":"ImageObject","url":"https:\/\/www.eldigitaldeasturias.com\/noticias\/wp-content\/uploads\/2016\/12\/policia-paris.jpg","width":655,"height":360},"datePublished":"2016-12-13T02:48:43+01:00","dateModified":"2016-12-13T02:48:43+01:00","inLanguage":"es-ES","mainEntityOfPage":{"@id":"https:\/\/www.eldigitaldeasturias.com\/noticias\/francia-prolongara-el-estado-de-emergencia\/#webpage"},"isPartOf":{"@id":"https:\/\/www.eldigitaldeasturias.com\/noticias\/francia-prolongara-el-estado-de-emergencia\/#webpage"},"articleSection":"Destacadas"},{"@type":"BreadcrumbList","@id":"https:\/\/www.eldigitaldeasturias.com\/noticias\/francia-prolongara-el-estado-de-emergencia\/#breadcrumblist","itemListElement":[{"@type":"ListItem","@id":"https:\/\/www.eldigitaldeasturias.com\/noticias#listItem","position":1,"name":"Home","item":"https:\/\/www.eldigitaldeasturias.com\/noticias","nextItem":{"@type":"ListItem","@id":"https:\/\/www.eldigitaldeasturias.com\/noticias\/category\/destacadas\/#listItem","name":"Destacadas"}},{"@type":"ListItem","@id":"https:\/\/www.eldigitaldeasturias.com\/noticias\/category\/destacadas\/#listItem","position":2,"name":"Destacadas","item":"https:\/\/www.eldigitaldeasturias.com\/noticias\/category\/destacadas\/","nextItem":{"@type":"ListItem","@id":"https:\/\/www.eldigitaldeasturias.com\/noticias\/francia-prolongara-el-estado-de-emergencia\/#listItem","name":"Francia prolongar\u00e1 el estado de emergencia"},"previousItem":{"@type":"ListItem","@id":"https:\/\/www.eldigitaldeasturias.com\/noticias#listItem","name":"Home"}},{"@type":"ListItem","@id":"https:\/\/www.eldigitaldeasturias.com\/noticias\/francia-prolongara-el-estado-de-emergencia\/#listItem","position":3,"name":"Francia prolongar\u00e1 el estado de emergencia","previousItem":{"@type":"ListItem","@id":"https:\/\/www.eldigitaldeasturias.com\/noticias\/category\/destacadas\/#listItem","name":"Destacadas"}}]},{"@type":"Organization","@id":"https:\/\/www.eldigitaldeasturias.com\/noticias\/#organization","name":"El Digital de Asturias","description":"Hemeroteca","url":"https:\/\/www.eldigitaldeasturias.com\/noticias\/","email":"info@eldigitaldeasturias.com","telephone":"+34652131393","logo":{"@type":"ImageObject","url":"https:\/\/www.eldigitaldeasturias.com\/noticias\/wp-content\/uploads\/2020\/12\/EDA.jpg","@id":"https:\/\/www.eldigitaldeasturias.com\/noticias\/francia-prolongara-el-estado-de-emergencia\/#organizationLogo","width":649,"height":297},"image":{"@id":"https:\/\/www.eldigitaldeasturias.com\/noticias\/francia-prolongara-el-estado-de-emergencia\/#organizationLogo"},"sameAs":["https:\/\/facebook.com\/eldigitaldeasturias","https:\/\/www.youtube.com\/channel\/UCZP-2wLEB9Rv6erhFmqVnvg"],"address":{"@id":"https:\/\/www.eldigitaldeasturias.com\/noticias\/#postaladdress","@type":"PostalAddress","streetAddress":"san antonio 4,","postalCode":"33430","addressLocality":"Cand\u00e1s","addressRegion":"Asturias","addressCountry":"ES"}},{"@type":"Person","@id":"https:\/\/www.eldigitaldeasturias.com\/noticias\/author\/admin\/#author","url":"https:\/\/www.eldigitaldeasturias.com\/noticias\/author\/admin\/","name":"El Digital de Asturias","image":{"@type":"ImageObject","@id":"https:\/\/www.eldigitaldeasturias.com\/noticias\/francia-prolongara-el-estado-de-emergencia\/#authorImage","url":"https:\/\/www.eldigitaldeasturias.com\/noticias\/wp-content\/litespeed\/avatar\/18677e78aa0546b92d9dbf31ec7d7668.jpg?ver=1777290358","width":96,"height":96,"caption":"El Digital de Asturias"}},{"@type":"WebPage","@id":"https:\/\/www.eldigitaldeasturias.com\/noticias\/francia-prolongara-el-estado-de-emergencia\/#webpage","url":"https:\/\/www.eldigitaldeasturias.com\/noticias\/francia-prolongara-el-estado-de-emergencia\/","name":"Francia prolongar\u00e1 el estado de emergencia - El Digital de Asturias","description":"Francia prolongar\u00e1 el estado de emergencia, en vigor desde los atentados del 13 de noviembre de 2015 en Par\u00eds, siete meses m\u00e1s, hasta el pr\u00f3ximo 15 de julio, anunci\u00f3 hoy el primer ministro franc\u00e9s, Bernard Cazeneuve. La pr\u00f3rroga de la medida de excepci\u00f3n, que todav\u00eda deber\u00e1 ser sometida al voto del Parlamento, obedece a la","inLanguage":"es-ES","isPartOf":{"@id":"https:\/\/www.eldigitaldeasturias.com\/noticias\/#website"},"breadcrumb":{"@id":"https:\/\/www.eldigitaldeasturias.com\/noticias\/francia-prolongara-el-estado-de-emergencia\/#breadcrumblist"},"author":{"@id":"https:\/\/www.eldigitaldeasturias.com\/noticias\/author\/admin\/#author"},"creator":{"@id":"https:\/\/www.eldigitaldeasturias.com\/noticias\/author\/admin\/#author"},"image":{"@type":"ImageObject","url":"https:\/\/www.eldigitaldeasturias.com\/noticias\/wp-content\/uploads\/2016\/12\/policia-paris.jpg","@id":"https:\/\/www.eldigitaldeasturias.com\/noticias\/francia-prolongara-el-estado-de-emergencia\/#mainImage","width":655,"height":360},"primaryImageOfPage":{"@id":"https:\/\/www.eldigitaldeasturias.com\/noticias\/francia-prolongara-el-estado-de-emergencia\/#mainImage"},"datePublished":"2016-12-13T02:48:43+01:00","dateModified":"2016-12-13T02:48:43+01:00"},{"@type":"WebSite","@id":"https:\/\/www.eldigitaldeasturias.com\/noticias\/#website","url":"https:\/\/www.eldigitaldeasturias.com\/noticias\/","name":"El Digital de Asturias - Diario de actualidad y noticias","alternateName":"El Digital de Asturias - Diario de actualidad y noticias","description":"Hemeroteca","inLanguage":"es-ES","publisher":{"@id":"https:\/\/www.eldigitaldeasturias.com\/noticias\/#organization"}}]},"og:locale":"es_ES","og:site_name":"El Digital de Asturias","og:type":"article","og:title":"Francia prolongar\u00e1 el estado de emergencia - El Digital de Asturias","og:description":"Francia prolongar\u00e1 el estado de emergencia, en vigor desde los atentados del 13 de noviembre de 2015 en Par\u00eds, siete meses m\u00e1s, hasta el pr\u00f3ximo 15 de julio, anunci\u00f3 hoy el primer ministro franc\u00e9s, Bernard Cazeneuve. La pr\u00f3rroga de la medida de excepci\u00f3n, que todav\u00eda deber\u00e1 ser sometida al voto del Parlamento, obedece a la","og:url":"https:\/\/www.eldigitaldeasturias.com\/noticias\/francia-prolongara-el-estado-de-emergencia\/","og:image":"https:\/\/www.eldigitaldeasturias.com\/noticias\/wp-content\/uploads\/2016\/12\/policia-paris.jpg","og:image:secure_url":"https:\/\/www.eldigitaldeasturias.com\/noticias\/wp-content\/uploads\/2016\/12\/policia-paris.jpg","og:image:width":655,"og:image:height":360,"article:tag":["destacadas"],"article:published_time":"2016-12-13T02:48:43+00:00","article:modified_time":"2016-12-13T02:48:43+00:00","article:publisher":"https:\/\/facebook.com\/eldigitaldeasturias","twitter:card":"summary_large_image","twitter:title":"Francia prolongar\u00e1 el estado de emergencia - El Digital de Asturias","twitter:description":"Francia prolongar\u00e1 el estado de emergencia, en vigor desde los atentados del 13 de noviembre de 2015 en Par\u00eds, siete meses m\u00e1s, hasta el pr\u00f3ximo 15 de julio, anunci\u00f3 hoy el primer ministro franc\u00e9s, Bernard Cazeneuve. La pr\u00f3rroga de la medida de excepci\u00f3n, que todav\u00eda deber\u00e1 ser sometida al voto del Parlamento, obedece a la","twitter:image":"https:\/\/www.eldigitaldeasturias.com\/noticias\/wp-content\/uploads\/2016\/12\/policia-paris.jpg","twitter:label1":"Escrito por","twitter:data1":"El Digital de Asturias","twitter:label2":"Tiempo de lectura estimado","twitter:data2":"2 minutos"},"aioseo_meta_data":{"post_id":"919081","title":null,"description":null,"keywords":null,"keyphrases":null,"primary_term":null,"canonical_url":null,"og_title":null,"og_description":null,"og_object_type":"default","og_image_type":"default","og_image_url":null,"og_image_width":null,"og_image_height":null,"og_image_custom_url":null,"og_image_custom_fields":null,"og_video":null,"og_custom_url":null,"og_article_section":null,"og_article_tags":null,"twitter_use_og":false,"twitter_card":"default","twitter_image_type":"default","twitter_image_url":null,"twitter_image_custom_url":null,"twitter_image_custom_fields":null,"twitter_title":null,"twitter_description":null,"schema":{"blockGraphs":[],"customGraphs":[],"default":{"data":{"Article":[],"Course":[],"Dataset":[],"FAQPage":[],"Movie":[],"Person":[],"Product":[],"ProductReview":[],"Car":[],"Recipe":[],"Service":[],"SoftwareApplication":[],"WebPage":[]},"graphName":"","isEnabled":true},"graphs":[],"defaultGraph":"","defaultPostTypeGraph":""},"schema_type":null,"schema_type_options":null,"pillar_content":false,"robots_default":true,"robots_noindex":false,"robots_noarchive":false,"robots_nosnippet":false,"robots_nofollow":false,"robots_noimageindex":false,"robots_noodp":false,"robots_notranslate":false,"robots_max_snippet":null,"robots_max_videopreview":null,"robots_max_imagepreview":"large","priority":null,"frequency":null,"local_seo":null,"seo_analyzer_scan_date":"2025-12-02 05:29:17","breadcrumb_settings":null,"limit_modified_date":false,"open_ai":null,"ai":null,"created":"2020-12-21 13:50:50","updated":"2025-12-02 05:29:17"},"aioseo_breadcrumb":"<div class=\"aioseo-breadcrumbs\"><span class=\"aioseo-breadcrumb\">\n\t<a href=\"https:\/\/www.eldigitaldeasturias.com\/noticias\" title=\"Home\">Home<\/a>\n<\/span><span class=\"aioseo-breadcrumb-separator\">\u2013<\/span><span class=\"aioseo-breadcrumb\">\n\t<a href=\"https:\/\/www.eldigitaldeasturias.com\/noticias\/category\/destacadas\/\" title=\"Destacadas\">Destacadas<\/a>\n<\/span><span class=\"aioseo-breadcrumb-separator\">\u2013<\/span><span class=\"aioseo-breadcrumb\">\n\t<a href=\"https:\/\/www.eldigitaldeasturias.com\/noticias\/francia-prolongara-el-estado-de-emergencia\/\" title=\"Francia prolongar\u00e1 el estado de emergencia\">Francia prolongar\u00e1 el estado de emergencia<\/a>\n<\/span><\/div>","aioseo_breadcrumb_json":[{"label":"Home","link":"https:\/\/www.eldigitaldeasturias.com\/noticias"},{"label":"Destacadas","link":"https:\/\/www.eldigitaldeasturias.com\/noticias\/category\/destacadas\/"},{"label":"Francia prolongar\u00e1 el estado de emergencia","link":"https:\/\/www.eldigitaldeasturias.com\/noticias\/francia-prolongara-el-estado-de-emergencia\/"}],"_links":{"self":[{"href":"https:\/\/www.eldigitaldeasturias.com\/noticias\/wp-json\/wp\/v2\/posts\/919081","targetHints":{"allow":["GET"]}}],"collection":[{"href":"https:\/\/www.eldigitaldeasturias.com\/noticias\/wp-json\/wp\/v2\/posts"}],"about":[{"href":"https:\/\/www.eldigitaldeasturias.com\/noticias\/wp-json\/wp\/v2\/types\/post"}],"author":[{"embeddable":true,"href":"https:\/\/www.eldigitaldeasturias.com\/noticias\/wp-json\/wp\/v2\/users\/1"}],"replies":[{"embeddable":true,"href":"https:\/\/www.eldigitaldeasturias.com\/noticias\/wp-json\/wp\/v2\/comments?post=919081"}],"version-history":[{"count":0,"href":"https:\/\/www.eldigitaldeasturias.com\/noticias\/wp-json\/wp\/v2\/posts\/919081\/revisions"}],"wp:featuredmedia":[{"embeddable":true,"href":"https:\/\/www.eldigitaldeasturias.com\/noticias\/wp-json\/wp\/v2\/media\/919082"}],"wp:attachment":[{"href":"https:\/\/www.eldigitaldeasturias.com\/noticias\/wp-json\/wp\/v2\/media?parent=919081"}],"wp:term":[{"taxonomy":"category","embeddable":true,"href":"https:\/\/www.eldigitaldeasturias.com\/noticias\/wp-json\/wp\/v2\/categories?post=919081"},{"taxonomy":"post_tag","embeddable":true,"href":"https:\/\/www.eldigitaldeasturias.com\/noticias\/wp-json\/wp\/v2\/tags?post=919081"}],"curies":[{"name":"wp","href":"https:\/\/api.w.org\/{rel}","templated":true}]}}