{"id":919070,"date":"2016-12-12T23:10:11","date_gmt":"2016-12-12T23:10:11","guid":{"rendered":"http:\/\/www.eldigitaldeasturias.com\/noticias\/?p=919070"},"modified":"2016-12-12T23:10:11","modified_gmt":"2016-12-12T23:10:11","slug":"el-etiquetado-de-los-alimentos-tendra-que-incluir-la-informacion-nutricional","status":"publish","type":"post","link":"https:\/\/www.eldigitaldeasturias.com\/noticias\/el-etiquetado-de-los-alimentos-tendra-que-incluir-la-informacion-nutricional\/","title":{"rendered":"El etiquetado de los alimentos tendr\u00e1 que incluir la informaci\u00f3n nutricional"},"content":{"rendered":"<p><img loading=\"lazy\" decoding=\"async\" class=\"alignleft size-medium wp-image-769073\" src=\"https:\/\/www.eldigitaldeasturias.com\/noticias\/wp-content\/uploads\/2015\/02\/comercio-360x240.jpg\" alt=\"comercio\" width=\"360\" height=\"240\" srcset=\"https:\/\/www.eldigitaldeasturias.com\/noticias\/wp-content\/uploads\/2015\/02\/comercio-360x240.jpg 360w, https:\/\/www.eldigitaldeasturias.com\/noticias\/wp-content\/uploads\/2015\/02\/comercio-650x433.jpg 650w, https:\/\/www.eldigitaldeasturias.com\/noticias\/wp-content\/uploads\/2015\/02\/comercio-84x55.jpg 84w, https:\/\/www.eldigitaldeasturias.com\/noticias\/wp-content\/uploads\/2015\/02\/comercio.jpg 800w\" sizes=\"auto, (max-width: 360px) 100vw, 360px\" \/>A partir del 13 de diciembre, el etiquetado de los alimentos tendr\u00e1 que incluir, de manera obligatoria, la informaci\u00f3n nutricional, es decir, el valor energ\u00e9tico y las cantidades de grasas, grasas saturadas, hidratos de carbono, az\u00facares, prote\u00ednas y sal. Adem\u00e1s, para que los consumidores puedan comparar alimentos, el etiquetado debe incluir esta informaci\u00f3n por 100 gramos o 100 mililitros.<\/p>\n<p>Esto se debe a la aplicaci\u00f3n de la norma comunitaria por la que se rige el etiquetado, el Reglamento (UE) N\u00ba 1169\/2011 del Parlamento Europeo y del Consejo del 25 de octubre de 2011 sobre informaci\u00f3n alimentaria facilitada al consumidor, que se aplica desde el 13 de diciembre de 2014, excepto las indicaciones relativas a la informaci\u00f3n nutricional, que ser\u00e1n aplicables a partir de ma\u00f1ana.<\/p>\n<p>La informaci\u00f3n obligatoria podr\u00e1 completarse, voluntariamente, con los valores de otros nutrientes: \u00e1cidos grasos monoinsaturados y poliinsaturados, polialcoholes, almid\u00f3n, fibra alimentaria, vitaminas o minerales.<\/p>\n<p><strong>Informaci\u00f3n visible, legible e indeleble<\/strong><\/p>\n<p>La informaci\u00f3n nutricional obligatoria se debe presentar en el mismo campo visual, de manera que sea f\u00e1cilmente visible, claramente legible e indeleble. Est\u00e1 regulado el tama\u00f1o de letra igual o superior a 1,2 mm y ha de presentarse en formato de tabla, excepto que el espacio no lo permita, en cuyo caso se puede presentar de forma lineal.<\/p>\n<p>Por otro lado, adem\u00e1s de los valores por 100 g o 100 ml, puede expresarse por porci\u00f3n o por unidad de consumo de forma f\u00e1cilmente reconocible para el consumidor, a condici\u00f3n de que la porci\u00f3n o la unidad de consumo que se utilice se exprese cuantitativamente en la etiqueta y se indique el n\u00famero de porciones o de unidades que contiene el envase.<\/p>\n<p>Est\u00e1n exentos de incluir la informaci\u00f3n nutricional: los productos sin transformar o curados que incluyen un solo ingrediente, el agua, la sal, las especias, el t\u00e9, los vinagres, los aditivos alimentarios, las bebidas con grado alcoh\u00f3lico superior a 1,2 %, los alimentos en envases cuya superficie mayor sea inferior a 25 cm\u00b2 (como mermeladas o mantequillas de hosteler\u00eda), entre otros. Los alimentos no envasados tambi\u00e9n est\u00e1n exentos, pero puede darse de forma voluntaria limit\u00e1ndose al valor energ\u00e9tico, o bien al valor energ\u00e9tico y cantidad de grasas, grasas saturadas, az\u00facares y sal, y expresarse s\u00f3lo por porciones o por unidades de consumo.<\/p>\n<p>La Agencia Espa\u00f1ola de Consumo, Seguridad Alimentaria y Nutrici\u00f3n (AECOSAN) pone a disposici\u00f3n del consumidor un sitio web donde pueden encontrar informaci\u00f3n muy amplia acerca de este tema, como la legislaci\u00f3n, material divulgativo, las preguntas m\u00e1s frecuentes o las novedades del etiquetado.<\/p>\n<p>&nbsp;<\/p>\n<p>&nbsp;<\/p>\n","protected":false},"excerpt":{"rendered":"<p>A partir del 13 de diciembre, el etiquetado de los alimentos tendr\u00e1 que incluir, de manera obligatoria, la informaci\u00f3n nutricional, es decir, el valor energ\u00e9tico y las cantidades de grasas, grasas saturadas, hidratos de carbono, az\u00facares, prote\u00ednas y sal. Adem\u00e1s, para que los consumidores puedan comparar alimentos, el etiquetado debe incluir esta informaci\u00f3n por 100 [&hellip;]<\/p>\n","protected":false},"author":1,"featured_media":769073,"comment_status":"closed","ping_status":"closed","sticky":false,"template":"","format":"standard","meta":{"footnotes":""},"categories":[141],"tags":[],"class_list":["post-919070","post","type-post","status-publish","format-standard","has-post-thumbnail","hentry","category-destacadas"],"aioseo_notices":[],"aioseo_head":"\n\t\t<!-- All in One SEO Pro 4.9.6.2 - aioseo.com -->\n\t<meta name=\"description\" content=\"A partir del 13 de diciembre, el etiquetado de los alimentos tendr\u00e1 que incluir, de manera obligatoria, la informaci\u00f3n nutricional, es decir, el valor energ\u00e9tico y las cantidades de grasas, grasas saturadas, hidratos de carbono, az\u00facares, prote\u00ednas y sal. Adem\u00e1s, para que los consumidores puedan comparar alimentos, el etiquetado debe incluir esta informaci\u00f3n por 100\" \/>\n\t<meta name=\"robots\" content=\"max-image-preview:large\" \/>\n\t<meta name=\"author\" content=\"El Digital de Asturias\"\/>\n\t<meta name=\"google-site-verification\" content=\"UA-38556648-1\" \/>\n\t<meta name=\"msvalidate.01\" content=\"7dfe9f3f1b24437ab69f4f2559babe99\" \/>\n\t<meta name=\"keywords\" content=\"destacadas\" \/>\n\t<link rel=\"canonical\" href=\"https:\/\/www.eldigitaldeasturias.com\/noticias\/el-etiquetado-de-los-alimentos-tendra-que-incluir-la-informacion-nutricional\/\" \/>\n\t<meta name=\"generator\" content=\"All in One SEO Pro (AIOSEO) 4.9.6.2\" \/>\n\t\t<meta property=\"og:locale\" content=\"es_ES\" \/>\n\t\t<meta property=\"og:site_name\" content=\"El Digital de Asturias\" \/>\n\t\t<meta property=\"og:type\" content=\"article\" \/>\n\t\t<meta property=\"og:title\" content=\"El etiquetado de los alimentos tendr\u00e1 que incluir la informaci\u00f3n nutricional - El Digital de Asturias\" \/>\n\t\t<meta property=\"og:description\" content=\"A partir del 13 de diciembre, el etiquetado de los alimentos tendr\u00e1 que incluir, de manera obligatoria, la informaci\u00f3n nutricional, es decir, el valor energ\u00e9tico y las cantidades de grasas, grasas saturadas, hidratos de carbono, az\u00facares, prote\u00ednas y sal. Adem\u00e1s, para que los consumidores puedan comparar alimentos, el etiquetado debe incluir esta informaci\u00f3n por 100\" \/>\n\t\t<meta property=\"og:url\" content=\"https:\/\/www.eldigitaldeasturias.com\/noticias\/el-etiquetado-de-los-alimentos-tendra-que-incluir-la-informacion-nutricional\/\" \/>\n\t\t<meta property=\"og:image\" content=\"https:\/\/www.eldigitaldeasturias.com\/noticias\/wp-content\/uploads\/2015\/02\/comercio.jpg\" \/>\n\t\t<meta property=\"og:image:secure_url\" content=\"https:\/\/www.eldigitaldeasturias.com\/noticias\/wp-content\/uploads\/2015\/02\/comercio.jpg\" \/>\n\t\t<meta property=\"og:image:width\" content=\"800\" \/>\n\t\t<meta property=\"og:image:height\" content=\"533\" \/>\n\t\t<meta property=\"article:tag\" content=\"destacadas\" \/>\n\t\t<meta property=\"article:published_time\" content=\"2016-12-12T23:10:11+00:00\" \/>\n\t\t<meta property=\"article:modified_time\" content=\"2016-12-12T23:10:11+00:00\" \/>\n\t\t<meta property=\"article:publisher\" content=\"https:\/\/facebook.com\/eldigitaldeasturias\" \/>\n\t\t<meta name=\"twitter:card\" content=\"summary_large_image\" \/>\n\t\t<meta name=\"twitter:title\" content=\"El etiquetado de los alimentos tendr\u00e1 que incluir la informaci\u00f3n nutricional - El Digital de Asturias\" \/>\n\t\t<meta name=\"twitter:description\" content=\"A partir del 13 de diciembre, el etiquetado de los alimentos tendr\u00e1 que incluir, de manera obligatoria, la informaci\u00f3n nutricional, es decir, el valor energ\u00e9tico y las cantidades de grasas, grasas saturadas, hidratos de carbono, az\u00facares, prote\u00ednas y sal. Adem\u00e1s, para que los consumidores puedan comparar alimentos, el etiquetado debe incluir esta informaci\u00f3n por 100\" \/>\n\t\t<meta name=\"twitter:image\" content=\"https:\/\/www.eldigitaldeasturias.com\/noticias\/wp-content\/uploads\/2015\/02\/comercio.jpg\" \/>\n\t\t<meta name=\"twitter:label1\" content=\"Escrito por\" \/>\n\t\t<meta name=\"twitter:data1\" content=\"El Digital de Asturias\" \/>\n\t\t<meta name=\"twitter:label2\" content=\"Tiempo de lectura estimado\" \/>\n\t\t<meta name=\"twitter:data2\" content=\"2 minutos\" \/>\n\t\t<script type=\"application\/ld+json\" class=\"aioseo-schema\">\n\t\t\t{\"@context\":\"https:\\\/\\\/schema.org\",\"@graph\":[{\"@type\":\"BlogPosting\",\"@id\":\"https:\\\/\\\/www.eldigitaldeasturias.com\\\/noticias\\\/el-etiquetado-de-los-alimentos-tendra-que-incluir-la-informacion-nutricional\\\/#blogposting\",\"name\":\"El etiquetado de los alimentos tendr\\u00e1 que incluir la informaci\\u00f3n nutricional - El Digital de Asturias\",\"headline\":\"El etiquetado de los alimentos tendr\\u00e1 que incluir la informaci\\u00f3n nutricional\",\"author\":{\"@id\":\"https:\\\/\\\/www.eldigitaldeasturias.com\\\/noticias\\\/author\\\/admin\\\/#author\"},\"publisher\":{\"@id\":\"https:\\\/\\\/www.eldigitaldeasturias.com\\\/noticias\\\/#organization\"},\"image\":{\"@type\":\"ImageObject\",\"url\":\"https:\\\/\\\/www.eldigitaldeasturias.com\\\/noticias\\\/wp-content\\\/uploads\\\/2015\\\/02\\\/comercio.jpg\",\"width\":800,\"height\":533},\"datePublished\":\"2016-12-12T23:10:11+01:00\",\"dateModified\":\"2016-12-12T23:10:11+01:00\",\"inLanguage\":\"es-ES\",\"mainEntityOfPage\":{\"@id\":\"https:\\\/\\\/www.eldigitaldeasturias.com\\\/noticias\\\/el-etiquetado-de-los-alimentos-tendra-que-incluir-la-informacion-nutricional\\\/#webpage\"},\"isPartOf\":{\"@id\":\"https:\\\/\\\/www.eldigitaldeasturias.com\\\/noticias\\\/el-etiquetado-de-los-alimentos-tendra-que-incluir-la-informacion-nutricional\\\/#webpage\"},\"articleSection\":\"Destacadas\"},{\"@type\":\"BreadcrumbList\",\"@id\":\"https:\\\/\\\/www.eldigitaldeasturias.com\\\/noticias\\\/el-etiquetado-de-los-alimentos-tendra-que-incluir-la-informacion-nutricional\\\/#breadcrumblist\",\"itemListElement\":[{\"@type\":\"ListItem\",\"@id\":\"https:\\\/\\\/www.eldigitaldeasturias.com\\\/noticias#listItem\",\"position\":1,\"name\":\"Home\",\"item\":\"https:\\\/\\\/www.eldigitaldeasturias.com\\\/noticias\",\"nextItem\":{\"@type\":\"ListItem\",\"@id\":\"https:\\\/\\\/www.eldigitaldeasturias.com\\\/noticias\\\/category\\\/destacadas\\\/#listItem\",\"name\":\"Destacadas\"}},{\"@type\":\"ListItem\",\"@id\":\"https:\\\/\\\/www.eldigitaldeasturias.com\\\/noticias\\\/category\\\/destacadas\\\/#listItem\",\"position\":2,\"name\":\"Destacadas\",\"item\":\"https:\\\/\\\/www.eldigitaldeasturias.com\\\/noticias\\\/category\\\/destacadas\\\/\",\"nextItem\":{\"@type\":\"ListItem\",\"@id\":\"https:\\\/\\\/www.eldigitaldeasturias.com\\\/noticias\\\/el-etiquetado-de-los-alimentos-tendra-que-incluir-la-informacion-nutricional\\\/#listItem\",\"name\":\"El etiquetado de los alimentos tendr\\u00e1 que incluir la informaci\\u00f3n nutricional\"},\"previousItem\":{\"@type\":\"ListItem\",\"@id\":\"https:\\\/\\\/www.eldigitaldeasturias.com\\\/noticias#listItem\",\"name\":\"Home\"}},{\"@type\":\"ListItem\",\"@id\":\"https:\\\/\\\/www.eldigitaldeasturias.com\\\/noticias\\\/el-etiquetado-de-los-alimentos-tendra-que-incluir-la-informacion-nutricional\\\/#listItem\",\"position\":3,\"name\":\"El etiquetado de los alimentos tendr\\u00e1 que incluir la informaci\\u00f3n nutricional\",\"previousItem\":{\"@type\":\"ListItem\",\"@id\":\"https:\\\/\\\/www.eldigitaldeasturias.com\\\/noticias\\\/category\\\/destacadas\\\/#listItem\",\"name\":\"Destacadas\"}}]},{\"@type\":\"Organization\",\"@id\":\"https:\\\/\\\/www.eldigitaldeasturias.com\\\/noticias\\\/#organization\",\"name\":\"El Digital de Asturias\",\"description\":\"Hemeroteca\",\"url\":\"https:\\\/\\\/www.eldigitaldeasturias.com\\\/noticias\\\/\",\"email\":\"info@eldigitaldeasturias.com\",\"telephone\":\"+34652131393\",\"logo\":{\"@type\":\"ImageObject\",\"url\":\"https:\\\/\\\/www.eldigitaldeasturias.com\\\/noticias\\\/wp-content\\\/uploads\\\/2020\\\/12\\\/EDA.jpg\",\"@id\":\"https:\\\/\\\/www.eldigitaldeasturias.com\\\/noticias\\\/el-etiquetado-de-los-alimentos-tendra-que-incluir-la-informacion-nutricional\\\/#organizationLogo\",\"width\":649,\"height\":297},\"image\":{\"@id\":\"https:\\\/\\\/www.eldigitaldeasturias.com\\\/noticias\\\/el-etiquetado-de-los-alimentos-tendra-que-incluir-la-informacion-nutricional\\\/#organizationLogo\"},\"sameAs\":[\"https:\\\/\\\/facebook.com\\\/eldigitaldeasturias\",\"https:\\\/\\\/www.youtube.com\\\/channel\\\/UCZP-2wLEB9Rv6erhFmqVnvg\"],\"address\":{\"@id\":\"https:\\\/\\\/www.eldigitaldeasturias.com\\\/noticias\\\/#postaladdress\",\"@type\":\"PostalAddress\",\"streetAddress\":\"san antonio 4,\",\"postalCode\":\"33430\",\"addressLocality\":\"Cand\\u00e1s\",\"addressRegion\":\"Asturias\",\"addressCountry\":\"ES\"}},{\"@type\":\"Person\",\"@id\":\"https:\\\/\\\/www.eldigitaldeasturias.com\\\/noticias\\\/author\\\/admin\\\/#author\",\"url\":\"https:\\\/\\\/www.eldigitaldeasturias.com\\\/noticias\\\/author\\\/admin\\\/\",\"name\":\"El Digital de Asturias\",\"image\":{\"@type\":\"ImageObject\",\"@id\":\"https:\\\/\\\/www.eldigitaldeasturias.com\\\/noticias\\\/el-etiquetado-de-los-alimentos-tendra-que-incluir-la-informacion-nutricional\\\/#authorImage\",\"url\":\"https:\\\/\\\/www.eldigitaldeasturias.com\\\/noticias\\\/wp-content\\\/litespeed\\\/avatar\\\/18677e78aa0546b92d9dbf31ec7d7668.jpg?ver=1777290358\",\"width\":96,\"height\":96,\"caption\":\"El Digital de Asturias\"}},{\"@type\":\"WebPage\",\"@id\":\"https:\\\/\\\/www.eldigitaldeasturias.com\\\/noticias\\\/el-etiquetado-de-los-alimentos-tendra-que-incluir-la-informacion-nutricional\\\/#webpage\",\"url\":\"https:\\\/\\\/www.eldigitaldeasturias.com\\\/noticias\\\/el-etiquetado-de-los-alimentos-tendra-que-incluir-la-informacion-nutricional\\\/\",\"name\":\"El etiquetado de los alimentos tendr\\u00e1 que incluir la informaci\\u00f3n nutricional - El Digital de Asturias\",\"description\":\"A partir del 13 de diciembre, el etiquetado de los alimentos tendr\\u00e1 que incluir, de manera obligatoria, la informaci\\u00f3n nutricional, es decir, el valor energ\\u00e9tico y las cantidades de grasas, grasas saturadas, hidratos de carbono, az\\u00facares, prote\\u00ednas y sal. Adem\\u00e1s, para que los consumidores puedan comparar alimentos, el etiquetado debe incluir esta informaci\\u00f3n por 100\",\"inLanguage\":\"es-ES\",\"isPartOf\":{\"@id\":\"https:\\\/\\\/www.eldigitaldeasturias.com\\\/noticias\\\/#website\"},\"breadcrumb\":{\"@id\":\"https:\\\/\\\/www.eldigitaldeasturias.com\\\/noticias\\\/el-etiquetado-de-los-alimentos-tendra-que-incluir-la-informacion-nutricional\\\/#breadcrumblist\"},\"author\":{\"@id\":\"https:\\\/\\\/www.eldigitaldeasturias.com\\\/noticias\\\/author\\\/admin\\\/#author\"},\"creator\":{\"@id\":\"https:\\\/\\\/www.eldigitaldeasturias.com\\\/noticias\\\/author\\\/admin\\\/#author\"},\"image\":{\"@type\":\"ImageObject\",\"url\":\"https:\\\/\\\/www.eldigitaldeasturias.com\\\/noticias\\\/wp-content\\\/uploads\\\/2015\\\/02\\\/comercio.jpg\",\"@id\":\"https:\\\/\\\/www.eldigitaldeasturias.com\\\/noticias\\\/el-etiquetado-de-los-alimentos-tendra-que-incluir-la-informacion-nutricional\\\/#mainImage\",\"width\":800,\"height\":533},\"primaryImageOfPage\":{\"@id\":\"https:\\\/\\\/www.eldigitaldeasturias.com\\\/noticias\\\/el-etiquetado-de-los-alimentos-tendra-que-incluir-la-informacion-nutricional\\\/#mainImage\"},\"datePublished\":\"2016-12-12T23:10:11+01:00\",\"dateModified\":\"2016-12-12T23:10:11+01:00\"},{\"@type\":\"WebSite\",\"@id\":\"https:\\\/\\\/www.eldigitaldeasturias.com\\\/noticias\\\/#website\",\"url\":\"https:\\\/\\\/www.eldigitaldeasturias.com\\\/noticias\\\/\",\"name\":\"El Digital de Asturias - Diario de actualidad y noticias\",\"alternateName\":\"El Digital de Asturias - Diario de actualidad y noticias\",\"description\":\"Hemeroteca\",\"inLanguage\":\"es-ES\",\"publisher\":{\"@id\":\"https:\\\/\\\/www.eldigitaldeasturias.com\\\/noticias\\\/#organization\"}}]}\n\t\t<\/script>\n\t\t<!-- All in One SEO Pro -->\r\n\t\t<title>El etiquetado de los alimentos tendr\u00e1 que incluir la informaci\u00f3n nutricional - El Digital de Asturias<\/title>\n\n","aioseo_head_json":{"title":"El etiquetado de los alimentos tendr\u00e1 que incluir la informaci\u00f3n nutricional - El Digital de Asturias","description":"A partir del 13 de diciembre, el etiquetado de los alimentos tendr\u00e1 que incluir, de manera obligatoria, la informaci\u00f3n nutricional, es decir, el valor energ\u00e9tico y las cantidades de grasas, grasas saturadas, hidratos de carbono, az\u00facares, prote\u00ednas y sal. Adem\u00e1s, para que los consumidores puedan comparar alimentos, el etiquetado debe incluir esta informaci\u00f3n por 100","canonical_url":"https:\/\/www.eldigitaldeasturias.com\/noticias\/el-etiquetado-de-los-alimentos-tendra-que-incluir-la-informacion-nutricional\/","robots":"max-image-preview:large","keywords":"destacadas","webmasterTools":{"google-site-verification":"UA-38556648-1","msvalidate.01":"7dfe9f3f1b24437ab69f4f2559babe99","miscellaneous":""},"schema":{"@context":"https:\/\/schema.org","@graph":[{"@type":"BlogPosting","@id":"https:\/\/www.eldigitaldeasturias.com\/noticias\/el-etiquetado-de-los-alimentos-tendra-que-incluir-la-informacion-nutricional\/#blogposting","name":"El etiquetado de los alimentos tendr\u00e1 que incluir la informaci\u00f3n nutricional - El Digital de Asturias","headline":"El etiquetado de los alimentos tendr\u00e1 que incluir la informaci\u00f3n nutricional","author":{"@id":"https:\/\/www.eldigitaldeasturias.com\/noticias\/author\/admin\/#author"},"publisher":{"@id":"https:\/\/www.eldigitaldeasturias.com\/noticias\/#organization"},"image":{"@type":"ImageObject","url":"https:\/\/www.eldigitaldeasturias.com\/noticias\/wp-content\/uploads\/2015\/02\/comercio.jpg","width":800,"height":533},"datePublished":"2016-12-12T23:10:11+01:00","dateModified":"2016-12-12T23:10:11+01:00","inLanguage":"es-ES","mainEntityOfPage":{"@id":"https:\/\/www.eldigitaldeasturias.com\/noticias\/el-etiquetado-de-los-alimentos-tendra-que-incluir-la-informacion-nutricional\/#webpage"},"isPartOf":{"@id":"https:\/\/www.eldigitaldeasturias.com\/noticias\/el-etiquetado-de-los-alimentos-tendra-que-incluir-la-informacion-nutricional\/#webpage"},"articleSection":"Destacadas"},{"@type":"BreadcrumbList","@id":"https:\/\/www.eldigitaldeasturias.com\/noticias\/el-etiquetado-de-los-alimentos-tendra-que-incluir-la-informacion-nutricional\/#breadcrumblist","itemListElement":[{"@type":"ListItem","@id":"https:\/\/www.eldigitaldeasturias.com\/noticias#listItem","position":1,"name":"Home","item":"https:\/\/www.eldigitaldeasturias.com\/noticias","nextItem":{"@type":"ListItem","@id":"https:\/\/www.eldigitaldeasturias.com\/noticias\/category\/destacadas\/#listItem","name":"Destacadas"}},{"@type":"ListItem","@id":"https:\/\/www.eldigitaldeasturias.com\/noticias\/category\/destacadas\/#listItem","position":2,"name":"Destacadas","item":"https:\/\/www.eldigitaldeasturias.com\/noticias\/category\/destacadas\/","nextItem":{"@type":"ListItem","@id":"https:\/\/www.eldigitaldeasturias.com\/noticias\/el-etiquetado-de-los-alimentos-tendra-que-incluir-la-informacion-nutricional\/#listItem","name":"El etiquetado de los alimentos tendr\u00e1 que incluir la informaci\u00f3n nutricional"},"previousItem":{"@type":"ListItem","@id":"https:\/\/www.eldigitaldeasturias.com\/noticias#listItem","name":"Home"}},{"@type":"ListItem","@id":"https:\/\/www.eldigitaldeasturias.com\/noticias\/el-etiquetado-de-los-alimentos-tendra-que-incluir-la-informacion-nutricional\/#listItem","position":3,"name":"El etiquetado de los alimentos tendr\u00e1 que incluir la informaci\u00f3n nutricional","previousItem":{"@type":"ListItem","@id":"https:\/\/www.eldigitaldeasturias.com\/noticias\/category\/destacadas\/#listItem","name":"Destacadas"}}]},{"@type":"Organization","@id":"https:\/\/www.eldigitaldeasturias.com\/noticias\/#organization","name":"El Digital de Asturias","description":"Hemeroteca","url":"https:\/\/www.eldigitaldeasturias.com\/noticias\/","email":"info@eldigitaldeasturias.com","telephone":"+34652131393","logo":{"@type":"ImageObject","url":"https:\/\/www.eldigitaldeasturias.com\/noticias\/wp-content\/uploads\/2020\/12\/EDA.jpg","@id":"https:\/\/www.eldigitaldeasturias.com\/noticias\/el-etiquetado-de-los-alimentos-tendra-que-incluir-la-informacion-nutricional\/#organizationLogo","width":649,"height":297},"image":{"@id":"https:\/\/www.eldigitaldeasturias.com\/noticias\/el-etiquetado-de-los-alimentos-tendra-que-incluir-la-informacion-nutricional\/#organizationLogo"},"sameAs":["https:\/\/facebook.com\/eldigitaldeasturias","https:\/\/www.youtube.com\/channel\/UCZP-2wLEB9Rv6erhFmqVnvg"],"address":{"@id":"https:\/\/www.eldigitaldeasturias.com\/noticias\/#postaladdress","@type":"PostalAddress","streetAddress":"san antonio 4,","postalCode":"33430","addressLocality":"Cand\u00e1s","addressRegion":"Asturias","addressCountry":"ES"}},{"@type":"Person","@id":"https:\/\/www.eldigitaldeasturias.com\/noticias\/author\/admin\/#author","url":"https:\/\/www.eldigitaldeasturias.com\/noticias\/author\/admin\/","name":"El Digital de Asturias","image":{"@type":"ImageObject","@id":"https:\/\/www.eldigitaldeasturias.com\/noticias\/el-etiquetado-de-los-alimentos-tendra-que-incluir-la-informacion-nutricional\/#authorImage","url":"https:\/\/www.eldigitaldeasturias.com\/noticias\/wp-content\/litespeed\/avatar\/18677e78aa0546b92d9dbf31ec7d7668.jpg?ver=1777290358","width":96,"height":96,"caption":"El Digital de Asturias"}},{"@type":"WebPage","@id":"https:\/\/www.eldigitaldeasturias.com\/noticias\/el-etiquetado-de-los-alimentos-tendra-que-incluir-la-informacion-nutricional\/#webpage","url":"https:\/\/www.eldigitaldeasturias.com\/noticias\/el-etiquetado-de-los-alimentos-tendra-que-incluir-la-informacion-nutricional\/","name":"El etiquetado de los alimentos tendr\u00e1 que incluir la informaci\u00f3n nutricional - El Digital de Asturias","description":"A partir del 13 de diciembre, el etiquetado de los alimentos tendr\u00e1 que incluir, de manera obligatoria, la informaci\u00f3n nutricional, es decir, el valor energ\u00e9tico y las cantidades de grasas, grasas saturadas, hidratos de carbono, az\u00facares, prote\u00ednas y sal. Adem\u00e1s, para que los consumidores puedan comparar alimentos, el etiquetado debe incluir esta informaci\u00f3n por 100","inLanguage":"es-ES","isPartOf":{"@id":"https:\/\/www.eldigitaldeasturias.com\/noticias\/#website"},"breadcrumb":{"@id":"https:\/\/www.eldigitaldeasturias.com\/noticias\/el-etiquetado-de-los-alimentos-tendra-que-incluir-la-informacion-nutricional\/#breadcrumblist"},"author":{"@id":"https:\/\/www.eldigitaldeasturias.com\/noticias\/author\/admin\/#author"},"creator":{"@id":"https:\/\/www.eldigitaldeasturias.com\/noticias\/author\/admin\/#author"},"image":{"@type":"ImageObject","url":"https:\/\/www.eldigitaldeasturias.com\/noticias\/wp-content\/uploads\/2015\/02\/comercio.jpg","@id":"https:\/\/www.eldigitaldeasturias.com\/noticias\/el-etiquetado-de-los-alimentos-tendra-que-incluir-la-informacion-nutricional\/#mainImage","width":800,"height":533},"primaryImageOfPage":{"@id":"https:\/\/www.eldigitaldeasturias.com\/noticias\/el-etiquetado-de-los-alimentos-tendra-que-incluir-la-informacion-nutricional\/#mainImage"},"datePublished":"2016-12-12T23:10:11+01:00","dateModified":"2016-12-12T23:10:11+01:00"},{"@type":"WebSite","@id":"https:\/\/www.eldigitaldeasturias.com\/noticias\/#website","url":"https:\/\/www.eldigitaldeasturias.com\/noticias\/","name":"El Digital de Asturias - Diario de actualidad y noticias","alternateName":"El Digital de Asturias - Diario de actualidad y noticias","description":"Hemeroteca","inLanguage":"es-ES","publisher":{"@id":"https:\/\/www.eldigitaldeasturias.com\/noticias\/#organization"}}]},"og:locale":"es_ES","og:site_name":"El Digital de Asturias","og:type":"article","og:title":"El etiquetado de los alimentos tendr\u00e1 que incluir la informaci\u00f3n nutricional - El Digital de Asturias","og:description":"A partir del 13 de diciembre, el etiquetado de los alimentos tendr\u00e1 que incluir, de manera obligatoria, la informaci\u00f3n nutricional, es decir, el valor energ\u00e9tico y las cantidades de grasas, grasas saturadas, hidratos de carbono, az\u00facares, prote\u00ednas y sal. Adem\u00e1s, para que los consumidores puedan comparar alimentos, el etiquetado debe incluir esta informaci\u00f3n por 100","og:url":"https:\/\/www.eldigitaldeasturias.com\/noticias\/el-etiquetado-de-los-alimentos-tendra-que-incluir-la-informacion-nutricional\/","og:image":"https:\/\/www.eldigitaldeasturias.com\/noticias\/wp-content\/uploads\/2015\/02\/comercio.jpg","og:image:secure_url":"https:\/\/www.eldigitaldeasturias.com\/noticias\/wp-content\/uploads\/2015\/02\/comercio.jpg","og:image:width":800,"og:image:height":533,"article:tag":["destacadas"],"article:published_time":"2016-12-12T23:10:11+00:00","article:modified_time":"2016-12-12T23:10:11+00:00","article:publisher":"https:\/\/facebook.com\/eldigitaldeasturias","twitter:card":"summary_large_image","twitter:title":"El etiquetado de los alimentos tendr\u00e1 que incluir la informaci\u00f3n nutricional - El Digital de Asturias","twitter:description":"A partir del 13 de diciembre, el etiquetado de los alimentos tendr\u00e1 que incluir, de manera obligatoria, la informaci\u00f3n nutricional, es decir, el valor energ\u00e9tico y las cantidades de grasas, grasas saturadas, hidratos de carbono, az\u00facares, prote\u00ednas y sal. Adem\u00e1s, para que los consumidores puedan comparar alimentos, el etiquetado debe incluir esta informaci\u00f3n por 100","twitter:image":"https:\/\/www.eldigitaldeasturias.com\/noticias\/wp-content\/uploads\/2015\/02\/comercio.jpg","twitter:label1":"Escrito por","twitter:data1":"El Digital de Asturias","twitter:label2":"Tiempo de lectura estimado","twitter:data2":"2 minutos"},"aioseo_meta_data":{"post_id":"919070","title":null,"description":null,"keywords":null,"keyphrases":null,"primary_term":null,"canonical_url":null,"og_title":null,"og_description":null,"og_object_type":"default","og_image_type":"default","og_image_url":null,"og_image_width":null,"og_image_height":null,"og_image_custom_url":null,"og_image_custom_fields":null,"og_video":null,"og_custom_url":null,"og_article_section":null,"og_article_tags":null,"twitter_use_og":false,"twitter_card":"default","twitter_image_type":"default","twitter_image_url":null,"twitter_image_custom_url":null,"twitter_image_custom_fields":null,"twitter_title":null,"twitter_description":null,"schema":{"blockGraphs":[],"customGraphs":[],"default":{"data":{"Article":[],"Course":[],"Dataset":[],"FAQPage":[],"Movie":[],"Person":[],"Product":[],"ProductReview":[],"Car":[],"Recipe":[],"Service":[],"SoftwareApplication":[],"WebPage":[]},"graphName":"","isEnabled":true},"graphs":[],"defaultGraph":"","defaultPostTypeGraph":""},"schema_type":null,"schema_type_options":null,"pillar_content":false,"robots_default":true,"robots_noindex":false,"robots_noarchive":false,"robots_nosnippet":false,"robots_nofollow":false,"robots_noimageindex":false,"robots_noodp":false,"robots_notranslate":false,"robots_max_snippet":null,"robots_max_videopreview":null,"robots_max_imagepreview":"large","priority":null,"frequency":null,"local_seo":null,"seo_analyzer_scan_date":"2025-12-02 05:27:25","breadcrumb_settings":null,"limit_modified_date":false,"open_ai":null,"ai":null,"created":"2020-12-21 13:50:50","updated":"2025-12-02 05:27:25"},"aioseo_breadcrumb":"<div class=\"aioseo-breadcrumbs\"><span class=\"aioseo-breadcrumb\">\n\t<a href=\"https:\/\/www.eldigitaldeasturias.com\/noticias\" title=\"Home\">Home<\/a>\n<\/span><span class=\"aioseo-breadcrumb-separator\">\u2013<\/span><span class=\"aioseo-breadcrumb\">\n\t<a href=\"https:\/\/www.eldigitaldeasturias.com\/noticias\/category\/destacadas\/\" title=\"Destacadas\">Destacadas<\/a>\n<\/span><span class=\"aioseo-breadcrumb-separator\">\u2013<\/span><span class=\"aioseo-breadcrumb\">\n\t<a href=\"https:\/\/www.eldigitaldeasturias.com\/noticias\/el-etiquetado-de-los-alimentos-tendra-que-incluir-la-informacion-nutricional\/\" title=\"El etiquetado de los alimentos tendr\u00e1 que incluir la informaci\u00f3n nutricional\">El etiquetado de los alimentos tendr\u00e1 que incluir la informaci\u00f3n nutricional<\/a>\n<\/span><\/div>","aioseo_breadcrumb_json":[{"label":"Home","link":"https:\/\/www.eldigitaldeasturias.com\/noticias"},{"label":"Destacadas","link":"https:\/\/www.eldigitaldeasturias.com\/noticias\/category\/destacadas\/"},{"label":"El etiquetado de los alimentos tendr\u00e1 que incluir la informaci\u00f3n nutricional","link":"https:\/\/www.eldigitaldeasturias.com\/noticias\/el-etiquetado-de-los-alimentos-tendra-que-incluir-la-informacion-nutricional\/"}],"_links":{"self":[{"href":"https:\/\/www.eldigitaldeasturias.com\/noticias\/wp-json\/wp\/v2\/posts\/919070","targetHints":{"allow":["GET"]}}],"collection":[{"href":"https:\/\/www.eldigitaldeasturias.com\/noticias\/wp-json\/wp\/v2\/posts"}],"about":[{"href":"https:\/\/www.eldigitaldeasturias.com\/noticias\/wp-json\/wp\/v2\/types\/post"}],"author":[{"embeddable":true,"href":"https:\/\/www.eldigitaldeasturias.com\/noticias\/wp-json\/wp\/v2\/users\/1"}],"replies":[{"embeddable":true,"href":"https:\/\/www.eldigitaldeasturias.com\/noticias\/wp-json\/wp\/v2\/comments?post=919070"}],"version-history":[{"count":0,"href":"https:\/\/www.eldigitaldeasturias.com\/noticias\/wp-json\/wp\/v2\/posts\/919070\/revisions"}],"wp:featuredmedia":[{"embeddable":true,"href":"https:\/\/www.eldigitaldeasturias.com\/noticias\/wp-json\/wp\/v2\/media\/769073"}],"wp:attachment":[{"href":"https:\/\/www.eldigitaldeasturias.com\/noticias\/wp-json\/wp\/v2\/media?parent=919070"}],"wp:term":[{"taxonomy":"category","embeddable":true,"href":"https:\/\/www.eldigitaldeasturias.com\/noticias\/wp-json\/wp\/v2\/categories?post=919070"},{"taxonomy":"post_tag","embeddable":true,"href":"https:\/\/www.eldigitaldeasturias.com\/noticias\/wp-json\/wp\/v2\/tags?post=919070"}],"curies":[{"name":"wp","href":"https:\/\/api.w.org\/{rel}","templated":true}]}}