{"id":919026,"date":"2016-12-11T23:17:04","date_gmt":"2016-12-11T23:17:04","guid":{"rendered":"http:\/\/www.eldigitaldeasturias.com\/noticias\/?p=919026"},"modified":"2016-12-11T23:17:04","modified_gmt":"2016-12-11T23:17:04","slug":"cristina-coto-la-sidra-asturiana-necesita-promocion-en-el-resto-de-espana","status":"publish","type":"post","link":"https:\/\/www.eldigitaldeasturias.com\/noticias\/cristina-coto-la-sidra-asturiana-necesita-promocion-en-el-resto-de-espana\/","title":{"rendered":"Cristina Coto: \u201cLa Sidra Asturiana necesita promoci\u00f3n en el resto de Espa\u00f1a\u201d"},"content":{"rendered":"<p><img loading=\"lazy\" decoding=\"async\" class=\"alignleft size-medium wp-image-909336\" src=\"https:\/\/www.eldigitaldeasturias.com\/noticias\/wp-content\/uploads\/2016\/09\/COTO-FOROASTURIAS-360x253.jpg\" alt=\"COTO-FOROASTURIAS\" width=\"360\" height=\"253\" srcset=\"https:\/\/www.eldigitaldeasturias.com\/noticias\/wp-content\/uploads\/2016\/09\/COTO-FOROASTURIAS-360x253.jpg 360w, https:\/\/www.eldigitaldeasturias.com\/noticias\/wp-content\/uploads\/2016\/09\/COTO-FOROASTURIAS-100x70.jpg 100w, https:\/\/www.eldigitaldeasturias.com\/noticias\/wp-content\/uploads\/2016\/09\/COTO-FOROASTURIAS-696x490.jpg 696w, https:\/\/www.eldigitaldeasturias.com\/noticias\/wp-content\/uploads\/2016\/09\/COTO-FOROASTURIAS-597x420.jpg 597w, https:\/\/www.eldigitaldeasturias.com\/noticias\/wp-content\/uploads\/2016\/09\/COTO-FOROASTURIAS-768x540.jpg 768w, https:\/\/www.eldigitaldeasturias.com\/noticias\/wp-content\/uploads\/2016\/09\/COTO-FOROASTURIAS-650x457.jpg 650w, https:\/\/www.eldigitaldeasturias.com\/noticias\/wp-content\/uploads\/2016\/09\/COTO-FOROASTURIAS.jpg 800w\" sizes=\"auto, (max-width: 360px) 100vw, 360px\" \/>La presidenta de FORO, Cristina Coto, hizo p\u00fablicas hoy las respuestas recibidas del Principado sobre la supuesta campa\u00f1a de promoci\u00f3n de la Sidra Asturiana y manifest\u00f3 que \u201cen Asturias no es necesario gastar dinero en promocionar la Sidra Asturiana, porque es bien conocida; donde hay que darla a conocer es fuera de Asturias. La lamentable campa\u00f1a de publicidad para promocionar la Sidra Asturiana demuestra la incapacidad del Principado porque no contempla acciones fuera de Asturias, por lo que resulta rid\u00edcula e in\u00fatil. Adem\u00e1s, los 375.000 folletos de la campa\u00f1a que dice que se han distribuido son fantasmales o invisibles porque nadie que conozcamos los ha visto\u201d.<\/p>\n<p>La presidenta de FORO a\u00f1adi\u00f3 que volver\u00e1 a formular\u00e1 nuevas presuntas para investigar ciertos datos que permitan evaluar el alcance de esta lamentable campa\u00f1a del Principado:<\/p>\n<p>&#8211;\u201c\u00bfQu\u00e9 agencia publicitaria realiz\u00f3 la campa\u00f1a, como se seleccion\u00f3, d\u00f3nde se present\u00f3 p\u00fablicamente la campa\u00f1a, en qu\u00e9 fecha, con qu\u00e9 repercusi\u00f3n medi\u00e1tica, y en qu\u00e9 se han destinado los 43.000 que supuestamente cost\u00f3, as\u00ed como los 150.000 \u20ac de ?\u201d<\/p>\n<p>&#8211;\u201c\u00bfEn qu\u00e9 fechas est\u00e1 previsto realizar la campa\u00f1a que consiste en la promoci\u00f3n en un punto de venta (sector hostelero) de sidras espumosas con Denominaci\u00f3n de Origen, dado que ya estamos en v\u00edsperas de las fiestas?\u201d<\/p>\n<p>&#8211;\u00abReclamamos las relaciones de los 220 puntos de presencia promocional y de los 200 locales hosteleros, el lugar y fecha del evento que motive a los clientes a consumir Sidras Brut, y en qu\u00e9 consiste lo de \u201d.<\/p>\n<p>&nbsp;<\/p>\n","protected":false},"excerpt":{"rendered":"<p>La presidenta de FORO, Cristina Coto, hizo p\u00fablicas hoy las respuestas recibidas del Principado sobre la supuesta campa\u00f1a de promoci\u00f3n de la Sidra Asturiana y manifest\u00f3 que \u201cen Asturias no es necesario gastar dinero en promocionar la Sidra Asturiana, porque es bien conocida; donde hay que darla a conocer es fuera de Asturias. La lamentable [&hellip;]<\/p>\n","protected":false},"author":1,"featured_media":909336,"comment_status":"closed","ping_status":"closed","sticky":false,"template":"","format":"standard","meta":{"footnotes":""},"categories":[141],"tags":[],"class_list":["post-919026","post","type-post","status-publish","format-standard","has-post-thumbnail","hentry","category-destacadas"],"aioseo_notices":[],"aioseo_head":"\n\t\t<!-- All in One SEO Pro 4.9.6.2 - aioseo.com -->\n\t<meta name=\"description\" content=\"La presidenta de FORO, Cristina Coto, hizo p\u00fablicas hoy las respuestas recibidas del Principado sobre la supuesta campa\u00f1a de promoci\u00f3n de la Sidra Asturiana y manifest\u00f3 que \u201cen Asturias no es necesario gastar dinero en promocionar la Sidra Asturiana, porque es bien conocida; donde hay que darla a conocer es fuera de Asturias. La lamentable\" \/>\n\t<meta name=\"robots\" content=\"max-image-preview:large\" \/>\n\t<meta name=\"author\" content=\"El Digital de Asturias\"\/>\n\t<meta name=\"google-site-verification\" content=\"UA-38556648-1\" \/>\n\t<meta name=\"msvalidate.01\" content=\"7dfe9f3f1b24437ab69f4f2559babe99\" \/>\n\t<meta name=\"keywords\" content=\"destacadas\" \/>\n\t<link rel=\"canonical\" href=\"https:\/\/www.eldigitaldeasturias.com\/noticias\/cristina-coto-la-sidra-asturiana-necesita-promocion-en-el-resto-de-espana\/\" \/>\n\t<meta name=\"generator\" content=\"All in One SEO Pro (AIOSEO) 4.9.6.2\" \/>\n\t\t<meta property=\"og:locale\" content=\"es_ES\" \/>\n\t\t<meta property=\"og:site_name\" content=\"El Digital de Asturias\" \/>\n\t\t<meta property=\"og:type\" content=\"article\" \/>\n\t\t<meta property=\"og:title\" content=\"Cristina Coto: \u201cLa Sidra Asturiana necesita promoci\u00f3n en el resto de Espa\u00f1a\u201d - El Digital de Asturias\" \/>\n\t\t<meta property=\"og:description\" content=\"La presidenta de FORO, Cristina Coto, hizo p\u00fablicas hoy las respuestas recibidas del Principado sobre la supuesta campa\u00f1a de promoci\u00f3n de la Sidra Asturiana y manifest\u00f3 que \u201cen Asturias no es necesario gastar dinero en promocionar la Sidra Asturiana, porque es bien conocida; donde hay que darla a conocer es fuera de Asturias. La lamentable\" \/>\n\t\t<meta property=\"og:url\" content=\"https:\/\/www.eldigitaldeasturias.com\/noticias\/cristina-coto-la-sidra-asturiana-necesita-promocion-en-el-resto-de-espana\/\" \/>\n\t\t<meta property=\"og:image\" content=\"https:\/\/www.eldigitaldeasturias.com\/noticias\/wp-content\/uploads\/2016\/09\/COTO-FOROASTURIAS.jpg\" \/>\n\t\t<meta property=\"og:image:secure_url\" content=\"https:\/\/www.eldigitaldeasturias.com\/noticias\/wp-content\/uploads\/2016\/09\/COTO-FOROASTURIAS.jpg\" \/>\n\t\t<meta property=\"og:image:width\" content=\"800\" \/>\n\t\t<meta property=\"og:image:height\" content=\"563\" \/>\n\t\t<meta property=\"article:tag\" content=\"destacadas\" \/>\n\t\t<meta property=\"article:published_time\" content=\"2016-12-11T23:17:04+00:00\" \/>\n\t\t<meta property=\"article:modified_time\" content=\"2016-12-11T23:17:04+00:00\" \/>\n\t\t<meta property=\"article:publisher\" content=\"https:\/\/facebook.com\/eldigitaldeasturias\" \/>\n\t\t<meta name=\"twitter:card\" content=\"summary_large_image\" \/>\n\t\t<meta name=\"twitter:title\" content=\"Cristina Coto: \u201cLa Sidra Asturiana necesita promoci\u00f3n en el resto de Espa\u00f1a\u201d - El Digital de Asturias\" \/>\n\t\t<meta name=\"twitter:description\" content=\"La presidenta de FORO, Cristina Coto, hizo p\u00fablicas hoy las respuestas recibidas del Principado sobre la supuesta campa\u00f1a de promoci\u00f3n de la Sidra Asturiana y manifest\u00f3 que \u201cen Asturias no es necesario gastar dinero en promocionar la Sidra Asturiana, porque es bien conocida; donde hay que darla a conocer es fuera de Asturias. La lamentable\" \/>\n\t\t<meta name=\"twitter:image\" content=\"https:\/\/www.eldigitaldeasturias.com\/noticias\/wp-content\/uploads\/2016\/09\/COTO-FOROASTURIAS.jpg\" \/>\n\t\t<meta name=\"twitter:label1\" content=\"Escrito por\" \/>\n\t\t<meta name=\"twitter:data1\" content=\"El Digital de Asturias\" \/>\n\t\t<meta name=\"twitter:label2\" content=\"Tiempo de lectura estimado\" \/>\n\t\t<meta name=\"twitter:data2\" content=\"1 minuto\" \/>\n\t\t<script type=\"application\/ld+json\" class=\"aioseo-schema\">\n\t\t\t{\"@context\":\"https:\\\/\\\/schema.org\",\"@graph\":[{\"@type\":\"BlogPosting\",\"@id\":\"https:\\\/\\\/www.eldigitaldeasturias.com\\\/noticias\\\/cristina-coto-la-sidra-asturiana-necesita-promocion-en-el-resto-de-espana\\\/#blogposting\",\"name\":\"Cristina Coto: \\u201cLa Sidra Asturiana necesita promoci\\u00f3n en el resto de Espa\\u00f1a\\u201d - El Digital de Asturias\",\"headline\":\"Cristina Coto: \\u201cLa Sidra Asturiana necesita promoci\\u00f3n en el resto de Espa\\u00f1a\\u201d\",\"author\":{\"@id\":\"https:\\\/\\\/www.eldigitaldeasturias.com\\\/noticias\\\/author\\\/admin\\\/#author\"},\"publisher\":{\"@id\":\"https:\\\/\\\/www.eldigitaldeasturias.com\\\/noticias\\\/#organization\"},\"image\":{\"@type\":\"ImageObject\",\"url\":\"https:\\\/\\\/www.eldigitaldeasturias.com\\\/noticias\\\/wp-content\\\/uploads\\\/2016\\\/09\\\/COTO-FOROASTURIAS.jpg\",\"width\":800,\"height\":563},\"datePublished\":\"2016-12-11T23:17:04+01:00\",\"dateModified\":\"2016-12-11T23:17:04+01:00\",\"inLanguage\":\"es-ES\",\"mainEntityOfPage\":{\"@id\":\"https:\\\/\\\/www.eldigitaldeasturias.com\\\/noticias\\\/cristina-coto-la-sidra-asturiana-necesita-promocion-en-el-resto-de-espana\\\/#webpage\"},\"isPartOf\":{\"@id\":\"https:\\\/\\\/www.eldigitaldeasturias.com\\\/noticias\\\/cristina-coto-la-sidra-asturiana-necesita-promocion-en-el-resto-de-espana\\\/#webpage\"},\"articleSection\":\"Destacadas\"},{\"@type\":\"BreadcrumbList\",\"@id\":\"https:\\\/\\\/www.eldigitaldeasturias.com\\\/noticias\\\/cristina-coto-la-sidra-asturiana-necesita-promocion-en-el-resto-de-espana\\\/#breadcrumblist\",\"itemListElement\":[{\"@type\":\"ListItem\",\"@id\":\"https:\\\/\\\/www.eldigitaldeasturias.com\\\/noticias#listItem\",\"position\":1,\"name\":\"Home\",\"item\":\"https:\\\/\\\/www.eldigitaldeasturias.com\\\/noticias\",\"nextItem\":{\"@type\":\"ListItem\",\"@id\":\"https:\\\/\\\/www.eldigitaldeasturias.com\\\/noticias\\\/category\\\/destacadas\\\/#listItem\",\"name\":\"Destacadas\"}},{\"@type\":\"ListItem\",\"@id\":\"https:\\\/\\\/www.eldigitaldeasturias.com\\\/noticias\\\/category\\\/destacadas\\\/#listItem\",\"position\":2,\"name\":\"Destacadas\",\"item\":\"https:\\\/\\\/www.eldigitaldeasturias.com\\\/noticias\\\/category\\\/destacadas\\\/\",\"nextItem\":{\"@type\":\"ListItem\",\"@id\":\"https:\\\/\\\/www.eldigitaldeasturias.com\\\/noticias\\\/cristina-coto-la-sidra-asturiana-necesita-promocion-en-el-resto-de-espana\\\/#listItem\",\"name\":\"Cristina Coto: \\u201cLa Sidra Asturiana necesita promoci\\u00f3n en el resto de Espa\\u00f1a\\u201d\"},\"previousItem\":{\"@type\":\"ListItem\",\"@id\":\"https:\\\/\\\/www.eldigitaldeasturias.com\\\/noticias#listItem\",\"name\":\"Home\"}},{\"@type\":\"ListItem\",\"@id\":\"https:\\\/\\\/www.eldigitaldeasturias.com\\\/noticias\\\/cristina-coto-la-sidra-asturiana-necesita-promocion-en-el-resto-de-espana\\\/#listItem\",\"position\":3,\"name\":\"Cristina Coto: \\u201cLa Sidra Asturiana necesita promoci\\u00f3n en el resto de Espa\\u00f1a\\u201d\",\"previousItem\":{\"@type\":\"ListItem\",\"@id\":\"https:\\\/\\\/www.eldigitaldeasturias.com\\\/noticias\\\/category\\\/destacadas\\\/#listItem\",\"name\":\"Destacadas\"}}]},{\"@type\":\"Organization\",\"@id\":\"https:\\\/\\\/www.eldigitaldeasturias.com\\\/noticias\\\/#organization\",\"name\":\"El Digital de Asturias\",\"description\":\"Hemeroteca\",\"url\":\"https:\\\/\\\/www.eldigitaldeasturias.com\\\/noticias\\\/\",\"email\":\"info@eldigitaldeasturias.com\",\"telephone\":\"+34652131393\",\"logo\":{\"@type\":\"ImageObject\",\"url\":\"https:\\\/\\\/www.eldigitaldeasturias.com\\\/noticias\\\/wp-content\\\/uploads\\\/2020\\\/12\\\/EDA.jpg\",\"@id\":\"https:\\\/\\\/www.eldigitaldeasturias.com\\\/noticias\\\/cristina-coto-la-sidra-asturiana-necesita-promocion-en-el-resto-de-espana\\\/#organizationLogo\",\"width\":649,\"height\":297},\"image\":{\"@id\":\"https:\\\/\\\/www.eldigitaldeasturias.com\\\/noticias\\\/cristina-coto-la-sidra-asturiana-necesita-promocion-en-el-resto-de-espana\\\/#organizationLogo\"},\"sameAs\":[\"https:\\\/\\\/facebook.com\\\/eldigitaldeasturias\",\"https:\\\/\\\/www.youtube.com\\\/channel\\\/UCZP-2wLEB9Rv6erhFmqVnvg\"],\"address\":{\"@id\":\"https:\\\/\\\/www.eldigitaldeasturias.com\\\/noticias\\\/#postaladdress\",\"@type\":\"PostalAddress\",\"streetAddress\":\"san antonio 4,\",\"postalCode\":\"33430\",\"addressLocality\":\"Cand\\u00e1s\",\"addressRegion\":\"Asturias\",\"addressCountry\":\"ES\"}},{\"@type\":\"Person\",\"@id\":\"https:\\\/\\\/www.eldigitaldeasturias.com\\\/noticias\\\/author\\\/admin\\\/#author\",\"url\":\"https:\\\/\\\/www.eldigitaldeasturias.com\\\/noticias\\\/author\\\/admin\\\/\",\"name\":\"El Digital de Asturias\",\"image\":{\"@type\":\"ImageObject\",\"@id\":\"https:\\\/\\\/www.eldigitaldeasturias.com\\\/noticias\\\/cristina-coto-la-sidra-asturiana-necesita-promocion-en-el-resto-de-espana\\\/#authorImage\",\"url\":\"https:\\\/\\\/www.eldigitaldeasturias.com\\\/noticias\\\/wp-content\\\/litespeed\\\/avatar\\\/18677e78aa0546b92d9dbf31ec7d7668.jpg?ver=1776685526\",\"width\":96,\"height\":96,\"caption\":\"El Digital de Asturias\"}},{\"@type\":\"WebPage\",\"@id\":\"https:\\\/\\\/www.eldigitaldeasturias.com\\\/noticias\\\/cristina-coto-la-sidra-asturiana-necesita-promocion-en-el-resto-de-espana\\\/#webpage\",\"url\":\"https:\\\/\\\/www.eldigitaldeasturias.com\\\/noticias\\\/cristina-coto-la-sidra-asturiana-necesita-promocion-en-el-resto-de-espana\\\/\",\"name\":\"Cristina Coto: \\u201cLa Sidra Asturiana necesita promoci\\u00f3n en el resto de Espa\\u00f1a\\u201d - El Digital de Asturias\",\"description\":\"La presidenta de FORO, Cristina Coto, hizo p\\u00fablicas hoy las respuestas recibidas del Principado sobre la supuesta campa\\u00f1a de promoci\\u00f3n de la Sidra Asturiana y manifest\\u00f3 que \\u201cen Asturias no es necesario gastar dinero en promocionar la Sidra Asturiana, porque es bien conocida; donde hay que darla a conocer es fuera de Asturias. La lamentable\",\"inLanguage\":\"es-ES\",\"isPartOf\":{\"@id\":\"https:\\\/\\\/www.eldigitaldeasturias.com\\\/noticias\\\/#website\"},\"breadcrumb\":{\"@id\":\"https:\\\/\\\/www.eldigitaldeasturias.com\\\/noticias\\\/cristina-coto-la-sidra-asturiana-necesita-promocion-en-el-resto-de-espana\\\/#breadcrumblist\"},\"author\":{\"@id\":\"https:\\\/\\\/www.eldigitaldeasturias.com\\\/noticias\\\/author\\\/admin\\\/#author\"},\"creator\":{\"@id\":\"https:\\\/\\\/www.eldigitaldeasturias.com\\\/noticias\\\/author\\\/admin\\\/#author\"},\"image\":{\"@type\":\"ImageObject\",\"url\":\"https:\\\/\\\/www.eldigitaldeasturias.com\\\/noticias\\\/wp-content\\\/uploads\\\/2016\\\/09\\\/COTO-FOROASTURIAS.jpg\",\"@id\":\"https:\\\/\\\/www.eldigitaldeasturias.com\\\/noticias\\\/cristina-coto-la-sidra-asturiana-necesita-promocion-en-el-resto-de-espana\\\/#mainImage\",\"width\":800,\"height\":563},\"primaryImageOfPage\":{\"@id\":\"https:\\\/\\\/www.eldigitaldeasturias.com\\\/noticias\\\/cristina-coto-la-sidra-asturiana-necesita-promocion-en-el-resto-de-espana\\\/#mainImage\"},\"datePublished\":\"2016-12-11T23:17:04+01:00\",\"dateModified\":\"2016-12-11T23:17:04+01:00\"},{\"@type\":\"WebSite\",\"@id\":\"https:\\\/\\\/www.eldigitaldeasturias.com\\\/noticias\\\/#website\",\"url\":\"https:\\\/\\\/www.eldigitaldeasturias.com\\\/noticias\\\/\",\"name\":\"El Digital de Asturias - Diario de actualidad y noticias\",\"alternateName\":\"El Digital de Asturias - Diario de actualidad y noticias\",\"description\":\"Hemeroteca\",\"inLanguage\":\"es-ES\",\"publisher\":{\"@id\":\"https:\\\/\\\/www.eldigitaldeasturias.com\\\/noticias\\\/#organization\"}}]}\n\t\t<\/script>\n\t\t<!-- All in One SEO Pro -->\r\n\t\t<title>Cristina Coto: \u201cLa Sidra Asturiana necesita promoci\u00f3n en el resto de Espa\u00f1a\u201d - El Digital de Asturias<\/title>\n\n","aioseo_head_json":{"title":"Cristina Coto: \u201cLa Sidra Asturiana necesita promoci\u00f3n en el resto de Espa\u00f1a\u201d - El Digital de Asturias","description":"La presidenta de FORO, Cristina Coto, hizo p\u00fablicas hoy las respuestas recibidas del Principado sobre la supuesta campa\u00f1a de promoci\u00f3n de la Sidra Asturiana y manifest\u00f3 que \u201cen Asturias no es necesario gastar dinero en promocionar la Sidra Asturiana, porque es bien conocida; donde hay que darla a conocer es fuera de Asturias. La lamentable","canonical_url":"https:\/\/www.eldigitaldeasturias.com\/noticias\/cristina-coto-la-sidra-asturiana-necesita-promocion-en-el-resto-de-espana\/","robots":"max-image-preview:large","keywords":"destacadas","webmasterTools":{"google-site-verification":"UA-38556648-1","msvalidate.01":"7dfe9f3f1b24437ab69f4f2559babe99","miscellaneous":""},"schema":{"@context":"https:\/\/schema.org","@graph":[{"@type":"BlogPosting","@id":"https:\/\/www.eldigitaldeasturias.com\/noticias\/cristina-coto-la-sidra-asturiana-necesita-promocion-en-el-resto-de-espana\/#blogposting","name":"Cristina Coto: \u201cLa Sidra Asturiana necesita promoci\u00f3n en el resto de Espa\u00f1a\u201d - El Digital de Asturias","headline":"Cristina Coto: \u201cLa Sidra Asturiana necesita promoci\u00f3n en el resto de Espa\u00f1a\u201d","author":{"@id":"https:\/\/www.eldigitaldeasturias.com\/noticias\/author\/admin\/#author"},"publisher":{"@id":"https:\/\/www.eldigitaldeasturias.com\/noticias\/#organization"},"image":{"@type":"ImageObject","url":"https:\/\/www.eldigitaldeasturias.com\/noticias\/wp-content\/uploads\/2016\/09\/COTO-FOROASTURIAS.jpg","width":800,"height":563},"datePublished":"2016-12-11T23:17:04+01:00","dateModified":"2016-12-11T23:17:04+01:00","inLanguage":"es-ES","mainEntityOfPage":{"@id":"https:\/\/www.eldigitaldeasturias.com\/noticias\/cristina-coto-la-sidra-asturiana-necesita-promocion-en-el-resto-de-espana\/#webpage"},"isPartOf":{"@id":"https:\/\/www.eldigitaldeasturias.com\/noticias\/cristina-coto-la-sidra-asturiana-necesita-promocion-en-el-resto-de-espana\/#webpage"},"articleSection":"Destacadas"},{"@type":"BreadcrumbList","@id":"https:\/\/www.eldigitaldeasturias.com\/noticias\/cristina-coto-la-sidra-asturiana-necesita-promocion-en-el-resto-de-espana\/#breadcrumblist","itemListElement":[{"@type":"ListItem","@id":"https:\/\/www.eldigitaldeasturias.com\/noticias#listItem","position":1,"name":"Home","item":"https:\/\/www.eldigitaldeasturias.com\/noticias","nextItem":{"@type":"ListItem","@id":"https:\/\/www.eldigitaldeasturias.com\/noticias\/category\/destacadas\/#listItem","name":"Destacadas"}},{"@type":"ListItem","@id":"https:\/\/www.eldigitaldeasturias.com\/noticias\/category\/destacadas\/#listItem","position":2,"name":"Destacadas","item":"https:\/\/www.eldigitaldeasturias.com\/noticias\/category\/destacadas\/","nextItem":{"@type":"ListItem","@id":"https:\/\/www.eldigitaldeasturias.com\/noticias\/cristina-coto-la-sidra-asturiana-necesita-promocion-en-el-resto-de-espana\/#listItem","name":"Cristina Coto: \u201cLa Sidra Asturiana necesita promoci\u00f3n en el resto de Espa\u00f1a\u201d"},"previousItem":{"@type":"ListItem","@id":"https:\/\/www.eldigitaldeasturias.com\/noticias#listItem","name":"Home"}},{"@type":"ListItem","@id":"https:\/\/www.eldigitaldeasturias.com\/noticias\/cristina-coto-la-sidra-asturiana-necesita-promocion-en-el-resto-de-espana\/#listItem","position":3,"name":"Cristina Coto: \u201cLa Sidra Asturiana necesita promoci\u00f3n en el resto de Espa\u00f1a\u201d","previousItem":{"@type":"ListItem","@id":"https:\/\/www.eldigitaldeasturias.com\/noticias\/category\/destacadas\/#listItem","name":"Destacadas"}}]},{"@type":"Organization","@id":"https:\/\/www.eldigitaldeasturias.com\/noticias\/#organization","name":"El Digital de Asturias","description":"Hemeroteca","url":"https:\/\/www.eldigitaldeasturias.com\/noticias\/","email":"info@eldigitaldeasturias.com","telephone":"+34652131393","logo":{"@type":"ImageObject","url":"https:\/\/www.eldigitaldeasturias.com\/noticias\/wp-content\/uploads\/2020\/12\/EDA.jpg","@id":"https:\/\/www.eldigitaldeasturias.com\/noticias\/cristina-coto-la-sidra-asturiana-necesita-promocion-en-el-resto-de-espana\/#organizationLogo","width":649,"height":297},"image":{"@id":"https:\/\/www.eldigitaldeasturias.com\/noticias\/cristina-coto-la-sidra-asturiana-necesita-promocion-en-el-resto-de-espana\/#organizationLogo"},"sameAs":["https:\/\/facebook.com\/eldigitaldeasturias","https:\/\/www.youtube.com\/channel\/UCZP-2wLEB9Rv6erhFmqVnvg"],"address":{"@id":"https:\/\/www.eldigitaldeasturias.com\/noticias\/#postaladdress","@type":"PostalAddress","streetAddress":"san antonio 4,","postalCode":"33430","addressLocality":"Cand\u00e1s","addressRegion":"Asturias","addressCountry":"ES"}},{"@type":"Person","@id":"https:\/\/www.eldigitaldeasturias.com\/noticias\/author\/admin\/#author","url":"https:\/\/www.eldigitaldeasturias.com\/noticias\/author\/admin\/","name":"El Digital de Asturias","image":{"@type":"ImageObject","@id":"https:\/\/www.eldigitaldeasturias.com\/noticias\/cristina-coto-la-sidra-asturiana-necesita-promocion-en-el-resto-de-espana\/#authorImage","url":"https:\/\/www.eldigitaldeasturias.com\/noticias\/wp-content\/litespeed\/avatar\/18677e78aa0546b92d9dbf31ec7d7668.jpg?ver=1776685526","width":96,"height":96,"caption":"El Digital de Asturias"}},{"@type":"WebPage","@id":"https:\/\/www.eldigitaldeasturias.com\/noticias\/cristina-coto-la-sidra-asturiana-necesita-promocion-en-el-resto-de-espana\/#webpage","url":"https:\/\/www.eldigitaldeasturias.com\/noticias\/cristina-coto-la-sidra-asturiana-necesita-promocion-en-el-resto-de-espana\/","name":"Cristina Coto: \u201cLa Sidra Asturiana necesita promoci\u00f3n en el resto de Espa\u00f1a\u201d - El Digital de Asturias","description":"La presidenta de FORO, Cristina Coto, hizo p\u00fablicas hoy las respuestas recibidas del Principado sobre la supuesta campa\u00f1a de promoci\u00f3n de la Sidra Asturiana y manifest\u00f3 que \u201cen Asturias no es necesario gastar dinero en promocionar la Sidra Asturiana, porque es bien conocida; donde hay que darla a conocer es fuera de Asturias. La lamentable","inLanguage":"es-ES","isPartOf":{"@id":"https:\/\/www.eldigitaldeasturias.com\/noticias\/#website"},"breadcrumb":{"@id":"https:\/\/www.eldigitaldeasturias.com\/noticias\/cristina-coto-la-sidra-asturiana-necesita-promocion-en-el-resto-de-espana\/#breadcrumblist"},"author":{"@id":"https:\/\/www.eldigitaldeasturias.com\/noticias\/author\/admin\/#author"},"creator":{"@id":"https:\/\/www.eldigitaldeasturias.com\/noticias\/author\/admin\/#author"},"image":{"@type":"ImageObject","url":"https:\/\/www.eldigitaldeasturias.com\/noticias\/wp-content\/uploads\/2016\/09\/COTO-FOROASTURIAS.jpg","@id":"https:\/\/www.eldigitaldeasturias.com\/noticias\/cristina-coto-la-sidra-asturiana-necesita-promocion-en-el-resto-de-espana\/#mainImage","width":800,"height":563},"primaryImageOfPage":{"@id":"https:\/\/www.eldigitaldeasturias.com\/noticias\/cristina-coto-la-sidra-asturiana-necesita-promocion-en-el-resto-de-espana\/#mainImage"},"datePublished":"2016-12-11T23:17:04+01:00","dateModified":"2016-12-11T23:17:04+01:00"},{"@type":"WebSite","@id":"https:\/\/www.eldigitaldeasturias.com\/noticias\/#website","url":"https:\/\/www.eldigitaldeasturias.com\/noticias\/","name":"El Digital de Asturias - Diario de actualidad y noticias","alternateName":"El Digital de Asturias - Diario de actualidad y noticias","description":"Hemeroteca","inLanguage":"es-ES","publisher":{"@id":"https:\/\/www.eldigitaldeasturias.com\/noticias\/#organization"}}]},"og:locale":"es_ES","og:site_name":"El Digital de Asturias","og:type":"article","og:title":"Cristina Coto: \u201cLa Sidra Asturiana necesita promoci\u00f3n en el resto de Espa\u00f1a\u201d - El Digital de Asturias","og:description":"La presidenta de FORO, Cristina Coto, hizo p\u00fablicas hoy las respuestas recibidas del Principado sobre la supuesta campa\u00f1a de promoci\u00f3n de la Sidra Asturiana y manifest\u00f3 que \u201cen Asturias no es necesario gastar dinero en promocionar la Sidra Asturiana, porque es bien conocida; donde hay que darla a conocer es fuera de Asturias. La lamentable","og:url":"https:\/\/www.eldigitaldeasturias.com\/noticias\/cristina-coto-la-sidra-asturiana-necesita-promocion-en-el-resto-de-espana\/","og:image":"https:\/\/www.eldigitaldeasturias.com\/noticias\/wp-content\/uploads\/2016\/09\/COTO-FOROASTURIAS.jpg","og:image:secure_url":"https:\/\/www.eldigitaldeasturias.com\/noticias\/wp-content\/uploads\/2016\/09\/COTO-FOROASTURIAS.jpg","og:image:width":800,"og:image:height":563,"article:tag":["destacadas"],"article:published_time":"2016-12-11T23:17:04+00:00","article:modified_time":"2016-12-11T23:17:04+00:00","article:publisher":"https:\/\/facebook.com\/eldigitaldeasturias","twitter:card":"summary_large_image","twitter:title":"Cristina Coto: \u201cLa Sidra Asturiana necesita promoci\u00f3n en el resto de Espa\u00f1a\u201d - El Digital de Asturias","twitter:description":"La presidenta de FORO, Cristina Coto, hizo p\u00fablicas hoy las respuestas recibidas del Principado sobre la supuesta campa\u00f1a de promoci\u00f3n de la Sidra Asturiana y manifest\u00f3 que \u201cen Asturias no es necesario gastar dinero en promocionar la Sidra Asturiana, porque es bien conocida; donde hay que darla a conocer es fuera de Asturias. La lamentable","twitter:image":"https:\/\/www.eldigitaldeasturias.com\/noticias\/wp-content\/uploads\/2016\/09\/COTO-FOROASTURIAS.jpg","twitter:label1":"Escrito por","twitter:data1":"El Digital de Asturias","twitter:label2":"Tiempo de lectura estimado","twitter:data2":"1 minuto"},"aioseo_meta_data":{"post_id":"919026","title":null,"description":null,"keywords":null,"keyphrases":null,"primary_term":null,"canonical_url":null,"og_title":null,"og_description":null,"og_object_type":"default","og_image_type":"default","og_image_url":null,"og_image_width":null,"og_image_height":null,"og_image_custom_url":null,"og_image_custom_fields":null,"og_video":null,"og_custom_url":null,"og_article_section":null,"og_article_tags":null,"twitter_use_og":false,"twitter_card":"default","twitter_image_type":"default","twitter_image_url":null,"twitter_image_custom_url":null,"twitter_image_custom_fields":null,"twitter_title":null,"twitter_description":null,"schema":{"blockGraphs":[],"customGraphs":[],"default":{"data":{"Article":[],"Course":[],"Dataset":[],"FAQPage":[],"Movie":[],"Person":[],"Product":[],"ProductReview":[],"Car":[],"Recipe":[],"Service":[],"SoftwareApplication":[],"WebPage":[]},"graphName":"","isEnabled":true},"graphs":[],"defaultGraph":"","defaultPostTypeGraph":""},"schema_type":null,"schema_type_options":null,"pillar_content":false,"robots_default":true,"robots_noindex":false,"robots_noarchive":false,"robots_nosnippet":false,"robots_nofollow":false,"robots_noimageindex":false,"robots_noodp":false,"robots_notranslate":false,"robots_max_snippet":null,"robots_max_videopreview":null,"robots_max_imagepreview":"large","priority":null,"frequency":null,"local_seo":null,"seo_analyzer_scan_date":"2025-12-02 05:16:10","breadcrumb_settings":null,"limit_modified_date":false,"open_ai":null,"ai":null,"created":"2020-12-21 13:50:50","updated":"2025-12-02 05:16:10"},"aioseo_breadcrumb":"<div class=\"aioseo-breadcrumbs\"><span class=\"aioseo-breadcrumb\">\n\t<a href=\"https:\/\/www.eldigitaldeasturias.com\/noticias\" title=\"Home\">Home<\/a>\n<\/span><span class=\"aioseo-breadcrumb-separator\">\u2013<\/span><span class=\"aioseo-breadcrumb\">\n\t<a href=\"https:\/\/www.eldigitaldeasturias.com\/noticias\/category\/destacadas\/\" title=\"Destacadas\">Destacadas<\/a>\n<\/span><span class=\"aioseo-breadcrumb-separator\">\u2013<\/span><span class=\"aioseo-breadcrumb\">\n\t<a href=\"https:\/\/www.eldigitaldeasturias.com\/noticias\/cristina-coto-la-sidra-asturiana-necesita-promocion-en-el-resto-de-espana\/\" title=\"Cristina Coto: \u201cLa Sidra Asturiana necesita promoci\u00f3n en el resto de Espa\u00f1a\u201d\">Cristina Coto: \u201cLa Sidra Asturiana necesita promoci\u00f3n en el resto de Espa\u00f1a\u201d<\/a>\n<\/span><\/div>","aioseo_breadcrumb_json":[{"label":"Home","link":"https:\/\/www.eldigitaldeasturias.com\/noticias"},{"label":"Destacadas","link":"https:\/\/www.eldigitaldeasturias.com\/noticias\/category\/destacadas\/"},{"label":"Cristina Coto: \u201cLa Sidra Asturiana necesita promoci\u00f3n en el resto de Espa\u00f1a\u201d","link":"https:\/\/www.eldigitaldeasturias.com\/noticias\/cristina-coto-la-sidra-asturiana-necesita-promocion-en-el-resto-de-espana\/"}],"_links":{"self":[{"href":"https:\/\/www.eldigitaldeasturias.com\/noticias\/wp-json\/wp\/v2\/posts\/919026","targetHints":{"allow":["GET"]}}],"collection":[{"href":"https:\/\/www.eldigitaldeasturias.com\/noticias\/wp-json\/wp\/v2\/posts"}],"about":[{"href":"https:\/\/www.eldigitaldeasturias.com\/noticias\/wp-json\/wp\/v2\/types\/post"}],"author":[{"embeddable":true,"href":"https:\/\/www.eldigitaldeasturias.com\/noticias\/wp-json\/wp\/v2\/users\/1"}],"replies":[{"embeddable":true,"href":"https:\/\/www.eldigitaldeasturias.com\/noticias\/wp-json\/wp\/v2\/comments?post=919026"}],"version-history":[{"count":0,"href":"https:\/\/www.eldigitaldeasturias.com\/noticias\/wp-json\/wp\/v2\/posts\/919026\/revisions"}],"wp:featuredmedia":[{"embeddable":true,"href":"https:\/\/www.eldigitaldeasturias.com\/noticias\/wp-json\/wp\/v2\/media\/909336"}],"wp:attachment":[{"href":"https:\/\/www.eldigitaldeasturias.com\/noticias\/wp-json\/wp\/v2\/media?parent=919026"}],"wp:term":[{"taxonomy":"category","embeddable":true,"href":"https:\/\/www.eldigitaldeasturias.com\/noticias\/wp-json\/wp\/v2\/categories?post=919026"},{"taxonomy":"post_tag","embeddable":true,"href":"https:\/\/www.eldigitaldeasturias.com\/noticias\/wp-json\/wp\/v2\/tags?post=919026"}],"curies":[{"name":"wp","href":"https:\/\/api.w.org\/{rel}","templated":true}]}}