{"id":919016,"date":"2016-12-11T20:27:21","date_gmt":"2016-12-11T20:27:21","guid":{"rendered":"http:\/\/www.eldigitaldeasturias.com\/noticias\/?p=919016"},"modified":"2016-12-11T20:27:21","modified_gmt":"2016-12-11T20:27:21","slug":"destino-blanco-a-la-nieve-en-cerler","status":"publish","type":"post","link":"https:\/\/www.eldigitaldeasturias.com\/noticias\/destino-blanco-a-la-nieve-en-cerler\/","title":{"rendered":"Destino blanco: A la nieve en Cerler"},"content":{"rendered":"<p>La gran mayor\u00eda de las estaciones de esqu\u00ed de nuestro pa\u00eds ya han dado el pistoletazo de salida a la temporada 2016-2017 y las que no lo han hecho, est\u00e1n a punto de abrir sus pistas. Adem\u00e1s, los amantes de este deporte de invierno est\u00e1n de enhorabuena, ya que los expertos aseguran que vamos a vivir un invierno largo, fr\u00edo y con nevadas abundantes. As\u00ed, ya puedes ir planeando tus escapadas para practicar tu deporte de invierno favorito.<\/p>\n<p><img loading=\"lazy\" decoding=\"async\" class=\" size-large wp-image-919017 aligncenter\" src=\"https:\/\/www.eldigitaldeasturias.com\/noticias\/wp-content\/uploads\/2016\/12\/Cerler-foto-650x366.jpg\" alt=\"Cerler-foto\" width=\"650\" height=\"366\" srcset=\"https:\/\/www.eldigitaldeasturias.com\/noticias\/wp-content\/uploads\/2016\/12\/Cerler-foto-650x366.jpg 650w, https:\/\/www.eldigitaldeasturias.com\/noticias\/wp-content\/uploads\/2016\/12\/Cerler-foto-360x203.jpg 360w, https:\/\/www.eldigitaldeasturias.com\/noticias\/wp-content\/uploads\/2016\/12\/Cerler-foto.jpg 720w\" sizes=\"auto, (max-width: 650px) 100vw, 650px\" \/><\/p>\n<p>Si este a\u00f1o se quiere disfrutar de una de las mejores estaciones de esqu\u00ed del mundo, es recomendable que se vaya a Cerler, que ha conseguido el premio de mejor estaci\u00f3n de esqu\u00ed de Espa\u00f1a por tercer a\u00f1o consecutivo en los World Ski Awards, unos premios en los que los votos de los aficionados son clave. Adem\u00e1s, es importante tener en cuenta que tambi\u00e9n se encuentra entre las 25 mejores estaciones de esqu\u00ed del mundo. A continucaci\u00f3n, todos los detalles sobre la estaci\u00f3n de esqu\u00ed de Cerler.<\/p>\n<p><strong>Grupo Aram\u00f3n<\/strong><\/p>\n<p>La estaci\u00f3n de esqu\u00ed de Cerler, que se encuentra en el Pirineo aragon\u00e9s, y m\u00e1s concretamente en el Valle de Benasque, forma parte del grupo Aram\u00f3n, que tambi\u00e9n integra la estaci\u00f3n aragonesa de Formigal-Paticosa, en el valle de Tena; y Javalambre y Valdelinares, en el Sistema Ib\u00e9rico turolense, representando as\u00ed la mayor superficie esquiable de Espa\u00f1a. De hecho, es el primer grupo empresarial de turismo de nieve y monta\u00f1a del pa\u00eds.<\/p>\n<p><strong>Caracter\u00edsticas de Cerler<\/strong><\/p>\n<p>Si se es aficionado al esqu\u00ed y nunca has ido a Cerler, seguramente te interese conocer algunas de sus caracter\u00edsticas principales. As\u00ed, debes saber que la estaci\u00f3n ofrece 68 pistas (9 verdes, 18 azules, 26 rojas y 15 negras), adem\u00e1s de itinerarios, snowpark y circuito de moto de nieve. Por otro lado, es importante que tengas en cuenta que ofrece 81 kil\u00f3metros de dominio esquiable y 38 kil\u00f3metros de innivaci\u00f3n artificial. De hecho, cuenta con 357 ca\u00f1ones de nieve artificial. Tambi\u00e9n queremos comentar que la estaci\u00f3n cuenta con 19 remontes, 6 cintas trasportadoras, 4 telesqu\u00eds, 2 telesillas biplaza, 2 telesillas cuatriplaza y 2 telesillas sextiplaza.<\/p>\n<p><strong>Jardines de Nieve<\/strong><\/p>\n<p>A los que tengan hijos les interesar\u00e1 saber que Cerler ofrece el servicio Jardines de Nieve, lugares ideales para que los ni\u00f1os tengan el primer contacto con la nieve. Y todo ello mientras los padres pueden disfrutar del d\u00eda de esqu\u00ed. En concreto, la estaci\u00f3n ofrece dos \u00abjardines\u00bb, ambos con modernas instalaciones y zonas exteriores controladas para jugar en la nieve.<\/p>\n<p><strong>Otros servicios<\/strong><\/p>\n<p>Por otro lado, es importante que se tenga en cuenta que la estaci\u00f3n ofrece otros servicios como, por ejemplo, 11 escuelas de esqu\u00ed; taquillas individuales guardesqu\u00eds; local guardaesqu\u00eds; plazas de parking; alquiler de material de esqu\u00ed y snowboard a pie de pistas; diferentes alternativas para comer; y un taller de esqu\u00eds y snowboard en el que podr\u00e1s poner tu equipo a punto con la mejor tecnolog\u00eda Wintersteiger.<\/p>\n<p><strong>Actividades<\/strong><\/p>\n<p>Tambi\u00e9n es importante hablar de las distintas actividades que ofrece Cerler. As\u00ed, por ejemplo, proponen el reto Safari 10.mil, que consiste en realizar 10.000 metros de desnivel en un solo d\u00eda sin repetir pista. Para los peques ofrecen el Skity Area, una zona con toboganes, igl\u00fas, mini roc\u00f3dromos, circuitos divertidos\u2026 Adem\u00e1s, los martes a las 16:00 Cerler invita a todo el mundo a un chocolate caliente en la cafeter\u00eda Rem\u00e1scaro. Por \u00faltimo, se debe saber que en Cerler se podr\u00e1 disfrutar de mucha fiesta y diversi\u00f3n tras la jornada de esqu\u00ed.<\/p>\n<p><em>El contenido de este comunicado fue publicado originalmente en la p\u00e1gina web de Vuela Viajes<\/em><\/p>\n<p>&nbsp;<\/p>\n","protected":false},"excerpt":{"rendered":"<p>La gran mayor\u00eda de las estaciones de esqu\u00ed de nuestro pa\u00eds ya han dado el pistoletazo de salida a la temporada 2016-2017 y las que no lo han hecho, est\u00e1n a punto de abrir sus pistas. Adem\u00e1s, los amantes de este deporte de invierno est\u00e1n de enhorabuena, ya que los expertos aseguran que vamos a [&hellip;]<\/p>\n","protected":false},"author":1,"featured_media":919017,"comment_status":"closed","ping_status":"closed","sticky":false,"template":"","format":"standard","meta":{"footnotes":""},"categories":[148],"tags":[],"class_list":["post-919016","post","type-post","status-publish","format-standard","has-post-thumbnail","hentry","category-turismo"],"aioseo_notices":[],"aioseo_head":"\n\t\t<!-- All in One SEO Pro 4.9.6.2 - aioseo.com -->\n\t<meta name=\"description\" content=\"La gran mayor\u00eda de las estaciones de esqu\u00ed de nuestro pa\u00eds ya han dado el pistoletazo de salida a la temporada 2016-2017 y las que no lo han hecho, est\u00e1n a punto de abrir sus pistas. Adem\u00e1s, los amantes de este deporte de invierno est\u00e1n de enhorabuena, ya que los expertos aseguran que vamos a\" \/>\n\t<meta name=\"robots\" content=\"max-image-preview:large\" \/>\n\t<meta name=\"author\" content=\"El Digital de Asturias\"\/>\n\t<meta name=\"google-site-verification\" content=\"UA-38556648-1\" \/>\n\t<meta name=\"msvalidate.01\" content=\"7dfe9f3f1b24437ab69f4f2559babe99\" \/>\n\t<meta name=\"keywords\" content=\"turismo\" \/>\n\t<link rel=\"canonical\" href=\"https:\/\/www.eldigitaldeasturias.com\/noticias\/destino-blanco-a-la-nieve-en-cerler\/\" \/>\n\t<meta name=\"generator\" content=\"All in One SEO Pro (AIOSEO) 4.9.6.2\" \/>\n\t\t<meta property=\"og:locale\" content=\"es_ES\" \/>\n\t\t<meta property=\"og:site_name\" content=\"El Digital de Asturias\" \/>\n\t\t<meta property=\"og:type\" content=\"article\" \/>\n\t\t<meta property=\"og:title\" content=\"Destino blanco: A la nieve en Cerler - El Digital de Asturias\" \/>\n\t\t<meta property=\"og:description\" content=\"La gran mayor\u00eda de las estaciones de esqu\u00ed de nuestro pa\u00eds ya han dado el pistoletazo de salida a la temporada 2016-2017 y las que no lo han hecho, est\u00e1n a punto de abrir sus pistas. Adem\u00e1s, los amantes de este deporte de invierno est\u00e1n de enhorabuena, ya que los expertos aseguran que vamos a\" \/>\n\t\t<meta property=\"og:url\" content=\"https:\/\/www.eldigitaldeasturias.com\/noticias\/destino-blanco-a-la-nieve-en-cerler\/\" \/>\n\t\t<meta property=\"og:image\" content=\"https:\/\/www.eldigitaldeasturias.com\/noticias\/wp-content\/uploads\/2016\/12\/Cerler-foto.jpg\" \/>\n\t\t<meta property=\"og:image:secure_url\" content=\"https:\/\/www.eldigitaldeasturias.com\/noticias\/wp-content\/uploads\/2016\/12\/Cerler-foto.jpg\" \/>\n\t\t<meta property=\"og:image:width\" content=\"720\" \/>\n\t\t<meta property=\"og:image:height\" content=\"405\" \/>\n\t\t<meta property=\"article:tag\" content=\"turismo\" \/>\n\t\t<meta property=\"article:published_time\" content=\"2016-12-11T20:27:21+00:00\" \/>\n\t\t<meta property=\"article:modified_time\" content=\"2016-12-11T20:27:21+00:00\" \/>\n\t\t<meta property=\"article:publisher\" content=\"https:\/\/facebook.com\/eldigitaldeasturias\" \/>\n\t\t<meta name=\"twitter:card\" content=\"summary_large_image\" \/>\n\t\t<meta name=\"twitter:title\" content=\"Destino blanco: A la nieve en Cerler - El Digital de Asturias\" \/>\n\t\t<meta name=\"twitter:description\" content=\"La gran mayor\u00eda de las estaciones de esqu\u00ed de nuestro pa\u00eds ya han dado el pistoletazo de salida a la temporada 2016-2017 y las que no lo han hecho, est\u00e1n a punto de abrir sus pistas. Adem\u00e1s, los amantes de este deporte de invierno est\u00e1n de enhorabuena, ya que los expertos aseguran que vamos a\" \/>\n\t\t<meta name=\"twitter:image\" content=\"https:\/\/www.eldigitaldeasturias.com\/noticias\/wp-content\/uploads\/2016\/12\/Cerler-foto.jpg\" \/>\n\t\t<meta name=\"twitter:label1\" content=\"Escrito por\" \/>\n\t\t<meta name=\"twitter:data1\" content=\"El Digital de Asturias\" \/>\n\t\t<meta name=\"twitter:label2\" content=\"Tiempo de lectura estimado\" \/>\n\t\t<meta name=\"twitter:data2\" content=\"3 minutos\" \/>\n\t\t<script type=\"application\/ld+json\" class=\"aioseo-schema\">\n\t\t\t{\"@context\":\"https:\\\/\\\/schema.org\",\"@graph\":[{\"@type\":\"BlogPosting\",\"@id\":\"https:\\\/\\\/www.eldigitaldeasturias.com\\\/noticias\\\/destino-blanco-a-la-nieve-en-cerler\\\/#blogposting\",\"name\":\"Destino blanco: A la nieve en Cerler - El Digital de Asturias\",\"headline\":\"Destino blanco: A la nieve en Cerler\",\"author\":{\"@id\":\"https:\\\/\\\/www.eldigitaldeasturias.com\\\/noticias\\\/author\\\/admin\\\/#author\"},\"publisher\":{\"@id\":\"https:\\\/\\\/www.eldigitaldeasturias.com\\\/noticias\\\/#organization\"},\"image\":{\"@type\":\"ImageObject\",\"url\":\"https:\\\/\\\/www.eldigitaldeasturias.com\\\/noticias\\\/wp-content\\\/uploads\\\/2016\\\/12\\\/Cerler-foto.jpg\",\"width\":720,\"height\":405},\"datePublished\":\"2016-12-11T20:27:21+01:00\",\"dateModified\":\"2016-12-11T20:27:21+01:00\",\"inLanguage\":\"es-ES\",\"mainEntityOfPage\":{\"@id\":\"https:\\\/\\\/www.eldigitaldeasturias.com\\\/noticias\\\/destino-blanco-a-la-nieve-en-cerler\\\/#webpage\"},\"isPartOf\":{\"@id\":\"https:\\\/\\\/www.eldigitaldeasturias.com\\\/noticias\\\/destino-blanco-a-la-nieve-en-cerler\\\/#webpage\"},\"articleSection\":\"Turismo\"},{\"@type\":\"BreadcrumbList\",\"@id\":\"https:\\\/\\\/www.eldigitaldeasturias.com\\\/noticias\\\/destino-blanco-a-la-nieve-en-cerler\\\/#breadcrumblist\",\"itemListElement\":[{\"@type\":\"ListItem\",\"@id\":\"https:\\\/\\\/www.eldigitaldeasturias.com\\\/noticias#listItem\",\"position\":1,\"name\":\"Home\",\"item\":\"https:\\\/\\\/www.eldigitaldeasturias.com\\\/noticias\",\"nextItem\":{\"@type\":\"ListItem\",\"@id\":\"https:\\\/\\\/www.eldigitaldeasturias.com\\\/noticias\\\/category\\\/turismo\\\/#listItem\",\"name\":\"Turismo\"}},{\"@type\":\"ListItem\",\"@id\":\"https:\\\/\\\/www.eldigitaldeasturias.com\\\/noticias\\\/category\\\/turismo\\\/#listItem\",\"position\":2,\"name\":\"Turismo\",\"item\":\"https:\\\/\\\/www.eldigitaldeasturias.com\\\/noticias\\\/category\\\/turismo\\\/\",\"nextItem\":{\"@type\":\"ListItem\",\"@id\":\"https:\\\/\\\/www.eldigitaldeasturias.com\\\/noticias\\\/destino-blanco-a-la-nieve-en-cerler\\\/#listItem\",\"name\":\"Destino blanco: A la nieve en Cerler\"},\"previousItem\":{\"@type\":\"ListItem\",\"@id\":\"https:\\\/\\\/www.eldigitaldeasturias.com\\\/noticias#listItem\",\"name\":\"Home\"}},{\"@type\":\"ListItem\",\"@id\":\"https:\\\/\\\/www.eldigitaldeasturias.com\\\/noticias\\\/destino-blanco-a-la-nieve-en-cerler\\\/#listItem\",\"position\":3,\"name\":\"Destino blanco: A la nieve en Cerler\",\"previousItem\":{\"@type\":\"ListItem\",\"@id\":\"https:\\\/\\\/www.eldigitaldeasturias.com\\\/noticias\\\/category\\\/turismo\\\/#listItem\",\"name\":\"Turismo\"}}]},{\"@type\":\"Organization\",\"@id\":\"https:\\\/\\\/www.eldigitaldeasturias.com\\\/noticias\\\/#organization\",\"name\":\"El Digital de Asturias\",\"description\":\"Hemeroteca\",\"url\":\"https:\\\/\\\/www.eldigitaldeasturias.com\\\/noticias\\\/\",\"email\":\"info@eldigitaldeasturias.com\",\"telephone\":\"+34652131393\",\"logo\":{\"@type\":\"ImageObject\",\"url\":\"https:\\\/\\\/www.eldigitaldeasturias.com\\\/noticias\\\/wp-content\\\/uploads\\\/2020\\\/12\\\/EDA.jpg\",\"@id\":\"https:\\\/\\\/www.eldigitaldeasturias.com\\\/noticias\\\/destino-blanco-a-la-nieve-en-cerler\\\/#organizationLogo\",\"width\":649,\"height\":297},\"image\":{\"@id\":\"https:\\\/\\\/www.eldigitaldeasturias.com\\\/noticias\\\/destino-blanco-a-la-nieve-en-cerler\\\/#organizationLogo\"},\"sameAs\":[\"https:\\\/\\\/facebook.com\\\/eldigitaldeasturias\",\"https:\\\/\\\/www.youtube.com\\\/channel\\\/UCZP-2wLEB9Rv6erhFmqVnvg\"],\"address\":{\"@id\":\"https:\\\/\\\/www.eldigitaldeasturias.com\\\/noticias\\\/#postaladdress\",\"@type\":\"PostalAddress\",\"streetAddress\":\"san antonio 4,\",\"postalCode\":\"33430\",\"addressLocality\":\"Cand\\u00e1s\",\"addressRegion\":\"Asturias\",\"addressCountry\":\"ES\"}},{\"@type\":\"Person\",\"@id\":\"https:\\\/\\\/www.eldigitaldeasturias.com\\\/noticias\\\/author\\\/admin\\\/#author\",\"url\":\"https:\\\/\\\/www.eldigitaldeasturias.com\\\/noticias\\\/author\\\/admin\\\/\",\"name\":\"El Digital de Asturias\",\"image\":{\"@type\":\"ImageObject\",\"@id\":\"https:\\\/\\\/www.eldigitaldeasturias.com\\\/noticias\\\/destino-blanco-a-la-nieve-en-cerler\\\/#authorImage\",\"url\":\"https:\\\/\\\/www.eldigitaldeasturias.com\\\/noticias\\\/wp-content\\\/litespeed\\\/avatar\\\/18677e78aa0546b92d9dbf31ec7d7668.jpg?ver=1777290358\",\"width\":96,\"height\":96,\"caption\":\"El Digital de Asturias\"}},{\"@type\":\"WebPage\",\"@id\":\"https:\\\/\\\/www.eldigitaldeasturias.com\\\/noticias\\\/destino-blanco-a-la-nieve-en-cerler\\\/#webpage\",\"url\":\"https:\\\/\\\/www.eldigitaldeasturias.com\\\/noticias\\\/destino-blanco-a-la-nieve-en-cerler\\\/\",\"name\":\"Destino blanco: A la nieve en Cerler - El Digital de Asturias\",\"description\":\"La gran mayor\\u00eda de las estaciones de esqu\\u00ed de nuestro pa\\u00eds ya han dado el pistoletazo de salida a la temporada 2016-2017 y las que no lo han hecho, est\\u00e1n a punto de abrir sus pistas. Adem\\u00e1s, los amantes de este deporte de invierno est\\u00e1n de enhorabuena, ya que los expertos aseguran que vamos a\",\"inLanguage\":\"es-ES\",\"isPartOf\":{\"@id\":\"https:\\\/\\\/www.eldigitaldeasturias.com\\\/noticias\\\/#website\"},\"breadcrumb\":{\"@id\":\"https:\\\/\\\/www.eldigitaldeasturias.com\\\/noticias\\\/destino-blanco-a-la-nieve-en-cerler\\\/#breadcrumblist\"},\"author\":{\"@id\":\"https:\\\/\\\/www.eldigitaldeasturias.com\\\/noticias\\\/author\\\/admin\\\/#author\"},\"creator\":{\"@id\":\"https:\\\/\\\/www.eldigitaldeasturias.com\\\/noticias\\\/author\\\/admin\\\/#author\"},\"image\":{\"@type\":\"ImageObject\",\"url\":\"https:\\\/\\\/www.eldigitaldeasturias.com\\\/noticias\\\/wp-content\\\/uploads\\\/2016\\\/12\\\/Cerler-foto.jpg\",\"@id\":\"https:\\\/\\\/www.eldigitaldeasturias.com\\\/noticias\\\/destino-blanco-a-la-nieve-en-cerler\\\/#mainImage\",\"width\":720,\"height\":405},\"primaryImageOfPage\":{\"@id\":\"https:\\\/\\\/www.eldigitaldeasturias.com\\\/noticias\\\/destino-blanco-a-la-nieve-en-cerler\\\/#mainImage\"},\"datePublished\":\"2016-12-11T20:27:21+01:00\",\"dateModified\":\"2016-12-11T20:27:21+01:00\"},{\"@type\":\"WebSite\",\"@id\":\"https:\\\/\\\/www.eldigitaldeasturias.com\\\/noticias\\\/#website\",\"url\":\"https:\\\/\\\/www.eldigitaldeasturias.com\\\/noticias\\\/\",\"name\":\"El Digital de Asturias - Diario de actualidad y noticias\",\"alternateName\":\"El Digital de Asturias - Diario de actualidad y noticias\",\"description\":\"Hemeroteca\",\"inLanguage\":\"es-ES\",\"publisher\":{\"@id\":\"https:\\\/\\\/www.eldigitaldeasturias.com\\\/noticias\\\/#organization\"}}]}\n\t\t<\/script>\n\t\t<!-- All in One SEO Pro -->\r\n\t\t<title>Destino blanco: A la nieve en Cerler - El Digital de Asturias<\/title>\n\n","aioseo_head_json":{"title":"Destino blanco: A la nieve en Cerler - El Digital de Asturias","description":"La gran mayor\u00eda de las estaciones de esqu\u00ed de nuestro pa\u00eds ya han dado el pistoletazo de salida a la temporada 2016-2017 y las que no lo han hecho, est\u00e1n a punto de abrir sus pistas. Adem\u00e1s, los amantes de este deporte de invierno est\u00e1n de enhorabuena, ya que los expertos aseguran que vamos a","canonical_url":"https:\/\/www.eldigitaldeasturias.com\/noticias\/destino-blanco-a-la-nieve-en-cerler\/","robots":"max-image-preview:large","keywords":"turismo","webmasterTools":{"google-site-verification":"UA-38556648-1","msvalidate.01":"7dfe9f3f1b24437ab69f4f2559babe99","miscellaneous":""},"schema":{"@context":"https:\/\/schema.org","@graph":[{"@type":"BlogPosting","@id":"https:\/\/www.eldigitaldeasturias.com\/noticias\/destino-blanco-a-la-nieve-en-cerler\/#blogposting","name":"Destino blanco: A la nieve en Cerler - El Digital de Asturias","headline":"Destino blanco: A la nieve en Cerler","author":{"@id":"https:\/\/www.eldigitaldeasturias.com\/noticias\/author\/admin\/#author"},"publisher":{"@id":"https:\/\/www.eldigitaldeasturias.com\/noticias\/#organization"},"image":{"@type":"ImageObject","url":"https:\/\/www.eldigitaldeasturias.com\/noticias\/wp-content\/uploads\/2016\/12\/Cerler-foto.jpg","width":720,"height":405},"datePublished":"2016-12-11T20:27:21+01:00","dateModified":"2016-12-11T20:27:21+01:00","inLanguage":"es-ES","mainEntityOfPage":{"@id":"https:\/\/www.eldigitaldeasturias.com\/noticias\/destino-blanco-a-la-nieve-en-cerler\/#webpage"},"isPartOf":{"@id":"https:\/\/www.eldigitaldeasturias.com\/noticias\/destino-blanco-a-la-nieve-en-cerler\/#webpage"},"articleSection":"Turismo"},{"@type":"BreadcrumbList","@id":"https:\/\/www.eldigitaldeasturias.com\/noticias\/destino-blanco-a-la-nieve-en-cerler\/#breadcrumblist","itemListElement":[{"@type":"ListItem","@id":"https:\/\/www.eldigitaldeasturias.com\/noticias#listItem","position":1,"name":"Home","item":"https:\/\/www.eldigitaldeasturias.com\/noticias","nextItem":{"@type":"ListItem","@id":"https:\/\/www.eldigitaldeasturias.com\/noticias\/category\/turismo\/#listItem","name":"Turismo"}},{"@type":"ListItem","@id":"https:\/\/www.eldigitaldeasturias.com\/noticias\/category\/turismo\/#listItem","position":2,"name":"Turismo","item":"https:\/\/www.eldigitaldeasturias.com\/noticias\/category\/turismo\/","nextItem":{"@type":"ListItem","@id":"https:\/\/www.eldigitaldeasturias.com\/noticias\/destino-blanco-a-la-nieve-en-cerler\/#listItem","name":"Destino blanco: A la nieve en Cerler"},"previousItem":{"@type":"ListItem","@id":"https:\/\/www.eldigitaldeasturias.com\/noticias#listItem","name":"Home"}},{"@type":"ListItem","@id":"https:\/\/www.eldigitaldeasturias.com\/noticias\/destino-blanco-a-la-nieve-en-cerler\/#listItem","position":3,"name":"Destino blanco: A la nieve en Cerler","previousItem":{"@type":"ListItem","@id":"https:\/\/www.eldigitaldeasturias.com\/noticias\/category\/turismo\/#listItem","name":"Turismo"}}]},{"@type":"Organization","@id":"https:\/\/www.eldigitaldeasturias.com\/noticias\/#organization","name":"El Digital de Asturias","description":"Hemeroteca","url":"https:\/\/www.eldigitaldeasturias.com\/noticias\/","email":"info@eldigitaldeasturias.com","telephone":"+34652131393","logo":{"@type":"ImageObject","url":"https:\/\/www.eldigitaldeasturias.com\/noticias\/wp-content\/uploads\/2020\/12\/EDA.jpg","@id":"https:\/\/www.eldigitaldeasturias.com\/noticias\/destino-blanco-a-la-nieve-en-cerler\/#organizationLogo","width":649,"height":297},"image":{"@id":"https:\/\/www.eldigitaldeasturias.com\/noticias\/destino-blanco-a-la-nieve-en-cerler\/#organizationLogo"},"sameAs":["https:\/\/facebook.com\/eldigitaldeasturias","https:\/\/www.youtube.com\/channel\/UCZP-2wLEB9Rv6erhFmqVnvg"],"address":{"@id":"https:\/\/www.eldigitaldeasturias.com\/noticias\/#postaladdress","@type":"PostalAddress","streetAddress":"san antonio 4,","postalCode":"33430","addressLocality":"Cand\u00e1s","addressRegion":"Asturias","addressCountry":"ES"}},{"@type":"Person","@id":"https:\/\/www.eldigitaldeasturias.com\/noticias\/author\/admin\/#author","url":"https:\/\/www.eldigitaldeasturias.com\/noticias\/author\/admin\/","name":"El Digital de Asturias","image":{"@type":"ImageObject","@id":"https:\/\/www.eldigitaldeasturias.com\/noticias\/destino-blanco-a-la-nieve-en-cerler\/#authorImage","url":"https:\/\/www.eldigitaldeasturias.com\/noticias\/wp-content\/litespeed\/avatar\/18677e78aa0546b92d9dbf31ec7d7668.jpg?ver=1777290358","width":96,"height":96,"caption":"El Digital de Asturias"}},{"@type":"WebPage","@id":"https:\/\/www.eldigitaldeasturias.com\/noticias\/destino-blanco-a-la-nieve-en-cerler\/#webpage","url":"https:\/\/www.eldigitaldeasturias.com\/noticias\/destino-blanco-a-la-nieve-en-cerler\/","name":"Destino blanco: A la nieve en Cerler - El Digital de Asturias","description":"La gran mayor\u00eda de las estaciones de esqu\u00ed de nuestro pa\u00eds ya han dado el pistoletazo de salida a la temporada 2016-2017 y las que no lo han hecho, est\u00e1n a punto de abrir sus pistas. Adem\u00e1s, los amantes de este deporte de invierno est\u00e1n de enhorabuena, ya que los expertos aseguran que vamos a","inLanguage":"es-ES","isPartOf":{"@id":"https:\/\/www.eldigitaldeasturias.com\/noticias\/#website"},"breadcrumb":{"@id":"https:\/\/www.eldigitaldeasturias.com\/noticias\/destino-blanco-a-la-nieve-en-cerler\/#breadcrumblist"},"author":{"@id":"https:\/\/www.eldigitaldeasturias.com\/noticias\/author\/admin\/#author"},"creator":{"@id":"https:\/\/www.eldigitaldeasturias.com\/noticias\/author\/admin\/#author"},"image":{"@type":"ImageObject","url":"https:\/\/www.eldigitaldeasturias.com\/noticias\/wp-content\/uploads\/2016\/12\/Cerler-foto.jpg","@id":"https:\/\/www.eldigitaldeasturias.com\/noticias\/destino-blanco-a-la-nieve-en-cerler\/#mainImage","width":720,"height":405},"primaryImageOfPage":{"@id":"https:\/\/www.eldigitaldeasturias.com\/noticias\/destino-blanco-a-la-nieve-en-cerler\/#mainImage"},"datePublished":"2016-12-11T20:27:21+01:00","dateModified":"2016-12-11T20:27:21+01:00"},{"@type":"WebSite","@id":"https:\/\/www.eldigitaldeasturias.com\/noticias\/#website","url":"https:\/\/www.eldigitaldeasturias.com\/noticias\/","name":"El Digital de Asturias - Diario de actualidad y noticias","alternateName":"El Digital de Asturias - Diario de actualidad y noticias","description":"Hemeroteca","inLanguage":"es-ES","publisher":{"@id":"https:\/\/www.eldigitaldeasturias.com\/noticias\/#organization"}}]},"og:locale":"es_ES","og:site_name":"El Digital de Asturias","og:type":"article","og:title":"Destino blanco: A la nieve en Cerler - El Digital de Asturias","og:description":"La gran mayor\u00eda de las estaciones de esqu\u00ed de nuestro pa\u00eds ya han dado el pistoletazo de salida a la temporada 2016-2017 y las que no lo han hecho, est\u00e1n a punto de abrir sus pistas. Adem\u00e1s, los amantes de este deporte de invierno est\u00e1n de enhorabuena, ya que los expertos aseguran que vamos a","og:url":"https:\/\/www.eldigitaldeasturias.com\/noticias\/destino-blanco-a-la-nieve-en-cerler\/","og:image":"https:\/\/www.eldigitaldeasturias.com\/noticias\/wp-content\/uploads\/2016\/12\/Cerler-foto.jpg","og:image:secure_url":"https:\/\/www.eldigitaldeasturias.com\/noticias\/wp-content\/uploads\/2016\/12\/Cerler-foto.jpg","og:image:width":720,"og:image:height":405,"article:tag":["turismo"],"article:published_time":"2016-12-11T20:27:21+00:00","article:modified_time":"2016-12-11T20:27:21+00:00","article:publisher":"https:\/\/facebook.com\/eldigitaldeasturias","twitter:card":"summary_large_image","twitter:title":"Destino blanco: A la nieve en Cerler - El Digital de Asturias","twitter:description":"La gran mayor\u00eda de las estaciones de esqu\u00ed de nuestro pa\u00eds ya han dado el pistoletazo de salida a la temporada 2016-2017 y las que no lo han hecho, est\u00e1n a punto de abrir sus pistas. Adem\u00e1s, los amantes de este deporte de invierno est\u00e1n de enhorabuena, ya que los expertos aseguran que vamos a","twitter:image":"https:\/\/www.eldigitaldeasturias.com\/noticias\/wp-content\/uploads\/2016\/12\/Cerler-foto.jpg","twitter:label1":"Escrito por","twitter:data1":"El Digital de Asturias","twitter:label2":"Tiempo de lectura estimado","twitter:data2":"3 minutos"},"aioseo_meta_data":{"post_id":"919016","title":null,"description":null,"keywords":null,"keyphrases":null,"primary_term":null,"canonical_url":null,"og_title":null,"og_description":null,"og_object_type":"default","og_image_type":"default","og_image_url":null,"og_image_width":null,"og_image_height":null,"og_image_custom_url":null,"og_image_custom_fields":null,"og_video":null,"og_custom_url":null,"og_article_section":null,"og_article_tags":null,"twitter_use_og":false,"twitter_card":"default","twitter_image_type":"default","twitter_image_url":null,"twitter_image_custom_url":null,"twitter_image_custom_fields":null,"twitter_title":null,"twitter_description":null,"schema":{"blockGraphs":[],"customGraphs":[],"default":{"data":{"Article":[],"Course":[],"Dataset":[],"FAQPage":[],"Movie":[],"Person":[],"Product":[],"ProductReview":[],"Car":[],"Recipe":[],"Service":[],"SoftwareApplication":[],"WebPage":[]},"graphName":"","isEnabled":true},"graphs":[],"defaultGraph":"","defaultPostTypeGraph":""},"schema_type":null,"schema_type_options":null,"pillar_content":false,"robots_default":true,"robots_noindex":false,"robots_noarchive":false,"robots_nosnippet":false,"robots_nofollow":false,"robots_noimageindex":false,"robots_noodp":false,"robots_notranslate":false,"robots_max_snippet":null,"robots_max_videopreview":null,"robots_max_imagepreview":"large","priority":null,"frequency":null,"local_seo":null,"seo_analyzer_scan_date":"2025-12-02 05:14:08","breadcrumb_settings":null,"limit_modified_date":false,"open_ai":null,"ai":null,"created":"2020-12-21 13:50:51","updated":"2025-12-02 05:14:08"},"aioseo_breadcrumb":"<div class=\"aioseo-breadcrumbs\"><span class=\"aioseo-breadcrumb\">\n\t<a href=\"https:\/\/www.eldigitaldeasturias.com\/noticias\" title=\"Home\">Home<\/a>\n<\/span><span class=\"aioseo-breadcrumb-separator\">\u2013<\/span><span class=\"aioseo-breadcrumb\">\n\t<a href=\"https:\/\/www.eldigitaldeasturias.com\/noticias\/category\/turismo\/\" title=\"Turismo\">Turismo<\/a>\n<\/span><span class=\"aioseo-breadcrumb-separator\">\u2013<\/span><span class=\"aioseo-breadcrumb\">\n\t<a href=\"https:\/\/www.eldigitaldeasturias.com\/noticias\/destino-blanco-a-la-nieve-en-cerler\/\" title=\"Destino blanco: A la nieve en Cerler\">Destino blanco: A la nieve en Cerler<\/a>\n<\/span><\/div>","aioseo_breadcrumb_json":[{"label":"Home","link":"https:\/\/www.eldigitaldeasturias.com\/noticias"},{"label":"Turismo","link":"https:\/\/www.eldigitaldeasturias.com\/noticias\/category\/turismo\/"},{"label":"Destino blanco: A la nieve en Cerler","link":"https:\/\/www.eldigitaldeasturias.com\/noticias\/destino-blanco-a-la-nieve-en-cerler\/"}],"_links":{"self":[{"href":"https:\/\/www.eldigitaldeasturias.com\/noticias\/wp-json\/wp\/v2\/posts\/919016","targetHints":{"allow":["GET"]}}],"collection":[{"href":"https:\/\/www.eldigitaldeasturias.com\/noticias\/wp-json\/wp\/v2\/posts"}],"about":[{"href":"https:\/\/www.eldigitaldeasturias.com\/noticias\/wp-json\/wp\/v2\/types\/post"}],"author":[{"embeddable":true,"href":"https:\/\/www.eldigitaldeasturias.com\/noticias\/wp-json\/wp\/v2\/users\/1"}],"replies":[{"embeddable":true,"href":"https:\/\/www.eldigitaldeasturias.com\/noticias\/wp-json\/wp\/v2\/comments?post=919016"}],"version-history":[{"count":0,"href":"https:\/\/www.eldigitaldeasturias.com\/noticias\/wp-json\/wp\/v2\/posts\/919016\/revisions"}],"wp:featuredmedia":[{"embeddable":true,"href":"https:\/\/www.eldigitaldeasturias.com\/noticias\/wp-json\/wp\/v2\/media\/919017"}],"wp:attachment":[{"href":"https:\/\/www.eldigitaldeasturias.com\/noticias\/wp-json\/wp\/v2\/media?parent=919016"}],"wp:term":[{"taxonomy":"category","embeddable":true,"href":"https:\/\/www.eldigitaldeasturias.com\/noticias\/wp-json\/wp\/v2\/categories?post=919016"},{"taxonomy":"post_tag","embeddable":true,"href":"https:\/\/www.eldigitaldeasturias.com\/noticias\/wp-json\/wp\/v2\/tags?post=919016"}],"curies":[{"name":"wp","href":"https:\/\/api.w.org\/{rel}","templated":true}]}}