{"id":919013,"date":"2016-12-11T20:23:08","date_gmt":"2016-12-11T20:23:08","guid":{"rendered":"http:\/\/www.eldigitaldeasturias.com\/noticias\/?p=919013"},"modified":"2016-12-11T20:23:08","modified_gmt":"2016-12-11T20:23:08","slug":"destino-valencia-la-fusion-del-turismo-cultura-y-ocio","status":"publish","type":"post","link":"https:\/\/www.eldigitaldeasturias.com\/noticias\/destino-valencia-la-fusion-del-turismo-cultura-y-ocio\/","title":{"rendered":"Destino Valencia: La fusi\u00f3n del turismo, cultura y ocio"},"content":{"rendered":"<p>Son muchas las razones por las que es recomendable viajar a Valencia, capital de la provincia hom\u00f3nima y de la Comunidad Valenciana. Por ejemplo, no hay que olvidar que esta ciudad situada a orillas del Mar Mediterr\u00e1neo tiene un clima muy agradable durante pr\u00e1cticamente todo el a\u00f1o, si bien es cierto que los inviernos son algo h\u00famedos. Por eso, son muchos los turistas que se acercan para visitar sus playas. Por supuesto, no podemos olvidarnos de su gastronom\u00eda, siendo la paella el plato estrella. Adem\u00e1s, debes saber que Valencia alberga muchos lugares emblem\u00e1ticos.<\/p>\n<p><img loading=\"lazy\" decoding=\"async\" class=\" size-large wp-image-919014 aligncenter\" src=\"https:\/\/www.eldigitaldeasturias.com\/noticias\/wp-content\/uploads\/2016\/12\/Plaza-de-la-Virgen-650x366.jpg\" alt=\"Plaza-de-la-Virgen\" width=\"650\" height=\"366\" srcset=\"https:\/\/www.eldigitaldeasturias.com\/noticias\/wp-content\/uploads\/2016\/12\/Plaza-de-la-Virgen-650x366.jpg 650w, https:\/\/www.eldigitaldeasturias.com\/noticias\/wp-content\/uploads\/2016\/12\/Plaza-de-la-Virgen-360x203.jpg 360w, https:\/\/www.eldigitaldeasturias.com\/noticias\/wp-content\/uploads\/2016\/12\/Plaza-de-la-Virgen.jpg 720w\" sizes=\"auto, (max-width: 650px) 100vw, 650px\" \/><\/p>\n<p><strong>Ciudad de las Artes y las Ciencias<\/strong><\/p>\n<p>Como no pod\u00eda ser de otra manera, se debe comenzar hablando de la Ciudad de las Artes y las Ciencias, un complejo arquitect\u00f3nico, cultural y de entretenimiento dise\u00f1ado por Santiago Calatrava y F\u00e9lix Candela. Eso s\u00ed, las cubiertas del Oceanogr\u00e0fic, uno de los principales edificios del complejo, fueron dise\u00f1adas por Alberto Domingo y Carlos L\u00e1zaro.<\/p>\n<p><strong>Mercado Central<\/strong><\/p>\n<p>Un lugar de Valencia que, sin duda, merece la pena visitar, es el Mercado Central, una construcci\u00f3n de estilo modernista. Paras muchos, se trata de uno de los mercados m\u00e1s bonitos de Espa\u00f1a. Es importante tener en cuenta que es el mayor centro de Europa dedicado a los productos frescos. Est\u00e1 situado entre la plaza del Mercado y la plaza de la ciudad de Brujas.<\/p>\n<p><strong>Lonja de la Seda<\/strong><\/p>\n<p>Por supuesto, tambi\u00e9n queremos hablar de la Lonja de la Seda, tambi\u00e9n conocida como Lonja de los Mercaderes, una obra maestra del g\u00f3tico civil valenciano. Se encuentra en el centro hist\u00f3rico de la ciudad, concretamente en la plaza del Mercado, y ha sido declarada Patrimonio de la Humanidad por la UNESCO.<\/p>\n<p><strong>Barrio del Carmen<\/strong><\/p>\n<p>Tambi\u00e9n te recomendamos pasear por el Barrio del Carmen, perteneciente al distrito de Ciutat Vella, que conforma el caso hist\u00f3rico de la ciudad. Se trata de un barrio milenario que creci\u00f3 entre dos murallas. Aqu\u00ed podr\u00e1s encontrar muchas de las construcciones m\u00e1s emblem\u00e1ticas de la ciudad (Torres de Quart, Torres de Serranos, Portal de Valldigna\u2026) e importantes museos como, por ejemplo, el Instituto Valenciano de Arte Moderno o el Museo del Siglo XIX.<\/p>\n<p><strong>Plaza de la Virgen<\/strong><\/p>\n<p>Otro lugar imprescindible de Valencia es la Plaza de la Virgen, que se encuentra en el centro de la ciudad. Alrededor de este rinc\u00f3n se encuentran tres de los edificios m\u00e1s importantes: la Catedral de Santa Mar\u00eda, la Bas\u00edlica de la Virgen de los Desamparados y el Palacio de la Generalidad. De la Catedral queremos destacar la torre campanario del Micalet o Miguelete, uno de los monumentos m\u00e1s caracter\u00edsticos de Valencia.<\/p>\n<p><strong>Plaza del Ayuntamiento<\/strong><\/p>\n<p>Por supuesto, debemos hablarte de la Plaza del Ayuntamiento, una de las plazas m\u00e1s c\u00e9ntricas de la ciudad. Como bien indica su nombre, aqu\u00ed se encuentra la casa consistorial, sede del Ayuntamiento de Valencia. Destaca su fuente de traza circular.<\/p>\n<p><strong>Bioparc<\/strong><\/p>\n<p>No pod\u00edamos hablar de Valencia sin mencionar el Bioparc, un parque zool\u00f3gico ubicado en la extremidad oeste del Jard\u00edn del Turia. Especializado en fauna africana, sorprende por su dise\u00f1o, que oculta las barreras entre el p\u00fablico y los animales, por lo que el visitante tiene la sensaci\u00f3n de adentrarse en el h\u00e1bitat del animal.<\/p>\n<p><strong>Parque Natural de la Albufera<\/strong><\/p>\n<p>Por \u00faltimo, tenemos que hablar del Parque Natural de la Albufera, que se encuentra a tan solo 10 kil\u00f3metros de la ciudad de Valencia. Se trata de un rinc\u00f3n natural de gran belleza, as\u00ed que te recomendamos que aproveches tu viaje a Valencia para visitarlo.<\/p>\n<p><em>El contenido de este comunicado fue publicado originalmente en la p\u00e1gina web de Vuela Viajes<\/em><\/p>\n<p>&nbsp;<\/p>\n<p>&nbsp;<\/p>\n","protected":false},"excerpt":{"rendered":"<p>Son muchas las razones por las que es recomendable viajar a Valencia, capital de la provincia hom\u00f3nima y de la Comunidad Valenciana. Por ejemplo, no hay que olvidar que esta ciudad situada a orillas del Mar Mediterr\u00e1neo tiene un clima muy agradable durante pr\u00e1cticamente todo el a\u00f1o, si bien es cierto que los inviernos son [&hellip;]<\/p>\n","protected":false},"author":1,"featured_media":919014,"comment_status":"closed","ping_status":"closed","sticky":false,"template":"","format":"standard","meta":{"footnotes":""},"categories":[148],"tags":[],"class_list":["post-919013","post","type-post","status-publish","format-standard","has-post-thumbnail","hentry","category-turismo"],"aioseo_notices":[],"aioseo_head":"\n\t\t<!-- All in One SEO Pro 4.9.6.2 - aioseo.com -->\n\t<meta name=\"description\" content=\"Son muchas las razones por las que es recomendable viajar a Valencia, capital de la provincia hom\u00f3nima y de la Comunidad Valenciana. Por ejemplo, no hay que olvidar que esta ciudad situada a orillas del Mar Mediterr\u00e1neo tiene un clima muy agradable durante pr\u00e1cticamente todo el a\u00f1o, si bien es cierto que los inviernos son\" \/>\n\t<meta name=\"robots\" content=\"max-image-preview:large\" \/>\n\t<meta name=\"author\" content=\"El Digital de Asturias\"\/>\n\t<meta name=\"google-site-verification\" content=\"UA-38556648-1\" \/>\n\t<meta name=\"msvalidate.01\" content=\"7dfe9f3f1b24437ab69f4f2559babe99\" \/>\n\t<meta name=\"keywords\" content=\"turismo\" \/>\n\t<link rel=\"canonical\" href=\"https:\/\/www.eldigitaldeasturias.com\/noticias\/destino-valencia-la-fusion-del-turismo-cultura-y-ocio\/\" \/>\n\t<meta name=\"generator\" content=\"All in One SEO Pro (AIOSEO) 4.9.6.2\" \/>\n\t\t<meta property=\"og:locale\" content=\"es_ES\" \/>\n\t\t<meta property=\"og:site_name\" content=\"El Digital de Asturias\" \/>\n\t\t<meta property=\"og:type\" content=\"article\" \/>\n\t\t<meta property=\"og:title\" content=\"Destino Valencia: La fusi\u00f3n del turismo, cultura y ocio - El Digital de Asturias\" \/>\n\t\t<meta property=\"og:description\" content=\"Son muchas las razones por las que es recomendable viajar a Valencia, capital de la provincia hom\u00f3nima y de la Comunidad Valenciana. Por ejemplo, no hay que olvidar que esta ciudad situada a orillas del Mar Mediterr\u00e1neo tiene un clima muy agradable durante pr\u00e1cticamente todo el a\u00f1o, si bien es cierto que los inviernos son\" \/>\n\t\t<meta property=\"og:url\" content=\"https:\/\/www.eldigitaldeasturias.com\/noticias\/destino-valencia-la-fusion-del-turismo-cultura-y-ocio\/\" \/>\n\t\t<meta property=\"og:image\" content=\"https:\/\/www.eldigitaldeasturias.com\/noticias\/wp-content\/uploads\/2016\/12\/Plaza-de-la-Virgen.jpg\" \/>\n\t\t<meta property=\"og:image:secure_url\" content=\"https:\/\/www.eldigitaldeasturias.com\/noticias\/wp-content\/uploads\/2016\/12\/Plaza-de-la-Virgen.jpg\" \/>\n\t\t<meta property=\"og:image:width\" content=\"720\" \/>\n\t\t<meta property=\"og:image:height\" content=\"405\" \/>\n\t\t<meta property=\"article:tag\" content=\"turismo\" \/>\n\t\t<meta property=\"article:published_time\" content=\"2016-12-11T20:23:08+00:00\" \/>\n\t\t<meta property=\"article:modified_time\" content=\"2016-12-11T20:23:08+00:00\" \/>\n\t\t<meta property=\"article:publisher\" content=\"https:\/\/facebook.com\/eldigitaldeasturias\" \/>\n\t\t<meta name=\"twitter:card\" content=\"summary_large_image\" \/>\n\t\t<meta name=\"twitter:title\" content=\"Destino Valencia: La fusi\u00f3n del turismo, cultura y ocio - El Digital de Asturias\" \/>\n\t\t<meta name=\"twitter:description\" content=\"Son muchas las razones por las que es recomendable viajar a Valencia, capital de la provincia hom\u00f3nima y de la Comunidad Valenciana. Por ejemplo, no hay que olvidar que esta ciudad situada a orillas del Mar Mediterr\u00e1neo tiene un clima muy agradable durante pr\u00e1cticamente todo el a\u00f1o, si bien es cierto que los inviernos son\" \/>\n\t\t<meta name=\"twitter:image\" content=\"https:\/\/www.eldigitaldeasturias.com\/noticias\/wp-content\/uploads\/2016\/12\/Plaza-de-la-Virgen.jpg\" \/>\n\t\t<meta name=\"twitter:label1\" content=\"Escrito por\" \/>\n\t\t<meta name=\"twitter:data1\" content=\"El Digital de Asturias\" \/>\n\t\t<meta name=\"twitter:label2\" content=\"Tiempo de lectura estimado\" \/>\n\t\t<meta name=\"twitter:data2\" content=\"3 minutos\" \/>\n\t\t<script type=\"application\/ld+json\" class=\"aioseo-schema\">\n\t\t\t{\"@context\":\"https:\\\/\\\/schema.org\",\"@graph\":[{\"@type\":\"BlogPosting\",\"@id\":\"https:\\\/\\\/www.eldigitaldeasturias.com\\\/noticias\\\/destino-valencia-la-fusion-del-turismo-cultura-y-ocio\\\/#blogposting\",\"name\":\"Destino Valencia: La fusi\\u00f3n del turismo, cultura y ocio - El Digital de Asturias\",\"headline\":\"Destino Valencia: La fusi\\u00f3n del turismo, cultura y ocio\",\"author\":{\"@id\":\"https:\\\/\\\/www.eldigitaldeasturias.com\\\/noticias\\\/author\\\/admin\\\/#author\"},\"publisher\":{\"@id\":\"https:\\\/\\\/www.eldigitaldeasturias.com\\\/noticias\\\/#organization\"},\"image\":{\"@type\":\"ImageObject\",\"url\":\"https:\\\/\\\/www.eldigitaldeasturias.com\\\/noticias\\\/wp-content\\\/uploads\\\/2016\\\/12\\\/Plaza-de-la-Virgen.jpg\",\"width\":720,\"height\":405},\"datePublished\":\"2016-12-11T20:23:08+01:00\",\"dateModified\":\"2016-12-11T20:23:08+01:00\",\"inLanguage\":\"es-ES\",\"mainEntityOfPage\":{\"@id\":\"https:\\\/\\\/www.eldigitaldeasturias.com\\\/noticias\\\/destino-valencia-la-fusion-del-turismo-cultura-y-ocio\\\/#webpage\"},\"isPartOf\":{\"@id\":\"https:\\\/\\\/www.eldigitaldeasturias.com\\\/noticias\\\/destino-valencia-la-fusion-del-turismo-cultura-y-ocio\\\/#webpage\"},\"articleSection\":\"Turismo\"},{\"@type\":\"BreadcrumbList\",\"@id\":\"https:\\\/\\\/www.eldigitaldeasturias.com\\\/noticias\\\/destino-valencia-la-fusion-del-turismo-cultura-y-ocio\\\/#breadcrumblist\",\"itemListElement\":[{\"@type\":\"ListItem\",\"@id\":\"https:\\\/\\\/www.eldigitaldeasturias.com\\\/noticias#listItem\",\"position\":1,\"name\":\"Home\",\"item\":\"https:\\\/\\\/www.eldigitaldeasturias.com\\\/noticias\",\"nextItem\":{\"@type\":\"ListItem\",\"@id\":\"https:\\\/\\\/www.eldigitaldeasturias.com\\\/noticias\\\/category\\\/turismo\\\/#listItem\",\"name\":\"Turismo\"}},{\"@type\":\"ListItem\",\"@id\":\"https:\\\/\\\/www.eldigitaldeasturias.com\\\/noticias\\\/category\\\/turismo\\\/#listItem\",\"position\":2,\"name\":\"Turismo\",\"item\":\"https:\\\/\\\/www.eldigitaldeasturias.com\\\/noticias\\\/category\\\/turismo\\\/\",\"nextItem\":{\"@type\":\"ListItem\",\"@id\":\"https:\\\/\\\/www.eldigitaldeasturias.com\\\/noticias\\\/destino-valencia-la-fusion-del-turismo-cultura-y-ocio\\\/#listItem\",\"name\":\"Destino Valencia: La fusi\\u00f3n del turismo, cultura y ocio\"},\"previousItem\":{\"@type\":\"ListItem\",\"@id\":\"https:\\\/\\\/www.eldigitaldeasturias.com\\\/noticias#listItem\",\"name\":\"Home\"}},{\"@type\":\"ListItem\",\"@id\":\"https:\\\/\\\/www.eldigitaldeasturias.com\\\/noticias\\\/destino-valencia-la-fusion-del-turismo-cultura-y-ocio\\\/#listItem\",\"position\":3,\"name\":\"Destino Valencia: La fusi\\u00f3n del turismo, cultura y ocio\",\"previousItem\":{\"@type\":\"ListItem\",\"@id\":\"https:\\\/\\\/www.eldigitaldeasturias.com\\\/noticias\\\/category\\\/turismo\\\/#listItem\",\"name\":\"Turismo\"}}]},{\"@type\":\"Organization\",\"@id\":\"https:\\\/\\\/www.eldigitaldeasturias.com\\\/noticias\\\/#organization\",\"name\":\"El Digital de Asturias\",\"description\":\"Hemeroteca\",\"url\":\"https:\\\/\\\/www.eldigitaldeasturias.com\\\/noticias\\\/\",\"email\":\"info@eldigitaldeasturias.com\",\"telephone\":\"+34652131393\",\"logo\":{\"@type\":\"ImageObject\",\"url\":\"https:\\\/\\\/www.eldigitaldeasturias.com\\\/noticias\\\/wp-content\\\/uploads\\\/2020\\\/12\\\/EDA.jpg\",\"@id\":\"https:\\\/\\\/www.eldigitaldeasturias.com\\\/noticias\\\/destino-valencia-la-fusion-del-turismo-cultura-y-ocio\\\/#organizationLogo\",\"width\":649,\"height\":297},\"image\":{\"@id\":\"https:\\\/\\\/www.eldigitaldeasturias.com\\\/noticias\\\/destino-valencia-la-fusion-del-turismo-cultura-y-ocio\\\/#organizationLogo\"},\"sameAs\":[\"https:\\\/\\\/facebook.com\\\/eldigitaldeasturias\",\"https:\\\/\\\/www.youtube.com\\\/channel\\\/UCZP-2wLEB9Rv6erhFmqVnvg\"],\"address\":{\"@id\":\"https:\\\/\\\/www.eldigitaldeasturias.com\\\/noticias\\\/#postaladdress\",\"@type\":\"PostalAddress\",\"streetAddress\":\"san antonio 4,\",\"postalCode\":\"33430\",\"addressLocality\":\"Cand\\u00e1s\",\"addressRegion\":\"Asturias\",\"addressCountry\":\"ES\"}},{\"@type\":\"Person\",\"@id\":\"https:\\\/\\\/www.eldigitaldeasturias.com\\\/noticias\\\/author\\\/admin\\\/#author\",\"url\":\"https:\\\/\\\/www.eldigitaldeasturias.com\\\/noticias\\\/author\\\/admin\\\/\",\"name\":\"El Digital de Asturias\",\"image\":{\"@type\":\"ImageObject\",\"@id\":\"https:\\\/\\\/www.eldigitaldeasturias.com\\\/noticias\\\/destino-valencia-la-fusion-del-turismo-cultura-y-ocio\\\/#authorImage\",\"url\":\"https:\\\/\\\/www.eldigitaldeasturias.com\\\/noticias\\\/wp-content\\\/litespeed\\\/avatar\\\/18677e78aa0546b92d9dbf31ec7d7668.jpg?ver=1777290358\",\"width\":96,\"height\":96,\"caption\":\"El Digital de Asturias\"}},{\"@type\":\"WebPage\",\"@id\":\"https:\\\/\\\/www.eldigitaldeasturias.com\\\/noticias\\\/destino-valencia-la-fusion-del-turismo-cultura-y-ocio\\\/#webpage\",\"url\":\"https:\\\/\\\/www.eldigitaldeasturias.com\\\/noticias\\\/destino-valencia-la-fusion-del-turismo-cultura-y-ocio\\\/\",\"name\":\"Destino Valencia: La fusi\\u00f3n del turismo, cultura y ocio - El Digital de Asturias\",\"description\":\"Son muchas las razones por las que es recomendable viajar a Valencia, capital de la provincia hom\\u00f3nima y de la Comunidad Valenciana. Por ejemplo, no hay que olvidar que esta ciudad situada a orillas del Mar Mediterr\\u00e1neo tiene un clima muy agradable durante pr\\u00e1cticamente todo el a\\u00f1o, si bien es cierto que los inviernos son\",\"inLanguage\":\"es-ES\",\"isPartOf\":{\"@id\":\"https:\\\/\\\/www.eldigitaldeasturias.com\\\/noticias\\\/#website\"},\"breadcrumb\":{\"@id\":\"https:\\\/\\\/www.eldigitaldeasturias.com\\\/noticias\\\/destino-valencia-la-fusion-del-turismo-cultura-y-ocio\\\/#breadcrumblist\"},\"author\":{\"@id\":\"https:\\\/\\\/www.eldigitaldeasturias.com\\\/noticias\\\/author\\\/admin\\\/#author\"},\"creator\":{\"@id\":\"https:\\\/\\\/www.eldigitaldeasturias.com\\\/noticias\\\/author\\\/admin\\\/#author\"},\"image\":{\"@type\":\"ImageObject\",\"url\":\"https:\\\/\\\/www.eldigitaldeasturias.com\\\/noticias\\\/wp-content\\\/uploads\\\/2016\\\/12\\\/Plaza-de-la-Virgen.jpg\",\"@id\":\"https:\\\/\\\/www.eldigitaldeasturias.com\\\/noticias\\\/destino-valencia-la-fusion-del-turismo-cultura-y-ocio\\\/#mainImage\",\"width\":720,\"height\":405},\"primaryImageOfPage\":{\"@id\":\"https:\\\/\\\/www.eldigitaldeasturias.com\\\/noticias\\\/destino-valencia-la-fusion-del-turismo-cultura-y-ocio\\\/#mainImage\"},\"datePublished\":\"2016-12-11T20:23:08+01:00\",\"dateModified\":\"2016-12-11T20:23:08+01:00\"},{\"@type\":\"WebSite\",\"@id\":\"https:\\\/\\\/www.eldigitaldeasturias.com\\\/noticias\\\/#website\",\"url\":\"https:\\\/\\\/www.eldigitaldeasturias.com\\\/noticias\\\/\",\"name\":\"El Digital de Asturias - Diario de actualidad y noticias\",\"alternateName\":\"El Digital de Asturias - Diario de actualidad y noticias\",\"description\":\"Hemeroteca\",\"inLanguage\":\"es-ES\",\"publisher\":{\"@id\":\"https:\\\/\\\/www.eldigitaldeasturias.com\\\/noticias\\\/#organization\"}}]}\n\t\t<\/script>\n\t\t<!-- All in One SEO Pro -->\r\n\t\t<title>Destino Valencia: La fusi\u00f3n del turismo, cultura y ocio - El Digital de Asturias<\/title>\n\n","aioseo_head_json":{"title":"Destino Valencia: La fusi\u00f3n del turismo, cultura y ocio - El Digital de Asturias","description":"Son muchas las razones por las que es recomendable viajar a Valencia, capital de la provincia hom\u00f3nima y de la Comunidad Valenciana. Por ejemplo, no hay que olvidar que esta ciudad situada a orillas del Mar Mediterr\u00e1neo tiene un clima muy agradable durante pr\u00e1cticamente todo el a\u00f1o, si bien es cierto que los inviernos son","canonical_url":"https:\/\/www.eldigitaldeasturias.com\/noticias\/destino-valencia-la-fusion-del-turismo-cultura-y-ocio\/","robots":"max-image-preview:large","keywords":"turismo","webmasterTools":{"google-site-verification":"UA-38556648-1","msvalidate.01":"7dfe9f3f1b24437ab69f4f2559babe99","miscellaneous":""},"schema":{"@context":"https:\/\/schema.org","@graph":[{"@type":"BlogPosting","@id":"https:\/\/www.eldigitaldeasturias.com\/noticias\/destino-valencia-la-fusion-del-turismo-cultura-y-ocio\/#blogposting","name":"Destino Valencia: La fusi\u00f3n del turismo, cultura y ocio - El Digital de Asturias","headline":"Destino Valencia: La fusi\u00f3n del turismo, cultura y ocio","author":{"@id":"https:\/\/www.eldigitaldeasturias.com\/noticias\/author\/admin\/#author"},"publisher":{"@id":"https:\/\/www.eldigitaldeasturias.com\/noticias\/#organization"},"image":{"@type":"ImageObject","url":"https:\/\/www.eldigitaldeasturias.com\/noticias\/wp-content\/uploads\/2016\/12\/Plaza-de-la-Virgen.jpg","width":720,"height":405},"datePublished":"2016-12-11T20:23:08+01:00","dateModified":"2016-12-11T20:23:08+01:00","inLanguage":"es-ES","mainEntityOfPage":{"@id":"https:\/\/www.eldigitaldeasturias.com\/noticias\/destino-valencia-la-fusion-del-turismo-cultura-y-ocio\/#webpage"},"isPartOf":{"@id":"https:\/\/www.eldigitaldeasturias.com\/noticias\/destino-valencia-la-fusion-del-turismo-cultura-y-ocio\/#webpage"},"articleSection":"Turismo"},{"@type":"BreadcrumbList","@id":"https:\/\/www.eldigitaldeasturias.com\/noticias\/destino-valencia-la-fusion-del-turismo-cultura-y-ocio\/#breadcrumblist","itemListElement":[{"@type":"ListItem","@id":"https:\/\/www.eldigitaldeasturias.com\/noticias#listItem","position":1,"name":"Home","item":"https:\/\/www.eldigitaldeasturias.com\/noticias","nextItem":{"@type":"ListItem","@id":"https:\/\/www.eldigitaldeasturias.com\/noticias\/category\/turismo\/#listItem","name":"Turismo"}},{"@type":"ListItem","@id":"https:\/\/www.eldigitaldeasturias.com\/noticias\/category\/turismo\/#listItem","position":2,"name":"Turismo","item":"https:\/\/www.eldigitaldeasturias.com\/noticias\/category\/turismo\/","nextItem":{"@type":"ListItem","@id":"https:\/\/www.eldigitaldeasturias.com\/noticias\/destino-valencia-la-fusion-del-turismo-cultura-y-ocio\/#listItem","name":"Destino Valencia: La fusi\u00f3n del turismo, cultura y ocio"},"previousItem":{"@type":"ListItem","@id":"https:\/\/www.eldigitaldeasturias.com\/noticias#listItem","name":"Home"}},{"@type":"ListItem","@id":"https:\/\/www.eldigitaldeasturias.com\/noticias\/destino-valencia-la-fusion-del-turismo-cultura-y-ocio\/#listItem","position":3,"name":"Destino Valencia: La fusi\u00f3n del turismo, cultura y ocio","previousItem":{"@type":"ListItem","@id":"https:\/\/www.eldigitaldeasturias.com\/noticias\/category\/turismo\/#listItem","name":"Turismo"}}]},{"@type":"Organization","@id":"https:\/\/www.eldigitaldeasturias.com\/noticias\/#organization","name":"El Digital de Asturias","description":"Hemeroteca","url":"https:\/\/www.eldigitaldeasturias.com\/noticias\/","email":"info@eldigitaldeasturias.com","telephone":"+34652131393","logo":{"@type":"ImageObject","url":"https:\/\/www.eldigitaldeasturias.com\/noticias\/wp-content\/uploads\/2020\/12\/EDA.jpg","@id":"https:\/\/www.eldigitaldeasturias.com\/noticias\/destino-valencia-la-fusion-del-turismo-cultura-y-ocio\/#organizationLogo","width":649,"height":297},"image":{"@id":"https:\/\/www.eldigitaldeasturias.com\/noticias\/destino-valencia-la-fusion-del-turismo-cultura-y-ocio\/#organizationLogo"},"sameAs":["https:\/\/facebook.com\/eldigitaldeasturias","https:\/\/www.youtube.com\/channel\/UCZP-2wLEB9Rv6erhFmqVnvg"],"address":{"@id":"https:\/\/www.eldigitaldeasturias.com\/noticias\/#postaladdress","@type":"PostalAddress","streetAddress":"san antonio 4,","postalCode":"33430","addressLocality":"Cand\u00e1s","addressRegion":"Asturias","addressCountry":"ES"}},{"@type":"Person","@id":"https:\/\/www.eldigitaldeasturias.com\/noticias\/author\/admin\/#author","url":"https:\/\/www.eldigitaldeasturias.com\/noticias\/author\/admin\/","name":"El Digital de Asturias","image":{"@type":"ImageObject","@id":"https:\/\/www.eldigitaldeasturias.com\/noticias\/destino-valencia-la-fusion-del-turismo-cultura-y-ocio\/#authorImage","url":"https:\/\/www.eldigitaldeasturias.com\/noticias\/wp-content\/litespeed\/avatar\/18677e78aa0546b92d9dbf31ec7d7668.jpg?ver=1777290358","width":96,"height":96,"caption":"El Digital de Asturias"}},{"@type":"WebPage","@id":"https:\/\/www.eldigitaldeasturias.com\/noticias\/destino-valencia-la-fusion-del-turismo-cultura-y-ocio\/#webpage","url":"https:\/\/www.eldigitaldeasturias.com\/noticias\/destino-valencia-la-fusion-del-turismo-cultura-y-ocio\/","name":"Destino Valencia: La fusi\u00f3n del turismo, cultura y ocio - El Digital de Asturias","description":"Son muchas las razones por las que es recomendable viajar a Valencia, capital de la provincia hom\u00f3nima y de la Comunidad Valenciana. Por ejemplo, no hay que olvidar que esta ciudad situada a orillas del Mar Mediterr\u00e1neo tiene un clima muy agradable durante pr\u00e1cticamente todo el a\u00f1o, si bien es cierto que los inviernos son","inLanguage":"es-ES","isPartOf":{"@id":"https:\/\/www.eldigitaldeasturias.com\/noticias\/#website"},"breadcrumb":{"@id":"https:\/\/www.eldigitaldeasturias.com\/noticias\/destino-valencia-la-fusion-del-turismo-cultura-y-ocio\/#breadcrumblist"},"author":{"@id":"https:\/\/www.eldigitaldeasturias.com\/noticias\/author\/admin\/#author"},"creator":{"@id":"https:\/\/www.eldigitaldeasturias.com\/noticias\/author\/admin\/#author"},"image":{"@type":"ImageObject","url":"https:\/\/www.eldigitaldeasturias.com\/noticias\/wp-content\/uploads\/2016\/12\/Plaza-de-la-Virgen.jpg","@id":"https:\/\/www.eldigitaldeasturias.com\/noticias\/destino-valencia-la-fusion-del-turismo-cultura-y-ocio\/#mainImage","width":720,"height":405},"primaryImageOfPage":{"@id":"https:\/\/www.eldigitaldeasturias.com\/noticias\/destino-valencia-la-fusion-del-turismo-cultura-y-ocio\/#mainImage"},"datePublished":"2016-12-11T20:23:08+01:00","dateModified":"2016-12-11T20:23:08+01:00"},{"@type":"WebSite","@id":"https:\/\/www.eldigitaldeasturias.com\/noticias\/#website","url":"https:\/\/www.eldigitaldeasturias.com\/noticias\/","name":"El Digital de Asturias - Diario de actualidad y noticias","alternateName":"El Digital de Asturias - Diario de actualidad y noticias","description":"Hemeroteca","inLanguage":"es-ES","publisher":{"@id":"https:\/\/www.eldigitaldeasturias.com\/noticias\/#organization"}}]},"og:locale":"es_ES","og:site_name":"El Digital de Asturias","og:type":"article","og:title":"Destino Valencia: La fusi\u00f3n del turismo, cultura y ocio - El Digital de Asturias","og:description":"Son muchas las razones por las que es recomendable viajar a Valencia, capital de la provincia hom\u00f3nima y de la Comunidad Valenciana. Por ejemplo, no hay que olvidar que esta ciudad situada a orillas del Mar Mediterr\u00e1neo tiene un clima muy agradable durante pr\u00e1cticamente todo el a\u00f1o, si bien es cierto que los inviernos son","og:url":"https:\/\/www.eldigitaldeasturias.com\/noticias\/destino-valencia-la-fusion-del-turismo-cultura-y-ocio\/","og:image":"https:\/\/www.eldigitaldeasturias.com\/noticias\/wp-content\/uploads\/2016\/12\/Plaza-de-la-Virgen.jpg","og:image:secure_url":"https:\/\/www.eldigitaldeasturias.com\/noticias\/wp-content\/uploads\/2016\/12\/Plaza-de-la-Virgen.jpg","og:image:width":720,"og:image:height":405,"article:tag":["turismo"],"article:published_time":"2016-12-11T20:23:08+00:00","article:modified_time":"2016-12-11T20:23:08+00:00","article:publisher":"https:\/\/facebook.com\/eldigitaldeasturias","twitter:card":"summary_large_image","twitter:title":"Destino Valencia: La fusi\u00f3n del turismo, cultura y ocio - El Digital de Asturias","twitter:description":"Son muchas las razones por las que es recomendable viajar a Valencia, capital de la provincia hom\u00f3nima y de la Comunidad Valenciana. Por ejemplo, no hay que olvidar que esta ciudad situada a orillas del Mar Mediterr\u00e1neo tiene un clima muy agradable durante pr\u00e1cticamente todo el a\u00f1o, si bien es cierto que los inviernos son","twitter:image":"https:\/\/www.eldigitaldeasturias.com\/noticias\/wp-content\/uploads\/2016\/12\/Plaza-de-la-Virgen.jpg","twitter:label1":"Escrito por","twitter:data1":"El Digital de Asturias","twitter:label2":"Tiempo de lectura estimado","twitter:data2":"3 minutos"},"aioseo_meta_data":{"post_id":"919013","title":null,"description":null,"keywords":null,"keyphrases":null,"primary_term":null,"canonical_url":null,"og_title":null,"og_description":null,"og_object_type":"default","og_image_type":"default","og_image_url":null,"og_image_width":null,"og_image_height":null,"og_image_custom_url":null,"og_image_custom_fields":null,"og_video":null,"og_custom_url":null,"og_article_section":null,"og_article_tags":null,"twitter_use_og":false,"twitter_card":"default","twitter_image_type":"default","twitter_image_url":null,"twitter_image_custom_url":null,"twitter_image_custom_fields":null,"twitter_title":null,"twitter_description":null,"schema":{"blockGraphs":[],"customGraphs":[],"default":{"data":{"Article":[],"Course":[],"Dataset":[],"FAQPage":[],"Movie":[],"Person":[],"Product":[],"ProductReview":[],"Car":[],"Recipe":[],"Service":[],"SoftwareApplication":[],"WebPage":[]},"graphName":"","isEnabled":true},"graphs":[],"defaultGraph":"","defaultPostTypeGraph":""},"schema_type":null,"schema_type_options":null,"pillar_content":false,"robots_default":true,"robots_noindex":false,"robots_noarchive":false,"robots_nosnippet":false,"robots_nofollow":false,"robots_noimageindex":false,"robots_noodp":false,"robots_notranslate":false,"robots_max_snippet":null,"robots_max_videopreview":null,"robots_max_imagepreview":"large","priority":null,"frequency":null,"local_seo":null,"seo_analyzer_scan_date":"2025-12-02 05:14:07","breadcrumb_settings":null,"limit_modified_date":false,"open_ai":null,"ai":null,"created":"2020-12-21 13:50:51","updated":"2025-12-02 05:14:07"},"aioseo_breadcrumb":"<div class=\"aioseo-breadcrumbs\"><span class=\"aioseo-breadcrumb\">\n\t<a href=\"https:\/\/www.eldigitaldeasturias.com\/noticias\" title=\"Home\">Home<\/a>\n<\/span><span class=\"aioseo-breadcrumb-separator\">\u2013<\/span><span class=\"aioseo-breadcrumb\">\n\t<a href=\"https:\/\/www.eldigitaldeasturias.com\/noticias\/category\/turismo\/\" title=\"Turismo\">Turismo<\/a>\n<\/span><span class=\"aioseo-breadcrumb-separator\">\u2013<\/span><span class=\"aioseo-breadcrumb\">\n\t<a href=\"https:\/\/www.eldigitaldeasturias.com\/noticias\/destino-valencia-la-fusion-del-turismo-cultura-y-ocio\/\" title=\"Destino Valencia: La fusi\u00f3n del turismo, cultura y ocio\">Destino Valencia: La fusi\u00f3n del turismo, cultura y ocio<\/a>\n<\/span><\/div>","aioseo_breadcrumb_json":[{"label":"Home","link":"https:\/\/www.eldigitaldeasturias.com\/noticias"},{"label":"Turismo","link":"https:\/\/www.eldigitaldeasturias.com\/noticias\/category\/turismo\/"},{"label":"Destino Valencia: La fusi\u00f3n del turismo, cultura y ocio","link":"https:\/\/www.eldigitaldeasturias.com\/noticias\/destino-valencia-la-fusion-del-turismo-cultura-y-ocio\/"}],"_links":{"self":[{"href":"https:\/\/www.eldigitaldeasturias.com\/noticias\/wp-json\/wp\/v2\/posts\/919013","targetHints":{"allow":["GET"]}}],"collection":[{"href":"https:\/\/www.eldigitaldeasturias.com\/noticias\/wp-json\/wp\/v2\/posts"}],"about":[{"href":"https:\/\/www.eldigitaldeasturias.com\/noticias\/wp-json\/wp\/v2\/types\/post"}],"author":[{"embeddable":true,"href":"https:\/\/www.eldigitaldeasturias.com\/noticias\/wp-json\/wp\/v2\/users\/1"}],"replies":[{"embeddable":true,"href":"https:\/\/www.eldigitaldeasturias.com\/noticias\/wp-json\/wp\/v2\/comments?post=919013"}],"version-history":[{"count":0,"href":"https:\/\/www.eldigitaldeasturias.com\/noticias\/wp-json\/wp\/v2\/posts\/919013\/revisions"}],"wp:featuredmedia":[{"embeddable":true,"href":"https:\/\/www.eldigitaldeasturias.com\/noticias\/wp-json\/wp\/v2\/media\/919014"}],"wp:attachment":[{"href":"https:\/\/www.eldigitaldeasturias.com\/noticias\/wp-json\/wp\/v2\/media?parent=919013"}],"wp:term":[{"taxonomy":"category","embeddable":true,"href":"https:\/\/www.eldigitaldeasturias.com\/noticias\/wp-json\/wp\/v2\/categories?post=919013"},{"taxonomy":"post_tag","embeddable":true,"href":"https:\/\/www.eldigitaldeasturias.com\/noticias\/wp-json\/wp\/v2\/tags?post=919013"}],"curies":[{"name":"wp","href":"https:\/\/api.w.org\/{rel}","templated":true}]}}