{"id":919004,"date":"2016-12-11T20:08:52","date_gmt":"2016-12-11T20:08:52","guid":{"rendered":"http:\/\/www.eldigitaldeasturias.com\/noticias\/?p=919004"},"modified":"2016-12-11T20:09:17","modified_gmt":"2016-12-11T20:09:17","slug":"andrea-levy-insiste-en-la-necesidad-de-unos-presupuestos-para-espana","status":"publish","type":"post","link":"https:\/\/www.eldigitaldeasturias.com\/noticias\/andrea-levy-insiste-en-la-necesidad-de-unos-presupuestos-para-espana\/","title":{"rendered":"Andrea Levy insiste en la necesidad de unos presupuestos para Espa\u00f1a"},"content":{"rendered":"<p><img loading=\"lazy\" decoding=\"async\" class=\"alignleft size-medium wp-image-919005\" src=\"https:\/\/www.eldigitaldeasturias.com\/noticias\/wp-content\/uploads\/2016\/12\/Levy-360x240.jpg\" alt=\"Levy\" width=\"360\" height=\"240\" srcset=\"https:\/\/www.eldigitaldeasturias.com\/noticias\/wp-content\/uploads\/2016\/12\/Levy-360x240.jpg 360w, https:\/\/www.eldigitaldeasturias.com\/noticias\/wp-content\/uploads\/2016\/12\/Levy-768x512.jpg 768w, https:\/\/www.eldigitaldeasturias.com\/noticias\/wp-content\/uploads\/2016\/12\/Levy-650x433.jpg 650w, https:\/\/www.eldigitaldeasturias.com\/noticias\/wp-content\/uploads\/2016\/12\/Levy-84x55.jpg 84w, https:\/\/www.eldigitaldeasturias.com\/noticias\/wp-content\/uploads\/2016\/12\/Levy-49x32.jpg 49w, https:\/\/www.eldigitaldeasturias.com\/noticias\/wp-content\/uploads\/2016\/12\/Levy.jpg 1100w\" sizes=\"auto, (max-width: 360px) 100vw, 360px\" \/>En declaraciones a los medios de comunicaci\u00f3n, durante su visita a Ja\u00e9n, Andrea Levy, acompa\u00f1ada del equipo municipal y del presidente del PP jienense y secretario de Estado de Hacienda, Jos\u00e9 Enrique Fern\u00e1ndez de Moya, ha destacado que los presupuestos para 2017 conllevar\u00e1n las demandas de la sociedad: \u201cQue esta legislatura sea la de las grandes reformas pol\u00edticas gracias al di\u00e1logo, el consenso y la negociaci\u00f3n entre todos los partidos pol\u00edticos\u201d.<\/p>\n<p>La dirigente popular ha escenificado el apoyo del PP a la iniciativa municipal de reforzar el expediente para poder proponer la catedral de Ja\u00e9n como Patrimonio de la Humanidad a la Unesco. \u201cEl Gobierno de Mariano Rajoy ha mantenido un compromiso intenso con todas las necesidades de esta provincia, como puede ser el caso del olivar en las negociaciones de la PAC\u201d, ha sentenciado.<\/p>\n<p><strong>INTENSO DI\u00c1LOGO EN CATALU\u00d1A<\/strong><\/p>\n<p>Por otro lado, Andrea Levy se ha referido a la pol\u00edtica de mano tendida que el Ejecutivo desarrolla en Catalu\u00f1a. Levy ha destacado \u201cla intensa labor de di\u00e1logo que el Gobierno mantiene con la sociedad catalana\u201d, pero asegurando que, en ning\u00fan caso, permitir\u00e1 que se rompa la igualdad entre los espa\u00f1oles.<\/p>\n<p>\u201cEl di\u00e1logo siempre va a tener como l\u00ednea roja el respeto a la Ley en Catalu\u00f1a. La sociedad catalana merece una soluci\u00f3n que no sea la de abrazarse a los radicales de la CUP como hace el Gobierno de la Generalitat\u201d, ha a\u00f1adido.<\/p>\n<p><strong>UN CONGRESO DE IDEAS DONDE EL PP SALDR\u00c1 REFORZADO<\/strong><\/p>\n<p>La vicesecretaria de Estudios y Programas ha afirmado que el pr\u00f3ximo Congreso Nacional del Partido Popular ser\u00e1 un debate centrado en \u201cideas, proyecto pol\u00edtico y estrategias, y no en nombres y apellidos\u201d. \u201cEl PP ofrecer\u00e1 lo mejor de s\u00ed a la sociedad espa\u00f1ola y el mejor proyecto pol\u00edtico para Espa\u00f1a\u201d, ha a\u00f1adido. Levy ha explicado que en el Congreso el PP debatir\u00e1 sobre las grandes necesidades de nuestro pa\u00eds y las soluciones que proponemos. \u201cLo que necesita Espa\u00f1a y los espa\u00f1oles\u201d, ha aseverado.<\/p>\n<p>En opini\u00f3n de la responsable popular, vemos c\u00f3mo Podemos celebrar\u00e1 un Congreso para defender las posiciones e intereses de Pablo Iglesias e I\u00f1igo Errej\u00f3n y, por ello, no saldr\u00e1 reforzado su proyecto pol\u00edtico. En cambio, el PP saldr\u00e1 reforzado porque la sociedad espa\u00f1ola percibir\u00e1 \u201cque el PP es el referente y el partido pol\u00edtico con mayor solidez y responsabilidad del espectro pol\u00edtico espa\u00f1ol\u201d.<\/p>\n<p>Por \u00faltimo, Andrea Levy ha transmitido \u201ctoda la solidaridad del PP al pueblo turco y al pueblo egipcio\u201d despu\u00e9s de los atentados que han sufrido este fin de semana. \u201cLa barbarie y la imposici\u00f3n del terrorismo nunca no van a poder con la fuerza de la libertad\u201d, ha concluido.<\/p>\n<p>&nbsp;<\/p>\n<p>&nbsp;<\/p>\n","protected":false},"excerpt":{"rendered":"<p>En declaraciones a los medios de comunicaci\u00f3n, durante su visita a Ja\u00e9n, Andrea Levy, acompa\u00f1ada del equipo municipal y del presidente del PP jienense y secretario de Estado de Hacienda, Jos\u00e9 Enrique Fern\u00e1ndez de Moya, ha destacado que los presupuestos para 2017 conllevar\u00e1n las demandas de la sociedad: \u201cQue esta legislatura sea la de las [&hellip;]<\/p>\n","protected":false},"author":1,"featured_media":919005,"comment_status":"closed","ping_status":"closed","sticky":false,"template":"","format":"standard","meta":{"footnotes":""},"categories":[141],"tags":[],"class_list":["post-919004","post","type-post","status-publish","format-standard","has-post-thumbnail","hentry","category-destacadas"],"aioseo_notices":[],"aioseo_head":"\n\t\t<!-- All in One SEO Pro 4.9.6.2 - aioseo.com -->\n\t<meta name=\"description\" content=\"En declaraciones a los medios de comunicaci\u00f3n, durante su visita a Ja\u00e9n, Andrea Levy, acompa\u00f1ada del equipo municipal y del presidente del PP jienense y secretario de Estado de Hacienda, Jos\u00e9 Enrique Fern\u00e1ndez de Moya, ha destacado que los presupuestos para 2017 conllevar\u00e1n las demandas de la sociedad: \u201cQue esta legislatura sea la de las\" \/>\n\t<meta name=\"robots\" content=\"max-image-preview:large\" \/>\n\t<meta name=\"author\" content=\"El Digital de Asturias\"\/>\n\t<meta name=\"google-site-verification\" content=\"UA-38556648-1\" \/>\n\t<meta name=\"msvalidate.01\" content=\"7dfe9f3f1b24437ab69f4f2559babe99\" \/>\n\t<meta name=\"keywords\" content=\"destacadas\" \/>\n\t<link rel=\"canonical\" href=\"https:\/\/www.eldigitaldeasturias.com\/noticias\/andrea-levy-insiste-en-la-necesidad-de-unos-presupuestos-para-espana\/\" \/>\n\t<meta name=\"generator\" content=\"All in One SEO Pro (AIOSEO) 4.9.6.2\" \/>\n\t\t<meta property=\"og:locale\" content=\"es_ES\" \/>\n\t\t<meta property=\"og:site_name\" content=\"El Digital de Asturias\" \/>\n\t\t<meta property=\"og:type\" content=\"article\" \/>\n\t\t<meta property=\"og:title\" content=\"Andrea Levy insiste en la necesidad de unos presupuestos para Espa\u00f1a - El Digital de Asturias\" \/>\n\t\t<meta property=\"og:description\" content=\"En declaraciones a los medios de comunicaci\u00f3n, durante su visita a Ja\u00e9n, Andrea Levy, acompa\u00f1ada del equipo municipal y del presidente del PP jienense y secretario de Estado de Hacienda, Jos\u00e9 Enrique Fern\u00e1ndez de Moya, ha destacado que los presupuestos para 2017 conllevar\u00e1n las demandas de la sociedad: \u201cQue esta legislatura sea la de las\" \/>\n\t\t<meta property=\"og:url\" content=\"https:\/\/www.eldigitaldeasturias.com\/noticias\/andrea-levy-insiste-en-la-necesidad-de-unos-presupuestos-para-espana\/\" \/>\n\t\t<meta property=\"og:image\" content=\"https:\/\/www.eldigitaldeasturias.com\/noticias\/wp-content\/uploads\/2016\/12\/Levy.jpg\" \/>\n\t\t<meta property=\"og:image:secure_url\" content=\"https:\/\/www.eldigitaldeasturias.com\/noticias\/wp-content\/uploads\/2016\/12\/Levy.jpg\" \/>\n\t\t<meta property=\"og:image:width\" content=\"1100\" \/>\n\t\t<meta property=\"og:image:height\" content=\"733\" \/>\n\t\t<meta property=\"article:tag\" content=\"destacadas\" \/>\n\t\t<meta property=\"article:published_time\" content=\"2016-12-11T20:08:52+00:00\" \/>\n\t\t<meta property=\"article:modified_time\" content=\"2016-12-11T20:09:17+00:00\" \/>\n\t\t<meta property=\"article:publisher\" content=\"https:\/\/facebook.com\/eldigitaldeasturias\" \/>\n\t\t<meta name=\"twitter:card\" content=\"summary_large_image\" \/>\n\t\t<meta name=\"twitter:title\" content=\"Andrea Levy insiste en la necesidad de unos presupuestos para Espa\u00f1a - El Digital de Asturias\" \/>\n\t\t<meta name=\"twitter:description\" content=\"En declaraciones a los medios de comunicaci\u00f3n, durante su visita a Ja\u00e9n, Andrea Levy, acompa\u00f1ada del equipo municipal y del presidente del PP jienense y secretario de Estado de Hacienda, Jos\u00e9 Enrique Fern\u00e1ndez de Moya, ha destacado que los presupuestos para 2017 conllevar\u00e1n las demandas de la sociedad: \u201cQue esta legislatura sea la de las\" \/>\n\t\t<meta name=\"twitter:image\" content=\"https:\/\/www.eldigitaldeasturias.com\/noticias\/wp-content\/uploads\/2016\/12\/Levy.jpg\" \/>\n\t\t<meta name=\"twitter:label1\" content=\"Escrito por\" \/>\n\t\t<meta name=\"twitter:data1\" content=\"El Digital de Asturias\" \/>\n\t\t<meta name=\"twitter:label2\" content=\"Tiempo de lectura estimado\" \/>\n\t\t<meta name=\"twitter:data2\" content=\"2 minutos\" \/>\n\t\t<script type=\"application\/ld+json\" class=\"aioseo-schema\">\n\t\t\t{\"@context\":\"https:\\\/\\\/schema.org\",\"@graph\":[{\"@type\":\"BlogPosting\",\"@id\":\"https:\\\/\\\/www.eldigitaldeasturias.com\\\/noticias\\\/andrea-levy-insiste-en-la-necesidad-de-unos-presupuestos-para-espana\\\/#blogposting\",\"name\":\"Andrea Levy insiste en la necesidad de unos presupuestos para Espa\\u00f1a - El Digital de Asturias\",\"headline\":\"Andrea Levy insiste en la necesidad de unos presupuestos para Espa\\u00f1a\",\"author\":{\"@id\":\"https:\\\/\\\/www.eldigitaldeasturias.com\\\/noticias\\\/author\\\/admin\\\/#author\"},\"publisher\":{\"@id\":\"https:\\\/\\\/www.eldigitaldeasturias.com\\\/noticias\\\/#organization\"},\"image\":{\"@type\":\"ImageObject\",\"url\":\"https:\\\/\\\/www.eldigitaldeasturias.com\\\/noticias\\\/wp-content\\\/uploads\\\/2016\\\/12\\\/Levy.jpg\",\"width\":1100,\"height\":733},\"datePublished\":\"2016-12-11T20:08:52+01:00\",\"dateModified\":\"2016-12-11T20:09:17+01:00\",\"inLanguage\":\"es-ES\",\"mainEntityOfPage\":{\"@id\":\"https:\\\/\\\/www.eldigitaldeasturias.com\\\/noticias\\\/andrea-levy-insiste-en-la-necesidad-de-unos-presupuestos-para-espana\\\/#webpage\"},\"isPartOf\":{\"@id\":\"https:\\\/\\\/www.eldigitaldeasturias.com\\\/noticias\\\/andrea-levy-insiste-en-la-necesidad-de-unos-presupuestos-para-espana\\\/#webpage\"},\"articleSection\":\"Destacadas\"},{\"@type\":\"BreadcrumbList\",\"@id\":\"https:\\\/\\\/www.eldigitaldeasturias.com\\\/noticias\\\/andrea-levy-insiste-en-la-necesidad-de-unos-presupuestos-para-espana\\\/#breadcrumblist\",\"itemListElement\":[{\"@type\":\"ListItem\",\"@id\":\"https:\\\/\\\/www.eldigitaldeasturias.com\\\/noticias#listItem\",\"position\":1,\"name\":\"Home\",\"item\":\"https:\\\/\\\/www.eldigitaldeasturias.com\\\/noticias\",\"nextItem\":{\"@type\":\"ListItem\",\"@id\":\"https:\\\/\\\/www.eldigitaldeasturias.com\\\/noticias\\\/category\\\/destacadas\\\/#listItem\",\"name\":\"Destacadas\"}},{\"@type\":\"ListItem\",\"@id\":\"https:\\\/\\\/www.eldigitaldeasturias.com\\\/noticias\\\/category\\\/destacadas\\\/#listItem\",\"position\":2,\"name\":\"Destacadas\",\"item\":\"https:\\\/\\\/www.eldigitaldeasturias.com\\\/noticias\\\/category\\\/destacadas\\\/\",\"nextItem\":{\"@type\":\"ListItem\",\"@id\":\"https:\\\/\\\/www.eldigitaldeasturias.com\\\/noticias\\\/andrea-levy-insiste-en-la-necesidad-de-unos-presupuestos-para-espana\\\/#listItem\",\"name\":\"Andrea Levy insiste en la necesidad de unos presupuestos para Espa\\u00f1a\"},\"previousItem\":{\"@type\":\"ListItem\",\"@id\":\"https:\\\/\\\/www.eldigitaldeasturias.com\\\/noticias#listItem\",\"name\":\"Home\"}},{\"@type\":\"ListItem\",\"@id\":\"https:\\\/\\\/www.eldigitaldeasturias.com\\\/noticias\\\/andrea-levy-insiste-en-la-necesidad-de-unos-presupuestos-para-espana\\\/#listItem\",\"position\":3,\"name\":\"Andrea Levy insiste en la necesidad de unos presupuestos para Espa\\u00f1a\",\"previousItem\":{\"@type\":\"ListItem\",\"@id\":\"https:\\\/\\\/www.eldigitaldeasturias.com\\\/noticias\\\/category\\\/destacadas\\\/#listItem\",\"name\":\"Destacadas\"}}]},{\"@type\":\"Organization\",\"@id\":\"https:\\\/\\\/www.eldigitaldeasturias.com\\\/noticias\\\/#organization\",\"name\":\"El Digital de Asturias\",\"description\":\"Hemeroteca\",\"url\":\"https:\\\/\\\/www.eldigitaldeasturias.com\\\/noticias\\\/\",\"email\":\"info@eldigitaldeasturias.com\",\"telephone\":\"+34652131393\",\"logo\":{\"@type\":\"ImageObject\",\"url\":\"https:\\\/\\\/www.eldigitaldeasturias.com\\\/noticias\\\/wp-content\\\/uploads\\\/2020\\\/12\\\/EDA.jpg\",\"@id\":\"https:\\\/\\\/www.eldigitaldeasturias.com\\\/noticias\\\/andrea-levy-insiste-en-la-necesidad-de-unos-presupuestos-para-espana\\\/#organizationLogo\",\"width\":649,\"height\":297},\"image\":{\"@id\":\"https:\\\/\\\/www.eldigitaldeasturias.com\\\/noticias\\\/andrea-levy-insiste-en-la-necesidad-de-unos-presupuestos-para-espana\\\/#organizationLogo\"},\"sameAs\":[\"https:\\\/\\\/facebook.com\\\/eldigitaldeasturias\",\"https:\\\/\\\/www.youtube.com\\\/channel\\\/UCZP-2wLEB9Rv6erhFmqVnvg\"],\"address\":{\"@id\":\"https:\\\/\\\/www.eldigitaldeasturias.com\\\/noticias\\\/#postaladdress\",\"@type\":\"PostalAddress\",\"streetAddress\":\"san antonio 4,\",\"postalCode\":\"33430\",\"addressLocality\":\"Cand\\u00e1s\",\"addressRegion\":\"Asturias\",\"addressCountry\":\"ES\"}},{\"@type\":\"Person\",\"@id\":\"https:\\\/\\\/www.eldigitaldeasturias.com\\\/noticias\\\/author\\\/admin\\\/#author\",\"url\":\"https:\\\/\\\/www.eldigitaldeasturias.com\\\/noticias\\\/author\\\/admin\\\/\",\"name\":\"El Digital de Asturias\",\"image\":{\"@type\":\"ImageObject\",\"@id\":\"https:\\\/\\\/www.eldigitaldeasturias.com\\\/noticias\\\/andrea-levy-insiste-en-la-necesidad-de-unos-presupuestos-para-espana\\\/#authorImage\",\"url\":\"https:\\\/\\\/www.eldigitaldeasturias.com\\\/noticias\\\/wp-content\\\/litespeed\\\/avatar\\\/18677e78aa0546b92d9dbf31ec7d7668.jpg?ver=1776685526\",\"width\":96,\"height\":96,\"caption\":\"El Digital de Asturias\"}},{\"@type\":\"WebPage\",\"@id\":\"https:\\\/\\\/www.eldigitaldeasturias.com\\\/noticias\\\/andrea-levy-insiste-en-la-necesidad-de-unos-presupuestos-para-espana\\\/#webpage\",\"url\":\"https:\\\/\\\/www.eldigitaldeasturias.com\\\/noticias\\\/andrea-levy-insiste-en-la-necesidad-de-unos-presupuestos-para-espana\\\/\",\"name\":\"Andrea Levy insiste en la necesidad de unos presupuestos para Espa\\u00f1a - El Digital de Asturias\",\"description\":\"En declaraciones a los medios de comunicaci\\u00f3n, durante su visita a Ja\\u00e9n, Andrea Levy, acompa\\u00f1ada del equipo municipal y del presidente del PP jienense y secretario de Estado de Hacienda, Jos\\u00e9 Enrique Fern\\u00e1ndez de Moya, ha destacado que los presupuestos para 2017 conllevar\\u00e1n las demandas de la sociedad: \\u201cQue esta legislatura sea la de las\",\"inLanguage\":\"es-ES\",\"isPartOf\":{\"@id\":\"https:\\\/\\\/www.eldigitaldeasturias.com\\\/noticias\\\/#website\"},\"breadcrumb\":{\"@id\":\"https:\\\/\\\/www.eldigitaldeasturias.com\\\/noticias\\\/andrea-levy-insiste-en-la-necesidad-de-unos-presupuestos-para-espana\\\/#breadcrumblist\"},\"author\":{\"@id\":\"https:\\\/\\\/www.eldigitaldeasturias.com\\\/noticias\\\/author\\\/admin\\\/#author\"},\"creator\":{\"@id\":\"https:\\\/\\\/www.eldigitaldeasturias.com\\\/noticias\\\/author\\\/admin\\\/#author\"},\"image\":{\"@type\":\"ImageObject\",\"url\":\"https:\\\/\\\/www.eldigitaldeasturias.com\\\/noticias\\\/wp-content\\\/uploads\\\/2016\\\/12\\\/Levy.jpg\",\"@id\":\"https:\\\/\\\/www.eldigitaldeasturias.com\\\/noticias\\\/andrea-levy-insiste-en-la-necesidad-de-unos-presupuestos-para-espana\\\/#mainImage\",\"width\":1100,\"height\":733},\"primaryImageOfPage\":{\"@id\":\"https:\\\/\\\/www.eldigitaldeasturias.com\\\/noticias\\\/andrea-levy-insiste-en-la-necesidad-de-unos-presupuestos-para-espana\\\/#mainImage\"},\"datePublished\":\"2016-12-11T20:08:52+01:00\",\"dateModified\":\"2016-12-11T20:09:17+01:00\"},{\"@type\":\"WebSite\",\"@id\":\"https:\\\/\\\/www.eldigitaldeasturias.com\\\/noticias\\\/#website\",\"url\":\"https:\\\/\\\/www.eldigitaldeasturias.com\\\/noticias\\\/\",\"name\":\"El Digital de Asturias - Diario de actualidad y noticias\",\"alternateName\":\"El Digital de Asturias - Diario de actualidad y noticias\",\"description\":\"Hemeroteca\",\"inLanguage\":\"es-ES\",\"publisher\":{\"@id\":\"https:\\\/\\\/www.eldigitaldeasturias.com\\\/noticias\\\/#organization\"}}]}\n\t\t<\/script>\n\t\t<!-- All in One SEO Pro -->\r\n\t\t<title>Andrea Levy insiste en la necesidad de unos presupuestos para Espa\u00f1a - El Digital de Asturias<\/title>\n\n","aioseo_head_json":{"title":"Andrea Levy insiste en la necesidad de unos presupuestos para Espa\u00f1a - El Digital de Asturias","description":"En declaraciones a los medios de comunicaci\u00f3n, durante su visita a Ja\u00e9n, Andrea Levy, acompa\u00f1ada del equipo municipal y del presidente del PP jienense y secretario de Estado de Hacienda, Jos\u00e9 Enrique Fern\u00e1ndez de Moya, ha destacado que los presupuestos para 2017 conllevar\u00e1n las demandas de la sociedad: \u201cQue esta legislatura sea la de las","canonical_url":"https:\/\/www.eldigitaldeasturias.com\/noticias\/andrea-levy-insiste-en-la-necesidad-de-unos-presupuestos-para-espana\/","robots":"max-image-preview:large","keywords":"destacadas","webmasterTools":{"google-site-verification":"UA-38556648-1","msvalidate.01":"7dfe9f3f1b24437ab69f4f2559babe99","miscellaneous":""},"schema":{"@context":"https:\/\/schema.org","@graph":[{"@type":"BlogPosting","@id":"https:\/\/www.eldigitaldeasturias.com\/noticias\/andrea-levy-insiste-en-la-necesidad-de-unos-presupuestos-para-espana\/#blogposting","name":"Andrea Levy insiste en la necesidad de unos presupuestos para Espa\u00f1a - El Digital de Asturias","headline":"Andrea Levy insiste en la necesidad de unos presupuestos para Espa\u00f1a","author":{"@id":"https:\/\/www.eldigitaldeasturias.com\/noticias\/author\/admin\/#author"},"publisher":{"@id":"https:\/\/www.eldigitaldeasturias.com\/noticias\/#organization"},"image":{"@type":"ImageObject","url":"https:\/\/www.eldigitaldeasturias.com\/noticias\/wp-content\/uploads\/2016\/12\/Levy.jpg","width":1100,"height":733},"datePublished":"2016-12-11T20:08:52+01:00","dateModified":"2016-12-11T20:09:17+01:00","inLanguage":"es-ES","mainEntityOfPage":{"@id":"https:\/\/www.eldigitaldeasturias.com\/noticias\/andrea-levy-insiste-en-la-necesidad-de-unos-presupuestos-para-espana\/#webpage"},"isPartOf":{"@id":"https:\/\/www.eldigitaldeasturias.com\/noticias\/andrea-levy-insiste-en-la-necesidad-de-unos-presupuestos-para-espana\/#webpage"},"articleSection":"Destacadas"},{"@type":"BreadcrumbList","@id":"https:\/\/www.eldigitaldeasturias.com\/noticias\/andrea-levy-insiste-en-la-necesidad-de-unos-presupuestos-para-espana\/#breadcrumblist","itemListElement":[{"@type":"ListItem","@id":"https:\/\/www.eldigitaldeasturias.com\/noticias#listItem","position":1,"name":"Home","item":"https:\/\/www.eldigitaldeasturias.com\/noticias","nextItem":{"@type":"ListItem","@id":"https:\/\/www.eldigitaldeasturias.com\/noticias\/category\/destacadas\/#listItem","name":"Destacadas"}},{"@type":"ListItem","@id":"https:\/\/www.eldigitaldeasturias.com\/noticias\/category\/destacadas\/#listItem","position":2,"name":"Destacadas","item":"https:\/\/www.eldigitaldeasturias.com\/noticias\/category\/destacadas\/","nextItem":{"@type":"ListItem","@id":"https:\/\/www.eldigitaldeasturias.com\/noticias\/andrea-levy-insiste-en-la-necesidad-de-unos-presupuestos-para-espana\/#listItem","name":"Andrea Levy insiste en la necesidad de unos presupuestos para Espa\u00f1a"},"previousItem":{"@type":"ListItem","@id":"https:\/\/www.eldigitaldeasturias.com\/noticias#listItem","name":"Home"}},{"@type":"ListItem","@id":"https:\/\/www.eldigitaldeasturias.com\/noticias\/andrea-levy-insiste-en-la-necesidad-de-unos-presupuestos-para-espana\/#listItem","position":3,"name":"Andrea Levy insiste en la necesidad de unos presupuestos para Espa\u00f1a","previousItem":{"@type":"ListItem","@id":"https:\/\/www.eldigitaldeasturias.com\/noticias\/category\/destacadas\/#listItem","name":"Destacadas"}}]},{"@type":"Organization","@id":"https:\/\/www.eldigitaldeasturias.com\/noticias\/#organization","name":"El Digital de Asturias","description":"Hemeroteca","url":"https:\/\/www.eldigitaldeasturias.com\/noticias\/","email":"info@eldigitaldeasturias.com","telephone":"+34652131393","logo":{"@type":"ImageObject","url":"https:\/\/www.eldigitaldeasturias.com\/noticias\/wp-content\/uploads\/2020\/12\/EDA.jpg","@id":"https:\/\/www.eldigitaldeasturias.com\/noticias\/andrea-levy-insiste-en-la-necesidad-de-unos-presupuestos-para-espana\/#organizationLogo","width":649,"height":297},"image":{"@id":"https:\/\/www.eldigitaldeasturias.com\/noticias\/andrea-levy-insiste-en-la-necesidad-de-unos-presupuestos-para-espana\/#organizationLogo"},"sameAs":["https:\/\/facebook.com\/eldigitaldeasturias","https:\/\/www.youtube.com\/channel\/UCZP-2wLEB9Rv6erhFmqVnvg"],"address":{"@id":"https:\/\/www.eldigitaldeasturias.com\/noticias\/#postaladdress","@type":"PostalAddress","streetAddress":"san antonio 4,","postalCode":"33430","addressLocality":"Cand\u00e1s","addressRegion":"Asturias","addressCountry":"ES"}},{"@type":"Person","@id":"https:\/\/www.eldigitaldeasturias.com\/noticias\/author\/admin\/#author","url":"https:\/\/www.eldigitaldeasturias.com\/noticias\/author\/admin\/","name":"El Digital de Asturias","image":{"@type":"ImageObject","@id":"https:\/\/www.eldigitaldeasturias.com\/noticias\/andrea-levy-insiste-en-la-necesidad-de-unos-presupuestos-para-espana\/#authorImage","url":"https:\/\/www.eldigitaldeasturias.com\/noticias\/wp-content\/litespeed\/avatar\/18677e78aa0546b92d9dbf31ec7d7668.jpg?ver=1776685526","width":96,"height":96,"caption":"El Digital de Asturias"}},{"@type":"WebPage","@id":"https:\/\/www.eldigitaldeasturias.com\/noticias\/andrea-levy-insiste-en-la-necesidad-de-unos-presupuestos-para-espana\/#webpage","url":"https:\/\/www.eldigitaldeasturias.com\/noticias\/andrea-levy-insiste-en-la-necesidad-de-unos-presupuestos-para-espana\/","name":"Andrea Levy insiste en la necesidad de unos presupuestos para Espa\u00f1a - El Digital de Asturias","description":"En declaraciones a los medios de comunicaci\u00f3n, durante su visita a Ja\u00e9n, Andrea Levy, acompa\u00f1ada del equipo municipal y del presidente del PP jienense y secretario de Estado de Hacienda, Jos\u00e9 Enrique Fern\u00e1ndez de Moya, ha destacado que los presupuestos para 2017 conllevar\u00e1n las demandas de la sociedad: \u201cQue esta legislatura sea la de las","inLanguage":"es-ES","isPartOf":{"@id":"https:\/\/www.eldigitaldeasturias.com\/noticias\/#website"},"breadcrumb":{"@id":"https:\/\/www.eldigitaldeasturias.com\/noticias\/andrea-levy-insiste-en-la-necesidad-de-unos-presupuestos-para-espana\/#breadcrumblist"},"author":{"@id":"https:\/\/www.eldigitaldeasturias.com\/noticias\/author\/admin\/#author"},"creator":{"@id":"https:\/\/www.eldigitaldeasturias.com\/noticias\/author\/admin\/#author"},"image":{"@type":"ImageObject","url":"https:\/\/www.eldigitaldeasturias.com\/noticias\/wp-content\/uploads\/2016\/12\/Levy.jpg","@id":"https:\/\/www.eldigitaldeasturias.com\/noticias\/andrea-levy-insiste-en-la-necesidad-de-unos-presupuestos-para-espana\/#mainImage","width":1100,"height":733},"primaryImageOfPage":{"@id":"https:\/\/www.eldigitaldeasturias.com\/noticias\/andrea-levy-insiste-en-la-necesidad-de-unos-presupuestos-para-espana\/#mainImage"},"datePublished":"2016-12-11T20:08:52+01:00","dateModified":"2016-12-11T20:09:17+01:00"},{"@type":"WebSite","@id":"https:\/\/www.eldigitaldeasturias.com\/noticias\/#website","url":"https:\/\/www.eldigitaldeasturias.com\/noticias\/","name":"El Digital de Asturias - Diario de actualidad y noticias","alternateName":"El Digital de Asturias - Diario de actualidad y noticias","description":"Hemeroteca","inLanguage":"es-ES","publisher":{"@id":"https:\/\/www.eldigitaldeasturias.com\/noticias\/#organization"}}]},"og:locale":"es_ES","og:site_name":"El Digital de Asturias","og:type":"article","og:title":"Andrea Levy insiste en la necesidad de unos presupuestos para Espa\u00f1a - El Digital de Asturias","og:description":"En declaraciones a los medios de comunicaci\u00f3n, durante su visita a Ja\u00e9n, Andrea Levy, acompa\u00f1ada del equipo municipal y del presidente del PP jienense y secretario de Estado de Hacienda, Jos\u00e9 Enrique Fern\u00e1ndez de Moya, ha destacado que los presupuestos para 2017 conllevar\u00e1n las demandas de la sociedad: \u201cQue esta legislatura sea la de las","og:url":"https:\/\/www.eldigitaldeasturias.com\/noticias\/andrea-levy-insiste-en-la-necesidad-de-unos-presupuestos-para-espana\/","og:image":"https:\/\/www.eldigitaldeasturias.com\/noticias\/wp-content\/uploads\/2016\/12\/Levy.jpg","og:image:secure_url":"https:\/\/www.eldigitaldeasturias.com\/noticias\/wp-content\/uploads\/2016\/12\/Levy.jpg","og:image:width":1100,"og:image:height":733,"article:tag":["destacadas"],"article:published_time":"2016-12-11T20:08:52+00:00","article:modified_time":"2016-12-11T20:09:17+00:00","article:publisher":"https:\/\/facebook.com\/eldigitaldeasturias","twitter:card":"summary_large_image","twitter:title":"Andrea Levy insiste en la necesidad de unos presupuestos para Espa\u00f1a - El Digital de Asturias","twitter:description":"En declaraciones a los medios de comunicaci\u00f3n, durante su visita a Ja\u00e9n, Andrea Levy, acompa\u00f1ada del equipo municipal y del presidente del PP jienense y secretario de Estado de Hacienda, Jos\u00e9 Enrique Fern\u00e1ndez de Moya, ha destacado que los presupuestos para 2017 conllevar\u00e1n las demandas de la sociedad: \u201cQue esta legislatura sea la de las","twitter:image":"https:\/\/www.eldigitaldeasturias.com\/noticias\/wp-content\/uploads\/2016\/12\/Levy.jpg","twitter:label1":"Escrito por","twitter:data1":"El Digital de Asturias","twitter:label2":"Tiempo de lectura estimado","twitter:data2":"2 minutos"},"aioseo_meta_data":{"post_id":"919004","title":null,"description":null,"keywords":null,"keyphrases":null,"primary_term":null,"canonical_url":null,"og_title":null,"og_description":null,"og_object_type":"default","og_image_type":"default","og_image_url":null,"og_image_width":null,"og_image_height":null,"og_image_custom_url":null,"og_image_custom_fields":null,"og_video":null,"og_custom_url":null,"og_article_section":null,"og_article_tags":null,"twitter_use_og":false,"twitter_card":"default","twitter_image_type":"default","twitter_image_url":null,"twitter_image_custom_url":null,"twitter_image_custom_fields":null,"twitter_title":null,"twitter_description":null,"schema":{"blockGraphs":[],"customGraphs":[],"default":{"data":{"Article":[],"Course":[],"Dataset":[],"FAQPage":[],"Movie":[],"Person":[],"Product":[],"ProductReview":[],"Car":[],"Recipe":[],"Service":[],"SoftwareApplication":[],"WebPage":[]},"graphName":"","isEnabled":true},"graphs":[],"defaultGraph":"","defaultPostTypeGraph":""},"schema_type":null,"schema_type_options":null,"pillar_content":false,"robots_default":true,"robots_noindex":false,"robots_noarchive":false,"robots_nosnippet":false,"robots_nofollow":false,"robots_noimageindex":false,"robots_noodp":false,"robots_notranslate":false,"robots_max_snippet":null,"robots_max_videopreview":null,"robots_max_imagepreview":"large","priority":null,"frequency":null,"local_seo":null,"seo_analyzer_scan_date":"2025-12-02 05:12:11","breadcrumb_settings":null,"limit_modified_date":false,"open_ai":null,"ai":null,"created":"2020-12-21 13:50:51","updated":"2025-12-02 05:12:11"},"aioseo_breadcrumb":"<div class=\"aioseo-breadcrumbs\"><span class=\"aioseo-breadcrumb\">\n\t<a href=\"https:\/\/www.eldigitaldeasturias.com\/noticias\" title=\"Home\">Home<\/a>\n<\/span><span class=\"aioseo-breadcrumb-separator\">\u2013<\/span><span class=\"aioseo-breadcrumb\">\n\t<a href=\"https:\/\/www.eldigitaldeasturias.com\/noticias\/category\/destacadas\/\" title=\"Destacadas\">Destacadas<\/a>\n<\/span><span class=\"aioseo-breadcrumb-separator\">\u2013<\/span><span class=\"aioseo-breadcrumb\">\n\t<a href=\"https:\/\/www.eldigitaldeasturias.com\/noticias\/andrea-levy-insiste-en-la-necesidad-de-unos-presupuestos-para-espana\/\" title=\"Andrea Levy insiste en la necesidad de unos presupuestos para Espa\u00f1a\">Andrea Levy insiste en la necesidad de unos presupuestos para Espa\u00f1a<\/a>\n<\/span><\/div>","aioseo_breadcrumb_json":[{"label":"Home","link":"https:\/\/www.eldigitaldeasturias.com\/noticias"},{"label":"Destacadas","link":"https:\/\/www.eldigitaldeasturias.com\/noticias\/category\/destacadas\/"},{"label":"Andrea Levy insiste en la necesidad de unos presupuestos para Espa\u00f1a","link":"https:\/\/www.eldigitaldeasturias.com\/noticias\/andrea-levy-insiste-en-la-necesidad-de-unos-presupuestos-para-espana\/"}],"_links":{"self":[{"href":"https:\/\/www.eldigitaldeasturias.com\/noticias\/wp-json\/wp\/v2\/posts\/919004","targetHints":{"allow":["GET"]}}],"collection":[{"href":"https:\/\/www.eldigitaldeasturias.com\/noticias\/wp-json\/wp\/v2\/posts"}],"about":[{"href":"https:\/\/www.eldigitaldeasturias.com\/noticias\/wp-json\/wp\/v2\/types\/post"}],"author":[{"embeddable":true,"href":"https:\/\/www.eldigitaldeasturias.com\/noticias\/wp-json\/wp\/v2\/users\/1"}],"replies":[{"embeddable":true,"href":"https:\/\/www.eldigitaldeasturias.com\/noticias\/wp-json\/wp\/v2\/comments?post=919004"}],"version-history":[{"count":0,"href":"https:\/\/www.eldigitaldeasturias.com\/noticias\/wp-json\/wp\/v2\/posts\/919004\/revisions"}],"wp:featuredmedia":[{"embeddable":true,"href":"https:\/\/www.eldigitaldeasturias.com\/noticias\/wp-json\/wp\/v2\/media\/919005"}],"wp:attachment":[{"href":"https:\/\/www.eldigitaldeasturias.com\/noticias\/wp-json\/wp\/v2\/media?parent=919004"}],"wp:term":[{"taxonomy":"category","embeddable":true,"href":"https:\/\/www.eldigitaldeasturias.com\/noticias\/wp-json\/wp\/v2\/categories?post=919004"},{"taxonomy":"post_tag","embeddable":true,"href":"https:\/\/www.eldigitaldeasturias.com\/noticias\/wp-json\/wp\/v2\/tags?post=919004"}],"curies":[{"name":"wp","href":"https:\/\/api.w.org\/{rel}","templated":true}]}}