{"id":918163,"date":"2016-12-01T18:55:55","date_gmt":"2016-12-01T18:55:55","guid":{"rendered":"http:\/\/www.eldigitaldeasturias.com\/noticias\/?p=918163"},"modified":"2016-12-01T18:55:55","modified_gmt":"2016-12-01T18:55:55","slug":"presentado-en-tel-aviv-el-producto-tus-raices-en-andalucia","status":"publish","type":"post","link":"https:\/\/www.eldigitaldeasturias.com\/noticias\/presentado-en-tel-aviv-el-producto-tus-raices-en-andalucia\/","title":{"rendered":"Presentado en Tel Aviv el producto &#8216;Tus ra\u00edces en Andaluc\u00eda&#8217;"},"content":{"rendered":"<p><img loading=\"lazy\" decoding=\"async\" class=\"alignleft size-medium wp-image-918164\" src=\"https:\/\/www.eldigitaldeasturias.com\/noticias\/wp-content\/uploads\/2016\/12\/1480418758491israelAmpDet-360x235.jpg\" alt=\"1480418758491israelAmpDet\" width=\"360\" height=\"235\" srcset=\"https:\/\/www.eldigitaldeasturias.com\/noticias\/wp-content\/uploads\/2016\/12\/1480418758491israelAmpDet-360x235.jpg 360w, https:\/\/www.eldigitaldeasturias.com\/noticias\/wp-content\/uploads\/2016\/12\/1480418758491israelAmpDet-768x502.jpg 768w, https:\/\/www.eldigitaldeasturias.com\/noticias\/wp-content\/uploads\/2016\/12\/1480418758491israelAmpDet-650x425.jpg 650w, https:\/\/www.eldigitaldeasturias.com\/noticias\/wp-content\/uploads\/2016\/12\/1480418758491israelAmpDet-84x55.jpg 84w, https:\/\/www.eldigitaldeasturias.com\/noticias\/wp-content\/uploads\/2016\/12\/1480418758491israelAmpDet-49x32.jpg 49w, https:\/\/www.eldigitaldeasturias.com\/noticias\/wp-content\/uploads\/2016\/12\/1480418758491israelAmpDet-460x300.jpg 460w, https:\/\/www.eldigitaldeasturias.com\/noticias\/wp-content\/uploads\/2016\/12\/1480418758491israelAmpDet.jpg 800w\" sizes=\"auto, (max-width: 360px) 100vw, 360px\" \/>El consejero de Turismo y Deporte, Francisco Javier Fern\u00e1ndez, ha presentado en la ciudad de Tel Aviv el producto &#8216;Tus ra\u00edces en Andaluc\u00eda&#8217; ante m\u00e1s de un centenar de operadores tur\u00edsticos y medios de comunicaci\u00f3n especializados de Israel, con el objetivo de incrementar el flujo de viajeros procedentes del pa\u00eds y reforzar el posicionamiento del destino en este mercado emisor.<\/p>\n<p>Francisco Fern\u00e1ndez Fern\u00e1ndez se\u00f1al\u00f3 la \u00aboportunidad\u00bb de presentar este producto en un momento en que los touroperadores y agencias del pa\u00eds est\u00e1n preparando la pr\u00f3xima temporada, y apunt\u00f3 que el mercado potencial de jud\u00edos sefard\u00edes a nivel mundial suma unos dos millones de personas, gran parte de ellos en Israel, de modo que Andaluc\u00eda tiene un \u00abimportante margen de crecimiento\u00bb en este emisor.<\/p>\n<p>El consejero traslad\u00f3 a los asistentes que Andaluc\u00eda ha realizado una importante apuesta en estos a\u00f1os por la generaci\u00f3n de experiencias, por las vivencias \u00fanicas, y por poner en valor segmentos y productos que se adaptan mejor a las demandas del nuevo turista, por lo que valor\u00f3 la singularidad del proyecto &#8216;Tus ra\u00edces&#8217; al ofrecer recursos vinculados directamente con los or\u00edgenes del viajero.<\/p>\n<p>En este sentido, record\u00f3 que Andaluc\u00eda ha sido punto de encuentro de culturas, una tierra universal, por la que han pasado numerosas civilizaciones a lo largo de los siglos, cuyo legado se ha extendido por todo el mundo. Entre ellas, mencion\u00f3 la huella que los jud\u00edos sefard\u00edes dejaron en la vida pol\u00edtica, cultural y religiosa de la comunidad durante la \u00e9poca medieval y que est\u00e1 presente en multitud de ciudades andaluzas.<\/p>\n<p>As\u00ed, la iniciativa &#8216;Tus ra\u00edces en Andaluc\u00eda&#8217; promueve la creaci\u00f3n y promoci\u00f3n de productos relacionados con el denominado &#8216;turismo de ra\u00edces, geneal\u00f3gico o ancestral&#8217;. El proyecto, que se dirige tanto al mercado nacional como internacional, se basa en atraer viajeros de regiones o pa\u00edses que mantienen con la comunidad lazos culturales, hist\u00f3ricos y familiares, como es el caso de los jud\u00edos y sefard\u00edes.<\/p>\n<p>Esta iniciativa incorpora, entre otros elementos, un conjunto de rutas tur\u00edsticas en las que se pueden encontrar recursos relacionados con la presencia de la cultura jud\u00eda en la comunidad basados tanto en valores tangibles como intangibles. Este proyecto incluye la realizaci\u00f3n de 82 acciones promocionales, en aquellas zonas que han concentrado los mayores flujos migratorios procedentes de Andaluc\u00eda.<\/p>\n<p>Presentaci\u00f3n &#8216;in situ&#8217;<\/p>\n<p>El consejero precis\u00f3 a este respecto que Israel es uno de los mercados espec\u00edficos al que se dirige este producto por la vinculaci\u00f3n hist\u00f3rica de la cultura jud\u00eda con la comunidad, y record\u00f3 que tambi\u00e9n se est\u00e1 presentado en otros emisores con lazos similares, como el mundo \u00e1rabe o Latinoam\u00e9rica. Adem\u00e1s, avanz\u00f3 que a partir del marzo de 2017 se van a desarrollar viajes de familiarizaci\u00f3n para presentar esta oferta &#8216;in situ&#8217;.<\/p>\n<p>En su visita al pa\u00eds, Francisco Javier Fern\u00e1ndez tambi\u00e9n ha mantenido un encuentro con representantes de la C\u00e1mara de Comercio Hispano-Israel\u00ed, con el objetivo de presentarles este mismo producto, as\u00ed como para estudiar v\u00edas de colaboraci\u00f3n a trav\u00e9s del turismo, una actividad que consider\u00f3 que es \u00abun buen elemento\u00bb para reforzar las relaciones comerciales entre Andaluc\u00eda e Israel.<\/p>\n<p>&nbsp;<\/p>\n","protected":false},"excerpt":{"rendered":"<p>El consejero de Turismo y Deporte, Francisco Javier Fern\u00e1ndez, ha presentado en la ciudad de Tel Aviv el producto &#8216;Tus ra\u00edces en Andaluc\u00eda&#8217; ante m\u00e1s de un centenar de operadores tur\u00edsticos y medios de comunicaci\u00f3n especializados de Israel, con el objetivo de incrementar el flujo de viajeros procedentes del pa\u00eds y reforzar el posicionamiento del [&hellip;]<\/p>\n","protected":false},"author":1,"featured_media":918164,"comment_status":"closed","ping_status":"closed","sticky":false,"template":"","format":"standard","meta":{"footnotes":""},"categories":[148],"tags":[],"class_list":["post-918163","post","type-post","status-publish","format-standard","has-post-thumbnail","hentry","category-turismo"],"aioseo_notices":[],"aioseo_head":"\n\t\t<!-- All in One SEO Pro 4.9.6.2 - aioseo.com -->\n\t<meta name=\"description\" content=\"El consejero de Turismo y Deporte, Francisco Javier Fern\u00e1ndez, ha presentado en la ciudad de Tel Aviv el producto &#039;Tus ra\u00edces en Andaluc\u00eda&#039; ante m\u00e1s de un centenar de operadores tur\u00edsticos y medios de comunicaci\u00f3n especializados de Israel, con el objetivo de incrementar el flujo de viajeros procedentes del pa\u00eds y reforzar el posicionamiento del\" \/>\n\t<meta name=\"robots\" content=\"max-image-preview:large\" \/>\n\t<meta name=\"author\" content=\"El Digital de Asturias\"\/>\n\t<meta name=\"google-site-verification\" content=\"UA-38556648-1\" \/>\n\t<meta name=\"msvalidate.01\" content=\"7dfe9f3f1b24437ab69f4f2559babe99\" \/>\n\t<meta name=\"keywords\" content=\"turismo\" \/>\n\t<link rel=\"canonical\" href=\"https:\/\/www.eldigitaldeasturias.com\/noticias\/presentado-en-tel-aviv-el-producto-tus-raices-en-andalucia\/\" \/>\n\t<meta name=\"generator\" content=\"All in One SEO Pro (AIOSEO) 4.9.6.2\" \/>\n\t\t<meta property=\"og:locale\" content=\"es_ES\" \/>\n\t\t<meta property=\"og:site_name\" content=\"El Digital de Asturias\" \/>\n\t\t<meta property=\"og:type\" content=\"article\" \/>\n\t\t<meta property=\"og:title\" content=\"Presentado en Tel Aviv el producto \u2018Tus ra\u00edces en Andaluc\u00eda\u2019 - El Digital de Asturias\" \/>\n\t\t<meta property=\"og:description\" content=\"El consejero de Turismo y Deporte, Francisco Javier Fern\u00e1ndez, ha presentado en la ciudad de Tel Aviv el producto &#039;Tus ra\u00edces en Andaluc\u00eda&#039; ante m\u00e1s de un centenar de operadores tur\u00edsticos y medios de comunicaci\u00f3n especializados de Israel, con el objetivo de incrementar el flujo de viajeros procedentes del pa\u00eds y reforzar el posicionamiento del\" \/>\n\t\t<meta property=\"og:url\" content=\"https:\/\/www.eldigitaldeasturias.com\/noticias\/presentado-en-tel-aviv-el-producto-tus-raices-en-andalucia\/\" \/>\n\t\t<meta property=\"og:image\" content=\"https:\/\/www.eldigitaldeasturias.com\/noticias\/wp-content\/uploads\/2016\/12\/1480418758491israelAmpDet.jpg\" \/>\n\t\t<meta property=\"og:image:secure_url\" content=\"https:\/\/www.eldigitaldeasturias.com\/noticias\/wp-content\/uploads\/2016\/12\/1480418758491israelAmpDet.jpg\" \/>\n\t\t<meta property=\"og:image:width\" content=\"800\" \/>\n\t\t<meta property=\"og:image:height\" content=\"523\" \/>\n\t\t<meta property=\"article:tag\" content=\"turismo\" \/>\n\t\t<meta property=\"article:published_time\" content=\"2016-12-01T18:55:55+00:00\" \/>\n\t\t<meta property=\"article:modified_time\" content=\"2016-12-01T18:55:55+00:00\" \/>\n\t\t<meta property=\"article:publisher\" content=\"https:\/\/facebook.com\/eldigitaldeasturias\" \/>\n\t\t<meta name=\"twitter:card\" content=\"summary_large_image\" \/>\n\t\t<meta name=\"twitter:title\" content=\"Presentado en Tel Aviv el producto \u2018Tus ra\u00edces en Andaluc\u00eda\u2019 - El Digital de Asturias\" \/>\n\t\t<meta name=\"twitter:description\" content=\"El consejero de Turismo y Deporte, Francisco Javier Fern\u00e1ndez, ha presentado en la ciudad de Tel Aviv el producto &#039;Tus ra\u00edces en Andaluc\u00eda&#039; ante m\u00e1s de un centenar de operadores tur\u00edsticos y medios de comunicaci\u00f3n especializados de Israel, con el objetivo de incrementar el flujo de viajeros procedentes del pa\u00eds y reforzar el posicionamiento del\" \/>\n\t\t<meta name=\"twitter:image\" content=\"https:\/\/www.eldigitaldeasturias.com\/noticias\/wp-content\/uploads\/2016\/12\/1480418758491israelAmpDet.jpg\" \/>\n\t\t<meta name=\"twitter:label1\" content=\"Escrito por\" \/>\n\t\t<meta name=\"twitter:data1\" content=\"El Digital de Asturias\" \/>\n\t\t<meta name=\"twitter:label2\" content=\"Tiempo de lectura estimado\" \/>\n\t\t<meta name=\"twitter:data2\" content=\"3 minutos\" \/>\n\t\t<script type=\"application\/ld+json\" class=\"aioseo-schema\">\n\t\t\t{\"@context\":\"https:\\\/\\\/schema.org\",\"@graph\":[{\"@type\":\"BlogPosting\",\"@id\":\"https:\\\/\\\/www.eldigitaldeasturias.com\\\/noticias\\\/presentado-en-tel-aviv-el-producto-tus-raices-en-andalucia\\\/#blogposting\",\"name\":\"Presentado en Tel Aviv el producto \\u2018Tus ra\\u00edces en Andaluc\\u00eda\\u2019 - El Digital de Asturias\",\"headline\":\"Presentado en Tel Aviv el producto &#8216;Tus ra\\u00edces en Andaluc\\u00eda&#8217;\",\"author\":{\"@id\":\"https:\\\/\\\/www.eldigitaldeasturias.com\\\/noticias\\\/author\\\/admin\\\/#author\"},\"publisher\":{\"@id\":\"https:\\\/\\\/www.eldigitaldeasturias.com\\\/noticias\\\/#organization\"},\"image\":{\"@type\":\"ImageObject\",\"url\":\"https:\\\/\\\/www.eldigitaldeasturias.com\\\/noticias\\\/wp-content\\\/uploads\\\/2016\\\/12\\\/1480418758491israelAmpDet.jpg\",\"width\":800,\"height\":523},\"datePublished\":\"2016-12-01T18:55:55+01:00\",\"dateModified\":\"2016-12-01T18:55:55+01:00\",\"inLanguage\":\"es-ES\",\"mainEntityOfPage\":{\"@id\":\"https:\\\/\\\/www.eldigitaldeasturias.com\\\/noticias\\\/presentado-en-tel-aviv-el-producto-tus-raices-en-andalucia\\\/#webpage\"},\"isPartOf\":{\"@id\":\"https:\\\/\\\/www.eldigitaldeasturias.com\\\/noticias\\\/presentado-en-tel-aviv-el-producto-tus-raices-en-andalucia\\\/#webpage\"},\"articleSection\":\"Turismo\"},{\"@type\":\"BreadcrumbList\",\"@id\":\"https:\\\/\\\/www.eldigitaldeasturias.com\\\/noticias\\\/presentado-en-tel-aviv-el-producto-tus-raices-en-andalucia\\\/#breadcrumblist\",\"itemListElement\":[{\"@type\":\"ListItem\",\"@id\":\"https:\\\/\\\/www.eldigitaldeasturias.com\\\/noticias#listItem\",\"position\":1,\"name\":\"Home\",\"item\":\"https:\\\/\\\/www.eldigitaldeasturias.com\\\/noticias\",\"nextItem\":{\"@type\":\"ListItem\",\"@id\":\"https:\\\/\\\/www.eldigitaldeasturias.com\\\/noticias\\\/category\\\/turismo\\\/#listItem\",\"name\":\"Turismo\"}},{\"@type\":\"ListItem\",\"@id\":\"https:\\\/\\\/www.eldigitaldeasturias.com\\\/noticias\\\/category\\\/turismo\\\/#listItem\",\"position\":2,\"name\":\"Turismo\",\"item\":\"https:\\\/\\\/www.eldigitaldeasturias.com\\\/noticias\\\/category\\\/turismo\\\/\",\"nextItem\":{\"@type\":\"ListItem\",\"@id\":\"https:\\\/\\\/www.eldigitaldeasturias.com\\\/noticias\\\/presentado-en-tel-aviv-el-producto-tus-raices-en-andalucia\\\/#listItem\",\"name\":\"Presentado en Tel Aviv el producto &#8216;Tus ra\\u00edces en Andaluc\\u00eda&#8217;\"},\"previousItem\":{\"@type\":\"ListItem\",\"@id\":\"https:\\\/\\\/www.eldigitaldeasturias.com\\\/noticias#listItem\",\"name\":\"Home\"}},{\"@type\":\"ListItem\",\"@id\":\"https:\\\/\\\/www.eldigitaldeasturias.com\\\/noticias\\\/presentado-en-tel-aviv-el-producto-tus-raices-en-andalucia\\\/#listItem\",\"position\":3,\"name\":\"Presentado en Tel Aviv el producto &#8216;Tus ra\\u00edces en Andaluc\\u00eda&#8217;\",\"previousItem\":{\"@type\":\"ListItem\",\"@id\":\"https:\\\/\\\/www.eldigitaldeasturias.com\\\/noticias\\\/category\\\/turismo\\\/#listItem\",\"name\":\"Turismo\"}}]},{\"@type\":\"Organization\",\"@id\":\"https:\\\/\\\/www.eldigitaldeasturias.com\\\/noticias\\\/#organization\",\"name\":\"El Digital de Asturias\",\"description\":\"Hemeroteca\",\"url\":\"https:\\\/\\\/www.eldigitaldeasturias.com\\\/noticias\\\/\",\"email\":\"info@eldigitaldeasturias.com\",\"telephone\":\"+34652131393\",\"logo\":{\"@type\":\"ImageObject\",\"url\":\"https:\\\/\\\/www.eldigitaldeasturias.com\\\/noticias\\\/wp-content\\\/uploads\\\/2020\\\/12\\\/EDA.jpg\",\"@id\":\"https:\\\/\\\/www.eldigitaldeasturias.com\\\/noticias\\\/presentado-en-tel-aviv-el-producto-tus-raices-en-andalucia\\\/#organizationLogo\",\"width\":649,\"height\":297},\"image\":{\"@id\":\"https:\\\/\\\/www.eldigitaldeasturias.com\\\/noticias\\\/presentado-en-tel-aviv-el-producto-tus-raices-en-andalucia\\\/#organizationLogo\"},\"sameAs\":[\"https:\\\/\\\/facebook.com\\\/eldigitaldeasturias\",\"https:\\\/\\\/www.youtube.com\\\/channel\\\/UCZP-2wLEB9Rv6erhFmqVnvg\"],\"address\":{\"@id\":\"https:\\\/\\\/www.eldigitaldeasturias.com\\\/noticias\\\/#postaladdress\",\"@type\":\"PostalAddress\",\"streetAddress\":\"san antonio 4,\",\"postalCode\":\"33430\",\"addressLocality\":\"Cand\\u00e1s\",\"addressRegion\":\"Asturias\",\"addressCountry\":\"ES\"}},{\"@type\":\"Person\",\"@id\":\"https:\\\/\\\/www.eldigitaldeasturias.com\\\/noticias\\\/author\\\/admin\\\/#author\",\"url\":\"https:\\\/\\\/www.eldigitaldeasturias.com\\\/noticias\\\/author\\\/admin\\\/\",\"name\":\"El Digital de Asturias\",\"image\":{\"@type\":\"ImageObject\",\"@id\":\"https:\\\/\\\/www.eldigitaldeasturias.com\\\/noticias\\\/presentado-en-tel-aviv-el-producto-tus-raices-en-andalucia\\\/#authorImage\",\"url\":\"https:\\\/\\\/www.eldigitaldeasturias.com\\\/noticias\\\/wp-content\\\/litespeed\\\/avatar\\\/18677e78aa0546b92d9dbf31ec7d7668.jpg?ver=1777290358\",\"width\":96,\"height\":96,\"caption\":\"El Digital de Asturias\"}},{\"@type\":\"WebPage\",\"@id\":\"https:\\\/\\\/www.eldigitaldeasturias.com\\\/noticias\\\/presentado-en-tel-aviv-el-producto-tus-raices-en-andalucia\\\/#webpage\",\"url\":\"https:\\\/\\\/www.eldigitaldeasturias.com\\\/noticias\\\/presentado-en-tel-aviv-el-producto-tus-raices-en-andalucia\\\/\",\"name\":\"Presentado en Tel Aviv el producto \\u2018Tus ra\\u00edces en Andaluc\\u00eda\\u2019 - El Digital de Asturias\",\"description\":\"El consejero de Turismo y Deporte, Francisco Javier Fern\\u00e1ndez, ha presentado en la ciudad de Tel Aviv el producto 'Tus ra\\u00edces en Andaluc\\u00eda' ante m\\u00e1s de un centenar de operadores tur\\u00edsticos y medios de comunicaci\\u00f3n especializados de Israel, con el objetivo de incrementar el flujo de viajeros procedentes del pa\\u00eds y reforzar el posicionamiento del\",\"inLanguage\":\"es-ES\",\"isPartOf\":{\"@id\":\"https:\\\/\\\/www.eldigitaldeasturias.com\\\/noticias\\\/#website\"},\"breadcrumb\":{\"@id\":\"https:\\\/\\\/www.eldigitaldeasturias.com\\\/noticias\\\/presentado-en-tel-aviv-el-producto-tus-raices-en-andalucia\\\/#breadcrumblist\"},\"author\":{\"@id\":\"https:\\\/\\\/www.eldigitaldeasturias.com\\\/noticias\\\/author\\\/admin\\\/#author\"},\"creator\":{\"@id\":\"https:\\\/\\\/www.eldigitaldeasturias.com\\\/noticias\\\/author\\\/admin\\\/#author\"},\"image\":{\"@type\":\"ImageObject\",\"url\":\"https:\\\/\\\/www.eldigitaldeasturias.com\\\/noticias\\\/wp-content\\\/uploads\\\/2016\\\/12\\\/1480418758491israelAmpDet.jpg\",\"@id\":\"https:\\\/\\\/www.eldigitaldeasturias.com\\\/noticias\\\/presentado-en-tel-aviv-el-producto-tus-raices-en-andalucia\\\/#mainImage\",\"width\":800,\"height\":523},\"primaryImageOfPage\":{\"@id\":\"https:\\\/\\\/www.eldigitaldeasturias.com\\\/noticias\\\/presentado-en-tel-aviv-el-producto-tus-raices-en-andalucia\\\/#mainImage\"},\"datePublished\":\"2016-12-01T18:55:55+01:00\",\"dateModified\":\"2016-12-01T18:55:55+01:00\"},{\"@type\":\"WebSite\",\"@id\":\"https:\\\/\\\/www.eldigitaldeasturias.com\\\/noticias\\\/#website\",\"url\":\"https:\\\/\\\/www.eldigitaldeasturias.com\\\/noticias\\\/\",\"name\":\"El Digital de Asturias - Diario de actualidad y noticias\",\"alternateName\":\"El Digital de Asturias - Diario de actualidad y noticias\",\"description\":\"Hemeroteca\",\"inLanguage\":\"es-ES\",\"publisher\":{\"@id\":\"https:\\\/\\\/www.eldigitaldeasturias.com\\\/noticias\\\/#organization\"}}]}\n\t\t<\/script>\n\t\t<!-- All in One SEO Pro -->\r\n\t\t<title>Presentado en Tel Aviv el producto \u2018Tus ra\u00edces en Andaluc\u00eda\u2019 - El Digital de Asturias<\/title>\n\n","aioseo_head_json":{"title":"Presentado en Tel Aviv el producto \u2018Tus ra\u00edces en Andaluc\u00eda\u2019 - El Digital de Asturias","description":"El consejero de Turismo y Deporte, Francisco Javier Fern\u00e1ndez, ha presentado en la ciudad de Tel Aviv el producto 'Tus ra\u00edces en Andaluc\u00eda' ante m\u00e1s de un centenar de operadores tur\u00edsticos y medios de comunicaci\u00f3n especializados de Israel, con el objetivo de incrementar el flujo de viajeros procedentes del pa\u00eds y reforzar el posicionamiento del","canonical_url":"https:\/\/www.eldigitaldeasturias.com\/noticias\/presentado-en-tel-aviv-el-producto-tus-raices-en-andalucia\/","robots":"max-image-preview:large","keywords":"turismo","webmasterTools":{"google-site-verification":"UA-38556648-1","msvalidate.01":"7dfe9f3f1b24437ab69f4f2559babe99","miscellaneous":""},"schema":{"@context":"https:\/\/schema.org","@graph":[{"@type":"BlogPosting","@id":"https:\/\/www.eldigitaldeasturias.com\/noticias\/presentado-en-tel-aviv-el-producto-tus-raices-en-andalucia\/#blogposting","name":"Presentado en Tel Aviv el producto \u2018Tus ra\u00edces en Andaluc\u00eda\u2019 - El Digital de Asturias","headline":"Presentado en Tel Aviv el producto &#8216;Tus ra\u00edces en Andaluc\u00eda&#8217;","author":{"@id":"https:\/\/www.eldigitaldeasturias.com\/noticias\/author\/admin\/#author"},"publisher":{"@id":"https:\/\/www.eldigitaldeasturias.com\/noticias\/#organization"},"image":{"@type":"ImageObject","url":"https:\/\/www.eldigitaldeasturias.com\/noticias\/wp-content\/uploads\/2016\/12\/1480418758491israelAmpDet.jpg","width":800,"height":523},"datePublished":"2016-12-01T18:55:55+01:00","dateModified":"2016-12-01T18:55:55+01:00","inLanguage":"es-ES","mainEntityOfPage":{"@id":"https:\/\/www.eldigitaldeasturias.com\/noticias\/presentado-en-tel-aviv-el-producto-tus-raices-en-andalucia\/#webpage"},"isPartOf":{"@id":"https:\/\/www.eldigitaldeasturias.com\/noticias\/presentado-en-tel-aviv-el-producto-tus-raices-en-andalucia\/#webpage"},"articleSection":"Turismo"},{"@type":"BreadcrumbList","@id":"https:\/\/www.eldigitaldeasturias.com\/noticias\/presentado-en-tel-aviv-el-producto-tus-raices-en-andalucia\/#breadcrumblist","itemListElement":[{"@type":"ListItem","@id":"https:\/\/www.eldigitaldeasturias.com\/noticias#listItem","position":1,"name":"Home","item":"https:\/\/www.eldigitaldeasturias.com\/noticias","nextItem":{"@type":"ListItem","@id":"https:\/\/www.eldigitaldeasturias.com\/noticias\/category\/turismo\/#listItem","name":"Turismo"}},{"@type":"ListItem","@id":"https:\/\/www.eldigitaldeasturias.com\/noticias\/category\/turismo\/#listItem","position":2,"name":"Turismo","item":"https:\/\/www.eldigitaldeasturias.com\/noticias\/category\/turismo\/","nextItem":{"@type":"ListItem","@id":"https:\/\/www.eldigitaldeasturias.com\/noticias\/presentado-en-tel-aviv-el-producto-tus-raices-en-andalucia\/#listItem","name":"Presentado en Tel Aviv el producto &#8216;Tus ra\u00edces en Andaluc\u00eda&#8217;"},"previousItem":{"@type":"ListItem","@id":"https:\/\/www.eldigitaldeasturias.com\/noticias#listItem","name":"Home"}},{"@type":"ListItem","@id":"https:\/\/www.eldigitaldeasturias.com\/noticias\/presentado-en-tel-aviv-el-producto-tus-raices-en-andalucia\/#listItem","position":3,"name":"Presentado en Tel Aviv el producto &#8216;Tus ra\u00edces en Andaluc\u00eda&#8217;","previousItem":{"@type":"ListItem","@id":"https:\/\/www.eldigitaldeasturias.com\/noticias\/category\/turismo\/#listItem","name":"Turismo"}}]},{"@type":"Organization","@id":"https:\/\/www.eldigitaldeasturias.com\/noticias\/#organization","name":"El Digital de Asturias","description":"Hemeroteca","url":"https:\/\/www.eldigitaldeasturias.com\/noticias\/","email":"info@eldigitaldeasturias.com","telephone":"+34652131393","logo":{"@type":"ImageObject","url":"https:\/\/www.eldigitaldeasturias.com\/noticias\/wp-content\/uploads\/2020\/12\/EDA.jpg","@id":"https:\/\/www.eldigitaldeasturias.com\/noticias\/presentado-en-tel-aviv-el-producto-tus-raices-en-andalucia\/#organizationLogo","width":649,"height":297},"image":{"@id":"https:\/\/www.eldigitaldeasturias.com\/noticias\/presentado-en-tel-aviv-el-producto-tus-raices-en-andalucia\/#organizationLogo"},"sameAs":["https:\/\/facebook.com\/eldigitaldeasturias","https:\/\/www.youtube.com\/channel\/UCZP-2wLEB9Rv6erhFmqVnvg"],"address":{"@id":"https:\/\/www.eldigitaldeasturias.com\/noticias\/#postaladdress","@type":"PostalAddress","streetAddress":"san antonio 4,","postalCode":"33430","addressLocality":"Cand\u00e1s","addressRegion":"Asturias","addressCountry":"ES"}},{"@type":"Person","@id":"https:\/\/www.eldigitaldeasturias.com\/noticias\/author\/admin\/#author","url":"https:\/\/www.eldigitaldeasturias.com\/noticias\/author\/admin\/","name":"El Digital de Asturias","image":{"@type":"ImageObject","@id":"https:\/\/www.eldigitaldeasturias.com\/noticias\/presentado-en-tel-aviv-el-producto-tus-raices-en-andalucia\/#authorImage","url":"https:\/\/www.eldigitaldeasturias.com\/noticias\/wp-content\/litespeed\/avatar\/18677e78aa0546b92d9dbf31ec7d7668.jpg?ver=1777290358","width":96,"height":96,"caption":"El Digital de Asturias"}},{"@type":"WebPage","@id":"https:\/\/www.eldigitaldeasturias.com\/noticias\/presentado-en-tel-aviv-el-producto-tus-raices-en-andalucia\/#webpage","url":"https:\/\/www.eldigitaldeasturias.com\/noticias\/presentado-en-tel-aviv-el-producto-tus-raices-en-andalucia\/","name":"Presentado en Tel Aviv el producto \u2018Tus ra\u00edces en Andaluc\u00eda\u2019 - El Digital de Asturias","description":"El consejero de Turismo y Deporte, Francisco Javier Fern\u00e1ndez, ha presentado en la ciudad de Tel Aviv el producto 'Tus ra\u00edces en Andaluc\u00eda' ante m\u00e1s de un centenar de operadores tur\u00edsticos y medios de comunicaci\u00f3n especializados de Israel, con el objetivo de incrementar el flujo de viajeros procedentes del pa\u00eds y reforzar el posicionamiento del","inLanguage":"es-ES","isPartOf":{"@id":"https:\/\/www.eldigitaldeasturias.com\/noticias\/#website"},"breadcrumb":{"@id":"https:\/\/www.eldigitaldeasturias.com\/noticias\/presentado-en-tel-aviv-el-producto-tus-raices-en-andalucia\/#breadcrumblist"},"author":{"@id":"https:\/\/www.eldigitaldeasturias.com\/noticias\/author\/admin\/#author"},"creator":{"@id":"https:\/\/www.eldigitaldeasturias.com\/noticias\/author\/admin\/#author"},"image":{"@type":"ImageObject","url":"https:\/\/www.eldigitaldeasturias.com\/noticias\/wp-content\/uploads\/2016\/12\/1480418758491israelAmpDet.jpg","@id":"https:\/\/www.eldigitaldeasturias.com\/noticias\/presentado-en-tel-aviv-el-producto-tus-raices-en-andalucia\/#mainImage","width":800,"height":523},"primaryImageOfPage":{"@id":"https:\/\/www.eldigitaldeasturias.com\/noticias\/presentado-en-tel-aviv-el-producto-tus-raices-en-andalucia\/#mainImage"},"datePublished":"2016-12-01T18:55:55+01:00","dateModified":"2016-12-01T18:55:55+01:00"},{"@type":"WebSite","@id":"https:\/\/www.eldigitaldeasturias.com\/noticias\/#website","url":"https:\/\/www.eldigitaldeasturias.com\/noticias\/","name":"El Digital de Asturias - Diario de actualidad y noticias","alternateName":"El Digital de Asturias - Diario de actualidad y noticias","description":"Hemeroteca","inLanguage":"es-ES","publisher":{"@id":"https:\/\/www.eldigitaldeasturias.com\/noticias\/#organization"}}]},"og:locale":"es_ES","og:site_name":"El Digital de Asturias","og:type":"article","og:title":"Presentado en Tel Aviv el producto \u2018Tus ra\u00edces en Andaluc\u00eda\u2019 - El Digital de Asturias","og:description":"El consejero de Turismo y Deporte, Francisco Javier Fern\u00e1ndez, ha presentado en la ciudad de Tel Aviv el producto 'Tus ra\u00edces en Andaluc\u00eda' ante m\u00e1s de un centenar de operadores tur\u00edsticos y medios de comunicaci\u00f3n especializados de Israel, con el objetivo de incrementar el flujo de viajeros procedentes del pa\u00eds y reforzar el posicionamiento del","og:url":"https:\/\/www.eldigitaldeasturias.com\/noticias\/presentado-en-tel-aviv-el-producto-tus-raices-en-andalucia\/","og:image":"https:\/\/www.eldigitaldeasturias.com\/noticias\/wp-content\/uploads\/2016\/12\/1480418758491israelAmpDet.jpg","og:image:secure_url":"https:\/\/www.eldigitaldeasturias.com\/noticias\/wp-content\/uploads\/2016\/12\/1480418758491israelAmpDet.jpg","og:image:width":800,"og:image:height":523,"article:tag":["turismo"],"article:published_time":"2016-12-01T18:55:55+00:00","article:modified_time":"2016-12-01T18:55:55+00:00","article:publisher":"https:\/\/facebook.com\/eldigitaldeasturias","twitter:card":"summary_large_image","twitter:title":"Presentado en Tel Aviv el producto \u2018Tus ra\u00edces en Andaluc\u00eda\u2019 - El Digital de Asturias","twitter:description":"El consejero de Turismo y Deporte, Francisco Javier Fern\u00e1ndez, ha presentado en la ciudad de Tel Aviv el producto 'Tus ra\u00edces en Andaluc\u00eda' ante m\u00e1s de un centenar de operadores tur\u00edsticos y medios de comunicaci\u00f3n especializados de Israel, con el objetivo de incrementar el flujo de viajeros procedentes del pa\u00eds y reforzar el posicionamiento del","twitter:image":"https:\/\/www.eldigitaldeasturias.com\/noticias\/wp-content\/uploads\/2016\/12\/1480418758491israelAmpDet.jpg","twitter:label1":"Escrito por","twitter:data1":"El Digital de Asturias","twitter:label2":"Tiempo de lectura estimado","twitter:data2":"3 minutos"},"aioseo_meta_data":{"post_id":"918163","title":null,"description":null,"keywords":null,"keyphrases":null,"primary_term":null,"canonical_url":null,"og_title":null,"og_description":null,"og_object_type":"default","og_image_type":"default","og_image_url":null,"og_image_width":null,"og_image_height":null,"og_image_custom_url":null,"og_image_custom_fields":null,"og_video":null,"og_custom_url":null,"og_article_section":null,"og_article_tags":null,"twitter_use_og":false,"twitter_card":"default","twitter_image_type":"default","twitter_image_url":null,"twitter_image_custom_url":null,"twitter_image_custom_fields":null,"twitter_title":null,"twitter_description":null,"schema":{"blockGraphs":[],"customGraphs":[],"default":{"data":{"Article":[],"Course":[],"Dataset":[],"FAQPage":[],"Movie":[],"Person":[],"Product":[],"ProductReview":[],"Car":[],"Recipe":[],"Service":[],"SoftwareApplication":[],"WebPage":[]},"graphName":"","isEnabled":true},"graphs":[],"defaultGraph":"","defaultPostTypeGraph":""},"schema_type":null,"schema_type_options":null,"pillar_content":false,"robots_default":true,"robots_noindex":false,"robots_noarchive":false,"robots_nosnippet":false,"robots_nofollow":false,"robots_noimageindex":false,"robots_noodp":false,"robots_notranslate":false,"robots_max_snippet":null,"robots_max_videopreview":null,"robots_max_imagepreview":"large","priority":null,"frequency":null,"local_seo":null,"seo_analyzer_scan_date":"2025-12-02 02:04:07","breadcrumb_settings":null,"limit_modified_date":false,"open_ai":null,"ai":null,"created":"2020-12-21 13:52:44","updated":"2025-12-02 02:04:07"},"aioseo_breadcrumb":"<div class=\"aioseo-breadcrumbs\"><span class=\"aioseo-breadcrumb\">\n\t<a href=\"https:\/\/www.eldigitaldeasturias.com\/noticias\" title=\"Home\">Home<\/a>\n<\/span><span class=\"aioseo-breadcrumb-separator\">\u2013<\/span><span class=\"aioseo-breadcrumb\">\n\t<a href=\"https:\/\/www.eldigitaldeasturias.com\/noticias\/category\/turismo\/\" title=\"Turismo\">Turismo<\/a>\n<\/span><span class=\"aioseo-breadcrumb-separator\">\u2013<\/span><span class=\"aioseo-breadcrumb\">\n\t<a href=\"https:\/\/www.eldigitaldeasturias.com\/noticias\/presentado-en-tel-aviv-el-producto-tus-raices-en-andalucia\/\" title=\"Presentado en Tel Aviv el producto \u2018Tus ra\u00edces en Andaluc\u00eda\u2019\">Presentado en Tel Aviv el producto \u2018Tus ra\u00edces en Andaluc\u00eda\u2019<\/a>\n<\/span><\/div>","aioseo_breadcrumb_json":[{"label":"Home","link":"https:\/\/www.eldigitaldeasturias.com\/noticias"},{"label":"Turismo","link":"https:\/\/www.eldigitaldeasturias.com\/noticias\/category\/turismo\/"},{"label":"Presentado en Tel Aviv el producto &#8216;Tus ra\u00edces en Andaluc\u00eda&#8217;","link":"https:\/\/www.eldigitaldeasturias.com\/noticias\/presentado-en-tel-aviv-el-producto-tus-raices-en-andalucia\/"}],"_links":{"self":[{"href":"https:\/\/www.eldigitaldeasturias.com\/noticias\/wp-json\/wp\/v2\/posts\/918163","targetHints":{"allow":["GET"]}}],"collection":[{"href":"https:\/\/www.eldigitaldeasturias.com\/noticias\/wp-json\/wp\/v2\/posts"}],"about":[{"href":"https:\/\/www.eldigitaldeasturias.com\/noticias\/wp-json\/wp\/v2\/types\/post"}],"author":[{"embeddable":true,"href":"https:\/\/www.eldigitaldeasturias.com\/noticias\/wp-json\/wp\/v2\/users\/1"}],"replies":[{"embeddable":true,"href":"https:\/\/www.eldigitaldeasturias.com\/noticias\/wp-json\/wp\/v2\/comments?post=918163"}],"version-history":[{"count":0,"href":"https:\/\/www.eldigitaldeasturias.com\/noticias\/wp-json\/wp\/v2\/posts\/918163\/revisions"}],"wp:featuredmedia":[{"embeddable":true,"href":"https:\/\/www.eldigitaldeasturias.com\/noticias\/wp-json\/wp\/v2\/media\/918164"}],"wp:attachment":[{"href":"https:\/\/www.eldigitaldeasturias.com\/noticias\/wp-json\/wp\/v2\/media?parent=918163"}],"wp:term":[{"taxonomy":"category","embeddable":true,"href":"https:\/\/www.eldigitaldeasturias.com\/noticias\/wp-json\/wp\/v2\/categories?post=918163"},{"taxonomy":"post_tag","embeddable":true,"href":"https:\/\/www.eldigitaldeasturias.com\/noticias\/wp-json\/wp\/v2\/tags?post=918163"}],"curies":[{"name":"wp","href":"https:\/\/api.w.org\/{rel}","templated":true}]}}