{"id":918004,"date":"2016-11-29T23:07:05","date_gmt":"2016-11-29T23:07:05","guid":{"rendered":"http:\/\/www.eldigitaldeasturias.com\/noticias\/?p=918004"},"modified":"2016-11-29T23:07:33","modified_gmt":"2016-11-29T23:07:33","slug":"el-principado-pone-en-marcha-una-estrategia-contra-la-brecha-salarial","status":"publish","type":"post","link":"https:\/\/www.eldigitaldeasturias.com\/noticias\/el-principado-pone-en-marcha-una-estrategia-contra-la-brecha-salarial\/","title":{"rendered":"El Principado pone en marcha una Estrategia contra la Brecha Salarial"},"content":{"rendered":"<p>La Estrategia Asturiana contra la Brecha Salarial prev\u00e9 la apertura de una ventanilla \u00fanica que centralice todas las denuncias presentadas en la comunidad en relaci\u00f3n con esta pr\u00e1ctica discriminatoria y la firma de un acuerdo entre el Gobierno del Principado y la Inspecci\u00f3n de Trabajo con el fin de que \u00e9sta \u00faltima investigue y sancione, de acuerdo con la normativa vigente, los casos en los que se demuestre desigualdad por raz\u00f3n de sexo.<\/p>\n<p><img loading=\"lazy\" decoding=\"async\" class=\" size-large wp-image-918005 aligncenter\" src=\"https:\/\/www.eldigitaldeasturias.com\/noticias\/wp-content\/uploads\/2016\/11\/brecha-salarial-650x397.jpg\" alt=\"brecha-salarial\" width=\"650\" height=\"397\" srcset=\"https:\/\/www.eldigitaldeasturias.com\/noticias\/wp-content\/uploads\/2016\/11\/brecha-salarial-650x397.jpg 650w, https:\/\/www.eldigitaldeasturias.com\/noticias\/wp-content\/uploads\/2016\/11\/brecha-salarial-360x220.jpg 360w, https:\/\/www.eldigitaldeasturias.com\/noticias\/wp-content\/uploads\/2016\/11\/brecha-salarial-768x469.jpg 768w, https:\/\/www.eldigitaldeasturias.com\/noticias\/wp-content\/uploads\/2016\/11\/brecha-salarial.jpg 1280w\" sizes=\"auto, (max-width: 650px) 100vw, 650px\" \/><\/p>\n<p>\u00c9sta es una de las medidas previstas en el documento presentado hoy por el consejero de Presidencia y Participaci\u00f3n Ciudadana, Guillermo Mart\u00ednez, que re\u00fane un conjunto de herramientas dise\u00f1adas por el Ejecutivo auton\u00f3mico, en colaboraci\u00f3n con la Inspecci\u00f3n de Trabajo y Seguridad Social y los agentes sociales y econ\u00f3micos, para avanzar en la consecuci\u00f3n de la igualdad entre hombres y mujeres en el mercado laboral.<\/p>\n<p>Esta estrategia actuar\u00e1 sobre tres \u00e1mbitos articulados en 16 acciones:<\/p>\n<ul>\n<li>Medidas de apoyo contra la brecha salarial y de aplicaci\u00f3n del principio de igualdad de oportunidades entre mujeres y hombres en el acceso al empleo y las condiciones laborales.<\/li>\n<li>Medidas destinadas a buscar la implicaci\u00f3n de los actores socioecon\u00f3micos para transformar el actual tejido econ\u00f3mico en uno m\u00e1s igualitario y sostenible.<\/li>\n<li>Medidas de informaci\u00f3n y apoyo a los estudios y evaluaci\u00f3n orientadas a reforzar el cambio progresivo de estereotipos.<\/li>\n<\/ul>\n<p>Adem\u00e1s de la ventanilla \u00fanica y la coordinaci\u00f3n entre el Instituto Asturiano de la Mujer, la Inspecci\u00f3n de Trabajo y la Direcci\u00f3n General de Trabajo para la recogida e investigaci\u00f3n de denuncias, entre las actuaciones m\u00e1s relevantes figuran tambi\u00e9n el impulso a la labor formativa de la Escuela de Empresarias y Emprendedoras de Asturias y la elaboraci\u00f3n de un estudio, por parte de la Universidad de Oviedo, sobre el n\u00famero y perfil de las mujeres asturianas en puestos directivos.<\/p>\n<p>La estrategia contar\u00e1, asimismo, con un grupo de trabajo que realizar\u00e1, con periodicidad anual, una valoraci\u00f3n global y cualitativa de la evoluci\u00f3n de este problema en el Principado y del impacto de las medidas puestas en marcha, como complemento a un informe monogr\u00e1fico que cada a\u00f1o elaborar\u00e1 el Observatorio de Igualdad de Oportunidades de Asturias.<\/p>\n<p><strong>Un paso m\u00e1s hacia la igualdad<\/strong><\/p>\n<p>Este documento profundiza en la labor iniciada por el Gobierno de Asturias la pasada legislatura con el estudio encargado a la Universidad de Oviedo para conocer la realidad retributiva con perspectiva de g\u00e9nero y las causas que originan las diferencias en las rentas del trabajo entre hombres y mujeres.<\/p>\n<p>La aprobaci\u00f3n de la Ley del Principado de Asturias 2\/2011, de 11 de marzo, para la Igualdad de Mujeres y Hombres y la Erradicaci\u00f3n de la Violencia de G\u00e9nero, tambi\u00e9n supuso un hito en la lucha por la equidad salarial, dado que dedicaba sendos cap\u00edtulos a la igualdad de oportunidades en el empleo y el derecho al trabajo. Ambos compromisos se materializaron con la aprobaci\u00f3n del I Plan Estrat\u00e9gico de Igualdad y la puesta en marcha de la Escuela de Emprendedoras y Empresarias de Asturias, ubicada en Avil\u00e9s, un centro pionero en Espa\u00f1a dedicado a impulsar el emprendimiento femenino y mejorar la empleabilidad de las mujeres.<\/p>\n<p>La elaboraci\u00f3n de la Estrategia Asturiana contra la Brecha Salarial supone, por tanto, \u201cun nuevo avance del Gobierno para transformar una realidad injusta\u201d, seg\u00fan ha destacado el consejero.<\/p>\n<p>La Encuesta de Estructura Salarial de 2014 refleja que, en el Principado, una mujer que desarrolla el mismo trabajo que un hombre y posee id\u00e9ntica cualificaci\u00f3n profesional percibe un salario casi un 28% inferior, por lo que tendr\u00eda que trabajar 12 minutos m\u00e1s a la hora para ganar lo mismo. Esta diferencia retributiva se sit\u00faa en el 27,33% si se analiza anualmente y en el 19,80% en el caso del salario bruto medio por hora trabajada. La brecha se produce, sobre todo, porque las mujeres est\u00e1n ocupadas mayoritariamente en sectores y ramas con salarios inferiores y condiciones laborales menos favorables, as\u00ed como por su menor presencia en puestos de responsabilidad y poder, que cuentan con mayores remuneraciones y complementos. Adem\u00e1s, casi nueve de cada diez asturianas (el 88,77%) trabajan en el sector servicios, frente al 61,75% de los hombres, al tiempo que la cuarta parte de ellas tienen jornadas a tiempo parcial, frente al 6,69% de los varones.<\/p>\n<p>\u201cEsta iniciativa ofrece un conjunto de acciones que pretendemos aplicar para contribuir a la reducci\u00f3n de las diferencias salariales entre hombres y mujeres, con instrumentos que nos permitan coordinar recursos y favorecer la igualdad de oportunidades, adem\u00e1s de consolidar un modelo de gesti\u00f3n desde la igualdad para ganar en competitividad y productividad\u201d, ha subrayado Guillermo Mart\u00ednez.<\/p>\n<p>En la presentaci\u00f3n de la Estrategia Asturiana contra la Brecha Salarial han acompa\u00f1ado al consejero la directora del Instituto Asturiano de la Mujer y Pol\u00edticas de Juventud, Almudena Cueto; la directora territorial de la Inspecci\u00f3n de Trabajo y Seguridad en Asturias, Adelia Garc\u00eda; el responsable de servicios jur\u00eddicos de la Federaci\u00f3n Asturiana de Empresarios (Fade), Ignacio Garc\u00eda; Mapi Artidiello, de CC OO, y la secretaria de Igualdad de UGT, Carmen Escand\u00f3n.<\/p>\n<p>Por parte del Gobierno de Asturias han asistido, adem\u00e1s, el director general de Trabajo, Antonio Gonz\u00e1lez y la directora general de Universidades e Investigaci\u00f3n, Cristina Vald\u00e9s, y se han sumado tambi\u00e9n el presidente del Consejo Asturiano de la Formaci\u00f3n Profesional, Ram\u00f3n Ca\u00f1al, y la coordinadora de la Escuela de Emprendedoras y Empresarias de Asturias, Asunci\u00f3n Luz\u00e1n.<\/p>\n<p>&nbsp;<\/p>\n","protected":false},"excerpt":{"rendered":"<p>La Estrategia Asturiana contra la Brecha Salarial prev\u00e9 la apertura de una ventanilla \u00fanica que centralice todas las denuncias presentadas en la comunidad en relaci\u00f3n con esta pr\u00e1ctica discriminatoria y la firma de un acuerdo entre el Gobierno del Principado y la Inspecci\u00f3n de Trabajo con el fin de que \u00e9sta \u00faltima investigue y sancione, [&hellip;]<\/p>\n","protected":false},"author":1,"featured_media":918005,"comment_status":"closed","ping_status":"closed","sticky":false,"template":"","format":"standard","meta":{"footnotes":""},"categories":[141],"tags":[],"class_list":["post-918004","post","type-post","status-publish","format-standard","has-post-thumbnail","hentry","category-destacadas"],"aioseo_notices":[],"aioseo_head":"\n\t\t<!-- All in One SEO Pro 4.9.6.2 - aioseo.com -->\n\t<meta name=\"description\" content=\"La Estrategia Asturiana contra la Brecha Salarial prev\u00e9 la apertura de una ventanilla \u00fanica que centralice todas las denuncias presentadas en la comunidad en relaci\u00f3n con esta pr\u00e1ctica discriminatoria y la firma de un acuerdo entre el Gobierno del Principado y la Inspecci\u00f3n de Trabajo con el fin de que \u00e9sta \u00faltima investigue y sancione,\" \/>\n\t<meta name=\"robots\" content=\"max-image-preview:large\" \/>\n\t<meta name=\"author\" content=\"El Digital de Asturias\"\/>\n\t<meta name=\"google-site-verification\" content=\"UA-38556648-1\" \/>\n\t<meta name=\"msvalidate.01\" content=\"7dfe9f3f1b24437ab69f4f2559babe99\" \/>\n\t<meta name=\"keywords\" content=\"destacadas\" \/>\n\t<link rel=\"canonical\" href=\"https:\/\/www.eldigitaldeasturias.com\/noticias\/el-principado-pone-en-marcha-una-estrategia-contra-la-brecha-salarial\/\" \/>\n\t<meta name=\"generator\" content=\"All in One SEO Pro (AIOSEO) 4.9.6.2\" \/>\n\t\t<meta property=\"og:locale\" content=\"es_ES\" \/>\n\t\t<meta property=\"og:site_name\" content=\"El Digital de Asturias\" \/>\n\t\t<meta property=\"og:type\" content=\"article\" \/>\n\t\t<meta property=\"og:title\" content=\"El Principado pone en marcha una Estrategia contra la Brecha Salarial - El Digital de Asturias\" \/>\n\t\t<meta property=\"og:description\" content=\"La Estrategia Asturiana contra la Brecha Salarial prev\u00e9 la apertura de una ventanilla \u00fanica que centralice todas las denuncias presentadas en la comunidad en relaci\u00f3n con esta pr\u00e1ctica discriminatoria y la firma de un acuerdo entre el Gobierno del Principado y la Inspecci\u00f3n de Trabajo con el fin de que \u00e9sta \u00faltima investigue y sancione,\" \/>\n\t\t<meta property=\"og:url\" content=\"https:\/\/www.eldigitaldeasturias.com\/noticias\/el-principado-pone-en-marcha-una-estrategia-contra-la-brecha-salarial\/\" \/>\n\t\t<meta property=\"og:image\" content=\"https:\/\/www.eldigitaldeasturias.com\/noticias\/wp-content\/uploads\/2016\/11\/brecha-salarial.jpg\" \/>\n\t\t<meta property=\"og:image:secure_url\" content=\"https:\/\/www.eldigitaldeasturias.com\/noticias\/wp-content\/uploads\/2016\/11\/brecha-salarial.jpg\" \/>\n\t\t<meta property=\"og:image:width\" content=\"1280\" \/>\n\t\t<meta property=\"og:image:height\" content=\"782\" \/>\n\t\t<meta property=\"article:tag\" content=\"destacadas\" \/>\n\t\t<meta property=\"article:published_time\" content=\"2016-11-29T23:07:05+00:00\" \/>\n\t\t<meta property=\"article:modified_time\" content=\"2016-11-29T23:07:33+00:00\" \/>\n\t\t<meta property=\"article:publisher\" content=\"https:\/\/facebook.com\/eldigitaldeasturias\" \/>\n\t\t<meta name=\"twitter:card\" content=\"summary_large_image\" \/>\n\t\t<meta name=\"twitter:title\" content=\"El Principado pone en marcha una Estrategia contra la Brecha Salarial - El Digital de Asturias\" \/>\n\t\t<meta name=\"twitter:description\" content=\"La Estrategia Asturiana contra la Brecha Salarial prev\u00e9 la apertura de una ventanilla \u00fanica que centralice todas las denuncias presentadas en la comunidad en relaci\u00f3n con esta pr\u00e1ctica discriminatoria y la firma de un acuerdo entre el Gobierno del Principado y la Inspecci\u00f3n de Trabajo con el fin de que \u00e9sta \u00faltima investigue y sancione,\" \/>\n\t\t<meta name=\"twitter:image\" content=\"https:\/\/www.eldigitaldeasturias.com\/noticias\/wp-content\/uploads\/2016\/11\/brecha-salarial.jpg\" \/>\n\t\t<meta name=\"twitter:label1\" content=\"Escrito por\" \/>\n\t\t<meta name=\"twitter:data1\" content=\"El Digital de Asturias\" \/>\n\t\t<meta name=\"twitter:label2\" content=\"Tiempo de lectura estimado\" \/>\n\t\t<meta name=\"twitter:data2\" content=\"5 minutos\" \/>\n\t\t<script type=\"application\/ld+json\" class=\"aioseo-schema\">\n\t\t\t{\"@context\":\"https:\\\/\\\/schema.org\",\"@graph\":[{\"@type\":\"BlogPosting\",\"@id\":\"https:\\\/\\\/www.eldigitaldeasturias.com\\\/noticias\\\/el-principado-pone-en-marcha-una-estrategia-contra-la-brecha-salarial\\\/#blogposting\",\"name\":\"El Principado pone en marcha una Estrategia contra la Brecha Salarial - El Digital de Asturias\",\"headline\":\"El Principado pone en marcha una Estrategia contra la Brecha Salarial\",\"author\":{\"@id\":\"https:\\\/\\\/www.eldigitaldeasturias.com\\\/noticias\\\/author\\\/admin\\\/#author\"},\"publisher\":{\"@id\":\"https:\\\/\\\/www.eldigitaldeasturias.com\\\/noticias\\\/#organization\"},\"image\":{\"@type\":\"ImageObject\",\"url\":\"https:\\\/\\\/www.eldigitaldeasturias.com\\\/noticias\\\/wp-content\\\/uploads\\\/2016\\\/11\\\/brecha-salarial.jpg\",\"width\":1280,\"height\":782},\"datePublished\":\"2016-11-29T23:07:05+01:00\",\"dateModified\":\"2016-11-29T23:07:33+01:00\",\"inLanguage\":\"es-ES\",\"mainEntityOfPage\":{\"@id\":\"https:\\\/\\\/www.eldigitaldeasturias.com\\\/noticias\\\/el-principado-pone-en-marcha-una-estrategia-contra-la-brecha-salarial\\\/#webpage\"},\"isPartOf\":{\"@id\":\"https:\\\/\\\/www.eldigitaldeasturias.com\\\/noticias\\\/el-principado-pone-en-marcha-una-estrategia-contra-la-brecha-salarial\\\/#webpage\"},\"articleSection\":\"Destacadas\"},{\"@type\":\"BreadcrumbList\",\"@id\":\"https:\\\/\\\/www.eldigitaldeasturias.com\\\/noticias\\\/el-principado-pone-en-marcha-una-estrategia-contra-la-brecha-salarial\\\/#breadcrumblist\",\"itemListElement\":[{\"@type\":\"ListItem\",\"@id\":\"https:\\\/\\\/www.eldigitaldeasturias.com\\\/noticias#listItem\",\"position\":1,\"name\":\"Home\",\"item\":\"https:\\\/\\\/www.eldigitaldeasturias.com\\\/noticias\",\"nextItem\":{\"@type\":\"ListItem\",\"@id\":\"https:\\\/\\\/www.eldigitaldeasturias.com\\\/noticias\\\/category\\\/destacadas\\\/#listItem\",\"name\":\"Destacadas\"}},{\"@type\":\"ListItem\",\"@id\":\"https:\\\/\\\/www.eldigitaldeasturias.com\\\/noticias\\\/category\\\/destacadas\\\/#listItem\",\"position\":2,\"name\":\"Destacadas\",\"item\":\"https:\\\/\\\/www.eldigitaldeasturias.com\\\/noticias\\\/category\\\/destacadas\\\/\",\"nextItem\":{\"@type\":\"ListItem\",\"@id\":\"https:\\\/\\\/www.eldigitaldeasturias.com\\\/noticias\\\/el-principado-pone-en-marcha-una-estrategia-contra-la-brecha-salarial\\\/#listItem\",\"name\":\"El Principado pone en marcha una Estrategia contra la Brecha Salarial\"},\"previousItem\":{\"@type\":\"ListItem\",\"@id\":\"https:\\\/\\\/www.eldigitaldeasturias.com\\\/noticias#listItem\",\"name\":\"Home\"}},{\"@type\":\"ListItem\",\"@id\":\"https:\\\/\\\/www.eldigitaldeasturias.com\\\/noticias\\\/el-principado-pone-en-marcha-una-estrategia-contra-la-brecha-salarial\\\/#listItem\",\"position\":3,\"name\":\"El Principado pone en marcha una Estrategia contra la Brecha Salarial\",\"previousItem\":{\"@type\":\"ListItem\",\"@id\":\"https:\\\/\\\/www.eldigitaldeasturias.com\\\/noticias\\\/category\\\/destacadas\\\/#listItem\",\"name\":\"Destacadas\"}}]},{\"@type\":\"Organization\",\"@id\":\"https:\\\/\\\/www.eldigitaldeasturias.com\\\/noticias\\\/#organization\",\"name\":\"El Digital de Asturias\",\"description\":\"Hemeroteca\",\"url\":\"https:\\\/\\\/www.eldigitaldeasturias.com\\\/noticias\\\/\",\"email\":\"info@eldigitaldeasturias.com\",\"telephone\":\"+34652131393\",\"logo\":{\"@type\":\"ImageObject\",\"url\":\"https:\\\/\\\/www.eldigitaldeasturias.com\\\/noticias\\\/wp-content\\\/uploads\\\/2020\\\/12\\\/EDA.jpg\",\"@id\":\"https:\\\/\\\/www.eldigitaldeasturias.com\\\/noticias\\\/el-principado-pone-en-marcha-una-estrategia-contra-la-brecha-salarial\\\/#organizationLogo\",\"width\":649,\"height\":297},\"image\":{\"@id\":\"https:\\\/\\\/www.eldigitaldeasturias.com\\\/noticias\\\/el-principado-pone-en-marcha-una-estrategia-contra-la-brecha-salarial\\\/#organizationLogo\"},\"sameAs\":[\"https:\\\/\\\/facebook.com\\\/eldigitaldeasturias\",\"https:\\\/\\\/www.youtube.com\\\/channel\\\/UCZP-2wLEB9Rv6erhFmqVnvg\"],\"address\":{\"@id\":\"https:\\\/\\\/www.eldigitaldeasturias.com\\\/noticias\\\/#postaladdress\",\"@type\":\"PostalAddress\",\"streetAddress\":\"san antonio 4,\",\"postalCode\":\"33430\",\"addressLocality\":\"Cand\\u00e1s\",\"addressRegion\":\"Asturias\",\"addressCountry\":\"ES\"}},{\"@type\":\"Person\",\"@id\":\"https:\\\/\\\/www.eldigitaldeasturias.com\\\/noticias\\\/author\\\/admin\\\/#author\",\"url\":\"https:\\\/\\\/www.eldigitaldeasturias.com\\\/noticias\\\/author\\\/admin\\\/\",\"name\":\"El Digital de Asturias\",\"image\":{\"@type\":\"ImageObject\",\"@id\":\"https:\\\/\\\/www.eldigitaldeasturias.com\\\/noticias\\\/el-principado-pone-en-marcha-una-estrategia-contra-la-brecha-salarial\\\/#authorImage\",\"url\":\"https:\\\/\\\/www.eldigitaldeasturias.com\\\/noticias\\\/wp-content\\\/litespeed\\\/avatar\\\/18677e78aa0546b92d9dbf31ec7d7668.jpg?ver=1777290358\",\"width\":96,\"height\":96,\"caption\":\"El Digital de Asturias\"}},{\"@type\":\"WebPage\",\"@id\":\"https:\\\/\\\/www.eldigitaldeasturias.com\\\/noticias\\\/el-principado-pone-en-marcha-una-estrategia-contra-la-brecha-salarial\\\/#webpage\",\"url\":\"https:\\\/\\\/www.eldigitaldeasturias.com\\\/noticias\\\/el-principado-pone-en-marcha-una-estrategia-contra-la-brecha-salarial\\\/\",\"name\":\"El Principado pone en marcha una Estrategia contra la Brecha Salarial - El Digital de Asturias\",\"description\":\"La Estrategia Asturiana contra la Brecha Salarial prev\\u00e9 la apertura de una ventanilla \\u00fanica que centralice todas las denuncias presentadas en la comunidad en relaci\\u00f3n con esta pr\\u00e1ctica discriminatoria y la firma de un acuerdo entre el Gobierno del Principado y la Inspecci\\u00f3n de Trabajo con el fin de que \\u00e9sta \\u00faltima investigue y sancione,\",\"inLanguage\":\"es-ES\",\"isPartOf\":{\"@id\":\"https:\\\/\\\/www.eldigitaldeasturias.com\\\/noticias\\\/#website\"},\"breadcrumb\":{\"@id\":\"https:\\\/\\\/www.eldigitaldeasturias.com\\\/noticias\\\/el-principado-pone-en-marcha-una-estrategia-contra-la-brecha-salarial\\\/#breadcrumblist\"},\"author\":{\"@id\":\"https:\\\/\\\/www.eldigitaldeasturias.com\\\/noticias\\\/author\\\/admin\\\/#author\"},\"creator\":{\"@id\":\"https:\\\/\\\/www.eldigitaldeasturias.com\\\/noticias\\\/author\\\/admin\\\/#author\"},\"image\":{\"@type\":\"ImageObject\",\"url\":\"https:\\\/\\\/www.eldigitaldeasturias.com\\\/noticias\\\/wp-content\\\/uploads\\\/2016\\\/11\\\/brecha-salarial.jpg\",\"@id\":\"https:\\\/\\\/www.eldigitaldeasturias.com\\\/noticias\\\/el-principado-pone-en-marcha-una-estrategia-contra-la-brecha-salarial\\\/#mainImage\",\"width\":1280,\"height\":782},\"primaryImageOfPage\":{\"@id\":\"https:\\\/\\\/www.eldigitaldeasturias.com\\\/noticias\\\/el-principado-pone-en-marcha-una-estrategia-contra-la-brecha-salarial\\\/#mainImage\"},\"datePublished\":\"2016-11-29T23:07:05+01:00\",\"dateModified\":\"2016-11-29T23:07:33+01:00\"},{\"@type\":\"WebSite\",\"@id\":\"https:\\\/\\\/www.eldigitaldeasturias.com\\\/noticias\\\/#website\",\"url\":\"https:\\\/\\\/www.eldigitaldeasturias.com\\\/noticias\\\/\",\"name\":\"El Digital de Asturias - Diario de actualidad y noticias\",\"alternateName\":\"El Digital de Asturias - Diario de actualidad y noticias\",\"description\":\"Hemeroteca\",\"inLanguage\":\"es-ES\",\"publisher\":{\"@id\":\"https:\\\/\\\/www.eldigitaldeasturias.com\\\/noticias\\\/#organization\"}}]}\n\t\t<\/script>\n\t\t<!-- All in One SEO Pro -->\r\n\t\t<title>El Principado pone en marcha una Estrategia contra la Brecha Salarial - El Digital de Asturias<\/title>\n\n","aioseo_head_json":{"title":"El Principado pone en marcha una Estrategia contra la Brecha Salarial - El Digital de Asturias","description":"La Estrategia Asturiana contra la Brecha Salarial prev\u00e9 la apertura de una ventanilla \u00fanica que centralice todas las denuncias presentadas en la comunidad en relaci\u00f3n con esta pr\u00e1ctica discriminatoria y la firma de un acuerdo entre el Gobierno del Principado y la Inspecci\u00f3n de Trabajo con el fin de que \u00e9sta \u00faltima investigue y sancione,","canonical_url":"https:\/\/www.eldigitaldeasturias.com\/noticias\/el-principado-pone-en-marcha-una-estrategia-contra-la-brecha-salarial\/","robots":"max-image-preview:large","keywords":"destacadas","webmasterTools":{"google-site-verification":"UA-38556648-1","msvalidate.01":"7dfe9f3f1b24437ab69f4f2559babe99","miscellaneous":""},"schema":{"@context":"https:\/\/schema.org","@graph":[{"@type":"BlogPosting","@id":"https:\/\/www.eldigitaldeasturias.com\/noticias\/el-principado-pone-en-marcha-una-estrategia-contra-la-brecha-salarial\/#blogposting","name":"El Principado pone en marcha una Estrategia contra la Brecha Salarial - El Digital de Asturias","headline":"El Principado pone en marcha una Estrategia contra la Brecha Salarial","author":{"@id":"https:\/\/www.eldigitaldeasturias.com\/noticias\/author\/admin\/#author"},"publisher":{"@id":"https:\/\/www.eldigitaldeasturias.com\/noticias\/#organization"},"image":{"@type":"ImageObject","url":"https:\/\/www.eldigitaldeasturias.com\/noticias\/wp-content\/uploads\/2016\/11\/brecha-salarial.jpg","width":1280,"height":782},"datePublished":"2016-11-29T23:07:05+01:00","dateModified":"2016-11-29T23:07:33+01:00","inLanguage":"es-ES","mainEntityOfPage":{"@id":"https:\/\/www.eldigitaldeasturias.com\/noticias\/el-principado-pone-en-marcha-una-estrategia-contra-la-brecha-salarial\/#webpage"},"isPartOf":{"@id":"https:\/\/www.eldigitaldeasturias.com\/noticias\/el-principado-pone-en-marcha-una-estrategia-contra-la-brecha-salarial\/#webpage"},"articleSection":"Destacadas"},{"@type":"BreadcrumbList","@id":"https:\/\/www.eldigitaldeasturias.com\/noticias\/el-principado-pone-en-marcha-una-estrategia-contra-la-brecha-salarial\/#breadcrumblist","itemListElement":[{"@type":"ListItem","@id":"https:\/\/www.eldigitaldeasturias.com\/noticias#listItem","position":1,"name":"Home","item":"https:\/\/www.eldigitaldeasturias.com\/noticias","nextItem":{"@type":"ListItem","@id":"https:\/\/www.eldigitaldeasturias.com\/noticias\/category\/destacadas\/#listItem","name":"Destacadas"}},{"@type":"ListItem","@id":"https:\/\/www.eldigitaldeasturias.com\/noticias\/category\/destacadas\/#listItem","position":2,"name":"Destacadas","item":"https:\/\/www.eldigitaldeasturias.com\/noticias\/category\/destacadas\/","nextItem":{"@type":"ListItem","@id":"https:\/\/www.eldigitaldeasturias.com\/noticias\/el-principado-pone-en-marcha-una-estrategia-contra-la-brecha-salarial\/#listItem","name":"El Principado pone en marcha una Estrategia contra la Brecha Salarial"},"previousItem":{"@type":"ListItem","@id":"https:\/\/www.eldigitaldeasturias.com\/noticias#listItem","name":"Home"}},{"@type":"ListItem","@id":"https:\/\/www.eldigitaldeasturias.com\/noticias\/el-principado-pone-en-marcha-una-estrategia-contra-la-brecha-salarial\/#listItem","position":3,"name":"El Principado pone en marcha una Estrategia contra la Brecha Salarial","previousItem":{"@type":"ListItem","@id":"https:\/\/www.eldigitaldeasturias.com\/noticias\/category\/destacadas\/#listItem","name":"Destacadas"}}]},{"@type":"Organization","@id":"https:\/\/www.eldigitaldeasturias.com\/noticias\/#organization","name":"El Digital de Asturias","description":"Hemeroteca","url":"https:\/\/www.eldigitaldeasturias.com\/noticias\/","email":"info@eldigitaldeasturias.com","telephone":"+34652131393","logo":{"@type":"ImageObject","url":"https:\/\/www.eldigitaldeasturias.com\/noticias\/wp-content\/uploads\/2020\/12\/EDA.jpg","@id":"https:\/\/www.eldigitaldeasturias.com\/noticias\/el-principado-pone-en-marcha-una-estrategia-contra-la-brecha-salarial\/#organizationLogo","width":649,"height":297},"image":{"@id":"https:\/\/www.eldigitaldeasturias.com\/noticias\/el-principado-pone-en-marcha-una-estrategia-contra-la-brecha-salarial\/#organizationLogo"},"sameAs":["https:\/\/facebook.com\/eldigitaldeasturias","https:\/\/www.youtube.com\/channel\/UCZP-2wLEB9Rv6erhFmqVnvg"],"address":{"@id":"https:\/\/www.eldigitaldeasturias.com\/noticias\/#postaladdress","@type":"PostalAddress","streetAddress":"san antonio 4,","postalCode":"33430","addressLocality":"Cand\u00e1s","addressRegion":"Asturias","addressCountry":"ES"}},{"@type":"Person","@id":"https:\/\/www.eldigitaldeasturias.com\/noticias\/author\/admin\/#author","url":"https:\/\/www.eldigitaldeasturias.com\/noticias\/author\/admin\/","name":"El Digital de Asturias","image":{"@type":"ImageObject","@id":"https:\/\/www.eldigitaldeasturias.com\/noticias\/el-principado-pone-en-marcha-una-estrategia-contra-la-brecha-salarial\/#authorImage","url":"https:\/\/www.eldigitaldeasturias.com\/noticias\/wp-content\/litespeed\/avatar\/18677e78aa0546b92d9dbf31ec7d7668.jpg?ver=1777290358","width":96,"height":96,"caption":"El Digital de Asturias"}},{"@type":"WebPage","@id":"https:\/\/www.eldigitaldeasturias.com\/noticias\/el-principado-pone-en-marcha-una-estrategia-contra-la-brecha-salarial\/#webpage","url":"https:\/\/www.eldigitaldeasturias.com\/noticias\/el-principado-pone-en-marcha-una-estrategia-contra-la-brecha-salarial\/","name":"El Principado pone en marcha una Estrategia contra la Brecha Salarial - El Digital de Asturias","description":"La Estrategia Asturiana contra la Brecha Salarial prev\u00e9 la apertura de una ventanilla \u00fanica que centralice todas las denuncias presentadas en la comunidad en relaci\u00f3n con esta pr\u00e1ctica discriminatoria y la firma de un acuerdo entre el Gobierno del Principado y la Inspecci\u00f3n de Trabajo con el fin de que \u00e9sta \u00faltima investigue y sancione,","inLanguage":"es-ES","isPartOf":{"@id":"https:\/\/www.eldigitaldeasturias.com\/noticias\/#website"},"breadcrumb":{"@id":"https:\/\/www.eldigitaldeasturias.com\/noticias\/el-principado-pone-en-marcha-una-estrategia-contra-la-brecha-salarial\/#breadcrumblist"},"author":{"@id":"https:\/\/www.eldigitaldeasturias.com\/noticias\/author\/admin\/#author"},"creator":{"@id":"https:\/\/www.eldigitaldeasturias.com\/noticias\/author\/admin\/#author"},"image":{"@type":"ImageObject","url":"https:\/\/www.eldigitaldeasturias.com\/noticias\/wp-content\/uploads\/2016\/11\/brecha-salarial.jpg","@id":"https:\/\/www.eldigitaldeasturias.com\/noticias\/el-principado-pone-en-marcha-una-estrategia-contra-la-brecha-salarial\/#mainImage","width":1280,"height":782},"primaryImageOfPage":{"@id":"https:\/\/www.eldigitaldeasturias.com\/noticias\/el-principado-pone-en-marcha-una-estrategia-contra-la-brecha-salarial\/#mainImage"},"datePublished":"2016-11-29T23:07:05+01:00","dateModified":"2016-11-29T23:07:33+01:00"},{"@type":"WebSite","@id":"https:\/\/www.eldigitaldeasturias.com\/noticias\/#website","url":"https:\/\/www.eldigitaldeasturias.com\/noticias\/","name":"El Digital de Asturias - Diario de actualidad y noticias","alternateName":"El Digital de Asturias - Diario de actualidad y noticias","description":"Hemeroteca","inLanguage":"es-ES","publisher":{"@id":"https:\/\/www.eldigitaldeasturias.com\/noticias\/#organization"}}]},"og:locale":"es_ES","og:site_name":"El Digital de Asturias","og:type":"article","og:title":"El Principado pone en marcha una Estrategia contra la Brecha Salarial - El Digital de Asturias","og:description":"La Estrategia Asturiana contra la Brecha Salarial prev\u00e9 la apertura de una ventanilla \u00fanica que centralice todas las denuncias presentadas en la comunidad en relaci\u00f3n con esta pr\u00e1ctica discriminatoria y la firma de un acuerdo entre el Gobierno del Principado y la Inspecci\u00f3n de Trabajo con el fin de que \u00e9sta \u00faltima investigue y sancione,","og:url":"https:\/\/www.eldigitaldeasturias.com\/noticias\/el-principado-pone-en-marcha-una-estrategia-contra-la-brecha-salarial\/","og:image":"https:\/\/www.eldigitaldeasturias.com\/noticias\/wp-content\/uploads\/2016\/11\/brecha-salarial.jpg","og:image:secure_url":"https:\/\/www.eldigitaldeasturias.com\/noticias\/wp-content\/uploads\/2016\/11\/brecha-salarial.jpg","og:image:width":1280,"og:image:height":782,"article:tag":["destacadas"],"article:published_time":"2016-11-29T23:07:05+00:00","article:modified_time":"2016-11-29T23:07:33+00:00","article:publisher":"https:\/\/facebook.com\/eldigitaldeasturias","twitter:card":"summary_large_image","twitter:title":"El Principado pone en marcha una Estrategia contra la Brecha Salarial - El Digital de Asturias","twitter:description":"La Estrategia Asturiana contra la Brecha Salarial prev\u00e9 la apertura de una ventanilla \u00fanica que centralice todas las denuncias presentadas en la comunidad en relaci\u00f3n con esta pr\u00e1ctica discriminatoria y la firma de un acuerdo entre el Gobierno del Principado y la Inspecci\u00f3n de Trabajo con el fin de que \u00e9sta \u00faltima investigue y sancione,","twitter:image":"https:\/\/www.eldigitaldeasturias.com\/noticias\/wp-content\/uploads\/2016\/11\/brecha-salarial.jpg","twitter:label1":"Escrito por","twitter:data1":"El Digital de Asturias","twitter:label2":"Tiempo de lectura estimado","twitter:data2":"5 minutos"},"aioseo_meta_data":{"post_id":"918004","title":null,"description":null,"keywords":null,"keyphrases":null,"primary_term":null,"canonical_url":null,"og_title":null,"og_description":null,"og_object_type":"default","og_image_type":"default","og_image_url":null,"og_image_width":null,"og_image_height":null,"og_image_custom_url":null,"og_image_custom_fields":null,"og_video":null,"og_custom_url":null,"og_article_section":null,"og_article_tags":null,"twitter_use_og":false,"twitter_card":"default","twitter_image_type":"default","twitter_image_url":null,"twitter_image_custom_url":null,"twitter_image_custom_fields":null,"twitter_title":null,"twitter_description":null,"schema":{"blockGraphs":[],"customGraphs":[],"default":{"data":{"Article":[],"Course":[],"Dataset":[],"FAQPage":[],"Movie":[],"Person":[],"Product":[],"ProductReview":[],"Car":[],"Recipe":[],"Service":[],"SoftwareApplication":[],"WebPage":[]},"graphName":"","isEnabled":true},"graphs":[],"defaultGraph":"","defaultPostTypeGraph":""},"schema_type":null,"schema_type_options":null,"pillar_content":false,"robots_default":true,"robots_noindex":false,"robots_noarchive":false,"robots_nosnippet":false,"robots_nofollow":false,"robots_noimageindex":false,"robots_noodp":false,"robots_notranslate":false,"robots_max_snippet":null,"robots_max_videopreview":null,"robots_max_imagepreview":"large","priority":null,"frequency":null,"local_seo":null,"seo_analyzer_scan_date":"2025-12-02 01:30:09","breadcrumb_settings":null,"limit_modified_date":false,"open_ai":null,"ai":null,"created":"2020-12-21 13:52:45","updated":"2025-12-02 01:30:09"},"aioseo_breadcrumb":"<div class=\"aioseo-breadcrumbs\"><span class=\"aioseo-breadcrumb\">\n\t<a href=\"https:\/\/www.eldigitaldeasturias.com\/noticias\" title=\"Home\">Home<\/a>\n<\/span><span class=\"aioseo-breadcrumb-separator\">\u2013<\/span><span class=\"aioseo-breadcrumb\">\n\t<a href=\"https:\/\/www.eldigitaldeasturias.com\/noticias\/category\/destacadas\/\" title=\"Destacadas\">Destacadas<\/a>\n<\/span><span class=\"aioseo-breadcrumb-separator\">\u2013<\/span><span class=\"aioseo-breadcrumb\">\n\t<a href=\"https:\/\/www.eldigitaldeasturias.com\/noticias\/el-principado-pone-en-marcha-una-estrategia-contra-la-brecha-salarial\/\" title=\"El Principado pone en marcha una Estrategia contra la Brecha Salarial\">El Principado pone en marcha una Estrategia contra la Brecha Salarial<\/a>\n<\/span><\/div>","aioseo_breadcrumb_json":[{"label":"Home","link":"https:\/\/www.eldigitaldeasturias.com\/noticias"},{"label":"Destacadas","link":"https:\/\/www.eldigitaldeasturias.com\/noticias\/category\/destacadas\/"},{"label":"El Principado pone en marcha una Estrategia contra la Brecha Salarial","link":"https:\/\/www.eldigitaldeasturias.com\/noticias\/el-principado-pone-en-marcha-una-estrategia-contra-la-brecha-salarial\/"}],"_links":{"self":[{"href":"https:\/\/www.eldigitaldeasturias.com\/noticias\/wp-json\/wp\/v2\/posts\/918004","targetHints":{"allow":["GET"]}}],"collection":[{"href":"https:\/\/www.eldigitaldeasturias.com\/noticias\/wp-json\/wp\/v2\/posts"}],"about":[{"href":"https:\/\/www.eldigitaldeasturias.com\/noticias\/wp-json\/wp\/v2\/types\/post"}],"author":[{"embeddable":true,"href":"https:\/\/www.eldigitaldeasturias.com\/noticias\/wp-json\/wp\/v2\/users\/1"}],"replies":[{"embeddable":true,"href":"https:\/\/www.eldigitaldeasturias.com\/noticias\/wp-json\/wp\/v2\/comments?post=918004"}],"version-history":[{"count":0,"href":"https:\/\/www.eldigitaldeasturias.com\/noticias\/wp-json\/wp\/v2\/posts\/918004\/revisions"}],"wp:featuredmedia":[{"embeddable":true,"href":"https:\/\/www.eldigitaldeasturias.com\/noticias\/wp-json\/wp\/v2\/media\/918005"}],"wp:attachment":[{"href":"https:\/\/www.eldigitaldeasturias.com\/noticias\/wp-json\/wp\/v2\/media?parent=918004"}],"wp:term":[{"taxonomy":"category","embeddable":true,"href":"https:\/\/www.eldigitaldeasturias.com\/noticias\/wp-json\/wp\/v2\/categories?post=918004"},{"taxonomy":"post_tag","embeddable":true,"href":"https:\/\/www.eldigitaldeasturias.com\/noticias\/wp-json\/wp\/v2\/tags?post=918004"}],"curies":[{"name":"wp","href":"https:\/\/api.w.org\/{rel}","templated":true}]}}