{"id":917717,"date":"2016-11-28T13:05:00","date_gmt":"2016-11-28T13:05:00","guid":{"rendered":"http:\/\/www.eldigitaldeasturias.com\/noticias\/?p=917717"},"modified":"2016-11-28T13:05:00","modified_gmt":"2016-11-28T13:05:00","slug":"jornada-de-teatro-en-el-centro-de-imagen-y-sonido-de-langreo","status":"publish","type":"post","link":"https:\/\/www.eldigitaldeasturias.com\/noticias\/jornada-de-teatro-en-el-centro-de-imagen-y-sonido-de-langreo\/","title":{"rendered":"Jornada de teatro en el Centro de Imagen y Sonido de Langreo"},"content":{"rendered":"<p><img loading=\"lazy\" decoding=\"async\" class=\"alignleft size-medium wp-image-431792\" src=\"https:\/\/www.eldigitaldeasturias.com\/noticias\/wp-content\/uploads\/2013\/10\/agenda-360x238.jpg\" alt=\"agenda\" width=\"360\" height=\"238\" srcset=\"https:\/\/www.eldigitaldeasturias.com\/noticias\/wp-content\/uploads\/2013\/10\/agenda-360x238.jpg 360w, https:\/\/www.eldigitaldeasturias.com\/noticias\/wp-content\/uploads\/2013\/10\/agenda-453x300.jpg 453w, https:\/\/www.eldigitaldeasturias.com\/noticias\/wp-content\/uploads\/2013\/10\/agenda-20x13.jpg 20w, https:\/\/www.eldigitaldeasturias.com\/noticias\/wp-content\/uploads\/2013\/10\/agenda.jpg 500w\" sizes=\"auto, (max-width: 360px) 100vw, 360px\" \/>El Centro Integrado de Comunicaci\u00f3n, Imagen y Sonido de Langreo (CIFP CISLAN) acoge el martes, 29 de noviembre de 2016, una jornada dedicada monogr\u00e1ficamente al teatro.<\/p>\n<p>Este evento forma parte de las actividades que conmemoran el d\u00e9cimo aniversario de la inauguraci\u00f3n del centro. Durante dicha jornada se representar\u00e1n cuatro obras de teatro.<\/p>\n<p>Por un lado, el alumnado de 2\u00ba de Producci\u00f3n de Audiovisuales y Espect\u00e1culos estrena la obra \u201cFlor roja\u201d en el Nuevo Teatro de La Felguera a partir de las 20:00 horas. La entrada ser\u00e1 libre hasta completar aforo.<\/p>\n<p>Por otro, el alumnado de 1\u00ba de Producci\u00f3n de Audiovisuales y Espect\u00e1culos organiza la III Jornada de microteatro en varios espacios esc\u00e9nicos no convencionales del centro con las siguientes obras:<\/p>\n<ul>\n<li>Dos tristes tigres de Jos\u00e9 Sanch\u00eds Sinisterra.<\/li>\n<li>La ceremonia de Ricardo Men\u00e9ndez Salm\u00f3n.<\/li>\n<li>La quiniela de Jos\u00e9 Ram\u00f3n Oliva (obra en asturiano).<\/li>\n<\/ul>\n<p>&nbsp;<\/p>\n<p>&nbsp;<\/p>\n","protected":false},"excerpt":{"rendered":"<p>El Centro Integrado de Comunicaci\u00f3n, Imagen y Sonido de Langreo (CIFP CISLAN) acoge el martes, 29 de noviembre de 2016, una jornada dedicada monogr\u00e1ficamente al teatro. Este evento forma parte de las actividades que conmemoran el d\u00e9cimo aniversario de la inauguraci\u00f3n del centro. Durante dicha jornada se representar\u00e1n cuatro obras de teatro. Por un lado, [&hellip;]<\/p>\n","protected":false},"author":1,"featured_media":431792,"comment_status":"closed","ping_status":"closed","sticky":false,"template":"","format":"standard","meta":{"footnotes":""},"categories":[50],"tags":[],"class_list":["post-917717","post","type-post","status-publish","format-standard","has-post-thumbnail","hentry","category-revista-de-ocio"],"aioseo_notices":[],"aioseo_head":"\n\t\t<!-- All in One SEO Pro 4.9.6.2 - aioseo.com -->\n\t<meta name=\"description\" content=\"El Centro Integrado de Comunicaci\u00f3n, Imagen y Sonido de Langreo (CIFP CISLAN) acoge el martes, 29 de noviembre de 2016, una jornada dedicada monogr\u00e1ficamente al teatro. Este evento forma parte de las actividades que conmemoran el d\u00e9cimo aniversario de la inauguraci\u00f3n del centro. Durante dicha jornada se representar\u00e1n cuatro obras de teatro. Por un lado,\" \/>\n\t<meta name=\"robots\" content=\"max-image-preview:large\" \/>\n\t<meta name=\"author\" content=\"El Digital de Asturias\"\/>\n\t<meta name=\"google-site-verification\" content=\"UA-38556648-1\" \/>\n\t<meta name=\"msvalidate.01\" content=\"7dfe9f3f1b24437ab69f4f2559babe99\" \/>\n\t<meta name=\"keywords\" content=\"revista de ocio\" \/>\n\t<link rel=\"canonical\" href=\"https:\/\/www.eldigitaldeasturias.com\/noticias\/jornada-de-teatro-en-el-centro-de-imagen-y-sonido-de-langreo\/\" \/>\n\t<meta name=\"generator\" content=\"All in One SEO Pro (AIOSEO) 4.9.6.2\" \/>\n\t\t<meta property=\"og:locale\" content=\"es_ES\" \/>\n\t\t<meta property=\"og:site_name\" content=\"El Digital de Asturias\" \/>\n\t\t<meta property=\"og:type\" content=\"article\" \/>\n\t\t<meta property=\"og:title\" content=\"Jornada de teatro en el Centro de Imagen y Sonido de Langreo - El Digital de Asturias\" \/>\n\t\t<meta property=\"og:description\" content=\"El Centro Integrado de Comunicaci\u00f3n, Imagen y Sonido de Langreo (CIFP CISLAN) acoge el martes, 29 de noviembre de 2016, una jornada dedicada monogr\u00e1ficamente al teatro. Este evento forma parte de las actividades que conmemoran el d\u00e9cimo aniversario de la inauguraci\u00f3n del centro. Durante dicha jornada se representar\u00e1n cuatro obras de teatro. Por un lado,\" \/>\n\t\t<meta property=\"og:url\" content=\"https:\/\/www.eldigitaldeasturias.com\/noticias\/jornada-de-teatro-en-el-centro-de-imagen-y-sonido-de-langreo\/\" \/>\n\t\t<meta property=\"og:image\" content=\"https:\/\/www.eldigitaldeasturias.com\/noticias\/wp-content\/uploads\/2013\/10\/agenda.jpg\" \/>\n\t\t<meta property=\"og:image:secure_url\" content=\"https:\/\/www.eldigitaldeasturias.com\/noticias\/wp-content\/uploads\/2013\/10\/agenda.jpg\" \/>\n\t\t<meta property=\"og:image:width\" content=\"500\" \/>\n\t\t<meta property=\"og:image:height\" content=\"331\" \/>\n\t\t<meta property=\"article:tag\" content=\"revista de ocio\" \/>\n\t\t<meta property=\"article:published_time\" content=\"2016-11-28T13:05:00+00:00\" \/>\n\t\t<meta property=\"article:modified_time\" content=\"2016-11-28T13:05:00+00:00\" \/>\n\t\t<meta property=\"article:publisher\" content=\"https:\/\/facebook.com\/eldigitaldeasturias\" \/>\n\t\t<meta name=\"twitter:card\" content=\"summary_large_image\" \/>\n\t\t<meta name=\"twitter:title\" content=\"Jornada de teatro en el Centro de Imagen y Sonido de Langreo - El Digital de Asturias\" \/>\n\t\t<meta name=\"twitter:description\" content=\"El Centro Integrado de Comunicaci\u00f3n, Imagen y Sonido de Langreo (CIFP CISLAN) acoge el martes, 29 de noviembre de 2016, una jornada dedicada monogr\u00e1ficamente al teatro. Este evento forma parte de las actividades que conmemoran el d\u00e9cimo aniversario de la inauguraci\u00f3n del centro. Durante dicha jornada se representar\u00e1n cuatro obras de teatro. Por un lado,\" \/>\n\t\t<meta name=\"twitter:image\" content=\"https:\/\/www.eldigitaldeasturias.com\/noticias\/wp-content\/uploads\/2013\/10\/agenda.jpg\" \/>\n\t\t<meta name=\"twitter:label1\" content=\"Escrito por\" \/>\n\t\t<meta name=\"twitter:data1\" content=\"El Digital de Asturias\" \/>\n\t\t<meta name=\"twitter:label2\" content=\"Tiempo de lectura estimado\" \/>\n\t\t<meta name=\"twitter:data2\" content=\"1 minuto\" \/>\n\t\t<script type=\"application\/ld+json\" class=\"aioseo-schema\">\n\t\t\t{\"@context\":\"https:\\\/\\\/schema.org\",\"@graph\":[{\"@type\":\"BlogPosting\",\"@id\":\"https:\\\/\\\/www.eldigitaldeasturias.com\\\/noticias\\\/jornada-de-teatro-en-el-centro-de-imagen-y-sonido-de-langreo\\\/#blogposting\",\"name\":\"Jornada de teatro en el Centro de Imagen y Sonido de Langreo - El Digital de Asturias\",\"headline\":\"Jornada de teatro en el Centro de Imagen y Sonido de Langreo\",\"author\":{\"@id\":\"https:\\\/\\\/www.eldigitaldeasturias.com\\\/noticias\\\/author\\\/admin\\\/#author\"},\"publisher\":{\"@id\":\"https:\\\/\\\/www.eldigitaldeasturias.com\\\/noticias\\\/#organization\"},\"image\":{\"@type\":\"ImageObject\",\"url\":\"https:\\\/\\\/www.eldigitaldeasturias.com\\\/noticias\\\/wp-content\\\/uploads\\\/2013\\\/10\\\/agenda.jpg\",\"width\":500,\"height\":331},\"datePublished\":\"2016-11-28T13:05:00+01:00\",\"dateModified\":\"2016-11-28T13:05:00+01:00\",\"inLanguage\":\"es-ES\",\"mainEntityOfPage\":{\"@id\":\"https:\\\/\\\/www.eldigitaldeasturias.com\\\/noticias\\\/jornada-de-teatro-en-el-centro-de-imagen-y-sonido-de-langreo\\\/#webpage\"},\"isPartOf\":{\"@id\":\"https:\\\/\\\/www.eldigitaldeasturias.com\\\/noticias\\\/jornada-de-teatro-en-el-centro-de-imagen-y-sonido-de-langreo\\\/#webpage\"},\"articleSection\":\"Revista de Ocio\"},{\"@type\":\"BreadcrumbList\",\"@id\":\"https:\\\/\\\/www.eldigitaldeasturias.com\\\/noticias\\\/jornada-de-teatro-en-el-centro-de-imagen-y-sonido-de-langreo\\\/#breadcrumblist\",\"itemListElement\":[{\"@type\":\"ListItem\",\"@id\":\"https:\\\/\\\/www.eldigitaldeasturias.com\\\/noticias#listItem\",\"position\":1,\"name\":\"Home\",\"item\":\"https:\\\/\\\/www.eldigitaldeasturias.com\\\/noticias\",\"nextItem\":{\"@type\":\"ListItem\",\"@id\":\"https:\\\/\\\/www.eldigitaldeasturias.com\\\/noticias\\\/category\\\/revista-de-ocio\\\/#listItem\",\"name\":\"Revista de Ocio\"}},{\"@type\":\"ListItem\",\"@id\":\"https:\\\/\\\/www.eldigitaldeasturias.com\\\/noticias\\\/category\\\/revista-de-ocio\\\/#listItem\",\"position\":2,\"name\":\"Revista de Ocio\",\"item\":\"https:\\\/\\\/www.eldigitaldeasturias.com\\\/noticias\\\/category\\\/revista-de-ocio\\\/\",\"nextItem\":{\"@type\":\"ListItem\",\"@id\":\"https:\\\/\\\/www.eldigitaldeasturias.com\\\/noticias\\\/jornada-de-teatro-en-el-centro-de-imagen-y-sonido-de-langreo\\\/#listItem\",\"name\":\"Jornada de teatro en el Centro de Imagen y Sonido de Langreo\"},\"previousItem\":{\"@type\":\"ListItem\",\"@id\":\"https:\\\/\\\/www.eldigitaldeasturias.com\\\/noticias#listItem\",\"name\":\"Home\"}},{\"@type\":\"ListItem\",\"@id\":\"https:\\\/\\\/www.eldigitaldeasturias.com\\\/noticias\\\/jornada-de-teatro-en-el-centro-de-imagen-y-sonido-de-langreo\\\/#listItem\",\"position\":3,\"name\":\"Jornada de teatro en el Centro de Imagen y Sonido de Langreo\",\"previousItem\":{\"@type\":\"ListItem\",\"@id\":\"https:\\\/\\\/www.eldigitaldeasturias.com\\\/noticias\\\/category\\\/revista-de-ocio\\\/#listItem\",\"name\":\"Revista de Ocio\"}}]},{\"@type\":\"Organization\",\"@id\":\"https:\\\/\\\/www.eldigitaldeasturias.com\\\/noticias\\\/#organization\",\"name\":\"El Digital de Asturias\",\"description\":\"Hemeroteca\",\"url\":\"https:\\\/\\\/www.eldigitaldeasturias.com\\\/noticias\\\/\",\"email\":\"info@eldigitaldeasturias.com\",\"telephone\":\"+34652131393\",\"logo\":{\"@type\":\"ImageObject\",\"url\":\"https:\\\/\\\/www.eldigitaldeasturias.com\\\/noticias\\\/wp-content\\\/uploads\\\/2020\\\/12\\\/EDA.jpg\",\"@id\":\"https:\\\/\\\/www.eldigitaldeasturias.com\\\/noticias\\\/jornada-de-teatro-en-el-centro-de-imagen-y-sonido-de-langreo\\\/#organizationLogo\",\"width\":649,\"height\":297},\"image\":{\"@id\":\"https:\\\/\\\/www.eldigitaldeasturias.com\\\/noticias\\\/jornada-de-teatro-en-el-centro-de-imagen-y-sonido-de-langreo\\\/#organizationLogo\"},\"sameAs\":[\"https:\\\/\\\/facebook.com\\\/eldigitaldeasturias\",\"https:\\\/\\\/www.youtube.com\\\/channel\\\/UCZP-2wLEB9Rv6erhFmqVnvg\"],\"address\":{\"@id\":\"https:\\\/\\\/www.eldigitaldeasturias.com\\\/noticias\\\/#postaladdress\",\"@type\":\"PostalAddress\",\"streetAddress\":\"san antonio 4,\",\"postalCode\":\"33430\",\"addressLocality\":\"Cand\\u00e1s\",\"addressRegion\":\"Asturias\",\"addressCountry\":\"ES\"}},{\"@type\":\"Person\",\"@id\":\"https:\\\/\\\/www.eldigitaldeasturias.com\\\/noticias\\\/author\\\/admin\\\/#author\",\"url\":\"https:\\\/\\\/www.eldigitaldeasturias.com\\\/noticias\\\/author\\\/admin\\\/\",\"name\":\"El Digital de Asturias\",\"image\":{\"@type\":\"ImageObject\",\"@id\":\"https:\\\/\\\/www.eldigitaldeasturias.com\\\/noticias\\\/jornada-de-teatro-en-el-centro-de-imagen-y-sonido-de-langreo\\\/#authorImage\",\"url\":\"https:\\\/\\\/www.eldigitaldeasturias.com\\\/noticias\\\/wp-content\\\/litespeed\\\/avatar\\\/18677e78aa0546b92d9dbf31ec7d7668.jpg?ver=1777290358\",\"width\":96,\"height\":96,\"caption\":\"El Digital de Asturias\"}},{\"@type\":\"WebPage\",\"@id\":\"https:\\\/\\\/www.eldigitaldeasturias.com\\\/noticias\\\/jornada-de-teatro-en-el-centro-de-imagen-y-sonido-de-langreo\\\/#webpage\",\"url\":\"https:\\\/\\\/www.eldigitaldeasturias.com\\\/noticias\\\/jornada-de-teatro-en-el-centro-de-imagen-y-sonido-de-langreo\\\/\",\"name\":\"Jornada de teatro en el Centro de Imagen y Sonido de Langreo - El Digital de Asturias\",\"description\":\"El Centro Integrado de Comunicaci\\u00f3n, Imagen y Sonido de Langreo (CIFP CISLAN) acoge el martes, 29 de noviembre de 2016, una jornada dedicada monogr\\u00e1ficamente al teatro. Este evento forma parte de las actividades que conmemoran el d\\u00e9cimo aniversario de la inauguraci\\u00f3n del centro. Durante dicha jornada se representar\\u00e1n cuatro obras de teatro. Por un lado,\",\"inLanguage\":\"es-ES\",\"isPartOf\":{\"@id\":\"https:\\\/\\\/www.eldigitaldeasturias.com\\\/noticias\\\/#website\"},\"breadcrumb\":{\"@id\":\"https:\\\/\\\/www.eldigitaldeasturias.com\\\/noticias\\\/jornada-de-teatro-en-el-centro-de-imagen-y-sonido-de-langreo\\\/#breadcrumblist\"},\"author\":{\"@id\":\"https:\\\/\\\/www.eldigitaldeasturias.com\\\/noticias\\\/author\\\/admin\\\/#author\"},\"creator\":{\"@id\":\"https:\\\/\\\/www.eldigitaldeasturias.com\\\/noticias\\\/author\\\/admin\\\/#author\"},\"image\":{\"@type\":\"ImageObject\",\"url\":\"https:\\\/\\\/www.eldigitaldeasturias.com\\\/noticias\\\/wp-content\\\/uploads\\\/2013\\\/10\\\/agenda.jpg\",\"@id\":\"https:\\\/\\\/www.eldigitaldeasturias.com\\\/noticias\\\/jornada-de-teatro-en-el-centro-de-imagen-y-sonido-de-langreo\\\/#mainImage\",\"width\":500,\"height\":331},\"primaryImageOfPage\":{\"@id\":\"https:\\\/\\\/www.eldigitaldeasturias.com\\\/noticias\\\/jornada-de-teatro-en-el-centro-de-imagen-y-sonido-de-langreo\\\/#mainImage\"},\"datePublished\":\"2016-11-28T13:05:00+01:00\",\"dateModified\":\"2016-11-28T13:05:00+01:00\"},{\"@type\":\"WebSite\",\"@id\":\"https:\\\/\\\/www.eldigitaldeasturias.com\\\/noticias\\\/#website\",\"url\":\"https:\\\/\\\/www.eldigitaldeasturias.com\\\/noticias\\\/\",\"name\":\"El Digital de Asturias - Diario de actualidad y noticias\",\"alternateName\":\"El Digital de Asturias - Diario de actualidad y noticias\",\"description\":\"Hemeroteca\",\"inLanguage\":\"es-ES\",\"publisher\":{\"@id\":\"https:\\\/\\\/www.eldigitaldeasturias.com\\\/noticias\\\/#organization\"}}]}\n\t\t<\/script>\n\t\t<!-- All in One SEO Pro -->\r\n\t\t<title>Jornada de teatro en el Centro de Imagen y Sonido de Langreo - El Digital de Asturias<\/title>\n\n","aioseo_head_json":{"title":"Jornada de teatro en el Centro de Imagen y Sonido de Langreo - El Digital de Asturias","description":"El Centro Integrado de Comunicaci\u00f3n, Imagen y Sonido de Langreo (CIFP CISLAN) acoge el martes, 29 de noviembre de 2016, una jornada dedicada monogr\u00e1ficamente al teatro. Este evento forma parte de las actividades que conmemoran el d\u00e9cimo aniversario de la inauguraci\u00f3n del centro. Durante dicha jornada se representar\u00e1n cuatro obras de teatro. Por un lado,","canonical_url":"https:\/\/www.eldigitaldeasturias.com\/noticias\/jornada-de-teatro-en-el-centro-de-imagen-y-sonido-de-langreo\/","robots":"max-image-preview:large","keywords":"revista de ocio","webmasterTools":{"google-site-verification":"UA-38556648-1","msvalidate.01":"7dfe9f3f1b24437ab69f4f2559babe99","miscellaneous":""},"schema":{"@context":"https:\/\/schema.org","@graph":[{"@type":"BlogPosting","@id":"https:\/\/www.eldigitaldeasturias.com\/noticias\/jornada-de-teatro-en-el-centro-de-imagen-y-sonido-de-langreo\/#blogposting","name":"Jornada de teatro en el Centro de Imagen y Sonido de Langreo - El Digital de Asturias","headline":"Jornada de teatro en el Centro de Imagen y Sonido de Langreo","author":{"@id":"https:\/\/www.eldigitaldeasturias.com\/noticias\/author\/admin\/#author"},"publisher":{"@id":"https:\/\/www.eldigitaldeasturias.com\/noticias\/#organization"},"image":{"@type":"ImageObject","url":"https:\/\/www.eldigitaldeasturias.com\/noticias\/wp-content\/uploads\/2013\/10\/agenda.jpg","width":500,"height":331},"datePublished":"2016-11-28T13:05:00+01:00","dateModified":"2016-11-28T13:05:00+01:00","inLanguage":"es-ES","mainEntityOfPage":{"@id":"https:\/\/www.eldigitaldeasturias.com\/noticias\/jornada-de-teatro-en-el-centro-de-imagen-y-sonido-de-langreo\/#webpage"},"isPartOf":{"@id":"https:\/\/www.eldigitaldeasturias.com\/noticias\/jornada-de-teatro-en-el-centro-de-imagen-y-sonido-de-langreo\/#webpage"},"articleSection":"Revista de Ocio"},{"@type":"BreadcrumbList","@id":"https:\/\/www.eldigitaldeasturias.com\/noticias\/jornada-de-teatro-en-el-centro-de-imagen-y-sonido-de-langreo\/#breadcrumblist","itemListElement":[{"@type":"ListItem","@id":"https:\/\/www.eldigitaldeasturias.com\/noticias#listItem","position":1,"name":"Home","item":"https:\/\/www.eldigitaldeasturias.com\/noticias","nextItem":{"@type":"ListItem","@id":"https:\/\/www.eldigitaldeasturias.com\/noticias\/category\/revista-de-ocio\/#listItem","name":"Revista de Ocio"}},{"@type":"ListItem","@id":"https:\/\/www.eldigitaldeasturias.com\/noticias\/category\/revista-de-ocio\/#listItem","position":2,"name":"Revista de Ocio","item":"https:\/\/www.eldigitaldeasturias.com\/noticias\/category\/revista-de-ocio\/","nextItem":{"@type":"ListItem","@id":"https:\/\/www.eldigitaldeasturias.com\/noticias\/jornada-de-teatro-en-el-centro-de-imagen-y-sonido-de-langreo\/#listItem","name":"Jornada de teatro en el Centro de Imagen y Sonido de Langreo"},"previousItem":{"@type":"ListItem","@id":"https:\/\/www.eldigitaldeasturias.com\/noticias#listItem","name":"Home"}},{"@type":"ListItem","@id":"https:\/\/www.eldigitaldeasturias.com\/noticias\/jornada-de-teatro-en-el-centro-de-imagen-y-sonido-de-langreo\/#listItem","position":3,"name":"Jornada de teatro en el Centro de Imagen y Sonido de Langreo","previousItem":{"@type":"ListItem","@id":"https:\/\/www.eldigitaldeasturias.com\/noticias\/category\/revista-de-ocio\/#listItem","name":"Revista de Ocio"}}]},{"@type":"Organization","@id":"https:\/\/www.eldigitaldeasturias.com\/noticias\/#organization","name":"El Digital de Asturias","description":"Hemeroteca","url":"https:\/\/www.eldigitaldeasturias.com\/noticias\/","email":"info@eldigitaldeasturias.com","telephone":"+34652131393","logo":{"@type":"ImageObject","url":"https:\/\/www.eldigitaldeasturias.com\/noticias\/wp-content\/uploads\/2020\/12\/EDA.jpg","@id":"https:\/\/www.eldigitaldeasturias.com\/noticias\/jornada-de-teatro-en-el-centro-de-imagen-y-sonido-de-langreo\/#organizationLogo","width":649,"height":297},"image":{"@id":"https:\/\/www.eldigitaldeasturias.com\/noticias\/jornada-de-teatro-en-el-centro-de-imagen-y-sonido-de-langreo\/#organizationLogo"},"sameAs":["https:\/\/facebook.com\/eldigitaldeasturias","https:\/\/www.youtube.com\/channel\/UCZP-2wLEB9Rv6erhFmqVnvg"],"address":{"@id":"https:\/\/www.eldigitaldeasturias.com\/noticias\/#postaladdress","@type":"PostalAddress","streetAddress":"san antonio 4,","postalCode":"33430","addressLocality":"Cand\u00e1s","addressRegion":"Asturias","addressCountry":"ES"}},{"@type":"Person","@id":"https:\/\/www.eldigitaldeasturias.com\/noticias\/author\/admin\/#author","url":"https:\/\/www.eldigitaldeasturias.com\/noticias\/author\/admin\/","name":"El Digital de Asturias","image":{"@type":"ImageObject","@id":"https:\/\/www.eldigitaldeasturias.com\/noticias\/jornada-de-teatro-en-el-centro-de-imagen-y-sonido-de-langreo\/#authorImage","url":"https:\/\/www.eldigitaldeasturias.com\/noticias\/wp-content\/litespeed\/avatar\/18677e78aa0546b92d9dbf31ec7d7668.jpg?ver=1777290358","width":96,"height":96,"caption":"El Digital de Asturias"}},{"@type":"WebPage","@id":"https:\/\/www.eldigitaldeasturias.com\/noticias\/jornada-de-teatro-en-el-centro-de-imagen-y-sonido-de-langreo\/#webpage","url":"https:\/\/www.eldigitaldeasturias.com\/noticias\/jornada-de-teatro-en-el-centro-de-imagen-y-sonido-de-langreo\/","name":"Jornada de teatro en el Centro de Imagen y Sonido de Langreo - El Digital de Asturias","description":"El Centro Integrado de Comunicaci\u00f3n, Imagen y Sonido de Langreo (CIFP CISLAN) acoge el martes, 29 de noviembre de 2016, una jornada dedicada monogr\u00e1ficamente al teatro. Este evento forma parte de las actividades que conmemoran el d\u00e9cimo aniversario de la inauguraci\u00f3n del centro. Durante dicha jornada se representar\u00e1n cuatro obras de teatro. Por un lado,","inLanguage":"es-ES","isPartOf":{"@id":"https:\/\/www.eldigitaldeasturias.com\/noticias\/#website"},"breadcrumb":{"@id":"https:\/\/www.eldigitaldeasturias.com\/noticias\/jornada-de-teatro-en-el-centro-de-imagen-y-sonido-de-langreo\/#breadcrumblist"},"author":{"@id":"https:\/\/www.eldigitaldeasturias.com\/noticias\/author\/admin\/#author"},"creator":{"@id":"https:\/\/www.eldigitaldeasturias.com\/noticias\/author\/admin\/#author"},"image":{"@type":"ImageObject","url":"https:\/\/www.eldigitaldeasturias.com\/noticias\/wp-content\/uploads\/2013\/10\/agenda.jpg","@id":"https:\/\/www.eldigitaldeasturias.com\/noticias\/jornada-de-teatro-en-el-centro-de-imagen-y-sonido-de-langreo\/#mainImage","width":500,"height":331},"primaryImageOfPage":{"@id":"https:\/\/www.eldigitaldeasturias.com\/noticias\/jornada-de-teatro-en-el-centro-de-imagen-y-sonido-de-langreo\/#mainImage"},"datePublished":"2016-11-28T13:05:00+01:00","dateModified":"2016-11-28T13:05:00+01:00"},{"@type":"WebSite","@id":"https:\/\/www.eldigitaldeasturias.com\/noticias\/#website","url":"https:\/\/www.eldigitaldeasturias.com\/noticias\/","name":"El Digital de Asturias - Diario de actualidad y noticias","alternateName":"El Digital de Asturias - Diario de actualidad y noticias","description":"Hemeroteca","inLanguage":"es-ES","publisher":{"@id":"https:\/\/www.eldigitaldeasturias.com\/noticias\/#organization"}}]},"og:locale":"es_ES","og:site_name":"El Digital de Asturias","og:type":"article","og:title":"Jornada de teatro en el Centro de Imagen y Sonido de Langreo - El Digital de Asturias","og:description":"El Centro Integrado de Comunicaci\u00f3n, Imagen y Sonido de Langreo (CIFP CISLAN) acoge el martes, 29 de noviembre de 2016, una jornada dedicada monogr\u00e1ficamente al teatro. Este evento forma parte de las actividades que conmemoran el d\u00e9cimo aniversario de la inauguraci\u00f3n del centro. Durante dicha jornada se representar\u00e1n cuatro obras de teatro. Por un lado,","og:url":"https:\/\/www.eldigitaldeasturias.com\/noticias\/jornada-de-teatro-en-el-centro-de-imagen-y-sonido-de-langreo\/","og:image":"https:\/\/www.eldigitaldeasturias.com\/noticias\/wp-content\/uploads\/2013\/10\/agenda.jpg","og:image:secure_url":"https:\/\/www.eldigitaldeasturias.com\/noticias\/wp-content\/uploads\/2013\/10\/agenda.jpg","og:image:width":500,"og:image:height":331,"article:tag":["revista de ocio"],"article:published_time":"2016-11-28T13:05:00+00:00","article:modified_time":"2016-11-28T13:05:00+00:00","article:publisher":"https:\/\/facebook.com\/eldigitaldeasturias","twitter:card":"summary_large_image","twitter:title":"Jornada de teatro en el Centro de Imagen y Sonido de Langreo - El Digital de Asturias","twitter:description":"El Centro Integrado de Comunicaci\u00f3n, Imagen y Sonido de Langreo (CIFP CISLAN) acoge el martes, 29 de noviembre de 2016, una jornada dedicada monogr\u00e1ficamente al teatro. Este evento forma parte de las actividades que conmemoran el d\u00e9cimo aniversario de la inauguraci\u00f3n del centro. Durante dicha jornada se representar\u00e1n cuatro obras de teatro. Por un lado,","twitter:image":"https:\/\/www.eldigitaldeasturias.com\/noticias\/wp-content\/uploads\/2013\/10\/agenda.jpg","twitter:label1":"Escrito por","twitter:data1":"El Digital de Asturias","twitter:label2":"Tiempo de lectura estimado","twitter:data2":"1 minuto"},"aioseo_meta_data":{"post_id":"917717","title":null,"description":null,"keywords":null,"keyphrases":null,"primary_term":null,"canonical_url":null,"og_title":null,"og_description":null,"og_object_type":"default","og_image_type":"default","og_image_url":null,"og_image_width":null,"og_image_height":null,"og_image_custom_url":null,"og_image_custom_fields":null,"og_video":null,"og_custom_url":null,"og_article_section":null,"og_article_tags":null,"twitter_use_og":false,"twitter_card":"default","twitter_image_type":"default","twitter_image_url":null,"twitter_image_custom_url":null,"twitter_image_custom_fields":null,"twitter_title":null,"twitter_description":null,"schema":{"blockGraphs":[],"customGraphs":[],"default":{"data":{"Article":[],"Course":[],"Dataset":[],"FAQPage":[],"Movie":[],"Person":[],"Product":[],"ProductReview":[],"Car":[],"Recipe":[],"Service":[],"SoftwareApplication":[],"WebPage":[]},"graphName":"","isEnabled":true},"graphs":[],"defaultGraph":"","defaultPostTypeGraph":""},"schema_type":null,"schema_type_options":null,"pillar_content":false,"robots_default":true,"robots_noindex":false,"robots_noarchive":false,"robots_nosnippet":false,"robots_nofollow":false,"robots_noimageindex":false,"robots_noodp":false,"robots_notranslate":false,"robots_max_snippet":null,"robots_max_videopreview":null,"robots_max_imagepreview":"large","priority":null,"frequency":null,"local_seo":null,"seo_analyzer_scan_date":"2025-12-02 00:35:12","breadcrumb_settings":null,"limit_modified_date":false,"open_ai":null,"ai":null,"created":"2020-12-21 13:53:14","updated":"2025-12-02 00:35:12"},"aioseo_breadcrumb":"<div class=\"aioseo-breadcrumbs\"><span class=\"aioseo-breadcrumb\">\n\t<a href=\"https:\/\/www.eldigitaldeasturias.com\/noticias\" title=\"Home\">Home<\/a>\n<\/span><span class=\"aioseo-breadcrumb-separator\">\u2013<\/span><span class=\"aioseo-breadcrumb\">\n\t<a href=\"https:\/\/www.eldigitaldeasturias.com\/noticias\/category\/revista-de-ocio\/\" title=\"Revista de Ocio\">Revista de Ocio<\/a>\n<\/span><span class=\"aioseo-breadcrumb-separator\">\u2013<\/span><span class=\"aioseo-breadcrumb\">\n\t<a href=\"https:\/\/www.eldigitaldeasturias.com\/noticias\/jornada-de-teatro-en-el-centro-de-imagen-y-sonido-de-langreo\/\" title=\"Jornada de teatro en el Centro de Imagen y Sonido de Langreo\">Jornada de teatro en el Centro de Imagen y Sonido de Langreo<\/a>\n<\/span><\/div>","aioseo_breadcrumb_json":[{"label":"Home","link":"https:\/\/www.eldigitaldeasturias.com\/noticias"},{"label":"Revista de Ocio","link":"https:\/\/www.eldigitaldeasturias.com\/noticias\/category\/revista-de-ocio\/"},{"label":"Jornada de teatro en el Centro de Imagen y Sonido de Langreo","link":"https:\/\/www.eldigitaldeasturias.com\/noticias\/jornada-de-teatro-en-el-centro-de-imagen-y-sonido-de-langreo\/"}],"_links":{"self":[{"href":"https:\/\/www.eldigitaldeasturias.com\/noticias\/wp-json\/wp\/v2\/posts\/917717","targetHints":{"allow":["GET"]}}],"collection":[{"href":"https:\/\/www.eldigitaldeasturias.com\/noticias\/wp-json\/wp\/v2\/posts"}],"about":[{"href":"https:\/\/www.eldigitaldeasturias.com\/noticias\/wp-json\/wp\/v2\/types\/post"}],"author":[{"embeddable":true,"href":"https:\/\/www.eldigitaldeasturias.com\/noticias\/wp-json\/wp\/v2\/users\/1"}],"replies":[{"embeddable":true,"href":"https:\/\/www.eldigitaldeasturias.com\/noticias\/wp-json\/wp\/v2\/comments?post=917717"}],"version-history":[{"count":0,"href":"https:\/\/www.eldigitaldeasturias.com\/noticias\/wp-json\/wp\/v2\/posts\/917717\/revisions"}],"wp:featuredmedia":[{"embeddable":true,"href":"https:\/\/www.eldigitaldeasturias.com\/noticias\/wp-json\/wp\/v2\/media\/431792"}],"wp:attachment":[{"href":"https:\/\/www.eldigitaldeasturias.com\/noticias\/wp-json\/wp\/v2\/media?parent=917717"}],"wp:term":[{"taxonomy":"category","embeddable":true,"href":"https:\/\/www.eldigitaldeasturias.com\/noticias\/wp-json\/wp\/v2\/categories?post=917717"},{"taxonomy":"post_tag","embeddable":true,"href":"https:\/\/www.eldigitaldeasturias.com\/noticias\/wp-json\/wp\/v2\/tags?post=917717"}],"curies":[{"name":"wp","href":"https:\/\/api.w.org\/{rel}","templated":true}]}}