{"id":917117,"date":"2016-11-23T17:44:09","date_gmt":"2016-11-23T17:44:09","guid":{"rendered":"http:\/\/www.eldigitaldeasturias.com\/noticias\/?p=917117"},"modified":"2016-11-23T17:44:09","modified_gmt":"2016-11-23T17:44:09","slug":"el-pp-organiza-las-jornadas-el-desafio-demografico-en-asturias","status":"publish","type":"post","link":"https:\/\/www.eldigitaldeasturias.com\/noticias\/el-pp-organiza-las-jornadas-el-desafio-demografico-en-asturias\/","title":{"rendered":"El PP organiza las jornadas \u00abEl desaf\u00edo demogr\u00e1fico en Asturias\u00bb"},"content":{"rendered":"<p><img loading=\"lazy\" decoding=\"async\" class=\"alignleft size-medium wp-image-917118\" src=\"https:\/\/www.eldigitaldeasturias.com\/noticias\/wp-content\/uploads\/2016\/11\/5176-360x270.jpg\" alt=\"5176\" width=\"360\" height=\"270\" srcset=\"https:\/\/www.eldigitaldeasturias.com\/noticias\/wp-content\/uploads\/2016\/11\/5176-360x270.jpg 360w, https:\/\/www.eldigitaldeasturias.com\/noticias\/wp-content\/uploads\/2016\/11\/5176-125x95.jpg 125w, https:\/\/www.eldigitaldeasturias.com\/noticias\/wp-content\/uploads\/2016\/11\/5176-100x75.jpg 100w, https:\/\/www.eldigitaldeasturias.com\/noticias\/wp-content\/uploads\/2016\/11\/5176.jpg 640w\" sizes=\"auto, (max-width: 360px) 100vw, 360px\" \/>El vicesecretario de Organizaci\u00f3n del Partido Popular de Asturias, Luis Venta; y el diputado auton\u00f3mico David Gonz\u00e1lez Medina han presentado las jornadas \u201cEl desaf\u00edo demogr\u00e1fico en Asturias\u201d que, organizadas por el PP, abordar\u00e1n los d\u00edas 28, 29 y 30 de noviembre en Oviedo, Mieres y Gij\u00f3n, respectivamente, el grave \u00abinvierno demogr\u00e1fico\u00bb al que se enfrenta Asturias, mientras el Gobierno socialista ofrece \u00abla nada\u00bb ante el \u00abprincipal reto\u00bb que debe afrontar el Principado en los pr\u00f3ximos a\u00f1os.<\/p>\n<p>En el encuentro con los medios celebrado en la sede regional del PP, Gonz\u00e1lez Medina, coordinador de las jornadas, ha llamado la atenci\u00f3n sobre los \u00abdesoladores\u00bb datos demogr\u00e1ficos que registra Asturias en el \u00faltimo a\u00f1o. El Principado suma \u00abla tasa de natalidad m\u00e1s baja del pa\u00eds, el mayor n\u00famero de defunciones en los \u00faltimos 70 a\u00f1os y una poblaci\u00f3n mayor de 65 a\u00f1os que dobla a la menor de 15\u00bb, enumer\u00f3.<\/p>\n<p>El parlamentario destac\u00f3 que los j\u00f3venes \u201csiguen huyendo de Asturias, 1.200 el ultimo a\u00f1o\u201d, debido a las pol\u00edticas del Gobierno socialista. \u00abEl infierno fiscal y las pol\u00edticas confiscatorias desarrolladas por el PSOE\u201d, argument\u00f3, \u00abno ayudan a que la poblaci\u00f3n vuelva a Asturias\u00bb.<\/p>\n<p>Las jornadas, explic\u00f3 Medina, servir\u00e1n para conocer las medidas para \u00abafrontar el invierno demogr\u00e1fico\u00bb que expertos de primer nivel nacional, emprendedores que desarrollan su labor profesional en la Asturias rural y gestores pol\u00edticos de otras comunidades proponen.<\/p>\n<p>Luis Venta, por su parte, destac\u00f3 que \u00aben los \u00faltimos 25 a\u00f1os\u00bb Asturias ha perdido 40.000 habitantes. Una perdida de poblaci\u00f3n centrada en las alas, Oriente y Occidente, y que sobre todo afecta \u00abal medio rural\u00bb, alertando a rengl\u00f3n seguido sobre el agravamiento de esta situaci\u00f3n, como recogen los estudios que auguran la p\u00e9rdida de \u00abotros 80.000 habitantes\u00bb en los pr\u00f3ximos \u00ab15 a\u00f1os\u00bb.<\/p>\n<p><strong>\u201cO se act\u00faa o Asturias ser\u00e1 un erial\u201d<\/strong><\/p>\n<p>Tanto Medina como Venta se mostraron muy cr\u00edticos con el Gobierno socialista del Principado que \u00abhabla mucho\u00bb pero \u00abno act\u00faa\u00bb sobre este problema. \u201cO se act\u00faa\u201d, advirti\u00f3 el vicesecretario de Organizaci\u00f3n del PP, \u201co Asturias va a ser un erial\u00bb demogr\u00e1fico.<\/p>\n<p>Sobre el Pacto Demogr\u00e1fico para Asturias que el Gobierno regional sigue sin llevar al Parlamento, Medina afirm\u00f3 que el PSOE s\u00f3lo ofrece \u00abpromesas y palabras, pero ning\u00fan avance o propuesta\u00bb. Tambi\u00e9n se\u00f1al\u00f3 que el \u00abconsenso pol\u00edtico\u201d sobre el pacto \u00abse est\u00e1 rompiendo\u00bb, tras anunciar Foro que no asistir\u00e1 a la pr\u00f3xima reuni\u00f3n sobre el pacto, prevista para el mi\u00e9rcoles 30 de noviembre.<\/p>\n<p>A preguntas de los periodistas sobre la aparente incompatibilidad de bajar los impuestos y mantener los servicios p\u00fablicos, Medina ha asever\u00f3 que \u00abno es incompatible eliminar el Impuesto de Sucesiones y que las escuela de 0 a 3 a\u00f1os sean gratuitas, los expertos as\u00ed lo han dicho en muchas ocasiones\u00bb.<\/p>\n<p>Las jornadas tendr\u00e1n lugar en Oviedo, Mieres y Gij\u00f3n, del 28 al 30 de noviembre. El lunes, los expertos Alejandro Macarr\u00f3n, director de la Fundaci\u00f3n Renacimiento Demogr\u00e1fico; y el catedr\u00e1tico de geograf\u00eda humana de la Universidad Complutense, Rafael Puyol, analizar\u00e1n en Oviedo la situaci\u00f3n demogr\u00e1fica en Asturias.<\/p>\n<p>Mieres, como ejemplo de las zonas m\u00e1s afectadas por la despoblaci\u00f3n, como son las Cuencas Mineras, acoger\u00e1 las ponencias de dos emprendedoras que han desarrollado su labor empresarial en la zona.<\/p>\n<p>Las jornadas se cierran el mi\u00e9rcoles 30 en Gij\u00f3n con las intervenciones del profesor de Econom\u00eda Aplicada de la Universidad de Oviedo Santiago \u00c1lvarez y de los directores generales de Familia de Castilla y Le\u00f3n y de Galicia, Pablo Rodr\u00edguez y Amparo Gonz\u00e1lez respectivamente. Los dos gestores pol\u00edticos expondr\u00e1n las pol\u00edticas destinadas a fijar poblaci\u00f3n desarrolladas por los gobiernos populares de ambas regiones.<\/p>\n<p>&nbsp;<\/p>\n","protected":false},"excerpt":{"rendered":"<p>El vicesecretario de Organizaci\u00f3n del Partido Popular de Asturias, Luis Venta; y el diputado auton\u00f3mico David Gonz\u00e1lez Medina han presentado las jornadas \u201cEl desaf\u00edo demogr\u00e1fico en Asturias\u201d que, organizadas por el PP, abordar\u00e1n los d\u00edas 28, 29 y 30 de noviembre en Oviedo, Mieres y Gij\u00f3n, respectivamente, el grave \u00abinvierno demogr\u00e1fico\u00bb al que se enfrenta [&hellip;]<\/p>\n","protected":false},"author":1,"featured_media":917118,"comment_status":"closed","ping_status":"closed","sticky":false,"template":"","format":"standard","meta":{"footnotes":""},"categories":[141],"tags":[],"class_list":["post-917117","post","type-post","status-publish","format-standard","has-post-thumbnail","hentry","category-destacadas"],"aioseo_notices":[],"aioseo_head":"\n\t\t<!-- All in One SEO Pro 4.9.6.2 - aioseo.com -->\n\t<meta name=\"description\" content=\"El vicesecretario de Organizaci\u00f3n del Partido Popular de Asturias, Luis Venta; y el diputado auton\u00f3mico David Gonz\u00e1lez Medina han presentado las jornadas \u201cEl desaf\u00edo demogr\u00e1fico en Asturias\u201d que, organizadas por el PP, abordar\u00e1n los d\u00edas 28, 29 y 30 de noviembre en Oviedo, Mieres y Gij\u00f3n, respectivamente, el grave &quot;invierno demogr\u00e1fico&quot; al que se enfrenta\" \/>\n\t<meta name=\"robots\" content=\"max-image-preview:large\" \/>\n\t<meta name=\"author\" content=\"El Digital de Asturias\"\/>\n\t<meta name=\"google-site-verification\" content=\"UA-38556648-1\" \/>\n\t<meta name=\"msvalidate.01\" content=\"7dfe9f3f1b24437ab69f4f2559babe99\" \/>\n\t<meta name=\"keywords\" content=\"destacadas\" \/>\n\t<link rel=\"canonical\" href=\"https:\/\/www.eldigitaldeasturias.com\/noticias\/el-pp-organiza-las-jornadas-el-desafio-demografico-en-asturias\/\" \/>\n\t<meta name=\"generator\" content=\"All in One SEO Pro (AIOSEO) 4.9.6.2\" \/>\n\t\t<meta property=\"og:locale\" content=\"es_ES\" \/>\n\t\t<meta property=\"og:site_name\" content=\"El Digital de Asturias\" \/>\n\t\t<meta property=\"og:type\" content=\"article\" \/>\n\t\t<meta property=\"og:title\" content=\"El PP organiza las jornadas \u00abEl desaf\u00edo demogr\u00e1fico en Asturias\u00bb - El Digital de Asturias\" \/>\n\t\t<meta property=\"og:description\" content=\"El vicesecretario de Organizaci\u00f3n del Partido Popular de Asturias, Luis Venta; y el diputado auton\u00f3mico David Gonz\u00e1lez Medina han presentado las jornadas \u201cEl desaf\u00edo demogr\u00e1fico en Asturias\u201d que, organizadas por el PP, abordar\u00e1n los d\u00edas 28, 29 y 30 de noviembre en Oviedo, Mieres y Gij\u00f3n, respectivamente, el grave &quot;invierno demogr\u00e1fico&quot; al que se enfrenta\" \/>\n\t\t<meta property=\"og:url\" content=\"https:\/\/www.eldigitaldeasturias.com\/noticias\/el-pp-organiza-las-jornadas-el-desafio-demografico-en-asturias\/\" \/>\n\t\t<meta property=\"og:image\" content=\"https:\/\/www.eldigitaldeasturias.com\/noticias\/wp-content\/uploads\/2016\/11\/5176.jpg\" \/>\n\t\t<meta property=\"og:image:secure_url\" content=\"https:\/\/www.eldigitaldeasturias.com\/noticias\/wp-content\/uploads\/2016\/11\/5176.jpg\" \/>\n\t\t<meta property=\"og:image:width\" content=\"640\" \/>\n\t\t<meta property=\"og:image:height\" content=\"480\" \/>\n\t\t<meta property=\"article:tag\" content=\"destacadas\" \/>\n\t\t<meta property=\"article:published_time\" content=\"2016-11-23T17:44:09+00:00\" \/>\n\t\t<meta property=\"article:modified_time\" content=\"2016-11-23T17:44:09+00:00\" \/>\n\t\t<meta property=\"article:publisher\" content=\"https:\/\/facebook.com\/eldigitaldeasturias\" \/>\n\t\t<meta name=\"twitter:card\" content=\"summary_large_image\" \/>\n\t\t<meta name=\"twitter:title\" content=\"El PP organiza las jornadas \u00abEl desaf\u00edo demogr\u00e1fico en Asturias\u00bb - El Digital de Asturias\" \/>\n\t\t<meta name=\"twitter:description\" content=\"El vicesecretario de Organizaci\u00f3n del Partido Popular de Asturias, Luis Venta; y el diputado auton\u00f3mico David Gonz\u00e1lez Medina han presentado las jornadas \u201cEl desaf\u00edo demogr\u00e1fico en Asturias\u201d que, organizadas por el PP, abordar\u00e1n los d\u00edas 28, 29 y 30 de noviembre en Oviedo, Mieres y Gij\u00f3n, respectivamente, el grave &quot;invierno demogr\u00e1fico&quot; al que se enfrenta\" \/>\n\t\t<meta name=\"twitter:image\" content=\"https:\/\/www.eldigitaldeasturias.com\/noticias\/wp-content\/uploads\/2016\/11\/5176.jpg\" \/>\n\t\t<meta name=\"twitter:label1\" content=\"Escrito por\" \/>\n\t\t<meta name=\"twitter:data1\" content=\"El Digital de Asturias\" \/>\n\t\t<meta name=\"twitter:label2\" content=\"Tiempo de lectura estimado\" \/>\n\t\t<meta name=\"twitter:data2\" content=\"3 minutos\" \/>\n\t\t<script type=\"application\/ld+json\" class=\"aioseo-schema\">\n\t\t\t{\"@context\":\"https:\\\/\\\/schema.org\",\"@graph\":[{\"@type\":\"BlogPosting\",\"@id\":\"https:\\\/\\\/www.eldigitaldeasturias.com\\\/noticias\\\/el-pp-organiza-las-jornadas-el-desafio-demografico-en-asturias\\\/#blogposting\",\"name\":\"El PP organiza las jornadas \\u00abEl desaf\\u00edo demogr\\u00e1fico en Asturias\\u00bb - El Digital de Asturias\",\"headline\":\"El PP organiza las jornadas \\u00abEl desaf\\u00edo demogr\\u00e1fico en Asturias\\u00bb\",\"author\":{\"@id\":\"https:\\\/\\\/www.eldigitaldeasturias.com\\\/noticias\\\/author\\\/admin\\\/#author\"},\"publisher\":{\"@id\":\"https:\\\/\\\/www.eldigitaldeasturias.com\\\/noticias\\\/#organization\"},\"image\":{\"@type\":\"ImageObject\",\"url\":\"https:\\\/\\\/www.eldigitaldeasturias.com\\\/noticias\\\/wp-content\\\/uploads\\\/2016\\\/11\\\/5176.jpg\",\"width\":640,\"height\":480},\"datePublished\":\"2016-11-23T17:44:09+01:00\",\"dateModified\":\"2016-11-23T17:44:09+01:00\",\"inLanguage\":\"es-ES\",\"mainEntityOfPage\":{\"@id\":\"https:\\\/\\\/www.eldigitaldeasturias.com\\\/noticias\\\/el-pp-organiza-las-jornadas-el-desafio-demografico-en-asturias\\\/#webpage\"},\"isPartOf\":{\"@id\":\"https:\\\/\\\/www.eldigitaldeasturias.com\\\/noticias\\\/el-pp-organiza-las-jornadas-el-desafio-demografico-en-asturias\\\/#webpage\"},\"articleSection\":\"Destacadas\"},{\"@type\":\"BreadcrumbList\",\"@id\":\"https:\\\/\\\/www.eldigitaldeasturias.com\\\/noticias\\\/el-pp-organiza-las-jornadas-el-desafio-demografico-en-asturias\\\/#breadcrumblist\",\"itemListElement\":[{\"@type\":\"ListItem\",\"@id\":\"https:\\\/\\\/www.eldigitaldeasturias.com\\\/noticias#listItem\",\"position\":1,\"name\":\"Home\",\"item\":\"https:\\\/\\\/www.eldigitaldeasturias.com\\\/noticias\",\"nextItem\":{\"@type\":\"ListItem\",\"@id\":\"https:\\\/\\\/www.eldigitaldeasturias.com\\\/noticias\\\/category\\\/destacadas\\\/#listItem\",\"name\":\"Destacadas\"}},{\"@type\":\"ListItem\",\"@id\":\"https:\\\/\\\/www.eldigitaldeasturias.com\\\/noticias\\\/category\\\/destacadas\\\/#listItem\",\"position\":2,\"name\":\"Destacadas\",\"item\":\"https:\\\/\\\/www.eldigitaldeasturias.com\\\/noticias\\\/category\\\/destacadas\\\/\",\"nextItem\":{\"@type\":\"ListItem\",\"@id\":\"https:\\\/\\\/www.eldigitaldeasturias.com\\\/noticias\\\/el-pp-organiza-las-jornadas-el-desafio-demografico-en-asturias\\\/#listItem\",\"name\":\"El PP organiza las jornadas \\u00abEl desaf\\u00edo demogr\\u00e1fico en Asturias\\u00bb\"},\"previousItem\":{\"@type\":\"ListItem\",\"@id\":\"https:\\\/\\\/www.eldigitaldeasturias.com\\\/noticias#listItem\",\"name\":\"Home\"}},{\"@type\":\"ListItem\",\"@id\":\"https:\\\/\\\/www.eldigitaldeasturias.com\\\/noticias\\\/el-pp-organiza-las-jornadas-el-desafio-demografico-en-asturias\\\/#listItem\",\"position\":3,\"name\":\"El PP organiza las jornadas \\u00abEl desaf\\u00edo demogr\\u00e1fico en Asturias\\u00bb\",\"previousItem\":{\"@type\":\"ListItem\",\"@id\":\"https:\\\/\\\/www.eldigitaldeasturias.com\\\/noticias\\\/category\\\/destacadas\\\/#listItem\",\"name\":\"Destacadas\"}}]},{\"@type\":\"Organization\",\"@id\":\"https:\\\/\\\/www.eldigitaldeasturias.com\\\/noticias\\\/#organization\",\"name\":\"El Digital de Asturias\",\"description\":\"Hemeroteca\",\"url\":\"https:\\\/\\\/www.eldigitaldeasturias.com\\\/noticias\\\/\",\"email\":\"info@eldigitaldeasturias.com\",\"telephone\":\"+34652131393\",\"logo\":{\"@type\":\"ImageObject\",\"url\":\"https:\\\/\\\/www.eldigitaldeasturias.com\\\/noticias\\\/wp-content\\\/uploads\\\/2020\\\/12\\\/EDA.jpg\",\"@id\":\"https:\\\/\\\/www.eldigitaldeasturias.com\\\/noticias\\\/el-pp-organiza-las-jornadas-el-desafio-demografico-en-asturias\\\/#organizationLogo\",\"width\":649,\"height\":297},\"image\":{\"@id\":\"https:\\\/\\\/www.eldigitaldeasturias.com\\\/noticias\\\/el-pp-organiza-las-jornadas-el-desafio-demografico-en-asturias\\\/#organizationLogo\"},\"sameAs\":[\"https:\\\/\\\/facebook.com\\\/eldigitaldeasturias\",\"https:\\\/\\\/www.youtube.com\\\/channel\\\/UCZP-2wLEB9Rv6erhFmqVnvg\"],\"address\":{\"@id\":\"https:\\\/\\\/www.eldigitaldeasturias.com\\\/noticias\\\/#postaladdress\",\"@type\":\"PostalAddress\",\"streetAddress\":\"san antonio 4,\",\"postalCode\":\"33430\",\"addressLocality\":\"Cand\\u00e1s\",\"addressRegion\":\"Asturias\",\"addressCountry\":\"ES\"}},{\"@type\":\"Person\",\"@id\":\"https:\\\/\\\/www.eldigitaldeasturias.com\\\/noticias\\\/author\\\/admin\\\/#author\",\"url\":\"https:\\\/\\\/www.eldigitaldeasturias.com\\\/noticias\\\/author\\\/admin\\\/\",\"name\":\"El Digital de Asturias\",\"image\":{\"@type\":\"ImageObject\",\"@id\":\"https:\\\/\\\/www.eldigitaldeasturias.com\\\/noticias\\\/el-pp-organiza-las-jornadas-el-desafio-demografico-en-asturias\\\/#authorImage\",\"url\":\"https:\\\/\\\/www.eldigitaldeasturias.com\\\/noticias\\\/wp-content\\\/litespeed\\\/avatar\\\/18677e78aa0546b92d9dbf31ec7d7668.jpg?ver=1776685526\",\"width\":96,\"height\":96,\"caption\":\"El Digital de Asturias\"}},{\"@type\":\"WebPage\",\"@id\":\"https:\\\/\\\/www.eldigitaldeasturias.com\\\/noticias\\\/el-pp-organiza-las-jornadas-el-desafio-demografico-en-asturias\\\/#webpage\",\"url\":\"https:\\\/\\\/www.eldigitaldeasturias.com\\\/noticias\\\/el-pp-organiza-las-jornadas-el-desafio-demografico-en-asturias\\\/\",\"name\":\"El PP organiza las jornadas \\u00abEl desaf\\u00edo demogr\\u00e1fico en Asturias\\u00bb - El Digital de Asturias\",\"description\":\"El vicesecretario de Organizaci\\u00f3n del Partido Popular de Asturias, Luis Venta; y el diputado auton\\u00f3mico David Gonz\\u00e1lez Medina han presentado las jornadas \\u201cEl desaf\\u00edo demogr\\u00e1fico en Asturias\\u201d que, organizadas por el PP, abordar\\u00e1n los d\\u00edas 28, 29 y 30 de noviembre en Oviedo, Mieres y Gij\\u00f3n, respectivamente, el grave \\\"invierno demogr\\u00e1fico\\\" al que se enfrenta\",\"inLanguage\":\"es-ES\",\"isPartOf\":{\"@id\":\"https:\\\/\\\/www.eldigitaldeasturias.com\\\/noticias\\\/#website\"},\"breadcrumb\":{\"@id\":\"https:\\\/\\\/www.eldigitaldeasturias.com\\\/noticias\\\/el-pp-organiza-las-jornadas-el-desafio-demografico-en-asturias\\\/#breadcrumblist\"},\"author\":{\"@id\":\"https:\\\/\\\/www.eldigitaldeasturias.com\\\/noticias\\\/author\\\/admin\\\/#author\"},\"creator\":{\"@id\":\"https:\\\/\\\/www.eldigitaldeasturias.com\\\/noticias\\\/author\\\/admin\\\/#author\"},\"image\":{\"@type\":\"ImageObject\",\"url\":\"https:\\\/\\\/www.eldigitaldeasturias.com\\\/noticias\\\/wp-content\\\/uploads\\\/2016\\\/11\\\/5176.jpg\",\"@id\":\"https:\\\/\\\/www.eldigitaldeasturias.com\\\/noticias\\\/el-pp-organiza-las-jornadas-el-desafio-demografico-en-asturias\\\/#mainImage\",\"width\":640,\"height\":480},\"primaryImageOfPage\":{\"@id\":\"https:\\\/\\\/www.eldigitaldeasturias.com\\\/noticias\\\/el-pp-organiza-las-jornadas-el-desafio-demografico-en-asturias\\\/#mainImage\"},\"datePublished\":\"2016-11-23T17:44:09+01:00\",\"dateModified\":\"2016-11-23T17:44:09+01:00\"},{\"@type\":\"WebSite\",\"@id\":\"https:\\\/\\\/www.eldigitaldeasturias.com\\\/noticias\\\/#website\",\"url\":\"https:\\\/\\\/www.eldigitaldeasturias.com\\\/noticias\\\/\",\"name\":\"El Digital de Asturias - Diario de actualidad y noticias\",\"alternateName\":\"El Digital de Asturias - Diario de actualidad y noticias\",\"description\":\"Hemeroteca\",\"inLanguage\":\"es-ES\",\"publisher\":{\"@id\":\"https:\\\/\\\/www.eldigitaldeasturias.com\\\/noticias\\\/#organization\"}}]}\n\t\t<\/script>\n\t\t<!-- All in One SEO Pro -->\r\n\t\t<title>El PP organiza las jornadas \u00abEl desaf\u00edo demogr\u00e1fico en Asturias\u00bb - El Digital de Asturias<\/title>\n\n","aioseo_head_json":{"title":"El PP organiza las jornadas \u00abEl desaf\u00edo demogr\u00e1fico en Asturias\u00bb - El Digital de Asturias","description":"El vicesecretario de Organizaci\u00f3n del Partido Popular de Asturias, Luis Venta; y el diputado auton\u00f3mico David Gonz\u00e1lez Medina han presentado las jornadas \u201cEl desaf\u00edo demogr\u00e1fico en Asturias\u201d que, organizadas por el PP, abordar\u00e1n los d\u00edas 28, 29 y 30 de noviembre en Oviedo, Mieres y Gij\u00f3n, respectivamente, el grave \"invierno demogr\u00e1fico\" al que se enfrenta","canonical_url":"https:\/\/www.eldigitaldeasturias.com\/noticias\/el-pp-organiza-las-jornadas-el-desafio-demografico-en-asturias\/","robots":"max-image-preview:large","keywords":"destacadas","webmasterTools":{"google-site-verification":"UA-38556648-1","msvalidate.01":"7dfe9f3f1b24437ab69f4f2559babe99","miscellaneous":""},"schema":{"@context":"https:\/\/schema.org","@graph":[{"@type":"BlogPosting","@id":"https:\/\/www.eldigitaldeasturias.com\/noticias\/el-pp-organiza-las-jornadas-el-desafio-demografico-en-asturias\/#blogposting","name":"El PP organiza las jornadas \u00abEl desaf\u00edo demogr\u00e1fico en Asturias\u00bb - El Digital de Asturias","headline":"El PP organiza las jornadas \u00abEl desaf\u00edo demogr\u00e1fico en Asturias\u00bb","author":{"@id":"https:\/\/www.eldigitaldeasturias.com\/noticias\/author\/admin\/#author"},"publisher":{"@id":"https:\/\/www.eldigitaldeasturias.com\/noticias\/#organization"},"image":{"@type":"ImageObject","url":"https:\/\/www.eldigitaldeasturias.com\/noticias\/wp-content\/uploads\/2016\/11\/5176.jpg","width":640,"height":480},"datePublished":"2016-11-23T17:44:09+01:00","dateModified":"2016-11-23T17:44:09+01:00","inLanguage":"es-ES","mainEntityOfPage":{"@id":"https:\/\/www.eldigitaldeasturias.com\/noticias\/el-pp-organiza-las-jornadas-el-desafio-demografico-en-asturias\/#webpage"},"isPartOf":{"@id":"https:\/\/www.eldigitaldeasturias.com\/noticias\/el-pp-organiza-las-jornadas-el-desafio-demografico-en-asturias\/#webpage"},"articleSection":"Destacadas"},{"@type":"BreadcrumbList","@id":"https:\/\/www.eldigitaldeasturias.com\/noticias\/el-pp-organiza-las-jornadas-el-desafio-demografico-en-asturias\/#breadcrumblist","itemListElement":[{"@type":"ListItem","@id":"https:\/\/www.eldigitaldeasturias.com\/noticias#listItem","position":1,"name":"Home","item":"https:\/\/www.eldigitaldeasturias.com\/noticias","nextItem":{"@type":"ListItem","@id":"https:\/\/www.eldigitaldeasturias.com\/noticias\/category\/destacadas\/#listItem","name":"Destacadas"}},{"@type":"ListItem","@id":"https:\/\/www.eldigitaldeasturias.com\/noticias\/category\/destacadas\/#listItem","position":2,"name":"Destacadas","item":"https:\/\/www.eldigitaldeasturias.com\/noticias\/category\/destacadas\/","nextItem":{"@type":"ListItem","@id":"https:\/\/www.eldigitaldeasturias.com\/noticias\/el-pp-organiza-las-jornadas-el-desafio-demografico-en-asturias\/#listItem","name":"El PP organiza las jornadas \u00abEl desaf\u00edo demogr\u00e1fico en Asturias\u00bb"},"previousItem":{"@type":"ListItem","@id":"https:\/\/www.eldigitaldeasturias.com\/noticias#listItem","name":"Home"}},{"@type":"ListItem","@id":"https:\/\/www.eldigitaldeasturias.com\/noticias\/el-pp-organiza-las-jornadas-el-desafio-demografico-en-asturias\/#listItem","position":3,"name":"El PP organiza las jornadas \u00abEl desaf\u00edo demogr\u00e1fico en Asturias\u00bb","previousItem":{"@type":"ListItem","@id":"https:\/\/www.eldigitaldeasturias.com\/noticias\/category\/destacadas\/#listItem","name":"Destacadas"}}]},{"@type":"Organization","@id":"https:\/\/www.eldigitaldeasturias.com\/noticias\/#organization","name":"El Digital de Asturias","description":"Hemeroteca","url":"https:\/\/www.eldigitaldeasturias.com\/noticias\/","email":"info@eldigitaldeasturias.com","telephone":"+34652131393","logo":{"@type":"ImageObject","url":"https:\/\/www.eldigitaldeasturias.com\/noticias\/wp-content\/uploads\/2020\/12\/EDA.jpg","@id":"https:\/\/www.eldigitaldeasturias.com\/noticias\/el-pp-organiza-las-jornadas-el-desafio-demografico-en-asturias\/#organizationLogo","width":649,"height":297},"image":{"@id":"https:\/\/www.eldigitaldeasturias.com\/noticias\/el-pp-organiza-las-jornadas-el-desafio-demografico-en-asturias\/#organizationLogo"},"sameAs":["https:\/\/facebook.com\/eldigitaldeasturias","https:\/\/www.youtube.com\/channel\/UCZP-2wLEB9Rv6erhFmqVnvg"],"address":{"@id":"https:\/\/www.eldigitaldeasturias.com\/noticias\/#postaladdress","@type":"PostalAddress","streetAddress":"san antonio 4,","postalCode":"33430","addressLocality":"Cand\u00e1s","addressRegion":"Asturias","addressCountry":"ES"}},{"@type":"Person","@id":"https:\/\/www.eldigitaldeasturias.com\/noticias\/author\/admin\/#author","url":"https:\/\/www.eldigitaldeasturias.com\/noticias\/author\/admin\/","name":"El Digital de Asturias","image":{"@type":"ImageObject","@id":"https:\/\/www.eldigitaldeasturias.com\/noticias\/el-pp-organiza-las-jornadas-el-desafio-demografico-en-asturias\/#authorImage","url":"https:\/\/www.eldigitaldeasturias.com\/noticias\/wp-content\/litespeed\/avatar\/18677e78aa0546b92d9dbf31ec7d7668.jpg?ver=1776685526","width":96,"height":96,"caption":"El Digital de Asturias"}},{"@type":"WebPage","@id":"https:\/\/www.eldigitaldeasturias.com\/noticias\/el-pp-organiza-las-jornadas-el-desafio-demografico-en-asturias\/#webpage","url":"https:\/\/www.eldigitaldeasturias.com\/noticias\/el-pp-organiza-las-jornadas-el-desafio-demografico-en-asturias\/","name":"El PP organiza las jornadas \u00abEl desaf\u00edo demogr\u00e1fico en Asturias\u00bb - El Digital de Asturias","description":"El vicesecretario de Organizaci\u00f3n del Partido Popular de Asturias, Luis Venta; y el diputado auton\u00f3mico David Gonz\u00e1lez Medina han presentado las jornadas \u201cEl desaf\u00edo demogr\u00e1fico en Asturias\u201d que, organizadas por el PP, abordar\u00e1n los d\u00edas 28, 29 y 30 de noviembre en Oviedo, Mieres y Gij\u00f3n, respectivamente, el grave \"invierno demogr\u00e1fico\" al que se enfrenta","inLanguage":"es-ES","isPartOf":{"@id":"https:\/\/www.eldigitaldeasturias.com\/noticias\/#website"},"breadcrumb":{"@id":"https:\/\/www.eldigitaldeasturias.com\/noticias\/el-pp-organiza-las-jornadas-el-desafio-demografico-en-asturias\/#breadcrumblist"},"author":{"@id":"https:\/\/www.eldigitaldeasturias.com\/noticias\/author\/admin\/#author"},"creator":{"@id":"https:\/\/www.eldigitaldeasturias.com\/noticias\/author\/admin\/#author"},"image":{"@type":"ImageObject","url":"https:\/\/www.eldigitaldeasturias.com\/noticias\/wp-content\/uploads\/2016\/11\/5176.jpg","@id":"https:\/\/www.eldigitaldeasturias.com\/noticias\/el-pp-organiza-las-jornadas-el-desafio-demografico-en-asturias\/#mainImage","width":640,"height":480},"primaryImageOfPage":{"@id":"https:\/\/www.eldigitaldeasturias.com\/noticias\/el-pp-organiza-las-jornadas-el-desafio-demografico-en-asturias\/#mainImage"},"datePublished":"2016-11-23T17:44:09+01:00","dateModified":"2016-11-23T17:44:09+01:00"},{"@type":"WebSite","@id":"https:\/\/www.eldigitaldeasturias.com\/noticias\/#website","url":"https:\/\/www.eldigitaldeasturias.com\/noticias\/","name":"El Digital de Asturias - Diario de actualidad y noticias","alternateName":"El Digital de Asturias - Diario de actualidad y noticias","description":"Hemeroteca","inLanguage":"es-ES","publisher":{"@id":"https:\/\/www.eldigitaldeasturias.com\/noticias\/#organization"}}]},"og:locale":"es_ES","og:site_name":"El Digital de Asturias","og:type":"article","og:title":"El PP organiza las jornadas \u00abEl desaf\u00edo demogr\u00e1fico en Asturias\u00bb - El Digital de Asturias","og:description":"El vicesecretario de Organizaci\u00f3n del Partido Popular de Asturias, Luis Venta; y el diputado auton\u00f3mico David Gonz\u00e1lez Medina han presentado las jornadas \u201cEl desaf\u00edo demogr\u00e1fico en Asturias\u201d que, organizadas por el PP, abordar\u00e1n los d\u00edas 28, 29 y 30 de noviembre en Oviedo, Mieres y Gij\u00f3n, respectivamente, el grave &quot;invierno demogr\u00e1fico&quot; al que se enfrenta","og:url":"https:\/\/www.eldigitaldeasturias.com\/noticias\/el-pp-organiza-las-jornadas-el-desafio-demografico-en-asturias\/","og:image":"https:\/\/www.eldigitaldeasturias.com\/noticias\/wp-content\/uploads\/2016\/11\/5176.jpg","og:image:secure_url":"https:\/\/www.eldigitaldeasturias.com\/noticias\/wp-content\/uploads\/2016\/11\/5176.jpg","og:image:width":640,"og:image:height":480,"article:tag":["destacadas"],"article:published_time":"2016-11-23T17:44:09+00:00","article:modified_time":"2016-11-23T17:44:09+00:00","article:publisher":"https:\/\/facebook.com\/eldigitaldeasturias","twitter:card":"summary_large_image","twitter:title":"El PP organiza las jornadas \u00abEl desaf\u00edo demogr\u00e1fico en Asturias\u00bb - El Digital de Asturias","twitter:description":"El vicesecretario de Organizaci\u00f3n del Partido Popular de Asturias, Luis Venta; y el diputado auton\u00f3mico David Gonz\u00e1lez Medina han presentado las jornadas \u201cEl desaf\u00edo demogr\u00e1fico en Asturias\u201d que, organizadas por el PP, abordar\u00e1n los d\u00edas 28, 29 y 30 de noviembre en Oviedo, Mieres y Gij\u00f3n, respectivamente, el grave &quot;invierno demogr\u00e1fico&quot; al que se enfrenta","twitter:image":"https:\/\/www.eldigitaldeasturias.com\/noticias\/wp-content\/uploads\/2016\/11\/5176.jpg","twitter:label1":"Escrito por","twitter:data1":"El Digital de Asturias","twitter:label2":"Tiempo de lectura estimado","twitter:data2":"3 minutos"},"aioseo_meta_data":{"post_id":"917117","title":null,"description":null,"keywords":null,"keyphrases":null,"primary_term":null,"canonical_url":null,"og_title":null,"og_description":null,"og_object_type":"default","og_image_type":"default","og_image_url":null,"og_image_width":null,"og_image_height":null,"og_image_custom_url":null,"og_image_custom_fields":null,"og_video":null,"og_custom_url":null,"og_article_section":null,"og_article_tags":null,"twitter_use_og":false,"twitter_card":"default","twitter_image_type":"default","twitter_image_url":null,"twitter_image_custom_url":null,"twitter_image_custom_fields":null,"twitter_title":null,"twitter_description":null,"schema":{"blockGraphs":[],"customGraphs":[],"default":{"data":{"Article":[],"Course":[],"Dataset":[],"FAQPage":[],"Movie":[],"Person":[],"Product":[],"ProductReview":[],"Car":[],"Recipe":[],"Service":[],"SoftwareApplication":[],"WebPage":[]},"graphName":"","isEnabled":true},"graphs":[],"defaultGraph":"","defaultPostTypeGraph":""},"schema_type":null,"schema_type_options":null,"pillar_content":false,"robots_default":true,"robots_noindex":false,"robots_noarchive":false,"robots_nosnippet":false,"robots_nofollow":false,"robots_noimageindex":false,"robots_noodp":false,"robots_notranslate":false,"robots_max_snippet":null,"robots_max_videopreview":null,"robots_max_imagepreview":"large","priority":null,"frequency":null,"local_seo":null,"seo_analyzer_scan_date":"2025-12-01 22:39:05","breadcrumb_settings":null,"limit_modified_date":false,"open_ai":null,"ai":null,"created":"2020-12-21 13:53:34","updated":"2025-12-01 22:39:05"},"aioseo_breadcrumb":"<div class=\"aioseo-breadcrumbs\"><span class=\"aioseo-breadcrumb\">\n\t<a href=\"https:\/\/www.eldigitaldeasturias.com\/noticias\" title=\"Home\">Home<\/a>\n<\/span><span class=\"aioseo-breadcrumb-separator\">\u2013<\/span><span class=\"aioseo-breadcrumb\">\n\t<a href=\"https:\/\/www.eldigitaldeasturias.com\/noticias\/category\/destacadas\/\" title=\"Destacadas\">Destacadas<\/a>\n<\/span><span class=\"aioseo-breadcrumb-separator\">\u2013<\/span><span class=\"aioseo-breadcrumb\">\n\t<a href=\"https:\/\/www.eldigitaldeasturias.com\/noticias\/el-pp-organiza-las-jornadas-el-desafio-demografico-en-asturias\/\" title=\"El PP organiza las jornadas \u00abEl desaf\u00edo demogr\u00e1fico en Asturias\u00bb\">El PP organiza las jornadas \u00abEl desaf\u00edo demogr\u00e1fico en Asturias\u00bb<\/a>\n<\/span><\/div>","aioseo_breadcrumb_json":[{"label":"Home","link":"https:\/\/www.eldigitaldeasturias.com\/noticias"},{"label":"Destacadas","link":"https:\/\/www.eldigitaldeasturias.com\/noticias\/category\/destacadas\/"},{"label":"El PP organiza las jornadas \u00abEl desaf\u00edo demogr\u00e1fico en Asturias\u00bb","link":"https:\/\/www.eldigitaldeasturias.com\/noticias\/el-pp-organiza-las-jornadas-el-desafio-demografico-en-asturias\/"}],"_links":{"self":[{"href":"https:\/\/www.eldigitaldeasturias.com\/noticias\/wp-json\/wp\/v2\/posts\/917117","targetHints":{"allow":["GET"]}}],"collection":[{"href":"https:\/\/www.eldigitaldeasturias.com\/noticias\/wp-json\/wp\/v2\/posts"}],"about":[{"href":"https:\/\/www.eldigitaldeasturias.com\/noticias\/wp-json\/wp\/v2\/types\/post"}],"author":[{"embeddable":true,"href":"https:\/\/www.eldigitaldeasturias.com\/noticias\/wp-json\/wp\/v2\/users\/1"}],"replies":[{"embeddable":true,"href":"https:\/\/www.eldigitaldeasturias.com\/noticias\/wp-json\/wp\/v2\/comments?post=917117"}],"version-history":[{"count":0,"href":"https:\/\/www.eldigitaldeasturias.com\/noticias\/wp-json\/wp\/v2\/posts\/917117\/revisions"}],"wp:featuredmedia":[{"embeddable":true,"href":"https:\/\/www.eldigitaldeasturias.com\/noticias\/wp-json\/wp\/v2\/media\/917118"}],"wp:attachment":[{"href":"https:\/\/www.eldigitaldeasturias.com\/noticias\/wp-json\/wp\/v2\/media?parent=917117"}],"wp:term":[{"taxonomy":"category","embeddable":true,"href":"https:\/\/www.eldigitaldeasturias.com\/noticias\/wp-json\/wp\/v2\/categories?post=917117"},{"taxonomy":"post_tag","embeddable":true,"href":"https:\/\/www.eldigitaldeasturias.com\/noticias\/wp-json\/wp\/v2\/tags?post=917117"}],"curies":[{"name":"wp","href":"https:\/\/api.w.org\/{rel}","templated":true}]}}