{"id":917029,"date":"2016-11-22T22:16:04","date_gmt":"2016-11-22T22:16:04","guid":{"rendered":"http:\/\/www.eldigitaldeasturias.com\/noticias\/?p=917029"},"modified":"2016-11-22T22:16:04","modified_gmt":"2016-11-22T22:16:04","slug":"chernobil-volvera-a-generar-energia","status":"publish","type":"post","link":"https:\/\/www.eldigitaldeasturias.com\/noticias\/chernobil-volvera-a-generar-energia\/","title":{"rendered":"Chern\u00f3bil volver\u00e1 a generar energ\u00eda"},"content":{"rendered":"<p><img loading=\"lazy\" decoding=\"async\" class=\"alignleft size-medium wp-image-917030\" src=\"https:\/\/www.eldigitaldeasturias.com\/noticias\/wp-content\/uploads\/2016\/11\/650_12004-360x233.jpg\" alt=\"650_1200\" width=\"360\" height=\"233\" srcset=\"https:\/\/www.eldigitaldeasturias.com\/noticias\/wp-content\/uploads\/2016\/11\/650_12004-360x233.jpg 360w, https:\/\/www.eldigitaldeasturias.com\/noticias\/wp-content\/uploads\/2016\/11\/650_12004.jpg 650w, https:\/\/www.eldigitaldeasturias.com\/noticias\/wp-content\/uploads\/2016\/11\/650_12004-84x55.jpg 84w, https:\/\/www.eldigitaldeasturias.com\/noticias\/wp-content\/uploads\/2016\/11\/650_12004-49x32.jpg 49w\" sizes=\"auto, (max-width: 360px) 100vw, 360px\" \/>Actualmente se est\u00e1 construyendo un nuevo sarc\u00f3fago para el reactor 4 de la central nuclear, un proyecto de 1.500 millones de euros que deber\u00eda estar listo el siguiente a\u00f1o, y que servir\u00e1 para protegernos durante los pr\u00f3ximos 100 a\u00f1os de la radiaci\u00f3n que todav\u00eda emite el reactor. Gracias a esto ya han empezado a surgir proyectos que buscan aprovechar la zona, como en esta ocasi\u00f3n que dos compa\u00f1\u00edas chinas han confirmado que instalar\u00e1n una gran planta solar en la zona de exclusi\u00f3n de Chern\u00f3bil, la que ser\u00e1 la primera en su tipo en el \u00e1rea.<\/p>\n<p><strong>Una gigantesca planta de 1 gigavatio<\/strong><\/p>\n<p>GCL System Integration Technology (GCL-SI) y China National Complete Engineering Corp (CCEC), son las dos compa\u00f1\u00edas chinas que arrancar\u00e1n con un proyecto para construir una granja solar capaz de generar hasta 1 gigavatio de energ\u00eda, la cual estar\u00e1 ubicada en la zona de exclusi\u00f3n de la central nuclear.<\/p>\n<p>Seg\u00fan uno de los responsables del proyecto, Ucrania acaba de aprobar una ley que permite que compa\u00f1\u00edas exploten la zona de exclusi\u00f3n en Chern\u00f3bil para agricultura y proyectos de generaci\u00f3n de energ\u00eda limpia, ya que seg\u00fan el gobierno la radiaci\u00f3n est\u00e1 bajo control y en 2017 el \u00e1rea estar\u00e1 completamente limpia.<\/p>\n<p><strong>Reactor 4 de la Central Nuclear de Chern\u00f3bil<\/strong><\/p>\n<p>La construcci\u00f3n de la granja solar dar\u00eda inicio en 2017, una vez que el sarc\u00f3fago del reactor 4 est\u00e9 completado. A\u00fan se desconoce la zona exacta de la instalaci\u00f3n as\u00ed como el coste total del proyecto, pero seg\u00fan la informaci\u00f3n que recoge Reuters, ingenieros de GCL-SI ya han estado recorriendo la zona para hacer los an\u00e1lisis del terreno y determinar cu\u00e1l es el lugar m\u00e1s propicio para la granja.<\/p>\n<p>El proyecto correr\u00e1 a cargo de CCEC, donde se cree que Ucrania est\u00e1 aportando dinero, sin embargo, esto no se ha podido confirmar. Por su parte GCL-SI ser\u00e1 la encargada de instalar y proporcionar todos los componentes solares.<\/p>\n<p><strong><em>La noticia Chern\u00f3bil volver\u00e1 a generar energ\u00eda gracias a una granja solar de la mano de China y Ucrania fue publicada originalmente en Xataka<\/em><\/strong><\/p>\n<p>&nbsp;<\/p>\n","protected":false},"excerpt":{"rendered":"<p>Actualmente se est\u00e1 construyendo un nuevo sarc\u00f3fago para el reactor 4 de la central nuclear, un proyecto de 1.500 millones de euros que deber\u00eda estar listo el siguiente a\u00f1o, y que servir\u00e1 para protegernos durante los pr\u00f3ximos 100 a\u00f1os de la radiaci\u00f3n que todav\u00eda emite el reactor. Gracias a esto ya han empezado a surgir [&hellip;]<\/p>\n","protected":false},"author":1,"featured_media":917030,"comment_status":"closed","ping_status":"closed","sticky":false,"template":"","format":"standard","meta":{"footnotes":""},"categories":[141],"tags":[],"class_list":["post-917029","post","type-post","status-publish","format-standard","has-post-thumbnail","hentry","category-destacadas"],"aioseo_notices":[],"aioseo_head":"\n\t\t<!-- All in One SEO Pro 4.9.6.2 - aioseo.com -->\n\t<meta name=\"description\" content=\"Actualmente se est\u00e1 construyendo un nuevo sarc\u00f3fago para el reactor 4 de la central nuclear, un proyecto de 1.500 millones de euros que deber\u00eda estar listo el siguiente a\u00f1o, y que servir\u00e1 para protegernos durante los pr\u00f3ximos 100 a\u00f1os de la radiaci\u00f3n que todav\u00eda emite el reactor. Gracias a esto ya han empezado a surgir\" \/>\n\t<meta name=\"robots\" content=\"max-image-preview:large\" \/>\n\t<meta name=\"author\" content=\"El Digital de Asturias\"\/>\n\t<meta name=\"google-site-verification\" content=\"UA-38556648-1\" \/>\n\t<meta name=\"msvalidate.01\" content=\"7dfe9f3f1b24437ab69f4f2559babe99\" \/>\n\t<meta name=\"keywords\" content=\"destacadas\" \/>\n\t<link rel=\"canonical\" href=\"https:\/\/www.eldigitaldeasturias.com\/noticias\/chernobil-volvera-a-generar-energia\/\" \/>\n\t<meta name=\"generator\" content=\"All in One SEO Pro (AIOSEO) 4.9.6.2\" \/>\n\t\t<meta property=\"og:locale\" content=\"es_ES\" \/>\n\t\t<meta property=\"og:site_name\" content=\"El Digital de Asturias\" \/>\n\t\t<meta property=\"og:type\" content=\"article\" \/>\n\t\t<meta property=\"og:title\" content=\"Chern\u00f3bil volver\u00e1 a generar energ\u00eda - El Digital de Asturias\" \/>\n\t\t<meta property=\"og:description\" content=\"Actualmente se est\u00e1 construyendo un nuevo sarc\u00f3fago para el reactor 4 de la central nuclear, un proyecto de 1.500 millones de euros que deber\u00eda estar listo el siguiente a\u00f1o, y que servir\u00e1 para protegernos durante los pr\u00f3ximos 100 a\u00f1os de la radiaci\u00f3n que todav\u00eda emite el reactor. Gracias a esto ya han empezado a surgir\" \/>\n\t\t<meta property=\"og:url\" content=\"https:\/\/www.eldigitaldeasturias.com\/noticias\/chernobil-volvera-a-generar-energia\/\" \/>\n\t\t<meta property=\"og:image\" content=\"https:\/\/www.eldigitaldeasturias.com\/noticias\/wp-content\/uploads\/2016\/11\/650_12004.jpg\" \/>\n\t\t<meta property=\"og:image:secure_url\" content=\"https:\/\/www.eldigitaldeasturias.com\/noticias\/wp-content\/uploads\/2016\/11\/650_12004.jpg\" \/>\n\t\t<meta property=\"og:image:width\" content=\"650\" \/>\n\t\t<meta property=\"og:image:height\" content=\"421\" \/>\n\t\t<meta property=\"article:tag\" content=\"destacadas\" \/>\n\t\t<meta property=\"article:published_time\" content=\"2016-11-22T22:16:04+00:00\" \/>\n\t\t<meta property=\"article:modified_time\" content=\"2016-11-22T22:16:04+00:00\" \/>\n\t\t<meta property=\"article:publisher\" content=\"https:\/\/facebook.com\/eldigitaldeasturias\" \/>\n\t\t<meta name=\"twitter:card\" content=\"summary_large_image\" \/>\n\t\t<meta name=\"twitter:title\" content=\"Chern\u00f3bil volver\u00e1 a generar energ\u00eda - El Digital de Asturias\" \/>\n\t\t<meta name=\"twitter:description\" content=\"Actualmente se est\u00e1 construyendo un nuevo sarc\u00f3fago para el reactor 4 de la central nuclear, un proyecto de 1.500 millones de euros que deber\u00eda estar listo el siguiente a\u00f1o, y que servir\u00e1 para protegernos durante los pr\u00f3ximos 100 a\u00f1os de la radiaci\u00f3n que todav\u00eda emite el reactor. Gracias a esto ya han empezado a surgir\" \/>\n\t\t<meta name=\"twitter:image\" content=\"https:\/\/www.eldigitaldeasturias.com\/noticias\/wp-content\/uploads\/2016\/11\/650_12004.jpg\" \/>\n\t\t<meta name=\"twitter:label1\" content=\"Escrito por\" \/>\n\t\t<meta name=\"twitter:data1\" content=\"El Digital de Asturias\" \/>\n\t\t<meta name=\"twitter:label2\" content=\"Tiempo de lectura estimado\" \/>\n\t\t<meta name=\"twitter:data2\" content=\"2 minutos\" \/>\n\t\t<script type=\"application\/ld+json\" class=\"aioseo-schema\">\n\t\t\t{\"@context\":\"https:\\\/\\\/schema.org\",\"@graph\":[{\"@type\":\"BlogPosting\",\"@id\":\"https:\\\/\\\/www.eldigitaldeasturias.com\\\/noticias\\\/chernobil-volvera-a-generar-energia\\\/#blogposting\",\"name\":\"Chern\\u00f3bil volver\\u00e1 a generar energ\\u00eda - El Digital de Asturias\",\"headline\":\"Chern\\u00f3bil volver\\u00e1 a generar energ\\u00eda\",\"author\":{\"@id\":\"https:\\\/\\\/www.eldigitaldeasturias.com\\\/noticias\\\/author\\\/admin\\\/#author\"},\"publisher\":{\"@id\":\"https:\\\/\\\/www.eldigitaldeasturias.com\\\/noticias\\\/#organization\"},\"image\":{\"@type\":\"ImageObject\",\"url\":\"https:\\\/\\\/www.eldigitaldeasturias.com\\\/noticias\\\/wp-content\\\/uploads\\\/2016\\\/11\\\/650_12004.jpg\",\"width\":650,\"height\":421},\"datePublished\":\"2016-11-22T22:16:04+01:00\",\"dateModified\":\"2016-11-22T22:16:04+01:00\",\"inLanguage\":\"es-ES\",\"mainEntityOfPage\":{\"@id\":\"https:\\\/\\\/www.eldigitaldeasturias.com\\\/noticias\\\/chernobil-volvera-a-generar-energia\\\/#webpage\"},\"isPartOf\":{\"@id\":\"https:\\\/\\\/www.eldigitaldeasturias.com\\\/noticias\\\/chernobil-volvera-a-generar-energia\\\/#webpage\"},\"articleSection\":\"Destacadas\"},{\"@type\":\"BreadcrumbList\",\"@id\":\"https:\\\/\\\/www.eldigitaldeasturias.com\\\/noticias\\\/chernobil-volvera-a-generar-energia\\\/#breadcrumblist\",\"itemListElement\":[{\"@type\":\"ListItem\",\"@id\":\"https:\\\/\\\/www.eldigitaldeasturias.com\\\/noticias#listItem\",\"position\":1,\"name\":\"Home\",\"item\":\"https:\\\/\\\/www.eldigitaldeasturias.com\\\/noticias\",\"nextItem\":{\"@type\":\"ListItem\",\"@id\":\"https:\\\/\\\/www.eldigitaldeasturias.com\\\/noticias\\\/category\\\/destacadas\\\/#listItem\",\"name\":\"Destacadas\"}},{\"@type\":\"ListItem\",\"@id\":\"https:\\\/\\\/www.eldigitaldeasturias.com\\\/noticias\\\/category\\\/destacadas\\\/#listItem\",\"position\":2,\"name\":\"Destacadas\",\"item\":\"https:\\\/\\\/www.eldigitaldeasturias.com\\\/noticias\\\/category\\\/destacadas\\\/\",\"nextItem\":{\"@type\":\"ListItem\",\"@id\":\"https:\\\/\\\/www.eldigitaldeasturias.com\\\/noticias\\\/chernobil-volvera-a-generar-energia\\\/#listItem\",\"name\":\"Chern\\u00f3bil volver\\u00e1 a generar energ\\u00eda\"},\"previousItem\":{\"@type\":\"ListItem\",\"@id\":\"https:\\\/\\\/www.eldigitaldeasturias.com\\\/noticias#listItem\",\"name\":\"Home\"}},{\"@type\":\"ListItem\",\"@id\":\"https:\\\/\\\/www.eldigitaldeasturias.com\\\/noticias\\\/chernobil-volvera-a-generar-energia\\\/#listItem\",\"position\":3,\"name\":\"Chern\\u00f3bil volver\\u00e1 a generar energ\\u00eda\",\"previousItem\":{\"@type\":\"ListItem\",\"@id\":\"https:\\\/\\\/www.eldigitaldeasturias.com\\\/noticias\\\/category\\\/destacadas\\\/#listItem\",\"name\":\"Destacadas\"}}]},{\"@type\":\"Organization\",\"@id\":\"https:\\\/\\\/www.eldigitaldeasturias.com\\\/noticias\\\/#organization\",\"name\":\"El Digital de Asturias\",\"description\":\"Hemeroteca\",\"url\":\"https:\\\/\\\/www.eldigitaldeasturias.com\\\/noticias\\\/\",\"email\":\"info@eldigitaldeasturias.com\",\"telephone\":\"+34652131393\",\"logo\":{\"@type\":\"ImageObject\",\"url\":\"https:\\\/\\\/www.eldigitaldeasturias.com\\\/noticias\\\/wp-content\\\/uploads\\\/2020\\\/12\\\/EDA.jpg\",\"@id\":\"https:\\\/\\\/www.eldigitaldeasturias.com\\\/noticias\\\/chernobil-volvera-a-generar-energia\\\/#organizationLogo\",\"width\":649,\"height\":297},\"image\":{\"@id\":\"https:\\\/\\\/www.eldigitaldeasturias.com\\\/noticias\\\/chernobil-volvera-a-generar-energia\\\/#organizationLogo\"},\"sameAs\":[\"https:\\\/\\\/facebook.com\\\/eldigitaldeasturias\",\"https:\\\/\\\/www.youtube.com\\\/channel\\\/UCZP-2wLEB9Rv6erhFmqVnvg\"],\"address\":{\"@id\":\"https:\\\/\\\/www.eldigitaldeasturias.com\\\/noticias\\\/#postaladdress\",\"@type\":\"PostalAddress\",\"streetAddress\":\"san antonio 4,\",\"postalCode\":\"33430\",\"addressLocality\":\"Cand\\u00e1s\",\"addressRegion\":\"Asturias\",\"addressCountry\":\"ES\"}},{\"@type\":\"Person\",\"@id\":\"https:\\\/\\\/www.eldigitaldeasturias.com\\\/noticias\\\/author\\\/admin\\\/#author\",\"url\":\"https:\\\/\\\/www.eldigitaldeasturias.com\\\/noticias\\\/author\\\/admin\\\/\",\"name\":\"El Digital de Asturias\",\"image\":{\"@type\":\"ImageObject\",\"@id\":\"https:\\\/\\\/www.eldigitaldeasturias.com\\\/noticias\\\/chernobil-volvera-a-generar-energia\\\/#authorImage\",\"url\":\"https:\\\/\\\/www.eldigitaldeasturias.com\\\/noticias\\\/wp-content\\\/litespeed\\\/avatar\\\/18677e78aa0546b92d9dbf31ec7d7668.jpg?ver=1776685526\",\"width\":96,\"height\":96,\"caption\":\"El Digital de Asturias\"}},{\"@type\":\"WebPage\",\"@id\":\"https:\\\/\\\/www.eldigitaldeasturias.com\\\/noticias\\\/chernobil-volvera-a-generar-energia\\\/#webpage\",\"url\":\"https:\\\/\\\/www.eldigitaldeasturias.com\\\/noticias\\\/chernobil-volvera-a-generar-energia\\\/\",\"name\":\"Chern\\u00f3bil volver\\u00e1 a generar energ\\u00eda - El Digital de Asturias\",\"description\":\"Actualmente se est\\u00e1 construyendo un nuevo sarc\\u00f3fago para el reactor 4 de la central nuclear, un proyecto de 1.500 millones de euros que deber\\u00eda estar listo el siguiente a\\u00f1o, y que servir\\u00e1 para protegernos durante los pr\\u00f3ximos 100 a\\u00f1os de la radiaci\\u00f3n que todav\\u00eda emite el reactor. Gracias a esto ya han empezado a surgir\",\"inLanguage\":\"es-ES\",\"isPartOf\":{\"@id\":\"https:\\\/\\\/www.eldigitaldeasturias.com\\\/noticias\\\/#website\"},\"breadcrumb\":{\"@id\":\"https:\\\/\\\/www.eldigitaldeasturias.com\\\/noticias\\\/chernobil-volvera-a-generar-energia\\\/#breadcrumblist\"},\"author\":{\"@id\":\"https:\\\/\\\/www.eldigitaldeasturias.com\\\/noticias\\\/author\\\/admin\\\/#author\"},\"creator\":{\"@id\":\"https:\\\/\\\/www.eldigitaldeasturias.com\\\/noticias\\\/author\\\/admin\\\/#author\"},\"image\":{\"@type\":\"ImageObject\",\"url\":\"https:\\\/\\\/www.eldigitaldeasturias.com\\\/noticias\\\/wp-content\\\/uploads\\\/2016\\\/11\\\/650_12004.jpg\",\"@id\":\"https:\\\/\\\/www.eldigitaldeasturias.com\\\/noticias\\\/chernobil-volvera-a-generar-energia\\\/#mainImage\",\"width\":650,\"height\":421},\"primaryImageOfPage\":{\"@id\":\"https:\\\/\\\/www.eldigitaldeasturias.com\\\/noticias\\\/chernobil-volvera-a-generar-energia\\\/#mainImage\"},\"datePublished\":\"2016-11-22T22:16:04+01:00\",\"dateModified\":\"2016-11-22T22:16:04+01:00\"},{\"@type\":\"WebSite\",\"@id\":\"https:\\\/\\\/www.eldigitaldeasturias.com\\\/noticias\\\/#website\",\"url\":\"https:\\\/\\\/www.eldigitaldeasturias.com\\\/noticias\\\/\",\"name\":\"El Digital de Asturias - Diario de actualidad y noticias\",\"alternateName\":\"El Digital de Asturias - Diario de actualidad y noticias\",\"description\":\"Hemeroteca\",\"inLanguage\":\"es-ES\",\"publisher\":{\"@id\":\"https:\\\/\\\/www.eldigitaldeasturias.com\\\/noticias\\\/#organization\"}}]}\n\t\t<\/script>\n\t\t<!-- All in One SEO Pro -->\r\n\t\t<title>Chern\u00f3bil volver\u00e1 a generar energ\u00eda - El Digital de Asturias<\/title>\n\n","aioseo_head_json":{"title":"Chern\u00f3bil volver\u00e1 a generar energ\u00eda - El Digital de Asturias","description":"Actualmente se est\u00e1 construyendo un nuevo sarc\u00f3fago para el reactor 4 de la central nuclear, un proyecto de 1.500 millones de euros que deber\u00eda estar listo el siguiente a\u00f1o, y que servir\u00e1 para protegernos durante los pr\u00f3ximos 100 a\u00f1os de la radiaci\u00f3n que todav\u00eda emite el reactor. Gracias a esto ya han empezado a surgir","canonical_url":"https:\/\/www.eldigitaldeasturias.com\/noticias\/chernobil-volvera-a-generar-energia\/","robots":"max-image-preview:large","keywords":"destacadas","webmasterTools":{"google-site-verification":"UA-38556648-1","msvalidate.01":"7dfe9f3f1b24437ab69f4f2559babe99","miscellaneous":""},"schema":{"@context":"https:\/\/schema.org","@graph":[{"@type":"BlogPosting","@id":"https:\/\/www.eldigitaldeasturias.com\/noticias\/chernobil-volvera-a-generar-energia\/#blogposting","name":"Chern\u00f3bil volver\u00e1 a generar energ\u00eda - El Digital de Asturias","headline":"Chern\u00f3bil volver\u00e1 a generar energ\u00eda","author":{"@id":"https:\/\/www.eldigitaldeasturias.com\/noticias\/author\/admin\/#author"},"publisher":{"@id":"https:\/\/www.eldigitaldeasturias.com\/noticias\/#organization"},"image":{"@type":"ImageObject","url":"https:\/\/www.eldigitaldeasturias.com\/noticias\/wp-content\/uploads\/2016\/11\/650_12004.jpg","width":650,"height":421},"datePublished":"2016-11-22T22:16:04+01:00","dateModified":"2016-11-22T22:16:04+01:00","inLanguage":"es-ES","mainEntityOfPage":{"@id":"https:\/\/www.eldigitaldeasturias.com\/noticias\/chernobil-volvera-a-generar-energia\/#webpage"},"isPartOf":{"@id":"https:\/\/www.eldigitaldeasturias.com\/noticias\/chernobil-volvera-a-generar-energia\/#webpage"},"articleSection":"Destacadas"},{"@type":"BreadcrumbList","@id":"https:\/\/www.eldigitaldeasturias.com\/noticias\/chernobil-volvera-a-generar-energia\/#breadcrumblist","itemListElement":[{"@type":"ListItem","@id":"https:\/\/www.eldigitaldeasturias.com\/noticias#listItem","position":1,"name":"Home","item":"https:\/\/www.eldigitaldeasturias.com\/noticias","nextItem":{"@type":"ListItem","@id":"https:\/\/www.eldigitaldeasturias.com\/noticias\/category\/destacadas\/#listItem","name":"Destacadas"}},{"@type":"ListItem","@id":"https:\/\/www.eldigitaldeasturias.com\/noticias\/category\/destacadas\/#listItem","position":2,"name":"Destacadas","item":"https:\/\/www.eldigitaldeasturias.com\/noticias\/category\/destacadas\/","nextItem":{"@type":"ListItem","@id":"https:\/\/www.eldigitaldeasturias.com\/noticias\/chernobil-volvera-a-generar-energia\/#listItem","name":"Chern\u00f3bil volver\u00e1 a generar energ\u00eda"},"previousItem":{"@type":"ListItem","@id":"https:\/\/www.eldigitaldeasturias.com\/noticias#listItem","name":"Home"}},{"@type":"ListItem","@id":"https:\/\/www.eldigitaldeasturias.com\/noticias\/chernobil-volvera-a-generar-energia\/#listItem","position":3,"name":"Chern\u00f3bil volver\u00e1 a generar energ\u00eda","previousItem":{"@type":"ListItem","@id":"https:\/\/www.eldigitaldeasturias.com\/noticias\/category\/destacadas\/#listItem","name":"Destacadas"}}]},{"@type":"Organization","@id":"https:\/\/www.eldigitaldeasturias.com\/noticias\/#organization","name":"El Digital de Asturias","description":"Hemeroteca","url":"https:\/\/www.eldigitaldeasturias.com\/noticias\/","email":"info@eldigitaldeasturias.com","telephone":"+34652131393","logo":{"@type":"ImageObject","url":"https:\/\/www.eldigitaldeasturias.com\/noticias\/wp-content\/uploads\/2020\/12\/EDA.jpg","@id":"https:\/\/www.eldigitaldeasturias.com\/noticias\/chernobil-volvera-a-generar-energia\/#organizationLogo","width":649,"height":297},"image":{"@id":"https:\/\/www.eldigitaldeasturias.com\/noticias\/chernobil-volvera-a-generar-energia\/#organizationLogo"},"sameAs":["https:\/\/facebook.com\/eldigitaldeasturias","https:\/\/www.youtube.com\/channel\/UCZP-2wLEB9Rv6erhFmqVnvg"],"address":{"@id":"https:\/\/www.eldigitaldeasturias.com\/noticias\/#postaladdress","@type":"PostalAddress","streetAddress":"san antonio 4,","postalCode":"33430","addressLocality":"Cand\u00e1s","addressRegion":"Asturias","addressCountry":"ES"}},{"@type":"Person","@id":"https:\/\/www.eldigitaldeasturias.com\/noticias\/author\/admin\/#author","url":"https:\/\/www.eldigitaldeasturias.com\/noticias\/author\/admin\/","name":"El Digital de Asturias","image":{"@type":"ImageObject","@id":"https:\/\/www.eldigitaldeasturias.com\/noticias\/chernobil-volvera-a-generar-energia\/#authorImage","url":"https:\/\/www.eldigitaldeasturias.com\/noticias\/wp-content\/litespeed\/avatar\/18677e78aa0546b92d9dbf31ec7d7668.jpg?ver=1776685526","width":96,"height":96,"caption":"El Digital de Asturias"}},{"@type":"WebPage","@id":"https:\/\/www.eldigitaldeasturias.com\/noticias\/chernobil-volvera-a-generar-energia\/#webpage","url":"https:\/\/www.eldigitaldeasturias.com\/noticias\/chernobil-volvera-a-generar-energia\/","name":"Chern\u00f3bil volver\u00e1 a generar energ\u00eda - El Digital de Asturias","description":"Actualmente se est\u00e1 construyendo un nuevo sarc\u00f3fago para el reactor 4 de la central nuclear, un proyecto de 1.500 millones de euros que deber\u00eda estar listo el siguiente a\u00f1o, y que servir\u00e1 para protegernos durante los pr\u00f3ximos 100 a\u00f1os de la radiaci\u00f3n que todav\u00eda emite el reactor. Gracias a esto ya han empezado a surgir","inLanguage":"es-ES","isPartOf":{"@id":"https:\/\/www.eldigitaldeasturias.com\/noticias\/#website"},"breadcrumb":{"@id":"https:\/\/www.eldigitaldeasturias.com\/noticias\/chernobil-volvera-a-generar-energia\/#breadcrumblist"},"author":{"@id":"https:\/\/www.eldigitaldeasturias.com\/noticias\/author\/admin\/#author"},"creator":{"@id":"https:\/\/www.eldigitaldeasturias.com\/noticias\/author\/admin\/#author"},"image":{"@type":"ImageObject","url":"https:\/\/www.eldigitaldeasturias.com\/noticias\/wp-content\/uploads\/2016\/11\/650_12004.jpg","@id":"https:\/\/www.eldigitaldeasturias.com\/noticias\/chernobil-volvera-a-generar-energia\/#mainImage","width":650,"height":421},"primaryImageOfPage":{"@id":"https:\/\/www.eldigitaldeasturias.com\/noticias\/chernobil-volvera-a-generar-energia\/#mainImage"},"datePublished":"2016-11-22T22:16:04+01:00","dateModified":"2016-11-22T22:16:04+01:00"},{"@type":"WebSite","@id":"https:\/\/www.eldigitaldeasturias.com\/noticias\/#website","url":"https:\/\/www.eldigitaldeasturias.com\/noticias\/","name":"El Digital de Asturias - Diario de actualidad y noticias","alternateName":"El Digital de Asturias - Diario de actualidad y noticias","description":"Hemeroteca","inLanguage":"es-ES","publisher":{"@id":"https:\/\/www.eldigitaldeasturias.com\/noticias\/#organization"}}]},"og:locale":"es_ES","og:site_name":"El Digital de Asturias","og:type":"article","og:title":"Chern\u00f3bil volver\u00e1 a generar energ\u00eda - El Digital de Asturias","og:description":"Actualmente se est\u00e1 construyendo un nuevo sarc\u00f3fago para el reactor 4 de la central nuclear, un proyecto de 1.500 millones de euros que deber\u00eda estar listo el siguiente a\u00f1o, y que servir\u00e1 para protegernos durante los pr\u00f3ximos 100 a\u00f1os de la radiaci\u00f3n que todav\u00eda emite el reactor. Gracias a esto ya han empezado a surgir","og:url":"https:\/\/www.eldigitaldeasturias.com\/noticias\/chernobil-volvera-a-generar-energia\/","og:image":"https:\/\/www.eldigitaldeasturias.com\/noticias\/wp-content\/uploads\/2016\/11\/650_12004.jpg","og:image:secure_url":"https:\/\/www.eldigitaldeasturias.com\/noticias\/wp-content\/uploads\/2016\/11\/650_12004.jpg","og:image:width":650,"og:image:height":421,"article:tag":["destacadas"],"article:published_time":"2016-11-22T22:16:04+00:00","article:modified_time":"2016-11-22T22:16:04+00:00","article:publisher":"https:\/\/facebook.com\/eldigitaldeasturias","twitter:card":"summary_large_image","twitter:title":"Chern\u00f3bil volver\u00e1 a generar energ\u00eda - El Digital de Asturias","twitter:description":"Actualmente se est\u00e1 construyendo un nuevo sarc\u00f3fago para el reactor 4 de la central nuclear, un proyecto de 1.500 millones de euros que deber\u00eda estar listo el siguiente a\u00f1o, y que servir\u00e1 para protegernos durante los pr\u00f3ximos 100 a\u00f1os de la radiaci\u00f3n que todav\u00eda emite el reactor. Gracias a esto ya han empezado a surgir","twitter:image":"https:\/\/www.eldigitaldeasturias.com\/noticias\/wp-content\/uploads\/2016\/11\/650_12004.jpg","twitter:label1":"Escrito por","twitter:data1":"El Digital de Asturias","twitter:label2":"Tiempo de lectura estimado","twitter:data2":"2 minutos"},"aioseo_meta_data":{"post_id":"917029","title":null,"description":null,"keywords":null,"keyphrases":null,"primary_term":null,"canonical_url":null,"og_title":null,"og_description":null,"og_object_type":"default","og_image_type":"default","og_image_url":null,"og_image_width":null,"og_image_height":null,"og_image_custom_url":null,"og_image_custom_fields":null,"og_video":null,"og_custom_url":null,"og_article_section":null,"og_article_tags":null,"twitter_use_og":false,"twitter_card":"default","twitter_image_type":"default","twitter_image_url":null,"twitter_image_custom_url":null,"twitter_image_custom_fields":null,"twitter_title":null,"twitter_description":null,"schema":{"blockGraphs":[],"customGraphs":[],"default":{"data":{"Article":[],"Course":[],"Dataset":[],"FAQPage":[],"Movie":[],"Person":[],"Product":[],"ProductReview":[],"Car":[],"Recipe":[],"Service":[],"SoftwareApplication":[],"WebPage":[]},"graphName":"","isEnabled":true},"graphs":[],"defaultGraph":"","defaultPostTypeGraph":""},"schema_type":null,"schema_type_options":null,"pillar_content":false,"robots_default":true,"robots_noindex":false,"robots_noarchive":false,"robots_nosnippet":false,"robots_nofollow":false,"robots_noimageindex":false,"robots_noodp":false,"robots_notranslate":false,"robots_max_snippet":null,"robots_max_videopreview":null,"robots_max_imagepreview":"large","priority":null,"frequency":null,"local_seo":null,"seo_analyzer_scan_date":"2025-12-01 22:21:33","breadcrumb_settings":null,"limit_modified_date":false,"open_ai":null,"ai":null,"created":"2020-12-21 13:53:37","updated":"2025-12-01 22:21:33"},"aioseo_breadcrumb":"<div class=\"aioseo-breadcrumbs\"><span class=\"aioseo-breadcrumb\">\n\t<a href=\"https:\/\/www.eldigitaldeasturias.com\/noticias\" title=\"Home\">Home<\/a>\n<\/span><span class=\"aioseo-breadcrumb-separator\">\u2013<\/span><span class=\"aioseo-breadcrumb\">\n\t<a href=\"https:\/\/www.eldigitaldeasturias.com\/noticias\/category\/destacadas\/\" title=\"Destacadas\">Destacadas<\/a>\n<\/span><span class=\"aioseo-breadcrumb-separator\">\u2013<\/span><span class=\"aioseo-breadcrumb\">\n\t<a href=\"https:\/\/www.eldigitaldeasturias.com\/noticias\/chernobil-volvera-a-generar-energia\/\" title=\"Chern\u00f3bil volver\u00e1 a generar energ\u00eda\">Chern\u00f3bil volver\u00e1 a generar energ\u00eda<\/a>\n<\/span><\/div>","aioseo_breadcrumb_json":[{"label":"Home","link":"https:\/\/www.eldigitaldeasturias.com\/noticias"},{"label":"Destacadas","link":"https:\/\/www.eldigitaldeasturias.com\/noticias\/category\/destacadas\/"},{"label":"Chern\u00f3bil volver\u00e1 a generar energ\u00eda","link":"https:\/\/www.eldigitaldeasturias.com\/noticias\/chernobil-volvera-a-generar-energia\/"}],"_links":{"self":[{"href":"https:\/\/www.eldigitaldeasturias.com\/noticias\/wp-json\/wp\/v2\/posts\/917029","targetHints":{"allow":["GET"]}}],"collection":[{"href":"https:\/\/www.eldigitaldeasturias.com\/noticias\/wp-json\/wp\/v2\/posts"}],"about":[{"href":"https:\/\/www.eldigitaldeasturias.com\/noticias\/wp-json\/wp\/v2\/types\/post"}],"author":[{"embeddable":true,"href":"https:\/\/www.eldigitaldeasturias.com\/noticias\/wp-json\/wp\/v2\/users\/1"}],"replies":[{"embeddable":true,"href":"https:\/\/www.eldigitaldeasturias.com\/noticias\/wp-json\/wp\/v2\/comments?post=917029"}],"version-history":[{"count":0,"href":"https:\/\/www.eldigitaldeasturias.com\/noticias\/wp-json\/wp\/v2\/posts\/917029\/revisions"}],"wp:featuredmedia":[{"embeddable":true,"href":"https:\/\/www.eldigitaldeasturias.com\/noticias\/wp-json\/wp\/v2\/media\/917030"}],"wp:attachment":[{"href":"https:\/\/www.eldigitaldeasturias.com\/noticias\/wp-json\/wp\/v2\/media?parent=917029"}],"wp:term":[{"taxonomy":"category","embeddable":true,"href":"https:\/\/www.eldigitaldeasturias.com\/noticias\/wp-json\/wp\/v2\/categories?post=917029"},{"taxonomy":"post_tag","embeddable":true,"href":"https:\/\/www.eldigitaldeasturias.com\/noticias\/wp-json\/wp\/v2\/tags?post=917029"}],"curies":[{"name":"wp","href":"https:\/\/api.w.org\/{rel}","templated":true}]}}