{"id":916916,"date":"2016-11-22T12:15:28","date_gmt":"2016-11-22T12:15:28","guid":{"rendered":"http:\/\/www.eldigitaldeasturias.com\/noticias\/?p=916916"},"modified":"2016-11-22T12:15:28","modified_gmt":"2016-11-22T12:15:28","slug":"confirmada-la-relacion-entre-contaminacion-y-riesgo-de-asma-infantil","status":"publish","type":"post","link":"https:\/\/www.eldigitaldeasturias.com\/noticias\/confirmada-la-relacion-entre-contaminacion-y-riesgo-de-asma-infantil\/","title":{"rendered":"Confirmada la relaci\u00f3n entre contaminaci\u00f3n y riesgo de asma infantil"},"content":{"rendered":"<p><img loading=\"lazy\" decoding=\"async\" class=\"alignleft size-medium wp-image-916917\" src=\"https:\/\/www.eldigitaldeasturias.com\/noticias\/wp-content\/uploads\/2016\/11\/contaminacion-y-riesgo-de-asma-infantil_image_380-360x170.png\" alt=\"-contaminacion-y-riesgo-de-asma-infantil_image_380\" width=\"360\" height=\"170\" srcset=\"https:\/\/www.eldigitaldeasturias.com\/noticias\/wp-content\/uploads\/2016\/11\/contaminacion-y-riesgo-de-asma-infantil_image_380-360x170.png 360w, https:\/\/www.eldigitaldeasturias.com\/noticias\/wp-content\/uploads\/2016\/11\/contaminacion-y-riesgo-de-asma-infantil_image_380-768x362.png 768w, https:\/\/www.eldigitaldeasturias.com\/noticias\/wp-content\/uploads\/2016\/11\/contaminacion-y-riesgo-de-asma-infantil_image_380-650x306.png 650w, https:\/\/www.eldigitaldeasturias.com\/noticias\/wp-content\/uploads\/2016\/11\/contaminacion-y-riesgo-de-asma-infantil_image_380.png 807w\" sizes=\"auto, (max-width: 360px) 100vw, 360px\" \/>Los ni\u00f1os y adolescentes expuestos a niveles altos de contaminaci\u00f3n atmosf\u00e9rica tienen un mayor riesgo de desarrollar asma, seg\u00fan una revisi\u00f3n sistem\u00e1tica y an\u00e1lisis a gran escala realizada por investigadores del Instituto de Salud Global de Barcelona (ISGlobal) y de la Universidad de Leeds.<\/p>\n<p>Se estima que el asma afecta a 334 millones de personas en todo el mundo y numerosos estudios muestran que la prevalencia del asma infantil ha aumentado significativamente desde los a\u00f1os 50. Se desconoce en gran medida el porqu\u00e9 de este aumento, pero los expertos creen que es debido a los cambios en las exposiciones ambientales incluyendo la contaminaci\u00f3n del aire.<\/p>\n<p>Este estudio, publicado en Environment International, es la s\u00edntesis m\u00e1s grande y actualizada de la evidencia cient\u00edfica sobre la relaci\u00f3n entre contaminaci\u00f3n atmosf\u00e9rica provocada por el tr\u00e1fico rodado y el desarrollo de asma infantil.<\/p>\n<blockquote><p><strong><em>Los efectos m\u00e1s fuertes est\u00e1n en la exposici\u00f3n al carbono negro, un marcador de los tubos de escape y un contaminante relacionado con el di\u00e9sel<\/em><\/strong><\/p><\/blockquote>\n<p>Los autores revisaron m\u00e1s de 4.000 estudios epidemiol\u00f3gicos publicados entre 1999 y septiembre de 2016, y analizaron los datos de 41 de estos estudios epidemiol\u00f3gicos (muchos de ellos publicados en los \u00faltimos dos a\u00f1os) que cumpl\u00edan los criterios de inclusi\u00f3n para el metaan\u00e1lisis.<\/p>\n<p>Haneen Khreis, investigadora de la Universidad de Leeds y primera autora de la publicaci\u00f3n, concluye que \u201cgracias al an\u00e1lisis realizado en este estudio, en el que se combinan datos de m\u00faltiples estudios, podemos afirmar que existe una asociaci\u00f3n entre la exposici\u00f3n a la contaminaci\u00f3n atmosf\u00e9rica y el desarrollo de asma infantil\u201d.<\/p>\n<p><strong>Problema mundial de salud<\/strong><\/p>\n<p>En concreto, la revisi\u00f3n incluye la exposici\u00f3n al di\u00f3xido de nitr\u00f3geno (NO2), al carbono negro u holl\u00edn y a las part\u00edculas en suspensi\u00f3n PM2.5 y PM10 emitidas por el tr\u00e1fico durante la infancia y el desarrollo posterior de asma.<\/p>\n<p>\u00abNuestro an\u00e1lisis muestra que los efectos m\u00e1s fuertes est\u00e1n asociados con las exposiciones al carbono negro, un marcador espec\u00edfico de los tubos de escape de los veh\u00edculos y un contaminante relacionado con el di\u00e9sel, pero se necesitan m\u00e1s investigaciones para sacar conclusiones definitivas, incluyendo la exploraci\u00f3n de los contaminantes que van m\u00e1s all\u00e1 de los tubos de escape\u00bb, seg\u00fan Khreis .<\/p>\n<p>Actualmente, muchas ciudades de Europa est\u00e1n dominadas por el di\u00e9sel y existe una necesidad urgente de reducir sus emisiones. \u201cLa contaminaci\u00f3n atmosf\u00e9rica tiene un gran impacto en la salud de la infancia\u201d, destaca Mark Nieuwenhuijsen, coordinador del estudio y director de la Iniciativa de Planificaci\u00f3n Urbana, Medio Ambiente y Salud de ISGlobal. \u201cLa exposici\u00f3n a la contaminaci\u00f3n atmosf\u00e9rica es un problema de primer nivel mundial y debemos actuar ya\u201d, concluye.<\/p>\n<p>SINC<\/p>\n<p>&nbsp;<\/p>\n","protected":false},"excerpt":{"rendered":"<p>Los ni\u00f1os y adolescentes expuestos a niveles altos de contaminaci\u00f3n atmosf\u00e9rica tienen un mayor riesgo de desarrollar asma, seg\u00fan una revisi\u00f3n sistem\u00e1tica y an\u00e1lisis a gran escala realizada por investigadores del Instituto de Salud Global de Barcelona (ISGlobal) y de la Universidad de Leeds. Se estima que el asma afecta a 334 millones de personas [&hellip;]<\/p>\n","protected":false},"author":1,"featured_media":916917,"comment_status":"closed","ping_status":"closed","sticky":false,"template":"","format":"standard","meta":{"footnotes":""},"categories":[141],"tags":[],"class_list":["post-916916","post","type-post","status-publish","format-standard","has-post-thumbnail","hentry","category-destacadas"],"aioseo_notices":[],"aioseo_head":"\n\t\t<!-- All in One SEO Pro 4.9.6.2 - aioseo.com -->\n\t<meta name=\"description\" content=\"Los ni\u00f1os y adolescentes expuestos a niveles altos de contaminaci\u00f3n atmosf\u00e9rica tienen un mayor riesgo de desarrollar asma, seg\u00fan una revisi\u00f3n sistem\u00e1tica y an\u00e1lisis a gran escala realizada por investigadores del Instituto de Salud Global de Barcelona (ISGlobal) y de la Universidad de Leeds. Se estima que el asma afecta a 334 millones de personas\" \/>\n\t<meta name=\"robots\" content=\"max-image-preview:large\" \/>\n\t<meta name=\"author\" content=\"El Digital de Asturias\"\/>\n\t<meta name=\"google-site-verification\" content=\"UA-38556648-1\" \/>\n\t<meta name=\"msvalidate.01\" content=\"7dfe9f3f1b24437ab69f4f2559babe99\" \/>\n\t<meta name=\"keywords\" content=\"destacadas\" \/>\n\t<link rel=\"canonical\" href=\"https:\/\/www.eldigitaldeasturias.com\/noticias\/confirmada-la-relacion-entre-contaminacion-y-riesgo-de-asma-infantil\/\" \/>\n\t<meta name=\"generator\" content=\"All in One SEO Pro (AIOSEO) 4.9.6.2\" \/>\n\t\t<meta property=\"og:locale\" content=\"es_ES\" \/>\n\t\t<meta property=\"og:site_name\" content=\"El Digital de Asturias\" \/>\n\t\t<meta property=\"og:type\" content=\"article\" \/>\n\t\t<meta property=\"og:title\" content=\"Confirmada la relaci\u00f3n entre contaminaci\u00f3n y riesgo de asma infantil - El Digital de Asturias\" \/>\n\t\t<meta property=\"og:description\" content=\"Los ni\u00f1os y adolescentes expuestos a niveles altos de contaminaci\u00f3n atmosf\u00e9rica tienen un mayor riesgo de desarrollar asma, seg\u00fan una revisi\u00f3n sistem\u00e1tica y an\u00e1lisis a gran escala realizada por investigadores del Instituto de Salud Global de Barcelona (ISGlobal) y de la Universidad de Leeds. Se estima que el asma afecta a 334 millones de personas\" \/>\n\t\t<meta property=\"og:url\" content=\"https:\/\/www.eldigitaldeasturias.com\/noticias\/confirmada-la-relacion-entre-contaminacion-y-riesgo-de-asma-infantil\/\" \/>\n\t\t<meta property=\"og:image\" content=\"https:\/\/www.eldigitaldeasturias.com\/noticias\/wp-content\/uploads\/2016\/11\/contaminacion-y-riesgo-de-asma-infantil_image_380.png\" \/>\n\t\t<meta property=\"og:image:secure_url\" content=\"https:\/\/www.eldigitaldeasturias.com\/noticias\/wp-content\/uploads\/2016\/11\/contaminacion-y-riesgo-de-asma-infantil_image_380.png\" \/>\n\t\t<meta property=\"og:image:width\" content=\"807\" \/>\n\t\t<meta property=\"og:image:height\" content=\"380\" \/>\n\t\t<meta property=\"article:tag\" content=\"destacadas\" \/>\n\t\t<meta property=\"article:published_time\" content=\"2016-11-22T12:15:28+00:00\" \/>\n\t\t<meta property=\"article:modified_time\" content=\"2016-11-22T12:15:28+00:00\" \/>\n\t\t<meta property=\"article:publisher\" content=\"https:\/\/facebook.com\/eldigitaldeasturias\" \/>\n\t\t<meta name=\"twitter:card\" content=\"summary_large_image\" \/>\n\t\t<meta name=\"twitter:title\" content=\"Confirmada la relaci\u00f3n entre contaminaci\u00f3n y riesgo de asma infantil - El Digital de Asturias\" \/>\n\t\t<meta name=\"twitter:description\" content=\"Los ni\u00f1os y adolescentes expuestos a niveles altos de contaminaci\u00f3n atmosf\u00e9rica tienen un mayor riesgo de desarrollar asma, seg\u00fan una revisi\u00f3n sistem\u00e1tica y an\u00e1lisis a gran escala realizada por investigadores del Instituto de Salud Global de Barcelona (ISGlobal) y de la Universidad de Leeds. Se estima que el asma afecta a 334 millones de personas\" \/>\n\t\t<meta name=\"twitter:image\" content=\"https:\/\/www.eldigitaldeasturias.com\/noticias\/wp-content\/uploads\/2016\/11\/contaminacion-y-riesgo-de-asma-infantil_image_380.png\" \/>\n\t\t<meta name=\"twitter:label1\" content=\"Escrito por\" \/>\n\t\t<meta name=\"twitter:data1\" content=\"El Digital de Asturias\" \/>\n\t\t<meta name=\"twitter:label2\" content=\"Tiempo de lectura estimado\" \/>\n\t\t<meta name=\"twitter:data2\" content=\"2 minutos\" \/>\n\t\t<script type=\"application\/ld+json\" class=\"aioseo-schema\">\n\t\t\t{\"@context\":\"https:\\\/\\\/schema.org\",\"@graph\":[{\"@type\":\"BlogPosting\",\"@id\":\"https:\\\/\\\/www.eldigitaldeasturias.com\\\/noticias\\\/confirmada-la-relacion-entre-contaminacion-y-riesgo-de-asma-infantil\\\/#blogposting\",\"name\":\"Confirmada la relaci\\u00f3n entre contaminaci\\u00f3n y riesgo de asma infantil - El Digital de Asturias\",\"headline\":\"Confirmada la relaci\\u00f3n entre contaminaci\\u00f3n y riesgo de asma infantil\",\"author\":{\"@id\":\"https:\\\/\\\/www.eldigitaldeasturias.com\\\/noticias\\\/author\\\/admin\\\/#author\"},\"publisher\":{\"@id\":\"https:\\\/\\\/www.eldigitaldeasturias.com\\\/noticias\\\/#organization\"},\"image\":{\"@type\":\"ImageObject\",\"url\":\"https:\\\/\\\/www.eldigitaldeasturias.com\\\/noticias\\\/wp-content\\\/uploads\\\/2016\\\/11\\\/contaminacion-y-riesgo-de-asma-infantil_image_380.png\",\"width\":807,\"height\":380},\"datePublished\":\"2016-11-22T12:15:28+01:00\",\"dateModified\":\"2016-11-22T12:15:28+01:00\",\"inLanguage\":\"es-ES\",\"mainEntityOfPage\":{\"@id\":\"https:\\\/\\\/www.eldigitaldeasturias.com\\\/noticias\\\/confirmada-la-relacion-entre-contaminacion-y-riesgo-de-asma-infantil\\\/#webpage\"},\"isPartOf\":{\"@id\":\"https:\\\/\\\/www.eldigitaldeasturias.com\\\/noticias\\\/confirmada-la-relacion-entre-contaminacion-y-riesgo-de-asma-infantil\\\/#webpage\"},\"articleSection\":\"Destacadas\"},{\"@type\":\"BreadcrumbList\",\"@id\":\"https:\\\/\\\/www.eldigitaldeasturias.com\\\/noticias\\\/confirmada-la-relacion-entre-contaminacion-y-riesgo-de-asma-infantil\\\/#breadcrumblist\",\"itemListElement\":[{\"@type\":\"ListItem\",\"@id\":\"https:\\\/\\\/www.eldigitaldeasturias.com\\\/noticias#listItem\",\"position\":1,\"name\":\"Home\",\"item\":\"https:\\\/\\\/www.eldigitaldeasturias.com\\\/noticias\",\"nextItem\":{\"@type\":\"ListItem\",\"@id\":\"https:\\\/\\\/www.eldigitaldeasturias.com\\\/noticias\\\/category\\\/destacadas\\\/#listItem\",\"name\":\"Destacadas\"}},{\"@type\":\"ListItem\",\"@id\":\"https:\\\/\\\/www.eldigitaldeasturias.com\\\/noticias\\\/category\\\/destacadas\\\/#listItem\",\"position\":2,\"name\":\"Destacadas\",\"item\":\"https:\\\/\\\/www.eldigitaldeasturias.com\\\/noticias\\\/category\\\/destacadas\\\/\",\"nextItem\":{\"@type\":\"ListItem\",\"@id\":\"https:\\\/\\\/www.eldigitaldeasturias.com\\\/noticias\\\/confirmada-la-relacion-entre-contaminacion-y-riesgo-de-asma-infantil\\\/#listItem\",\"name\":\"Confirmada la relaci\\u00f3n entre contaminaci\\u00f3n y riesgo de asma infantil\"},\"previousItem\":{\"@type\":\"ListItem\",\"@id\":\"https:\\\/\\\/www.eldigitaldeasturias.com\\\/noticias#listItem\",\"name\":\"Home\"}},{\"@type\":\"ListItem\",\"@id\":\"https:\\\/\\\/www.eldigitaldeasturias.com\\\/noticias\\\/confirmada-la-relacion-entre-contaminacion-y-riesgo-de-asma-infantil\\\/#listItem\",\"position\":3,\"name\":\"Confirmada la relaci\\u00f3n entre contaminaci\\u00f3n y riesgo de asma infantil\",\"previousItem\":{\"@type\":\"ListItem\",\"@id\":\"https:\\\/\\\/www.eldigitaldeasturias.com\\\/noticias\\\/category\\\/destacadas\\\/#listItem\",\"name\":\"Destacadas\"}}]},{\"@type\":\"Organization\",\"@id\":\"https:\\\/\\\/www.eldigitaldeasturias.com\\\/noticias\\\/#organization\",\"name\":\"El Digital de Asturias\",\"description\":\"Hemeroteca\",\"url\":\"https:\\\/\\\/www.eldigitaldeasturias.com\\\/noticias\\\/\",\"email\":\"info@eldigitaldeasturias.com\",\"telephone\":\"+34652131393\",\"logo\":{\"@type\":\"ImageObject\",\"url\":\"https:\\\/\\\/www.eldigitaldeasturias.com\\\/noticias\\\/wp-content\\\/uploads\\\/2020\\\/12\\\/EDA.jpg\",\"@id\":\"https:\\\/\\\/www.eldigitaldeasturias.com\\\/noticias\\\/confirmada-la-relacion-entre-contaminacion-y-riesgo-de-asma-infantil\\\/#organizationLogo\",\"width\":649,\"height\":297},\"image\":{\"@id\":\"https:\\\/\\\/www.eldigitaldeasturias.com\\\/noticias\\\/confirmada-la-relacion-entre-contaminacion-y-riesgo-de-asma-infantil\\\/#organizationLogo\"},\"sameAs\":[\"https:\\\/\\\/facebook.com\\\/eldigitaldeasturias\",\"https:\\\/\\\/www.youtube.com\\\/channel\\\/UCZP-2wLEB9Rv6erhFmqVnvg\"],\"address\":{\"@id\":\"https:\\\/\\\/www.eldigitaldeasturias.com\\\/noticias\\\/#postaladdress\",\"@type\":\"PostalAddress\",\"streetAddress\":\"san antonio 4,\",\"postalCode\":\"33430\",\"addressLocality\":\"Cand\\u00e1s\",\"addressRegion\":\"Asturias\",\"addressCountry\":\"ES\"}},{\"@type\":\"Person\",\"@id\":\"https:\\\/\\\/www.eldigitaldeasturias.com\\\/noticias\\\/author\\\/admin\\\/#author\",\"url\":\"https:\\\/\\\/www.eldigitaldeasturias.com\\\/noticias\\\/author\\\/admin\\\/\",\"name\":\"El Digital de Asturias\",\"image\":{\"@type\":\"ImageObject\",\"@id\":\"https:\\\/\\\/www.eldigitaldeasturias.com\\\/noticias\\\/confirmada-la-relacion-entre-contaminacion-y-riesgo-de-asma-infantil\\\/#authorImage\",\"url\":\"https:\\\/\\\/www.eldigitaldeasturias.com\\\/noticias\\\/wp-content\\\/litespeed\\\/avatar\\\/18677e78aa0546b92d9dbf31ec7d7668.jpg?ver=1776685526\",\"width\":96,\"height\":96,\"caption\":\"El Digital de Asturias\"}},{\"@type\":\"WebPage\",\"@id\":\"https:\\\/\\\/www.eldigitaldeasturias.com\\\/noticias\\\/confirmada-la-relacion-entre-contaminacion-y-riesgo-de-asma-infantil\\\/#webpage\",\"url\":\"https:\\\/\\\/www.eldigitaldeasturias.com\\\/noticias\\\/confirmada-la-relacion-entre-contaminacion-y-riesgo-de-asma-infantil\\\/\",\"name\":\"Confirmada la relaci\\u00f3n entre contaminaci\\u00f3n y riesgo de asma infantil - El Digital de Asturias\",\"description\":\"Los ni\\u00f1os y adolescentes expuestos a niveles altos de contaminaci\\u00f3n atmosf\\u00e9rica tienen un mayor riesgo de desarrollar asma, seg\\u00fan una revisi\\u00f3n sistem\\u00e1tica y an\\u00e1lisis a gran escala realizada por investigadores del Instituto de Salud Global de Barcelona (ISGlobal) y de la Universidad de Leeds. Se estima que el asma afecta a 334 millones de personas\",\"inLanguage\":\"es-ES\",\"isPartOf\":{\"@id\":\"https:\\\/\\\/www.eldigitaldeasturias.com\\\/noticias\\\/#website\"},\"breadcrumb\":{\"@id\":\"https:\\\/\\\/www.eldigitaldeasturias.com\\\/noticias\\\/confirmada-la-relacion-entre-contaminacion-y-riesgo-de-asma-infantil\\\/#breadcrumblist\"},\"author\":{\"@id\":\"https:\\\/\\\/www.eldigitaldeasturias.com\\\/noticias\\\/author\\\/admin\\\/#author\"},\"creator\":{\"@id\":\"https:\\\/\\\/www.eldigitaldeasturias.com\\\/noticias\\\/author\\\/admin\\\/#author\"},\"image\":{\"@type\":\"ImageObject\",\"url\":\"https:\\\/\\\/www.eldigitaldeasturias.com\\\/noticias\\\/wp-content\\\/uploads\\\/2016\\\/11\\\/contaminacion-y-riesgo-de-asma-infantil_image_380.png\",\"@id\":\"https:\\\/\\\/www.eldigitaldeasturias.com\\\/noticias\\\/confirmada-la-relacion-entre-contaminacion-y-riesgo-de-asma-infantil\\\/#mainImage\",\"width\":807,\"height\":380},\"primaryImageOfPage\":{\"@id\":\"https:\\\/\\\/www.eldigitaldeasturias.com\\\/noticias\\\/confirmada-la-relacion-entre-contaminacion-y-riesgo-de-asma-infantil\\\/#mainImage\"},\"datePublished\":\"2016-11-22T12:15:28+01:00\",\"dateModified\":\"2016-11-22T12:15:28+01:00\"},{\"@type\":\"WebSite\",\"@id\":\"https:\\\/\\\/www.eldigitaldeasturias.com\\\/noticias\\\/#website\",\"url\":\"https:\\\/\\\/www.eldigitaldeasturias.com\\\/noticias\\\/\",\"name\":\"El Digital de Asturias - Diario de actualidad y noticias\",\"alternateName\":\"El Digital de Asturias - Diario de actualidad y noticias\",\"description\":\"Hemeroteca\",\"inLanguage\":\"es-ES\",\"publisher\":{\"@id\":\"https:\\\/\\\/www.eldigitaldeasturias.com\\\/noticias\\\/#organization\"}}]}\n\t\t<\/script>\n\t\t<!-- All in One SEO Pro -->\r\n\t\t<title>Confirmada la relaci\u00f3n entre contaminaci\u00f3n y riesgo de asma infantil - El Digital de Asturias<\/title>\n\n","aioseo_head_json":{"title":"Confirmada la relaci\u00f3n entre contaminaci\u00f3n y riesgo de asma infantil - El Digital de Asturias","description":"Los ni\u00f1os y adolescentes expuestos a niveles altos de contaminaci\u00f3n atmosf\u00e9rica tienen un mayor riesgo de desarrollar asma, seg\u00fan una revisi\u00f3n sistem\u00e1tica y an\u00e1lisis a gran escala realizada por investigadores del Instituto de Salud Global de Barcelona (ISGlobal) y de la Universidad de Leeds. Se estima que el asma afecta a 334 millones de personas","canonical_url":"https:\/\/www.eldigitaldeasturias.com\/noticias\/confirmada-la-relacion-entre-contaminacion-y-riesgo-de-asma-infantil\/","robots":"max-image-preview:large","keywords":"destacadas","webmasterTools":{"google-site-verification":"UA-38556648-1","msvalidate.01":"7dfe9f3f1b24437ab69f4f2559babe99","miscellaneous":""},"schema":{"@context":"https:\/\/schema.org","@graph":[{"@type":"BlogPosting","@id":"https:\/\/www.eldigitaldeasturias.com\/noticias\/confirmada-la-relacion-entre-contaminacion-y-riesgo-de-asma-infantil\/#blogposting","name":"Confirmada la relaci\u00f3n entre contaminaci\u00f3n y riesgo de asma infantil - El Digital de Asturias","headline":"Confirmada la relaci\u00f3n entre contaminaci\u00f3n y riesgo de asma infantil","author":{"@id":"https:\/\/www.eldigitaldeasturias.com\/noticias\/author\/admin\/#author"},"publisher":{"@id":"https:\/\/www.eldigitaldeasturias.com\/noticias\/#organization"},"image":{"@type":"ImageObject","url":"https:\/\/www.eldigitaldeasturias.com\/noticias\/wp-content\/uploads\/2016\/11\/contaminacion-y-riesgo-de-asma-infantil_image_380.png","width":807,"height":380},"datePublished":"2016-11-22T12:15:28+01:00","dateModified":"2016-11-22T12:15:28+01:00","inLanguage":"es-ES","mainEntityOfPage":{"@id":"https:\/\/www.eldigitaldeasturias.com\/noticias\/confirmada-la-relacion-entre-contaminacion-y-riesgo-de-asma-infantil\/#webpage"},"isPartOf":{"@id":"https:\/\/www.eldigitaldeasturias.com\/noticias\/confirmada-la-relacion-entre-contaminacion-y-riesgo-de-asma-infantil\/#webpage"},"articleSection":"Destacadas"},{"@type":"BreadcrumbList","@id":"https:\/\/www.eldigitaldeasturias.com\/noticias\/confirmada-la-relacion-entre-contaminacion-y-riesgo-de-asma-infantil\/#breadcrumblist","itemListElement":[{"@type":"ListItem","@id":"https:\/\/www.eldigitaldeasturias.com\/noticias#listItem","position":1,"name":"Home","item":"https:\/\/www.eldigitaldeasturias.com\/noticias","nextItem":{"@type":"ListItem","@id":"https:\/\/www.eldigitaldeasturias.com\/noticias\/category\/destacadas\/#listItem","name":"Destacadas"}},{"@type":"ListItem","@id":"https:\/\/www.eldigitaldeasturias.com\/noticias\/category\/destacadas\/#listItem","position":2,"name":"Destacadas","item":"https:\/\/www.eldigitaldeasturias.com\/noticias\/category\/destacadas\/","nextItem":{"@type":"ListItem","@id":"https:\/\/www.eldigitaldeasturias.com\/noticias\/confirmada-la-relacion-entre-contaminacion-y-riesgo-de-asma-infantil\/#listItem","name":"Confirmada la relaci\u00f3n entre contaminaci\u00f3n y riesgo de asma infantil"},"previousItem":{"@type":"ListItem","@id":"https:\/\/www.eldigitaldeasturias.com\/noticias#listItem","name":"Home"}},{"@type":"ListItem","@id":"https:\/\/www.eldigitaldeasturias.com\/noticias\/confirmada-la-relacion-entre-contaminacion-y-riesgo-de-asma-infantil\/#listItem","position":3,"name":"Confirmada la relaci\u00f3n entre contaminaci\u00f3n y riesgo de asma infantil","previousItem":{"@type":"ListItem","@id":"https:\/\/www.eldigitaldeasturias.com\/noticias\/category\/destacadas\/#listItem","name":"Destacadas"}}]},{"@type":"Organization","@id":"https:\/\/www.eldigitaldeasturias.com\/noticias\/#organization","name":"El Digital de Asturias","description":"Hemeroteca","url":"https:\/\/www.eldigitaldeasturias.com\/noticias\/","email":"info@eldigitaldeasturias.com","telephone":"+34652131393","logo":{"@type":"ImageObject","url":"https:\/\/www.eldigitaldeasturias.com\/noticias\/wp-content\/uploads\/2020\/12\/EDA.jpg","@id":"https:\/\/www.eldigitaldeasturias.com\/noticias\/confirmada-la-relacion-entre-contaminacion-y-riesgo-de-asma-infantil\/#organizationLogo","width":649,"height":297},"image":{"@id":"https:\/\/www.eldigitaldeasturias.com\/noticias\/confirmada-la-relacion-entre-contaminacion-y-riesgo-de-asma-infantil\/#organizationLogo"},"sameAs":["https:\/\/facebook.com\/eldigitaldeasturias","https:\/\/www.youtube.com\/channel\/UCZP-2wLEB9Rv6erhFmqVnvg"],"address":{"@id":"https:\/\/www.eldigitaldeasturias.com\/noticias\/#postaladdress","@type":"PostalAddress","streetAddress":"san antonio 4,","postalCode":"33430","addressLocality":"Cand\u00e1s","addressRegion":"Asturias","addressCountry":"ES"}},{"@type":"Person","@id":"https:\/\/www.eldigitaldeasturias.com\/noticias\/author\/admin\/#author","url":"https:\/\/www.eldigitaldeasturias.com\/noticias\/author\/admin\/","name":"El Digital de Asturias","image":{"@type":"ImageObject","@id":"https:\/\/www.eldigitaldeasturias.com\/noticias\/confirmada-la-relacion-entre-contaminacion-y-riesgo-de-asma-infantil\/#authorImage","url":"https:\/\/www.eldigitaldeasturias.com\/noticias\/wp-content\/litespeed\/avatar\/18677e78aa0546b92d9dbf31ec7d7668.jpg?ver=1776685526","width":96,"height":96,"caption":"El Digital de Asturias"}},{"@type":"WebPage","@id":"https:\/\/www.eldigitaldeasturias.com\/noticias\/confirmada-la-relacion-entre-contaminacion-y-riesgo-de-asma-infantil\/#webpage","url":"https:\/\/www.eldigitaldeasturias.com\/noticias\/confirmada-la-relacion-entre-contaminacion-y-riesgo-de-asma-infantil\/","name":"Confirmada la relaci\u00f3n entre contaminaci\u00f3n y riesgo de asma infantil - El Digital de Asturias","description":"Los ni\u00f1os y adolescentes expuestos a niveles altos de contaminaci\u00f3n atmosf\u00e9rica tienen un mayor riesgo de desarrollar asma, seg\u00fan una revisi\u00f3n sistem\u00e1tica y an\u00e1lisis a gran escala realizada por investigadores del Instituto de Salud Global de Barcelona (ISGlobal) y de la Universidad de Leeds. Se estima que el asma afecta a 334 millones de personas","inLanguage":"es-ES","isPartOf":{"@id":"https:\/\/www.eldigitaldeasturias.com\/noticias\/#website"},"breadcrumb":{"@id":"https:\/\/www.eldigitaldeasturias.com\/noticias\/confirmada-la-relacion-entre-contaminacion-y-riesgo-de-asma-infantil\/#breadcrumblist"},"author":{"@id":"https:\/\/www.eldigitaldeasturias.com\/noticias\/author\/admin\/#author"},"creator":{"@id":"https:\/\/www.eldigitaldeasturias.com\/noticias\/author\/admin\/#author"},"image":{"@type":"ImageObject","url":"https:\/\/www.eldigitaldeasturias.com\/noticias\/wp-content\/uploads\/2016\/11\/contaminacion-y-riesgo-de-asma-infantil_image_380.png","@id":"https:\/\/www.eldigitaldeasturias.com\/noticias\/confirmada-la-relacion-entre-contaminacion-y-riesgo-de-asma-infantil\/#mainImage","width":807,"height":380},"primaryImageOfPage":{"@id":"https:\/\/www.eldigitaldeasturias.com\/noticias\/confirmada-la-relacion-entre-contaminacion-y-riesgo-de-asma-infantil\/#mainImage"},"datePublished":"2016-11-22T12:15:28+01:00","dateModified":"2016-11-22T12:15:28+01:00"},{"@type":"WebSite","@id":"https:\/\/www.eldigitaldeasturias.com\/noticias\/#website","url":"https:\/\/www.eldigitaldeasturias.com\/noticias\/","name":"El Digital de Asturias - Diario de actualidad y noticias","alternateName":"El Digital de Asturias - Diario de actualidad y noticias","description":"Hemeroteca","inLanguage":"es-ES","publisher":{"@id":"https:\/\/www.eldigitaldeasturias.com\/noticias\/#organization"}}]},"og:locale":"es_ES","og:site_name":"El Digital de Asturias","og:type":"article","og:title":"Confirmada la relaci\u00f3n entre contaminaci\u00f3n y riesgo de asma infantil - El Digital de Asturias","og:description":"Los ni\u00f1os y adolescentes expuestos a niveles altos de contaminaci\u00f3n atmosf\u00e9rica tienen un mayor riesgo de desarrollar asma, seg\u00fan una revisi\u00f3n sistem\u00e1tica y an\u00e1lisis a gran escala realizada por investigadores del Instituto de Salud Global de Barcelona (ISGlobal) y de la Universidad de Leeds. Se estima que el asma afecta a 334 millones de personas","og:url":"https:\/\/www.eldigitaldeasturias.com\/noticias\/confirmada-la-relacion-entre-contaminacion-y-riesgo-de-asma-infantil\/","og:image":"https:\/\/www.eldigitaldeasturias.com\/noticias\/wp-content\/uploads\/2016\/11\/contaminacion-y-riesgo-de-asma-infantil_image_380.png","og:image:secure_url":"https:\/\/www.eldigitaldeasturias.com\/noticias\/wp-content\/uploads\/2016\/11\/contaminacion-y-riesgo-de-asma-infantil_image_380.png","og:image:width":807,"og:image:height":380,"article:tag":["destacadas"],"article:published_time":"2016-11-22T12:15:28+00:00","article:modified_time":"2016-11-22T12:15:28+00:00","article:publisher":"https:\/\/facebook.com\/eldigitaldeasturias","twitter:card":"summary_large_image","twitter:title":"Confirmada la relaci\u00f3n entre contaminaci\u00f3n y riesgo de asma infantil - El Digital de Asturias","twitter:description":"Los ni\u00f1os y adolescentes expuestos a niveles altos de contaminaci\u00f3n atmosf\u00e9rica tienen un mayor riesgo de desarrollar asma, seg\u00fan una revisi\u00f3n sistem\u00e1tica y an\u00e1lisis a gran escala realizada por investigadores del Instituto de Salud Global de Barcelona (ISGlobal) y de la Universidad de Leeds. Se estima que el asma afecta a 334 millones de personas","twitter:image":"https:\/\/www.eldigitaldeasturias.com\/noticias\/wp-content\/uploads\/2016\/11\/contaminacion-y-riesgo-de-asma-infantil_image_380.png","twitter:label1":"Escrito por","twitter:data1":"El Digital de Asturias","twitter:label2":"Tiempo de lectura estimado","twitter:data2":"2 minutos"},"aioseo_meta_data":{"post_id":"916916","title":null,"description":null,"keywords":null,"keyphrases":null,"primary_term":null,"canonical_url":null,"og_title":null,"og_description":null,"og_object_type":"default","og_image_type":"default","og_image_url":null,"og_image_width":null,"og_image_height":null,"og_image_custom_url":null,"og_image_custom_fields":null,"og_video":null,"og_custom_url":null,"og_article_section":null,"og_article_tags":null,"twitter_use_og":false,"twitter_card":"default","twitter_image_type":"default","twitter_image_url":null,"twitter_image_custom_url":null,"twitter_image_custom_fields":null,"twitter_title":null,"twitter_description":null,"schema":{"blockGraphs":[],"customGraphs":[],"default":{"data":{"Article":[],"Course":[],"Dataset":[],"FAQPage":[],"Movie":[],"Person":[],"Product":[],"ProductReview":[],"Car":[],"Recipe":[],"Service":[],"SoftwareApplication":[],"WebPage":[]},"graphName":"","isEnabled":true},"graphs":[],"defaultGraph":"","defaultPostTypeGraph":""},"schema_type":null,"schema_type_options":null,"pillar_content":false,"robots_default":true,"robots_noindex":false,"robots_noarchive":false,"robots_nosnippet":false,"robots_nofollow":false,"robots_noimageindex":false,"robots_noodp":false,"robots_notranslate":false,"robots_max_snippet":null,"robots_max_videopreview":null,"robots_max_imagepreview":"large","priority":null,"frequency":null,"local_seo":null,"seo_analyzer_scan_date":"2025-12-01 21:55:13","breadcrumb_settings":null,"limit_modified_date":false,"open_ai":null,"ai":null,"created":"2020-12-21 13:53:37","updated":"2025-12-01 21:55:13"},"aioseo_breadcrumb":"<div class=\"aioseo-breadcrumbs\"><span class=\"aioseo-breadcrumb\">\n\t<a href=\"https:\/\/www.eldigitaldeasturias.com\/noticias\" title=\"Home\">Home<\/a>\n<\/span><span class=\"aioseo-breadcrumb-separator\">\u2013<\/span><span class=\"aioseo-breadcrumb\">\n\t<a href=\"https:\/\/www.eldigitaldeasturias.com\/noticias\/category\/destacadas\/\" title=\"Destacadas\">Destacadas<\/a>\n<\/span><span class=\"aioseo-breadcrumb-separator\">\u2013<\/span><span class=\"aioseo-breadcrumb\">\n\t<a href=\"https:\/\/www.eldigitaldeasturias.com\/noticias\/confirmada-la-relacion-entre-contaminacion-y-riesgo-de-asma-infantil\/\" title=\"Confirmada la relaci\u00f3n entre contaminaci\u00f3n y riesgo de asma infantil\">Confirmada la relaci\u00f3n entre contaminaci\u00f3n y riesgo de asma infantil<\/a>\n<\/span><\/div>","aioseo_breadcrumb_json":[{"label":"Home","link":"https:\/\/www.eldigitaldeasturias.com\/noticias"},{"label":"Destacadas","link":"https:\/\/www.eldigitaldeasturias.com\/noticias\/category\/destacadas\/"},{"label":"Confirmada la relaci\u00f3n entre contaminaci\u00f3n y riesgo de asma infantil","link":"https:\/\/www.eldigitaldeasturias.com\/noticias\/confirmada-la-relacion-entre-contaminacion-y-riesgo-de-asma-infantil\/"}],"_links":{"self":[{"href":"https:\/\/www.eldigitaldeasturias.com\/noticias\/wp-json\/wp\/v2\/posts\/916916","targetHints":{"allow":["GET"]}}],"collection":[{"href":"https:\/\/www.eldigitaldeasturias.com\/noticias\/wp-json\/wp\/v2\/posts"}],"about":[{"href":"https:\/\/www.eldigitaldeasturias.com\/noticias\/wp-json\/wp\/v2\/types\/post"}],"author":[{"embeddable":true,"href":"https:\/\/www.eldigitaldeasturias.com\/noticias\/wp-json\/wp\/v2\/users\/1"}],"replies":[{"embeddable":true,"href":"https:\/\/www.eldigitaldeasturias.com\/noticias\/wp-json\/wp\/v2\/comments?post=916916"}],"version-history":[{"count":0,"href":"https:\/\/www.eldigitaldeasturias.com\/noticias\/wp-json\/wp\/v2\/posts\/916916\/revisions"}],"wp:featuredmedia":[{"embeddable":true,"href":"https:\/\/www.eldigitaldeasturias.com\/noticias\/wp-json\/wp\/v2\/media\/916917"}],"wp:attachment":[{"href":"https:\/\/www.eldigitaldeasturias.com\/noticias\/wp-json\/wp\/v2\/media?parent=916916"}],"wp:term":[{"taxonomy":"category","embeddable":true,"href":"https:\/\/www.eldigitaldeasturias.com\/noticias\/wp-json\/wp\/v2\/categories?post=916916"},{"taxonomy":"post_tag","embeddable":true,"href":"https:\/\/www.eldigitaldeasturias.com\/noticias\/wp-json\/wp\/v2\/tags?post=916916"}],"curies":[{"name":"wp","href":"https:\/\/api.w.org\/{rel}","templated":true}]}}