{"id":916830,"date":"2016-11-21T21:08:51","date_gmt":"2016-11-21T21:08:51","guid":{"rendered":"http:\/\/www.eldigitaldeasturias.com\/noticias\/?p=916830"},"modified":"2016-11-21T21:11:02","modified_gmt":"2016-11-21T21:11:02","slug":"la-sof-aprueba-la-programacion-de-navidad","status":"publish","type":"post","link":"https:\/\/www.eldigitaldeasturias.com\/noticias\/la-sof-aprueba-la-programacion-de-navidad\/","title":{"rendered":"La Sociedad Ovetense de Festejos aprueba la programaci\u00f3n de Navidad"},"content":{"rendered":"<p><img loading=\"lazy\" decoding=\"async\" class=\"alignleft size-medium wp-image-797069\" src=\"https:\/\/www.eldigitaldeasturias.com\/noticias\/wp-content\/uploads\/2015\/07\/oviedo-360x270.jpg\" alt=\"oviedo\" width=\"360\" height=\"270\" srcset=\"https:\/\/www.eldigitaldeasturias.com\/noticias\/wp-content\/uploads\/2015\/07\/oviedo-360x270.jpg 360w, https:\/\/www.eldigitaldeasturias.com\/noticias\/wp-content\/uploads\/2015\/07\/oviedo-768x576.jpg 768w, https:\/\/www.eldigitaldeasturias.com\/noticias\/wp-content\/uploads\/2015\/07\/oviedo-650x488.jpg 650w, https:\/\/www.eldigitaldeasturias.com\/noticias\/wp-content\/uploads\/2015\/07\/oviedo-90x67.jpg 90w, https:\/\/www.eldigitaldeasturias.com\/noticias\/wp-content\/uploads\/2015\/07\/oviedo-100x75.jpg 100w, https:\/\/www.eldigitaldeasturias.com\/noticias\/wp-content\/uploads\/2015\/07\/oviedo.jpg 800w\" sizes=\"auto, (max-width: 360px) 100vw, 360px\" \/>La Junta de Gobierno de la Sociedad Ovetense de Festejos (SOF) ha aprobado esta tarde la programaci\u00f3n para la pr\u00f3xima Navidad, a la que destina 194.356 euros, 31.396 euros menos que en el pasado ejercicio. Lo ha hecho con el voto favorable de los socios del equipo de Gobierno (Somos, PSOE e Izquierda Unida) y la abstenci\u00f3n de Ciudadanos y PP.<\/p>\n<p>La programaci\u00f3n navide\u00f1a incluye, un a\u00f1o m\u00e1s, el tradicional Bel\u00e9n. La Asociaci\u00f3n Belenista de Oviedo lo instalar\u00e1, en la plaza de Trascorrales, del 6 de diciembre al 6 de enero. Realizado por el artesano Francisco Javier Guilloto, del Puerto de Santa Mar\u00eda (C\u00e1diz), el Nacimiento se complementar\u00e1 con dioramas, con figuras realizadas por artesanos de la Escuela de Olot, entre otros. Se expondr\u00e1, adem\u00e1s, un Misterio compuesto por figuras de tama\u00f1o natural de la Escuela Artesana de Olot. Durante los d\u00edas 30 y 31 de diciembre y del 2 al 5 de enero est\u00e1 previsto que agrupaciones corales canten villancicos ante el Bel\u00e9n, en horario de ma\u00f1ana y tarde. Entre ellas, los Coros del Centro Social de Villa Magdalena, de Otero, Reconquista, San Javier, Vetusta, Coro Mixto Pe\u00f1a Nal\u00f3n de Lado; Joven Coro de la Fundaci\u00f3n Princesa de Asturias; Coro Mixto Pe\u00f1a del Nal\u00f3n, Coro Femenino de Pumar\u00edn; Coro de Muyeres de San Claudio, La Corredoria, Asociaci\u00f3n Cultural Cares y Residencia Santa Teresa, del Centro Social Covadonga.<\/p>\n<p>La Junta de Gobierno de la SOF tambi\u00e9n ha dado luz verde a la instalaci\u00f3n de dos pistas de patinaje sobre hielo, una para adultos y otra para ni\u00f1os, en la plaza de la Catedral. La adjudicataria ha sido la empresa Proasur, que ser\u00e1 la encargada del montaje y correr\u00e1 de manera \u00edntegra con los gastos del mismo, de forma que no repercutir\u00e1 en las arcas de la SOF.<\/p>\n<p>Las pistas se instalar\u00e1n, del 2 de diciembre al 8 de enero, y el precio de las entradas ser\u00e1 de 1,45 euros para ni\u00f1os y 2,15 para adultos, con una duraci\u00f3n de 15 minutos en sendos casos. El alquiler de los patines tendr\u00e1 un precio unitario de 0,99 euros y tendr\u00e1n un descuento del 12,5% sobre el precio de las localidades los socios de la SOF, los desempleados que acrediten estar en paro y las personas con alg\u00fan tipo de discapacidad. Respecto a los horarios, sendas pistas estar\u00e1n abiertas, de lunes a domingo, de 10 a 22 horas, excepto los d\u00edas 24 y 31 de diciembre que abrir\u00e1n, de 10:00 a 19:00 horas. El d\u00eda de Navidad, el 25 de diciembre, y el 1 de enero, de 12:00 a 14:00 y de 16:00 a 21:00 horas; y el 6 de enero, de 12:000 a 21:00 horas.<\/p>\n<p>El Teatro Filarm\u00f3nica acoger\u00e1, un a\u00f1o m\u00e1s, el ciclo de Cine Infantil en Navidad para ni\u00f1os de 4 a 11 a\u00f1os, con los t\u00edtulos \u2018Planet 51\u2019 y \u2018La invenci\u00f3n de Hugo\u2019. Las proyecciones ser\u00e1n del 26 al 30 diciembre en horarios de 16:00 y 18:15 y; los d\u00edas 28 y 30, en sesi\u00f3n matinal a las 12:00 horas. Al inicio de cada sesi\u00f3n se realizar\u00e1 un sorteo de libros entre todos los ni\u00f1os participantes.<\/p>\n<p>Por otra parte, del 22 de diciembre al 8 de enero (excepto los d\u00eda 4 y 5 de enero), un tren infantil recorrer\u00e1 el casco hist\u00f3rico de la ciudad en horarios de 17:00 a 20:00 horas los d\u00edas laborables y; de 12:00 a 14:00 y de 17:00 a 20:00 horas, los fines de semana y festivos.<\/p>\n<p>Est\u00e1 prevista la participaci\u00f3n de 8.000 ni\u00f1os en esta 28\u00aa edici\u00f3n del ciclo. El reparto de las invitaciones se llevar\u00e1 cabo a trav\u00e9s de los centros educativos de ense\u00f1anza infantil de Oviedo y concejos lim\u00edtrofes: Santo Adriano, Llanera, Ribera de Arriba, Las Regueras, Morc\u00edn y Quir\u00f3s.<\/p>\n<p>El Campo de San Francisco tambi\u00e9n ser\u00e1 protagonista de la programaci\u00f3n navide\u00f1a. El edificio del Pavo Real acoger\u00e1 la recepci\u00f3n del Pr\u00edncipe Aliatar. El emisario de los Reyes Magos recibir\u00e1 a los ni\u00f1os y ni\u00f1as y recoger\u00e1 sus cartas los d\u00edas 30, 31, 1, 2, 3 y 4 de enero, en horario de 12:00 a 14:30 horas y de 17:00 a 20:00 horas, a excepci\u00f3n del d\u00eda 4 que s\u00f3lo recibir\u00e1 en horario de ma\u00f1ana.<\/p>\n<p><strong>Recepci\u00f3n a SS.MM. en el Campoamor<\/strong><\/p>\n<p>Por otra parte, el Teatro Campoamor, ser\u00e1 el escenario de la recepci\u00f3n de SS.MM. Los Reyes Magos. El d\u00eda 5 de enero, a partir de las 12:00 horas, los m\u00e1s peque\u00f1os de la casa podr\u00e1n saludar a Melchor, Gaspar y Baltasar en el vest\u00edbulo principal del coliseo ovetense.<\/p>\n<p>Tras \u00e9sta recepci\u00f3n, los Reyes Magos realizar\u00e1n la tradicional cabalgata por el centro de la ciudad. El desfile, con salida en la calle Independencia a las 18:30 horas, recorrer\u00e1 las calles Ur\u00eda, San Francisco, Eusebio Gonz\u00e1lez Abascal, la Plaza de la Catedral, El \u00c1guila, Jovellanos, Arg\u00fcelles, Plaza del Carbay\u00f3n, Alcalde Garc\u00eda Conde, Covadonga, Melquiades \u00c1lvarez e Independencia.<\/p>\n<p>Las carrozas de los Reyes Magos, dise\u00f1adas por el oscarizado Gil Parrondo, ir\u00e1n tiradas por 12 caballos. El Pr\u00edncipe Aliatar ser\u00e1 el encargado de abrir la comitiva, en la que tambi\u00e9n participar\u00e1n caballos de la Alta Escuela de El Centauro y de la Escuela de Doma de David Presa Alonso, adem\u00e1s de 150 ocas asturianas.<\/p>\n<p>La cabalgata tambi\u00e9n contar\u00e1 con las actuaciones de la Banda de M\u00fasica Ciudad de Oviedo y de otras agrupaciones musicales procedentes de Galicia, Castilla Le\u00f3n, Comunidad Valenciana (Comparsa de Moros y Cristianos de Elche), Uni\u00f3n Musical del Principado y la Banda de Gaitas Ciudad de Oviedo. Un a\u00f1o m\u00e1s, participar\u00e1n en el desfile integrantes de la Asociaci\u00f3n \u2018Asturias Acoge\u2019 procedentes del \u00c1frica subsahariana y ciudadanos latino-americanos.<\/p>\n<p>Adem\u00e1s de la cabalgata de Oviedo, habr\u00e1 desfiles en varios n\u00facleos rurales del municipio. El Grupo de Teatro Margen ser\u00e1 el encargado de estas cabalgatas. Dos Cortejos Reales se desplazar\u00e1n en veh\u00edculos antiguos para visitar a los ni\u00f1os de: Tudela Vegu\u00edn, San Esteban de las Cruces, Anieves, Tudela Ag\u00fceria, San Claudio, Las Campas, Villap\u00e9rez, Colloto, Faro, La Manjoya, Santa Marina de Piedramuelle,<\/p>\n<p>Las Caldas y Caces. Las recepciones se realizar\u00e1n en los centros sociales de estas localidades, donde se entregar\u00e1n 2.000 paquetes de revoltijo a los m\u00e1s peque\u00f1os.<\/p>\n<p>Los actores que interpretar\u00e1n a los Reyes Magos ser\u00e1n:<\/p>\n<p>Melchor: Mauro \u00c1lvarez Fern\u00e1ndez (escultor) y Emilio Rodr\u00edguez \u2018Milio\u00b4l del Nido\u2019 (cuentacuentos)<\/p>\n<p>Gaspar: \u00c1ngel Nava y Jos\u00e9 Paredes (artistas pl\u00e1sticos)<\/p>\n<p>Baltasar: Agapito Ondo y Rub\u00e9n NdongObiang (componentes de la Asociaci\u00f3n Guineana de Asturias).<\/p>\n","protected":false},"excerpt":{"rendered":"<p>La Junta de Gobierno de la Sociedad Ovetense de Festejos (SOF) ha aprobado esta tarde la programaci\u00f3n para la pr\u00f3xima Navidad, a la que destina 194.356 euros, 31.396 euros menos que en el pasado ejercicio. Lo ha hecho con el voto favorable de los socios del equipo de Gobierno (Somos, PSOE e Izquierda Unida) y [&hellip;]<\/p>\n","protected":false},"author":1,"featured_media":674639,"comment_status":"closed","ping_status":"closed","sticky":false,"template":"","format":"standard","meta":{"footnotes":""},"categories":[141],"tags":[],"class_list":["post-916830","post","type-post","status-publish","format-standard","has-post-thumbnail","hentry","category-destacadas"],"aioseo_notices":[],"aioseo_head":"\n\t\t<!-- All in One SEO Pro 4.9.6.2 - aioseo.com -->\n\t<meta name=\"description\" content=\"La Junta de Gobierno de la Sociedad Ovetense de Festejos (SOF) ha aprobado esta tarde la programaci\u00f3n para la pr\u00f3xima Navidad, a la que destina 194.356 euros, 31.396 euros menos que en el pasado ejercicio. Lo ha hecho con el voto favorable de los socios del equipo de Gobierno (Somos, PSOE e Izquierda Unida) y\" \/>\n\t<meta name=\"robots\" content=\"max-image-preview:large\" \/>\n\t<meta name=\"author\" content=\"El Digital de Asturias\"\/>\n\t<meta name=\"google-site-verification\" content=\"UA-38556648-1\" \/>\n\t<meta name=\"msvalidate.01\" content=\"7dfe9f3f1b24437ab69f4f2559babe99\" \/>\n\t<meta name=\"keywords\" content=\"destacadas\" \/>\n\t<link rel=\"canonical\" href=\"https:\/\/www.eldigitaldeasturias.com\/noticias\/la-sof-aprueba-la-programacion-de-navidad\/\" \/>\n\t<meta name=\"generator\" content=\"All in One SEO Pro (AIOSEO) 4.9.6.2\" \/>\n\t\t<meta property=\"og:locale\" content=\"es_ES\" \/>\n\t\t<meta property=\"og:site_name\" content=\"El Digital de Asturias\" \/>\n\t\t<meta property=\"og:type\" content=\"article\" \/>\n\t\t<meta property=\"og:title\" content=\"La Sociedad Ovetense de Festejos aprueba la programaci\u00f3n de Navidad - El Digital de Asturias\" \/>\n\t\t<meta property=\"og:description\" content=\"La Junta de Gobierno de la Sociedad Ovetense de Festejos (SOF) ha aprobado esta tarde la programaci\u00f3n para la pr\u00f3xima Navidad, a la que destina 194.356 euros, 31.396 euros menos que en el pasado ejercicio. Lo ha hecho con el voto favorable de los socios del equipo de Gobierno (Somos, PSOE e Izquierda Unida) y\" \/>\n\t\t<meta property=\"og:url\" content=\"https:\/\/www.eldigitaldeasturias.com\/noticias\/la-sof-aprueba-la-programacion-de-navidad\/\" \/>\n\t\t<meta property=\"og:image\" content=\"https:\/\/www.eldigitaldeasturias.com\/noticias\/wp-content\/uploads\/2014\/11\/oviedo.jpg\" \/>\n\t\t<meta property=\"og:image:secure_url\" content=\"https:\/\/www.eldigitaldeasturias.com\/noticias\/wp-content\/uploads\/2014\/11\/oviedo.jpg\" \/>\n\t\t<meta property=\"og:image:width\" content=\"800\" \/>\n\t\t<meta property=\"og:image:height\" content=\"600\" \/>\n\t\t<meta property=\"article:tag\" content=\"destacadas\" \/>\n\t\t<meta property=\"article:published_time\" content=\"2016-11-21T21:08:51+00:00\" \/>\n\t\t<meta property=\"article:modified_time\" content=\"2016-11-21T21:11:02+00:00\" \/>\n\t\t<meta property=\"article:publisher\" content=\"https:\/\/facebook.com\/eldigitaldeasturias\" \/>\n\t\t<meta name=\"twitter:card\" content=\"summary_large_image\" \/>\n\t\t<meta name=\"twitter:title\" content=\"La Sociedad Ovetense de Festejos aprueba la programaci\u00f3n de Navidad - El Digital de Asturias\" \/>\n\t\t<meta name=\"twitter:description\" content=\"La Junta de Gobierno de la Sociedad Ovetense de Festejos (SOF) ha aprobado esta tarde la programaci\u00f3n para la pr\u00f3xima Navidad, a la que destina 194.356 euros, 31.396 euros menos que en el pasado ejercicio. Lo ha hecho con el voto favorable de los socios del equipo de Gobierno (Somos, PSOE e Izquierda Unida) y\" \/>\n\t\t<meta name=\"twitter:image\" content=\"https:\/\/www.eldigitaldeasturias.com\/noticias\/wp-content\/uploads\/2014\/11\/oviedo.jpg\" \/>\n\t\t<meta name=\"twitter:label1\" content=\"Escrito por\" \/>\n\t\t<meta name=\"twitter:data1\" content=\"El Digital de Asturias\" \/>\n\t\t<meta name=\"twitter:label2\" content=\"Tiempo de lectura estimado\" \/>\n\t\t<meta name=\"twitter:data2\" content=\"6 minutos\" \/>\n\t\t<script type=\"application\/ld+json\" class=\"aioseo-schema\">\n\t\t\t{\"@context\":\"https:\\\/\\\/schema.org\",\"@graph\":[{\"@type\":\"BlogPosting\",\"@id\":\"https:\\\/\\\/www.eldigitaldeasturias.com\\\/noticias\\\/la-sof-aprueba-la-programacion-de-navidad\\\/#blogposting\",\"name\":\"La Sociedad Ovetense de Festejos aprueba la programaci\\u00f3n de Navidad - El Digital de Asturias\",\"headline\":\"La Sociedad Ovetense de Festejos aprueba la programaci\\u00f3n de Navidad\",\"author\":{\"@id\":\"https:\\\/\\\/www.eldigitaldeasturias.com\\\/noticias\\\/author\\\/admin\\\/#author\"},\"publisher\":{\"@id\":\"https:\\\/\\\/www.eldigitaldeasturias.com\\\/noticias\\\/#organization\"},\"image\":{\"@type\":\"ImageObject\",\"url\":\"https:\\\/\\\/www.eldigitaldeasturias.com\\\/noticias\\\/wp-content\\\/uploads\\\/2014\\\/11\\\/oviedo.jpg\",\"width\":800,\"height\":600},\"datePublished\":\"2016-11-21T21:08:51+01:00\",\"dateModified\":\"2016-11-21T21:11:02+01:00\",\"inLanguage\":\"es-ES\",\"mainEntityOfPage\":{\"@id\":\"https:\\\/\\\/www.eldigitaldeasturias.com\\\/noticias\\\/la-sof-aprueba-la-programacion-de-navidad\\\/#webpage\"},\"isPartOf\":{\"@id\":\"https:\\\/\\\/www.eldigitaldeasturias.com\\\/noticias\\\/la-sof-aprueba-la-programacion-de-navidad\\\/#webpage\"},\"articleSection\":\"Destacadas\"},{\"@type\":\"BreadcrumbList\",\"@id\":\"https:\\\/\\\/www.eldigitaldeasturias.com\\\/noticias\\\/la-sof-aprueba-la-programacion-de-navidad\\\/#breadcrumblist\",\"itemListElement\":[{\"@type\":\"ListItem\",\"@id\":\"https:\\\/\\\/www.eldigitaldeasturias.com\\\/noticias#listItem\",\"position\":1,\"name\":\"Home\",\"item\":\"https:\\\/\\\/www.eldigitaldeasturias.com\\\/noticias\",\"nextItem\":{\"@type\":\"ListItem\",\"@id\":\"https:\\\/\\\/www.eldigitaldeasturias.com\\\/noticias\\\/category\\\/destacadas\\\/#listItem\",\"name\":\"Destacadas\"}},{\"@type\":\"ListItem\",\"@id\":\"https:\\\/\\\/www.eldigitaldeasturias.com\\\/noticias\\\/category\\\/destacadas\\\/#listItem\",\"position\":2,\"name\":\"Destacadas\",\"item\":\"https:\\\/\\\/www.eldigitaldeasturias.com\\\/noticias\\\/category\\\/destacadas\\\/\",\"nextItem\":{\"@type\":\"ListItem\",\"@id\":\"https:\\\/\\\/www.eldigitaldeasturias.com\\\/noticias\\\/la-sof-aprueba-la-programacion-de-navidad\\\/#listItem\",\"name\":\"La Sociedad Ovetense de Festejos aprueba la programaci\\u00f3n de Navidad\"},\"previousItem\":{\"@type\":\"ListItem\",\"@id\":\"https:\\\/\\\/www.eldigitaldeasturias.com\\\/noticias#listItem\",\"name\":\"Home\"}},{\"@type\":\"ListItem\",\"@id\":\"https:\\\/\\\/www.eldigitaldeasturias.com\\\/noticias\\\/la-sof-aprueba-la-programacion-de-navidad\\\/#listItem\",\"position\":3,\"name\":\"La Sociedad Ovetense de Festejos aprueba la programaci\\u00f3n de Navidad\",\"previousItem\":{\"@type\":\"ListItem\",\"@id\":\"https:\\\/\\\/www.eldigitaldeasturias.com\\\/noticias\\\/category\\\/destacadas\\\/#listItem\",\"name\":\"Destacadas\"}}]},{\"@type\":\"Organization\",\"@id\":\"https:\\\/\\\/www.eldigitaldeasturias.com\\\/noticias\\\/#organization\",\"name\":\"El Digital de Asturias\",\"description\":\"Hemeroteca\",\"url\":\"https:\\\/\\\/www.eldigitaldeasturias.com\\\/noticias\\\/\",\"email\":\"info@eldigitaldeasturias.com\",\"telephone\":\"+34652131393\",\"logo\":{\"@type\":\"ImageObject\",\"url\":\"https:\\\/\\\/www.eldigitaldeasturias.com\\\/noticias\\\/wp-content\\\/uploads\\\/2020\\\/12\\\/EDA.jpg\",\"@id\":\"https:\\\/\\\/www.eldigitaldeasturias.com\\\/noticias\\\/la-sof-aprueba-la-programacion-de-navidad\\\/#organizationLogo\",\"width\":649,\"height\":297},\"image\":{\"@id\":\"https:\\\/\\\/www.eldigitaldeasturias.com\\\/noticias\\\/la-sof-aprueba-la-programacion-de-navidad\\\/#organizationLogo\"},\"sameAs\":[\"https:\\\/\\\/facebook.com\\\/eldigitaldeasturias\",\"https:\\\/\\\/www.youtube.com\\\/channel\\\/UCZP-2wLEB9Rv6erhFmqVnvg\"],\"address\":{\"@id\":\"https:\\\/\\\/www.eldigitaldeasturias.com\\\/noticias\\\/#postaladdress\",\"@type\":\"PostalAddress\",\"streetAddress\":\"san antonio 4,\",\"postalCode\":\"33430\",\"addressLocality\":\"Cand\\u00e1s\",\"addressRegion\":\"Asturias\",\"addressCountry\":\"ES\"}},{\"@type\":\"Person\",\"@id\":\"https:\\\/\\\/www.eldigitaldeasturias.com\\\/noticias\\\/author\\\/admin\\\/#author\",\"url\":\"https:\\\/\\\/www.eldigitaldeasturias.com\\\/noticias\\\/author\\\/admin\\\/\",\"name\":\"El Digital de Asturias\",\"image\":{\"@type\":\"ImageObject\",\"@id\":\"https:\\\/\\\/www.eldigitaldeasturias.com\\\/noticias\\\/la-sof-aprueba-la-programacion-de-navidad\\\/#authorImage\",\"url\":\"https:\\\/\\\/www.eldigitaldeasturias.com\\\/noticias\\\/wp-content\\\/litespeed\\\/avatar\\\/18677e78aa0546b92d9dbf31ec7d7668.jpg?ver=1776685526\",\"width\":96,\"height\":96,\"caption\":\"El Digital de Asturias\"}},{\"@type\":\"WebPage\",\"@id\":\"https:\\\/\\\/www.eldigitaldeasturias.com\\\/noticias\\\/la-sof-aprueba-la-programacion-de-navidad\\\/#webpage\",\"url\":\"https:\\\/\\\/www.eldigitaldeasturias.com\\\/noticias\\\/la-sof-aprueba-la-programacion-de-navidad\\\/\",\"name\":\"La Sociedad Ovetense de Festejos aprueba la programaci\\u00f3n de Navidad - El Digital de Asturias\",\"description\":\"La Junta de Gobierno de la Sociedad Ovetense de Festejos (SOF) ha aprobado esta tarde la programaci\\u00f3n para la pr\\u00f3xima Navidad, a la que destina 194.356 euros, 31.396 euros menos que en el pasado ejercicio. Lo ha hecho con el voto favorable de los socios del equipo de Gobierno (Somos, PSOE e Izquierda Unida) y\",\"inLanguage\":\"es-ES\",\"isPartOf\":{\"@id\":\"https:\\\/\\\/www.eldigitaldeasturias.com\\\/noticias\\\/#website\"},\"breadcrumb\":{\"@id\":\"https:\\\/\\\/www.eldigitaldeasturias.com\\\/noticias\\\/la-sof-aprueba-la-programacion-de-navidad\\\/#breadcrumblist\"},\"author\":{\"@id\":\"https:\\\/\\\/www.eldigitaldeasturias.com\\\/noticias\\\/author\\\/admin\\\/#author\"},\"creator\":{\"@id\":\"https:\\\/\\\/www.eldigitaldeasturias.com\\\/noticias\\\/author\\\/admin\\\/#author\"},\"image\":{\"@type\":\"ImageObject\",\"url\":\"https:\\\/\\\/www.eldigitaldeasturias.com\\\/noticias\\\/wp-content\\\/uploads\\\/2014\\\/11\\\/oviedo.jpg\",\"@id\":\"https:\\\/\\\/www.eldigitaldeasturias.com\\\/noticias\\\/la-sof-aprueba-la-programacion-de-navidad\\\/#mainImage\",\"width\":800,\"height\":600},\"primaryImageOfPage\":{\"@id\":\"https:\\\/\\\/www.eldigitaldeasturias.com\\\/noticias\\\/la-sof-aprueba-la-programacion-de-navidad\\\/#mainImage\"},\"datePublished\":\"2016-11-21T21:08:51+01:00\",\"dateModified\":\"2016-11-21T21:11:02+01:00\"},{\"@type\":\"WebSite\",\"@id\":\"https:\\\/\\\/www.eldigitaldeasturias.com\\\/noticias\\\/#website\",\"url\":\"https:\\\/\\\/www.eldigitaldeasturias.com\\\/noticias\\\/\",\"name\":\"El Digital de Asturias - Diario de actualidad y noticias\",\"alternateName\":\"El Digital de Asturias - Diario de actualidad y noticias\",\"description\":\"Hemeroteca\",\"inLanguage\":\"es-ES\",\"publisher\":{\"@id\":\"https:\\\/\\\/www.eldigitaldeasturias.com\\\/noticias\\\/#organization\"}}]}\n\t\t<\/script>\n\t\t<!-- All in One SEO Pro -->\r\n\t\t<title>La Sociedad Ovetense de Festejos aprueba la programaci\u00f3n de Navidad - El Digital de Asturias<\/title>\n\n","aioseo_head_json":{"title":"La Sociedad Ovetense de Festejos aprueba la programaci\u00f3n de Navidad - El Digital de Asturias","description":"La Junta de Gobierno de la Sociedad Ovetense de Festejos (SOF) ha aprobado esta tarde la programaci\u00f3n para la pr\u00f3xima Navidad, a la que destina 194.356 euros, 31.396 euros menos que en el pasado ejercicio. Lo ha hecho con el voto favorable de los socios del equipo de Gobierno (Somos, PSOE e Izquierda Unida) y","canonical_url":"https:\/\/www.eldigitaldeasturias.com\/noticias\/la-sof-aprueba-la-programacion-de-navidad\/","robots":"max-image-preview:large","keywords":"destacadas","webmasterTools":{"google-site-verification":"UA-38556648-1","msvalidate.01":"7dfe9f3f1b24437ab69f4f2559babe99","miscellaneous":""},"schema":{"@context":"https:\/\/schema.org","@graph":[{"@type":"BlogPosting","@id":"https:\/\/www.eldigitaldeasturias.com\/noticias\/la-sof-aprueba-la-programacion-de-navidad\/#blogposting","name":"La Sociedad Ovetense de Festejos aprueba la programaci\u00f3n de Navidad - El Digital de Asturias","headline":"La Sociedad Ovetense de Festejos aprueba la programaci\u00f3n de Navidad","author":{"@id":"https:\/\/www.eldigitaldeasturias.com\/noticias\/author\/admin\/#author"},"publisher":{"@id":"https:\/\/www.eldigitaldeasturias.com\/noticias\/#organization"},"image":{"@type":"ImageObject","url":"https:\/\/www.eldigitaldeasturias.com\/noticias\/wp-content\/uploads\/2014\/11\/oviedo.jpg","width":800,"height":600},"datePublished":"2016-11-21T21:08:51+01:00","dateModified":"2016-11-21T21:11:02+01:00","inLanguage":"es-ES","mainEntityOfPage":{"@id":"https:\/\/www.eldigitaldeasturias.com\/noticias\/la-sof-aprueba-la-programacion-de-navidad\/#webpage"},"isPartOf":{"@id":"https:\/\/www.eldigitaldeasturias.com\/noticias\/la-sof-aprueba-la-programacion-de-navidad\/#webpage"},"articleSection":"Destacadas"},{"@type":"BreadcrumbList","@id":"https:\/\/www.eldigitaldeasturias.com\/noticias\/la-sof-aprueba-la-programacion-de-navidad\/#breadcrumblist","itemListElement":[{"@type":"ListItem","@id":"https:\/\/www.eldigitaldeasturias.com\/noticias#listItem","position":1,"name":"Home","item":"https:\/\/www.eldigitaldeasturias.com\/noticias","nextItem":{"@type":"ListItem","@id":"https:\/\/www.eldigitaldeasturias.com\/noticias\/category\/destacadas\/#listItem","name":"Destacadas"}},{"@type":"ListItem","@id":"https:\/\/www.eldigitaldeasturias.com\/noticias\/category\/destacadas\/#listItem","position":2,"name":"Destacadas","item":"https:\/\/www.eldigitaldeasturias.com\/noticias\/category\/destacadas\/","nextItem":{"@type":"ListItem","@id":"https:\/\/www.eldigitaldeasturias.com\/noticias\/la-sof-aprueba-la-programacion-de-navidad\/#listItem","name":"La Sociedad Ovetense de Festejos aprueba la programaci\u00f3n de Navidad"},"previousItem":{"@type":"ListItem","@id":"https:\/\/www.eldigitaldeasturias.com\/noticias#listItem","name":"Home"}},{"@type":"ListItem","@id":"https:\/\/www.eldigitaldeasturias.com\/noticias\/la-sof-aprueba-la-programacion-de-navidad\/#listItem","position":3,"name":"La Sociedad Ovetense de Festejos aprueba la programaci\u00f3n de Navidad","previousItem":{"@type":"ListItem","@id":"https:\/\/www.eldigitaldeasturias.com\/noticias\/category\/destacadas\/#listItem","name":"Destacadas"}}]},{"@type":"Organization","@id":"https:\/\/www.eldigitaldeasturias.com\/noticias\/#organization","name":"El Digital de Asturias","description":"Hemeroteca","url":"https:\/\/www.eldigitaldeasturias.com\/noticias\/","email":"info@eldigitaldeasturias.com","telephone":"+34652131393","logo":{"@type":"ImageObject","url":"https:\/\/www.eldigitaldeasturias.com\/noticias\/wp-content\/uploads\/2020\/12\/EDA.jpg","@id":"https:\/\/www.eldigitaldeasturias.com\/noticias\/la-sof-aprueba-la-programacion-de-navidad\/#organizationLogo","width":649,"height":297},"image":{"@id":"https:\/\/www.eldigitaldeasturias.com\/noticias\/la-sof-aprueba-la-programacion-de-navidad\/#organizationLogo"},"sameAs":["https:\/\/facebook.com\/eldigitaldeasturias","https:\/\/www.youtube.com\/channel\/UCZP-2wLEB9Rv6erhFmqVnvg"],"address":{"@id":"https:\/\/www.eldigitaldeasturias.com\/noticias\/#postaladdress","@type":"PostalAddress","streetAddress":"san antonio 4,","postalCode":"33430","addressLocality":"Cand\u00e1s","addressRegion":"Asturias","addressCountry":"ES"}},{"@type":"Person","@id":"https:\/\/www.eldigitaldeasturias.com\/noticias\/author\/admin\/#author","url":"https:\/\/www.eldigitaldeasturias.com\/noticias\/author\/admin\/","name":"El Digital de Asturias","image":{"@type":"ImageObject","@id":"https:\/\/www.eldigitaldeasturias.com\/noticias\/la-sof-aprueba-la-programacion-de-navidad\/#authorImage","url":"https:\/\/www.eldigitaldeasturias.com\/noticias\/wp-content\/litespeed\/avatar\/18677e78aa0546b92d9dbf31ec7d7668.jpg?ver=1776685526","width":96,"height":96,"caption":"El Digital de Asturias"}},{"@type":"WebPage","@id":"https:\/\/www.eldigitaldeasturias.com\/noticias\/la-sof-aprueba-la-programacion-de-navidad\/#webpage","url":"https:\/\/www.eldigitaldeasturias.com\/noticias\/la-sof-aprueba-la-programacion-de-navidad\/","name":"La Sociedad Ovetense de Festejos aprueba la programaci\u00f3n de Navidad - El Digital de Asturias","description":"La Junta de Gobierno de la Sociedad Ovetense de Festejos (SOF) ha aprobado esta tarde la programaci\u00f3n para la pr\u00f3xima Navidad, a la que destina 194.356 euros, 31.396 euros menos que en el pasado ejercicio. Lo ha hecho con el voto favorable de los socios del equipo de Gobierno (Somos, PSOE e Izquierda Unida) y","inLanguage":"es-ES","isPartOf":{"@id":"https:\/\/www.eldigitaldeasturias.com\/noticias\/#website"},"breadcrumb":{"@id":"https:\/\/www.eldigitaldeasturias.com\/noticias\/la-sof-aprueba-la-programacion-de-navidad\/#breadcrumblist"},"author":{"@id":"https:\/\/www.eldigitaldeasturias.com\/noticias\/author\/admin\/#author"},"creator":{"@id":"https:\/\/www.eldigitaldeasturias.com\/noticias\/author\/admin\/#author"},"image":{"@type":"ImageObject","url":"https:\/\/www.eldigitaldeasturias.com\/noticias\/wp-content\/uploads\/2014\/11\/oviedo.jpg","@id":"https:\/\/www.eldigitaldeasturias.com\/noticias\/la-sof-aprueba-la-programacion-de-navidad\/#mainImage","width":800,"height":600},"primaryImageOfPage":{"@id":"https:\/\/www.eldigitaldeasturias.com\/noticias\/la-sof-aprueba-la-programacion-de-navidad\/#mainImage"},"datePublished":"2016-11-21T21:08:51+01:00","dateModified":"2016-11-21T21:11:02+01:00"},{"@type":"WebSite","@id":"https:\/\/www.eldigitaldeasturias.com\/noticias\/#website","url":"https:\/\/www.eldigitaldeasturias.com\/noticias\/","name":"El Digital de Asturias - Diario de actualidad y noticias","alternateName":"El Digital de Asturias - Diario de actualidad y noticias","description":"Hemeroteca","inLanguage":"es-ES","publisher":{"@id":"https:\/\/www.eldigitaldeasturias.com\/noticias\/#organization"}}]},"og:locale":"es_ES","og:site_name":"El Digital de Asturias","og:type":"article","og:title":"La Sociedad Ovetense de Festejos aprueba la programaci\u00f3n de Navidad - El Digital de Asturias","og:description":"La Junta de Gobierno de la Sociedad Ovetense de Festejos (SOF) ha aprobado esta tarde la programaci\u00f3n para la pr\u00f3xima Navidad, a la que destina 194.356 euros, 31.396 euros menos que en el pasado ejercicio. Lo ha hecho con el voto favorable de los socios del equipo de Gobierno (Somos, PSOE e Izquierda Unida) y","og:url":"https:\/\/www.eldigitaldeasturias.com\/noticias\/la-sof-aprueba-la-programacion-de-navidad\/","og:image":"https:\/\/www.eldigitaldeasturias.com\/noticias\/wp-content\/uploads\/2014\/11\/oviedo.jpg","og:image:secure_url":"https:\/\/www.eldigitaldeasturias.com\/noticias\/wp-content\/uploads\/2014\/11\/oviedo.jpg","og:image:width":800,"og:image:height":600,"article:tag":["destacadas"],"article:published_time":"2016-11-21T21:08:51+00:00","article:modified_time":"2016-11-21T21:11:02+00:00","article:publisher":"https:\/\/facebook.com\/eldigitaldeasturias","twitter:card":"summary_large_image","twitter:title":"La Sociedad Ovetense de Festejos aprueba la programaci\u00f3n de Navidad - El Digital de Asturias","twitter:description":"La Junta de Gobierno de la Sociedad Ovetense de Festejos (SOF) ha aprobado esta tarde la programaci\u00f3n para la pr\u00f3xima Navidad, a la que destina 194.356 euros, 31.396 euros menos que en el pasado ejercicio. Lo ha hecho con el voto favorable de los socios del equipo de Gobierno (Somos, PSOE e Izquierda Unida) y","twitter:image":"https:\/\/www.eldigitaldeasturias.com\/noticias\/wp-content\/uploads\/2014\/11\/oviedo.jpg","twitter:label1":"Escrito por","twitter:data1":"El Digital de Asturias","twitter:label2":"Tiempo de lectura estimado","twitter:data2":"6 minutos"},"aioseo_meta_data":{"post_id":"916830","title":null,"description":null,"keywords":null,"keyphrases":null,"primary_term":null,"canonical_url":null,"og_title":null,"og_description":null,"og_object_type":"default","og_image_type":"default","og_image_url":null,"og_image_width":null,"og_image_height":null,"og_image_custom_url":null,"og_image_custom_fields":null,"og_video":null,"og_custom_url":null,"og_article_section":null,"og_article_tags":null,"twitter_use_og":false,"twitter_card":"default","twitter_image_type":"default","twitter_image_url":null,"twitter_image_custom_url":null,"twitter_image_custom_fields":null,"twitter_title":null,"twitter_description":null,"schema":{"blockGraphs":[],"customGraphs":[],"default":{"data":{"Article":[],"Course":[],"Dataset":[],"FAQPage":[],"Movie":[],"Person":[],"Product":[],"ProductReview":[],"Car":[],"Recipe":[],"Service":[],"SoftwareApplication":[],"WebPage":[]},"graphName":"","isEnabled":true},"graphs":[],"defaultGraph":"","defaultPostTypeGraph":""},"schema_type":null,"schema_type_options":null,"pillar_content":false,"robots_default":true,"robots_noindex":false,"robots_noarchive":false,"robots_nosnippet":false,"robots_nofollow":false,"robots_noimageindex":false,"robots_noodp":false,"robots_notranslate":false,"robots_max_snippet":null,"robots_max_videopreview":null,"robots_max_imagepreview":"large","priority":null,"frequency":null,"local_seo":null,"seo_analyzer_scan_date":"2025-12-01 21:40:26","breadcrumb_settings":null,"limit_modified_date":false,"open_ai":null,"ai":null,"created":"2020-12-21 12:45:59","updated":"2025-12-01 21:40:26"},"aioseo_breadcrumb":"<div class=\"aioseo-breadcrumbs\"><span class=\"aioseo-breadcrumb\">\n\t<a href=\"https:\/\/www.eldigitaldeasturias.com\/noticias\" title=\"Home\">Home<\/a>\n<\/span><span class=\"aioseo-breadcrumb-separator\">\u2013<\/span><span class=\"aioseo-breadcrumb\">\n\t<a href=\"https:\/\/www.eldigitaldeasturias.com\/noticias\/category\/destacadas\/\" title=\"Destacadas\">Destacadas<\/a>\n<\/span><span class=\"aioseo-breadcrumb-separator\">\u2013<\/span><span class=\"aioseo-breadcrumb\">\n\t<a href=\"https:\/\/www.eldigitaldeasturias.com\/noticias\/la-sof-aprueba-la-programacion-de-navidad\/\" title=\"La Sociedad Ovetense de Festejos aprueba la programaci\u00f3n de Navidad\">La Sociedad Ovetense de Festejos aprueba la programaci\u00f3n de Navidad<\/a>\n<\/span><\/div>","aioseo_breadcrumb_json":[{"label":"Home","link":"https:\/\/www.eldigitaldeasturias.com\/noticias"},{"label":"Destacadas","link":"https:\/\/www.eldigitaldeasturias.com\/noticias\/category\/destacadas\/"},{"label":"La Sociedad Ovetense de Festejos aprueba la programaci\u00f3n de Navidad","link":"https:\/\/www.eldigitaldeasturias.com\/noticias\/la-sof-aprueba-la-programacion-de-navidad\/"}],"_links":{"self":[{"href":"https:\/\/www.eldigitaldeasturias.com\/noticias\/wp-json\/wp\/v2\/posts\/916830","targetHints":{"allow":["GET"]}}],"collection":[{"href":"https:\/\/www.eldigitaldeasturias.com\/noticias\/wp-json\/wp\/v2\/posts"}],"about":[{"href":"https:\/\/www.eldigitaldeasturias.com\/noticias\/wp-json\/wp\/v2\/types\/post"}],"author":[{"embeddable":true,"href":"https:\/\/www.eldigitaldeasturias.com\/noticias\/wp-json\/wp\/v2\/users\/1"}],"replies":[{"embeddable":true,"href":"https:\/\/www.eldigitaldeasturias.com\/noticias\/wp-json\/wp\/v2\/comments?post=916830"}],"version-history":[{"count":0,"href":"https:\/\/www.eldigitaldeasturias.com\/noticias\/wp-json\/wp\/v2\/posts\/916830\/revisions"}],"wp:featuredmedia":[{"embeddable":true,"href":"https:\/\/www.eldigitaldeasturias.com\/noticias\/wp-json\/wp\/v2\/media\/674639"}],"wp:attachment":[{"href":"https:\/\/www.eldigitaldeasturias.com\/noticias\/wp-json\/wp\/v2\/media?parent=916830"}],"wp:term":[{"taxonomy":"category","embeddable":true,"href":"https:\/\/www.eldigitaldeasturias.com\/noticias\/wp-json\/wp\/v2\/categories?post=916830"},{"taxonomy":"post_tag","embeddable":true,"href":"https:\/\/www.eldigitaldeasturias.com\/noticias\/wp-json\/wp\/v2\/tags?post=916830"}],"curies":[{"name":"wp","href":"https:\/\/api.w.org\/{rel}","templated":true}]}}