{"id":916581,"date":"2016-11-18T18:39:18","date_gmt":"2016-11-18T18:39:18","guid":{"rendered":"http:\/\/www.eldigitaldeasturias.com\/noticias\/?p=916581"},"modified":"2016-11-18T18:39:18","modified_gmt":"2016-11-18T18:39:18","slug":"aumentan-las-presiones-para-que-los-paises-se-descarbonicen","status":"publish","type":"post","link":"https:\/\/www.eldigitaldeasturias.com\/noticias\/aumentan-las-presiones-para-que-los-paises-se-descarbonicen\/","title":{"rendered":"Aumentan las presiones para que los pa\u00edses se descarbonicen"},"content":{"rendered":"<p><img loading=\"lazy\" decoding=\"async\" class=\"alignleft size-medium wp-image-916582\" src=\"https:\/\/www.eldigitaldeasturias.com\/noticias\/wp-content\/uploads\/2016\/11\/Nadal-360x217.jpg\" alt=\"Nadal\" width=\"360\" height=\"217\" srcset=\"https:\/\/www.eldigitaldeasturias.com\/noticias\/wp-content\/uploads\/2016\/11\/Nadal-360x217.jpg 360w, https:\/\/www.eldigitaldeasturias.com\/noticias\/wp-content\/uploads\/2016\/11\/Nadal-650x392.jpg 650w, https:\/\/www.eldigitaldeasturias.com\/noticias\/wp-content\/uploads\/2016\/11\/Nadal.jpg 671w\" sizes=\"auto, (max-width: 360px) 100vw, 360px\" \/>La Cumbre del Clima (COP22) que se est\u00e1 celebrando en Marrakech no es una COP de decisiones, pero s\u00ed de acciones, todas encaminadas a poner en marcha los objetivos marcados en el Acuerdo de Par\u00eds. Todos los actores desde gobiernos, sector privado, cient\u00edficos hasta sociedad civil est\u00e1n buscando soluciones paralelas para lograr la total descarbonizaci\u00f3n. Pero la transici\u00f3n debe ser r\u00e1pida, el tiempo apremia: la temperatura ya est\u00e1 1,2 \u00baC por encima de los niveles preindustriales.<\/p>\n<p>En el acuerdo se especificaba que los pa\u00edses deben presentar las contribuciones determinadas a nivel nacional (NDCs) en cuanto a la reducci\u00f3n de emisiones. Hasta ahora 101 partes \u2013de 197\u2013 han presentado sus primeras contribuciones. En el documento tambi\u00e9n se propon\u00eda a los pa\u00edses presentar sus estrategias de descarbonizaci\u00f3n m\u00e1s all\u00e1 de 2025 y 2030. Alemania ha sido el primer pa\u00eds en hacerlo con un ambicioso plan: para 2050 disminuir\u00e1n un 80% las emisiones respecto a las de 1990.<\/p>\n<p>\u201cNo se trata de cambios puntuales sino de una transformaci\u00f3n muy profunda, y solo es posible si se acompa\u00f1a de propuestas serias y cre\u00edbles\u201d, explica Teresa Ribera, directora del Instituto del Desarrollo Sostenible y Relaciones Internacionales (IDDRI), en relaci\u00f3n con la elaboraci\u00f3n y aprobaci\u00f3n por parte del Gobierno alem\u00e1n de esta hoja de ruta.<\/p>\n<p>Ayer, tras la visita a la COP22 de John Kerry, secretario de Estado de EE UU, el pa\u00eds norteamericano present\u00f3 un extenso documento en el que anunciaba su estrategia para mitad de siglo para luchar contra el cambio clim\u00e1tico: reducir\u00e1 el 80% de las emisiones de CO2 respecto a 2005. M\u00e9xico es el tercer pa\u00eds que ha presentado su hoja de ruta y hoy en la COP22 lo har\u00e1n Canad\u00e1, Francia, Per\u00fa, Chile y Costa Rica, entre otros.<\/p>\n<p>En el caso de Espa\u00f1a, su estrategia forma parte del paquete europeo, cuyas metas hasta el momento son reducir un 40% de emisiones para 2030, dentro de los cuales nuestro pa\u00eds tiene como objetivo reducir el 26%. \u201cLo que va a ocurrir en 2020 est\u00e1 claro, en 2030 quedan las cosas por definir y ya llegaremos a 2050\u201d, ha declarado a los periodistas hoy en la cumbre \u00c1lvaro Nadal, ministro de Energ\u00eda, Turismo y Agenda Digital, tras firmar con Marruecos y otros pa\u00edses europeos un principio de acuerdo sobre energ\u00edas renovables.<\/p>\n<p>Pero \u201cla \u00fanica estrategia de crecimiento real es la de baja en carbono\u201d, resalta Ribera. Estas estrategias representan el manual de instrucciones para alcanzar la una econom\u00eda con cero emisiones netas. Hasta ahora los pa\u00edses sab\u00edan d\u00f3nde quer\u00edan estar, pero ahora se explica \u201cc\u00f3mo se va a llegar\u201d, detalla la experta en cambio clim\u00e1tico.<\/p>\n<p><strong>El arduo camino de Espa\u00f1a<\/strong><\/p>\n<p>Ser\u00e1 en la nueva ley de Cambio Clim\u00e1tico que anunci\u00f3 el pasado mes de diciembre en Par\u00eds el presidente del Gobierno Mariano Rajoy \u2013y que ha vuelto a mencionar en una rueda de prensa en su visita a Marruecos esta semana\u2013 donde Espa\u00f1a incluya todas las obligaciones a nivel nacional dentro del contexto europeo.<\/p>\n<p>La futura ley necesitar\u00e1 de la implicaci\u00f3n de los dem\u00e1s partidos pol\u00edticos y constituir\u00e1 un marco jur\u00eddico y regulador para cumplir con los objetivos clim\u00e1ticos del Acuerdo de Par\u00eds. \u201cMi pa\u00eds est\u00e1 ya en la senda de cumplir los objetivos en 2020, y trabajamos para cumplir con los de 2030, mucho m\u00e1s ambiciosos\u201d, dijo ayer en el plenario de la COP22 Isabel Garc\u00eda Tejerina, ministra de Agricultura y Pesca, Alimentaci\u00f3n y Medio Ambiente.<\/p>\n<p>Seg\u00fan la ministra, la futura ley recoger\u00e1 todos los compromisos e instrumentos necesarios para que \u201cla econom\u00eda espa\u00f1ola pase a ser una econom\u00eda baja en carbono, crezca y cree empleo\u201d. Sin embargo, para ello muchos sectores se van a tener que reconvertir y \u201cha habido inactividad por parte del gobierno\u201d, dice a Sinc Francis Cabezos, de CCOO, haciendo referencia a un informe del Instituto Istas sobre la situaci\u00f3n de la cuenca minera de Andorra (Teruel).<\/p>\n<p>En plena revoluci\u00f3n energ\u00e9tica, el sector del carbono en la miner\u00eda tiene una fecha final: 2018. \u201cEse a\u00f1o se acaban los subsidios europeos y Espa\u00f1a no tiene una estrategia real para una reconversi\u00f3n energ\u00e9tica\u201d, subraya Cabezos. El informe de Greenpeace M\u00e1s all\u00e1 del carb\u00f3n, presentado hoy en Marrakech, propone alternativas sostenibles para el futuro de las cuencas mineras y demanda la urgencia de actuaci\u00f3n.<\/p>\n<p>Para el eurodiputado de Equo Florent Marcellesi, el compromiso pol\u00edtico y social a favor de esta transici\u00f3n es m\u00e1s necesario que nunca para crear empleo de calidad y respetar el clima. \u00abEs fundamental orientar la econom\u00eda de las cuencas mineras hacia los sectores verdes, empezando por las energ\u00edas renovables, la agricultura ecol\u00f3gica y la rehabilitaci\u00f3n de edificios\u00bb, se\u00f1ala a Sinc Marcellesi.<\/p>\n<p>Otros pa\u00edses, como Alemania y Reino Unido ya ha anunciado los cierres de su centrales t\u00e9rmicas de carb\u00f3n para antes de 2025. Pero seg\u00fan el ministro Nadal, Espa\u00f1a \u201cno tiene una obligaci\u00f3n de cierre\u201d. Y ha concretado: \u201cLo que va a ocurrir es una menor utilizaci\u00f3n del carb\u00f3n, pero eso lo va a fijar el mercado, por el precio. Va a ser un tipo de producci\u00f3n m\u00e1s costosa por los propios derechos de CO2\u201d.<\/p>\n<p>\u00abNecesitamos una linea pol\u00edtica clara que marque el fin de la t\u00e9rmica de carb\u00f3n para 2025 porque somos el pa\u00eds que m\u00e1s hemos aumentado el consumo de carb\u00f3n, principal causante de las emisiones de CO2\u00bb, dice a Sinc Tatiana Nu\u00f1o, de Greenpeace. Seg\u00fan ella, las empresas y las regiones tienen que tener una planificaci\u00f3n de empleo y una linea definida para que las financiaciones vayan de los problema a las soluciones.<\/p>\n<p><strong>Disminuye la acci\u00f3n clim\u00e1tica espa\u00f1ola<\/strong><\/p>\n<p>Adem\u00e1s de la puesta en marcha de la ley, Espa\u00f1a se enfrenta a un aumento de emisiones de CO2 que crecieron en torno al 3,5% en 2015. Seg\u00fan el \u00cdndice de Acci\u00f3n Clim\u00e1tica 2017 publicado hoy y coordinado por GermanWatch y la coalici\u00f3n europea Climate Action Network (CAN), Espa\u00f1a baja una posici\u00f3n por su falta de acci\u00f3n durante este a\u00f1o. Ahora ocupa el puesto 33 de los 58 pa\u00edses analizados y que aglutinan m\u00e1s del 90% de las emisiones de gases de efecto invernadero.<\/p>\n<blockquote><p><em>Espa\u00f1a baja una posici\u00f3n por su falta de acci\u00f3n durante este a\u00f1o. Ahora ocupa el puesto 33 de los 58 pa\u00edses analizados<\/em><\/p><\/blockquote>\n<p>La apuesta por las energ\u00edas renovables \u2013que en la actualidad representan cerca del 18% en Espa\u00f1a\u2013 podr\u00edan elevar esa posici\u00f3n. Pero \u201cel objetivo nacional de renovables todav\u00eda no lo tenemos establecido, ni tampoco tenemos claro c\u00f3mo va a funcionar el mercado ETS de derechos de emisi\u00f3n. Est\u00e1 en marcha, pero todav\u00eda no lo tenemos\u201d, ha se\u00f1alado Nadal. Estas emisiones han aumentado un 10% en 2015 respecto a 2014.<\/p>\n<p>\u201cTampoco tenemos una aprobaci\u00f3n por parte del congreso y el parlamento del repartos de los sectores difusos (emisiones procedentes de transporte, residencias, gesti\u00f3n de residuos, agriculturas, industria, etc.)\u201d, ha a\u00f1adido. Estas cuestiones se dilucidar\u00e1n en la primavera de 2017. Las emisiones difusas \u2013que representan el 60% del total\u2013 han disminuido cerca del 0,5% de 2014 a 2015.<\/p>\n<p>La nueva ley, que ser\u00e1 liderada por el ministerio de Agricultura y contar\u00e1 con la participaci\u00f3n de otros ministerios y de todos los sectores, a\u00fan puede cambiar la situaci\u00f3n y permitir reducciones mayores de gases de efecto invernadero. \u201cNo s\u00e9 c\u00f3mo pero puedo afirmar que vamos a cumplir\u201d, ha indicado Tejerina a la prensa.<\/p>\n<p>SINC<\/p>\n<p>&nbsp;<\/p>\n","protected":false},"excerpt":{"rendered":"<p>La Cumbre del Clima (COP22) que se est\u00e1 celebrando en Marrakech no es una COP de decisiones, pero s\u00ed de acciones, todas encaminadas a poner en marcha los objetivos marcados en el Acuerdo de Par\u00eds. Todos los actores desde gobiernos, sector privado, cient\u00edficos hasta sociedad civil est\u00e1n buscando soluciones paralelas para lograr la total descarbonizaci\u00f3n. [&hellip;]<\/p>\n","protected":false},"author":1,"featured_media":916582,"comment_status":"closed","ping_status":"closed","sticky":false,"template":"","format":"standard","meta":{"footnotes":""},"categories":[141],"tags":[],"class_list":["post-916581","post","type-post","status-publish","format-standard","has-post-thumbnail","hentry","category-destacadas"],"aioseo_notices":[],"aioseo_head":"\n\t\t<!-- All in One SEO Pro 4.9.6.2 - aioseo.com -->\n\t<meta name=\"description\" content=\"La Cumbre del Clima (COP22) que se est\u00e1 celebrando en Marrakech no es una COP de decisiones, pero s\u00ed de acciones, todas encaminadas a poner en marcha los objetivos marcados en el Acuerdo de Par\u00eds. Todos los actores desde gobiernos, sector privado, cient\u00edficos hasta sociedad civil est\u00e1n buscando soluciones paralelas para lograr la total descarbonizaci\u00f3n.\" \/>\n\t<meta name=\"robots\" content=\"max-image-preview:large\" \/>\n\t<meta name=\"author\" content=\"El Digital de Asturias\"\/>\n\t<meta name=\"google-site-verification\" content=\"UA-38556648-1\" \/>\n\t<meta name=\"msvalidate.01\" content=\"7dfe9f3f1b24437ab69f4f2559babe99\" \/>\n\t<meta name=\"keywords\" content=\"destacadas\" \/>\n\t<link rel=\"canonical\" href=\"https:\/\/www.eldigitaldeasturias.com\/noticias\/aumentan-las-presiones-para-que-los-paises-se-descarbonicen\/\" \/>\n\t<meta name=\"generator\" content=\"All in One SEO Pro (AIOSEO) 4.9.6.2\" \/>\n\t\t<meta property=\"og:locale\" content=\"es_ES\" \/>\n\t\t<meta property=\"og:site_name\" content=\"El Digital de Asturias\" \/>\n\t\t<meta property=\"og:type\" content=\"article\" \/>\n\t\t<meta property=\"og:title\" content=\"Aumentan las presiones para que los pa\u00edses se descarbonicen - El Digital de Asturias\" \/>\n\t\t<meta property=\"og:description\" content=\"La Cumbre del Clima (COP22) que se est\u00e1 celebrando en Marrakech no es una COP de decisiones, pero s\u00ed de acciones, todas encaminadas a poner en marcha los objetivos marcados en el Acuerdo de Par\u00eds. Todos los actores desde gobiernos, sector privado, cient\u00edficos hasta sociedad civil est\u00e1n buscando soluciones paralelas para lograr la total descarbonizaci\u00f3n.\" \/>\n\t\t<meta property=\"og:url\" content=\"https:\/\/www.eldigitaldeasturias.com\/noticias\/aumentan-las-presiones-para-que-los-paises-se-descarbonicen\/\" \/>\n\t\t<meta property=\"og:image\" content=\"https:\/\/www.eldigitaldeasturias.com\/noticias\/wp-content\/uploads\/2016\/11\/Nadal.jpg\" \/>\n\t\t<meta property=\"og:image:secure_url\" content=\"https:\/\/www.eldigitaldeasturias.com\/noticias\/wp-content\/uploads\/2016\/11\/Nadal.jpg\" \/>\n\t\t<meta property=\"og:image:width\" content=\"671\" \/>\n\t\t<meta property=\"og:image:height\" content=\"405\" \/>\n\t\t<meta property=\"article:tag\" content=\"destacadas\" \/>\n\t\t<meta property=\"article:published_time\" content=\"2016-11-18T18:39:18+00:00\" \/>\n\t\t<meta property=\"article:modified_time\" content=\"2016-11-18T18:39:18+00:00\" \/>\n\t\t<meta property=\"article:publisher\" content=\"https:\/\/facebook.com\/eldigitaldeasturias\" \/>\n\t\t<meta name=\"twitter:card\" content=\"summary_large_image\" \/>\n\t\t<meta name=\"twitter:title\" content=\"Aumentan las presiones para que los pa\u00edses se descarbonicen - El Digital de Asturias\" \/>\n\t\t<meta name=\"twitter:description\" content=\"La Cumbre del Clima (COP22) que se est\u00e1 celebrando en Marrakech no es una COP de decisiones, pero s\u00ed de acciones, todas encaminadas a poner en marcha los objetivos marcados en el Acuerdo de Par\u00eds. Todos los actores desde gobiernos, sector privado, cient\u00edficos hasta sociedad civil est\u00e1n buscando soluciones paralelas para lograr la total descarbonizaci\u00f3n.\" \/>\n\t\t<meta name=\"twitter:image\" content=\"https:\/\/www.eldigitaldeasturias.com\/noticias\/wp-content\/uploads\/2016\/11\/Nadal.jpg\" \/>\n\t\t<meta name=\"twitter:label1\" content=\"Escrito por\" \/>\n\t\t<meta name=\"twitter:data1\" content=\"El Digital de Asturias\" \/>\n\t\t<meta name=\"twitter:label2\" content=\"Tiempo de lectura estimado\" \/>\n\t\t<meta name=\"twitter:data2\" content=\"6 minutos\" \/>\n\t\t<script type=\"application\/ld+json\" class=\"aioseo-schema\">\n\t\t\t{\"@context\":\"https:\\\/\\\/schema.org\",\"@graph\":[{\"@type\":\"BlogPosting\",\"@id\":\"https:\\\/\\\/www.eldigitaldeasturias.com\\\/noticias\\\/aumentan-las-presiones-para-que-los-paises-se-descarbonicen\\\/#blogposting\",\"name\":\"Aumentan las presiones para que los pa\\u00edses se descarbonicen - El Digital de Asturias\",\"headline\":\"Aumentan las presiones para que los pa\\u00edses se descarbonicen\",\"author\":{\"@id\":\"https:\\\/\\\/www.eldigitaldeasturias.com\\\/noticias\\\/author\\\/admin\\\/#author\"},\"publisher\":{\"@id\":\"https:\\\/\\\/www.eldigitaldeasturias.com\\\/noticias\\\/#organization\"},\"image\":{\"@type\":\"ImageObject\",\"url\":\"https:\\\/\\\/www.eldigitaldeasturias.com\\\/noticias\\\/wp-content\\\/uploads\\\/2016\\\/11\\\/Nadal.jpg\",\"width\":671,\"height\":405},\"datePublished\":\"2016-11-18T18:39:18+01:00\",\"dateModified\":\"2016-11-18T18:39:18+01:00\",\"inLanguage\":\"es-ES\",\"mainEntityOfPage\":{\"@id\":\"https:\\\/\\\/www.eldigitaldeasturias.com\\\/noticias\\\/aumentan-las-presiones-para-que-los-paises-se-descarbonicen\\\/#webpage\"},\"isPartOf\":{\"@id\":\"https:\\\/\\\/www.eldigitaldeasturias.com\\\/noticias\\\/aumentan-las-presiones-para-que-los-paises-se-descarbonicen\\\/#webpage\"},\"articleSection\":\"Destacadas\"},{\"@type\":\"BreadcrumbList\",\"@id\":\"https:\\\/\\\/www.eldigitaldeasturias.com\\\/noticias\\\/aumentan-las-presiones-para-que-los-paises-se-descarbonicen\\\/#breadcrumblist\",\"itemListElement\":[{\"@type\":\"ListItem\",\"@id\":\"https:\\\/\\\/www.eldigitaldeasturias.com\\\/noticias#listItem\",\"position\":1,\"name\":\"Home\",\"item\":\"https:\\\/\\\/www.eldigitaldeasturias.com\\\/noticias\",\"nextItem\":{\"@type\":\"ListItem\",\"@id\":\"https:\\\/\\\/www.eldigitaldeasturias.com\\\/noticias\\\/category\\\/destacadas\\\/#listItem\",\"name\":\"Destacadas\"}},{\"@type\":\"ListItem\",\"@id\":\"https:\\\/\\\/www.eldigitaldeasturias.com\\\/noticias\\\/category\\\/destacadas\\\/#listItem\",\"position\":2,\"name\":\"Destacadas\",\"item\":\"https:\\\/\\\/www.eldigitaldeasturias.com\\\/noticias\\\/category\\\/destacadas\\\/\",\"nextItem\":{\"@type\":\"ListItem\",\"@id\":\"https:\\\/\\\/www.eldigitaldeasturias.com\\\/noticias\\\/aumentan-las-presiones-para-que-los-paises-se-descarbonicen\\\/#listItem\",\"name\":\"Aumentan las presiones para que los pa\\u00edses se descarbonicen\"},\"previousItem\":{\"@type\":\"ListItem\",\"@id\":\"https:\\\/\\\/www.eldigitaldeasturias.com\\\/noticias#listItem\",\"name\":\"Home\"}},{\"@type\":\"ListItem\",\"@id\":\"https:\\\/\\\/www.eldigitaldeasturias.com\\\/noticias\\\/aumentan-las-presiones-para-que-los-paises-se-descarbonicen\\\/#listItem\",\"position\":3,\"name\":\"Aumentan las presiones para que los pa\\u00edses se descarbonicen\",\"previousItem\":{\"@type\":\"ListItem\",\"@id\":\"https:\\\/\\\/www.eldigitaldeasturias.com\\\/noticias\\\/category\\\/destacadas\\\/#listItem\",\"name\":\"Destacadas\"}}]},{\"@type\":\"Organization\",\"@id\":\"https:\\\/\\\/www.eldigitaldeasturias.com\\\/noticias\\\/#organization\",\"name\":\"El Digital de Asturias\",\"description\":\"Hemeroteca\",\"url\":\"https:\\\/\\\/www.eldigitaldeasturias.com\\\/noticias\\\/\",\"email\":\"info@eldigitaldeasturias.com\",\"telephone\":\"+34652131393\",\"logo\":{\"@type\":\"ImageObject\",\"url\":\"https:\\\/\\\/www.eldigitaldeasturias.com\\\/noticias\\\/wp-content\\\/uploads\\\/2020\\\/12\\\/EDA.jpg\",\"@id\":\"https:\\\/\\\/www.eldigitaldeasturias.com\\\/noticias\\\/aumentan-las-presiones-para-que-los-paises-se-descarbonicen\\\/#organizationLogo\",\"width\":649,\"height\":297},\"image\":{\"@id\":\"https:\\\/\\\/www.eldigitaldeasturias.com\\\/noticias\\\/aumentan-las-presiones-para-que-los-paises-se-descarbonicen\\\/#organizationLogo\"},\"sameAs\":[\"https:\\\/\\\/facebook.com\\\/eldigitaldeasturias\",\"https:\\\/\\\/www.youtube.com\\\/channel\\\/UCZP-2wLEB9Rv6erhFmqVnvg\"],\"address\":{\"@id\":\"https:\\\/\\\/www.eldigitaldeasturias.com\\\/noticias\\\/#postaladdress\",\"@type\":\"PostalAddress\",\"streetAddress\":\"san antonio 4,\",\"postalCode\":\"33430\",\"addressLocality\":\"Cand\\u00e1s\",\"addressRegion\":\"Asturias\",\"addressCountry\":\"ES\"}},{\"@type\":\"Person\",\"@id\":\"https:\\\/\\\/www.eldigitaldeasturias.com\\\/noticias\\\/author\\\/admin\\\/#author\",\"url\":\"https:\\\/\\\/www.eldigitaldeasturias.com\\\/noticias\\\/author\\\/admin\\\/\",\"name\":\"El Digital de Asturias\",\"image\":{\"@type\":\"ImageObject\",\"@id\":\"https:\\\/\\\/www.eldigitaldeasturias.com\\\/noticias\\\/aumentan-las-presiones-para-que-los-paises-se-descarbonicen\\\/#authorImage\",\"url\":\"https:\\\/\\\/www.eldigitaldeasturias.com\\\/noticias\\\/wp-content\\\/litespeed\\\/avatar\\\/18677e78aa0546b92d9dbf31ec7d7668.jpg?ver=1776685526\",\"width\":96,\"height\":96,\"caption\":\"El Digital de Asturias\"}},{\"@type\":\"WebPage\",\"@id\":\"https:\\\/\\\/www.eldigitaldeasturias.com\\\/noticias\\\/aumentan-las-presiones-para-que-los-paises-se-descarbonicen\\\/#webpage\",\"url\":\"https:\\\/\\\/www.eldigitaldeasturias.com\\\/noticias\\\/aumentan-las-presiones-para-que-los-paises-se-descarbonicen\\\/\",\"name\":\"Aumentan las presiones para que los pa\\u00edses se descarbonicen - El Digital de Asturias\",\"description\":\"La Cumbre del Clima (COP22) que se est\\u00e1 celebrando en Marrakech no es una COP de decisiones, pero s\\u00ed de acciones, todas encaminadas a poner en marcha los objetivos marcados en el Acuerdo de Par\\u00eds. Todos los actores desde gobiernos, sector privado, cient\\u00edficos hasta sociedad civil est\\u00e1n buscando soluciones paralelas para lograr la total descarbonizaci\\u00f3n.\",\"inLanguage\":\"es-ES\",\"isPartOf\":{\"@id\":\"https:\\\/\\\/www.eldigitaldeasturias.com\\\/noticias\\\/#website\"},\"breadcrumb\":{\"@id\":\"https:\\\/\\\/www.eldigitaldeasturias.com\\\/noticias\\\/aumentan-las-presiones-para-que-los-paises-se-descarbonicen\\\/#breadcrumblist\"},\"author\":{\"@id\":\"https:\\\/\\\/www.eldigitaldeasturias.com\\\/noticias\\\/author\\\/admin\\\/#author\"},\"creator\":{\"@id\":\"https:\\\/\\\/www.eldigitaldeasturias.com\\\/noticias\\\/author\\\/admin\\\/#author\"},\"image\":{\"@type\":\"ImageObject\",\"url\":\"https:\\\/\\\/www.eldigitaldeasturias.com\\\/noticias\\\/wp-content\\\/uploads\\\/2016\\\/11\\\/Nadal.jpg\",\"@id\":\"https:\\\/\\\/www.eldigitaldeasturias.com\\\/noticias\\\/aumentan-las-presiones-para-que-los-paises-se-descarbonicen\\\/#mainImage\",\"width\":671,\"height\":405},\"primaryImageOfPage\":{\"@id\":\"https:\\\/\\\/www.eldigitaldeasturias.com\\\/noticias\\\/aumentan-las-presiones-para-que-los-paises-se-descarbonicen\\\/#mainImage\"},\"datePublished\":\"2016-11-18T18:39:18+01:00\",\"dateModified\":\"2016-11-18T18:39:18+01:00\"},{\"@type\":\"WebSite\",\"@id\":\"https:\\\/\\\/www.eldigitaldeasturias.com\\\/noticias\\\/#website\",\"url\":\"https:\\\/\\\/www.eldigitaldeasturias.com\\\/noticias\\\/\",\"name\":\"El Digital de Asturias - Diario de actualidad y noticias\",\"alternateName\":\"El Digital de Asturias - Diario de actualidad y noticias\",\"description\":\"Hemeroteca\",\"inLanguage\":\"es-ES\",\"publisher\":{\"@id\":\"https:\\\/\\\/www.eldigitaldeasturias.com\\\/noticias\\\/#organization\"}}]}\n\t\t<\/script>\n\t\t<!-- All in One SEO Pro -->\r\n\t\t<title>Aumentan las presiones para que los pa\u00edses se descarbonicen - El Digital de Asturias<\/title>\n\n","aioseo_head_json":{"title":"Aumentan las presiones para que los pa\u00edses se descarbonicen - El Digital de Asturias","description":"La Cumbre del Clima (COP22) que se est\u00e1 celebrando en Marrakech no es una COP de decisiones, pero s\u00ed de acciones, todas encaminadas a poner en marcha los objetivos marcados en el Acuerdo de Par\u00eds. Todos los actores desde gobiernos, sector privado, cient\u00edficos hasta sociedad civil est\u00e1n buscando soluciones paralelas para lograr la total descarbonizaci\u00f3n.","canonical_url":"https:\/\/www.eldigitaldeasturias.com\/noticias\/aumentan-las-presiones-para-que-los-paises-se-descarbonicen\/","robots":"max-image-preview:large","keywords":"destacadas","webmasterTools":{"google-site-verification":"UA-38556648-1","msvalidate.01":"7dfe9f3f1b24437ab69f4f2559babe99","miscellaneous":""},"schema":{"@context":"https:\/\/schema.org","@graph":[{"@type":"BlogPosting","@id":"https:\/\/www.eldigitaldeasturias.com\/noticias\/aumentan-las-presiones-para-que-los-paises-se-descarbonicen\/#blogposting","name":"Aumentan las presiones para que los pa\u00edses se descarbonicen - El Digital de Asturias","headline":"Aumentan las presiones para que los pa\u00edses se descarbonicen","author":{"@id":"https:\/\/www.eldigitaldeasturias.com\/noticias\/author\/admin\/#author"},"publisher":{"@id":"https:\/\/www.eldigitaldeasturias.com\/noticias\/#organization"},"image":{"@type":"ImageObject","url":"https:\/\/www.eldigitaldeasturias.com\/noticias\/wp-content\/uploads\/2016\/11\/Nadal.jpg","width":671,"height":405},"datePublished":"2016-11-18T18:39:18+01:00","dateModified":"2016-11-18T18:39:18+01:00","inLanguage":"es-ES","mainEntityOfPage":{"@id":"https:\/\/www.eldigitaldeasturias.com\/noticias\/aumentan-las-presiones-para-que-los-paises-se-descarbonicen\/#webpage"},"isPartOf":{"@id":"https:\/\/www.eldigitaldeasturias.com\/noticias\/aumentan-las-presiones-para-que-los-paises-se-descarbonicen\/#webpage"},"articleSection":"Destacadas"},{"@type":"BreadcrumbList","@id":"https:\/\/www.eldigitaldeasturias.com\/noticias\/aumentan-las-presiones-para-que-los-paises-se-descarbonicen\/#breadcrumblist","itemListElement":[{"@type":"ListItem","@id":"https:\/\/www.eldigitaldeasturias.com\/noticias#listItem","position":1,"name":"Home","item":"https:\/\/www.eldigitaldeasturias.com\/noticias","nextItem":{"@type":"ListItem","@id":"https:\/\/www.eldigitaldeasturias.com\/noticias\/category\/destacadas\/#listItem","name":"Destacadas"}},{"@type":"ListItem","@id":"https:\/\/www.eldigitaldeasturias.com\/noticias\/category\/destacadas\/#listItem","position":2,"name":"Destacadas","item":"https:\/\/www.eldigitaldeasturias.com\/noticias\/category\/destacadas\/","nextItem":{"@type":"ListItem","@id":"https:\/\/www.eldigitaldeasturias.com\/noticias\/aumentan-las-presiones-para-que-los-paises-se-descarbonicen\/#listItem","name":"Aumentan las presiones para que los pa\u00edses se descarbonicen"},"previousItem":{"@type":"ListItem","@id":"https:\/\/www.eldigitaldeasturias.com\/noticias#listItem","name":"Home"}},{"@type":"ListItem","@id":"https:\/\/www.eldigitaldeasturias.com\/noticias\/aumentan-las-presiones-para-que-los-paises-se-descarbonicen\/#listItem","position":3,"name":"Aumentan las presiones para que los pa\u00edses se descarbonicen","previousItem":{"@type":"ListItem","@id":"https:\/\/www.eldigitaldeasturias.com\/noticias\/category\/destacadas\/#listItem","name":"Destacadas"}}]},{"@type":"Organization","@id":"https:\/\/www.eldigitaldeasturias.com\/noticias\/#organization","name":"El Digital de Asturias","description":"Hemeroteca","url":"https:\/\/www.eldigitaldeasturias.com\/noticias\/","email":"info@eldigitaldeasturias.com","telephone":"+34652131393","logo":{"@type":"ImageObject","url":"https:\/\/www.eldigitaldeasturias.com\/noticias\/wp-content\/uploads\/2020\/12\/EDA.jpg","@id":"https:\/\/www.eldigitaldeasturias.com\/noticias\/aumentan-las-presiones-para-que-los-paises-se-descarbonicen\/#organizationLogo","width":649,"height":297},"image":{"@id":"https:\/\/www.eldigitaldeasturias.com\/noticias\/aumentan-las-presiones-para-que-los-paises-se-descarbonicen\/#organizationLogo"},"sameAs":["https:\/\/facebook.com\/eldigitaldeasturias","https:\/\/www.youtube.com\/channel\/UCZP-2wLEB9Rv6erhFmqVnvg"],"address":{"@id":"https:\/\/www.eldigitaldeasturias.com\/noticias\/#postaladdress","@type":"PostalAddress","streetAddress":"san antonio 4,","postalCode":"33430","addressLocality":"Cand\u00e1s","addressRegion":"Asturias","addressCountry":"ES"}},{"@type":"Person","@id":"https:\/\/www.eldigitaldeasturias.com\/noticias\/author\/admin\/#author","url":"https:\/\/www.eldigitaldeasturias.com\/noticias\/author\/admin\/","name":"El Digital de Asturias","image":{"@type":"ImageObject","@id":"https:\/\/www.eldigitaldeasturias.com\/noticias\/aumentan-las-presiones-para-que-los-paises-se-descarbonicen\/#authorImage","url":"https:\/\/www.eldigitaldeasturias.com\/noticias\/wp-content\/litespeed\/avatar\/18677e78aa0546b92d9dbf31ec7d7668.jpg?ver=1776685526","width":96,"height":96,"caption":"El Digital de Asturias"}},{"@type":"WebPage","@id":"https:\/\/www.eldigitaldeasturias.com\/noticias\/aumentan-las-presiones-para-que-los-paises-se-descarbonicen\/#webpage","url":"https:\/\/www.eldigitaldeasturias.com\/noticias\/aumentan-las-presiones-para-que-los-paises-se-descarbonicen\/","name":"Aumentan las presiones para que los pa\u00edses se descarbonicen - El Digital de Asturias","description":"La Cumbre del Clima (COP22) que se est\u00e1 celebrando en Marrakech no es una COP de decisiones, pero s\u00ed de acciones, todas encaminadas a poner en marcha los objetivos marcados en el Acuerdo de Par\u00eds. Todos los actores desde gobiernos, sector privado, cient\u00edficos hasta sociedad civil est\u00e1n buscando soluciones paralelas para lograr la total descarbonizaci\u00f3n.","inLanguage":"es-ES","isPartOf":{"@id":"https:\/\/www.eldigitaldeasturias.com\/noticias\/#website"},"breadcrumb":{"@id":"https:\/\/www.eldigitaldeasturias.com\/noticias\/aumentan-las-presiones-para-que-los-paises-se-descarbonicen\/#breadcrumblist"},"author":{"@id":"https:\/\/www.eldigitaldeasturias.com\/noticias\/author\/admin\/#author"},"creator":{"@id":"https:\/\/www.eldigitaldeasturias.com\/noticias\/author\/admin\/#author"},"image":{"@type":"ImageObject","url":"https:\/\/www.eldigitaldeasturias.com\/noticias\/wp-content\/uploads\/2016\/11\/Nadal.jpg","@id":"https:\/\/www.eldigitaldeasturias.com\/noticias\/aumentan-las-presiones-para-que-los-paises-se-descarbonicen\/#mainImage","width":671,"height":405},"primaryImageOfPage":{"@id":"https:\/\/www.eldigitaldeasturias.com\/noticias\/aumentan-las-presiones-para-que-los-paises-se-descarbonicen\/#mainImage"},"datePublished":"2016-11-18T18:39:18+01:00","dateModified":"2016-11-18T18:39:18+01:00"},{"@type":"WebSite","@id":"https:\/\/www.eldigitaldeasturias.com\/noticias\/#website","url":"https:\/\/www.eldigitaldeasturias.com\/noticias\/","name":"El Digital de Asturias - Diario de actualidad y noticias","alternateName":"El Digital de Asturias - Diario de actualidad y noticias","description":"Hemeroteca","inLanguage":"es-ES","publisher":{"@id":"https:\/\/www.eldigitaldeasturias.com\/noticias\/#organization"}}]},"og:locale":"es_ES","og:site_name":"El Digital de Asturias","og:type":"article","og:title":"Aumentan las presiones para que los pa\u00edses se descarbonicen - El Digital de Asturias","og:description":"La Cumbre del Clima (COP22) que se est\u00e1 celebrando en Marrakech no es una COP de decisiones, pero s\u00ed de acciones, todas encaminadas a poner en marcha los objetivos marcados en el Acuerdo de Par\u00eds. Todos los actores desde gobiernos, sector privado, cient\u00edficos hasta sociedad civil est\u00e1n buscando soluciones paralelas para lograr la total descarbonizaci\u00f3n.","og:url":"https:\/\/www.eldigitaldeasturias.com\/noticias\/aumentan-las-presiones-para-que-los-paises-se-descarbonicen\/","og:image":"https:\/\/www.eldigitaldeasturias.com\/noticias\/wp-content\/uploads\/2016\/11\/Nadal.jpg","og:image:secure_url":"https:\/\/www.eldigitaldeasturias.com\/noticias\/wp-content\/uploads\/2016\/11\/Nadal.jpg","og:image:width":671,"og:image:height":405,"article:tag":["destacadas"],"article:published_time":"2016-11-18T18:39:18+00:00","article:modified_time":"2016-11-18T18:39:18+00:00","article:publisher":"https:\/\/facebook.com\/eldigitaldeasturias","twitter:card":"summary_large_image","twitter:title":"Aumentan las presiones para que los pa\u00edses se descarbonicen - El Digital de Asturias","twitter:description":"La Cumbre del Clima (COP22) que se est\u00e1 celebrando en Marrakech no es una COP de decisiones, pero s\u00ed de acciones, todas encaminadas a poner en marcha los objetivos marcados en el Acuerdo de Par\u00eds. Todos los actores desde gobiernos, sector privado, cient\u00edficos hasta sociedad civil est\u00e1n buscando soluciones paralelas para lograr la total descarbonizaci\u00f3n.","twitter:image":"https:\/\/www.eldigitaldeasturias.com\/noticias\/wp-content\/uploads\/2016\/11\/Nadal.jpg","twitter:label1":"Escrito por","twitter:data1":"El Digital de Asturias","twitter:label2":"Tiempo de lectura estimado","twitter:data2":"6 minutos"},"aioseo_meta_data":{"post_id":"916581","title":null,"description":null,"keywords":null,"keyphrases":null,"primary_term":null,"canonical_url":null,"og_title":null,"og_description":null,"og_object_type":"default","og_image_type":"default","og_image_url":null,"og_image_width":null,"og_image_height":null,"og_image_custom_url":null,"og_image_custom_fields":null,"og_video":null,"og_custom_url":null,"og_article_section":null,"og_article_tags":null,"twitter_use_og":false,"twitter_card":"default","twitter_image_type":"default","twitter_image_url":null,"twitter_image_custom_url":null,"twitter_image_custom_fields":null,"twitter_title":null,"twitter_description":null,"schema":{"blockGraphs":[],"customGraphs":[],"default":{"data":{"Article":[],"Course":[],"Dataset":[],"FAQPage":[],"Movie":[],"Person":[],"Product":[],"ProductReview":[],"Car":[],"Recipe":[],"Service":[],"SoftwareApplication":[],"WebPage":[]},"graphName":"","isEnabled":true},"graphs":[],"defaultGraph":"","defaultPostTypeGraph":""},"schema_type":null,"schema_type_options":null,"pillar_content":false,"robots_default":true,"robots_noindex":false,"robots_noarchive":false,"robots_nosnippet":false,"robots_nofollow":false,"robots_noimageindex":false,"robots_noodp":false,"robots_notranslate":false,"robots_max_snippet":null,"robots_max_videopreview":null,"robots_max_imagepreview":"large","priority":null,"frequency":null,"local_seo":null,"seo_analyzer_scan_date":"2025-12-01 20:45:21","breadcrumb_settings":null,"limit_modified_date":false,"open_ai":null,"ai":null,"created":"2020-12-21 13:53:47","updated":"2025-12-01 20:45:21"},"aioseo_breadcrumb":"<div class=\"aioseo-breadcrumbs\"><span class=\"aioseo-breadcrumb\">\n\t<a href=\"https:\/\/www.eldigitaldeasturias.com\/noticias\" title=\"Home\">Home<\/a>\n<\/span><span class=\"aioseo-breadcrumb-separator\">\u2013<\/span><span class=\"aioseo-breadcrumb\">\n\t<a href=\"https:\/\/www.eldigitaldeasturias.com\/noticias\/category\/destacadas\/\" title=\"Destacadas\">Destacadas<\/a>\n<\/span><span class=\"aioseo-breadcrumb-separator\">\u2013<\/span><span class=\"aioseo-breadcrumb\">\n\t<a href=\"https:\/\/www.eldigitaldeasturias.com\/noticias\/aumentan-las-presiones-para-que-los-paises-se-descarbonicen\/\" title=\"Aumentan las presiones para que los pa\u00edses se descarbonicen\">Aumentan las presiones para que los pa\u00edses se descarbonicen<\/a>\n<\/span><\/div>","aioseo_breadcrumb_json":[{"label":"Home","link":"https:\/\/www.eldigitaldeasturias.com\/noticias"},{"label":"Destacadas","link":"https:\/\/www.eldigitaldeasturias.com\/noticias\/category\/destacadas\/"},{"label":"Aumentan las presiones para que los pa\u00edses se descarbonicen","link":"https:\/\/www.eldigitaldeasturias.com\/noticias\/aumentan-las-presiones-para-que-los-paises-se-descarbonicen\/"}],"_links":{"self":[{"href":"https:\/\/www.eldigitaldeasturias.com\/noticias\/wp-json\/wp\/v2\/posts\/916581","targetHints":{"allow":["GET"]}}],"collection":[{"href":"https:\/\/www.eldigitaldeasturias.com\/noticias\/wp-json\/wp\/v2\/posts"}],"about":[{"href":"https:\/\/www.eldigitaldeasturias.com\/noticias\/wp-json\/wp\/v2\/types\/post"}],"author":[{"embeddable":true,"href":"https:\/\/www.eldigitaldeasturias.com\/noticias\/wp-json\/wp\/v2\/users\/1"}],"replies":[{"embeddable":true,"href":"https:\/\/www.eldigitaldeasturias.com\/noticias\/wp-json\/wp\/v2\/comments?post=916581"}],"version-history":[{"count":0,"href":"https:\/\/www.eldigitaldeasturias.com\/noticias\/wp-json\/wp\/v2\/posts\/916581\/revisions"}],"wp:featuredmedia":[{"embeddable":true,"href":"https:\/\/www.eldigitaldeasturias.com\/noticias\/wp-json\/wp\/v2\/media\/916582"}],"wp:attachment":[{"href":"https:\/\/www.eldigitaldeasturias.com\/noticias\/wp-json\/wp\/v2\/media?parent=916581"}],"wp:term":[{"taxonomy":"category","embeddable":true,"href":"https:\/\/www.eldigitaldeasturias.com\/noticias\/wp-json\/wp\/v2\/categories?post=916581"},{"taxonomy":"post_tag","embeddable":true,"href":"https:\/\/www.eldigitaldeasturias.com\/noticias\/wp-json\/wp\/v2\/tags?post=916581"}],"curies":[{"name":"wp","href":"https:\/\/api.w.org\/{rel}","templated":true}]}}