{"id":915570,"date":"2016-11-05T21:27:09","date_gmt":"2016-11-05T21:27:09","guid":{"rendered":"http:\/\/www.eldigitaldeasturias.com\/noticias\/?p=915570"},"modified":"2016-11-05T21:27:09","modified_gmt":"2016-11-05T21:27:09","slug":"nueve-proyectos-optan-a-las-ayudas-leader-de-la-comarca-del-centro-de-asturias","status":"publish","type":"post","link":"https:\/\/www.eldigitaldeasturias.com\/noticias\/nueve-proyectos-optan-a-las-ayudas-leader-de-la-comarca-del-centro-de-asturias\/","title":{"rendered":"Nueve proyectos optan a las ayudas Leader de la comarca del centro de Asturias"},"content":{"rendered":"<p><img loading=\"lazy\" decoding=\"async\" class=\"alignleft size-medium wp-image-438002\" src=\"https:\/\/www.eldigitaldeasturias.com\/noticias\/wp-content\/uploads\/2013\/10\/Amelia-Fe..1-213x320.jpg\" alt=\"Amelia Fe..\" width=\"213\" height=\"320\" srcset=\"https:\/\/www.eldigitaldeasturias.com\/noticias\/wp-content\/uploads\/2013\/10\/Amelia-Fe..1-213x320.jpg 213w, https:\/\/www.eldigitaldeasturias.com\/noticias\/wp-content\/uploads\/2013\/10\/Amelia-Fe..1-432x650.jpg 432w, https:\/\/www.eldigitaldeasturias.com\/noticias\/wp-content\/uploads\/2013\/10\/Amelia-Fe..1.jpg 680w\" sizes=\"auto, (max-width: 213px) 100vw, 213px\" \/>Un total de nueve solicitudes se presentaron a la convocatoria Leader de la comarca del centro de Asturias que abarca a los municipios de Carre\u00f1o, Goz\u00f3n, Corvera y Llanera ( ADICAP).<\/p>\n<p>\u201cEn este primer periodo de solicitud hemos recibido nueve proyectos para financiar. Cuatro, de ellos son de Carre\u00f1o: un proyecto de adquisici\u00f3n de maquinaria agr\u00edcola para empresa dedicada a la prestaci\u00f3n de servicios agr\u00edcolas y ganaderos en Logrezana, un proyecto de ampliaci\u00f3n de invernaderos hort\u00edcola en Piedeloro, un proyecto de acondicionamiento de local para la instalaci\u00f3n de una consultora de servicios agr\u00edcolas, ganaderos y medioambientales en Cand\u00e1s y un proyecto de ticket rural para la puesta en marcha de una empresa de venta de maquinaria agr\u00edcola en Piedeloro\u201d \u2013 explic\u00f3 Amelia Fern\u00e1ndez, Presidenta del Grupo de Desarrollo Rural ADICAP.<\/p>\n<p>\u201cOtras tres solicitudes son de la parroquia de Cardo en Goz\u00f3n para un proyecto de adquisici\u00f3n de maquinaria agr\u00edcola para una empresa dedicada a la prestaci\u00f3n de servicios agr\u00edcolas y ganaderos, un proyecto de adquisici\u00f3n de maquinaria agr\u00edcola para una empresa dedicada a la producci\u00f3n de forrajes y un proyecto para la ampliaci\u00f3n de unos invernaderos de planta ornamental. Otras dos solicitudes de ayuda son para la puesta en marcha de dos centros ecuestres, uno en Molleda (Corvera) y otro en Villardeveyo (LLanera)\u201d \u2013 prosisgui\u00f3 Fern\u00e1ndez.<\/p>\n<p>\u201cActualmente se est\u00e1n tramitando con el Principado estas nueve solicitudes de ayudas. La resoluci\u00f3n de aprobaci\u00f3n de las mismas deber\u00eda estar resuelta por la Consejer\u00eda de Desarrollo Rural y Recursos Naturales antes del 15 de noviembre. Es probable que el presupuesto de la convocatoria de este a\u00f1o para nuestro grupo de desarrollo rural que asciende a 400.000 \u20ac (160.000 \u20ac con cargo al 2016, 160.000 al 2017 y 90.000 \u20ac al 2018), resulte insuficiente para poder apoyar todas las solicitudes presentadas\u201d \u2013 expres\u00f3 la Presidenta.<\/p>\n<p>\u201cLa demora en la publicaci\u00f3n de la convocatoria en el BOPA por parte del Principado de Asturias y el escaso margen de tiempo que tendr\u00e1n para ejecutar y justificar los proyectos que se aprueben han supuesto ciertas complejidades a la hora de tramitar estas ayudas en los grupos, de hecho muchos promotores y promotoras de la comarca han decido esperar a la convocatoria del pr\u00f3ximo a\u00f1o. Confiamos que se avance en la tramitaci\u00f3n de la nueva convocatoria y que \u00e9sta salga ya publicada en el primer trimestre del 2017 y que contemple un presupuesto mayor para tener m\u00e1s opciones de ayuda\u201d.<\/p>\n<p>\u201cDesde la Junta Directiva de Adicap lamentamos que hasta el a\u00f1o 2020 s\u00f3lo vayamos a disponer de 3,2 millones de euros para ayudas LEADER, presupuesto finalmente concedido a nuestro grupo por el Principado de Asturias. Somos el \u00fanico grupo de Asturias que est\u00e1 por debajo de los cuatro millones de euros a pesar de la ampliaci\u00f3n territorial que llevamos a cabo desde Adicap, al incorporarse las zonas rurales de los municipios de Corvera y Llanera a Carre\u00f1o y Goz\u00f3n\u201d \u2013 concluy\u00f3 la Presidenta de ADICAP y Alcaldesa de Carre\u00f1o.<\/p>\n<p>&nbsp;<\/p>\n<p>&nbsp;<\/p>\n","protected":false},"excerpt":{"rendered":"<p>Un total de nueve solicitudes se presentaron a la convocatoria Leader de la comarca del centro de Asturias que abarca a los municipios de Carre\u00f1o, Goz\u00f3n, Corvera y Llanera ( ADICAP). \u201cEn este primer periodo de solicitud hemos recibido nueve proyectos para financiar. Cuatro, de ellos son de Carre\u00f1o: un proyecto de adquisici\u00f3n de maquinaria [&hellip;]<\/p>\n","protected":false},"author":1,"featured_media":438002,"comment_status":"closed","ping_status":"closed","sticky":false,"template":"","format":"standard","meta":{"footnotes":""},"categories":[12],"tags":[],"class_list":["post-915570","post","type-post","status-publish","format-standard","has-post-thumbnail","hentry","category-actualidad-asturias"],"aioseo_notices":[],"aioseo_head":"\n\t\t<!-- All in One SEO Pro 4.9.6.2 - aioseo.com -->\n\t<meta name=\"description\" content=\"Un total de nueve solicitudes se presentaron a la convocatoria Leader de la comarca del centro de Asturias que abarca a los municipios de Carre\u00f1o, Goz\u00f3n, Corvera y Llanera ( ADICAP). \u201cEn este primer periodo de solicitud hemos recibido nueve proyectos para financiar. Cuatro, de ellos son de Carre\u00f1o: un proyecto de adquisici\u00f3n de maquinaria\" \/>\n\t<meta name=\"robots\" content=\"max-image-preview:large\" \/>\n\t<meta name=\"author\" content=\"El Digital de Asturias\"\/>\n\t<meta name=\"google-site-verification\" content=\"UA-38556648-1\" \/>\n\t<meta name=\"msvalidate.01\" content=\"7dfe9f3f1b24437ab69f4f2559babe99\" \/>\n\t<meta name=\"keywords\" content=\"actualidad asturias\" \/>\n\t<link rel=\"canonical\" href=\"https:\/\/www.eldigitaldeasturias.com\/noticias\/nueve-proyectos-optan-a-las-ayudas-leader-de-la-comarca-del-centro-de-asturias\/\" \/>\n\t<meta name=\"generator\" content=\"All in One SEO Pro (AIOSEO) 4.9.6.2\" \/>\n\t\t<meta property=\"og:locale\" content=\"es_ES\" \/>\n\t\t<meta property=\"og:site_name\" content=\"El Digital de Asturias\" \/>\n\t\t<meta property=\"og:type\" content=\"article\" \/>\n\t\t<meta property=\"og:title\" content=\"Nueve proyectos optan a las ayudas Leader de la comarca del centro de Asturias - El Digital de Asturias\" \/>\n\t\t<meta property=\"og:description\" content=\"Un total de nueve solicitudes se presentaron a la convocatoria Leader de la comarca del centro de Asturias que abarca a los municipios de Carre\u00f1o, Goz\u00f3n, Corvera y Llanera ( ADICAP). \u201cEn este primer periodo de solicitud hemos recibido nueve proyectos para financiar. Cuatro, de ellos son de Carre\u00f1o: un proyecto de adquisici\u00f3n de maquinaria\" \/>\n\t\t<meta property=\"og:url\" content=\"https:\/\/www.eldigitaldeasturias.com\/noticias\/nueve-proyectos-optan-a-las-ayudas-leader-de-la-comarca-del-centro-de-asturias\/\" \/>\n\t\t<meta property=\"og:image\" content=\"https:\/\/www.eldigitaldeasturias.com\/noticias\/wp-content\/uploads\/2013\/10\/Amelia-Fe..1.jpg\" \/>\n\t\t<meta property=\"og:image:secure_url\" content=\"https:\/\/www.eldigitaldeasturias.com\/noticias\/wp-content\/uploads\/2013\/10\/Amelia-Fe..1.jpg\" \/>\n\t\t<meta property=\"og:image:width\" content=\"680\" \/>\n\t\t<meta property=\"og:image:height\" content=\"1021\" \/>\n\t\t<meta property=\"article:tag\" content=\"actualidad asturias\" \/>\n\t\t<meta property=\"article:published_time\" content=\"2016-11-05T21:27:09+00:00\" \/>\n\t\t<meta property=\"article:modified_time\" content=\"2016-11-05T21:27:09+00:00\" \/>\n\t\t<meta property=\"article:publisher\" content=\"https:\/\/facebook.com\/eldigitaldeasturias\" \/>\n\t\t<meta name=\"twitter:card\" content=\"summary_large_image\" \/>\n\t\t<meta name=\"twitter:title\" content=\"Nueve proyectos optan a las ayudas Leader de la comarca del centro de Asturias - El Digital de Asturias\" \/>\n\t\t<meta name=\"twitter:description\" content=\"Un total de nueve solicitudes se presentaron a la convocatoria Leader de la comarca del centro de Asturias que abarca a los municipios de Carre\u00f1o, Goz\u00f3n, Corvera y Llanera ( ADICAP). \u201cEn este primer periodo de solicitud hemos recibido nueve proyectos para financiar. Cuatro, de ellos son de Carre\u00f1o: un proyecto de adquisici\u00f3n de maquinaria\" \/>\n\t\t<meta name=\"twitter:image\" content=\"https:\/\/www.eldigitaldeasturias.com\/noticias\/wp-content\/uploads\/2013\/10\/Amelia-Fe..1.jpg\" \/>\n\t\t<meta name=\"twitter:label1\" content=\"Escrito por\" \/>\n\t\t<meta name=\"twitter:data1\" content=\"El Digital de Asturias\" \/>\n\t\t<meta name=\"twitter:label2\" content=\"Tiempo de lectura estimado\" \/>\n\t\t<meta name=\"twitter:data2\" content=\"3 minutos\" \/>\n\t\t<script type=\"application\/ld+json\" class=\"aioseo-schema\">\n\t\t\t{\"@context\":\"https:\\\/\\\/schema.org\",\"@graph\":[{\"@type\":\"BlogPosting\",\"@id\":\"https:\\\/\\\/www.eldigitaldeasturias.com\\\/noticias\\\/nueve-proyectos-optan-a-las-ayudas-leader-de-la-comarca-del-centro-de-asturias\\\/#blogposting\",\"name\":\"Nueve proyectos optan a las ayudas Leader de la comarca del centro de Asturias - El Digital de Asturias\",\"headline\":\"Nueve proyectos optan a las ayudas Leader de la comarca del centro de Asturias\",\"author\":{\"@id\":\"https:\\\/\\\/www.eldigitaldeasturias.com\\\/noticias\\\/author\\\/admin\\\/#author\"},\"publisher\":{\"@id\":\"https:\\\/\\\/www.eldigitaldeasturias.com\\\/noticias\\\/#organization\"},\"image\":{\"@type\":\"ImageObject\",\"url\":\"https:\\\/\\\/www.eldigitaldeasturias.com\\\/noticias\\\/wp-content\\\/uploads\\\/2013\\\/10\\\/Amelia-Fe..1.jpg\",\"width\":680,\"height\":1021},\"datePublished\":\"2016-11-05T21:27:09+01:00\",\"dateModified\":\"2016-11-05T21:27:09+01:00\",\"inLanguage\":\"es-ES\",\"mainEntityOfPage\":{\"@id\":\"https:\\\/\\\/www.eldigitaldeasturias.com\\\/noticias\\\/nueve-proyectos-optan-a-las-ayudas-leader-de-la-comarca-del-centro-de-asturias\\\/#webpage\"},\"isPartOf\":{\"@id\":\"https:\\\/\\\/www.eldigitaldeasturias.com\\\/noticias\\\/nueve-proyectos-optan-a-las-ayudas-leader-de-la-comarca-del-centro-de-asturias\\\/#webpage\"},\"articleSection\":\"Actualidad Asturias\"},{\"@type\":\"BreadcrumbList\",\"@id\":\"https:\\\/\\\/www.eldigitaldeasturias.com\\\/noticias\\\/nueve-proyectos-optan-a-las-ayudas-leader-de-la-comarca-del-centro-de-asturias\\\/#breadcrumblist\",\"itemListElement\":[{\"@type\":\"ListItem\",\"@id\":\"https:\\\/\\\/www.eldigitaldeasturias.com\\\/noticias#listItem\",\"position\":1,\"name\":\"Home\",\"item\":\"https:\\\/\\\/www.eldigitaldeasturias.com\\\/noticias\",\"nextItem\":{\"@type\":\"ListItem\",\"@id\":\"https:\\\/\\\/www.eldigitaldeasturias.com\\\/noticias\\\/category\\\/actualidad-asturias\\\/#listItem\",\"name\":\"Actualidad Asturias\"}},{\"@type\":\"ListItem\",\"@id\":\"https:\\\/\\\/www.eldigitaldeasturias.com\\\/noticias\\\/category\\\/actualidad-asturias\\\/#listItem\",\"position\":2,\"name\":\"Actualidad Asturias\",\"item\":\"https:\\\/\\\/www.eldigitaldeasturias.com\\\/noticias\\\/category\\\/actualidad-asturias\\\/\",\"nextItem\":{\"@type\":\"ListItem\",\"@id\":\"https:\\\/\\\/www.eldigitaldeasturias.com\\\/noticias\\\/nueve-proyectos-optan-a-las-ayudas-leader-de-la-comarca-del-centro-de-asturias\\\/#listItem\",\"name\":\"Nueve proyectos optan a las ayudas Leader de la comarca del centro de Asturias\"},\"previousItem\":{\"@type\":\"ListItem\",\"@id\":\"https:\\\/\\\/www.eldigitaldeasturias.com\\\/noticias#listItem\",\"name\":\"Home\"}},{\"@type\":\"ListItem\",\"@id\":\"https:\\\/\\\/www.eldigitaldeasturias.com\\\/noticias\\\/nueve-proyectos-optan-a-las-ayudas-leader-de-la-comarca-del-centro-de-asturias\\\/#listItem\",\"position\":3,\"name\":\"Nueve proyectos optan a las ayudas Leader de la comarca del centro de Asturias\",\"previousItem\":{\"@type\":\"ListItem\",\"@id\":\"https:\\\/\\\/www.eldigitaldeasturias.com\\\/noticias\\\/category\\\/actualidad-asturias\\\/#listItem\",\"name\":\"Actualidad Asturias\"}}]},{\"@type\":\"Organization\",\"@id\":\"https:\\\/\\\/www.eldigitaldeasturias.com\\\/noticias\\\/#organization\",\"name\":\"El Digital de Asturias\",\"description\":\"Hemeroteca\",\"url\":\"https:\\\/\\\/www.eldigitaldeasturias.com\\\/noticias\\\/\",\"email\":\"info@eldigitaldeasturias.com\",\"telephone\":\"+34652131393\",\"logo\":{\"@type\":\"ImageObject\",\"url\":\"https:\\\/\\\/www.eldigitaldeasturias.com\\\/noticias\\\/wp-content\\\/uploads\\\/2020\\\/12\\\/EDA.jpg\",\"@id\":\"https:\\\/\\\/www.eldigitaldeasturias.com\\\/noticias\\\/nueve-proyectos-optan-a-las-ayudas-leader-de-la-comarca-del-centro-de-asturias\\\/#organizationLogo\",\"width\":649,\"height\":297},\"image\":{\"@id\":\"https:\\\/\\\/www.eldigitaldeasturias.com\\\/noticias\\\/nueve-proyectos-optan-a-las-ayudas-leader-de-la-comarca-del-centro-de-asturias\\\/#organizationLogo\"},\"sameAs\":[\"https:\\\/\\\/facebook.com\\\/eldigitaldeasturias\",\"https:\\\/\\\/www.youtube.com\\\/channel\\\/UCZP-2wLEB9Rv6erhFmqVnvg\"],\"address\":{\"@id\":\"https:\\\/\\\/www.eldigitaldeasturias.com\\\/noticias\\\/#postaladdress\",\"@type\":\"PostalAddress\",\"streetAddress\":\"san antonio 4,\",\"postalCode\":\"33430\",\"addressLocality\":\"Cand\\u00e1s\",\"addressRegion\":\"Asturias\",\"addressCountry\":\"ES\"}},{\"@type\":\"Person\",\"@id\":\"https:\\\/\\\/www.eldigitaldeasturias.com\\\/noticias\\\/author\\\/admin\\\/#author\",\"url\":\"https:\\\/\\\/www.eldigitaldeasturias.com\\\/noticias\\\/author\\\/admin\\\/\",\"name\":\"El Digital de Asturias\",\"image\":{\"@type\":\"ImageObject\",\"@id\":\"https:\\\/\\\/www.eldigitaldeasturias.com\\\/noticias\\\/nueve-proyectos-optan-a-las-ayudas-leader-de-la-comarca-del-centro-de-asturias\\\/#authorImage\",\"url\":\"https:\\\/\\\/www.eldigitaldeasturias.com\\\/noticias\\\/wp-content\\\/litespeed\\\/avatar\\\/18677e78aa0546b92d9dbf31ec7d7668.jpg?ver=1777290358\",\"width\":96,\"height\":96,\"caption\":\"El Digital de Asturias\"}},{\"@type\":\"WebPage\",\"@id\":\"https:\\\/\\\/www.eldigitaldeasturias.com\\\/noticias\\\/nueve-proyectos-optan-a-las-ayudas-leader-de-la-comarca-del-centro-de-asturias\\\/#webpage\",\"url\":\"https:\\\/\\\/www.eldigitaldeasturias.com\\\/noticias\\\/nueve-proyectos-optan-a-las-ayudas-leader-de-la-comarca-del-centro-de-asturias\\\/\",\"name\":\"Nueve proyectos optan a las ayudas Leader de la comarca del centro de Asturias - El Digital de Asturias\",\"description\":\"Un total de nueve solicitudes se presentaron a la convocatoria Leader de la comarca del centro de Asturias que abarca a los municipios de Carre\\u00f1o, Goz\\u00f3n, Corvera y Llanera ( ADICAP). \\u201cEn este primer periodo de solicitud hemos recibido nueve proyectos para financiar. Cuatro, de ellos son de Carre\\u00f1o: un proyecto de adquisici\\u00f3n de maquinaria\",\"inLanguage\":\"es-ES\",\"isPartOf\":{\"@id\":\"https:\\\/\\\/www.eldigitaldeasturias.com\\\/noticias\\\/#website\"},\"breadcrumb\":{\"@id\":\"https:\\\/\\\/www.eldigitaldeasturias.com\\\/noticias\\\/nueve-proyectos-optan-a-las-ayudas-leader-de-la-comarca-del-centro-de-asturias\\\/#breadcrumblist\"},\"author\":{\"@id\":\"https:\\\/\\\/www.eldigitaldeasturias.com\\\/noticias\\\/author\\\/admin\\\/#author\"},\"creator\":{\"@id\":\"https:\\\/\\\/www.eldigitaldeasturias.com\\\/noticias\\\/author\\\/admin\\\/#author\"},\"image\":{\"@type\":\"ImageObject\",\"url\":\"https:\\\/\\\/www.eldigitaldeasturias.com\\\/noticias\\\/wp-content\\\/uploads\\\/2013\\\/10\\\/Amelia-Fe..1.jpg\",\"@id\":\"https:\\\/\\\/www.eldigitaldeasturias.com\\\/noticias\\\/nueve-proyectos-optan-a-las-ayudas-leader-de-la-comarca-del-centro-de-asturias\\\/#mainImage\",\"width\":680,\"height\":1021},\"primaryImageOfPage\":{\"@id\":\"https:\\\/\\\/www.eldigitaldeasturias.com\\\/noticias\\\/nueve-proyectos-optan-a-las-ayudas-leader-de-la-comarca-del-centro-de-asturias\\\/#mainImage\"},\"datePublished\":\"2016-11-05T21:27:09+01:00\",\"dateModified\":\"2016-11-05T21:27:09+01:00\"},{\"@type\":\"WebSite\",\"@id\":\"https:\\\/\\\/www.eldigitaldeasturias.com\\\/noticias\\\/#website\",\"url\":\"https:\\\/\\\/www.eldigitaldeasturias.com\\\/noticias\\\/\",\"name\":\"El Digital de Asturias - Diario de actualidad y noticias\",\"alternateName\":\"El Digital de Asturias - Diario de actualidad y noticias\",\"description\":\"Hemeroteca\",\"inLanguage\":\"es-ES\",\"publisher\":{\"@id\":\"https:\\\/\\\/www.eldigitaldeasturias.com\\\/noticias\\\/#organization\"}}]}\n\t\t<\/script>\n\t\t<!-- All in One SEO Pro -->\r\n\t\t<title>Nueve proyectos optan a las ayudas Leader de la comarca del centro de Asturias - El Digital de Asturias<\/title>\n\n","aioseo_head_json":{"title":"Nueve proyectos optan a las ayudas Leader de la comarca del centro de Asturias - El Digital de Asturias","description":"Un total de nueve solicitudes se presentaron a la convocatoria Leader de la comarca del centro de Asturias que abarca a los municipios de Carre\u00f1o, Goz\u00f3n, Corvera y Llanera ( ADICAP). \u201cEn este primer periodo de solicitud hemos recibido nueve proyectos para financiar. Cuatro, de ellos son de Carre\u00f1o: un proyecto de adquisici\u00f3n de maquinaria","canonical_url":"https:\/\/www.eldigitaldeasturias.com\/noticias\/nueve-proyectos-optan-a-las-ayudas-leader-de-la-comarca-del-centro-de-asturias\/","robots":"max-image-preview:large","keywords":"actualidad asturias","webmasterTools":{"google-site-verification":"UA-38556648-1","msvalidate.01":"7dfe9f3f1b24437ab69f4f2559babe99","miscellaneous":""},"schema":{"@context":"https:\/\/schema.org","@graph":[{"@type":"BlogPosting","@id":"https:\/\/www.eldigitaldeasturias.com\/noticias\/nueve-proyectos-optan-a-las-ayudas-leader-de-la-comarca-del-centro-de-asturias\/#blogposting","name":"Nueve proyectos optan a las ayudas Leader de la comarca del centro de Asturias - El Digital de Asturias","headline":"Nueve proyectos optan a las ayudas Leader de la comarca del centro de Asturias","author":{"@id":"https:\/\/www.eldigitaldeasturias.com\/noticias\/author\/admin\/#author"},"publisher":{"@id":"https:\/\/www.eldigitaldeasturias.com\/noticias\/#organization"},"image":{"@type":"ImageObject","url":"https:\/\/www.eldigitaldeasturias.com\/noticias\/wp-content\/uploads\/2013\/10\/Amelia-Fe..1.jpg","width":680,"height":1021},"datePublished":"2016-11-05T21:27:09+01:00","dateModified":"2016-11-05T21:27:09+01:00","inLanguage":"es-ES","mainEntityOfPage":{"@id":"https:\/\/www.eldigitaldeasturias.com\/noticias\/nueve-proyectos-optan-a-las-ayudas-leader-de-la-comarca-del-centro-de-asturias\/#webpage"},"isPartOf":{"@id":"https:\/\/www.eldigitaldeasturias.com\/noticias\/nueve-proyectos-optan-a-las-ayudas-leader-de-la-comarca-del-centro-de-asturias\/#webpage"},"articleSection":"Actualidad Asturias"},{"@type":"BreadcrumbList","@id":"https:\/\/www.eldigitaldeasturias.com\/noticias\/nueve-proyectos-optan-a-las-ayudas-leader-de-la-comarca-del-centro-de-asturias\/#breadcrumblist","itemListElement":[{"@type":"ListItem","@id":"https:\/\/www.eldigitaldeasturias.com\/noticias#listItem","position":1,"name":"Home","item":"https:\/\/www.eldigitaldeasturias.com\/noticias","nextItem":{"@type":"ListItem","@id":"https:\/\/www.eldigitaldeasturias.com\/noticias\/category\/actualidad-asturias\/#listItem","name":"Actualidad Asturias"}},{"@type":"ListItem","@id":"https:\/\/www.eldigitaldeasturias.com\/noticias\/category\/actualidad-asturias\/#listItem","position":2,"name":"Actualidad Asturias","item":"https:\/\/www.eldigitaldeasturias.com\/noticias\/category\/actualidad-asturias\/","nextItem":{"@type":"ListItem","@id":"https:\/\/www.eldigitaldeasturias.com\/noticias\/nueve-proyectos-optan-a-las-ayudas-leader-de-la-comarca-del-centro-de-asturias\/#listItem","name":"Nueve proyectos optan a las ayudas Leader de la comarca del centro de Asturias"},"previousItem":{"@type":"ListItem","@id":"https:\/\/www.eldigitaldeasturias.com\/noticias#listItem","name":"Home"}},{"@type":"ListItem","@id":"https:\/\/www.eldigitaldeasturias.com\/noticias\/nueve-proyectos-optan-a-las-ayudas-leader-de-la-comarca-del-centro-de-asturias\/#listItem","position":3,"name":"Nueve proyectos optan a las ayudas Leader de la comarca del centro de Asturias","previousItem":{"@type":"ListItem","@id":"https:\/\/www.eldigitaldeasturias.com\/noticias\/category\/actualidad-asturias\/#listItem","name":"Actualidad Asturias"}}]},{"@type":"Organization","@id":"https:\/\/www.eldigitaldeasturias.com\/noticias\/#organization","name":"El Digital de Asturias","description":"Hemeroteca","url":"https:\/\/www.eldigitaldeasturias.com\/noticias\/","email":"info@eldigitaldeasturias.com","telephone":"+34652131393","logo":{"@type":"ImageObject","url":"https:\/\/www.eldigitaldeasturias.com\/noticias\/wp-content\/uploads\/2020\/12\/EDA.jpg","@id":"https:\/\/www.eldigitaldeasturias.com\/noticias\/nueve-proyectos-optan-a-las-ayudas-leader-de-la-comarca-del-centro-de-asturias\/#organizationLogo","width":649,"height":297},"image":{"@id":"https:\/\/www.eldigitaldeasturias.com\/noticias\/nueve-proyectos-optan-a-las-ayudas-leader-de-la-comarca-del-centro-de-asturias\/#organizationLogo"},"sameAs":["https:\/\/facebook.com\/eldigitaldeasturias","https:\/\/www.youtube.com\/channel\/UCZP-2wLEB9Rv6erhFmqVnvg"],"address":{"@id":"https:\/\/www.eldigitaldeasturias.com\/noticias\/#postaladdress","@type":"PostalAddress","streetAddress":"san antonio 4,","postalCode":"33430","addressLocality":"Cand\u00e1s","addressRegion":"Asturias","addressCountry":"ES"}},{"@type":"Person","@id":"https:\/\/www.eldigitaldeasturias.com\/noticias\/author\/admin\/#author","url":"https:\/\/www.eldigitaldeasturias.com\/noticias\/author\/admin\/","name":"El Digital de Asturias","image":{"@type":"ImageObject","@id":"https:\/\/www.eldigitaldeasturias.com\/noticias\/nueve-proyectos-optan-a-las-ayudas-leader-de-la-comarca-del-centro-de-asturias\/#authorImage","url":"https:\/\/www.eldigitaldeasturias.com\/noticias\/wp-content\/litespeed\/avatar\/18677e78aa0546b92d9dbf31ec7d7668.jpg?ver=1777290358","width":96,"height":96,"caption":"El Digital de Asturias"}},{"@type":"WebPage","@id":"https:\/\/www.eldigitaldeasturias.com\/noticias\/nueve-proyectos-optan-a-las-ayudas-leader-de-la-comarca-del-centro-de-asturias\/#webpage","url":"https:\/\/www.eldigitaldeasturias.com\/noticias\/nueve-proyectos-optan-a-las-ayudas-leader-de-la-comarca-del-centro-de-asturias\/","name":"Nueve proyectos optan a las ayudas Leader de la comarca del centro de Asturias - El Digital de Asturias","description":"Un total de nueve solicitudes se presentaron a la convocatoria Leader de la comarca del centro de Asturias que abarca a los municipios de Carre\u00f1o, Goz\u00f3n, Corvera y Llanera ( ADICAP). \u201cEn este primer periodo de solicitud hemos recibido nueve proyectos para financiar. Cuatro, de ellos son de Carre\u00f1o: un proyecto de adquisici\u00f3n de maquinaria","inLanguage":"es-ES","isPartOf":{"@id":"https:\/\/www.eldigitaldeasturias.com\/noticias\/#website"},"breadcrumb":{"@id":"https:\/\/www.eldigitaldeasturias.com\/noticias\/nueve-proyectos-optan-a-las-ayudas-leader-de-la-comarca-del-centro-de-asturias\/#breadcrumblist"},"author":{"@id":"https:\/\/www.eldigitaldeasturias.com\/noticias\/author\/admin\/#author"},"creator":{"@id":"https:\/\/www.eldigitaldeasturias.com\/noticias\/author\/admin\/#author"},"image":{"@type":"ImageObject","url":"https:\/\/www.eldigitaldeasturias.com\/noticias\/wp-content\/uploads\/2013\/10\/Amelia-Fe..1.jpg","@id":"https:\/\/www.eldigitaldeasturias.com\/noticias\/nueve-proyectos-optan-a-las-ayudas-leader-de-la-comarca-del-centro-de-asturias\/#mainImage","width":680,"height":1021},"primaryImageOfPage":{"@id":"https:\/\/www.eldigitaldeasturias.com\/noticias\/nueve-proyectos-optan-a-las-ayudas-leader-de-la-comarca-del-centro-de-asturias\/#mainImage"},"datePublished":"2016-11-05T21:27:09+01:00","dateModified":"2016-11-05T21:27:09+01:00"},{"@type":"WebSite","@id":"https:\/\/www.eldigitaldeasturias.com\/noticias\/#website","url":"https:\/\/www.eldigitaldeasturias.com\/noticias\/","name":"El Digital de Asturias - Diario de actualidad y noticias","alternateName":"El Digital de Asturias - Diario de actualidad y noticias","description":"Hemeroteca","inLanguage":"es-ES","publisher":{"@id":"https:\/\/www.eldigitaldeasturias.com\/noticias\/#organization"}}]},"og:locale":"es_ES","og:site_name":"El Digital de Asturias","og:type":"article","og:title":"Nueve proyectos optan a las ayudas Leader de la comarca del centro de Asturias - El Digital de Asturias","og:description":"Un total de nueve solicitudes se presentaron a la convocatoria Leader de la comarca del centro de Asturias que abarca a los municipios de Carre\u00f1o, Goz\u00f3n, Corvera y Llanera ( ADICAP). \u201cEn este primer periodo de solicitud hemos recibido nueve proyectos para financiar. Cuatro, de ellos son de Carre\u00f1o: un proyecto de adquisici\u00f3n de maquinaria","og:url":"https:\/\/www.eldigitaldeasturias.com\/noticias\/nueve-proyectos-optan-a-las-ayudas-leader-de-la-comarca-del-centro-de-asturias\/","og:image":"https:\/\/www.eldigitaldeasturias.com\/noticias\/wp-content\/uploads\/2013\/10\/Amelia-Fe..1.jpg","og:image:secure_url":"https:\/\/www.eldigitaldeasturias.com\/noticias\/wp-content\/uploads\/2013\/10\/Amelia-Fe..1.jpg","og:image:width":680,"og:image:height":1021,"article:tag":["actualidad asturias"],"article:published_time":"2016-11-05T21:27:09+00:00","article:modified_time":"2016-11-05T21:27:09+00:00","article:publisher":"https:\/\/facebook.com\/eldigitaldeasturias","twitter:card":"summary_large_image","twitter:title":"Nueve proyectos optan a las ayudas Leader de la comarca del centro de Asturias - El Digital de Asturias","twitter:description":"Un total de nueve solicitudes se presentaron a la convocatoria Leader de la comarca del centro de Asturias que abarca a los municipios de Carre\u00f1o, Goz\u00f3n, Corvera y Llanera ( ADICAP). \u201cEn este primer periodo de solicitud hemos recibido nueve proyectos para financiar. Cuatro, de ellos son de Carre\u00f1o: un proyecto de adquisici\u00f3n de maquinaria","twitter:image":"https:\/\/www.eldigitaldeasturias.com\/noticias\/wp-content\/uploads\/2013\/10\/Amelia-Fe..1.jpg","twitter:label1":"Escrito por","twitter:data1":"El Digital de Asturias","twitter:label2":"Tiempo de lectura estimado","twitter:data2":"3 minutos"},"aioseo_meta_data":{"post_id":"915570","title":null,"description":null,"keywords":null,"keyphrases":null,"primary_term":null,"canonical_url":null,"og_title":null,"og_description":null,"og_object_type":"default","og_image_type":"default","og_image_url":null,"og_image_width":null,"og_image_height":null,"og_image_custom_url":null,"og_image_custom_fields":null,"og_video":null,"og_custom_url":null,"og_article_section":null,"og_article_tags":null,"twitter_use_og":false,"twitter_card":"default","twitter_image_type":"default","twitter_image_url":null,"twitter_image_custom_url":null,"twitter_image_custom_fields":null,"twitter_title":null,"twitter_description":null,"schema":{"blockGraphs":[],"customGraphs":[],"default":{"data":{"Article":[],"Course":[],"Dataset":[],"FAQPage":[],"Movie":[],"Person":[],"Product":[],"ProductReview":[],"Car":[],"Recipe":[],"Service":[],"SoftwareApplication":[],"WebPage":[]},"graphName":"","isEnabled":true},"graphs":[]},"schema_type":null,"schema_type_options":null,"pillar_content":false,"robots_default":true,"robots_noindex":false,"robots_noarchive":false,"robots_nosnippet":false,"robots_nofollow":false,"robots_noimageindex":false,"robots_noodp":false,"robots_notranslate":false,"robots_max_snippet":null,"robots_max_videopreview":null,"robots_max_imagepreview":"large","priority":null,"frequency":null,"local_seo":null,"seo_analyzer_scan_date":"2025-12-01 17:08:21","breadcrumb_settings":null,"limit_modified_date":false,"open_ai":null,"ai":null,"created":"2020-12-21 13:02:29","updated":"2025-12-01 17:08:21"},"aioseo_breadcrumb":"<div class=\"aioseo-breadcrumbs\"><span class=\"aioseo-breadcrumb\">\n\t<a href=\"https:\/\/www.eldigitaldeasturias.com\/noticias\" title=\"Home\">Home<\/a>\n<\/span><span class=\"aioseo-breadcrumb-separator\">\u2013<\/span><span class=\"aioseo-breadcrumb\">\n\t<a href=\"https:\/\/www.eldigitaldeasturias.com\/noticias\/category\/actualidad-asturias\/\" title=\"Actualidad Asturias\">Actualidad Asturias<\/a>\n<\/span><span class=\"aioseo-breadcrumb-separator\">\u2013<\/span><span class=\"aioseo-breadcrumb\">\n\t<a href=\"https:\/\/www.eldigitaldeasturias.com\/noticias\/nueve-proyectos-optan-a-las-ayudas-leader-de-la-comarca-del-centro-de-asturias\/\" title=\"Nueve proyectos optan a las ayudas Leader de la comarca del centro de Asturias\">Nueve proyectos optan a las ayudas Leader de la comarca del centro de Asturias<\/a>\n<\/span><\/div>","aioseo_breadcrumb_json":[{"label":"Home","link":"https:\/\/www.eldigitaldeasturias.com\/noticias"},{"label":"Actualidad Asturias","link":"https:\/\/www.eldigitaldeasturias.com\/noticias\/category\/actualidad-asturias\/"},{"label":"Nueve proyectos optan a las ayudas Leader de la comarca del centro de Asturias","link":"https:\/\/www.eldigitaldeasturias.com\/noticias\/nueve-proyectos-optan-a-las-ayudas-leader-de-la-comarca-del-centro-de-asturias\/"}],"_links":{"self":[{"href":"https:\/\/www.eldigitaldeasturias.com\/noticias\/wp-json\/wp\/v2\/posts\/915570","targetHints":{"allow":["GET"]}}],"collection":[{"href":"https:\/\/www.eldigitaldeasturias.com\/noticias\/wp-json\/wp\/v2\/posts"}],"about":[{"href":"https:\/\/www.eldigitaldeasturias.com\/noticias\/wp-json\/wp\/v2\/types\/post"}],"author":[{"embeddable":true,"href":"https:\/\/www.eldigitaldeasturias.com\/noticias\/wp-json\/wp\/v2\/users\/1"}],"replies":[{"embeddable":true,"href":"https:\/\/www.eldigitaldeasturias.com\/noticias\/wp-json\/wp\/v2\/comments?post=915570"}],"version-history":[{"count":0,"href":"https:\/\/www.eldigitaldeasturias.com\/noticias\/wp-json\/wp\/v2\/posts\/915570\/revisions"}],"wp:featuredmedia":[{"embeddable":true,"href":"https:\/\/www.eldigitaldeasturias.com\/noticias\/wp-json\/wp\/v2\/media\/438002"}],"wp:attachment":[{"href":"https:\/\/www.eldigitaldeasturias.com\/noticias\/wp-json\/wp\/v2\/media?parent=915570"}],"wp:term":[{"taxonomy":"category","embeddable":true,"href":"https:\/\/www.eldigitaldeasturias.com\/noticias\/wp-json\/wp\/v2\/categories?post=915570"},{"taxonomy":"post_tag","embeddable":true,"href":"https:\/\/www.eldigitaldeasturias.com\/noticias\/wp-json\/wp\/v2\/tags?post=915570"}],"curies":[{"name":"wp","href":"https:\/\/api.w.org\/{rel}","templated":true}]}}