{"id":913473,"date":"2016-10-20T15:19:00","date_gmt":"2016-10-20T14:19:00","guid":{"rendered":"http:\/\/www.eldigitaldeasturias.com\/noticias\/?p=913473"},"modified":"2016-10-20T15:19:00","modified_gmt":"2016-10-20T14:19:00","slug":"blogueros-de-turismo-recorreran-asturias-durante-los-proximos-dias","status":"publish","type":"post","link":"https:\/\/www.eldigitaldeasturias.com\/noticias\/blogueros-de-turismo-recorreran-asturias-durante-los-proximos-dias\/","title":{"rendered":"Blogueros de turismo recorrer\u00e1n Asturias durante los pr\u00f3ximos d\u00edas"},"content":{"rendered":"<p><img loading=\"lazy\" decoding=\"async\" class=\"alignleft size-medium wp-image-789262\" src=\"https:\/\/www.eldigitaldeasturias.com\/noticias\/wp-content\/uploads\/2015\/06\/cudillero-360x270.jpg\" alt=\"cudillero\" width=\"360\" height=\"270\" srcset=\"https:\/\/www.eldigitaldeasturias.com\/noticias\/wp-content\/uploads\/2015\/06\/cudillero-360x270.jpg 360w, https:\/\/www.eldigitaldeasturias.com\/noticias\/wp-content\/uploads\/2015\/06\/cudillero-650x488.jpg 650w, https:\/\/www.eldigitaldeasturias.com\/noticias\/wp-content\/uploads\/2015\/06\/cudillero-100x75.jpg 100w, https:\/\/www.eldigitaldeasturias.com\/noticias\/wp-content\/uploads\/2015\/06\/cudillero.jpg 800w\" sizes=\"auto, (max-width: 360px) 100vw, 360px\" \/>Asturias ser\u00e1, a partir de hoy y hasta el pr\u00f3ximo 24 de octubre, escenario de un blogtrip destinado a la promoci\u00f3n de la gastronom\u00eda auton\u00f3mica. En este viaje participan siete profesionales de medios de comunicaci\u00f3n digitales, entre los que se encuentran Paco Becerro, fundador de Directo al paladar, o Maricar de la Sierra, responsable de gastronom\u00eda de Expansi\u00f3n, que suman m\u00e1s de 800.000 seguidores en sus plataformas de redes sociales, en las que volcar\u00e1n sus experiencias durante estos cinco d\u00edas.<\/p>\n<p>Seg\u00fan informa el Gobierno de Asturias en una nota de prensa, en su organizaci\u00f3n han estado presentes distintas entidades y empresas que han sumado recursos para hacer posible que la gastronom\u00eda asturiana y sus productos con Indicaci\u00f3n Geogr\u00e1fica Protegida (IGP) o Denominaci\u00f3n de Origen Protegida (DOP) avancen en nuevos canales de comunicaci\u00f3n para llegar a m\u00e1s p\u00fablico.<\/p>\n<p>Entre las entidades promotoras del viaje se encuentran las consejer\u00edas de Empleo, Industria y Turismo y de Desarrollo Rural y Recursos Naturales, que han apostado por sumar esfuerzos en esta iniciativa. Esta acci\u00f3n sigue las l\u00edneas del Programa de Turismo Sostenible 2020, que apuesta por avanzar en diferentes canales de comunicaci\u00f3n con el objetivo de aprovechar tanto la capacidad de difusi\u00f3n como la de prescripci\u00f3n, como es este caso.<\/p>\n<p>Este viaje cuenta con visitas a distintos centros de producci\u00f3n agroalimentaria, adem\u00e1s de acercarse a algunas de las propuestas de restauradores que forman parte de la marca de calidad Mesas de Asturias.<\/p>\n<p>&nbsp;<\/p>\n<p>&nbsp;<\/p>\n","protected":false},"excerpt":{"rendered":"<p>Asturias ser\u00e1, a partir de hoy y hasta el pr\u00f3ximo 24 de octubre, escenario de un blogtrip destinado a la promoci\u00f3n de la gastronom\u00eda auton\u00f3mica. En este viaje participan siete profesionales de medios de comunicaci\u00f3n digitales, entre los que se encuentran Paco Becerro, fundador de Directo al paladar, o Maricar de la Sierra, responsable de [&hellip;]<\/p>\n","protected":false},"author":1,"featured_media":789262,"comment_status":"closed","ping_status":"closed","sticky":false,"template":"","format":"standard","meta":{"footnotes":""},"categories":[148],"tags":[],"class_list":["post-913473","post","type-post","status-publish","format-standard","has-post-thumbnail","hentry","category-turismo"],"aioseo_notices":[],"aioseo_head":"\n\t\t<!-- All in One SEO Pro 4.9.6.2 - aioseo.com -->\n\t<meta name=\"description\" content=\"Asturias ser\u00e1, a partir de hoy y hasta el pr\u00f3ximo 24 de octubre, escenario de un blogtrip destinado a la promoci\u00f3n de la gastronom\u00eda auton\u00f3mica. En este viaje participan siete profesionales de medios de comunicaci\u00f3n digitales, entre los que se encuentran Paco Becerro, fundador de Directo al paladar, o Maricar de la Sierra, responsable de\" \/>\n\t<meta name=\"robots\" content=\"max-image-preview:large\" \/>\n\t<meta name=\"author\" content=\"El Digital de Asturias\"\/>\n\t<meta name=\"google-site-verification\" content=\"UA-38556648-1\" \/>\n\t<meta name=\"msvalidate.01\" content=\"7dfe9f3f1b24437ab69f4f2559babe99\" \/>\n\t<meta name=\"keywords\" content=\"turismo\" \/>\n\t<link rel=\"canonical\" href=\"https:\/\/www.eldigitaldeasturias.com\/noticias\/blogueros-de-turismo-recorreran-asturias-durante-los-proximos-dias\/\" \/>\n\t<meta name=\"generator\" content=\"All in One SEO Pro (AIOSEO) 4.9.6.2\" \/>\n\t\t<meta property=\"og:locale\" content=\"es_ES\" \/>\n\t\t<meta property=\"og:site_name\" content=\"El Digital de Asturias\" \/>\n\t\t<meta property=\"og:type\" content=\"article\" \/>\n\t\t<meta property=\"og:title\" content=\"Blogueros de turismo recorrer\u00e1n Asturias durante los pr\u00f3ximos d\u00edas - El Digital de Asturias\" \/>\n\t\t<meta property=\"og:description\" content=\"Asturias ser\u00e1, a partir de hoy y hasta el pr\u00f3ximo 24 de octubre, escenario de un blogtrip destinado a la promoci\u00f3n de la gastronom\u00eda auton\u00f3mica. En este viaje participan siete profesionales de medios de comunicaci\u00f3n digitales, entre los que se encuentran Paco Becerro, fundador de Directo al paladar, o Maricar de la Sierra, responsable de\" \/>\n\t\t<meta property=\"og:url\" content=\"https:\/\/www.eldigitaldeasturias.com\/noticias\/blogueros-de-turismo-recorreran-asturias-durante-los-proximos-dias\/\" \/>\n\t\t<meta property=\"og:image\" content=\"https:\/\/www.eldigitaldeasturias.com\/noticias\/wp-content\/uploads\/2015\/06\/cudillero.jpg\" \/>\n\t\t<meta property=\"og:image:secure_url\" content=\"https:\/\/www.eldigitaldeasturias.com\/noticias\/wp-content\/uploads\/2015\/06\/cudillero.jpg\" \/>\n\t\t<meta property=\"og:image:width\" content=\"800\" \/>\n\t\t<meta property=\"og:image:height\" content=\"601\" \/>\n\t\t<meta property=\"article:tag\" content=\"turismo\" \/>\n\t\t<meta property=\"article:published_time\" content=\"2016-10-20T14:19:00+00:00\" \/>\n\t\t<meta property=\"article:modified_time\" content=\"2016-10-20T14:19:00+00:00\" \/>\n\t\t<meta property=\"article:publisher\" content=\"https:\/\/facebook.com\/eldigitaldeasturias\" \/>\n\t\t<meta name=\"twitter:card\" content=\"summary_large_image\" \/>\n\t\t<meta name=\"twitter:title\" content=\"Blogueros de turismo recorrer\u00e1n Asturias durante los pr\u00f3ximos d\u00edas - El Digital de Asturias\" \/>\n\t\t<meta name=\"twitter:description\" content=\"Asturias ser\u00e1, a partir de hoy y hasta el pr\u00f3ximo 24 de octubre, escenario de un blogtrip destinado a la promoci\u00f3n de la gastronom\u00eda auton\u00f3mica. En este viaje participan siete profesionales de medios de comunicaci\u00f3n digitales, entre los que se encuentran Paco Becerro, fundador de Directo al paladar, o Maricar de la Sierra, responsable de\" \/>\n\t\t<meta name=\"twitter:image\" content=\"https:\/\/www.eldigitaldeasturias.com\/noticias\/wp-content\/uploads\/2015\/06\/cudillero.jpg\" \/>\n\t\t<meta name=\"twitter:label1\" content=\"Escrito por\" \/>\n\t\t<meta name=\"twitter:data1\" content=\"El Digital de Asturias\" \/>\n\t\t<meta name=\"twitter:label2\" content=\"Tiempo de lectura estimado\" \/>\n\t\t<meta name=\"twitter:data2\" content=\"1 minuto\" \/>\n\t\t<script type=\"application\/ld+json\" class=\"aioseo-schema\">\n\t\t\t{\"@context\":\"https:\\\/\\\/schema.org\",\"@graph\":[{\"@type\":\"BlogPosting\",\"@id\":\"https:\\\/\\\/www.eldigitaldeasturias.com\\\/noticias\\\/blogueros-de-turismo-recorreran-asturias-durante-los-proximos-dias\\\/#blogposting\",\"name\":\"Blogueros de turismo recorrer\\u00e1n Asturias durante los pr\\u00f3ximos d\\u00edas - El Digital de Asturias\",\"headline\":\"Blogueros de turismo recorrer\\u00e1n Asturias durante los pr\\u00f3ximos d\\u00edas\",\"author\":{\"@id\":\"https:\\\/\\\/www.eldigitaldeasturias.com\\\/noticias\\\/author\\\/admin\\\/#author\"},\"publisher\":{\"@id\":\"https:\\\/\\\/www.eldigitaldeasturias.com\\\/noticias\\\/#organization\"},\"image\":{\"@type\":\"ImageObject\",\"url\":\"https:\\\/\\\/www.eldigitaldeasturias.com\\\/noticias\\\/wp-content\\\/uploads\\\/2015\\\/06\\\/cudillero.jpg\",\"width\":800,\"height\":601},\"datePublished\":\"2016-10-20T15:19:00+02:00\",\"dateModified\":\"2016-10-20T15:19:00+02:00\",\"inLanguage\":\"es-ES\",\"mainEntityOfPage\":{\"@id\":\"https:\\\/\\\/www.eldigitaldeasturias.com\\\/noticias\\\/blogueros-de-turismo-recorreran-asturias-durante-los-proximos-dias\\\/#webpage\"},\"isPartOf\":{\"@id\":\"https:\\\/\\\/www.eldigitaldeasturias.com\\\/noticias\\\/blogueros-de-turismo-recorreran-asturias-durante-los-proximos-dias\\\/#webpage\"},\"articleSection\":\"Turismo\"},{\"@type\":\"BreadcrumbList\",\"@id\":\"https:\\\/\\\/www.eldigitaldeasturias.com\\\/noticias\\\/blogueros-de-turismo-recorreran-asturias-durante-los-proximos-dias\\\/#breadcrumblist\",\"itemListElement\":[{\"@type\":\"ListItem\",\"@id\":\"https:\\\/\\\/www.eldigitaldeasturias.com\\\/noticias#listItem\",\"position\":1,\"name\":\"Home\",\"item\":\"https:\\\/\\\/www.eldigitaldeasturias.com\\\/noticias\",\"nextItem\":{\"@type\":\"ListItem\",\"@id\":\"https:\\\/\\\/www.eldigitaldeasturias.com\\\/noticias\\\/category\\\/turismo\\\/#listItem\",\"name\":\"Turismo\"}},{\"@type\":\"ListItem\",\"@id\":\"https:\\\/\\\/www.eldigitaldeasturias.com\\\/noticias\\\/category\\\/turismo\\\/#listItem\",\"position\":2,\"name\":\"Turismo\",\"item\":\"https:\\\/\\\/www.eldigitaldeasturias.com\\\/noticias\\\/category\\\/turismo\\\/\",\"nextItem\":{\"@type\":\"ListItem\",\"@id\":\"https:\\\/\\\/www.eldigitaldeasturias.com\\\/noticias\\\/blogueros-de-turismo-recorreran-asturias-durante-los-proximos-dias\\\/#listItem\",\"name\":\"Blogueros de turismo recorrer\\u00e1n Asturias durante los pr\\u00f3ximos d\\u00edas\"},\"previousItem\":{\"@type\":\"ListItem\",\"@id\":\"https:\\\/\\\/www.eldigitaldeasturias.com\\\/noticias#listItem\",\"name\":\"Home\"}},{\"@type\":\"ListItem\",\"@id\":\"https:\\\/\\\/www.eldigitaldeasturias.com\\\/noticias\\\/blogueros-de-turismo-recorreran-asturias-durante-los-proximos-dias\\\/#listItem\",\"position\":3,\"name\":\"Blogueros de turismo recorrer\\u00e1n Asturias durante los pr\\u00f3ximos d\\u00edas\",\"previousItem\":{\"@type\":\"ListItem\",\"@id\":\"https:\\\/\\\/www.eldigitaldeasturias.com\\\/noticias\\\/category\\\/turismo\\\/#listItem\",\"name\":\"Turismo\"}}]},{\"@type\":\"Organization\",\"@id\":\"https:\\\/\\\/www.eldigitaldeasturias.com\\\/noticias\\\/#organization\",\"name\":\"El Digital de Asturias\",\"description\":\"Hemeroteca\",\"url\":\"https:\\\/\\\/www.eldigitaldeasturias.com\\\/noticias\\\/\",\"email\":\"info@eldigitaldeasturias.com\",\"telephone\":\"+34652131393\",\"logo\":{\"@type\":\"ImageObject\",\"url\":\"https:\\\/\\\/www.eldigitaldeasturias.com\\\/noticias\\\/wp-content\\\/uploads\\\/2020\\\/12\\\/EDA.jpg\",\"@id\":\"https:\\\/\\\/www.eldigitaldeasturias.com\\\/noticias\\\/blogueros-de-turismo-recorreran-asturias-durante-los-proximos-dias\\\/#organizationLogo\",\"width\":649,\"height\":297},\"image\":{\"@id\":\"https:\\\/\\\/www.eldigitaldeasturias.com\\\/noticias\\\/blogueros-de-turismo-recorreran-asturias-durante-los-proximos-dias\\\/#organizationLogo\"},\"sameAs\":[\"https:\\\/\\\/facebook.com\\\/eldigitaldeasturias\",\"https:\\\/\\\/www.youtube.com\\\/channel\\\/UCZP-2wLEB9Rv6erhFmqVnvg\"],\"address\":{\"@id\":\"https:\\\/\\\/www.eldigitaldeasturias.com\\\/noticias\\\/#postaladdress\",\"@type\":\"PostalAddress\",\"streetAddress\":\"san antonio 4,\",\"postalCode\":\"33430\",\"addressLocality\":\"Cand\\u00e1s\",\"addressRegion\":\"Asturias\",\"addressCountry\":\"ES\"}},{\"@type\":\"Person\",\"@id\":\"https:\\\/\\\/www.eldigitaldeasturias.com\\\/noticias\\\/author\\\/admin\\\/#author\",\"url\":\"https:\\\/\\\/www.eldigitaldeasturias.com\\\/noticias\\\/author\\\/admin\\\/\",\"name\":\"El Digital de Asturias\",\"image\":{\"@type\":\"ImageObject\",\"@id\":\"https:\\\/\\\/www.eldigitaldeasturias.com\\\/noticias\\\/blogueros-de-turismo-recorreran-asturias-durante-los-proximos-dias\\\/#authorImage\",\"url\":\"https:\\\/\\\/www.eldigitaldeasturias.com\\\/noticias\\\/wp-content\\\/litespeed\\\/avatar\\\/18677e78aa0546b92d9dbf31ec7d7668.jpg?ver=1777290358\",\"width\":96,\"height\":96,\"caption\":\"El Digital de Asturias\"}},{\"@type\":\"WebPage\",\"@id\":\"https:\\\/\\\/www.eldigitaldeasturias.com\\\/noticias\\\/blogueros-de-turismo-recorreran-asturias-durante-los-proximos-dias\\\/#webpage\",\"url\":\"https:\\\/\\\/www.eldigitaldeasturias.com\\\/noticias\\\/blogueros-de-turismo-recorreran-asturias-durante-los-proximos-dias\\\/\",\"name\":\"Blogueros de turismo recorrer\\u00e1n Asturias durante los pr\\u00f3ximos d\\u00edas - El Digital de Asturias\",\"description\":\"Asturias ser\\u00e1, a partir de hoy y hasta el pr\\u00f3ximo 24 de octubre, escenario de un blogtrip destinado a la promoci\\u00f3n de la gastronom\\u00eda auton\\u00f3mica. En este viaje participan siete profesionales de medios de comunicaci\\u00f3n digitales, entre los que se encuentran Paco Becerro, fundador de Directo al paladar, o Maricar de la Sierra, responsable de\",\"inLanguage\":\"es-ES\",\"isPartOf\":{\"@id\":\"https:\\\/\\\/www.eldigitaldeasturias.com\\\/noticias\\\/#website\"},\"breadcrumb\":{\"@id\":\"https:\\\/\\\/www.eldigitaldeasturias.com\\\/noticias\\\/blogueros-de-turismo-recorreran-asturias-durante-los-proximos-dias\\\/#breadcrumblist\"},\"author\":{\"@id\":\"https:\\\/\\\/www.eldigitaldeasturias.com\\\/noticias\\\/author\\\/admin\\\/#author\"},\"creator\":{\"@id\":\"https:\\\/\\\/www.eldigitaldeasturias.com\\\/noticias\\\/author\\\/admin\\\/#author\"},\"image\":{\"@type\":\"ImageObject\",\"url\":\"https:\\\/\\\/www.eldigitaldeasturias.com\\\/noticias\\\/wp-content\\\/uploads\\\/2015\\\/06\\\/cudillero.jpg\",\"@id\":\"https:\\\/\\\/www.eldigitaldeasturias.com\\\/noticias\\\/blogueros-de-turismo-recorreran-asturias-durante-los-proximos-dias\\\/#mainImage\",\"width\":800,\"height\":601},\"primaryImageOfPage\":{\"@id\":\"https:\\\/\\\/www.eldigitaldeasturias.com\\\/noticias\\\/blogueros-de-turismo-recorreran-asturias-durante-los-proximos-dias\\\/#mainImage\"},\"datePublished\":\"2016-10-20T15:19:00+02:00\",\"dateModified\":\"2016-10-20T15:19:00+02:00\"},{\"@type\":\"WebSite\",\"@id\":\"https:\\\/\\\/www.eldigitaldeasturias.com\\\/noticias\\\/#website\",\"url\":\"https:\\\/\\\/www.eldigitaldeasturias.com\\\/noticias\\\/\",\"name\":\"El Digital de Asturias - Diario de actualidad y noticias\",\"alternateName\":\"El Digital de Asturias - Diario de actualidad y noticias\",\"description\":\"Hemeroteca\",\"inLanguage\":\"es-ES\",\"publisher\":{\"@id\":\"https:\\\/\\\/www.eldigitaldeasturias.com\\\/noticias\\\/#organization\"}}]}\n\t\t<\/script>\n\t\t<!-- All in One SEO Pro -->\r\n\t\t<title>Blogueros de turismo recorrer\u00e1n Asturias durante los pr\u00f3ximos d\u00edas - El Digital de Asturias<\/title>\n\n","aioseo_head_json":{"title":"Blogueros de turismo recorrer\u00e1n Asturias durante los pr\u00f3ximos d\u00edas - El Digital de Asturias","description":"Asturias ser\u00e1, a partir de hoy y hasta el pr\u00f3ximo 24 de octubre, escenario de un blogtrip destinado a la promoci\u00f3n de la gastronom\u00eda auton\u00f3mica. En este viaje participan siete profesionales de medios de comunicaci\u00f3n digitales, entre los que se encuentran Paco Becerro, fundador de Directo al paladar, o Maricar de la Sierra, responsable de","canonical_url":"https:\/\/www.eldigitaldeasturias.com\/noticias\/blogueros-de-turismo-recorreran-asturias-durante-los-proximos-dias\/","robots":"max-image-preview:large","keywords":"turismo","webmasterTools":{"google-site-verification":"UA-38556648-1","msvalidate.01":"7dfe9f3f1b24437ab69f4f2559babe99","miscellaneous":""},"schema":{"@context":"https:\/\/schema.org","@graph":[{"@type":"BlogPosting","@id":"https:\/\/www.eldigitaldeasturias.com\/noticias\/blogueros-de-turismo-recorreran-asturias-durante-los-proximos-dias\/#blogposting","name":"Blogueros de turismo recorrer\u00e1n Asturias durante los pr\u00f3ximos d\u00edas - El Digital de Asturias","headline":"Blogueros de turismo recorrer\u00e1n Asturias durante los pr\u00f3ximos d\u00edas","author":{"@id":"https:\/\/www.eldigitaldeasturias.com\/noticias\/author\/admin\/#author"},"publisher":{"@id":"https:\/\/www.eldigitaldeasturias.com\/noticias\/#organization"},"image":{"@type":"ImageObject","url":"https:\/\/www.eldigitaldeasturias.com\/noticias\/wp-content\/uploads\/2015\/06\/cudillero.jpg","width":800,"height":601},"datePublished":"2016-10-20T15:19:00+02:00","dateModified":"2016-10-20T15:19:00+02:00","inLanguage":"es-ES","mainEntityOfPage":{"@id":"https:\/\/www.eldigitaldeasturias.com\/noticias\/blogueros-de-turismo-recorreran-asturias-durante-los-proximos-dias\/#webpage"},"isPartOf":{"@id":"https:\/\/www.eldigitaldeasturias.com\/noticias\/blogueros-de-turismo-recorreran-asturias-durante-los-proximos-dias\/#webpage"},"articleSection":"Turismo"},{"@type":"BreadcrumbList","@id":"https:\/\/www.eldigitaldeasturias.com\/noticias\/blogueros-de-turismo-recorreran-asturias-durante-los-proximos-dias\/#breadcrumblist","itemListElement":[{"@type":"ListItem","@id":"https:\/\/www.eldigitaldeasturias.com\/noticias#listItem","position":1,"name":"Home","item":"https:\/\/www.eldigitaldeasturias.com\/noticias","nextItem":{"@type":"ListItem","@id":"https:\/\/www.eldigitaldeasturias.com\/noticias\/category\/turismo\/#listItem","name":"Turismo"}},{"@type":"ListItem","@id":"https:\/\/www.eldigitaldeasturias.com\/noticias\/category\/turismo\/#listItem","position":2,"name":"Turismo","item":"https:\/\/www.eldigitaldeasturias.com\/noticias\/category\/turismo\/","nextItem":{"@type":"ListItem","@id":"https:\/\/www.eldigitaldeasturias.com\/noticias\/blogueros-de-turismo-recorreran-asturias-durante-los-proximos-dias\/#listItem","name":"Blogueros de turismo recorrer\u00e1n Asturias durante los pr\u00f3ximos d\u00edas"},"previousItem":{"@type":"ListItem","@id":"https:\/\/www.eldigitaldeasturias.com\/noticias#listItem","name":"Home"}},{"@type":"ListItem","@id":"https:\/\/www.eldigitaldeasturias.com\/noticias\/blogueros-de-turismo-recorreran-asturias-durante-los-proximos-dias\/#listItem","position":3,"name":"Blogueros de turismo recorrer\u00e1n Asturias durante los pr\u00f3ximos d\u00edas","previousItem":{"@type":"ListItem","@id":"https:\/\/www.eldigitaldeasturias.com\/noticias\/category\/turismo\/#listItem","name":"Turismo"}}]},{"@type":"Organization","@id":"https:\/\/www.eldigitaldeasturias.com\/noticias\/#organization","name":"El Digital de Asturias","description":"Hemeroteca","url":"https:\/\/www.eldigitaldeasturias.com\/noticias\/","email":"info@eldigitaldeasturias.com","telephone":"+34652131393","logo":{"@type":"ImageObject","url":"https:\/\/www.eldigitaldeasturias.com\/noticias\/wp-content\/uploads\/2020\/12\/EDA.jpg","@id":"https:\/\/www.eldigitaldeasturias.com\/noticias\/blogueros-de-turismo-recorreran-asturias-durante-los-proximos-dias\/#organizationLogo","width":649,"height":297},"image":{"@id":"https:\/\/www.eldigitaldeasturias.com\/noticias\/blogueros-de-turismo-recorreran-asturias-durante-los-proximos-dias\/#organizationLogo"},"sameAs":["https:\/\/facebook.com\/eldigitaldeasturias","https:\/\/www.youtube.com\/channel\/UCZP-2wLEB9Rv6erhFmqVnvg"],"address":{"@id":"https:\/\/www.eldigitaldeasturias.com\/noticias\/#postaladdress","@type":"PostalAddress","streetAddress":"san antonio 4,","postalCode":"33430","addressLocality":"Cand\u00e1s","addressRegion":"Asturias","addressCountry":"ES"}},{"@type":"Person","@id":"https:\/\/www.eldigitaldeasturias.com\/noticias\/author\/admin\/#author","url":"https:\/\/www.eldigitaldeasturias.com\/noticias\/author\/admin\/","name":"El Digital de Asturias","image":{"@type":"ImageObject","@id":"https:\/\/www.eldigitaldeasturias.com\/noticias\/blogueros-de-turismo-recorreran-asturias-durante-los-proximos-dias\/#authorImage","url":"https:\/\/www.eldigitaldeasturias.com\/noticias\/wp-content\/litespeed\/avatar\/18677e78aa0546b92d9dbf31ec7d7668.jpg?ver=1777290358","width":96,"height":96,"caption":"El Digital de Asturias"}},{"@type":"WebPage","@id":"https:\/\/www.eldigitaldeasturias.com\/noticias\/blogueros-de-turismo-recorreran-asturias-durante-los-proximos-dias\/#webpage","url":"https:\/\/www.eldigitaldeasturias.com\/noticias\/blogueros-de-turismo-recorreran-asturias-durante-los-proximos-dias\/","name":"Blogueros de turismo recorrer\u00e1n Asturias durante los pr\u00f3ximos d\u00edas - El Digital de Asturias","description":"Asturias ser\u00e1, a partir de hoy y hasta el pr\u00f3ximo 24 de octubre, escenario de un blogtrip destinado a la promoci\u00f3n de la gastronom\u00eda auton\u00f3mica. En este viaje participan siete profesionales de medios de comunicaci\u00f3n digitales, entre los que se encuentran Paco Becerro, fundador de Directo al paladar, o Maricar de la Sierra, responsable de","inLanguage":"es-ES","isPartOf":{"@id":"https:\/\/www.eldigitaldeasturias.com\/noticias\/#website"},"breadcrumb":{"@id":"https:\/\/www.eldigitaldeasturias.com\/noticias\/blogueros-de-turismo-recorreran-asturias-durante-los-proximos-dias\/#breadcrumblist"},"author":{"@id":"https:\/\/www.eldigitaldeasturias.com\/noticias\/author\/admin\/#author"},"creator":{"@id":"https:\/\/www.eldigitaldeasturias.com\/noticias\/author\/admin\/#author"},"image":{"@type":"ImageObject","url":"https:\/\/www.eldigitaldeasturias.com\/noticias\/wp-content\/uploads\/2015\/06\/cudillero.jpg","@id":"https:\/\/www.eldigitaldeasturias.com\/noticias\/blogueros-de-turismo-recorreran-asturias-durante-los-proximos-dias\/#mainImage","width":800,"height":601},"primaryImageOfPage":{"@id":"https:\/\/www.eldigitaldeasturias.com\/noticias\/blogueros-de-turismo-recorreran-asturias-durante-los-proximos-dias\/#mainImage"},"datePublished":"2016-10-20T15:19:00+02:00","dateModified":"2016-10-20T15:19:00+02:00"},{"@type":"WebSite","@id":"https:\/\/www.eldigitaldeasturias.com\/noticias\/#website","url":"https:\/\/www.eldigitaldeasturias.com\/noticias\/","name":"El Digital de Asturias - Diario de actualidad y noticias","alternateName":"El Digital de Asturias - Diario de actualidad y noticias","description":"Hemeroteca","inLanguage":"es-ES","publisher":{"@id":"https:\/\/www.eldigitaldeasturias.com\/noticias\/#organization"}}]},"og:locale":"es_ES","og:site_name":"El Digital de Asturias","og:type":"article","og:title":"Blogueros de turismo recorrer\u00e1n Asturias durante los pr\u00f3ximos d\u00edas - El Digital de Asturias","og:description":"Asturias ser\u00e1, a partir de hoy y hasta el pr\u00f3ximo 24 de octubre, escenario de un blogtrip destinado a la promoci\u00f3n de la gastronom\u00eda auton\u00f3mica. En este viaje participan siete profesionales de medios de comunicaci\u00f3n digitales, entre los que se encuentran Paco Becerro, fundador de Directo al paladar, o Maricar de la Sierra, responsable de","og:url":"https:\/\/www.eldigitaldeasturias.com\/noticias\/blogueros-de-turismo-recorreran-asturias-durante-los-proximos-dias\/","og:image":"https:\/\/www.eldigitaldeasturias.com\/noticias\/wp-content\/uploads\/2015\/06\/cudillero.jpg","og:image:secure_url":"https:\/\/www.eldigitaldeasturias.com\/noticias\/wp-content\/uploads\/2015\/06\/cudillero.jpg","og:image:width":800,"og:image:height":601,"article:tag":["turismo"],"article:published_time":"2016-10-20T14:19:00+00:00","article:modified_time":"2016-10-20T14:19:00+00:00","article:publisher":"https:\/\/facebook.com\/eldigitaldeasturias","twitter:card":"summary_large_image","twitter:title":"Blogueros de turismo recorrer\u00e1n Asturias durante los pr\u00f3ximos d\u00edas - El Digital de Asturias","twitter:description":"Asturias ser\u00e1, a partir de hoy y hasta el pr\u00f3ximo 24 de octubre, escenario de un blogtrip destinado a la promoci\u00f3n de la gastronom\u00eda auton\u00f3mica. En este viaje participan siete profesionales de medios de comunicaci\u00f3n digitales, entre los que se encuentran Paco Becerro, fundador de Directo al paladar, o Maricar de la Sierra, responsable de","twitter:image":"https:\/\/www.eldigitaldeasturias.com\/noticias\/wp-content\/uploads\/2015\/06\/cudillero.jpg","twitter:label1":"Escrito por","twitter:data1":"El Digital de Asturias","twitter:label2":"Tiempo de lectura estimado","twitter:data2":"1 minuto"},"aioseo_meta_data":{"post_id":"913473","title":null,"description":null,"keywords":null,"keyphrases":null,"primary_term":null,"canonical_url":null,"og_title":null,"og_description":null,"og_object_type":"default","og_image_type":"default","og_image_url":null,"og_image_width":null,"og_image_height":null,"og_image_custom_url":null,"og_image_custom_fields":null,"og_video":null,"og_custom_url":null,"og_article_section":null,"og_article_tags":null,"twitter_use_og":false,"twitter_card":"default","twitter_image_type":"default","twitter_image_url":null,"twitter_image_custom_url":null,"twitter_image_custom_fields":null,"twitter_title":null,"twitter_description":null,"schema":{"blockGraphs":[],"customGraphs":[],"default":{"data":{"Article":[],"Course":[],"Dataset":[],"FAQPage":[],"Movie":[],"Person":[],"Product":[],"ProductReview":[],"Car":[],"Recipe":[],"Service":[],"SoftwareApplication":[],"WebPage":[]},"graphName":"","isEnabled":true},"graphs":[],"defaultGraph":"","defaultPostTypeGraph":""},"schema_type":null,"schema_type_options":null,"pillar_content":false,"robots_default":true,"robots_noindex":false,"robots_noarchive":false,"robots_nosnippet":false,"robots_nofollow":false,"robots_noimageindex":false,"robots_noodp":false,"robots_notranslate":false,"robots_max_snippet":null,"robots_max_videopreview":null,"robots_max_imagepreview":"large","priority":null,"frequency":null,"local_seo":null,"seo_analyzer_scan_date":"2025-12-01 10:00:28","breadcrumb_settings":null,"limit_modified_date":false,"open_ai":null,"ai":null,"created":"2020-12-21 13:54:36","updated":"2025-12-01 10:00:28"},"aioseo_breadcrumb":"<div class=\"aioseo-breadcrumbs\"><span class=\"aioseo-breadcrumb\">\n\t<a href=\"https:\/\/www.eldigitaldeasturias.com\/noticias\" title=\"Home\">Home<\/a>\n<\/span><span class=\"aioseo-breadcrumb-separator\">\u2013<\/span><span class=\"aioseo-breadcrumb\">\n\t<a href=\"https:\/\/www.eldigitaldeasturias.com\/noticias\/category\/turismo\/\" title=\"Turismo\">Turismo<\/a>\n<\/span><span class=\"aioseo-breadcrumb-separator\">\u2013<\/span><span class=\"aioseo-breadcrumb\">\n\t<a href=\"https:\/\/www.eldigitaldeasturias.com\/noticias\/blogueros-de-turismo-recorreran-asturias-durante-los-proximos-dias\/\" title=\"Blogueros de turismo recorrer\u00e1n Asturias durante los pr\u00f3ximos d\u00edas\">Blogueros de turismo recorrer\u00e1n Asturias durante los pr\u00f3ximos d\u00edas<\/a>\n<\/span><\/div>","aioseo_breadcrumb_json":[{"label":"Home","link":"https:\/\/www.eldigitaldeasturias.com\/noticias"},{"label":"Turismo","link":"https:\/\/www.eldigitaldeasturias.com\/noticias\/category\/turismo\/"},{"label":"Blogueros de turismo recorrer\u00e1n Asturias durante los pr\u00f3ximos d\u00edas","link":"https:\/\/www.eldigitaldeasturias.com\/noticias\/blogueros-de-turismo-recorreran-asturias-durante-los-proximos-dias\/"}],"_links":{"self":[{"href":"https:\/\/www.eldigitaldeasturias.com\/noticias\/wp-json\/wp\/v2\/posts\/913473","targetHints":{"allow":["GET"]}}],"collection":[{"href":"https:\/\/www.eldigitaldeasturias.com\/noticias\/wp-json\/wp\/v2\/posts"}],"about":[{"href":"https:\/\/www.eldigitaldeasturias.com\/noticias\/wp-json\/wp\/v2\/types\/post"}],"author":[{"embeddable":true,"href":"https:\/\/www.eldigitaldeasturias.com\/noticias\/wp-json\/wp\/v2\/users\/1"}],"replies":[{"embeddable":true,"href":"https:\/\/www.eldigitaldeasturias.com\/noticias\/wp-json\/wp\/v2\/comments?post=913473"}],"version-history":[{"count":0,"href":"https:\/\/www.eldigitaldeasturias.com\/noticias\/wp-json\/wp\/v2\/posts\/913473\/revisions"}],"wp:featuredmedia":[{"embeddable":true,"href":"https:\/\/www.eldigitaldeasturias.com\/noticias\/wp-json\/wp\/v2\/media\/789262"}],"wp:attachment":[{"href":"https:\/\/www.eldigitaldeasturias.com\/noticias\/wp-json\/wp\/v2\/media?parent=913473"}],"wp:term":[{"taxonomy":"category","embeddable":true,"href":"https:\/\/www.eldigitaldeasturias.com\/noticias\/wp-json\/wp\/v2\/categories?post=913473"},{"taxonomy":"post_tag","embeddable":true,"href":"https:\/\/www.eldigitaldeasturias.com\/noticias\/wp-json\/wp\/v2\/tags?post=913473"}],"curies":[{"name":"wp","href":"https:\/\/api.w.org\/{rel}","templated":true}]}}