{"id":909026,"date":"2016-09-22T19:39:04","date_gmt":"2016-09-22T18:39:04","guid":{"rendered":"http:\/\/www.eldigitaldeasturias.com\/noticias\/?p=909026"},"modified":"2016-09-22T19:39:04","modified_gmt":"2016-09-22T18:39:04","slug":"guillermo-martinez-advierte-de-las-posibles-consecuencias-por-la-falta-de-liderazgo-de-rajoy","status":"publish","type":"post","link":"https:\/\/www.eldigitaldeasturias.com\/noticias\/guillermo-martinez-advierte-de-las-posibles-consecuencias-por-la-falta-de-liderazgo-de-rajoy\/","title":{"rendered":"Guillermo Mart\u00ednez advierte de las posibles consecuencias por \u201cla falta de liderazgo\u201d de Rajoy"},"content":{"rendered":"<p><img loading=\"lazy\" decoding=\"async\" class=\"alignleft size-medium wp-image-909027\" src=\"https:\/\/www.eldigitaldeasturias.com\/noticias\/wp-content\/uploads\/2016\/09\/fotonoticia_20160922134841_800-360x285.jpg\" alt=\"fotonoticia_20160922134841_800\" width=\"360\" height=\"285\" srcset=\"https:\/\/www.eldigitaldeasturias.com\/noticias\/wp-content\/uploads\/2016\/09\/fotonoticia_20160922134841_800-360x285.jpg 360w, https:\/\/www.eldigitaldeasturias.com\/noticias\/wp-content\/uploads\/2016\/09\/fotonoticia_20160922134841_800-768x609.jpg 768w, https:\/\/www.eldigitaldeasturias.com\/noticias\/wp-content\/uploads\/2016\/09\/fotonoticia_20160922134841_800-650x515.jpg 650w, https:\/\/www.eldigitaldeasturias.com\/noticias\/wp-content\/uploads\/2016\/09\/fotonoticia_20160922134841_800.jpg 800w\" sizes=\"auto, (max-width: 360px) 100vw, 360px\" \/>El consejero de Presidencia y Participaci\u00f3n Ciudadana, Guillermo Mart\u00ednez, ha advertido este jueves de la falta de liderazgo del Gobierno de Mariano Rajoy para facilitar el acceso de las administraciones p\u00fablicas y las empresas al Fondo Europeo de Inversiones Estrat\u00e9gicas, conocido popularmente como Plan Juncker.<\/p>\n<p>As\u00ed, ha incidido en que desde la puesta en marcha de este plan en noviembre de 2014, el Gobierno de Espa\u00f1a s\u00f3lo ha conseguido un 1,3% del presupuesto demandado, lo que se traduce en seis proyectos aprobados por un importe de 715 millones, frente a los 53.000 solicitados. Tambi\u00e9n ha destacado que ninguna de esas iniciativas autorizadas figura entre las propuestas por las comunidades aut\u00f3nomas.<\/p>\n<p>\u00abEl Ejecutivo central deber\u00eda haber creado, como m\u00ednimo, un grupo de trabajo para impulsar y coordinar las actuaciones, adem\u00e1s de haber dado m\u00e1s relevancia al papel de las comunidades y las entidades locales en la gesti\u00f3n de los proyectos, pero no lo ha hecho\u00bb, ha criticado.<\/p>\n<p>Durante su intervenci\u00f3n en el pleno de la Junta General, Mart\u00ednez ha recordado que el 13 de noviembre de 2014 el Gobierno de Asturias remiti\u00f3 al Ministerio de Hacienda y Administraciones P\u00fablicas un listado de 45 proyectos que sumaban una inversi\u00f3n de 883 millones, de los cuales 425 se imputaban al per\u00edodo 2015-2017. El Principado respond\u00eda as\u00ed a una petici\u00f3n del Ejecutivo central, cursada por correo electr\u00f3nico desde la Secretar\u00eda General de Coordinaci\u00f3n Auton\u00f3mica y Local seis d\u00edas antes, en la que se instaba a la comunidad a aportar, en menos de una semana, una lista de proyectos de inversi\u00f3n claves para el futuro.<\/p>\n<p>La comunicaci\u00f3n del ministerio planteaba seis requisitos m\u00ednimos para la selecci\u00f3n de esas iniciativas: que implicaran una inversi\u00f3n m\u00ednima de un mill\u00f3n de euros, que fueran econ\u00f3micamente viables, que su ejecuci\u00f3n se iniciara antes de 2018, que no se encontraran con barreras financieras o regulatorias que dificultaran su realizaci\u00f3n, que se incluyeran proyectos p\u00fablico-privados y privados y, por \u00faltimo, que se dirigieran a sectores que permitieran impulsar la competitividad y el crecimiento sostenible.<\/p>\n<p>Para cumplir con esas condiciones, la tercera parte de los 45 proyectos seleccionados por el Principado fomentaba la colaboraci\u00f3n entre el sector p\u00fablico y la iniciativa privada. Entre las propuestas se inclu\u00edan, por ejemplo, iniciativas relacionadas con la I+D+i en el \u00e1mbito sanitario, actuaciones para potenciar el ahorro energ\u00e9tico, la ampliaci\u00f3n y reforma de centros sanitarios y programas con empresas tractoras.<\/p>\n<p>El titular de Presidencia ha explicado que un a\u00f1o despu\u00e9s de enviar el listado al ministerio, el Gobierno regional a\u00fan desconoc\u00eda si alguna de sus propuestas figuraba en el documento definitivo remitido por el Ejecutivo central a la Comisi\u00f3n Europea (CE).<\/p>\n<p>\u00abEl plan Juncker gener\u00f3 grandes expectativas para Asturias y nos esforzamos para atraer la m\u00e1xima inversi\u00f3n posible, especialmente en el actual contexto de crisis, pero no tengo claro que esa percepci\u00f3n fuera compartida por la Administraci\u00f3n central\u00bb, ha se\u00f1alado Mart\u00ednez.<\/p>\n<p>&nbsp;<\/p>\n","protected":false},"excerpt":{"rendered":"<p>El consejero de Presidencia y Participaci\u00f3n Ciudadana, Guillermo Mart\u00ednez, ha advertido este jueves de la falta de liderazgo del Gobierno de Mariano Rajoy para facilitar el acceso de las administraciones p\u00fablicas y las empresas al Fondo Europeo de Inversiones Estrat\u00e9gicas, conocido popularmente como Plan Juncker. As\u00ed, ha incidido en que desde la puesta en marcha [&hellip;]<\/p>\n","protected":false},"author":1,"featured_media":909027,"comment_status":"closed","ping_status":"closed","sticky":false,"template":"","format":"standard","meta":{"footnotes":""},"categories":[12],"tags":[],"class_list":["post-909026","post","type-post","status-publish","format-standard","has-post-thumbnail","hentry","category-actualidad-asturias"],"aioseo_notices":[],"aioseo_head":"\n\t\t<!-- All in One SEO Pro 4.9.6.2 - aioseo.com -->\n\t<meta name=\"description\" content=\"El consejero de Presidencia y Participaci\u00f3n Ciudadana, Guillermo Mart\u00ednez, ha advertido este jueves de la falta de liderazgo del Gobierno de Mariano Rajoy para facilitar el acceso de las administraciones p\u00fablicas y las empresas al Fondo Europeo de Inversiones Estrat\u00e9gicas, conocido popularmente como Plan Juncker. As\u00ed, ha incidido en que desde la puesta en marcha\" \/>\n\t<meta name=\"robots\" content=\"max-image-preview:large\" \/>\n\t<meta name=\"author\" content=\"El Digital de Asturias\"\/>\n\t<meta name=\"google-site-verification\" content=\"UA-38556648-1\" \/>\n\t<meta name=\"msvalidate.01\" content=\"7dfe9f3f1b24437ab69f4f2559babe99\" \/>\n\t<meta name=\"keywords\" content=\"actualidad asturias\" \/>\n\t<link rel=\"canonical\" href=\"https:\/\/www.eldigitaldeasturias.com\/noticias\/guillermo-martinez-advierte-de-las-posibles-consecuencias-por-la-falta-de-liderazgo-de-rajoy\/\" \/>\n\t<meta name=\"generator\" content=\"All in One SEO Pro (AIOSEO) 4.9.6.2\" \/>\n\t\t<meta property=\"og:locale\" content=\"es_ES\" \/>\n\t\t<meta property=\"og:site_name\" content=\"El Digital de Asturias\" \/>\n\t\t<meta property=\"og:type\" content=\"article\" \/>\n\t\t<meta property=\"og:title\" content=\"Guillermo Mart\u00ednez advierte de las posibles consecuencias por \u201cla falta de liderazgo\u201d de Rajoy - El Digital de Asturias\" \/>\n\t\t<meta property=\"og:description\" content=\"El consejero de Presidencia y Participaci\u00f3n Ciudadana, Guillermo Mart\u00ednez, ha advertido este jueves de la falta de liderazgo del Gobierno de Mariano Rajoy para facilitar el acceso de las administraciones p\u00fablicas y las empresas al Fondo Europeo de Inversiones Estrat\u00e9gicas, conocido popularmente como Plan Juncker. As\u00ed, ha incidido en que desde la puesta en marcha\" \/>\n\t\t<meta property=\"og:url\" content=\"https:\/\/www.eldigitaldeasturias.com\/noticias\/guillermo-martinez-advierte-de-las-posibles-consecuencias-por-la-falta-de-liderazgo-de-rajoy\/\" \/>\n\t\t<meta property=\"og:image\" content=\"https:\/\/www.eldigitaldeasturias.com\/noticias\/wp-content\/uploads\/2016\/09\/fotonoticia_20160922134841_800.jpg\" \/>\n\t\t<meta property=\"og:image:secure_url\" content=\"https:\/\/www.eldigitaldeasturias.com\/noticias\/wp-content\/uploads\/2016\/09\/fotonoticia_20160922134841_800.jpg\" \/>\n\t\t<meta property=\"og:image:width\" content=\"800\" \/>\n\t\t<meta property=\"og:image:height\" content=\"634\" \/>\n\t\t<meta property=\"article:tag\" content=\"actualidad asturias\" \/>\n\t\t<meta property=\"article:published_time\" content=\"2016-09-22T18:39:04+00:00\" \/>\n\t\t<meta property=\"article:modified_time\" content=\"2016-09-22T18:39:04+00:00\" \/>\n\t\t<meta property=\"article:publisher\" content=\"https:\/\/facebook.com\/eldigitaldeasturias\" \/>\n\t\t<meta name=\"twitter:card\" content=\"summary_large_image\" \/>\n\t\t<meta name=\"twitter:title\" content=\"Guillermo Mart\u00ednez advierte de las posibles consecuencias por \u201cla falta de liderazgo\u201d de Rajoy - El Digital de Asturias\" \/>\n\t\t<meta name=\"twitter:description\" content=\"El consejero de Presidencia y Participaci\u00f3n Ciudadana, Guillermo Mart\u00ednez, ha advertido este jueves de la falta de liderazgo del Gobierno de Mariano Rajoy para facilitar el acceso de las administraciones p\u00fablicas y las empresas al Fondo Europeo de Inversiones Estrat\u00e9gicas, conocido popularmente como Plan Juncker. As\u00ed, ha incidido en que desde la puesta en marcha\" \/>\n\t\t<meta name=\"twitter:image\" content=\"https:\/\/www.eldigitaldeasturias.com\/noticias\/wp-content\/uploads\/2016\/09\/fotonoticia_20160922134841_800.jpg\" \/>\n\t\t<meta name=\"twitter:label1\" content=\"Escrito por\" \/>\n\t\t<meta name=\"twitter:data1\" content=\"El Digital de Asturias\" \/>\n\t\t<meta name=\"twitter:label2\" content=\"Tiempo de lectura estimado\" \/>\n\t\t<meta name=\"twitter:data2\" content=\"3 minutos\" \/>\n\t\t<script type=\"application\/ld+json\" class=\"aioseo-schema\">\n\t\t\t{\"@context\":\"https:\\\/\\\/schema.org\",\"@graph\":[{\"@type\":\"BlogPosting\",\"@id\":\"https:\\\/\\\/www.eldigitaldeasturias.com\\\/noticias\\\/guillermo-martinez-advierte-de-las-posibles-consecuencias-por-la-falta-de-liderazgo-de-rajoy\\\/#blogposting\",\"name\":\"Guillermo Mart\\u00ednez advierte de las posibles consecuencias por \\u201cla falta de liderazgo\\u201d de Rajoy - El Digital de Asturias\",\"headline\":\"Guillermo Mart\\u00ednez advierte de las posibles consecuencias por \\u201cla falta de liderazgo\\u201d de Rajoy\",\"author\":{\"@id\":\"https:\\\/\\\/www.eldigitaldeasturias.com\\\/noticias\\\/author\\\/admin\\\/#author\"},\"publisher\":{\"@id\":\"https:\\\/\\\/www.eldigitaldeasturias.com\\\/noticias\\\/#organization\"},\"image\":{\"@type\":\"ImageObject\",\"url\":\"https:\\\/\\\/www.eldigitaldeasturias.com\\\/noticias\\\/wp-content\\\/uploads\\\/2016\\\/09\\\/fotonoticia_20160922134841_800.jpg\",\"width\":800,\"height\":634},\"datePublished\":\"2016-09-22T19:39:04+02:00\",\"dateModified\":\"2016-09-22T19:39:04+02:00\",\"inLanguage\":\"es-ES\",\"mainEntityOfPage\":{\"@id\":\"https:\\\/\\\/www.eldigitaldeasturias.com\\\/noticias\\\/guillermo-martinez-advierte-de-las-posibles-consecuencias-por-la-falta-de-liderazgo-de-rajoy\\\/#webpage\"},\"isPartOf\":{\"@id\":\"https:\\\/\\\/www.eldigitaldeasturias.com\\\/noticias\\\/guillermo-martinez-advierte-de-las-posibles-consecuencias-por-la-falta-de-liderazgo-de-rajoy\\\/#webpage\"},\"articleSection\":\"Actualidad Asturias\"},{\"@type\":\"BreadcrumbList\",\"@id\":\"https:\\\/\\\/www.eldigitaldeasturias.com\\\/noticias\\\/guillermo-martinez-advierte-de-las-posibles-consecuencias-por-la-falta-de-liderazgo-de-rajoy\\\/#breadcrumblist\",\"itemListElement\":[{\"@type\":\"ListItem\",\"@id\":\"https:\\\/\\\/www.eldigitaldeasturias.com\\\/noticias#listItem\",\"position\":1,\"name\":\"Home\",\"item\":\"https:\\\/\\\/www.eldigitaldeasturias.com\\\/noticias\",\"nextItem\":{\"@type\":\"ListItem\",\"@id\":\"https:\\\/\\\/www.eldigitaldeasturias.com\\\/noticias\\\/category\\\/actualidad-asturias\\\/#listItem\",\"name\":\"Actualidad Asturias\"}},{\"@type\":\"ListItem\",\"@id\":\"https:\\\/\\\/www.eldigitaldeasturias.com\\\/noticias\\\/category\\\/actualidad-asturias\\\/#listItem\",\"position\":2,\"name\":\"Actualidad Asturias\",\"item\":\"https:\\\/\\\/www.eldigitaldeasturias.com\\\/noticias\\\/category\\\/actualidad-asturias\\\/\",\"nextItem\":{\"@type\":\"ListItem\",\"@id\":\"https:\\\/\\\/www.eldigitaldeasturias.com\\\/noticias\\\/guillermo-martinez-advierte-de-las-posibles-consecuencias-por-la-falta-de-liderazgo-de-rajoy\\\/#listItem\",\"name\":\"Guillermo Mart\\u00ednez advierte de las posibles consecuencias por \\u201cla falta de liderazgo\\u201d de Rajoy\"},\"previousItem\":{\"@type\":\"ListItem\",\"@id\":\"https:\\\/\\\/www.eldigitaldeasturias.com\\\/noticias#listItem\",\"name\":\"Home\"}},{\"@type\":\"ListItem\",\"@id\":\"https:\\\/\\\/www.eldigitaldeasturias.com\\\/noticias\\\/guillermo-martinez-advierte-de-las-posibles-consecuencias-por-la-falta-de-liderazgo-de-rajoy\\\/#listItem\",\"position\":3,\"name\":\"Guillermo Mart\\u00ednez advierte de las posibles consecuencias por \\u201cla falta de liderazgo\\u201d de Rajoy\",\"previousItem\":{\"@type\":\"ListItem\",\"@id\":\"https:\\\/\\\/www.eldigitaldeasturias.com\\\/noticias\\\/category\\\/actualidad-asturias\\\/#listItem\",\"name\":\"Actualidad Asturias\"}}]},{\"@type\":\"Organization\",\"@id\":\"https:\\\/\\\/www.eldigitaldeasturias.com\\\/noticias\\\/#organization\",\"name\":\"El Digital de Asturias\",\"description\":\"Hemeroteca\",\"url\":\"https:\\\/\\\/www.eldigitaldeasturias.com\\\/noticias\\\/\",\"email\":\"info@eldigitaldeasturias.com\",\"telephone\":\"+34652131393\",\"logo\":{\"@type\":\"ImageObject\",\"url\":\"https:\\\/\\\/www.eldigitaldeasturias.com\\\/noticias\\\/wp-content\\\/uploads\\\/2020\\\/12\\\/EDA.jpg\",\"@id\":\"https:\\\/\\\/www.eldigitaldeasturias.com\\\/noticias\\\/guillermo-martinez-advierte-de-las-posibles-consecuencias-por-la-falta-de-liderazgo-de-rajoy\\\/#organizationLogo\",\"width\":649,\"height\":297},\"image\":{\"@id\":\"https:\\\/\\\/www.eldigitaldeasturias.com\\\/noticias\\\/guillermo-martinez-advierte-de-las-posibles-consecuencias-por-la-falta-de-liderazgo-de-rajoy\\\/#organizationLogo\"},\"sameAs\":[\"https:\\\/\\\/facebook.com\\\/eldigitaldeasturias\",\"https:\\\/\\\/www.youtube.com\\\/channel\\\/UCZP-2wLEB9Rv6erhFmqVnvg\"],\"address\":{\"@id\":\"https:\\\/\\\/www.eldigitaldeasturias.com\\\/noticias\\\/#postaladdress\",\"@type\":\"PostalAddress\",\"streetAddress\":\"san antonio 4,\",\"postalCode\":\"33430\",\"addressLocality\":\"Cand\\u00e1s\",\"addressRegion\":\"Asturias\",\"addressCountry\":\"ES\"}},{\"@type\":\"Person\",\"@id\":\"https:\\\/\\\/www.eldigitaldeasturias.com\\\/noticias\\\/author\\\/admin\\\/#author\",\"url\":\"https:\\\/\\\/www.eldigitaldeasturias.com\\\/noticias\\\/author\\\/admin\\\/\",\"name\":\"El Digital de Asturias\",\"image\":{\"@type\":\"ImageObject\",\"@id\":\"https:\\\/\\\/www.eldigitaldeasturias.com\\\/noticias\\\/guillermo-martinez-advierte-de-las-posibles-consecuencias-por-la-falta-de-liderazgo-de-rajoy\\\/#authorImage\",\"url\":\"https:\\\/\\\/www.eldigitaldeasturias.com\\\/noticias\\\/wp-content\\\/litespeed\\\/avatar\\\/18677e78aa0546b92d9dbf31ec7d7668.jpg?ver=1777290358\",\"width\":96,\"height\":96,\"caption\":\"El Digital de Asturias\"}},{\"@type\":\"WebPage\",\"@id\":\"https:\\\/\\\/www.eldigitaldeasturias.com\\\/noticias\\\/guillermo-martinez-advierte-de-las-posibles-consecuencias-por-la-falta-de-liderazgo-de-rajoy\\\/#webpage\",\"url\":\"https:\\\/\\\/www.eldigitaldeasturias.com\\\/noticias\\\/guillermo-martinez-advierte-de-las-posibles-consecuencias-por-la-falta-de-liderazgo-de-rajoy\\\/\",\"name\":\"Guillermo Mart\\u00ednez advierte de las posibles consecuencias por \\u201cla falta de liderazgo\\u201d de Rajoy - El Digital de Asturias\",\"description\":\"El consejero de Presidencia y Participaci\\u00f3n Ciudadana, Guillermo Mart\\u00ednez, ha advertido este jueves de la falta de liderazgo del Gobierno de Mariano Rajoy para facilitar el acceso de las administraciones p\\u00fablicas y las empresas al Fondo Europeo de Inversiones Estrat\\u00e9gicas, conocido popularmente como Plan Juncker. As\\u00ed, ha incidido en que desde la puesta en marcha\",\"inLanguage\":\"es-ES\",\"isPartOf\":{\"@id\":\"https:\\\/\\\/www.eldigitaldeasturias.com\\\/noticias\\\/#website\"},\"breadcrumb\":{\"@id\":\"https:\\\/\\\/www.eldigitaldeasturias.com\\\/noticias\\\/guillermo-martinez-advierte-de-las-posibles-consecuencias-por-la-falta-de-liderazgo-de-rajoy\\\/#breadcrumblist\"},\"author\":{\"@id\":\"https:\\\/\\\/www.eldigitaldeasturias.com\\\/noticias\\\/author\\\/admin\\\/#author\"},\"creator\":{\"@id\":\"https:\\\/\\\/www.eldigitaldeasturias.com\\\/noticias\\\/author\\\/admin\\\/#author\"},\"image\":{\"@type\":\"ImageObject\",\"url\":\"https:\\\/\\\/www.eldigitaldeasturias.com\\\/noticias\\\/wp-content\\\/uploads\\\/2016\\\/09\\\/fotonoticia_20160922134841_800.jpg\",\"@id\":\"https:\\\/\\\/www.eldigitaldeasturias.com\\\/noticias\\\/guillermo-martinez-advierte-de-las-posibles-consecuencias-por-la-falta-de-liderazgo-de-rajoy\\\/#mainImage\",\"width\":800,\"height\":634},\"primaryImageOfPage\":{\"@id\":\"https:\\\/\\\/www.eldigitaldeasturias.com\\\/noticias\\\/guillermo-martinez-advierte-de-las-posibles-consecuencias-por-la-falta-de-liderazgo-de-rajoy\\\/#mainImage\"},\"datePublished\":\"2016-09-22T19:39:04+02:00\",\"dateModified\":\"2016-09-22T19:39:04+02:00\"},{\"@type\":\"WebSite\",\"@id\":\"https:\\\/\\\/www.eldigitaldeasturias.com\\\/noticias\\\/#website\",\"url\":\"https:\\\/\\\/www.eldigitaldeasturias.com\\\/noticias\\\/\",\"name\":\"El Digital de Asturias - Diario de actualidad y noticias\",\"alternateName\":\"El Digital de Asturias - Diario de actualidad y noticias\",\"description\":\"Hemeroteca\",\"inLanguage\":\"es-ES\",\"publisher\":{\"@id\":\"https:\\\/\\\/www.eldigitaldeasturias.com\\\/noticias\\\/#organization\"}}]}\n\t\t<\/script>\n\t\t<!-- All in One SEO Pro -->\r\n\t\t<title>Guillermo Mart\u00ednez advierte de las posibles consecuencias por \u201cla falta de liderazgo\u201d de Rajoy - El Digital de Asturias<\/title>\n\n","aioseo_head_json":{"title":"Guillermo Mart\u00ednez advierte de las posibles consecuencias por \u201cla falta de liderazgo\u201d de Rajoy - El Digital de Asturias","description":"El consejero de Presidencia y Participaci\u00f3n Ciudadana, Guillermo Mart\u00ednez, ha advertido este jueves de la falta de liderazgo del Gobierno de Mariano Rajoy para facilitar el acceso de las administraciones p\u00fablicas y las empresas al Fondo Europeo de Inversiones Estrat\u00e9gicas, conocido popularmente como Plan Juncker. As\u00ed, ha incidido en que desde la puesta en marcha","canonical_url":"https:\/\/www.eldigitaldeasturias.com\/noticias\/guillermo-martinez-advierte-de-las-posibles-consecuencias-por-la-falta-de-liderazgo-de-rajoy\/","robots":"max-image-preview:large","keywords":"actualidad asturias","webmasterTools":{"google-site-verification":"UA-38556648-1","msvalidate.01":"7dfe9f3f1b24437ab69f4f2559babe99","miscellaneous":""},"schema":{"@context":"https:\/\/schema.org","@graph":[{"@type":"BlogPosting","@id":"https:\/\/www.eldigitaldeasturias.com\/noticias\/guillermo-martinez-advierte-de-las-posibles-consecuencias-por-la-falta-de-liderazgo-de-rajoy\/#blogposting","name":"Guillermo Mart\u00ednez advierte de las posibles consecuencias por \u201cla falta de liderazgo\u201d de Rajoy - El Digital de Asturias","headline":"Guillermo Mart\u00ednez advierte de las posibles consecuencias por \u201cla falta de liderazgo\u201d de Rajoy","author":{"@id":"https:\/\/www.eldigitaldeasturias.com\/noticias\/author\/admin\/#author"},"publisher":{"@id":"https:\/\/www.eldigitaldeasturias.com\/noticias\/#organization"},"image":{"@type":"ImageObject","url":"https:\/\/www.eldigitaldeasturias.com\/noticias\/wp-content\/uploads\/2016\/09\/fotonoticia_20160922134841_800.jpg","width":800,"height":634},"datePublished":"2016-09-22T19:39:04+02:00","dateModified":"2016-09-22T19:39:04+02:00","inLanguage":"es-ES","mainEntityOfPage":{"@id":"https:\/\/www.eldigitaldeasturias.com\/noticias\/guillermo-martinez-advierte-de-las-posibles-consecuencias-por-la-falta-de-liderazgo-de-rajoy\/#webpage"},"isPartOf":{"@id":"https:\/\/www.eldigitaldeasturias.com\/noticias\/guillermo-martinez-advierte-de-las-posibles-consecuencias-por-la-falta-de-liderazgo-de-rajoy\/#webpage"},"articleSection":"Actualidad Asturias"},{"@type":"BreadcrumbList","@id":"https:\/\/www.eldigitaldeasturias.com\/noticias\/guillermo-martinez-advierte-de-las-posibles-consecuencias-por-la-falta-de-liderazgo-de-rajoy\/#breadcrumblist","itemListElement":[{"@type":"ListItem","@id":"https:\/\/www.eldigitaldeasturias.com\/noticias#listItem","position":1,"name":"Home","item":"https:\/\/www.eldigitaldeasturias.com\/noticias","nextItem":{"@type":"ListItem","@id":"https:\/\/www.eldigitaldeasturias.com\/noticias\/category\/actualidad-asturias\/#listItem","name":"Actualidad Asturias"}},{"@type":"ListItem","@id":"https:\/\/www.eldigitaldeasturias.com\/noticias\/category\/actualidad-asturias\/#listItem","position":2,"name":"Actualidad Asturias","item":"https:\/\/www.eldigitaldeasturias.com\/noticias\/category\/actualidad-asturias\/","nextItem":{"@type":"ListItem","@id":"https:\/\/www.eldigitaldeasturias.com\/noticias\/guillermo-martinez-advierte-de-las-posibles-consecuencias-por-la-falta-de-liderazgo-de-rajoy\/#listItem","name":"Guillermo Mart\u00ednez advierte de las posibles consecuencias por \u201cla falta de liderazgo\u201d de Rajoy"},"previousItem":{"@type":"ListItem","@id":"https:\/\/www.eldigitaldeasturias.com\/noticias#listItem","name":"Home"}},{"@type":"ListItem","@id":"https:\/\/www.eldigitaldeasturias.com\/noticias\/guillermo-martinez-advierte-de-las-posibles-consecuencias-por-la-falta-de-liderazgo-de-rajoy\/#listItem","position":3,"name":"Guillermo Mart\u00ednez advierte de las posibles consecuencias por \u201cla falta de liderazgo\u201d de Rajoy","previousItem":{"@type":"ListItem","@id":"https:\/\/www.eldigitaldeasturias.com\/noticias\/category\/actualidad-asturias\/#listItem","name":"Actualidad Asturias"}}]},{"@type":"Organization","@id":"https:\/\/www.eldigitaldeasturias.com\/noticias\/#organization","name":"El Digital de Asturias","description":"Hemeroteca","url":"https:\/\/www.eldigitaldeasturias.com\/noticias\/","email":"info@eldigitaldeasturias.com","telephone":"+34652131393","logo":{"@type":"ImageObject","url":"https:\/\/www.eldigitaldeasturias.com\/noticias\/wp-content\/uploads\/2020\/12\/EDA.jpg","@id":"https:\/\/www.eldigitaldeasturias.com\/noticias\/guillermo-martinez-advierte-de-las-posibles-consecuencias-por-la-falta-de-liderazgo-de-rajoy\/#organizationLogo","width":649,"height":297},"image":{"@id":"https:\/\/www.eldigitaldeasturias.com\/noticias\/guillermo-martinez-advierte-de-las-posibles-consecuencias-por-la-falta-de-liderazgo-de-rajoy\/#organizationLogo"},"sameAs":["https:\/\/facebook.com\/eldigitaldeasturias","https:\/\/www.youtube.com\/channel\/UCZP-2wLEB9Rv6erhFmqVnvg"],"address":{"@id":"https:\/\/www.eldigitaldeasturias.com\/noticias\/#postaladdress","@type":"PostalAddress","streetAddress":"san antonio 4,","postalCode":"33430","addressLocality":"Cand\u00e1s","addressRegion":"Asturias","addressCountry":"ES"}},{"@type":"Person","@id":"https:\/\/www.eldigitaldeasturias.com\/noticias\/author\/admin\/#author","url":"https:\/\/www.eldigitaldeasturias.com\/noticias\/author\/admin\/","name":"El Digital de Asturias","image":{"@type":"ImageObject","@id":"https:\/\/www.eldigitaldeasturias.com\/noticias\/guillermo-martinez-advierte-de-las-posibles-consecuencias-por-la-falta-de-liderazgo-de-rajoy\/#authorImage","url":"https:\/\/www.eldigitaldeasturias.com\/noticias\/wp-content\/litespeed\/avatar\/18677e78aa0546b92d9dbf31ec7d7668.jpg?ver=1777290358","width":96,"height":96,"caption":"El Digital de Asturias"}},{"@type":"WebPage","@id":"https:\/\/www.eldigitaldeasturias.com\/noticias\/guillermo-martinez-advierte-de-las-posibles-consecuencias-por-la-falta-de-liderazgo-de-rajoy\/#webpage","url":"https:\/\/www.eldigitaldeasturias.com\/noticias\/guillermo-martinez-advierte-de-las-posibles-consecuencias-por-la-falta-de-liderazgo-de-rajoy\/","name":"Guillermo Mart\u00ednez advierte de las posibles consecuencias por \u201cla falta de liderazgo\u201d de Rajoy - El Digital de Asturias","description":"El consejero de Presidencia y Participaci\u00f3n Ciudadana, Guillermo Mart\u00ednez, ha advertido este jueves de la falta de liderazgo del Gobierno de Mariano Rajoy para facilitar el acceso de las administraciones p\u00fablicas y las empresas al Fondo Europeo de Inversiones Estrat\u00e9gicas, conocido popularmente como Plan Juncker. As\u00ed, ha incidido en que desde la puesta en marcha","inLanguage":"es-ES","isPartOf":{"@id":"https:\/\/www.eldigitaldeasturias.com\/noticias\/#website"},"breadcrumb":{"@id":"https:\/\/www.eldigitaldeasturias.com\/noticias\/guillermo-martinez-advierte-de-las-posibles-consecuencias-por-la-falta-de-liderazgo-de-rajoy\/#breadcrumblist"},"author":{"@id":"https:\/\/www.eldigitaldeasturias.com\/noticias\/author\/admin\/#author"},"creator":{"@id":"https:\/\/www.eldigitaldeasturias.com\/noticias\/author\/admin\/#author"},"image":{"@type":"ImageObject","url":"https:\/\/www.eldigitaldeasturias.com\/noticias\/wp-content\/uploads\/2016\/09\/fotonoticia_20160922134841_800.jpg","@id":"https:\/\/www.eldigitaldeasturias.com\/noticias\/guillermo-martinez-advierte-de-las-posibles-consecuencias-por-la-falta-de-liderazgo-de-rajoy\/#mainImage","width":800,"height":634},"primaryImageOfPage":{"@id":"https:\/\/www.eldigitaldeasturias.com\/noticias\/guillermo-martinez-advierte-de-las-posibles-consecuencias-por-la-falta-de-liderazgo-de-rajoy\/#mainImage"},"datePublished":"2016-09-22T19:39:04+02:00","dateModified":"2016-09-22T19:39:04+02:00"},{"@type":"WebSite","@id":"https:\/\/www.eldigitaldeasturias.com\/noticias\/#website","url":"https:\/\/www.eldigitaldeasturias.com\/noticias\/","name":"El Digital de Asturias - Diario de actualidad y noticias","alternateName":"El Digital de Asturias - Diario de actualidad y noticias","description":"Hemeroteca","inLanguage":"es-ES","publisher":{"@id":"https:\/\/www.eldigitaldeasturias.com\/noticias\/#organization"}}]},"og:locale":"es_ES","og:site_name":"El Digital de Asturias","og:type":"article","og:title":"Guillermo Mart\u00ednez advierte de las posibles consecuencias por \u201cla falta de liderazgo\u201d de Rajoy - El Digital de Asturias","og:description":"El consejero de Presidencia y Participaci\u00f3n Ciudadana, Guillermo Mart\u00ednez, ha advertido este jueves de la falta de liderazgo del Gobierno de Mariano Rajoy para facilitar el acceso de las administraciones p\u00fablicas y las empresas al Fondo Europeo de Inversiones Estrat\u00e9gicas, conocido popularmente como Plan Juncker. As\u00ed, ha incidido en que desde la puesta en marcha","og:url":"https:\/\/www.eldigitaldeasturias.com\/noticias\/guillermo-martinez-advierte-de-las-posibles-consecuencias-por-la-falta-de-liderazgo-de-rajoy\/","og:image":"https:\/\/www.eldigitaldeasturias.com\/noticias\/wp-content\/uploads\/2016\/09\/fotonoticia_20160922134841_800.jpg","og:image:secure_url":"https:\/\/www.eldigitaldeasturias.com\/noticias\/wp-content\/uploads\/2016\/09\/fotonoticia_20160922134841_800.jpg","og:image:width":800,"og:image:height":634,"article:tag":["actualidad asturias"],"article:published_time":"2016-09-22T18:39:04+00:00","article:modified_time":"2016-09-22T18:39:04+00:00","article:publisher":"https:\/\/facebook.com\/eldigitaldeasturias","twitter:card":"summary_large_image","twitter:title":"Guillermo Mart\u00ednez advierte de las posibles consecuencias por \u201cla falta de liderazgo\u201d de Rajoy - El Digital de Asturias","twitter:description":"El consejero de Presidencia y Participaci\u00f3n Ciudadana, Guillermo Mart\u00ednez, ha advertido este jueves de la falta de liderazgo del Gobierno de Mariano Rajoy para facilitar el acceso de las administraciones p\u00fablicas y las empresas al Fondo Europeo de Inversiones Estrat\u00e9gicas, conocido popularmente como Plan Juncker. As\u00ed, ha incidido en que desde la puesta en marcha","twitter:image":"https:\/\/www.eldigitaldeasturias.com\/noticias\/wp-content\/uploads\/2016\/09\/fotonoticia_20160922134841_800.jpg","twitter:label1":"Escrito por","twitter:data1":"El Digital de Asturias","twitter:label2":"Tiempo de lectura estimado","twitter:data2":"3 minutos"},"aioseo_meta_data":{"post_id":"909026","title":null,"description":null,"keywords":null,"keyphrases":null,"primary_term":null,"canonical_url":null,"og_title":null,"og_description":null,"og_object_type":"default","og_image_type":"default","og_image_url":null,"og_image_width":null,"og_image_height":null,"og_image_custom_url":null,"og_image_custom_fields":null,"og_video":null,"og_custom_url":null,"og_article_section":null,"og_article_tags":null,"twitter_use_og":false,"twitter_card":"default","twitter_image_type":"default","twitter_image_url":null,"twitter_image_custom_url":null,"twitter_image_custom_fields":null,"twitter_title":null,"twitter_description":null,"schema":{"blockGraphs":[],"customGraphs":[],"default":{"data":{"Article":[],"Course":[],"Dataset":[],"FAQPage":[],"Movie":[],"Person":[],"Product":[],"ProductReview":[],"Car":[],"Recipe":[],"Service":[],"SoftwareApplication":[],"WebPage":[]},"graphName":"","isEnabled":true},"graphs":[],"defaultGraph":"","defaultPostTypeGraph":""},"schema_type":null,"schema_type_options":null,"pillar_content":false,"robots_default":true,"robots_noindex":false,"robots_noarchive":false,"robots_nosnippet":false,"robots_nofollow":false,"robots_noimageindex":false,"robots_noodp":false,"robots_notranslate":false,"robots_max_snippet":null,"robots_max_videopreview":null,"robots_max_imagepreview":"large","priority":null,"frequency":null,"local_seo":null,"seo_analyzer_scan_date":"2025-11-30 18:23:15","breadcrumb_settings":null,"limit_modified_date":false,"open_ai":null,"ai":null,"created":"2020-12-21 13:59:48","updated":"2025-11-30 18:23:15"},"aioseo_breadcrumb":"<div class=\"aioseo-breadcrumbs\"><span class=\"aioseo-breadcrumb\">\n\t<a href=\"https:\/\/www.eldigitaldeasturias.com\/noticias\" title=\"Home\">Home<\/a>\n<\/span><span class=\"aioseo-breadcrumb-separator\">\u2013<\/span><span class=\"aioseo-breadcrumb\">\n\t<a href=\"https:\/\/www.eldigitaldeasturias.com\/noticias\/category\/actualidad-asturias\/\" title=\"Actualidad Asturias\">Actualidad Asturias<\/a>\n<\/span><span class=\"aioseo-breadcrumb-separator\">\u2013<\/span><span class=\"aioseo-breadcrumb\">\n\t<a href=\"https:\/\/www.eldigitaldeasturias.com\/noticias\/guillermo-martinez-advierte-de-las-posibles-consecuencias-por-la-falta-de-liderazgo-de-rajoy\/\" title=\"Guillermo Mart\u00ednez advierte de las posibles consecuencias por \u201cla falta de liderazgo\u201d de Rajoy\">Guillermo Mart\u00ednez advierte de las posibles consecuencias por \u201cla falta de liderazgo\u201d de Rajoy<\/a>\n<\/span><\/div>","aioseo_breadcrumb_json":[{"label":"Home","link":"https:\/\/www.eldigitaldeasturias.com\/noticias"},{"label":"Actualidad Asturias","link":"https:\/\/www.eldigitaldeasturias.com\/noticias\/category\/actualidad-asturias\/"},{"label":"Guillermo Mart\u00ednez advierte de las posibles consecuencias por \u201cla falta de liderazgo\u201d de Rajoy","link":"https:\/\/www.eldigitaldeasturias.com\/noticias\/guillermo-martinez-advierte-de-las-posibles-consecuencias-por-la-falta-de-liderazgo-de-rajoy\/"}],"_links":{"self":[{"href":"https:\/\/www.eldigitaldeasturias.com\/noticias\/wp-json\/wp\/v2\/posts\/909026","targetHints":{"allow":["GET"]}}],"collection":[{"href":"https:\/\/www.eldigitaldeasturias.com\/noticias\/wp-json\/wp\/v2\/posts"}],"about":[{"href":"https:\/\/www.eldigitaldeasturias.com\/noticias\/wp-json\/wp\/v2\/types\/post"}],"author":[{"embeddable":true,"href":"https:\/\/www.eldigitaldeasturias.com\/noticias\/wp-json\/wp\/v2\/users\/1"}],"replies":[{"embeddable":true,"href":"https:\/\/www.eldigitaldeasturias.com\/noticias\/wp-json\/wp\/v2\/comments?post=909026"}],"version-history":[{"count":0,"href":"https:\/\/www.eldigitaldeasturias.com\/noticias\/wp-json\/wp\/v2\/posts\/909026\/revisions"}],"wp:featuredmedia":[{"embeddable":true,"href":"https:\/\/www.eldigitaldeasturias.com\/noticias\/wp-json\/wp\/v2\/media\/909027"}],"wp:attachment":[{"href":"https:\/\/www.eldigitaldeasturias.com\/noticias\/wp-json\/wp\/v2\/media?parent=909026"}],"wp:term":[{"taxonomy":"category","embeddable":true,"href":"https:\/\/www.eldigitaldeasturias.com\/noticias\/wp-json\/wp\/v2\/categories?post=909026"},{"taxonomy":"post_tag","embeddable":true,"href":"https:\/\/www.eldigitaldeasturias.com\/noticias\/wp-json\/wp\/v2\/tags?post=909026"}],"curies":[{"name":"wp","href":"https:\/\/api.w.org\/{rel}","templated":true}]}}