{"id":908772,"date":"2016-09-21T02:48:39","date_gmt":"2016-09-21T01:48:39","guid":{"rendered":"http:\/\/www.eldigitaldeasturias.com\/noticias\/?p=908772"},"modified":"2016-09-21T02:48:39","modified_gmt":"2016-09-21T01:48:39","slug":"upa-pide-al-gobierno-que-escuche-al-campo-y-rechace-el-ttip","status":"publish","type":"post","link":"https:\/\/www.eldigitaldeasturias.com\/noticias\/upa-pide-al-gobierno-que-escuche-al-campo-y-rechace-el-ttip\/","title":{"rendered":"UPA pide al Gobierno que escuche al campo y rechace el TTIP"},"content":{"rendered":"<p><img loading=\"lazy\" decoding=\"async\" class=\"alignleft size-medium wp-image-908773\" src=\"https:\/\/www.eldigitaldeasturias.com\/noticias\/wp-content\/uploads\/2016\/09\/fotonoticia_20160920183656_800-360x240.jpg\" alt=\"fotonoticia_20160920183656_800\" width=\"360\" height=\"240\" srcset=\"https:\/\/www.eldigitaldeasturias.com\/noticias\/wp-content\/uploads\/2016\/09\/fotonoticia_20160920183656_800-360x240.jpg 360w, https:\/\/www.eldigitaldeasturias.com\/noticias\/wp-content\/uploads\/2016\/09\/fotonoticia_20160920183656_800-768x512.jpg 768w, https:\/\/www.eldigitaldeasturias.com\/noticias\/wp-content\/uploads\/2016\/09\/fotonoticia_20160920183656_800-650x433.jpg 650w, https:\/\/www.eldigitaldeasturias.com\/noticias\/wp-content\/uploads\/2016\/09\/fotonoticia_20160920183656_800-84x55.jpg 84w, https:\/\/www.eldigitaldeasturias.com\/noticias\/wp-content\/uploads\/2016\/09\/fotonoticia_20160920183656_800-49x32.jpg 49w, https:\/\/www.eldigitaldeasturias.com\/noticias\/wp-content\/uploads\/2016\/09\/fotonoticia_20160920183656_800.jpg 800w\" sizes=\"auto, (max-width: 360px) 100vw, 360px\" \/>La Uni\u00f3n de Peque\u00f1os Agricultores y Ganaderos (UPA) ha pedido al Gobierno que escuche el clamor de los agricultores y ganaderos espa\u00f1oles y se posicione en contra de tratados como el TTIP y el CETA, que perjudicar\u00edan al sector primario, seg\u00fan ha informado la organizaci\u00f3n agraria en un comunicado.<\/p>\n<p>\u00abLa agricultura, la ganader\u00eda y la alimentaci\u00f3n est\u00e1n siendo protagonistas de los debates sobre estos acuerdos, y la importancia de nuestro sector en Espa\u00f1a es enorme\u00bb, ha explicado el secretario general de UPA, Lorenzo Ramos, durante la concentraci\u00f3n que ha tenido lugar hoy en Madrid a las puertas de la sede de las instituciones europeas.<\/p>\n<p>Desde la organizaci\u00f3n agraria han exigido a la ministra de Agricultura, Alimentaci\u00f3n y Medio Ambiente en funciones, Isabel Garc\u00eda Tejerina, que \u00abhaga valer el peso del campo\u00bb en el Gobierno y consiga una postura de rechazo al TTIP que \u00abes un\u00e1nime en los sectores agr\u00edcolas y ganaderos\u00bb en Espa\u00f1a.<\/p>\n<p>En concreto, los agricultores han recordado a Garc\u00eda Tejerina, que se ha reunido este martes con el embajador de Francia en Espa\u00f1a, Yves Saint-Geours, que debe mostrar firmeza en el rechazo a los ataques a camiones con productos espa\u00f1oles en el pa\u00eds galo.<\/p>\n<p>Por otro lado, tambi\u00e9n le han demandado que exija a las multinacionales de la distribuci\u00f3n de capital galo un cambio de actitud para proteger a los agricultores y ganaderos espa\u00f1oles \u00abtal y como ya hacen con los franceses\u00bb.<\/p>\n<p>Los agricultores y ganaderos est\u00e1n \u00abseguros\u00bb de que el modelo de producci\u00f3n de alimentos de Europa, basado en la sostenibilidad y en la agricultura familiar, estar\u00eda en peligro de prosperar estos acuerdos, por lo que reclaman el fin de estas negociaciones y la protecci\u00f3n de un sector que genera riqueza y empleo, protege el medio ambiente y proporciona alimentos a millones de ciudadanos.<\/p>\n<p>&nbsp;<\/p>\n<p>&nbsp;<\/p>\n","protected":false},"excerpt":{"rendered":"<p>La Uni\u00f3n de Peque\u00f1os Agricultores y Ganaderos (UPA) ha pedido al Gobierno que escuche el clamor de los agricultores y ganaderos espa\u00f1oles y se posicione en contra de tratados como el TTIP y el CETA, que perjudicar\u00edan al sector primario, seg\u00fan ha informado la organizaci\u00f3n agraria en un comunicado. \u00abLa agricultura, la ganader\u00eda y la [&hellip;]<\/p>\n","protected":false},"author":1,"featured_media":908773,"comment_status":"closed","ping_status":"closed","sticky":false,"template":"","format":"standard","meta":{"footnotes":""},"categories":[12],"tags":[],"class_list":["post-908772","post","type-post","status-publish","format-standard","has-post-thumbnail","hentry","category-actualidad-asturias"],"aioseo_notices":[],"aioseo_head":"\n\t\t<!-- All in One SEO Pro 4.9.6.2 - aioseo.com -->\n\t<meta name=\"description\" content=\"La Uni\u00f3n de Peque\u00f1os Agricultores y Ganaderos (UPA) ha pedido al Gobierno que escuche el clamor de los agricultores y ganaderos espa\u00f1oles y se posicione en contra de tratados como el TTIP y el CETA, que perjudicar\u00edan al sector primario, seg\u00fan ha informado la organizaci\u00f3n agraria en un comunicado. &quot;La agricultura, la ganader\u00eda y la\" \/>\n\t<meta name=\"robots\" content=\"max-image-preview:large\" \/>\n\t<meta name=\"author\" content=\"El Digital de Asturias\"\/>\n\t<meta name=\"google-site-verification\" content=\"UA-38556648-1\" \/>\n\t<meta name=\"msvalidate.01\" content=\"7dfe9f3f1b24437ab69f4f2559babe99\" \/>\n\t<meta name=\"keywords\" content=\"actualidad asturias\" \/>\n\t<link rel=\"canonical\" href=\"https:\/\/www.eldigitaldeasturias.com\/noticias\/upa-pide-al-gobierno-que-escuche-al-campo-y-rechace-el-ttip\/\" \/>\n\t<meta name=\"generator\" content=\"All in One SEO Pro (AIOSEO) 4.9.6.2\" \/>\n\t\t<meta property=\"og:locale\" content=\"es_ES\" \/>\n\t\t<meta property=\"og:site_name\" content=\"El Digital de Asturias\" \/>\n\t\t<meta property=\"og:type\" content=\"article\" \/>\n\t\t<meta property=\"og:title\" content=\"UPA pide al Gobierno que escuche al campo y rechace el TTIP - El Digital de Asturias\" \/>\n\t\t<meta property=\"og:description\" content=\"La Uni\u00f3n de Peque\u00f1os Agricultores y Ganaderos (UPA) ha pedido al Gobierno que escuche el clamor de los agricultores y ganaderos espa\u00f1oles y se posicione en contra de tratados como el TTIP y el CETA, que perjudicar\u00edan al sector primario, seg\u00fan ha informado la organizaci\u00f3n agraria en un comunicado. &quot;La agricultura, la ganader\u00eda y la\" \/>\n\t\t<meta property=\"og:url\" content=\"https:\/\/www.eldigitaldeasturias.com\/noticias\/upa-pide-al-gobierno-que-escuche-al-campo-y-rechace-el-ttip\/\" \/>\n\t\t<meta property=\"og:image\" content=\"https:\/\/www.eldigitaldeasturias.com\/noticias\/wp-content\/uploads\/2016\/09\/fotonoticia_20160920183656_800.jpg\" \/>\n\t\t<meta property=\"og:image:secure_url\" content=\"https:\/\/www.eldigitaldeasturias.com\/noticias\/wp-content\/uploads\/2016\/09\/fotonoticia_20160920183656_800.jpg\" \/>\n\t\t<meta property=\"og:image:width\" content=\"800\" \/>\n\t\t<meta property=\"og:image:height\" content=\"533\" \/>\n\t\t<meta property=\"article:tag\" content=\"actualidad asturias\" \/>\n\t\t<meta property=\"article:published_time\" content=\"2016-09-21T01:48:39+00:00\" \/>\n\t\t<meta property=\"article:modified_time\" content=\"2016-09-21T01:48:39+00:00\" \/>\n\t\t<meta property=\"article:publisher\" content=\"https:\/\/facebook.com\/eldigitaldeasturias\" \/>\n\t\t<meta name=\"twitter:card\" content=\"summary_large_image\" \/>\n\t\t<meta name=\"twitter:title\" content=\"UPA pide al Gobierno que escuche al campo y rechace el TTIP - El Digital de Asturias\" \/>\n\t\t<meta name=\"twitter:description\" content=\"La Uni\u00f3n de Peque\u00f1os Agricultores y Ganaderos (UPA) ha pedido al Gobierno que escuche el clamor de los agricultores y ganaderos espa\u00f1oles y se posicione en contra de tratados como el TTIP y el CETA, que perjudicar\u00edan al sector primario, seg\u00fan ha informado la organizaci\u00f3n agraria en un comunicado. &quot;La agricultura, la ganader\u00eda y la\" \/>\n\t\t<meta name=\"twitter:image\" content=\"https:\/\/www.eldigitaldeasturias.com\/noticias\/wp-content\/uploads\/2016\/09\/fotonoticia_20160920183656_800.jpg\" \/>\n\t\t<meta name=\"twitter:label1\" content=\"Escrito por\" \/>\n\t\t<meta name=\"twitter:data1\" content=\"El Digital de Asturias\" \/>\n\t\t<meta name=\"twitter:label2\" content=\"Tiempo de lectura estimado\" \/>\n\t\t<meta name=\"twitter:data2\" content=\"2 minutos\" \/>\n\t\t<script type=\"application\/ld+json\" class=\"aioseo-schema\">\n\t\t\t{\"@context\":\"https:\\\/\\\/schema.org\",\"@graph\":[{\"@type\":\"BlogPosting\",\"@id\":\"https:\\\/\\\/www.eldigitaldeasturias.com\\\/noticias\\\/upa-pide-al-gobierno-que-escuche-al-campo-y-rechace-el-ttip\\\/#blogposting\",\"name\":\"UPA pide al Gobierno que escuche al campo y rechace el TTIP - El Digital de Asturias\",\"headline\":\"UPA pide al Gobierno que escuche al campo y rechace el TTIP\",\"author\":{\"@id\":\"https:\\\/\\\/www.eldigitaldeasturias.com\\\/noticias\\\/author\\\/admin\\\/#author\"},\"publisher\":{\"@id\":\"https:\\\/\\\/www.eldigitaldeasturias.com\\\/noticias\\\/#organization\"},\"image\":{\"@type\":\"ImageObject\",\"url\":\"https:\\\/\\\/www.eldigitaldeasturias.com\\\/noticias\\\/wp-content\\\/uploads\\\/2016\\\/09\\\/fotonoticia_20160920183656_800.jpg\",\"width\":800,\"height\":533},\"datePublished\":\"2016-09-21T02:48:39+02:00\",\"dateModified\":\"2016-09-21T02:48:39+02:00\",\"inLanguage\":\"es-ES\",\"mainEntityOfPage\":{\"@id\":\"https:\\\/\\\/www.eldigitaldeasturias.com\\\/noticias\\\/upa-pide-al-gobierno-que-escuche-al-campo-y-rechace-el-ttip\\\/#webpage\"},\"isPartOf\":{\"@id\":\"https:\\\/\\\/www.eldigitaldeasturias.com\\\/noticias\\\/upa-pide-al-gobierno-que-escuche-al-campo-y-rechace-el-ttip\\\/#webpage\"},\"articleSection\":\"Actualidad Asturias\"},{\"@type\":\"BreadcrumbList\",\"@id\":\"https:\\\/\\\/www.eldigitaldeasturias.com\\\/noticias\\\/upa-pide-al-gobierno-que-escuche-al-campo-y-rechace-el-ttip\\\/#breadcrumblist\",\"itemListElement\":[{\"@type\":\"ListItem\",\"@id\":\"https:\\\/\\\/www.eldigitaldeasturias.com\\\/noticias#listItem\",\"position\":1,\"name\":\"Home\",\"item\":\"https:\\\/\\\/www.eldigitaldeasturias.com\\\/noticias\",\"nextItem\":{\"@type\":\"ListItem\",\"@id\":\"https:\\\/\\\/www.eldigitaldeasturias.com\\\/noticias\\\/category\\\/actualidad-asturias\\\/#listItem\",\"name\":\"Actualidad Asturias\"}},{\"@type\":\"ListItem\",\"@id\":\"https:\\\/\\\/www.eldigitaldeasturias.com\\\/noticias\\\/category\\\/actualidad-asturias\\\/#listItem\",\"position\":2,\"name\":\"Actualidad Asturias\",\"item\":\"https:\\\/\\\/www.eldigitaldeasturias.com\\\/noticias\\\/category\\\/actualidad-asturias\\\/\",\"nextItem\":{\"@type\":\"ListItem\",\"@id\":\"https:\\\/\\\/www.eldigitaldeasturias.com\\\/noticias\\\/upa-pide-al-gobierno-que-escuche-al-campo-y-rechace-el-ttip\\\/#listItem\",\"name\":\"UPA pide al Gobierno que escuche al campo y rechace el TTIP\"},\"previousItem\":{\"@type\":\"ListItem\",\"@id\":\"https:\\\/\\\/www.eldigitaldeasturias.com\\\/noticias#listItem\",\"name\":\"Home\"}},{\"@type\":\"ListItem\",\"@id\":\"https:\\\/\\\/www.eldigitaldeasturias.com\\\/noticias\\\/upa-pide-al-gobierno-que-escuche-al-campo-y-rechace-el-ttip\\\/#listItem\",\"position\":3,\"name\":\"UPA pide al Gobierno que escuche al campo y rechace el TTIP\",\"previousItem\":{\"@type\":\"ListItem\",\"@id\":\"https:\\\/\\\/www.eldigitaldeasturias.com\\\/noticias\\\/category\\\/actualidad-asturias\\\/#listItem\",\"name\":\"Actualidad Asturias\"}}]},{\"@type\":\"Organization\",\"@id\":\"https:\\\/\\\/www.eldigitaldeasturias.com\\\/noticias\\\/#organization\",\"name\":\"El Digital de Asturias\",\"description\":\"Hemeroteca\",\"url\":\"https:\\\/\\\/www.eldigitaldeasturias.com\\\/noticias\\\/\",\"email\":\"info@eldigitaldeasturias.com\",\"telephone\":\"+34652131393\",\"logo\":{\"@type\":\"ImageObject\",\"url\":\"https:\\\/\\\/www.eldigitaldeasturias.com\\\/noticias\\\/wp-content\\\/uploads\\\/2020\\\/12\\\/EDA.jpg\",\"@id\":\"https:\\\/\\\/www.eldigitaldeasturias.com\\\/noticias\\\/upa-pide-al-gobierno-que-escuche-al-campo-y-rechace-el-ttip\\\/#organizationLogo\",\"width\":649,\"height\":297},\"image\":{\"@id\":\"https:\\\/\\\/www.eldigitaldeasturias.com\\\/noticias\\\/upa-pide-al-gobierno-que-escuche-al-campo-y-rechace-el-ttip\\\/#organizationLogo\"},\"sameAs\":[\"https:\\\/\\\/facebook.com\\\/eldigitaldeasturias\",\"https:\\\/\\\/www.youtube.com\\\/channel\\\/UCZP-2wLEB9Rv6erhFmqVnvg\"],\"address\":{\"@id\":\"https:\\\/\\\/www.eldigitaldeasturias.com\\\/noticias\\\/#postaladdress\",\"@type\":\"PostalAddress\",\"streetAddress\":\"san antonio 4,\",\"postalCode\":\"33430\",\"addressLocality\":\"Cand\\u00e1s\",\"addressRegion\":\"Asturias\",\"addressCountry\":\"ES\"}},{\"@type\":\"Person\",\"@id\":\"https:\\\/\\\/www.eldigitaldeasturias.com\\\/noticias\\\/author\\\/admin\\\/#author\",\"url\":\"https:\\\/\\\/www.eldigitaldeasturias.com\\\/noticias\\\/author\\\/admin\\\/\",\"name\":\"El Digital de Asturias\",\"image\":{\"@type\":\"ImageObject\",\"@id\":\"https:\\\/\\\/www.eldigitaldeasturias.com\\\/noticias\\\/upa-pide-al-gobierno-que-escuche-al-campo-y-rechace-el-ttip\\\/#authorImage\",\"url\":\"https:\\\/\\\/www.eldigitaldeasturias.com\\\/noticias\\\/wp-content\\\/litespeed\\\/avatar\\\/18677e78aa0546b92d9dbf31ec7d7668.jpg?ver=1777290358\",\"width\":96,\"height\":96,\"caption\":\"El Digital de Asturias\"}},{\"@type\":\"WebPage\",\"@id\":\"https:\\\/\\\/www.eldigitaldeasturias.com\\\/noticias\\\/upa-pide-al-gobierno-que-escuche-al-campo-y-rechace-el-ttip\\\/#webpage\",\"url\":\"https:\\\/\\\/www.eldigitaldeasturias.com\\\/noticias\\\/upa-pide-al-gobierno-que-escuche-al-campo-y-rechace-el-ttip\\\/\",\"name\":\"UPA pide al Gobierno que escuche al campo y rechace el TTIP - El Digital de Asturias\",\"description\":\"La Uni\\u00f3n de Peque\\u00f1os Agricultores y Ganaderos (UPA) ha pedido al Gobierno que escuche el clamor de los agricultores y ganaderos espa\\u00f1oles y se posicione en contra de tratados como el TTIP y el CETA, que perjudicar\\u00edan al sector primario, seg\\u00fan ha informado la organizaci\\u00f3n agraria en un comunicado. \\\"La agricultura, la ganader\\u00eda y la\",\"inLanguage\":\"es-ES\",\"isPartOf\":{\"@id\":\"https:\\\/\\\/www.eldigitaldeasturias.com\\\/noticias\\\/#website\"},\"breadcrumb\":{\"@id\":\"https:\\\/\\\/www.eldigitaldeasturias.com\\\/noticias\\\/upa-pide-al-gobierno-que-escuche-al-campo-y-rechace-el-ttip\\\/#breadcrumblist\"},\"author\":{\"@id\":\"https:\\\/\\\/www.eldigitaldeasturias.com\\\/noticias\\\/author\\\/admin\\\/#author\"},\"creator\":{\"@id\":\"https:\\\/\\\/www.eldigitaldeasturias.com\\\/noticias\\\/author\\\/admin\\\/#author\"},\"image\":{\"@type\":\"ImageObject\",\"url\":\"https:\\\/\\\/www.eldigitaldeasturias.com\\\/noticias\\\/wp-content\\\/uploads\\\/2016\\\/09\\\/fotonoticia_20160920183656_800.jpg\",\"@id\":\"https:\\\/\\\/www.eldigitaldeasturias.com\\\/noticias\\\/upa-pide-al-gobierno-que-escuche-al-campo-y-rechace-el-ttip\\\/#mainImage\",\"width\":800,\"height\":533},\"primaryImageOfPage\":{\"@id\":\"https:\\\/\\\/www.eldigitaldeasturias.com\\\/noticias\\\/upa-pide-al-gobierno-que-escuche-al-campo-y-rechace-el-ttip\\\/#mainImage\"},\"datePublished\":\"2016-09-21T02:48:39+02:00\",\"dateModified\":\"2016-09-21T02:48:39+02:00\"},{\"@type\":\"WebSite\",\"@id\":\"https:\\\/\\\/www.eldigitaldeasturias.com\\\/noticias\\\/#website\",\"url\":\"https:\\\/\\\/www.eldigitaldeasturias.com\\\/noticias\\\/\",\"name\":\"El Digital de Asturias - Diario de actualidad y noticias\",\"alternateName\":\"El Digital de Asturias - Diario de actualidad y noticias\",\"description\":\"Hemeroteca\",\"inLanguage\":\"es-ES\",\"publisher\":{\"@id\":\"https:\\\/\\\/www.eldigitaldeasturias.com\\\/noticias\\\/#organization\"}}]}\n\t\t<\/script>\n\t\t<!-- All in One SEO Pro -->\r\n\t\t<title>UPA pide al Gobierno que escuche al campo y rechace el TTIP - El Digital de Asturias<\/title>\n\n","aioseo_head_json":{"title":"UPA pide al Gobierno que escuche al campo y rechace el TTIP - El Digital de Asturias","description":"La Uni\u00f3n de Peque\u00f1os Agricultores y Ganaderos (UPA) ha pedido al Gobierno que escuche el clamor de los agricultores y ganaderos espa\u00f1oles y se posicione en contra de tratados como el TTIP y el CETA, que perjudicar\u00edan al sector primario, seg\u00fan ha informado la organizaci\u00f3n agraria en un comunicado. \"La agricultura, la ganader\u00eda y la","canonical_url":"https:\/\/www.eldigitaldeasturias.com\/noticias\/upa-pide-al-gobierno-que-escuche-al-campo-y-rechace-el-ttip\/","robots":"max-image-preview:large","keywords":"actualidad asturias","webmasterTools":{"google-site-verification":"UA-38556648-1","msvalidate.01":"7dfe9f3f1b24437ab69f4f2559babe99","miscellaneous":""},"schema":{"@context":"https:\/\/schema.org","@graph":[{"@type":"BlogPosting","@id":"https:\/\/www.eldigitaldeasturias.com\/noticias\/upa-pide-al-gobierno-que-escuche-al-campo-y-rechace-el-ttip\/#blogposting","name":"UPA pide al Gobierno que escuche al campo y rechace el TTIP - El Digital de Asturias","headline":"UPA pide al Gobierno que escuche al campo y rechace el TTIP","author":{"@id":"https:\/\/www.eldigitaldeasturias.com\/noticias\/author\/admin\/#author"},"publisher":{"@id":"https:\/\/www.eldigitaldeasturias.com\/noticias\/#organization"},"image":{"@type":"ImageObject","url":"https:\/\/www.eldigitaldeasturias.com\/noticias\/wp-content\/uploads\/2016\/09\/fotonoticia_20160920183656_800.jpg","width":800,"height":533},"datePublished":"2016-09-21T02:48:39+02:00","dateModified":"2016-09-21T02:48:39+02:00","inLanguage":"es-ES","mainEntityOfPage":{"@id":"https:\/\/www.eldigitaldeasturias.com\/noticias\/upa-pide-al-gobierno-que-escuche-al-campo-y-rechace-el-ttip\/#webpage"},"isPartOf":{"@id":"https:\/\/www.eldigitaldeasturias.com\/noticias\/upa-pide-al-gobierno-que-escuche-al-campo-y-rechace-el-ttip\/#webpage"},"articleSection":"Actualidad Asturias"},{"@type":"BreadcrumbList","@id":"https:\/\/www.eldigitaldeasturias.com\/noticias\/upa-pide-al-gobierno-que-escuche-al-campo-y-rechace-el-ttip\/#breadcrumblist","itemListElement":[{"@type":"ListItem","@id":"https:\/\/www.eldigitaldeasturias.com\/noticias#listItem","position":1,"name":"Home","item":"https:\/\/www.eldigitaldeasturias.com\/noticias","nextItem":{"@type":"ListItem","@id":"https:\/\/www.eldigitaldeasturias.com\/noticias\/category\/actualidad-asturias\/#listItem","name":"Actualidad Asturias"}},{"@type":"ListItem","@id":"https:\/\/www.eldigitaldeasturias.com\/noticias\/category\/actualidad-asturias\/#listItem","position":2,"name":"Actualidad Asturias","item":"https:\/\/www.eldigitaldeasturias.com\/noticias\/category\/actualidad-asturias\/","nextItem":{"@type":"ListItem","@id":"https:\/\/www.eldigitaldeasturias.com\/noticias\/upa-pide-al-gobierno-que-escuche-al-campo-y-rechace-el-ttip\/#listItem","name":"UPA pide al Gobierno que escuche al campo y rechace el TTIP"},"previousItem":{"@type":"ListItem","@id":"https:\/\/www.eldigitaldeasturias.com\/noticias#listItem","name":"Home"}},{"@type":"ListItem","@id":"https:\/\/www.eldigitaldeasturias.com\/noticias\/upa-pide-al-gobierno-que-escuche-al-campo-y-rechace-el-ttip\/#listItem","position":3,"name":"UPA pide al Gobierno que escuche al campo y rechace el TTIP","previousItem":{"@type":"ListItem","@id":"https:\/\/www.eldigitaldeasturias.com\/noticias\/category\/actualidad-asturias\/#listItem","name":"Actualidad Asturias"}}]},{"@type":"Organization","@id":"https:\/\/www.eldigitaldeasturias.com\/noticias\/#organization","name":"El Digital de Asturias","description":"Hemeroteca","url":"https:\/\/www.eldigitaldeasturias.com\/noticias\/","email":"info@eldigitaldeasturias.com","telephone":"+34652131393","logo":{"@type":"ImageObject","url":"https:\/\/www.eldigitaldeasturias.com\/noticias\/wp-content\/uploads\/2020\/12\/EDA.jpg","@id":"https:\/\/www.eldigitaldeasturias.com\/noticias\/upa-pide-al-gobierno-que-escuche-al-campo-y-rechace-el-ttip\/#organizationLogo","width":649,"height":297},"image":{"@id":"https:\/\/www.eldigitaldeasturias.com\/noticias\/upa-pide-al-gobierno-que-escuche-al-campo-y-rechace-el-ttip\/#organizationLogo"},"sameAs":["https:\/\/facebook.com\/eldigitaldeasturias","https:\/\/www.youtube.com\/channel\/UCZP-2wLEB9Rv6erhFmqVnvg"],"address":{"@id":"https:\/\/www.eldigitaldeasturias.com\/noticias\/#postaladdress","@type":"PostalAddress","streetAddress":"san antonio 4,","postalCode":"33430","addressLocality":"Cand\u00e1s","addressRegion":"Asturias","addressCountry":"ES"}},{"@type":"Person","@id":"https:\/\/www.eldigitaldeasturias.com\/noticias\/author\/admin\/#author","url":"https:\/\/www.eldigitaldeasturias.com\/noticias\/author\/admin\/","name":"El Digital de Asturias","image":{"@type":"ImageObject","@id":"https:\/\/www.eldigitaldeasturias.com\/noticias\/upa-pide-al-gobierno-que-escuche-al-campo-y-rechace-el-ttip\/#authorImage","url":"https:\/\/www.eldigitaldeasturias.com\/noticias\/wp-content\/litespeed\/avatar\/18677e78aa0546b92d9dbf31ec7d7668.jpg?ver=1777290358","width":96,"height":96,"caption":"El Digital de Asturias"}},{"@type":"WebPage","@id":"https:\/\/www.eldigitaldeasturias.com\/noticias\/upa-pide-al-gobierno-que-escuche-al-campo-y-rechace-el-ttip\/#webpage","url":"https:\/\/www.eldigitaldeasturias.com\/noticias\/upa-pide-al-gobierno-que-escuche-al-campo-y-rechace-el-ttip\/","name":"UPA pide al Gobierno que escuche al campo y rechace el TTIP - El Digital de Asturias","description":"La Uni\u00f3n de Peque\u00f1os Agricultores y Ganaderos (UPA) ha pedido al Gobierno que escuche el clamor de los agricultores y ganaderos espa\u00f1oles y se posicione en contra de tratados como el TTIP y el CETA, que perjudicar\u00edan al sector primario, seg\u00fan ha informado la organizaci\u00f3n agraria en un comunicado. \"La agricultura, la ganader\u00eda y la","inLanguage":"es-ES","isPartOf":{"@id":"https:\/\/www.eldigitaldeasturias.com\/noticias\/#website"},"breadcrumb":{"@id":"https:\/\/www.eldigitaldeasturias.com\/noticias\/upa-pide-al-gobierno-que-escuche-al-campo-y-rechace-el-ttip\/#breadcrumblist"},"author":{"@id":"https:\/\/www.eldigitaldeasturias.com\/noticias\/author\/admin\/#author"},"creator":{"@id":"https:\/\/www.eldigitaldeasturias.com\/noticias\/author\/admin\/#author"},"image":{"@type":"ImageObject","url":"https:\/\/www.eldigitaldeasturias.com\/noticias\/wp-content\/uploads\/2016\/09\/fotonoticia_20160920183656_800.jpg","@id":"https:\/\/www.eldigitaldeasturias.com\/noticias\/upa-pide-al-gobierno-que-escuche-al-campo-y-rechace-el-ttip\/#mainImage","width":800,"height":533},"primaryImageOfPage":{"@id":"https:\/\/www.eldigitaldeasturias.com\/noticias\/upa-pide-al-gobierno-que-escuche-al-campo-y-rechace-el-ttip\/#mainImage"},"datePublished":"2016-09-21T02:48:39+02:00","dateModified":"2016-09-21T02:48:39+02:00"},{"@type":"WebSite","@id":"https:\/\/www.eldigitaldeasturias.com\/noticias\/#website","url":"https:\/\/www.eldigitaldeasturias.com\/noticias\/","name":"El Digital de Asturias - Diario de actualidad y noticias","alternateName":"El Digital de Asturias - Diario de actualidad y noticias","description":"Hemeroteca","inLanguage":"es-ES","publisher":{"@id":"https:\/\/www.eldigitaldeasturias.com\/noticias\/#organization"}}]},"og:locale":"es_ES","og:site_name":"El Digital de Asturias","og:type":"article","og:title":"UPA pide al Gobierno que escuche al campo y rechace el TTIP - El Digital de Asturias","og:description":"La Uni\u00f3n de Peque\u00f1os Agricultores y Ganaderos (UPA) ha pedido al Gobierno que escuche el clamor de los agricultores y ganaderos espa\u00f1oles y se posicione en contra de tratados como el TTIP y el CETA, que perjudicar\u00edan al sector primario, seg\u00fan ha informado la organizaci\u00f3n agraria en un comunicado. &quot;La agricultura, la ganader\u00eda y la","og:url":"https:\/\/www.eldigitaldeasturias.com\/noticias\/upa-pide-al-gobierno-que-escuche-al-campo-y-rechace-el-ttip\/","og:image":"https:\/\/www.eldigitaldeasturias.com\/noticias\/wp-content\/uploads\/2016\/09\/fotonoticia_20160920183656_800.jpg","og:image:secure_url":"https:\/\/www.eldigitaldeasturias.com\/noticias\/wp-content\/uploads\/2016\/09\/fotonoticia_20160920183656_800.jpg","og:image:width":800,"og:image:height":533,"article:tag":["actualidad asturias"],"article:published_time":"2016-09-21T01:48:39+00:00","article:modified_time":"2016-09-21T01:48:39+00:00","article:publisher":"https:\/\/facebook.com\/eldigitaldeasturias","twitter:card":"summary_large_image","twitter:title":"UPA pide al Gobierno que escuche al campo y rechace el TTIP - El Digital de Asturias","twitter:description":"La Uni\u00f3n de Peque\u00f1os Agricultores y Ganaderos (UPA) ha pedido al Gobierno que escuche el clamor de los agricultores y ganaderos espa\u00f1oles y se posicione en contra de tratados como el TTIP y el CETA, que perjudicar\u00edan al sector primario, seg\u00fan ha informado la organizaci\u00f3n agraria en un comunicado. &quot;La agricultura, la ganader\u00eda y la","twitter:image":"https:\/\/www.eldigitaldeasturias.com\/noticias\/wp-content\/uploads\/2016\/09\/fotonoticia_20160920183656_800.jpg","twitter:label1":"Escrito por","twitter:data1":"El Digital de Asturias","twitter:label2":"Tiempo de lectura estimado","twitter:data2":"2 minutos"},"aioseo_meta_data":{"post_id":"908772","title":null,"description":null,"keywords":null,"keyphrases":null,"primary_term":null,"canonical_url":null,"og_title":null,"og_description":null,"og_object_type":"default","og_image_type":"default","og_image_url":null,"og_image_width":null,"og_image_height":null,"og_image_custom_url":null,"og_image_custom_fields":null,"og_video":null,"og_custom_url":null,"og_article_section":null,"og_article_tags":null,"twitter_use_og":false,"twitter_card":"default","twitter_image_type":"default","twitter_image_url":null,"twitter_image_custom_url":null,"twitter_image_custom_fields":null,"twitter_title":null,"twitter_description":null,"schema":{"blockGraphs":[],"customGraphs":[],"default":{"data":{"Article":[],"Course":[],"Dataset":[],"FAQPage":[],"Movie":[],"Person":[],"Product":[],"ProductReview":[],"Car":[],"Recipe":[],"Service":[],"SoftwareApplication":[],"WebPage":[]},"graphName":"","isEnabled":true},"graphs":[],"defaultGraph":"","defaultPostTypeGraph":""},"schema_type":null,"schema_type_options":null,"pillar_content":false,"robots_default":true,"robots_noindex":false,"robots_noarchive":false,"robots_nosnippet":false,"robots_nofollow":false,"robots_noimageindex":false,"robots_noodp":false,"robots_notranslate":false,"robots_max_snippet":null,"robots_max_videopreview":null,"robots_max_imagepreview":"large","priority":null,"frequency":null,"local_seo":null,"seo_analyzer_scan_date":"2025-11-30 17:26:10","breadcrumb_settings":null,"limit_modified_date":false,"open_ai":null,"ai":null,"created":"2020-12-21 13:59:51","updated":"2025-11-30 17:26:10"},"aioseo_breadcrumb":"<div class=\"aioseo-breadcrumbs\"><span class=\"aioseo-breadcrumb\">\n\t<a href=\"https:\/\/www.eldigitaldeasturias.com\/noticias\" title=\"Home\">Home<\/a>\n<\/span><span class=\"aioseo-breadcrumb-separator\">\u2013<\/span><span class=\"aioseo-breadcrumb\">\n\t<a href=\"https:\/\/www.eldigitaldeasturias.com\/noticias\/category\/actualidad-asturias\/\" title=\"Actualidad Asturias\">Actualidad Asturias<\/a>\n<\/span><span class=\"aioseo-breadcrumb-separator\">\u2013<\/span><span class=\"aioseo-breadcrumb\">\n\t<a href=\"https:\/\/www.eldigitaldeasturias.com\/noticias\/upa-pide-al-gobierno-que-escuche-al-campo-y-rechace-el-ttip\/\" title=\"UPA pide al Gobierno que escuche al campo y rechace el TTIP\">UPA pide al Gobierno que escuche al campo y rechace el TTIP<\/a>\n<\/span><\/div>","aioseo_breadcrumb_json":[{"label":"Home","link":"https:\/\/www.eldigitaldeasturias.com\/noticias"},{"label":"Actualidad Asturias","link":"https:\/\/www.eldigitaldeasturias.com\/noticias\/category\/actualidad-asturias\/"},{"label":"UPA pide al Gobierno que escuche al campo y rechace el TTIP","link":"https:\/\/www.eldigitaldeasturias.com\/noticias\/upa-pide-al-gobierno-que-escuche-al-campo-y-rechace-el-ttip\/"}],"_links":{"self":[{"href":"https:\/\/www.eldigitaldeasturias.com\/noticias\/wp-json\/wp\/v2\/posts\/908772","targetHints":{"allow":["GET"]}}],"collection":[{"href":"https:\/\/www.eldigitaldeasturias.com\/noticias\/wp-json\/wp\/v2\/posts"}],"about":[{"href":"https:\/\/www.eldigitaldeasturias.com\/noticias\/wp-json\/wp\/v2\/types\/post"}],"author":[{"embeddable":true,"href":"https:\/\/www.eldigitaldeasturias.com\/noticias\/wp-json\/wp\/v2\/users\/1"}],"replies":[{"embeddable":true,"href":"https:\/\/www.eldigitaldeasturias.com\/noticias\/wp-json\/wp\/v2\/comments?post=908772"}],"version-history":[{"count":0,"href":"https:\/\/www.eldigitaldeasturias.com\/noticias\/wp-json\/wp\/v2\/posts\/908772\/revisions"}],"wp:featuredmedia":[{"embeddable":true,"href":"https:\/\/www.eldigitaldeasturias.com\/noticias\/wp-json\/wp\/v2\/media\/908773"}],"wp:attachment":[{"href":"https:\/\/www.eldigitaldeasturias.com\/noticias\/wp-json\/wp\/v2\/media?parent=908772"}],"wp:term":[{"taxonomy":"category","embeddable":true,"href":"https:\/\/www.eldigitaldeasturias.com\/noticias\/wp-json\/wp\/v2\/categories?post=908772"},{"taxonomy":"post_tag","embeddable":true,"href":"https:\/\/www.eldigitaldeasturias.com\/noticias\/wp-json\/wp\/v2\/tags?post=908772"}],"curies":[{"name":"wp","href":"https:\/\/api.w.org\/{rel}","templated":true}]}}