{"id":908770,"date":"2016-09-21T02:46:14","date_gmt":"2016-09-21T01:46:14","guid":{"rendered":"http:\/\/www.eldigitaldeasturias.com\/noticias\/?p=908770"},"modified":"2016-09-21T02:46:14","modified_gmt":"2016-09-21T01:46:14","slug":"servicios-sociales-se-volcara-con-los-vecinos-de-los-barrios-degradados-de-gijon","status":"publish","type":"post","link":"https:\/\/www.eldigitaldeasturias.com\/noticias\/servicios-sociales-se-volcara-con-los-vecinos-de-los-barrios-degradados-de-gijon\/","title":{"rendered":"Servicios Sociales se volcar\u00e1 con los vecinos de los barrios degradados de Gij\u00f3n"},"content":{"rendered":"<p><img loading=\"lazy\" decoding=\"async\" class=\"alignleft size-medium wp-image-805\" src=\"https:\/\/www.eldigitaldeasturias.com\/noticias\/wp-content\/uploads\/2013\/09\/gijon1-360x270.jpg\" alt=\"gijon\" width=\"360\" height=\"270\" \/>La Fundaci\u00f3n Municipal de Servicios Sociales (FMSS) ha aprobado la convocatoria de ayudas sociales para los propietarios de viviendas con escaso nivel de renta que hayan visto disminuidas sus prestaciones en los ejercicios 2013 a 2016 como consecuencia de haber percibido ayudas municipales para la rehabilitaci\u00f3n de fachadas.<\/p>\n<p>Entre los requisitos est\u00e1 el es ser titular en la fecha fin de presentaci\u00f3n de solicitudes de la presente convocatoria de una vivienda ubicada en Gij\u00f3n, siendo a su vez su vivienda habitual, para la cual se haya recibido una subvenci\u00f3n del Ayuntamiento de Gij\u00f3n para la rehabilitaci\u00f3n de fachadas.<\/p>\n<p>Se exceptuar\u00e1 el requisito de que la vivienda sea la residencia habitual, en los supuestos que se ostente la nuda propiedad de la vivienda objeto de ayudas, en un porcentaje igual o inferior al 50%, siempre que esta est\u00e9 siendo ocupada por alg\u00fan otro propietario del mismo inmueble.<\/p>\n<p>Asimismo, los ingresos brutos mensuales de la unidad de convivencia del titular de la vivienda, no podr\u00e1n superar los importes que se detallan a continuaci\u00f3n en funci\u00f3n del n\u00famero de miembros: 905.27 euros brutos mensuales para entre uno y dos miembros, 1.011,77 euros para entre tres y cuatro miembros y 1.118,27 euros para cinco o m\u00e1s miembros.<\/p>\n<p>El importe de la ayuda se fijar\u00e1 en funci\u00f3n de la cantidad en la que el solicitante de la ayuda u otra persona de la unidad de convivencia hayan visto minorada alguna prestaci\u00f3n econ\u00f3mica, pensi\u00f3n, subsidio o similar de la que sea titular en el ejercicio 2015 y\/o 2016 o de la cantidad dejada de percibir como consecuencia de la extinci\u00f3n o denegaci\u00f3n en el ejercicio 2015 y\/o 2016 de esta.<\/p>\n<p>En todo caso, se marca un l\u00edmite m\u00e1ximo de 5.000 euros por solicitante y ejercicio (entre 2013 y 2016). La cuant\u00eda de la ayuda se abonar\u00e1 en un pago \u00fanico y el importe global m\u00e1ximo ser\u00e1 de 80.000 euros. La concesi\u00f3n de las ayudas estar\u00e1 supeditada a la existencia de cr\u00e9dito suficiente, por lo que en caso de que se supere, se conceder\u00e1n por orden en funci\u00f3n de las unidades de convivencia con menores ingresos brutos hasta que se agote el cr\u00e9dito consignado.<\/p>\n<p><strong>DEL 1 AL 31 DE OCTUBRE<\/strong><\/p>\n<p>Las solicitudes de subvenci\u00f3n podr\u00e1n presentarse desde el 1 hasta el 31 del pr\u00f3ximo mes de octubre de 2016, ambos d\u00edas incluidos, en el Registro General del Ayuntamiento de Gij\u00f3n o en cualquiera de los registros auxiliares del mismo ubicados en los Centros Municipales Integrados o por cualesquiera de los medios regulados en el art\u00edculo 38.4 de la Ley 30\/1992, de 26 de noviembre, de R\u00e9gimen Jur\u00eddico de las Administraciones P\u00fablicas y del Procedimiento Administrativo Com\u00fan.<\/p>\n<p>La concesi\u00f3n, denegaci\u00f3n o desistimiento de las ayudas se realizar\u00e1 mediante Resoluci\u00f3n de la Presidencia de la Fundaci\u00f3n Municipal de Servicios Sociales, que deber\u00e1 adoptarse en el plazo m\u00e1ximo de 2 meses contados a partir del d\u00eda de presentaci\u00f3n de la solicitud. Transcurrido dicho plazo m\u00e1ximo sin que haya reca\u00eddo resoluci\u00f3n expresa, se podr\u00e1 entender que esta es desestimatoria.<\/p>\n<p>&nbsp;<\/p>\n<p>&nbsp;<\/p>\n","protected":false},"excerpt":{"rendered":"<p>La Fundaci\u00f3n Municipal de Servicios Sociales (FMSS) ha aprobado la convocatoria de ayudas sociales para los propietarios de viviendas con escaso nivel de renta que hayan visto disminuidas sus prestaciones en los ejercicios 2013 a 2016 como consecuencia de haber percibido ayudas municipales para la rehabilitaci\u00f3n de fachadas. Entre los requisitos est\u00e1 el es ser [&hellip;]<\/p>\n","protected":false},"author":1,"featured_media":805,"comment_status":"closed","ping_status":"closed","sticky":false,"template":"","format":"standard","meta":{"footnotes":""},"categories":[12],"tags":[],"class_list":["post-908770","post","type-post","status-publish","format-standard","has-post-thumbnail","hentry","category-actualidad-asturias"],"aioseo_notices":[],"aioseo_head":"\n\t\t<!-- All in One SEO Pro 4.9.6.2 - aioseo.com -->\n\t<meta name=\"description\" content=\"La Fundaci\u00f3n Municipal de Servicios Sociales (FMSS) ha aprobado la convocatoria de ayudas sociales para los propietarios de viviendas con escaso nivel de renta que hayan visto disminuidas sus prestaciones en los ejercicios 2013 a 2016 como consecuencia de haber percibido ayudas municipales para la rehabilitaci\u00f3n de fachadas. Entre los requisitos est\u00e1 el es ser\" \/>\n\t<meta name=\"robots\" content=\"max-image-preview:large\" \/>\n\t<meta name=\"author\" content=\"El Digital de Asturias\"\/>\n\t<meta name=\"google-site-verification\" content=\"UA-38556648-1\" \/>\n\t<meta name=\"msvalidate.01\" content=\"7dfe9f3f1b24437ab69f4f2559babe99\" \/>\n\t<meta name=\"keywords\" content=\"actualidad asturias\" \/>\n\t<link rel=\"canonical\" href=\"https:\/\/www.eldigitaldeasturias.com\/noticias\/servicios-sociales-se-volcara-con-los-vecinos-de-los-barrios-degradados-de-gijon\/\" \/>\n\t<meta name=\"generator\" content=\"All in One SEO Pro (AIOSEO) 4.9.6.2\" \/>\n\t\t<meta property=\"og:locale\" content=\"es_ES\" \/>\n\t\t<meta property=\"og:site_name\" content=\"El Digital de Asturias\" \/>\n\t\t<meta property=\"og:type\" content=\"article\" \/>\n\t\t<meta property=\"og:title\" content=\"Servicios Sociales se volcar\u00e1 con los vecinos de los barrios degradados de Gij\u00f3n - El Digital de Asturias\" \/>\n\t\t<meta property=\"og:description\" content=\"La Fundaci\u00f3n Municipal de Servicios Sociales (FMSS) ha aprobado la convocatoria de ayudas sociales para los propietarios de viviendas con escaso nivel de renta que hayan visto disminuidas sus prestaciones en los ejercicios 2013 a 2016 como consecuencia de haber percibido ayudas municipales para la rehabilitaci\u00f3n de fachadas. Entre los requisitos est\u00e1 el es ser\" \/>\n\t\t<meta property=\"og:url\" content=\"https:\/\/www.eldigitaldeasturias.com\/noticias\/servicios-sociales-se-volcara-con-los-vecinos-de-los-barrios-degradados-de-gijon\/\" \/>\n\t\t<meta property=\"og:image\" content=\"https:\/\/www.eldigitaldeasturias.com\/noticias\/wp-content\/uploads\/2013\/09\/gijon1.jpg\" \/>\n\t\t<meta property=\"og:image:secure_url\" content=\"https:\/\/www.eldigitaldeasturias.com\/noticias\/wp-content\/uploads\/2013\/09\/gijon1.jpg\" \/>\n\t\t<meta property=\"article:tag\" content=\"actualidad asturias\" \/>\n\t\t<meta property=\"article:published_time\" content=\"2016-09-21T01:46:14+00:00\" \/>\n\t\t<meta property=\"article:modified_time\" content=\"2016-09-21T01:46:14+00:00\" \/>\n\t\t<meta property=\"article:publisher\" content=\"https:\/\/facebook.com\/eldigitaldeasturias\" \/>\n\t\t<meta name=\"twitter:card\" content=\"summary_large_image\" \/>\n\t\t<meta name=\"twitter:title\" content=\"Servicios Sociales se volcar\u00e1 con los vecinos de los barrios degradados de Gij\u00f3n - El Digital de Asturias\" \/>\n\t\t<meta name=\"twitter:description\" content=\"La Fundaci\u00f3n Municipal de Servicios Sociales (FMSS) ha aprobado la convocatoria de ayudas sociales para los propietarios de viviendas con escaso nivel de renta que hayan visto disminuidas sus prestaciones en los ejercicios 2013 a 2016 como consecuencia de haber percibido ayudas municipales para la rehabilitaci\u00f3n de fachadas. Entre los requisitos est\u00e1 el es ser\" \/>\n\t\t<meta name=\"twitter:image\" content=\"https:\/\/www.eldigitaldeasturias.com\/noticias\/wp-content\/uploads\/2013\/09\/gijon1.jpg\" \/>\n\t\t<meta name=\"twitter:label1\" content=\"Escrito por\" \/>\n\t\t<meta name=\"twitter:data1\" content=\"El Digital de Asturias\" \/>\n\t\t<meta name=\"twitter:label2\" content=\"Tiempo de lectura estimado\" \/>\n\t\t<meta name=\"twitter:data2\" content=\"3 minutos\" \/>\n\t\t<script type=\"application\/ld+json\" class=\"aioseo-schema\">\n\t\t\t{\"@context\":\"https:\\\/\\\/schema.org\",\"@graph\":[{\"@type\":\"BlogPosting\",\"@id\":\"https:\\\/\\\/www.eldigitaldeasturias.com\\\/noticias\\\/servicios-sociales-se-volcara-con-los-vecinos-de-los-barrios-degradados-de-gijon\\\/#blogposting\",\"name\":\"Servicios Sociales se volcar\\u00e1 con los vecinos de los barrios degradados de Gij\\u00f3n - El Digital de Asturias\",\"headline\":\"Servicios Sociales se volcar\\u00e1 con los vecinos de los barrios degradados de Gij\\u00f3n\",\"author\":{\"@id\":\"https:\\\/\\\/www.eldigitaldeasturias.com\\\/noticias\\\/author\\\/admin\\\/#author\"},\"publisher\":{\"@id\":\"https:\\\/\\\/www.eldigitaldeasturias.com\\\/noticias\\\/#organization\"},\"image\":{\"@type\":\"ImageObject\",\"url\":\"https:\\\/\\\/www.eldigitaldeasturias.com\\\/noticias\\\/wp-content\\\/uploads\\\/2013\\\/09\\\/gijon1.jpg\"},\"datePublished\":\"2016-09-21T02:46:14+02:00\",\"dateModified\":\"2016-09-21T02:46:14+02:00\",\"inLanguage\":\"es-ES\",\"mainEntityOfPage\":{\"@id\":\"https:\\\/\\\/www.eldigitaldeasturias.com\\\/noticias\\\/servicios-sociales-se-volcara-con-los-vecinos-de-los-barrios-degradados-de-gijon\\\/#webpage\"},\"isPartOf\":{\"@id\":\"https:\\\/\\\/www.eldigitaldeasturias.com\\\/noticias\\\/servicios-sociales-se-volcara-con-los-vecinos-de-los-barrios-degradados-de-gijon\\\/#webpage\"},\"articleSection\":\"Actualidad Asturias\"},{\"@type\":\"BreadcrumbList\",\"@id\":\"https:\\\/\\\/www.eldigitaldeasturias.com\\\/noticias\\\/servicios-sociales-se-volcara-con-los-vecinos-de-los-barrios-degradados-de-gijon\\\/#breadcrumblist\",\"itemListElement\":[{\"@type\":\"ListItem\",\"@id\":\"https:\\\/\\\/www.eldigitaldeasturias.com\\\/noticias#listItem\",\"position\":1,\"name\":\"Home\",\"item\":\"https:\\\/\\\/www.eldigitaldeasturias.com\\\/noticias\",\"nextItem\":{\"@type\":\"ListItem\",\"@id\":\"https:\\\/\\\/www.eldigitaldeasturias.com\\\/noticias\\\/category\\\/actualidad-asturias\\\/#listItem\",\"name\":\"Actualidad Asturias\"}},{\"@type\":\"ListItem\",\"@id\":\"https:\\\/\\\/www.eldigitaldeasturias.com\\\/noticias\\\/category\\\/actualidad-asturias\\\/#listItem\",\"position\":2,\"name\":\"Actualidad Asturias\",\"item\":\"https:\\\/\\\/www.eldigitaldeasturias.com\\\/noticias\\\/category\\\/actualidad-asturias\\\/\",\"nextItem\":{\"@type\":\"ListItem\",\"@id\":\"https:\\\/\\\/www.eldigitaldeasturias.com\\\/noticias\\\/servicios-sociales-se-volcara-con-los-vecinos-de-los-barrios-degradados-de-gijon\\\/#listItem\",\"name\":\"Servicios Sociales se volcar\\u00e1 con los vecinos de los barrios degradados de Gij\\u00f3n\"},\"previousItem\":{\"@type\":\"ListItem\",\"@id\":\"https:\\\/\\\/www.eldigitaldeasturias.com\\\/noticias#listItem\",\"name\":\"Home\"}},{\"@type\":\"ListItem\",\"@id\":\"https:\\\/\\\/www.eldigitaldeasturias.com\\\/noticias\\\/servicios-sociales-se-volcara-con-los-vecinos-de-los-barrios-degradados-de-gijon\\\/#listItem\",\"position\":3,\"name\":\"Servicios Sociales se volcar\\u00e1 con los vecinos de los barrios degradados de Gij\\u00f3n\",\"previousItem\":{\"@type\":\"ListItem\",\"@id\":\"https:\\\/\\\/www.eldigitaldeasturias.com\\\/noticias\\\/category\\\/actualidad-asturias\\\/#listItem\",\"name\":\"Actualidad Asturias\"}}]},{\"@type\":\"Organization\",\"@id\":\"https:\\\/\\\/www.eldigitaldeasturias.com\\\/noticias\\\/#organization\",\"name\":\"El Digital de Asturias\",\"description\":\"Hemeroteca\",\"url\":\"https:\\\/\\\/www.eldigitaldeasturias.com\\\/noticias\\\/\",\"email\":\"info@eldigitaldeasturias.com\",\"telephone\":\"+34652131393\",\"logo\":{\"@type\":\"ImageObject\",\"url\":\"https:\\\/\\\/www.eldigitaldeasturias.com\\\/noticias\\\/wp-content\\\/uploads\\\/2020\\\/12\\\/EDA.jpg\",\"@id\":\"https:\\\/\\\/www.eldigitaldeasturias.com\\\/noticias\\\/servicios-sociales-se-volcara-con-los-vecinos-de-los-barrios-degradados-de-gijon\\\/#organizationLogo\",\"width\":649,\"height\":297},\"image\":{\"@id\":\"https:\\\/\\\/www.eldigitaldeasturias.com\\\/noticias\\\/servicios-sociales-se-volcara-con-los-vecinos-de-los-barrios-degradados-de-gijon\\\/#organizationLogo\"},\"sameAs\":[\"https:\\\/\\\/facebook.com\\\/eldigitaldeasturias\",\"https:\\\/\\\/www.youtube.com\\\/channel\\\/UCZP-2wLEB9Rv6erhFmqVnvg\"],\"address\":{\"@id\":\"https:\\\/\\\/www.eldigitaldeasturias.com\\\/noticias\\\/#postaladdress\",\"@type\":\"PostalAddress\",\"streetAddress\":\"san antonio 4,\",\"postalCode\":\"33430\",\"addressLocality\":\"Cand\\u00e1s\",\"addressRegion\":\"Asturias\",\"addressCountry\":\"ES\"}},{\"@type\":\"Person\",\"@id\":\"https:\\\/\\\/www.eldigitaldeasturias.com\\\/noticias\\\/author\\\/admin\\\/#author\",\"url\":\"https:\\\/\\\/www.eldigitaldeasturias.com\\\/noticias\\\/author\\\/admin\\\/\",\"name\":\"El Digital de Asturias\",\"image\":{\"@type\":\"ImageObject\",\"@id\":\"https:\\\/\\\/www.eldigitaldeasturias.com\\\/noticias\\\/servicios-sociales-se-volcara-con-los-vecinos-de-los-barrios-degradados-de-gijon\\\/#authorImage\",\"url\":\"https:\\\/\\\/www.eldigitaldeasturias.com\\\/noticias\\\/wp-content\\\/litespeed\\\/avatar\\\/18677e78aa0546b92d9dbf31ec7d7668.jpg?ver=1777290358\",\"width\":96,\"height\":96,\"caption\":\"El Digital de Asturias\"}},{\"@type\":\"WebPage\",\"@id\":\"https:\\\/\\\/www.eldigitaldeasturias.com\\\/noticias\\\/servicios-sociales-se-volcara-con-los-vecinos-de-los-barrios-degradados-de-gijon\\\/#webpage\",\"url\":\"https:\\\/\\\/www.eldigitaldeasturias.com\\\/noticias\\\/servicios-sociales-se-volcara-con-los-vecinos-de-los-barrios-degradados-de-gijon\\\/\",\"name\":\"Servicios Sociales se volcar\\u00e1 con los vecinos de los barrios degradados de Gij\\u00f3n - El Digital de Asturias\",\"description\":\"La Fundaci\\u00f3n Municipal de Servicios Sociales (FMSS) ha aprobado la convocatoria de ayudas sociales para los propietarios de viviendas con escaso nivel de renta que hayan visto disminuidas sus prestaciones en los ejercicios 2013 a 2016 como consecuencia de haber percibido ayudas municipales para la rehabilitaci\\u00f3n de fachadas. Entre los requisitos est\\u00e1 el es ser\",\"inLanguage\":\"es-ES\",\"isPartOf\":{\"@id\":\"https:\\\/\\\/www.eldigitaldeasturias.com\\\/noticias\\\/#website\"},\"breadcrumb\":{\"@id\":\"https:\\\/\\\/www.eldigitaldeasturias.com\\\/noticias\\\/servicios-sociales-se-volcara-con-los-vecinos-de-los-barrios-degradados-de-gijon\\\/#breadcrumblist\"},\"author\":{\"@id\":\"https:\\\/\\\/www.eldigitaldeasturias.com\\\/noticias\\\/author\\\/admin\\\/#author\"},\"creator\":{\"@id\":\"https:\\\/\\\/www.eldigitaldeasturias.com\\\/noticias\\\/author\\\/admin\\\/#author\"},\"image\":{\"@type\":\"ImageObject\",\"url\":\"https:\\\/\\\/www.eldigitaldeasturias.com\\\/noticias\\\/wp-content\\\/uploads\\\/2013\\\/09\\\/gijon1.jpg\",\"@id\":\"https:\\\/\\\/www.eldigitaldeasturias.com\\\/noticias\\\/servicios-sociales-se-volcara-con-los-vecinos-de-los-barrios-degradados-de-gijon\\\/#mainImage\"},\"primaryImageOfPage\":{\"@id\":\"https:\\\/\\\/www.eldigitaldeasturias.com\\\/noticias\\\/servicios-sociales-se-volcara-con-los-vecinos-de-los-barrios-degradados-de-gijon\\\/#mainImage\"},\"datePublished\":\"2016-09-21T02:46:14+02:00\",\"dateModified\":\"2016-09-21T02:46:14+02:00\"},{\"@type\":\"WebSite\",\"@id\":\"https:\\\/\\\/www.eldigitaldeasturias.com\\\/noticias\\\/#website\",\"url\":\"https:\\\/\\\/www.eldigitaldeasturias.com\\\/noticias\\\/\",\"name\":\"El Digital de Asturias - Diario de actualidad y noticias\",\"alternateName\":\"El Digital de Asturias - Diario de actualidad y noticias\",\"description\":\"Hemeroteca\",\"inLanguage\":\"es-ES\",\"publisher\":{\"@id\":\"https:\\\/\\\/www.eldigitaldeasturias.com\\\/noticias\\\/#organization\"}}]}\n\t\t<\/script>\n\t\t<!-- All in One SEO Pro -->\r\n\t\t<title>Servicios Sociales se volcar\u00e1 con los vecinos de los barrios degradados de Gij\u00f3n - El Digital de Asturias<\/title>\n\n","aioseo_head_json":{"title":"Servicios Sociales se volcar\u00e1 con los vecinos de los barrios degradados de Gij\u00f3n - El Digital de Asturias","description":"La Fundaci\u00f3n Municipal de Servicios Sociales (FMSS) ha aprobado la convocatoria de ayudas sociales para los propietarios de viviendas con escaso nivel de renta que hayan visto disminuidas sus prestaciones en los ejercicios 2013 a 2016 como consecuencia de haber percibido ayudas municipales para la rehabilitaci\u00f3n de fachadas. Entre los requisitos est\u00e1 el es ser","canonical_url":"https:\/\/www.eldigitaldeasturias.com\/noticias\/servicios-sociales-se-volcara-con-los-vecinos-de-los-barrios-degradados-de-gijon\/","robots":"max-image-preview:large","keywords":"actualidad asturias","webmasterTools":{"google-site-verification":"UA-38556648-1","msvalidate.01":"7dfe9f3f1b24437ab69f4f2559babe99","miscellaneous":""},"schema":{"@context":"https:\/\/schema.org","@graph":[{"@type":"BlogPosting","@id":"https:\/\/www.eldigitaldeasturias.com\/noticias\/servicios-sociales-se-volcara-con-los-vecinos-de-los-barrios-degradados-de-gijon\/#blogposting","name":"Servicios Sociales se volcar\u00e1 con los vecinos de los barrios degradados de Gij\u00f3n - El Digital de Asturias","headline":"Servicios Sociales se volcar\u00e1 con los vecinos de los barrios degradados de Gij\u00f3n","author":{"@id":"https:\/\/www.eldigitaldeasturias.com\/noticias\/author\/admin\/#author"},"publisher":{"@id":"https:\/\/www.eldigitaldeasturias.com\/noticias\/#organization"},"image":{"@type":"ImageObject","url":"https:\/\/www.eldigitaldeasturias.com\/noticias\/wp-content\/uploads\/2013\/09\/gijon1.jpg"},"datePublished":"2016-09-21T02:46:14+02:00","dateModified":"2016-09-21T02:46:14+02:00","inLanguage":"es-ES","mainEntityOfPage":{"@id":"https:\/\/www.eldigitaldeasturias.com\/noticias\/servicios-sociales-se-volcara-con-los-vecinos-de-los-barrios-degradados-de-gijon\/#webpage"},"isPartOf":{"@id":"https:\/\/www.eldigitaldeasturias.com\/noticias\/servicios-sociales-se-volcara-con-los-vecinos-de-los-barrios-degradados-de-gijon\/#webpage"},"articleSection":"Actualidad Asturias"},{"@type":"BreadcrumbList","@id":"https:\/\/www.eldigitaldeasturias.com\/noticias\/servicios-sociales-se-volcara-con-los-vecinos-de-los-barrios-degradados-de-gijon\/#breadcrumblist","itemListElement":[{"@type":"ListItem","@id":"https:\/\/www.eldigitaldeasturias.com\/noticias#listItem","position":1,"name":"Home","item":"https:\/\/www.eldigitaldeasturias.com\/noticias","nextItem":{"@type":"ListItem","@id":"https:\/\/www.eldigitaldeasturias.com\/noticias\/category\/actualidad-asturias\/#listItem","name":"Actualidad Asturias"}},{"@type":"ListItem","@id":"https:\/\/www.eldigitaldeasturias.com\/noticias\/category\/actualidad-asturias\/#listItem","position":2,"name":"Actualidad Asturias","item":"https:\/\/www.eldigitaldeasturias.com\/noticias\/category\/actualidad-asturias\/","nextItem":{"@type":"ListItem","@id":"https:\/\/www.eldigitaldeasturias.com\/noticias\/servicios-sociales-se-volcara-con-los-vecinos-de-los-barrios-degradados-de-gijon\/#listItem","name":"Servicios Sociales se volcar\u00e1 con los vecinos de los barrios degradados de Gij\u00f3n"},"previousItem":{"@type":"ListItem","@id":"https:\/\/www.eldigitaldeasturias.com\/noticias#listItem","name":"Home"}},{"@type":"ListItem","@id":"https:\/\/www.eldigitaldeasturias.com\/noticias\/servicios-sociales-se-volcara-con-los-vecinos-de-los-barrios-degradados-de-gijon\/#listItem","position":3,"name":"Servicios Sociales se volcar\u00e1 con los vecinos de los barrios degradados de Gij\u00f3n","previousItem":{"@type":"ListItem","@id":"https:\/\/www.eldigitaldeasturias.com\/noticias\/category\/actualidad-asturias\/#listItem","name":"Actualidad Asturias"}}]},{"@type":"Organization","@id":"https:\/\/www.eldigitaldeasturias.com\/noticias\/#organization","name":"El Digital de Asturias","description":"Hemeroteca","url":"https:\/\/www.eldigitaldeasturias.com\/noticias\/","email":"info@eldigitaldeasturias.com","telephone":"+34652131393","logo":{"@type":"ImageObject","url":"https:\/\/www.eldigitaldeasturias.com\/noticias\/wp-content\/uploads\/2020\/12\/EDA.jpg","@id":"https:\/\/www.eldigitaldeasturias.com\/noticias\/servicios-sociales-se-volcara-con-los-vecinos-de-los-barrios-degradados-de-gijon\/#organizationLogo","width":649,"height":297},"image":{"@id":"https:\/\/www.eldigitaldeasturias.com\/noticias\/servicios-sociales-se-volcara-con-los-vecinos-de-los-barrios-degradados-de-gijon\/#organizationLogo"},"sameAs":["https:\/\/facebook.com\/eldigitaldeasturias","https:\/\/www.youtube.com\/channel\/UCZP-2wLEB9Rv6erhFmqVnvg"],"address":{"@id":"https:\/\/www.eldigitaldeasturias.com\/noticias\/#postaladdress","@type":"PostalAddress","streetAddress":"san antonio 4,","postalCode":"33430","addressLocality":"Cand\u00e1s","addressRegion":"Asturias","addressCountry":"ES"}},{"@type":"Person","@id":"https:\/\/www.eldigitaldeasturias.com\/noticias\/author\/admin\/#author","url":"https:\/\/www.eldigitaldeasturias.com\/noticias\/author\/admin\/","name":"El Digital de Asturias","image":{"@type":"ImageObject","@id":"https:\/\/www.eldigitaldeasturias.com\/noticias\/servicios-sociales-se-volcara-con-los-vecinos-de-los-barrios-degradados-de-gijon\/#authorImage","url":"https:\/\/www.eldigitaldeasturias.com\/noticias\/wp-content\/litespeed\/avatar\/18677e78aa0546b92d9dbf31ec7d7668.jpg?ver=1777290358","width":96,"height":96,"caption":"El Digital de Asturias"}},{"@type":"WebPage","@id":"https:\/\/www.eldigitaldeasturias.com\/noticias\/servicios-sociales-se-volcara-con-los-vecinos-de-los-barrios-degradados-de-gijon\/#webpage","url":"https:\/\/www.eldigitaldeasturias.com\/noticias\/servicios-sociales-se-volcara-con-los-vecinos-de-los-barrios-degradados-de-gijon\/","name":"Servicios Sociales se volcar\u00e1 con los vecinos de los barrios degradados de Gij\u00f3n - El Digital de Asturias","description":"La Fundaci\u00f3n Municipal de Servicios Sociales (FMSS) ha aprobado la convocatoria de ayudas sociales para los propietarios de viviendas con escaso nivel de renta que hayan visto disminuidas sus prestaciones en los ejercicios 2013 a 2016 como consecuencia de haber percibido ayudas municipales para la rehabilitaci\u00f3n de fachadas. Entre los requisitos est\u00e1 el es ser","inLanguage":"es-ES","isPartOf":{"@id":"https:\/\/www.eldigitaldeasturias.com\/noticias\/#website"},"breadcrumb":{"@id":"https:\/\/www.eldigitaldeasturias.com\/noticias\/servicios-sociales-se-volcara-con-los-vecinos-de-los-barrios-degradados-de-gijon\/#breadcrumblist"},"author":{"@id":"https:\/\/www.eldigitaldeasturias.com\/noticias\/author\/admin\/#author"},"creator":{"@id":"https:\/\/www.eldigitaldeasturias.com\/noticias\/author\/admin\/#author"},"image":{"@type":"ImageObject","url":"https:\/\/www.eldigitaldeasturias.com\/noticias\/wp-content\/uploads\/2013\/09\/gijon1.jpg","@id":"https:\/\/www.eldigitaldeasturias.com\/noticias\/servicios-sociales-se-volcara-con-los-vecinos-de-los-barrios-degradados-de-gijon\/#mainImage"},"primaryImageOfPage":{"@id":"https:\/\/www.eldigitaldeasturias.com\/noticias\/servicios-sociales-se-volcara-con-los-vecinos-de-los-barrios-degradados-de-gijon\/#mainImage"},"datePublished":"2016-09-21T02:46:14+02:00","dateModified":"2016-09-21T02:46:14+02:00"},{"@type":"WebSite","@id":"https:\/\/www.eldigitaldeasturias.com\/noticias\/#website","url":"https:\/\/www.eldigitaldeasturias.com\/noticias\/","name":"El Digital de Asturias - Diario de actualidad y noticias","alternateName":"El Digital de Asturias - Diario de actualidad y noticias","description":"Hemeroteca","inLanguage":"es-ES","publisher":{"@id":"https:\/\/www.eldigitaldeasturias.com\/noticias\/#organization"}}]},"og:locale":"es_ES","og:site_name":"El Digital de Asturias","og:type":"article","og:title":"Servicios Sociales se volcar\u00e1 con los vecinos de los barrios degradados de Gij\u00f3n - El Digital de Asturias","og:description":"La Fundaci\u00f3n Municipal de Servicios Sociales (FMSS) ha aprobado la convocatoria de ayudas sociales para los propietarios de viviendas con escaso nivel de renta que hayan visto disminuidas sus prestaciones en los ejercicios 2013 a 2016 como consecuencia de haber percibido ayudas municipales para la rehabilitaci\u00f3n de fachadas. Entre los requisitos est\u00e1 el es ser","og:url":"https:\/\/www.eldigitaldeasturias.com\/noticias\/servicios-sociales-se-volcara-con-los-vecinos-de-los-barrios-degradados-de-gijon\/","og:image":"https:\/\/www.eldigitaldeasturias.com\/noticias\/wp-content\/uploads\/2013\/09\/gijon1.jpg","og:image:secure_url":"https:\/\/www.eldigitaldeasturias.com\/noticias\/wp-content\/uploads\/2013\/09\/gijon1.jpg","article:tag":["actualidad asturias"],"article:published_time":"2016-09-21T01:46:14+00:00","article:modified_time":"2016-09-21T01:46:14+00:00","article:publisher":"https:\/\/facebook.com\/eldigitaldeasturias","twitter:card":"summary_large_image","twitter:title":"Servicios Sociales se volcar\u00e1 con los vecinos de los barrios degradados de Gij\u00f3n - El Digital de Asturias","twitter:description":"La Fundaci\u00f3n Municipal de Servicios Sociales (FMSS) ha aprobado la convocatoria de ayudas sociales para los propietarios de viviendas con escaso nivel de renta que hayan visto disminuidas sus prestaciones en los ejercicios 2013 a 2016 como consecuencia de haber percibido ayudas municipales para la rehabilitaci\u00f3n de fachadas. Entre los requisitos est\u00e1 el es ser","twitter:image":"https:\/\/www.eldigitaldeasturias.com\/noticias\/wp-content\/uploads\/2013\/09\/gijon1.jpg","twitter:label1":"Escrito por","twitter:data1":"El Digital de Asturias","twitter:label2":"Tiempo de lectura estimado","twitter:data2":"3 minutos"},"aioseo_meta_data":{"post_id":"908770","title":null,"description":null,"keywords":null,"keyphrases":null,"primary_term":null,"canonical_url":null,"og_title":null,"og_description":null,"og_object_type":"default","og_image_type":"default","og_image_url":null,"og_image_width":null,"og_image_height":null,"og_image_custom_url":null,"og_image_custom_fields":null,"og_video":null,"og_custom_url":null,"og_article_section":null,"og_article_tags":null,"twitter_use_og":false,"twitter_card":"default","twitter_image_type":"default","twitter_image_url":null,"twitter_image_custom_url":null,"twitter_image_custom_fields":null,"twitter_title":null,"twitter_description":null,"schema":{"blockGraphs":[],"customGraphs":[],"default":{"data":{"Article":[],"Course":[],"Dataset":[],"FAQPage":[],"Movie":[],"Person":[],"Product":[],"ProductReview":[],"Car":[],"Recipe":[],"Service":[],"SoftwareApplication":[],"WebPage":[]},"graphName":"","isEnabled":true},"graphs":[],"defaultGraph":"","defaultPostTypeGraph":""},"schema_type":null,"schema_type_options":null,"pillar_content":false,"robots_default":true,"robots_noindex":false,"robots_noarchive":false,"robots_nosnippet":false,"robots_nofollow":false,"robots_noimageindex":false,"robots_noodp":false,"robots_notranslate":false,"robots_max_snippet":null,"robots_max_videopreview":null,"robots_max_imagepreview":"large","priority":null,"frequency":null,"local_seo":null,"seo_analyzer_scan_date":"2025-11-30 17:26:10","breadcrumb_settings":null,"limit_modified_date":false,"open_ai":null,"ai":null,"created":"2020-12-21 12:02:58","updated":"2025-11-30 17:26:10"},"aioseo_breadcrumb":"<div class=\"aioseo-breadcrumbs\"><span class=\"aioseo-breadcrumb\">\n\t<a href=\"https:\/\/www.eldigitaldeasturias.com\/noticias\" title=\"Home\">Home<\/a>\n<\/span><span class=\"aioseo-breadcrumb-separator\">\u2013<\/span><span class=\"aioseo-breadcrumb\">\n\t<a href=\"https:\/\/www.eldigitaldeasturias.com\/noticias\/category\/actualidad-asturias\/\" title=\"Actualidad Asturias\">Actualidad Asturias<\/a>\n<\/span><span class=\"aioseo-breadcrumb-separator\">\u2013<\/span><span class=\"aioseo-breadcrumb\">\n\t<a href=\"https:\/\/www.eldigitaldeasturias.com\/noticias\/servicios-sociales-se-volcara-con-los-vecinos-de-los-barrios-degradados-de-gijon\/\" title=\"Servicios Sociales se volcar\u00e1 con los vecinos de los barrios degradados de Gij\u00f3n\">Servicios Sociales se volcar\u00e1 con los vecinos de los barrios degradados de Gij\u00f3n<\/a>\n<\/span><\/div>","aioseo_breadcrumb_json":[{"label":"Home","link":"https:\/\/www.eldigitaldeasturias.com\/noticias"},{"label":"Actualidad Asturias","link":"https:\/\/www.eldigitaldeasturias.com\/noticias\/category\/actualidad-asturias\/"},{"label":"Servicios Sociales se volcar\u00e1 con los vecinos de los barrios degradados de Gij\u00f3n","link":"https:\/\/www.eldigitaldeasturias.com\/noticias\/servicios-sociales-se-volcara-con-los-vecinos-de-los-barrios-degradados-de-gijon\/"}],"_links":{"self":[{"href":"https:\/\/www.eldigitaldeasturias.com\/noticias\/wp-json\/wp\/v2\/posts\/908770","targetHints":{"allow":["GET"]}}],"collection":[{"href":"https:\/\/www.eldigitaldeasturias.com\/noticias\/wp-json\/wp\/v2\/posts"}],"about":[{"href":"https:\/\/www.eldigitaldeasturias.com\/noticias\/wp-json\/wp\/v2\/types\/post"}],"author":[{"embeddable":true,"href":"https:\/\/www.eldigitaldeasturias.com\/noticias\/wp-json\/wp\/v2\/users\/1"}],"replies":[{"embeddable":true,"href":"https:\/\/www.eldigitaldeasturias.com\/noticias\/wp-json\/wp\/v2\/comments?post=908770"}],"version-history":[{"count":0,"href":"https:\/\/www.eldigitaldeasturias.com\/noticias\/wp-json\/wp\/v2\/posts\/908770\/revisions"}],"wp:featuredmedia":[{"embeddable":true,"href":"https:\/\/www.eldigitaldeasturias.com\/noticias\/wp-json\/wp\/v2\/media\/805"}],"wp:attachment":[{"href":"https:\/\/www.eldigitaldeasturias.com\/noticias\/wp-json\/wp\/v2\/media?parent=908770"}],"wp:term":[{"taxonomy":"category","embeddable":true,"href":"https:\/\/www.eldigitaldeasturias.com\/noticias\/wp-json\/wp\/v2\/categories?post=908770"},{"taxonomy":"post_tag","embeddable":true,"href":"https:\/\/www.eldigitaldeasturias.com\/noticias\/wp-json\/wp\/v2\/tags?post=908770"}],"curies":[{"name":"wp","href":"https:\/\/api.w.org\/{rel}","templated":true}]}}