{"id":908765,"date":"2016-09-21T02:29:14","date_gmt":"2016-09-21T01:29:14","guid":{"rendered":"http:\/\/www.eldigitaldeasturias.com\/noticias\/?p=908765"},"modified":"2016-09-21T02:29:14","modified_gmt":"2016-09-21T01:29:14","slug":"estefania-puente-afirma-que-se-deben-las-subvenciones-a-los-colectivos-sociales-de-2015","status":"publish","type":"post","link":"https:\/\/www.eldigitaldeasturias.com\/noticias\/estefania-puente-afirma-que-se-deben-las-subvenciones-a-los-colectivos-sociales-de-2015\/","title":{"rendered":"Estefan\u00eda Puente afirma que se deben las subvenciones a los colectivos sociales de 2015"},"content":{"rendered":"<p><img loading=\"lazy\" decoding=\"async\" class=\"alignleft size-medium wp-image-908766\" src=\"https:\/\/www.eldigitaldeasturias.com\/noticias\/wp-content\/uploads\/2016\/09\/fotonoticia_20160920181850_800-240x320.jpg\" alt=\"fotonoticia_20160920181850_800\" width=\"240\" height=\"320\" srcset=\"https:\/\/www.eldigitaldeasturias.com\/noticias\/wp-content\/uploads\/2016\/09\/fotonoticia_20160920181850_800-240x320.jpg 240w, https:\/\/www.eldigitaldeasturias.com\/noticias\/wp-content\/uploads\/2016\/09\/fotonoticia_20160920181850_800-768x1024.jpg 768w, https:\/\/www.eldigitaldeasturias.com\/noticias\/wp-content\/uploads\/2016\/09\/fotonoticia_20160920181850_800-487x650.jpg 487w, https:\/\/www.eldigitaldeasturias.com\/noticias\/wp-content\/uploads\/2016\/09\/fotonoticia_20160920181850_800.jpg 800w\" sizes=\"auto, (max-width: 240px) 100vw, 240px\" \/>La concejala de Xix\u00f3n S\u00ed Puede (XSP) del Ayuntamiento de Gij\u00f3n Estefan\u00eda Puente ha criticado al Gobierno local por no haber abonado a\u00fan el \u00faltimo pago de las subvenciones a colectivos sociales correspondiente a 2015. Seg\u00fan Puente, se adeudan unos 150.000 euros correspondientes al a\u00f1o pasado, as\u00ed como unos 260.000 de la convocatoria de 2016.<\/p>\n<p>Unos retrasos que ponen en peligro la continuidad de programas dirigidos a personas dependientes y del \u00e1mbito sociosanitario, ha remarcado Puente a trav\u00e9s de una nota de prensa. La edil ha hecho estas cr\u00edticas un a\u00f1o despu\u00e9s desde que el Equipo de Gobierno se comprometi\u00f3 a crear una Oficina de Dinamizaci\u00f3n de Subvenciones a propuesta de XSP para agilizar y resolver todas cuestiones, \u00absin que se haya hecho nada\u00bb, ha reprochado.<\/p>\n<p>Entre las asociaciones afectadas por la falta de pago ha citado a Cocemfe, para quien parte de la subvenci\u00f3n pendiente es para el transporte necesario para la rehabilitaci\u00f3n de las personas con movilidad reducida; Mar de Niebla o la Uni\u00f3n de Discapacitados del Principado de Asturias.<\/p>\n<p>A Puente, asimismo, no le vale que la Concejal\u00eda de Bienestar Social justifique las demoras por que Intervenci\u00f3n considera que hay que modificar diversos documentos para una mejor acreditaci\u00f3n. \u00abAqu\u00ed hay un problema grave de coordinaci\u00f3n. Lo que no puede ser es que la Fundaci\u00f3n Municipal de Servicios Sociales realice unas bases y no se coordine con Intervenci\u00f3n para ajustarlas y que las entidades sepan la documentaci\u00f3n que han de entregar desde el minuto uno\u00bb, ha recriminado.<\/p>\n<p>&nbsp;<\/p>\n<p>&nbsp;<\/p>\n","protected":false},"excerpt":{"rendered":"<p>La concejala de Xix\u00f3n S\u00ed Puede (XSP) del Ayuntamiento de Gij\u00f3n Estefan\u00eda Puente ha criticado al Gobierno local por no haber abonado a\u00fan el \u00faltimo pago de las subvenciones a colectivos sociales correspondiente a 2015. Seg\u00fan Puente, se adeudan unos 150.000 euros correspondientes al a\u00f1o pasado, as\u00ed como unos 260.000 de la convocatoria de 2016. [&hellip;]<\/p>\n","protected":false},"author":1,"featured_media":908766,"comment_status":"closed","ping_status":"closed","sticky":false,"template":"","format":"standard","meta":{"footnotes":""},"categories":[12],"tags":[],"class_list":["post-908765","post","type-post","status-publish","format-standard","has-post-thumbnail","hentry","category-actualidad-asturias"],"aioseo_notices":[],"aioseo_head":"\n\t\t<!-- All in One SEO Pro 4.9.6.2 - aioseo.com -->\n\t<meta name=\"description\" content=\"La concejala de Xix\u00f3n S\u00ed Puede (XSP) del Ayuntamiento de Gij\u00f3n Estefan\u00eda Puente ha criticado al Gobierno local por no haber abonado a\u00fan el \u00faltimo pago de las subvenciones a colectivos sociales correspondiente a 2015. Seg\u00fan Puente, se adeudan unos 150.000 euros correspondientes al a\u00f1o pasado, as\u00ed como unos 260.000 de la convocatoria de 2016.\" \/>\n\t<meta name=\"robots\" content=\"max-image-preview:large\" \/>\n\t<meta name=\"author\" content=\"El Digital de Asturias\"\/>\n\t<meta name=\"google-site-verification\" content=\"UA-38556648-1\" \/>\n\t<meta name=\"msvalidate.01\" content=\"7dfe9f3f1b24437ab69f4f2559babe99\" \/>\n\t<meta name=\"keywords\" content=\"actualidad asturias\" \/>\n\t<link rel=\"canonical\" href=\"https:\/\/www.eldigitaldeasturias.com\/noticias\/estefania-puente-afirma-que-se-deben-las-subvenciones-a-los-colectivos-sociales-de-2015\/\" \/>\n\t<meta name=\"generator\" content=\"All in One SEO Pro (AIOSEO) 4.9.6.2\" \/>\n\t\t<meta property=\"og:locale\" content=\"es_ES\" \/>\n\t\t<meta property=\"og:site_name\" content=\"El Digital de Asturias\" \/>\n\t\t<meta property=\"og:type\" content=\"article\" \/>\n\t\t<meta property=\"og:title\" content=\"Estefan\u00eda Puente afirma que se deben las subvenciones a los colectivos sociales de 2015 - El Digital de Asturias\" \/>\n\t\t<meta property=\"og:description\" content=\"La concejala de Xix\u00f3n S\u00ed Puede (XSP) del Ayuntamiento de Gij\u00f3n Estefan\u00eda Puente ha criticado al Gobierno local por no haber abonado a\u00fan el \u00faltimo pago de las subvenciones a colectivos sociales correspondiente a 2015. Seg\u00fan Puente, se adeudan unos 150.000 euros correspondientes al a\u00f1o pasado, as\u00ed como unos 260.000 de la convocatoria de 2016.\" \/>\n\t\t<meta property=\"og:url\" content=\"https:\/\/www.eldigitaldeasturias.com\/noticias\/estefania-puente-afirma-que-se-deben-las-subvenciones-a-los-colectivos-sociales-de-2015\/\" \/>\n\t\t<meta property=\"og:image\" content=\"https:\/\/www.eldigitaldeasturias.com\/noticias\/wp-content\/uploads\/2016\/09\/fotonoticia_20160920181850_800.jpg\" \/>\n\t\t<meta property=\"og:image:secure_url\" content=\"https:\/\/www.eldigitaldeasturias.com\/noticias\/wp-content\/uploads\/2016\/09\/fotonoticia_20160920181850_800.jpg\" \/>\n\t\t<meta property=\"og:image:width\" content=\"800\" \/>\n\t\t<meta property=\"og:image:height\" content=\"1067\" \/>\n\t\t<meta property=\"article:tag\" content=\"actualidad asturias\" \/>\n\t\t<meta property=\"article:published_time\" content=\"2016-09-21T01:29:14+00:00\" \/>\n\t\t<meta property=\"article:modified_time\" content=\"2016-09-21T01:29:14+00:00\" \/>\n\t\t<meta property=\"article:publisher\" content=\"https:\/\/facebook.com\/eldigitaldeasturias\" \/>\n\t\t<meta name=\"twitter:card\" content=\"summary_large_image\" \/>\n\t\t<meta name=\"twitter:title\" content=\"Estefan\u00eda Puente afirma que se deben las subvenciones a los colectivos sociales de 2015 - El Digital de Asturias\" \/>\n\t\t<meta name=\"twitter:description\" content=\"La concejala de Xix\u00f3n S\u00ed Puede (XSP) del Ayuntamiento de Gij\u00f3n Estefan\u00eda Puente ha criticado al Gobierno local por no haber abonado a\u00fan el \u00faltimo pago de las subvenciones a colectivos sociales correspondiente a 2015. Seg\u00fan Puente, se adeudan unos 150.000 euros correspondientes al a\u00f1o pasado, as\u00ed como unos 260.000 de la convocatoria de 2016.\" \/>\n\t\t<meta name=\"twitter:image\" content=\"https:\/\/www.eldigitaldeasturias.com\/noticias\/wp-content\/uploads\/2016\/09\/fotonoticia_20160920181850_800.jpg\" \/>\n\t\t<meta name=\"twitter:label1\" content=\"Escrito por\" \/>\n\t\t<meta name=\"twitter:data1\" content=\"El Digital de Asturias\" \/>\n\t\t<meta name=\"twitter:label2\" content=\"Tiempo de lectura estimado\" \/>\n\t\t<meta name=\"twitter:data2\" content=\"1 minuto\" \/>\n\t\t<script type=\"application\/ld+json\" class=\"aioseo-schema\">\n\t\t\t{\"@context\":\"https:\\\/\\\/schema.org\",\"@graph\":[{\"@type\":\"BlogPosting\",\"@id\":\"https:\\\/\\\/www.eldigitaldeasturias.com\\\/noticias\\\/estefania-puente-afirma-que-se-deben-las-subvenciones-a-los-colectivos-sociales-de-2015\\\/#blogposting\",\"name\":\"Estefan\\u00eda Puente afirma que se deben las subvenciones a los colectivos sociales de 2015 - El Digital de Asturias\",\"headline\":\"Estefan\\u00eda Puente afirma que se deben las subvenciones a los colectivos sociales de 2015\",\"author\":{\"@id\":\"https:\\\/\\\/www.eldigitaldeasturias.com\\\/noticias\\\/author\\\/admin\\\/#author\"},\"publisher\":{\"@id\":\"https:\\\/\\\/www.eldigitaldeasturias.com\\\/noticias\\\/#organization\"},\"image\":{\"@type\":\"ImageObject\",\"url\":\"https:\\\/\\\/www.eldigitaldeasturias.com\\\/noticias\\\/wp-content\\\/uploads\\\/2016\\\/09\\\/fotonoticia_20160920181850_800.jpg\",\"width\":800,\"height\":1067},\"datePublished\":\"2016-09-21T02:29:14+02:00\",\"dateModified\":\"2016-09-21T02:29:14+02:00\",\"inLanguage\":\"es-ES\",\"mainEntityOfPage\":{\"@id\":\"https:\\\/\\\/www.eldigitaldeasturias.com\\\/noticias\\\/estefania-puente-afirma-que-se-deben-las-subvenciones-a-los-colectivos-sociales-de-2015\\\/#webpage\"},\"isPartOf\":{\"@id\":\"https:\\\/\\\/www.eldigitaldeasturias.com\\\/noticias\\\/estefania-puente-afirma-que-se-deben-las-subvenciones-a-los-colectivos-sociales-de-2015\\\/#webpage\"},\"articleSection\":\"Actualidad Asturias\"},{\"@type\":\"BreadcrumbList\",\"@id\":\"https:\\\/\\\/www.eldigitaldeasturias.com\\\/noticias\\\/estefania-puente-afirma-que-se-deben-las-subvenciones-a-los-colectivos-sociales-de-2015\\\/#breadcrumblist\",\"itemListElement\":[{\"@type\":\"ListItem\",\"@id\":\"https:\\\/\\\/www.eldigitaldeasturias.com\\\/noticias#listItem\",\"position\":1,\"name\":\"Home\",\"item\":\"https:\\\/\\\/www.eldigitaldeasturias.com\\\/noticias\",\"nextItem\":{\"@type\":\"ListItem\",\"@id\":\"https:\\\/\\\/www.eldigitaldeasturias.com\\\/noticias\\\/category\\\/actualidad-asturias\\\/#listItem\",\"name\":\"Actualidad Asturias\"}},{\"@type\":\"ListItem\",\"@id\":\"https:\\\/\\\/www.eldigitaldeasturias.com\\\/noticias\\\/category\\\/actualidad-asturias\\\/#listItem\",\"position\":2,\"name\":\"Actualidad Asturias\",\"item\":\"https:\\\/\\\/www.eldigitaldeasturias.com\\\/noticias\\\/category\\\/actualidad-asturias\\\/\",\"nextItem\":{\"@type\":\"ListItem\",\"@id\":\"https:\\\/\\\/www.eldigitaldeasturias.com\\\/noticias\\\/estefania-puente-afirma-que-se-deben-las-subvenciones-a-los-colectivos-sociales-de-2015\\\/#listItem\",\"name\":\"Estefan\\u00eda Puente afirma que se deben las subvenciones a los colectivos sociales de 2015\"},\"previousItem\":{\"@type\":\"ListItem\",\"@id\":\"https:\\\/\\\/www.eldigitaldeasturias.com\\\/noticias#listItem\",\"name\":\"Home\"}},{\"@type\":\"ListItem\",\"@id\":\"https:\\\/\\\/www.eldigitaldeasturias.com\\\/noticias\\\/estefania-puente-afirma-que-se-deben-las-subvenciones-a-los-colectivos-sociales-de-2015\\\/#listItem\",\"position\":3,\"name\":\"Estefan\\u00eda Puente afirma que se deben las subvenciones a los colectivos sociales de 2015\",\"previousItem\":{\"@type\":\"ListItem\",\"@id\":\"https:\\\/\\\/www.eldigitaldeasturias.com\\\/noticias\\\/category\\\/actualidad-asturias\\\/#listItem\",\"name\":\"Actualidad Asturias\"}}]},{\"@type\":\"Organization\",\"@id\":\"https:\\\/\\\/www.eldigitaldeasturias.com\\\/noticias\\\/#organization\",\"name\":\"El Digital de Asturias\",\"description\":\"Hemeroteca\",\"url\":\"https:\\\/\\\/www.eldigitaldeasturias.com\\\/noticias\\\/\",\"email\":\"info@eldigitaldeasturias.com\",\"telephone\":\"+34652131393\",\"logo\":{\"@type\":\"ImageObject\",\"url\":\"https:\\\/\\\/www.eldigitaldeasturias.com\\\/noticias\\\/wp-content\\\/uploads\\\/2020\\\/12\\\/EDA.jpg\",\"@id\":\"https:\\\/\\\/www.eldigitaldeasturias.com\\\/noticias\\\/estefania-puente-afirma-que-se-deben-las-subvenciones-a-los-colectivos-sociales-de-2015\\\/#organizationLogo\",\"width\":649,\"height\":297},\"image\":{\"@id\":\"https:\\\/\\\/www.eldigitaldeasturias.com\\\/noticias\\\/estefania-puente-afirma-que-se-deben-las-subvenciones-a-los-colectivos-sociales-de-2015\\\/#organizationLogo\"},\"sameAs\":[\"https:\\\/\\\/facebook.com\\\/eldigitaldeasturias\",\"https:\\\/\\\/www.youtube.com\\\/channel\\\/UCZP-2wLEB9Rv6erhFmqVnvg\"],\"address\":{\"@id\":\"https:\\\/\\\/www.eldigitaldeasturias.com\\\/noticias\\\/#postaladdress\",\"@type\":\"PostalAddress\",\"streetAddress\":\"san antonio 4,\",\"postalCode\":\"33430\",\"addressLocality\":\"Cand\\u00e1s\",\"addressRegion\":\"Asturias\",\"addressCountry\":\"ES\"}},{\"@type\":\"Person\",\"@id\":\"https:\\\/\\\/www.eldigitaldeasturias.com\\\/noticias\\\/author\\\/admin\\\/#author\",\"url\":\"https:\\\/\\\/www.eldigitaldeasturias.com\\\/noticias\\\/author\\\/admin\\\/\",\"name\":\"El Digital de Asturias\",\"image\":{\"@type\":\"ImageObject\",\"@id\":\"https:\\\/\\\/www.eldigitaldeasturias.com\\\/noticias\\\/estefania-puente-afirma-que-se-deben-las-subvenciones-a-los-colectivos-sociales-de-2015\\\/#authorImage\",\"url\":\"https:\\\/\\\/www.eldigitaldeasturias.com\\\/noticias\\\/wp-content\\\/litespeed\\\/avatar\\\/18677e78aa0546b92d9dbf31ec7d7668.jpg?ver=1777290358\",\"width\":96,\"height\":96,\"caption\":\"El Digital de Asturias\"}},{\"@type\":\"WebPage\",\"@id\":\"https:\\\/\\\/www.eldigitaldeasturias.com\\\/noticias\\\/estefania-puente-afirma-que-se-deben-las-subvenciones-a-los-colectivos-sociales-de-2015\\\/#webpage\",\"url\":\"https:\\\/\\\/www.eldigitaldeasturias.com\\\/noticias\\\/estefania-puente-afirma-que-se-deben-las-subvenciones-a-los-colectivos-sociales-de-2015\\\/\",\"name\":\"Estefan\\u00eda Puente afirma que se deben las subvenciones a los colectivos sociales de 2015 - El Digital de Asturias\",\"description\":\"La concejala de Xix\\u00f3n S\\u00ed Puede (XSP) del Ayuntamiento de Gij\\u00f3n Estefan\\u00eda Puente ha criticado al Gobierno local por no haber abonado a\\u00fan el \\u00faltimo pago de las subvenciones a colectivos sociales correspondiente a 2015. Seg\\u00fan Puente, se adeudan unos 150.000 euros correspondientes al a\\u00f1o pasado, as\\u00ed como unos 260.000 de la convocatoria de 2016.\",\"inLanguage\":\"es-ES\",\"isPartOf\":{\"@id\":\"https:\\\/\\\/www.eldigitaldeasturias.com\\\/noticias\\\/#website\"},\"breadcrumb\":{\"@id\":\"https:\\\/\\\/www.eldigitaldeasturias.com\\\/noticias\\\/estefania-puente-afirma-que-se-deben-las-subvenciones-a-los-colectivos-sociales-de-2015\\\/#breadcrumblist\"},\"author\":{\"@id\":\"https:\\\/\\\/www.eldigitaldeasturias.com\\\/noticias\\\/author\\\/admin\\\/#author\"},\"creator\":{\"@id\":\"https:\\\/\\\/www.eldigitaldeasturias.com\\\/noticias\\\/author\\\/admin\\\/#author\"},\"image\":{\"@type\":\"ImageObject\",\"url\":\"https:\\\/\\\/www.eldigitaldeasturias.com\\\/noticias\\\/wp-content\\\/uploads\\\/2016\\\/09\\\/fotonoticia_20160920181850_800.jpg\",\"@id\":\"https:\\\/\\\/www.eldigitaldeasturias.com\\\/noticias\\\/estefania-puente-afirma-que-se-deben-las-subvenciones-a-los-colectivos-sociales-de-2015\\\/#mainImage\",\"width\":800,\"height\":1067},\"primaryImageOfPage\":{\"@id\":\"https:\\\/\\\/www.eldigitaldeasturias.com\\\/noticias\\\/estefania-puente-afirma-que-se-deben-las-subvenciones-a-los-colectivos-sociales-de-2015\\\/#mainImage\"},\"datePublished\":\"2016-09-21T02:29:14+02:00\",\"dateModified\":\"2016-09-21T02:29:14+02:00\"},{\"@type\":\"WebSite\",\"@id\":\"https:\\\/\\\/www.eldigitaldeasturias.com\\\/noticias\\\/#website\",\"url\":\"https:\\\/\\\/www.eldigitaldeasturias.com\\\/noticias\\\/\",\"name\":\"El Digital de Asturias - Diario de actualidad y noticias\",\"alternateName\":\"El Digital de Asturias - Diario de actualidad y noticias\",\"description\":\"Hemeroteca\",\"inLanguage\":\"es-ES\",\"publisher\":{\"@id\":\"https:\\\/\\\/www.eldigitaldeasturias.com\\\/noticias\\\/#organization\"}}]}\n\t\t<\/script>\n\t\t<!-- All in One SEO Pro -->\r\n\t\t<title>Estefan\u00eda Puente afirma que se deben las subvenciones a los colectivos sociales de 2015 - El Digital de Asturias<\/title>\n\n","aioseo_head_json":{"title":"Estefan\u00eda Puente afirma que se deben las subvenciones a los colectivos sociales de 2015 - El Digital de Asturias","description":"La concejala de Xix\u00f3n S\u00ed Puede (XSP) del Ayuntamiento de Gij\u00f3n Estefan\u00eda Puente ha criticado al Gobierno local por no haber abonado a\u00fan el \u00faltimo pago de las subvenciones a colectivos sociales correspondiente a 2015. Seg\u00fan Puente, se adeudan unos 150.000 euros correspondientes al a\u00f1o pasado, as\u00ed como unos 260.000 de la convocatoria de 2016.","canonical_url":"https:\/\/www.eldigitaldeasturias.com\/noticias\/estefania-puente-afirma-que-se-deben-las-subvenciones-a-los-colectivos-sociales-de-2015\/","robots":"max-image-preview:large","keywords":"actualidad asturias","webmasterTools":{"google-site-verification":"UA-38556648-1","msvalidate.01":"7dfe9f3f1b24437ab69f4f2559babe99","miscellaneous":""},"schema":{"@context":"https:\/\/schema.org","@graph":[{"@type":"BlogPosting","@id":"https:\/\/www.eldigitaldeasturias.com\/noticias\/estefania-puente-afirma-que-se-deben-las-subvenciones-a-los-colectivos-sociales-de-2015\/#blogposting","name":"Estefan\u00eda Puente afirma que se deben las subvenciones a los colectivos sociales de 2015 - El Digital de Asturias","headline":"Estefan\u00eda Puente afirma que se deben las subvenciones a los colectivos sociales de 2015","author":{"@id":"https:\/\/www.eldigitaldeasturias.com\/noticias\/author\/admin\/#author"},"publisher":{"@id":"https:\/\/www.eldigitaldeasturias.com\/noticias\/#organization"},"image":{"@type":"ImageObject","url":"https:\/\/www.eldigitaldeasturias.com\/noticias\/wp-content\/uploads\/2016\/09\/fotonoticia_20160920181850_800.jpg","width":800,"height":1067},"datePublished":"2016-09-21T02:29:14+02:00","dateModified":"2016-09-21T02:29:14+02:00","inLanguage":"es-ES","mainEntityOfPage":{"@id":"https:\/\/www.eldigitaldeasturias.com\/noticias\/estefania-puente-afirma-que-se-deben-las-subvenciones-a-los-colectivos-sociales-de-2015\/#webpage"},"isPartOf":{"@id":"https:\/\/www.eldigitaldeasturias.com\/noticias\/estefania-puente-afirma-que-se-deben-las-subvenciones-a-los-colectivos-sociales-de-2015\/#webpage"},"articleSection":"Actualidad Asturias"},{"@type":"BreadcrumbList","@id":"https:\/\/www.eldigitaldeasturias.com\/noticias\/estefania-puente-afirma-que-se-deben-las-subvenciones-a-los-colectivos-sociales-de-2015\/#breadcrumblist","itemListElement":[{"@type":"ListItem","@id":"https:\/\/www.eldigitaldeasturias.com\/noticias#listItem","position":1,"name":"Home","item":"https:\/\/www.eldigitaldeasturias.com\/noticias","nextItem":{"@type":"ListItem","@id":"https:\/\/www.eldigitaldeasturias.com\/noticias\/category\/actualidad-asturias\/#listItem","name":"Actualidad Asturias"}},{"@type":"ListItem","@id":"https:\/\/www.eldigitaldeasturias.com\/noticias\/category\/actualidad-asturias\/#listItem","position":2,"name":"Actualidad Asturias","item":"https:\/\/www.eldigitaldeasturias.com\/noticias\/category\/actualidad-asturias\/","nextItem":{"@type":"ListItem","@id":"https:\/\/www.eldigitaldeasturias.com\/noticias\/estefania-puente-afirma-que-se-deben-las-subvenciones-a-los-colectivos-sociales-de-2015\/#listItem","name":"Estefan\u00eda Puente afirma que se deben las subvenciones a los colectivos sociales de 2015"},"previousItem":{"@type":"ListItem","@id":"https:\/\/www.eldigitaldeasturias.com\/noticias#listItem","name":"Home"}},{"@type":"ListItem","@id":"https:\/\/www.eldigitaldeasturias.com\/noticias\/estefania-puente-afirma-que-se-deben-las-subvenciones-a-los-colectivos-sociales-de-2015\/#listItem","position":3,"name":"Estefan\u00eda Puente afirma que se deben las subvenciones a los colectivos sociales de 2015","previousItem":{"@type":"ListItem","@id":"https:\/\/www.eldigitaldeasturias.com\/noticias\/category\/actualidad-asturias\/#listItem","name":"Actualidad Asturias"}}]},{"@type":"Organization","@id":"https:\/\/www.eldigitaldeasturias.com\/noticias\/#organization","name":"El Digital de Asturias","description":"Hemeroteca","url":"https:\/\/www.eldigitaldeasturias.com\/noticias\/","email":"info@eldigitaldeasturias.com","telephone":"+34652131393","logo":{"@type":"ImageObject","url":"https:\/\/www.eldigitaldeasturias.com\/noticias\/wp-content\/uploads\/2020\/12\/EDA.jpg","@id":"https:\/\/www.eldigitaldeasturias.com\/noticias\/estefania-puente-afirma-que-se-deben-las-subvenciones-a-los-colectivos-sociales-de-2015\/#organizationLogo","width":649,"height":297},"image":{"@id":"https:\/\/www.eldigitaldeasturias.com\/noticias\/estefania-puente-afirma-que-se-deben-las-subvenciones-a-los-colectivos-sociales-de-2015\/#organizationLogo"},"sameAs":["https:\/\/facebook.com\/eldigitaldeasturias","https:\/\/www.youtube.com\/channel\/UCZP-2wLEB9Rv6erhFmqVnvg"],"address":{"@id":"https:\/\/www.eldigitaldeasturias.com\/noticias\/#postaladdress","@type":"PostalAddress","streetAddress":"san antonio 4,","postalCode":"33430","addressLocality":"Cand\u00e1s","addressRegion":"Asturias","addressCountry":"ES"}},{"@type":"Person","@id":"https:\/\/www.eldigitaldeasturias.com\/noticias\/author\/admin\/#author","url":"https:\/\/www.eldigitaldeasturias.com\/noticias\/author\/admin\/","name":"El Digital de Asturias","image":{"@type":"ImageObject","@id":"https:\/\/www.eldigitaldeasturias.com\/noticias\/estefania-puente-afirma-que-se-deben-las-subvenciones-a-los-colectivos-sociales-de-2015\/#authorImage","url":"https:\/\/www.eldigitaldeasturias.com\/noticias\/wp-content\/litespeed\/avatar\/18677e78aa0546b92d9dbf31ec7d7668.jpg?ver=1777290358","width":96,"height":96,"caption":"El Digital de Asturias"}},{"@type":"WebPage","@id":"https:\/\/www.eldigitaldeasturias.com\/noticias\/estefania-puente-afirma-que-se-deben-las-subvenciones-a-los-colectivos-sociales-de-2015\/#webpage","url":"https:\/\/www.eldigitaldeasturias.com\/noticias\/estefania-puente-afirma-que-se-deben-las-subvenciones-a-los-colectivos-sociales-de-2015\/","name":"Estefan\u00eda Puente afirma que se deben las subvenciones a los colectivos sociales de 2015 - El Digital de Asturias","description":"La concejala de Xix\u00f3n S\u00ed Puede (XSP) del Ayuntamiento de Gij\u00f3n Estefan\u00eda Puente ha criticado al Gobierno local por no haber abonado a\u00fan el \u00faltimo pago de las subvenciones a colectivos sociales correspondiente a 2015. Seg\u00fan Puente, se adeudan unos 150.000 euros correspondientes al a\u00f1o pasado, as\u00ed como unos 260.000 de la convocatoria de 2016.","inLanguage":"es-ES","isPartOf":{"@id":"https:\/\/www.eldigitaldeasturias.com\/noticias\/#website"},"breadcrumb":{"@id":"https:\/\/www.eldigitaldeasturias.com\/noticias\/estefania-puente-afirma-que-se-deben-las-subvenciones-a-los-colectivos-sociales-de-2015\/#breadcrumblist"},"author":{"@id":"https:\/\/www.eldigitaldeasturias.com\/noticias\/author\/admin\/#author"},"creator":{"@id":"https:\/\/www.eldigitaldeasturias.com\/noticias\/author\/admin\/#author"},"image":{"@type":"ImageObject","url":"https:\/\/www.eldigitaldeasturias.com\/noticias\/wp-content\/uploads\/2016\/09\/fotonoticia_20160920181850_800.jpg","@id":"https:\/\/www.eldigitaldeasturias.com\/noticias\/estefania-puente-afirma-que-se-deben-las-subvenciones-a-los-colectivos-sociales-de-2015\/#mainImage","width":800,"height":1067},"primaryImageOfPage":{"@id":"https:\/\/www.eldigitaldeasturias.com\/noticias\/estefania-puente-afirma-que-se-deben-las-subvenciones-a-los-colectivos-sociales-de-2015\/#mainImage"},"datePublished":"2016-09-21T02:29:14+02:00","dateModified":"2016-09-21T02:29:14+02:00"},{"@type":"WebSite","@id":"https:\/\/www.eldigitaldeasturias.com\/noticias\/#website","url":"https:\/\/www.eldigitaldeasturias.com\/noticias\/","name":"El Digital de Asturias - Diario de actualidad y noticias","alternateName":"El Digital de Asturias - Diario de actualidad y noticias","description":"Hemeroteca","inLanguage":"es-ES","publisher":{"@id":"https:\/\/www.eldigitaldeasturias.com\/noticias\/#organization"}}]},"og:locale":"es_ES","og:site_name":"El Digital de Asturias","og:type":"article","og:title":"Estefan\u00eda Puente afirma que se deben las subvenciones a los colectivos sociales de 2015 - El Digital de Asturias","og:description":"La concejala de Xix\u00f3n S\u00ed Puede (XSP) del Ayuntamiento de Gij\u00f3n Estefan\u00eda Puente ha criticado al Gobierno local por no haber abonado a\u00fan el \u00faltimo pago de las subvenciones a colectivos sociales correspondiente a 2015. Seg\u00fan Puente, se adeudan unos 150.000 euros correspondientes al a\u00f1o pasado, as\u00ed como unos 260.000 de la convocatoria de 2016.","og:url":"https:\/\/www.eldigitaldeasturias.com\/noticias\/estefania-puente-afirma-que-se-deben-las-subvenciones-a-los-colectivos-sociales-de-2015\/","og:image":"https:\/\/www.eldigitaldeasturias.com\/noticias\/wp-content\/uploads\/2016\/09\/fotonoticia_20160920181850_800.jpg","og:image:secure_url":"https:\/\/www.eldigitaldeasturias.com\/noticias\/wp-content\/uploads\/2016\/09\/fotonoticia_20160920181850_800.jpg","og:image:width":800,"og:image:height":1067,"article:tag":["actualidad asturias"],"article:published_time":"2016-09-21T01:29:14+00:00","article:modified_time":"2016-09-21T01:29:14+00:00","article:publisher":"https:\/\/facebook.com\/eldigitaldeasturias","twitter:card":"summary_large_image","twitter:title":"Estefan\u00eda Puente afirma que se deben las subvenciones a los colectivos sociales de 2015 - El Digital de Asturias","twitter:description":"La concejala de Xix\u00f3n S\u00ed Puede (XSP) del Ayuntamiento de Gij\u00f3n Estefan\u00eda Puente ha criticado al Gobierno local por no haber abonado a\u00fan el \u00faltimo pago de las subvenciones a colectivos sociales correspondiente a 2015. Seg\u00fan Puente, se adeudan unos 150.000 euros correspondientes al a\u00f1o pasado, as\u00ed como unos 260.000 de la convocatoria de 2016.","twitter:image":"https:\/\/www.eldigitaldeasturias.com\/noticias\/wp-content\/uploads\/2016\/09\/fotonoticia_20160920181850_800.jpg","twitter:label1":"Escrito por","twitter:data1":"El Digital de Asturias","twitter:label2":"Tiempo de lectura estimado","twitter:data2":"1 minuto"},"aioseo_meta_data":{"post_id":"908765","title":null,"description":null,"keywords":null,"keyphrases":null,"primary_term":null,"canonical_url":null,"og_title":null,"og_description":null,"og_object_type":"default","og_image_type":"default","og_image_url":null,"og_image_width":null,"og_image_height":null,"og_image_custom_url":null,"og_image_custom_fields":null,"og_video":null,"og_custom_url":null,"og_article_section":null,"og_article_tags":null,"twitter_use_og":false,"twitter_card":"default","twitter_image_type":"default","twitter_image_url":null,"twitter_image_custom_url":null,"twitter_image_custom_fields":null,"twitter_title":null,"twitter_description":null,"schema":{"blockGraphs":[],"customGraphs":[],"default":{"data":{"Article":[],"Course":[],"Dataset":[],"FAQPage":[],"Movie":[],"Person":[],"Product":[],"ProductReview":[],"Car":[],"Recipe":[],"Service":[],"SoftwareApplication":[],"WebPage":[]},"graphName":"","isEnabled":true},"graphs":[],"defaultGraph":"","defaultPostTypeGraph":""},"schema_type":null,"schema_type_options":null,"pillar_content":false,"robots_default":true,"robots_noindex":false,"robots_noarchive":false,"robots_nosnippet":false,"robots_nofollow":false,"robots_noimageindex":false,"robots_noodp":false,"robots_notranslate":false,"robots_max_snippet":null,"robots_max_videopreview":null,"robots_max_imagepreview":"large","priority":null,"frequency":null,"local_seo":null,"seo_analyzer_scan_date":"2025-11-30 17:24:18","breadcrumb_settings":null,"limit_modified_date":false,"open_ai":null,"ai":null,"created":"2020-12-21 13:59:51","updated":"2025-11-30 17:24:18"},"aioseo_breadcrumb":"<div class=\"aioseo-breadcrumbs\"><span class=\"aioseo-breadcrumb\">\n\t<a href=\"https:\/\/www.eldigitaldeasturias.com\/noticias\" title=\"Home\">Home<\/a>\n<\/span><span class=\"aioseo-breadcrumb-separator\">\u2013<\/span><span class=\"aioseo-breadcrumb\">\n\t<a href=\"https:\/\/www.eldigitaldeasturias.com\/noticias\/category\/actualidad-asturias\/\" title=\"Actualidad Asturias\">Actualidad Asturias<\/a>\n<\/span><span class=\"aioseo-breadcrumb-separator\">\u2013<\/span><span class=\"aioseo-breadcrumb\">\n\t<a href=\"https:\/\/www.eldigitaldeasturias.com\/noticias\/estefania-puente-afirma-que-se-deben-las-subvenciones-a-los-colectivos-sociales-de-2015\/\" title=\"Estefan\u00eda Puente afirma que se deben las subvenciones a los colectivos sociales de 2015\">Estefan\u00eda Puente afirma que se deben las subvenciones a los colectivos sociales de 2015<\/a>\n<\/span><\/div>","aioseo_breadcrumb_json":[{"label":"Home","link":"https:\/\/www.eldigitaldeasturias.com\/noticias"},{"label":"Actualidad Asturias","link":"https:\/\/www.eldigitaldeasturias.com\/noticias\/category\/actualidad-asturias\/"},{"label":"Estefan\u00eda Puente afirma que se deben las subvenciones a los colectivos sociales de 2015","link":"https:\/\/www.eldigitaldeasturias.com\/noticias\/estefania-puente-afirma-que-se-deben-las-subvenciones-a-los-colectivos-sociales-de-2015\/"}],"_links":{"self":[{"href":"https:\/\/www.eldigitaldeasturias.com\/noticias\/wp-json\/wp\/v2\/posts\/908765","targetHints":{"allow":["GET"]}}],"collection":[{"href":"https:\/\/www.eldigitaldeasturias.com\/noticias\/wp-json\/wp\/v2\/posts"}],"about":[{"href":"https:\/\/www.eldigitaldeasturias.com\/noticias\/wp-json\/wp\/v2\/types\/post"}],"author":[{"embeddable":true,"href":"https:\/\/www.eldigitaldeasturias.com\/noticias\/wp-json\/wp\/v2\/users\/1"}],"replies":[{"embeddable":true,"href":"https:\/\/www.eldigitaldeasturias.com\/noticias\/wp-json\/wp\/v2\/comments?post=908765"}],"version-history":[{"count":0,"href":"https:\/\/www.eldigitaldeasturias.com\/noticias\/wp-json\/wp\/v2\/posts\/908765\/revisions"}],"wp:featuredmedia":[{"embeddable":true,"href":"https:\/\/www.eldigitaldeasturias.com\/noticias\/wp-json\/wp\/v2\/media\/908766"}],"wp:attachment":[{"href":"https:\/\/www.eldigitaldeasturias.com\/noticias\/wp-json\/wp\/v2\/media?parent=908765"}],"wp:term":[{"taxonomy":"category","embeddable":true,"href":"https:\/\/www.eldigitaldeasturias.com\/noticias\/wp-json\/wp\/v2\/categories?post=908765"},{"taxonomy":"post_tag","embeddable":true,"href":"https:\/\/www.eldigitaldeasturias.com\/noticias\/wp-json\/wp\/v2\/tags?post=908765"}],"curies":[{"name":"wp","href":"https:\/\/api.w.org\/{rel}","templated":true}]}}