{"id":908763,"date":"2016-09-21T02:25:14","date_gmt":"2016-09-21T01:25:14","guid":{"rendered":"http:\/\/www.eldigitaldeasturias.com\/noticias\/?p=908763"},"modified":"2016-09-21T02:25:14","modified_gmt":"2016-09-21T01:25:14","slug":"gijon-se-suma-al-dia-mundial-sin-coche-con-una-gymkana","status":"publish","type":"post","link":"https:\/\/www.eldigitaldeasturias.com\/noticias\/gijon-se-suma-al-dia-mundial-sin-coche-con-una-gymkana\/","title":{"rendered":"Gij\u00f3n se suma al D\u00eda Mundial sin Coche con una gymkana"},"content":{"rendered":"<p><img loading=\"lazy\" decoding=\"async\" class=\"alignleft size-medium wp-image-805\" src=\"https:\/\/www.eldigitaldeasturias.com\/noticias\/wp-content\/uploads\/2013\/09\/gijon1-360x270.jpg\" alt=\"gijon\" width=\"360\" height=\"270\" \/>El Ayuntamiento de Gij\u00f3n, con motivo de la Semana Europea de la Movilidad 2016, ha organizado diferentes actividades, incluida una gymkana a lo largo del paseo del Muro San Lorenzo el pr\u00f3ximo d\u00eda 22, con fin de celebrar el D\u00eda Mundial sin Coche. En este caso, se cortar\u00e1 asimismo el tr\u00e1fico de veh\u00edculos a motor en la avenida de Rufo Rendueles, desde Men\u00e9ndez Pelayo a Dom\u00ednguez Gil en el sentido Ayuntamiento.<\/p>\n<p>Los colegios participar\u00e1n en horario de 11.00 a 13.30 horas y el horario libre al p\u00fablico familiar en general ser\u00e1 de 17. a 19:30 horas. Seg\u00fan una nota de prensa del Ayuntamiento, podr\u00e1n participar hasta un total de 250 personas y en la Escalerona estar\u00e1 situada la carpa de la organizaci\u00f3n.<\/p>\n<p>La edad m\u00ednima de participaci\u00f3n es de 3 a\u00f1os y se admitir\u00e1 un m\u00e1ximo de dos adultos por ni\u00f1o. Aunque no es necesaria la inscripci\u00f3n previa, se pueden apuntar &#8216;in situ&#8217; durante todo el d\u00eda o v\u00eda email:*ukids@uevents.es. En caso de agotar las 250 plazas disponibles, se seguir\u00e1 el riguroso orden de inscripci\u00f3n.<\/p>\n<p>Esta gymkana tiene como objetivo inculcar diferentes conceptos para el cuidado del Medio Ambiente y el uso de la movilidad de forma inteligente. Habr\u00e1 diez grupos de 25 participantes, tanto ni\u00f1os como familiares. Tras superar las pruebas con \u00e9xito, los participantes ser\u00e1n los portadores del \u00abPasaporte Verde\u00bb que distingue a la persona como &#8216;Experto en movilidad y cuidado del Medio Ambiente&#8217;. Tambi\u00e9n se repartir\u00e1n chalecos de se\u00f1alizaci\u00f3n y fotograf\u00edas de recuerdo.<\/p>\n<p>Asimismo, habr\u00e1 un espacio frente a la escalera cinco reservado a diversas actividades organizadas por 30 d\u00edas en bici: Taller popular de Ciclomec\u00e1nica con revisi\u00f3n gratuita de bici; Juego en la calle de promoci\u00f3n de la intermodalidad Bus+bici; Charlas y presentaciones; y una exposici\u00f3n de bicicletas de carga. Todas estas actividades se desarrollar\u00e1n en horario de 11.00 a 14.00 horas y de 17.00 a 20:00 horas.<\/p>\n<p>&nbsp;<\/p>\n<p>&nbsp;<\/p>\n<p>&nbsp;<\/p>\n","protected":false},"excerpt":{"rendered":"<p>El Ayuntamiento de Gij\u00f3n, con motivo de la Semana Europea de la Movilidad 2016, ha organizado diferentes actividades, incluida una gymkana a lo largo del paseo del Muro San Lorenzo el pr\u00f3ximo d\u00eda 22, con fin de celebrar el D\u00eda Mundial sin Coche. En este caso, se cortar\u00e1 asimismo el tr\u00e1fico de veh\u00edculos a motor [&hellip;]<\/p>\n","protected":false},"author":1,"featured_media":805,"comment_status":"closed","ping_status":"closed","sticky":false,"template":"","format":"standard","meta":{"footnotes":""},"categories":[28],"tags":[],"class_list":["post-908763","post","type-post","status-publish","format-standard","has-post-thumbnail","hentry","category-sociedad"],"aioseo_notices":[],"aioseo_head":"\n\t\t<!-- All in One SEO Pro 4.9.6.2 - aioseo.com -->\n\t<meta name=\"description\" content=\"El Ayuntamiento de Gij\u00f3n, con motivo de la Semana Europea de la Movilidad 2016, ha organizado diferentes actividades, incluida una gymkana a lo largo del paseo del Muro San Lorenzo el pr\u00f3ximo d\u00eda 22, con fin de celebrar el D\u00eda Mundial sin Coche. En este caso, se cortar\u00e1 asimismo el tr\u00e1fico de veh\u00edculos a motor\" \/>\n\t<meta name=\"robots\" content=\"max-image-preview:large\" \/>\n\t<meta name=\"author\" content=\"El Digital de Asturias\"\/>\n\t<meta name=\"google-site-verification\" content=\"UA-38556648-1\" \/>\n\t<meta name=\"msvalidate.01\" content=\"7dfe9f3f1b24437ab69f4f2559babe99\" \/>\n\t<meta name=\"keywords\" content=\"sociedad\" \/>\n\t<link rel=\"canonical\" href=\"https:\/\/www.eldigitaldeasturias.com\/noticias\/gijon-se-suma-al-dia-mundial-sin-coche-con-una-gymkana\/\" \/>\n\t<meta name=\"generator\" content=\"All in One SEO Pro (AIOSEO) 4.9.6.2\" \/>\n\t\t<meta property=\"og:locale\" content=\"es_ES\" \/>\n\t\t<meta property=\"og:site_name\" content=\"El Digital de Asturias\" \/>\n\t\t<meta property=\"og:type\" content=\"article\" \/>\n\t\t<meta property=\"og:title\" content=\"Gij\u00f3n se suma al D\u00eda Mundial sin Coche con una gymkana - El Digital de Asturias\" \/>\n\t\t<meta property=\"og:description\" content=\"El Ayuntamiento de Gij\u00f3n, con motivo de la Semana Europea de la Movilidad 2016, ha organizado diferentes actividades, incluida una gymkana a lo largo del paseo del Muro San Lorenzo el pr\u00f3ximo d\u00eda 22, con fin de celebrar el D\u00eda Mundial sin Coche. En este caso, se cortar\u00e1 asimismo el tr\u00e1fico de veh\u00edculos a motor\" \/>\n\t\t<meta property=\"og:url\" content=\"https:\/\/www.eldigitaldeasturias.com\/noticias\/gijon-se-suma-al-dia-mundial-sin-coche-con-una-gymkana\/\" \/>\n\t\t<meta property=\"og:image\" content=\"https:\/\/www.eldigitaldeasturias.com\/noticias\/wp-content\/uploads\/2013\/09\/gijon1.jpg\" \/>\n\t\t<meta property=\"og:image:secure_url\" content=\"https:\/\/www.eldigitaldeasturias.com\/noticias\/wp-content\/uploads\/2013\/09\/gijon1.jpg\" \/>\n\t\t<meta property=\"article:tag\" content=\"sociedad\" \/>\n\t\t<meta property=\"article:published_time\" content=\"2016-09-21T01:25:14+00:00\" \/>\n\t\t<meta property=\"article:modified_time\" content=\"2016-09-21T01:25:14+00:00\" \/>\n\t\t<meta property=\"article:publisher\" content=\"https:\/\/facebook.com\/eldigitaldeasturias\" \/>\n\t\t<meta name=\"twitter:card\" content=\"summary_large_image\" \/>\n\t\t<meta name=\"twitter:title\" content=\"Gij\u00f3n se suma al D\u00eda Mundial sin Coche con una gymkana - El Digital de Asturias\" \/>\n\t\t<meta name=\"twitter:description\" content=\"El Ayuntamiento de Gij\u00f3n, con motivo de la Semana Europea de la Movilidad 2016, ha organizado diferentes actividades, incluida una gymkana a lo largo del paseo del Muro San Lorenzo el pr\u00f3ximo d\u00eda 22, con fin de celebrar el D\u00eda Mundial sin Coche. En este caso, se cortar\u00e1 asimismo el tr\u00e1fico de veh\u00edculos a motor\" \/>\n\t\t<meta name=\"twitter:image\" content=\"https:\/\/www.eldigitaldeasturias.com\/noticias\/wp-content\/uploads\/2013\/09\/gijon1.jpg\" \/>\n\t\t<meta name=\"twitter:label1\" content=\"Escrito por\" \/>\n\t\t<meta name=\"twitter:data1\" content=\"El Digital de Asturias\" \/>\n\t\t<meta name=\"twitter:label2\" content=\"Tiempo de lectura estimado\" \/>\n\t\t<meta name=\"twitter:data2\" content=\"2 minutos\" \/>\n\t\t<script type=\"application\/ld+json\" class=\"aioseo-schema\">\n\t\t\t{\"@context\":\"https:\\\/\\\/schema.org\",\"@graph\":[{\"@type\":\"BlogPosting\",\"@id\":\"https:\\\/\\\/www.eldigitaldeasturias.com\\\/noticias\\\/gijon-se-suma-al-dia-mundial-sin-coche-con-una-gymkana\\\/#blogposting\",\"name\":\"Gij\\u00f3n se suma al D\\u00eda Mundial sin Coche con una gymkana - El Digital de Asturias\",\"headline\":\"Gij\\u00f3n se suma al D\\u00eda Mundial sin Coche con una gymkana\",\"author\":{\"@id\":\"https:\\\/\\\/www.eldigitaldeasturias.com\\\/noticias\\\/author\\\/admin\\\/#author\"},\"publisher\":{\"@id\":\"https:\\\/\\\/www.eldigitaldeasturias.com\\\/noticias\\\/#organization\"},\"image\":{\"@type\":\"ImageObject\",\"url\":\"https:\\\/\\\/www.eldigitaldeasturias.com\\\/noticias\\\/wp-content\\\/uploads\\\/2013\\\/09\\\/gijon1.jpg\"},\"datePublished\":\"2016-09-21T02:25:14+02:00\",\"dateModified\":\"2016-09-21T02:25:14+02:00\",\"inLanguage\":\"es-ES\",\"mainEntityOfPage\":{\"@id\":\"https:\\\/\\\/www.eldigitaldeasturias.com\\\/noticias\\\/gijon-se-suma-al-dia-mundial-sin-coche-con-una-gymkana\\\/#webpage\"},\"isPartOf\":{\"@id\":\"https:\\\/\\\/www.eldigitaldeasturias.com\\\/noticias\\\/gijon-se-suma-al-dia-mundial-sin-coche-con-una-gymkana\\\/#webpage\"},\"articleSection\":\"Sociedad\"},{\"@type\":\"BreadcrumbList\",\"@id\":\"https:\\\/\\\/www.eldigitaldeasturias.com\\\/noticias\\\/gijon-se-suma-al-dia-mundial-sin-coche-con-una-gymkana\\\/#breadcrumblist\",\"itemListElement\":[{\"@type\":\"ListItem\",\"@id\":\"https:\\\/\\\/www.eldigitaldeasturias.com\\\/noticias#listItem\",\"position\":1,\"name\":\"Home\",\"item\":\"https:\\\/\\\/www.eldigitaldeasturias.com\\\/noticias\",\"nextItem\":{\"@type\":\"ListItem\",\"@id\":\"https:\\\/\\\/www.eldigitaldeasturias.com\\\/noticias\\\/category\\\/sociedad\\\/#listItem\",\"name\":\"Sociedad\"}},{\"@type\":\"ListItem\",\"@id\":\"https:\\\/\\\/www.eldigitaldeasturias.com\\\/noticias\\\/category\\\/sociedad\\\/#listItem\",\"position\":2,\"name\":\"Sociedad\",\"item\":\"https:\\\/\\\/www.eldigitaldeasturias.com\\\/noticias\\\/category\\\/sociedad\\\/\",\"nextItem\":{\"@type\":\"ListItem\",\"@id\":\"https:\\\/\\\/www.eldigitaldeasturias.com\\\/noticias\\\/gijon-se-suma-al-dia-mundial-sin-coche-con-una-gymkana\\\/#listItem\",\"name\":\"Gij\\u00f3n se suma al D\\u00eda Mundial sin Coche con una gymkana\"},\"previousItem\":{\"@type\":\"ListItem\",\"@id\":\"https:\\\/\\\/www.eldigitaldeasturias.com\\\/noticias#listItem\",\"name\":\"Home\"}},{\"@type\":\"ListItem\",\"@id\":\"https:\\\/\\\/www.eldigitaldeasturias.com\\\/noticias\\\/gijon-se-suma-al-dia-mundial-sin-coche-con-una-gymkana\\\/#listItem\",\"position\":3,\"name\":\"Gij\\u00f3n se suma al D\\u00eda Mundial sin Coche con una gymkana\",\"previousItem\":{\"@type\":\"ListItem\",\"@id\":\"https:\\\/\\\/www.eldigitaldeasturias.com\\\/noticias\\\/category\\\/sociedad\\\/#listItem\",\"name\":\"Sociedad\"}}]},{\"@type\":\"Organization\",\"@id\":\"https:\\\/\\\/www.eldigitaldeasturias.com\\\/noticias\\\/#organization\",\"name\":\"El Digital de Asturias\",\"description\":\"Hemeroteca\",\"url\":\"https:\\\/\\\/www.eldigitaldeasturias.com\\\/noticias\\\/\",\"email\":\"info@eldigitaldeasturias.com\",\"telephone\":\"+34652131393\",\"logo\":{\"@type\":\"ImageObject\",\"url\":\"https:\\\/\\\/www.eldigitaldeasturias.com\\\/noticias\\\/wp-content\\\/uploads\\\/2020\\\/12\\\/EDA.jpg\",\"@id\":\"https:\\\/\\\/www.eldigitaldeasturias.com\\\/noticias\\\/gijon-se-suma-al-dia-mundial-sin-coche-con-una-gymkana\\\/#organizationLogo\",\"width\":649,\"height\":297},\"image\":{\"@id\":\"https:\\\/\\\/www.eldigitaldeasturias.com\\\/noticias\\\/gijon-se-suma-al-dia-mundial-sin-coche-con-una-gymkana\\\/#organizationLogo\"},\"sameAs\":[\"https:\\\/\\\/facebook.com\\\/eldigitaldeasturias\",\"https:\\\/\\\/www.youtube.com\\\/channel\\\/UCZP-2wLEB9Rv6erhFmqVnvg\"],\"address\":{\"@id\":\"https:\\\/\\\/www.eldigitaldeasturias.com\\\/noticias\\\/#postaladdress\",\"@type\":\"PostalAddress\",\"streetAddress\":\"san antonio 4,\",\"postalCode\":\"33430\",\"addressLocality\":\"Cand\\u00e1s\",\"addressRegion\":\"Asturias\",\"addressCountry\":\"ES\"}},{\"@type\":\"Person\",\"@id\":\"https:\\\/\\\/www.eldigitaldeasturias.com\\\/noticias\\\/author\\\/admin\\\/#author\",\"url\":\"https:\\\/\\\/www.eldigitaldeasturias.com\\\/noticias\\\/author\\\/admin\\\/\",\"name\":\"El Digital de Asturias\",\"image\":{\"@type\":\"ImageObject\",\"@id\":\"https:\\\/\\\/www.eldigitaldeasturias.com\\\/noticias\\\/gijon-se-suma-al-dia-mundial-sin-coche-con-una-gymkana\\\/#authorImage\",\"url\":\"https:\\\/\\\/www.eldigitaldeasturias.com\\\/noticias\\\/wp-content\\\/litespeed\\\/avatar\\\/18677e78aa0546b92d9dbf31ec7d7668.jpg?ver=1777290358\",\"width\":96,\"height\":96,\"caption\":\"El Digital de Asturias\"}},{\"@type\":\"WebPage\",\"@id\":\"https:\\\/\\\/www.eldigitaldeasturias.com\\\/noticias\\\/gijon-se-suma-al-dia-mundial-sin-coche-con-una-gymkana\\\/#webpage\",\"url\":\"https:\\\/\\\/www.eldigitaldeasturias.com\\\/noticias\\\/gijon-se-suma-al-dia-mundial-sin-coche-con-una-gymkana\\\/\",\"name\":\"Gij\\u00f3n se suma al D\\u00eda Mundial sin Coche con una gymkana - El Digital de Asturias\",\"description\":\"El Ayuntamiento de Gij\\u00f3n, con motivo de la Semana Europea de la Movilidad 2016, ha organizado diferentes actividades, incluida una gymkana a lo largo del paseo del Muro San Lorenzo el pr\\u00f3ximo d\\u00eda 22, con fin de celebrar el D\\u00eda Mundial sin Coche. En este caso, se cortar\\u00e1 asimismo el tr\\u00e1fico de veh\\u00edculos a motor\",\"inLanguage\":\"es-ES\",\"isPartOf\":{\"@id\":\"https:\\\/\\\/www.eldigitaldeasturias.com\\\/noticias\\\/#website\"},\"breadcrumb\":{\"@id\":\"https:\\\/\\\/www.eldigitaldeasturias.com\\\/noticias\\\/gijon-se-suma-al-dia-mundial-sin-coche-con-una-gymkana\\\/#breadcrumblist\"},\"author\":{\"@id\":\"https:\\\/\\\/www.eldigitaldeasturias.com\\\/noticias\\\/author\\\/admin\\\/#author\"},\"creator\":{\"@id\":\"https:\\\/\\\/www.eldigitaldeasturias.com\\\/noticias\\\/author\\\/admin\\\/#author\"},\"image\":{\"@type\":\"ImageObject\",\"url\":\"https:\\\/\\\/www.eldigitaldeasturias.com\\\/noticias\\\/wp-content\\\/uploads\\\/2013\\\/09\\\/gijon1.jpg\",\"@id\":\"https:\\\/\\\/www.eldigitaldeasturias.com\\\/noticias\\\/gijon-se-suma-al-dia-mundial-sin-coche-con-una-gymkana\\\/#mainImage\"},\"primaryImageOfPage\":{\"@id\":\"https:\\\/\\\/www.eldigitaldeasturias.com\\\/noticias\\\/gijon-se-suma-al-dia-mundial-sin-coche-con-una-gymkana\\\/#mainImage\"},\"datePublished\":\"2016-09-21T02:25:14+02:00\",\"dateModified\":\"2016-09-21T02:25:14+02:00\"},{\"@type\":\"WebSite\",\"@id\":\"https:\\\/\\\/www.eldigitaldeasturias.com\\\/noticias\\\/#website\",\"url\":\"https:\\\/\\\/www.eldigitaldeasturias.com\\\/noticias\\\/\",\"name\":\"El Digital de Asturias - Diario de actualidad y noticias\",\"alternateName\":\"El Digital de Asturias - Diario de actualidad y noticias\",\"description\":\"Hemeroteca\",\"inLanguage\":\"es-ES\",\"publisher\":{\"@id\":\"https:\\\/\\\/www.eldigitaldeasturias.com\\\/noticias\\\/#organization\"}}]}\n\t\t<\/script>\n\t\t<!-- All in One SEO Pro -->\r\n\t\t<title>Gij\u00f3n se suma al D\u00eda Mundial sin Coche con una gymkana - El Digital de Asturias<\/title>\n\n","aioseo_head_json":{"title":"Gij\u00f3n se suma al D\u00eda Mundial sin Coche con una gymkana - El Digital de Asturias","description":"El Ayuntamiento de Gij\u00f3n, con motivo de la Semana Europea de la Movilidad 2016, ha organizado diferentes actividades, incluida una gymkana a lo largo del paseo del Muro San Lorenzo el pr\u00f3ximo d\u00eda 22, con fin de celebrar el D\u00eda Mundial sin Coche. En este caso, se cortar\u00e1 asimismo el tr\u00e1fico de veh\u00edculos a motor","canonical_url":"https:\/\/www.eldigitaldeasturias.com\/noticias\/gijon-se-suma-al-dia-mundial-sin-coche-con-una-gymkana\/","robots":"max-image-preview:large","keywords":"sociedad","webmasterTools":{"google-site-verification":"UA-38556648-1","msvalidate.01":"7dfe9f3f1b24437ab69f4f2559babe99","miscellaneous":""},"schema":{"@context":"https:\/\/schema.org","@graph":[{"@type":"BlogPosting","@id":"https:\/\/www.eldigitaldeasturias.com\/noticias\/gijon-se-suma-al-dia-mundial-sin-coche-con-una-gymkana\/#blogposting","name":"Gij\u00f3n se suma al D\u00eda Mundial sin Coche con una gymkana - El Digital de Asturias","headline":"Gij\u00f3n se suma al D\u00eda Mundial sin Coche con una gymkana","author":{"@id":"https:\/\/www.eldigitaldeasturias.com\/noticias\/author\/admin\/#author"},"publisher":{"@id":"https:\/\/www.eldigitaldeasturias.com\/noticias\/#organization"},"image":{"@type":"ImageObject","url":"https:\/\/www.eldigitaldeasturias.com\/noticias\/wp-content\/uploads\/2013\/09\/gijon1.jpg"},"datePublished":"2016-09-21T02:25:14+02:00","dateModified":"2016-09-21T02:25:14+02:00","inLanguage":"es-ES","mainEntityOfPage":{"@id":"https:\/\/www.eldigitaldeasturias.com\/noticias\/gijon-se-suma-al-dia-mundial-sin-coche-con-una-gymkana\/#webpage"},"isPartOf":{"@id":"https:\/\/www.eldigitaldeasturias.com\/noticias\/gijon-se-suma-al-dia-mundial-sin-coche-con-una-gymkana\/#webpage"},"articleSection":"Sociedad"},{"@type":"BreadcrumbList","@id":"https:\/\/www.eldigitaldeasturias.com\/noticias\/gijon-se-suma-al-dia-mundial-sin-coche-con-una-gymkana\/#breadcrumblist","itemListElement":[{"@type":"ListItem","@id":"https:\/\/www.eldigitaldeasturias.com\/noticias#listItem","position":1,"name":"Home","item":"https:\/\/www.eldigitaldeasturias.com\/noticias","nextItem":{"@type":"ListItem","@id":"https:\/\/www.eldigitaldeasturias.com\/noticias\/category\/sociedad\/#listItem","name":"Sociedad"}},{"@type":"ListItem","@id":"https:\/\/www.eldigitaldeasturias.com\/noticias\/category\/sociedad\/#listItem","position":2,"name":"Sociedad","item":"https:\/\/www.eldigitaldeasturias.com\/noticias\/category\/sociedad\/","nextItem":{"@type":"ListItem","@id":"https:\/\/www.eldigitaldeasturias.com\/noticias\/gijon-se-suma-al-dia-mundial-sin-coche-con-una-gymkana\/#listItem","name":"Gij\u00f3n se suma al D\u00eda Mundial sin Coche con una gymkana"},"previousItem":{"@type":"ListItem","@id":"https:\/\/www.eldigitaldeasturias.com\/noticias#listItem","name":"Home"}},{"@type":"ListItem","@id":"https:\/\/www.eldigitaldeasturias.com\/noticias\/gijon-se-suma-al-dia-mundial-sin-coche-con-una-gymkana\/#listItem","position":3,"name":"Gij\u00f3n se suma al D\u00eda Mundial sin Coche con una gymkana","previousItem":{"@type":"ListItem","@id":"https:\/\/www.eldigitaldeasturias.com\/noticias\/category\/sociedad\/#listItem","name":"Sociedad"}}]},{"@type":"Organization","@id":"https:\/\/www.eldigitaldeasturias.com\/noticias\/#organization","name":"El Digital de Asturias","description":"Hemeroteca","url":"https:\/\/www.eldigitaldeasturias.com\/noticias\/","email":"info@eldigitaldeasturias.com","telephone":"+34652131393","logo":{"@type":"ImageObject","url":"https:\/\/www.eldigitaldeasturias.com\/noticias\/wp-content\/uploads\/2020\/12\/EDA.jpg","@id":"https:\/\/www.eldigitaldeasturias.com\/noticias\/gijon-se-suma-al-dia-mundial-sin-coche-con-una-gymkana\/#organizationLogo","width":649,"height":297},"image":{"@id":"https:\/\/www.eldigitaldeasturias.com\/noticias\/gijon-se-suma-al-dia-mundial-sin-coche-con-una-gymkana\/#organizationLogo"},"sameAs":["https:\/\/facebook.com\/eldigitaldeasturias","https:\/\/www.youtube.com\/channel\/UCZP-2wLEB9Rv6erhFmqVnvg"],"address":{"@id":"https:\/\/www.eldigitaldeasturias.com\/noticias\/#postaladdress","@type":"PostalAddress","streetAddress":"san antonio 4,","postalCode":"33430","addressLocality":"Cand\u00e1s","addressRegion":"Asturias","addressCountry":"ES"}},{"@type":"Person","@id":"https:\/\/www.eldigitaldeasturias.com\/noticias\/author\/admin\/#author","url":"https:\/\/www.eldigitaldeasturias.com\/noticias\/author\/admin\/","name":"El Digital de Asturias","image":{"@type":"ImageObject","@id":"https:\/\/www.eldigitaldeasturias.com\/noticias\/gijon-se-suma-al-dia-mundial-sin-coche-con-una-gymkana\/#authorImage","url":"https:\/\/www.eldigitaldeasturias.com\/noticias\/wp-content\/litespeed\/avatar\/18677e78aa0546b92d9dbf31ec7d7668.jpg?ver=1777290358","width":96,"height":96,"caption":"El Digital de Asturias"}},{"@type":"WebPage","@id":"https:\/\/www.eldigitaldeasturias.com\/noticias\/gijon-se-suma-al-dia-mundial-sin-coche-con-una-gymkana\/#webpage","url":"https:\/\/www.eldigitaldeasturias.com\/noticias\/gijon-se-suma-al-dia-mundial-sin-coche-con-una-gymkana\/","name":"Gij\u00f3n se suma al D\u00eda Mundial sin Coche con una gymkana - El Digital de Asturias","description":"El Ayuntamiento de Gij\u00f3n, con motivo de la Semana Europea de la Movilidad 2016, ha organizado diferentes actividades, incluida una gymkana a lo largo del paseo del Muro San Lorenzo el pr\u00f3ximo d\u00eda 22, con fin de celebrar el D\u00eda Mundial sin Coche. En este caso, se cortar\u00e1 asimismo el tr\u00e1fico de veh\u00edculos a motor","inLanguage":"es-ES","isPartOf":{"@id":"https:\/\/www.eldigitaldeasturias.com\/noticias\/#website"},"breadcrumb":{"@id":"https:\/\/www.eldigitaldeasturias.com\/noticias\/gijon-se-suma-al-dia-mundial-sin-coche-con-una-gymkana\/#breadcrumblist"},"author":{"@id":"https:\/\/www.eldigitaldeasturias.com\/noticias\/author\/admin\/#author"},"creator":{"@id":"https:\/\/www.eldigitaldeasturias.com\/noticias\/author\/admin\/#author"},"image":{"@type":"ImageObject","url":"https:\/\/www.eldigitaldeasturias.com\/noticias\/wp-content\/uploads\/2013\/09\/gijon1.jpg","@id":"https:\/\/www.eldigitaldeasturias.com\/noticias\/gijon-se-suma-al-dia-mundial-sin-coche-con-una-gymkana\/#mainImage"},"primaryImageOfPage":{"@id":"https:\/\/www.eldigitaldeasturias.com\/noticias\/gijon-se-suma-al-dia-mundial-sin-coche-con-una-gymkana\/#mainImage"},"datePublished":"2016-09-21T02:25:14+02:00","dateModified":"2016-09-21T02:25:14+02:00"},{"@type":"WebSite","@id":"https:\/\/www.eldigitaldeasturias.com\/noticias\/#website","url":"https:\/\/www.eldigitaldeasturias.com\/noticias\/","name":"El Digital de Asturias - Diario de actualidad y noticias","alternateName":"El Digital de Asturias - Diario de actualidad y noticias","description":"Hemeroteca","inLanguage":"es-ES","publisher":{"@id":"https:\/\/www.eldigitaldeasturias.com\/noticias\/#organization"}}]},"og:locale":"es_ES","og:site_name":"El Digital de Asturias","og:type":"article","og:title":"Gij\u00f3n se suma al D\u00eda Mundial sin Coche con una gymkana - El Digital de Asturias","og:description":"El Ayuntamiento de Gij\u00f3n, con motivo de la Semana Europea de la Movilidad 2016, ha organizado diferentes actividades, incluida una gymkana a lo largo del paseo del Muro San Lorenzo el pr\u00f3ximo d\u00eda 22, con fin de celebrar el D\u00eda Mundial sin Coche. En este caso, se cortar\u00e1 asimismo el tr\u00e1fico de veh\u00edculos a motor","og:url":"https:\/\/www.eldigitaldeasturias.com\/noticias\/gijon-se-suma-al-dia-mundial-sin-coche-con-una-gymkana\/","og:image":"https:\/\/www.eldigitaldeasturias.com\/noticias\/wp-content\/uploads\/2013\/09\/gijon1.jpg","og:image:secure_url":"https:\/\/www.eldigitaldeasturias.com\/noticias\/wp-content\/uploads\/2013\/09\/gijon1.jpg","article:tag":["sociedad"],"article:published_time":"2016-09-21T01:25:14+00:00","article:modified_time":"2016-09-21T01:25:14+00:00","article:publisher":"https:\/\/facebook.com\/eldigitaldeasturias","twitter:card":"summary_large_image","twitter:title":"Gij\u00f3n se suma al D\u00eda Mundial sin Coche con una gymkana - El Digital de Asturias","twitter:description":"El Ayuntamiento de Gij\u00f3n, con motivo de la Semana Europea de la Movilidad 2016, ha organizado diferentes actividades, incluida una gymkana a lo largo del paseo del Muro San Lorenzo el pr\u00f3ximo d\u00eda 22, con fin de celebrar el D\u00eda Mundial sin Coche. En este caso, se cortar\u00e1 asimismo el tr\u00e1fico de veh\u00edculos a motor","twitter:image":"https:\/\/www.eldigitaldeasturias.com\/noticias\/wp-content\/uploads\/2013\/09\/gijon1.jpg","twitter:label1":"Escrito por","twitter:data1":"El Digital de Asturias","twitter:label2":"Tiempo de lectura estimado","twitter:data2":"2 minutos"},"aioseo_meta_data":{"post_id":"908763","title":null,"description":null,"keywords":null,"keyphrases":null,"primary_term":null,"canonical_url":null,"og_title":null,"og_description":null,"og_object_type":"default","og_image_type":"default","og_image_url":null,"og_image_width":null,"og_image_height":null,"og_image_custom_url":null,"og_image_custom_fields":null,"og_video":null,"og_custom_url":null,"og_article_section":null,"og_article_tags":null,"twitter_use_og":false,"twitter_card":"default","twitter_image_type":"default","twitter_image_url":null,"twitter_image_custom_url":null,"twitter_image_custom_fields":null,"twitter_title":null,"twitter_description":null,"schema":{"blockGraphs":[],"customGraphs":[],"default":{"data":{"Article":[],"Course":[],"Dataset":[],"FAQPage":[],"Movie":[],"Person":[],"Product":[],"ProductReview":[],"Car":[],"Recipe":[],"Service":[],"SoftwareApplication":[],"WebPage":[]},"graphName":"","isEnabled":true},"graphs":[],"defaultGraph":"","defaultPostTypeGraph":""},"schema_type":null,"schema_type_options":null,"pillar_content":false,"robots_default":true,"robots_noindex":false,"robots_noarchive":false,"robots_nosnippet":false,"robots_nofollow":false,"robots_noimageindex":false,"robots_noodp":false,"robots_notranslate":false,"robots_max_snippet":null,"robots_max_videopreview":null,"robots_max_imagepreview":"large","priority":null,"frequency":null,"local_seo":null,"seo_analyzer_scan_date":"2025-11-30 17:24:17","breadcrumb_settings":null,"limit_modified_date":false,"open_ai":null,"ai":null,"created":"2020-12-21 13:59:51","updated":"2025-11-30 17:24:17"},"aioseo_breadcrumb":"<div class=\"aioseo-breadcrumbs\"><span class=\"aioseo-breadcrumb\">\n\t<a href=\"https:\/\/www.eldigitaldeasturias.com\/noticias\" title=\"Home\">Home<\/a>\n<\/span><span class=\"aioseo-breadcrumb-separator\">\u2013<\/span><span class=\"aioseo-breadcrumb\">\n\t<a href=\"https:\/\/www.eldigitaldeasturias.com\/noticias\/category\/sociedad\/\" title=\"Sociedad\">Sociedad<\/a>\n<\/span><span class=\"aioseo-breadcrumb-separator\">\u2013<\/span><span class=\"aioseo-breadcrumb\">\n\t<a href=\"https:\/\/www.eldigitaldeasturias.com\/noticias\/gijon-se-suma-al-dia-mundial-sin-coche-con-una-gymkana\/\" title=\"Gij\u00f3n se suma al D\u00eda Mundial sin Coche con una gymkana\">Gij\u00f3n se suma al D\u00eda Mundial sin Coche con una gymkana<\/a>\n<\/span><\/div>","aioseo_breadcrumb_json":[{"label":"Home","link":"https:\/\/www.eldigitaldeasturias.com\/noticias"},{"label":"Sociedad","link":"https:\/\/www.eldigitaldeasturias.com\/noticias\/category\/sociedad\/"},{"label":"Gij\u00f3n se suma al D\u00eda Mundial sin Coche con una gymkana","link":"https:\/\/www.eldigitaldeasturias.com\/noticias\/gijon-se-suma-al-dia-mundial-sin-coche-con-una-gymkana\/"}],"_links":{"self":[{"href":"https:\/\/www.eldigitaldeasturias.com\/noticias\/wp-json\/wp\/v2\/posts\/908763","targetHints":{"allow":["GET"]}}],"collection":[{"href":"https:\/\/www.eldigitaldeasturias.com\/noticias\/wp-json\/wp\/v2\/posts"}],"about":[{"href":"https:\/\/www.eldigitaldeasturias.com\/noticias\/wp-json\/wp\/v2\/types\/post"}],"author":[{"embeddable":true,"href":"https:\/\/www.eldigitaldeasturias.com\/noticias\/wp-json\/wp\/v2\/users\/1"}],"replies":[{"embeddable":true,"href":"https:\/\/www.eldigitaldeasturias.com\/noticias\/wp-json\/wp\/v2\/comments?post=908763"}],"version-history":[{"count":0,"href":"https:\/\/www.eldigitaldeasturias.com\/noticias\/wp-json\/wp\/v2\/posts\/908763\/revisions"}],"wp:featuredmedia":[{"embeddable":true,"href":"https:\/\/www.eldigitaldeasturias.com\/noticias\/wp-json\/wp\/v2\/media\/805"}],"wp:attachment":[{"href":"https:\/\/www.eldigitaldeasturias.com\/noticias\/wp-json\/wp\/v2\/media?parent=908763"}],"wp:term":[{"taxonomy":"category","embeddable":true,"href":"https:\/\/www.eldigitaldeasturias.com\/noticias\/wp-json\/wp\/v2\/categories?post=908763"},{"taxonomy":"post_tag","embeddable":true,"href":"https:\/\/www.eldigitaldeasturias.com\/noticias\/wp-json\/wp\/v2\/tags?post=908763"}],"curies":[{"name":"wp","href":"https:\/\/api.w.org\/{rel}","templated":true}]}}