{"id":908760,"date":"2016-09-21T02:21:35","date_gmt":"2016-09-21T01:21:35","guid":{"rendered":"http:\/\/www.eldigitaldeasturias.com\/noticias\/?p=908760"},"modified":"2016-09-21T02:21:35","modified_gmt":"2016-09-21T01:21:35","slug":"genaro-alonso-anuncia-cambios-para-las-futuras-convocatorias-de-secundaria","status":"publish","type":"post","link":"https:\/\/www.eldigitaldeasturias.com\/noticias\/genaro-alonso-anuncia-cambios-para-las-futuras-convocatorias-de-secundaria\/","title":{"rendered":"Genaro Alonso anuncia cambios para las futuras convocatorias de Secundaria"},"content":{"rendered":"<p><img loading=\"lazy\" decoding=\"async\" class=\"alignleft size-medium wp-image-908761\" src=\"https:\/\/www.eldigitaldeasturias.com\/noticias\/wp-content\/uploads\/2016\/09\/fotonoticia_20160920175236_800-360x247.jpg\" alt=\"fotonoticia_20160920175236_800\" width=\"360\" height=\"247\" srcset=\"https:\/\/www.eldigitaldeasturias.com\/noticias\/wp-content\/uploads\/2016\/09\/fotonoticia_20160920175236_800-360x247.jpg 360w, https:\/\/www.eldigitaldeasturias.com\/noticias\/wp-content\/uploads\/2016\/09\/fotonoticia_20160920175236_800-768x526.jpg 768w, https:\/\/www.eldigitaldeasturias.com\/noticias\/wp-content\/uploads\/2016\/09\/fotonoticia_20160920175236_800-650x445.jpg 650w, https:\/\/www.eldigitaldeasturias.com\/noticias\/wp-content\/uploads\/2016\/09\/fotonoticia_20160920175236_800-210x144.jpg 210w, https:\/\/www.eldigitaldeasturias.com\/noticias\/wp-content\/uploads\/2016\/09\/fotonoticia_20160920175236_800.jpg 800w\" sizes=\"auto, (max-width: 360px) 100vw, 360px\" \/>El consejero de Educaci\u00f3n del Gobierno asturiano, Genaro Alonso, ha mostrado este martes un grado de \u00absatisfacci\u00f3n alta\u00bb sobre el proceso de oposiciones a docentes de Secundaria celebradas el pasado 20 de junio. No obstante, Alonso ha reconocido que hay aspectos que pueden a\u00fan mejorarse en futuras convocatorias.<\/p>\n<p>En una comisi\u00f3n parlamentaria, tras ser preguntado por el PP sobre el asunto, Alonso ha explicado que habr\u00e1 cambios en futuras convocatorias similares, una vez analizado el proceso. Una de las variaciones se referir\u00e1 a evitar que toda la fase de selecci\u00f3n coincida con la actividad lectiva de los centros.<\/p>\n<p>Otro cambi\u00f3 que se va a buscar, seg\u00fan el dirigente asturiano, es tener en cuenta las convocatorias de otras comunidades aut\u00f3nomas para convocar la primera prueba de la oposici\u00f3n. Se trata de dos anuncios que agradaron al diputado del PP David Gonz\u00e1lez Medina, que lament\u00f3 que el proceso hubiese supuesto un \u00abefecto llamada\u00bb para candidatos de otras comunidades cuando Asturias \u00abno est\u00e1 para perder ni un puesto de trabajo\u00bb.<\/p>\n<p>Genaro Alonso tambi\u00e9n ha anunciado que se modificar\u00e1n los tiempos de la parte pr\u00e1ctica, ya que fueron escasos, y que se mejorar\u00e1n las infraestructuras y los medios materiales. No obstante, el dirigente ha insistido en su satisfacci\u00f3n por un proceso \u00abtan complejo\u00bb, al que han acudido 8.000 aspirantes y han participado 80 tribunales.<\/p>\n<p>&nbsp;<\/p>\n<p>&nbsp;<\/p>\n","protected":false},"excerpt":{"rendered":"<p>El consejero de Educaci\u00f3n del Gobierno asturiano, Genaro Alonso, ha mostrado este martes un grado de \u00absatisfacci\u00f3n alta\u00bb sobre el proceso de oposiciones a docentes de Secundaria celebradas el pasado 20 de junio. No obstante, Alonso ha reconocido que hay aspectos que pueden a\u00fan mejorarse en futuras convocatorias. En una comisi\u00f3n parlamentaria, tras ser preguntado [&hellip;]<\/p>\n","protected":false},"author":1,"featured_media":908761,"comment_status":"closed","ping_status":"closed","sticky":false,"template":"","format":"standard","meta":{"footnotes":""},"categories":[12],"tags":[],"class_list":["post-908760","post","type-post","status-publish","format-standard","has-post-thumbnail","hentry","category-actualidad-asturias"],"aioseo_notices":[],"aioseo_head":"\n\t\t<!-- All in One SEO Pro 4.9.6.2 - aioseo.com -->\n\t<meta name=\"description\" content=\"El consejero de Educaci\u00f3n del Gobierno asturiano, Genaro Alonso, ha mostrado este martes un grado de &quot;satisfacci\u00f3n alta&quot; sobre el proceso de oposiciones a docentes de Secundaria celebradas el pasado 20 de junio. No obstante, Alonso ha reconocido que hay aspectos que pueden a\u00fan mejorarse en futuras convocatorias. En una comisi\u00f3n parlamentaria, tras ser preguntado\" \/>\n\t<meta name=\"robots\" content=\"max-image-preview:large\" \/>\n\t<meta name=\"author\" content=\"El Digital de Asturias\"\/>\n\t<meta name=\"google-site-verification\" content=\"UA-38556648-1\" \/>\n\t<meta name=\"msvalidate.01\" content=\"7dfe9f3f1b24437ab69f4f2559babe99\" \/>\n\t<meta name=\"keywords\" content=\"actualidad asturias\" \/>\n\t<link rel=\"canonical\" href=\"https:\/\/www.eldigitaldeasturias.com\/noticias\/genaro-alonso-anuncia-cambios-para-las-futuras-convocatorias-de-secundaria\/\" \/>\n\t<meta name=\"generator\" content=\"All in One SEO Pro (AIOSEO) 4.9.6.2\" \/>\n\t\t<meta property=\"og:locale\" content=\"es_ES\" \/>\n\t\t<meta property=\"og:site_name\" content=\"El Digital de Asturias\" \/>\n\t\t<meta property=\"og:type\" content=\"article\" \/>\n\t\t<meta property=\"og:title\" content=\"Genaro Alonso anuncia cambios para las futuras convocatorias de Secundaria - El Digital de Asturias\" \/>\n\t\t<meta property=\"og:description\" content=\"El consejero de Educaci\u00f3n del Gobierno asturiano, Genaro Alonso, ha mostrado este martes un grado de &quot;satisfacci\u00f3n alta&quot; sobre el proceso de oposiciones a docentes de Secundaria celebradas el pasado 20 de junio. No obstante, Alonso ha reconocido que hay aspectos que pueden a\u00fan mejorarse en futuras convocatorias. En una comisi\u00f3n parlamentaria, tras ser preguntado\" \/>\n\t\t<meta property=\"og:url\" content=\"https:\/\/www.eldigitaldeasturias.com\/noticias\/genaro-alonso-anuncia-cambios-para-las-futuras-convocatorias-de-secundaria\/\" \/>\n\t\t<meta property=\"og:image\" content=\"https:\/\/www.eldigitaldeasturias.com\/noticias\/wp-content\/uploads\/2016\/09\/fotonoticia_20160920175236_800.jpg\" \/>\n\t\t<meta property=\"og:image:secure_url\" content=\"https:\/\/www.eldigitaldeasturias.com\/noticias\/wp-content\/uploads\/2016\/09\/fotonoticia_20160920175236_800.jpg\" \/>\n\t\t<meta property=\"og:image:width\" content=\"800\" \/>\n\t\t<meta property=\"og:image:height\" content=\"548\" \/>\n\t\t<meta property=\"article:tag\" content=\"actualidad asturias\" \/>\n\t\t<meta property=\"article:published_time\" content=\"2016-09-21T01:21:35+00:00\" \/>\n\t\t<meta property=\"article:modified_time\" content=\"2016-09-21T01:21:35+00:00\" \/>\n\t\t<meta property=\"article:publisher\" content=\"https:\/\/facebook.com\/eldigitaldeasturias\" \/>\n\t\t<meta name=\"twitter:card\" content=\"summary_large_image\" \/>\n\t\t<meta name=\"twitter:title\" content=\"Genaro Alonso anuncia cambios para las futuras convocatorias de Secundaria - El Digital de Asturias\" \/>\n\t\t<meta name=\"twitter:description\" content=\"El consejero de Educaci\u00f3n del Gobierno asturiano, Genaro Alonso, ha mostrado este martes un grado de &quot;satisfacci\u00f3n alta&quot; sobre el proceso de oposiciones a docentes de Secundaria celebradas el pasado 20 de junio. No obstante, Alonso ha reconocido que hay aspectos que pueden a\u00fan mejorarse en futuras convocatorias. En una comisi\u00f3n parlamentaria, tras ser preguntado\" \/>\n\t\t<meta name=\"twitter:image\" content=\"https:\/\/www.eldigitaldeasturias.com\/noticias\/wp-content\/uploads\/2016\/09\/fotonoticia_20160920175236_800.jpg\" \/>\n\t\t<meta name=\"twitter:label1\" content=\"Escrito por\" \/>\n\t\t<meta name=\"twitter:data1\" content=\"El Digital de Asturias\" \/>\n\t\t<meta name=\"twitter:label2\" content=\"Tiempo de lectura estimado\" \/>\n\t\t<meta name=\"twitter:data2\" content=\"1 minuto\" \/>\n\t\t<script type=\"application\/ld+json\" class=\"aioseo-schema\">\n\t\t\t{\"@context\":\"https:\\\/\\\/schema.org\",\"@graph\":[{\"@type\":\"BlogPosting\",\"@id\":\"https:\\\/\\\/www.eldigitaldeasturias.com\\\/noticias\\\/genaro-alonso-anuncia-cambios-para-las-futuras-convocatorias-de-secundaria\\\/#blogposting\",\"name\":\"Genaro Alonso anuncia cambios para las futuras convocatorias de Secundaria - El Digital de Asturias\",\"headline\":\"Genaro Alonso anuncia cambios para las futuras convocatorias de Secundaria\",\"author\":{\"@id\":\"https:\\\/\\\/www.eldigitaldeasturias.com\\\/noticias\\\/author\\\/admin\\\/#author\"},\"publisher\":{\"@id\":\"https:\\\/\\\/www.eldigitaldeasturias.com\\\/noticias\\\/#organization\"},\"image\":{\"@type\":\"ImageObject\",\"url\":\"https:\\\/\\\/www.eldigitaldeasturias.com\\\/noticias\\\/wp-content\\\/uploads\\\/2016\\\/09\\\/fotonoticia_20160920175236_800.jpg\",\"width\":800,\"height\":548},\"datePublished\":\"2016-09-21T02:21:35+02:00\",\"dateModified\":\"2016-09-21T02:21:35+02:00\",\"inLanguage\":\"es-ES\",\"mainEntityOfPage\":{\"@id\":\"https:\\\/\\\/www.eldigitaldeasturias.com\\\/noticias\\\/genaro-alonso-anuncia-cambios-para-las-futuras-convocatorias-de-secundaria\\\/#webpage\"},\"isPartOf\":{\"@id\":\"https:\\\/\\\/www.eldigitaldeasturias.com\\\/noticias\\\/genaro-alonso-anuncia-cambios-para-las-futuras-convocatorias-de-secundaria\\\/#webpage\"},\"articleSection\":\"Actualidad Asturias\"},{\"@type\":\"BreadcrumbList\",\"@id\":\"https:\\\/\\\/www.eldigitaldeasturias.com\\\/noticias\\\/genaro-alonso-anuncia-cambios-para-las-futuras-convocatorias-de-secundaria\\\/#breadcrumblist\",\"itemListElement\":[{\"@type\":\"ListItem\",\"@id\":\"https:\\\/\\\/www.eldigitaldeasturias.com\\\/noticias#listItem\",\"position\":1,\"name\":\"Home\",\"item\":\"https:\\\/\\\/www.eldigitaldeasturias.com\\\/noticias\",\"nextItem\":{\"@type\":\"ListItem\",\"@id\":\"https:\\\/\\\/www.eldigitaldeasturias.com\\\/noticias\\\/category\\\/actualidad-asturias\\\/#listItem\",\"name\":\"Actualidad Asturias\"}},{\"@type\":\"ListItem\",\"@id\":\"https:\\\/\\\/www.eldigitaldeasturias.com\\\/noticias\\\/category\\\/actualidad-asturias\\\/#listItem\",\"position\":2,\"name\":\"Actualidad Asturias\",\"item\":\"https:\\\/\\\/www.eldigitaldeasturias.com\\\/noticias\\\/category\\\/actualidad-asturias\\\/\",\"nextItem\":{\"@type\":\"ListItem\",\"@id\":\"https:\\\/\\\/www.eldigitaldeasturias.com\\\/noticias\\\/genaro-alonso-anuncia-cambios-para-las-futuras-convocatorias-de-secundaria\\\/#listItem\",\"name\":\"Genaro Alonso anuncia cambios para las futuras convocatorias de Secundaria\"},\"previousItem\":{\"@type\":\"ListItem\",\"@id\":\"https:\\\/\\\/www.eldigitaldeasturias.com\\\/noticias#listItem\",\"name\":\"Home\"}},{\"@type\":\"ListItem\",\"@id\":\"https:\\\/\\\/www.eldigitaldeasturias.com\\\/noticias\\\/genaro-alonso-anuncia-cambios-para-las-futuras-convocatorias-de-secundaria\\\/#listItem\",\"position\":3,\"name\":\"Genaro Alonso anuncia cambios para las futuras convocatorias de Secundaria\",\"previousItem\":{\"@type\":\"ListItem\",\"@id\":\"https:\\\/\\\/www.eldigitaldeasturias.com\\\/noticias\\\/category\\\/actualidad-asturias\\\/#listItem\",\"name\":\"Actualidad Asturias\"}}]},{\"@type\":\"Organization\",\"@id\":\"https:\\\/\\\/www.eldigitaldeasturias.com\\\/noticias\\\/#organization\",\"name\":\"El Digital de Asturias\",\"description\":\"Hemeroteca\",\"url\":\"https:\\\/\\\/www.eldigitaldeasturias.com\\\/noticias\\\/\",\"email\":\"info@eldigitaldeasturias.com\",\"telephone\":\"+34652131393\",\"logo\":{\"@type\":\"ImageObject\",\"url\":\"https:\\\/\\\/www.eldigitaldeasturias.com\\\/noticias\\\/wp-content\\\/uploads\\\/2020\\\/12\\\/EDA.jpg\",\"@id\":\"https:\\\/\\\/www.eldigitaldeasturias.com\\\/noticias\\\/genaro-alonso-anuncia-cambios-para-las-futuras-convocatorias-de-secundaria\\\/#organizationLogo\",\"width\":649,\"height\":297},\"image\":{\"@id\":\"https:\\\/\\\/www.eldigitaldeasturias.com\\\/noticias\\\/genaro-alonso-anuncia-cambios-para-las-futuras-convocatorias-de-secundaria\\\/#organizationLogo\"},\"sameAs\":[\"https:\\\/\\\/facebook.com\\\/eldigitaldeasturias\",\"https:\\\/\\\/www.youtube.com\\\/channel\\\/UCZP-2wLEB9Rv6erhFmqVnvg\"],\"address\":{\"@id\":\"https:\\\/\\\/www.eldigitaldeasturias.com\\\/noticias\\\/#postaladdress\",\"@type\":\"PostalAddress\",\"streetAddress\":\"san antonio 4,\",\"postalCode\":\"33430\",\"addressLocality\":\"Cand\\u00e1s\",\"addressRegion\":\"Asturias\",\"addressCountry\":\"ES\"}},{\"@type\":\"Person\",\"@id\":\"https:\\\/\\\/www.eldigitaldeasturias.com\\\/noticias\\\/author\\\/admin\\\/#author\",\"url\":\"https:\\\/\\\/www.eldigitaldeasturias.com\\\/noticias\\\/author\\\/admin\\\/\",\"name\":\"El Digital de Asturias\",\"image\":{\"@type\":\"ImageObject\",\"@id\":\"https:\\\/\\\/www.eldigitaldeasturias.com\\\/noticias\\\/genaro-alonso-anuncia-cambios-para-las-futuras-convocatorias-de-secundaria\\\/#authorImage\",\"url\":\"https:\\\/\\\/www.eldigitaldeasturias.com\\\/noticias\\\/wp-content\\\/litespeed\\\/avatar\\\/18677e78aa0546b92d9dbf31ec7d7668.jpg?ver=1777290358\",\"width\":96,\"height\":96,\"caption\":\"El Digital de Asturias\"}},{\"@type\":\"WebPage\",\"@id\":\"https:\\\/\\\/www.eldigitaldeasturias.com\\\/noticias\\\/genaro-alonso-anuncia-cambios-para-las-futuras-convocatorias-de-secundaria\\\/#webpage\",\"url\":\"https:\\\/\\\/www.eldigitaldeasturias.com\\\/noticias\\\/genaro-alonso-anuncia-cambios-para-las-futuras-convocatorias-de-secundaria\\\/\",\"name\":\"Genaro Alonso anuncia cambios para las futuras convocatorias de Secundaria - El Digital de Asturias\",\"description\":\"El consejero de Educaci\\u00f3n del Gobierno asturiano, Genaro Alonso, ha mostrado este martes un grado de \\\"satisfacci\\u00f3n alta\\\" sobre el proceso de oposiciones a docentes de Secundaria celebradas el pasado 20 de junio. No obstante, Alonso ha reconocido que hay aspectos que pueden a\\u00fan mejorarse en futuras convocatorias. En una comisi\\u00f3n parlamentaria, tras ser preguntado\",\"inLanguage\":\"es-ES\",\"isPartOf\":{\"@id\":\"https:\\\/\\\/www.eldigitaldeasturias.com\\\/noticias\\\/#website\"},\"breadcrumb\":{\"@id\":\"https:\\\/\\\/www.eldigitaldeasturias.com\\\/noticias\\\/genaro-alonso-anuncia-cambios-para-las-futuras-convocatorias-de-secundaria\\\/#breadcrumblist\"},\"author\":{\"@id\":\"https:\\\/\\\/www.eldigitaldeasturias.com\\\/noticias\\\/author\\\/admin\\\/#author\"},\"creator\":{\"@id\":\"https:\\\/\\\/www.eldigitaldeasturias.com\\\/noticias\\\/author\\\/admin\\\/#author\"},\"image\":{\"@type\":\"ImageObject\",\"url\":\"https:\\\/\\\/www.eldigitaldeasturias.com\\\/noticias\\\/wp-content\\\/uploads\\\/2016\\\/09\\\/fotonoticia_20160920175236_800.jpg\",\"@id\":\"https:\\\/\\\/www.eldigitaldeasturias.com\\\/noticias\\\/genaro-alonso-anuncia-cambios-para-las-futuras-convocatorias-de-secundaria\\\/#mainImage\",\"width\":800,\"height\":548},\"primaryImageOfPage\":{\"@id\":\"https:\\\/\\\/www.eldigitaldeasturias.com\\\/noticias\\\/genaro-alonso-anuncia-cambios-para-las-futuras-convocatorias-de-secundaria\\\/#mainImage\"},\"datePublished\":\"2016-09-21T02:21:35+02:00\",\"dateModified\":\"2016-09-21T02:21:35+02:00\"},{\"@type\":\"WebSite\",\"@id\":\"https:\\\/\\\/www.eldigitaldeasturias.com\\\/noticias\\\/#website\",\"url\":\"https:\\\/\\\/www.eldigitaldeasturias.com\\\/noticias\\\/\",\"name\":\"El Digital de Asturias - Diario de actualidad y noticias\",\"alternateName\":\"El Digital de Asturias - Diario de actualidad y noticias\",\"description\":\"Hemeroteca\",\"inLanguage\":\"es-ES\",\"publisher\":{\"@id\":\"https:\\\/\\\/www.eldigitaldeasturias.com\\\/noticias\\\/#organization\"}}]}\n\t\t<\/script>\n\t\t<!-- All in One SEO Pro -->\r\n\t\t<title>Genaro Alonso anuncia cambios para las futuras convocatorias de Secundaria - El Digital de Asturias<\/title>\n\n","aioseo_head_json":{"title":"Genaro Alonso anuncia cambios para las futuras convocatorias de Secundaria - El Digital de Asturias","description":"El consejero de Educaci\u00f3n del Gobierno asturiano, Genaro Alonso, ha mostrado este martes un grado de \"satisfacci\u00f3n alta\" sobre el proceso de oposiciones a docentes de Secundaria celebradas el pasado 20 de junio. No obstante, Alonso ha reconocido que hay aspectos que pueden a\u00fan mejorarse en futuras convocatorias. En una comisi\u00f3n parlamentaria, tras ser preguntado","canonical_url":"https:\/\/www.eldigitaldeasturias.com\/noticias\/genaro-alonso-anuncia-cambios-para-las-futuras-convocatorias-de-secundaria\/","robots":"max-image-preview:large","keywords":"actualidad asturias","webmasterTools":{"google-site-verification":"UA-38556648-1","msvalidate.01":"7dfe9f3f1b24437ab69f4f2559babe99","miscellaneous":""},"schema":{"@context":"https:\/\/schema.org","@graph":[{"@type":"BlogPosting","@id":"https:\/\/www.eldigitaldeasturias.com\/noticias\/genaro-alonso-anuncia-cambios-para-las-futuras-convocatorias-de-secundaria\/#blogposting","name":"Genaro Alonso anuncia cambios para las futuras convocatorias de Secundaria - El Digital de Asturias","headline":"Genaro Alonso anuncia cambios para las futuras convocatorias de Secundaria","author":{"@id":"https:\/\/www.eldigitaldeasturias.com\/noticias\/author\/admin\/#author"},"publisher":{"@id":"https:\/\/www.eldigitaldeasturias.com\/noticias\/#organization"},"image":{"@type":"ImageObject","url":"https:\/\/www.eldigitaldeasturias.com\/noticias\/wp-content\/uploads\/2016\/09\/fotonoticia_20160920175236_800.jpg","width":800,"height":548},"datePublished":"2016-09-21T02:21:35+02:00","dateModified":"2016-09-21T02:21:35+02:00","inLanguage":"es-ES","mainEntityOfPage":{"@id":"https:\/\/www.eldigitaldeasturias.com\/noticias\/genaro-alonso-anuncia-cambios-para-las-futuras-convocatorias-de-secundaria\/#webpage"},"isPartOf":{"@id":"https:\/\/www.eldigitaldeasturias.com\/noticias\/genaro-alonso-anuncia-cambios-para-las-futuras-convocatorias-de-secundaria\/#webpage"},"articleSection":"Actualidad Asturias"},{"@type":"BreadcrumbList","@id":"https:\/\/www.eldigitaldeasturias.com\/noticias\/genaro-alonso-anuncia-cambios-para-las-futuras-convocatorias-de-secundaria\/#breadcrumblist","itemListElement":[{"@type":"ListItem","@id":"https:\/\/www.eldigitaldeasturias.com\/noticias#listItem","position":1,"name":"Home","item":"https:\/\/www.eldigitaldeasturias.com\/noticias","nextItem":{"@type":"ListItem","@id":"https:\/\/www.eldigitaldeasturias.com\/noticias\/category\/actualidad-asturias\/#listItem","name":"Actualidad Asturias"}},{"@type":"ListItem","@id":"https:\/\/www.eldigitaldeasturias.com\/noticias\/category\/actualidad-asturias\/#listItem","position":2,"name":"Actualidad Asturias","item":"https:\/\/www.eldigitaldeasturias.com\/noticias\/category\/actualidad-asturias\/","nextItem":{"@type":"ListItem","@id":"https:\/\/www.eldigitaldeasturias.com\/noticias\/genaro-alonso-anuncia-cambios-para-las-futuras-convocatorias-de-secundaria\/#listItem","name":"Genaro Alonso anuncia cambios para las futuras convocatorias de Secundaria"},"previousItem":{"@type":"ListItem","@id":"https:\/\/www.eldigitaldeasturias.com\/noticias#listItem","name":"Home"}},{"@type":"ListItem","@id":"https:\/\/www.eldigitaldeasturias.com\/noticias\/genaro-alonso-anuncia-cambios-para-las-futuras-convocatorias-de-secundaria\/#listItem","position":3,"name":"Genaro Alonso anuncia cambios para las futuras convocatorias de Secundaria","previousItem":{"@type":"ListItem","@id":"https:\/\/www.eldigitaldeasturias.com\/noticias\/category\/actualidad-asturias\/#listItem","name":"Actualidad Asturias"}}]},{"@type":"Organization","@id":"https:\/\/www.eldigitaldeasturias.com\/noticias\/#organization","name":"El Digital de Asturias","description":"Hemeroteca","url":"https:\/\/www.eldigitaldeasturias.com\/noticias\/","email":"info@eldigitaldeasturias.com","telephone":"+34652131393","logo":{"@type":"ImageObject","url":"https:\/\/www.eldigitaldeasturias.com\/noticias\/wp-content\/uploads\/2020\/12\/EDA.jpg","@id":"https:\/\/www.eldigitaldeasturias.com\/noticias\/genaro-alonso-anuncia-cambios-para-las-futuras-convocatorias-de-secundaria\/#organizationLogo","width":649,"height":297},"image":{"@id":"https:\/\/www.eldigitaldeasturias.com\/noticias\/genaro-alonso-anuncia-cambios-para-las-futuras-convocatorias-de-secundaria\/#organizationLogo"},"sameAs":["https:\/\/facebook.com\/eldigitaldeasturias","https:\/\/www.youtube.com\/channel\/UCZP-2wLEB9Rv6erhFmqVnvg"],"address":{"@id":"https:\/\/www.eldigitaldeasturias.com\/noticias\/#postaladdress","@type":"PostalAddress","streetAddress":"san antonio 4,","postalCode":"33430","addressLocality":"Cand\u00e1s","addressRegion":"Asturias","addressCountry":"ES"}},{"@type":"Person","@id":"https:\/\/www.eldigitaldeasturias.com\/noticias\/author\/admin\/#author","url":"https:\/\/www.eldigitaldeasturias.com\/noticias\/author\/admin\/","name":"El Digital de Asturias","image":{"@type":"ImageObject","@id":"https:\/\/www.eldigitaldeasturias.com\/noticias\/genaro-alonso-anuncia-cambios-para-las-futuras-convocatorias-de-secundaria\/#authorImage","url":"https:\/\/www.eldigitaldeasturias.com\/noticias\/wp-content\/litespeed\/avatar\/18677e78aa0546b92d9dbf31ec7d7668.jpg?ver=1777290358","width":96,"height":96,"caption":"El Digital de Asturias"}},{"@type":"WebPage","@id":"https:\/\/www.eldigitaldeasturias.com\/noticias\/genaro-alonso-anuncia-cambios-para-las-futuras-convocatorias-de-secundaria\/#webpage","url":"https:\/\/www.eldigitaldeasturias.com\/noticias\/genaro-alonso-anuncia-cambios-para-las-futuras-convocatorias-de-secundaria\/","name":"Genaro Alonso anuncia cambios para las futuras convocatorias de Secundaria - El Digital de Asturias","description":"El consejero de Educaci\u00f3n del Gobierno asturiano, Genaro Alonso, ha mostrado este martes un grado de \"satisfacci\u00f3n alta\" sobre el proceso de oposiciones a docentes de Secundaria celebradas el pasado 20 de junio. No obstante, Alonso ha reconocido que hay aspectos que pueden a\u00fan mejorarse en futuras convocatorias. En una comisi\u00f3n parlamentaria, tras ser preguntado","inLanguage":"es-ES","isPartOf":{"@id":"https:\/\/www.eldigitaldeasturias.com\/noticias\/#website"},"breadcrumb":{"@id":"https:\/\/www.eldigitaldeasturias.com\/noticias\/genaro-alonso-anuncia-cambios-para-las-futuras-convocatorias-de-secundaria\/#breadcrumblist"},"author":{"@id":"https:\/\/www.eldigitaldeasturias.com\/noticias\/author\/admin\/#author"},"creator":{"@id":"https:\/\/www.eldigitaldeasturias.com\/noticias\/author\/admin\/#author"},"image":{"@type":"ImageObject","url":"https:\/\/www.eldigitaldeasturias.com\/noticias\/wp-content\/uploads\/2016\/09\/fotonoticia_20160920175236_800.jpg","@id":"https:\/\/www.eldigitaldeasturias.com\/noticias\/genaro-alonso-anuncia-cambios-para-las-futuras-convocatorias-de-secundaria\/#mainImage","width":800,"height":548},"primaryImageOfPage":{"@id":"https:\/\/www.eldigitaldeasturias.com\/noticias\/genaro-alonso-anuncia-cambios-para-las-futuras-convocatorias-de-secundaria\/#mainImage"},"datePublished":"2016-09-21T02:21:35+02:00","dateModified":"2016-09-21T02:21:35+02:00"},{"@type":"WebSite","@id":"https:\/\/www.eldigitaldeasturias.com\/noticias\/#website","url":"https:\/\/www.eldigitaldeasturias.com\/noticias\/","name":"El Digital de Asturias - Diario de actualidad y noticias","alternateName":"El Digital de Asturias - Diario de actualidad y noticias","description":"Hemeroteca","inLanguage":"es-ES","publisher":{"@id":"https:\/\/www.eldigitaldeasturias.com\/noticias\/#organization"}}]},"og:locale":"es_ES","og:site_name":"El Digital de Asturias","og:type":"article","og:title":"Genaro Alonso anuncia cambios para las futuras convocatorias de Secundaria - El Digital de Asturias","og:description":"El consejero de Educaci\u00f3n del Gobierno asturiano, Genaro Alonso, ha mostrado este martes un grado de &quot;satisfacci\u00f3n alta&quot; sobre el proceso de oposiciones a docentes de Secundaria celebradas el pasado 20 de junio. No obstante, Alonso ha reconocido que hay aspectos que pueden a\u00fan mejorarse en futuras convocatorias. En una comisi\u00f3n parlamentaria, tras ser preguntado","og:url":"https:\/\/www.eldigitaldeasturias.com\/noticias\/genaro-alonso-anuncia-cambios-para-las-futuras-convocatorias-de-secundaria\/","og:image":"https:\/\/www.eldigitaldeasturias.com\/noticias\/wp-content\/uploads\/2016\/09\/fotonoticia_20160920175236_800.jpg","og:image:secure_url":"https:\/\/www.eldigitaldeasturias.com\/noticias\/wp-content\/uploads\/2016\/09\/fotonoticia_20160920175236_800.jpg","og:image:width":800,"og:image:height":548,"article:tag":["actualidad asturias"],"article:published_time":"2016-09-21T01:21:35+00:00","article:modified_time":"2016-09-21T01:21:35+00:00","article:publisher":"https:\/\/facebook.com\/eldigitaldeasturias","twitter:card":"summary_large_image","twitter:title":"Genaro Alonso anuncia cambios para las futuras convocatorias de Secundaria - El Digital de Asturias","twitter:description":"El consejero de Educaci\u00f3n del Gobierno asturiano, Genaro Alonso, ha mostrado este martes un grado de &quot;satisfacci\u00f3n alta&quot; sobre el proceso de oposiciones a docentes de Secundaria celebradas el pasado 20 de junio. No obstante, Alonso ha reconocido que hay aspectos que pueden a\u00fan mejorarse en futuras convocatorias. En una comisi\u00f3n parlamentaria, tras ser preguntado","twitter:image":"https:\/\/www.eldigitaldeasturias.com\/noticias\/wp-content\/uploads\/2016\/09\/fotonoticia_20160920175236_800.jpg","twitter:label1":"Escrito por","twitter:data1":"El Digital de Asturias","twitter:label2":"Tiempo de lectura estimado","twitter:data2":"1 minuto"},"aioseo_meta_data":{"post_id":"908760","title":null,"description":null,"keywords":null,"keyphrases":null,"primary_term":null,"canonical_url":null,"og_title":null,"og_description":null,"og_object_type":"default","og_image_type":"default","og_image_url":null,"og_image_width":null,"og_image_height":null,"og_image_custom_url":null,"og_image_custom_fields":null,"og_video":null,"og_custom_url":null,"og_article_section":null,"og_article_tags":null,"twitter_use_og":false,"twitter_card":"default","twitter_image_type":"default","twitter_image_url":null,"twitter_image_custom_url":null,"twitter_image_custom_fields":null,"twitter_title":null,"twitter_description":null,"schema":{"blockGraphs":[],"customGraphs":[],"default":{"data":{"Article":[],"Course":[],"Dataset":[],"FAQPage":[],"Movie":[],"Person":[],"Product":[],"ProductReview":[],"Car":[],"Recipe":[],"Service":[],"SoftwareApplication":[],"WebPage":[]},"graphName":"","isEnabled":true},"graphs":[],"defaultGraph":"","defaultPostTypeGraph":""},"schema_type":null,"schema_type_options":null,"pillar_content":false,"robots_default":true,"robots_noindex":false,"robots_noarchive":false,"robots_nosnippet":false,"robots_nofollow":false,"robots_noimageindex":false,"robots_noodp":false,"robots_notranslate":false,"robots_max_snippet":null,"robots_max_videopreview":null,"robots_max_imagepreview":"large","priority":null,"frequency":null,"local_seo":null,"seo_analyzer_scan_date":"2025-11-30 17:24:16","breadcrumb_settings":null,"limit_modified_date":false,"open_ai":null,"ai":null,"created":"2020-12-21 13:59:51","updated":"2025-11-30 17:24:16"},"aioseo_breadcrumb":"<div class=\"aioseo-breadcrumbs\"><span class=\"aioseo-breadcrumb\">\n\t<a href=\"https:\/\/www.eldigitaldeasturias.com\/noticias\" title=\"Home\">Home<\/a>\n<\/span><span class=\"aioseo-breadcrumb-separator\">\u2013<\/span><span class=\"aioseo-breadcrumb\">\n\t<a href=\"https:\/\/www.eldigitaldeasturias.com\/noticias\/category\/actualidad-asturias\/\" title=\"Actualidad Asturias\">Actualidad Asturias<\/a>\n<\/span><span class=\"aioseo-breadcrumb-separator\">\u2013<\/span><span class=\"aioseo-breadcrumb\">\n\t<a href=\"https:\/\/www.eldigitaldeasturias.com\/noticias\/genaro-alonso-anuncia-cambios-para-las-futuras-convocatorias-de-secundaria\/\" title=\"Genaro Alonso anuncia cambios para las futuras convocatorias de Secundaria\">Genaro Alonso anuncia cambios para las futuras convocatorias de Secundaria<\/a>\n<\/span><\/div>","aioseo_breadcrumb_json":[{"label":"Home","link":"https:\/\/www.eldigitaldeasturias.com\/noticias"},{"label":"Actualidad Asturias","link":"https:\/\/www.eldigitaldeasturias.com\/noticias\/category\/actualidad-asturias\/"},{"label":"Genaro Alonso anuncia cambios para las futuras convocatorias de Secundaria","link":"https:\/\/www.eldigitaldeasturias.com\/noticias\/genaro-alonso-anuncia-cambios-para-las-futuras-convocatorias-de-secundaria\/"}],"_links":{"self":[{"href":"https:\/\/www.eldigitaldeasturias.com\/noticias\/wp-json\/wp\/v2\/posts\/908760","targetHints":{"allow":["GET"]}}],"collection":[{"href":"https:\/\/www.eldigitaldeasturias.com\/noticias\/wp-json\/wp\/v2\/posts"}],"about":[{"href":"https:\/\/www.eldigitaldeasturias.com\/noticias\/wp-json\/wp\/v2\/types\/post"}],"author":[{"embeddable":true,"href":"https:\/\/www.eldigitaldeasturias.com\/noticias\/wp-json\/wp\/v2\/users\/1"}],"replies":[{"embeddable":true,"href":"https:\/\/www.eldigitaldeasturias.com\/noticias\/wp-json\/wp\/v2\/comments?post=908760"}],"version-history":[{"count":0,"href":"https:\/\/www.eldigitaldeasturias.com\/noticias\/wp-json\/wp\/v2\/posts\/908760\/revisions"}],"wp:featuredmedia":[{"embeddable":true,"href":"https:\/\/www.eldigitaldeasturias.com\/noticias\/wp-json\/wp\/v2\/media\/908761"}],"wp:attachment":[{"href":"https:\/\/www.eldigitaldeasturias.com\/noticias\/wp-json\/wp\/v2\/media?parent=908760"}],"wp:term":[{"taxonomy":"category","embeddable":true,"href":"https:\/\/www.eldigitaldeasturias.com\/noticias\/wp-json\/wp\/v2\/categories?post=908760"},{"taxonomy":"post_tag","embeddable":true,"href":"https:\/\/www.eldigitaldeasturias.com\/noticias\/wp-json\/wp\/v2\/tags?post=908760"}],"curies":[{"name":"wp","href":"https:\/\/api.w.org\/{rel}","templated":true}]}}