{"id":908758,"date":"2016-09-21T02:14:02","date_gmt":"2016-09-21T01:14:02","guid":{"rendered":"http:\/\/www.eldigitaldeasturias.com\/noticias\/?p=908758"},"modified":"2016-09-21T02:14:02","modified_gmt":"2016-09-21T01:14:02","slug":"jesus-martinez-salvador-hace-un-balance-positivo-del-verano-de-gijon","status":"publish","type":"post","link":"https:\/\/www.eldigitaldeasturias.com\/noticias\/jesus-martinez-salvador-hace-un-balance-positivo-del-verano-de-gijon\/","title":{"rendered":"Jes\u00fas Mart\u00ednez Salvador hace un balance positivo del verano de Gij\u00f3n"},"content":{"rendered":"<p><img loading=\"lazy\" decoding=\"async\" class=\"alignleft size-medium wp-image-794653\" src=\"https:\/\/www.eldigitaldeasturias.com\/noticias\/wp-content\/uploads\/2015\/07\/playa-gijon-360x240.jpg\" alt=\"playa gijon\" width=\"360\" height=\"240\" srcset=\"https:\/\/www.eldigitaldeasturias.com\/noticias\/wp-content\/uploads\/2015\/07\/playa-gijon-360x240.jpg 360w, https:\/\/www.eldigitaldeasturias.com\/noticias\/wp-content\/uploads\/2015\/07\/playa-gijon-768x512.jpg 768w, https:\/\/www.eldigitaldeasturias.com\/noticias\/wp-content\/uploads\/2015\/07\/playa-gijon-650x433.jpg 650w, https:\/\/www.eldigitaldeasturias.com\/noticias\/wp-content\/uploads\/2015\/07\/playa-gijon.jpg 800w\" sizes=\"auto, (max-width: 360px) 100vw, 360px\" \/>El concejal de Turismo y Festejos del Ayuntamiento de Gij\u00f3n, Jes\u00fas Mart\u00ednez Salvador (Foro), ha tildado de \u00abpositivo\u00bb el balance del programa municipal de actividades de verano, que registr\u00f3 un 75 por ciento de ocupaci\u00f3n, al completar unas 2.700 plazas de un total de las casi 3.400 en el caso de cursos y actividades.<\/p>\n<p>En el caso del programa &#8216;Pr\u00e9stanos facer deporte&#8217;, desarrollado en el entorno de la playa, ha destacado, entre otros, el V Torneo Carling Goal (250); la III Marcha Popular en Patines (383); el torneo 3&#215;3 de Baloncesto en la calle (unos 300); la Carrera Nocturna de la Playa San Lorenzo (1.050): o los 315 participantes del Diverbasket. Asimismo, han participado m\u00e1s de 500 personas (508), 366 por primera vez, en el III Circuito de Traves\u00eda a Nado, de los que queda pendiente a\u00fan la que se desarrollar\u00e1 en Navidad.<\/p>\n<p>Tambi\u00e9n ha citado e Centro de Tecnificaci\u00f3n de Baloncesto, con 115 participantes; el Campus de B\u00e9isbol (37); el Campus de Balonmano &#8216;Raul Entrerr\u00edos&#8217; (32); el Clinic de Hockey Patines (36); y el campus de f\u00fatbol (253).<\/p>\n<p>Mart\u00ednez Salvador, asimismo, ha apuntado que el programa de verano, con 238.313,93 euros de presupuesto, ofert\u00f3 4.088 plazas del apartado vacaciones deportivas, 700 de campus y campamentos, 3.388 de cursos y actividades y 2.100 de &#8216;Pr\u00e9stanos facer deporte&#8217;. Asimismo, ha indicado que ahora toca hacer balance y ajustes dentro de la oferta de cara a la programaci\u00f3n de 2017.<\/p>\n<p>En cuanto al Concurso H\u00edpico Internacional de Saltos (CHIO), celebrado en el hip\u00f3dromo de Las a finales agosto, tuvo una media de 8.701 visitantes, lo que supone un total de 52.206 visitantes en seis d\u00edas. Una cifra que, seg\u00fan el edil, supone una mejora sustancial respecto a los 45.000 visitantes aproximadamente de 2015 y se sit\u00faa muy cerca de los mejores datos que se recuerdan.<\/p>\n<p>Con un presupuesto de 1.086.000 euros, este gener\u00f3 un volumen de negocios de 1.868.310 euros, de los que un 58,25 por ciento provienen del Patronato Deportivo Municipal, un 24,03 por ciento de las apuestas, un 8.57 por ciento de las ventas y un 9.15 por ciento de otros negocios. Adem\u00e1s, se han acreditado 33 medios de comunicaci\u00f3n y 96 profesionales.<\/p>\n<p>&nbsp;<\/p>\n","protected":false},"excerpt":{"rendered":"<p>El concejal de Turismo y Festejos del Ayuntamiento de Gij\u00f3n, Jes\u00fas Mart\u00ednez Salvador (Foro), ha tildado de \u00abpositivo\u00bb el balance del programa municipal de actividades de verano, que registr\u00f3 un 75 por ciento de ocupaci\u00f3n, al completar unas 2.700 plazas de un total de las casi 3.400 en el caso de cursos y actividades. En [&hellip;]<\/p>\n","protected":false},"author":1,"featured_media":794653,"comment_status":"closed","ping_status":"closed","sticky":false,"template":"","format":"standard","meta":{"footnotes":""},"categories":[12],"tags":[],"class_list":["post-908758","post","type-post","status-publish","format-standard","has-post-thumbnail","hentry","category-actualidad-asturias"],"aioseo_notices":[],"aioseo_head":"\n\t\t<!-- All in One SEO Pro 4.9.6.2 - aioseo.com -->\n\t<meta name=\"description\" content=\"El concejal de Turismo y Festejos del Ayuntamiento de Gij\u00f3n, Jes\u00fas Mart\u00ednez Salvador (Foro), ha tildado de &quot;positivo&quot; el balance del programa municipal de actividades de verano, que registr\u00f3 un 75 por ciento de ocupaci\u00f3n, al completar unas 2.700 plazas de un total de las casi 3.400 en el caso de cursos y actividades. En\" \/>\n\t<meta name=\"robots\" content=\"max-image-preview:large\" \/>\n\t<meta name=\"author\" content=\"El Digital de Asturias\"\/>\n\t<meta name=\"google-site-verification\" content=\"UA-38556648-1\" \/>\n\t<meta name=\"msvalidate.01\" content=\"7dfe9f3f1b24437ab69f4f2559babe99\" \/>\n\t<meta name=\"keywords\" content=\"actualidad asturias\" \/>\n\t<link rel=\"canonical\" href=\"https:\/\/www.eldigitaldeasturias.com\/noticias\/jesus-martinez-salvador-hace-un-balance-positivo-del-verano-de-gijon\/\" \/>\n\t<meta name=\"generator\" content=\"All in One SEO Pro (AIOSEO) 4.9.6.2\" \/>\n\t\t<meta property=\"og:locale\" content=\"es_ES\" \/>\n\t\t<meta property=\"og:site_name\" content=\"El Digital de Asturias\" \/>\n\t\t<meta property=\"og:type\" content=\"article\" \/>\n\t\t<meta property=\"og:title\" content=\"Jes\u00fas Mart\u00ednez Salvador hace un balance positivo del verano de Gij\u00f3n - El Digital de Asturias\" \/>\n\t\t<meta property=\"og:description\" content=\"El concejal de Turismo y Festejos del Ayuntamiento de Gij\u00f3n, Jes\u00fas Mart\u00ednez Salvador (Foro), ha tildado de &quot;positivo&quot; el balance del programa municipal de actividades de verano, que registr\u00f3 un 75 por ciento de ocupaci\u00f3n, al completar unas 2.700 plazas de un total de las casi 3.400 en el caso de cursos y actividades. En\" \/>\n\t\t<meta property=\"og:url\" content=\"https:\/\/www.eldigitaldeasturias.com\/noticias\/jesus-martinez-salvador-hace-un-balance-positivo-del-verano-de-gijon\/\" \/>\n\t\t<meta property=\"og:image\" content=\"https:\/\/www.eldigitaldeasturias.com\/noticias\/wp-content\/uploads\/2015\/07\/playa-gijon.jpg\" \/>\n\t\t<meta property=\"og:image:secure_url\" content=\"https:\/\/www.eldigitaldeasturias.com\/noticias\/wp-content\/uploads\/2015\/07\/playa-gijon.jpg\" \/>\n\t\t<meta property=\"og:image:width\" content=\"800\" \/>\n\t\t<meta property=\"og:image:height\" content=\"533\" \/>\n\t\t<meta property=\"article:tag\" content=\"actualidad asturias\" \/>\n\t\t<meta property=\"article:published_time\" content=\"2016-09-21T01:14:02+00:00\" \/>\n\t\t<meta property=\"article:modified_time\" content=\"2016-09-21T01:14:02+00:00\" \/>\n\t\t<meta property=\"article:publisher\" content=\"https:\/\/facebook.com\/eldigitaldeasturias\" \/>\n\t\t<meta name=\"twitter:card\" content=\"summary_large_image\" \/>\n\t\t<meta name=\"twitter:title\" content=\"Jes\u00fas Mart\u00ednez Salvador hace un balance positivo del verano de Gij\u00f3n - El Digital de Asturias\" \/>\n\t\t<meta name=\"twitter:description\" content=\"El concejal de Turismo y Festejos del Ayuntamiento de Gij\u00f3n, Jes\u00fas Mart\u00ednez Salvador (Foro), ha tildado de &quot;positivo&quot; el balance del programa municipal de actividades de verano, que registr\u00f3 un 75 por ciento de ocupaci\u00f3n, al completar unas 2.700 plazas de un total de las casi 3.400 en el caso de cursos y actividades. En\" \/>\n\t\t<meta name=\"twitter:image\" content=\"https:\/\/www.eldigitaldeasturias.com\/noticias\/wp-content\/uploads\/2015\/07\/playa-gijon.jpg\" \/>\n\t\t<meta name=\"twitter:label1\" content=\"Escrito por\" \/>\n\t\t<meta name=\"twitter:data1\" content=\"El Digital de Asturias\" \/>\n\t\t<meta name=\"twitter:label2\" content=\"Tiempo de lectura estimado\" \/>\n\t\t<meta name=\"twitter:data2\" content=\"2 minutos\" \/>\n\t\t<script type=\"application\/ld+json\" class=\"aioseo-schema\">\n\t\t\t{\"@context\":\"https:\\\/\\\/schema.org\",\"@graph\":[{\"@type\":\"BlogPosting\",\"@id\":\"https:\\\/\\\/www.eldigitaldeasturias.com\\\/noticias\\\/jesus-martinez-salvador-hace-un-balance-positivo-del-verano-de-gijon\\\/#blogposting\",\"name\":\"Jes\\u00fas Mart\\u00ednez Salvador hace un balance positivo del verano de Gij\\u00f3n - El Digital de Asturias\",\"headline\":\"Jes\\u00fas Mart\\u00ednez Salvador hace un balance positivo del verano de Gij\\u00f3n\",\"author\":{\"@id\":\"https:\\\/\\\/www.eldigitaldeasturias.com\\\/noticias\\\/author\\\/admin\\\/#author\"},\"publisher\":{\"@id\":\"https:\\\/\\\/www.eldigitaldeasturias.com\\\/noticias\\\/#organization\"},\"image\":{\"@type\":\"ImageObject\",\"url\":\"https:\\\/\\\/www.eldigitaldeasturias.com\\\/noticias\\\/wp-content\\\/uploads\\\/2015\\\/07\\\/playa-gijon.jpg\",\"width\":800,\"height\":533},\"datePublished\":\"2016-09-21T02:14:02+02:00\",\"dateModified\":\"2016-09-21T02:14:02+02:00\",\"inLanguage\":\"es-ES\",\"mainEntityOfPage\":{\"@id\":\"https:\\\/\\\/www.eldigitaldeasturias.com\\\/noticias\\\/jesus-martinez-salvador-hace-un-balance-positivo-del-verano-de-gijon\\\/#webpage\"},\"isPartOf\":{\"@id\":\"https:\\\/\\\/www.eldigitaldeasturias.com\\\/noticias\\\/jesus-martinez-salvador-hace-un-balance-positivo-del-verano-de-gijon\\\/#webpage\"},\"articleSection\":\"Actualidad Asturias\"},{\"@type\":\"BreadcrumbList\",\"@id\":\"https:\\\/\\\/www.eldigitaldeasturias.com\\\/noticias\\\/jesus-martinez-salvador-hace-un-balance-positivo-del-verano-de-gijon\\\/#breadcrumblist\",\"itemListElement\":[{\"@type\":\"ListItem\",\"@id\":\"https:\\\/\\\/www.eldigitaldeasturias.com\\\/noticias#listItem\",\"position\":1,\"name\":\"Home\",\"item\":\"https:\\\/\\\/www.eldigitaldeasturias.com\\\/noticias\",\"nextItem\":{\"@type\":\"ListItem\",\"@id\":\"https:\\\/\\\/www.eldigitaldeasturias.com\\\/noticias\\\/category\\\/actualidad-asturias\\\/#listItem\",\"name\":\"Actualidad Asturias\"}},{\"@type\":\"ListItem\",\"@id\":\"https:\\\/\\\/www.eldigitaldeasturias.com\\\/noticias\\\/category\\\/actualidad-asturias\\\/#listItem\",\"position\":2,\"name\":\"Actualidad Asturias\",\"item\":\"https:\\\/\\\/www.eldigitaldeasturias.com\\\/noticias\\\/category\\\/actualidad-asturias\\\/\",\"nextItem\":{\"@type\":\"ListItem\",\"@id\":\"https:\\\/\\\/www.eldigitaldeasturias.com\\\/noticias\\\/jesus-martinez-salvador-hace-un-balance-positivo-del-verano-de-gijon\\\/#listItem\",\"name\":\"Jes\\u00fas Mart\\u00ednez Salvador hace un balance positivo del verano de Gij\\u00f3n\"},\"previousItem\":{\"@type\":\"ListItem\",\"@id\":\"https:\\\/\\\/www.eldigitaldeasturias.com\\\/noticias#listItem\",\"name\":\"Home\"}},{\"@type\":\"ListItem\",\"@id\":\"https:\\\/\\\/www.eldigitaldeasturias.com\\\/noticias\\\/jesus-martinez-salvador-hace-un-balance-positivo-del-verano-de-gijon\\\/#listItem\",\"position\":3,\"name\":\"Jes\\u00fas Mart\\u00ednez Salvador hace un balance positivo del verano de Gij\\u00f3n\",\"previousItem\":{\"@type\":\"ListItem\",\"@id\":\"https:\\\/\\\/www.eldigitaldeasturias.com\\\/noticias\\\/category\\\/actualidad-asturias\\\/#listItem\",\"name\":\"Actualidad Asturias\"}}]},{\"@type\":\"Organization\",\"@id\":\"https:\\\/\\\/www.eldigitaldeasturias.com\\\/noticias\\\/#organization\",\"name\":\"El Digital de Asturias\",\"description\":\"Hemeroteca\",\"url\":\"https:\\\/\\\/www.eldigitaldeasturias.com\\\/noticias\\\/\",\"email\":\"info@eldigitaldeasturias.com\",\"telephone\":\"+34652131393\",\"logo\":{\"@type\":\"ImageObject\",\"url\":\"https:\\\/\\\/www.eldigitaldeasturias.com\\\/noticias\\\/wp-content\\\/uploads\\\/2020\\\/12\\\/EDA.jpg\",\"@id\":\"https:\\\/\\\/www.eldigitaldeasturias.com\\\/noticias\\\/jesus-martinez-salvador-hace-un-balance-positivo-del-verano-de-gijon\\\/#organizationLogo\",\"width\":649,\"height\":297},\"image\":{\"@id\":\"https:\\\/\\\/www.eldigitaldeasturias.com\\\/noticias\\\/jesus-martinez-salvador-hace-un-balance-positivo-del-verano-de-gijon\\\/#organizationLogo\"},\"sameAs\":[\"https:\\\/\\\/facebook.com\\\/eldigitaldeasturias\",\"https:\\\/\\\/www.youtube.com\\\/channel\\\/UCZP-2wLEB9Rv6erhFmqVnvg\"],\"address\":{\"@id\":\"https:\\\/\\\/www.eldigitaldeasturias.com\\\/noticias\\\/#postaladdress\",\"@type\":\"PostalAddress\",\"streetAddress\":\"san antonio 4,\",\"postalCode\":\"33430\",\"addressLocality\":\"Cand\\u00e1s\",\"addressRegion\":\"Asturias\",\"addressCountry\":\"ES\"}},{\"@type\":\"Person\",\"@id\":\"https:\\\/\\\/www.eldigitaldeasturias.com\\\/noticias\\\/author\\\/admin\\\/#author\",\"url\":\"https:\\\/\\\/www.eldigitaldeasturias.com\\\/noticias\\\/author\\\/admin\\\/\",\"name\":\"El Digital de Asturias\",\"image\":{\"@type\":\"ImageObject\",\"@id\":\"https:\\\/\\\/www.eldigitaldeasturias.com\\\/noticias\\\/jesus-martinez-salvador-hace-un-balance-positivo-del-verano-de-gijon\\\/#authorImage\",\"url\":\"https:\\\/\\\/www.eldigitaldeasturias.com\\\/noticias\\\/wp-content\\\/litespeed\\\/avatar\\\/18677e78aa0546b92d9dbf31ec7d7668.jpg?ver=1777290358\",\"width\":96,\"height\":96,\"caption\":\"El Digital de Asturias\"}},{\"@type\":\"WebPage\",\"@id\":\"https:\\\/\\\/www.eldigitaldeasturias.com\\\/noticias\\\/jesus-martinez-salvador-hace-un-balance-positivo-del-verano-de-gijon\\\/#webpage\",\"url\":\"https:\\\/\\\/www.eldigitaldeasturias.com\\\/noticias\\\/jesus-martinez-salvador-hace-un-balance-positivo-del-verano-de-gijon\\\/\",\"name\":\"Jes\\u00fas Mart\\u00ednez Salvador hace un balance positivo del verano de Gij\\u00f3n - El Digital de Asturias\",\"description\":\"El concejal de Turismo y Festejos del Ayuntamiento de Gij\\u00f3n, Jes\\u00fas Mart\\u00ednez Salvador (Foro), ha tildado de \\\"positivo\\\" el balance del programa municipal de actividades de verano, que registr\\u00f3 un 75 por ciento de ocupaci\\u00f3n, al completar unas 2.700 plazas de un total de las casi 3.400 en el caso de cursos y actividades. En\",\"inLanguage\":\"es-ES\",\"isPartOf\":{\"@id\":\"https:\\\/\\\/www.eldigitaldeasturias.com\\\/noticias\\\/#website\"},\"breadcrumb\":{\"@id\":\"https:\\\/\\\/www.eldigitaldeasturias.com\\\/noticias\\\/jesus-martinez-salvador-hace-un-balance-positivo-del-verano-de-gijon\\\/#breadcrumblist\"},\"author\":{\"@id\":\"https:\\\/\\\/www.eldigitaldeasturias.com\\\/noticias\\\/author\\\/admin\\\/#author\"},\"creator\":{\"@id\":\"https:\\\/\\\/www.eldigitaldeasturias.com\\\/noticias\\\/author\\\/admin\\\/#author\"},\"image\":{\"@type\":\"ImageObject\",\"url\":\"https:\\\/\\\/www.eldigitaldeasturias.com\\\/noticias\\\/wp-content\\\/uploads\\\/2015\\\/07\\\/playa-gijon.jpg\",\"@id\":\"https:\\\/\\\/www.eldigitaldeasturias.com\\\/noticias\\\/jesus-martinez-salvador-hace-un-balance-positivo-del-verano-de-gijon\\\/#mainImage\",\"width\":800,\"height\":533},\"primaryImageOfPage\":{\"@id\":\"https:\\\/\\\/www.eldigitaldeasturias.com\\\/noticias\\\/jesus-martinez-salvador-hace-un-balance-positivo-del-verano-de-gijon\\\/#mainImage\"},\"datePublished\":\"2016-09-21T02:14:02+02:00\",\"dateModified\":\"2016-09-21T02:14:02+02:00\"},{\"@type\":\"WebSite\",\"@id\":\"https:\\\/\\\/www.eldigitaldeasturias.com\\\/noticias\\\/#website\",\"url\":\"https:\\\/\\\/www.eldigitaldeasturias.com\\\/noticias\\\/\",\"name\":\"El Digital de Asturias - Diario de actualidad y noticias\",\"alternateName\":\"El Digital de Asturias - Diario de actualidad y noticias\",\"description\":\"Hemeroteca\",\"inLanguage\":\"es-ES\",\"publisher\":{\"@id\":\"https:\\\/\\\/www.eldigitaldeasturias.com\\\/noticias\\\/#organization\"}}]}\n\t\t<\/script>\n\t\t<!-- All in One SEO Pro -->\r\n\t\t<title>Jes\u00fas Mart\u00ednez Salvador hace un balance positivo del verano de Gij\u00f3n - El Digital de Asturias<\/title>\n\n","aioseo_head_json":{"title":"Jes\u00fas Mart\u00ednez Salvador hace un balance positivo del verano de Gij\u00f3n - El Digital de Asturias","description":"El concejal de Turismo y Festejos del Ayuntamiento de Gij\u00f3n, Jes\u00fas Mart\u00ednez Salvador (Foro), ha tildado de \"positivo\" el balance del programa municipal de actividades de verano, que registr\u00f3 un 75 por ciento de ocupaci\u00f3n, al completar unas 2.700 plazas de un total de las casi 3.400 en el caso de cursos y actividades. En","canonical_url":"https:\/\/www.eldigitaldeasturias.com\/noticias\/jesus-martinez-salvador-hace-un-balance-positivo-del-verano-de-gijon\/","robots":"max-image-preview:large","keywords":"actualidad asturias","webmasterTools":{"google-site-verification":"UA-38556648-1","msvalidate.01":"7dfe9f3f1b24437ab69f4f2559babe99","miscellaneous":""},"schema":{"@context":"https:\/\/schema.org","@graph":[{"@type":"BlogPosting","@id":"https:\/\/www.eldigitaldeasturias.com\/noticias\/jesus-martinez-salvador-hace-un-balance-positivo-del-verano-de-gijon\/#blogposting","name":"Jes\u00fas Mart\u00ednez Salvador hace un balance positivo del verano de Gij\u00f3n - El Digital de Asturias","headline":"Jes\u00fas Mart\u00ednez Salvador hace un balance positivo del verano de Gij\u00f3n","author":{"@id":"https:\/\/www.eldigitaldeasturias.com\/noticias\/author\/admin\/#author"},"publisher":{"@id":"https:\/\/www.eldigitaldeasturias.com\/noticias\/#organization"},"image":{"@type":"ImageObject","url":"https:\/\/www.eldigitaldeasturias.com\/noticias\/wp-content\/uploads\/2015\/07\/playa-gijon.jpg","width":800,"height":533},"datePublished":"2016-09-21T02:14:02+02:00","dateModified":"2016-09-21T02:14:02+02:00","inLanguage":"es-ES","mainEntityOfPage":{"@id":"https:\/\/www.eldigitaldeasturias.com\/noticias\/jesus-martinez-salvador-hace-un-balance-positivo-del-verano-de-gijon\/#webpage"},"isPartOf":{"@id":"https:\/\/www.eldigitaldeasturias.com\/noticias\/jesus-martinez-salvador-hace-un-balance-positivo-del-verano-de-gijon\/#webpage"},"articleSection":"Actualidad Asturias"},{"@type":"BreadcrumbList","@id":"https:\/\/www.eldigitaldeasturias.com\/noticias\/jesus-martinez-salvador-hace-un-balance-positivo-del-verano-de-gijon\/#breadcrumblist","itemListElement":[{"@type":"ListItem","@id":"https:\/\/www.eldigitaldeasturias.com\/noticias#listItem","position":1,"name":"Home","item":"https:\/\/www.eldigitaldeasturias.com\/noticias","nextItem":{"@type":"ListItem","@id":"https:\/\/www.eldigitaldeasturias.com\/noticias\/category\/actualidad-asturias\/#listItem","name":"Actualidad Asturias"}},{"@type":"ListItem","@id":"https:\/\/www.eldigitaldeasturias.com\/noticias\/category\/actualidad-asturias\/#listItem","position":2,"name":"Actualidad Asturias","item":"https:\/\/www.eldigitaldeasturias.com\/noticias\/category\/actualidad-asturias\/","nextItem":{"@type":"ListItem","@id":"https:\/\/www.eldigitaldeasturias.com\/noticias\/jesus-martinez-salvador-hace-un-balance-positivo-del-verano-de-gijon\/#listItem","name":"Jes\u00fas Mart\u00ednez Salvador hace un balance positivo del verano de Gij\u00f3n"},"previousItem":{"@type":"ListItem","@id":"https:\/\/www.eldigitaldeasturias.com\/noticias#listItem","name":"Home"}},{"@type":"ListItem","@id":"https:\/\/www.eldigitaldeasturias.com\/noticias\/jesus-martinez-salvador-hace-un-balance-positivo-del-verano-de-gijon\/#listItem","position":3,"name":"Jes\u00fas Mart\u00ednez Salvador hace un balance positivo del verano de Gij\u00f3n","previousItem":{"@type":"ListItem","@id":"https:\/\/www.eldigitaldeasturias.com\/noticias\/category\/actualidad-asturias\/#listItem","name":"Actualidad Asturias"}}]},{"@type":"Organization","@id":"https:\/\/www.eldigitaldeasturias.com\/noticias\/#organization","name":"El Digital de Asturias","description":"Hemeroteca","url":"https:\/\/www.eldigitaldeasturias.com\/noticias\/","email":"info@eldigitaldeasturias.com","telephone":"+34652131393","logo":{"@type":"ImageObject","url":"https:\/\/www.eldigitaldeasturias.com\/noticias\/wp-content\/uploads\/2020\/12\/EDA.jpg","@id":"https:\/\/www.eldigitaldeasturias.com\/noticias\/jesus-martinez-salvador-hace-un-balance-positivo-del-verano-de-gijon\/#organizationLogo","width":649,"height":297},"image":{"@id":"https:\/\/www.eldigitaldeasturias.com\/noticias\/jesus-martinez-salvador-hace-un-balance-positivo-del-verano-de-gijon\/#organizationLogo"},"sameAs":["https:\/\/facebook.com\/eldigitaldeasturias","https:\/\/www.youtube.com\/channel\/UCZP-2wLEB9Rv6erhFmqVnvg"],"address":{"@id":"https:\/\/www.eldigitaldeasturias.com\/noticias\/#postaladdress","@type":"PostalAddress","streetAddress":"san antonio 4,","postalCode":"33430","addressLocality":"Cand\u00e1s","addressRegion":"Asturias","addressCountry":"ES"}},{"@type":"Person","@id":"https:\/\/www.eldigitaldeasturias.com\/noticias\/author\/admin\/#author","url":"https:\/\/www.eldigitaldeasturias.com\/noticias\/author\/admin\/","name":"El Digital de Asturias","image":{"@type":"ImageObject","@id":"https:\/\/www.eldigitaldeasturias.com\/noticias\/jesus-martinez-salvador-hace-un-balance-positivo-del-verano-de-gijon\/#authorImage","url":"https:\/\/www.eldigitaldeasturias.com\/noticias\/wp-content\/litespeed\/avatar\/18677e78aa0546b92d9dbf31ec7d7668.jpg?ver=1777290358","width":96,"height":96,"caption":"El Digital de Asturias"}},{"@type":"WebPage","@id":"https:\/\/www.eldigitaldeasturias.com\/noticias\/jesus-martinez-salvador-hace-un-balance-positivo-del-verano-de-gijon\/#webpage","url":"https:\/\/www.eldigitaldeasturias.com\/noticias\/jesus-martinez-salvador-hace-un-balance-positivo-del-verano-de-gijon\/","name":"Jes\u00fas Mart\u00ednez Salvador hace un balance positivo del verano de Gij\u00f3n - El Digital de Asturias","description":"El concejal de Turismo y Festejos del Ayuntamiento de Gij\u00f3n, Jes\u00fas Mart\u00ednez Salvador (Foro), ha tildado de \"positivo\" el balance del programa municipal de actividades de verano, que registr\u00f3 un 75 por ciento de ocupaci\u00f3n, al completar unas 2.700 plazas de un total de las casi 3.400 en el caso de cursos y actividades. En","inLanguage":"es-ES","isPartOf":{"@id":"https:\/\/www.eldigitaldeasturias.com\/noticias\/#website"},"breadcrumb":{"@id":"https:\/\/www.eldigitaldeasturias.com\/noticias\/jesus-martinez-salvador-hace-un-balance-positivo-del-verano-de-gijon\/#breadcrumblist"},"author":{"@id":"https:\/\/www.eldigitaldeasturias.com\/noticias\/author\/admin\/#author"},"creator":{"@id":"https:\/\/www.eldigitaldeasturias.com\/noticias\/author\/admin\/#author"},"image":{"@type":"ImageObject","url":"https:\/\/www.eldigitaldeasturias.com\/noticias\/wp-content\/uploads\/2015\/07\/playa-gijon.jpg","@id":"https:\/\/www.eldigitaldeasturias.com\/noticias\/jesus-martinez-salvador-hace-un-balance-positivo-del-verano-de-gijon\/#mainImage","width":800,"height":533},"primaryImageOfPage":{"@id":"https:\/\/www.eldigitaldeasturias.com\/noticias\/jesus-martinez-salvador-hace-un-balance-positivo-del-verano-de-gijon\/#mainImage"},"datePublished":"2016-09-21T02:14:02+02:00","dateModified":"2016-09-21T02:14:02+02:00"},{"@type":"WebSite","@id":"https:\/\/www.eldigitaldeasturias.com\/noticias\/#website","url":"https:\/\/www.eldigitaldeasturias.com\/noticias\/","name":"El Digital de Asturias - Diario de actualidad y noticias","alternateName":"El Digital de Asturias - Diario de actualidad y noticias","description":"Hemeroteca","inLanguage":"es-ES","publisher":{"@id":"https:\/\/www.eldigitaldeasturias.com\/noticias\/#organization"}}]},"og:locale":"es_ES","og:site_name":"El Digital de Asturias","og:type":"article","og:title":"Jes\u00fas Mart\u00ednez Salvador hace un balance positivo del verano de Gij\u00f3n - El Digital de Asturias","og:description":"El concejal de Turismo y Festejos del Ayuntamiento de Gij\u00f3n, Jes\u00fas Mart\u00ednez Salvador (Foro), ha tildado de &quot;positivo&quot; el balance del programa municipal de actividades de verano, que registr\u00f3 un 75 por ciento de ocupaci\u00f3n, al completar unas 2.700 plazas de un total de las casi 3.400 en el caso de cursos y actividades. En","og:url":"https:\/\/www.eldigitaldeasturias.com\/noticias\/jesus-martinez-salvador-hace-un-balance-positivo-del-verano-de-gijon\/","og:image":"https:\/\/www.eldigitaldeasturias.com\/noticias\/wp-content\/uploads\/2015\/07\/playa-gijon.jpg","og:image:secure_url":"https:\/\/www.eldigitaldeasturias.com\/noticias\/wp-content\/uploads\/2015\/07\/playa-gijon.jpg","og:image:width":800,"og:image:height":533,"article:tag":["actualidad asturias"],"article:published_time":"2016-09-21T01:14:02+00:00","article:modified_time":"2016-09-21T01:14:02+00:00","article:publisher":"https:\/\/facebook.com\/eldigitaldeasturias","twitter:card":"summary_large_image","twitter:title":"Jes\u00fas Mart\u00ednez Salvador hace un balance positivo del verano de Gij\u00f3n - El Digital de Asturias","twitter:description":"El concejal de Turismo y Festejos del Ayuntamiento de Gij\u00f3n, Jes\u00fas Mart\u00ednez Salvador (Foro), ha tildado de &quot;positivo&quot; el balance del programa municipal de actividades de verano, que registr\u00f3 un 75 por ciento de ocupaci\u00f3n, al completar unas 2.700 plazas de un total de las casi 3.400 en el caso de cursos y actividades. En","twitter:image":"https:\/\/www.eldigitaldeasturias.com\/noticias\/wp-content\/uploads\/2015\/07\/playa-gijon.jpg","twitter:label1":"Escrito por","twitter:data1":"El Digital de Asturias","twitter:label2":"Tiempo de lectura estimado","twitter:data2":"2 minutos"},"aioseo_meta_data":{"post_id":"908758","title":null,"description":null,"keywords":null,"keyphrases":null,"primary_term":null,"canonical_url":null,"og_title":null,"og_description":null,"og_object_type":"default","og_image_type":"default","og_image_url":null,"og_image_width":null,"og_image_height":null,"og_image_custom_url":null,"og_image_custom_fields":null,"og_video":null,"og_custom_url":null,"og_article_section":null,"og_article_tags":null,"twitter_use_og":false,"twitter_card":"default","twitter_image_type":"default","twitter_image_url":null,"twitter_image_custom_url":null,"twitter_image_custom_fields":null,"twitter_title":null,"twitter_description":null,"schema":{"blockGraphs":[],"customGraphs":[],"default":{"data":{"Article":[],"Course":[],"Dataset":[],"FAQPage":[],"Movie":[],"Person":[],"Product":[],"ProductReview":[],"Car":[],"Recipe":[],"Service":[],"SoftwareApplication":[],"WebPage":[]},"graphName":"","isEnabled":true},"graphs":[],"defaultGraph":"","defaultPostTypeGraph":""},"schema_type":null,"schema_type_options":null,"pillar_content":false,"robots_default":true,"robots_noindex":false,"robots_noarchive":false,"robots_nosnippet":false,"robots_nofollow":false,"robots_noimageindex":false,"robots_noodp":false,"robots_notranslate":false,"robots_max_snippet":null,"robots_max_videopreview":null,"robots_max_imagepreview":"large","priority":null,"frequency":null,"local_seo":null,"seo_analyzer_scan_date":"2025-11-30 17:24:15","breadcrumb_settings":null,"limit_modified_date":false,"open_ai":null,"ai":null,"created":"2020-12-21 13:59:51","updated":"2025-11-30 17:24:15"},"aioseo_breadcrumb":"<div class=\"aioseo-breadcrumbs\"><span class=\"aioseo-breadcrumb\">\n\t<a href=\"https:\/\/www.eldigitaldeasturias.com\/noticias\" title=\"Home\">Home<\/a>\n<\/span><span class=\"aioseo-breadcrumb-separator\">\u2013<\/span><span class=\"aioseo-breadcrumb\">\n\t<a href=\"https:\/\/www.eldigitaldeasturias.com\/noticias\/category\/actualidad-asturias\/\" title=\"Actualidad Asturias\">Actualidad Asturias<\/a>\n<\/span><span class=\"aioseo-breadcrumb-separator\">\u2013<\/span><span class=\"aioseo-breadcrumb\">\n\t<a href=\"https:\/\/www.eldigitaldeasturias.com\/noticias\/jesus-martinez-salvador-hace-un-balance-positivo-del-verano-de-gijon\/\" title=\"Jes\u00fas Mart\u00ednez Salvador hace un balance positivo del verano de Gij\u00f3n\">Jes\u00fas Mart\u00ednez Salvador hace un balance positivo del verano de Gij\u00f3n<\/a>\n<\/span><\/div>","aioseo_breadcrumb_json":[{"label":"Home","link":"https:\/\/www.eldigitaldeasturias.com\/noticias"},{"label":"Actualidad Asturias","link":"https:\/\/www.eldigitaldeasturias.com\/noticias\/category\/actualidad-asturias\/"},{"label":"Jes\u00fas Mart\u00ednez Salvador hace un balance positivo del verano de Gij\u00f3n","link":"https:\/\/www.eldigitaldeasturias.com\/noticias\/jesus-martinez-salvador-hace-un-balance-positivo-del-verano-de-gijon\/"}],"_links":{"self":[{"href":"https:\/\/www.eldigitaldeasturias.com\/noticias\/wp-json\/wp\/v2\/posts\/908758","targetHints":{"allow":["GET"]}}],"collection":[{"href":"https:\/\/www.eldigitaldeasturias.com\/noticias\/wp-json\/wp\/v2\/posts"}],"about":[{"href":"https:\/\/www.eldigitaldeasturias.com\/noticias\/wp-json\/wp\/v2\/types\/post"}],"author":[{"embeddable":true,"href":"https:\/\/www.eldigitaldeasturias.com\/noticias\/wp-json\/wp\/v2\/users\/1"}],"replies":[{"embeddable":true,"href":"https:\/\/www.eldigitaldeasturias.com\/noticias\/wp-json\/wp\/v2\/comments?post=908758"}],"version-history":[{"count":0,"href":"https:\/\/www.eldigitaldeasturias.com\/noticias\/wp-json\/wp\/v2\/posts\/908758\/revisions"}],"wp:featuredmedia":[{"embeddable":true,"href":"https:\/\/www.eldigitaldeasturias.com\/noticias\/wp-json\/wp\/v2\/media\/794653"}],"wp:attachment":[{"href":"https:\/\/www.eldigitaldeasturias.com\/noticias\/wp-json\/wp\/v2\/media?parent=908758"}],"wp:term":[{"taxonomy":"category","embeddable":true,"href":"https:\/\/www.eldigitaldeasturias.com\/noticias\/wp-json\/wp\/v2\/categories?post=908758"},{"taxonomy":"post_tag","embeddable":true,"href":"https:\/\/www.eldigitaldeasturias.com\/noticias\/wp-json\/wp\/v2\/tags?post=908758"}],"curies":[{"name":"wp","href":"https:\/\/api.w.org\/{rel}","templated":true}]}}