{"id":908755,"date":"2016-09-21T02:11:33","date_gmt":"2016-09-21T01:11:33","guid":{"rendered":"http:\/\/www.eldigitaldeasturias.com\/noticias\/?p=908755"},"modified":"2016-09-21T02:11:33","modified_gmt":"2016-09-21T01:11:33","slug":"daniel-ripa-respalda-a-pili-zabala-en-bilbao","status":"publish","type":"post","link":"https:\/\/www.eldigitaldeasturias.com\/noticias\/daniel-ripa-respalda-a-pili-zabala-en-bilbao\/","title":{"rendered":"Daniel Ripa respalda a Pili Zabala en Bilbao"},"content":{"rendered":"<p><img loading=\"lazy\" decoding=\"async\" class=\"alignleft size-medium wp-image-908756\" src=\"https:\/\/www.eldigitaldeasturias.com\/noticias\/wp-content\/uploads\/2016\/09\/Ripa-360x240.jpg\" alt=\"Ripa\" width=\"360\" height=\"240\" srcset=\"https:\/\/www.eldigitaldeasturias.com\/noticias\/wp-content\/uploads\/2016\/09\/Ripa-360x240.jpg 360w, https:\/\/www.eldigitaldeasturias.com\/noticias\/wp-content\/uploads\/2016\/09\/Ripa-768x513.jpg 768w, https:\/\/www.eldigitaldeasturias.com\/noticias\/wp-content\/uploads\/2016\/09\/Ripa-650x434.jpg 650w, https:\/\/www.eldigitaldeasturias.com\/noticias\/wp-content\/uploads\/2016\/09\/Ripa-84x55.jpg 84w, https:\/\/www.eldigitaldeasturias.com\/noticias\/wp-content\/uploads\/2016\/09\/Ripa-49x32.jpg 49w, https:\/\/www.eldigitaldeasturias.com\/noticias\/wp-content\/uploads\/2016\/09\/Ripa.jpg 800w\" sizes=\"auto, (max-width: 360px) 100vw, 360px\" \/>El secretario general de Podemos en Asturias, Daniel Ripa, ha participado este martes en acto de campa\u00f1a en Bilbao, respaldando a la candidata Pili Zabala. All\u00ed, el diputado regional de Podemos en Asturias ha advertido de los problemas de gobiernos que est\u00e1n d\u00e9cadas en el poder porque generan \u00abinmensas redes clientelares que inmovilizan el dinamismo y la capacidad de generar un futuro econ\u00f3mico para los territorios\u00bb.<\/p>\n<p>Seg\u00fan ha explicado Ripa, esas redes son \u00abun freno\u00bb a la econom\u00eda y los ejecutivos que las han alimentdao \u00absuponen un secuestro para los territorios que tendr\u00edan que gobernar\u00bb.<\/p>\n<p>Daniel Ripa ha afirmado que Pili Zabala es \u00abun ejemplo de justicia y dignidad en toda su vida de los que, desgraciadamente, carecen los parlamentos\u00bb. Tras se\u00f1alar la necesidad de gobierno que \u00abantepongan intereses de la gentes a los propios del partido y de las \u00e9lites econ\u00f3micas\u00bb, Ripa se ha referido al comportamiento del Gobierno vasco en el caso de Arcelor Mittal para afirmar que \u00abla solidaridad entre los trabajadores y los territorios es b\u00e1sica para mantener el futuro de plantas que dependen, al final, del amparo de multinacionales\u00bb.<\/p>\n<p>En ese sentido, ha destacado que \u00abla movilizaci\u00f3n de los trabajadores asturianos de Avil\u00e9s estuvo desde el primer d\u00eda apoyando a los trabajadores de Sestao y de Zumarraga, porque entend\u00edamos que cierran primero en un lugar van al otro\u00bb.<\/p>\n<p>Por el contrario, ha asegurado que si el lehendakari, I\u00f1igo Urkullu, y el presidente de Asturias, Javier Fern\u00e1ndez, \u00abno eran capaces de entenderse para buscar soluciones conjuntas entre territorios ante problemas comunes es porque para el \u00fanico territorio que trabajan es para el de las grandes multinacionales, para el territorio de Mittal o de las empresas del Ibex 35\u00bb.<\/p>\n<p>&nbsp;<\/p>\n<p>&nbsp;<\/p>\n","protected":false},"excerpt":{"rendered":"<p>El secretario general de Podemos en Asturias, Daniel Ripa, ha participado este martes en acto de campa\u00f1a en Bilbao, respaldando a la candidata Pili Zabala. All\u00ed, el diputado regional de Podemos en Asturias ha advertido de los problemas de gobiernos que est\u00e1n d\u00e9cadas en el poder porque generan \u00abinmensas redes clientelares que inmovilizan el dinamismo [&hellip;]<\/p>\n","protected":false},"author":1,"featured_media":908756,"comment_status":"closed","ping_status":"closed","sticky":false,"template":"","format":"standard","meta":{"footnotes":""},"categories":[1],"tags":[],"class_list":["post-908755","post","type-post","status-publish","format-standard","has-post-thumbnail","hentry","category-actualidad"],"aioseo_notices":[],"aioseo_head":"\n\t\t<!-- All in One SEO Pro 4.9.6.2 - aioseo.com -->\n\t<meta name=\"description\" content=\"El secretario general de Podemos en Asturias, Daniel Ripa, ha participado este martes en acto de campa\u00f1a en Bilbao, respaldando a la candidata Pili Zabala. All\u00ed, el diputado regional de Podemos en Asturias ha advertido de los problemas de gobiernos que est\u00e1n d\u00e9cadas en el poder porque generan &quot;inmensas redes clientelares que inmovilizan el dinamismo\" \/>\n\t<meta name=\"robots\" content=\"max-image-preview:large\" \/>\n\t<meta name=\"author\" content=\"El Digital de Asturias\"\/>\n\t<meta name=\"google-site-verification\" content=\"UA-38556648-1\" \/>\n\t<meta name=\"msvalidate.01\" content=\"7dfe9f3f1b24437ab69f4f2559babe99\" \/>\n\t<meta name=\"keywords\" content=\"actualidad\" \/>\n\t<link rel=\"canonical\" href=\"https:\/\/www.eldigitaldeasturias.com\/noticias\/daniel-ripa-respalda-a-pili-zabala-en-bilbao\/\" \/>\n\t<meta name=\"generator\" content=\"All in One SEO Pro (AIOSEO) 4.9.6.2\" \/>\n\t\t<meta property=\"og:locale\" content=\"es_ES\" \/>\n\t\t<meta property=\"og:site_name\" content=\"El Digital de Asturias\" \/>\n\t\t<meta property=\"og:type\" content=\"article\" \/>\n\t\t<meta property=\"og:title\" content=\"Daniel Ripa respalda a Pili Zabala en Bilbao - El Digital de Asturias\" \/>\n\t\t<meta property=\"og:description\" content=\"El secretario general de Podemos en Asturias, Daniel Ripa, ha participado este martes en acto de campa\u00f1a en Bilbao, respaldando a la candidata Pili Zabala. All\u00ed, el diputado regional de Podemos en Asturias ha advertido de los problemas de gobiernos que est\u00e1n d\u00e9cadas en el poder porque generan &quot;inmensas redes clientelares que inmovilizan el dinamismo\" \/>\n\t\t<meta property=\"og:url\" content=\"https:\/\/www.eldigitaldeasturias.com\/noticias\/daniel-ripa-respalda-a-pili-zabala-en-bilbao\/\" \/>\n\t\t<meta property=\"og:image\" content=\"https:\/\/www.eldigitaldeasturias.com\/noticias\/wp-content\/uploads\/2016\/09\/Ripa.jpg\" \/>\n\t\t<meta property=\"og:image:secure_url\" content=\"https:\/\/www.eldigitaldeasturias.com\/noticias\/wp-content\/uploads\/2016\/09\/Ripa.jpg\" \/>\n\t\t<meta property=\"og:image:width\" content=\"800\" \/>\n\t\t<meta property=\"og:image:height\" content=\"534\" \/>\n\t\t<meta property=\"article:tag\" content=\"actualidad\" \/>\n\t\t<meta property=\"article:published_time\" content=\"2016-09-21T01:11:33+00:00\" \/>\n\t\t<meta property=\"article:modified_time\" content=\"2016-09-21T01:11:33+00:00\" \/>\n\t\t<meta property=\"article:publisher\" content=\"https:\/\/facebook.com\/eldigitaldeasturias\" \/>\n\t\t<meta name=\"twitter:card\" content=\"summary_large_image\" \/>\n\t\t<meta name=\"twitter:title\" content=\"Daniel Ripa respalda a Pili Zabala en Bilbao - El Digital de Asturias\" \/>\n\t\t<meta name=\"twitter:description\" content=\"El secretario general de Podemos en Asturias, Daniel Ripa, ha participado este martes en acto de campa\u00f1a en Bilbao, respaldando a la candidata Pili Zabala. All\u00ed, el diputado regional de Podemos en Asturias ha advertido de los problemas de gobiernos que est\u00e1n d\u00e9cadas en el poder porque generan &quot;inmensas redes clientelares que inmovilizan el dinamismo\" \/>\n\t\t<meta name=\"twitter:image\" content=\"https:\/\/www.eldigitaldeasturias.com\/noticias\/wp-content\/uploads\/2016\/09\/Ripa.jpg\" \/>\n\t\t<meta name=\"twitter:label1\" content=\"Escrito por\" \/>\n\t\t<meta name=\"twitter:data1\" content=\"El Digital de Asturias\" \/>\n\t\t<meta name=\"twitter:label2\" content=\"Tiempo de lectura estimado\" \/>\n\t\t<meta name=\"twitter:data2\" content=\"1 minuto\" \/>\n\t\t<script type=\"application\/ld+json\" class=\"aioseo-schema\">\n\t\t\t{\"@context\":\"https:\\\/\\\/schema.org\",\"@graph\":[{\"@type\":\"BlogPosting\",\"@id\":\"https:\\\/\\\/www.eldigitaldeasturias.com\\\/noticias\\\/daniel-ripa-respalda-a-pili-zabala-en-bilbao\\\/#blogposting\",\"name\":\"Daniel Ripa respalda a Pili Zabala en Bilbao - El Digital de Asturias\",\"headline\":\"Daniel Ripa respalda a Pili Zabala en Bilbao\",\"author\":{\"@id\":\"https:\\\/\\\/www.eldigitaldeasturias.com\\\/noticias\\\/author\\\/admin\\\/#author\"},\"publisher\":{\"@id\":\"https:\\\/\\\/www.eldigitaldeasturias.com\\\/noticias\\\/#organization\"},\"image\":{\"@type\":\"ImageObject\",\"url\":\"https:\\\/\\\/www.eldigitaldeasturias.com\\\/noticias\\\/wp-content\\\/uploads\\\/2016\\\/09\\\/Ripa.jpg\",\"width\":800,\"height\":534},\"datePublished\":\"2016-09-21T02:11:33+02:00\",\"dateModified\":\"2016-09-21T02:11:33+02:00\",\"inLanguage\":\"es-ES\",\"mainEntityOfPage\":{\"@id\":\"https:\\\/\\\/www.eldigitaldeasturias.com\\\/noticias\\\/daniel-ripa-respalda-a-pili-zabala-en-bilbao\\\/#webpage\"},\"isPartOf\":{\"@id\":\"https:\\\/\\\/www.eldigitaldeasturias.com\\\/noticias\\\/daniel-ripa-respalda-a-pili-zabala-en-bilbao\\\/#webpage\"},\"articleSection\":\"Actualidad\"},{\"@type\":\"BreadcrumbList\",\"@id\":\"https:\\\/\\\/www.eldigitaldeasturias.com\\\/noticias\\\/daniel-ripa-respalda-a-pili-zabala-en-bilbao\\\/#breadcrumblist\",\"itemListElement\":[{\"@type\":\"ListItem\",\"@id\":\"https:\\\/\\\/www.eldigitaldeasturias.com\\\/noticias#listItem\",\"position\":1,\"name\":\"Home\",\"item\":\"https:\\\/\\\/www.eldigitaldeasturias.com\\\/noticias\",\"nextItem\":{\"@type\":\"ListItem\",\"@id\":\"https:\\\/\\\/www.eldigitaldeasturias.com\\\/noticias\\\/category\\\/actualidad\\\/#listItem\",\"name\":\"Actualidad\"}},{\"@type\":\"ListItem\",\"@id\":\"https:\\\/\\\/www.eldigitaldeasturias.com\\\/noticias\\\/category\\\/actualidad\\\/#listItem\",\"position\":2,\"name\":\"Actualidad\",\"item\":\"https:\\\/\\\/www.eldigitaldeasturias.com\\\/noticias\\\/category\\\/actualidad\\\/\",\"nextItem\":{\"@type\":\"ListItem\",\"@id\":\"https:\\\/\\\/www.eldigitaldeasturias.com\\\/noticias\\\/daniel-ripa-respalda-a-pili-zabala-en-bilbao\\\/#listItem\",\"name\":\"Daniel Ripa respalda a Pili Zabala en Bilbao\"},\"previousItem\":{\"@type\":\"ListItem\",\"@id\":\"https:\\\/\\\/www.eldigitaldeasturias.com\\\/noticias#listItem\",\"name\":\"Home\"}},{\"@type\":\"ListItem\",\"@id\":\"https:\\\/\\\/www.eldigitaldeasturias.com\\\/noticias\\\/daniel-ripa-respalda-a-pili-zabala-en-bilbao\\\/#listItem\",\"position\":3,\"name\":\"Daniel Ripa respalda a Pili Zabala en Bilbao\",\"previousItem\":{\"@type\":\"ListItem\",\"@id\":\"https:\\\/\\\/www.eldigitaldeasturias.com\\\/noticias\\\/category\\\/actualidad\\\/#listItem\",\"name\":\"Actualidad\"}}]},{\"@type\":\"Organization\",\"@id\":\"https:\\\/\\\/www.eldigitaldeasturias.com\\\/noticias\\\/#organization\",\"name\":\"El Digital de Asturias\",\"description\":\"Hemeroteca\",\"url\":\"https:\\\/\\\/www.eldigitaldeasturias.com\\\/noticias\\\/\",\"email\":\"info@eldigitaldeasturias.com\",\"telephone\":\"+34652131393\",\"logo\":{\"@type\":\"ImageObject\",\"url\":\"https:\\\/\\\/www.eldigitaldeasturias.com\\\/noticias\\\/wp-content\\\/uploads\\\/2020\\\/12\\\/EDA.jpg\",\"@id\":\"https:\\\/\\\/www.eldigitaldeasturias.com\\\/noticias\\\/daniel-ripa-respalda-a-pili-zabala-en-bilbao\\\/#organizationLogo\",\"width\":649,\"height\":297},\"image\":{\"@id\":\"https:\\\/\\\/www.eldigitaldeasturias.com\\\/noticias\\\/daniel-ripa-respalda-a-pili-zabala-en-bilbao\\\/#organizationLogo\"},\"sameAs\":[\"https:\\\/\\\/facebook.com\\\/eldigitaldeasturias\",\"https:\\\/\\\/www.youtube.com\\\/channel\\\/UCZP-2wLEB9Rv6erhFmqVnvg\"],\"address\":{\"@id\":\"https:\\\/\\\/www.eldigitaldeasturias.com\\\/noticias\\\/#postaladdress\",\"@type\":\"PostalAddress\",\"streetAddress\":\"san antonio 4,\",\"postalCode\":\"33430\",\"addressLocality\":\"Cand\\u00e1s\",\"addressRegion\":\"Asturias\",\"addressCountry\":\"ES\"}},{\"@type\":\"Person\",\"@id\":\"https:\\\/\\\/www.eldigitaldeasturias.com\\\/noticias\\\/author\\\/admin\\\/#author\",\"url\":\"https:\\\/\\\/www.eldigitaldeasturias.com\\\/noticias\\\/author\\\/admin\\\/\",\"name\":\"El Digital de Asturias\",\"image\":{\"@type\":\"ImageObject\",\"@id\":\"https:\\\/\\\/www.eldigitaldeasturias.com\\\/noticias\\\/daniel-ripa-respalda-a-pili-zabala-en-bilbao\\\/#authorImage\",\"url\":\"https:\\\/\\\/www.eldigitaldeasturias.com\\\/noticias\\\/wp-content\\\/litespeed\\\/avatar\\\/18677e78aa0546b92d9dbf31ec7d7668.jpg?ver=1777290358\",\"width\":96,\"height\":96,\"caption\":\"El Digital de Asturias\"}},{\"@type\":\"WebPage\",\"@id\":\"https:\\\/\\\/www.eldigitaldeasturias.com\\\/noticias\\\/daniel-ripa-respalda-a-pili-zabala-en-bilbao\\\/#webpage\",\"url\":\"https:\\\/\\\/www.eldigitaldeasturias.com\\\/noticias\\\/daniel-ripa-respalda-a-pili-zabala-en-bilbao\\\/\",\"name\":\"Daniel Ripa respalda a Pili Zabala en Bilbao - El Digital de Asturias\",\"description\":\"El secretario general de Podemos en Asturias, Daniel Ripa, ha participado este martes en acto de campa\\u00f1a en Bilbao, respaldando a la candidata Pili Zabala. All\\u00ed, el diputado regional de Podemos en Asturias ha advertido de los problemas de gobiernos que est\\u00e1n d\\u00e9cadas en el poder porque generan \\\"inmensas redes clientelares que inmovilizan el dinamismo\",\"inLanguage\":\"es-ES\",\"isPartOf\":{\"@id\":\"https:\\\/\\\/www.eldigitaldeasturias.com\\\/noticias\\\/#website\"},\"breadcrumb\":{\"@id\":\"https:\\\/\\\/www.eldigitaldeasturias.com\\\/noticias\\\/daniel-ripa-respalda-a-pili-zabala-en-bilbao\\\/#breadcrumblist\"},\"author\":{\"@id\":\"https:\\\/\\\/www.eldigitaldeasturias.com\\\/noticias\\\/author\\\/admin\\\/#author\"},\"creator\":{\"@id\":\"https:\\\/\\\/www.eldigitaldeasturias.com\\\/noticias\\\/author\\\/admin\\\/#author\"},\"image\":{\"@type\":\"ImageObject\",\"url\":\"https:\\\/\\\/www.eldigitaldeasturias.com\\\/noticias\\\/wp-content\\\/uploads\\\/2016\\\/09\\\/Ripa.jpg\",\"@id\":\"https:\\\/\\\/www.eldigitaldeasturias.com\\\/noticias\\\/daniel-ripa-respalda-a-pili-zabala-en-bilbao\\\/#mainImage\",\"width\":800,\"height\":534},\"primaryImageOfPage\":{\"@id\":\"https:\\\/\\\/www.eldigitaldeasturias.com\\\/noticias\\\/daniel-ripa-respalda-a-pili-zabala-en-bilbao\\\/#mainImage\"},\"datePublished\":\"2016-09-21T02:11:33+02:00\",\"dateModified\":\"2016-09-21T02:11:33+02:00\"},{\"@type\":\"WebSite\",\"@id\":\"https:\\\/\\\/www.eldigitaldeasturias.com\\\/noticias\\\/#website\",\"url\":\"https:\\\/\\\/www.eldigitaldeasturias.com\\\/noticias\\\/\",\"name\":\"El Digital de Asturias - Diario de actualidad y noticias\",\"alternateName\":\"El Digital de Asturias - Diario de actualidad y noticias\",\"description\":\"Hemeroteca\",\"inLanguage\":\"es-ES\",\"publisher\":{\"@id\":\"https:\\\/\\\/www.eldigitaldeasturias.com\\\/noticias\\\/#organization\"}}]}\n\t\t<\/script>\n\t\t<!-- All in One SEO Pro -->\r\n\t\t<title>Daniel Ripa respalda a Pili Zabala en Bilbao - El Digital de Asturias<\/title>\n\n","aioseo_head_json":{"title":"Daniel Ripa respalda a Pili Zabala en Bilbao - El Digital de Asturias","description":"El secretario general de Podemos en Asturias, Daniel Ripa, ha participado este martes en acto de campa\u00f1a en Bilbao, respaldando a la candidata Pili Zabala. All\u00ed, el diputado regional de Podemos en Asturias ha advertido de los problemas de gobiernos que est\u00e1n d\u00e9cadas en el poder porque generan \"inmensas redes clientelares que inmovilizan el dinamismo","canonical_url":"https:\/\/www.eldigitaldeasturias.com\/noticias\/daniel-ripa-respalda-a-pili-zabala-en-bilbao\/","robots":"max-image-preview:large","keywords":"actualidad","webmasterTools":{"google-site-verification":"UA-38556648-1","msvalidate.01":"7dfe9f3f1b24437ab69f4f2559babe99","miscellaneous":""},"schema":{"@context":"https:\/\/schema.org","@graph":[{"@type":"BlogPosting","@id":"https:\/\/www.eldigitaldeasturias.com\/noticias\/daniel-ripa-respalda-a-pili-zabala-en-bilbao\/#blogposting","name":"Daniel Ripa respalda a Pili Zabala en Bilbao - El Digital de Asturias","headline":"Daniel Ripa respalda a Pili Zabala en Bilbao","author":{"@id":"https:\/\/www.eldigitaldeasturias.com\/noticias\/author\/admin\/#author"},"publisher":{"@id":"https:\/\/www.eldigitaldeasturias.com\/noticias\/#organization"},"image":{"@type":"ImageObject","url":"https:\/\/www.eldigitaldeasturias.com\/noticias\/wp-content\/uploads\/2016\/09\/Ripa.jpg","width":800,"height":534},"datePublished":"2016-09-21T02:11:33+02:00","dateModified":"2016-09-21T02:11:33+02:00","inLanguage":"es-ES","mainEntityOfPage":{"@id":"https:\/\/www.eldigitaldeasturias.com\/noticias\/daniel-ripa-respalda-a-pili-zabala-en-bilbao\/#webpage"},"isPartOf":{"@id":"https:\/\/www.eldigitaldeasturias.com\/noticias\/daniel-ripa-respalda-a-pili-zabala-en-bilbao\/#webpage"},"articleSection":"Actualidad"},{"@type":"BreadcrumbList","@id":"https:\/\/www.eldigitaldeasturias.com\/noticias\/daniel-ripa-respalda-a-pili-zabala-en-bilbao\/#breadcrumblist","itemListElement":[{"@type":"ListItem","@id":"https:\/\/www.eldigitaldeasturias.com\/noticias#listItem","position":1,"name":"Home","item":"https:\/\/www.eldigitaldeasturias.com\/noticias","nextItem":{"@type":"ListItem","@id":"https:\/\/www.eldigitaldeasturias.com\/noticias\/category\/actualidad\/#listItem","name":"Actualidad"}},{"@type":"ListItem","@id":"https:\/\/www.eldigitaldeasturias.com\/noticias\/category\/actualidad\/#listItem","position":2,"name":"Actualidad","item":"https:\/\/www.eldigitaldeasturias.com\/noticias\/category\/actualidad\/","nextItem":{"@type":"ListItem","@id":"https:\/\/www.eldigitaldeasturias.com\/noticias\/daniel-ripa-respalda-a-pili-zabala-en-bilbao\/#listItem","name":"Daniel Ripa respalda a Pili Zabala en Bilbao"},"previousItem":{"@type":"ListItem","@id":"https:\/\/www.eldigitaldeasturias.com\/noticias#listItem","name":"Home"}},{"@type":"ListItem","@id":"https:\/\/www.eldigitaldeasturias.com\/noticias\/daniel-ripa-respalda-a-pili-zabala-en-bilbao\/#listItem","position":3,"name":"Daniel Ripa respalda a Pili Zabala en Bilbao","previousItem":{"@type":"ListItem","@id":"https:\/\/www.eldigitaldeasturias.com\/noticias\/category\/actualidad\/#listItem","name":"Actualidad"}}]},{"@type":"Organization","@id":"https:\/\/www.eldigitaldeasturias.com\/noticias\/#organization","name":"El Digital de Asturias","description":"Hemeroteca","url":"https:\/\/www.eldigitaldeasturias.com\/noticias\/","email":"info@eldigitaldeasturias.com","telephone":"+34652131393","logo":{"@type":"ImageObject","url":"https:\/\/www.eldigitaldeasturias.com\/noticias\/wp-content\/uploads\/2020\/12\/EDA.jpg","@id":"https:\/\/www.eldigitaldeasturias.com\/noticias\/daniel-ripa-respalda-a-pili-zabala-en-bilbao\/#organizationLogo","width":649,"height":297},"image":{"@id":"https:\/\/www.eldigitaldeasturias.com\/noticias\/daniel-ripa-respalda-a-pili-zabala-en-bilbao\/#organizationLogo"},"sameAs":["https:\/\/facebook.com\/eldigitaldeasturias","https:\/\/www.youtube.com\/channel\/UCZP-2wLEB9Rv6erhFmqVnvg"],"address":{"@id":"https:\/\/www.eldigitaldeasturias.com\/noticias\/#postaladdress","@type":"PostalAddress","streetAddress":"san antonio 4,","postalCode":"33430","addressLocality":"Cand\u00e1s","addressRegion":"Asturias","addressCountry":"ES"}},{"@type":"Person","@id":"https:\/\/www.eldigitaldeasturias.com\/noticias\/author\/admin\/#author","url":"https:\/\/www.eldigitaldeasturias.com\/noticias\/author\/admin\/","name":"El Digital de Asturias","image":{"@type":"ImageObject","@id":"https:\/\/www.eldigitaldeasturias.com\/noticias\/daniel-ripa-respalda-a-pili-zabala-en-bilbao\/#authorImage","url":"https:\/\/www.eldigitaldeasturias.com\/noticias\/wp-content\/litespeed\/avatar\/18677e78aa0546b92d9dbf31ec7d7668.jpg?ver=1777290358","width":96,"height":96,"caption":"El Digital de Asturias"}},{"@type":"WebPage","@id":"https:\/\/www.eldigitaldeasturias.com\/noticias\/daniel-ripa-respalda-a-pili-zabala-en-bilbao\/#webpage","url":"https:\/\/www.eldigitaldeasturias.com\/noticias\/daniel-ripa-respalda-a-pili-zabala-en-bilbao\/","name":"Daniel Ripa respalda a Pili Zabala en Bilbao - El Digital de Asturias","description":"El secretario general de Podemos en Asturias, Daniel Ripa, ha participado este martes en acto de campa\u00f1a en Bilbao, respaldando a la candidata Pili Zabala. All\u00ed, el diputado regional de Podemos en Asturias ha advertido de los problemas de gobiernos que est\u00e1n d\u00e9cadas en el poder porque generan \"inmensas redes clientelares que inmovilizan el dinamismo","inLanguage":"es-ES","isPartOf":{"@id":"https:\/\/www.eldigitaldeasturias.com\/noticias\/#website"},"breadcrumb":{"@id":"https:\/\/www.eldigitaldeasturias.com\/noticias\/daniel-ripa-respalda-a-pili-zabala-en-bilbao\/#breadcrumblist"},"author":{"@id":"https:\/\/www.eldigitaldeasturias.com\/noticias\/author\/admin\/#author"},"creator":{"@id":"https:\/\/www.eldigitaldeasturias.com\/noticias\/author\/admin\/#author"},"image":{"@type":"ImageObject","url":"https:\/\/www.eldigitaldeasturias.com\/noticias\/wp-content\/uploads\/2016\/09\/Ripa.jpg","@id":"https:\/\/www.eldigitaldeasturias.com\/noticias\/daniel-ripa-respalda-a-pili-zabala-en-bilbao\/#mainImage","width":800,"height":534},"primaryImageOfPage":{"@id":"https:\/\/www.eldigitaldeasturias.com\/noticias\/daniel-ripa-respalda-a-pili-zabala-en-bilbao\/#mainImage"},"datePublished":"2016-09-21T02:11:33+02:00","dateModified":"2016-09-21T02:11:33+02:00"},{"@type":"WebSite","@id":"https:\/\/www.eldigitaldeasturias.com\/noticias\/#website","url":"https:\/\/www.eldigitaldeasturias.com\/noticias\/","name":"El Digital de Asturias - Diario de actualidad y noticias","alternateName":"El Digital de Asturias - Diario de actualidad y noticias","description":"Hemeroteca","inLanguage":"es-ES","publisher":{"@id":"https:\/\/www.eldigitaldeasturias.com\/noticias\/#organization"}}]},"og:locale":"es_ES","og:site_name":"El Digital de Asturias","og:type":"article","og:title":"Daniel Ripa respalda a Pili Zabala en Bilbao - El Digital de Asturias","og:description":"El secretario general de Podemos en Asturias, Daniel Ripa, ha participado este martes en acto de campa\u00f1a en Bilbao, respaldando a la candidata Pili Zabala. All\u00ed, el diputado regional de Podemos en Asturias ha advertido de los problemas de gobiernos que est\u00e1n d\u00e9cadas en el poder porque generan &quot;inmensas redes clientelares que inmovilizan el dinamismo","og:url":"https:\/\/www.eldigitaldeasturias.com\/noticias\/daniel-ripa-respalda-a-pili-zabala-en-bilbao\/","og:image":"https:\/\/www.eldigitaldeasturias.com\/noticias\/wp-content\/uploads\/2016\/09\/Ripa.jpg","og:image:secure_url":"https:\/\/www.eldigitaldeasturias.com\/noticias\/wp-content\/uploads\/2016\/09\/Ripa.jpg","og:image:width":800,"og:image:height":534,"article:tag":["actualidad"],"article:published_time":"2016-09-21T01:11:33+00:00","article:modified_time":"2016-09-21T01:11:33+00:00","article:publisher":"https:\/\/facebook.com\/eldigitaldeasturias","twitter:card":"summary_large_image","twitter:title":"Daniel Ripa respalda a Pili Zabala en Bilbao - El Digital de Asturias","twitter:description":"El secretario general de Podemos en Asturias, Daniel Ripa, ha participado este martes en acto de campa\u00f1a en Bilbao, respaldando a la candidata Pili Zabala. All\u00ed, el diputado regional de Podemos en Asturias ha advertido de los problemas de gobiernos que est\u00e1n d\u00e9cadas en el poder porque generan &quot;inmensas redes clientelares que inmovilizan el dinamismo","twitter:image":"https:\/\/www.eldigitaldeasturias.com\/noticias\/wp-content\/uploads\/2016\/09\/Ripa.jpg","twitter:label1":"Escrito por","twitter:data1":"El Digital de Asturias","twitter:label2":"Tiempo de lectura estimado","twitter:data2":"1 minuto"},"aioseo_meta_data":{"post_id":"908755","title":null,"description":null,"keywords":null,"keyphrases":null,"primary_term":null,"canonical_url":null,"og_title":null,"og_description":null,"og_object_type":"default","og_image_type":"default","og_image_url":null,"og_image_width":null,"og_image_height":null,"og_image_custom_url":null,"og_image_custom_fields":null,"og_video":null,"og_custom_url":null,"og_article_section":null,"og_article_tags":null,"twitter_use_og":false,"twitter_card":"default","twitter_image_type":"default","twitter_image_url":null,"twitter_image_custom_url":null,"twitter_image_custom_fields":null,"twitter_title":null,"twitter_description":null,"schema":{"blockGraphs":[],"customGraphs":[],"default":{"data":{"Article":[],"Course":[],"Dataset":[],"FAQPage":[],"Movie":[],"Person":[],"Product":[],"ProductReview":[],"Car":[],"Recipe":[],"Service":[],"SoftwareApplication":[],"WebPage":[]},"graphName":"","isEnabled":true},"graphs":[],"defaultGraph":"","defaultPostTypeGraph":""},"schema_type":null,"schema_type_options":null,"pillar_content":false,"robots_default":true,"robots_noindex":false,"robots_noarchive":false,"robots_nosnippet":false,"robots_nofollow":false,"robots_noimageindex":false,"robots_noodp":false,"robots_notranslate":false,"robots_max_snippet":null,"robots_max_videopreview":null,"robots_max_imagepreview":"large","priority":null,"frequency":null,"local_seo":null,"seo_analyzer_scan_date":"2025-11-30 17:21:13","breadcrumb_settings":null,"limit_modified_date":false,"open_ai":null,"ai":null,"created":"2020-12-21 13:59:51","updated":"2025-11-30 17:21:13"},"aioseo_breadcrumb":"<div class=\"aioseo-breadcrumbs\"><span class=\"aioseo-breadcrumb\">\n\t<a href=\"https:\/\/www.eldigitaldeasturias.com\/noticias\" title=\"Home\">Home<\/a>\n<\/span><span class=\"aioseo-breadcrumb-separator\">\u2013<\/span><span class=\"aioseo-breadcrumb\">\n\t<a href=\"https:\/\/www.eldigitaldeasturias.com\/noticias\/category\/actualidad\/\" title=\"Actualidad\">Actualidad<\/a>\n<\/span><span class=\"aioseo-breadcrumb-separator\">\u2013<\/span><span class=\"aioseo-breadcrumb\">\n\t<a href=\"https:\/\/www.eldigitaldeasturias.com\/noticias\/daniel-ripa-respalda-a-pili-zabala-en-bilbao\/\" title=\"Daniel Ripa respalda a Pili Zabala en Bilbao\">Daniel Ripa respalda a Pili Zabala en Bilbao<\/a>\n<\/span><\/div>","aioseo_breadcrumb_json":[{"label":"Home","link":"https:\/\/www.eldigitaldeasturias.com\/noticias"},{"label":"Actualidad","link":"https:\/\/www.eldigitaldeasturias.com\/noticias\/category\/actualidad\/"},{"label":"Daniel Ripa respalda a Pili Zabala en Bilbao","link":"https:\/\/www.eldigitaldeasturias.com\/noticias\/daniel-ripa-respalda-a-pili-zabala-en-bilbao\/"}],"_links":{"self":[{"href":"https:\/\/www.eldigitaldeasturias.com\/noticias\/wp-json\/wp\/v2\/posts\/908755","targetHints":{"allow":["GET"]}}],"collection":[{"href":"https:\/\/www.eldigitaldeasturias.com\/noticias\/wp-json\/wp\/v2\/posts"}],"about":[{"href":"https:\/\/www.eldigitaldeasturias.com\/noticias\/wp-json\/wp\/v2\/types\/post"}],"author":[{"embeddable":true,"href":"https:\/\/www.eldigitaldeasturias.com\/noticias\/wp-json\/wp\/v2\/users\/1"}],"replies":[{"embeddable":true,"href":"https:\/\/www.eldigitaldeasturias.com\/noticias\/wp-json\/wp\/v2\/comments?post=908755"}],"version-history":[{"count":0,"href":"https:\/\/www.eldigitaldeasturias.com\/noticias\/wp-json\/wp\/v2\/posts\/908755\/revisions"}],"wp:featuredmedia":[{"embeddable":true,"href":"https:\/\/www.eldigitaldeasturias.com\/noticias\/wp-json\/wp\/v2\/media\/908756"}],"wp:attachment":[{"href":"https:\/\/www.eldigitaldeasturias.com\/noticias\/wp-json\/wp\/v2\/media?parent=908755"}],"wp:term":[{"taxonomy":"category","embeddable":true,"href":"https:\/\/www.eldigitaldeasturias.com\/noticias\/wp-json\/wp\/v2\/categories?post=908755"},{"taxonomy":"post_tag","embeddable":true,"href":"https:\/\/www.eldigitaldeasturias.com\/noticias\/wp-json\/wp\/v2\/tags?post=908755"}],"curies":[{"name":"wp","href":"https:\/\/api.w.org\/{rel}","templated":true}]}}