{"id":908752,"date":"2016-09-21T00:39:30","date_gmt":"2016-09-20T23:39:30","guid":{"rendered":"http:\/\/www.eldigitaldeasturias.com\/noticias\/?p=908752"},"modified":"2016-09-21T00:39:30","modified_gmt":"2016-09-20T23:39:30","slug":"antonio-lopez-y-jose-antonio-lobato-piden-el-voto-para-recortes-cero-grupo-verde-en-galicia-y-euskadi","status":"publish","type":"post","link":"https:\/\/www.eldigitaldeasturias.com\/noticias\/antonio-lopez-y-jose-antonio-lobato-piden-el-voto-para-recortes-cero-grupo-verde-en-galicia-y-euskadi\/","title":{"rendered":"Antonio L\u00f3pez y Jos\u00e9 Antonio Lobato piden el voto para Recortes Cero \u2013 Grupo Verde en Galicia y Euskadi"},"content":{"rendered":"<p><img loading=\"lazy\" decoding=\"async\" class=\"alignleft size-medium wp-image-785345\" src=\"https:\/\/www.eldigitaldeasturias.com\/noticias\/wp-content\/uploads\/2015\/05\/urnas-360x304.jpg\" alt=\"urnas\" width=\"360\" height=\"304\" srcset=\"https:\/\/www.eldigitaldeasturias.com\/noticias\/wp-content\/uploads\/2015\/05\/urnas-360x304.jpg 360w, https:\/\/www.eldigitaldeasturias.com\/noticias\/wp-content\/uploads\/2015\/05\/urnas-650x548.jpg 650w, https:\/\/www.eldigitaldeasturias.com\/noticias\/wp-content\/uploads\/2015\/05\/urnas.jpg 800w\" sizes=\"auto, (max-width: 360px) 100vw, 360px\" \/>El pintor Antonio L\u00f3pez, el director de teatro Jorge Eines, el actor Jos\u00e9 Antonio Lobato, el te\u00f3logo Benjam\u00edn Forcano o el portavoz nacional de Los Verdes Grupo Verde, apuestan por el voto para Recortes Cero \u2013 Grupo Verde el pr\u00f3ximo 25-S.<\/p>\n<p>\u201cNo temas preguntar compa\u00f1ero, no te dejes convencer. Compru\u00e9balo t\u00fa mismo, lo que no aprendas por ti no lo sabr\u00e1s. Comprueba las cuentas, t\u00fa tienes que pagarlas. Se\u00f1ala a cada cosa con el dedo y pregunta, \u00bfy esto por qu\u00e9?\u201d. Con estos versos de Bertolt Brecht inicia el v\u00eddeo el actor Jo\u015be Antonio Lobato. \u201cEn Recortes Cero hemos hecho las cuentas. Hazlas t\u00fa tambi\u00e9n\u201d. El actor, que es una instituci\u00f3n del teatro asturiano, participa actualmente en la serie Acacias 38.<\/p>\n<p>El pintor Antonio L\u00f3pez se dirije a c\u00e1mara: \u201cMe parec\u00e9is unas personas con muy buena voluntad, muy generosos, y os merec\u00e9is el respeto de la gente mejor. Os deseo mucha suerte y en lo poco que pueda colaborar, estar\u00e9 con vosotros\u201d.<\/p>\n<p>El te\u00f3logo Benjam\u00edn Forcano saluda tras una im\u00e1genes de monse\u00f1or Romero, arzobispo de El Salvador \u201cque fue asesinado cuando celebraba la misa\u2026 fue tremendo\u201d, manifestando su apoyo a Recortes Cero \u2013 Grupo Verde.<\/p>\n<p>El portavoz de Los Verdes \u2013 Grupo Verde, Esteban Cabal, apoya en el v\u00eddeo el manifiesto impulsado por Recortes Cero y firmado por multitud de organizaciones, personalidades y profesionales, exigiendo un Gobierno de Progreso y un acuerdo, para ello, entre PSOE, Unidos Podemos y Ciudadanos. Recortes Cero \u2013 Grupo Verde defiende \u201cRedistribuir la<br \/>\nRiqueza en Galicia y un Gobierno de Progreso para toda Espa\u00f1a\u201d.<\/p>\n<p>El director de teatro y maestro de algunos de los mejores actores y actrices del pa\u00eds, Jorge Eines, apuesta por Recortes Cero y su programa de cultura, \u201cporque un pueblo creador es un pueblo m\u00e1s feliz\u201d. Jorge Eines, que representa actualmente la obra de teatro Peer Gynt, es tambi\u00e9n miembro de la Coordinadora Estatal de Recortes Cero.<\/p>\n<p>Concluyen el v\u00eddeo las candidatas Pastora Fern\u00e1ndez, a la Presidencia de la Xunta, y Ruth Hern\u00e1ndez, a lehendakari en Euskadi: \u201cHa llegado el momento de que los candidatos de la redistribuci\u00f3n de la riqueza entren en la Xunta y en el Eusko Legebiltzarra\u201d.<\/p>\n<p>&nbsp;<\/p>\n","protected":false},"excerpt":{"rendered":"<p>El pintor Antonio L\u00f3pez, el director de teatro Jorge Eines, el actor Jos\u00e9 Antonio Lobato, el te\u00f3logo Benjam\u00edn Forcano o el portavoz nacional de Los Verdes Grupo Verde, apuestan por el voto para Recortes Cero \u2013 Grupo Verde el pr\u00f3ximo 25-S. \u201cNo temas preguntar compa\u00f1ero, no te dejes convencer. Compru\u00e9balo t\u00fa mismo, lo que no [&hellip;]<\/p>\n","protected":false},"author":1,"featured_media":785345,"comment_status":"closed","ping_status":"closed","sticky":false,"template":"","format":"standard","meta":{"footnotes":""},"categories":[1],"tags":[],"class_list":["post-908752","post","type-post","status-publish","format-standard","has-post-thumbnail","hentry","category-actualidad"],"aioseo_notices":[],"aioseo_head":"\n\t\t<!-- All in One SEO Pro 4.9.6.2 - aioseo.com -->\n\t<meta name=\"description\" content=\"El pintor Antonio L\u00f3pez, el director de teatro Jorge Eines, el actor Jos\u00e9 Antonio Lobato, el te\u00f3logo Benjam\u00edn Forcano o el portavoz nacional de Los Verdes Grupo Verde, apuestan por el voto para Recortes Cero \u2013 Grupo Verde el pr\u00f3ximo 25-S. \u201cNo temas preguntar compa\u00f1ero, no te dejes convencer. Compru\u00e9balo t\u00fa mismo, lo que no\" \/>\n\t<meta name=\"robots\" content=\"max-image-preview:large\" \/>\n\t<meta name=\"author\" content=\"El Digital de Asturias\"\/>\n\t<meta name=\"google-site-verification\" content=\"UA-38556648-1\" \/>\n\t<meta name=\"msvalidate.01\" content=\"7dfe9f3f1b24437ab69f4f2559babe99\" \/>\n\t<meta name=\"keywords\" content=\"actualidad\" \/>\n\t<link rel=\"canonical\" href=\"https:\/\/www.eldigitaldeasturias.com\/noticias\/antonio-lopez-y-jose-antonio-lobato-piden-el-voto-para-recortes-cero-grupo-verde-en-galicia-y-euskadi\/\" \/>\n\t<meta name=\"generator\" content=\"All in One SEO Pro (AIOSEO) 4.9.6.2\" \/>\n\t\t<meta property=\"og:locale\" content=\"es_ES\" \/>\n\t\t<meta property=\"og:site_name\" content=\"El Digital de Asturias\" \/>\n\t\t<meta property=\"og:type\" content=\"article\" \/>\n\t\t<meta property=\"og:title\" content=\"Antonio L\u00f3pez y Jos\u00e9 Antonio Lobato piden el voto para Recortes Cero \u2013 Grupo Verde en Galicia y Euskadi - El Digital de Asturias\" \/>\n\t\t<meta property=\"og:description\" content=\"El pintor Antonio L\u00f3pez, el director de teatro Jorge Eines, el actor Jos\u00e9 Antonio Lobato, el te\u00f3logo Benjam\u00edn Forcano o el portavoz nacional de Los Verdes Grupo Verde, apuestan por el voto para Recortes Cero \u2013 Grupo Verde el pr\u00f3ximo 25-S. \u201cNo temas preguntar compa\u00f1ero, no te dejes convencer. Compru\u00e9balo t\u00fa mismo, lo que no\" \/>\n\t\t<meta property=\"og:url\" content=\"https:\/\/www.eldigitaldeasturias.com\/noticias\/antonio-lopez-y-jose-antonio-lobato-piden-el-voto-para-recortes-cero-grupo-verde-en-galicia-y-euskadi\/\" \/>\n\t\t<meta property=\"og:image\" content=\"https:\/\/www.eldigitaldeasturias.com\/noticias\/wp-content\/uploads\/2015\/05\/urnas.jpg\" \/>\n\t\t<meta property=\"og:image:secure_url\" content=\"https:\/\/www.eldigitaldeasturias.com\/noticias\/wp-content\/uploads\/2015\/05\/urnas.jpg\" \/>\n\t\t<meta property=\"og:image:width\" content=\"800\" \/>\n\t\t<meta property=\"og:image:height\" content=\"675\" \/>\n\t\t<meta property=\"article:tag\" content=\"actualidad\" \/>\n\t\t<meta property=\"article:published_time\" content=\"2016-09-20T23:39:30+00:00\" \/>\n\t\t<meta property=\"article:modified_time\" content=\"2016-09-20T23:39:30+00:00\" \/>\n\t\t<meta property=\"article:publisher\" content=\"https:\/\/facebook.com\/eldigitaldeasturias\" \/>\n\t\t<meta name=\"twitter:card\" content=\"summary_large_image\" \/>\n\t\t<meta name=\"twitter:title\" content=\"Antonio L\u00f3pez y Jos\u00e9 Antonio Lobato piden el voto para Recortes Cero \u2013 Grupo Verde en Galicia y Euskadi - El Digital de Asturias\" \/>\n\t\t<meta name=\"twitter:description\" content=\"El pintor Antonio L\u00f3pez, el director de teatro Jorge Eines, el actor Jos\u00e9 Antonio Lobato, el te\u00f3logo Benjam\u00edn Forcano o el portavoz nacional de Los Verdes Grupo Verde, apuestan por el voto para Recortes Cero \u2013 Grupo Verde el pr\u00f3ximo 25-S. \u201cNo temas preguntar compa\u00f1ero, no te dejes convencer. Compru\u00e9balo t\u00fa mismo, lo que no\" \/>\n\t\t<meta name=\"twitter:image\" content=\"https:\/\/www.eldigitaldeasturias.com\/noticias\/wp-content\/uploads\/2015\/05\/urnas.jpg\" \/>\n\t\t<meta name=\"twitter:label1\" content=\"Escrito por\" \/>\n\t\t<meta name=\"twitter:data1\" content=\"El Digital de Asturias\" \/>\n\t\t<meta name=\"twitter:label2\" content=\"Tiempo de lectura estimado\" \/>\n\t\t<meta name=\"twitter:data2\" content=\"2 minutos\" \/>\n\t\t<script type=\"application\/ld+json\" class=\"aioseo-schema\">\n\t\t\t{\"@context\":\"https:\\\/\\\/schema.org\",\"@graph\":[{\"@type\":\"BlogPosting\",\"@id\":\"https:\\\/\\\/www.eldigitaldeasturias.com\\\/noticias\\\/antonio-lopez-y-jose-antonio-lobato-piden-el-voto-para-recortes-cero-grupo-verde-en-galicia-y-euskadi\\\/#blogposting\",\"name\":\"Antonio L\\u00f3pez y Jos\\u00e9 Antonio Lobato piden el voto para Recortes Cero \\u2013 Grupo Verde en Galicia y Euskadi - El Digital de Asturias\",\"headline\":\"Antonio L\\u00f3pez y Jos\\u00e9 Antonio Lobato piden el voto para Recortes Cero \\u2013 Grupo Verde en Galicia y Euskadi\",\"author\":{\"@id\":\"https:\\\/\\\/www.eldigitaldeasturias.com\\\/noticias\\\/author\\\/admin\\\/#author\"},\"publisher\":{\"@id\":\"https:\\\/\\\/www.eldigitaldeasturias.com\\\/noticias\\\/#organization\"},\"image\":{\"@type\":\"ImageObject\",\"url\":\"https:\\\/\\\/www.eldigitaldeasturias.com\\\/noticias\\\/wp-content\\\/uploads\\\/2015\\\/05\\\/urnas.jpg\",\"width\":800,\"height\":675},\"datePublished\":\"2016-09-21T00:39:30+02:00\",\"dateModified\":\"2016-09-21T00:39:30+02:00\",\"inLanguage\":\"es-ES\",\"mainEntityOfPage\":{\"@id\":\"https:\\\/\\\/www.eldigitaldeasturias.com\\\/noticias\\\/antonio-lopez-y-jose-antonio-lobato-piden-el-voto-para-recortes-cero-grupo-verde-en-galicia-y-euskadi\\\/#webpage\"},\"isPartOf\":{\"@id\":\"https:\\\/\\\/www.eldigitaldeasturias.com\\\/noticias\\\/antonio-lopez-y-jose-antonio-lobato-piden-el-voto-para-recortes-cero-grupo-verde-en-galicia-y-euskadi\\\/#webpage\"},\"articleSection\":\"Actualidad\"},{\"@type\":\"BreadcrumbList\",\"@id\":\"https:\\\/\\\/www.eldigitaldeasturias.com\\\/noticias\\\/antonio-lopez-y-jose-antonio-lobato-piden-el-voto-para-recortes-cero-grupo-verde-en-galicia-y-euskadi\\\/#breadcrumblist\",\"itemListElement\":[{\"@type\":\"ListItem\",\"@id\":\"https:\\\/\\\/www.eldigitaldeasturias.com\\\/noticias#listItem\",\"position\":1,\"name\":\"Home\",\"item\":\"https:\\\/\\\/www.eldigitaldeasturias.com\\\/noticias\",\"nextItem\":{\"@type\":\"ListItem\",\"@id\":\"https:\\\/\\\/www.eldigitaldeasturias.com\\\/noticias\\\/category\\\/actualidad\\\/#listItem\",\"name\":\"Actualidad\"}},{\"@type\":\"ListItem\",\"@id\":\"https:\\\/\\\/www.eldigitaldeasturias.com\\\/noticias\\\/category\\\/actualidad\\\/#listItem\",\"position\":2,\"name\":\"Actualidad\",\"item\":\"https:\\\/\\\/www.eldigitaldeasturias.com\\\/noticias\\\/category\\\/actualidad\\\/\",\"nextItem\":{\"@type\":\"ListItem\",\"@id\":\"https:\\\/\\\/www.eldigitaldeasturias.com\\\/noticias\\\/antonio-lopez-y-jose-antonio-lobato-piden-el-voto-para-recortes-cero-grupo-verde-en-galicia-y-euskadi\\\/#listItem\",\"name\":\"Antonio L\\u00f3pez y Jos\\u00e9 Antonio Lobato piden el voto para Recortes Cero \\u2013 Grupo Verde en Galicia y Euskadi\"},\"previousItem\":{\"@type\":\"ListItem\",\"@id\":\"https:\\\/\\\/www.eldigitaldeasturias.com\\\/noticias#listItem\",\"name\":\"Home\"}},{\"@type\":\"ListItem\",\"@id\":\"https:\\\/\\\/www.eldigitaldeasturias.com\\\/noticias\\\/antonio-lopez-y-jose-antonio-lobato-piden-el-voto-para-recortes-cero-grupo-verde-en-galicia-y-euskadi\\\/#listItem\",\"position\":3,\"name\":\"Antonio L\\u00f3pez y Jos\\u00e9 Antonio Lobato piden el voto para Recortes Cero \\u2013 Grupo Verde en Galicia y Euskadi\",\"previousItem\":{\"@type\":\"ListItem\",\"@id\":\"https:\\\/\\\/www.eldigitaldeasturias.com\\\/noticias\\\/category\\\/actualidad\\\/#listItem\",\"name\":\"Actualidad\"}}]},{\"@type\":\"Organization\",\"@id\":\"https:\\\/\\\/www.eldigitaldeasturias.com\\\/noticias\\\/#organization\",\"name\":\"El Digital de Asturias\",\"description\":\"Hemeroteca\",\"url\":\"https:\\\/\\\/www.eldigitaldeasturias.com\\\/noticias\\\/\",\"email\":\"info@eldigitaldeasturias.com\",\"telephone\":\"+34652131393\",\"logo\":{\"@type\":\"ImageObject\",\"url\":\"https:\\\/\\\/www.eldigitaldeasturias.com\\\/noticias\\\/wp-content\\\/uploads\\\/2020\\\/12\\\/EDA.jpg\",\"@id\":\"https:\\\/\\\/www.eldigitaldeasturias.com\\\/noticias\\\/antonio-lopez-y-jose-antonio-lobato-piden-el-voto-para-recortes-cero-grupo-verde-en-galicia-y-euskadi\\\/#organizationLogo\",\"width\":649,\"height\":297},\"image\":{\"@id\":\"https:\\\/\\\/www.eldigitaldeasturias.com\\\/noticias\\\/antonio-lopez-y-jose-antonio-lobato-piden-el-voto-para-recortes-cero-grupo-verde-en-galicia-y-euskadi\\\/#organizationLogo\"},\"sameAs\":[\"https:\\\/\\\/facebook.com\\\/eldigitaldeasturias\",\"https:\\\/\\\/www.youtube.com\\\/channel\\\/UCZP-2wLEB9Rv6erhFmqVnvg\"],\"address\":{\"@id\":\"https:\\\/\\\/www.eldigitaldeasturias.com\\\/noticias\\\/#postaladdress\",\"@type\":\"PostalAddress\",\"streetAddress\":\"san antonio 4,\",\"postalCode\":\"33430\",\"addressLocality\":\"Cand\\u00e1s\",\"addressRegion\":\"Asturias\",\"addressCountry\":\"ES\"}},{\"@type\":\"Person\",\"@id\":\"https:\\\/\\\/www.eldigitaldeasturias.com\\\/noticias\\\/author\\\/admin\\\/#author\",\"url\":\"https:\\\/\\\/www.eldigitaldeasturias.com\\\/noticias\\\/author\\\/admin\\\/\",\"name\":\"El Digital de Asturias\",\"image\":{\"@type\":\"ImageObject\",\"@id\":\"https:\\\/\\\/www.eldigitaldeasturias.com\\\/noticias\\\/antonio-lopez-y-jose-antonio-lobato-piden-el-voto-para-recortes-cero-grupo-verde-en-galicia-y-euskadi\\\/#authorImage\",\"url\":\"https:\\\/\\\/www.eldigitaldeasturias.com\\\/noticias\\\/wp-content\\\/litespeed\\\/avatar\\\/18677e78aa0546b92d9dbf31ec7d7668.jpg?ver=1777290358\",\"width\":96,\"height\":96,\"caption\":\"El Digital de Asturias\"}},{\"@type\":\"WebPage\",\"@id\":\"https:\\\/\\\/www.eldigitaldeasturias.com\\\/noticias\\\/antonio-lopez-y-jose-antonio-lobato-piden-el-voto-para-recortes-cero-grupo-verde-en-galicia-y-euskadi\\\/#webpage\",\"url\":\"https:\\\/\\\/www.eldigitaldeasturias.com\\\/noticias\\\/antonio-lopez-y-jose-antonio-lobato-piden-el-voto-para-recortes-cero-grupo-verde-en-galicia-y-euskadi\\\/\",\"name\":\"Antonio L\\u00f3pez y Jos\\u00e9 Antonio Lobato piden el voto para Recortes Cero \\u2013 Grupo Verde en Galicia y Euskadi - El Digital de Asturias\",\"description\":\"El pintor Antonio L\\u00f3pez, el director de teatro Jorge Eines, el actor Jos\\u00e9 Antonio Lobato, el te\\u00f3logo Benjam\\u00edn Forcano o el portavoz nacional de Los Verdes Grupo Verde, apuestan por el voto para Recortes Cero \\u2013 Grupo Verde el pr\\u00f3ximo 25-S. \\u201cNo temas preguntar compa\\u00f1ero, no te dejes convencer. Compru\\u00e9balo t\\u00fa mismo, lo que no\",\"inLanguage\":\"es-ES\",\"isPartOf\":{\"@id\":\"https:\\\/\\\/www.eldigitaldeasturias.com\\\/noticias\\\/#website\"},\"breadcrumb\":{\"@id\":\"https:\\\/\\\/www.eldigitaldeasturias.com\\\/noticias\\\/antonio-lopez-y-jose-antonio-lobato-piden-el-voto-para-recortes-cero-grupo-verde-en-galicia-y-euskadi\\\/#breadcrumblist\"},\"author\":{\"@id\":\"https:\\\/\\\/www.eldigitaldeasturias.com\\\/noticias\\\/author\\\/admin\\\/#author\"},\"creator\":{\"@id\":\"https:\\\/\\\/www.eldigitaldeasturias.com\\\/noticias\\\/author\\\/admin\\\/#author\"},\"image\":{\"@type\":\"ImageObject\",\"url\":\"https:\\\/\\\/www.eldigitaldeasturias.com\\\/noticias\\\/wp-content\\\/uploads\\\/2015\\\/05\\\/urnas.jpg\",\"@id\":\"https:\\\/\\\/www.eldigitaldeasturias.com\\\/noticias\\\/antonio-lopez-y-jose-antonio-lobato-piden-el-voto-para-recortes-cero-grupo-verde-en-galicia-y-euskadi\\\/#mainImage\",\"width\":800,\"height\":675},\"primaryImageOfPage\":{\"@id\":\"https:\\\/\\\/www.eldigitaldeasturias.com\\\/noticias\\\/antonio-lopez-y-jose-antonio-lobato-piden-el-voto-para-recortes-cero-grupo-verde-en-galicia-y-euskadi\\\/#mainImage\"},\"datePublished\":\"2016-09-21T00:39:30+02:00\",\"dateModified\":\"2016-09-21T00:39:30+02:00\"},{\"@type\":\"WebSite\",\"@id\":\"https:\\\/\\\/www.eldigitaldeasturias.com\\\/noticias\\\/#website\",\"url\":\"https:\\\/\\\/www.eldigitaldeasturias.com\\\/noticias\\\/\",\"name\":\"El Digital de Asturias - Diario de actualidad y noticias\",\"alternateName\":\"El Digital de Asturias - Diario de actualidad y noticias\",\"description\":\"Hemeroteca\",\"inLanguage\":\"es-ES\",\"publisher\":{\"@id\":\"https:\\\/\\\/www.eldigitaldeasturias.com\\\/noticias\\\/#organization\"}}]}\n\t\t<\/script>\n\t\t<!-- All in One SEO Pro -->\r\n\t\t<title>Antonio L\u00f3pez y Jos\u00e9 Antonio Lobato piden el voto para Recortes Cero \u2013 Grupo Verde en Galicia y Euskadi - El Digital de Asturias<\/title>\n\n","aioseo_head_json":{"title":"Antonio L\u00f3pez y Jos\u00e9 Antonio Lobato piden el voto para Recortes Cero \u2013 Grupo Verde en Galicia y Euskadi - El Digital de Asturias","description":"El pintor Antonio L\u00f3pez, el director de teatro Jorge Eines, el actor Jos\u00e9 Antonio Lobato, el te\u00f3logo Benjam\u00edn Forcano o el portavoz nacional de Los Verdes Grupo Verde, apuestan por el voto para Recortes Cero \u2013 Grupo Verde el pr\u00f3ximo 25-S. \u201cNo temas preguntar compa\u00f1ero, no te dejes convencer. Compru\u00e9balo t\u00fa mismo, lo que no","canonical_url":"https:\/\/www.eldigitaldeasturias.com\/noticias\/antonio-lopez-y-jose-antonio-lobato-piden-el-voto-para-recortes-cero-grupo-verde-en-galicia-y-euskadi\/","robots":"max-image-preview:large","keywords":"actualidad","webmasterTools":{"google-site-verification":"UA-38556648-1","msvalidate.01":"7dfe9f3f1b24437ab69f4f2559babe99","miscellaneous":""},"schema":{"@context":"https:\/\/schema.org","@graph":[{"@type":"BlogPosting","@id":"https:\/\/www.eldigitaldeasturias.com\/noticias\/antonio-lopez-y-jose-antonio-lobato-piden-el-voto-para-recortes-cero-grupo-verde-en-galicia-y-euskadi\/#blogposting","name":"Antonio L\u00f3pez y Jos\u00e9 Antonio Lobato piden el voto para Recortes Cero \u2013 Grupo Verde en Galicia y Euskadi - El Digital de Asturias","headline":"Antonio L\u00f3pez y Jos\u00e9 Antonio Lobato piden el voto para Recortes Cero \u2013 Grupo Verde en Galicia y Euskadi","author":{"@id":"https:\/\/www.eldigitaldeasturias.com\/noticias\/author\/admin\/#author"},"publisher":{"@id":"https:\/\/www.eldigitaldeasturias.com\/noticias\/#organization"},"image":{"@type":"ImageObject","url":"https:\/\/www.eldigitaldeasturias.com\/noticias\/wp-content\/uploads\/2015\/05\/urnas.jpg","width":800,"height":675},"datePublished":"2016-09-21T00:39:30+02:00","dateModified":"2016-09-21T00:39:30+02:00","inLanguage":"es-ES","mainEntityOfPage":{"@id":"https:\/\/www.eldigitaldeasturias.com\/noticias\/antonio-lopez-y-jose-antonio-lobato-piden-el-voto-para-recortes-cero-grupo-verde-en-galicia-y-euskadi\/#webpage"},"isPartOf":{"@id":"https:\/\/www.eldigitaldeasturias.com\/noticias\/antonio-lopez-y-jose-antonio-lobato-piden-el-voto-para-recortes-cero-grupo-verde-en-galicia-y-euskadi\/#webpage"},"articleSection":"Actualidad"},{"@type":"BreadcrumbList","@id":"https:\/\/www.eldigitaldeasturias.com\/noticias\/antonio-lopez-y-jose-antonio-lobato-piden-el-voto-para-recortes-cero-grupo-verde-en-galicia-y-euskadi\/#breadcrumblist","itemListElement":[{"@type":"ListItem","@id":"https:\/\/www.eldigitaldeasturias.com\/noticias#listItem","position":1,"name":"Home","item":"https:\/\/www.eldigitaldeasturias.com\/noticias","nextItem":{"@type":"ListItem","@id":"https:\/\/www.eldigitaldeasturias.com\/noticias\/category\/actualidad\/#listItem","name":"Actualidad"}},{"@type":"ListItem","@id":"https:\/\/www.eldigitaldeasturias.com\/noticias\/category\/actualidad\/#listItem","position":2,"name":"Actualidad","item":"https:\/\/www.eldigitaldeasturias.com\/noticias\/category\/actualidad\/","nextItem":{"@type":"ListItem","@id":"https:\/\/www.eldigitaldeasturias.com\/noticias\/antonio-lopez-y-jose-antonio-lobato-piden-el-voto-para-recortes-cero-grupo-verde-en-galicia-y-euskadi\/#listItem","name":"Antonio L\u00f3pez y Jos\u00e9 Antonio Lobato piden el voto para Recortes Cero \u2013 Grupo Verde en Galicia y Euskadi"},"previousItem":{"@type":"ListItem","@id":"https:\/\/www.eldigitaldeasturias.com\/noticias#listItem","name":"Home"}},{"@type":"ListItem","@id":"https:\/\/www.eldigitaldeasturias.com\/noticias\/antonio-lopez-y-jose-antonio-lobato-piden-el-voto-para-recortes-cero-grupo-verde-en-galicia-y-euskadi\/#listItem","position":3,"name":"Antonio L\u00f3pez y Jos\u00e9 Antonio Lobato piden el voto para Recortes Cero \u2013 Grupo Verde en Galicia y Euskadi","previousItem":{"@type":"ListItem","@id":"https:\/\/www.eldigitaldeasturias.com\/noticias\/category\/actualidad\/#listItem","name":"Actualidad"}}]},{"@type":"Organization","@id":"https:\/\/www.eldigitaldeasturias.com\/noticias\/#organization","name":"El Digital de Asturias","description":"Hemeroteca","url":"https:\/\/www.eldigitaldeasturias.com\/noticias\/","email":"info@eldigitaldeasturias.com","telephone":"+34652131393","logo":{"@type":"ImageObject","url":"https:\/\/www.eldigitaldeasturias.com\/noticias\/wp-content\/uploads\/2020\/12\/EDA.jpg","@id":"https:\/\/www.eldigitaldeasturias.com\/noticias\/antonio-lopez-y-jose-antonio-lobato-piden-el-voto-para-recortes-cero-grupo-verde-en-galicia-y-euskadi\/#organizationLogo","width":649,"height":297},"image":{"@id":"https:\/\/www.eldigitaldeasturias.com\/noticias\/antonio-lopez-y-jose-antonio-lobato-piden-el-voto-para-recortes-cero-grupo-verde-en-galicia-y-euskadi\/#organizationLogo"},"sameAs":["https:\/\/facebook.com\/eldigitaldeasturias","https:\/\/www.youtube.com\/channel\/UCZP-2wLEB9Rv6erhFmqVnvg"],"address":{"@id":"https:\/\/www.eldigitaldeasturias.com\/noticias\/#postaladdress","@type":"PostalAddress","streetAddress":"san antonio 4,","postalCode":"33430","addressLocality":"Cand\u00e1s","addressRegion":"Asturias","addressCountry":"ES"}},{"@type":"Person","@id":"https:\/\/www.eldigitaldeasturias.com\/noticias\/author\/admin\/#author","url":"https:\/\/www.eldigitaldeasturias.com\/noticias\/author\/admin\/","name":"El Digital de Asturias","image":{"@type":"ImageObject","@id":"https:\/\/www.eldigitaldeasturias.com\/noticias\/antonio-lopez-y-jose-antonio-lobato-piden-el-voto-para-recortes-cero-grupo-verde-en-galicia-y-euskadi\/#authorImage","url":"https:\/\/www.eldigitaldeasturias.com\/noticias\/wp-content\/litespeed\/avatar\/18677e78aa0546b92d9dbf31ec7d7668.jpg?ver=1777290358","width":96,"height":96,"caption":"El Digital de Asturias"}},{"@type":"WebPage","@id":"https:\/\/www.eldigitaldeasturias.com\/noticias\/antonio-lopez-y-jose-antonio-lobato-piden-el-voto-para-recortes-cero-grupo-verde-en-galicia-y-euskadi\/#webpage","url":"https:\/\/www.eldigitaldeasturias.com\/noticias\/antonio-lopez-y-jose-antonio-lobato-piden-el-voto-para-recortes-cero-grupo-verde-en-galicia-y-euskadi\/","name":"Antonio L\u00f3pez y Jos\u00e9 Antonio Lobato piden el voto para Recortes Cero \u2013 Grupo Verde en Galicia y Euskadi - El Digital de Asturias","description":"El pintor Antonio L\u00f3pez, el director de teatro Jorge Eines, el actor Jos\u00e9 Antonio Lobato, el te\u00f3logo Benjam\u00edn Forcano o el portavoz nacional de Los Verdes Grupo Verde, apuestan por el voto para Recortes Cero \u2013 Grupo Verde el pr\u00f3ximo 25-S. \u201cNo temas preguntar compa\u00f1ero, no te dejes convencer. Compru\u00e9balo t\u00fa mismo, lo que no","inLanguage":"es-ES","isPartOf":{"@id":"https:\/\/www.eldigitaldeasturias.com\/noticias\/#website"},"breadcrumb":{"@id":"https:\/\/www.eldigitaldeasturias.com\/noticias\/antonio-lopez-y-jose-antonio-lobato-piden-el-voto-para-recortes-cero-grupo-verde-en-galicia-y-euskadi\/#breadcrumblist"},"author":{"@id":"https:\/\/www.eldigitaldeasturias.com\/noticias\/author\/admin\/#author"},"creator":{"@id":"https:\/\/www.eldigitaldeasturias.com\/noticias\/author\/admin\/#author"},"image":{"@type":"ImageObject","url":"https:\/\/www.eldigitaldeasturias.com\/noticias\/wp-content\/uploads\/2015\/05\/urnas.jpg","@id":"https:\/\/www.eldigitaldeasturias.com\/noticias\/antonio-lopez-y-jose-antonio-lobato-piden-el-voto-para-recortes-cero-grupo-verde-en-galicia-y-euskadi\/#mainImage","width":800,"height":675},"primaryImageOfPage":{"@id":"https:\/\/www.eldigitaldeasturias.com\/noticias\/antonio-lopez-y-jose-antonio-lobato-piden-el-voto-para-recortes-cero-grupo-verde-en-galicia-y-euskadi\/#mainImage"},"datePublished":"2016-09-21T00:39:30+02:00","dateModified":"2016-09-21T00:39:30+02:00"},{"@type":"WebSite","@id":"https:\/\/www.eldigitaldeasturias.com\/noticias\/#website","url":"https:\/\/www.eldigitaldeasturias.com\/noticias\/","name":"El Digital de Asturias - Diario de actualidad y noticias","alternateName":"El Digital de Asturias - Diario de actualidad y noticias","description":"Hemeroteca","inLanguage":"es-ES","publisher":{"@id":"https:\/\/www.eldigitaldeasturias.com\/noticias\/#organization"}}]},"og:locale":"es_ES","og:site_name":"El Digital de Asturias","og:type":"article","og:title":"Antonio L\u00f3pez y Jos\u00e9 Antonio Lobato piden el voto para Recortes Cero \u2013 Grupo Verde en Galicia y Euskadi - El Digital de Asturias","og:description":"El pintor Antonio L\u00f3pez, el director de teatro Jorge Eines, el actor Jos\u00e9 Antonio Lobato, el te\u00f3logo Benjam\u00edn Forcano o el portavoz nacional de Los Verdes Grupo Verde, apuestan por el voto para Recortes Cero \u2013 Grupo Verde el pr\u00f3ximo 25-S. \u201cNo temas preguntar compa\u00f1ero, no te dejes convencer. Compru\u00e9balo t\u00fa mismo, lo que no","og:url":"https:\/\/www.eldigitaldeasturias.com\/noticias\/antonio-lopez-y-jose-antonio-lobato-piden-el-voto-para-recortes-cero-grupo-verde-en-galicia-y-euskadi\/","og:image":"https:\/\/www.eldigitaldeasturias.com\/noticias\/wp-content\/uploads\/2015\/05\/urnas.jpg","og:image:secure_url":"https:\/\/www.eldigitaldeasturias.com\/noticias\/wp-content\/uploads\/2015\/05\/urnas.jpg","og:image:width":800,"og:image:height":675,"article:tag":["actualidad"],"article:published_time":"2016-09-20T23:39:30+00:00","article:modified_time":"2016-09-20T23:39:30+00:00","article:publisher":"https:\/\/facebook.com\/eldigitaldeasturias","twitter:card":"summary_large_image","twitter:title":"Antonio L\u00f3pez y Jos\u00e9 Antonio Lobato piden el voto para Recortes Cero \u2013 Grupo Verde en Galicia y Euskadi - El Digital de Asturias","twitter:description":"El pintor Antonio L\u00f3pez, el director de teatro Jorge Eines, el actor Jos\u00e9 Antonio Lobato, el te\u00f3logo Benjam\u00edn Forcano o el portavoz nacional de Los Verdes Grupo Verde, apuestan por el voto para Recortes Cero \u2013 Grupo Verde el pr\u00f3ximo 25-S. \u201cNo temas preguntar compa\u00f1ero, no te dejes convencer. Compru\u00e9balo t\u00fa mismo, lo que no","twitter:image":"https:\/\/www.eldigitaldeasturias.com\/noticias\/wp-content\/uploads\/2015\/05\/urnas.jpg","twitter:label1":"Escrito por","twitter:data1":"El Digital de Asturias","twitter:label2":"Tiempo de lectura estimado","twitter:data2":"2 minutos"},"aioseo_meta_data":{"post_id":"908752","title":null,"description":null,"keywords":null,"keyphrases":null,"primary_term":null,"canonical_url":null,"og_title":null,"og_description":null,"og_object_type":"default","og_image_type":"default","og_image_url":null,"og_image_width":null,"og_image_height":null,"og_image_custom_url":null,"og_image_custom_fields":null,"og_video":null,"og_custom_url":null,"og_article_section":null,"og_article_tags":null,"twitter_use_og":false,"twitter_card":"default","twitter_image_type":"default","twitter_image_url":null,"twitter_image_custom_url":null,"twitter_image_custom_fields":null,"twitter_title":null,"twitter_description":null,"schema":{"blockGraphs":[],"customGraphs":[],"default":{"data":{"Article":[],"Course":[],"Dataset":[],"FAQPage":[],"Movie":[],"Person":[],"Product":[],"ProductReview":[],"Car":[],"Recipe":[],"Service":[],"SoftwareApplication":[],"WebPage":[]},"graphName":"","isEnabled":true},"graphs":[],"defaultGraph":"","defaultPostTypeGraph":""},"schema_type":null,"schema_type_options":null,"pillar_content":false,"robots_default":true,"robots_noindex":false,"robots_noarchive":false,"robots_nosnippet":false,"robots_nofollow":false,"robots_noimageindex":false,"robots_noodp":false,"robots_notranslate":false,"robots_max_snippet":null,"robots_max_videopreview":null,"robots_max_imagepreview":"large","priority":null,"frequency":null,"local_seo":null,"seo_analyzer_scan_date":"2025-11-30 17:21:12","breadcrumb_settings":null,"limit_modified_date":false,"open_ai":null,"ai":null,"created":"2020-12-21 13:59:51","updated":"2025-11-30 17:21:12"},"aioseo_breadcrumb":"<div class=\"aioseo-breadcrumbs\"><span class=\"aioseo-breadcrumb\">\n\t<a href=\"https:\/\/www.eldigitaldeasturias.com\/noticias\" title=\"Home\">Home<\/a>\n<\/span><span class=\"aioseo-breadcrumb-separator\">\u2013<\/span><span class=\"aioseo-breadcrumb\">\n\t<a href=\"https:\/\/www.eldigitaldeasturias.com\/noticias\/category\/actualidad\/\" title=\"Actualidad\">Actualidad<\/a>\n<\/span><span class=\"aioseo-breadcrumb-separator\">\u2013<\/span><span class=\"aioseo-breadcrumb\">\n\t<a href=\"https:\/\/www.eldigitaldeasturias.com\/noticias\/antonio-lopez-y-jose-antonio-lobato-piden-el-voto-para-recortes-cero-grupo-verde-en-galicia-y-euskadi\/\" title=\"Antonio L\u00f3pez y Jos\u00e9 Antonio Lobato piden el voto para Recortes Cero \u2013 Grupo Verde en Galicia y Euskadi\">Antonio L\u00f3pez y Jos\u00e9 Antonio Lobato piden el voto para Recortes Cero \u2013 Grupo Verde en Galicia y Euskadi<\/a>\n<\/span><\/div>","aioseo_breadcrumb_json":[{"label":"Home","link":"https:\/\/www.eldigitaldeasturias.com\/noticias"},{"label":"Actualidad","link":"https:\/\/www.eldigitaldeasturias.com\/noticias\/category\/actualidad\/"},{"label":"Antonio L\u00f3pez y Jos\u00e9 Antonio Lobato piden el voto para Recortes Cero \u2013 Grupo Verde en Galicia y Euskadi","link":"https:\/\/www.eldigitaldeasturias.com\/noticias\/antonio-lopez-y-jose-antonio-lobato-piden-el-voto-para-recortes-cero-grupo-verde-en-galicia-y-euskadi\/"}],"_links":{"self":[{"href":"https:\/\/www.eldigitaldeasturias.com\/noticias\/wp-json\/wp\/v2\/posts\/908752","targetHints":{"allow":["GET"]}}],"collection":[{"href":"https:\/\/www.eldigitaldeasturias.com\/noticias\/wp-json\/wp\/v2\/posts"}],"about":[{"href":"https:\/\/www.eldigitaldeasturias.com\/noticias\/wp-json\/wp\/v2\/types\/post"}],"author":[{"embeddable":true,"href":"https:\/\/www.eldigitaldeasturias.com\/noticias\/wp-json\/wp\/v2\/users\/1"}],"replies":[{"embeddable":true,"href":"https:\/\/www.eldigitaldeasturias.com\/noticias\/wp-json\/wp\/v2\/comments?post=908752"}],"version-history":[{"count":0,"href":"https:\/\/www.eldigitaldeasturias.com\/noticias\/wp-json\/wp\/v2\/posts\/908752\/revisions"}],"wp:featuredmedia":[{"embeddable":true,"href":"https:\/\/www.eldigitaldeasturias.com\/noticias\/wp-json\/wp\/v2\/media\/785345"}],"wp:attachment":[{"href":"https:\/\/www.eldigitaldeasturias.com\/noticias\/wp-json\/wp\/v2\/media?parent=908752"}],"wp:term":[{"taxonomy":"category","embeddable":true,"href":"https:\/\/www.eldigitaldeasturias.com\/noticias\/wp-json\/wp\/v2\/categories?post=908752"},{"taxonomy":"post_tag","embeddable":true,"href":"https:\/\/www.eldigitaldeasturias.com\/noticias\/wp-json\/wp\/v2\/tags?post=908752"}],"curies":[{"name":"wp","href":"https:\/\/api.w.org\/{rel}","templated":true}]}}