{"id":908750,"date":"2016-09-21T00:34:53","date_gmt":"2016-09-20T23:34:53","guid":{"rendered":"http:\/\/www.eldigitaldeasturias.com\/noticias\/?p=908750"},"modified":"2016-09-21T00:34:53","modified_gmt":"2016-09-20T23:34:53","slug":"gijon-aprueba-convenio-de-colaboracion-con-la-asociacion-asturiana-de-empresa-familiar","status":"publish","type":"post","link":"https:\/\/www.eldigitaldeasturias.com\/noticias\/gijon-aprueba-convenio-de-colaboracion-con-la-asociacion-asturiana-de-empresa-familiar\/","title":{"rendered":"Gij\u00f3n aprueba convenio de colaboraci\u00f3n con la Asociaci\u00f3n Asturiana de Empresa Familiar"},"content":{"rendered":"<p><img loading=\"lazy\" decoding=\"async\" class=\"alignleft size-medium wp-image-865821\" src=\"https:\/\/www.eldigitaldeasturias.com\/noticias\/wp-content\/uploads\/2016\/03\/gijon-360x203.jpg\" alt=\"gijon\" width=\"360\" height=\"203\" srcset=\"https:\/\/www.eldigitaldeasturias.com\/noticias\/wp-content\/uploads\/2016\/03\/gijon-360x203.jpg 360w, https:\/\/www.eldigitaldeasturias.com\/noticias\/wp-content\/uploads\/2016\/03\/gijon-480x270.jpg 480w, https:\/\/www.eldigitaldeasturias.com\/noticias\/wp-content\/uploads\/2016\/03\/gijon-768x432.jpg 768w, https:\/\/www.eldigitaldeasturias.com\/noticias\/wp-content\/uploads\/2016\/03\/gijon-690x388.jpg 690w, https:\/\/www.eldigitaldeasturias.com\/noticias\/wp-content\/uploads\/2016\/03\/gijon-20x11.jpg 20w, https:\/\/www.eldigitaldeasturias.com\/noticias\/wp-content\/uploads\/2016\/03\/gijon.jpg 800w\" sizes=\"auto, (max-width: 360px) 100vw, 360px\" \/>La Junta de Gobierno local de Gij\u00f3n ha aprobado este martes el Proyecto Normativo de Ordenanza Reguladora de la Cesi\u00f3n de Uso de Locales Municipales. La citada Ordenanza obedece al acuerdo plenario del pasado 9 de marzo de 2016, al objeto de regular el procedimiento y los requisitos para la cesi\u00f3n de espacios y locales municipales.<\/p>\n<p>En la elaboraci\u00f3n de esta Ordenanza se ha tenido en cuenta las aportaciones de los grupos municipales, los consejos de Distrito y las entidades afectadas, seg\u00fan una nota de prensa del Ayuntamiento gijon\u00e9s.<\/p>\n<p>Los criterios de valoraci\u00f3n de la Ordenanza est\u00e1n alineados con los objetivos del Plan Estrat\u00e9gico de Subvenciones, y entre otros se encuentran: Necesidad del Local; actividades abiertas a la ciudadan\u00eda y no limitadas a los asociados de la entidad solicitante; idoneidad del local con respecto a los usos y actividades previstas por la entidad; o trayectoria de la entidad. El plazo de presentaci\u00f3n de enmiendas dar\u00e1 comienzo este mi\u00e9rcoles.<\/p>\n<p><strong>CONVENIO DE SERVICIOS SOCIALES<\/strong><\/p>\n<p>Por otro lado, la Junta tambi\u00e9n ha dado luz verde al convenio de colaboraci\u00f3n con la Consejer\u00eda de Servicios y Derechos Sociales para el desarrollo de programas de Prestaciones B\u00e1sicas de Servicios Sociales, por importe de 11.207.476,00 euros.<\/p>\n<p>En concreto, el texto del convenio recoge una aportaci\u00f3n econ\u00f3mica de la Administraci\u00f3n del Principado de Asturias y del Ministerio de Sanidad, Servicios Sociales e Igualdad, para el sostenimiento y desarrollo de la red p\u00fablica de servicios sociales generales, que constituyen el punto de acceso inmediato al sistema p\u00fablico de servicios sociales, el primer nivel de \u00e9ste y el m\u00e1s pr\u00f3ximo a la persona usuaria y a los \u00e1mbitos familiar y social, por importe de 4.249.160,00 euros. Por su parte, el Ayuntamiento de Gij\u00f3n, aportar\u00e1 para el desarrollo de las Prestaciones B\u00e1sicas del Sistema P\u00fablico de Servicios Sociales para el ejercicio 2016, la cantidad de 6.958.316,00 euros.<\/p>\n<p>Tambi\u00e9n se ha acordado el convenio de colaboraci\u00f3n con la Asociaci\u00f3n Asturiana de Empresa Familiar, para el desarrollo del proyecto &#8216;Impulsando Talento en La Empresa Familiar&#8217;, con una dotaci\u00f3n para el presente a\u00f1o de 6.000 euros.<\/p>\n<p>&nbsp;<\/p>\n<p>&nbsp;<\/p>\n","protected":false},"excerpt":{"rendered":"<p>La Junta de Gobierno local de Gij\u00f3n ha aprobado este martes el Proyecto Normativo de Ordenanza Reguladora de la Cesi\u00f3n de Uso de Locales Municipales. La citada Ordenanza obedece al acuerdo plenario del pasado 9 de marzo de 2016, al objeto de regular el procedimiento y los requisitos para la cesi\u00f3n de espacios y locales [&hellip;]<\/p>\n","protected":false},"author":1,"featured_media":865821,"comment_status":"closed","ping_status":"closed","sticky":false,"template":"","format":"standard","meta":{"footnotes":""},"categories":[12],"tags":[],"class_list":["post-908750","post","type-post","status-publish","format-standard","has-post-thumbnail","hentry","category-actualidad-asturias"],"aioseo_notices":[],"aioseo_head":"\n\t\t<!-- All in One SEO Pro 4.9.6.2 - aioseo.com -->\n\t<meta name=\"description\" content=\"La Junta de Gobierno local de Gij\u00f3n ha aprobado este martes el Proyecto Normativo de Ordenanza Reguladora de la Cesi\u00f3n de Uso de Locales Municipales. La citada Ordenanza obedece al acuerdo plenario del pasado 9 de marzo de 2016, al objeto de regular el procedimiento y los requisitos para la cesi\u00f3n de espacios y locales\" \/>\n\t<meta name=\"robots\" content=\"max-image-preview:large\" \/>\n\t<meta name=\"author\" content=\"El Digital de Asturias\"\/>\n\t<meta name=\"google-site-verification\" content=\"UA-38556648-1\" \/>\n\t<meta name=\"msvalidate.01\" content=\"7dfe9f3f1b24437ab69f4f2559babe99\" \/>\n\t<meta name=\"keywords\" content=\"actualidad asturias\" \/>\n\t<link rel=\"canonical\" href=\"https:\/\/www.eldigitaldeasturias.com\/noticias\/gijon-aprueba-convenio-de-colaboracion-con-la-asociacion-asturiana-de-empresa-familiar\/\" \/>\n\t<meta name=\"generator\" content=\"All in One SEO Pro (AIOSEO) 4.9.6.2\" \/>\n\t\t<meta property=\"og:locale\" content=\"es_ES\" \/>\n\t\t<meta property=\"og:site_name\" content=\"El Digital de Asturias\" \/>\n\t\t<meta property=\"og:type\" content=\"article\" \/>\n\t\t<meta property=\"og:title\" content=\"Gij\u00f3n aprueba convenio de colaboraci\u00f3n con la Asociaci\u00f3n Asturiana de Empresa Familiar - El Digital de Asturias\" \/>\n\t\t<meta property=\"og:description\" content=\"La Junta de Gobierno local de Gij\u00f3n ha aprobado este martes el Proyecto Normativo de Ordenanza Reguladora de la Cesi\u00f3n de Uso de Locales Municipales. La citada Ordenanza obedece al acuerdo plenario del pasado 9 de marzo de 2016, al objeto de regular el procedimiento y los requisitos para la cesi\u00f3n de espacios y locales\" \/>\n\t\t<meta property=\"og:url\" content=\"https:\/\/www.eldigitaldeasturias.com\/noticias\/gijon-aprueba-convenio-de-colaboracion-con-la-asociacion-asturiana-de-empresa-familiar\/\" \/>\n\t\t<meta property=\"og:image\" content=\"https:\/\/www.eldigitaldeasturias.com\/noticias\/wp-content\/uploads\/2016\/03\/gijon.jpg\" \/>\n\t\t<meta property=\"og:image:secure_url\" content=\"https:\/\/www.eldigitaldeasturias.com\/noticias\/wp-content\/uploads\/2016\/03\/gijon.jpg\" \/>\n\t\t<meta property=\"og:image:width\" content=\"800\" \/>\n\t\t<meta property=\"og:image:height\" content=\"450\" \/>\n\t\t<meta property=\"article:tag\" content=\"actualidad asturias\" \/>\n\t\t<meta property=\"article:published_time\" content=\"2016-09-20T23:34:53+00:00\" \/>\n\t\t<meta property=\"article:modified_time\" content=\"2016-09-20T23:34:53+00:00\" \/>\n\t\t<meta property=\"article:publisher\" content=\"https:\/\/facebook.com\/eldigitaldeasturias\" \/>\n\t\t<meta name=\"twitter:card\" content=\"summary_large_image\" \/>\n\t\t<meta name=\"twitter:title\" content=\"Gij\u00f3n aprueba convenio de colaboraci\u00f3n con la Asociaci\u00f3n Asturiana de Empresa Familiar - El Digital de Asturias\" \/>\n\t\t<meta name=\"twitter:description\" content=\"La Junta de Gobierno local de Gij\u00f3n ha aprobado este martes el Proyecto Normativo de Ordenanza Reguladora de la Cesi\u00f3n de Uso de Locales Municipales. La citada Ordenanza obedece al acuerdo plenario del pasado 9 de marzo de 2016, al objeto de regular el procedimiento y los requisitos para la cesi\u00f3n de espacios y locales\" \/>\n\t\t<meta name=\"twitter:image\" content=\"https:\/\/www.eldigitaldeasturias.com\/noticias\/wp-content\/uploads\/2016\/03\/gijon.jpg\" \/>\n\t\t<meta name=\"twitter:label1\" content=\"Escrito por\" \/>\n\t\t<meta name=\"twitter:data1\" content=\"El Digital de Asturias\" \/>\n\t\t<meta name=\"twitter:label2\" content=\"Tiempo de lectura estimado\" \/>\n\t\t<meta name=\"twitter:data2\" content=\"2 minutos\" \/>\n\t\t<script type=\"application\/ld+json\" class=\"aioseo-schema\">\n\t\t\t{\"@context\":\"https:\\\/\\\/schema.org\",\"@graph\":[{\"@type\":\"BlogPosting\",\"@id\":\"https:\\\/\\\/www.eldigitaldeasturias.com\\\/noticias\\\/gijon-aprueba-convenio-de-colaboracion-con-la-asociacion-asturiana-de-empresa-familiar\\\/#blogposting\",\"name\":\"Gij\\u00f3n aprueba convenio de colaboraci\\u00f3n con la Asociaci\\u00f3n Asturiana de Empresa Familiar - El Digital de Asturias\",\"headline\":\"Gij\\u00f3n aprueba convenio de colaboraci\\u00f3n con la Asociaci\\u00f3n Asturiana de Empresa Familiar\",\"author\":{\"@id\":\"https:\\\/\\\/www.eldigitaldeasturias.com\\\/noticias\\\/author\\\/admin\\\/#author\"},\"publisher\":{\"@id\":\"https:\\\/\\\/www.eldigitaldeasturias.com\\\/noticias\\\/#organization\"},\"image\":{\"@type\":\"ImageObject\",\"url\":\"https:\\\/\\\/www.eldigitaldeasturias.com\\\/noticias\\\/wp-content\\\/uploads\\\/2016\\\/03\\\/gijon.jpg\",\"width\":800,\"height\":450},\"datePublished\":\"2016-09-21T00:34:53+02:00\",\"dateModified\":\"2016-09-21T00:34:53+02:00\",\"inLanguage\":\"es-ES\",\"mainEntityOfPage\":{\"@id\":\"https:\\\/\\\/www.eldigitaldeasturias.com\\\/noticias\\\/gijon-aprueba-convenio-de-colaboracion-con-la-asociacion-asturiana-de-empresa-familiar\\\/#webpage\"},\"isPartOf\":{\"@id\":\"https:\\\/\\\/www.eldigitaldeasturias.com\\\/noticias\\\/gijon-aprueba-convenio-de-colaboracion-con-la-asociacion-asturiana-de-empresa-familiar\\\/#webpage\"},\"articleSection\":\"Actualidad Asturias\"},{\"@type\":\"BreadcrumbList\",\"@id\":\"https:\\\/\\\/www.eldigitaldeasturias.com\\\/noticias\\\/gijon-aprueba-convenio-de-colaboracion-con-la-asociacion-asturiana-de-empresa-familiar\\\/#breadcrumblist\",\"itemListElement\":[{\"@type\":\"ListItem\",\"@id\":\"https:\\\/\\\/www.eldigitaldeasturias.com\\\/noticias#listItem\",\"position\":1,\"name\":\"Home\",\"item\":\"https:\\\/\\\/www.eldigitaldeasturias.com\\\/noticias\",\"nextItem\":{\"@type\":\"ListItem\",\"@id\":\"https:\\\/\\\/www.eldigitaldeasturias.com\\\/noticias\\\/category\\\/actualidad-asturias\\\/#listItem\",\"name\":\"Actualidad Asturias\"}},{\"@type\":\"ListItem\",\"@id\":\"https:\\\/\\\/www.eldigitaldeasturias.com\\\/noticias\\\/category\\\/actualidad-asturias\\\/#listItem\",\"position\":2,\"name\":\"Actualidad Asturias\",\"item\":\"https:\\\/\\\/www.eldigitaldeasturias.com\\\/noticias\\\/category\\\/actualidad-asturias\\\/\",\"nextItem\":{\"@type\":\"ListItem\",\"@id\":\"https:\\\/\\\/www.eldigitaldeasturias.com\\\/noticias\\\/gijon-aprueba-convenio-de-colaboracion-con-la-asociacion-asturiana-de-empresa-familiar\\\/#listItem\",\"name\":\"Gij\\u00f3n aprueba convenio de colaboraci\\u00f3n con la Asociaci\\u00f3n Asturiana de Empresa Familiar\"},\"previousItem\":{\"@type\":\"ListItem\",\"@id\":\"https:\\\/\\\/www.eldigitaldeasturias.com\\\/noticias#listItem\",\"name\":\"Home\"}},{\"@type\":\"ListItem\",\"@id\":\"https:\\\/\\\/www.eldigitaldeasturias.com\\\/noticias\\\/gijon-aprueba-convenio-de-colaboracion-con-la-asociacion-asturiana-de-empresa-familiar\\\/#listItem\",\"position\":3,\"name\":\"Gij\\u00f3n aprueba convenio de colaboraci\\u00f3n con la Asociaci\\u00f3n Asturiana de Empresa Familiar\",\"previousItem\":{\"@type\":\"ListItem\",\"@id\":\"https:\\\/\\\/www.eldigitaldeasturias.com\\\/noticias\\\/category\\\/actualidad-asturias\\\/#listItem\",\"name\":\"Actualidad Asturias\"}}]},{\"@type\":\"Organization\",\"@id\":\"https:\\\/\\\/www.eldigitaldeasturias.com\\\/noticias\\\/#organization\",\"name\":\"El Digital de Asturias\",\"description\":\"Hemeroteca\",\"url\":\"https:\\\/\\\/www.eldigitaldeasturias.com\\\/noticias\\\/\",\"email\":\"info@eldigitaldeasturias.com\",\"telephone\":\"+34652131393\",\"logo\":{\"@type\":\"ImageObject\",\"url\":\"https:\\\/\\\/www.eldigitaldeasturias.com\\\/noticias\\\/wp-content\\\/uploads\\\/2020\\\/12\\\/EDA.jpg\",\"@id\":\"https:\\\/\\\/www.eldigitaldeasturias.com\\\/noticias\\\/gijon-aprueba-convenio-de-colaboracion-con-la-asociacion-asturiana-de-empresa-familiar\\\/#organizationLogo\",\"width\":649,\"height\":297},\"image\":{\"@id\":\"https:\\\/\\\/www.eldigitaldeasturias.com\\\/noticias\\\/gijon-aprueba-convenio-de-colaboracion-con-la-asociacion-asturiana-de-empresa-familiar\\\/#organizationLogo\"},\"sameAs\":[\"https:\\\/\\\/facebook.com\\\/eldigitaldeasturias\",\"https:\\\/\\\/www.youtube.com\\\/channel\\\/UCZP-2wLEB9Rv6erhFmqVnvg\"],\"address\":{\"@id\":\"https:\\\/\\\/www.eldigitaldeasturias.com\\\/noticias\\\/#postaladdress\",\"@type\":\"PostalAddress\",\"streetAddress\":\"san antonio 4,\",\"postalCode\":\"33430\",\"addressLocality\":\"Cand\\u00e1s\",\"addressRegion\":\"Asturias\",\"addressCountry\":\"ES\"}},{\"@type\":\"Person\",\"@id\":\"https:\\\/\\\/www.eldigitaldeasturias.com\\\/noticias\\\/author\\\/admin\\\/#author\",\"url\":\"https:\\\/\\\/www.eldigitaldeasturias.com\\\/noticias\\\/author\\\/admin\\\/\",\"name\":\"El Digital de Asturias\",\"image\":{\"@type\":\"ImageObject\",\"@id\":\"https:\\\/\\\/www.eldigitaldeasturias.com\\\/noticias\\\/gijon-aprueba-convenio-de-colaboracion-con-la-asociacion-asturiana-de-empresa-familiar\\\/#authorImage\",\"url\":\"https:\\\/\\\/www.eldigitaldeasturias.com\\\/noticias\\\/wp-content\\\/litespeed\\\/avatar\\\/18677e78aa0546b92d9dbf31ec7d7668.jpg?ver=1777290358\",\"width\":96,\"height\":96,\"caption\":\"El Digital de Asturias\"}},{\"@type\":\"WebPage\",\"@id\":\"https:\\\/\\\/www.eldigitaldeasturias.com\\\/noticias\\\/gijon-aprueba-convenio-de-colaboracion-con-la-asociacion-asturiana-de-empresa-familiar\\\/#webpage\",\"url\":\"https:\\\/\\\/www.eldigitaldeasturias.com\\\/noticias\\\/gijon-aprueba-convenio-de-colaboracion-con-la-asociacion-asturiana-de-empresa-familiar\\\/\",\"name\":\"Gij\\u00f3n aprueba convenio de colaboraci\\u00f3n con la Asociaci\\u00f3n Asturiana de Empresa Familiar - El Digital de Asturias\",\"description\":\"La Junta de Gobierno local de Gij\\u00f3n ha aprobado este martes el Proyecto Normativo de Ordenanza Reguladora de la Cesi\\u00f3n de Uso de Locales Municipales. La citada Ordenanza obedece al acuerdo plenario del pasado 9 de marzo de 2016, al objeto de regular el procedimiento y los requisitos para la cesi\\u00f3n de espacios y locales\",\"inLanguage\":\"es-ES\",\"isPartOf\":{\"@id\":\"https:\\\/\\\/www.eldigitaldeasturias.com\\\/noticias\\\/#website\"},\"breadcrumb\":{\"@id\":\"https:\\\/\\\/www.eldigitaldeasturias.com\\\/noticias\\\/gijon-aprueba-convenio-de-colaboracion-con-la-asociacion-asturiana-de-empresa-familiar\\\/#breadcrumblist\"},\"author\":{\"@id\":\"https:\\\/\\\/www.eldigitaldeasturias.com\\\/noticias\\\/author\\\/admin\\\/#author\"},\"creator\":{\"@id\":\"https:\\\/\\\/www.eldigitaldeasturias.com\\\/noticias\\\/author\\\/admin\\\/#author\"},\"image\":{\"@type\":\"ImageObject\",\"url\":\"https:\\\/\\\/www.eldigitaldeasturias.com\\\/noticias\\\/wp-content\\\/uploads\\\/2016\\\/03\\\/gijon.jpg\",\"@id\":\"https:\\\/\\\/www.eldigitaldeasturias.com\\\/noticias\\\/gijon-aprueba-convenio-de-colaboracion-con-la-asociacion-asturiana-de-empresa-familiar\\\/#mainImage\",\"width\":800,\"height\":450},\"primaryImageOfPage\":{\"@id\":\"https:\\\/\\\/www.eldigitaldeasturias.com\\\/noticias\\\/gijon-aprueba-convenio-de-colaboracion-con-la-asociacion-asturiana-de-empresa-familiar\\\/#mainImage\"},\"datePublished\":\"2016-09-21T00:34:53+02:00\",\"dateModified\":\"2016-09-21T00:34:53+02:00\"},{\"@type\":\"WebSite\",\"@id\":\"https:\\\/\\\/www.eldigitaldeasturias.com\\\/noticias\\\/#website\",\"url\":\"https:\\\/\\\/www.eldigitaldeasturias.com\\\/noticias\\\/\",\"name\":\"El Digital de Asturias - Diario de actualidad y noticias\",\"alternateName\":\"El Digital de Asturias - Diario de actualidad y noticias\",\"description\":\"Hemeroteca\",\"inLanguage\":\"es-ES\",\"publisher\":{\"@id\":\"https:\\\/\\\/www.eldigitaldeasturias.com\\\/noticias\\\/#organization\"}}]}\n\t\t<\/script>\n\t\t<!-- All in One SEO Pro -->\r\n\t\t<title>Gij\u00f3n aprueba convenio de colaboraci\u00f3n con la Asociaci\u00f3n Asturiana de Empresa Familiar - El Digital de Asturias<\/title>\n\n","aioseo_head_json":{"title":"Gij\u00f3n aprueba convenio de colaboraci\u00f3n con la Asociaci\u00f3n Asturiana de Empresa Familiar - El Digital de Asturias","description":"La Junta de Gobierno local de Gij\u00f3n ha aprobado este martes el Proyecto Normativo de Ordenanza Reguladora de la Cesi\u00f3n de Uso de Locales Municipales. La citada Ordenanza obedece al acuerdo plenario del pasado 9 de marzo de 2016, al objeto de regular el procedimiento y los requisitos para la cesi\u00f3n de espacios y locales","canonical_url":"https:\/\/www.eldigitaldeasturias.com\/noticias\/gijon-aprueba-convenio-de-colaboracion-con-la-asociacion-asturiana-de-empresa-familiar\/","robots":"max-image-preview:large","keywords":"actualidad asturias","webmasterTools":{"google-site-verification":"UA-38556648-1","msvalidate.01":"7dfe9f3f1b24437ab69f4f2559babe99","miscellaneous":""},"schema":{"@context":"https:\/\/schema.org","@graph":[{"@type":"BlogPosting","@id":"https:\/\/www.eldigitaldeasturias.com\/noticias\/gijon-aprueba-convenio-de-colaboracion-con-la-asociacion-asturiana-de-empresa-familiar\/#blogposting","name":"Gij\u00f3n aprueba convenio de colaboraci\u00f3n con la Asociaci\u00f3n Asturiana de Empresa Familiar - El Digital de Asturias","headline":"Gij\u00f3n aprueba convenio de colaboraci\u00f3n con la Asociaci\u00f3n Asturiana de Empresa Familiar","author":{"@id":"https:\/\/www.eldigitaldeasturias.com\/noticias\/author\/admin\/#author"},"publisher":{"@id":"https:\/\/www.eldigitaldeasturias.com\/noticias\/#organization"},"image":{"@type":"ImageObject","url":"https:\/\/www.eldigitaldeasturias.com\/noticias\/wp-content\/uploads\/2016\/03\/gijon.jpg","width":800,"height":450},"datePublished":"2016-09-21T00:34:53+02:00","dateModified":"2016-09-21T00:34:53+02:00","inLanguage":"es-ES","mainEntityOfPage":{"@id":"https:\/\/www.eldigitaldeasturias.com\/noticias\/gijon-aprueba-convenio-de-colaboracion-con-la-asociacion-asturiana-de-empresa-familiar\/#webpage"},"isPartOf":{"@id":"https:\/\/www.eldigitaldeasturias.com\/noticias\/gijon-aprueba-convenio-de-colaboracion-con-la-asociacion-asturiana-de-empresa-familiar\/#webpage"},"articleSection":"Actualidad Asturias"},{"@type":"BreadcrumbList","@id":"https:\/\/www.eldigitaldeasturias.com\/noticias\/gijon-aprueba-convenio-de-colaboracion-con-la-asociacion-asturiana-de-empresa-familiar\/#breadcrumblist","itemListElement":[{"@type":"ListItem","@id":"https:\/\/www.eldigitaldeasturias.com\/noticias#listItem","position":1,"name":"Home","item":"https:\/\/www.eldigitaldeasturias.com\/noticias","nextItem":{"@type":"ListItem","@id":"https:\/\/www.eldigitaldeasturias.com\/noticias\/category\/actualidad-asturias\/#listItem","name":"Actualidad Asturias"}},{"@type":"ListItem","@id":"https:\/\/www.eldigitaldeasturias.com\/noticias\/category\/actualidad-asturias\/#listItem","position":2,"name":"Actualidad Asturias","item":"https:\/\/www.eldigitaldeasturias.com\/noticias\/category\/actualidad-asturias\/","nextItem":{"@type":"ListItem","@id":"https:\/\/www.eldigitaldeasturias.com\/noticias\/gijon-aprueba-convenio-de-colaboracion-con-la-asociacion-asturiana-de-empresa-familiar\/#listItem","name":"Gij\u00f3n aprueba convenio de colaboraci\u00f3n con la Asociaci\u00f3n Asturiana de Empresa Familiar"},"previousItem":{"@type":"ListItem","@id":"https:\/\/www.eldigitaldeasturias.com\/noticias#listItem","name":"Home"}},{"@type":"ListItem","@id":"https:\/\/www.eldigitaldeasturias.com\/noticias\/gijon-aprueba-convenio-de-colaboracion-con-la-asociacion-asturiana-de-empresa-familiar\/#listItem","position":3,"name":"Gij\u00f3n aprueba convenio de colaboraci\u00f3n con la Asociaci\u00f3n Asturiana de Empresa Familiar","previousItem":{"@type":"ListItem","@id":"https:\/\/www.eldigitaldeasturias.com\/noticias\/category\/actualidad-asturias\/#listItem","name":"Actualidad Asturias"}}]},{"@type":"Organization","@id":"https:\/\/www.eldigitaldeasturias.com\/noticias\/#organization","name":"El Digital de Asturias","description":"Hemeroteca","url":"https:\/\/www.eldigitaldeasturias.com\/noticias\/","email":"info@eldigitaldeasturias.com","telephone":"+34652131393","logo":{"@type":"ImageObject","url":"https:\/\/www.eldigitaldeasturias.com\/noticias\/wp-content\/uploads\/2020\/12\/EDA.jpg","@id":"https:\/\/www.eldigitaldeasturias.com\/noticias\/gijon-aprueba-convenio-de-colaboracion-con-la-asociacion-asturiana-de-empresa-familiar\/#organizationLogo","width":649,"height":297},"image":{"@id":"https:\/\/www.eldigitaldeasturias.com\/noticias\/gijon-aprueba-convenio-de-colaboracion-con-la-asociacion-asturiana-de-empresa-familiar\/#organizationLogo"},"sameAs":["https:\/\/facebook.com\/eldigitaldeasturias","https:\/\/www.youtube.com\/channel\/UCZP-2wLEB9Rv6erhFmqVnvg"],"address":{"@id":"https:\/\/www.eldigitaldeasturias.com\/noticias\/#postaladdress","@type":"PostalAddress","streetAddress":"san antonio 4,","postalCode":"33430","addressLocality":"Cand\u00e1s","addressRegion":"Asturias","addressCountry":"ES"}},{"@type":"Person","@id":"https:\/\/www.eldigitaldeasturias.com\/noticias\/author\/admin\/#author","url":"https:\/\/www.eldigitaldeasturias.com\/noticias\/author\/admin\/","name":"El Digital de Asturias","image":{"@type":"ImageObject","@id":"https:\/\/www.eldigitaldeasturias.com\/noticias\/gijon-aprueba-convenio-de-colaboracion-con-la-asociacion-asturiana-de-empresa-familiar\/#authorImage","url":"https:\/\/www.eldigitaldeasturias.com\/noticias\/wp-content\/litespeed\/avatar\/18677e78aa0546b92d9dbf31ec7d7668.jpg?ver=1777290358","width":96,"height":96,"caption":"El Digital de Asturias"}},{"@type":"WebPage","@id":"https:\/\/www.eldigitaldeasturias.com\/noticias\/gijon-aprueba-convenio-de-colaboracion-con-la-asociacion-asturiana-de-empresa-familiar\/#webpage","url":"https:\/\/www.eldigitaldeasturias.com\/noticias\/gijon-aprueba-convenio-de-colaboracion-con-la-asociacion-asturiana-de-empresa-familiar\/","name":"Gij\u00f3n aprueba convenio de colaboraci\u00f3n con la Asociaci\u00f3n Asturiana de Empresa Familiar - El Digital de Asturias","description":"La Junta de Gobierno local de Gij\u00f3n ha aprobado este martes el Proyecto Normativo de Ordenanza Reguladora de la Cesi\u00f3n de Uso de Locales Municipales. La citada Ordenanza obedece al acuerdo plenario del pasado 9 de marzo de 2016, al objeto de regular el procedimiento y los requisitos para la cesi\u00f3n de espacios y locales","inLanguage":"es-ES","isPartOf":{"@id":"https:\/\/www.eldigitaldeasturias.com\/noticias\/#website"},"breadcrumb":{"@id":"https:\/\/www.eldigitaldeasturias.com\/noticias\/gijon-aprueba-convenio-de-colaboracion-con-la-asociacion-asturiana-de-empresa-familiar\/#breadcrumblist"},"author":{"@id":"https:\/\/www.eldigitaldeasturias.com\/noticias\/author\/admin\/#author"},"creator":{"@id":"https:\/\/www.eldigitaldeasturias.com\/noticias\/author\/admin\/#author"},"image":{"@type":"ImageObject","url":"https:\/\/www.eldigitaldeasturias.com\/noticias\/wp-content\/uploads\/2016\/03\/gijon.jpg","@id":"https:\/\/www.eldigitaldeasturias.com\/noticias\/gijon-aprueba-convenio-de-colaboracion-con-la-asociacion-asturiana-de-empresa-familiar\/#mainImage","width":800,"height":450},"primaryImageOfPage":{"@id":"https:\/\/www.eldigitaldeasturias.com\/noticias\/gijon-aprueba-convenio-de-colaboracion-con-la-asociacion-asturiana-de-empresa-familiar\/#mainImage"},"datePublished":"2016-09-21T00:34:53+02:00","dateModified":"2016-09-21T00:34:53+02:00"},{"@type":"WebSite","@id":"https:\/\/www.eldigitaldeasturias.com\/noticias\/#website","url":"https:\/\/www.eldigitaldeasturias.com\/noticias\/","name":"El Digital de Asturias - Diario de actualidad y noticias","alternateName":"El Digital de Asturias - Diario de actualidad y noticias","description":"Hemeroteca","inLanguage":"es-ES","publisher":{"@id":"https:\/\/www.eldigitaldeasturias.com\/noticias\/#organization"}}]},"og:locale":"es_ES","og:site_name":"El Digital de Asturias","og:type":"article","og:title":"Gij\u00f3n aprueba convenio de colaboraci\u00f3n con la Asociaci\u00f3n Asturiana de Empresa Familiar - El Digital de Asturias","og:description":"La Junta de Gobierno local de Gij\u00f3n ha aprobado este martes el Proyecto Normativo de Ordenanza Reguladora de la Cesi\u00f3n de Uso de Locales Municipales. La citada Ordenanza obedece al acuerdo plenario del pasado 9 de marzo de 2016, al objeto de regular el procedimiento y los requisitos para la cesi\u00f3n de espacios y locales","og:url":"https:\/\/www.eldigitaldeasturias.com\/noticias\/gijon-aprueba-convenio-de-colaboracion-con-la-asociacion-asturiana-de-empresa-familiar\/","og:image":"https:\/\/www.eldigitaldeasturias.com\/noticias\/wp-content\/uploads\/2016\/03\/gijon.jpg","og:image:secure_url":"https:\/\/www.eldigitaldeasturias.com\/noticias\/wp-content\/uploads\/2016\/03\/gijon.jpg","og:image:width":800,"og:image:height":450,"article:tag":["actualidad asturias"],"article:published_time":"2016-09-20T23:34:53+00:00","article:modified_time":"2016-09-20T23:34:53+00:00","article:publisher":"https:\/\/facebook.com\/eldigitaldeasturias","twitter:card":"summary_large_image","twitter:title":"Gij\u00f3n aprueba convenio de colaboraci\u00f3n con la Asociaci\u00f3n Asturiana de Empresa Familiar - El Digital de Asturias","twitter:description":"La Junta de Gobierno local de Gij\u00f3n ha aprobado este martes el Proyecto Normativo de Ordenanza Reguladora de la Cesi\u00f3n de Uso de Locales Municipales. La citada Ordenanza obedece al acuerdo plenario del pasado 9 de marzo de 2016, al objeto de regular el procedimiento y los requisitos para la cesi\u00f3n de espacios y locales","twitter:image":"https:\/\/www.eldigitaldeasturias.com\/noticias\/wp-content\/uploads\/2016\/03\/gijon.jpg","twitter:label1":"Escrito por","twitter:data1":"El Digital de Asturias","twitter:label2":"Tiempo de lectura estimado","twitter:data2":"2 minutos"},"aioseo_meta_data":{"post_id":"908750","title":null,"description":null,"keywords":null,"keyphrases":null,"primary_term":null,"canonical_url":null,"og_title":null,"og_description":null,"og_object_type":"default","og_image_type":"default","og_image_url":null,"og_image_width":null,"og_image_height":null,"og_image_custom_url":null,"og_image_custom_fields":null,"og_video":null,"og_custom_url":null,"og_article_section":null,"og_article_tags":null,"twitter_use_og":false,"twitter_card":"default","twitter_image_type":"default","twitter_image_url":null,"twitter_image_custom_url":null,"twitter_image_custom_fields":null,"twitter_title":null,"twitter_description":null,"schema":{"blockGraphs":[],"customGraphs":[],"default":{"data":{"Article":[],"Course":[],"Dataset":[],"FAQPage":[],"Movie":[],"Person":[],"Product":[],"ProductReview":[],"Car":[],"Recipe":[],"Service":[],"SoftwareApplication":[],"WebPage":[]},"graphName":"","isEnabled":true},"graphs":[],"defaultGraph":"","defaultPostTypeGraph":""},"schema_type":null,"schema_type_options":null,"pillar_content":false,"robots_default":true,"robots_noindex":false,"robots_noarchive":false,"robots_nosnippet":false,"robots_nofollow":false,"robots_noimageindex":false,"robots_noodp":false,"robots_notranslate":false,"robots_max_snippet":null,"robots_max_videopreview":null,"robots_max_imagepreview":"large","priority":null,"frequency":null,"local_seo":null,"seo_analyzer_scan_date":"2025-11-30 17:21:12","breadcrumb_settings":null,"limit_modified_date":false,"open_ai":null,"ai":null,"created":"2020-12-21 13:59:51","updated":"2025-11-30 17:21:12"},"aioseo_breadcrumb":"<div class=\"aioseo-breadcrumbs\"><span class=\"aioseo-breadcrumb\">\n\t<a href=\"https:\/\/www.eldigitaldeasturias.com\/noticias\" title=\"Home\">Home<\/a>\n<\/span><span class=\"aioseo-breadcrumb-separator\">\u2013<\/span><span class=\"aioseo-breadcrumb\">\n\t<a href=\"https:\/\/www.eldigitaldeasturias.com\/noticias\/category\/actualidad-asturias\/\" title=\"Actualidad Asturias\">Actualidad Asturias<\/a>\n<\/span><span class=\"aioseo-breadcrumb-separator\">\u2013<\/span><span class=\"aioseo-breadcrumb\">\n\t<a href=\"https:\/\/www.eldigitaldeasturias.com\/noticias\/gijon-aprueba-convenio-de-colaboracion-con-la-asociacion-asturiana-de-empresa-familiar\/\" title=\"Gij\u00f3n aprueba convenio de colaboraci\u00f3n con la Asociaci\u00f3n Asturiana de Empresa Familiar\">Gij\u00f3n aprueba convenio de colaboraci\u00f3n con la Asociaci\u00f3n Asturiana de Empresa Familiar<\/a>\n<\/span><\/div>","aioseo_breadcrumb_json":[{"label":"Home","link":"https:\/\/www.eldigitaldeasturias.com\/noticias"},{"label":"Actualidad Asturias","link":"https:\/\/www.eldigitaldeasturias.com\/noticias\/category\/actualidad-asturias\/"},{"label":"Gij\u00f3n aprueba convenio de colaboraci\u00f3n con la Asociaci\u00f3n Asturiana de Empresa Familiar","link":"https:\/\/www.eldigitaldeasturias.com\/noticias\/gijon-aprueba-convenio-de-colaboracion-con-la-asociacion-asturiana-de-empresa-familiar\/"}],"_links":{"self":[{"href":"https:\/\/www.eldigitaldeasturias.com\/noticias\/wp-json\/wp\/v2\/posts\/908750","targetHints":{"allow":["GET"]}}],"collection":[{"href":"https:\/\/www.eldigitaldeasturias.com\/noticias\/wp-json\/wp\/v2\/posts"}],"about":[{"href":"https:\/\/www.eldigitaldeasturias.com\/noticias\/wp-json\/wp\/v2\/types\/post"}],"author":[{"embeddable":true,"href":"https:\/\/www.eldigitaldeasturias.com\/noticias\/wp-json\/wp\/v2\/users\/1"}],"replies":[{"embeddable":true,"href":"https:\/\/www.eldigitaldeasturias.com\/noticias\/wp-json\/wp\/v2\/comments?post=908750"}],"version-history":[{"count":0,"href":"https:\/\/www.eldigitaldeasturias.com\/noticias\/wp-json\/wp\/v2\/posts\/908750\/revisions"}],"wp:featuredmedia":[{"embeddable":true,"href":"https:\/\/www.eldigitaldeasturias.com\/noticias\/wp-json\/wp\/v2\/media\/865821"}],"wp:attachment":[{"href":"https:\/\/www.eldigitaldeasturias.com\/noticias\/wp-json\/wp\/v2\/media?parent=908750"}],"wp:term":[{"taxonomy":"category","embeddable":true,"href":"https:\/\/www.eldigitaldeasturias.com\/noticias\/wp-json\/wp\/v2\/categories?post=908750"},{"taxonomy":"post_tag","embeddable":true,"href":"https:\/\/www.eldigitaldeasturias.com\/noticias\/wp-json\/wp\/v2\/tags?post=908750"}],"curies":[{"name":"wp","href":"https:\/\/api.w.org\/{rel}","templated":true}]}}