{"id":908748,"date":"2016-09-21T00:27:16","date_gmt":"2016-09-20T23:27:16","guid":{"rendered":"http:\/\/www.eldigitaldeasturias.com\/noticias\/?p=908748"},"modified":"2016-09-21T00:27:16","modified_gmt":"2016-09-20T23:27:16","slug":"identificados-varios-acusados-de-provocar-incendios-forestales-en-pilona-castrillon-y-langreo","status":"publish","type":"post","link":"https:\/\/www.eldigitaldeasturias.com\/noticias\/identificados-varios-acusados-de-provocar-incendios-forestales-en-pilona-castrillon-y-langreo\/","title":{"rendered":"Identificados varios acusados de provocar incendios forestales en Pilo\u00f1a, Castrill\u00f3n y Langreo"},"content":{"rendered":"<p><img loading=\"lazy\" decoding=\"async\" class=\"alignleft size-medium wp-image-708186\" src=\"https:\/\/www.eldigitaldeasturias.com\/noticias\/wp-content\/uploads\/2014\/12\/7764927w-360x195.jpg\" alt=\"guardia civil\" width=\"360\" height=\"195\" srcset=\"https:\/\/www.eldigitaldeasturias.com\/noticias\/wp-content\/uploads\/2014\/12\/7764927w-360x195.jpg 360w, https:\/\/www.eldigitaldeasturias.com\/noticias\/wp-content\/uploads\/2014\/12\/7764927w-480x260.jpg 480w, https:\/\/www.eldigitaldeasturias.com\/noticias\/wp-content\/uploads\/2014\/12\/7764927w-768x416.jpg 768w, https:\/\/www.eldigitaldeasturias.com\/noticias\/wp-content\/uploads\/2014\/12\/7764927w-690x373.jpg 690w, https:\/\/www.eldigitaldeasturias.com\/noticias\/wp-content\/uploads\/2014\/12\/7764927w-20x11.jpg 20w, https:\/\/www.eldigitaldeasturias.com\/noticias\/wp-content\/uploads\/2014\/12\/7764927w.jpg 800w\" sizes=\"auto, (max-width: 360px) 100vw, 360px\" \/>La Guardia Civil de Gij\u00f3n ha identificado a tres personas a las que acusa de ser los causantes de incendios forestales en Pilo\u00f1a, Castrill\u00f3n y Langreo. Los efectivos de la Benem\u00e9rita les han tomado declaraci\u00f3n en calidad de investigado -antiguo imputado&#8211; como supuestos autores de un delito de incendio forestal.<\/p>\n<p>Seg\u00fan una nota de prensa de la Comandancia de Gij\u00f3n, sobre las 20.50 horas del pasado d\u00eda 6, un agente de la Guardia Civil que circulaba en su veh\u00edculo particular por la carretera que une las localidades de Caldevilla y La Frecha, en el t\u00e9rmino municipal de Pilo\u00f1a, se percat\u00f3 de la existencia de un foco de incendio no muy lejos de la carretera por la que circulaba.<\/p>\n<p>El agente, que no estaba de servicio en ese momento, se acerc\u00f3 al foco del fuego, a unos cien metros de la carretera, y observ\u00f3 a una persona salir de la zona quemada y dirigirse a un veh\u00edculo todo terreno que estaba estacionado en las inmediaciones. Una vez identificado, pas\u00f3 aviso inmediato al Centro Operativo de Servicios de la Guardia Civil de Gij\u00f3n y solicit\u00f3 la presencia de una dotaci\u00f3n de bomberos.<\/p>\n<p>Se trata de un vecino de Arriondas-Parres (Asturias), de 40 a\u00f1os y cuya intenci\u00f3n era supuestamente la regeneraci\u00f3n de pastos. El incendio se sald\u00f3 con un total de 1.000 metros cuadrados de monte bajo, no alcanzando mayores dimensiones gracias a la ausencia de viento y a la intervenci\u00f3n del agente de la Guardia Civil.<\/p>\n<p>En el transcurso de las posteriores investigaciones llevadas a cabo por el Servicio de Protecci\u00f3n de la Naturaleza de Gij\u00f3n, se pudo determinar la existencia de hasta 12 focos de inicio del fuego a ambos lados de la pista forestal.<\/p>\n<p>Tan solo un d\u00eda m\u00e1s tarde, hacia las 13.15 horas, personal de investigaci\u00f3n de Incendios del Seprona de esta Comandancia de Gij\u00f3n que se encontraba realizando un servicio preventivo debido a la activaci\u00f3n del nivel de alerta 4 (muy alto), observaron una columna de humo de considerables dimensiones cuyo origen proced\u00eda de la localidad de Paerna (Langreo).<\/p>\n<p>Una vez en el lugar, comprobaron que el foco estaba cercano a un invernadero y este, a su vez, pr\u00f3ximo a una hilera de viviendas. Los efectivos consiguieron controlar el fuego con unas mangueras de agua hasta la llegada del Servicio de Bomberos.<\/p>\n<p><strong>QUEMA DE MOBILIARIO<\/strong><\/p>\n<p>En este caso, el incendio, que afect\u00f3 a 5.500 m2 de prados y monte bajo, se origin\u00f3 por la quema de mobiliario viejo en las inmediaciones del domicilio de M.A.H.R., de 60 a\u00f1os, el cual adujo haberse despistado, de forma que se propag\u00f3 el fuego y afect\u00f3 incluso a la malla met\u00e1lica de sujeci\u00f3n del talud de la AS-1. Tras tom\u00e1rsele declaraci\u00f3n el pasado d\u00eda 16 se dio cuenta del caso al Juzgado de Guardia de Langreo.<\/p>\n<p>En cuanto al tercer incendio, este se inici\u00f3 a las 12.00 horas del pasado d\u00eda 6, en el paraje de Linares-Naveces (Castrill\u00f3n), y afect\u00f3 a 3,87 hect\u00e1reas de eucalipto y monte bajo. En esta ocasi\u00f3n, una supuesta negligencia en los trabajos de tala de un monte hizo que en la ca\u00edda de un eucalipto sobre el tendido el\u00e9ctrico, lo que provoc\u00f3 el incendio. En su extinci\u00f3n participaron bomberos y varios helic\u00f3pteros.<\/p>\n<p>En este caso, tras el informe elaborado por La Brigada de Investigaci\u00f3n de Incendios Forestales (BRIPA), se tom\u00f3 declaraci\u00f3n en calidad de investigados al responsable de la empresa y al operario de la m\u00e1quina que provoc\u00f3 la ca\u00edda del \u00e1rbol, F.A.C.G., de 54 a\u00f1os, vecino de Avil\u00e9s, y J.M.M.C. de 55 a\u00f1os y vecino de Pravia, respectivamente.<\/p>\n<p>&nbsp;<\/p>\n<p>&nbsp;<\/p>\n","protected":false},"excerpt":{"rendered":"<p>La Guardia Civil de Gij\u00f3n ha identificado a tres personas a las que acusa de ser los causantes de incendios forestales en Pilo\u00f1a, Castrill\u00f3n y Langreo. Los efectivos de la Benem\u00e9rita les han tomado declaraci\u00f3n en calidad de investigado -antiguo imputado&#8211; como supuestos autores de un delito de incendio forestal. Seg\u00fan una nota de prensa [&hellip;]<\/p>\n","protected":false},"author":1,"featured_media":708186,"comment_status":"closed","ping_status":"closed","sticky":false,"template":"","format":"standard","meta":{"footnotes":""},"categories":[5],"tags":[],"class_list":["post-908748","post","type-post","status-publish","format-standard","has-post-thumbnail","hentry","category-sucesos"],"aioseo_notices":[],"aioseo_head":"\n\t\t<!-- All in One SEO Pro 4.9.6.2 - aioseo.com -->\n\t<meta name=\"description\" content=\"La Guardia Civil de Gij\u00f3n ha identificado a tres personas a las que acusa de ser los causantes de incendios forestales en Pilo\u00f1a, Castrill\u00f3n y Langreo. Los efectivos de la Benem\u00e9rita les han tomado declaraci\u00f3n en calidad de investigado -antiguo imputado-- como supuestos autores de un delito de incendio forestal. Seg\u00fan una nota de prensa\" \/>\n\t<meta name=\"robots\" content=\"max-image-preview:large\" \/>\n\t<meta name=\"author\" content=\"El Digital de Asturias\"\/>\n\t<meta name=\"google-site-verification\" content=\"UA-38556648-1\" \/>\n\t<meta name=\"msvalidate.01\" content=\"7dfe9f3f1b24437ab69f4f2559babe99\" \/>\n\t<meta name=\"keywords\" content=\"sucesos\" \/>\n\t<link rel=\"canonical\" href=\"https:\/\/www.eldigitaldeasturias.com\/noticias\/identificados-varios-acusados-de-provocar-incendios-forestales-en-pilona-castrillon-y-langreo\/\" \/>\n\t<meta name=\"generator\" content=\"All in One SEO Pro (AIOSEO) 4.9.6.2\" \/>\n\t\t<meta property=\"og:locale\" content=\"es_ES\" \/>\n\t\t<meta property=\"og:site_name\" content=\"El Digital de Asturias\" \/>\n\t\t<meta property=\"og:type\" content=\"article\" \/>\n\t\t<meta property=\"og:title\" content=\"Identificados varios acusados de provocar incendios forestales en Pilo\u00f1a, Castrill\u00f3n y Langreo - El Digital de Asturias\" \/>\n\t\t<meta property=\"og:description\" content=\"La Guardia Civil de Gij\u00f3n ha identificado a tres personas a las que acusa de ser los causantes de incendios forestales en Pilo\u00f1a, Castrill\u00f3n y Langreo. Los efectivos de la Benem\u00e9rita les han tomado declaraci\u00f3n en calidad de investigado -antiguo imputado-- como supuestos autores de un delito de incendio forestal. Seg\u00fan una nota de prensa\" \/>\n\t\t<meta property=\"og:url\" content=\"https:\/\/www.eldigitaldeasturias.com\/noticias\/identificados-varios-acusados-de-provocar-incendios-forestales-en-pilona-castrillon-y-langreo\/\" \/>\n\t\t<meta property=\"og:image\" content=\"https:\/\/www.eldigitaldeasturias.com\/noticias\/wp-content\/uploads\/2014\/12\/7764927w.jpg\" \/>\n\t\t<meta property=\"og:image:secure_url\" content=\"https:\/\/www.eldigitaldeasturias.com\/noticias\/wp-content\/uploads\/2014\/12\/7764927w.jpg\" \/>\n\t\t<meta property=\"og:image:width\" content=\"800\" \/>\n\t\t<meta property=\"og:image:height\" content=\"433\" \/>\n\t\t<meta property=\"article:tag\" content=\"sucesos\" \/>\n\t\t<meta property=\"article:published_time\" content=\"2016-09-20T23:27:16+00:00\" \/>\n\t\t<meta property=\"article:modified_time\" content=\"2016-09-20T23:27:16+00:00\" \/>\n\t\t<meta property=\"article:publisher\" content=\"https:\/\/facebook.com\/eldigitaldeasturias\" \/>\n\t\t<meta name=\"twitter:card\" content=\"summary_large_image\" \/>\n\t\t<meta name=\"twitter:title\" content=\"Identificados varios acusados de provocar incendios forestales en Pilo\u00f1a, Castrill\u00f3n y Langreo - El Digital de Asturias\" \/>\n\t\t<meta name=\"twitter:description\" content=\"La Guardia Civil de Gij\u00f3n ha identificado a tres personas a las que acusa de ser los causantes de incendios forestales en Pilo\u00f1a, Castrill\u00f3n y Langreo. Los efectivos de la Benem\u00e9rita les han tomado declaraci\u00f3n en calidad de investigado -antiguo imputado-- como supuestos autores de un delito de incendio forestal. Seg\u00fan una nota de prensa\" \/>\n\t\t<meta name=\"twitter:image\" content=\"https:\/\/www.eldigitaldeasturias.com\/noticias\/wp-content\/uploads\/2014\/12\/7764927w.jpg\" \/>\n\t\t<meta name=\"twitter:label1\" content=\"Escrito por\" \/>\n\t\t<meta name=\"twitter:data1\" content=\"El Digital de Asturias\" \/>\n\t\t<meta name=\"twitter:label2\" content=\"Tiempo de lectura estimado\" \/>\n\t\t<meta name=\"twitter:data2\" content=\"3 minutos\" \/>\n\t\t<script type=\"application\/ld+json\" class=\"aioseo-schema\">\n\t\t\t{\"@context\":\"https:\\\/\\\/schema.org\",\"@graph\":[{\"@type\":\"BlogPosting\",\"@id\":\"https:\\\/\\\/www.eldigitaldeasturias.com\\\/noticias\\\/identificados-varios-acusados-de-provocar-incendios-forestales-en-pilona-castrillon-y-langreo\\\/#blogposting\",\"name\":\"Identificados varios acusados de provocar incendios forestales en Pilo\\u00f1a, Castrill\\u00f3n y Langreo - El Digital de Asturias\",\"headline\":\"Identificados varios acusados de provocar incendios forestales en Pilo\\u00f1a, Castrill\\u00f3n y Langreo\",\"author\":{\"@id\":\"https:\\\/\\\/www.eldigitaldeasturias.com\\\/noticias\\\/author\\\/admin\\\/#author\"},\"publisher\":{\"@id\":\"https:\\\/\\\/www.eldigitaldeasturias.com\\\/noticias\\\/#organization\"},\"image\":{\"@type\":\"ImageObject\",\"url\":\"https:\\\/\\\/www.eldigitaldeasturias.com\\\/noticias\\\/wp-content\\\/uploads\\\/2014\\\/12\\\/7764927w.jpg\",\"width\":800,\"height\":433},\"datePublished\":\"2016-09-21T00:27:16+02:00\",\"dateModified\":\"2016-09-21T00:27:16+02:00\",\"inLanguage\":\"es-ES\",\"mainEntityOfPage\":{\"@id\":\"https:\\\/\\\/www.eldigitaldeasturias.com\\\/noticias\\\/identificados-varios-acusados-de-provocar-incendios-forestales-en-pilona-castrillon-y-langreo\\\/#webpage\"},\"isPartOf\":{\"@id\":\"https:\\\/\\\/www.eldigitaldeasturias.com\\\/noticias\\\/identificados-varios-acusados-de-provocar-incendios-forestales-en-pilona-castrillon-y-langreo\\\/#webpage\"},\"articleSection\":\"Sucesos\"},{\"@type\":\"BreadcrumbList\",\"@id\":\"https:\\\/\\\/www.eldigitaldeasturias.com\\\/noticias\\\/identificados-varios-acusados-de-provocar-incendios-forestales-en-pilona-castrillon-y-langreo\\\/#breadcrumblist\",\"itemListElement\":[{\"@type\":\"ListItem\",\"@id\":\"https:\\\/\\\/www.eldigitaldeasturias.com\\\/noticias#listItem\",\"position\":1,\"name\":\"Home\",\"item\":\"https:\\\/\\\/www.eldigitaldeasturias.com\\\/noticias\",\"nextItem\":{\"@type\":\"ListItem\",\"@id\":\"https:\\\/\\\/www.eldigitaldeasturias.com\\\/noticias\\\/category\\\/sucesos\\\/#listItem\",\"name\":\"Sucesos\"}},{\"@type\":\"ListItem\",\"@id\":\"https:\\\/\\\/www.eldigitaldeasturias.com\\\/noticias\\\/category\\\/sucesos\\\/#listItem\",\"position\":2,\"name\":\"Sucesos\",\"item\":\"https:\\\/\\\/www.eldigitaldeasturias.com\\\/noticias\\\/category\\\/sucesos\\\/\",\"nextItem\":{\"@type\":\"ListItem\",\"@id\":\"https:\\\/\\\/www.eldigitaldeasturias.com\\\/noticias\\\/identificados-varios-acusados-de-provocar-incendios-forestales-en-pilona-castrillon-y-langreo\\\/#listItem\",\"name\":\"Identificados varios acusados de provocar incendios forestales en Pilo\\u00f1a, Castrill\\u00f3n y Langreo\"},\"previousItem\":{\"@type\":\"ListItem\",\"@id\":\"https:\\\/\\\/www.eldigitaldeasturias.com\\\/noticias#listItem\",\"name\":\"Home\"}},{\"@type\":\"ListItem\",\"@id\":\"https:\\\/\\\/www.eldigitaldeasturias.com\\\/noticias\\\/identificados-varios-acusados-de-provocar-incendios-forestales-en-pilona-castrillon-y-langreo\\\/#listItem\",\"position\":3,\"name\":\"Identificados varios acusados de provocar incendios forestales en Pilo\\u00f1a, Castrill\\u00f3n y Langreo\",\"previousItem\":{\"@type\":\"ListItem\",\"@id\":\"https:\\\/\\\/www.eldigitaldeasturias.com\\\/noticias\\\/category\\\/sucesos\\\/#listItem\",\"name\":\"Sucesos\"}}]},{\"@type\":\"Organization\",\"@id\":\"https:\\\/\\\/www.eldigitaldeasturias.com\\\/noticias\\\/#organization\",\"name\":\"El Digital de Asturias\",\"description\":\"Hemeroteca\",\"url\":\"https:\\\/\\\/www.eldigitaldeasturias.com\\\/noticias\\\/\",\"email\":\"info@eldigitaldeasturias.com\",\"telephone\":\"+34652131393\",\"logo\":{\"@type\":\"ImageObject\",\"url\":\"https:\\\/\\\/www.eldigitaldeasturias.com\\\/noticias\\\/wp-content\\\/uploads\\\/2020\\\/12\\\/EDA.jpg\",\"@id\":\"https:\\\/\\\/www.eldigitaldeasturias.com\\\/noticias\\\/identificados-varios-acusados-de-provocar-incendios-forestales-en-pilona-castrillon-y-langreo\\\/#organizationLogo\",\"width\":649,\"height\":297},\"image\":{\"@id\":\"https:\\\/\\\/www.eldigitaldeasturias.com\\\/noticias\\\/identificados-varios-acusados-de-provocar-incendios-forestales-en-pilona-castrillon-y-langreo\\\/#organizationLogo\"},\"sameAs\":[\"https:\\\/\\\/facebook.com\\\/eldigitaldeasturias\",\"https:\\\/\\\/www.youtube.com\\\/channel\\\/UCZP-2wLEB9Rv6erhFmqVnvg\"],\"address\":{\"@id\":\"https:\\\/\\\/www.eldigitaldeasturias.com\\\/noticias\\\/#postaladdress\",\"@type\":\"PostalAddress\",\"streetAddress\":\"san antonio 4,\",\"postalCode\":\"33430\",\"addressLocality\":\"Cand\\u00e1s\",\"addressRegion\":\"Asturias\",\"addressCountry\":\"ES\"}},{\"@type\":\"Person\",\"@id\":\"https:\\\/\\\/www.eldigitaldeasturias.com\\\/noticias\\\/author\\\/admin\\\/#author\",\"url\":\"https:\\\/\\\/www.eldigitaldeasturias.com\\\/noticias\\\/author\\\/admin\\\/\",\"name\":\"El Digital de Asturias\",\"image\":{\"@type\":\"ImageObject\",\"@id\":\"https:\\\/\\\/www.eldigitaldeasturias.com\\\/noticias\\\/identificados-varios-acusados-de-provocar-incendios-forestales-en-pilona-castrillon-y-langreo\\\/#authorImage\",\"url\":\"https:\\\/\\\/www.eldigitaldeasturias.com\\\/noticias\\\/wp-content\\\/litespeed\\\/avatar\\\/18677e78aa0546b92d9dbf31ec7d7668.jpg?ver=1777290358\",\"width\":96,\"height\":96,\"caption\":\"El Digital de Asturias\"}},{\"@type\":\"WebPage\",\"@id\":\"https:\\\/\\\/www.eldigitaldeasturias.com\\\/noticias\\\/identificados-varios-acusados-de-provocar-incendios-forestales-en-pilona-castrillon-y-langreo\\\/#webpage\",\"url\":\"https:\\\/\\\/www.eldigitaldeasturias.com\\\/noticias\\\/identificados-varios-acusados-de-provocar-incendios-forestales-en-pilona-castrillon-y-langreo\\\/\",\"name\":\"Identificados varios acusados de provocar incendios forestales en Pilo\\u00f1a, Castrill\\u00f3n y Langreo - El Digital de Asturias\",\"description\":\"La Guardia Civil de Gij\\u00f3n ha identificado a tres personas a las que acusa de ser los causantes de incendios forestales en Pilo\\u00f1a, Castrill\\u00f3n y Langreo. Los efectivos de la Benem\\u00e9rita les han tomado declaraci\\u00f3n en calidad de investigado -antiguo imputado-- como supuestos autores de un delito de incendio forestal. Seg\\u00fan una nota de prensa\",\"inLanguage\":\"es-ES\",\"isPartOf\":{\"@id\":\"https:\\\/\\\/www.eldigitaldeasturias.com\\\/noticias\\\/#website\"},\"breadcrumb\":{\"@id\":\"https:\\\/\\\/www.eldigitaldeasturias.com\\\/noticias\\\/identificados-varios-acusados-de-provocar-incendios-forestales-en-pilona-castrillon-y-langreo\\\/#breadcrumblist\"},\"author\":{\"@id\":\"https:\\\/\\\/www.eldigitaldeasturias.com\\\/noticias\\\/author\\\/admin\\\/#author\"},\"creator\":{\"@id\":\"https:\\\/\\\/www.eldigitaldeasturias.com\\\/noticias\\\/author\\\/admin\\\/#author\"},\"image\":{\"@type\":\"ImageObject\",\"url\":\"https:\\\/\\\/www.eldigitaldeasturias.com\\\/noticias\\\/wp-content\\\/uploads\\\/2014\\\/12\\\/7764927w.jpg\",\"@id\":\"https:\\\/\\\/www.eldigitaldeasturias.com\\\/noticias\\\/identificados-varios-acusados-de-provocar-incendios-forestales-en-pilona-castrillon-y-langreo\\\/#mainImage\",\"width\":800,\"height\":433},\"primaryImageOfPage\":{\"@id\":\"https:\\\/\\\/www.eldigitaldeasturias.com\\\/noticias\\\/identificados-varios-acusados-de-provocar-incendios-forestales-en-pilona-castrillon-y-langreo\\\/#mainImage\"},\"datePublished\":\"2016-09-21T00:27:16+02:00\",\"dateModified\":\"2016-09-21T00:27:16+02:00\"},{\"@type\":\"WebSite\",\"@id\":\"https:\\\/\\\/www.eldigitaldeasturias.com\\\/noticias\\\/#website\",\"url\":\"https:\\\/\\\/www.eldigitaldeasturias.com\\\/noticias\\\/\",\"name\":\"El Digital de Asturias - Diario de actualidad y noticias\",\"alternateName\":\"El Digital de Asturias - Diario de actualidad y noticias\",\"description\":\"Hemeroteca\",\"inLanguage\":\"es-ES\",\"publisher\":{\"@id\":\"https:\\\/\\\/www.eldigitaldeasturias.com\\\/noticias\\\/#organization\"}}]}\n\t\t<\/script>\n\t\t<!-- All in One SEO Pro -->\r\n\t\t<title>Identificados varios acusados de provocar incendios forestales en Pilo\u00f1a, Castrill\u00f3n y Langreo - El Digital de Asturias<\/title>\n\n","aioseo_head_json":{"title":"Identificados varios acusados de provocar incendios forestales en Pilo\u00f1a, Castrill\u00f3n y Langreo - El Digital de Asturias","description":"La Guardia Civil de Gij\u00f3n ha identificado a tres personas a las que acusa de ser los causantes de incendios forestales en Pilo\u00f1a, Castrill\u00f3n y Langreo. Los efectivos de la Benem\u00e9rita les han tomado declaraci\u00f3n en calidad de investigado -antiguo imputado-- como supuestos autores de un delito de incendio forestal. Seg\u00fan una nota de prensa","canonical_url":"https:\/\/www.eldigitaldeasturias.com\/noticias\/identificados-varios-acusados-de-provocar-incendios-forestales-en-pilona-castrillon-y-langreo\/","robots":"max-image-preview:large","keywords":"sucesos","webmasterTools":{"google-site-verification":"UA-38556648-1","msvalidate.01":"7dfe9f3f1b24437ab69f4f2559babe99","miscellaneous":""},"schema":{"@context":"https:\/\/schema.org","@graph":[{"@type":"BlogPosting","@id":"https:\/\/www.eldigitaldeasturias.com\/noticias\/identificados-varios-acusados-de-provocar-incendios-forestales-en-pilona-castrillon-y-langreo\/#blogposting","name":"Identificados varios acusados de provocar incendios forestales en Pilo\u00f1a, Castrill\u00f3n y Langreo - El Digital de Asturias","headline":"Identificados varios acusados de provocar incendios forestales en Pilo\u00f1a, Castrill\u00f3n y Langreo","author":{"@id":"https:\/\/www.eldigitaldeasturias.com\/noticias\/author\/admin\/#author"},"publisher":{"@id":"https:\/\/www.eldigitaldeasturias.com\/noticias\/#organization"},"image":{"@type":"ImageObject","url":"https:\/\/www.eldigitaldeasturias.com\/noticias\/wp-content\/uploads\/2014\/12\/7764927w.jpg","width":800,"height":433},"datePublished":"2016-09-21T00:27:16+02:00","dateModified":"2016-09-21T00:27:16+02:00","inLanguage":"es-ES","mainEntityOfPage":{"@id":"https:\/\/www.eldigitaldeasturias.com\/noticias\/identificados-varios-acusados-de-provocar-incendios-forestales-en-pilona-castrillon-y-langreo\/#webpage"},"isPartOf":{"@id":"https:\/\/www.eldigitaldeasturias.com\/noticias\/identificados-varios-acusados-de-provocar-incendios-forestales-en-pilona-castrillon-y-langreo\/#webpage"},"articleSection":"Sucesos"},{"@type":"BreadcrumbList","@id":"https:\/\/www.eldigitaldeasturias.com\/noticias\/identificados-varios-acusados-de-provocar-incendios-forestales-en-pilona-castrillon-y-langreo\/#breadcrumblist","itemListElement":[{"@type":"ListItem","@id":"https:\/\/www.eldigitaldeasturias.com\/noticias#listItem","position":1,"name":"Home","item":"https:\/\/www.eldigitaldeasturias.com\/noticias","nextItem":{"@type":"ListItem","@id":"https:\/\/www.eldigitaldeasturias.com\/noticias\/category\/sucesos\/#listItem","name":"Sucesos"}},{"@type":"ListItem","@id":"https:\/\/www.eldigitaldeasturias.com\/noticias\/category\/sucesos\/#listItem","position":2,"name":"Sucesos","item":"https:\/\/www.eldigitaldeasturias.com\/noticias\/category\/sucesos\/","nextItem":{"@type":"ListItem","@id":"https:\/\/www.eldigitaldeasturias.com\/noticias\/identificados-varios-acusados-de-provocar-incendios-forestales-en-pilona-castrillon-y-langreo\/#listItem","name":"Identificados varios acusados de provocar incendios forestales en Pilo\u00f1a, Castrill\u00f3n y Langreo"},"previousItem":{"@type":"ListItem","@id":"https:\/\/www.eldigitaldeasturias.com\/noticias#listItem","name":"Home"}},{"@type":"ListItem","@id":"https:\/\/www.eldigitaldeasturias.com\/noticias\/identificados-varios-acusados-de-provocar-incendios-forestales-en-pilona-castrillon-y-langreo\/#listItem","position":3,"name":"Identificados varios acusados de provocar incendios forestales en Pilo\u00f1a, Castrill\u00f3n y Langreo","previousItem":{"@type":"ListItem","@id":"https:\/\/www.eldigitaldeasturias.com\/noticias\/category\/sucesos\/#listItem","name":"Sucesos"}}]},{"@type":"Organization","@id":"https:\/\/www.eldigitaldeasturias.com\/noticias\/#organization","name":"El Digital de Asturias","description":"Hemeroteca","url":"https:\/\/www.eldigitaldeasturias.com\/noticias\/","email":"info@eldigitaldeasturias.com","telephone":"+34652131393","logo":{"@type":"ImageObject","url":"https:\/\/www.eldigitaldeasturias.com\/noticias\/wp-content\/uploads\/2020\/12\/EDA.jpg","@id":"https:\/\/www.eldigitaldeasturias.com\/noticias\/identificados-varios-acusados-de-provocar-incendios-forestales-en-pilona-castrillon-y-langreo\/#organizationLogo","width":649,"height":297},"image":{"@id":"https:\/\/www.eldigitaldeasturias.com\/noticias\/identificados-varios-acusados-de-provocar-incendios-forestales-en-pilona-castrillon-y-langreo\/#organizationLogo"},"sameAs":["https:\/\/facebook.com\/eldigitaldeasturias","https:\/\/www.youtube.com\/channel\/UCZP-2wLEB9Rv6erhFmqVnvg"],"address":{"@id":"https:\/\/www.eldigitaldeasturias.com\/noticias\/#postaladdress","@type":"PostalAddress","streetAddress":"san antonio 4,","postalCode":"33430","addressLocality":"Cand\u00e1s","addressRegion":"Asturias","addressCountry":"ES"}},{"@type":"Person","@id":"https:\/\/www.eldigitaldeasturias.com\/noticias\/author\/admin\/#author","url":"https:\/\/www.eldigitaldeasturias.com\/noticias\/author\/admin\/","name":"El Digital de Asturias","image":{"@type":"ImageObject","@id":"https:\/\/www.eldigitaldeasturias.com\/noticias\/identificados-varios-acusados-de-provocar-incendios-forestales-en-pilona-castrillon-y-langreo\/#authorImage","url":"https:\/\/www.eldigitaldeasturias.com\/noticias\/wp-content\/litespeed\/avatar\/18677e78aa0546b92d9dbf31ec7d7668.jpg?ver=1777290358","width":96,"height":96,"caption":"El Digital de Asturias"}},{"@type":"WebPage","@id":"https:\/\/www.eldigitaldeasturias.com\/noticias\/identificados-varios-acusados-de-provocar-incendios-forestales-en-pilona-castrillon-y-langreo\/#webpage","url":"https:\/\/www.eldigitaldeasturias.com\/noticias\/identificados-varios-acusados-de-provocar-incendios-forestales-en-pilona-castrillon-y-langreo\/","name":"Identificados varios acusados de provocar incendios forestales en Pilo\u00f1a, Castrill\u00f3n y Langreo - El Digital de Asturias","description":"La Guardia Civil de Gij\u00f3n ha identificado a tres personas a las que acusa de ser los causantes de incendios forestales en Pilo\u00f1a, Castrill\u00f3n y Langreo. Los efectivos de la Benem\u00e9rita les han tomado declaraci\u00f3n en calidad de investigado -antiguo imputado-- como supuestos autores de un delito de incendio forestal. Seg\u00fan una nota de prensa","inLanguage":"es-ES","isPartOf":{"@id":"https:\/\/www.eldigitaldeasturias.com\/noticias\/#website"},"breadcrumb":{"@id":"https:\/\/www.eldigitaldeasturias.com\/noticias\/identificados-varios-acusados-de-provocar-incendios-forestales-en-pilona-castrillon-y-langreo\/#breadcrumblist"},"author":{"@id":"https:\/\/www.eldigitaldeasturias.com\/noticias\/author\/admin\/#author"},"creator":{"@id":"https:\/\/www.eldigitaldeasturias.com\/noticias\/author\/admin\/#author"},"image":{"@type":"ImageObject","url":"https:\/\/www.eldigitaldeasturias.com\/noticias\/wp-content\/uploads\/2014\/12\/7764927w.jpg","@id":"https:\/\/www.eldigitaldeasturias.com\/noticias\/identificados-varios-acusados-de-provocar-incendios-forestales-en-pilona-castrillon-y-langreo\/#mainImage","width":800,"height":433},"primaryImageOfPage":{"@id":"https:\/\/www.eldigitaldeasturias.com\/noticias\/identificados-varios-acusados-de-provocar-incendios-forestales-en-pilona-castrillon-y-langreo\/#mainImage"},"datePublished":"2016-09-21T00:27:16+02:00","dateModified":"2016-09-21T00:27:16+02:00"},{"@type":"WebSite","@id":"https:\/\/www.eldigitaldeasturias.com\/noticias\/#website","url":"https:\/\/www.eldigitaldeasturias.com\/noticias\/","name":"El Digital de Asturias - Diario de actualidad y noticias","alternateName":"El Digital de Asturias - Diario de actualidad y noticias","description":"Hemeroteca","inLanguage":"es-ES","publisher":{"@id":"https:\/\/www.eldigitaldeasturias.com\/noticias\/#organization"}}]},"og:locale":"es_ES","og:site_name":"El Digital de Asturias","og:type":"article","og:title":"Identificados varios acusados de provocar incendios forestales en Pilo\u00f1a, Castrill\u00f3n y Langreo - El Digital de Asturias","og:description":"La Guardia Civil de Gij\u00f3n ha identificado a tres personas a las que acusa de ser los causantes de incendios forestales en Pilo\u00f1a, Castrill\u00f3n y Langreo. Los efectivos de la Benem\u00e9rita les han tomado declaraci\u00f3n en calidad de investigado -antiguo imputado-- como supuestos autores de un delito de incendio forestal. Seg\u00fan una nota de prensa","og:url":"https:\/\/www.eldigitaldeasturias.com\/noticias\/identificados-varios-acusados-de-provocar-incendios-forestales-en-pilona-castrillon-y-langreo\/","og:image":"https:\/\/www.eldigitaldeasturias.com\/noticias\/wp-content\/uploads\/2014\/12\/7764927w.jpg","og:image:secure_url":"https:\/\/www.eldigitaldeasturias.com\/noticias\/wp-content\/uploads\/2014\/12\/7764927w.jpg","og:image:width":800,"og:image:height":433,"article:tag":["sucesos"],"article:published_time":"2016-09-20T23:27:16+00:00","article:modified_time":"2016-09-20T23:27:16+00:00","article:publisher":"https:\/\/facebook.com\/eldigitaldeasturias","twitter:card":"summary_large_image","twitter:title":"Identificados varios acusados de provocar incendios forestales en Pilo\u00f1a, Castrill\u00f3n y Langreo - El Digital de Asturias","twitter:description":"La Guardia Civil de Gij\u00f3n ha identificado a tres personas a las que acusa de ser los causantes de incendios forestales en Pilo\u00f1a, Castrill\u00f3n y Langreo. Los efectivos de la Benem\u00e9rita les han tomado declaraci\u00f3n en calidad de investigado -antiguo imputado-- como supuestos autores de un delito de incendio forestal. Seg\u00fan una nota de prensa","twitter:image":"https:\/\/www.eldigitaldeasturias.com\/noticias\/wp-content\/uploads\/2014\/12\/7764927w.jpg","twitter:label1":"Escrito por","twitter:data1":"El Digital de Asturias","twitter:label2":"Tiempo de lectura estimado","twitter:data2":"3 minutos"},"aioseo_meta_data":{"post_id":"908748","title":null,"description":null,"keywords":null,"keyphrases":null,"primary_term":null,"canonical_url":null,"og_title":null,"og_description":null,"og_object_type":"default","og_image_type":"default","og_image_url":null,"og_image_width":null,"og_image_height":null,"og_image_custom_url":null,"og_image_custom_fields":null,"og_video":null,"og_custom_url":null,"og_article_section":null,"og_article_tags":null,"twitter_use_og":false,"twitter_card":"default","twitter_image_type":"default","twitter_image_url":null,"twitter_image_custom_url":null,"twitter_image_custom_fields":null,"twitter_title":null,"twitter_description":null,"schema":{"blockGraphs":[],"customGraphs":[],"default":{"data":{"Article":[],"Course":[],"Dataset":[],"FAQPage":[],"Movie":[],"Person":[],"Product":[],"ProductReview":[],"Car":[],"Recipe":[],"Service":[],"SoftwareApplication":[],"WebPage":[]},"graphName":"","isEnabled":true},"graphs":[],"defaultGraph":"","defaultPostTypeGraph":""},"schema_type":null,"schema_type_options":null,"pillar_content":false,"robots_default":true,"robots_noindex":false,"robots_noarchive":false,"robots_nosnippet":false,"robots_nofollow":false,"robots_noimageindex":false,"robots_noodp":false,"robots_notranslate":false,"robots_max_snippet":null,"robots_max_videopreview":null,"robots_max_imagepreview":"large","priority":null,"frequency":null,"local_seo":null,"seo_analyzer_scan_date":"2025-11-30 17:21:11","breadcrumb_settings":null,"limit_modified_date":false,"open_ai":null,"ai":null,"created":"2020-12-21 13:59:51","updated":"2025-11-30 17:21:11"},"aioseo_breadcrumb":"<div class=\"aioseo-breadcrumbs\"><span class=\"aioseo-breadcrumb\">\n\t<a href=\"https:\/\/www.eldigitaldeasturias.com\/noticias\" title=\"Home\">Home<\/a>\n<\/span><span class=\"aioseo-breadcrumb-separator\">\u2013<\/span><span class=\"aioseo-breadcrumb\">\n\t<a href=\"https:\/\/www.eldigitaldeasturias.com\/noticias\/category\/sucesos\/\" title=\"Sucesos\">Sucesos<\/a>\n<\/span><span class=\"aioseo-breadcrumb-separator\">\u2013<\/span><span class=\"aioseo-breadcrumb\">\n\t<a href=\"https:\/\/www.eldigitaldeasturias.com\/noticias\/identificados-varios-acusados-de-provocar-incendios-forestales-en-pilona-castrillon-y-langreo\/\" title=\"Identificados varios acusados de provocar incendios forestales en Pilo\u00f1a, Castrill\u00f3n y Langreo\">Identificados varios acusados de provocar incendios forestales en Pilo\u00f1a, Castrill\u00f3n y Langreo<\/a>\n<\/span><\/div>","aioseo_breadcrumb_json":[{"label":"Home","link":"https:\/\/www.eldigitaldeasturias.com\/noticias"},{"label":"Sucesos","link":"https:\/\/www.eldigitaldeasturias.com\/noticias\/category\/sucesos\/"},{"label":"Identificados varios acusados de provocar incendios forestales en Pilo\u00f1a, Castrill\u00f3n y Langreo","link":"https:\/\/www.eldigitaldeasturias.com\/noticias\/identificados-varios-acusados-de-provocar-incendios-forestales-en-pilona-castrillon-y-langreo\/"}],"_links":{"self":[{"href":"https:\/\/www.eldigitaldeasturias.com\/noticias\/wp-json\/wp\/v2\/posts\/908748","targetHints":{"allow":["GET"]}}],"collection":[{"href":"https:\/\/www.eldigitaldeasturias.com\/noticias\/wp-json\/wp\/v2\/posts"}],"about":[{"href":"https:\/\/www.eldigitaldeasturias.com\/noticias\/wp-json\/wp\/v2\/types\/post"}],"author":[{"embeddable":true,"href":"https:\/\/www.eldigitaldeasturias.com\/noticias\/wp-json\/wp\/v2\/users\/1"}],"replies":[{"embeddable":true,"href":"https:\/\/www.eldigitaldeasturias.com\/noticias\/wp-json\/wp\/v2\/comments?post=908748"}],"version-history":[{"count":0,"href":"https:\/\/www.eldigitaldeasturias.com\/noticias\/wp-json\/wp\/v2\/posts\/908748\/revisions"}],"wp:featuredmedia":[{"embeddable":true,"href":"https:\/\/www.eldigitaldeasturias.com\/noticias\/wp-json\/wp\/v2\/media\/708186"}],"wp:attachment":[{"href":"https:\/\/www.eldigitaldeasturias.com\/noticias\/wp-json\/wp\/v2\/media?parent=908748"}],"wp:term":[{"taxonomy":"category","embeddable":true,"href":"https:\/\/www.eldigitaldeasturias.com\/noticias\/wp-json\/wp\/v2\/categories?post=908748"},{"taxonomy":"post_tag","embeddable":true,"href":"https:\/\/www.eldigitaldeasturias.com\/noticias\/wp-json\/wp\/v2\/tags?post=908748"}],"curies":[{"name":"wp","href":"https:\/\/api.w.org\/{rel}","templated":true}]}}