{"id":908744,"date":"2016-09-21T00:21:09","date_gmt":"2016-09-20T23:21:09","guid":{"rendered":"http:\/\/www.eldigitaldeasturias.com\/noticias\/?p=908744"},"modified":"2016-09-21T00:21:09","modified_gmt":"2016-09-20T23:21:09","slug":"oviedo-celebra-una-charla-coloquio-dedicada-a-tino-casal","status":"publish","type":"post","link":"https:\/\/www.eldigitaldeasturias.com\/noticias\/oviedo-celebra-una-charla-coloquio-dedicada-a-tino-casal\/","title":{"rendered":"Oviedo celebra una charla-coloquio dedicada a Tino Casal"},"content":{"rendered":"<p><img loading=\"lazy\" decoding=\"async\" class=\"alignleft size-medium wp-image-908745\" src=\"https:\/\/www.eldigitaldeasturias.com\/noticias\/wp-content\/uploads\/2016\/09\/fotonoticia_20160920152205_800-360x218.jpg\" alt=\"fotonoticia_20160920152205_800\" width=\"360\" height=\"218\" srcset=\"https:\/\/www.eldigitaldeasturias.com\/noticias\/wp-content\/uploads\/2016\/09\/fotonoticia_20160920152205_800-360x218.jpg 360w, https:\/\/www.eldigitaldeasturias.com\/noticias\/wp-content\/uploads\/2016\/09\/fotonoticia_20160920152205_800-768x465.jpg 768w, https:\/\/www.eldigitaldeasturias.com\/noticias\/wp-content\/uploads\/2016\/09\/fotonoticia_20160920152205_800-650x393.jpg 650w, https:\/\/www.eldigitaldeasturias.com\/noticias\/wp-content\/uploads\/2016\/09\/fotonoticia_20160920152205_800.jpg 800w\" sizes=\"auto, (max-width: 360px) 100vw, 360px\" \/>El edificio hist\u00f3rico de la Universidad de Oviedo ha acogido este martes una charla-coloquio sobre el artista de Tudela Vegu\u00edn, en la que han participado, entre otros, Loquillo, \u00c1lvaro Urquijo (Los Secretos), Igor Paskual y familiares del artista. El alcalde, Wenceslao L\u00f3pez, y el concejal de Cultura y Festejos, Roberto S\u00e1nchez Ramos han asistido al acto.<\/p>\n<p>La Junta de Gobierno de la Sociedad Ovetense de Festejos (SOF) ha aprobado este martes, por unanimidad, la propuesta para la distinci\u00f3n de Tino Casal como hijo predilecto del municipio a t\u00edtulo p\u00f3stumo.<\/p>\n<p>El concejal de Cultura ha anunciado oficialmente el nombramiento en una rueda de prensa anterior. Ha presentado adem\u00e1s un v\u00eddeo producido por la SOF en homenaje a Tino Casal, de cuyo fallecimiento se cumplen 25 a\u00f1os este pr\u00f3ximo jueves. Loquillo, Los Secretos y la Orquesta Assia actuar\u00e1n este jueves en la Plaza de La Catedral, en un concierto que servir\u00e1 para rendir tributo al artista asturiano.<\/p>\n<p>Adem\u00e1s, los d\u00edas 30 de octubre y 1 de noviembre se realizar\u00e1n actividades en Tudela Vegu\u00edn, el pueblo ovetense natal de Tino Casal. Entre otras actividades, est\u00e1 previsto que la Banda de M\u00fcsica Ciudad de Oviedo act\u00fae, interpretando temas del m\u00edtico cantante.<\/p>\n<p><strong>CR\u00cdTICAS DEL PP<\/strong><\/p>\n<p>En este sentido, la concejala del PP de Oviedo, Bel\u00e9n Fern\u00e1ndez, ha mostrado el apoyo de su partido al nombramiento de Casa como Hijo Predilecto, pero tambi\u00e9n ha entendido que \u00abhan improvisado un pobre homenaje a este gran artista y, ante nuestras cr\u00edticas, improvisan este nombramiento de forma apresurada\u00bb.<\/p>\n<p>Para Fern\u00e1ndez, \u00abno lo hicieron entonces (el homenaje) porque ni se les hab\u00eda ocurrido, y lo hacen ahora porque supongo que les habr\u00e1 asaltado la verg\u00fcenza torera de ofrecer tan pobre espect\u00e1culo en memoria de tan gran ovetense despu\u00e9s de que el Partido Popular dejara constancia de ello\u00bb.<\/p>\n<p>&nbsp;<\/p>\n<p>&nbsp;<\/p>\n","protected":false},"excerpt":{"rendered":"<p>El edificio hist\u00f3rico de la Universidad de Oviedo ha acogido este martes una charla-coloquio sobre el artista de Tudela Vegu\u00edn, en la que han participado, entre otros, Loquillo, \u00c1lvaro Urquijo (Los Secretos), Igor Paskual y familiares del artista. El alcalde, Wenceslao L\u00f3pez, y el concejal de Cultura y Festejos, Roberto S\u00e1nchez Ramos han asistido al [&hellip;]<\/p>\n","protected":false},"author":1,"featured_media":908745,"comment_status":"closed","ping_status":"closed","sticky":false,"template":"","format":"standard","meta":{"footnotes":""},"categories":[50],"tags":[],"class_list":["post-908744","post","type-post","status-publish","format-standard","has-post-thumbnail","hentry","category-revista-de-ocio"],"aioseo_notices":[],"aioseo_head":"\n\t\t<!-- All in One SEO Pro 4.9.6.2 - aioseo.com -->\n\t<meta name=\"description\" content=\"El edificio hist\u00f3rico de la Universidad de Oviedo ha acogido este martes una charla-coloquio sobre el artista de Tudela Vegu\u00edn, en la que han participado, entre otros, Loquillo, \u00c1lvaro Urquijo (Los Secretos), Igor Paskual y familiares del artista. El alcalde, Wenceslao L\u00f3pez, y el concejal de Cultura y Festejos, Roberto S\u00e1nchez Ramos han asistido al\" \/>\n\t<meta name=\"robots\" content=\"max-image-preview:large\" \/>\n\t<meta name=\"author\" content=\"El Digital de Asturias\"\/>\n\t<meta name=\"google-site-verification\" content=\"UA-38556648-1\" \/>\n\t<meta name=\"msvalidate.01\" content=\"7dfe9f3f1b24437ab69f4f2559babe99\" \/>\n\t<meta name=\"keywords\" content=\"revista de ocio\" \/>\n\t<link rel=\"canonical\" href=\"https:\/\/www.eldigitaldeasturias.com\/noticias\/oviedo-celebra-una-charla-coloquio-dedicada-a-tino-casal\/\" \/>\n\t<meta name=\"generator\" content=\"All in One SEO Pro (AIOSEO) 4.9.6.2\" \/>\n\t\t<meta property=\"og:locale\" content=\"es_ES\" \/>\n\t\t<meta property=\"og:site_name\" content=\"El Digital de Asturias\" \/>\n\t\t<meta property=\"og:type\" content=\"article\" \/>\n\t\t<meta property=\"og:title\" content=\"Oviedo celebra una charla-coloquio dedicada a Tino Casal - El Digital de Asturias\" \/>\n\t\t<meta property=\"og:description\" content=\"El edificio hist\u00f3rico de la Universidad de Oviedo ha acogido este martes una charla-coloquio sobre el artista de Tudela Vegu\u00edn, en la que han participado, entre otros, Loquillo, \u00c1lvaro Urquijo (Los Secretos), Igor Paskual y familiares del artista. El alcalde, Wenceslao L\u00f3pez, y el concejal de Cultura y Festejos, Roberto S\u00e1nchez Ramos han asistido al\" \/>\n\t\t<meta property=\"og:url\" content=\"https:\/\/www.eldigitaldeasturias.com\/noticias\/oviedo-celebra-una-charla-coloquio-dedicada-a-tino-casal\/\" \/>\n\t\t<meta property=\"og:image\" content=\"https:\/\/www.eldigitaldeasturias.com\/noticias\/wp-content\/uploads\/2016\/09\/fotonoticia_20160920152205_800.jpg\" \/>\n\t\t<meta property=\"og:image:secure_url\" content=\"https:\/\/www.eldigitaldeasturias.com\/noticias\/wp-content\/uploads\/2016\/09\/fotonoticia_20160920152205_800.jpg\" \/>\n\t\t<meta property=\"og:image:width\" content=\"800\" \/>\n\t\t<meta property=\"og:image:height\" content=\"484\" \/>\n\t\t<meta property=\"article:tag\" content=\"revista de ocio\" \/>\n\t\t<meta property=\"article:published_time\" content=\"2016-09-20T23:21:09+00:00\" \/>\n\t\t<meta property=\"article:modified_time\" content=\"2016-09-20T23:21:09+00:00\" \/>\n\t\t<meta property=\"article:publisher\" content=\"https:\/\/facebook.com\/eldigitaldeasturias\" \/>\n\t\t<meta name=\"twitter:card\" content=\"summary_large_image\" \/>\n\t\t<meta name=\"twitter:title\" content=\"Oviedo celebra una charla-coloquio dedicada a Tino Casal - El Digital de Asturias\" \/>\n\t\t<meta name=\"twitter:description\" content=\"El edificio hist\u00f3rico de la Universidad de Oviedo ha acogido este martes una charla-coloquio sobre el artista de Tudela Vegu\u00edn, en la que han participado, entre otros, Loquillo, \u00c1lvaro Urquijo (Los Secretos), Igor Paskual y familiares del artista. El alcalde, Wenceslao L\u00f3pez, y el concejal de Cultura y Festejos, Roberto S\u00e1nchez Ramos han asistido al\" \/>\n\t\t<meta name=\"twitter:image\" content=\"https:\/\/www.eldigitaldeasturias.com\/noticias\/wp-content\/uploads\/2016\/09\/fotonoticia_20160920152205_800.jpg\" \/>\n\t\t<meta name=\"twitter:label1\" content=\"Escrito por\" \/>\n\t\t<meta name=\"twitter:data1\" content=\"El Digital de Asturias\" \/>\n\t\t<meta name=\"twitter:label2\" content=\"Tiempo de lectura estimado\" \/>\n\t\t<meta name=\"twitter:data2\" content=\"2 minutos\" \/>\n\t\t<script type=\"application\/ld+json\" class=\"aioseo-schema\">\n\t\t\t{\"@context\":\"https:\\\/\\\/schema.org\",\"@graph\":[{\"@type\":\"BlogPosting\",\"@id\":\"https:\\\/\\\/www.eldigitaldeasturias.com\\\/noticias\\\/oviedo-celebra-una-charla-coloquio-dedicada-a-tino-casal\\\/#blogposting\",\"name\":\"Oviedo celebra una charla-coloquio dedicada a Tino Casal - El Digital de Asturias\",\"headline\":\"Oviedo celebra una charla-coloquio dedicada a Tino Casal\",\"author\":{\"@id\":\"https:\\\/\\\/www.eldigitaldeasturias.com\\\/noticias\\\/author\\\/admin\\\/#author\"},\"publisher\":{\"@id\":\"https:\\\/\\\/www.eldigitaldeasturias.com\\\/noticias\\\/#organization\"},\"image\":{\"@type\":\"ImageObject\",\"url\":\"https:\\\/\\\/www.eldigitaldeasturias.com\\\/noticias\\\/wp-content\\\/uploads\\\/2016\\\/09\\\/fotonoticia_20160920152205_800.jpg\",\"width\":800,\"height\":484},\"datePublished\":\"2016-09-21T00:21:09+02:00\",\"dateModified\":\"2016-09-21T00:21:09+02:00\",\"inLanguage\":\"es-ES\",\"mainEntityOfPage\":{\"@id\":\"https:\\\/\\\/www.eldigitaldeasturias.com\\\/noticias\\\/oviedo-celebra-una-charla-coloquio-dedicada-a-tino-casal\\\/#webpage\"},\"isPartOf\":{\"@id\":\"https:\\\/\\\/www.eldigitaldeasturias.com\\\/noticias\\\/oviedo-celebra-una-charla-coloquio-dedicada-a-tino-casal\\\/#webpage\"},\"articleSection\":\"Revista de Ocio\"},{\"@type\":\"BreadcrumbList\",\"@id\":\"https:\\\/\\\/www.eldigitaldeasturias.com\\\/noticias\\\/oviedo-celebra-una-charla-coloquio-dedicada-a-tino-casal\\\/#breadcrumblist\",\"itemListElement\":[{\"@type\":\"ListItem\",\"@id\":\"https:\\\/\\\/www.eldigitaldeasturias.com\\\/noticias#listItem\",\"position\":1,\"name\":\"Home\",\"item\":\"https:\\\/\\\/www.eldigitaldeasturias.com\\\/noticias\",\"nextItem\":{\"@type\":\"ListItem\",\"@id\":\"https:\\\/\\\/www.eldigitaldeasturias.com\\\/noticias\\\/category\\\/revista-de-ocio\\\/#listItem\",\"name\":\"Revista de Ocio\"}},{\"@type\":\"ListItem\",\"@id\":\"https:\\\/\\\/www.eldigitaldeasturias.com\\\/noticias\\\/category\\\/revista-de-ocio\\\/#listItem\",\"position\":2,\"name\":\"Revista de Ocio\",\"item\":\"https:\\\/\\\/www.eldigitaldeasturias.com\\\/noticias\\\/category\\\/revista-de-ocio\\\/\",\"nextItem\":{\"@type\":\"ListItem\",\"@id\":\"https:\\\/\\\/www.eldigitaldeasturias.com\\\/noticias\\\/oviedo-celebra-una-charla-coloquio-dedicada-a-tino-casal\\\/#listItem\",\"name\":\"Oviedo celebra una charla-coloquio dedicada a Tino Casal\"},\"previousItem\":{\"@type\":\"ListItem\",\"@id\":\"https:\\\/\\\/www.eldigitaldeasturias.com\\\/noticias#listItem\",\"name\":\"Home\"}},{\"@type\":\"ListItem\",\"@id\":\"https:\\\/\\\/www.eldigitaldeasturias.com\\\/noticias\\\/oviedo-celebra-una-charla-coloquio-dedicada-a-tino-casal\\\/#listItem\",\"position\":3,\"name\":\"Oviedo celebra una charla-coloquio dedicada a Tino Casal\",\"previousItem\":{\"@type\":\"ListItem\",\"@id\":\"https:\\\/\\\/www.eldigitaldeasturias.com\\\/noticias\\\/category\\\/revista-de-ocio\\\/#listItem\",\"name\":\"Revista de Ocio\"}}]},{\"@type\":\"Organization\",\"@id\":\"https:\\\/\\\/www.eldigitaldeasturias.com\\\/noticias\\\/#organization\",\"name\":\"El Digital de Asturias\",\"description\":\"Hemeroteca\",\"url\":\"https:\\\/\\\/www.eldigitaldeasturias.com\\\/noticias\\\/\",\"email\":\"info@eldigitaldeasturias.com\",\"telephone\":\"+34652131393\",\"logo\":{\"@type\":\"ImageObject\",\"url\":\"https:\\\/\\\/www.eldigitaldeasturias.com\\\/noticias\\\/wp-content\\\/uploads\\\/2020\\\/12\\\/EDA.jpg\",\"@id\":\"https:\\\/\\\/www.eldigitaldeasturias.com\\\/noticias\\\/oviedo-celebra-una-charla-coloquio-dedicada-a-tino-casal\\\/#organizationLogo\",\"width\":649,\"height\":297},\"image\":{\"@id\":\"https:\\\/\\\/www.eldigitaldeasturias.com\\\/noticias\\\/oviedo-celebra-una-charla-coloquio-dedicada-a-tino-casal\\\/#organizationLogo\"},\"sameAs\":[\"https:\\\/\\\/facebook.com\\\/eldigitaldeasturias\",\"https:\\\/\\\/www.youtube.com\\\/channel\\\/UCZP-2wLEB9Rv6erhFmqVnvg\"],\"address\":{\"@id\":\"https:\\\/\\\/www.eldigitaldeasturias.com\\\/noticias\\\/#postaladdress\",\"@type\":\"PostalAddress\",\"streetAddress\":\"san antonio 4,\",\"postalCode\":\"33430\",\"addressLocality\":\"Cand\\u00e1s\",\"addressRegion\":\"Asturias\",\"addressCountry\":\"ES\"}},{\"@type\":\"Person\",\"@id\":\"https:\\\/\\\/www.eldigitaldeasturias.com\\\/noticias\\\/author\\\/admin\\\/#author\",\"url\":\"https:\\\/\\\/www.eldigitaldeasturias.com\\\/noticias\\\/author\\\/admin\\\/\",\"name\":\"El Digital de Asturias\",\"image\":{\"@type\":\"ImageObject\",\"@id\":\"https:\\\/\\\/www.eldigitaldeasturias.com\\\/noticias\\\/oviedo-celebra-una-charla-coloquio-dedicada-a-tino-casal\\\/#authorImage\",\"url\":\"https:\\\/\\\/www.eldigitaldeasturias.com\\\/noticias\\\/wp-content\\\/litespeed\\\/avatar\\\/18677e78aa0546b92d9dbf31ec7d7668.jpg?ver=1777290358\",\"width\":96,\"height\":96,\"caption\":\"El Digital de Asturias\"}},{\"@type\":\"WebPage\",\"@id\":\"https:\\\/\\\/www.eldigitaldeasturias.com\\\/noticias\\\/oviedo-celebra-una-charla-coloquio-dedicada-a-tino-casal\\\/#webpage\",\"url\":\"https:\\\/\\\/www.eldigitaldeasturias.com\\\/noticias\\\/oviedo-celebra-una-charla-coloquio-dedicada-a-tino-casal\\\/\",\"name\":\"Oviedo celebra una charla-coloquio dedicada a Tino Casal - El Digital de Asturias\",\"description\":\"El edificio hist\\u00f3rico de la Universidad de Oviedo ha acogido este martes una charla-coloquio sobre el artista de Tudela Vegu\\u00edn, en la que han participado, entre otros, Loquillo, \\u00c1lvaro Urquijo (Los Secretos), Igor Paskual y familiares del artista. El alcalde, Wenceslao L\\u00f3pez, y el concejal de Cultura y Festejos, Roberto S\\u00e1nchez Ramos han asistido al\",\"inLanguage\":\"es-ES\",\"isPartOf\":{\"@id\":\"https:\\\/\\\/www.eldigitaldeasturias.com\\\/noticias\\\/#website\"},\"breadcrumb\":{\"@id\":\"https:\\\/\\\/www.eldigitaldeasturias.com\\\/noticias\\\/oviedo-celebra-una-charla-coloquio-dedicada-a-tino-casal\\\/#breadcrumblist\"},\"author\":{\"@id\":\"https:\\\/\\\/www.eldigitaldeasturias.com\\\/noticias\\\/author\\\/admin\\\/#author\"},\"creator\":{\"@id\":\"https:\\\/\\\/www.eldigitaldeasturias.com\\\/noticias\\\/author\\\/admin\\\/#author\"},\"image\":{\"@type\":\"ImageObject\",\"url\":\"https:\\\/\\\/www.eldigitaldeasturias.com\\\/noticias\\\/wp-content\\\/uploads\\\/2016\\\/09\\\/fotonoticia_20160920152205_800.jpg\",\"@id\":\"https:\\\/\\\/www.eldigitaldeasturias.com\\\/noticias\\\/oviedo-celebra-una-charla-coloquio-dedicada-a-tino-casal\\\/#mainImage\",\"width\":800,\"height\":484},\"primaryImageOfPage\":{\"@id\":\"https:\\\/\\\/www.eldigitaldeasturias.com\\\/noticias\\\/oviedo-celebra-una-charla-coloquio-dedicada-a-tino-casal\\\/#mainImage\"},\"datePublished\":\"2016-09-21T00:21:09+02:00\",\"dateModified\":\"2016-09-21T00:21:09+02:00\"},{\"@type\":\"WebSite\",\"@id\":\"https:\\\/\\\/www.eldigitaldeasturias.com\\\/noticias\\\/#website\",\"url\":\"https:\\\/\\\/www.eldigitaldeasturias.com\\\/noticias\\\/\",\"name\":\"El Digital de Asturias - Diario de actualidad y noticias\",\"alternateName\":\"El Digital de Asturias - Diario de actualidad y noticias\",\"description\":\"Hemeroteca\",\"inLanguage\":\"es-ES\",\"publisher\":{\"@id\":\"https:\\\/\\\/www.eldigitaldeasturias.com\\\/noticias\\\/#organization\"}}]}\n\t\t<\/script>\n\t\t<!-- All in One SEO Pro -->\r\n\t\t<title>Oviedo celebra una charla-coloquio dedicada a Tino Casal - El Digital de Asturias<\/title>\n\n","aioseo_head_json":{"title":"Oviedo celebra una charla-coloquio dedicada a Tino Casal - El Digital de Asturias","description":"El edificio hist\u00f3rico de la Universidad de Oviedo ha acogido este martes una charla-coloquio sobre el artista de Tudela Vegu\u00edn, en la que han participado, entre otros, Loquillo, \u00c1lvaro Urquijo (Los Secretos), Igor Paskual y familiares del artista. El alcalde, Wenceslao L\u00f3pez, y el concejal de Cultura y Festejos, Roberto S\u00e1nchez Ramos han asistido al","canonical_url":"https:\/\/www.eldigitaldeasturias.com\/noticias\/oviedo-celebra-una-charla-coloquio-dedicada-a-tino-casal\/","robots":"max-image-preview:large","keywords":"revista de ocio","webmasterTools":{"google-site-verification":"UA-38556648-1","msvalidate.01":"7dfe9f3f1b24437ab69f4f2559babe99","miscellaneous":""},"schema":{"@context":"https:\/\/schema.org","@graph":[{"@type":"BlogPosting","@id":"https:\/\/www.eldigitaldeasturias.com\/noticias\/oviedo-celebra-una-charla-coloquio-dedicada-a-tino-casal\/#blogposting","name":"Oviedo celebra una charla-coloquio dedicada a Tino Casal - El Digital de Asturias","headline":"Oviedo celebra una charla-coloquio dedicada a Tino Casal","author":{"@id":"https:\/\/www.eldigitaldeasturias.com\/noticias\/author\/admin\/#author"},"publisher":{"@id":"https:\/\/www.eldigitaldeasturias.com\/noticias\/#organization"},"image":{"@type":"ImageObject","url":"https:\/\/www.eldigitaldeasturias.com\/noticias\/wp-content\/uploads\/2016\/09\/fotonoticia_20160920152205_800.jpg","width":800,"height":484},"datePublished":"2016-09-21T00:21:09+02:00","dateModified":"2016-09-21T00:21:09+02:00","inLanguage":"es-ES","mainEntityOfPage":{"@id":"https:\/\/www.eldigitaldeasturias.com\/noticias\/oviedo-celebra-una-charla-coloquio-dedicada-a-tino-casal\/#webpage"},"isPartOf":{"@id":"https:\/\/www.eldigitaldeasturias.com\/noticias\/oviedo-celebra-una-charla-coloquio-dedicada-a-tino-casal\/#webpage"},"articleSection":"Revista de Ocio"},{"@type":"BreadcrumbList","@id":"https:\/\/www.eldigitaldeasturias.com\/noticias\/oviedo-celebra-una-charla-coloquio-dedicada-a-tino-casal\/#breadcrumblist","itemListElement":[{"@type":"ListItem","@id":"https:\/\/www.eldigitaldeasturias.com\/noticias#listItem","position":1,"name":"Home","item":"https:\/\/www.eldigitaldeasturias.com\/noticias","nextItem":{"@type":"ListItem","@id":"https:\/\/www.eldigitaldeasturias.com\/noticias\/category\/revista-de-ocio\/#listItem","name":"Revista de Ocio"}},{"@type":"ListItem","@id":"https:\/\/www.eldigitaldeasturias.com\/noticias\/category\/revista-de-ocio\/#listItem","position":2,"name":"Revista de Ocio","item":"https:\/\/www.eldigitaldeasturias.com\/noticias\/category\/revista-de-ocio\/","nextItem":{"@type":"ListItem","@id":"https:\/\/www.eldigitaldeasturias.com\/noticias\/oviedo-celebra-una-charla-coloquio-dedicada-a-tino-casal\/#listItem","name":"Oviedo celebra una charla-coloquio dedicada a Tino Casal"},"previousItem":{"@type":"ListItem","@id":"https:\/\/www.eldigitaldeasturias.com\/noticias#listItem","name":"Home"}},{"@type":"ListItem","@id":"https:\/\/www.eldigitaldeasturias.com\/noticias\/oviedo-celebra-una-charla-coloquio-dedicada-a-tino-casal\/#listItem","position":3,"name":"Oviedo celebra una charla-coloquio dedicada a Tino Casal","previousItem":{"@type":"ListItem","@id":"https:\/\/www.eldigitaldeasturias.com\/noticias\/category\/revista-de-ocio\/#listItem","name":"Revista de Ocio"}}]},{"@type":"Organization","@id":"https:\/\/www.eldigitaldeasturias.com\/noticias\/#organization","name":"El Digital de Asturias","description":"Hemeroteca","url":"https:\/\/www.eldigitaldeasturias.com\/noticias\/","email":"info@eldigitaldeasturias.com","telephone":"+34652131393","logo":{"@type":"ImageObject","url":"https:\/\/www.eldigitaldeasturias.com\/noticias\/wp-content\/uploads\/2020\/12\/EDA.jpg","@id":"https:\/\/www.eldigitaldeasturias.com\/noticias\/oviedo-celebra-una-charla-coloquio-dedicada-a-tino-casal\/#organizationLogo","width":649,"height":297},"image":{"@id":"https:\/\/www.eldigitaldeasturias.com\/noticias\/oviedo-celebra-una-charla-coloquio-dedicada-a-tino-casal\/#organizationLogo"},"sameAs":["https:\/\/facebook.com\/eldigitaldeasturias","https:\/\/www.youtube.com\/channel\/UCZP-2wLEB9Rv6erhFmqVnvg"],"address":{"@id":"https:\/\/www.eldigitaldeasturias.com\/noticias\/#postaladdress","@type":"PostalAddress","streetAddress":"san antonio 4,","postalCode":"33430","addressLocality":"Cand\u00e1s","addressRegion":"Asturias","addressCountry":"ES"}},{"@type":"Person","@id":"https:\/\/www.eldigitaldeasturias.com\/noticias\/author\/admin\/#author","url":"https:\/\/www.eldigitaldeasturias.com\/noticias\/author\/admin\/","name":"El Digital de Asturias","image":{"@type":"ImageObject","@id":"https:\/\/www.eldigitaldeasturias.com\/noticias\/oviedo-celebra-una-charla-coloquio-dedicada-a-tino-casal\/#authorImage","url":"https:\/\/www.eldigitaldeasturias.com\/noticias\/wp-content\/litespeed\/avatar\/18677e78aa0546b92d9dbf31ec7d7668.jpg?ver=1777290358","width":96,"height":96,"caption":"El Digital de Asturias"}},{"@type":"WebPage","@id":"https:\/\/www.eldigitaldeasturias.com\/noticias\/oviedo-celebra-una-charla-coloquio-dedicada-a-tino-casal\/#webpage","url":"https:\/\/www.eldigitaldeasturias.com\/noticias\/oviedo-celebra-una-charla-coloquio-dedicada-a-tino-casal\/","name":"Oviedo celebra una charla-coloquio dedicada a Tino Casal - El Digital de Asturias","description":"El edificio hist\u00f3rico de la Universidad de Oviedo ha acogido este martes una charla-coloquio sobre el artista de Tudela Vegu\u00edn, en la que han participado, entre otros, Loquillo, \u00c1lvaro Urquijo (Los Secretos), Igor Paskual y familiares del artista. El alcalde, Wenceslao L\u00f3pez, y el concejal de Cultura y Festejos, Roberto S\u00e1nchez Ramos han asistido al","inLanguage":"es-ES","isPartOf":{"@id":"https:\/\/www.eldigitaldeasturias.com\/noticias\/#website"},"breadcrumb":{"@id":"https:\/\/www.eldigitaldeasturias.com\/noticias\/oviedo-celebra-una-charla-coloquio-dedicada-a-tino-casal\/#breadcrumblist"},"author":{"@id":"https:\/\/www.eldigitaldeasturias.com\/noticias\/author\/admin\/#author"},"creator":{"@id":"https:\/\/www.eldigitaldeasturias.com\/noticias\/author\/admin\/#author"},"image":{"@type":"ImageObject","url":"https:\/\/www.eldigitaldeasturias.com\/noticias\/wp-content\/uploads\/2016\/09\/fotonoticia_20160920152205_800.jpg","@id":"https:\/\/www.eldigitaldeasturias.com\/noticias\/oviedo-celebra-una-charla-coloquio-dedicada-a-tino-casal\/#mainImage","width":800,"height":484},"primaryImageOfPage":{"@id":"https:\/\/www.eldigitaldeasturias.com\/noticias\/oviedo-celebra-una-charla-coloquio-dedicada-a-tino-casal\/#mainImage"},"datePublished":"2016-09-21T00:21:09+02:00","dateModified":"2016-09-21T00:21:09+02:00"},{"@type":"WebSite","@id":"https:\/\/www.eldigitaldeasturias.com\/noticias\/#website","url":"https:\/\/www.eldigitaldeasturias.com\/noticias\/","name":"El Digital de Asturias - Diario de actualidad y noticias","alternateName":"El Digital de Asturias - Diario de actualidad y noticias","description":"Hemeroteca","inLanguage":"es-ES","publisher":{"@id":"https:\/\/www.eldigitaldeasturias.com\/noticias\/#organization"}}]},"og:locale":"es_ES","og:site_name":"El Digital de Asturias","og:type":"article","og:title":"Oviedo celebra una charla-coloquio dedicada a Tino Casal - El Digital de Asturias","og:description":"El edificio hist\u00f3rico de la Universidad de Oviedo ha acogido este martes una charla-coloquio sobre el artista de Tudela Vegu\u00edn, en la que han participado, entre otros, Loquillo, \u00c1lvaro Urquijo (Los Secretos), Igor Paskual y familiares del artista. El alcalde, Wenceslao L\u00f3pez, y el concejal de Cultura y Festejos, Roberto S\u00e1nchez Ramos han asistido al","og:url":"https:\/\/www.eldigitaldeasturias.com\/noticias\/oviedo-celebra-una-charla-coloquio-dedicada-a-tino-casal\/","og:image":"https:\/\/www.eldigitaldeasturias.com\/noticias\/wp-content\/uploads\/2016\/09\/fotonoticia_20160920152205_800.jpg","og:image:secure_url":"https:\/\/www.eldigitaldeasturias.com\/noticias\/wp-content\/uploads\/2016\/09\/fotonoticia_20160920152205_800.jpg","og:image:width":800,"og:image:height":484,"article:tag":["revista de ocio"],"article:published_time":"2016-09-20T23:21:09+00:00","article:modified_time":"2016-09-20T23:21:09+00:00","article:publisher":"https:\/\/facebook.com\/eldigitaldeasturias","twitter:card":"summary_large_image","twitter:title":"Oviedo celebra una charla-coloquio dedicada a Tino Casal - El Digital de Asturias","twitter:description":"El edificio hist\u00f3rico de la Universidad de Oviedo ha acogido este martes una charla-coloquio sobre el artista de Tudela Vegu\u00edn, en la que han participado, entre otros, Loquillo, \u00c1lvaro Urquijo (Los Secretos), Igor Paskual y familiares del artista. El alcalde, Wenceslao L\u00f3pez, y el concejal de Cultura y Festejos, Roberto S\u00e1nchez Ramos han asistido al","twitter:image":"https:\/\/www.eldigitaldeasturias.com\/noticias\/wp-content\/uploads\/2016\/09\/fotonoticia_20160920152205_800.jpg","twitter:label1":"Escrito por","twitter:data1":"El Digital de Asturias","twitter:label2":"Tiempo de lectura estimado","twitter:data2":"2 minutos"},"aioseo_meta_data":{"post_id":"908744","title":null,"description":null,"keywords":null,"keyphrases":null,"primary_term":null,"canonical_url":null,"og_title":null,"og_description":null,"og_object_type":"default","og_image_type":"default","og_image_url":null,"og_image_width":null,"og_image_height":null,"og_image_custom_url":null,"og_image_custom_fields":null,"og_video":null,"og_custom_url":null,"og_article_section":null,"og_article_tags":null,"twitter_use_og":false,"twitter_card":"default","twitter_image_type":"default","twitter_image_url":null,"twitter_image_custom_url":null,"twitter_image_custom_fields":null,"twitter_title":null,"twitter_description":null,"schema":{"blockGraphs":[],"customGraphs":[],"default":{"data":{"Article":[],"Course":[],"Dataset":[],"FAQPage":[],"Movie":[],"Person":[],"Product":[],"ProductReview":[],"Car":[],"Recipe":[],"Service":[],"SoftwareApplication":[],"WebPage":[]},"graphName":"","isEnabled":true},"graphs":[],"defaultGraph":"","defaultPostTypeGraph":""},"schema_type":null,"schema_type_options":null,"pillar_content":false,"robots_default":true,"robots_noindex":false,"robots_noarchive":false,"robots_nosnippet":false,"robots_nofollow":false,"robots_noimageindex":false,"robots_noodp":false,"robots_notranslate":false,"robots_max_snippet":null,"robots_max_videopreview":null,"robots_max_imagepreview":"large","priority":null,"frequency":null,"local_seo":null,"seo_analyzer_scan_date":"2025-11-30 17:19:17","breadcrumb_settings":null,"limit_modified_date":false,"open_ai":null,"ai":null,"created":"2020-12-21 13:59:51","updated":"2025-11-30 17:19:17"},"aioseo_breadcrumb":"<div class=\"aioseo-breadcrumbs\"><span class=\"aioseo-breadcrumb\">\n\t<a href=\"https:\/\/www.eldigitaldeasturias.com\/noticias\" title=\"Home\">Home<\/a>\n<\/span><span class=\"aioseo-breadcrumb-separator\">\u2013<\/span><span class=\"aioseo-breadcrumb\">\n\t<a href=\"https:\/\/www.eldigitaldeasturias.com\/noticias\/category\/revista-de-ocio\/\" title=\"Revista de Ocio\">Revista de Ocio<\/a>\n<\/span><span class=\"aioseo-breadcrumb-separator\">\u2013<\/span><span class=\"aioseo-breadcrumb\">\n\t<a href=\"https:\/\/www.eldigitaldeasturias.com\/noticias\/oviedo-celebra-una-charla-coloquio-dedicada-a-tino-casal\/\" title=\"Oviedo celebra una charla-coloquio dedicada a Tino Casal\">Oviedo celebra una charla-coloquio dedicada a Tino Casal<\/a>\n<\/span><\/div>","aioseo_breadcrumb_json":[{"label":"Home","link":"https:\/\/www.eldigitaldeasturias.com\/noticias"},{"label":"Revista de Ocio","link":"https:\/\/www.eldigitaldeasturias.com\/noticias\/category\/revista-de-ocio\/"},{"label":"Oviedo celebra una charla-coloquio dedicada a Tino Casal","link":"https:\/\/www.eldigitaldeasturias.com\/noticias\/oviedo-celebra-una-charla-coloquio-dedicada-a-tino-casal\/"}],"_links":{"self":[{"href":"https:\/\/www.eldigitaldeasturias.com\/noticias\/wp-json\/wp\/v2\/posts\/908744","targetHints":{"allow":["GET"]}}],"collection":[{"href":"https:\/\/www.eldigitaldeasturias.com\/noticias\/wp-json\/wp\/v2\/posts"}],"about":[{"href":"https:\/\/www.eldigitaldeasturias.com\/noticias\/wp-json\/wp\/v2\/types\/post"}],"author":[{"embeddable":true,"href":"https:\/\/www.eldigitaldeasturias.com\/noticias\/wp-json\/wp\/v2\/users\/1"}],"replies":[{"embeddable":true,"href":"https:\/\/www.eldigitaldeasturias.com\/noticias\/wp-json\/wp\/v2\/comments?post=908744"}],"version-history":[{"count":0,"href":"https:\/\/www.eldigitaldeasturias.com\/noticias\/wp-json\/wp\/v2\/posts\/908744\/revisions"}],"wp:featuredmedia":[{"embeddable":true,"href":"https:\/\/www.eldigitaldeasturias.com\/noticias\/wp-json\/wp\/v2\/media\/908745"}],"wp:attachment":[{"href":"https:\/\/www.eldigitaldeasturias.com\/noticias\/wp-json\/wp\/v2\/media?parent=908744"}],"wp:term":[{"taxonomy":"category","embeddable":true,"href":"https:\/\/www.eldigitaldeasturias.com\/noticias\/wp-json\/wp\/v2\/categories?post=908744"},{"taxonomy":"post_tag","embeddable":true,"href":"https:\/\/www.eldigitaldeasturias.com\/noticias\/wp-json\/wp\/v2\/tags?post=908744"}],"curies":[{"name":"wp","href":"https:\/\/api.w.org\/{rel}","templated":true}]}}