{"id":908741,"date":"2016-09-21T00:16:16","date_gmt":"2016-09-20T23:16:16","guid":{"rendered":"http:\/\/www.eldigitaldeasturias.com\/noticias\/?p=908741"},"modified":"2016-09-21T00:16:16","modified_gmt":"2016-09-20T23:16:16","slug":"educacion-dara-este-jueves-una-respuesta-a-la-madre-del-alumno-con-dislexia-sin-escolarizar","status":"publish","type":"post","link":"https:\/\/www.eldigitaldeasturias.com\/noticias\/educacion-dara-este-jueves-una-respuesta-a-la-madre-del-alumno-con-dislexia-sin-escolarizar\/","title":{"rendered":"Educaci\u00f3n dar\u00e1 este jueves una respuesta a la madre del alumno con dislexia sin escolarizar"},"content":{"rendered":"<p><img loading=\"lazy\" decoding=\"async\" class=\"alignleft size-medium wp-image-908742\" src=\"https:\/\/www.eldigitaldeasturias.com\/noticias\/wp-content\/uploads\/2016\/09\/fotonoticia_20160920151600_800-360x209.jpg\" alt=\"fotonoticia_20160920151600_800\" width=\"360\" height=\"209\" srcset=\"https:\/\/www.eldigitaldeasturias.com\/noticias\/wp-content\/uploads\/2016\/09\/fotonoticia_20160920151600_800-360x209.jpg 360w, https:\/\/www.eldigitaldeasturias.com\/noticias\/wp-content\/uploads\/2016\/09\/fotonoticia_20160920151600_800-768x446.jpg 768w, https:\/\/www.eldigitaldeasturias.com\/noticias\/wp-content\/uploads\/2016\/09\/fotonoticia_20160920151600_800-650x378.jpg 650w, https:\/\/www.eldigitaldeasturias.com\/noticias\/wp-content\/uploads\/2016\/09\/fotonoticia_20160920151600_800.jpg 800w\" sizes=\"auto, (max-width: 360px) 100vw, 360px\" \/>La Consejer\u00eda de Educaci\u00f3n dar\u00e1 este jueves una respuesta a Marta Mar\u00eda Garc\u00eda, que lleva dos semanas manifest\u00e1ndose ante la sede de esta cartera de Gobierno porque su hijo, con dislexia con disgraf\u00eda, a\u00fan no ha sido escolarizado. La madre solicit\u00f3 en abril una de las plazas de su centro correspondiente reservadas al alumnado con necesidades espec\u00edficas de apoyo educativo (NEAE), pero seg\u00fan ha explicado, el Principado solo las destina a estudiantes con necesidades especiales (trastornos de conducta y discapacidades), y no a disl\u00e9xicos.<\/p>\n<p>Tras dos semanas manifest\u00e1ndose ante la puerta de la Consejer\u00eda, Garc\u00eda ha optado por entrar en el edificio y exigir hablar con un representante del gabinete del consejero, Genaro Alonso. Tras hora y media de espera, seg\u00fan ha explicado en declaraciones a Europa Press, ha sido recibida y ha salido con la promesa de tener una respuesta el pr\u00f3ximo jueves.<\/p>\n<p>En caso de que sea afirmativa, su hijo se incorporar\u00eda a las clases el pr\u00f3ximo lunes. En caso de que sea negativa, Marta Mar\u00eda Garc\u00eda iniciar\u00e1 un proceso judicial en el que no solo exigir\u00e1 la concesi\u00f3n de la plaza en el centro, sino tambi\u00e9n indemnizaci\u00f3n por da\u00f1os y perjuicios, dado que las clases ya se iniciaron el pasado d\u00eda 15.<\/p>\n<p>Garc\u00eda ha insitido en que la ley le ampara. La Lomce, seg\u00fan ha explicado a Europa Press, establece la obligaci\u00f3n de realizar esa reserva de plazas de apoyo educativo para todos los alumnos NEAE, pero \u00abel Gobierno de Asturias en 2014 sac\u00f3 una resoluci\u00f3n diciendo que esas reservas ser\u00e1n para una parte de ese colectivo (los alumnos de necesidades especiales -trastornos de conducta y discapacidades-)\u00bb.<\/p>\n<p>La madre del alumno ha esgrimido una sentencia de 2015, a ra\u00edz de una denuncia de la Asociaci\u00f3n de Padres de Alumnos con Altas Capacidades (Apadac), en la que se reconoce, seg\u00fan Garc\u00eda, que el Gobierno asturiano no aplica la ley en este sentido.<\/p>\n<p>&nbsp;<\/p>\n<p>&nbsp;<\/p>\n","protected":false},"excerpt":{"rendered":"<p>La Consejer\u00eda de Educaci\u00f3n dar\u00e1 este jueves una respuesta a Marta Mar\u00eda Garc\u00eda, que lleva dos semanas manifest\u00e1ndose ante la sede de esta cartera de Gobierno porque su hijo, con dislexia con disgraf\u00eda, a\u00fan no ha sido escolarizado. La madre solicit\u00f3 en abril una de las plazas de su centro correspondiente reservadas al alumnado con [&hellip;]<\/p>\n","protected":false},"author":1,"featured_media":908742,"comment_status":"closed","ping_status":"closed","sticky":false,"template":"","format":"standard","meta":{"footnotes":""},"categories":[12],"tags":[],"class_list":["post-908741","post","type-post","status-publish","format-standard","has-post-thumbnail","hentry","category-actualidad-asturias"],"aioseo_notices":[],"aioseo_head":"\n\t\t<!-- All in One SEO Pro 4.9.6.2 - aioseo.com -->\n\t<meta name=\"description\" content=\"La Consejer\u00eda de Educaci\u00f3n dar\u00e1 este jueves una respuesta a Marta Mar\u00eda Garc\u00eda, que lleva dos semanas manifest\u00e1ndose ante la sede de esta cartera de Gobierno porque su hijo, con dislexia con disgraf\u00eda, a\u00fan no ha sido escolarizado. La madre solicit\u00f3 en abril una de las plazas de su centro correspondiente reservadas al alumnado con\" \/>\n\t<meta name=\"robots\" content=\"max-image-preview:large\" \/>\n\t<meta name=\"author\" content=\"El Digital de Asturias\"\/>\n\t<meta name=\"google-site-verification\" content=\"UA-38556648-1\" \/>\n\t<meta name=\"msvalidate.01\" content=\"7dfe9f3f1b24437ab69f4f2559babe99\" \/>\n\t<meta name=\"keywords\" content=\"actualidad asturias\" \/>\n\t<link rel=\"canonical\" href=\"https:\/\/www.eldigitaldeasturias.com\/noticias\/educacion-dara-este-jueves-una-respuesta-a-la-madre-del-alumno-con-dislexia-sin-escolarizar\/\" \/>\n\t<meta name=\"generator\" content=\"All in One SEO Pro (AIOSEO) 4.9.6.2\" \/>\n\t\t<meta property=\"og:locale\" content=\"es_ES\" \/>\n\t\t<meta property=\"og:site_name\" content=\"El Digital de Asturias\" \/>\n\t\t<meta property=\"og:type\" content=\"article\" \/>\n\t\t<meta property=\"og:title\" content=\"Educaci\u00f3n dar\u00e1 este jueves una respuesta a la madre del alumno con dislexia sin escolarizar - El Digital de Asturias\" \/>\n\t\t<meta property=\"og:description\" content=\"La Consejer\u00eda de Educaci\u00f3n dar\u00e1 este jueves una respuesta a Marta Mar\u00eda Garc\u00eda, que lleva dos semanas manifest\u00e1ndose ante la sede de esta cartera de Gobierno porque su hijo, con dislexia con disgraf\u00eda, a\u00fan no ha sido escolarizado. La madre solicit\u00f3 en abril una de las plazas de su centro correspondiente reservadas al alumnado con\" \/>\n\t\t<meta property=\"og:url\" content=\"https:\/\/www.eldigitaldeasturias.com\/noticias\/educacion-dara-este-jueves-una-respuesta-a-la-madre-del-alumno-con-dislexia-sin-escolarizar\/\" \/>\n\t\t<meta property=\"og:image\" content=\"https:\/\/www.eldigitaldeasturias.com\/noticias\/wp-content\/uploads\/2016\/09\/fotonoticia_20160920151600_800.jpg\" \/>\n\t\t<meta property=\"og:image:secure_url\" content=\"https:\/\/www.eldigitaldeasturias.com\/noticias\/wp-content\/uploads\/2016\/09\/fotonoticia_20160920151600_800.jpg\" \/>\n\t\t<meta property=\"og:image:width\" content=\"800\" \/>\n\t\t<meta property=\"og:image:height\" content=\"465\" \/>\n\t\t<meta property=\"article:tag\" content=\"actualidad asturias\" \/>\n\t\t<meta property=\"article:published_time\" content=\"2016-09-20T23:16:16+00:00\" \/>\n\t\t<meta property=\"article:modified_time\" content=\"2016-09-20T23:16:16+00:00\" \/>\n\t\t<meta property=\"article:publisher\" content=\"https:\/\/facebook.com\/eldigitaldeasturias\" \/>\n\t\t<meta name=\"twitter:card\" content=\"summary_large_image\" \/>\n\t\t<meta name=\"twitter:title\" content=\"Educaci\u00f3n dar\u00e1 este jueves una respuesta a la madre del alumno con dislexia sin escolarizar - El Digital de Asturias\" \/>\n\t\t<meta name=\"twitter:description\" content=\"La Consejer\u00eda de Educaci\u00f3n dar\u00e1 este jueves una respuesta a Marta Mar\u00eda Garc\u00eda, que lleva dos semanas manifest\u00e1ndose ante la sede de esta cartera de Gobierno porque su hijo, con dislexia con disgraf\u00eda, a\u00fan no ha sido escolarizado. La madre solicit\u00f3 en abril una de las plazas de su centro correspondiente reservadas al alumnado con\" \/>\n\t\t<meta name=\"twitter:image\" content=\"https:\/\/www.eldigitaldeasturias.com\/noticias\/wp-content\/uploads\/2016\/09\/fotonoticia_20160920151600_800.jpg\" \/>\n\t\t<meta name=\"twitter:label1\" content=\"Escrito por\" \/>\n\t\t<meta name=\"twitter:data1\" content=\"El Digital de Asturias\" \/>\n\t\t<meta name=\"twitter:label2\" content=\"Tiempo de lectura estimado\" \/>\n\t\t<meta name=\"twitter:data2\" content=\"2 minutos\" \/>\n\t\t<script type=\"application\/ld+json\" class=\"aioseo-schema\">\n\t\t\t{\"@context\":\"https:\\\/\\\/schema.org\",\"@graph\":[{\"@type\":\"BlogPosting\",\"@id\":\"https:\\\/\\\/www.eldigitaldeasturias.com\\\/noticias\\\/educacion-dara-este-jueves-una-respuesta-a-la-madre-del-alumno-con-dislexia-sin-escolarizar\\\/#blogposting\",\"name\":\"Educaci\\u00f3n dar\\u00e1 este jueves una respuesta a la madre del alumno con dislexia sin escolarizar - El Digital de Asturias\",\"headline\":\"Educaci\\u00f3n dar\\u00e1 este jueves una respuesta a la madre del alumno con dislexia sin escolarizar\",\"author\":{\"@id\":\"https:\\\/\\\/www.eldigitaldeasturias.com\\\/noticias\\\/author\\\/admin\\\/#author\"},\"publisher\":{\"@id\":\"https:\\\/\\\/www.eldigitaldeasturias.com\\\/noticias\\\/#organization\"},\"image\":{\"@type\":\"ImageObject\",\"url\":\"https:\\\/\\\/www.eldigitaldeasturias.com\\\/noticias\\\/wp-content\\\/uploads\\\/2016\\\/09\\\/fotonoticia_20160920151600_800.jpg\",\"width\":800,\"height\":465},\"datePublished\":\"2016-09-21T00:16:16+02:00\",\"dateModified\":\"2016-09-21T00:16:16+02:00\",\"inLanguage\":\"es-ES\",\"mainEntityOfPage\":{\"@id\":\"https:\\\/\\\/www.eldigitaldeasturias.com\\\/noticias\\\/educacion-dara-este-jueves-una-respuesta-a-la-madre-del-alumno-con-dislexia-sin-escolarizar\\\/#webpage\"},\"isPartOf\":{\"@id\":\"https:\\\/\\\/www.eldigitaldeasturias.com\\\/noticias\\\/educacion-dara-este-jueves-una-respuesta-a-la-madre-del-alumno-con-dislexia-sin-escolarizar\\\/#webpage\"},\"articleSection\":\"Actualidad Asturias\"},{\"@type\":\"BreadcrumbList\",\"@id\":\"https:\\\/\\\/www.eldigitaldeasturias.com\\\/noticias\\\/educacion-dara-este-jueves-una-respuesta-a-la-madre-del-alumno-con-dislexia-sin-escolarizar\\\/#breadcrumblist\",\"itemListElement\":[{\"@type\":\"ListItem\",\"@id\":\"https:\\\/\\\/www.eldigitaldeasturias.com\\\/noticias#listItem\",\"position\":1,\"name\":\"Home\",\"item\":\"https:\\\/\\\/www.eldigitaldeasturias.com\\\/noticias\",\"nextItem\":{\"@type\":\"ListItem\",\"@id\":\"https:\\\/\\\/www.eldigitaldeasturias.com\\\/noticias\\\/category\\\/actualidad-asturias\\\/#listItem\",\"name\":\"Actualidad Asturias\"}},{\"@type\":\"ListItem\",\"@id\":\"https:\\\/\\\/www.eldigitaldeasturias.com\\\/noticias\\\/category\\\/actualidad-asturias\\\/#listItem\",\"position\":2,\"name\":\"Actualidad Asturias\",\"item\":\"https:\\\/\\\/www.eldigitaldeasturias.com\\\/noticias\\\/category\\\/actualidad-asturias\\\/\",\"nextItem\":{\"@type\":\"ListItem\",\"@id\":\"https:\\\/\\\/www.eldigitaldeasturias.com\\\/noticias\\\/educacion-dara-este-jueves-una-respuesta-a-la-madre-del-alumno-con-dislexia-sin-escolarizar\\\/#listItem\",\"name\":\"Educaci\\u00f3n dar\\u00e1 este jueves una respuesta a la madre del alumno con dislexia sin escolarizar\"},\"previousItem\":{\"@type\":\"ListItem\",\"@id\":\"https:\\\/\\\/www.eldigitaldeasturias.com\\\/noticias#listItem\",\"name\":\"Home\"}},{\"@type\":\"ListItem\",\"@id\":\"https:\\\/\\\/www.eldigitaldeasturias.com\\\/noticias\\\/educacion-dara-este-jueves-una-respuesta-a-la-madre-del-alumno-con-dislexia-sin-escolarizar\\\/#listItem\",\"position\":3,\"name\":\"Educaci\\u00f3n dar\\u00e1 este jueves una respuesta a la madre del alumno con dislexia sin escolarizar\",\"previousItem\":{\"@type\":\"ListItem\",\"@id\":\"https:\\\/\\\/www.eldigitaldeasturias.com\\\/noticias\\\/category\\\/actualidad-asturias\\\/#listItem\",\"name\":\"Actualidad Asturias\"}}]},{\"@type\":\"Organization\",\"@id\":\"https:\\\/\\\/www.eldigitaldeasturias.com\\\/noticias\\\/#organization\",\"name\":\"El Digital de Asturias\",\"description\":\"Hemeroteca\",\"url\":\"https:\\\/\\\/www.eldigitaldeasturias.com\\\/noticias\\\/\",\"email\":\"info@eldigitaldeasturias.com\",\"telephone\":\"+34652131393\",\"logo\":{\"@type\":\"ImageObject\",\"url\":\"https:\\\/\\\/www.eldigitaldeasturias.com\\\/noticias\\\/wp-content\\\/uploads\\\/2020\\\/12\\\/EDA.jpg\",\"@id\":\"https:\\\/\\\/www.eldigitaldeasturias.com\\\/noticias\\\/educacion-dara-este-jueves-una-respuesta-a-la-madre-del-alumno-con-dislexia-sin-escolarizar\\\/#organizationLogo\",\"width\":649,\"height\":297},\"image\":{\"@id\":\"https:\\\/\\\/www.eldigitaldeasturias.com\\\/noticias\\\/educacion-dara-este-jueves-una-respuesta-a-la-madre-del-alumno-con-dislexia-sin-escolarizar\\\/#organizationLogo\"},\"sameAs\":[\"https:\\\/\\\/facebook.com\\\/eldigitaldeasturias\",\"https:\\\/\\\/www.youtube.com\\\/channel\\\/UCZP-2wLEB9Rv6erhFmqVnvg\"],\"address\":{\"@id\":\"https:\\\/\\\/www.eldigitaldeasturias.com\\\/noticias\\\/#postaladdress\",\"@type\":\"PostalAddress\",\"streetAddress\":\"san antonio 4,\",\"postalCode\":\"33430\",\"addressLocality\":\"Cand\\u00e1s\",\"addressRegion\":\"Asturias\",\"addressCountry\":\"ES\"}},{\"@type\":\"Person\",\"@id\":\"https:\\\/\\\/www.eldigitaldeasturias.com\\\/noticias\\\/author\\\/admin\\\/#author\",\"url\":\"https:\\\/\\\/www.eldigitaldeasturias.com\\\/noticias\\\/author\\\/admin\\\/\",\"name\":\"El Digital de Asturias\",\"image\":{\"@type\":\"ImageObject\",\"@id\":\"https:\\\/\\\/www.eldigitaldeasturias.com\\\/noticias\\\/educacion-dara-este-jueves-una-respuesta-a-la-madre-del-alumno-con-dislexia-sin-escolarizar\\\/#authorImage\",\"url\":\"https:\\\/\\\/www.eldigitaldeasturias.com\\\/noticias\\\/wp-content\\\/litespeed\\\/avatar\\\/18677e78aa0546b92d9dbf31ec7d7668.jpg?ver=1777290358\",\"width\":96,\"height\":96,\"caption\":\"El Digital de Asturias\"}},{\"@type\":\"WebPage\",\"@id\":\"https:\\\/\\\/www.eldigitaldeasturias.com\\\/noticias\\\/educacion-dara-este-jueves-una-respuesta-a-la-madre-del-alumno-con-dislexia-sin-escolarizar\\\/#webpage\",\"url\":\"https:\\\/\\\/www.eldigitaldeasturias.com\\\/noticias\\\/educacion-dara-este-jueves-una-respuesta-a-la-madre-del-alumno-con-dislexia-sin-escolarizar\\\/\",\"name\":\"Educaci\\u00f3n dar\\u00e1 este jueves una respuesta a la madre del alumno con dislexia sin escolarizar - El Digital de Asturias\",\"description\":\"La Consejer\\u00eda de Educaci\\u00f3n dar\\u00e1 este jueves una respuesta a Marta Mar\\u00eda Garc\\u00eda, que lleva dos semanas manifest\\u00e1ndose ante la sede de esta cartera de Gobierno porque su hijo, con dislexia con disgraf\\u00eda, a\\u00fan no ha sido escolarizado. La madre solicit\\u00f3 en abril una de las plazas de su centro correspondiente reservadas al alumnado con\",\"inLanguage\":\"es-ES\",\"isPartOf\":{\"@id\":\"https:\\\/\\\/www.eldigitaldeasturias.com\\\/noticias\\\/#website\"},\"breadcrumb\":{\"@id\":\"https:\\\/\\\/www.eldigitaldeasturias.com\\\/noticias\\\/educacion-dara-este-jueves-una-respuesta-a-la-madre-del-alumno-con-dislexia-sin-escolarizar\\\/#breadcrumblist\"},\"author\":{\"@id\":\"https:\\\/\\\/www.eldigitaldeasturias.com\\\/noticias\\\/author\\\/admin\\\/#author\"},\"creator\":{\"@id\":\"https:\\\/\\\/www.eldigitaldeasturias.com\\\/noticias\\\/author\\\/admin\\\/#author\"},\"image\":{\"@type\":\"ImageObject\",\"url\":\"https:\\\/\\\/www.eldigitaldeasturias.com\\\/noticias\\\/wp-content\\\/uploads\\\/2016\\\/09\\\/fotonoticia_20160920151600_800.jpg\",\"@id\":\"https:\\\/\\\/www.eldigitaldeasturias.com\\\/noticias\\\/educacion-dara-este-jueves-una-respuesta-a-la-madre-del-alumno-con-dislexia-sin-escolarizar\\\/#mainImage\",\"width\":800,\"height\":465},\"primaryImageOfPage\":{\"@id\":\"https:\\\/\\\/www.eldigitaldeasturias.com\\\/noticias\\\/educacion-dara-este-jueves-una-respuesta-a-la-madre-del-alumno-con-dislexia-sin-escolarizar\\\/#mainImage\"},\"datePublished\":\"2016-09-21T00:16:16+02:00\",\"dateModified\":\"2016-09-21T00:16:16+02:00\"},{\"@type\":\"WebSite\",\"@id\":\"https:\\\/\\\/www.eldigitaldeasturias.com\\\/noticias\\\/#website\",\"url\":\"https:\\\/\\\/www.eldigitaldeasturias.com\\\/noticias\\\/\",\"name\":\"El Digital de Asturias - Diario de actualidad y noticias\",\"alternateName\":\"El Digital de Asturias - Diario de actualidad y noticias\",\"description\":\"Hemeroteca\",\"inLanguage\":\"es-ES\",\"publisher\":{\"@id\":\"https:\\\/\\\/www.eldigitaldeasturias.com\\\/noticias\\\/#organization\"}}]}\n\t\t<\/script>\n\t\t<!-- All in One SEO Pro -->\r\n\t\t<title>Educaci\u00f3n dar\u00e1 este jueves una respuesta a la madre del alumno con dislexia sin escolarizar - El Digital de Asturias<\/title>\n\n","aioseo_head_json":{"title":"Educaci\u00f3n dar\u00e1 este jueves una respuesta a la madre del alumno con dislexia sin escolarizar - El Digital de Asturias","description":"La Consejer\u00eda de Educaci\u00f3n dar\u00e1 este jueves una respuesta a Marta Mar\u00eda Garc\u00eda, que lleva dos semanas manifest\u00e1ndose ante la sede de esta cartera de Gobierno porque su hijo, con dislexia con disgraf\u00eda, a\u00fan no ha sido escolarizado. La madre solicit\u00f3 en abril una de las plazas de su centro correspondiente reservadas al alumnado con","canonical_url":"https:\/\/www.eldigitaldeasturias.com\/noticias\/educacion-dara-este-jueves-una-respuesta-a-la-madre-del-alumno-con-dislexia-sin-escolarizar\/","robots":"max-image-preview:large","keywords":"actualidad asturias","webmasterTools":{"google-site-verification":"UA-38556648-1","msvalidate.01":"7dfe9f3f1b24437ab69f4f2559babe99","miscellaneous":""},"schema":{"@context":"https:\/\/schema.org","@graph":[{"@type":"BlogPosting","@id":"https:\/\/www.eldigitaldeasturias.com\/noticias\/educacion-dara-este-jueves-una-respuesta-a-la-madre-del-alumno-con-dislexia-sin-escolarizar\/#blogposting","name":"Educaci\u00f3n dar\u00e1 este jueves una respuesta a la madre del alumno con dislexia sin escolarizar - El Digital de Asturias","headline":"Educaci\u00f3n dar\u00e1 este jueves una respuesta a la madre del alumno con dislexia sin escolarizar","author":{"@id":"https:\/\/www.eldigitaldeasturias.com\/noticias\/author\/admin\/#author"},"publisher":{"@id":"https:\/\/www.eldigitaldeasturias.com\/noticias\/#organization"},"image":{"@type":"ImageObject","url":"https:\/\/www.eldigitaldeasturias.com\/noticias\/wp-content\/uploads\/2016\/09\/fotonoticia_20160920151600_800.jpg","width":800,"height":465},"datePublished":"2016-09-21T00:16:16+02:00","dateModified":"2016-09-21T00:16:16+02:00","inLanguage":"es-ES","mainEntityOfPage":{"@id":"https:\/\/www.eldigitaldeasturias.com\/noticias\/educacion-dara-este-jueves-una-respuesta-a-la-madre-del-alumno-con-dislexia-sin-escolarizar\/#webpage"},"isPartOf":{"@id":"https:\/\/www.eldigitaldeasturias.com\/noticias\/educacion-dara-este-jueves-una-respuesta-a-la-madre-del-alumno-con-dislexia-sin-escolarizar\/#webpage"},"articleSection":"Actualidad Asturias"},{"@type":"BreadcrumbList","@id":"https:\/\/www.eldigitaldeasturias.com\/noticias\/educacion-dara-este-jueves-una-respuesta-a-la-madre-del-alumno-con-dislexia-sin-escolarizar\/#breadcrumblist","itemListElement":[{"@type":"ListItem","@id":"https:\/\/www.eldigitaldeasturias.com\/noticias#listItem","position":1,"name":"Home","item":"https:\/\/www.eldigitaldeasturias.com\/noticias","nextItem":{"@type":"ListItem","@id":"https:\/\/www.eldigitaldeasturias.com\/noticias\/category\/actualidad-asturias\/#listItem","name":"Actualidad Asturias"}},{"@type":"ListItem","@id":"https:\/\/www.eldigitaldeasturias.com\/noticias\/category\/actualidad-asturias\/#listItem","position":2,"name":"Actualidad Asturias","item":"https:\/\/www.eldigitaldeasturias.com\/noticias\/category\/actualidad-asturias\/","nextItem":{"@type":"ListItem","@id":"https:\/\/www.eldigitaldeasturias.com\/noticias\/educacion-dara-este-jueves-una-respuesta-a-la-madre-del-alumno-con-dislexia-sin-escolarizar\/#listItem","name":"Educaci\u00f3n dar\u00e1 este jueves una respuesta a la madre del alumno con dislexia sin escolarizar"},"previousItem":{"@type":"ListItem","@id":"https:\/\/www.eldigitaldeasturias.com\/noticias#listItem","name":"Home"}},{"@type":"ListItem","@id":"https:\/\/www.eldigitaldeasturias.com\/noticias\/educacion-dara-este-jueves-una-respuesta-a-la-madre-del-alumno-con-dislexia-sin-escolarizar\/#listItem","position":3,"name":"Educaci\u00f3n dar\u00e1 este jueves una respuesta a la madre del alumno con dislexia sin escolarizar","previousItem":{"@type":"ListItem","@id":"https:\/\/www.eldigitaldeasturias.com\/noticias\/category\/actualidad-asturias\/#listItem","name":"Actualidad Asturias"}}]},{"@type":"Organization","@id":"https:\/\/www.eldigitaldeasturias.com\/noticias\/#organization","name":"El Digital de Asturias","description":"Hemeroteca","url":"https:\/\/www.eldigitaldeasturias.com\/noticias\/","email":"info@eldigitaldeasturias.com","telephone":"+34652131393","logo":{"@type":"ImageObject","url":"https:\/\/www.eldigitaldeasturias.com\/noticias\/wp-content\/uploads\/2020\/12\/EDA.jpg","@id":"https:\/\/www.eldigitaldeasturias.com\/noticias\/educacion-dara-este-jueves-una-respuesta-a-la-madre-del-alumno-con-dislexia-sin-escolarizar\/#organizationLogo","width":649,"height":297},"image":{"@id":"https:\/\/www.eldigitaldeasturias.com\/noticias\/educacion-dara-este-jueves-una-respuesta-a-la-madre-del-alumno-con-dislexia-sin-escolarizar\/#organizationLogo"},"sameAs":["https:\/\/facebook.com\/eldigitaldeasturias","https:\/\/www.youtube.com\/channel\/UCZP-2wLEB9Rv6erhFmqVnvg"],"address":{"@id":"https:\/\/www.eldigitaldeasturias.com\/noticias\/#postaladdress","@type":"PostalAddress","streetAddress":"san antonio 4,","postalCode":"33430","addressLocality":"Cand\u00e1s","addressRegion":"Asturias","addressCountry":"ES"}},{"@type":"Person","@id":"https:\/\/www.eldigitaldeasturias.com\/noticias\/author\/admin\/#author","url":"https:\/\/www.eldigitaldeasturias.com\/noticias\/author\/admin\/","name":"El Digital de Asturias","image":{"@type":"ImageObject","@id":"https:\/\/www.eldigitaldeasturias.com\/noticias\/educacion-dara-este-jueves-una-respuesta-a-la-madre-del-alumno-con-dislexia-sin-escolarizar\/#authorImage","url":"https:\/\/www.eldigitaldeasturias.com\/noticias\/wp-content\/litespeed\/avatar\/18677e78aa0546b92d9dbf31ec7d7668.jpg?ver=1777290358","width":96,"height":96,"caption":"El Digital de Asturias"}},{"@type":"WebPage","@id":"https:\/\/www.eldigitaldeasturias.com\/noticias\/educacion-dara-este-jueves-una-respuesta-a-la-madre-del-alumno-con-dislexia-sin-escolarizar\/#webpage","url":"https:\/\/www.eldigitaldeasturias.com\/noticias\/educacion-dara-este-jueves-una-respuesta-a-la-madre-del-alumno-con-dislexia-sin-escolarizar\/","name":"Educaci\u00f3n dar\u00e1 este jueves una respuesta a la madre del alumno con dislexia sin escolarizar - El Digital de Asturias","description":"La Consejer\u00eda de Educaci\u00f3n dar\u00e1 este jueves una respuesta a Marta Mar\u00eda Garc\u00eda, que lleva dos semanas manifest\u00e1ndose ante la sede de esta cartera de Gobierno porque su hijo, con dislexia con disgraf\u00eda, a\u00fan no ha sido escolarizado. La madre solicit\u00f3 en abril una de las plazas de su centro correspondiente reservadas al alumnado con","inLanguage":"es-ES","isPartOf":{"@id":"https:\/\/www.eldigitaldeasturias.com\/noticias\/#website"},"breadcrumb":{"@id":"https:\/\/www.eldigitaldeasturias.com\/noticias\/educacion-dara-este-jueves-una-respuesta-a-la-madre-del-alumno-con-dislexia-sin-escolarizar\/#breadcrumblist"},"author":{"@id":"https:\/\/www.eldigitaldeasturias.com\/noticias\/author\/admin\/#author"},"creator":{"@id":"https:\/\/www.eldigitaldeasturias.com\/noticias\/author\/admin\/#author"},"image":{"@type":"ImageObject","url":"https:\/\/www.eldigitaldeasturias.com\/noticias\/wp-content\/uploads\/2016\/09\/fotonoticia_20160920151600_800.jpg","@id":"https:\/\/www.eldigitaldeasturias.com\/noticias\/educacion-dara-este-jueves-una-respuesta-a-la-madre-del-alumno-con-dislexia-sin-escolarizar\/#mainImage","width":800,"height":465},"primaryImageOfPage":{"@id":"https:\/\/www.eldigitaldeasturias.com\/noticias\/educacion-dara-este-jueves-una-respuesta-a-la-madre-del-alumno-con-dislexia-sin-escolarizar\/#mainImage"},"datePublished":"2016-09-21T00:16:16+02:00","dateModified":"2016-09-21T00:16:16+02:00"},{"@type":"WebSite","@id":"https:\/\/www.eldigitaldeasturias.com\/noticias\/#website","url":"https:\/\/www.eldigitaldeasturias.com\/noticias\/","name":"El Digital de Asturias - Diario de actualidad y noticias","alternateName":"El Digital de Asturias - Diario de actualidad y noticias","description":"Hemeroteca","inLanguage":"es-ES","publisher":{"@id":"https:\/\/www.eldigitaldeasturias.com\/noticias\/#organization"}}]},"og:locale":"es_ES","og:site_name":"El Digital de Asturias","og:type":"article","og:title":"Educaci\u00f3n dar\u00e1 este jueves una respuesta a la madre del alumno con dislexia sin escolarizar - El Digital de Asturias","og:description":"La Consejer\u00eda de Educaci\u00f3n dar\u00e1 este jueves una respuesta a Marta Mar\u00eda Garc\u00eda, que lleva dos semanas manifest\u00e1ndose ante la sede de esta cartera de Gobierno porque su hijo, con dislexia con disgraf\u00eda, a\u00fan no ha sido escolarizado. La madre solicit\u00f3 en abril una de las plazas de su centro correspondiente reservadas al alumnado con","og:url":"https:\/\/www.eldigitaldeasturias.com\/noticias\/educacion-dara-este-jueves-una-respuesta-a-la-madre-del-alumno-con-dislexia-sin-escolarizar\/","og:image":"https:\/\/www.eldigitaldeasturias.com\/noticias\/wp-content\/uploads\/2016\/09\/fotonoticia_20160920151600_800.jpg","og:image:secure_url":"https:\/\/www.eldigitaldeasturias.com\/noticias\/wp-content\/uploads\/2016\/09\/fotonoticia_20160920151600_800.jpg","og:image:width":800,"og:image:height":465,"article:tag":["actualidad asturias"],"article:published_time":"2016-09-20T23:16:16+00:00","article:modified_time":"2016-09-20T23:16:16+00:00","article:publisher":"https:\/\/facebook.com\/eldigitaldeasturias","twitter:card":"summary_large_image","twitter:title":"Educaci\u00f3n dar\u00e1 este jueves una respuesta a la madre del alumno con dislexia sin escolarizar - El Digital de Asturias","twitter:description":"La Consejer\u00eda de Educaci\u00f3n dar\u00e1 este jueves una respuesta a Marta Mar\u00eda Garc\u00eda, que lleva dos semanas manifest\u00e1ndose ante la sede de esta cartera de Gobierno porque su hijo, con dislexia con disgraf\u00eda, a\u00fan no ha sido escolarizado. La madre solicit\u00f3 en abril una de las plazas de su centro correspondiente reservadas al alumnado con","twitter:image":"https:\/\/www.eldigitaldeasturias.com\/noticias\/wp-content\/uploads\/2016\/09\/fotonoticia_20160920151600_800.jpg","twitter:label1":"Escrito por","twitter:data1":"El Digital de Asturias","twitter:label2":"Tiempo de lectura estimado","twitter:data2":"2 minutos"},"aioseo_meta_data":{"post_id":"908741","title":null,"description":null,"keywords":null,"keyphrases":null,"primary_term":null,"canonical_url":null,"og_title":null,"og_description":null,"og_object_type":"default","og_image_type":"default","og_image_url":null,"og_image_width":null,"og_image_height":null,"og_image_custom_url":null,"og_image_custom_fields":null,"og_video":null,"og_custom_url":null,"og_article_section":null,"og_article_tags":null,"twitter_use_og":false,"twitter_card":"default","twitter_image_type":"default","twitter_image_url":null,"twitter_image_custom_url":null,"twitter_image_custom_fields":null,"twitter_title":null,"twitter_description":null,"schema":{"blockGraphs":[],"customGraphs":[],"default":{"data":{"Article":[],"Course":[],"Dataset":[],"FAQPage":[],"Movie":[],"Person":[],"Product":[],"ProductReview":[],"Car":[],"Recipe":[],"Service":[],"SoftwareApplication":[],"WebPage":[]},"graphName":"","isEnabled":true},"graphs":[],"defaultGraph":"","defaultPostTypeGraph":""},"schema_type":null,"schema_type_options":null,"pillar_content":false,"robots_default":true,"robots_noindex":false,"robots_noarchive":false,"robots_nosnippet":false,"robots_nofollow":false,"robots_noimageindex":false,"robots_noodp":false,"robots_notranslate":false,"robots_max_snippet":null,"robots_max_videopreview":null,"robots_max_imagepreview":"large","priority":null,"frequency":null,"local_seo":null,"seo_analyzer_scan_date":"2025-11-30 17:19:16","breadcrumb_settings":null,"limit_modified_date":false,"open_ai":null,"ai":null,"created":"2020-12-21 13:59:51","updated":"2025-11-30 17:19:16"},"aioseo_breadcrumb":"<div class=\"aioseo-breadcrumbs\"><span class=\"aioseo-breadcrumb\">\n\t<a href=\"https:\/\/www.eldigitaldeasturias.com\/noticias\" title=\"Home\">Home<\/a>\n<\/span><span class=\"aioseo-breadcrumb-separator\">\u2013<\/span><span class=\"aioseo-breadcrumb\">\n\t<a href=\"https:\/\/www.eldigitaldeasturias.com\/noticias\/category\/actualidad-asturias\/\" title=\"Actualidad Asturias\">Actualidad Asturias<\/a>\n<\/span><span class=\"aioseo-breadcrumb-separator\">\u2013<\/span><span class=\"aioseo-breadcrumb\">\n\t<a href=\"https:\/\/www.eldigitaldeasturias.com\/noticias\/educacion-dara-este-jueves-una-respuesta-a-la-madre-del-alumno-con-dislexia-sin-escolarizar\/\" title=\"Educaci\u00f3n dar\u00e1 este jueves una respuesta a la madre del alumno con dislexia sin escolarizar\">Educaci\u00f3n dar\u00e1 este jueves una respuesta a la madre del alumno con dislexia sin escolarizar<\/a>\n<\/span><\/div>","aioseo_breadcrumb_json":[{"label":"Home","link":"https:\/\/www.eldigitaldeasturias.com\/noticias"},{"label":"Actualidad Asturias","link":"https:\/\/www.eldigitaldeasturias.com\/noticias\/category\/actualidad-asturias\/"},{"label":"Educaci\u00f3n dar\u00e1 este jueves una respuesta a la madre del alumno con dislexia sin escolarizar","link":"https:\/\/www.eldigitaldeasturias.com\/noticias\/educacion-dara-este-jueves-una-respuesta-a-la-madre-del-alumno-con-dislexia-sin-escolarizar\/"}],"_links":{"self":[{"href":"https:\/\/www.eldigitaldeasturias.com\/noticias\/wp-json\/wp\/v2\/posts\/908741","targetHints":{"allow":["GET"]}}],"collection":[{"href":"https:\/\/www.eldigitaldeasturias.com\/noticias\/wp-json\/wp\/v2\/posts"}],"about":[{"href":"https:\/\/www.eldigitaldeasturias.com\/noticias\/wp-json\/wp\/v2\/types\/post"}],"author":[{"embeddable":true,"href":"https:\/\/www.eldigitaldeasturias.com\/noticias\/wp-json\/wp\/v2\/users\/1"}],"replies":[{"embeddable":true,"href":"https:\/\/www.eldigitaldeasturias.com\/noticias\/wp-json\/wp\/v2\/comments?post=908741"}],"version-history":[{"count":0,"href":"https:\/\/www.eldigitaldeasturias.com\/noticias\/wp-json\/wp\/v2\/posts\/908741\/revisions"}],"wp:featuredmedia":[{"embeddable":true,"href":"https:\/\/www.eldigitaldeasturias.com\/noticias\/wp-json\/wp\/v2\/media\/908742"}],"wp:attachment":[{"href":"https:\/\/www.eldigitaldeasturias.com\/noticias\/wp-json\/wp\/v2\/media?parent=908741"}],"wp:term":[{"taxonomy":"category","embeddable":true,"href":"https:\/\/www.eldigitaldeasturias.com\/noticias\/wp-json\/wp\/v2\/categories?post=908741"},{"taxonomy":"post_tag","embeddable":true,"href":"https:\/\/www.eldigitaldeasturias.com\/noticias\/wp-json\/wp\/v2\/tags?post=908741"}],"curies":[{"name":"wp","href":"https:\/\/api.w.org\/{rel}","templated":true}]}}