{"id":908738,"date":"2016-09-21T00:13:31","date_gmt":"2016-09-20T23:13:31","guid":{"rendered":"http:\/\/www.eldigitaldeasturias.com\/noticias\/?p=908738"},"modified":"2016-09-21T00:13:52","modified_gmt":"2016-09-20T23:13:52","slug":"foro-propone-una-reestructuracion-del-ayuntamiento-de-gijon","status":"publish","type":"post","link":"https:\/\/www.eldigitaldeasturias.com\/noticias\/foro-propone-una-reestructuracion-del-ayuntamiento-de-gijon\/","title":{"rendered":"Foro propone una reestructuraci\u00f3n del Ayuntamiento de Gij\u00f3n"},"content":{"rendered":"<p><img loading=\"lazy\" decoding=\"async\" class=\"alignleft size-medium wp-image-908739\" src=\"https:\/\/www.eldigitaldeasturias.com\/noticias\/wp-content\/uploads\/2016\/09\/fotonoticia_20160920151346_800-240x320.jpg\" alt=\"fotonoticia_20160920151346_800\" width=\"240\" height=\"320\" srcset=\"https:\/\/www.eldigitaldeasturias.com\/noticias\/wp-content\/uploads\/2016\/09\/fotonoticia_20160920151346_800-240x320.jpg 240w, https:\/\/www.eldigitaldeasturias.com\/noticias\/wp-content\/uploads\/2016\/09\/fotonoticia_20160920151346_800-768x1024.jpg 768w, https:\/\/www.eldigitaldeasturias.com\/noticias\/wp-content\/uploads\/2016\/09\/fotonoticia_20160920151346_800-487x650.jpg 487w, https:\/\/www.eldigitaldeasturias.com\/noticias\/wp-content\/uploads\/2016\/09\/fotonoticia_20160920151346_800.jpg 800w\" sizes=\"auto, (max-width: 240px) 100vw, 240px\" \/>La concejala de Hacienda de Gij\u00f3n, Ana Bra\u00f1a (Foro), ha dado a conocer este martes en Comisi\u00f3n de Hacienda a los grupos municipales el Manual de Estructura y la propuesta organizativa del Ayuntamiento, en la que se plantean tres grandes Gerencias sobre las que pilotar\u00edan el resto de departamentos, con cambios tambi\u00e9n en el personal para que este sea m\u00e1s polivalente y evitar \u00ablos grandes reinos de Taifas\u00bb, ha comentado.<\/p>\n<p>Bra\u00f1a, en rueda de prensa en el Consistorio posterior a la Comisi\u00f3n de Hacienda, ha explicado que estas tres gerencias se centrar\u00edan en los ciudadanos por un lado, la organizaci\u00f3n municipal por el otro, y el territorio. Su denominaci\u00f3n ser\u00eda la siguiente: Gerencia de Acci\u00f3n Social y Desarrollo Comunitario; de Organizaci\u00f3n Municipal; y de Ciudad Habitable y Ecolog\u00eda Urbana. La propuesta forma parte del Plan de Reforma y Transformaci\u00f3n Organizativa &#8216;Plan RETO&#8217;, por el cual se realiz\u00f3 una auditor\u00eda sobre la estructura organizativa municipal para valorar cambios.<\/p>\n<p>Asimismo, ha destacado que con ello se plantea un modelo disruptivo con lo anterior, ya que no habr\u00e1 jefaturas de secci\u00f3n ni de servicio, sino que por debajo de las gerencias habr\u00e1 las \u00e1reas y de ellas depender\u00e1n los departamentos, y por debajo estar\u00e1n las unidades. Una estructura que se aplicar\u00e1 en el caso del Ayuntamiento pero que se quiere coordinar con la de los organismos aut\u00f3nomos y empresas municipales. Tambi\u00e9n habr\u00e1 un Comit\u00e9 de Direcci\u00f3n para coordinar las gerencias.<\/p>\n<p>Todo ello afectar\u00eda a unas 1.000 trabajadores del Ayuntamiento, unos 2.000 si se cuentan organismos aut\u00f3nomos y empresas municipales. Los grupos municipales cuentan ahora con un plazo de 20 d\u00edas para aportar sugerencias, mientras que tambi\u00e9n se recoger\u00e1n las opiniones de los sindicatos.<\/p>\n<p>Adem\u00e1s, se quiere que los puestos directivos se cubran por personas que cumplan con los requisitos de m\u00e9ritos y capacidad, mientras que se dar\u00e1 cumplimiento al mandato plenario, de forma que en los departamentos todos los puestos se cubran por concurso. El mandato plenario hablaba en su d\u00eda de cubrir las jefaturas de servicio por concurso, pero ya que van a desaparecer se extender\u00e1 en la nueva estructura a los departamentos.<\/p>\n<p>En cuanto al personal, deber\u00e1 cumplir con los requisitos de transversalidad, multidisciplinariedad, adaptabilidad y polivalencia. En este sentido, ha puesto de ejemplo que habr\u00e1 un departamento de inspecci\u00f3n, en lugar de espec\u00edficos en cada \u00e1rea.<\/p>\n<p>Bra\u00f1a ha insistido en que la idea es que no respondan las direcciones generales a las Concejal\u00edas, ya que estas pueden cambiar de un mandato para otro. \u00abAh\u00ed est\u00e1 el cambio\u00bb, ha apuntado, para despu\u00e9s incidir en que las gerencias deben responder a varios concejales pero partiendo de esos tres elementos; ciudadan\u00eda, organizaci\u00f3n municipal y territorio.<\/p>\n<p>En todo caso, ha matizado que es un cambio progresivo y ha avanzado que se empezar\u00e1 con la gerencia que respete m\u00e1s la situaci\u00f3n actual. La edil ha llamado la atenci\u00f3n sobre el hecho de que en cinco a\u00f1os se jubila un nueve por ciento de la plantilla, por lo que ser\u00e1 m\u00e1s f\u00e1cil comenzar a realizar los cambios. Eso s\u00ed, ha dejado claro que \u00abnadie\u00bb va a perder su poder adquisitivo, ya que se har\u00e1 paulatinamente.<\/p>\n<p><strong>PRIMEROS CAMBIOS EN 2017<\/strong><\/p>\n<p>En cuanto a los plazos, existe un cronograma \u00abmuy optimista\u00bb, seg\u00fan la concejala, que habla de un horizonte hasta 2019, \u00faltimo a\u00f1o de mandato. No obstante, Bra\u00f1a ha recalcado que todo esto tiene connotaciones presupuestarias y es necesario negociar la Relaci\u00f3n de Puestos de Trabajo, por lo que no cree que d\u00e9 tiempo. En esta l\u00ednea, ha manifestado que se quiere que sea un modelo que tenga continuidad. Adem\u00e1s, ha se\u00f1alado que el inventario de puestos es el siguiente paso, para ver los perfiles que se necesitan y que orientar\u00e1n sobre la RPT a negociar.<\/p>\n<p>La edil ha considerado que en 2017 se podr\u00e1n ver los primeros cambios. Tambi\u00e9n ha destacado que esperan que los ciudadanos, con este nuevo modelo, noten una mayor eficacia y eficiencia y que los servicios funcionen mejor y est\u00e9n m\u00e1s coordinados.<\/p>\n<p>&nbsp;<\/p>\n","protected":false},"excerpt":{"rendered":"<p>La concejala de Hacienda de Gij\u00f3n, Ana Bra\u00f1a (Foro), ha dado a conocer este martes en Comisi\u00f3n de Hacienda a los grupos municipales el Manual de Estructura y la propuesta organizativa del Ayuntamiento, en la que se plantean tres grandes Gerencias sobre las que pilotar\u00edan el resto de departamentos, con cambios tambi\u00e9n en el personal [&hellip;]<\/p>\n","protected":false},"author":1,"featured_media":908739,"comment_status":"closed","ping_status":"closed","sticky":false,"template":"","format":"standard","meta":{"footnotes":""},"categories":[12],"tags":[],"class_list":["post-908738","post","type-post","status-publish","format-standard","has-post-thumbnail","hentry","category-actualidad-asturias"],"aioseo_notices":[],"aioseo_head":"\n\t\t<!-- All in One SEO Pro 4.9.6.2 - aioseo.com -->\n\t<meta name=\"description\" content=\"La concejala de Hacienda de Gij\u00f3n, Ana Bra\u00f1a (Foro), ha dado a conocer este martes en Comisi\u00f3n de Hacienda a los grupos municipales el Manual de Estructura y la propuesta organizativa del Ayuntamiento, en la que se plantean tres grandes Gerencias sobre las que pilotar\u00edan el resto de departamentos, con cambios tambi\u00e9n en el personal\" \/>\n\t<meta name=\"robots\" content=\"max-image-preview:large\" \/>\n\t<meta name=\"author\" content=\"El Digital de Asturias\"\/>\n\t<meta name=\"google-site-verification\" content=\"UA-38556648-1\" \/>\n\t<meta name=\"msvalidate.01\" content=\"7dfe9f3f1b24437ab69f4f2559babe99\" \/>\n\t<meta name=\"keywords\" content=\"actualidad asturias\" \/>\n\t<link rel=\"canonical\" href=\"https:\/\/www.eldigitaldeasturias.com\/noticias\/foro-propone-una-reestructuracion-del-ayuntamiento-de-gijon\/\" \/>\n\t<meta name=\"generator\" content=\"All in One SEO Pro (AIOSEO) 4.9.6.2\" \/>\n\t\t<meta property=\"og:locale\" content=\"es_ES\" \/>\n\t\t<meta property=\"og:site_name\" content=\"El Digital de Asturias\" \/>\n\t\t<meta property=\"og:type\" content=\"article\" \/>\n\t\t<meta property=\"og:title\" content=\"Foro propone una reestructuraci\u00f3n del Ayuntamiento de Gij\u00f3n - El Digital de Asturias\" \/>\n\t\t<meta property=\"og:description\" content=\"La concejala de Hacienda de Gij\u00f3n, Ana Bra\u00f1a (Foro), ha dado a conocer este martes en Comisi\u00f3n de Hacienda a los grupos municipales el Manual de Estructura y la propuesta organizativa del Ayuntamiento, en la que se plantean tres grandes Gerencias sobre las que pilotar\u00edan el resto de departamentos, con cambios tambi\u00e9n en el personal\" \/>\n\t\t<meta property=\"og:url\" content=\"https:\/\/www.eldigitaldeasturias.com\/noticias\/foro-propone-una-reestructuracion-del-ayuntamiento-de-gijon\/\" \/>\n\t\t<meta property=\"og:image\" content=\"https:\/\/www.eldigitaldeasturias.com\/noticias\/wp-content\/uploads\/2016\/09\/fotonoticia_20160920151346_800.jpg\" \/>\n\t\t<meta property=\"og:image:secure_url\" content=\"https:\/\/www.eldigitaldeasturias.com\/noticias\/wp-content\/uploads\/2016\/09\/fotonoticia_20160920151346_800.jpg\" \/>\n\t\t<meta property=\"og:image:width\" content=\"800\" \/>\n\t\t<meta property=\"og:image:height\" content=\"1067\" \/>\n\t\t<meta property=\"article:tag\" content=\"actualidad asturias\" \/>\n\t\t<meta property=\"article:published_time\" content=\"2016-09-20T23:13:31+00:00\" \/>\n\t\t<meta property=\"article:modified_time\" content=\"2016-09-20T23:13:52+00:00\" \/>\n\t\t<meta property=\"article:publisher\" content=\"https:\/\/facebook.com\/eldigitaldeasturias\" \/>\n\t\t<meta name=\"twitter:card\" content=\"summary_large_image\" \/>\n\t\t<meta name=\"twitter:title\" content=\"Foro propone una reestructuraci\u00f3n del Ayuntamiento de Gij\u00f3n - El Digital de Asturias\" \/>\n\t\t<meta name=\"twitter:description\" content=\"La concejala de Hacienda de Gij\u00f3n, Ana Bra\u00f1a (Foro), ha dado a conocer este martes en Comisi\u00f3n de Hacienda a los grupos municipales el Manual de Estructura y la propuesta organizativa del Ayuntamiento, en la que se plantean tres grandes Gerencias sobre las que pilotar\u00edan el resto de departamentos, con cambios tambi\u00e9n en el personal\" \/>\n\t\t<meta name=\"twitter:image\" content=\"https:\/\/www.eldigitaldeasturias.com\/noticias\/wp-content\/uploads\/2016\/09\/fotonoticia_20160920151346_800.jpg\" \/>\n\t\t<meta name=\"twitter:label1\" content=\"Escrito por\" \/>\n\t\t<meta name=\"twitter:data1\" content=\"El Digital de Asturias\" \/>\n\t\t<meta name=\"twitter:label2\" content=\"Tiempo de lectura estimado\" \/>\n\t\t<meta name=\"twitter:data2\" content=\"4 minutos\" \/>\n\t\t<script type=\"application\/ld+json\" class=\"aioseo-schema\">\n\t\t\t{\"@context\":\"https:\\\/\\\/schema.org\",\"@graph\":[{\"@type\":\"BlogPosting\",\"@id\":\"https:\\\/\\\/www.eldigitaldeasturias.com\\\/noticias\\\/foro-propone-una-reestructuracion-del-ayuntamiento-de-gijon\\\/#blogposting\",\"name\":\"Foro propone una reestructuraci\\u00f3n del Ayuntamiento de Gij\\u00f3n - El Digital de Asturias\",\"headline\":\"Foro propone una reestructuraci\\u00f3n del Ayuntamiento de Gij\\u00f3n\",\"author\":{\"@id\":\"https:\\\/\\\/www.eldigitaldeasturias.com\\\/noticias\\\/author\\\/admin\\\/#author\"},\"publisher\":{\"@id\":\"https:\\\/\\\/www.eldigitaldeasturias.com\\\/noticias\\\/#organization\"},\"image\":{\"@type\":\"ImageObject\",\"url\":\"https:\\\/\\\/www.eldigitaldeasturias.com\\\/noticias\\\/wp-content\\\/uploads\\\/2016\\\/09\\\/fotonoticia_20160920151346_800.jpg\",\"width\":800,\"height\":1067},\"datePublished\":\"2016-09-21T00:13:31+02:00\",\"dateModified\":\"2016-09-21T00:13:52+02:00\",\"inLanguage\":\"es-ES\",\"mainEntityOfPage\":{\"@id\":\"https:\\\/\\\/www.eldigitaldeasturias.com\\\/noticias\\\/foro-propone-una-reestructuracion-del-ayuntamiento-de-gijon\\\/#webpage\"},\"isPartOf\":{\"@id\":\"https:\\\/\\\/www.eldigitaldeasturias.com\\\/noticias\\\/foro-propone-una-reestructuracion-del-ayuntamiento-de-gijon\\\/#webpage\"},\"articleSection\":\"Actualidad Asturias\"},{\"@type\":\"BreadcrumbList\",\"@id\":\"https:\\\/\\\/www.eldigitaldeasturias.com\\\/noticias\\\/foro-propone-una-reestructuracion-del-ayuntamiento-de-gijon\\\/#breadcrumblist\",\"itemListElement\":[{\"@type\":\"ListItem\",\"@id\":\"https:\\\/\\\/www.eldigitaldeasturias.com\\\/noticias#listItem\",\"position\":1,\"name\":\"Home\",\"item\":\"https:\\\/\\\/www.eldigitaldeasturias.com\\\/noticias\",\"nextItem\":{\"@type\":\"ListItem\",\"@id\":\"https:\\\/\\\/www.eldigitaldeasturias.com\\\/noticias\\\/category\\\/actualidad-asturias\\\/#listItem\",\"name\":\"Actualidad Asturias\"}},{\"@type\":\"ListItem\",\"@id\":\"https:\\\/\\\/www.eldigitaldeasturias.com\\\/noticias\\\/category\\\/actualidad-asturias\\\/#listItem\",\"position\":2,\"name\":\"Actualidad Asturias\",\"item\":\"https:\\\/\\\/www.eldigitaldeasturias.com\\\/noticias\\\/category\\\/actualidad-asturias\\\/\",\"nextItem\":{\"@type\":\"ListItem\",\"@id\":\"https:\\\/\\\/www.eldigitaldeasturias.com\\\/noticias\\\/foro-propone-una-reestructuracion-del-ayuntamiento-de-gijon\\\/#listItem\",\"name\":\"Foro propone una reestructuraci\\u00f3n del Ayuntamiento de Gij\\u00f3n\"},\"previousItem\":{\"@type\":\"ListItem\",\"@id\":\"https:\\\/\\\/www.eldigitaldeasturias.com\\\/noticias#listItem\",\"name\":\"Home\"}},{\"@type\":\"ListItem\",\"@id\":\"https:\\\/\\\/www.eldigitaldeasturias.com\\\/noticias\\\/foro-propone-una-reestructuracion-del-ayuntamiento-de-gijon\\\/#listItem\",\"position\":3,\"name\":\"Foro propone una reestructuraci\\u00f3n del Ayuntamiento de Gij\\u00f3n\",\"previousItem\":{\"@type\":\"ListItem\",\"@id\":\"https:\\\/\\\/www.eldigitaldeasturias.com\\\/noticias\\\/category\\\/actualidad-asturias\\\/#listItem\",\"name\":\"Actualidad Asturias\"}}]},{\"@type\":\"Organization\",\"@id\":\"https:\\\/\\\/www.eldigitaldeasturias.com\\\/noticias\\\/#organization\",\"name\":\"El Digital de Asturias\",\"description\":\"Hemeroteca\",\"url\":\"https:\\\/\\\/www.eldigitaldeasturias.com\\\/noticias\\\/\",\"email\":\"info@eldigitaldeasturias.com\",\"telephone\":\"+34652131393\",\"logo\":{\"@type\":\"ImageObject\",\"url\":\"https:\\\/\\\/www.eldigitaldeasturias.com\\\/noticias\\\/wp-content\\\/uploads\\\/2020\\\/12\\\/EDA.jpg\",\"@id\":\"https:\\\/\\\/www.eldigitaldeasturias.com\\\/noticias\\\/foro-propone-una-reestructuracion-del-ayuntamiento-de-gijon\\\/#organizationLogo\",\"width\":649,\"height\":297},\"image\":{\"@id\":\"https:\\\/\\\/www.eldigitaldeasturias.com\\\/noticias\\\/foro-propone-una-reestructuracion-del-ayuntamiento-de-gijon\\\/#organizationLogo\"},\"sameAs\":[\"https:\\\/\\\/facebook.com\\\/eldigitaldeasturias\",\"https:\\\/\\\/www.youtube.com\\\/channel\\\/UCZP-2wLEB9Rv6erhFmqVnvg\"],\"address\":{\"@id\":\"https:\\\/\\\/www.eldigitaldeasturias.com\\\/noticias\\\/#postaladdress\",\"@type\":\"PostalAddress\",\"streetAddress\":\"san antonio 4,\",\"postalCode\":\"33430\",\"addressLocality\":\"Cand\\u00e1s\",\"addressRegion\":\"Asturias\",\"addressCountry\":\"ES\"}},{\"@type\":\"Person\",\"@id\":\"https:\\\/\\\/www.eldigitaldeasturias.com\\\/noticias\\\/author\\\/admin\\\/#author\",\"url\":\"https:\\\/\\\/www.eldigitaldeasturias.com\\\/noticias\\\/author\\\/admin\\\/\",\"name\":\"El Digital de Asturias\",\"image\":{\"@type\":\"ImageObject\",\"@id\":\"https:\\\/\\\/www.eldigitaldeasturias.com\\\/noticias\\\/foro-propone-una-reestructuracion-del-ayuntamiento-de-gijon\\\/#authorImage\",\"url\":\"https:\\\/\\\/www.eldigitaldeasturias.com\\\/noticias\\\/wp-content\\\/litespeed\\\/avatar\\\/18677e78aa0546b92d9dbf31ec7d7668.jpg?ver=1777290358\",\"width\":96,\"height\":96,\"caption\":\"El Digital de Asturias\"}},{\"@type\":\"WebPage\",\"@id\":\"https:\\\/\\\/www.eldigitaldeasturias.com\\\/noticias\\\/foro-propone-una-reestructuracion-del-ayuntamiento-de-gijon\\\/#webpage\",\"url\":\"https:\\\/\\\/www.eldigitaldeasturias.com\\\/noticias\\\/foro-propone-una-reestructuracion-del-ayuntamiento-de-gijon\\\/\",\"name\":\"Foro propone una reestructuraci\\u00f3n del Ayuntamiento de Gij\\u00f3n - El Digital de Asturias\",\"description\":\"La concejala de Hacienda de Gij\\u00f3n, Ana Bra\\u00f1a (Foro), ha dado a conocer este martes en Comisi\\u00f3n de Hacienda a los grupos municipales el Manual de Estructura y la propuesta organizativa del Ayuntamiento, en la que se plantean tres grandes Gerencias sobre las que pilotar\\u00edan el resto de departamentos, con cambios tambi\\u00e9n en el personal\",\"inLanguage\":\"es-ES\",\"isPartOf\":{\"@id\":\"https:\\\/\\\/www.eldigitaldeasturias.com\\\/noticias\\\/#website\"},\"breadcrumb\":{\"@id\":\"https:\\\/\\\/www.eldigitaldeasturias.com\\\/noticias\\\/foro-propone-una-reestructuracion-del-ayuntamiento-de-gijon\\\/#breadcrumblist\"},\"author\":{\"@id\":\"https:\\\/\\\/www.eldigitaldeasturias.com\\\/noticias\\\/author\\\/admin\\\/#author\"},\"creator\":{\"@id\":\"https:\\\/\\\/www.eldigitaldeasturias.com\\\/noticias\\\/author\\\/admin\\\/#author\"},\"image\":{\"@type\":\"ImageObject\",\"url\":\"https:\\\/\\\/www.eldigitaldeasturias.com\\\/noticias\\\/wp-content\\\/uploads\\\/2016\\\/09\\\/fotonoticia_20160920151346_800.jpg\",\"@id\":\"https:\\\/\\\/www.eldigitaldeasturias.com\\\/noticias\\\/foro-propone-una-reestructuracion-del-ayuntamiento-de-gijon\\\/#mainImage\",\"width\":800,\"height\":1067},\"primaryImageOfPage\":{\"@id\":\"https:\\\/\\\/www.eldigitaldeasturias.com\\\/noticias\\\/foro-propone-una-reestructuracion-del-ayuntamiento-de-gijon\\\/#mainImage\"},\"datePublished\":\"2016-09-21T00:13:31+02:00\",\"dateModified\":\"2016-09-21T00:13:52+02:00\"},{\"@type\":\"WebSite\",\"@id\":\"https:\\\/\\\/www.eldigitaldeasturias.com\\\/noticias\\\/#website\",\"url\":\"https:\\\/\\\/www.eldigitaldeasturias.com\\\/noticias\\\/\",\"name\":\"El Digital de Asturias - Diario de actualidad y noticias\",\"alternateName\":\"El Digital de Asturias - Diario de actualidad y noticias\",\"description\":\"Hemeroteca\",\"inLanguage\":\"es-ES\",\"publisher\":{\"@id\":\"https:\\\/\\\/www.eldigitaldeasturias.com\\\/noticias\\\/#organization\"}}]}\n\t\t<\/script>\n\t\t<!-- All in One SEO Pro -->\r\n\t\t<title>Foro propone una reestructuraci\u00f3n del Ayuntamiento de Gij\u00f3n - El Digital de Asturias<\/title>\n\n","aioseo_head_json":{"title":"Foro propone una reestructuraci\u00f3n del Ayuntamiento de Gij\u00f3n - El Digital de Asturias","description":"La concejala de Hacienda de Gij\u00f3n, Ana Bra\u00f1a (Foro), ha dado a conocer este martes en Comisi\u00f3n de Hacienda a los grupos municipales el Manual de Estructura y la propuesta organizativa del Ayuntamiento, en la que se plantean tres grandes Gerencias sobre las que pilotar\u00edan el resto de departamentos, con cambios tambi\u00e9n en el personal","canonical_url":"https:\/\/www.eldigitaldeasturias.com\/noticias\/foro-propone-una-reestructuracion-del-ayuntamiento-de-gijon\/","robots":"max-image-preview:large","keywords":"actualidad asturias","webmasterTools":{"google-site-verification":"UA-38556648-1","msvalidate.01":"7dfe9f3f1b24437ab69f4f2559babe99","miscellaneous":""},"schema":{"@context":"https:\/\/schema.org","@graph":[{"@type":"BlogPosting","@id":"https:\/\/www.eldigitaldeasturias.com\/noticias\/foro-propone-una-reestructuracion-del-ayuntamiento-de-gijon\/#blogposting","name":"Foro propone una reestructuraci\u00f3n del Ayuntamiento de Gij\u00f3n - El Digital de Asturias","headline":"Foro propone una reestructuraci\u00f3n del Ayuntamiento de Gij\u00f3n","author":{"@id":"https:\/\/www.eldigitaldeasturias.com\/noticias\/author\/admin\/#author"},"publisher":{"@id":"https:\/\/www.eldigitaldeasturias.com\/noticias\/#organization"},"image":{"@type":"ImageObject","url":"https:\/\/www.eldigitaldeasturias.com\/noticias\/wp-content\/uploads\/2016\/09\/fotonoticia_20160920151346_800.jpg","width":800,"height":1067},"datePublished":"2016-09-21T00:13:31+02:00","dateModified":"2016-09-21T00:13:52+02:00","inLanguage":"es-ES","mainEntityOfPage":{"@id":"https:\/\/www.eldigitaldeasturias.com\/noticias\/foro-propone-una-reestructuracion-del-ayuntamiento-de-gijon\/#webpage"},"isPartOf":{"@id":"https:\/\/www.eldigitaldeasturias.com\/noticias\/foro-propone-una-reestructuracion-del-ayuntamiento-de-gijon\/#webpage"},"articleSection":"Actualidad Asturias"},{"@type":"BreadcrumbList","@id":"https:\/\/www.eldigitaldeasturias.com\/noticias\/foro-propone-una-reestructuracion-del-ayuntamiento-de-gijon\/#breadcrumblist","itemListElement":[{"@type":"ListItem","@id":"https:\/\/www.eldigitaldeasturias.com\/noticias#listItem","position":1,"name":"Home","item":"https:\/\/www.eldigitaldeasturias.com\/noticias","nextItem":{"@type":"ListItem","@id":"https:\/\/www.eldigitaldeasturias.com\/noticias\/category\/actualidad-asturias\/#listItem","name":"Actualidad Asturias"}},{"@type":"ListItem","@id":"https:\/\/www.eldigitaldeasturias.com\/noticias\/category\/actualidad-asturias\/#listItem","position":2,"name":"Actualidad Asturias","item":"https:\/\/www.eldigitaldeasturias.com\/noticias\/category\/actualidad-asturias\/","nextItem":{"@type":"ListItem","@id":"https:\/\/www.eldigitaldeasturias.com\/noticias\/foro-propone-una-reestructuracion-del-ayuntamiento-de-gijon\/#listItem","name":"Foro propone una reestructuraci\u00f3n del Ayuntamiento de Gij\u00f3n"},"previousItem":{"@type":"ListItem","@id":"https:\/\/www.eldigitaldeasturias.com\/noticias#listItem","name":"Home"}},{"@type":"ListItem","@id":"https:\/\/www.eldigitaldeasturias.com\/noticias\/foro-propone-una-reestructuracion-del-ayuntamiento-de-gijon\/#listItem","position":3,"name":"Foro propone una reestructuraci\u00f3n del Ayuntamiento de Gij\u00f3n","previousItem":{"@type":"ListItem","@id":"https:\/\/www.eldigitaldeasturias.com\/noticias\/category\/actualidad-asturias\/#listItem","name":"Actualidad Asturias"}}]},{"@type":"Organization","@id":"https:\/\/www.eldigitaldeasturias.com\/noticias\/#organization","name":"El Digital de Asturias","description":"Hemeroteca","url":"https:\/\/www.eldigitaldeasturias.com\/noticias\/","email":"info@eldigitaldeasturias.com","telephone":"+34652131393","logo":{"@type":"ImageObject","url":"https:\/\/www.eldigitaldeasturias.com\/noticias\/wp-content\/uploads\/2020\/12\/EDA.jpg","@id":"https:\/\/www.eldigitaldeasturias.com\/noticias\/foro-propone-una-reestructuracion-del-ayuntamiento-de-gijon\/#organizationLogo","width":649,"height":297},"image":{"@id":"https:\/\/www.eldigitaldeasturias.com\/noticias\/foro-propone-una-reestructuracion-del-ayuntamiento-de-gijon\/#organizationLogo"},"sameAs":["https:\/\/facebook.com\/eldigitaldeasturias","https:\/\/www.youtube.com\/channel\/UCZP-2wLEB9Rv6erhFmqVnvg"],"address":{"@id":"https:\/\/www.eldigitaldeasturias.com\/noticias\/#postaladdress","@type":"PostalAddress","streetAddress":"san antonio 4,","postalCode":"33430","addressLocality":"Cand\u00e1s","addressRegion":"Asturias","addressCountry":"ES"}},{"@type":"Person","@id":"https:\/\/www.eldigitaldeasturias.com\/noticias\/author\/admin\/#author","url":"https:\/\/www.eldigitaldeasturias.com\/noticias\/author\/admin\/","name":"El Digital de Asturias","image":{"@type":"ImageObject","@id":"https:\/\/www.eldigitaldeasturias.com\/noticias\/foro-propone-una-reestructuracion-del-ayuntamiento-de-gijon\/#authorImage","url":"https:\/\/www.eldigitaldeasturias.com\/noticias\/wp-content\/litespeed\/avatar\/18677e78aa0546b92d9dbf31ec7d7668.jpg?ver=1777290358","width":96,"height":96,"caption":"El Digital de Asturias"}},{"@type":"WebPage","@id":"https:\/\/www.eldigitaldeasturias.com\/noticias\/foro-propone-una-reestructuracion-del-ayuntamiento-de-gijon\/#webpage","url":"https:\/\/www.eldigitaldeasturias.com\/noticias\/foro-propone-una-reestructuracion-del-ayuntamiento-de-gijon\/","name":"Foro propone una reestructuraci\u00f3n del Ayuntamiento de Gij\u00f3n - El Digital de Asturias","description":"La concejala de Hacienda de Gij\u00f3n, Ana Bra\u00f1a (Foro), ha dado a conocer este martes en Comisi\u00f3n de Hacienda a los grupos municipales el Manual de Estructura y la propuesta organizativa del Ayuntamiento, en la que se plantean tres grandes Gerencias sobre las que pilotar\u00edan el resto de departamentos, con cambios tambi\u00e9n en el personal","inLanguage":"es-ES","isPartOf":{"@id":"https:\/\/www.eldigitaldeasturias.com\/noticias\/#website"},"breadcrumb":{"@id":"https:\/\/www.eldigitaldeasturias.com\/noticias\/foro-propone-una-reestructuracion-del-ayuntamiento-de-gijon\/#breadcrumblist"},"author":{"@id":"https:\/\/www.eldigitaldeasturias.com\/noticias\/author\/admin\/#author"},"creator":{"@id":"https:\/\/www.eldigitaldeasturias.com\/noticias\/author\/admin\/#author"},"image":{"@type":"ImageObject","url":"https:\/\/www.eldigitaldeasturias.com\/noticias\/wp-content\/uploads\/2016\/09\/fotonoticia_20160920151346_800.jpg","@id":"https:\/\/www.eldigitaldeasturias.com\/noticias\/foro-propone-una-reestructuracion-del-ayuntamiento-de-gijon\/#mainImage","width":800,"height":1067},"primaryImageOfPage":{"@id":"https:\/\/www.eldigitaldeasturias.com\/noticias\/foro-propone-una-reestructuracion-del-ayuntamiento-de-gijon\/#mainImage"},"datePublished":"2016-09-21T00:13:31+02:00","dateModified":"2016-09-21T00:13:52+02:00"},{"@type":"WebSite","@id":"https:\/\/www.eldigitaldeasturias.com\/noticias\/#website","url":"https:\/\/www.eldigitaldeasturias.com\/noticias\/","name":"El Digital de Asturias - Diario de actualidad y noticias","alternateName":"El Digital de Asturias - Diario de actualidad y noticias","description":"Hemeroteca","inLanguage":"es-ES","publisher":{"@id":"https:\/\/www.eldigitaldeasturias.com\/noticias\/#organization"}}]},"og:locale":"es_ES","og:site_name":"El Digital de Asturias","og:type":"article","og:title":"Foro propone una reestructuraci\u00f3n del Ayuntamiento de Gij\u00f3n - El Digital de Asturias","og:description":"La concejala de Hacienda de Gij\u00f3n, Ana Bra\u00f1a (Foro), ha dado a conocer este martes en Comisi\u00f3n de Hacienda a los grupos municipales el Manual de Estructura y la propuesta organizativa del Ayuntamiento, en la que se plantean tres grandes Gerencias sobre las que pilotar\u00edan el resto de departamentos, con cambios tambi\u00e9n en el personal","og:url":"https:\/\/www.eldigitaldeasturias.com\/noticias\/foro-propone-una-reestructuracion-del-ayuntamiento-de-gijon\/","og:image":"https:\/\/www.eldigitaldeasturias.com\/noticias\/wp-content\/uploads\/2016\/09\/fotonoticia_20160920151346_800.jpg","og:image:secure_url":"https:\/\/www.eldigitaldeasturias.com\/noticias\/wp-content\/uploads\/2016\/09\/fotonoticia_20160920151346_800.jpg","og:image:width":800,"og:image:height":1067,"article:tag":["actualidad asturias"],"article:published_time":"2016-09-20T23:13:31+00:00","article:modified_time":"2016-09-20T23:13:52+00:00","article:publisher":"https:\/\/facebook.com\/eldigitaldeasturias","twitter:card":"summary_large_image","twitter:title":"Foro propone una reestructuraci\u00f3n del Ayuntamiento de Gij\u00f3n - El Digital de Asturias","twitter:description":"La concejala de Hacienda de Gij\u00f3n, Ana Bra\u00f1a (Foro), ha dado a conocer este martes en Comisi\u00f3n de Hacienda a los grupos municipales el Manual de Estructura y la propuesta organizativa del Ayuntamiento, en la que se plantean tres grandes Gerencias sobre las que pilotar\u00edan el resto de departamentos, con cambios tambi\u00e9n en el personal","twitter:image":"https:\/\/www.eldigitaldeasturias.com\/noticias\/wp-content\/uploads\/2016\/09\/fotonoticia_20160920151346_800.jpg","twitter:label1":"Escrito por","twitter:data1":"El Digital de Asturias","twitter:label2":"Tiempo de lectura estimado","twitter:data2":"4 minutos"},"aioseo_meta_data":{"post_id":"908738","title":null,"description":null,"keywords":null,"keyphrases":null,"primary_term":null,"canonical_url":null,"og_title":null,"og_description":null,"og_object_type":"default","og_image_type":"default","og_image_url":null,"og_image_width":null,"og_image_height":null,"og_image_custom_url":null,"og_image_custom_fields":null,"og_video":null,"og_custom_url":null,"og_article_section":null,"og_article_tags":null,"twitter_use_og":false,"twitter_card":"default","twitter_image_type":"default","twitter_image_url":null,"twitter_image_custom_url":null,"twitter_image_custom_fields":null,"twitter_title":null,"twitter_description":null,"schema":{"blockGraphs":[],"customGraphs":[],"default":{"data":{"Article":[],"Course":[],"Dataset":[],"FAQPage":[],"Movie":[],"Person":[],"Product":[],"ProductReview":[],"Car":[],"Recipe":[],"Service":[],"SoftwareApplication":[],"WebPage":[]},"graphName":"","isEnabled":true},"graphs":[],"defaultGraph":"","defaultPostTypeGraph":""},"schema_type":null,"schema_type_options":null,"pillar_content":false,"robots_default":true,"robots_noindex":false,"robots_noarchive":false,"robots_nosnippet":false,"robots_nofollow":false,"robots_noimageindex":false,"robots_noodp":false,"robots_notranslate":false,"robots_max_snippet":null,"robots_max_videopreview":null,"robots_max_imagepreview":"large","priority":null,"frequency":null,"local_seo":null,"seo_analyzer_scan_date":"2025-11-30 17:19:15","breadcrumb_settings":null,"limit_modified_date":false,"open_ai":null,"ai":null,"created":"2020-12-21 13:59:51","updated":"2025-11-30 17:19:15"},"aioseo_breadcrumb":"<div class=\"aioseo-breadcrumbs\"><span class=\"aioseo-breadcrumb\">\n\t<a href=\"https:\/\/www.eldigitaldeasturias.com\/noticias\" title=\"Home\">Home<\/a>\n<\/span><span class=\"aioseo-breadcrumb-separator\">\u2013<\/span><span class=\"aioseo-breadcrumb\">\n\t<a href=\"https:\/\/www.eldigitaldeasturias.com\/noticias\/category\/actualidad-asturias\/\" title=\"Actualidad Asturias\">Actualidad Asturias<\/a>\n<\/span><span class=\"aioseo-breadcrumb-separator\">\u2013<\/span><span class=\"aioseo-breadcrumb\">\n\t<a href=\"https:\/\/www.eldigitaldeasturias.com\/noticias\/foro-propone-una-reestructuracion-del-ayuntamiento-de-gijon\/\" title=\"Foro propone una reestructuraci\u00f3n del Ayuntamiento de Gij\u00f3n\">Foro propone una reestructuraci\u00f3n del Ayuntamiento de Gij\u00f3n<\/a>\n<\/span><\/div>","aioseo_breadcrumb_json":[{"label":"Home","link":"https:\/\/www.eldigitaldeasturias.com\/noticias"},{"label":"Actualidad Asturias","link":"https:\/\/www.eldigitaldeasturias.com\/noticias\/category\/actualidad-asturias\/"},{"label":"Foro propone una reestructuraci\u00f3n del Ayuntamiento de Gij\u00f3n","link":"https:\/\/www.eldigitaldeasturias.com\/noticias\/foro-propone-una-reestructuracion-del-ayuntamiento-de-gijon\/"}],"_links":{"self":[{"href":"https:\/\/www.eldigitaldeasturias.com\/noticias\/wp-json\/wp\/v2\/posts\/908738","targetHints":{"allow":["GET"]}}],"collection":[{"href":"https:\/\/www.eldigitaldeasturias.com\/noticias\/wp-json\/wp\/v2\/posts"}],"about":[{"href":"https:\/\/www.eldigitaldeasturias.com\/noticias\/wp-json\/wp\/v2\/types\/post"}],"author":[{"embeddable":true,"href":"https:\/\/www.eldigitaldeasturias.com\/noticias\/wp-json\/wp\/v2\/users\/1"}],"replies":[{"embeddable":true,"href":"https:\/\/www.eldigitaldeasturias.com\/noticias\/wp-json\/wp\/v2\/comments?post=908738"}],"version-history":[{"count":0,"href":"https:\/\/www.eldigitaldeasturias.com\/noticias\/wp-json\/wp\/v2\/posts\/908738\/revisions"}],"wp:featuredmedia":[{"embeddable":true,"href":"https:\/\/www.eldigitaldeasturias.com\/noticias\/wp-json\/wp\/v2\/media\/908739"}],"wp:attachment":[{"href":"https:\/\/www.eldigitaldeasturias.com\/noticias\/wp-json\/wp\/v2\/media?parent=908738"}],"wp:term":[{"taxonomy":"category","embeddable":true,"href":"https:\/\/www.eldigitaldeasturias.com\/noticias\/wp-json\/wp\/v2\/categories?post=908738"},{"taxonomy":"post_tag","embeddable":true,"href":"https:\/\/www.eldigitaldeasturias.com\/noticias\/wp-json\/wp\/v2\/tags?post=908738"}],"curies":[{"name":"wp","href":"https:\/\/api.w.org\/{rel}","templated":true}]}}