{"id":908729,"date":"2016-09-21T00:00:00","date_gmt":"2016-09-20T23:00:00","guid":{"rendered":"http:\/\/www.eldigitaldeasturias.com\/noticias\/?p=908729"},"modified":"2016-09-21T00:00:00","modified_gmt":"2016-09-20T23:00:00","slug":"aviles-acogera-la-nueva-edicion-del-maf","status":"publish","type":"post","link":"https:\/\/www.eldigitaldeasturias.com\/noticias\/aviles-acogera-la-nueva-edicion-del-maf\/","title":{"rendered":"Avil\u00e9s acoger\u00e1 la nueva edici\u00f3n del MAF"},"content":{"rendered":"<p><img loading=\"lazy\" decoding=\"async\" class=\"alignleft size-medium wp-image-785778\" src=\"https:\/\/www.eldigitaldeasturias.com\/noticias\/wp-content\/uploads\/2015\/05\/aviles1-360x241.jpg\" alt=\"aviles\" width=\"360\" height=\"241\" srcset=\"https:\/\/www.eldigitaldeasturias.com\/noticias\/wp-content\/uploads\/2015\/05\/aviles1-360x241.jpg 360w, https:\/\/www.eldigitaldeasturias.com\/noticias\/wp-content\/uploads\/2015\/05\/aviles1-768x515.jpg 768w, https:\/\/www.eldigitaldeasturias.com\/noticias\/wp-content\/uploads\/2015\/05\/aviles1-650x436.jpg 650w, https:\/\/www.eldigitaldeasturias.com\/noticias\/wp-content\/uploads\/2015\/05\/aviles1.jpg 800w\" sizes=\"auto, (max-width: 360px) 100vw, 360px\" \/>Avil\u00e9s acoger\u00e1, del 21 al 24 de septiembre, la celebraci\u00f3n del MAF (Mejor Artesano Florista), evento que promueve Interflora y del que saldr\u00e1 el Mejor Artesano Florista de Espa\u00f1a tras superar diferentes pruebas secretas que los participantes conocer\u00e1n momentos antes de su intervenci\u00f3n.<\/p>\n<p>Manuel \u00c1ngel Campa, concejal de Promoci\u00f3n Empresarial y de Ciudad, present\u00f3 en rueda de prensa esta nueva edici\u00f3n del MAF junto a Eduardo Gonz\u00e1lez, Director de Interflora; y Enrique Daguerre, Presidente de Interflora Espa\u00f1a.<\/p>\n<p>El concurso se desarrollar\u00e1 en diferentes escenarios de la comarca de Avil\u00e9s, teniendo como sede central el Pabell\u00f3n de Exposiciones y Congresos de La Magdalena. En \u00e9l, participar\u00e1n 25 profesionales procedentes de 12 Provincias pertenecientes a 9 Comunidades Aut\u00f3nomas: Alicante, Asturias, Baleares, Barcelona, C\u00e1ceres, Gerona, Lanzarote, Le\u00f3n, Madrid, M\u00e1laga, Valencia y Valladolid.<\/p>\n<p>El objetivo del MAF es destacar el oficio del florista, no s\u00f3lo en su aspecto m\u00e1s artesanal, sino tambi\u00e9n en la forma de optimizar los recursos disponibles, la rapidez mental, la capacidad de trabajo en grupo y la creatividad en los trabajos individuales, siempre desde una perspectiva t\u00e9cnica y eficiente desde el punto de vista comercial.<\/p>\n<p>&nbsp;<\/p>\n<p>&nbsp;<\/p>\n","protected":false},"excerpt":{"rendered":"<p>Avil\u00e9s acoger\u00e1, del 21 al 24 de septiembre, la celebraci\u00f3n del MAF (Mejor Artesano Florista), evento que promueve Interflora y del que saldr\u00e1 el Mejor Artesano Florista de Espa\u00f1a tras superar diferentes pruebas secretas que los participantes conocer\u00e1n momentos antes de su intervenci\u00f3n. Manuel \u00c1ngel Campa, concejal de Promoci\u00f3n Empresarial y de Ciudad, present\u00f3 en [&hellip;]<\/p>\n","protected":false},"author":1,"featured_media":0,"comment_status":"closed","ping_status":"closed","sticky":false,"template":"","format":"standard","meta":{"footnotes":""},"categories":[2],"tags":[],"class_list":["post-908729","post","type-post","status-publish","format-standard","hentry","category-agenda"],"aioseo_notices":[],"aioseo_head":"\n\t\t<!-- All in One SEO Pro 4.9.6.2 - aioseo.com -->\n\t<meta name=\"description\" content=\"Avil\u00e9s acoger\u00e1, del 21 al 24 de septiembre, la celebraci\u00f3n del MAF (Mejor Artesano Florista), evento que promueve Interflora y del que saldr\u00e1 el Mejor Artesano Florista de Espa\u00f1a tras superar diferentes pruebas secretas que los participantes conocer\u00e1n momentos antes de su intervenci\u00f3n. Manuel \u00c1ngel Campa, concejal de Promoci\u00f3n Empresarial y de Ciudad, present\u00f3 en\" \/>\n\t<meta name=\"robots\" content=\"max-image-preview:large\" \/>\n\t<meta name=\"author\" content=\"El Digital de Asturias\"\/>\n\t<meta name=\"google-site-verification\" content=\"UA-38556648-1\" \/>\n\t<meta name=\"msvalidate.01\" content=\"7dfe9f3f1b24437ab69f4f2559babe99\" \/>\n\t<meta name=\"keywords\" content=\"agenda\" \/>\n\t<link rel=\"canonical\" href=\"https:\/\/www.eldigitaldeasturias.com\/noticias\/aviles-acogera-la-nueva-edicion-del-maf\/\" \/>\n\t<meta name=\"generator\" content=\"All in One SEO Pro (AIOSEO) 4.9.6.2\" \/>\n\t\t<meta property=\"og:locale\" content=\"es_ES\" \/>\n\t\t<meta property=\"og:site_name\" content=\"El Digital de Asturias\" \/>\n\t\t<meta property=\"og:type\" content=\"article\" \/>\n\t\t<meta property=\"og:title\" content=\"Avil\u00e9s acoger\u00e1 la nueva edici\u00f3n del MAF - El Digital de Asturias\" \/>\n\t\t<meta property=\"og:description\" content=\"Avil\u00e9s acoger\u00e1, del 21 al 24 de septiembre, la celebraci\u00f3n del MAF (Mejor Artesano Florista), evento que promueve Interflora y del que saldr\u00e1 el Mejor Artesano Florista de Espa\u00f1a tras superar diferentes pruebas secretas que los participantes conocer\u00e1n momentos antes de su intervenci\u00f3n. Manuel \u00c1ngel Campa, concejal de Promoci\u00f3n Empresarial y de Ciudad, present\u00f3 en\" \/>\n\t\t<meta property=\"og:url\" content=\"https:\/\/www.eldigitaldeasturias.com\/noticias\/aviles-acogera-la-nueva-edicion-del-maf\/\" \/>\n\t\t<meta property=\"article:tag\" content=\"agenda\" \/>\n\t\t<meta property=\"article:published_time\" content=\"2016-09-20T23:00:00+00:00\" \/>\n\t\t<meta property=\"article:modified_time\" content=\"2016-09-20T23:00:00+00:00\" \/>\n\t\t<meta property=\"article:publisher\" content=\"https:\/\/facebook.com\/eldigitaldeasturias\" \/>\n\t\t<meta name=\"twitter:card\" content=\"summary_large_image\" \/>\n\t\t<meta name=\"twitter:title\" content=\"Avil\u00e9s acoger\u00e1 la nueva edici\u00f3n del MAF - El Digital de Asturias\" \/>\n\t\t<meta name=\"twitter:description\" content=\"Avil\u00e9s acoger\u00e1, del 21 al 24 de septiembre, la celebraci\u00f3n del MAF (Mejor Artesano Florista), evento que promueve Interflora y del que saldr\u00e1 el Mejor Artesano Florista de Espa\u00f1a tras superar diferentes pruebas secretas que los participantes conocer\u00e1n momentos antes de su intervenci\u00f3n. Manuel \u00c1ngel Campa, concejal de Promoci\u00f3n Empresarial y de Ciudad, present\u00f3 en\" \/>\n\t\t<meta name=\"twitter:image\" content=\"https:\/\/www.eldigitaldeasturias.com\/noticias\/wp-content\/uploads\/2020\/12\/EDA-1.jpg\" \/>\n\t\t<meta name=\"twitter:label1\" content=\"Escrito por\" \/>\n\t\t<meta name=\"twitter:data1\" content=\"El Digital de Asturias\" \/>\n\t\t<meta name=\"twitter:label2\" content=\"Tiempo de lectura estimado\" \/>\n\t\t<meta name=\"twitter:data2\" content=\"1 minuto\" \/>\n\t\t<script type=\"application\/ld+json\" class=\"aioseo-schema\">\n\t\t\t{\"@context\":\"https:\\\/\\\/schema.org\",\"@graph\":[{\"@type\":\"BlogPosting\",\"@id\":\"https:\\\/\\\/www.eldigitaldeasturias.com\\\/noticias\\\/aviles-acogera-la-nueva-edicion-del-maf\\\/#blogposting\",\"name\":\"Avil\\u00e9s acoger\\u00e1 la nueva edici\\u00f3n del MAF - El Digital de Asturias\",\"headline\":\"Avil\\u00e9s acoger\\u00e1 la nueva edici\\u00f3n del MAF\",\"author\":{\"@id\":\"https:\\\/\\\/www.eldigitaldeasturias.com\\\/noticias\\\/author\\\/admin\\\/#author\"},\"publisher\":{\"@id\":\"https:\\\/\\\/www.eldigitaldeasturias.com\\\/noticias\\\/#organization\"},\"image\":{\"@type\":\"ImageObject\",\"url\":\"http:\\\/\\\/www.eldigitaldeasturias.com\\\/noticias\\\/wp-content\\\/uploads\\\/2015\\\/05\\\/aviles1-360x241.jpg\",\"@id\":\"https:\\\/\\\/www.eldigitaldeasturias.com\\\/noticias\\\/aviles-acogera-la-nueva-edicion-del-maf\\\/#articleImage\"},\"datePublished\":\"2016-09-21T00:00:00+02:00\",\"dateModified\":\"2016-09-21T00:00:00+02:00\",\"inLanguage\":\"es-ES\",\"mainEntityOfPage\":{\"@id\":\"https:\\\/\\\/www.eldigitaldeasturias.com\\\/noticias\\\/aviles-acogera-la-nueva-edicion-del-maf\\\/#webpage\"},\"isPartOf\":{\"@id\":\"https:\\\/\\\/www.eldigitaldeasturias.com\\\/noticias\\\/aviles-acogera-la-nueva-edicion-del-maf\\\/#webpage\"},\"articleSection\":\"Agenda\"},{\"@type\":\"BreadcrumbList\",\"@id\":\"https:\\\/\\\/www.eldigitaldeasturias.com\\\/noticias\\\/aviles-acogera-la-nueva-edicion-del-maf\\\/#breadcrumblist\",\"itemListElement\":[{\"@type\":\"ListItem\",\"@id\":\"https:\\\/\\\/www.eldigitaldeasturias.com\\\/noticias#listItem\",\"position\":1,\"name\":\"Home\",\"item\":\"https:\\\/\\\/www.eldigitaldeasturias.com\\\/noticias\",\"nextItem\":{\"@type\":\"ListItem\",\"@id\":\"https:\\\/\\\/www.eldigitaldeasturias.com\\\/noticias\\\/category\\\/agenda\\\/#listItem\",\"name\":\"Agenda\"}},{\"@type\":\"ListItem\",\"@id\":\"https:\\\/\\\/www.eldigitaldeasturias.com\\\/noticias\\\/category\\\/agenda\\\/#listItem\",\"position\":2,\"name\":\"Agenda\",\"item\":\"https:\\\/\\\/www.eldigitaldeasturias.com\\\/noticias\\\/category\\\/agenda\\\/\",\"nextItem\":{\"@type\":\"ListItem\",\"@id\":\"https:\\\/\\\/www.eldigitaldeasturias.com\\\/noticias\\\/aviles-acogera-la-nueva-edicion-del-maf\\\/#listItem\",\"name\":\"Avil\\u00e9s acoger\\u00e1 la nueva edici\\u00f3n del MAF\"},\"previousItem\":{\"@type\":\"ListItem\",\"@id\":\"https:\\\/\\\/www.eldigitaldeasturias.com\\\/noticias#listItem\",\"name\":\"Home\"}},{\"@type\":\"ListItem\",\"@id\":\"https:\\\/\\\/www.eldigitaldeasturias.com\\\/noticias\\\/aviles-acogera-la-nueva-edicion-del-maf\\\/#listItem\",\"position\":3,\"name\":\"Avil\\u00e9s acoger\\u00e1 la nueva edici\\u00f3n del MAF\",\"previousItem\":{\"@type\":\"ListItem\",\"@id\":\"https:\\\/\\\/www.eldigitaldeasturias.com\\\/noticias\\\/category\\\/agenda\\\/#listItem\",\"name\":\"Agenda\"}}]},{\"@type\":\"Organization\",\"@id\":\"https:\\\/\\\/www.eldigitaldeasturias.com\\\/noticias\\\/#organization\",\"name\":\"El Digital de Asturias\",\"description\":\"Hemeroteca\",\"url\":\"https:\\\/\\\/www.eldigitaldeasturias.com\\\/noticias\\\/\",\"email\":\"info@eldigitaldeasturias.com\",\"telephone\":\"+34652131393\",\"logo\":{\"@type\":\"ImageObject\",\"url\":\"https:\\\/\\\/www.eldigitaldeasturias.com\\\/noticias\\\/wp-content\\\/uploads\\\/2020\\\/12\\\/EDA.jpg\",\"@id\":\"https:\\\/\\\/www.eldigitaldeasturias.com\\\/noticias\\\/aviles-acogera-la-nueva-edicion-del-maf\\\/#organizationLogo\",\"width\":649,\"height\":297},\"image\":{\"@id\":\"https:\\\/\\\/www.eldigitaldeasturias.com\\\/noticias\\\/aviles-acogera-la-nueva-edicion-del-maf\\\/#organizationLogo\"},\"sameAs\":[\"https:\\\/\\\/facebook.com\\\/eldigitaldeasturias\",\"https:\\\/\\\/www.youtube.com\\\/channel\\\/UCZP-2wLEB9Rv6erhFmqVnvg\"],\"address\":{\"@id\":\"https:\\\/\\\/www.eldigitaldeasturias.com\\\/noticias\\\/#postaladdress\",\"@type\":\"PostalAddress\",\"streetAddress\":\"san antonio 4,\",\"postalCode\":\"33430\",\"addressLocality\":\"Cand\\u00e1s\",\"addressRegion\":\"Asturias\",\"addressCountry\":\"ES\"}},{\"@type\":\"Person\",\"@id\":\"https:\\\/\\\/www.eldigitaldeasturias.com\\\/noticias\\\/author\\\/admin\\\/#author\",\"url\":\"https:\\\/\\\/www.eldigitaldeasturias.com\\\/noticias\\\/author\\\/admin\\\/\",\"name\":\"El Digital de Asturias\",\"image\":{\"@type\":\"ImageObject\",\"@id\":\"https:\\\/\\\/www.eldigitaldeasturias.com\\\/noticias\\\/aviles-acogera-la-nueva-edicion-del-maf\\\/#authorImage\",\"url\":\"https:\\\/\\\/www.eldigitaldeasturias.com\\\/noticias\\\/wp-content\\\/litespeed\\\/avatar\\\/18677e78aa0546b92d9dbf31ec7d7668.jpg?ver=1777290358\",\"width\":96,\"height\":96,\"caption\":\"El Digital de Asturias\"}},{\"@type\":\"WebPage\",\"@id\":\"https:\\\/\\\/www.eldigitaldeasturias.com\\\/noticias\\\/aviles-acogera-la-nueva-edicion-del-maf\\\/#webpage\",\"url\":\"https:\\\/\\\/www.eldigitaldeasturias.com\\\/noticias\\\/aviles-acogera-la-nueva-edicion-del-maf\\\/\",\"name\":\"Avil\\u00e9s acoger\\u00e1 la nueva edici\\u00f3n del MAF - El Digital de Asturias\",\"description\":\"Avil\\u00e9s acoger\\u00e1, del 21 al 24 de septiembre, la celebraci\\u00f3n del MAF (Mejor Artesano Florista), evento que promueve Interflora y del que saldr\\u00e1 el Mejor Artesano Florista de Espa\\u00f1a tras superar diferentes pruebas secretas que los participantes conocer\\u00e1n momentos antes de su intervenci\\u00f3n. Manuel \\u00c1ngel Campa, concejal de Promoci\\u00f3n Empresarial y de Ciudad, present\\u00f3 en\",\"inLanguage\":\"es-ES\",\"isPartOf\":{\"@id\":\"https:\\\/\\\/www.eldigitaldeasturias.com\\\/noticias\\\/#website\"},\"breadcrumb\":{\"@id\":\"https:\\\/\\\/www.eldigitaldeasturias.com\\\/noticias\\\/aviles-acogera-la-nueva-edicion-del-maf\\\/#breadcrumblist\"},\"author\":{\"@id\":\"https:\\\/\\\/www.eldigitaldeasturias.com\\\/noticias\\\/author\\\/admin\\\/#author\"},\"creator\":{\"@id\":\"https:\\\/\\\/www.eldigitaldeasturias.com\\\/noticias\\\/author\\\/admin\\\/#author\"},\"datePublished\":\"2016-09-21T00:00:00+02:00\",\"dateModified\":\"2016-09-21T00:00:00+02:00\"},{\"@type\":\"WebSite\",\"@id\":\"https:\\\/\\\/www.eldigitaldeasturias.com\\\/noticias\\\/#website\",\"url\":\"https:\\\/\\\/www.eldigitaldeasturias.com\\\/noticias\\\/\",\"name\":\"El Digital de Asturias - Diario de actualidad y noticias\",\"alternateName\":\"El Digital de Asturias - Diario de actualidad y noticias\",\"description\":\"Hemeroteca\",\"inLanguage\":\"es-ES\",\"publisher\":{\"@id\":\"https:\\\/\\\/www.eldigitaldeasturias.com\\\/noticias\\\/#organization\"}}]}\n\t\t<\/script>\n\t\t<!-- All in One SEO Pro -->\r\n\t\t<title>Avil\u00e9s acoger\u00e1 la nueva edici\u00f3n del MAF - El Digital de Asturias<\/title>\n\n","aioseo_head_json":{"title":"Avil\u00e9s acoger\u00e1 la nueva edici\u00f3n del MAF - El Digital de Asturias","description":"Avil\u00e9s acoger\u00e1, del 21 al 24 de septiembre, la celebraci\u00f3n del MAF (Mejor Artesano Florista), evento que promueve Interflora y del que saldr\u00e1 el Mejor Artesano Florista de Espa\u00f1a tras superar diferentes pruebas secretas que los participantes conocer\u00e1n momentos antes de su intervenci\u00f3n. Manuel \u00c1ngel Campa, concejal de Promoci\u00f3n Empresarial y de Ciudad, present\u00f3 en","canonical_url":"https:\/\/www.eldigitaldeasturias.com\/noticias\/aviles-acogera-la-nueva-edicion-del-maf\/","robots":"max-image-preview:large","keywords":"agenda","webmasterTools":{"google-site-verification":"UA-38556648-1","msvalidate.01":"7dfe9f3f1b24437ab69f4f2559babe99","miscellaneous":""},"schema":{"@context":"https:\/\/schema.org","@graph":[{"@type":"BlogPosting","@id":"https:\/\/www.eldigitaldeasturias.com\/noticias\/aviles-acogera-la-nueva-edicion-del-maf\/#blogposting","name":"Avil\u00e9s acoger\u00e1 la nueva edici\u00f3n del MAF - El Digital de Asturias","headline":"Avil\u00e9s acoger\u00e1 la nueva edici\u00f3n del MAF","author":{"@id":"https:\/\/www.eldigitaldeasturias.com\/noticias\/author\/admin\/#author"},"publisher":{"@id":"https:\/\/www.eldigitaldeasturias.com\/noticias\/#organization"},"image":{"@type":"ImageObject","url":"http:\/\/www.eldigitaldeasturias.com\/noticias\/wp-content\/uploads\/2015\/05\/aviles1-360x241.jpg","@id":"https:\/\/www.eldigitaldeasturias.com\/noticias\/aviles-acogera-la-nueva-edicion-del-maf\/#articleImage"},"datePublished":"2016-09-21T00:00:00+02:00","dateModified":"2016-09-21T00:00:00+02:00","inLanguage":"es-ES","mainEntityOfPage":{"@id":"https:\/\/www.eldigitaldeasturias.com\/noticias\/aviles-acogera-la-nueva-edicion-del-maf\/#webpage"},"isPartOf":{"@id":"https:\/\/www.eldigitaldeasturias.com\/noticias\/aviles-acogera-la-nueva-edicion-del-maf\/#webpage"},"articleSection":"Agenda"},{"@type":"BreadcrumbList","@id":"https:\/\/www.eldigitaldeasturias.com\/noticias\/aviles-acogera-la-nueva-edicion-del-maf\/#breadcrumblist","itemListElement":[{"@type":"ListItem","@id":"https:\/\/www.eldigitaldeasturias.com\/noticias#listItem","position":1,"name":"Home","item":"https:\/\/www.eldigitaldeasturias.com\/noticias","nextItem":{"@type":"ListItem","@id":"https:\/\/www.eldigitaldeasturias.com\/noticias\/category\/agenda\/#listItem","name":"Agenda"}},{"@type":"ListItem","@id":"https:\/\/www.eldigitaldeasturias.com\/noticias\/category\/agenda\/#listItem","position":2,"name":"Agenda","item":"https:\/\/www.eldigitaldeasturias.com\/noticias\/category\/agenda\/","nextItem":{"@type":"ListItem","@id":"https:\/\/www.eldigitaldeasturias.com\/noticias\/aviles-acogera-la-nueva-edicion-del-maf\/#listItem","name":"Avil\u00e9s acoger\u00e1 la nueva edici\u00f3n del MAF"},"previousItem":{"@type":"ListItem","@id":"https:\/\/www.eldigitaldeasturias.com\/noticias#listItem","name":"Home"}},{"@type":"ListItem","@id":"https:\/\/www.eldigitaldeasturias.com\/noticias\/aviles-acogera-la-nueva-edicion-del-maf\/#listItem","position":3,"name":"Avil\u00e9s acoger\u00e1 la nueva edici\u00f3n del MAF","previousItem":{"@type":"ListItem","@id":"https:\/\/www.eldigitaldeasturias.com\/noticias\/category\/agenda\/#listItem","name":"Agenda"}}]},{"@type":"Organization","@id":"https:\/\/www.eldigitaldeasturias.com\/noticias\/#organization","name":"El Digital de Asturias","description":"Hemeroteca","url":"https:\/\/www.eldigitaldeasturias.com\/noticias\/","email":"info@eldigitaldeasturias.com","telephone":"+34652131393","logo":{"@type":"ImageObject","url":"https:\/\/www.eldigitaldeasturias.com\/noticias\/wp-content\/uploads\/2020\/12\/EDA.jpg","@id":"https:\/\/www.eldigitaldeasturias.com\/noticias\/aviles-acogera-la-nueva-edicion-del-maf\/#organizationLogo","width":649,"height":297},"image":{"@id":"https:\/\/www.eldigitaldeasturias.com\/noticias\/aviles-acogera-la-nueva-edicion-del-maf\/#organizationLogo"},"sameAs":["https:\/\/facebook.com\/eldigitaldeasturias","https:\/\/www.youtube.com\/channel\/UCZP-2wLEB9Rv6erhFmqVnvg"],"address":{"@id":"https:\/\/www.eldigitaldeasturias.com\/noticias\/#postaladdress","@type":"PostalAddress","streetAddress":"san antonio 4,","postalCode":"33430","addressLocality":"Cand\u00e1s","addressRegion":"Asturias","addressCountry":"ES"}},{"@type":"Person","@id":"https:\/\/www.eldigitaldeasturias.com\/noticias\/author\/admin\/#author","url":"https:\/\/www.eldigitaldeasturias.com\/noticias\/author\/admin\/","name":"El Digital de Asturias","image":{"@type":"ImageObject","@id":"https:\/\/www.eldigitaldeasturias.com\/noticias\/aviles-acogera-la-nueva-edicion-del-maf\/#authorImage","url":"https:\/\/www.eldigitaldeasturias.com\/noticias\/wp-content\/litespeed\/avatar\/18677e78aa0546b92d9dbf31ec7d7668.jpg?ver=1777290358","width":96,"height":96,"caption":"El Digital de Asturias"}},{"@type":"WebPage","@id":"https:\/\/www.eldigitaldeasturias.com\/noticias\/aviles-acogera-la-nueva-edicion-del-maf\/#webpage","url":"https:\/\/www.eldigitaldeasturias.com\/noticias\/aviles-acogera-la-nueva-edicion-del-maf\/","name":"Avil\u00e9s acoger\u00e1 la nueva edici\u00f3n del MAF - El Digital de Asturias","description":"Avil\u00e9s acoger\u00e1, del 21 al 24 de septiembre, la celebraci\u00f3n del MAF (Mejor Artesano Florista), evento que promueve Interflora y del que saldr\u00e1 el Mejor Artesano Florista de Espa\u00f1a tras superar diferentes pruebas secretas que los participantes conocer\u00e1n momentos antes de su intervenci\u00f3n. Manuel \u00c1ngel Campa, concejal de Promoci\u00f3n Empresarial y de Ciudad, present\u00f3 en","inLanguage":"es-ES","isPartOf":{"@id":"https:\/\/www.eldigitaldeasturias.com\/noticias\/#website"},"breadcrumb":{"@id":"https:\/\/www.eldigitaldeasturias.com\/noticias\/aviles-acogera-la-nueva-edicion-del-maf\/#breadcrumblist"},"author":{"@id":"https:\/\/www.eldigitaldeasturias.com\/noticias\/author\/admin\/#author"},"creator":{"@id":"https:\/\/www.eldigitaldeasturias.com\/noticias\/author\/admin\/#author"},"datePublished":"2016-09-21T00:00:00+02:00","dateModified":"2016-09-21T00:00:00+02:00"},{"@type":"WebSite","@id":"https:\/\/www.eldigitaldeasturias.com\/noticias\/#website","url":"https:\/\/www.eldigitaldeasturias.com\/noticias\/","name":"El Digital de Asturias - Diario de actualidad y noticias","alternateName":"El Digital de Asturias - Diario de actualidad y noticias","description":"Hemeroteca","inLanguage":"es-ES","publisher":{"@id":"https:\/\/www.eldigitaldeasturias.com\/noticias\/#organization"}}]},"og:locale":"es_ES","og:site_name":"El Digital de Asturias","og:type":"article","og:title":"Avil\u00e9s acoger\u00e1 la nueva edici\u00f3n del MAF - El Digital de Asturias","og:description":"Avil\u00e9s acoger\u00e1, del 21 al 24 de septiembre, la celebraci\u00f3n del MAF (Mejor Artesano Florista), evento que promueve Interflora y del que saldr\u00e1 el Mejor Artesano Florista de Espa\u00f1a tras superar diferentes pruebas secretas que los participantes conocer\u00e1n momentos antes de su intervenci\u00f3n. Manuel \u00c1ngel Campa, concejal de Promoci\u00f3n Empresarial y de Ciudad, present\u00f3 en","og:url":"https:\/\/www.eldigitaldeasturias.com\/noticias\/aviles-acogera-la-nueva-edicion-del-maf\/","article:tag":["agenda"],"article:published_time":"2016-09-20T23:00:00+00:00","article:modified_time":"2016-09-20T23:00:00+00:00","article:publisher":"https:\/\/facebook.com\/eldigitaldeasturias","twitter:card":"summary_large_image","twitter:title":"Avil\u00e9s acoger\u00e1 la nueva edici\u00f3n del MAF - El Digital de Asturias","twitter:description":"Avil\u00e9s acoger\u00e1, del 21 al 24 de septiembre, la celebraci\u00f3n del MAF (Mejor Artesano Florista), evento que promueve Interflora y del que saldr\u00e1 el Mejor Artesano Florista de Espa\u00f1a tras superar diferentes pruebas secretas que los participantes conocer\u00e1n momentos antes de su intervenci\u00f3n. Manuel \u00c1ngel Campa, concejal de Promoci\u00f3n Empresarial y de Ciudad, present\u00f3 en","twitter:image":"https:\/\/www.eldigitaldeasturias.com\/noticias\/wp-content\/uploads\/2020\/12\/EDA-1.jpg","twitter:label1":"Escrito por","twitter:data1":"El Digital de Asturias","twitter:label2":"Tiempo de lectura estimado","twitter:data2":"1 minuto"},"aioseo_meta_data":{"post_id":"908729","title":null,"description":null,"keywords":null,"keyphrases":null,"primary_term":null,"canonical_url":null,"og_title":null,"og_description":null,"og_object_type":"default","og_image_type":"default","og_image_url":null,"og_image_width":null,"og_image_height":null,"og_image_custom_url":null,"og_image_custom_fields":null,"og_video":null,"og_custom_url":null,"og_article_section":null,"og_article_tags":null,"twitter_use_og":false,"twitter_card":"default","twitter_image_type":"default","twitter_image_url":null,"twitter_image_custom_url":null,"twitter_image_custom_fields":null,"twitter_title":null,"twitter_description":null,"schema":{"blockGraphs":[],"customGraphs":[],"default":{"data":{"Article":[],"Course":[],"Dataset":[],"FAQPage":[],"Movie":[],"Person":[],"Product":[],"ProductReview":[],"Car":[],"Recipe":[],"Service":[],"SoftwareApplication":[],"WebPage":[]},"graphName":"","isEnabled":true},"graphs":[],"defaultGraph":"","defaultPostTypeGraph":""},"schema_type":null,"schema_type_options":null,"pillar_content":false,"robots_default":true,"robots_noindex":false,"robots_noarchive":false,"robots_nosnippet":false,"robots_nofollow":false,"robots_noimageindex":false,"robots_noodp":false,"robots_notranslate":false,"robots_max_snippet":null,"robots_max_videopreview":null,"robots_max_imagepreview":"large","priority":null,"frequency":null,"local_seo":null,"seo_analyzer_scan_date":"2025-11-30 17:16:11","breadcrumb_settings":null,"limit_modified_date":false,"open_ai":null,"ai":null,"created":"2020-12-21 12:38:21","updated":"2025-11-30 17:16:11"},"aioseo_breadcrumb":"<div class=\"aioseo-breadcrumbs\"><span class=\"aioseo-breadcrumb\">\n\t<a href=\"https:\/\/www.eldigitaldeasturias.com\/noticias\" title=\"Home\">Home<\/a>\n<\/span><span class=\"aioseo-breadcrumb-separator\">\u2013<\/span><span class=\"aioseo-breadcrumb\">\n\t<a href=\"https:\/\/www.eldigitaldeasturias.com\/noticias\/category\/agenda\/\" title=\"Agenda\">Agenda<\/a>\n<\/span><span class=\"aioseo-breadcrumb-separator\">\u2013<\/span><span class=\"aioseo-breadcrumb\">\n\t<a href=\"https:\/\/www.eldigitaldeasturias.com\/noticias\/aviles-acogera-la-nueva-edicion-del-maf\/\" title=\"Avil\u00e9s acoger\u00e1 la nueva edici\u00f3n del MAF\">Avil\u00e9s acoger\u00e1 la nueva edici\u00f3n del MAF<\/a>\n<\/span><\/div>","aioseo_breadcrumb_json":[{"label":"Home","link":"https:\/\/www.eldigitaldeasturias.com\/noticias"},{"label":"Agenda","link":"https:\/\/www.eldigitaldeasturias.com\/noticias\/category\/agenda\/"},{"label":"Avil\u00e9s acoger\u00e1 la nueva edici\u00f3n del MAF","link":"https:\/\/www.eldigitaldeasturias.com\/noticias\/aviles-acogera-la-nueva-edicion-del-maf\/"}],"_links":{"self":[{"href":"https:\/\/www.eldigitaldeasturias.com\/noticias\/wp-json\/wp\/v2\/posts\/908729","targetHints":{"allow":["GET"]}}],"collection":[{"href":"https:\/\/www.eldigitaldeasturias.com\/noticias\/wp-json\/wp\/v2\/posts"}],"about":[{"href":"https:\/\/www.eldigitaldeasturias.com\/noticias\/wp-json\/wp\/v2\/types\/post"}],"author":[{"embeddable":true,"href":"https:\/\/www.eldigitaldeasturias.com\/noticias\/wp-json\/wp\/v2\/users\/1"}],"replies":[{"embeddable":true,"href":"https:\/\/www.eldigitaldeasturias.com\/noticias\/wp-json\/wp\/v2\/comments?post=908729"}],"version-history":[{"count":0,"href":"https:\/\/www.eldigitaldeasturias.com\/noticias\/wp-json\/wp\/v2\/posts\/908729\/revisions"}],"wp:attachment":[{"href":"https:\/\/www.eldigitaldeasturias.com\/noticias\/wp-json\/wp\/v2\/media?parent=908729"}],"wp:term":[{"taxonomy":"category","embeddable":true,"href":"https:\/\/www.eldigitaldeasturias.com\/noticias\/wp-json\/wp\/v2\/categories?post=908729"},{"taxonomy":"post_tag","embeddable":true,"href":"https:\/\/www.eldigitaldeasturias.com\/noticias\/wp-json\/wp\/v2\/tags?post=908729"}],"curies":[{"name":"wp","href":"https:\/\/api.w.org\/{rel}","templated":true}]}}