{"id":908624,"date":"2016-09-20T18:11:20","date_gmt":"2016-09-20T17:11:20","guid":{"rendered":"http:\/\/www.eldigitaldeasturias.com\/noticias\/?p=908624"},"modified":"2016-09-20T18:11:20","modified_gmt":"2016-09-20T17:11:20","slug":"llega-la-berrea-del-ciervo-al-parque-natural-de-los-alcornocales","status":"publish","type":"post","link":"https:\/\/www.eldigitaldeasturias.com\/noticias\/llega-la-berrea-del-ciervo-al-parque-natural-de-los-alcornocales\/","title":{"rendered":"Llega la berrea del ciervo al parque natural de Los Alcornocales"},"content":{"rendered":"<p><img loading=\"lazy\" decoding=\"async\" class=\"alignleft size-medium wp-image-908625\" src=\"https:\/\/www.eldigitaldeasturias.com\/noticias\/wp-content\/uploads\/2016\/09\/Berrea-del-ciervo_Manuel-de-la-Varga-L\u00f3pez_108-360x238.jpg\" alt=\"Berrea del ciervo_Manuel de la Varga L\u00f3pez_108\" width=\"360\" height=\"238\" srcset=\"https:\/\/www.eldigitaldeasturias.com\/noticias\/wp-content\/uploads\/2016\/09\/Berrea-del-ciervo_Manuel-de-la-Varga-L\u00f3pez_108-360x238.jpg 360w, https:\/\/www.eldigitaldeasturias.com\/noticias\/wp-content\/uploads\/2016\/09\/Berrea-del-ciervo_Manuel-de-la-Varga-L\u00f3pez_108-768x509.jpg 768w, https:\/\/www.eldigitaldeasturias.com\/noticias\/wp-content\/uploads\/2016\/09\/Berrea-del-ciervo_Manuel-de-la-Varga-L\u00f3pez_108-650x430.jpg 650w, https:\/\/www.eldigitaldeasturias.com\/noticias\/wp-content\/uploads\/2016\/09\/Berrea-del-ciervo_Manuel-de-la-Varga-L\u00f3pez_108-84x55.jpg 84w, https:\/\/www.eldigitaldeasturias.com\/noticias\/wp-content\/uploads\/2016\/09\/Berrea-del-ciervo_Manuel-de-la-Varga-L\u00f3pez_108-49x32.jpg 49w, https:\/\/www.eldigitaldeasturias.com\/noticias\/wp-content\/uploads\/2016\/09\/Berrea-del-ciervo_Manuel-de-la-Varga-L\u00f3pez_108.jpg 1631w\" sizes=\"auto, (max-width: 360px) 100vw, 360px\" \/>La berrea comienza con los bramidos y contin\u00faa durante varios d\u00edas con la batalla en la que chocan sus astas hasta quedar exhaustos. El sonido envuelve el coraz\u00f3n del parque y sus ecos se escuchan en un entorno de varios kil\u00f3metros, especialmente al amanecer y tambi\u00e9n cuando cae la tarde.<\/p>\n<p>Este fen\u00f3meno natural dura cerca de un mes, suele empezar en septiembre -seg\u00fan el clima- y se prolonga hasta bien entrado el mes de octubre o de noviembre. Una serie de empresas e instituciones de la provincia ofertan visitas guiadas para presenciar este singular acontecimiento. Cada a\u00f1o son m\u00e1s las empresas y entidades que organizan excursiones para conocer la berrea del ciervo como, Castellar Gesti\u00f3n del Patrimonio, Educam Rural, Genatur, Ruta 7, TUGASA, la Asociaci\u00f3n de Senderismo Vulpes,<\/p>\n<p>Tugasa, la red de alojamientos rurales de la Diputaci\u00f3n de C\u00e1diz, organiza incursiones en el bosque para asistir a este ritual de celos y batallas entre los ciervos que luchan por hacerse con su har\u00e9n y perpetuar la especie con los cervatillos que nacer\u00e1n en primavera. Tugasa oferta un paquete para dos personas que permite disfrutar de este espect\u00e1culo de la naturaleza, junto a la estancia durante dos noches en r\u00e9gimen de media pensi\u00f3n en el Castillo de Castellar por un precio de 135 por persona.<\/p>\n<p>Desde el castillo, acompa\u00f1ado de gu\u00edas, podr\u00e1 observar este gran espect\u00e1culo de la naturaleza. Del 20 de septiembre al 15 de octubre realizar\u00e1n salidas por el parque natural de los Alcornocales para disfrutar del acontecimiento, convirtiendo la visita al parque en un espect\u00e1culo irrepetible.<\/p>\n<p>La empresa de turismo activo Castellar Gesti\u00f3n del Patrimonio tambi\u00e9n organiza durante la segunda mitad de septiembre y la primera de octubre una serie de visitas guiadas por el parque natural de Los Alcornocales para escuchar el bramido de los ciervos. El recorrido se realizar\u00e1 en 4&#215;4, con una duraci\u00f3n aproximada de tres horas y media, aunque tambi\u00e9n existe la posibilidad de concertar la visita a pie o a caballo.<\/p>\n<p>Por su parte, la Asociaci\u00f3n de Senderismo Vulpes en colaboraci\u00f3n con delegaci\u00f3n de Turismo de la Villa de Los Barrios organiza una acampada, con varias excursiones, para el s\u00e1bado 27 de septiembre por un precio de 20 por persona. Incluye rutas por el bosque con monitores y el desayuno. Los participantes deber\u00e1n llevar su propia comida, as\u00ed como sus tiendas de campa\u00f1a y su propio equipo. En este recorrido, adem\u00e1s de la berrea del ciervo, se podr\u00e1 observar el celo de otra especie, el gamo. Las excursiones son nocturnas, duran varias horas y hay que ir provisto de ropa adecuada para el senderismo y algo de abrigo, adem\u00e1s de linterna y prism\u00e1ticos.<\/p>\n<p>Genatur tambi\u00e9n ofrece la oportunidad de escuchar \u00abin situ\u00bb el bramido de los ciervos sin necesidad de pernoctaci\u00f3n. Son actividades que se desarrollar\u00e1n en el parque natural de Los Alcornocales acompa\u00f1ados de gu\u00edas, adentr\u00e1ndose en el coraz\u00f3n del Parque, para disfrutar de la experiencia. Llevar\u00e1n a cabo la explicaci\u00f3n sobre el reconocimiento de la especie, biolog\u00eda, el crecimiento de la cuerna, el desmogue, etc. La actividad de la escucha de la berrea del ciervo tendr\u00e1 lugar de 18.00 a 22.00 horas los viernes y s\u00e1bados de la segunda mitad de septiembre d\u00edas 19, 20, 26 y 27- y el primer fin de semana de octubred\u00edas 3 y 4-. El precio ser\u00e1 de 8 por persona, previa inscripci\u00f3n.<\/p>\n<p>Asimismo, Educam Rural organiza dos jornadas para aproximarse al ritual de cortejo de los venados. \u00c9stas tendr\u00e1n lugar los d\u00edas 20 y 27 de septiembre, partiendo del Centro de Visitantes El Aljibe. Casa una de estas citas comenzar\u00e1n a las 19.00h con el recibimiento en el centro y un taller para el reconocimiento de la especie biolog\u00eda, morfolog\u00eda, etc.-. En torno a las 20.30, se realizar\u00e1 la excursi\u00f3n al monte para poder o\u00edr el bramido de los ciervos, finalizando la jornada por la noche con la degustaci\u00f3n de una tapa de venado. El precio de esta actividad ser\u00e1 8 .<\/p>\n<p>Finalmente, Ruta Siete organiza para los d\u00edas 19, 20, 26 y 27 de septiembre, y 3 y 4 de octubre una serie de visitas en todoterreno desde Jerez para observar el celo del ciervo en el Parque Natural de los Alcornocales. Con un precio de 29, esta oferta incluye dos prism\u00e1ticos, documentaci\u00f3n sobre la berrea, un botell\u00edn de agua y una Copa de Jerez.<\/p>\n<p>Herb\u00edvoros, errantes y noct\u00e1mbulos, los venados de los Alcornocales son de color gris\u00e1ceo en invierno y pardo rojizo en primavera, superan los cien kilos de peso y en julio se encuentran en su m\u00e1ximo esplendor. En la Sierra de C\u00e1diz es la especie de caza mayor con m\u00e1s importancia cineg\u00e9tica y en los Alcornocales encuentra su refugio ideal.<\/p>\n<p><strong>Una vegetaci\u00f3n desbordante<\/strong><\/p>\n<p>Su microclima, muy cercano al de las zonas tropicales, ha favorecido la proliferaci\u00f3n de una vegetaci\u00f3n exuberante, casi impenetrable con estrechos y profundos valles fluviales denominados canutos. El parque cuenta con una superficie de 170.025 hect\u00e1reas y se extiende por la provincia de C\u00e1diz de norte a sur, limitando al norte con el parque de Grazalema y al sur con el parque natural del Estrecho de Gibraltar.<\/p>\n<p>Habituales de este parque desde el que se divida la costa africana- son el buitre leonado y el b\u00faho real. Corzos, nutrias y meloncillos encuentran tambi\u00e9n su h\u00e1bitat en este parque, considerado el bosque mejor conservado de Europa. Cig\u00fce\u00f1as, \u00e1guilas calzadas, halcones y numeros\u00edsimas especies se dan cita en este entorno excepcional para los ornit\u00f3logos y en el que se puede practicar el descenso de ca\u00f1ones, el pirag\u00fcismo, visitar restos arqueol\u00f3gicos o dar un paseo en globo aerost\u00e1tico.<\/p>\n<p>Aunque s\u00f3lo pasear por los milenarios bosques de alcornoques es ya una aventura.<\/p>\n<p>&nbsp;<\/p>\n","protected":false},"excerpt":{"rendered":"<p>La berrea comienza con los bramidos y contin\u00faa durante varios d\u00edas con la batalla en la que chocan sus astas hasta quedar exhaustos. El sonido envuelve el coraz\u00f3n del parque y sus ecos se escuchan en un entorno de varios kil\u00f3metros, especialmente al amanecer y tambi\u00e9n cuando cae la tarde. Este fen\u00f3meno natural dura cerca [&hellip;]<\/p>\n","protected":false},"author":1,"featured_media":908625,"comment_status":"closed","ping_status":"closed","sticky":false,"template":"","format":"standard","meta":{"footnotes":""},"categories":[28],"tags":[],"class_list":["post-908624","post","type-post","status-publish","format-standard","has-post-thumbnail","hentry","category-sociedad"],"aioseo_notices":[],"aioseo_head":"\n\t\t<!-- All in One SEO Pro 4.9.6.2 - aioseo.com -->\n\t<meta name=\"description\" content=\"La berrea comienza con los bramidos y contin\u00faa durante varios d\u00edas con la batalla en la que chocan sus astas hasta quedar exhaustos. El sonido envuelve el coraz\u00f3n del parque y sus ecos se escuchan en un entorno de varios kil\u00f3metros, especialmente al amanecer y tambi\u00e9n cuando cae la tarde. Este fen\u00f3meno natural dura cerca\" \/>\n\t<meta name=\"robots\" content=\"max-image-preview:large\" \/>\n\t<meta name=\"author\" content=\"El Digital de Asturias\"\/>\n\t<meta name=\"google-site-verification\" content=\"UA-38556648-1\" \/>\n\t<meta name=\"msvalidate.01\" content=\"7dfe9f3f1b24437ab69f4f2559babe99\" \/>\n\t<meta name=\"keywords\" content=\"sociedad\" \/>\n\t<link rel=\"canonical\" href=\"https:\/\/www.eldigitaldeasturias.com\/noticias\/llega-la-berrea-del-ciervo-al-parque-natural-de-los-alcornocales\/\" \/>\n\t<meta name=\"generator\" content=\"All in One SEO Pro (AIOSEO) 4.9.6.2\" \/>\n\t\t<meta property=\"og:locale\" content=\"es_ES\" \/>\n\t\t<meta property=\"og:site_name\" content=\"El Digital de Asturias\" \/>\n\t\t<meta property=\"og:type\" content=\"article\" \/>\n\t\t<meta property=\"og:title\" content=\"Llega la berrea del ciervo al parque natural de Los Alcornocales - El Digital de Asturias\" \/>\n\t\t<meta property=\"og:description\" content=\"La berrea comienza con los bramidos y contin\u00faa durante varios d\u00edas con la batalla en la que chocan sus astas hasta quedar exhaustos. El sonido envuelve el coraz\u00f3n del parque y sus ecos se escuchan en un entorno de varios kil\u00f3metros, especialmente al amanecer y tambi\u00e9n cuando cae la tarde. Este fen\u00f3meno natural dura cerca\" \/>\n\t\t<meta property=\"og:url\" content=\"https:\/\/www.eldigitaldeasturias.com\/noticias\/llega-la-berrea-del-ciervo-al-parque-natural-de-los-alcornocales\/\" \/>\n\t\t<meta property=\"og:image\" content=\"https:\/\/www.eldigitaldeasturias.com\/noticias\/wp-content\/uploads\/2016\/09\/Berrea-del-ciervo_Manuel-de-la-Varga-L\u00f3pez_108.jpg\" \/>\n\t\t<meta property=\"og:image:secure_url\" content=\"https:\/\/www.eldigitaldeasturias.com\/noticias\/wp-content\/uploads\/2016\/09\/Berrea-del-ciervo_Manuel-de-la-Varga-L\u00f3pez_108.jpg\" \/>\n\t\t<meta property=\"og:image:width\" content=\"1631\" \/>\n\t\t<meta property=\"og:image:height\" content=\"1080\" \/>\n\t\t<meta property=\"article:tag\" content=\"sociedad\" \/>\n\t\t<meta property=\"article:published_time\" content=\"2016-09-20T17:11:20+00:00\" \/>\n\t\t<meta property=\"article:modified_time\" content=\"2016-09-20T17:11:20+00:00\" \/>\n\t\t<meta property=\"article:publisher\" content=\"https:\/\/facebook.com\/eldigitaldeasturias\" \/>\n\t\t<meta name=\"twitter:card\" content=\"summary_large_image\" \/>\n\t\t<meta name=\"twitter:title\" content=\"Llega la berrea del ciervo al parque natural de Los Alcornocales - El Digital de Asturias\" \/>\n\t\t<meta name=\"twitter:description\" content=\"La berrea comienza con los bramidos y contin\u00faa durante varios d\u00edas con la batalla en la que chocan sus astas hasta quedar exhaustos. El sonido envuelve el coraz\u00f3n del parque y sus ecos se escuchan en un entorno de varios kil\u00f3metros, especialmente al amanecer y tambi\u00e9n cuando cae la tarde. Este fen\u00f3meno natural dura cerca\" \/>\n\t\t<meta name=\"twitter:image\" content=\"https:\/\/www.eldigitaldeasturias.com\/noticias\/wp-content\/uploads\/2016\/09\/Berrea-del-ciervo_Manuel-de-la-Varga-L\u00f3pez_108.jpg\" \/>\n\t\t<meta name=\"twitter:label1\" content=\"Escrito por\" \/>\n\t\t<meta name=\"twitter:data1\" content=\"El Digital de Asturias\" \/>\n\t\t<meta name=\"twitter:label2\" content=\"Tiempo de lectura estimado\" \/>\n\t\t<meta name=\"twitter:data2\" content=\"5 minutos\" \/>\n\t\t<script type=\"application\/ld+json\" class=\"aioseo-schema\">\n\t\t\t{\"@context\":\"https:\\\/\\\/schema.org\",\"@graph\":[{\"@type\":\"BlogPosting\",\"@id\":\"https:\\\/\\\/www.eldigitaldeasturias.com\\\/noticias\\\/llega-la-berrea-del-ciervo-al-parque-natural-de-los-alcornocales\\\/#blogposting\",\"name\":\"Llega la berrea del ciervo al parque natural de Los Alcornocales - El Digital de Asturias\",\"headline\":\"Llega la berrea del ciervo al parque natural de Los Alcornocales\",\"author\":{\"@id\":\"https:\\\/\\\/www.eldigitaldeasturias.com\\\/noticias\\\/author\\\/admin\\\/#author\"},\"publisher\":{\"@id\":\"https:\\\/\\\/www.eldigitaldeasturias.com\\\/noticias\\\/#organization\"},\"image\":{\"@type\":\"ImageObject\",\"url\":\"https:\\\/\\\/www.eldigitaldeasturias.com\\\/noticias\\\/wp-content\\\/uploads\\\/2016\\\/09\\\/Berrea-del-ciervo_Manuel-de-la-Varga-L\\u00f3pez_108.jpg\",\"width\":1631,\"height\":1080},\"datePublished\":\"2016-09-20T18:11:20+02:00\",\"dateModified\":\"2016-09-20T18:11:20+02:00\",\"inLanguage\":\"es-ES\",\"mainEntityOfPage\":{\"@id\":\"https:\\\/\\\/www.eldigitaldeasturias.com\\\/noticias\\\/llega-la-berrea-del-ciervo-al-parque-natural-de-los-alcornocales\\\/#webpage\"},\"isPartOf\":{\"@id\":\"https:\\\/\\\/www.eldigitaldeasturias.com\\\/noticias\\\/llega-la-berrea-del-ciervo-al-parque-natural-de-los-alcornocales\\\/#webpage\"},\"articleSection\":\"Sociedad\"},{\"@type\":\"BreadcrumbList\",\"@id\":\"https:\\\/\\\/www.eldigitaldeasturias.com\\\/noticias\\\/llega-la-berrea-del-ciervo-al-parque-natural-de-los-alcornocales\\\/#breadcrumblist\",\"itemListElement\":[{\"@type\":\"ListItem\",\"@id\":\"https:\\\/\\\/www.eldigitaldeasturias.com\\\/noticias#listItem\",\"position\":1,\"name\":\"Home\",\"item\":\"https:\\\/\\\/www.eldigitaldeasturias.com\\\/noticias\",\"nextItem\":{\"@type\":\"ListItem\",\"@id\":\"https:\\\/\\\/www.eldigitaldeasturias.com\\\/noticias\\\/category\\\/sociedad\\\/#listItem\",\"name\":\"Sociedad\"}},{\"@type\":\"ListItem\",\"@id\":\"https:\\\/\\\/www.eldigitaldeasturias.com\\\/noticias\\\/category\\\/sociedad\\\/#listItem\",\"position\":2,\"name\":\"Sociedad\",\"item\":\"https:\\\/\\\/www.eldigitaldeasturias.com\\\/noticias\\\/category\\\/sociedad\\\/\",\"nextItem\":{\"@type\":\"ListItem\",\"@id\":\"https:\\\/\\\/www.eldigitaldeasturias.com\\\/noticias\\\/llega-la-berrea-del-ciervo-al-parque-natural-de-los-alcornocales\\\/#listItem\",\"name\":\"Llega la berrea del ciervo al parque natural de Los Alcornocales\"},\"previousItem\":{\"@type\":\"ListItem\",\"@id\":\"https:\\\/\\\/www.eldigitaldeasturias.com\\\/noticias#listItem\",\"name\":\"Home\"}},{\"@type\":\"ListItem\",\"@id\":\"https:\\\/\\\/www.eldigitaldeasturias.com\\\/noticias\\\/llega-la-berrea-del-ciervo-al-parque-natural-de-los-alcornocales\\\/#listItem\",\"position\":3,\"name\":\"Llega la berrea del ciervo al parque natural de Los Alcornocales\",\"previousItem\":{\"@type\":\"ListItem\",\"@id\":\"https:\\\/\\\/www.eldigitaldeasturias.com\\\/noticias\\\/category\\\/sociedad\\\/#listItem\",\"name\":\"Sociedad\"}}]},{\"@type\":\"Organization\",\"@id\":\"https:\\\/\\\/www.eldigitaldeasturias.com\\\/noticias\\\/#organization\",\"name\":\"El Digital de Asturias\",\"description\":\"Hemeroteca\",\"url\":\"https:\\\/\\\/www.eldigitaldeasturias.com\\\/noticias\\\/\",\"email\":\"info@eldigitaldeasturias.com\",\"telephone\":\"+34652131393\",\"logo\":{\"@type\":\"ImageObject\",\"url\":\"https:\\\/\\\/www.eldigitaldeasturias.com\\\/noticias\\\/wp-content\\\/uploads\\\/2020\\\/12\\\/EDA.jpg\",\"@id\":\"https:\\\/\\\/www.eldigitaldeasturias.com\\\/noticias\\\/llega-la-berrea-del-ciervo-al-parque-natural-de-los-alcornocales\\\/#organizationLogo\",\"width\":649,\"height\":297},\"image\":{\"@id\":\"https:\\\/\\\/www.eldigitaldeasturias.com\\\/noticias\\\/llega-la-berrea-del-ciervo-al-parque-natural-de-los-alcornocales\\\/#organizationLogo\"},\"sameAs\":[\"https:\\\/\\\/facebook.com\\\/eldigitaldeasturias\",\"https:\\\/\\\/www.youtube.com\\\/channel\\\/UCZP-2wLEB9Rv6erhFmqVnvg\"],\"address\":{\"@id\":\"https:\\\/\\\/www.eldigitaldeasturias.com\\\/noticias\\\/#postaladdress\",\"@type\":\"PostalAddress\",\"streetAddress\":\"san antonio 4,\",\"postalCode\":\"33430\",\"addressLocality\":\"Cand\\u00e1s\",\"addressRegion\":\"Asturias\",\"addressCountry\":\"ES\"}},{\"@type\":\"Person\",\"@id\":\"https:\\\/\\\/www.eldigitaldeasturias.com\\\/noticias\\\/author\\\/admin\\\/#author\",\"url\":\"https:\\\/\\\/www.eldigitaldeasturias.com\\\/noticias\\\/author\\\/admin\\\/\",\"name\":\"El Digital de Asturias\",\"image\":{\"@type\":\"ImageObject\",\"@id\":\"https:\\\/\\\/www.eldigitaldeasturias.com\\\/noticias\\\/llega-la-berrea-del-ciervo-al-parque-natural-de-los-alcornocales\\\/#authorImage\",\"url\":\"https:\\\/\\\/www.eldigitaldeasturias.com\\\/noticias\\\/wp-content\\\/litespeed\\\/avatar\\\/18677e78aa0546b92d9dbf31ec7d7668.jpg?ver=1777290358\",\"width\":96,\"height\":96,\"caption\":\"El Digital de Asturias\"}},{\"@type\":\"WebPage\",\"@id\":\"https:\\\/\\\/www.eldigitaldeasturias.com\\\/noticias\\\/llega-la-berrea-del-ciervo-al-parque-natural-de-los-alcornocales\\\/#webpage\",\"url\":\"https:\\\/\\\/www.eldigitaldeasturias.com\\\/noticias\\\/llega-la-berrea-del-ciervo-al-parque-natural-de-los-alcornocales\\\/\",\"name\":\"Llega la berrea del ciervo al parque natural de Los Alcornocales - El Digital de Asturias\",\"description\":\"La berrea comienza con los bramidos y contin\\u00faa durante varios d\\u00edas con la batalla en la que chocan sus astas hasta quedar exhaustos. El sonido envuelve el coraz\\u00f3n del parque y sus ecos se escuchan en un entorno de varios kil\\u00f3metros, especialmente al amanecer y tambi\\u00e9n cuando cae la tarde. Este fen\\u00f3meno natural dura cerca\",\"inLanguage\":\"es-ES\",\"isPartOf\":{\"@id\":\"https:\\\/\\\/www.eldigitaldeasturias.com\\\/noticias\\\/#website\"},\"breadcrumb\":{\"@id\":\"https:\\\/\\\/www.eldigitaldeasturias.com\\\/noticias\\\/llega-la-berrea-del-ciervo-al-parque-natural-de-los-alcornocales\\\/#breadcrumblist\"},\"author\":{\"@id\":\"https:\\\/\\\/www.eldigitaldeasturias.com\\\/noticias\\\/author\\\/admin\\\/#author\"},\"creator\":{\"@id\":\"https:\\\/\\\/www.eldigitaldeasturias.com\\\/noticias\\\/author\\\/admin\\\/#author\"},\"image\":{\"@type\":\"ImageObject\",\"url\":\"https:\\\/\\\/www.eldigitaldeasturias.com\\\/noticias\\\/wp-content\\\/uploads\\\/2016\\\/09\\\/Berrea-del-ciervo_Manuel-de-la-Varga-L\\u00f3pez_108.jpg\",\"@id\":\"https:\\\/\\\/www.eldigitaldeasturias.com\\\/noticias\\\/llega-la-berrea-del-ciervo-al-parque-natural-de-los-alcornocales\\\/#mainImage\",\"width\":1631,\"height\":1080},\"primaryImageOfPage\":{\"@id\":\"https:\\\/\\\/www.eldigitaldeasturias.com\\\/noticias\\\/llega-la-berrea-del-ciervo-al-parque-natural-de-los-alcornocales\\\/#mainImage\"},\"datePublished\":\"2016-09-20T18:11:20+02:00\",\"dateModified\":\"2016-09-20T18:11:20+02:00\"},{\"@type\":\"WebSite\",\"@id\":\"https:\\\/\\\/www.eldigitaldeasturias.com\\\/noticias\\\/#website\",\"url\":\"https:\\\/\\\/www.eldigitaldeasturias.com\\\/noticias\\\/\",\"name\":\"El Digital de Asturias - Diario de actualidad y noticias\",\"alternateName\":\"El Digital de Asturias - Diario de actualidad y noticias\",\"description\":\"Hemeroteca\",\"inLanguage\":\"es-ES\",\"publisher\":{\"@id\":\"https:\\\/\\\/www.eldigitaldeasturias.com\\\/noticias\\\/#organization\"}}]}\n\t\t<\/script>\n\t\t<!-- All in One SEO Pro -->\r\n\t\t<title>Llega la berrea del ciervo al parque natural de Los Alcornocales - El Digital de Asturias<\/title>\n\n","aioseo_head_json":{"title":"Llega la berrea del ciervo al parque natural de Los Alcornocales - El Digital de Asturias","description":"La berrea comienza con los bramidos y contin\u00faa durante varios d\u00edas con la batalla en la que chocan sus astas hasta quedar exhaustos. El sonido envuelve el coraz\u00f3n del parque y sus ecos se escuchan en un entorno de varios kil\u00f3metros, especialmente al amanecer y tambi\u00e9n cuando cae la tarde. Este fen\u00f3meno natural dura cerca","canonical_url":"https:\/\/www.eldigitaldeasturias.com\/noticias\/llega-la-berrea-del-ciervo-al-parque-natural-de-los-alcornocales\/","robots":"max-image-preview:large","keywords":"sociedad","webmasterTools":{"google-site-verification":"UA-38556648-1","msvalidate.01":"7dfe9f3f1b24437ab69f4f2559babe99","miscellaneous":""},"schema":{"@context":"https:\/\/schema.org","@graph":[{"@type":"BlogPosting","@id":"https:\/\/www.eldigitaldeasturias.com\/noticias\/llega-la-berrea-del-ciervo-al-parque-natural-de-los-alcornocales\/#blogposting","name":"Llega la berrea del ciervo al parque natural de Los Alcornocales - El Digital de Asturias","headline":"Llega la berrea del ciervo al parque natural de Los Alcornocales","author":{"@id":"https:\/\/www.eldigitaldeasturias.com\/noticias\/author\/admin\/#author"},"publisher":{"@id":"https:\/\/www.eldigitaldeasturias.com\/noticias\/#organization"},"image":{"@type":"ImageObject","url":"https:\/\/www.eldigitaldeasturias.com\/noticias\/wp-content\/uploads\/2016\/09\/Berrea-del-ciervo_Manuel-de-la-Varga-L\u00f3pez_108.jpg","width":1631,"height":1080},"datePublished":"2016-09-20T18:11:20+02:00","dateModified":"2016-09-20T18:11:20+02:00","inLanguage":"es-ES","mainEntityOfPage":{"@id":"https:\/\/www.eldigitaldeasturias.com\/noticias\/llega-la-berrea-del-ciervo-al-parque-natural-de-los-alcornocales\/#webpage"},"isPartOf":{"@id":"https:\/\/www.eldigitaldeasturias.com\/noticias\/llega-la-berrea-del-ciervo-al-parque-natural-de-los-alcornocales\/#webpage"},"articleSection":"Sociedad"},{"@type":"BreadcrumbList","@id":"https:\/\/www.eldigitaldeasturias.com\/noticias\/llega-la-berrea-del-ciervo-al-parque-natural-de-los-alcornocales\/#breadcrumblist","itemListElement":[{"@type":"ListItem","@id":"https:\/\/www.eldigitaldeasturias.com\/noticias#listItem","position":1,"name":"Home","item":"https:\/\/www.eldigitaldeasturias.com\/noticias","nextItem":{"@type":"ListItem","@id":"https:\/\/www.eldigitaldeasturias.com\/noticias\/category\/sociedad\/#listItem","name":"Sociedad"}},{"@type":"ListItem","@id":"https:\/\/www.eldigitaldeasturias.com\/noticias\/category\/sociedad\/#listItem","position":2,"name":"Sociedad","item":"https:\/\/www.eldigitaldeasturias.com\/noticias\/category\/sociedad\/","nextItem":{"@type":"ListItem","@id":"https:\/\/www.eldigitaldeasturias.com\/noticias\/llega-la-berrea-del-ciervo-al-parque-natural-de-los-alcornocales\/#listItem","name":"Llega la berrea del ciervo al parque natural de Los Alcornocales"},"previousItem":{"@type":"ListItem","@id":"https:\/\/www.eldigitaldeasturias.com\/noticias#listItem","name":"Home"}},{"@type":"ListItem","@id":"https:\/\/www.eldigitaldeasturias.com\/noticias\/llega-la-berrea-del-ciervo-al-parque-natural-de-los-alcornocales\/#listItem","position":3,"name":"Llega la berrea del ciervo al parque natural de Los Alcornocales","previousItem":{"@type":"ListItem","@id":"https:\/\/www.eldigitaldeasturias.com\/noticias\/category\/sociedad\/#listItem","name":"Sociedad"}}]},{"@type":"Organization","@id":"https:\/\/www.eldigitaldeasturias.com\/noticias\/#organization","name":"El Digital de Asturias","description":"Hemeroteca","url":"https:\/\/www.eldigitaldeasturias.com\/noticias\/","email":"info@eldigitaldeasturias.com","telephone":"+34652131393","logo":{"@type":"ImageObject","url":"https:\/\/www.eldigitaldeasturias.com\/noticias\/wp-content\/uploads\/2020\/12\/EDA.jpg","@id":"https:\/\/www.eldigitaldeasturias.com\/noticias\/llega-la-berrea-del-ciervo-al-parque-natural-de-los-alcornocales\/#organizationLogo","width":649,"height":297},"image":{"@id":"https:\/\/www.eldigitaldeasturias.com\/noticias\/llega-la-berrea-del-ciervo-al-parque-natural-de-los-alcornocales\/#organizationLogo"},"sameAs":["https:\/\/facebook.com\/eldigitaldeasturias","https:\/\/www.youtube.com\/channel\/UCZP-2wLEB9Rv6erhFmqVnvg"],"address":{"@id":"https:\/\/www.eldigitaldeasturias.com\/noticias\/#postaladdress","@type":"PostalAddress","streetAddress":"san antonio 4,","postalCode":"33430","addressLocality":"Cand\u00e1s","addressRegion":"Asturias","addressCountry":"ES"}},{"@type":"Person","@id":"https:\/\/www.eldigitaldeasturias.com\/noticias\/author\/admin\/#author","url":"https:\/\/www.eldigitaldeasturias.com\/noticias\/author\/admin\/","name":"El Digital de Asturias","image":{"@type":"ImageObject","@id":"https:\/\/www.eldigitaldeasturias.com\/noticias\/llega-la-berrea-del-ciervo-al-parque-natural-de-los-alcornocales\/#authorImage","url":"https:\/\/www.eldigitaldeasturias.com\/noticias\/wp-content\/litespeed\/avatar\/18677e78aa0546b92d9dbf31ec7d7668.jpg?ver=1777290358","width":96,"height":96,"caption":"El Digital de Asturias"}},{"@type":"WebPage","@id":"https:\/\/www.eldigitaldeasturias.com\/noticias\/llega-la-berrea-del-ciervo-al-parque-natural-de-los-alcornocales\/#webpage","url":"https:\/\/www.eldigitaldeasturias.com\/noticias\/llega-la-berrea-del-ciervo-al-parque-natural-de-los-alcornocales\/","name":"Llega la berrea del ciervo al parque natural de Los Alcornocales - El Digital de Asturias","description":"La berrea comienza con los bramidos y contin\u00faa durante varios d\u00edas con la batalla en la que chocan sus astas hasta quedar exhaustos. El sonido envuelve el coraz\u00f3n del parque y sus ecos se escuchan en un entorno de varios kil\u00f3metros, especialmente al amanecer y tambi\u00e9n cuando cae la tarde. Este fen\u00f3meno natural dura cerca","inLanguage":"es-ES","isPartOf":{"@id":"https:\/\/www.eldigitaldeasturias.com\/noticias\/#website"},"breadcrumb":{"@id":"https:\/\/www.eldigitaldeasturias.com\/noticias\/llega-la-berrea-del-ciervo-al-parque-natural-de-los-alcornocales\/#breadcrumblist"},"author":{"@id":"https:\/\/www.eldigitaldeasturias.com\/noticias\/author\/admin\/#author"},"creator":{"@id":"https:\/\/www.eldigitaldeasturias.com\/noticias\/author\/admin\/#author"},"image":{"@type":"ImageObject","url":"https:\/\/www.eldigitaldeasturias.com\/noticias\/wp-content\/uploads\/2016\/09\/Berrea-del-ciervo_Manuel-de-la-Varga-L\u00f3pez_108.jpg","@id":"https:\/\/www.eldigitaldeasturias.com\/noticias\/llega-la-berrea-del-ciervo-al-parque-natural-de-los-alcornocales\/#mainImage","width":1631,"height":1080},"primaryImageOfPage":{"@id":"https:\/\/www.eldigitaldeasturias.com\/noticias\/llega-la-berrea-del-ciervo-al-parque-natural-de-los-alcornocales\/#mainImage"},"datePublished":"2016-09-20T18:11:20+02:00","dateModified":"2016-09-20T18:11:20+02:00"},{"@type":"WebSite","@id":"https:\/\/www.eldigitaldeasturias.com\/noticias\/#website","url":"https:\/\/www.eldigitaldeasturias.com\/noticias\/","name":"El Digital de Asturias - Diario de actualidad y noticias","alternateName":"El Digital de Asturias - Diario de actualidad y noticias","description":"Hemeroteca","inLanguage":"es-ES","publisher":{"@id":"https:\/\/www.eldigitaldeasturias.com\/noticias\/#organization"}}]},"og:locale":"es_ES","og:site_name":"El Digital de Asturias","og:type":"article","og:title":"Llega la berrea del ciervo al parque natural de Los Alcornocales - El Digital de Asturias","og:description":"La berrea comienza con los bramidos y contin\u00faa durante varios d\u00edas con la batalla en la que chocan sus astas hasta quedar exhaustos. El sonido envuelve el coraz\u00f3n del parque y sus ecos se escuchan en un entorno de varios kil\u00f3metros, especialmente al amanecer y tambi\u00e9n cuando cae la tarde. Este fen\u00f3meno natural dura cerca","og:url":"https:\/\/www.eldigitaldeasturias.com\/noticias\/llega-la-berrea-del-ciervo-al-parque-natural-de-los-alcornocales\/","og:image":"https:\/\/www.eldigitaldeasturias.com\/noticias\/wp-content\/uploads\/2016\/09\/Berrea-del-ciervo_Manuel-de-la-Varga-L\u00f3pez_108.jpg","og:image:secure_url":"https:\/\/www.eldigitaldeasturias.com\/noticias\/wp-content\/uploads\/2016\/09\/Berrea-del-ciervo_Manuel-de-la-Varga-L\u00f3pez_108.jpg","og:image:width":1631,"og:image:height":1080,"article:tag":["sociedad"],"article:published_time":"2016-09-20T17:11:20+00:00","article:modified_time":"2016-09-20T17:11:20+00:00","article:publisher":"https:\/\/facebook.com\/eldigitaldeasturias","twitter:card":"summary_large_image","twitter:title":"Llega la berrea del ciervo al parque natural de Los Alcornocales - El Digital de Asturias","twitter:description":"La berrea comienza con los bramidos y contin\u00faa durante varios d\u00edas con la batalla en la que chocan sus astas hasta quedar exhaustos. El sonido envuelve el coraz\u00f3n del parque y sus ecos se escuchan en un entorno de varios kil\u00f3metros, especialmente al amanecer y tambi\u00e9n cuando cae la tarde. Este fen\u00f3meno natural dura cerca","twitter:image":"https:\/\/www.eldigitaldeasturias.com\/noticias\/wp-content\/uploads\/2016\/09\/Berrea-del-ciervo_Manuel-de-la-Varga-L\u00f3pez_108.jpg","twitter:label1":"Escrito por","twitter:data1":"El Digital de Asturias","twitter:label2":"Tiempo de lectura estimado","twitter:data2":"5 minutos"},"aioseo_meta_data":{"post_id":"908624","title":null,"description":null,"keywords":null,"keyphrases":null,"primary_term":null,"canonical_url":null,"og_title":null,"og_description":null,"og_object_type":"default","og_image_type":"default","og_image_url":null,"og_image_width":null,"og_image_height":null,"og_image_custom_url":null,"og_image_custom_fields":null,"og_video":null,"og_custom_url":null,"og_article_section":null,"og_article_tags":null,"twitter_use_og":false,"twitter_card":"default","twitter_image_type":"default","twitter_image_url":null,"twitter_image_custom_url":null,"twitter_image_custom_fields":null,"twitter_title":null,"twitter_description":null,"schema":{"blockGraphs":[],"customGraphs":[],"default":{"data":{"Article":[],"Course":[],"Dataset":[],"FAQPage":[],"Movie":[],"Person":[],"Product":[],"ProductReview":[],"Car":[],"Recipe":[],"Service":[],"SoftwareApplication":[],"WebPage":[]},"graphName":"","isEnabled":true},"graphs":[],"defaultGraph":"","defaultPostTypeGraph":""},"schema_type":null,"schema_type_options":null,"pillar_content":false,"robots_default":true,"robots_noindex":false,"robots_noarchive":false,"robots_nosnippet":false,"robots_nofollow":false,"robots_noimageindex":false,"robots_noodp":false,"robots_notranslate":false,"robots_max_snippet":null,"robots_max_videopreview":null,"robots_max_imagepreview":"large","priority":null,"frequency":null,"local_seo":null,"seo_analyzer_scan_date":"2025-11-30 16:51:17","breadcrumb_settings":null,"limit_modified_date":false,"open_ai":null,"ai":null,"created":"2020-12-21 14:00:04","updated":"2025-11-30 16:51:17"},"aioseo_breadcrumb":"<div class=\"aioseo-breadcrumbs\"><span class=\"aioseo-breadcrumb\">\n\t<a href=\"https:\/\/www.eldigitaldeasturias.com\/noticias\" title=\"Home\">Home<\/a>\n<\/span><span class=\"aioseo-breadcrumb-separator\">\u2013<\/span><span class=\"aioseo-breadcrumb\">\n\t<a href=\"https:\/\/www.eldigitaldeasturias.com\/noticias\/category\/sociedad\/\" title=\"Sociedad\">Sociedad<\/a>\n<\/span><span class=\"aioseo-breadcrumb-separator\">\u2013<\/span><span class=\"aioseo-breadcrumb\">\n\t<a href=\"https:\/\/www.eldigitaldeasturias.com\/noticias\/llega-la-berrea-del-ciervo-al-parque-natural-de-los-alcornocales\/\" title=\"Llega la berrea del ciervo al parque natural de Los Alcornocales\">Llega la berrea del ciervo al parque natural de Los Alcornocales<\/a>\n<\/span><\/div>","aioseo_breadcrumb_json":[{"label":"Home","link":"https:\/\/www.eldigitaldeasturias.com\/noticias"},{"label":"Sociedad","link":"https:\/\/www.eldigitaldeasturias.com\/noticias\/category\/sociedad\/"},{"label":"Llega la berrea del ciervo al parque natural de Los Alcornocales","link":"https:\/\/www.eldigitaldeasturias.com\/noticias\/llega-la-berrea-del-ciervo-al-parque-natural-de-los-alcornocales\/"}],"_links":{"self":[{"href":"https:\/\/www.eldigitaldeasturias.com\/noticias\/wp-json\/wp\/v2\/posts\/908624","targetHints":{"allow":["GET"]}}],"collection":[{"href":"https:\/\/www.eldigitaldeasturias.com\/noticias\/wp-json\/wp\/v2\/posts"}],"about":[{"href":"https:\/\/www.eldigitaldeasturias.com\/noticias\/wp-json\/wp\/v2\/types\/post"}],"author":[{"embeddable":true,"href":"https:\/\/www.eldigitaldeasturias.com\/noticias\/wp-json\/wp\/v2\/users\/1"}],"replies":[{"embeddable":true,"href":"https:\/\/www.eldigitaldeasturias.com\/noticias\/wp-json\/wp\/v2\/comments?post=908624"}],"version-history":[{"count":0,"href":"https:\/\/www.eldigitaldeasturias.com\/noticias\/wp-json\/wp\/v2\/posts\/908624\/revisions"}],"wp:featuredmedia":[{"embeddable":true,"href":"https:\/\/www.eldigitaldeasturias.com\/noticias\/wp-json\/wp\/v2\/media\/908625"}],"wp:attachment":[{"href":"https:\/\/www.eldigitaldeasturias.com\/noticias\/wp-json\/wp\/v2\/media?parent=908624"}],"wp:term":[{"taxonomy":"category","embeddable":true,"href":"https:\/\/www.eldigitaldeasturias.com\/noticias\/wp-json\/wp\/v2\/categories?post=908624"},{"taxonomy":"post_tag","embeddable":true,"href":"https:\/\/www.eldigitaldeasturias.com\/noticias\/wp-json\/wp\/v2\/tags?post=908624"}],"curies":[{"name":"wp","href":"https:\/\/api.w.org\/{rel}","templated":true}]}}