{"id":908618,"date":"2016-09-20T17:16:18","date_gmt":"2016-09-20T16:16:18","guid":{"rendered":"http:\/\/www.eldigitaldeasturias.com\/noticias\/?p=908618"},"modified":"2016-09-20T17:16:18","modified_gmt":"2016-09-20T16:16:18","slug":"alderiques-dasturies-entama-nueva-temporada-en-muymuytv","status":"publish","type":"post","link":"https:\/\/www.eldigitaldeasturias.com\/noticias\/alderiques-dasturies-entama-nueva-temporada-en-muymuytv\/","title":{"rendered":"Alderiques d&#8217;Asturies entama nueva temporada en MuyMuyTV"},"content":{"rendered":"<p><img loading=\"lazy\" decoding=\"async\" class=\"alignleft size-medium wp-image-841986\" src=\"https:\/\/www.eldigitaldeasturias.com\/noticias\/wp-content\/uploads\/2016\/01\/tele-360x239.jpg\" alt=\"tele\" width=\"360\" height=\"239\" srcset=\"https:\/\/www.eldigitaldeasturias.com\/noticias\/wp-content\/uploads\/2016\/01\/tele-360x239.jpg 360w, https:\/\/www.eldigitaldeasturias.com\/noticias\/wp-content\/uploads\/2016\/01\/tele-768x511.jpg 768w, https:\/\/www.eldigitaldeasturias.com\/noticias\/wp-content\/uploads\/2016\/01\/tele-650x432.jpg 650w, https:\/\/www.eldigitaldeasturias.com\/noticias\/wp-content\/uploads\/2016\/01\/tele-84x55.jpg 84w, https:\/\/www.eldigitaldeasturias.com\/noticias\/wp-content\/uploads\/2016\/01\/tele-49x32.jpg 49w, https:\/\/www.eldigitaldeasturias.com\/noticias\/wp-content\/uploads\/2016\/01\/tele.jpg 800w\" sizes=\"auto, (max-width: 360px) 100vw, 360px\" \/>Alderiques d\u2019Asturies entama esti s\u00e1badu la so segunda temporada na canal MuyMuyTV, qu&#8217;emite al travi\u00e9s de la TDT nos conceyos de Xix\u00f3n, Goz\u00f3n, Carre\u00f1o, Villaviciosa y Colunga y en toa Asturies por telecable.<\/p>\n<p>Nesta nueva temporada, sigue&#8217;l compromisu de facer un programa pa tolos asturianos y asturianes, en llingua asturiana y con conten\u00edos variaos nel que l&#8217;ociu, l&#8217;entretenimientu, l&#8217;actualid\u00e1 y les entrev\u00edstes van tar presentes.<\/p>\n<p>Nel programa que s&#8217;estrena esti s\u00e1badu a les 19h, podr\u00e1 vese un \u201cderbi\u201d ente aficionaos del Real Sporting de Xix\u00f3n y Real Uvi\u00e9u, nel que van falar de temes deportivos y extradeportivos d&#8217;actualid\u00e1 col periodista Pablo R. Guardado. Am\u00e1s el programa va ufiertar les meyores imaxes del desfile del D\u00eda d&#8217;Am\u00e9rica n&#8217;Asturies, ente otros conten\u00edos.<\/p>\n<p>Alderiques d\u2019Asturies ta produc\u00edu por Gomeru Producciones en collaboraci\u00f3n con Iniciativa pol Asturianu y Conocer Asturies.<\/p>\n<p>&nbsp;<\/p>\n","protected":false},"excerpt":{"rendered":"<p>Alderiques d\u2019Asturies entama esti s\u00e1badu la so segunda temporada na canal MuyMuyTV, qu&#8217;emite al travi\u00e9s de la TDT nos conceyos de Xix\u00f3n, Goz\u00f3n, Carre\u00f1o, Villaviciosa y Colunga y en toa Asturies por telecable. Nesta nueva temporada, sigue&#8217;l compromisu de facer un programa pa tolos asturianos y asturianes, en llingua asturiana y con conten\u00edos variaos nel [&hellip;]<\/p>\n","protected":false},"author":1,"featured_media":841986,"comment_status":"closed","ping_status":"closed","sticky":false,"template":"","format":"standard","meta":{"footnotes":""},"categories":[12],"tags":[],"class_list":["post-908618","post","type-post","status-publish","format-standard","has-post-thumbnail","hentry","category-actualidad-asturias"],"aioseo_notices":[],"aioseo_head":"\n\t\t<!-- All in One SEO Pro 4.9.6.2 - aioseo.com -->\n\t<meta name=\"description\" content=\"Alderiques d\u2019Asturies entama esti s\u00e1badu la so segunda temporada na canal MuyMuyTV, qu&#039;emite al travi\u00e9s de la TDT nos conceyos de Xix\u00f3n, Goz\u00f3n, Carre\u00f1o, Villaviciosa y Colunga y en toa Asturies por telecable. Nesta nueva temporada, sigue&#039;l compromisu de facer un programa pa tolos asturianos y asturianes, en llingua asturiana y con conten\u00edos variaos nel\" \/>\n\t<meta name=\"robots\" content=\"max-image-preview:large\" \/>\n\t<meta name=\"author\" content=\"El Digital de Asturias\"\/>\n\t<meta name=\"google-site-verification\" content=\"UA-38556648-1\" \/>\n\t<meta name=\"msvalidate.01\" content=\"7dfe9f3f1b24437ab69f4f2559babe99\" \/>\n\t<meta name=\"keywords\" content=\"actualidad asturias\" \/>\n\t<link rel=\"canonical\" href=\"https:\/\/www.eldigitaldeasturias.com\/noticias\/alderiques-dasturies-entama-nueva-temporada-en-muymuytv\/\" \/>\n\t<meta name=\"generator\" content=\"All in One SEO Pro (AIOSEO) 4.9.6.2\" \/>\n\t\t<meta property=\"og:locale\" content=\"es_ES\" \/>\n\t\t<meta property=\"og:site_name\" content=\"El Digital de Asturias\" \/>\n\t\t<meta property=\"og:type\" content=\"article\" \/>\n\t\t<meta property=\"og:title\" content=\"Alderiques d\u2019Asturies entama nueva temporada en MuyMuyTV - El Digital de Asturias\" \/>\n\t\t<meta property=\"og:description\" content=\"Alderiques d\u2019Asturies entama esti s\u00e1badu la so segunda temporada na canal MuyMuyTV, qu&#039;emite al travi\u00e9s de la TDT nos conceyos de Xix\u00f3n, Goz\u00f3n, Carre\u00f1o, Villaviciosa y Colunga y en toa Asturies por telecable. Nesta nueva temporada, sigue&#039;l compromisu de facer un programa pa tolos asturianos y asturianes, en llingua asturiana y con conten\u00edos variaos nel\" \/>\n\t\t<meta property=\"og:url\" content=\"https:\/\/www.eldigitaldeasturias.com\/noticias\/alderiques-dasturies-entama-nueva-temporada-en-muymuytv\/\" \/>\n\t\t<meta property=\"og:image\" content=\"https:\/\/www.eldigitaldeasturias.com\/noticias\/wp-content\/uploads\/2016\/01\/tele.jpg\" \/>\n\t\t<meta property=\"og:image:secure_url\" content=\"https:\/\/www.eldigitaldeasturias.com\/noticias\/wp-content\/uploads\/2016\/01\/tele.jpg\" \/>\n\t\t<meta property=\"og:image:width\" content=\"800\" \/>\n\t\t<meta property=\"og:image:height\" content=\"532\" \/>\n\t\t<meta property=\"article:tag\" content=\"actualidad asturias\" \/>\n\t\t<meta property=\"article:published_time\" content=\"2016-09-20T16:16:18+00:00\" \/>\n\t\t<meta property=\"article:modified_time\" content=\"2016-09-20T16:16:18+00:00\" \/>\n\t\t<meta property=\"article:publisher\" content=\"https:\/\/facebook.com\/eldigitaldeasturias\" \/>\n\t\t<meta name=\"twitter:card\" content=\"summary_large_image\" \/>\n\t\t<meta name=\"twitter:title\" content=\"Alderiques d\u2019Asturies entama nueva temporada en MuyMuyTV - El Digital de Asturias\" \/>\n\t\t<meta name=\"twitter:description\" content=\"Alderiques d\u2019Asturies entama esti s\u00e1badu la so segunda temporada na canal MuyMuyTV, qu&#039;emite al travi\u00e9s de la TDT nos conceyos de Xix\u00f3n, Goz\u00f3n, Carre\u00f1o, Villaviciosa y Colunga y en toa Asturies por telecable. Nesta nueva temporada, sigue&#039;l compromisu de facer un programa pa tolos asturianos y asturianes, en llingua asturiana y con conten\u00edos variaos nel\" \/>\n\t\t<meta name=\"twitter:image\" content=\"https:\/\/www.eldigitaldeasturias.com\/noticias\/wp-content\/uploads\/2016\/01\/tele.jpg\" \/>\n\t\t<meta name=\"twitter:label1\" content=\"Escrito por\" \/>\n\t\t<meta name=\"twitter:data1\" content=\"El Digital de Asturias\" \/>\n\t\t<meta name=\"twitter:label2\" content=\"Tiempo de lectura estimado\" \/>\n\t\t<meta name=\"twitter:data2\" content=\"1 minuto\" \/>\n\t\t<script type=\"application\/ld+json\" class=\"aioseo-schema\">\n\t\t\t{\"@context\":\"https:\\\/\\\/schema.org\",\"@graph\":[{\"@type\":\"BlogPosting\",\"@id\":\"https:\\\/\\\/www.eldigitaldeasturias.com\\\/noticias\\\/alderiques-dasturies-entama-nueva-temporada-en-muymuytv\\\/#blogposting\",\"name\":\"Alderiques d\\u2019Asturies entama nueva temporada en MuyMuyTV - El Digital de Asturias\",\"headline\":\"Alderiques d&#8217;Asturies entama nueva temporada en MuyMuyTV\",\"author\":{\"@id\":\"https:\\\/\\\/www.eldigitaldeasturias.com\\\/noticias\\\/author\\\/admin\\\/#author\"},\"publisher\":{\"@id\":\"https:\\\/\\\/www.eldigitaldeasturias.com\\\/noticias\\\/#organization\"},\"image\":{\"@type\":\"ImageObject\",\"url\":\"https:\\\/\\\/www.eldigitaldeasturias.com\\\/noticias\\\/wp-content\\\/uploads\\\/2016\\\/01\\\/tele.jpg\",\"width\":800,\"height\":532},\"datePublished\":\"2016-09-20T17:16:18+02:00\",\"dateModified\":\"2016-09-20T17:16:18+02:00\",\"inLanguage\":\"es-ES\",\"mainEntityOfPage\":{\"@id\":\"https:\\\/\\\/www.eldigitaldeasturias.com\\\/noticias\\\/alderiques-dasturies-entama-nueva-temporada-en-muymuytv\\\/#webpage\"},\"isPartOf\":{\"@id\":\"https:\\\/\\\/www.eldigitaldeasturias.com\\\/noticias\\\/alderiques-dasturies-entama-nueva-temporada-en-muymuytv\\\/#webpage\"},\"articleSection\":\"Actualidad Asturias\"},{\"@type\":\"BreadcrumbList\",\"@id\":\"https:\\\/\\\/www.eldigitaldeasturias.com\\\/noticias\\\/alderiques-dasturies-entama-nueva-temporada-en-muymuytv\\\/#breadcrumblist\",\"itemListElement\":[{\"@type\":\"ListItem\",\"@id\":\"https:\\\/\\\/www.eldigitaldeasturias.com\\\/noticias#listItem\",\"position\":1,\"name\":\"Home\",\"item\":\"https:\\\/\\\/www.eldigitaldeasturias.com\\\/noticias\",\"nextItem\":{\"@type\":\"ListItem\",\"@id\":\"https:\\\/\\\/www.eldigitaldeasturias.com\\\/noticias\\\/category\\\/actualidad-asturias\\\/#listItem\",\"name\":\"Actualidad Asturias\"}},{\"@type\":\"ListItem\",\"@id\":\"https:\\\/\\\/www.eldigitaldeasturias.com\\\/noticias\\\/category\\\/actualidad-asturias\\\/#listItem\",\"position\":2,\"name\":\"Actualidad Asturias\",\"item\":\"https:\\\/\\\/www.eldigitaldeasturias.com\\\/noticias\\\/category\\\/actualidad-asturias\\\/\",\"nextItem\":{\"@type\":\"ListItem\",\"@id\":\"https:\\\/\\\/www.eldigitaldeasturias.com\\\/noticias\\\/alderiques-dasturies-entama-nueva-temporada-en-muymuytv\\\/#listItem\",\"name\":\"Alderiques d&#8217;Asturies entama nueva temporada en MuyMuyTV\"},\"previousItem\":{\"@type\":\"ListItem\",\"@id\":\"https:\\\/\\\/www.eldigitaldeasturias.com\\\/noticias#listItem\",\"name\":\"Home\"}},{\"@type\":\"ListItem\",\"@id\":\"https:\\\/\\\/www.eldigitaldeasturias.com\\\/noticias\\\/alderiques-dasturies-entama-nueva-temporada-en-muymuytv\\\/#listItem\",\"position\":3,\"name\":\"Alderiques d&#8217;Asturies entama nueva temporada en MuyMuyTV\",\"previousItem\":{\"@type\":\"ListItem\",\"@id\":\"https:\\\/\\\/www.eldigitaldeasturias.com\\\/noticias\\\/category\\\/actualidad-asturias\\\/#listItem\",\"name\":\"Actualidad Asturias\"}}]},{\"@type\":\"Organization\",\"@id\":\"https:\\\/\\\/www.eldigitaldeasturias.com\\\/noticias\\\/#organization\",\"name\":\"El Digital de Asturias\",\"description\":\"Hemeroteca\",\"url\":\"https:\\\/\\\/www.eldigitaldeasturias.com\\\/noticias\\\/\",\"email\":\"info@eldigitaldeasturias.com\",\"telephone\":\"+34652131393\",\"logo\":{\"@type\":\"ImageObject\",\"url\":\"https:\\\/\\\/www.eldigitaldeasturias.com\\\/noticias\\\/wp-content\\\/uploads\\\/2020\\\/12\\\/EDA.jpg\",\"@id\":\"https:\\\/\\\/www.eldigitaldeasturias.com\\\/noticias\\\/alderiques-dasturies-entama-nueva-temporada-en-muymuytv\\\/#organizationLogo\",\"width\":649,\"height\":297},\"image\":{\"@id\":\"https:\\\/\\\/www.eldigitaldeasturias.com\\\/noticias\\\/alderiques-dasturies-entama-nueva-temporada-en-muymuytv\\\/#organizationLogo\"},\"sameAs\":[\"https:\\\/\\\/facebook.com\\\/eldigitaldeasturias\",\"https:\\\/\\\/www.youtube.com\\\/channel\\\/UCZP-2wLEB9Rv6erhFmqVnvg\"],\"address\":{\"@id\":\"https:\\\/\\\/www.eldigitaldeasturias.com\\\/noticias\\\/#postaladdress\",\"@type\":\"PostalAddress\",\"streetAddress\":\"san antonio 4,\",\"postalCode\":\"33430\",\"addressLocality\":\"Cand\\u00e1s\",\"addressRegion\":\"Asturias\",\"addressCountry\":\"ES\"}},{\"@type\":\"Person\",\"@id\":\"https:\\\/\\\/www.eldigitaldeasturias.com\\\/noticias\\\/author\\\/admin\\\/#author\",\"url\":\"https:\\\/\\\/www.eldigitaldeasturias.com\\\/noticias\\\/author\\\/admin\\\/\",\"name\":\"El Digital de Asturias\",\"image\":{\"@type\":\"ImageObject\",\"@id\":\"https:\\\/\\\/www.eldigitaldeasturias.com\\\/noticias\\\/alderiques-dasturies-entama-nueva-temporada-en-muymuytv\\\/#authorImage\",\"url\":\"https:\\\/\\\/www.eldigitaldeasturias.com\\\/noticias\\\/wp-content\\\/litespeed\\\/avatar\\\/18677e78aa0546b92d9dbf31ec7d7668.jpg?ver=1777290358\",\"width\":96,\"height\":96,\"caption\":\"El Digital de Asturias\"}},{\"@type\":\"WebPage\",\"@id\":\"https:\\\/\\\/www.eldigitaldeasturias.com\\\/noticias\\\/alderiques-dasturies-entama-nueva-temporada-en-muymuytv\\\/#webpage\",\"url\":\"https:\\\/\\\/www.eldigitaldeasturias.com\\\/noticias\\\/alderiques-dasturies-entama-nueva-temporada-en-muymuytv\\\/\",\"name\":\"Alderiques d\\u2019Asturies entama nueva temporada en MuyMuyTV - El Digital de Asturias\",\"description\":\"Alderiques d\\u2019Asturies entama esti s\\u00e1badu la so segunda temporada na canal MuyMuyTV, qu'emite al travi\\u00e9s de la TDT nos conceyos de Xix\\u00f3n, Goz\\u00f3n, Carre\\u00f1o, Villaviciosa y Colunga y en toa Asturies por telecable. Nesta nueva temporada, sigue'l compromisu de facer un programa pa tolos asturianos y asturianes, en llingua asturiana y con conten\\u00edos variaos nel\",\"inLanguage\":\"es-ES\",\"isPartOf\":{\"@id\":\"https:\\\/\\\/www.eldigitaldeasturias.com\\\/noticias\\\/#website\"},\"breadcrumb\":{\"@id\":\"https:\\\/\\\/www.eldigitaldeasturias.com\\\/noticias\\\/alderiques-dasturies-entama-nueva-temporada-en-muymuytv\\\/#breadcrumblist\"},\"author\":{\"@id\":\"https:\\\/\\\/www.eldigitaldeasturias.com\\\/noticias\\\/author\\\/admin\\\/#author\"},\"creator\":{\"@id\":\"https:\\\/\\\/www.eldigitaldeasturias.com\\\/noticias\\\/author\\\/admin\\\/#author\"},\"image\":{\"@type\":\"ImageObject\",\"url\":\"https:\\\/\\\/www.eldigitaldeasturias.com\\\/noticias\\\/wp-content\\\/uploads\\\/2016\\\/01\\\/tele.jpg\",\"@id\":\"https:\\\/\\\/www.eldigitaldeasturias.com\\\/noticias\\\/alderiques-dasturies-entama-nueva-temporada-en-muymuytv\\\/#mainImage\",\"width\":800,\"height\":532},\"primaryImageOfPage\":{\"@id\":\"https:\\\/\\\/www.eldigitaldeasturias.com\\\/noticias\\\/alderiques-dasturies-entama-nueva-temporada-en-muymuytv\\\/#mainImage\"},\"datePublished\":\"2016-09-20T17:16:18+02:00\",\"dateModified\":\"2016-09-20T17:16:18+02:00\"},{\"@type\":\"WebSite\",\"@id\":\"https:\\\/\\\/www.eldigitaldeasturias.com\\\/noticias\\\/#website\",\"url\":\"https:\\\/\\\/www.eldigitaldeasturias.com\\\/noticias\\\/\",\"name\":\"El Digital de Asturias - Diario de actualidad y noticias\",\"alternateName\":\"El Digital de Asturias - Diario de actualidad y noticias\",\"description\":\"Hemeroteca\",\"inLanguage\":\"es-ES\",\"publisher\":{\"@id\":\"https:\\\/\\\/www.eldigitaldeasturias.com\\\/noticias\\\/#organization\"}}]}\n\t\t<\/script>\n\t\t<!-- All in One SEO Pro -->\r\n\t\t<title>Alderiques d\u2019Asturies entama nueva temporada en MuyMuyTV - El Digital de Asturias<\/title>\n\n","aioseo_head_json":{"title":"Alderiques d\u2019Asturies entama nueva temporada en MuyMuyTV - El Digital de Asturias","description":"Alderiques d\u2019Asturies entama esti s\u00e1badu la so segunda temporada na canal MuyMuyTV, qu'emite al travi\u00e9s de la TDT nos conceyos de Xix\u00f3n, Goz\u00f3n, Carre\u00f1o, Villaviciosa y Colunga y en toa Asturies por telecable. Nesta nueva temporada, sigue'l compromisu de facer un programa pa tolos asturianos y asturianes, en llingua asturiana y con conten\u00edos variaos nel","canonical_url":"https:\/\/www.eldigitaldeasturias.com\/noticias\/alderiques-dasturies-entama-nueva-temporada-en-muymuytv\/","robots":"max-image-preview:large","keywords":"actualidad asturias","webmasterTools":{"google-site-verification":"UA-38556648-1","msvalidate.01":"7dfe9f3f1b24437ab69f4f2559babe99","miscellaneous":""},"schema":{"@context":"https:\/\/schema.org","@graph":[{"@type":"BlogPosting","@id":"https:\/\/www.eldigitaldeasturias.com\/noticias\/alderiques-dasturies-entama-nueva-temporada-en-muymuytv\/#blogposting","name":"Alderiques d\u2019Asturies entama nueva temporada en MuyMuyTV - El Digital de Asturias","headline":"Alderiques d&#8217;Asturies entama nueva temporada en MuyMuyTV","author":{"@id":"https:\/\/www.eldigitaldeasturias.com\/noticias\/author\/admin\/#author"},"publisher":{"@id":"https:\/\/www.eldigitaldeasturias.com\/noticias\/#organization"},"image":{"@type":"ImageObject","url":"https:\/\/www.eldigitaldeasturias.com\/noticias\/wp-content\/uploads\/2016\/01\/tele.jpg","width":800,"height":532},"datePublished":"2016-09-20T17:16:18+02:00","dateModified":"2016-09-20T17:16:18+02:00","inLanguage":"es-ES","mainEntityOfPage":{"@id":"https:\/\/www.eldigitaldeasturias.com\/noticias\/alderiques-dasturies-entama-nueva-temporada-en-muymuytv\/#webpage"},"isPartOf":{"@id":"https:\/\/www.eldigitaldeasturias.com\/noticias\/alderiques-dasturies-entama-nueva-temporada-en-muymuytv\/#webpage"},"articleSection":"Actualidad Asturias"},{"@type":"BreadcrumbList","@id":"https:\/\/www.eldigitaldeasturias.com\/noticias\/alderiques-dasturies-entama-nueva-temporada-en-muymuytv\/#breadcrumblist","itemListElement":[{"@type":"ListItem","@id":"https:\/\/www.eldigitaldeasturias.com\/noticias#listItem","position":1,"name":"Home","item":"https:\/\/www.eldigitaldeasturias.com\/noticias","nextItem":{"@type":"ListItem","@id":"https:\/\/www.eldigitaldeasturias.com\/noticias\/category\/actualidad-asturias\/#listItem","name":"Actualidad Asturias"}},{"@type":"ListItem","@id":"https:\/\/www.eldigitaldeasturias.com\/noticias\/category\/actualidad-asturias\/#listItem","position":2,"name":"Actualidad Asturias","item":"https:\/\/www.eldigitaldeasturias.com\/noticias\/category\/actualidad-asturias\/","nextItem":{"@type":"ListItem","@id":"https:\/\/www.eldigitaldeasturias.com\/noticias\/alderiques-dasturies-entama-nueva-temporada-en-muymuytv\/#listItem","name":"Alderiques d&#8217;Asturies entama nueva temporada en MuyMuyTV"},"previousItem":{"@type":"ListItem","@id":"https:\/\/www.eldigitaldeasturias.com\/noticias#listItem","name":"Home"}},{"@type":"ListItem","@id":"https:\/\/www.eldigitaldeasturias.com\/noticias\/alderiques-dasturies-entama-nueva-temporada-en-muymuytv\/#listItem","position":3,"name":"Alderiques d&#8217;Asturies entama nueva temporada en MuyMuyTV","previousItem":{"@type":"ListItem","@id":"https:\/\/www.eldigitaldeasturias.com\/noticias\/category\/actualidad-asturias\/#listItem","name":"Actualidad Asturias"}}]},{"@type":"Organization","@id":"https:\/\/www.eldigitaldeasturias.com\/noticias\/#organization","name":"El Digital de Asturias","description":"Hemeroteca","url":"https:\/\/www.eldigitaldeasturias.com\/noticias\/","email":"info@eldigitaldeasturias.com","telephone":"+34652131393","logo":{"@type":"ImageObject","url":"https:\/\/www.eldigitaldeasturias.com\/noticias\/wp-content\/uploads\/2020\/12\/EDA.jpg","@id":"https:\/\/www.eldigitaldeasturias.com\/noticias\/alderiques-dasturies-entama-nueva-temporada-en-muymuytv\/#organizationLogo","width":649,"height":297},"image":{"@id":"https:\/\/www.eldigitaldeasturias.com\/noticias\/alderiques-dasturies-entama-nueva-temporada-en-muymuytv\/#organizationLogo"},"sameAs":["https:\/\/facebook.com\/eldigitaldeasturias","https:\/\/www.youtube.com\/channel\/UCZP-2wLEB9Rv6erhFmqVnvg"],"address":{"@id":"https:\/\/www.eldigitaldeasturias.com\/noticias\/#postaladdress","@type":"PostalAddress","streetAddress":"san antonio 4,","postalCode":"33430","addressLocality":"Cand\u00e1s","addressRegion":"Asturias","addressCountry":"ES"}},{"@type":"Person","@id":"https:\/\/www.eldigitaldeasturias.com\/noticias\/author\/admin\/#author","url":"https:\/\/www.eldigitaldeasturias.com\/noticias\/author\/admin\/","name":"El Digital de Asturias","image":{"@type":"ImageObject","@id":"https:\/\/www.eldigitaldeasturias.com\/noticias\/alderiques-dasturies-entama-nueva-temporada-en-muymuytv\/#authorImage","url":"https:\/\/www.eldigitaldeasturias.com\/noticias\/wp-content\/litespeed\/avatar\/18677e78aa0546b92d9dbf31ec7d7668.jpg?ver=1777290358","width":96,"height":96,"caption":"El Digital de Asturias"}},{"@type":"WebPage","@id":"https:\/\/www.eldigitaldeasturias.com\/noticias\/alderiques-dasturies-entama-nueva-temporada-en-muymuytv\/#webpage","url":"https:\/\/www.eldigitaldeasturias.com\/noticias\/alderiques-dasturies-entama-nueva-temporada-en-muymuytv\/","name":"Alderiques d\u2019Asturies entama nueva temporada en MuyMuyTV - El Digital de Asturias","description":"Alderiques d\u2019Asturies entama esti s\u00e1badu la so segunda temporada na canal MuyMuyTV, qu'emite al travi\u00e9s de la TDT nos conceyos de Xix\u00f3n, Goz\u00f3n, Carre\u00f1o, Villaviciosa y Colunga y en toa Asturies por telecable. Nesta nueva temporada, sigue'l compromisu de facer un programa pa tolos asturianos y asturianes, en llingua asturiana y con conten\u00edos variaos nel","inLanguage":"es-ES","isPartOf":{"@id":"https:\/\/www.eldigitaldeasturias.com\/noticias\/#website"},"breadcrumb":{"@id":"https:\/\/www.eldigitaldeasturias.com\/noticias\/alderiques-dasturies-entama-nueva-temporada-en-muymuytv\/#breadcrumblist"},"author":{"@id":"https:\/\/www.eldigitaldeasturias.com\/noticias\/author\/admin\/#author"},"creator":{"@id":"https:\/\/www.eldigitaldeasturias.com\/noticias\/author\/admin\/#author"},"image":{"@type":"ImageObject","url":"https:\/\/www.eldigitaldeasturias.com\/noticias\/wp-content\/uploads\/2016\/01\/tele.jpg","@id":"https:\/\/www.eldigitaldeasturias.com\/noticias\/alderiques-dasturies-entama-nueva-temporada-en-muymuytv\/#mainImage","width":800,"height":532},"primaryImageOfPage":{"@id":"https:\/\/www.eldigitaldeasturias.com\/noticias\/alderiques-dasturies-entama-nueva-temporada-en-muymuytv\/#mainImage"},"datePublished":"2016-09-20T17:16:18+02:00","dateModified":"2016-09-20T17:16:18+02:00"},{"@type":"WebSite","@id":"https:\/\/www.eldigitaldeasturias.com\/noticias\/#website","url":"https:\/\/www.eldigitaldeasturias.com\/noticias\/","name":"El Digital de Asturias - Diario de actualidad y noticias","alternateName":"El Digital de Asturias - Diario de actualidad y noticias","description":"Hemeroteca","inLanguage":"es-ES","publisher":{"@id":"https:\/\/www.eldigitaldeasturias.com\/noticias\/#organization"}}]},"og:locale":"es_ES","og:site_name":"El Digital de Asturias","og:type":"article","og:title":"Alderiques d\u2019Asturies entama nueva temporada en MuyMuyTV - El Digital de Asturias","og:description":"Alderiques d\u2019Asturies entama esti s\u00e1badu la so segunda temporada na canal MuyMuyTV, qu'emite al travi\u00e9s de la TDT nos conceyos de Xix\u00f3n, Goz\u00f3n, Carre\u00f1o, Villaviciosa y Colunga y en toa Asturies por telecable. Nesta nueva temporada, sigue'l compromisu de facer un programa pa tolos asturianos y asturianes, en llingua asturiana y con conten\u00edos variaos nel","og:url":"https:\/\/www.eldigitaldeasturias.com\/noticias\/alderiques-dasturies-entama-nueva-temporada-en-muymuytv\/","og:image":"https:\/\/www.eldigitaldeasturias.com\/noticias\/wp-content\/uploads\/2016\/01\/tele.jpg","og:image:secure_url":"https:\/\/www.eldigitaldeasturias.com\/noticias\/wp-content\/uploads\/2016\/01\/tele.jpg","og:image:width":800,"og:image:height":532,"article:tag":["actualidad asturias"],"article:published_time":"2016-09-20T16:16:18+00:00","article:modified_time":"2016-09-20T16:16:18+00:00","article:publisher":"https:\/\/facebook.com\/eldigitaldeasturias","twitter:card":"summary_large_image","twitter:title":"Alderiques d\u2019Asturies entama nueva temporada en MuyMuyTV - El Digital de Asturias","twitter:description":"Alderiques d\u2019Asturies entama esti s\u00e1badu la so segunda temporada na canal MuyMuyTV, qu'emite al travi\u00e9s de la TDT nos conceyos de Xix\u00f3n, Goz\u00f3n, Carre\u00f1o, Villaviciosa y Colunga y en toa Asturies por telecable. Nesta nueva temporada, sigue'l compromisu de facer un programa pa tolos asturianos y asturianes, en llingua asturiana y con conten\u00edos variaos nel","twitter:image":"https:\/\/www.eldigitaldeasturias.com\/noticias\/wp-content\/uploads\/2016\/01\/tele.jpg","twitter:label1":"Escrito por","twitter:data1":"El Digital de Asturias","twitter:label2":"Tiempo de lectura estimado","twitter:data2":"1 minuto"},"aioseo_meta_data":{"post_id":"908618","title":null,"description":null,"keywords":null,"keyphrases":null,"primary_term":null,"canonical_url":null,"og_title":null,"og_description":null,"og_object_type":"default","og_image_type":"default","og_image_url":null,"og_image_width":null,"og_image_height":null,"og_image_custom_url":null,"og_image_custom_fields":null,"og_video":null,"og_custom_url":null,"og_article_section":null,"og_article_tags":null,"twitter_use_og":false,"twitter_card":"default","twitter_image_type":"default","twitter_image_url":null,"twitter_image_custom_url":null,"twitter_image_custom_fields":null,"twitter_title":null,"twitter_description":null,"schema":{"blockGraphs":[],"customGraphs":[],"default":{"data":{"Article":[],"Course":[],"Dataset":[],"FAQPage":[],"Movie":[],"Person":[],"Product":[],"ProductReview":[],"Car":[],"Recipe":[],"Service":[],"SoftwareApplication":[],"WebPage":[]},"graphName":"","isEnabled":true},"graphs":[],"defaultGraph":"","defaultPostTypeGraph":""},"schema_type":null,"schema_type_options":null,"pillar_content":false,"robots_default":true,"robots_noindex":false,"robots_noarchive":false,"robots_nosnippet":false,"robots_nofollow":false,"robots_noimageindex":false,"robots_noodp":false,"robots_notranslate":false,"robots_max_snippet":null,"robots_max_videopreview":null,"robots_max_imagepreview":"large","priority":null,"frequency":null,"local_seo":null,"seo_analyzer_scan_date":"2025-11-30 16:51:16","breadcrumb_settings":null,"limit_modified_date":false,"open_ai":null,"ai":null,"created":"2020-12-21 14:00:04","updated":"2025-11-30 16:51:16"},"aioseo_breadcrumb":"<div class=\"aioseo-breadcrumbs\"><span class=\"aioseo-breadcrumb\">\n\t<a href=\"https:\/\/www.eldigitaldeasturias.com\/noticias\" title=\"Home\">Home<\/a>\n<\/span><span class=\"aioseo-breadcrumb-separator\">\u2013<\/span><span class=\"aioseo-breadcrumb\">\n\t<a href=\"https:\/\/www.eldigitaldeasturias.com\/noticias\/category\/actualidad-asturias\/\" title=\"Actualidad Asturias\">Actualidad Asturias<\/a>\n<\/span><span class=\"aioseo-breadcrumb-separator\">\u2013<\/span><span class=\"aioseo-breadcrumb\">\n\t<a href=\"https:\/\/www.eldigitaldeasturias.com\/noticias\/alderiques-dasturies-entama-nueva-temporada-en-muymuytv\/\" title=\"Alderiques d\u2019Asturies entama nueva temporada en MuyMuyTV\">Alderiques d\u2019Asturies entama nueva temporada en MuyMuyTV<\/a>\n<\/span><\/div>","aioseo_breadcrumb_json":[{"label":"Home","link":"https:\/\/www.eldigitaldeasturias.com\/noticias"},{"label":"Actualidad Asturias","link":"https:\/\/www.eldigitaldeasturias.com\/noticias\/category\/actualidad-asturias\/"},{"label":"Alderiques d&#8217;Asturies entama nueva temporada en MuyMuyTV","link":"https:\/\/www.eldigitaldeasturias.com\/noticias\/alderiques-dasturies-entama-nueva-temporada-en-muymuytv\/"}],"_links":{"self":[{"href":"https:\/\/www.eldigitaldeasturias.com\/noticias\/wp-json\/wp\/v2\/posts\/908618","targetHints":{"allow":["GET"]}}],"collection":[{"href":"https:\/\/www.eldigitaldeasturias.com\/noticias\/wp-json\/wp\/v2\/posts"}],"about":[{"href":"https:\/\/www.eldigitaldeasturias.com\/noticias\/wp-json\/wp\/v2\/types\/post"}],"author":[{"embeddable":true,"href":"https:\/\/www.eldigitaldeasturias.com\/noticias\/wp-json\/wp\/v2\/users\/1"}],"replies":[{"embeddable":true,"href":"https:\/\/www.eldigitaldeasturias.com\/noticias\/wp-json\/wp\/v2\/comments?post=908618"}],"version-history":[{"count":0,"href":"https:\/\/www.eldigitaldeasturias.com\/noticias\/wp-json\/wp\/v2\/posts\/908618\/revisions"}],"wp:featuredmedia":[{"embeddable":true,"href":"https:\/\/www.eldigitaldeasturias.com\/noticias\/wp-json\/wp\/v2\/media\/841986"}],"wp:attachment":[{"href":"https:\/\/www.eldigitaldeasturias.com\/noticias\/wp-json\/wp\/v2\/media?parent=908618"}],"wp:term":[{"taxonomy":"category","embeddable":true,"href":"https:\/\/www.eldigitaldeasturias.com\/noticias\/wp-json\/wp\/v2\/categories?post=908618"},{"taxonomy":"post_tag","embeddable":true,"href":"https:\/\/www.eldigitaldeasturias.com\/noticias\/wp-json\/wp\/v2\/tags?post=908618"}],"curies":[{"name":"wp","href":"https:\/\/api.w.org\/{rel}","templated":true}]}}