{"id":908615,"date":"2016-09-20T16:55:44","date_gmt":"2016-09-20T15:55:44","guid":{"rendered":"http:\/\/www.eldigitaldeasturias.com\/noticias\/?p=908615"},"modified":"2016-09-20T16:55:44","modified_gmt":"2016-09-20T15:55:44","slug":"cocemfe-pide-que-las-gasolineras-espanolas-tengan-personal-de-atencion-al-publico","status":"publish","type":"post","link":"https:\/\/www.eldigitaldeasturias.com\/noticias\/cocemfe-pide-que-las-gasolineras-espanolas-tengan-personal-de-atencion-al-publico\/","title":{"rendered":"Cocemfe pide que las gasolineras espa\u00f1olas tengan personal de atenci\u00f3n al p\u00fablico"},"content":{"rendered":"<p><img loading=\"lazy\" decoding=\"async\" class=\"alignleft size-medium wp-image-908616\" src=\"https:\/\/www.eldigitaldeasturias.com\/noticias\/wp-content\/uploads\/2016\/09\/fotonoticia_20160920104405_800-346x320.jpg\" alt=\"fotonoticia_20160920104405_800\" width=\"346\" height=\"320\" srcset=\"https:\/\/www.eldigitaldeasturias.com\/noticias\/wp-content\/uploads\/2016\/09\/fotonoticia_20160920104405_800-346x320.jpg 346w, https:\/\/www.eldigitaldeasturias.com\/noticias\/wp-content\/uploads\/2016\/09\/fotonoticia_20160920104405_800-768x709.jpg 768w, https:\/\/www.eldigitaldeasturias.com\/noticias\/wp-content\/uploads\/2016\/09\/fotonoticia_20160920104405_800-650x600.jpg 650w, https:\/\/www.eldigitaldeasturias.com\/noticias\/wp-content\/uploads\/2016\/09\/fotonoticia_20160920104405_800.jpg 800w\" sizes=\"auto, (max-width: 346px) 100vw, 346px\" \/>La Confederaci\u00f3n Espa\u00f1ola de Personas con Discapacidad F\u00edsica y Org\u00e1nica (Cocemfe) reclama que todas las gasolineras del pa\u00eds cuenten siempre con personal de atenci\u00f3n al p\u00fablico durante su horario de apertura para que las personas con discapacidad reciban la asistencia necesaria para poder ejercer sus derechos como consumidores y hacer su vida con la mayor autonom\u00eda posible.<\/p>\n<p>La organizaci\u00f3n estima que la falta de personal en las gasolineras impide el disfrute de determinados bienes y servicios a las personas con movilidad reducida que no pueden repostar aut\u00f3nomamente, ya sea por su imposibilidad de dispensarlo por sus propios medios o porque no pueden acceder a los dispositivos de cobro.<\/p>\n<p>El presidente de Cocemfe, Anxo Queiruga, explica que \u00abesta situaci\u00f3n no solo se produce en las gasolineras desatendidas o low cost, sino tambi\u00e9n en aquellas que en horario nocturno \u00fanicamente prestan atenci\u00f3n en ventanilla y su personal no puede salir de las mismas para facilitar el repostaje de nuestro colectivo. Esto nos reduce el abanico existente de estaciones de servicio y, en muchas ocasiones, nos obliga a depender de la solidaridad de otros clientes para poder repostar\u00bb.<\/p>\n<p>Por ello, Cocemfe rechaza \u00abtajantemente\u00bb la postura de la Comisi\u00f3n Nacional de los Mercados y la Competencia (CNMC) sobre las gasolineras desatendidas y su propuesta de eliminar la regulaci\u00f3n de las comunidades aut\u00f3nomas que obliga a que exista personal durante las horas de apertura de dichas instalaciones.<\/p>\n<p>A diferencia de la CNMC, para Cocemfe s\u00ed est\u00e1 justificada la regulaci\u00f3n de muchas comunidades aut\u00f3nomas que imponen la presencia de personal durante el horario de apertura en este tipo de establecimientos, no solo para favorecer la igualdad de oportunidades y el ejercicio de los derechos de las personas con discapacidad, sino tambi\u00e9n por la protecci\u00f3n de los consumidores, la seguridad de la instalaci\u00f3n y el mantenimiento de puestos de trabajo.<\/p>\n<p>La Confederaci\u00f3n considera \u00abintolerable\u00bb la vulneraci\u00f3n de los derechos de las personas con discapacidad como consumidores que se est\u00e1 produciendo en las estaciones de servicio. En su opini\u00f3n, la proliferaci\u00f3n de gasolineras desatendidas en Espa\u00f1a y la falta de apoyos en horario nocturno est\u00e1n suponiendo para las personas con discapacidad \u00abuna clara discriminaci\u00f3n\u00bb que perjudica su autonom\u00eda y sus derechos como consumidores amparados por la ley.<\/p>\n<p>En este sentido, Queiruga cree que el descenso de los precios del carburante por la existencia de una mayor competencia en el sector nunca puede ser motivo para vulnerar los derechos de este colectivo al restringir su uso y disfrute de bienes y servicios a disposici\u00f3n del p\u00fablico. \u00abEs tan absurdo como permitir que se abran nuevos bares sin respetar las normas de accesibilidad porque van a ofrecer el caf\u00e9 m\u00e1s barato o abrir hoteles llenos de barreras porque el precio de sus habitaciones ser\u00e1 low cost\u00bb, cuestiona.<\/p>\n<p>Adem\u00e1s, la entidad apuesta por un cambio en la legislaci\u00f3n estatal que obligue en todos los territorios a disponer en todo momento de personal de atenci\u00f3n al p\u00fablico y que \u00e9ste asista a los conductores con discapacidad en el repostaje de carburante y tareas conexas, tal y como reclama todo el sector de la discapacidad a trav\u00e9s del CERMI.<\/p>\n<p>&nbsp;<\/p>\n<p>&nbsp;<\/p>\n","protected":false},"excerpt":{"rendered":"<p>La Confederaci\u00f3n Espa\u00f1ola de Personas con Discapacidad F\u00edsica y Org\u00e1nica (Cocemfe) reclama que todas las gasolineras del pa\u00eds cuenten siempre con personal de atenci\u00f3n al p\u00fablico durante su horario de apertura para que las personas con discapacidad reciban la asistencia necesaria para poder ejercer sus derechos como consumidores y hacer su vida con la mayor [&hellip;]<\/p>\n","protected":false},"author":1,"featured_media":908616,"comment_status":"closed","ping_status":"closed","sticky":false,"template":"","format":"standard","meta":{"footnotes":""},"categories":[28],"tags":[],"class_list":["post-908615","post","type-post","status-publish","format-standard","has-post-thumbnail","hentry","category-sociedad"],"aioseo_notices":[],"aioseo_head":"\n\t\t<!-- All in One SEO Pro 4.9.6.2 - aioseo.com -->\n\t<meta name=\"description\" content=\"La Confederaci\u00f3n Espa\u00f1ola de Personas con Discapacidad F\u00edsica y Org\u00e1nica (Cocemfe) reclama que todas las gasolineras del pa\u00eds cuenten siempre con personal de atenci\u00f3n al p\u00fablico durante su horario de apertura para que las personas con discapacidad reciban la asistencia necesaria para poder ejercer sus derechos como consumidores y hacer su vida con la mayor\" \/>\n\t<meta name=\"robots\" content=\"max-image-preview:large\" \/>\n\t<meta name=\"author\" content=\"El Digital de Asturias\"\/>\n\t<meta name=\"google-site-verification\" content=\"UA-38556648-1\" \/>\n\t<meta name=\"msvalidate.01\" content=\"7dfe9f3f1b24437ab69f4f2559babe99\" \/>\n\t<meta name=\"keywords\" content=\"sociedad\" \/>\n\t<link rel=\"canonical\" href=\"https:\/\/www.eldigitaldeasturias.com\/noticias\/cocemfe-pide-que-las-gasolineras-espanolas-tengan-personal-de-atencion-al-publico\/\" \/>\n\t<meta name=\"generator\" content=\"All in One SEO Pro (AIOSEO) 4.9.6.2\" \/>\n\t\t<meta property=\"og:locale\" content=\"es_ES\" \/>\n\t\t<meta property=\"og:site_name\" content=\"El Digital de Asturias\" \/>\n\t\t<meta property=\"og:type\" content=\"article\" \/>\n\t\t<meta property=\"og:title\" content=\"Cocemfe pide que las gasolineras espa\u00f1olas tengan personal de atenci\u00f3n al p\u00fablico - El Digital de Asturias\" \/>\n\t\t<meta property=\"og:description\" content=\"La Confederaci\u00f3n Espa\u00f1ola de Personas con Discapacidad F\u00edsica y Org\u00e1nica (Cocemfe) reclama que todas las gasolineras del pa\u00eds cuenten siempre con personal de atenci\u00f3n al p\u00fablico durante su horario de apertura para que las personas con discapacidad reciban la asistencia necesaria para poder ejercer sus derechos como consumidores y hacer su vida con la mayor\" \/>\n\t\t<meta property=\"og:url\" content=\"https:\/\/www.eldigitaldeasturias.com\/noticias\/cocemfe-pide-que-las-gasolineras-espanolas-tengan-personal-de-atencion-al-publico\/\" \/>\n\t\t<meta property=\"og:image\" content=\"https:\/\/www.eldigitaldeasturias.com\/noticias\/wp-content\/uploads\/2016\/09\/fotonoticia_20160920104405_800.jpg\" \/>\n\t\t<meta property=\"og:image:secure_url\" content=\"https:\/\/www.eldigitaldeasturias.com\/noticias\/wp-content\/uploads\/2016\/09\/fotonoticia_20160920104405_800.jpg\" \/>\n\t\t<meta property=\"og:image:width\" content=\"800\" \/>\n\t\t<meta property=\"og:image:height\" content=\"739\" \/>\n\t\t<meta property=\"article:tag\" content=\"sociedad\" \/>\n\t\t<meta property=\"article:published_time\" content=\"2016-09-20T15:55:44+00:00\" \/>\n\t\t<meta property=\"article:modified_time\" content=\"2016-09-20T15:55:44+00:00\" \/>\n\t\t<meta property=\"article:publisher\" content=\"https:\/\/facebook.com\/eldigitaldeasturias\" \/>\n\t\t<meta name=\"twitter:card\" content=\"summary_large_image\" \/>\n\t\t<meta name=\"twitter:title\" content=\"Cocemfe pide que las gasolineras espa\u00f1olas tengan personal de atenci\u00f3n al p\u00fablico - El Digital de Asturias\" \/>\n\t\t<meta name=\"twitter:description\" content=\"La Confederaci\u00f3n Espa\u00f1ola de Personas con Discapacidad F\u00edsica y Org\u00e1nica (Cocemfe) reclama que todas las gasolineras del pa\u00eds cuenten siempre con personal de atenci\u00f3n al p\u00fablico durante su horario de apertura para que las personas con discapacidad reciban la asistencia necesaria para poder ejercer sus derechos como consumidores y hacer su vida con la mayor\" \/>\n\t\t<meta name=\"twitter:image\" content=\"https:\/\/www.eldigitaldeasturias.com\/noticias\/wp-content\/uploads\/2016\/09\/fotonoticia_20160920104405_800.jpg\" \/>\n\t\t<meta name=\"twitter:label1\" content=\"Escrito por\" \/>\n\t\t<meta name=\"twitter:data1\" content=\"El Digital de Asturias\" \/>\n\t\t<meta name=\"twitter:label2\" content=\"Tiempo de lectura estimado\" \/>\n\t\t<meta name=\"twitter:data2\" content=\"3 minutos\" \/>\n\t\t<script type=\"application\/ld+json\" class=\"aioseo-schema\">\n\t\t\t{\"@context\":\"https:\\\/\\\/schema.org\",\"@graph\":[{\"@type\":\"BlogPosting\",\"@id\":\"https:\\\/\\\/www.eldigitaldeasturias.com\\\/noticias\\\/cocemfe-pide-que-las-gasolineras-espanolas-tengan-personal-de-atencion-al-publico\\\/#blogposting\",\"name\":\"Cocemfe pide que las gasolineras espa\\u00f1olas tengan personal de atenci\\u00f3n al p\\u00fablico - El Digital de Asturias\",\"headline\":\"Cocemfe pide que las gasolineras espa\\u00f1olas tengan personal de atenci\\u00f3n al p\\u00fablico\",\"author\":{\"@id\":\"https:\\\/\\\/www.eldigitaldeasturias.com\\\/noticias\\\/author\\\/admin\\\/#author\"},\"publisher\":{\"@id\":\"https:\\\/\\\/www.eldigitaldeasturias.com\\\/noticias\\\/#organization\"},\"image\":{\"@type\":\"ImageObject\",\"url\":\"https:\\\/\\\/www.eldigitaldeasturias.com\\\/noticias\\\/wp-content\\\/uploads\\\/2016\\\/09\\\/fotonoticia_20160920104405_800.jpg\",\"width\":800,\"height\":739},\"datePublished\":\"2016-09-20T16:55:44+02:00\",\"dateModified\":\"2016-09-20T16:55:44+02:00\",\"inLanguage\":\"es-ES\",\"mainEntityOfPage\":{\"@id\":\"https:\\\/\\\/www.eldigitaldeasturias.com\\\/noticias\\\/cocemfe-pide-que-las-gasolineras-espanolas-tengan-personal-de-atencion-al-publico\\\/#webpage\"},\"isPartOf\":{\"@id\":\"https:\\\/\\\/www.eldigitaldeasturias.com\\\/noticias\\\/cocemfe-pide-que-las-gasolineras-espanolas-tengan-personal-de-atencion-al-publico\\\/#webpage\"},\"articleSection\":\"Sociedad\"},{\"@type\":\"BreadcrumbList\",\"@id\":\"https:\\\/\\\/www.eldigitaldeasturias.com\\\/noticias\\\/cocemfe-pide-que-las-gasolineras-espanolas-tengan-personal-de-atencion-al-publico\\\/#breadcrumblist\",\"itemListElement\":[{\"@type\":\"ListItem\",\"@id\":\"https:\\\/\\\/www.eldigitaldeasturias.com\\\/noticias#listItem\",\"position\":1,\"name\":\"Home\",\"item\":\"https:\\\/\\\/www.eldigitaldeasturias.com\\\/noticias\",\"nextItem\":{\"@type\":\"ListItem\",\"@id\":\"https:\\\/\\\/www.eldigitaldeasturias.com\\\/noticias\\\/category\\\/sociedad\\\/#listItem\",\"name\":\"Sociedad\"}},{\"@type\":\"ListItem\",\"@id\":\"https:\\\/\\\/www.eldigitaldeasturias.com\\\/noticias\\\/category\\\/sociedad\\\/#listItem\",\"position\":2,\"name\":\"Sociedad\",\"item\":\"https:\\\/\\\/www.eldigitaldeasturias.com\\\/noticias\\\/category\\\/sociedad\\\/\",\"nextItem\":{\"@type\":\"ListItem\",\"@id\":\"https:\\\/\\\/www.eldigitaldeasturias.com\\\/noticias\\\/cocemfe-pide-que-las-gasolineras-espanolas-tengan-personal-de-atencion-al-publico\\\/#listItem\",\"name\":\"Cocemfe pide que las gasolineras espa\\u00f1olas tengan personal de atenci\\u00f3n al p\\u00fablico\"},\"previousItem\":{\"@type\":\"ListItem\",\"@id\":\"https:\\\/\\\/www.eldigitaldeasturias.com\\\/noticias#listItem\",\"name\":\"Home\"}},{\"@type\":\"ListItem\",\"@id\":\"https:\\\/\\\/www.eldigitaldeasturias.com\\\/noticias\\\/cocemfe-pide-que-las-gasolineras-espanolas-tengan-personal-de-atencion-al-publico\\\/#listItem\",\"position\":3,\"name\":\"Cocemfe pide que las gasolineras espa\\u00f1olas tengan personal de atenci\\u00f3n al p\\u00fablico\",\"previousItem\":{\"@type\":\"ListItem\",\"@id\":\"https:\\\/\\\/www.eldigitaldeasturias.com\\\/noticias\\\/category\\\/sociedad\\\/#listItem\",\"name\":\"Sociedad\"}}]},{\"@type\":\"Organization\",\"@id\":\"https:\\\/\\\/www.eldigitaldeasturias.com\\\/noticias\\\/#organization\",\"name\":\"El Digital de Asturias\",\"description\":\"Hemeroteca\",\"url\":\"https:\\\/\\\/www.eldigitaldeasturias.com\\\/noticias\\\/\",\"email\":\"info@eldigitaldeasturias.com\",\"telephone\":\"+34652131393\",\"logo\":{\"@type\":\"ImageObject\",\"url\":\"https:\\\/\\\/www.eldigitaldeasturias.com\\\/noticias\\\/wp-content\\\/uploads\\\/2020\\\/12\\\/EDA.jpg\",\"@id\":\"https:\\\/\\\/www.eldigitaldeasturias.com\\\/noticias\\\/cocemfe-pide-que-las-gasolineras-espanolas-tengan-personal-de-atencion-al-publico\\\/#organizationLogo\",\"width\":649,\"height\":297},\"image\":{\"@id\":\"https:\\\/\\\/www.eldigitaldeasturias.com\\\/noticias\\\/cocemfe-pide-que-las-gasolineras-espanolas-tengan-personal-de-atencion-al-publico\\\/#organizationLogo\"},\"sameAs\":[\"https:\\\/\\\/facebook.com\\\/eldigitaldeasturias\",\"https:\\\/\\\/www.youtube.com\\\/channel\\\/UCZP-2wLEB9Rv6erhFmqVnvg\"],\"address\":{\"@id\":\"https:\\\/\\\/www.eldigitaldeasturias.com\\\/noticias\\\/#postaladdress\",\"@type\":\"PostalAddress\",\"streetAddress\":\"san antonio 4,\",\"postalCode\":\"33430\",\"addressLocality\":\"Cand\\u00e1s\",\"addressRegion\":\"Asturias\",\"addressCountry\":\"ES\"}},{\"@type\":\"Person\",\"@id\":\"https:\\\/\\\/www.eldigitaldeasturias.com\\\/noticias\\\/author\\\/admin\\\/#author\",\"url\":\"https:\\\/\\\/www.eldigitaldeasturias.com\\\/noticias\\\/author\\\/admin\\\/\",\"name\":\"El Digital de Asturias\",\"image\":{\"@type\":\"ImageObject\",\"@id\":\"https:\\\/\\\/www.eldigitaldeasturias.com\\\/noticias\\\/cocemfe-pide-que-las-gasolineras-espanolas-tengan-personal-de-atencion-al-publico\\\/#authorImage\",\"url\":\"https:\\\/\\\/www.eldigitaldeasturias.com\\\/noticias\\\/wp-content\\\/litespeed\\\/avatar\\\/18677e78aa0546b92d9dbf31ec7d7668.jpg?ver=1777290358\",\"width\":96,\"height\":96,\"caption\":\"El Digital de Asturias\"}},{\"@type\":\"WebPage\",\"@id\":\"https:\\\/\\\/www.eldigitaldeasturias.com\\\/noticias\\\/cocemfe-pide-que-las-gasolineras-espanolas-tengan-personal-de-atencion-al-publico\\\/#webpage\",\"url\":\"https:\\\/\\\/www.eldigitaldeasturias.com\\\/noticias\\\/cocemfe-pide-que-las-gasolineras-espanolas-tengan-personal-de-atencion-al-publico\\\/\",\"name\":\"Cocemfe pide que las gasolineras espa\\u00f1olas tengan personal de atenci\\u00f3n al p\\u00fablico - El Digital de Asturias\",\"description\":\"La Confederaci\\u00f3n Espa\\u00f1ola de Personas con Discapacidad F\\u00edsica y Org\\u00e1nica (Cocemfe) reclama que todas las gasolineras del pa\\u00eds cuenten siempre con personal de atenci\\u00f3n al p\\u00fablico durante su horario de apertura para que las personas con discapacidad reciban la asistencia necesaria para poder ejercer sus derechos como consumidores y hacer su vida con la mayor\",\"inLanguage\":\"es-ES\",\"isPartOf\":{\"@id\":\"https:\\\/\\\/www.eldigitaldeasturias.com\\\/noticias\\\/#website\"},\"breadcrumb\":{\"@id\":\"https:\\\/\\\/www.eldigitaldeasturias.com\\\/noticias\\\/cocemfe-pide-que-las-gasolineras-espanolas-tengan-personal-de-atencion-al-publico\\\/#breadcrumblist\"},\"author\":{\"@id\":\"https:\\\/\\\/www.eldigitaldeasturias.com\\\/noticias\\\/author\\\/admin\\\/#author\"},\"creator\":{\"@id\":\"https:\\\/\\\/www.eldigitaldeasturias.com\\\/noticias\\\/author\\\/admin\\\/#author\"},\"image\":{\"@type\":\"ImageObject\",\"url\":\"https:\\\/\\\/www.eldigitaldeasturias.com\\\/noticias\\\/wp-content\\\/uploads\\\/2016\\\/09\\\/fotonoticia_20160920104405_800.jpg\",\"@id\":\"https:\\\/\\\/www.eldigitaldeasturias.com\\\/noticias\\\/cocemfe-pide-que-las-gasolineras-espanolas-tengan-personal-de-atencion-al-publico\\\/#mainImage\",\"width\":800,\"height\":739},\"primaryImageOfPage\":{\"@id\":\"https:\\\/\\\/www.eldigitaldeasturias.com\\\/noticias\\\/cocemfe-pide-que-las-gasolineras-espanolas-tengan-personal-de-atencion-al-publico\\\/#mainImage\"},\"datePublished\":\"2016-09-20T16:55:44+02:00\",\"dateModified\":\"2016-09-20T16:55:44+02:00\"},{\"@type\":\"WebSite\",\"@id\":\"https:\\\/\\\/www.eldigitaldeasturias.com\\\/noticias\\\/#website\",\"url\":\"https:\\\/\\\/www.eldigitaldeasturias.com\\\/noticias\\\/\",\"name\":\"El Digital de Asturias - Diario de actualidad y noticias\",\"alternateName\":\"El Digital de Asturias - Diario de actualidad y noticias\",\"description\":\"Hemeroteca\",\"inLanguage\":\"es-ES\",\"publisher\":{\"@id\":\"https:\\\/\\\/www.eldigitaldeasturias.com\\\/noticias\\\/#organization\"}}]}\n\t\t<\/script>\n\t\t<!-- All in One SEO Pro -->\r\n\t\t<title>Cocemfe pide que las gasolineras espa\u00f1olas tengan personal de atenci\u00f3n al p\u00fablico - El Digital de Asturias<\/title>\n\n","aioseo_head_json":{"title":"Cocemfe pide que las gasolineras espa\u00f1olas tengan personal de atenci\u00f3n al p\u00fablico - El Digital de Asturias","description":"La Confederaci\u00f3n Espa\u00f1ola de Personas con Discapacidad F\u00edsica y Org\u00e1nica (Cocemfe) reclama que todas las gasolineras del pa\u00eds cuenten siempre con personal de atenci\u00f3n al p\u00fablico durante su horario de apertura para que las personas con discapacidad reciban la asistencia necesaria para poder ejercer sus derechos como consumidores y hacer su vida con la mayor","canonical_url":"https:\/\/www.eldigitaldeasturias.com\/noticias\/cocemfe-pide-que-las-gasolineras-espanolas-tengan-personal-de-atencion-al-publico\/","robots":"max-image-preview:large","keywords":"sociedad","webmasterTools":{"google-site-verification":"UA-38556648-1","msvalidate.01":"7dfe9f3f1b24437ab69f4f2559babe99","miscellaneous":""},"schema":{"@context":"https:\/\/schema.org","@graph":[{"@type":"BlogPosting","@id":"https:\/\/www.eldigitaldeasturias.com\/noticias\/cocemfe-pide-que-las-gasolineras-espanolas-tengan-personal-de-atencion-al-publico\/#blogposting","name":"Cocemfe pide que las gasolineras espa\u00f1olas tengan personal de atenci\u00f3n al p\u00fablico - El Digital de Asturias","headline":"Cocemfe pide que las gasolineras espa\u00f1olas tengan personal de atenci\u00f3n al p\u00fablico","author":{"@id":"https:\/\/www.eldigitaldeasturias.com\/noticias\/author\/admin\/#author"},"publisher":{"@id":"https:\/\/www.eldigitaldeasturias.com\/noticias\/#organization"},"image":{"@type":"ImageObject","url":"https:\/\/www.eldigitaldeasturias.com\/noticias\/wp-content\/uploads\/2016\/09\/fotonoticia_20160920104405_800.jpg","width":800,"height":739},"datePublished":"2016-09-20T16:55:44+02:00","dateModified":"2016-09-20T16:55:44+02:00","inLanguage":"es-ES","mainEntityOfPage":{"@id":"https:\/\/www.eldigitaldeasturias.com\/noticias\/cocemfe-pide-que-las-gasolineras-espanolas-tengan-personal-de-atencion-al-publico\/#webpage"},"isPartOf":{"@id":"https:\/\/www.eldigitaldeasturias.com\/noticias\/cocemfe-pide-que-las-gasolineras-espanolas-tengan-personal-de-atencion-al-publico\/#webpage"},"articleSection":"Sociedad"},{"@type":"BreadcrumbList","@id":"https:\/\/www.eldigitaldeasturias.com\/noticias\/cocemfe-pide-que-las-gasolineras-espanolas-tengan-personal-de-atencion-al-publico\/#breadcrumblist","itemListElement":[{"@type":"ListItem","@id":"https:\/\/www.eldigitaldeasturias.com\/noticias#listItem","position":1,"name":"Home","item":"https:\/\/www.eldigitaldeasturias.com\/noticias","nextItem":{"@type":"ListItem","@id":"https:\/\/www.eldigitaldeasturias.com\/noticias\/category\/sociedad\/#listItem","name":"Sociedad"}},{"@type":"ListItem","@id":"https:\/\/www.eldigitaldeasturias.com\/noticias\/category\/sociedad\/#listItem","position":2,"name":"Sociedad","item":"https:\/\/www.eldigitaldeasturias.com\/noticias\/category\/sociedad\/","nextItem":{"@type":"ListItem","@id":"https:\/\/www.eldigitaldeasturias.com\/noticias\/cocemfe-pide-que-las-gasolineras-espanolas-tengan-personal-de-atencion-al-publico\/#listItem","name":"Cocemfe pide que las gasolineras espa\u00f1olas tengan personal de atenci\u00f3n al p\u00fablico"},"previousItem":{"@type":"ListItem","@id":"https:\/\/www.eldigitaldeasturias.com\/noticias#listItem","name":"Home"}},{"@type":"ListItem","@id":"https:\/\/www.eldigitaldeasturias.com\/noticias\/cocemfe-pide-que-las-gasolineras-espanolas-tengan-personal-de-atencion-al-publico\/#listItem","position":3,"name":"Cocemfe pide que las gasolineras espa\u00f1olas tengan personal de atenci\u00f3n al p\u00fablico","previousItem":{"@type":"ListItem","@id":"https:\/\/www.eldigitaldeasturias.com\/noticias\/category\/sociedad\/#listItem","name":"Sociedad"}}]},{"@type":"Organization","@id":"https:\/\/www.eldigitaldeasturias.com\/noticias\/#organization","name":"El Digital de Asturias","description":"Hemeroteca","url":"https:\/\/www.eldigitaldeasturias.com\/noticias\/","email":"info@eldigitaldeasturias.com","telephone":"+34652131393","logo":{"@type":"ImageObject","url":"https:\/\/www.eldigitaldeasturias.com\/noticias\/wp-content\/uploads\/2020\/12\/EDA.jpg","@id":"https:\/\/www.eldigitaldeasturias.com\/noticias\/cocemfe-pide-que-las-gasolineras-espanolas-tengan-personal-de-atencion-al-publico\/#organizationLogo","width":649,"height":297},"image":{"@id":"https:\/\/www.eldigitaldeasturias.com\/noticias\/cocemfe-pide-que-las-gasolineras-espanolas-tengan-personal-de-atencion-al-publico\/#organizationLogo"},"sameAs":["https:\/\/facebook.com\/eldigitaldeasturias","https:\/\/www.youtube.com\/channel\/UCZP-2wLEB9Rv6erhFmqVnvg"],"address":{"@id":"https:\/\/www.eldigitaldeasturias.com\/noticias\/#postaladdress","@type":"PostalAddress","streetAddress":"san antonio 4,","postalCode":"33430","addressLocality":"Cand\u00e1s","addressRegion":"Asturias","addressCountry":"ES"}},{"@type":"Person","@id":"https:\/\/www.eldigitaldeasturias.com\/noticias\/author\/admin\/#author","url":"https:\/\/www.eldigitaldeasturias.com\/noticias\/author\/admin\/","name":"El Digital de Asturias","image":{"@type":"ImageObject","@id":"https:\/\/www.eldigitaldeasturias.com\/noticias\/cocemfe-pide-que-las-gasolineras-espanolas-tengan-personal-de-atencion-al-publico\/#authorImage","url":"https:\/\/www.eldigitaldeasturias.com\/noticias\/wp-content\/litespeed\/avatar\/18677e78aa0546b92d9dbf31ec7d7668.jpg?ver=1777290358","width":96,"height":96,"caption":"El Digital de Asturias"}},{"@type":"WebPage","@id":"https:\/\/www.eldigitaldeasturias.com\/noticias\/cocemfe-pide-que-las-gasolineras-espanolas-tengan-personal-de-atencion-al-publico\/#webpage","url":"https:\/\/www.eldigitaldeasturias.com\/noticias\/cocemfe-pide-que-las-gasolineras-espanolas-tengan-personal-de-atencion-al-publico\/","name":"Cocemfe pide que las gasolineras espa\u00f1olas tengan personal de atenci\u00f3n al p\u00fablico - El Digital de Asturias","description":"La Confederaci\u00f3n Espa\u00f1ola de Personas con Discapacidad F\u00edsica y Org\u00e1nica (Cocemfe) reclama que todas las gasolineras del pa\u00eds cuenten siempre con personal de atenci\u00f3n al p\u00fablico durante su horario de apertura para que las personas con discapacidad reciban la asistencia necesaria para poder ejercer sus derechos como consumidores y hacer su vida con la mayor","inLanguage":"es-ES","isPartOf":{"@id":"https:\/\/www.eldigitaldeasturias.com\/noticias\/#website"},"breadcrumb":{"@id":"https:\/\/www.eldigitaldeasturias.com\/noticias\/cocemfe-pide-que-las-gasolineras-espanolas-tengan-personal-de-atencion-al-publico\/#breadcrumblist"},"author":{"@id":"https:\/\/www.eldigitaldeasturias.com\/noticias\/author\/admin\/#author"},"creator":{"@id":"https:\/\/www.eldigitaldeasturias.com\/noticias\/author\/admin\/#author"},"image":{"@type":"ImageObject","url":"https:\/\/www.eldigitaldeasturias.com\/noticias\/wp-content\/uploads\/2016\/09\/fotonoticia_20160920104405_800.jpg","@id":"https:\/\/www.eldigitaldeasturias.com\/noticias\/cocemfe-pide-que-las-gasolineras-espanolas-tengan-personal-de-atencion-al-publico\/#mainImage","width":800,"height":739},"primaryImageOfPage":{"@id":"https:\/\/www.eldigitaldeasturias.com\/noticias\/cocemfe-pide-que-las-gasolineras-espanolas-tengan-personal-de-atencion-al-publico\/#mainImage"},"datePublished":"2016-09-20T16:55:44+02:00","dateModified":"2016-09-20T16:55:44+02:00"},{"@type":"WebSite","@id":"https:\/\/www.eldigitaldeasturias.com\/noticias\/#website","url":"https:\/\/www.eldigitaldeasturias.com\/noticias\/","name":"El Digital de Asturias - Diario de actualidad y noticias","alternateName":"El Digital de Asturias - Diario de actualidad y noticias","description":"Hemeroteca","inLanguage":"es-ES","publisher":{"@id":"https:\/\/www.eldigitaldeasturias.com\/noticias\/#organization"}}]},"og:locale":"es_ES","og:site_name":"El Digital de Asturias","og:type":"article","og:title":"Cocemfe pide que las gasolineras espa\u00f1olas tengan personal de atenci\u00f3n al p\u00fablico - El Digital de Asturias","og:description":"La Confederaci\u00f3n Espa\u00f1ola de Personas con Discapacidad F\u00edsica y Org\u00e1nica (Cocemfe) reclama que todas las gasolineras del pa\u00eds cuenten siempre con personal de atenci\u00f3n al p\u00fablico durante su horario de apertura para que las personas con discapacidad reciban la asistencia necesaria para poder ejercer sus derechos como consumidores y hacer su vida con la mayor","og:url":"https:\/\/www.eldigitaldeasturias.com\/noticias\/cocemfe-pide-que-las-gasolineras-espanolas-tengan-personal-de-atencion-al-publico\/","og:image":"https:\/\/www.eldigitaldeasturias.com\/noticias\/wp-content\/uploads\/2016\/09\/fotonoticia_20160920104405_800.jpg","og:image:secure_url":"https:\/\/www.eldigitaldeasturias.com\/noticias\/wp-content\/uploads\/2016\/09\/fotonoticia_20160920104405_800.jpg","og:image:width":800,"og:image:height":739,"article:tag":["sociedad"],"article:published_time":"2016-09-20T15:55:44+00:00","article:modified_time":"2016-09-20T15:55:44+00:00","article:publisher":"https:\/\/facebook.com\/eldigitaldeasturias","twitter:card":"summary_large_image","twitter:title":"Cocemfe pide que las gasolineras espa\u00f1olas tengan personal de atenci\u00f3n al p\u00fablico - El Digital de Asturias","twitter:description":"La Confederaci\u00f3n Espa\u00f1ola de Personas con Discapacidad F\u00edsica y Org\u00e1nica (Cocemfe) reclama que todas las gasolineras del pa\u00eds cuenten siempre con personal de atenci\u00f3n al p\u00fablico durante su horario de apertura para que las personas con discapacidad reciban la asistencia necesaria para poder ejercer sus derechos como consumidores y hacer su vida con la mayor","twitter:image":"https:\/\/www.eldigitaldeasturias.com\/noticias\/wp-content\/uploads\/2016\/09\/fotonoticia_20160920104405_800.jpg","twitter:label1":"Escrito por","twitter:data1":"El Digital de Asturias","twitter:label2":"Tiempo de lectura estimado","twitter:data2":"3 minutos"},"aioseo_meta_data":{"post_id":"908615","title":null,"description":null,"keywords":null,"keyphrases":null,"primary_term":null,"canonical_url":null,"og_title":null,"og_description":null,"og_object_type":"default","og_image_type":"default","og_image_url":null,"og_image_width":null,"og_image_height":null,"og_image_custom_url":null,"og_image_custom_fields":null,"og_video":null,"og_custom_url":null,"og_article_section":null,"og_article_tags":null,"twitter_use_og":false,"twitter_card":"default","twitter_image_type":"default","twitter_image_url":null,"twitter_image_custom_url":null,"twitter_image_custom_fields":null,"twitter_title":null,"twitter_description":null,"schema":{"blockGraphs":[],"customGraphs":[],"default":{"data":{"Article":[],"Course":[],"Dataset":[],"FAQPage":[],"Movie":[],"Person":[],"Product":[],"ProductReview":[],"Car":[],"Recipe":[],"Service":[],"SoftwareApplication":[],"WebPage":[]},"graphName":"","isEnabled":true},"graphs":[],"defaultGraph":"","defaultPostTypeGraph":""},"schema_type":null,"schema_type_options":null,"pillar_content":false,"robots_default":true,"robots_noindex":false,"robots_noarchive":false,"robots_nosnippet":false,"robots_nofollow":false,"robots_noimageindex":false,"robots_noodp":false,"robots_notranslate":false,"robots_max_snippet":null,"robots_max_videopreview":null,"robots_max_imagepreview":"large","priority":null,"frequency":null,"local_seo":null,"seo_analyzer_scan_date":"2025-11-30 16:48:19","breadcrumb_settings":null,"limit_modified_date":false,"open_ai":null,"ai":null,"created":"2020-12-21 14:00:04","updated":"2025-11-30 16:48:19"},"aioseo_breadcrumb":"<div class=\"aioseo-breadcrumbs\"><span class=\"aioseo-breadcrumb\">\n\t<a href=\"https:\/\/www.eldigitaldeasturias.com\/noticias\" title=\"Home\">Home<\/a>\n<\/span><span class=\"aioseo-breadcrumb-separator\">\u2013<\/span><span class=\"aioseo-breadcrumb\">\n\t<a href=\"https:\/\/www.eldigitaldeasturias.com\/noticias\/category\/sociedad\/\" title=\"Sociedad\">Sociedad<\/a>\n<\/span><span class=\"aioseo-breadcrumb-separator\">\u2013<\/span><span class=\"aioseo-breadcrumb\">\n\t<a href=\"https:\/\/www.eldigitaldeasturias.com\/noticias\/cocemfe-pide-que-las-gasolineras-espanolas-tengan-personal-de-atencion-al-publico\/\" title=\"Cocemfe pide que las gasolineras espa\u00f1olas tengan personal de atenci\u00f3n al p\u00fablico\">Cocemfe pide que las gasolineras espa\u00f1olas tengan personal de atenci\u00f3n al p\u00fablico<\/a>\n<\/span><\/div>","aioseo_breadcrumb_json":[{"label":"Home","link":"https:\/\/www.eldigitaldeasturias.com\/noticias"},{"label":"Sociedad","link":"https:\/\/www.eldigitaldeasturias.com\/noticias\/category\/sociedad\/"},{"label":"Cocemfe pide que las gasolineras espa\u00f1olas tengan personal de atenci\u00f3n al p\u00fablico","link":"https:\/\/www.eldigitaldeasturias.com\/noticias\/cocemfe-pide-que-las-gasolineras-espanolas-tengan-personal-de-atencion-al-publico\/"}],"_links":{"self":[{"href":"https:\/\/www.eldigitaldeasturias.com\/noticias\/wp-json\/wp\/v2\/posts\/908615","targetHints":{"allow":["GET"]}}],"collection":[{"href":"https:\/\/www.eldigitaldeasturias.com\/noticias\/wp-json\/wp\/v2\/posts"}],"about":[{"href":"https:\/\/www.eldigitaldeasturias.com\/noticias\/wp-json\/wp\/v2\/types\/post"}],"author":[{"embeddable":true,"href":"https:\/\/www.eldigitaldeasturias.com\/noticias\/wp-json\/wp\/v2\/users\/1"}],"replies":[{"embeddable":true,"href":"https:\/\/www.eldigitaldeasturias.com\/noticias\/wp-json\/wp\/v2\/comments?post=908615"}],"version-history":[{"count":0,"href":"https:\/\/www.eldigitaldeasturias.com\/noticias\/wp-json\/wp\/v2\/posts\/908615\/revisions"}],"wp:featuredmedia":[{"embeddable":true,"href":"https:\/\/www.eldigitaldeasturias.com\/noticias\/wp-json\/wp\/v2\/media\/908616"}],"wp:attachment":[{"href":"https:\/\/www.eldigitaldeasturias.com\/noticias\/wp-json\/wp\/v2\/media?parent=908615"}],"wp:term":[{"taxonomy":"category","embeddable":true,"href":"https:\/\/www.eldigitaldeasturias.com\/noticias\/wp-json\/wp\/v2\/categories?post=908615"},{"taxonomy":"post_tag","embeddable":true,"href":"https:\/\/www.eldigitaldeasturias.com\/noticias\/wp-json\/wp\/v2\/tags?post=908615"}],"curies":[{"name":"wp","href":"https:\/\/api.w.org\/{rel}","templated":true}]}}