{"id":908612,"date":"2016-09-20T16:50:30","date_gmt":"2016-09-20T15:50:30","guid":{"rendered":"http:\/\/www.eldigitaldeasturias.com\/noticias\/?p=908612"},"modified":"2016-09-20T16:50:30","modified_gmt":"2016-09-20T15:50:30","slug":"pedro-leal-pide-que-el-alzheimer-sea-una-prioridad-sociosanitaria","status":"publish","type":"post","link":"https:\/\/www.eldigitaldeasturias.com\/noticias\/pedro-leal-pide-que-el-alzheimer-sea-una-prioridad-sociosanitaria\/","title":{"rendered":"Pedro Leal pide que el Alzh\u00e9imer sea una \u00abprioridad sociosanitaria\u00bb"},"content":{"rendered":"<p><img loading=\"lazy\" decoding=\"async\" class=\"alignleft size-medium wp-image-908613\" src=\"https:\/\/www.eldigitaldeasturias.com\/noticias\/wp-content\/uploads\/2016\/09\/fotonoticia_20160920103528_800-360x240.jpg\" alt=\"fotonoticia_20160920103528_800\" width=\"360\" height=\"240\" srcset=\"https:\/\/www.eldigitaldeasturias.com\/noticias\/wp-content\/uploads\/2016\/09\/fotonoticia_20160920103528_800-360x240.jpg 360w, https:\/\/www.eldigitaldeasturias.com\/noticias\/wp-content\/uploads\/2016\/09\/fotonoticia_20160920103528_800-768x512.jpg 768w, https:\/\/www.eldigitaldeasturias.com\/noticias\/wp-content\/uploads\/2016\/09\/fotonoticia_20160920103528_800-650x433.jpg 650w, https:\/\/www.eldigitaldeasturias.com\/noticias\/wp-content\/uploads\/2016\/09\/fotonoticia_20160920103528_800-84x55.jpg 84w, https:\/\/www.eldigitaldeasturias.com\/noticias\/wp-content\/uploads\/2016\/09\/fotonoticia_20160920103528_800-49x32.jpg 49w, https:\/\/www.eldigitaldeasturias.com\/noticias\/wp-content\/uploads\/2016\/09\/fotonoticia_20160920103528_800.jpg 800w\" sizes=\"auto, (max-width: 360px) 100vw, 360px\" \/>El diputado de Foro Asturias, Pedro Leal, ha reclamado que el Alzh\u00e9imer sea una \u00abprioridad sociosanitaria\u00bb en la conmemoraci\u00f3n del D\u00eda Mundial de esta enfermedad. En una nota de prensa, ha destacado la importancia de los f\u00e1rmacos y la asistencia social a enfermos y cuidadores.<\/p>\n<p>La asistencia social, ha dicho, es igualmente necesaria para los cuidadores, para las familias que indirectamente tambi\u00e9n sufren la enfermedad y \u00aba d\u00eda de hoy no hay nada\u00bb. En este sentido, Leal considera que \u00ablos actuales baremos de valoraci\u00f3n de la dependencia son absolutamente da\u00f1inos y desincentivadores para todas las personas con Alzh\u00e9imer\u00bb.<\/p>\n<p>Por ello considera necesario \u00abflexibilizar\u00bb el baremo, ya que Asturias es \u00abla comunidad m\u00e1s restrictiva de Espa\u00f1a a la hora de aplicarlos\u00bb. Se trata, a su juicio, de \u00abun golpe m\u00e1s\u00bb a los enfermos de Alzh\u00e9imer y a sus familias, ya que algunos se quedan al margen del derecho a ayudas a la dependencia.<\/p>\n<p>\u00abQue a la mayor\u00eda de estas personas con enfermedad mental se les asigne una dependencia de grado I, es decir, leve o, como mucho de grado II, moderada, es todo un desprop\u00f3sito, teniendo en cuenta que en la mayor\u00eda de los casos estas personas necesitan supervisi\u00f3n continua que no es tenida en cuenta seg\u00fan el baremo actual\u00bb, ha se\u00f1alado.<\/p>\n<p>El diputado recuerda que Asturias cuenta a d\u00eda de hoy con 3.225 personas con derecho reconocido que \u00aba\u00fan no han logrado que la Consejer\u00eda de Servicios y Derechos Sociales les d\u00e9 ninguna ayuda, y la mayor\u00eda de ellos son enfermos de Alzh\u00e9imer\u00bb. Esto se une, a\u00f1ade, a la dificultad del reconocimiento de la situaci\u00f3n de dependencia por los baremos aplicados, \u00abya que uno de cada cuatro solicitantes se queda fuera e incluso, si hay reconocimiento, s\u00f3lo el 73% de las resoluciones de dependencia conllevan ayuda econ\u00f3mica o acceso a prestaciones\u00bb.<\/p>\n<p>&nbsp;<\/p>\n","protected":false},"excerpt":{"rendered":"<p>El diputado de Foro Asturias, Pedro Leal, ha reclamado que el Alzh\u00e9imer sea una \u00abprioridad sociosanitaria\u00bb en la conmemoraci\u00f3n del D\u00eda Mundial de esta enfermedad. En una nota de prensa, ha destacado la importancia de los f\u00e1rmacos y la asistencia social a enfermos y cuidadores. La asistencia social, ha dicho, es igualmente necesaria para los [&hellip;]<\/p>\n","protected":false},"author":1,"featured_media":908613,"comment_status":"closed","ping_status":"closed","sticky":false,"template":"","format":"standard","meta":{"footnotes":""},"categories":[12],"tags":[],"class_list":["post-908612","post","type-post","status-publish","format-standard","has-post-thumbnail","hentry","category-actualidad-asturias"],"aioseo_notices":[],"aioseo_head":"\n\t\t<!-- All in One SEO Pro 4.9.6.2 - aioseo.com -->\n\t<meta name=\"description\" content=\"El diputado de Foro Asturias, Pedro Leal, ha reclamado que el Alzh\u00e9imer sea una &quot;prioridad sociosanitaria&quot; en la conmemoraci\u00f3n del D\u00eda Mundial de esta enfermedad. En una nota de prensa, ha destacado la importancia de los f\u00e1rmacos y la asistencia social a enfermos y cuidadores. La asistencia social, ha dicho, es igualmente necesaria para los\" \/>\n\t<meta name=\"robots\" content=\"max-image-preview:large\" \/>\n\t<meta name=\"author\" content=\"El Digital de Asturias\"\/>\n\t<meta name=\"google-site-verification\" content=\"UA-38556648-1\" \/>\n\t<meta name=\"msvalidate.01\" content=\"7dfe9f3f1b24437ab69f4f2559babe99\" \/>\n\t<meta name=\"keywords\" content=\"actualidad asturias\" \/>\n\t<link rel=\"canonical\" href=\"https:\/\/www.eldigitaldeasturias.com\/noticias\/pedro-leal-pide-que-el-alzheimer-sea-una-prioridad-sociosanitaria\/\" \/>\n\t<meta name=\"generator\" content=\"All in One SEO Pro (AIOSEO) 4.9.6.2\" \/>\n\t\t<meta property=\"og:locale\" content=\"es_ES\" \/>\n\t\t<meta property=\"og:site_name\" content=\"El Digital de Asturias\" \/>\n\t\t<meta property=\"og:type\" content=\"article\" \/>\n\t\t<meta property=\"og:title\" content=\"Pedro Leal pide que el Alzh\u00e9imer sea una \u00abprioridad sociosanitaria\u00bb - El Digital de Asturias\" \/>\n\t\t<meta property=\"og:description\" content=\"El diputado de Foro Asturias, Pedro Leal, ha reclamado que el Alzh\u00e9imer sea una &quot;prioridad sociosanitaria&quot; en la conmemoraci\u00f3n del D\u00eda Mundial de esta enfermedad. En una nota de prensa, ha destacado la importancia de los f\u00e1rmacos y la asistencia social a enfermos y cuidadores. La asistencia social, ha dicho, es igualmente necesaria para los\" \/>\n\t\t<meta property=\"og:url\" content=\"https:\/\/www.eldigitaldeasturias.com\/noticias\/pedro-leal-pide-que-el-alzheimer-sea-una-prioridad-sociosanitaria\/\" \/>\n\t\t<meta property=\"og:image\" content=\"https:\/\/www.eldigitaldeasturias.com\/noticias\/wp-content\/uploads\/2016\/09\/fotonoticia_20160920103528_800.jpg\" \/>\n\t\t<meta property=\"og:image:secure_url\" content=\"https:\/\/www.eldigitaldeasturias.com\/noticias\/wp-content\/uploads\/2016\/09\/fotonoticia_20160920103528_800.jpg\" \/>\n\t\t<meta property=\"og:image:width\" content=\"800\" \/>\n\t\t<meta property=\"og:image:height\" content=\"533\" \/>\n\t\t<meta property=\"article:tag\" content=\"actualidad asturias\" \/>\n\t\t<meta property=\"article:published_time\" content=\"2016-09-20T15:50:30+00:00\" \/>\n\t\t<meta property=\"article:modified_time\" content=\"2016-09-20T15:50:30+00:00\" \/>\n\t\t<meta property=\"article:publisher\" content=\"https:\/\/facebook.com\/eldigitaldeasturias\" \/>\n\t\t<meta name=\"twitter:card\" content=\"summary_large_image\" \/>\n\t\t<meta name=\"twitter:title\" content=\"Pedro Leal pide que el Alzh\u00e9imer sea una \u00abprioridad sociosanitaria\u00bb - El Digital de Asturias\" \/>\n\t\t<meta name=\"twitter:description\" content=\"El diputado de Foro Asturias, Pedro Leal, ha reclamado que el Alzh\u00e9imer sea una &quot;prioridad sociosanitaria&quot; en la conmemoraci\u00f3n del D\u00eda Mundial de esta enfermedad. En una nota de prensa, ha destacado la importancia de los f\u00e1rmacos y la asistencia social a enfermos y cuidadores. La asistencia social, ha dicho, es igualmente necesaria para los\" \/>\n\t\t<meta name=\"twitter:image\" content=\"https:\/\/www.eldigitaldeasturias.com\/noticias\/wp-content\/uploads\/2016\/09\/fotonoticia_20160920103528_800.jpg\" \/>\n\t\t<meta name=\"twitter:label1\" content=\"Escrito por\" \/>\n\t\t<meta name=\"twitter:data1\" content=\"El Digital de Asturias\" \/>\n\t\t<meta name=\"twitter:label2\" content=\"Tiempo de lectura estimado\" \/>\n\t\t<meta name=\"twitter:data2\" content=\"2 minutos\" \/>\n\t\t<script type=\"application\/ld+json\" class=\"aioseo-schema\">\n\t\t\t{\"@context\":\"https:\\\/\\\/schema.org\",\"@graph\":[{\"@type\":\"BlogPosting\",\"@id\":\"https:\\\/\\\/www.eldigitaldeasturias.com\\\/noticias\\\/pedro-leal-pide-que-el-alzheimer-sea-una-prioridad-sociosanitaria\\\/#blogposting\",\"name\":\"Pedro Leal pide que el Alzh\\u00e9imer sea una \\u00abprioridad sociosanitaria\\u00bb - El Digital de Asturias\",\"headline\":\"Pedro Leal pide que el Alzh\\u00e9imer sea una \\u00abprioridad sociosanitaria\\u00bb\",\"author\":{\"@id\":\"https:\\\/\\\/www.eldigitaldeasturias.com\\\/noticias\\\/author\\\/admin\\\/#author\"},\"publisher\":{\"@id\":\"https:\\\/\\\/www.eldigitaldeasturias.com\\\/noticias\\\/#organization\"},\"image\":{\"@type\":\"ImageObject\",\"url\":\"https:\\\/\\\/www.eldigitaldeasturias.com\\\/noticias\\\/wp-content\\\/uploads\\\/2016\\\/09\\\/fotonoticia_20160920103528_800.jpg\",\"width\":800,\"height\":533},\"datePublished\":\"2016-09-20T16:50:30+02:00\",\"dateModified\":\"2016-09-20T16:50:30+02:00\",\"inLanguage\":\"es-ES\",\"mainEntityOfPage\":{\"@id\":\"https:\\\/\\\/www.eldigitaldeasturias.com\\\/noticias\\\/pedro-leal-pide-que-el-alzheimer-sea-una-prioridad-sociosanitaria\\\/#webpage\"},\"isPartOf\":{\"@id\":\"https:\\\/\\\/www.eldigitaldeasturias.com\\\/noticias\\\/pedro-leal-pide-que-el-alzheimer-sea-una-prioridad-sociosanitaria\\\/#webpage\"},\"articleSection\":\"Actualidad Asturias\"},{\"@type\":\"BreadcrumbList\",\"@id\":\"https:\\\/\\\/www.eldigitaldeasturias.com\\\/noticias\\\/pedro-leal-pide-que-el-alzheimer-sea-una-prioridad-sociosanitaria\\\/#breadcrumblist\",\"itemListElement\":[{\"@type\":\"ListItem\",\"@id\":\"https:\\\/\\\/www.eldigitaldeasturias.com\\\/noticias#listItem\",\"position\":1,\"name\":\"Home\",\"item\":\"https:\\\/\\\/www.eldigitaldeasturias.com\\\/noticias\",\"nextItem\":{\"@type\":\"ListItem\",\"@id\":\"https:\\\/\\\/www.eldigitaldeasturias.com\\\/noticias\\\/category\\\/actualidad-asturias\\\/#listItem\",\"name\":\"Actualidad Asturias\"}},{\"@type\":\"ListItem\",\"@id\":\"https:\\\/\\\/www.eldigitaldeasturias.com\\\/noticias\\\/category\\\/actualidad-asturias\\\/#listItem\",\"position\":2,\"name\":\"Actualidad Asturias\",\"item\":\"https:\\\/\\\/www.eldigitaldeasturias.com\\\/noticias\\\/category\\\/actualidad-asturias\\\/\",\"nextItem\":{\"@type\":\"ListItem\",\"@id\":\"https:\\\/\\\/www.eldigitaldeasturias.com\\\/noticias\\\/pedro-leal-pide-que-el-alzheimer-sea-una-prioridad-sociosanitaria\\\/#listItem\",\"name\":\"Pedro Leal pide que el Alzh\\u00e9imer sea una \\u00abprioridad sociosanitaria\\u00bb\"},\"previousItem\":{\"@type\":\"ListItem\",\"@id\":\"https:\\\/\\\/www.eldigitaldeasturias.com\\\/noticias#listItem\",\"name\":\"Home\"}},{\"@type\":\"ListItem\",\"@id\":\"https:\\\/\\\/www.eldigitaldeasturias.com\\\/noticias\\\/pedro-leal-pide-que-el-alzheimer-sea-una-prioridad-sociosanitaria\\\/#listItem\",\"position\":3,\"name\":\"Pedro Leal pide que el Alzh\\u00e9imer sea una \\u00abprioridad sociosanitaria\\u00bb\",\"previousItem\":{\"@type\":\"ListItem\",\"@id\":\"https:\\\/\\\/www.eldigitaldeasturias.com\\\/noticias\\\/category\\\/actualidad-asturias\\\/#listItem\",\"name\":\"Actualidad Asturias\"}}]},{\"@type\":\"Organization\",\"@id\":\"https:\\\/\\\/www.eldigitaldeasturias.com\\\/noticias\\\/#organization\",\"name\":\"El Digital de Asturias\",\"description\":\"Hemeroteca\",\"url\":\"https:\\\/\\\/www.eldigitaldeasturias.com\\\/noticias\\\/\",\"email\":\"info@eldigitaldeasturias.com\",\"telephone\":\"+34652131393\",\"logo\":{\"@type\":\"ImageObject\",\"url\":\"https:\\\/\\\/www.eldigitaldeasturias.com\\\/noticias\\\/wp-content\\\/uploads\\\/2020\\\/12\\\/EDA.jpg\",\"@id\":\"https:\\\/\\\/www.eldigitaldeasturias.com\\\/noticias\\\/pedro-leal-pide-que-el-alzheimer-sea-una-prioridad-sociosanitaria\\\/#organizationLogo\",\"width\":649,\"height\":297},\"image\":{\"@id\":\"https:\\\/\\\/www.eldigitaldeasturias.com\\\/noticias\\\/pedro-leal-pide-que-el-alzheimer-sea-una-prioridad-sociosanitaria\\\/#organizationLogo\"},\"sameAs\":[\"https:\\\/\\\/facebook.com\\\/eldigitaldeasturias\",\"https:\\\/\\\/www.youtube.com\\\/channel\\\/UCZP-2wLEB9Rv6erhFmqVnvg\"],\"address\":{\"@id\":\"https:\\\/\\\/www.eldigitaldeasturias.com\\\/noticias\\\/#postaladdress\",\"@type\":\"PostalAddress\",\"streetAddress\":\"san antonio 4,\",\"postalCode\":\"33430\",\"addressLocality\":\"Cand\\u00e1s\",\"addressRegion\":\"Asturias\",\"addressCountry\":\"ES\"}},{\"@type\":\"Person\",\"@id\":\"https:\\\/\\\/www.eldigitaldeasturias.com\\\/noticias\\\/author\\\/admin\\\/#author\",\"url\":\"https:\\\/\\\/www.eldigitaldeasturias.com\\\/noticias\\\/author\\\/admin\\\/\",\"name\":\"El Digital de Asturias\",\"image\":{\"@type\":\"ImageObject\",\"@id\":\"https:\\\/\\\/www.eldigitaldeasturias.com\\\/noticias\\\/pedro-leal-pide-que-el-alzheimer-sea-una-prioridad-sociosanitaria\\\/#authorImage\",\"url\":\"https:\\\/\\\/www.eldigitaldeasturias.com\\\/noticias\\\/wp-content\\\/litespeed\\\/avatar\\\/18677e78aa0546b92d9dbf31ec7d7668.jpg?ver=1777290358\",\"width\":96,\"height\":96,\"caption\":\"El Digital de Asturias\"}},{\"@type\":\"WebPage\",\"@id\":\"https:\\\/\\\/www.eldigitaldeasturias.com\\\/noticias\\\/pedro-leal-pide-que-el-alzheimer-sea-una-prioridad-sociosanitaria\\\/#webpage\",\"url\":\"https:\\\/\\\/www.eldigitaldeasturias.com\\\/noticias\\\/pedro-leal-pide-que-el-alzheimer-sea-una-prioridad-sociosanitaria\\\/\",\"name\":\"Pedro Leal pide que el Alzh\\u00e9imer sea una \\u00abprioridad sociosanitaria\\u00bb - El Digital de Asturias\",\"description\":\"El diputado de Foro Asturias, Pedro Leal, ha reclamado que el Alzh\\u00e9imer sea una \\\"prioridad sociosanitaria\\\" en la conmemoraci\\u00f3n del D\\u00eda Mundial de esta enfermedad. En una nota de prensa, ha destacado la importancia de los f\\u00e1rmacos y la asistencia social a enfermos y cuidadores. La asistencia social, ha dicho, es igualmente necesaria para los\",\"inLanguage\":\"es-ES\",\"isPartOf\":{\"@id\":\"https:\\\/\\\/www.eldigitaldeasturias.com\\\/noticias\\\/#website\"},\"breadcrumb\":{\"@id\":\"https:\\\/\\\/www.eldigitaldeasturias.com\\\/noticias\\\/pedro-leal-pide-que-el-alzheimer-sea-una-prioridad-sociosanitaria\\\/#breadcrumblist\"},\"author\":{\"@id\":\"https:\\\/\\\/www.eldigitaldeasturias.com\\\/noticias\\\/author\\\/admin\\\/#author\"},\"creator\":{\"@id\":\"https:\\\/\\\/www.eldigitaldeasturias.com\\\/noticias\\\/author\\\/admin\\\/#author\"},\"image\":{\"@type\":\"ImageObject\",\"url\":\"https:\\\/\\\/www.eldigitaldeasturias.com\\\/noticias\\\/wp-content\\\/uploads\\\/2016\\\/09\\\/fotonoticia_20160920103528_800.jpg\",\"@id\":\"https:\\\/\\\/www.eldigitaldeasturias.com\\\/noticias\\\/pedro-leal-pide-que-el-alzheimer-sea-una-prioridad-sociosanitaria\\\/#mainImage\",\"width\":800,\"height\":533},\"primaryImageOfPage\":{\"@id\":\"https:\\\/\\\/www.eldigitaldeasturias.com\\\/noticias\\\/pedro-leal-pide-que-el-alzheimer-sea-una-prioridad-sociosanitaria\\\/#mainImage\"},\"datePublished\":\"2016-09-20T16:50:30+02:00\",\"dateModified\":\"2016-09-20T16:50:30+02:00\"},{\"@type\":\"WebSite\",\"@id\":\"https:\\\/\\\/www.eldigitaldeasturias.com\\\/noticias\\\/#website\",\"url\":\"https:\\\/\\\/www.eldigitaldeasturias.com\\\/noticias\\\/\",\"name\":\"El Digital de Asturias - Diario de actualidad y noticias\",\"alternateName\":\"El Digital de Asturias - Diario de actualidad y noticias\",\"description\":\"Hemeroteca\",\"inLanguage\":\"es-ES\",\"publisher\":{\"@id\":\"https:\\\/\\\/www.eldigitaldeasturias.com\\\/noticias\\\/#organization\"}}]}\n\t\t<\/script>\n\t\t<!-- All in One SEO Pro -->\r\n\t\t<title>Pedro Leal pide que el Alzh\u00e9imer sea una \u00abprioridad sociosanitaria\u00bb - El Digital de Asturias<\/title>\n\n","aioseo_head_json":{"title":"Pedro Leal pide que el Alzh\u00e9imer sea una \u00abprioridad sociosanitaria\u00bb - El Digital de Asturias","description":"El diputado de Foro Asturias, Pedro Leal, ha reclamado que el Alzh\u00e9imer sea una \"prioridad sociosanitaria\" en la conmemoraci\u00f3n del D\u00eda Mundial de esta enfermedad. En una nota de prensa, ha destacado la importancia de los f\u00e1rmacos y la asistencia social a enfermos y cuidadores. La asistencia social, ha dicho, es igualmente necesaria para los","canonical_url":"https:\/\/www.eldigitaldeasturias.com\/noticias\/pedro-leal-pide-que-el-alzheimer-sea-una-prioridad-sociosanitaria\/","robots":"max-image-preview:large","keywords":"actualidad asturias","webmasterTools":{"google-site-verification":"UA-38556648-1","msvalidate.01":"7dfe9f3f1b24437ab69f4f2559babe99","miscellaneous":""},"schema":{"@context":"https:\/\/schema.org","@graph":[{"@type":"BlogPosting","@id":"https:\/\/www.eldigitaldeasturias.com\/noticias\/pedro-leal-pide-que-el-alzheimer-sea-una-prioridad-sociosanitaria\/#blogposting","name":"Pedro Leal pide que el Alzh\u00e9imer sea una \u00abprioridad sociosanitaria\u00bb - El Digital de Asturias","headline":"Pedro Leal pide que el Alzh\u00e9imer sea una \u00abprioridad sociosanitaria\u00bb","author":{"@id":"https:\/\/www.eldigitaldeasturias.com\/noticias\/author\/admin\/#author"},"publisher":{"@id":"https:\/\/www.eldigitaldeasturias.com\/noticias\/#organization"},"image":{"@type":"ImageObject","url":"https:\/\/www.eldigitaldeasturias.com\/noticias\/wp-content\/uploads\/2016\/09\/fotonoticia_20160920103528_800.jpg","width":800,"height":533},"datePublished":"2016-09-20T16:50:30+02:00","dateModified":"2016-09-20T16:50:30+02:00","inLanguage":"es-ES","mainEntityOfPage":{"@id":"https:\/\/www.eldigitaldeasturias.com\/noticias\/pedro-leal-pide-que-el-alzheimer-sea-una-prioridad-sociosanitaria\/#webpage"},"isPartOf":{"@id":"https:\/\/www.eldigitaldeasturias.com\/noticias\/pedro-leal-pide-que-el-alzheimer-sea-una-prioridad-sociosanitaria\/#webpage"},"articleSection":"Actualidad Asturias"},{"@type":"BreadcrumbList","@id":"https:\/\/www.eldigitaldeasturias.com\/noticias\/pedro-leal-pide-que-el-alzheimer-sea-una-prioridad-sociosanitaria\/#breadcrumblist","itemListElement":[{"@type":"ListItem","@id":"https:\/\/www.eldigitaldeasturias.com\/noticias#listItem","position":1,"name":"Home","item":"https:\/\/www.eldigitaldeasturias.com\/noticias","nextItem":{"@type":"ListItem","@id":"https:\/\/www.eldigitaldeasturias.com\/noticias\/category\/actualidad-asturias\/#listItem","name":"Actualidad Asturias"}},{"@type":"ListItem","@id":"https:\/\/www.eldigitaldeasturias.com\/noticias\/category\/actualidad-asturias\/#listItem","position":2,"name":"Actualidad Asturias","item":"https:\/\/www.eldigitaldeasturias.com\/noticias\/category\/actualidad-asturias\/","nextItem":{"@type":"ListItem","@id":"https:\/\/www.eldigitaldeasturias.com\/noticias\/pedro-leal-pide-que-el-alzheimer-sea-una-prioridad-sociosanitaria\/#listItem","name":"Pedro Leal pide que el Alzh\u00e9imer sea una \u00abprioridad sociosanitaria\u00bb"},"previousItem":{"@type":"ListItem","@id":"https:\/\/www.eldigitaldeasturias.com\/noticias#listItem","name":"Home"}},{"@type":"ListItem","@id":"https:\/\/www.eldigitaldeasturias.com\/noticias\/pedro-leal-pide-que-el-alzheimer-sea-una-prioridad-sociosanitaria\/#listItem","position":3,"name":"Pedro Leal pide que el Alzh\u00e9imer sea una \u00abprioridad sociosanitaria\u00bb","previousItem":{"@type":"ListItem","@id":"https:\/\/www.eldigitaldeasturias.com\/noticias\/category\/actualidad-asturias\/#listItem","name":"Actualidad Asturias"}}]},{"@type":"Organization","@id":"https:\/\/www.eldigitaldeasturias.com\/noticias\/#organization","name":"El Digital de Asturias","description":"Hemeroteca","url":"https:\/\/www.eldigitaldeasturias.com\/noticias\/","email":"info@eldigitaldeasturias.com","telephone":"+34652131393","logo":{"@type":"ImageObject","url":"https:\/\/www.eldigitaldeasturias.com\/noticias\/wp-content\/uploads\/2020\/12\/EDA.jpg","@id":"https:\/\/www.eldigitaldeasturias.com\/noticias\/pedro-leal-pide-que-el-alzheimer-sea-una-prioridad-sociosanitaria\/#organizationLogo","width":649,"height":297},"image":{"@id":"https:\/\/www.eldigitaldeasturias.com\/noticias\/pedro-leal-pide-que-el-alzheimer-sea-una-prioridad-sociosanitaria\/#organizationLogo"},"sameAs":["https:\/\/facebook.com\/eldigitaldeasturias","https:\/\/www.youtube.com\/channel\/UCZP-2wLEB9Rv6erhFmqVnvg"],"address":{"@id":"https:\/\/www.eldigitaldeasturias.com\/noticias\/#postaladdress","@type":"PostalAddress","streetAddress":"san antonio 4,","postalCode":"33430","addressLocality":"Cand\u00e1s","addressRegion":"Asturias","addressCountry":"ES"}},{"@type":"Person","@id":"https:\/\/www.eldigitaldeasturias.com\/noticias\/author\/admin\/#author","url":"https:\/\/www.eldigitaldeasturias.com\/noticias\/author\/admin\/","name":"El Digital de Asturias","image":{"@type":"ImageObject","@id":"https:\/\/www.eldigitaldeasturias.com\/noticias\/pedro-leal-pide-que-el-alzheimer-sea-una-prioridad-sociosanitaria\/#authorImage","url":"https:\/\/www.eldigitaldeasturias.com\/noticias\/wp-content\/litespeed\/avatar\/18677e78aa0546b92d9dbf31ec7d7668.jpg?ver=1777290358","width":96,"height":96,"caption":"El Digital de Asturias"}},{"@type":"WebPage","@id":"https:\/\/www.eldigitaldeasturias.com\/noticias\/pedro-leal-pide-que-el-alzheimer-sea-una-prioridad-sociosanitaria\/#webpage","url":"https:\/\/www.eldigitaldeasturias.com\/noticias\/pedro-leal-pide-que-el-alzheimer-sea-una-prioridad-sociosanitaria\/","name":"Pedro Leal pide que el Alzh\u00e9imer sea una \u00abprioridad sociosanitaria\u00bb - El Digital de Asturias","description":"El diputado de Foro Asturias, Pedro Leal, ha reclamado que el Alzh\u00e9imer sea una \"prioridad sociosanitaria\" en la conmemoraci\u00f3n del D\u00eda Mundial de esta enfermedad. En una nota de prensa, ha destacado la importancia de los f\u00e1rmacos y la asistencia social a enfermos y cuidadores. La asistencia social, ha dicho, es igualmente necesaria para los","inLanguage":"es-ES","isPartOf":{"@id":"https:\/\/www.eldigitaldeasturias.com\/noticias\/#website"},"breadcrumb":{"@id":"https:\/\/www.eldigitaldeasturias.com\/noticias\/pedro-leal-pide-que-el-alzheimer-sea-una-prioridad-sociosanitaria\/#breadcrumblist"},"author":{"@id":"https:\/\/www.eldigitaldeasturias.com\/noticias\/author\/admin\/#author"},"creator":{"@id":"https:\/\/www.eldigitaldeasturias.com\/noticias\/author\/admin\/#author"},"image":{"@type":"ImageObject","url":"https:\/\/www.eldigitaldeasturias.com\/noticias\/wp-content\/uploads\/2016\/09\/fotonoticia_20160920103528_800.jpg","@id":"https:\/\/www.eldigitaldeasturias.com\/noticias\/pedro-leal-pide-que-el-alzheimer-sea-una-prioridad-sociosanitaria\/#mainImage","width":800,"height":533},"primaryImageOfPage":{"@id":"https:\/\/www.eldigitaldeasturias.com\/noticias\/pedro-leal-pide-que-el-alzheimer-sea-una-prioridad-sociosanitaria\/#mainImage"},"datePublished":"2016-09-20T16:50:30+02:00","dateModified":"2016-09-20T16:50:30+02:00"},{"@type":"WebSite","@id":"https:\/\/www.eldigitaldeasturias.com\/noticias\/#website","url":"https:\/\/www.eldigitaldeasturias.com\/noticias\/","name":"El Digital de Asturias - Diario de actualidad y noticias","alternateName":"El Digital de Asturias - Diario de actualidad y noticias","description":"Hemeroteca","inLanguage":"es-ES","publisher":{"@id":"https:\/\/www.eldigitaldeasturias.com\/noticias\/#organization"}}]},"og:locale":"es_ES","og:site_name":"El Digital de Asturias","og:type":"article","og:title":"Pedro Leal pide que el Alzh\u00e9imer sea una \u00abprioridad sociosanitaria\u00bb - El Digital de Asturias","og:description":"El diputado de Foro Asturias, Pedro Leal, ha reclamado que el Alzh\u00e9imer sea una &quot;prioridad sociosanitaria&quot; en la conmemoraci\u00f3n del D\u00eda Mundial de esta enfermedad. En una nota de prensa, ha destacado la importancia de los f\u00e1rmacos y la asistencia social a enfermos y cuidadores. La asistencia social, ha dicho, es igualmente necesaria para los","og:url":"https:\/\/www.eldigitaldeasturias.com\/noticias\/pedro-leal-pide-que-el-alzheimer-sea-una-prioridad-sociosanitaria\/","og:image":"https:\/\/www.eldigitaldeasturias.com\/noticias\/wp-content\/uploads\/2016\/09\/fotonoticia_20160920103528_800.jpg","og:image:secure_url":"https:\/\/www.eldigitaldeasturias.com\/noticias\/wp-content\/uploads\/2016\/09\/fotonoticia_20160920103528_800.jpg","og:image:width":800,"og:image:height":533,"article:tag":["actualidad asturias"],"article:published_time":"2016-09-20T15:50:30+00:00","article:modified_time":"2016-09-20T15:50:30+00:00","article:publisher":"https:\/\/facebook.com\/eldigitaldeasturias","twitter:card":"summary_large_image","twitter:title":"Pedro Leal pide que el Alzh\u00e9imer sea una \u00abprioridad sociosanitaria\u00bb - El Digital de Asturias","twitter:description":"El diputado de Foro Asturias, Pedro Leal, ha reclamado que el Alzh\u00e9imer sea una &quot;prioridad sociosanitaria&quot; en la conmemoraci\u00f3n del D\u00eda Mundial de esta enfermedad. En una nota de prensa, ha destacado la importancia de los f\u00e1rmacos y la asistencia social a enfermos y cuidadores. La asistencia social, ha dicho, es igualmente necesaria para los","twitter:image":"https:\/\/www.eldigitaldeasturias.com\/noticias\/wp-content\/uploads\/2016\/09\/fotonoticia_20160920103528_800.jpg","twitter:label1":"Escrito por","twitter:data1":"El Digital de Asturias","twitter:label2":"Tiempo de lectura estimado","twitter:data2":"2 minutos"},"aioseo_meta_data":{"post_id":"908612","title":null,"description":null,"keywords":null,"keyphrases":null,"primary_term":null,"canonical_url":null,"og_title":null,"og_description":null,"og_object_type":"default","og_image_type":"default","og_image_url":null,"og_image_width":null,"og_image_height":null,"og_image_custom_url":null,"og_image_custom_fields":null,"og_video":null,"og_custom_url":null,"og_article_section":null,"og_article_tags":null,"twitter_use_og":false,"twitter_card":"default","twitter_image_type":"default","twitter_image_url":null,"twitter_image_custom_url":null,"twitter_image_custom_fields":null,"twitter_title":null,"twitter_description":null,"schema":{"blockGraphs":[],"customGraphs":[],"default":{"data":{"Article":[],"Course":[],"Dataset":[],"FAQPage":[],"Movie":[],"Person":[],"Product":[],"ProductReview":[],"Car":[],"Recipe":[],"Service":[],"SoftwareApplication":[],"WebPage":[]},"graphName":"","isEnabled":true},"graphs":[],"defaultGraph":"","defaultPostTypeGraph":""},"schema_type":null,"schema_type_options":null,"pillar_content":false,"robots_default":true,"robots_noindex":false,"robots_noarchive":false,"robots_nosnippet":false,"robots_nofollow":false,"robots_noimageindex":false,"robots_noodp":false,"robots_notranslate":false,"robots_max_snippet":null,"robots_max_videopreview":null,"robots_max_imagepreview":"large","priority":null,"frequency":null,"local_seo":null,"seo_analyzer_scan_date":"2025-11-30 16:48:18","breadcrumb_settings":null,"limit_modified_date":false,"open_ai":null,"ai":null,"created":"2020-12-21 14:00:04","updated":"2025-11-30 16:48:18"},"aioseo_breadcrumb":"<div class=\"aioseo-breadcrumbs\"><span class=\"aioseo-breadcrumb\">\n\t<a href=\"https:\/\/www.eldigitaldeasturias.com\/noticias\" title=\"Home\">Home<\/a>\n<\/span><span class=\"aioseo-breadcrumb-separator\">\u2013<\/span><span class=\"aioseo-breadcrumb\">\n\t<a href=\"https:\/\/www.eldigitaldeasturias.com\/noticias\/category\/actualidad-asturias\/\" title=\"Actualidad Asturias\">Actualidad Asturias<\/a>\n<\/span><span class=\"aioseo-breadcrumb-separator\">\u2013<\/span><span class=\"aioseo-breadcrumb\">\n\t<a href=\"https:\/\/www.eldigitaldeasturias.com\/noticias\/pedro-leal-pide-que-el-alzheimer-sea-una-prioridad-sociosanitaria\/\" title=\"Pedro Leal pide que el Alzh\u00e9imer sea una \u00abprioridad sociosanitaria\u00bb\">Pedro Leal pide que el Alzh\u00e9imer sea una \u00abprioridad sociosanitaria\u00bb<\/a>\n<\/span><\/div>","aioseo_breadcrumb_json":[{"label":"Home","link":"https:\/\/www.eldigitaldeasturias.com\/noticias"},{"label":"Actualidad Asturias","link":"https:\/\/www.eldigitaldeasturias.com\/noticias\/category\/actualidad-asturias\/"},{"label":"Pedro Leal pide que el Alzh\u00e9imer sea una \u00abprioridad sociosanitaria\u00bb","link":"https:\/\/www.eldigitaldeasturias.com\/noticias\/pedro-leal-pide-que-el-alzheimer-sea-una-prioridad-sociosanitaria\/"}],"_links":{"self":[{"href":"https:\/\/www.eldigitaldeasturias.com\/noticias\/wp-json\/wp\/v2\/posts\/908612","targetHints":{"allow":["GET"]}}],"collection":[{"href":"https:\/\/www.eldigitaldeasturias.com\/noticias\/wp-json\/wp\/v2\/posts"}],"about":[{"href":"https:\/\/www.eldigitaldeasturias.com\/noticias\/wp-json\/wp\/v2\/types\/post"}],"author":[{"embeddable":true,"href":"https:\/\/www.eldigitaldeasturias.com\/noticias\/wp-json\/wp\/v2\/users\/1"}],"replies":[{"embeddable":true,"href":"https:\/\/www.eldigitaldeasturias.com\/noticias\/wp-json\/wp\/v2\/comments?post=908612"}],"version-history":[{"count":0,"href":"https:\/\/www.eldigitaldeasturias.com\/noticias\/wp-json\/wp\/v2\/posts\/908612\/revisions"}],"wp:featuredmedia":[{"embeddable":true,"href":"https:\/\/www.eldigitaldeasturias.com\/noticias\/wp-json\/wp\/v2\/media\/908613"}],"wp:attachment":[{"href":"https:\/\/www.eldigitaldeasturias.com\/noticias\/wp-json\/wp\/v2\/media?parent=908612"}],"wp:term":[{"taxonomy":"category","embeddable":true,"href":"https:\/\/www.eldigitaldeasturias.com\/noticias\/wp-json\/wp\/v2\/categories?post=908612"},{"taxonomy":"post_tag","embeddable":true,"href":"https:\/\/www.eldigitaldeasturias.com\/noticias\/wp-json\/wp\/v2\/tags?post=908612"}],"curies":[{"name":"wp","href":"https:\/\/api.w.org\/{rel}","templated":true}]}}