{"id":908610,"date":"2016-09-20T16:48:36","date_gmt":"2016-09-20T15:48:36","guid":{"rendered":"http:\/\/www.eldigitaldeasturias.com\/noticias\/?p=908610"},"modified":"2016-09-20T16:48:36","modified_gmt":"2016-09-20T15:48:36","slug":"el-tiempo-dia-20-de-septiembre-de-2016-en-asturias","status":"publish","type":"post","link":"https:\/\/www.eldigitaldeasturias.com\/noticias\/el-tiempo-dia-20-de-septiembre-de-2016-en-asturias\/","title":{"rendered":"El tiempo d\u00eda 20 de septiembre de 2016 en Asturias"},"content":{"rendered":"<p><img loading=\"lazy\" decoding=\"async\" class=\"alignleft size-medium wp-image-801124\" src=\"https:\/\/www.eldigitaldeasturias.com\/noticias\/wp-content\/uploads\/2015\/08\/playacandas-360x206.jpg\" alt=\"playacandas\" width=\"360\" height=\"206\" srcset=\"https:\/\/www.eldigitaldeasturias.com\/noticias\/wp-content\/uploads\/2015\/08\/playacandas-360x206.jpg 360w, https:\/\/www.eldigitaldeasturias.com\/noticias\/wp-content\/uploads\/2015\/08\/playacandas.jpg 628w\" sizes=\"auto, (max-width: 360px) 100vw, 360px\" \/>La Agencia Estatal de Meteorolog\u00eda prev\u00e9 para hoy, martes, d\u00eda 20 de septiembre en Asturias intervalos de nubes bajas que ser\u00e1n m\u00e1s probables en los valles, y menos en zonas altas donde predominar\u00e1n los cielos despejados. No se descarta alguna precipitaci\u00f3n d\u00e9bil en el litoral occidental durante la ma\u00f1ana. Temperaturas sin apenas cambios. Viento flojo variable con predominio de las componentes norte y este.<\/p>\n<p>En cuanto a las temperaturas en las principales ciudades de la regi\u00f3n, Oviedo registrar\u00e1 una m\u00ednima de 11 grados y una m\u00e1xima de 21; en Gij\u00f3n se oscilar\u00e1 entre la m\u00ednima de 13 y la m\u00e1xima de 21, y Avil\u00e9s entre una m\u00ednima de 14 y una m\u00e1xima de 21.<\/p>\n<p>&nbsp;<\/p>\n","protected":false},"excerpt":{"rendered":"<p>La Agencia Estatal de Meteorolog\u00eda prev\u00e9 para hoy, martes, d\u00eda 20 de septiembre en Asturias intervalos de nubes bajas que ser\u00e1n m\u00e1s probables en los valles, y menos en zonas altas donde predominar\u00e1n los cielos despejados. No se descarta alguna precipitaci\u00f3n d\u00e9bil en el litoral occidental durante la ma\u00f1ana. Temperaturas sin apenas cambios. Viento flojo [&hellip;]<\/p>\n","protected":false},"author":1,"featured_media":801124,"comment_status":"closed","ping_status":"closed","sticky":false,"template":"","format":"standard","meta":{"footnotes":""},"categories":[2],"tags":[],"class_list":["post-908610","post","type-post","status-publish","format-standard","has-post-thumbnail","hentry","category-agenda"],"aioseo_notices":[],"aioseo_head":"\n\t\t<!-- All in One SEO Pro 4.9.6.2 - aioseo.com -->\n\t<meta name=\"description\" content=\"La Agencia Estatal de Meteorolog\u00eda prev\u00e9 para hoy, martes, d\u00eda 20 de septiembre en Asturias intervalos de nubes bajas que ser\u00e1n m\u00e1s probables en los valles, y menos en zonas altas donde predominar\u00e1n los cielos despejados. No se descarta alguna precipitaci\u00f3n d\u00e9bil en el litoral occidental durante la ma\u00f1ana. Temperaturas sin apenas cambios. Viento flojo\" \/>\n\t<meta name=\"robots\" content=\"max-image-preview:large\" \/>\n\t<meta name=\"author\" content=\"El Digital de Asturias\"\/>\n\t<meta name=\"google-site-verification\" content=\"UA-38556648-1\" \/>\n\t<meta name=\"msvalidate.01\" content=\"7dfe9f3f1b24437ab69f4f2559babe99\" \/>\n\t<meta name=\"keywords\" content=\"agenda\" \/>\n\t<link rel=\"canonical\" href=\"https:\/\/www.eldigitaldeasturias.com\/noticias\/el-tiempo-dia-20-de-septiembre-de-2016-en-asturias\/\" \/>\n\t<meta name=\"generator\" content=\"All in One SEO Pro (AIOSEO) 4.9.6.2\" \/>\n\t\t<meta property=\"og:locale\" content=\"es_ES\" \/>\n\t\t<meta property=\"og:site_name\" content=\"El Digital de Asturias\" \/>\n\t\t<meta property=\"og:type\" content=\"article\" \/>\n\t\t<meta property=\"og:title\" content=\"El tiempo d\u00eda 20 de septiembre de 2016 en Asturias - El Digital de Asturias\" \/>\n\t\t<meta property=\"og:description\" content=\"La Agencia Estatal de Meteorolog\u00eda prev\u00e9 para hoy, martes, d\u00eda 20 de septiembre en Asturias intervalos de nubes bajas que ser\u00e1n m\u00e1s probables en los valles, y menos en zonas altas donde predominar\u00e1n los cielos despejados. No se descarta alguna precipitaci\u00f3n d\u00e9bil en el litoral occidental durante la ma\u00f1ana. Temperaturas sin apenas cambios. Viento flojo\" \/>\n\t\t<meta property=\"og:url\" content=\"https:\/\/www.eldigitaldeasturias.com\/noticias\/el-tiempo-dia-20-de-septiembre-de-2016-en-asturias\/\" \/>\n\t\t<meta property=\"og:image\" content=\"https:\/\/www.eldigitaldeasturias.com\/noticias\/wp-content\/uploads\/2015\/08\/playacandas.jpg\" \/>\n\t\t<meta property=\"og:image:secure_url\" content=\"https:\/\/www.eldigitaldeasturias.com\/noticias\/wp-content\/uploads\/2015\/08\/playacandas.jpg\" \/>\n\t\t<meta property=\"og:image:width\" content=\"628\" \/>\n\t\t<meta property=\"og:image:height\" content=\"360\" \/>\n\t\t<meta property=\"article:tag\" content=\"agenda\" \/>\n\t\t<meta property=\"article:published_time\" content=\"2016-09-20T15:48:36+00:00\" \/>\n\t\t<meta property=\"article:modified_time\" content=\"2016-09-20T15:48:36+00:00\" \/>\n\t\t<meta property=\"article:publisher\" content=\"https:\/\/facebook.com\/eldigitaldeasturias\" \/>\n\t\t<meta name=\"twitter:card\" content=\"summary_large_image\" \/>\n\t\t<meta name=\"twitter:title\" content=\"El tiempo d\u00eda 20 de septiembre de 2016 en Asturias - El Digital de Asturias\" \/>\n\t\t<meta name=\"twitter:description\" content=\"La Agencia Estatal de Meteorolog\u00eda prev\u00e9 para hoy, martes, d\u00eda 20 de septiembre en Asturias intervalos de nubes bajas que ser\u00e1n m\u00e1s probables en los valles, y menos en zonas altas donde predominar\u00e1n los cielos despejados. No se descarta alguna precipitaci\u00f3n d\u00e9bil en el litoral occidental durante la ma\u00f1ana. Temperaturas sin apenas cambios. Viento flojo\" \/>\n\t\t<meta name=\"twitter:image\" content=\"https:\/\/www.eldigitaldeasturias.com\/noticias\/wp-content\/uploads\/2015\/08\/playacandas.jpg\" \/>\n\t\t<meta name=\"twitter:label1\" content=\"Escrito por\" \/>\n\t\t<meta name=\"twitter:data1\" content=\"El Digital de Asturias\" \/>\n\t\t<meta name=\"twitter:label2\" content=\"Tiempo de lectura estimado\" \/>\n\t\t<meta name=\"twitter:data2\" content=\"1 minuto\" \/>\n\t\t<script type=\"application\/ld+json\" class=\"aioseo-schema\">\n\t\t\t{\"@context\":\"https:\\\/\\\/schema.org\",\"@graph\":[{\"@type\":\"BlogPosting\",\"@id\":\"https:\\\/\\\/www.eldigitaldeasturias.com\\\/noticias\\\/el-tiempo-dia-20-de-septiembre-de-2016-en-asturias\\\/#blogposting\",\"name\":\"El tiempo d\\u00eda 20 de septiembre de 2016 en Asturias - El Digital de Asturias\",\"headline\":\"El tiempo d\\u00eda 20 de septiembre de 2016 en Asturias\",\"author\":{\"@id\":\"https:\\\/\\\/www.eldigitaldeasturias.com\\\/noticias\\\/author\\\/admin\\\/#author\"},\"publisher\":{\"@id\":\"https:\\\/\\\/www.eldigitaldeasturias.com\\\/noticias\\\/#organization\"},\"image\":{\"@type\":\"ImageObject\",\"url\":\"https:\\\/\\\/www.eldigitaldeasturias.com\\\/noticias\\\/wp-content\\\/uploads\\\/2015\\\/08\\\/playacandas.jpg\",\"width\":628,\"height\":360},\"datePublished\":\"2016-09-20T16:48:36+02:00\",\"dateModified\":\"2016-09-20T16:48:36+02:00\",\"inLanguage\":\"es-ES\",\"mainEntityOfPage\":{\"@id\":\"https:\\\/\\\/www.eldigitaldeasturias.com\\\/noticias\\\/el-tiempo-dia-20-de-septiembre-de-2016-en-asturias\\\/#webpage\"},\"isPartOf\":{\"@id\":\"https:\\\/\\\/www.eldigitaldeasturias.com\\\/noticias\\\/el-tiempo-dia-20-de-septiembre-de-2016-en-asturias\\\/#webpage\"},\"articleSection\":\"Agenda\"},{\"@type\":\"BreadcrumbList\",\"@id\":\"https:\\\/\\\/www.eldigitaldeasturias.com\\\/noticias\\\/el-tiempo-dia-20-de-septiembre-de-2016-en-asturias\\\/#breadcrumblist\",\"itemListElement\":[{\"@type\":\"ListItem\",\"@id\":\"https:\\\/\\\/www.eldigitaldeasturias.com\\\/noticias#listItem\",\"position\":1,\"name\":\"Home\",\"item\":\"https:\\\/\\\/www.eldigitaldeasturias.com\\\/noticias\",\"nextItem\":{\"@type\":\"ListItem\",\"@id\":\"https:\\\/\\\/www.eldigitaldeasturias.com\\\/noticias\\\/category\\\/agenda\\\/#listItem\",\"name\":\"Agenda\"}},{\"@type\":\"ListItem\",\"@id\":\"https:\\\/\\\/www.eldigitaldeasturias.com\\\/noticias\\\/category\\\/agenda\\\/#listItem\",\"position\":2,\"name\":\"Agenda\",\"item\":\"https:\\\/\\\/www.eldigitaldeasturias.com\\\/noticias\\\/category\\\/agenda\\\/\",\"nextItem\":{\"@type\":\"ListItem\",\"@id\":\"https:\\\/\\\/www.eldigitaldeasturias.com\\\/noticias\\\/el-tiempo-dia-20-de-septiembre-de-2016-en-asturias\\\/#listItem\",\"name\":\"El tiempo d\\u00eda 20 de septiembre de 2016 en Asturias\"},\"previousItem\":{\"@type\":\"ListItem\",\"@id\":\"https:\\\/\\\/www.eldigitaldeasturias.com\\\/noticias#listItem\",\"name\":\"Home\"}},{\"@type\":\"ListItem\",\"@id\":\"https:\\\/\\\/www.eldigitaldeasturias.com\\\/noticias\\\/el-tiempo-dia-20-de-septiembre-de-2016-en-asturias\\\/#listItem\",\"position\":3,\"name\":\"El tiempo d\\u00eda 20 de septiembre de 2016 en Asturias\",\"previousItem\":{\"@type\":\"ListItem\",\"@id\":\"https:\\\/\\\/www.eldigitaldeasturias.com\\\/noticias\\\/category\\\/agenda\\\/#listItem\",\"name\":\"Agenda\"}}]},{\"@type\":\"Organization\",\"@id\":\"https:\\\/\\\/www.eldigitaldeasturias.com\\\/noticias\\\/#organization\",\"name\":\"El Digital de Asturias\",\"description\":\"Hemeroteca\",\"url\":\"https:\\\/\\\/www.eldigitaldeasturias.com\\\/noticias\\\/\",\"email\":\"info@eldigitaldeasturias.com\",\"telephone\":\"+34652131393\",\"logo\":{\"@type\":\"ImageObject\",\"url\":\"https:\\\/\\\/www.eldigitaldeasturias.com\\\/noticias\\\/wp-content\\\/uploads\\\/2020\\\/12\\\/EDA.jpg\",\"@id\":\"https:\\\/\\\/www.eldigitaldeasturias.com\\\/noticias\\\/el-tiempo-dia-20-de-septiembre-de-2016-en-asturias\\\/#organizationLogo\",\"width\":649,\"height\":297},\"image\":{\"@id\":\"https:\\\/\\\/www.eldigitaldeasturias.com\\\/noticias\\\/el-tiempo-dia-20-de-septiembre-de-2016-en-asturias\\\/#organizationLogo\"},\"sameAs\":[\"https:\\\/\\\/facebook.com\\\/eldigitaldeasturias\",\"https:\\\/\\\/www.youtube.com\\\/channel\\\/UCZP-2wLEB9Rv6erhFmqVnvg\"],\"address\":{\"@id\":\"https:\\\/\\\/www.eldigitaldeasturias.com\\\/noticias\\\/#postaladdress\",\"@type\":\"PostalAddress\",\"streetAddress\":\"san antonio 4,\",\"postalCode\":\"33430\",\"addressLocality\":\"Cand\\u00e1s\",\"addressRegion\":\"Asturias\",\"addressCountry\":\"ES\"}},{\"@type\":\"Person\",\"@id\":\"https:\\\/\\\/www.eldigitaldeasturias.com\\\/noticias\\\/author\\\/admin\\\/#author\",\"url\":\"https:\\\/\\\/www.eldigitaldeasturias.com\\\/noticias\\\/author\\\/admin\\\/\",\"name\":\"El Digital de Asturias\",\"image\":{\"@type\":\"ImageObject\",\"@id\":\"https:\\\/\\\/www.eldigitaldeasturias.com\\\/noticias\\\/el-tiempo-dia-20-de-septiembre-de-2016-en-asturias\\\/#authorImage\",\"url\":\"https:\\\/\\\/www.eldigitaldeasturias.com\\\/noticias\\\/wp-content\\\/litespeed\\\/avatar\\\/18677e78aa0546b92d9dbf31ec7d7668.jpg?ver=1777290358\",\"width\":96,\"height\":96,\"caption\":\"El Digital de Asturias\"}},{\"@type\":\"WebPage\",\"@id\":\"https:\\\/\\\/www.eldigitaldeasturias.com\\\/noticias\\\/el-tiempo-dia-20-de-septiembre-de-2016-en-asturias\\\/#webpage\",\"url\":\"https:\\\/\\\/www.eldigitaldeasturias.com\\\/noticias\\\/el-tiempo-dia-20-de-septiembre-de-2016-en-asturias\\\/\",\"name\":\"El tiempo d\\u00eda 20 de septiembre de 2016 en Asturias - El Digital de Asturias\",\"description\":\"La Agencia Estatal de Meteorolog\\u00eda prev\\u00e9 para hoy, martes, d\\u00eda 20 de septiembre en Asturias intervalos de nubes bajas que ser\\u00e1n m\\u00e1s probables en los valles, y menos en zonas altas donde predominar\\u00e1n los cielos despejados. No se descarta alguna precipitaci\\u00f3n d\\u00e9bil en el litoral occidental durante la ma\\u00f1ana. Temperaturas sin apenas cambios. Viento flojo\",\"inLanguage\":\"es-ES\",\"isPartOf\":{\"@id\":\"https:\\\/\\\/www.eldigitaldeasturias.com\\\/noticias\\\/#website\"},\"breadcrumb\":{\"@id\":\"https:\\\/\\\/www.eldigitaldeasturias.com\\\/noticias\\\/el-tiempo-dia-20-de-septiembre-de-2016-en-asturias\\\/#breadcrumblist\"},\"author\":{\"@id\":\"https:\\\/\\\/www.eldigitaldeasturias.com\\\/noticias\\\/author\\\/admin\\\/#author\"},\"creator\":{\"@id\":\"https:\\\/\\\/www.eldigitaldeasturias.com\\\/noticias\\\/author\\\/admin\\\/#author\"},\"image\":{\"@type\":\"ImageObject\",\"url\":\"https:\\\/\\\/www.eldigitaldeasturias.com\\\/noticias\\\/wp-content\\\/uploads\\\/2015\\\/08\\\/playacandas.jpg\",\"@id\":\"https:\\\/\\\/www.eldigitaldeasturias.com\\\/noticias\\\/el-tiempo-dia-20-de-septiembre-de-2016-en-asturias\\\/#mainImage\",\"width\":628,\"height\":360},\"primaryImageOfPage\":{\"@id\":\"https:\\\/\\\/www.eldigitaldeasturias.com\\\/noticias\\\/el-tiempo-dia-20-de-septiembre-de-2016-en-asturias\\\/#mainImage\"},\"datePublished\":\"2016-09-20T16:48:36+02:00\",\"dateModified\":\"2016-09-20T16:48:36+02:00\"},{\"@type\":\"WebSite\",\"@id\":\"https:\\\/\\\/www.eldigitaldeasturias.com\\\/noticias\\\/#website\",\"url\":\"https:\\\/\\\/www.eldigitaldeasturias.com\\\/noticias\\\/\",\"name\":\"El Digital de Asturias - Diario de actualidad y noticias\",\"alternateName\":\"El Digital de Asturias - Diario de actualidad y noticias\",\"description\":\"Hemeroteca\",\"inLanguage\":\"es-ES\",\"publisher\":{\"@id\":\"https:\\\/\\\/www.eldigitaldeasturias.com\\\/noticias\\\/#organization\"}}]}\n\t\t<\/script>\n\t\t<!-- All in One SEO Pro -->\r\n\t\t<title>El tiempo d\u00eda 20 de septiembre de 2016 en Asturias - El Digital de Asturias<\/title>\n\n","aioseo_head_json":{"title":"El tiempo d\u00eda 20 de septiembre de 2016 en Asturias - El Digital de Asturias","description":"La Agencia Estatal de Meteorolog\u00eda prev\u00e9 para hoy, martes, d\u00eda 20 de septiembre en Asturias intervalos de nubes bajas que ser\u00e1n m\u00e1s probables en los valles, y menos en zonas altas donde predominar\u00e1n los cielos despejados. No se descarta alguna precipitaci\u00f3n d\u00e9bil en el litoral occidental durante la ma\u00f1ana. Temperaturas sin apenas cambios. Viento flojo","canonical_url":"https:\/\/www.eldigitaldeasturias.com\/noticias\/el-tiempo-dia-20-de-septiembre-de-2016-en-asturias\/","robots":"max-image-preview:large","keywords":"agenda","webmasterTools":{"google-site-verification":"UA-38556648-1","msvalidate.01":"7dfe9f3f1b24437ab69f4f2559babe99","miscellaneous":""},"schema":{"@context":"https:\/\/schema.org","@graph":[{"@type":"BlogPosting","@id":"https:\/\/www.eldigitaldeasturias.com\/noticias\/el-tiempo-dia-20-de-septiembre-de-2016-en-asturias\/#blogposting","name":"El tiempo d\u00eda 20 de septiembre de 2016 en Asturias - El Digital de Asturias","headline":"El tiempo d\u00eda 20 de septiembre de 2016 en Asturias","author":{"@id":"https:\/\/www.eldigitaldeasturias.com\/noticias\/author\/admin\/#author"},"publisher":{"@id":"https:\/\/www.eldigitaldeasturias.com\/noticias\/#organization"},"image":{"@type":"ImageObject","url":"https:\/\/www.eldigitaldeasturias.com\/noticias\/wp-content\/uploads\/2015\/08\/playacandas.jpg","width":628,"height":360},"datePublished":"2016-09-20T16:48:36+02:00","dateModified":"2016-09-20T16:48:36+02:00","inLanguage":"es-ES","mainEntityOfPage":{"@id":"https:\/\/www.eldigitaldeasturias.com\/noticias\/el-tiempo-dia-20-de-septiembre-de-2016-en-asturias\/#webpage"},"isPartOf":{"@id":"https:\/\/www.eldigitaldeasturias.com\/noticias\/el-tiempo-dia-20-de-septiembre-de-2016-en-asturias\/#webpage"},"articleSection":"Agenda"},{"@type":"BreadcrumbList","@id":"https:\/\/www.eldigitaldeasturias.com\/noticias\/el-tiempo-dia-20-de-septiembre-de-2016-en-asturias\/#breadcrumblist","itemListElement":[{"@type":"ListItem","@id":"https:\/\/www.eldigitaldeasturias.com\/noticias#listItem","position":1,"name":"Home","item":"https:\/\/www.eldigitaldeasturias.com\/noticias","nextItem":{"@type":"ListItem","@id":"https:\/\/www.eldigitaldeasturias.com\/noticias\/category\/agenda\/#listItem","name":"Agenda"}},{"@type":"ListItem","@id":"https:\/\/www.eldigitaldeasturias.com\/noticias\/category\/agenda\/#listItem","position":2,"name":"Agenda","item":"https:\/\/www.eldigitaldeasturias.com\/noticias\/category\/agenda\/","nextItem":{"@type":"ListItem","@id":"https:\/\/www.eldigitaldeasturias.com\/noticias\/el-tiempo-dia-20-de-septiembre-de-2016-en-asturias\/#listItem","name":"El tiempo d\u00eda 20 de septiembre de 2016 en Asturias"},"previousItem":{"@type":"ListItem","@id":"https:\/\/www.eldigitaldeasturias.com\/noticias#listItem","name":"Home"}},{"@type":"ListItem","@id":"https:\/\/www.eldigitaldeasturias.com\/noticias\/el-tiempo-dia-20-de-septiembre-de-2016-en-asturias\/#listItem","position":3,"name":"El tiempo d\u00eda 20 de septiembre de 2016 en Asturias","previousItem":{"@type":"ListItem","@id":"https:\/\/www.eldigitaldeasturias.com\/noticias\/category\/agenda\/#listItem","name":"Agenda"}}]},{"@type":"Organization","@id":"https:\/\/www.eldigitaldeasturias.com\/noticias\/#organization","name":"El Digital de Asturias","description":"Hemeroteca","url":"https:\/\/www.eldigitaldeasturias.com\/noticias\/","email":"info@eldigitaldeasturias.com","telephone":"+34652131393","logo":{"@type":"ImageObject","url":"https:\/\/www.eldigitaldeasturias.com\/noticias\/wp-content\/uploads\/2020\/12\/EDA.jpg","@id":"https:\/\/www.eldigitaldeasturias.com\/noticias\/el-tiempo-dia-20-de-septiembre-de-2016-en-asturias\/#organizationLogo","width":649,"height":297},"image":{"@id":"https:\/\/www.eldigitaldeasturias.com\/noticias\/el-tiempo-dia-20-de-septiembre-de-2016-en-asturias\/#organizationLogo"},"sameAs":["https:\/\/facebook.com\/eldigitaldeasturias","https:\/\/www.youtube.com\/channel\/UCZP-2wLEB9Rv6erhFmqVnvg"],"address":{"@id":"https:\/\/www.eldigitaldeasturias.com\/noticias\/#postaladdress","@type":"PostalAddress","streetAddress":"san antonio 4,","postalCode":"33430","addressLocality":"Cand\u00e1s","addressRegion":"Asturias","addressCountry":"ES"}},{"@type":"Person","@id":"https:\/\/www.eldigitaldeasturias.com\/noticias\/author\/admin\/#author","url":"https:\/\/www.eldigitaldeasturias.com\/noticias\/author\/admin\/","name":"El Digital de Asturias","image":{"@type":"ImageObject","@id":"https:\/\/www.eldigitaldeasturias.com\/noticias\/el-tiempo-dia-20-de-septiembre-de-2016-en-asturias\/#authorImage","url":"https:\/\/www.eldigitaldeasturias.com\/noticias\/wp-content\/litespeed\/avatar\/18677e78aa0546b92d9dbf31ec7d7668.jpg?ver=1777290358","width":96,"height":96,"caption":"El Digital de Asturias"}},{"@type":"WebPage","@id":"https:\/\/www.eldigitaldeasturias.com\/noticias\/el-tiempo-dia-20-de-septiembre-de-2016-en-asturias\/#webpage","url":"https:\/\/www.eldigitaldeasturias.com\/noticias\/el-tiempo-dia-20-de-septiembre-de-2016-en-asturias\/","name":"El tiempo d\u00eda 20 de septiembre de 2016 en Asturias - El Digital de Asturias","description":"La Agencia Estatal de Meteorolog\u00eda prev\u00e9 para hoy, martes, d\u00eda 20 de septiembre en Asturias intervalos de nubes bajas que ser\u00e1n m\u00e1s probables en los valles, y menos en zonas altas donde predominar\u00e1n los cielos despejados. No se descarta alguna precipitaci\u00f3n d\u00e9bil en el litoral occidental durante la ma\u00f1ana. Temperaturas sin apenas cambios. Viento flojo","inLanguage":"es-ES","isPartOf":{"@id":"https:\/\/www.eldigitaldeasturias.com\/noticias\/#website"},"breadcrumb":{"@id":"https:\/\/www.eldigitaldeasturias.com\/noticias\/el-tiempo-dia-20-de-septiembre-de-2016-en-asturias\/#breadcrumblist"},"author":{"@id":"https:\/\/www.eldigitaldeasturias.com\/noticias\/author\/admin\/#author"},"creator":{"@id":"https:\/\/www.eldigitaldeasturias.com\/noticias\/author\/admin\/#author"},"image":{"@type":"ImageObject","url":"https:\/\/www.eldigitaldeasturias.com\/noticias\/wp-content\/uploads\/2015\/08\/playacandas.jpg","@id":"https:\/\/www.eldigitaldeasturias.com\/noticias\/el-tiempo-dia-20-de-septiembre-de-2016-en-asturias\/#mainImage","width":628,"height":360},"primaryImageOfPage":{"@id":"https:\/\/www.eldigitaldeasturias.com\/noticias\/el-tiempo-dia-20-de-septiembre-de-2016-en-asturias\/#mainImage"},"datePublished":"2016-09-20T16:48:36+02:00","dateModified":"2016-09-20T16:48:36+02:00"},{"@type":"WebSite","@id":"https:\/\/www.eldigitaldeasturias.com\/noticias\/#website","url":"https:\/\/www.eldigitaldeasturias.com\/noticias\/","name":"El Digital de Asturias - Diario de actualidad y noticias","alternateName":"El Digital de Asturias - Diario de actualidad y noticias","description":"Hemeroteca","inLanguage":"es-ES","publisher":{"@id":"https:\/\/www.eldigitaldeasturias.com\/noticias\/#organization"}}]},"og:locale":"es_ES","og:site_name":"El Digital de Asturias","og:type":"article","og:title":"El tiempo d\u00eda 20 de septiembre de 2016 en Asturias - El Digital de Asturias","og:description":"La Agencia Estatal de Meteorolog\u00eda prev\u00e9 para hoy, martes, d\u00eda 20 de septiembre en Asturias intervalos de nubes bajas que ser\u00e1n m\u00e1s probables en los valles, y menos en zonas altas donde predominar\u00e1n los cielos despejados. No se descarta alguna precipitaci\u00f3n d\u00e9bil en el litoral occidental durante la ma\u00f1ana. Temperaturas sin apenas cambios. Viento flojo","og:url":"https:\/\/www.eldigitaldeasturias.com\/noticias\/el-tiempo-dia-20-de-septiembre-de-2016-en-asturias\/","og:image":"https:\/\/www.eldigitaldeasturias.com\/noticias\/wp-content\/uploads\/2015\/08\/playacandas.jpg","og:image:secure_url":"https:\/\/www.eldigitaldeasturias.com\/noticias\/wp-content\/uploads\/2015\/08\/playacandas.jpg","og:image:width":628,"og:image:height":360,"article:tag":["agenda"],"article:published_time":"2016-09-20T15:48:36+00:00","article:modified_time":"2016-09-20T15:48:36+00:00","article:publisher":"https:\/\/facebook.com\/eldigitaldeasturias","twitter:card":"summary_large_image","twitter:title":"El tiempo d\u00eda 20 de septiembre de 2016 en Asturias - El Digital de Asturias","twitter:description":"La Agencia Estatal de Meteorolog\u00eda prev\u00e9 para hoy, martes, d\u00eda 20 de septiembre en Asturias intervalos de nubes bajas que ser\u00e1n m\u00e1s probables en los valles, y menos en zonas altas donde predominar\u00e1n los cielos despejados. No se descarta alguna precipitaci\u00f3n d\u00e9bil en el litoral occidental durante la ma\u00f1ana. Temperaturas sin apenas cambios. Viento flojo","twitter:image":"https:\/\/www.eldigitaldeasturias.com\/noticias\/wp-content\/uploads\/2015\/08\/playacandas.jpg","twitter:label1":"Escrito por","twitter:data1":"El Digital de Asturias","twitter:label2":"Tiempo de lectura estimado","twitter:data2":"1 minuto"},"aioseo_meta_data":{"post_id":"908610","title":null,"description":null,"keywords":null,"keyphrases":null,"primary_term":null,"canonical_url":null,"og_title":null,"og_description":null,"og_object_type":"default","og_image_type":"default","og_image_url":null,"og_image_width":null,"og_image_height":null,"og_image_custom_url":null,"og_image_custom_fields":null,"og_video":null,"og_custom_url":null,"og_article_section":null,"og_article_tags":null,"twitter_use_og":false,"twitter_card":"default","twitter_image_type":"default","twitter_image_url":null,"twitter_image_custom_url":null,"twitter_image_custom_fields":null,"twitter_title":null,"twitter_description":null,"schema":{"blockGraphs":[],"customGraphs":[],"default":{"data":{"Article":[],"Course":[],"Dataset":[],"FAQPage":[],"Movie":[],"Person":[],"Product":[],"ProductReview":[],"Car":[],"Recipe":[],"Service":[],"SoftwareApplication":[],"WebPage":[]},"graphName":"","isEnabled":true},"graphs":[],"defaultGraph":"","defaultPostTypeGraph":""},"schema_type":null,"schema_type_options":null,"pillar_content":false,"robots_default":true,"robots_noindex":false,"robots_noarchive":false,"robots_nosnippet":false,"robots_nofollow":false,"robots_noimageindex":false,"robots_noodp":false,"robots_notranslate":false,"robots_max_snippet":null,"robots_max_videopreview":null,"robots_max_imagepreview":"large","priority":null,"frequency":null,"local_seo":null,"seo_analyzer_scan_date":"2025-11-30 16:48:18","breadcrumb_settings":null,"limit_modified_date":false,"open_ai":null,"ai":null,"created":"2020-12-21 14:00:04","updated":"2025-11-30 16:48:18"},"aioseo_breadcrumb":"<div class=\"aioseo-breadcrumbs\"><span class=\"aioseo-breadcrumb\">\n\t<a href=\"https:\/\/www.eldigitaldeasturias.com\/noticias\" title=\"Home\">Home<\/a>\n<\/span><span class=\"aioseo-breadcrumb-separator\">\u2013<\/span><span class=\"aioseo-breadcrumb\">\n\t<a href=\"https:\/\/www.eldigitaldeasturias.com\/noticias\/category\/agenda\/\" title=\"Agenda\">Agenda<\/a>\n<\/span><span class=\"aioseo-breadcrumb-separator\">\u2013<\/span><span class=\"aioseo-breadcrumb\">\n\t<a href=\"https:\/\/www.eldigitaldeasturias.com\/noticias\/el-tiempo-dia-20-de-septiembre-de-2016-en-asturias\/\" title=\"El tiempo d\u00eda 20 de septiembre de 2016 en Asturias\">El tiempo d\u00eda 20 de septiembre de 2016 en Asturias<\/a>\n<\/span><\/div>","aioseo_breadcrumb_json":[{"label":"Home","link":"https:\/\/www.eldigitaldeasturias.com\/noticias"},{"label":"Agenda","link":"https:\/\/www.eldigitaldeasturias.com\/noticias\/category\/agenda\/"},{"label":"El tiempo d\u00eda 20 de septiembre de 2016 en Asturias","link":"https:\/\/www.eldigitaldeasturias.com\/noticias\/el-tiempo-dia-20-de-septiembre-de-2016-en-asturias\/"}],"_links":{"self":[{"href":"https:\/\/www.eldigitaldeasturias.com\/noticias\/wp-json\/wp\/v2\/posts\/908610","targetHints":{"allow":["GET"]}}],"collection":[{"href":"https:\/\/www.eldigitaldeasturias.com\/noticias\/wp-json\/wp\/v2\/posts"}],"about":[{"href":"https:\/\/www.eldigitaldeasturias.com\/noticias\/wp-json\/wp\/v2\/types\/post"}],"author":[{"embeddable":true,"href":"https:\/\/www.eldigitaldeasturias.com\/noticias\/wp-json\/wp\/v2\/users\/1"}],"replies":[{"embeddable":true,"href":"https:\/\/www.eldigitaldeasturias.com\/noticias\/wp-json\/wp\/v2\/comments?post=908610"}],"version-history":[{"count":0,"href":"https:\/\/www.eldigitaldeasturias.com\/noticias\/wp-json\/wp\/v2\/posts\/908610\/revisions"}],"wp:featuredmedia":[{"embeddable":true,"href":"https:\/\/www.eldigitaldeasturias.com\/noticias\/wp-json\/wp\/v2\/media\/801124"}],"wp:attachment":[{"href":"https:\/\/www.eldigitaldeasturias.com\/noticias\/wp-json\/wp\/v2\/media?parent=908610"}],"wp:term":[{"taxonomy":"category","embeddable":true,"href":"https:\/\/www.eldigitaldeasturias.com\/noticias\/wp-json\/wp\/v2\/categories?post=908610"},{"taxonomy":"post_tag","embeddable":true,"href":"https:\/\/www.eldigitaldeasturias.com\/noticias\/wp-json\/wp\/v2\/tags?post=908610"}],"curies":[{"name":"wp","href":"https:\/\/api.w.org\/{rel}","templated":true}]}}