{"id":908607,"date":"2016-09-20T16:41:08","date_gmt":"2016-09-20T15:41:08","guid":{"rendered":"http:\/\/www.eldigitaldeasturias.com\/noticias\/?p=908607"},"modified":"2016-09-20T16:41:08","modified_gmt":"2016-09-20T15:41:08","slug":"podemos-asturies-critica-el-modelo-de-vipasa","status":"publish","type":"post","link":"https:\/\/www.eldigitaldeasturias.com\/noticias\/podemos-asturies-critica-el-modelo-de-vipasa\/","title":{"rendered":"Podemos Asturies cr\u00edtica el modelo de Vipasa"},"content":{"rendered":"<p><img loading=\"lazy\" decoding=\"async\" class=\"alignleft size-medium wp-image-908608\" src=\"https:\/\/www.eldigitaldeasturias.com\/noticias\/wp-content\/uploads\/2016\/09\/fotonoticia_20160919202853_800-360x240.jpg\" alt=\"fotonoticia_20160919202853_800\" width=\"360\" height=\"240\" srcset=\"https:\/\/www.eldigitaldeasturias.com\/noticias\/wp-content\/uploads\/2016\/09\/fotonoticia_20160919202853_800-360x240.jpg 360w, https:\/\/www.eldigitaldeasturias.com\/noticias\/wp-content\/uploads\/2016\/09\/fotonoticia_20160919202853_800-768x512.jpg 768w, https:\/\/www.eldigitaldeasturias.com\/noticias\/wp-content\/uploads\/2016\/09\/fotonoticia_20160919202853_800-650x433.jpg 650w, https:\/\/www.eldigitaldeasturias.com\/noticias\/wp-content\/uploads\/2016\/09\/fotonoticia_20160919202853_800-84x55.jpg 84w, https:\/\/www.eldigitaldeasturias.com\/noticias\/wp-content\/uploads\/2016\/09\/fotonoticia_20160919202853_800-49x32.jpg 49w, https:\/\/www.eldigitaldeasturias.com\/noticias\/wp-content\/uploads\/2016\/09\/fotonoticia_20160919202853_800.jpg 800w\" sizes=\"auto, (max-width: 360px) 100vw, 360px\" \/>Podemos Asturies ha criticado este lunes el modelo de pol\u00edticas de viviendas desarrollado por Vipasa por entender que ha contribuido a la generaci\u00f3n de guetos y a la segregaci\u00f3n espacial, y ha propuesto una gesti\u00f3n que garantice \u00abla diversidad social en las \u00e1reas residenciales\u00bb.<\/p>\n<p>Los diputados de Podemos en la Junta General, Emilio Le\u00f3n y Rosa Espi\u00f1o, han visitado este lunes las viviendas de Nuevo Santullano, en Mieres, \u00abdentro de la ronda de contactos y visitas que estamos manteniendo tras las numerosas quejas recibidas por la falta de mantenimiento y reparaci\u00f3n de vecinos de Vipasa, para comprobar in situ las deficiencias\u00bb, ha se\u00f1alado este partido en una nota de prensa.<\/p>\n<p>Nuevo Santullano representa, seg\u00fan Podemos, \u00abel paradigma de la segregaci\u00f3n espacial, una de las principales carencias de la pol\u00edtica de vivienda de los \u00faltimos 30 a\u00f1os: una concentraci\u00f3n de casi 400 viviendas sociales, en un emplazamiento absolutamente aislado de la trama urbana existente, y falto de los equipamientos p\u00fablicos inicialmente previstos y que nunca llegaron a construirse. Por ejemplo, en la parcela reservada para el equipamiento escolar se ha edificado un recinto ferial\u00bb.<\/p>\n<p>Frente a este modelo \u00abobsoleto generador de guetos, en la nueva Ley de Vivienda garantizaremos la diversidad social en las \u00e1reas residenciales, asegurando la mezcla de viviendas libres y protegidas, con unidades familiares con diversos niveles de ingresos, de estudios, edad, composici\u00f3n, lugar de procedencia, etc., como forma de promover la equidad y la igualdad de oportunidades\u00bb, ha adelantado la formaci\u00f3n morada.<br \/>\nRecuerda Podemos que \u00abm\u00e1s de 5.000 familias asturianas est\u00e1n inscritas en el Registro de Demandantes de Vivienda, mientras tanto la Consejer\u00eda presume del tama\u00f1o del parque de viviendas sociales, que no llega al 2% del total\u00bb.<\/p>\n<p>Adem\u00e1s, \u00abalrededor de 300 viviendas p\u00fablicas vac\u00edas no pueden adjudicarse a gente que las necesita porque est\u00e1n pendientes de reparaci\u00f3n por VIPASA. Muchas familias en toda Asturias ya han desesperado de que VIPASA se haga cargo de las reparaciones que necesitan sus viviendas\u00bb, ha a\u00f1adido.<\/p>\n<p>&nbsp;<\/p>\n","protected":false},"excerpt":{"rendered":"<p>Podemos Asturies ha criticado este lunes el modelo de pol\u00edticas de viviendas desarrollado por Vipasa por entender que ha contribuido a la generaci\u00f3n de guetos y a la segregaci\u00f3n espacial, y ha propuesto una gesti\u00f3n que garantice \u00abla diversidad social en las \u00e1reas residenciales\u00bb. Los diputados de Podemos en la Junta General, Emilio Le\u00f3n y [&hellip;]<\/p>\n","protected":false},"author":1,"featured_media":908608,"comment_status":"closed","ping_status":"closed","sticky":false,"template":"","format":"standard","meta":{"footnotes":""},"categories":[12],"tags":[],"class_list":["post-908607","post","type-post","status-publish","format-standard","has-post-thumbnail","hentry","category-actualidad-asturias"],"aioseo_notices":[],"aioseo_head":"\n\t\t<!-- All in One SEO Pro 4.9.6.2 - aioseo.com -->\n\t<meta name=\"description\" content=\"Podemos Asturies ha criticado este lunes el modelo de pol\u00edticas de viviendas desarrollado por Vipasa por entender que ha contribuido a la generaci\u00f3n de guetos y a la segregaci\u00f3n espacial, y ha propuesto una gesti\u00f3n que garantice &quot;la diversidad social en las \u00e1reas residenciales&quot;. Los diputados de Podemos en la Junta General, Emilio Le\u00f3n y\" \/>\n\t<meta name=\"robots\" content=\"max-image-preview:large\" \/>\n\t<meta name=\"author\" content=\"El Digital de Asturias\"\/>\n\t<meta name=\"google-site-verification\" content=\"UA-38556648-1\" \/>\n\t<meta name=\"msvalidate.01\" content=\"7dfe9f3f1b24437ab69f4f2559babe99\" \/>\n\t<meta name=\"keywords\" content=\"actualidad asturias\" \/>\n\t<link rel=\"canonical\" href=\"https:\/\/www.eldigitaldeasturias.com\/noticias\/podemos-asturies-critica-el-modelo-de-vipasa\/\" \/>\n\t<meta name=\"generator\" content=\"All in One SEO Pro (AIOSEO) 4.9.6.2\" \/>\n\t\t<meta property=\"og:locale\" content=\"es_ES\" \/>\n\t\t<meta property=\"og:site_name\" content=\"El Digital de Asturias\" \/>\n\t\t<meta property=\"og:type\" content=\"article\" \/>\n\t\t<meta property=\"og:title\" content=\"Podemos Asturies cr\u00edtica el modelo de Vipasa - El Digital de Asturias\" \/>\n\t\t<meta property=\"og:description\" content=\"Podemos Asturies ha criticado este lunes el modelo de pol\u00edticas de viviendas desarrollado por Vipasa por entender que ha contribuido a la generaci\u00f3n de guetos y a la segregaci\u00f3n espacial, y ha propuesto una gesti\u00f3n que garantice &quot;la diversidad social en las \u00e1reas residenciales&quot;. Los diputados de Podemos en la Junta General, Emilio Le\u00f3n y\" \/>\n\t\t<meta property=\"og:url\" content=\"https:\/\/www.eldigitaldeasturias.com\/noticias\/podemos-asturies-critica-el-modelo-de-vipasa\/\" \/>\n\t\t<meta property=\"og:image\" content=\"https:\/\/www.eldigitaldeasturias.com\/noticias\/wp-content\/uploads\/2016\/09\/fotonoticia_20160919202853_800.jpg\" \/>\n\t\t<meta property=\"og:image:secure_url\" content=\"https:\/\/www.eldigitaldeasturias.com\/noticias\/wp-content\/uploads\/2016\/09\/fotonoticia_20160919202853_800.jpg\" \/>\n\t\t<meta property=\"og:image:width\" content=\"800\" \/>\n\t\t<meta property=\"og:image:height\" content=\"533\" \/>\n\t\t<meta property=\"article:tag\" content=\"actualidad asturias\" \/>\n\t\t<meta property=\"article:published_time\" content=\"2016-09-20T15:41:08+00:00\" \/>\n\t\t<meta property=\"article:modified_time\" content=\"2016-09-20T15:41:08+00:00\" \/>\n\t\t<meta property=\"article:publisher\" content=\"https:\/\/facebook.com\/eldigitaldeasturias\" \/>\n\t\t<meta name=\"twitter:card\" content=\"summary_large_image\" \/>\n\t\t<meta name=\"twitter:title\" content=\"Podemos Asturies cr\u00edtica el modelo de Vipasa - El Digital de Asturias\" \/>\n\t\t<meta name=\"twitter:description\" content=\"Podemos Asturies ha criticado este lunes el modelo de pol\u00edticas de viviendas desarrollado por Vipasa por entender que ha contribuido a la generaci\u00f3n de guetos y a la segregaci\u00f3n espacial, y ha propuesto una gesti\u00f3n que garantice &quot;la diversidad social en las \u00e1reas residenciales&quot;. Los diputados de Podemos en la Junta General, Emilio Le\u00f3n y\" \/>\n\t\t<meta name=\"twitter:image\" content=\"https:\/\/www.eldigitaldeasturias.com\/noticias\/wp-content\/uploads\/2016\/09\/fotonoticia_20160919202853_800.jpg\" \/>\n\t\t<meta name=\"twitter:label1\" content=\"Escrito por\" \/>\n\t\t<meta name=\"twitter:data1\" content=\"El Digital de Asturias\" \/>\n\t\t<meta name=\"twitter:label2\" content=\"Tiempo de lectura estimado\" \/>\n\t\t<meta name=\"twitter:data2\" content=\"2 minutos\" \/>\n\t\t<script type=\"application\/ld+json\" class=\"aioseo-schema\">\n\t\t\t{\"@context\":\"https:\\\/\\\/schema.org\",\"@graph\":[{\"@type\":\"BlogPosting\",\"@id\":\"https:\\\/\\\/www.eldigitaldeasturias.com\\\/noticias\\\/podemos-asturies-critica-el-modelo-de-vipasa\\\/#blogposting\",\"name\":\"Podemos Asturies cr\\u00edtica el modelo de Vipasa - El Digital de Asturias\",\"headline\":\"Podemos Asturies cr\\u00edtica el modelo de Vipasa\",\"author\":{\"@id\":\"https:\\\/\\\/www.eldigitaldeasturias.com\\\/noticias\\\/author\\\/admin\\\/#author\"},\"publisher\":{\"@id\":\"https:\\\/\\\/www.eldigitaldeasturias.com\\\/noticias\\\/#organization\"},\"image\":{\"@type\":\"ImageObject\",\"url\":\"https:\\\/\\\/www.eldigitaldeasturias.com\\\/noticias\\\/wp-content\\\/uploads\\\/2016\\\/09\\\/fotonoticia_20160919202853_800.jpg\",\"width\":800,\"height\":533},\"datePublished\":\"2016-09-20T16:41:08+02:00\",\"dateModified\":\"2016-09-20T16:41:08+02:00\",\"inLanguage\":\"es-ES\",\"mainEntityOfPage\":{\"@id\":\"https:\\\/\\\/www.eldigitaldeasturias.com\\\/noticias\\\/podemos-asturies-critica-el-modelo-de-vipasa\\\/#webpage\"},\"isPartOf\":{\"@id\":\"https:\\\/\\\/www.eldigitaldeasturias.com\\\/noticias\\\/podemos-asturies-critica-el-modelo-de-vipasa\\\/#webpage\"},\"articleSection\":\"Actualidad Asturias\"},{\"@type\":\"BreadcrumbList\",\"@id\":\"https:\\\/\\\/www.eldigitaldeasturias.com\\\/noticias\\\/podemos-asturies-critica-el-modelo-de-vipasa\\\/#breadcrumblist\",\"itemListElement\":[{\"@type\":\"ListItem\",\"@id\":\"https:\\\/\\\/www.eldigitaldeasturias.com\\\/noticias#listItem\",\"position\":1,\"name\":\"Home\",\"item\":\"https:\\\/\\\/www.eldigitaldeasturias.com\\\/noticias\",\"nextItem\":{\"@type\":\"ListItem\",\"@id\":\"https:\\\/\\\/www.eldigitaldeasturias.com\\\/noticias\\\/category\\\/actualidad-asturias\\\/#listItem\",\"name\":\"Actualidad Asturias\"}},{\"@type\":\"ListItem\",\"@id\":\"https:\\\/\\\/www.eldigitaldeasturias.com\\\/noticias\\\/category\\\/actualidad-asturias\\\/#listItem\",\"position\":2,\"name\":\"Actualidad Asturias\",\"item\":\"https:\\\/\\\/www.eldigitaldeasturias.com\\\/noticias\\\/category\\\/actualidad-asturias\\\/\",\"nextItem\":{\"@type\":\"ListItem\",\"@id\":\"https:\\\/\\\/www.eldigitaldeasturias.com\\\/noticias\\\/podemos-asturies-critica-el-modelo-de-vipasa\\\/#listItem\",\"name\":\"Podemos Asturies cr\\u00edtica el modelo de Vipasa\"},\"previousItem\":{\"@type\":\"ListItem\",\"@id\":\"https:\\\/\\\/www.eldigitaldeasturias.com\\\/noticias#listItem\",\"name\":\"Home\"}},{\"@type\":\"ListItem\",\"@id\":\"https:\\\/\\\/www.eldigitaldeasturias.com\\\/noticias\\\/podemos-asturies-critica-el-modelo-de-vipasa\\\/#listItem\",\"position\":3,\"name\":\"Podemos Asturies cr\\u00edtica el modelo de Vipasa\",\"previousItem\":{\"@type\":\"ListItem\",\"@id\":\"https:\\\/\\\/www.eldigitaldeasturias.com\\\/noticias\\\/category\\\/actualidad-asturias\\\/#listItem\",\"name\":\"Actualidad Asturias\"}}]},{\"@type\":\"Organization\",\"@id\":\"https:\\\/\\\/www.eldigitaldeasturias.com\\\/noticias\\\/#organization\",\"name\":\"El Digital de Asturias\",\"description\":\"Hemeroteca\",\"url\":\"https:\\\/\\\/www.eldigitaldeasturias.com\\\/noticias\\\/\",\"email\":\"info@eldigitaldeasturias.com\",\"telephone\":\"+34652131393\",\"logo\":{\"@type\":\"ImageObject\",\"url\":\"https:\\\/\\\/www.eldigitaldeasturias.com\\\/noticias\\\/wp-content\\\/uploads\\\/2020\\\/12\\\/EDA.jpg\",\"@id\":\"https:\\\/\\\/www.eldigitaldeasturias.com\\\/noticias\\\/podemos-asturies-critica-el-modelo-de-vipasa\\\/#organizationLogo\",\"width\":649,\"height\":297},\"image\":{\"@id\":\"https:\\\/\\\/www.eldigitaldeasturias.com\\\/noticias\\\/podemos-asturies-critica-el-modelo-de-vipasa\\\/#organizationLogo\"},\"sameAs\":[\"https:\\\/\\\/facebook.com\\\/eldigitaldeasturias\",\"https:\\\/\\\/www.youtube.com\\\/channel\\\/UCZP-2wLEB9Rv6erhFmqVnvg\"],\"address\":{\"@id\":\"https:\\\/\\\/www.eldigitaldeasturias.com\\\/noticias\\\/#postaladdress\",\"@type\":\"PostalAddress\",\"streetAddress\":\"san antonio 4,\",\"postalCode\":\"33430\",\"addressLocality\":\"Cand\\u00e1s\",\"addressRegion\":\"Asturias\",\"addressCountry\":\"ES\"}},{\"@type\":\"Person\",\"@id\":\"https:\\\/\\\/www.eldigitaldeasturias.com\\\/noticias\\\/author\\\/admin\\\/#author\",\"url\":\"https:\\\/\\\/www.eldigitaldeasturias.com\\\/noticias\\\/author\\\/admin\\\/\",\"name\":\"El Digital de Asturias\",\"image\":{\"@type\":\"ImageObject\",\"@id\":\"https:\\\/\\\/www.eldigitaldeasturias.com\\\/noticias\\\/podemos-asturies-critica-el-modelo-de-vipasa\\\/#authorImage\",\"url\":\"https:\\\/\\\/www.eldigitaldeasturias.com\\\/noticias\\\/wp-content\\\/litespeed\\\/avatar\\\/18677e78aa0546b92d9dbf31ec7d7668.jpg?ver=1777290358\",\"width\":96,\"height\":96,\"caption\":\"El Digital de Asturias\"}},{\"@type\":\"WebPage\",\"@id\":\"https:\\\/\\\/www.eldigitaldeasturias.com\\\/noticias\\\/podemos-asturies-critica-el-modelo-de-vipasa\\\/#webpage\",\"url\":\"https:\\\/\\\/www.eldigitaldeasturias.com\\\/noticias\\\/podemos-asturies-critica-el-modelo-de-vipasa\\\/\",\"name\":\"Podemos Asturies cr\\u00edtica el modelo de Vipasa - El Digital de Asturias\",\"description\":\"Podemos Asturies ha criticado este lunes el modelo de pol\\u00edticas de viviendas desarrollado por Vipasa por entender que ha contribuido a la generaci\\u00f3n de guetos y a la segregaci\\u00f3n espacial, y ha propuesto una gesti\\u00f3n que garantice \\\"la diversidad social en las \\u00e1reas residenciales\\\". Los diputados de Podemos en la Junta General, Emilio Le\\u00f3n y\",\"inLanguage\":\"es-ES\",\"isPartOf\":{\"@id\":\"https:\\\/\\\/www.eldigitaldeasturias.com\\\/noticias\\\/#website\"},\"breadcrumb\":{\"@id\":\"https:\\\/\\\/www.eldigitaldeasturias.com\\\/noticias\\\/podemos-asturies-critica-el-modelo-de-vipasa\\\/#breadcrumblist\"},\"author\":{\"@id\":\"https:\\\/\\\/www.eldigitaldeasturias.com\\\/noticias\\\/author\\\/admin\\\/#author\"},\"creator\":{\"@id\":\"https:\\\/\\\/www.eldigitaldeasturias.com\\\/noticias\\\/author\\\/admin\\\/#author\"},\"image\":{\"@type\":\"ImageObject\",\"url\":\"https:\\\/\\\/www.eldigitaldeasturias.com\\\/noticias\\\/wp-content\\\/uploads\\\/2016\\\/09\\\/fotonoticia_20160919202853_800.jpg\",\"@id\":\"https:\\\/\\\/www.eldigitaldeasturias.com\\\/noticias\\\/podemos-asturies-critica-el-modelo-de-vipasa\\\/#mainImage\",\"width\":800,\"height\":533},\"primaryImageOfPage\":{\"@id\":\"https:\\\/\\\/www.eldigitaldeasturias.com\\\/noticias\\\/podemos-asturies-critica-el-modelo-de-vipasa\\\/#mainImage\"},\"datePublished\":\"2016-09-20T16:41:08+02:00\",\"dateModified\":\"2016-09-20T16:41:08+02:00\"},{\"@type\":\"WebSite\",\"@id\":\"https:\\\/\\\/www.eldigitaldeasturias.com\\\/noticias\\\/#website\",\"url\":\"https:\\\/\\\/www.eldigitaldeasturias.com\\\/noticias\\\/\",\"name\":\"El Digital de Asturias - Diario de actualidad y noticias\",\"alternateName\":\"El Digital de Asturias - Diario de actualidad y noticias\",\"description\":\"Hemeroteca\",\"inLanguage\":\"es-ES\",\"publisher\":{\"@id\":\"https:\\\/\\\/www.eldigitaldeasturias.com\\\/noticias\\\/#organization\"}}]}\n\t\t<\/script>\n\t\t<!-- All in One SEO Pro -->\r\n\t\t<title>Podemos Asturies cr\u00edtica el modelo de Vipasa - El Digital de Asturias<\/title>\n\n","aioseo_head_json":{"title":"Podemos Asturies cr\u00edtica el modelo de Vipasa - El Digital de Asturias","description":"Podemos Asturies ha criticado este lunes el modelo de pol\u00edticas de viviendas desarrollado por Vipasa por entender que ha contribuido a la generaci\u00f3n de guetos y a la segregaci\u00f3n espacial, y ha propuesto una gesti\u00f3n que garantice \"la diversidad social en las \u00e1reas residenciales\". Los diputados de Podemos en la Junta General, Emilio Le\u00f3n y","canonical_url":"https:\/\/www.eldigitaldeasturias.com\/noticias\/podemos-asturies-critica-el-modelo-de-vipasa\/","robots":"max-image-preview:large","keywords":"actualidad asturias","webmasterTools":{"google-site-verification":"UA-38556648-1","msvalidate.01":"7dfe9f3f1b24437ab69f4f2559babe99","miscellaneous":""},"schema":{"@context":"https:\/\/schema.org","@graph":[{"@type":"BlogPosting","@id":"https:\/\/www.eldigitaldeasturias.com\/noticias\/podemos-asturies-critica-el-modelo-de-vipasa\/#blogposting","name":"Podemos Asturies cr\u00edtica el modelo de Vipasa - El Digital de Asturias","headline":"Podemos Asturies cr\u00edtica el modelo de Vipasa","author":{"@id":"https:\/\/www.eldigitaldeasturias.com\/noticias\/author\/admin\/#author"},"publisher":{"@id":"https:\/\/www.eldigitaldeasturias.com\/noticias\/#organization"},"image":{"@type":"ImageObject","url":"https:\/\/www.eldigitaldeasturias.com\/noticias\/wp-content\/uploads\/2016\/09\/fotonoticia_20160919202853_800.jpg","width":800,"height":533},"datePublished":"2016-09-20T16:41:08+02:00","dateModified":"2016-09-20T16:41:08+02:00","inLanguage":"es-ES","mainEntityOfPage":{"@id":"https:\/\/www.eldigitaldeasturias.com\/noticias\/podemos-asturies-critica-el-modelo-de-vipasa\/#webpage"},"isPartOf":{"@id":"https:\/\/www.eldigitaldeasturias.com\/noticias\/podemos-asturies-critica-el-modelo-de-vipasa\/#webpage"},"articleSection":"Actualidad Asturias"},{"@type":"BreadcrumbList","@id":"https:\/\/www.eldigitaldeasturias.com\/noticias\/podemos-asturies-critica-el-modelo-de-vipasa\/#breadcrumblist","itemListElement":[{"@type":"ListItem","@id":"https:\/\/www.eldigitaldeasturias.com\/noticias#listItem","position":1,"name":"Home","item":"https:\/\/www.eldigitaldeasturias.com\/noticias","nextItem":{"@type":"ListItem","@id":"https:\/\/www.eldigitaldeasturias.com\/noticias\/category\/actualidad-asturias\/#listItem","name":"Actualidad Asturias"}},{"@type":"ListItem","@id":"https:\/\/www.eldigitaldeasturias.com\/noticias\/category\/actualidad-asturias\/#listItem","position":2,"name":"Actualidad Asturias","item":"https:\/\/www.eldigitaldeasturias.com\/noticias\/category\/actualidad-asturias\/","nextItem":{"@type":"ListItem","@id":"https:\/\/www.eldigitaldeasturias.com\/noticias\/podemos-asturies-critica-el-modelo-de-vipasa\/#listItem","name":"Podemos Asturies cr\u00edtica el modelo de Vipasa"},"previousItem":{"@type":"ListItem","@id":"https:\/\/www.eldigitaldeasturias.com\/noticias#listItem","name":"Home"}},{"@type":"ListItem","@id":"https:\/\/www.eldigitaldeasturias.com\/noticias\/podemos-asturies-critica-el-modelo-de-vipasa\/#listItem","position":3,"name":"Podemos Asturies cr\u00edtica el modelo de Vipasa","previousItem":{"@type":"ListItem","@id":"https:\/\/www.eldigitaldeasturias.com\/noticias\/category\/actualidad-asturias\/#listItem","name":"Actualidad Asturias"}}]},{"@type":"Organization","@id":"https:\/\/www.eldigitaldeasturias.com\/noticias\/#organization","name":"El Digital de Asturias","description":"Hemeroteca","url":"https:\/\/www.eldigitaldeasturias.com\/noticias\/","email":"info@eldigitaldeasturias.com","telephone":"+34652131393","logo":{"@type":"ImageObject","url":"https:\/\/www.eldigitaldeasturias.com\/noticias\/wp-content\/uploads\/2020\/12\/EDA.jpg","@id":"https:\/\/www.eldigitaldeasturias.com\/noticias\/podemos-asturies-critica-el-modelo-de-vipasa\/#organizationLogo","width":649,"height":297},"image":{"@id":"https:\/\/www.eldigitaldeasturias.com\/noticias\/podemos-asturies-critica-el-modelo-de-vipasa\/#organizationLogo"},"sameAs":["https:\/\/facebook.com\/eldigitaldeasturias","https:\/\/www.youtube.com\/channel\/UCZP-2wLEB9Rv6erhFmqVnvg"],"address":{"@id":"https:\/\/www.eldigitaldeasturias.com\/noticias\/#postaladdress","@type":"PostalAddress","streetAddress":"san antonio 4,","postalCode":"33430","addressLocality":"Cand\u00e1s","addressRegion":"Asturias","addressCountry":"ES"}},{"@type":"Person","@id":"https:\/\/www.eldigitaldeasturias.com\/noticias\/author\/admin\/#author","url":"https:\/\/www.eldigitaldeasturias.com\/noticias\/author\/admin\/","name":"El Digital de Asturias","image":{"@type":"ImageObject","@id":"https:\/\/www.eldigitaldeasturias.com\/noticias\/podemos-asturies-critica-el-modelo-de-vipasa\/#authorImage","url":"https:\/\/www.eldigitaldeasturias.com\/noticias\/wp-content\/litespeed\/avatar\/18677e78aa0546b92d9dbf31ec7d7668.jpg?ver=1777290358","width":96,"height":96,"caption":"El Digital de Asturias"}},{"@type":"WebPage","@id":"https:\/\/www.eldigitaldeasturias.com\/noticias\/podemos-asturies-critica-el-modelo-de-vipasa\/#webpage","url":"https:\/\/www.eldigitaldeasturias.com\/noticias\/podemos-asturies-critica-el-modelo-de-vipasa\/","name":"Podemos Asturies cr\u00edtica el modelo de Vipasa - El Digital de Asturias","description":"Podemos Asturies ha criticado este lunes el modelo de pol\u00edticas de viviendas desarrollado por Vipasa por entender que ha contribuido a la generaci\u00f3n de guetos y a la segregaci\u00f3n espacial, y ha propuesto una gesti\u00f3n que garantice \"la diversidad social en las \u00e1reas residenciales\". Los diputados de Podemos en la Junta General, Emilio Le\u00f3n y","inLanguage":"es-ES","isPartOf":{"@id":"https:\/\/www.eldigitaldeasturias.com\/noticias\/#website"},"breadcrumb":{"@id":"https:\/\/www.eldigitaldeasturias.com\/noticias\/podemos-asturies-critica-el-modelo-de-vipasa\/#breadcrumblist"},"author":{"@id":"https:\/\/www.eldigitaldeasturias.com\/noticias\/author\/admin\/#author"},"creator":{"@id":"https:\/\/www.eldigitaldeasturias.com\/noticias\/author\/admin\/#author"},"image":{"@type":"ImageObject","url":"https:\/\/www.eldigitaldeasturias.com\/noticias\/wp-content\/uploads\/2016\/09\/fotonoticia_20160919202853_800.jpg","@id":"https:\/\/www.eldigitaldeasturias.com\/noticias\/podemos-asturies-critica-el-modelo-de-vipasa\/#mainImage","width":800,"height":533},"primaryImageOfPage":{"@id":"https:\/\/www.eldigitaldeasturias.com\/noticias\/podemos-asturies-critica-el-modelo-de-vipasa\/#mainImage"},"datePublished":"2016-09-20T16:41:08+02:00","dateModified":"2016-09-20T16:41:08+02:00"},{"@type":"WebSite","@id":"https:\/\/www.eldigitaldeasturias.com\/noticias\/#website","url":"https:\/\/www.eldigitaldeasturias.com\/noticias\/","name":"El Digital de Asturias - Diario de actualidad y noticias","alternateName":"El Digital de Asturias - Diario de actualidad y noticias","description":"Hemeroteca","inLanguage":"es-ES","publisher":{"@id":"https:\/\/www.eldigitaldeasturias.com\/noticias\/#organization"}}]},"og:locale":"es_ES","og:site_name":"El Digital de Asturias","og:type":"article","og:title":"Podemos Asturies cr\u00edtica el modelo de Vipasa - El Digital de Asturias","og:description":"Podemos Asturies ha criticado este lunes el modelo de pol\u00edticas de viviendas desarrollado por Vipasa por entender que ha contribuido a la generaci\u00f3n de guetos y a la segregaci\u00f3n espacial, y ha propuesto una gesti\u00f3n que garantice &quot;la diversidad social en las \u00e1reas residenciales&quot;. Los diputados de Podemos en la Junta General, Emilio Le\u00f3n y","og:url":"https:\/\/www.eldigitaldeasturias.com\/noticias\/podemos-asturies-critica-el-modelo-de-vipasa\/","og:image":"https:\/\/www.eldigitaldeasturias.com\/noticias\/wp-content\/uploads\/2016\/09\/fotonoticia_20160919202853_800.jpg","og:image:secure_url":"https:\/\/www.eldigitaldeasturias.com\/noticias\/wp-content\/uploads\/2016\/09\/fotonoticia_20160919202853_800.jpg","og:image:width":800,"og:image:height":533,"article:tag":["actualidad asturias"],"article:published_time":"2016-09-20T15:41:08+00:00","article:modified_time":"2016-09-20T15:41:08+00:00","article:publisher":"https:\/\/facebook.com\/eldigitaldeasturias","twitter:card":"summary_large_image","twitter:title":"Podemos Asturies cr\u00edtica el modelo de Vipasa - El Digital de Asturias","twitter:description":"Podemos Asturies ha criticado este lunes el modelo de pol\u00edticas de viviendas desarrollado por Vipasa por entender que ha contribuido a la generaci\u00f3n de guetos y a la segregaci\u00f3n espacial, y ha propuesto una gesti\u00f3n que garantice &quot;la diversidad social en las \u00e1reas residenciales&quot;. Los diputados de Podemos en la Junta General, Emilio Le\u00f3n y","twitter:image":"https:\/\/www.eldigitaldeasturias.com\/noticias\/wp-content\/uploads\/2016\/09\/fotonoticia_20160919202853_800.jpg","twitter:label1":"Escrito por","twitter:data1":"El Digital de Asturias","twitter:label2":"Tiempo de lectura estimado","twitter:data2":"2 minutos"},"aioseo_meta_data":{"post_id":"908607","title":null,"description":null,"keywords":null,"keyphrases":null,"primary_term":null,"canonical_url":null,"og_title":null,"og_description":null,"og_object_type":"default","og_image_type":"default","og_image_url":null,"og_image_width":null,"og_image_height":null,"og_image_custom_url":null,"og_image_custom_fields":null,"og_video":null,"og_custom_url":null,"og_article_section":null,"og_article_tags":null,"twitter_use_og":false,"twitter_card":"default","twitter_image_type":"default","twitter_image_url":null,"twitter_image_custom_url":null,"twitter_image_custom_fields":null,"twitter_title":null,"twitter_description":null,"schema":{"blockGraphs":[],"customGraphs":[],"default":{"data":{"Article":[],"Course":[],"Dataset":[],"FAQPage":[],"Movie":[],"Person":[],"Product":[],"ProductReview":[],"Car":[],"Recipe":[],"Service":[],"SoftwareApplication":[],"WebPage":[]},"graphName":"","isEnabled":true},"graphs":[],"defaultGraph":"","defaultPostTypeGraph":""},"schema_type":null,"schema_type_options":null,"pillar_content":false,"robots_default":true,"robots_noindex":false,"robots_noarchive":false,"robots_nosnippet":false,"robots_nofollow":false,"robots_noimageindex":false,"robots_noodp":false,"robots_notranslate":false,"robots_max_snippet":null,"robots_max_videopreview":null,"robots_max_imagepreview":"large","priority":null,"frequency":null,"local_seo":null,"seo_analyzer_scan_date":"2025-11-30 16:48:17","breadcrumb_settings":null,"limit_modified_date":false,"open_ai":null,"ai":null,"created":"2020-12-21 14:00:05","updated":"2025-11-30 16:48:17"},"aioseo_breadcrumb":"<div class=\"aioseo-breadcrumbs\"><span class=\"aioseo-breadcrumb\">\n\t<a href=\"https:\/\/www.eldigitaldeasturias.com\/noticias\" title=\"Home\">Home<\/a>\n<\/span><span class=\"aioseo-breadcrumb-separator\">\u2013<\/span><span class=\"aioseo-breadcrumb\">\n\t<a href=\"https:\/\/www.eldigitaldeasturias.com\/noticias\/category\/actualidad-asturias\/\" title=\"Actualidad Asturias\">Actualidad Asturias<\/a>\n<\/span><span class=\"aioseo-breadcrumb-separator\">\u2013<\/span><span class=\"aioseo-breadcrumb\">\n\t<a href=\"https:\/\/www.eldigitaldeasturias.com\/noticias\/podemos-asturies-critica-el-modelo-de-vipasa\/\" title=\"Podemos Asturies cr\u00edtica el modelo de Vipasa\">Podemos Asturies cr\u00edtica el modelo de Vipasa<\/a>\n<\/span><\/div>","aioseo_breadcrumb_json":[{"label":"Home","link":"https:\/\/www.eldigitaldeasturias.com\/noticias"},{"label":"Actualidad Asturias","link":"https:\/\/www.eldigitaldeasturias.com\/noticias\/category\/actualidad-asturias\/"},{"label":"Podemos Asturies cr\u00edtica el modelo de Vipasa","link":"https:\/\/www.eldigitaldeasturias.com\/noticias\/podemos-asturies-critica-el-modelo-de-vipasa\/"}],"_links":{"self":[{"href":"https:\/\/www.eldigitaldeasturias.com\/noticias\/wp-json\/wp\/v2\/posts\/908607","targetHints":{"allow":["GET"]}}],"collection":[{"href":"https:\/\/www.eldigitaldeasturias.com\/noticias\/wp-json\/wp\/v2\/posts"}],"about":[{"href":"https:\/\/www.eldigitaldeasturias.com\/noticias\/wp-json\/wp\/v2\/types\/post"}],"author":[{"embeddable":true,"href":"https:\/\/www.eldigitaldeasturias.com\/noticias\/wp-json\/wp\/v2\/users\/1"}],"replies":[{"embeddable":true,"href":"https:\/\/www.eldigitaldeasturias.com\/noticias\/wp-json\/wp\/v2\/comments?post=908607"}],"version-history":[{"count":0,"href":"https:\/\/www.eldigitaldeasturias.com\/noticias\/wp-json\/wp\/v2\/posts\/908607\/revisions"}],"wp:featuredmedia":[{"embeddable":true,"href":"https:\/\/www.eldigitaldeasturias.com\/noticias\/wp-json\/wp\/v2\/media\/908608"}],"wp:attachment":[{"href":"https:\/\/www.eldigitaldeasturias.com\/noticias\/wp-json\/wp\/v2\/media?parent=908607"}],"wp:term":[{"taxonomy":"category","embeddable":true,"href":"https:\/\/www.eldigitaldeasturias.com\/noticias\/wp-json\/wp\/v2\/categories?post=908607"},{"taxonomy":"post_tag","embeddable":true,"href":"https:\/\/www.eldigitaldeasturias.com\/noticias\/wp-json\/wp\/v2\/tags?post=908607"}],"curies":[{"name":"wp","href":"https:\/\/api.w.org\/{rel}","templated":true}]}}