{"id":908605,"date":"2016-09-20T16:38:54","date_gmt":"2016-09-20T15:38:54","guid":{"rendered":"http:\/\/www.eldigitaldeasturias.com\/noticias\/?p=908605"},"modified":"2016-09-20T16:38:54","modified_gmt":"2016-09-20T15:38:54","slug":"gran-noche-de-los-fuegos-en-mateo-2016","status":"publish","type":"post","link":"https:\/\/www.eldigitaldeasturias.com\/noticias\/gran-noche-de-los-fuegos-en-mateo-2016\/","title":{"rendered":"Gran Noche de los fuegos en Mateo 2016"},"content":{"rendered":"<p><img loading=\"lazy\" decoding=\"async\" class=\"alignleft size-medium wp-image-801010\" src=\"https:\/\/www.eldigitaldeasturias.com\/noticias\/wp-content\/uploads\/2015\/08\/fuegos-artificiales-360x203.jpg\" alt=\"fuegos-artificiales\" width=\"360\" height=\"203\" srcset=\"https:\/\/www.eldigitaldeasturias.com\/noticias\/wp-content\/uploads\/2015\/08\/fuegos-artificiales-360x203.jpg 360w, https:\/\/www.eldigitaldeasturias.com\/noticias\/wp-content\/uploads\/2015\/08\/fuegos-artificiales-650x366.jpg 650w, https:\/\/www.eldigitaldeasturias.com\/noticias\/wp-content\/uploads\/2015\/08\/fuegos-artificiales.jpg 1920w\" sizes=\"auto, (max-width: 360px) 100vw, 360px\" \/>El espect\u00e1culo de fuegos artificiales para la noche grande de San Mateo, la medianoche de este martes, estar\u00e1 basado en el paso por Oviedo del Camino de Santiago Primitivo. El espect\u00e1culo tendr\u00e1 lugar en las inmediaciones del Parque de Invierno.<\/p>\n<p>Seg\u00fan ha recordado el Ayuntamiento en una nota de prensa, se trata del primer Camino conocido, de todas las variantes que conducen a Santiago de Compostela, que fue tomado por Alfonso II el Casto, en el siglo IX para visitar la reci\u00e9n descubierta tumba del Ap\u00f3stol Santiago.<\/p>\n<p>El montaje se compone de 33.565 unidades de artificios pirot\u00e9cnicos, repartidas en 60 conjuntos, sincronizados por los m\u00e1s modernos equipos digitales de disparo que enviar\u00e1n al firmamento 960 \u00f3rdenes de disparo. El espect\u00e1culo correr\u00e1 a cargo de Pirotecnia Pablo.<\/p>\n<p>El evento es exclusivo y personalizado para la ciudad de Oviedo en la Noche de San Mateo, con m\u00faltiples efectos entre los que se podr\u00e1n admirar Conchas de Santiago, banderas de Asturias y Galicia y otras novedades como Fantasmas, Medusas, Estrobosc\u00f3picos o Palmeras Lloronas, entre otras.<\/p>\n<p>&nbsp;<\/p>\n<p>&nbsp;<\/p>\n","protected":false},"excerpt":{"rendered":"<p>El espect\u00e1culo de fuegos artificiales para la noche grande de San Mateo, la medianoche de este martes, estar\u00e1 basado en el paso por Oviedo del Camino de Santiago Primitivo. El espect\u00e1culo tendr\u00e1 lugar en las inmediaciones del Parque de Invierno. Seg\u00fan ha recordado el Ayuntamiento en una nota de prensa, se trata del primer Camino [&hellip;]<\/p>\n","protected":false},"author":1,"featured_media":801010,"comment_status":"closed","ping_status":"closed","sticky":false,"template":"","format":"standard","meta":{"footnotes":""},"categories":[2],"tags":[],"class_list":["post-908605","post","type-post","status-publish","format-standard","has-post-thumbnail","hentry","category-agenda"],"aioseo_notices":[],"aioseo_head":"\n\t\t<!-- All in One SEO Pro 4.9.6.2 - aioseo.com -->\n\t<meta name=\"description\" content=\"El espect\u00e1culo de fuegos artificiales para la noche grande de San Mateo, la medianoche de este martes, estar\u00e1 basado en el paso por Oviedo del Camino de Santiago Primitivo. El espect\u00e1culo tendr\u00e1 lugar en las inmediaciones del Parque de Invierno. Seg\u00fan ha recordado el Ayuntamiento en una nota de prensa, se trata del primer Camino\" \/>\n\t<meta name=\"robots\" content=\"max-image-preview:large\" \/>\n\t<meta name=\"author\" content=\"El Digital de Asturias\"\/>\n\t<meta name=\"google-site-verification\" content=\"UA-38556648-1\" \/>\n\t<meta name=\"msvalidate.01\" content=\"7dfe9f3f1b24437ab69f4f2559babe99\" \/>\n\t<meta name=\"keywords\" content=\"agenda\" \/>\n\t<link rel=\"canonical\" href=\"https:\/\/www.eldigitaldeasturias.com\/noticias\/gran-noche-de-los-fuegos-en-mateo-2016\/\" \/>\n\t<meta name=\"generator\" content=\"All in One SEO Pro (AIOSEO) 4.9.6.2\" \/>\n\t\t<meta property=\"og:locale\" content=\"es_ES\" \/>\n\t\t<meta property=\"og:site_name\" content=\"El Digital de Asturias\" \/>\n\t\t<meta property=\"og:type\" content=\"article\" \/>\n\t\t<meta property=\"og:title\" content=\"Gran Noche de los fuegos en Mateo 2016 - El Digital de Asturias\" \/>\n\t\t<meta property=\"og:description\" content=\"El espect\u00e1culo de fuegos artificiales para la noche grande de San Mateo, la medianoche de este martes, estar\u00e1 basado en el paso por Oviedo del Camino de Santiago Primitivo. El espect\u00e1culo tendr\u00e1 lugar en las inmediaciones del Parque de Invierno. Seg\u00fan ha recordado el Ayuntamiento en una nota de prensa, se trata del primer Camino\" \/>\n\t\t<meta property=\"og:url\" content=\"https:\/\/www.eldigitaldeasturias.com\/noticias\/gran-noche-de-los-fuegos-en-mateo-2016\/\" \/>\n\t\t<meta property=\"og:image\" content=\"https:\/\/www.eldigitaldeasturias.com\/noticias\/wp-content\/uploads\/2015\/08\/fuegos-artificiales.jpg\" \/>\n\t\t<meta property=\"og:image:secure_url\" content=\"https:\/\/www.eldigitaldeasturias.com\/noticias\/wp-content\/uploads\/2015\/08\/fuegos-artificiales.jpg\" \/>\n\t\t<meta property=\"og:image:width\" content=\"1920\" \/>\n\t\t<meta property=\"og:image:height\" content=\"1080\" \/>\n\t\t<meta property=\"article:tag\" content=\"agenda\" \/>\n\t\t<meta property=\"article:published_time\" content=\"2016-09-20T15:38:54+00:00\" \/>\n\t\t<meta property=\"article:modified_time\" content=\"2016-09-20T15:38:54+00:00\" \/>\n\t\t<meta property=\"article:publisher\" content=\"https:\/\/facebook.com\/eldigitaldeasturias\" \/>\n\t\t<meta name=\"twitter:card\" content=\"summary_large_image\" \/>\n\t\t<meta name=\"twitter:title\" content=\"Gran Noche de los fuegos en Mateo 2016 - El Digital de Asturias\" \/>\n\t\t<meta name=\"twitter:description\" content=\"El espect\u00e1culo de fuegos artificiales para la noche grande de San Mateo, la medianoche de este martes, estar\u00e1 basado en el paso por Oviedo del Camino de Santiago Primitivo. El espect\u00e1culo tendr\u00e1 lugar en las inmediaciones del Parque de Invierno. Seg\u00fan ha recordado el Ayuntamiento en una nota de prensa, se trata del primer Camino\" \/>\n\t\t<meta name=\"twitter:image\" content=\"https:\/\/www.eldigitaldeasturias.com\/noticias\/wp-content\/uploads\/2015\/08\/fuegos-artificiales.jpg\" \/>\n\t\t<meta name=\"twitter:label1\" content=\"Escrito por\" \/>\n\t\t<meta name=\"twitter:data1\" content=\"El Digital de Asturias\" \/>\n\t\t<meta name=\"twitter:label2\" content=\"Tiempo de lectura estimado\" \/>\n\t\t<meta name=\"twitter:data2\" content=\"1 minuto\" \/>\n\t\t<script type=\"application\/ld+json\" class=\"aioseo-schema\">\n\t\t\t{\"@context\":\"https:\\\/\\\/schema.org\",\"@graph\":[{\"@type\":\"BlogPosting\",\"@id\":\"https:\\\/\\\/www.eldigitaldeasturias.com\\\/noticias\\\/gran-noche-de-los-fuegos-en-mateo-2016\\\/#blogposting\",\"name\":\"Gran Noche de los fuegos en Mateo 2016 - El Digital de Asturias\",\"headline\":\"Gran Noche de los fuegos en Mateo 2016\",\"author\":{\"@id\":\"https:\\\/\\\/www.eldigitaldeasturias.com\\\/noticias\\\/author\\\/admin\\\/#author\"},\"publisher\":{\"@id\":\"https:\\\/\\\/www.eldigitaldeasturias.com\\\/noticias\\\/#organization\"},\"image\":{\"@type\":\"ImageObject\",\"url\":\"https:\\\/\\\/www.eldigitaldeasturias.com\\\/noticias\\\/wp-content\\\/uploads\\\/2015\\\/08\\\/fuegos-artificiales.jpg\",\"width\":1920,\"height\":1080},\"datePublished\":\"2016-09-20T16:38:54+02:00\",\"dateModified\":\"2016-09-20T16:38:54+02:00\",\"inLanguage\":\"es-ES\",\"mainEntityOfPage\":{\"@id\":\"https:\\\/\\\/www.eldigitaldeasturias.com\\\/noticias\\\/gran-noche-de-los-fuegos-en-mateo-2016\\\/#webpage\"},\"isPartOf\":{\"@id\":\"https:\\\/\\\/www.eldigitaldeasturias.com\\\/noticias\\\/gran-noche-de-los-fuegos-en-mateo-2016\\\/#webpage\"},\"articleSection\":\"Agenda\"},{\"@type\":\"BreadcrumbList\",\"@id\":\"https:\\\/\\\/www.eldigitaldeasturias.com\\\/noticias\\\/gran-noche-de-los-fuegos-en-mateo-2016\\\/#breadcrumblist\",\"itemListElement\":[{\"@type\":\"ListItem\",\"@id\":\"https:\\\/\\\/www.eldigitaldeasturias.com\\\/noticias#listItem\",\"position\":1,\"name\":\"Home\",\"item\":\"https:\\\/\\\/www.eldigitaldeasturias.com\\\/noticias\",\"nextItem\":{\"@type\":\"ListItem\",\"@id\":\"https:\\\/\\\/www.eldigitaldeasturias.com\\\/noticias\\\/category\\\/agenda\\\/#listItem\",\"name\":\"Agenda\"}},{\"@type\":\"ListItem\",\"@id\":\"https:\\\/\\\/www.eldigitaldeasturias.com\\\/noticias\\\/category\\\/agenda\\\/#listItem\",\"position\":2,\"name\":\"Agenda\",\"item\":\"https:\\\/\\\/www.eldigitaldeasturias.com\\\/noticias\\\/category\\\/agenda\\\/\",\"nextItem\":{\"@type\":\"ListItem\",\"@id\":\"https:\\\/\\\/www.eldigitaldeasturias.com\\\/noticias\\\/gran-noche-de-los-fuegos-en-mateo-2016\\\/#listItem\",\"name\":\"Gran Noche de los fuegos en Mateo 2016\"},\"previousItem\":{\"@type\":\"ListItem\",\"@id\":\"https:\\\/\\\/www.eldigitaldeasturias.com\\\/noticias#listItem\",\"name\":\"Home\"}},{\"@type\":\"ListItem\",\"@id\":\"https:\\\/\\\/www.eldigitaldeasturias.com\\\/noticias\\\/gran-noche-de-los-fuegos-en-mateo-2016\\\/#listItem\",\"position\":3,\"name\":\"Gran Noche de los fuegos en Mateo 2016\",\"previousItem\":{\"@type\":\"ListItem\",\"@id\":\"https:\\\/\\\/www.eldigitaldeasturias.com\\\/noticias\\\/category\\\/agenda\\\/#listItem\",\"name\":\"Agenda\"}}]},{\"@type\":\"Organization\",\"@id\":\"https:\\\/\\\/www.eldigitaldeasturias.com\\\/noticias\\\/#organization\",\"name\":\"El Digital de Asturias\",\"description\":\"Hemeroteca\",\"url\":\"https:\\\/\\\/www.eldigitaldeasturias.com\\\/noticias\\\/\",\"email\":\"info@eldigitaldeasturias.com\",\"telephone\":\"+34652131393\",\"logo\":{\"@type\":\"ImageObject\",\"url\":\"https:\\\/\\\/www.eldigitaldeasturias.com\\\/noticias\\\/wp-content\\\/uploads\\\/2020\\\/12\\\/EDA.jpg\",\"@id\":\"https:\\\/\\\/www.eldigitaldeasturias.com\\\/noticias\\\/gran-noche-de-los-fuegos-en-mateo-2016\\\/#organizationLogo\",\"width\":649,\"height\":297},\"image\":{\"@id\":\"https:\\\/\\\/www.eldigitaldeasturias.com\\\/noticias\\\/gran-noche-de-los-fuegos-en-mateo-2016\\\/#organizationLogo\"},\"sameAs\":[\"https:\\\/\\\/facebook.com\\\/eldigitaldeasturias\",\"https:\\\/\\\/www.youtube.com\\\/channel\\\/UCZP-2wLEB9Rv6erhFmqVnvg\"],\"address\":{\"@id\":\"https:\\\/\\\/www.eldigitaldeasturias.com\\\/noticias\\\/#postaladdress\",\"@type\":\"PostalAddress\",\"streetAddress\":\"san antonio 4,\",\"postalCode\":\"33430\",\"addressLocality\":\"Cand\\u00e1s\",\"addressRegion\":\"Asturias\",\"addressCountry\":\"ES\"}},{\"@type\":\"Person\",\"@id\":\"https:\\\/\\\/www.eldigitaldeasturias.com\\\/noticias\\\/author\\\/admin\\\/#author\",\"url\":\"https:\\\/\\\/www.eldigitaldeasturias.com\\\/noticias\\\/author\\\/admin\\\/\",\"name\":\"El Digital de Asturias\",\"image\":{\"@type\":\"ImageObject\",\"@id\":\"https:\\\/\\\/www.eldigitaldeasturias.com\\\/noticias\\\/gran-noche-de-los-fuegos-en-mateo-2016\\\/#authorImage\",\"url\":\"https:\\\/\\\/www.eldigitaldeasturias.com\\\/noticias\\\/wp-content\\\/litespeed\\\/avatar\\\/18677e78aa0546b92d9dbf31ec7d7668.jpg?ver=1777290358\",\"width\":96,\"height\":96,\"caption\":\"El Digital de Asturias\"}},{\"@type\":\"WebPage\",\"@id\":\"https:\\\/\\\/www.eldigitaldeasturias.com\\\/noticias\\\/gran-noche-de-los-fuegos-en-mateo-2016\\\/#webpage\",\"url\":\"https:\\\/\\\/www.eldigitaldeasturias.com\\\/noticias\\\/gran-noche-de-los-fuegos-en-mateo-2016\\\/\",\"name\":\"Gran Noche de los fuegos en Mateo 2016 - El Digital de Asturias\",\"description\":\"El espect\\u00e1culo de fuegos artificiales para la noche grande de San Mateo, la medianoche de este martes, estar\\u00e1 basado en el paso por Oviedo del Camino de Santiago Primitivo. El espect\\u00e1culo tendr\\u00e1 lugar en las inmediaciones del Parque de Invierno. Seg\\u00fan ha recordado el Ayuntamiento en una nota de prensa, se trata del primer Camino\",\"inLanguage\":\"es-ES\",\"isPartOf\":{\"@id\":\"https:\\\/\\\/www.eldigitaldeasturias.com\\\/noticias\\\/#website\"},\"breadcrumb\":{\"@id\":\"https:\\\/\\\/www.eldigitaldeasturias.com\\\/noticias\\\/gran-noche-de-los-fuegos-en-mateo-2016\\\/#breadcrumblist\"},\"author\":{\"@id\":\"https:\\\/\\\/www.eldigitaldeasturias.com\\\/noticias\\\/author\\\/admin\\\/#author\"},\"creator\":{\"@id\":\"https:\\\/\\\/www.eldigitaldeasturias.com\\\/noticias\\\/author\\\/admin\\\/#author\"},\"image\":{\"@type\":\"ImageObject\",\"url\":\"https:\\\/\\\/www.eldigitaldeasturias.com\\\/noticias\\\/wp-content\\\/uploads\\\/2015\\\/08\\\/fuegos-artificiales.jpg\",\"@id\":\"https:\\\/\\\/www.eldigitaldeasturias.com\\\/noticias\\\/gran-noche-de-los-fuegos-en-mateo-2016\\\/#mainImage\",\"width\":1920,\"height\":1080},\"primaryImageOfPage\":{\"@id\":\"https:\\\/\\\/www.eldigitaldeasturias.com\\\/noticias\\\/gran-noche-de-los-fuegos-en-mateo-2016\\\/#mainImage\"},\"datePublished\":\"2016-09-20T16:38:54+02:00\",\"dateModified\":\"2016-09-20T16:38:54+02:00\"},{\"@type\":\"WebSite\",\"@id\":\"https:\\\/\\\/www.eldigitaldeasturias.com\\\/noticias\\\/#website\",\"url\":\"https:\\\/\\\/www.eldigitaldeasturias.com\\\/noticias\\\/\",\"name\":\"El Digital de Asturias - Diario de actualidad y noticias\",\"alternateName\":\"El Digital de Asturias - Diario de actualidad y noticias\",\"description\":\"Hemeroteca\",\"inLanguage\":\"es-ES\",\"publisher\":{\"@id\":\"https:\\\/\\\/www.eldigitaldeasturias.com\\\/noticias\\\/#organization\"}}]}\n\t\t<\/script>\n\t\t<!-- All in One SEO Pro -->\r\n\t\t<title>Gran Noche de los fuegos en Mateo 2016 - El Digital de Asturias<\/title>\n\n","aioseo_head_json":{"title":"Gran Noche de los fuegos en Mateo 2016 - El Digital de Asturias","description":"El espect\u00e1culo de fuegos artificiales para la noche grande de San Mateo, la medianoche de este martes, estar\u00e1 basado en el paso por Oviedo del Camino de Santiago Primitivo. El espect\u00e1culo tendr\u00e1 lugar en las inmediaciones del Parque de Invierno. Seg\u00fan ha recordado el Ayuntamiento en una nota de prensa, se trata del primer Camino","canonical_url":"https:\/\/www.eldigitaldeasturias.com\/noticias\/gran-noche-de-los-fuegos-en-mateo-2016\/","robots":"max-image-preview:large","keywords":"agenda","webmasterTools":{"google-site-verification":"UA-38556648-1","msvalidate.01":"7dfe9f3f1b24437ab69f4f2559babe99","miscellaneous":""},"schema":{"@context":"https:\/\/schema.org","@graph":[{"@type":"BlogPosting","@id":"https:\/\/www.eldigitaldeasturias.com\/noticias\/gran-noche-de-los-fuegos-en-mateo-2016\/#blogposting","name":"Gran Noche de los fuegos en Mateo 2016 - El Digital de Asturias","headline":"Gran Noche de los fuegos en Mateo 2016","author":{"@id":"https:\/\/www.eldigitaldeasturias.com\/noticias\/author\/admin\/#author"},"publisher":{"@id":"https:\/\/www.eldigitaldeasturias.com\/noticias\/#organization"},"image":{"@type":"ImageObject","url":"https:\/\/www.eldigitaldeasturias.com\/noticias\/wp-content\/uploads\/2015\/08\/fuegos-artificiales.jpg","width":1920,"height":1080},"datePublished":"2016-09-20T16:38:54+02:00","dateModified":"2016-09-20T16:38:54+02:00","inLanguage":"es-ES","mainEntityOfPage":{"@id":"https:\/\/www.eldigitaldeasturias.com\/noticias\/gran-noche-de-los-fuegos-en-mateo-2016\/#webpage"},"isPartOf":{"@id":"https:\/\/www.eldigitaldeasturias.com\/noticias\/gran-noche-de-los-fuegos-en-mateo-2016\/#webpage"},"articleSection":"Agenda"},{"@type":"BreadcrumbList","@id":"https:\/\/www.eldigitaldeasturias.com\/noticias\/gran-noche-de-los-fuegos-en-mateo-2016\/#breadcrumblist","itemListElement":[{"@type":"ListItem","@id":"https:\/\/www.eldigitaldeasturias.com\/noticias#listItem","position":1,"name":"Home","item":"https:\/\/www.eldigitaldeasturias.com\/noticias","nextItem":{"@type":"ListItem","@id":"https:\/\/www.eldigitaldeasturias.com\/noticias\/category\/agenda\/#listItem","name":"Agenda"}},{"@type":"ListItem","@id":"https:\/\/www.eldigitaldeasturias.com\/noticias\/category\/agenda\/#listItem","position":2,"name":"Agenda","item":"https:\/\/www.eldigitaldeasturias.com\/noticias\/category\/agenda\/","nextItem":{"@type":"ListItem","@id":"https:\/\/www.eldigitaldeasturias.com\/noticias\/gran-noche-de-los-fuegos-en-mateo-2016\/#listItem","name":"Gran Noche de los fuegos en Mateo 2016"},"previousItem":{"@type":"ListItem","@id":"https:\/\/www.eldigitaldeasturias.com\/noticias#listItem","name":"Home"}},{"@type":"ListItem","@id":"https:\/\/www.eldigitaldeasturias.com\/noticias\/gran-noche-de-los-fuegos-en-mateo-2016\/#listItem","position":3,"name":"Gran Noche de los fuegos en Mateo 2016","previousItem":{"@type":"ListItem","@id":"https:\/\/www.eldigitaldeasturias.com\/noticias\/category\/agenda\/#listItem","name":"Agenda"}}]},{"@type":"Organization","@id":"https:\/\/www.eldigitaldeasturias.com\/noticias\/#organization","name":"El Digital de Asturias","description":"Hemeroteca","url":"https:\/\/www.eldigitaldeasturias.com\/noticias\/","email":"info@eldigitaldeasturias.com","telephone":"+34652131393","logo":{"@type":"ImageObject","url":"https:\/\/www.eldigitaldeasturias.com\/noticias\/wp-content\/uploads\/2020\/12\/EDA.jpg","@id":"https:\/\/www.eldigitaldeasturias.com\/noticias\/gran-noche-de-los-fuegos-en-mateo-2016\/#organizationLogo","width":649,"height":297},"image":{"@id":"https:\/\/www.eldigitaldeasturias.com\/noticias\/gran-noche-de-los-fuegos-en-mateo-2016\/#organizationLogo"},"sameAs":["https:\/\/facebook.com\/eldigitaldeasturias","https:\/\/www.youtube.com\/channel\/UCZP-2wLEB9Rv6erhFmqVnvg"],"address":{"@id":"https:\/\/www.eldigitaldeasturias.com\/noticias\/#postaladdress","@type":"PostalAddress","streetAddress":"san antonio 4,","postalCode":"33430","addressLocality":"Cand\u00e1s","addressRegion":"Asturias","addressCountry":"ES"}},{"@type":"Person","@id":"https:\/\/www.eldigitaldeasturias.com\/noticias\/author\/admin\/#author","url":"https:\/\/www.eldigitaldeasturias.com\/noticias\/author\/admin\/","name":"El Digital de Asturias","image":{"@type":"ImageObject","@id":"https:\/\/www.eldigitaldeasturias.com\/noticias\/gran-noche-de-los-fuegos-en-mateo-2016\/#authorImage","url":"https:\/\/www.eldigitaldeasturias.com\/noticias\/wp-content\/litespeed\/avatar\/18677e78aa0546b92d9dbf31ec7d7668.jpg?ver=1777290358","width":96,"height":96,"caption":"El Digital de Asturias"}},{"@type":"WebPage","@id":"https:\/\/www.eldigitaldeasturias.com\/noticias\/gran-noche-de-los-fuegos-en-mateo-2016\/#webpage","url":"https:\/\/www.eldigitaldeasturias.com\/noticias\/gran-noche-de-los-fuegos-en-mateo-2016\/","name":"Gran Noche de los fuegos en Mateo 2016 - El Digital de Asturias","description":"El espect\u00e1culo de fuegos artificiales para la noche grande de San Mateo, la medianoche de este martes, estar\u00e1 basado en el paso por Oviedo del Camino de Santiago Primitivo. El espect\u00e1culo tendr\u00e1 lugar en las inmediaciones del Parque de Invierno. Seg\u00fan ha recordado el Ayuntamiento en una nota de prensa, se trata del primer Camino","inLanguage":"es-ES","isPartOf":{"@id":"https:\/\/www.eldigitaldeasturias.com\/noticias\/#website"},"breadcrumb":{"@id":"https:\/\/www.eldigitaldeasturias.com\/noticias\/gran-noche-de-los-fuegos-en-mateo-2016\/#breadcrumblist"},"author":{"@id":"https:\/\/www.eldigitaldeasturias.com\/noticias\/author\/admin\/#author"},"creator":{"@id":"https:\/\/www.eldigitaldeasturias.com\/noticias\/author\/admin\/#author"},"image":{"@type":"ImageObject","url":"https:\/\/www.eldigitaldeasturias.com\/noticias\/wp-content\/uploads\/2015\/08\/fuegos-artificiales.jpg","@id":"https:\/\/www.eldigitaldeasturias.com\/noticias\/gran-noche-de-los-fuegos-en-mateo-2016\/#mainImage","width":1920,"height":1080},"primaryImageOfPage":{"@id":"https:\/\/www.eldigitaldeasturias.com\/noticias\/gran-noche-de-los-fuegos-en-mateo-2016\/#mainImage"},"datePublished":"2016-09-20T16:38:54+02:00","dateModified":"2016-09-20T16:38:54+02:00"},{"@type":"WebSite","@id":"https:\/\/www.eldigitaldeasturias.com\/noticias\/#website","url":"https:\/\/www.eldigitaldeasturias.com\/noticias\/","name":"El Digital de Asturias - Diario de actualidad y noticias","alternateName":"El Digital de Asturias - Diario de actualidad y noticias","description":"Hemeroteca","inLanguage":"es-ES","publisher":{"@id":"https:\/\/www.eldigitaldeasturias.com\/noticias\/#organization"}}]},"og:locale":"es_ES","og:site_name":"El Digital de Asturias","og:type":"article","og:title":"Gran Noche de los fuegos en Mateo 2016 - El Digital de Asturias","og:description":"El espect\u00e1culo de fuegos artificiales para la noche grande de San Mateo, la medianoche de este martes, estar\u00e1 basado en el paso por Oviedo del Camino de Santiago Primitivo. El espect\u00e1culo tendr\u00e1 lugar en las inmediaciones del Parque de Invierno. Seg\u00fan ha recordado el Ayuntamiento en una nota de prensa, se trata del primer Camino","og:url":"https:\/\/www.eldigitaldeasturias.com\/noticias\/gran-noche-de-los-fuegos-en-mateo-2016\/","og:image":"https:\/\/www.eldigitaldeasturias.com\/noticias\/wp-content\/uploads\/2015\/08\/fuegos-artificiales.jpg","og:image:secure_url":"https:\/\/www.eldigitaldeasturias.com\/noticias\/wp-content\/uploads\/2015\/08\/fuegos-artificiales.jpg","og:image:width":1920,"og:image:height":1080,"article:tag":["agenda"],"article:published_time":"2016-09-20T15:38:54+00:00","article:modified_time":"2016-09-20T15:38:54+00:00","article:publisher":"https:\/\/facebook.com\/eldigitaldeasturias","twitter:card":"summary_large_image","twitter:title":"Gran Noche de los fuegos en Mateo 2016 - El Digital de Asturias","twitter:description":"El espect\u00e1culo de fuegos artificiales para la noche grande de San Mateo, la medianoche de este martes, estar\u00e1 basado en el paso por Oviedo del Camino de Santiago Primitivo. El espect\u00e1culo tendr\u00e1 lugar en las inmediaciones del Parque de Invierno. Seg\u00fan ha recordado el Ayuntamiento en una nota de prensa, se trata del primer Camino","twitter:image":"https:\/\/www.eldigitaldeasturias.com\/noticias\/wp-content\/uploads\/2015\/08\/fuegos-artificiales.jpg","twitter:label1":"Escrito por","twitter:data1":"El Digital de Asturias","twitter:label2":"Tiempo de lectura estimado","twitter:data2":"1 minuto"},"aioseo_meta_data":{"post_id":"908605","title":null,"description":null,"keywords":null,"keyphrases":null,"primary_term":null,"canonical_url":null,"og_title":null,"og_description":null,"og_object_type":"default","og_image_type":"default","og_image_url":null,"og_image_width":null,"og_image_height":null,"og_image_custom_url":null,"og_image_custom_fields":null,"og_video":null,"og_custom_url":null,"og_article_section":null,"og_article_tags":null,"twitter_use_og":false,"twitter_card":"default","twitter_image_type":"default","twitter_image_url":null,"twitter_image_custom_url":null,"twitter_image_custom_fields":null,"twitter_title":null,"twitter_description":null,"schema":{"blockGraphs":[],"customGraphs":[],"default":{"data":{"Article":[],"Course":[],"Dataset":[],"FAQPage":[],"Movie":[],"Person":[],"Product":[],"ProductReview":[],"Car":[],"Recipe":[],"Service":[],"SoftwareApplication":[],"WebPage":[]},"graphName":"","isEnabled":true},"graphs":[],"defaultGraph":"","defaultPostTypeGraph":""},"schema_type":null,"schema_type_options":null,"pillar_content":false,"robots_default":true,"robots_noindex":false,"robots_noarchive":false,"robots_nosnippet":false,"robots_nofollow":false,"robots_noimageindex":false,"robots_noodp":false,"robots_notranslate":false,"robots_max_snippet":null,"robots_max_videopreview":null,"robots_max_imagepreview":"large","priority":null,"frequency":null,"local_seo":null,"seo_analyzer_scan_date":"2025-11-30 16:46:20","breadcrumb_settings":null,"limit_modified_date":false,"open_ai":null,"ai":null,"created":"2020-12-21 14:00:05","updated":"2025-11-30 16:46:20"},"aioseo_breadcrumb":"<div class=\"aioseo-breadcrumbs\"><span class=\"aioseo-breadcrumb\">\n\t<a href=\"https:\/\/www.eldigitaldeasturias.com\/noticias\" title=\"Home\">Home<\/a>\n<\/span><span class=\"aioseo-breadcrumb-separator\">\u2013<\/span><span class=\"aioseo-breadcrumb\">\n\t<a href=\"https:\/\/www.eldigitaldeasturias.com\/noticias\/category\/agenda\/\" title=\"Agenda\">Agenda<\/a>\n<\/span><span class=\"aioseo-breadcrumb-separator\">\u2013<\/span><span class=\"aioseo-breadcrumb\">\n\t<a href=\"https:\/\/www.eldigitaldeasturias.com\/noticias\/gran-noche-de-los-fuegos-en-mateo-2016\/\" title=\"Gran Noche de los fuegos en Mateo 2016\">Gran Noche de los fuegos en Mateo 2016<\/a>\n<\/span><\/div>","aioseo_breadcrumb_json":[{"label":"Home","link":"https:\/\/www.eldigitaldeasturias.com\/noticias"},{"label":"Agenda","link":"https:\/\/www.eldigitaldeasturias.com\/noticias\/category\/agenda\/"},{"label":"Gran Noche de los fuegos en Mateo 2016","link":"https:\/\/www.eldigitaldeasturias.com\/noticias\/gran-noche-de-los-fuegos-en-mateo-2016\/"}],"_links":{"self":[{"href":"https:\/\/www.eldigitaldeasturias.com\/noticias\/wp-json\/wp\/v2\/posts\/908605","targetHints":{"allow":["GET"]}}],"collection":[{"href":"https:\/\/www.eldigitaldeasturias.com\/noticias\/wp-json\/wp\/v2\/posts"}],"about":[{"href":"https:\/\/www.eldigitaldeasturias.com\/noticias\/wp-json\/wp\/v2\/types\/post"}],"author":[{"embeddable":true,"href":"https:\/\/www.eldigitaldeasturias.com\/noticias\/wp-json\/wp\/v2\/users\/1"}],"replies":[{"embeddable":true,"href":"https:\/\/www.eldigitaldeasturias.com\/noticias\/wp-json\/wp\/v2\/comments?post=908605"}],"version-history":[{"count":0,"href":"https:\/\/www.eldigitaldeasturias.com\/noticias\/wp-json\/wp\/v2\/posts\/908605\/revisions"}],"wp:featuredmedia":[{"embeddable":true,"href":"https:\/\/www.eldigitaldeasturias.com\/noticias\/wp-json\/wp\/v2\/media\/801010"}],"wp:attachment":[{"href":"https:\/\/www.eldigitaldeasturias.com\/noticias\/wp-json\/wp\/v2\/media?parent=908605"}],"wp:term":[{"taxonomy":"category","embeddable":true,"href":"https:\/\/www.eldigitaldeasturias.com\/noticias\/wp-json\/wp\/v2\/categories?post=908605"},{"taxonomy":"post_tag","embeddable":true,"href":"https:\/\/www.eldigitaldeasturias.com\/noticias\/wp-json\/wp\/v2\/tags?post=908605"}],"curies":[{"name":"wp","href":"https:\/\/api.w.org\/{rel}","templated":true}]}}