{"id":908603,"date":"2016-09-20T16:36:49","date_gmt":"2016-09-20T15:36:49","guid":{"rendered":"http:\/\/www.eldigitaldeasturias.com\/noticias\/?p=908603"},"modified":"2016-09-20T16:36:49","modified_gmt":"2016-09-20T15:36:49","slug":"el-principado-convoca-160-primeras-plazas-de-medico-especialista","status":"publish","type":"post","link":"https:\/\/www.eldigitaldeasturias.com\/noticias\/el-principado-convoca-160-primeras-plazas-de-medico-especialista\/","title":{"rendered":"El Principado convoca 160 primeras plazas de m\u00e9dico especialista"},"content":{"rendered":"<p><img loading=\"lazy\" decoding=\"async\" class=\"alignleft size-medium wp-image-900063\" src=\"https:\/\/www.eldigitaldeasturias.com\/noticias\/wp-content\/uploads\/2016\/07\/HUCA-360x204.jpg\" alt=\"HUCA\" width=\"360\" height=\"204\" srcset=\"https:\/\/www.eldigitaldeasturias.com\/noticias\/wp-content\/uploads\/2016\/07\/HUCA-360x204.jpg 360w, https:\/\/www.eldigitaldeasturias.com\/noticias\/wp-content\/uploads\/2016\/07\/HUCA-480x272.jpg 480w, https:\/\/www.eldigitaldeasturias.com\/noticias\/wp-content\/uploads\/2016\/07\/HUCA-768x435.jpg 768w, https:\/\/www.eldigitaldeasturias.com\/noticias\/wp-content\/uploads\/2016\/07\/HUCA-690x391.jpg 690w, https:\/\/www.eldigitaldeasturias.com\/noticias\/wp-content\/uploads\/2016\/07\/HUCA-20x11.jpg 20w, https:\/\/www.eldigitaldeasturias.com\/noticias\/wp-content\/uploads\/2016\/07\/HUCA.jpg 800w\" sizes=\"auto, (max-width: 360px) 100vw, 360px\" \/>El consejero de Sanidad, Francisco del Busto, ha informado este lunes a los miembros del Consejo de Salud del Principado de Asturias de la inminente convocatoria de oposiciones para cubrir las 160 primeras plazas de m\u00e9dico especialista de las 353 plazas incluidas en la Oferta P\u00fablica de Empleo (OPE) del Principado, aprobada el pasado 22 de julio.<\/p>\n<p>Seg\u00fan ha informado la Consejer\u00eda a trav\u00e9s de una nota de prensa, tambi\u00e9n se ha puesto en marcha, a trav\u00e9s de una encomienda de gesti\u00f3n encargada por el Servicio de Salud del Principado de Asturias (Sespa) al Instituto Adolfo Posada, las pruebas para cubrir las 153 plazas de celadores y las 174 de auxiliares de enfermer\u00eda.<\/p>\n<p>Las primeras plazas de m\u00e9dico especialista que saldr\u00e1n a concurso son: 96 de medicina de familia, 28 de anestesiolog\u00eda y reanimaci\u00f3n, 19 de radiodiagn\u00f3stico y 17 de pediatr\u00eda de atenci\u00f3n primaria. Las personas interesadas en optar a las mismas dispondr\u00e1n de un plazo de 20 d\u00edas para presentar la documentaci\u00f3n solicitada, una vez que las convocatorias hayan sido publicadas en el Bolet\u00edn Oficial del Principado de Asturias (BOPA), previsiblemente esta misma semana.<\/p>\n<p>Una vez resueltas estas oposiciones, la intenci\u00f3n de la Consejer\u00eda de Sanidad es seguir sacando a concurso el resto de las plazas en grupos de cuatro en cuatro con el objetivo de finalizar el proceso durante el pr\u00f3ximo a\u00f1o.<\/p>\n<p>Paralelamente, el Adolfo Posada convocar\u00e1 las pruebas de celadores y auxiliares de enfermer\u00eda, las m\u00e1s numerosas, con lo que se prev\u00e9 que antes de que finalice el a\u00f1o ya se habr\u00e1 puesto en marcha el grueso de la OPE, entre ellas las dos convocatorias que se espera re\u00fanan un mayor n\u00famero de personas inscritas. Sanidad ha decidido que se encargue el Adolfo Posada de estas oposiciones por ser las que requieren una mayor infraestructura para la organizaci\u00f3n de las pruebas.<\/p>\n<p>La oferta p\u00fablica de empleo de 2016 prev\u00e9 que 522 de las 774 plazas sean para el turno libre, por lo que podr\u00e1n acceder a las mismas todas las personas que cumplan los requisitos que se establecen las bases de la convocatoria. Los otros 252 puestos son de promoci\u00f3n interna.<\/p>\n<p>La mayor parte de las plazas son para m\u00e9dicos (353), seguida de auxiliares de cl\u00ednica (174) y celadores (153). El resto de los puestos ser\u00e1n de auxiliar administrativo (66) cocinero (15) y matronas (13).<\/p>\n<p>La OPE no incluye plazas de enfermer\u00eda porque la \u00faltima oferta de empleo p\u00fablica para estos titulados finaliz\u00f3 hace un a\u00f1o con la incorporaci\u00f3n al Sespa de 472 profesionales.<\/p>\n<p>&nbsp;<\/p>\n<p>&nbsp;<\/p>\n","protected":false},"excerpt":{"rendered":"<p>El consejero de Sanidad, Francisco del Busto, ha informado este lunes a los miembros del Consejo de Salud del Principado de Asturias de la inminente convocatoria de oposiciones para cubrir las 160 primeras plazas de m\u00e9dico especialista de las 353 plazas incluidas en la Oferta P\u00fablica de Empleo (OPE) del Principado, aprobada el pasado 22 [&hellip;]<\/p>\n","protected":false},"author":1,"featured_media":900063,"comment_status":"closed","ping_status":"closed","sticky":false,"template":"","format":"standard","meta":{"footnotes":""},"categories":[28],"tags":[],"class_list":["post-908603","post","type-post","status-publish","format-standard","has-post-thumbnail","hentry","category-sociedad"],"aioseo_notices":[],"aioseo_head":"\n\t\t<!-- All in One SEO Pro 4.9.6.2 - aioseo.com -->\n\t<meta name=\"description\" content=\"El consejero de Sanidad, Francisco del Busto, ha informado este lunes a los miembros del Consejo de Salud del Principado de Asturias de la inminente convocatoria de oposiciones para cubrir las 160 primeras plazas de m\u00e9dico especialista de las 353 plazas incluidas en la Oferta P\u00fablica de Empleo (OPE) del Principado, aprobada el pasado 22\" \/>\n\t<meta name=\"robots\" content=\"max-image-preview:large\" \/>\n\t<meta name=\"author\" content=\"El Digital de Asturias\"\/>\n\t<meta name=\"google-site-verification\" content=\"UA-38556648-1\" \/>\n\t<meta name=\"msvalidate.01\" content=\"7dfe9f3f1b24437ab69f4f2559babe99\" \/>\n\t<meta name=\"keywords\" content=\"sociedad\" \/>\n\t<link rel=\"canonical\" href=\"https:\/\/www.eldigitaldeasturias.com\/noticias\/el-principado-convoca-160-primeras-plazas-de-medico-especialista\/\" \/>\n\t<meta name=\"generator\" content=\"All in One SEO Pro (AIOSEO) 4.9.6.2\" \/>\n\t\t<meta property=\"og:locale\" content=\"es_ES\" \/>\n\t\t<meta property=\"og:site_name\" content=\"El Digital de Asturias\" \/>\n\t\t<meta property=\"og:type\" content=\"article\" \/>\n\t\t<meta property=\"og:title\" content=\"El Principado convoca 160 primeras plazas de m\u00e9dico especialista - El Digital de Asturias\" \/>\n\t\t<meta property=\"og:description\" content=\"El consejero de Sanidad, Francisco del Busto, ha informado este lunes a los miembros del Consejo de Salud del Principado de Asturias de la inminente convocatoria de oposiciones para cubrir las 160 primeras plazas de m\u00e9dico especialista de las 353 plazas incluidas en la Oferta P\u00fablica de Empleo (OPE) del Principado, aprobada el pasado 22\" \/>\n\t\t<meta property=\"og:url\" content=\"https:\/\/www.eldigitaldeasturias.com\/noticias\/el-principado-convoca-160-primeras-plazas-de-medico-especialista\/\" \/>\n\t\t<meta property=\"og:image\" content=\"https:\/\/www.eldigitaldeasturias.com\/noticias\/wp-content\/uploads\/2016\/07\/HUCA.jpg\" \/>\n\t\t<meta property=\"og:image:secure_url\" content=\"https:\/\/www.eldigitaldeasturias.com\/noticias\/wp-content\/uploads\/2016\/07\/HUCA.jpg\" \/>\n\t\t<meta property=\"og:image:width\" content=\"800\" \/>\n\t\t<meta property=\"og:image:height\" content=\"453\" \/>\n\t\t<meta property=\"article:tag\" content=\"sociedad\" \/>\n\t\t<meta property=\"article:published_time\" content=\"2016-09-20T15:36:49+00:00\" \/>\n\t\t<meta property=\"article:modified_time\" content=\"2016-09-20T15:36:49+00:00\" \/>\n\t\t<meta property=\"article:publisher\" content=\"https:\/\/facebook.com\/eldigitaldeasturias\" \/>\n\t\t<meta name=\"twitter:card\" content=\"summary_large_image\" \/>\n\t\t<meta name=\"twitter:title\" content=\"El Principado convoca 160 primeras plazas de m\u00e9dico especialista - El Digital de Asturias\" \/>\n\t\t<meta name=\"twitter:description\" content=\"El consejero de Sanidad, Francisco del Busto, ha informado este lunes a los miembros del Consejo de Salud del Principado de Asturias de la inminente convocatoria de oposiciones para cubrir las 160 primeras plazas de m\u00e9dico especialista de las 353 plazas incluidas en la Oferta P\u00fablica de Empleo (OPE) del Principado, aprobada el pasado 22\" \/>\n\t\t<meta name=\"twitter:image\" content=\"https:\/\/www.eldigitaldeasturias.com\/noticias\/wp-content\/uploads\/2016\/07\/HUCA.jpg\" \/>\n\t\t<meta name=\"twitter:label1\" content=\"Escrito por\" \/>\n\t\t<meta name=\"twitter:data1\" content=\"El Digital de Asturias\" \/>\n\t\t<meta name=\"twitter:label2\" content=\"Tiempo de lectura estimado\" \/>\n\t\t<meta name=\"twitter:data2\" content=\"2 minutos\" \/>\n\t\t<script type=\"application\/ld+json\" class=\"aioseo-schema\">\n\t\t\t{\"@context\":\"https:\\\/\\\/schema.org\",\"@graph\":[{\"@type\":\"BlogPosting\",\"@id\":\"https:\\\/\\\/www.eldigitaldeasturias.com\\\/noticias\\\/el-principado-convoca-160-primeras-plazas-de-medico-especialista\\\/#blogposting\",\"name\":\"El Principado convoca 160 primeras plazas de m\\u00e9dico especialista - El Digital de Asturias\",\"headline\":\"El Principado convoca 160 primeras plazas de m\\u00e9dico especialista\",\"author\":{\"@id\":\"https:\\\/\\\/www.eldigitaldeasturias.com\\\/noticias\\\/author\\\/admin\\\/#author\"},\"publisher\":{\"@id\":\"https:\\\/\\\/www.eldigitaldeasturias.com\\\/noticias\\\/#organization\"},\"image\":{\"@type\":\"ImageObject\",\"url\":\"https:\\\/\\\/www.eldigitaldeasturias.com\\\/noticias\\\/wp-content\\\/uploads\\\/2016\\\/07\\\/HUCA.jpg\",\"width\":800,\"height\":453},\"datePublished\":\"2016-09-20T16:36:49+02:00\",\"dateModified\":\"2016-09-20T16:36:49+02:00\",\"inLanguage\":\"es-ES\",\"mainEntityOfPage\":{\"@id\":\"https:\\\/\\\/www.eldigitaldeasturias.com\\\/noticias\\\/el-principado-convoca-160-primeras-plazas-de-medico-especialista\\\/#webpage\"},\"isPartOf\":{\"@id\":\"https:\\\/\\\/www.eldigitaldeasturias.com\\\/noticias\\\/el-principado-convoca-160-primeras-plazas-de-medico-especialista\\\/#webpage\"},\"articleSection\":\"Sociedad\"},{\"@type\":\"BreadcrumbList\",\"@id\":\"https:\\\/\\\/www.eldigitaldeasturias.com\\\/noticias\\\/el-principado-convoca-160-primeras-plazas-de-medico-especialista\\\/#breadcrumblist\",\"itemListElement\":[{\"@type\":\"ListItem\",\"@id\":\"https:\\\/\\\/www.eldigitaldeasturias.com\\\/noticias#listItem\",\"position\":1,\"name\":\"Home\",\"item\":\"https:\\\/\\\/www.eldigitaldeasturias.com\\\/noticias\",\"nextItem\":{\"@type\":\"ListItem\",\"@id\":\"https:\\\/\\\/www.eldigitaldeasturias.com\\\/noticias\\\/category\\\/sociedad\\\/#listItem\",\"name\":\"Sociedad\"}},{\"@type\":\"ListItem\",\"@id\":\"https:\\\/\\\/www.eldigitaldeasturias.com\\\/noticias\\\/category\\\/sociedad\\\/#listItem\",\"position\":2,\"name\":\"Sociedad\",\"item\":\"https:\\\/\\\/www.eldigitaldeasturias.com\\\/noticias\\\/category\\\/sociedad\\\/\",\"nextItem\":{\"@type\":\"ListItem\",\"@id\":\"https:\\\/\\\/www.eldigitaldeasturias.com\\\/noticias\\\/el-principado-convoca-160-primeras-plazas-de-medico-especialista\\\/#listItem\",\"name\":\"El Principado convoca 160 primeras plazas de m\\u00e9dico especialista\"},\"previousItem\":{\"@type\":\"ListItem\",\"@id\":\"https:\\\/\\\/www.eldigitaldeasturias.com\\\/noticias#listItem\",\"name\":\"Home\"}},{\"@type\":\"ListItem\",\"@id\":\"https:\\\/\\\/www.eldigitaldeasturias.com\\\/noticias\\\/el-principado-convoca-160-primeras-plazas-de-medico-especialista\\\/#listItem\",\"position\":3,\"name\":\"El Principado convoca 160 primeras plazas de m\\u00e9dico especialista\",\"previousItem\":{\"@type\":\"ListItem\",\"@id\":\"https:\\\/\\\/www.eldigitaldeasturias.com\\\/noticias\\\/category\\\/sociedad\\\/#listItem\",\"name\":\"Sociedad\"}}]},{\"@type\":\"Organization\",\"@id\":\"https:\\\/\\\/www.eldigitaldeasturias.com\\\/noticias\\\/#organization\",\"name\":\"El Digital de Asturias\",\"description\":\"Hemeroteca\",\"url\":\"https:\\\/\\\/www.eldigitaldeasturias.com\\\/noticias\\\/\",\"email\":\"info@eldigitaldeasturias.com\",\"telephone\":\"+34652131393\",\"logo\":{\"@type\":\"ImageObject\",\"url\":\"https:\\\/\\\/www.eldigitaldeasturias.com\\\/noticias\\\/wp-content\\\/uploads\\\/2020\\\/12\\\/EDA.jpg\",\"@id\":\"https:\\\/\\\/www.eldigitaldeasturias.com\\\/noticias\\\/el-principado-convoca-160-primeras-plazas-de-medico-especialista\\\/#organizationLogo\",\"width\":649,\"height\":297},\"image\":{\"@id\":\"https:\\\/\\\/www.eldigitaldeasturias.com\\\/noticias\\\/el-principado-convoca-160-primeras-plazas-de-medico-especialista\\\/#organizationLogo\"},\"sameAs\":[\"https:\\\/\\\/facebook.com\\\/eldigitaldeasturias\",\"https:\\\/\\\/www.youtube.com\\\/channel\\\/UCZP-2wLEB9Rv6erhFmqVnvg\"],\"address\":{\"@id\":\"https:\\\/\\\/www.eldigitaldeasturias.com\\\/noticias\\\/#postaladdress\",\"@type\":\"PostalAddress\",\"streetAddress\":\"san antonio 4,\",\"postalCode\":\"33430\",\"addressLocality\":\"Cand\\u00e1s\",\"addressRegion\":\"Asturias\",\"addressCountry\":\"ES\"}},{\"@type\":\"Person\",\"@id\":\"https:\\\/\\\/www.eldigitaldeasturias.com\\\/noticias\\\/author\\\/admin\\\/#author\",\"url\":\"https:\\\/\\\/www.eldigitaldeasturias.com\\\/noticias\\\/author\\\/admin\\\/\",\"name\":\"El Digital de Asturias\",\"image\":{\"@type\":\"ImageObject\",\"@id\":\"https:\\\/\\\/www.eldigitaldeasturias.com\\\/noticias\\\/el-principado-convoca-160-primeras-plazas-de-medico-especialista\\\/#authorImage\",\"url\":\"https:\\\/\\\/www.eldigitaldeasturias.com\\\/noticias\\\/wp-content\\\/litespeed\\\/avatar\\\/18677e78aa0546b92d9dbf31ec7d7668.jpg?ver=1777290358\",\"width\":96,\"height\":96,\"caption\":\"El Digital de Asturias\"}},{\"@type\":\"WebPage\",\"@id\":\"https:\\\/\\\/www.eldigitaldeasturias.com\\\/noticias\\\/el-principado-convoca-160-primeras-plazas-de-medico-especialista\\\/#webpage\",\"url\":\"https:\\\/\\\/www.eldigitaldeasturias.com\\\/noticias\\\/el-principado-convoca-160-primeras-plazas-de-medico-especialista\\\/\",\"name\":\"El Principado convoca 160 primeras plazas de m\\u00e9dico especialista - El Digital de Asturias\",\"description\":\"El consejero de Sanidad, Francisco del Busto, ha informado este lunes a los miembros del Consejo de Salud del Principado de Asturias de la inminente convocatoria de oposiciones para cubrir las 160 primeras plazas de m\\u00e9dico especialista de las 353 plazas incluidas en la Oferta P\\u00fablica de Empleo (OPE) del Principado, aprobada el pasado 22\",\"inLanguage\":\"es-ES\",\"isPartOf\":{\"@id\":\"https:\\\/\\\/www.eldigitaldeasturias.com\\\/noticias\\\/#website\"},\"breadcrumb\":{\"@id\":\"https:\\\/\\\/www.eldigitaldeasturias.com\\\/noticias\\\/el-principado-convoca-160-primeras-plazas-de-medico-especialista\\\/#breadcrumblist\"},\"author\":{\"@id\":\"https:\\\/\\\/www.eldigitaldeasturias.com\\\/noticias\\\/author\\\/admin\\\/#author\"},\"creator\":{\"@id\":\"https:\\\/\\\/www.eldigitaldeasturias.com\\\/noticias\\\/author\\\/admin\\\/#author\"},\"image\":{\"@type\":\"ImageObject\",\"url\":\"https:\\\/\\\/www.eldigitaldeasturias.com\\\/noticias\\\/wp-content\\\/uploads\\\/2016\\\/07\\\/HUCA.jpg\",\"@id\":\"https:\\\/\\\/www.eldigitaldeasturias.com\\\/noticias\\\/el-principado-convoca-160-primeras-plazas-de-medico-especialista\\\/#mainImage\",\"width\":800,\"height\":453},\"primaryImageOfPage\":{\"@id\":\"https:\\\/\\\/www.eldigitaldeasturias.com\\\/noticias\\\/el-principado-convoca-160-primeras-plazas-de-medico-especialista\\\/#mainImage\"},\"datePublished\":\"2016-09-20T16:36:49+02:00\",\"dateModified\":\"2016-09-20T16:36:49+02:00\"},{\"@type\":\"WebSite\",\"@id\":\"https:\\\/\\\/www.eldigitaldeasturias.com\\\/noticias\\\/#website\",\"url\":\"https:\\\/\\\/www.eldigitaldeasturias.com\\\/noticias\\\/\",\"name\":\"El Digital de Asturias - Diario de actualidad y noticias\",\"alternateName\":\"El Digital de Asturias - Diario de actualidad y noticias\",\"description\":\"Hemeroteca\",\"inLanguage\":\"es-ES\",\"publisher\":{\"@id\":\"https:\\\/\\\/www.eldigitaldeasturias.com\\\/noticias\\\/#organization\"}}]}\n\t\t<\/script>\n\t\t<!-- All in One SEO Pro -->\r\n\t\t<title>El Principado convoca 160 primeras plazas de m\u00e9dico especialista - El Digital de Asturias<\/title>\n\n","aioseo_head_json":{"title":"El Principado convoca 160 primeras plazas de m\u00e9dico especialista - El Digital de Asturias","description":"El consejero de Sanidad, Francisco del Busto, ha informado este lunes a los miembros del Consejo de Salud del Principado de Asturias de la inminente convocatoria de oposiciones para cubrir las 160 primeras plazas de m\u00e9dico especialista de las 353 plazas incluidas en la Oferta P\u00fablica de Empleo (OPE) del Principado, aprobada el pasado 22","canonical_url":"https:\/\/www.eldigitaldeasturias.com\/noticias\/el-principado-convoca-160-primeras-plazas-de-medico-especialista\/","robots":"max-image-preview:large","keywords":"sociedad","webmasterTools":{"google-site-verification":"UA-38556648-1","msvalidate.01":"7dfe9f3f1b24437ab69f4f2559babe99","miscellaneous":""},"schema":{"@context":"https:\/\/schema.org","@graph":[{"@type":"BlogPosting","@id":"https:\/\/www.eldigitaldeasturias.com\/noticias\/el-principado-convoca-160-primeras-plazas-de-medico-especialista\/#blogposting","name":"El Principado convoca 160 primeras plazas de m\u00e9dico especialista - El Digital de Asturias","headline":"El Principado convoca 160 primeras plazas de m\u00e9dico especialista","author":{"@id":"https:\/\/www.eldigitaldeasturias.com\/noticias\/author\/admin\/#author"},"publisher":{"@id":"https:\/\/www.eldigitaldeasturias.com\/noticias\/#organization"},"image":{"@type":"ImageObject","url":"https:\/\/www.eldigitaldeasturias.com\/noticias\/wp-content\/uploads\/2016\/07\/HUCA.jpg","width":800,"height":453},"datePublished":"2016-09-20T16:36:49+02:00","dateModified":"2016-09-20T16:36:49+02:00","inLanguage":"es-ES","mainEntityOfPage":{"@id":"https:\/\/www.eldigitaldeasturias.com\/noticias\/el-principado-convoca-160-primeras-plazas-de-medico-especialista\/#webpage"},"isPartOf":{"@id":"https:\/\/www.eldigitaldeasturias.com\/noticias\/el-principado-convoca-160-primeras-plazas-de-medico-especialista\/#webpage"},"articleSection":"Sociedad"},{"@type":"BreadcrumbList","@id":"https:\/\/www.eldigitaldeasturias.com\/noticias\/el-principado-convoca-160-primeras-plazas-de-medico-especialista\/#breadcrumblist","itemListElement":[{"@type":"ListItem","@id":"https:\/\/www.eldigitaldeasturias.com\/noticias#listItem","position":1,"name":"Home","item":"https:\/\/www.eldigitaldeasturias.com\/noticias","nextItem":{"@type":"ListItem","@id":"https:\/\/www.eldigitaldeasturias.com\/noticias\/category\/sociedad\/#listItem","name":"Sociedad"}},{"@type":"ListItem","@id":"https:\/\/www.eldigitaldeasturias.com\/noticias\/category\/sociedad\/#listItem","position":2,"name":"Sociedad","item":"https:\/\/www.eldigitaldeasturias.com\/noticias\/category\/sociedad\/","nextItem":{"@type":"ListItem","@id":"https:\/\/www.eldigitaldeasturias.com\/noticias\/el-principado-convoca-160-primeras-plazas-de-medico-especialista\/#listItem","name":"El Principado convoca 160 primeras plazas de m\u00e9dico especialista"},"previousItem":{"@type":"ListItem","@id":"https:\/\/www.eldigitaldeasturias.com\/noticias#listItem","name":"Home"}},{"@type":"ListItem","@id":"https:\/\/www.eldigitaldeasturias.com\/noticias\/el-principado-convoca-160-primeras-plazas-de-medico-especialista\/#listItem","position":3,"name":"El Principado convoca 160 primeras plazas de m\u00e9dico especialista","previousItem":{"@type":"ListItem","@id":"https:\/\/www.eldigitaldeasturias.com\/noticias\/category\/sociedad\/#listItem","name":"Sociedad"}}]},{"@type":"Organization","@id":"https:\/\/www.eldigitaldeasturias.com\/noticias\/#organization","name":"El Digital de Asturias","description":"Hemeroteca","url":"https:\/\/www.eldigitaldeasturias.com\/noticias\/","email":"info@eldigitaldeasturias.com","telephone":"+34652131393","logo":{"@type":"ImageObject","url":"https:\/\/www.eldigitaldeasturias.com\/noticias\/wp-content\/uploads\/2020\/12\/EDA.jpg","@id":"https:\/\/www.eldigitaldeasturias.com\/noticias\/el-principado-convoca-160-primeras-plazas-de-medico-especialista\/#organizationLogo","width":649,"height":297},"image":{"@id":"https:\/\/www.eldigitaldeasturias.com\/noticias\/el-principado-convoca-160-primeras-plazas-de-medico-especialista\/#organizationLogo"},"sameAs":["https:\/\/facebook.com\/eldigitaldeasturias","https:\/\/www.youtube.com\/channel\/UCZP-2wLEB9Rv6erhFmqVnvg"],"address":{"@id":"https:\/\/www.eldigitaldeasturias.com\/noticias\/#postaladdress","@type":"PostalAddress","streetAddress":"san antonio 4,","postalCode":"33430","addressLocality":"Cand\u00e1s","addressRegion":"Asturias","addressCountry":"ES"}},{"@type":"Person","@id":"https:\/\/www.eldigitaldeasturias.com\/noticias\/author\/admin\/#author","url":"https:\/\/www.eldigitaldeasturias.com\/noticias\/author\/admin\/","name":"El Digital de Asturias","image":{"@type":"ImageObject","@id":"https:\/\/www.eldigitaldeasturias.com\/noticias\/el-principado-convoca-160-primeras-plazas-de-medico-especialista\/#authorImage","url":"https:\/\/www.eldigitaldeasturias.com\/noticias\/wp-content\/litespeed\/avatar\/18677e78aa0546b92d9dbf31ec7d7668.jpg?ver=1777290358","width":96,"height":96,"caption":"El Digital de Asturias"}},{"@type":"WebPage","@id":"https:\/\/www.eldigitaldeasturias.com\/noticias\/el-principado-convoca-160-primeras-plazas-de-medico-especialista\/#webpage","url":"https:\/\/www.eldigitaldeasturias.com\/noticias\/el-principado-convoca-160-primeras-plazas-de-medico-especialista\/","name":"El Principado convoca 160 primeras plazas de m\u00e9dico especialista - El Digital de Asturias","description":"El consejero de Sanidad, Francisco del Busto, ha informado este lunes a los miembros del Consejo de Salud del Principado de Asturias de la inminente convocatoria de oposiciones para cubrir las 160 primeras plazas de m\u00e9dico especialista de las 353 plazas incluidas en la Oferta P\u00fablica de Empleo (OPE) del Principado, aprobada el pasado 22","inLanguage":"es-ES","isPartOf":{"@id":"https:\/\/www.eldigitaldeasturias.com\/noticias\/#website"},"breadcrumb":{"@id":"https:\/\/www.eldigitaldeasturias.com\/noticias\/el-principado-convoca-160-primeras-plazas-de-medico-especialista\/#breadcrumblist"},"author":{"@id":"https:\/\/www.eldigitaldeasturias.com\/noticias\/author\/admin\/#author"},"creator":{"@id":"https:\/\/www.eldigitaldeasturias.com\/noticias\/author\/admin\/#author"},"image":{"@type":"ImageObject","url":"https:\/\/www.eldigitaldeasturias.com\/noticias\/wp-content\/uploads\/2016\/07\/HUCA.jpg","@id":"https:\/\/www.eldigitaldeasturias.com\/noticias\/el-principado-convoca-160-primeras-plazas-de-medico-especialista\/#mainImage","width":800,"height":453},"primaryImageOfPage":{"@id":"https:\/\/www.eldigitaldeasturias.com\/noticias\/el-principado-convoca-160-primeras-plazas-de-medico-especialista\/#mainImage"},"datePublished":"2016-09-20T16:36:49+02:00","dateModified":"2016-09-20T16:36:49+02:00"},{"@type":"WebSite","@id":"https:\/\/www.eldigitaldeasturias.com\/noticias\/#website","url":"https:\/\/www.eldigitaldeasturias.com\/noticias\/","name":"El Digital de Asturias - Diario de actualidad y noticias","alternateName":"El Digital de Asturias - Diario de actualidad y noticias","description":"Hemeroteca","inLanguage":"es-ES","publisher":{"@id":"https:\/\/www.eldigitaldeasturias.com\/noticias\/#organization"}}]},"og:locale":"es_ES","og:site_name":"El Digital de Asturias","og:type":"article","og:title":"El Principado convoca 160 primeras plazas de m\u00e9dico especialista - El Digital de Asturias","og:description":"El consejero de Sanidad, Francisco del Busto, ha informado este lunes a los miembros del Consejo de Salud del Principado de Asturias de la inminente convocatoria de oposiciones para cubrir las 160 primeras plazas de m\u00e9dico especialista de las 353 plazas incluidas en la Oferta P\u00fablica de Empleo (OPE) del Principado, aprobada el pasado 22","og:url":"https:\/\/www.eldigitaldeasturias.com\/noticias\/el-principado-convoca-160-primeras-plazas-de-medico-especialista\/","og:image":"https:\/\/www.eldigitaldeasturias.com\/noticias\/wp-content\/uploads\/2016\/07\/HUCA.jpg","og:image:secure_url":"https:\/\/www.eldigitaldeasturias.com\/noticias\/wp-content\/uploads\/2016\/07\/HUCA.jpg","og:image:width":800,"og:image:height":453,"article:tag":["sociedad"],"article:published_time":"2016-09-20T15:36:49+00:00","article:modified_time":"2016-09-20T15:36:49+00:00","article:publisher":"https:\/\/facebook.com\/eldigitaldeasturias","twitter:card":"summary_large_image","twitter:title":"El Principado convoca 160 primeras plazas de m\u00e9dico especialista - El Digital de Asturias","twitter:description":"El consejero de Sanidad, Francisco del Busto, ha informado este lunes a los miembros del Consejo de Salud del Principado de Asturias de la inminente convocatoria de oposiciones para cubrir las 160 primeras plazas de m\u00e9dico especialista de las 353 plazas incluidas en la Oferta P\u00fablica de Empleo (OPE) del Principado, aprobada el pasado 22","twitter:image":"https:\/\/www.eldigitaldeasturias.com\/noticias\/wp-content\/uploads\/2016\/07\/HUCA.jpg","twitter:label1":"Escrito por","twitter:data1":"El Digital de Asturias","twitter:label2":"Tiempo de lectura estimado","twitter:data2":"2 minutos"},"aioseo_meta_data":{"post_id":"908603","title":null,"description":null,"keywords":null,"keyphrases":null,"primary_term":null,"canonical_url":null,"og_title":null,"og_description":null,"og_object_type":"default","og_image_type":"default","og_image_url":null,"og_image_width":null,"og_image_height":null,"og_image_custom_url":null,"og_image_custom_fields":null,"og_video":null,"og_custom_url":null,"og_article_section":null,"og_article_tags":null,"twitter_use_og":false,"twitter_card":"default","twitter_image_type":"default","twitter_image_url":null,"twitter_image_custom_url":null,"twitter_image_custom_fields":null,"twitter_title":null,"twitter_description":null,"schema":{"blockGraphs":[],"customGraphs":[],"default":{"data":{"Article":[],"Course":[],"Dataset":[],"FAQPage":[],"Movie":[],"Person":[],"Product":[],"ProductReview":[],"Car":[],"Recipe":[],"Service":[],"SoftwareApplication":[],"WebPage":[]},"graphName":"","isEnabled":true},"graphs":[],"defaultGraph":"","defaultPostTypeGraph":""},"schema_type":null,"schema_type_options":null,"pillar_content":false,"robots_default":true,"robots_noindex":false,"robots_noarchive":false,"robots_nosnippet":false,"robots_nofollow":false,"robots_noimageindex":false,"robots_noodp":false,"robots_notranslate":false,"robots_max_snippet":null,"robots_max_videopreview":null,"robots_max_imagepreview":"large","priority":null,"frequency":null,"local_seo":null,"seo_analyzer_scan_date":"2025-11-30 16:46:20","breadcrumb_settings":null,"limit_modified_date":false,"open_ai":null,"ai":null,"created":"2020-12-21 14:00:05","updated":"2025-11-30 16:46:20"},"aioseo_breadcrumb":"<div class=\"aioseo-breadcrumbs\"><span class=\"aioseo-breadcrumb\">\n\t<a href=\"https:\/\/www.eldigitaldeasturias.com\/noticias\" title=\"Home\">Home<\/a>\n<\/span><span class=\"aioseo-breadcrumb-separator\">\u2013<\/span><span class=\"aioseo-breadcrumb\">\n\t<a href=\"https:\/\/www.eldigitaldeasturias.com\/noticias\/category\/sociedad\/\" title=\"Sociedad\">Sociedad<\/a>\n<\/span><span class=\"aioseo-breadcrumb-separator\">\u2013<\/span><span class=\"aioseo-breadcrumb\">\n\t<a href=\"https:\/\/www.eldigitaldeasturias.com\/noticias\/el-principado-convoca-160-primeras-plazas-de-medico-especialista\/\" title=\"El Principado convoca 160 primeras plazas de m\u00e9dico especialista\">El Principado convoca 160 primeras plazas de m\u00e9dico especialista<\/a>\n<\/span><\/div>","aioseo_breadcrumb_json":[{"label":"Home","link":"https:\/\/www.eldigitaldeasturias.com\/noticias"},{"label":"Sociedad","link":"https:\/\/www.eldigitaldeasturias.com\/noticias\/category\/sociedad\/"},{"label":"El Principado convoca 160 primeras plazas de m\u00e9dico especialista","link":"https:\/\/www.eldigitaldeasturias.com\/noticias\/el-principado-convoca-160-primeras-plazas-de-medico-especialista\/"}],"_links":{"self":[{"href":"https:\/\/www.eldigitaldeasturias.com\/noticias\/wp-json\/wp\/v2\/posts\/908603","targetHints":{"allow":["GET"]}}],"collection":[{"href":"https:\/\/www.eldigitaldeasturias.com\/noticias\/wp-json\/wp\/v2\/posts"}],"about":[{"href":"https:\/\/www.eldigitaldeasturias.com\/noticias\/wp-json\/wp\/v2\/types\/post"}],"author":[{"embeddable":true,"href":"https:\/\/www.eldigitaldeasturias.com\/noticias\/wp-json\/wp\/v2\/users\/1"}],"replies":[{"embeddable":true,"href":"https:\/\/www.eldigitaldeasturias.com\/noticias\/wp-json\/wp\/v2\/comments?post=908603"}],"version-history":[{"count":0,"href":"https:\/\/www.eldigitaldeasturias.com\/noticias\/wp-json\/wp\/v2\/posts\/908603\/revisions"}],"wp:featuredmedia":[{"embeddable":true,"href":"https:\/\/www.eldigitaldeasturias.com\/noticias\/wp-json\/wp\/v2\/media\/900063"}],"wp:attachment":[{"href":"https:\/\/www.eldigitaldeasturias.com\/noticias\/wp-json\/wp\/v2\/media?parent=908603"}],"wp:term":[{"taxonomy":"category","embeddable":true,"href":"https:\/\/www.eldigitaldeasturias.com\/noticias\/wp-json\/wp\/v2\/categories?post=908603"},{"taxonomy":"post_tag","embeddable":true,"href":"https:\/\/www.eldigitaldeasturias.com\/noticias\/wp-json\/wp\/v2\/tags?post=908603"}],"curies":[{"name":"wp","href":"https:\/\/api.w.org\/{rel}","templated":true}]}}