{"id":908598,"date":"2016-09-20T16:32:59","date_gmt":"2016-09-20T15:32:59","guid":{"rendered":"http:\/\/www.eldigitaldeasturias.com\/noticias\/?p=908598"},"modified":"2016-09-20T16:32:59","modified_gmt":"2016-09-20T15:32:59","slug":"el-otono-2016-llegara-a-asturias-con-subidas-de-temperaturas","status":"publish","type":"post","link":"https:\/\/www.eldigitaldeasturias.com\/noticias\/el-otono-2016-llegara-a-asturias-con-subidas-de-temperaturas\/","title":{"rendered":"El oto\u00f1o 2016 llegar\u00e1 a Asturias con subidas de temperaturas"},"content":{"rendered":"<p><img loading=\"lazy\" decoding=\"async\" class=\"alignleft size-medium wp-image-800012\" src=\"https:\/\/www.eldigitaldeasturias.com\/noticias\/wp-content\/uploads\/2015\/08\/gente-360x253.jpg\" alt=\"gente\" width=\"360\" height=\"253\" srcset=\"https:\/\/www.eldigitaldeasturias.com\/noticias\/wp-content\/uploads\/2015\/08\/gente-360x253.jpg 360w, https:\/\/www.eldigitaldeasturias.com\/noticias\/wp-content\/uploads\/2015\/08\/gente-426x300.jpg 426w, https:\/\/www.eldigitaldeasturias.com\/noticias\/wp-content\/uploads\/2015\/08\/gente-768x540.jpg 768w, https:\/\/www.eldigitaldeasturias.com\/noticias\/wp-content\/uploads\/2015\/08\/gente-682x480.jpg 682w, https:\/\/www.eldigitaldeasturias.com\/noticias\/wp-content\/uploads\/2015\/08\/gente-20x14.jpg 20w, https:\/\/www.eldigitaldeasturias.com\/noticias\/wp-content\/uploads\/2015\/08\/gente.jpg 800w\" sizes=\"auto, (max-width: 360px) 100vw, 360px\" \/>La inestabilidad en el este peninsular marcar\u00e1 esta semana en la que una masa de aire fr\u00edo afectar\u00e1 al Mediterr\u00e1neo, donde se producir\u00e1n chubascos y tormentas, hasta que el tiempo seco y soleado con temperaturas veraniegas vuelvan a instalarse en el primer fin de semana del oto\u00f1o, seg\u00fan la Agencia Estatal de Meteorolog\u00eda (AEMET). En el caso de Asturias, se espera que se registran subidas de temperaturas de hasta seis grados.<\/p>\n<p>Seg\u00fan ha explicado a Europa Press la portavoz de la AEMET, Ana Casals, lo principal esta semana ser\u00e1 la \u00abcierta inestabilidad\u00bb en el este, con chubascos y algunas tormentas y el fin de semana de tiempo estable y ascenso t\u00e9rmico.<\/p>\n<p>En concreto, ha indicado a Europa Press que este martes se prev\u00e9n intervalos nubosos en el Cant\u00e1brico y en el norte de Galicia y podr\u00eda haber alguna precipitaci\u00f3n d\u00e9bil en el Cant\u00e1brico oriental por la ma\u00f1ana.<\/p>\n<p>Adem\u00e1s, en el Mediterr\u00e1neo habr\u00e1 intervalos nubosos y podr\u00eda estar cubierto el cielo de todo el \u00e1rea mediterr\u00e1nea. As\u00ed, ha dicho que no se descartan chubascos y tormentas en Melilla, sureste peninsular, este de Catalu\u00f1a y de Baleares, pero al final del d\u00eda tender\u00e1 a poco nuboso.<\/p>\n<p>En el resto del cuadrante nordeste espera intervalos nubosos y alguna tormenta aislada en zonas de monta\u00f1a en el Pirineo central y en el este del Sistema Ib\u00e9rico, mientras en el resto del pa\u00eds habr\u00e1 cielos poco nubosos y quiz\u00e1 con alguna nube de evoluci\u00f3n en Baleares.<\/p>\n<p>Respecto a Canarias, ha indicado que toda la semana predominar\u00e1 el r\u00e9gimen de alisios, por lo que se esperan intervalos nubosos en el norte de las islas de mayor relieve, donde podr\u00eda haber alg\u00fan chubasco d\u00e9bil y ocasional y estar\u00e1 poco nuboso en el resto. Tambi\u00e9n ha a\u00f1adido que podr\u00eda haber brumas matinales en el extremo noroeste y en el suroeste peninsular y que el jueves, adem\u00e1s, se prev\u00e9 nubosidad media y alta en las islas y vientos de intensidad fuerte del noreste.<\/p>\n<p>En cuanto a las temperaturas, Casals espera este martes un descenso del mercurio en el Mediterr\u00e1neo y pocos cambios en el resto, aunque dentro de \u00ablo normal\u00bb para esta \u00e9poca del a\u00f1o, ya que en el suroeste y algunas \u00e1reas del tercio este se superar\u00e1n los 25 grados cent\u00edgrados.<\/p>\n<p>Ya el mi\u00e9rcoles, la portavoz prev\u00e9 intervalos nubosos en Galicia y en el Cant\u00e1brico occidental y quiz\u00e1 alguna lluvia d\u00e9bil, al tiempo que seguir\u00e1 la inestabilidad en el este por lo que habr\u00e1 cielos nubosos o con intervalos nubosos en el norte de Arag\u00f3n, Catalu\u00f1a y Baleares.<\/p>\n<p>En concreto, ha dicho que los chubascos y las tormentas afectar\u00e1n al este de Catalu\u00f1a, a Mallorca y Menorca. En el resto de Espa\u00f1a predominar\u00e1n los cielo poco nubosos o despejado pero podr\u00eda registrarse alguna nubosidad diurna en el tercio norte y en el tercio este peninsular. Tambi\u00e9n puede producirse alg\u00fan chubasco o tormenta aislada en el extremo este del sistema Ib\u00e9rico.<\/p>\n<p>Asimismo, las brumas matinales afectar\u00e1n a zonas de Galicia y del Cant\u00e1brico as\u00ed como en el extremo suroeste peninsular y quiz\u00e1 en puntos del litoral mediterr\u00e1neo.<\/p>\n<p>Los term\u00f3metros subir\u00e1n el mi\u00e9rcoles en el Mediterr\u00e1neo y descender\u00e1n en el extremo oeste peninsular, de modo que el ascenso ser\u00e1 \u00abnotable\u00bb en Castilla y Le\u00f3n, sobre todo en el noreste, La Rioja y valle del Ebro, \u00c1lava, oeste de Navarra, Guip\u00fazcoa y Vizcaya, donde subir\u00e1n hasta 6 grados cent\u00edgrados.<\/p>\n<p>Igualmente ascender\u00e1n en el \u00e1rea mediterr\u00e1nea, de 1 a 4 grados cent\u00edgrados seg\u00fan las zonas mientras que descender\u00e1n en Galicia y Extremadura y partes de Huelva, de uno a 3 grados cent\u00edgrados y bajan 4 grados cent\u00edgrado en Pontevedra.<\/p>\n<p>En la mitad sur y en la mitad del medio Ebro se superar\u00e1n los 25 grados cent\u00edgrados y en la costa atl\u00e1ntica no rebasar\u00e1n los 20 grados cent\u00edgrados y en Asturias occidental, pero en el resto del pa\u00eds estar\u00e1n entre los 20 y los 25 grados cent\u00edgrados.<\/p>\n<p>La portavoz ha a\u00f1adido que el jueves se prev\u00e9n cielos cubiertos en el Cant\u00e1brico, alto Ebro y norte de Navarra, con precipitaciones y que en el Mediterr\u00e1neo oriental estar\u00e1 nuboso con intervalos y con chubascos y tormentas tanto en Catalu\u00f1a como en Castell\u00f3n y Baleares y tampoco los descarta en otros puntos del tercio oriental de la Pen\u00ednsula. En el resto de la Pen\u00ednsula cielos poco nuboso o despejados y brumas matinales en el Estrecho.<\/p>\n<p>Respecto a las temperaturas, Casals prev\u00e9 un descenso en el tercio occidental de la Pen\u00ednsula, de 1 a 2 dos grados cent\u00edgrados en la mitad sur y en el tercio occidental del norte y entre 2 y 3 grados cent\u00edgrados en el resto del Pa\u00eds Vasco.<\/p>\n<p><strong>VUELVE EL VERANO<\/strong><\/p>\n<p>De cara al fin de semana, ha explicado que el viernes permanecer\u00e1n los cielos nubosos o los intervalos nubosos en el tercio oriental peninsular y podr\u00eda haber precipitaciones en el litoral mediterr\u00e1neo peninsular, sobre todo en Catalu\u00f1a, Levante y Baleares donde podr\u00edan ser intensas en algunos puntos.<\/p>\n<p>Tampoco se descartan en otras zonas del Mediterr\u00e1neo. En el Cant\u00e1brico habr\u00e1 intervalos nubosos pero sin precipitaciones y en el resto el viernes ser\u00e1 un d\u00eda de cielos poco nubosos o despejados.<\/p>\n<p>Los term\u00f3metros subir\u00e1n de nuevo el viernes, sobre todo en la mitad oeste y llegar\u00e1n a subir hasta 6 grados cent\u00edgrados en el sur de Galicia y de Asturias, mientras que en el resto ese ascenso ser\u00e1 de 1 a 3 grados cent\u00edgrados. Por el contrario, bajar\u00e1n en Baleares y en el tercio este de la Pen\u00ednsula mientras en Canarias seguir\u00e1n sin cambios.<\/p>\n<p>En concreto, ha dicho que podr\u00edan superar de nuevo los 30 grados cent\u00edgrados en el valle del Guadalquivir, aunque ha afirmado que esto \u00abes normal a\u00fan en esta \u00e9poca\u00bb.<\/p>\n<p>Por \u00faltimo, prev\u00e9 que el escenario \u00abm\u00e1s probable\u00bb para el fin de semana es que el s\u00e1bado predomine el tiempo estable, los cielos poco nubosos y sin precipitaciones en toda Espa\u00f1a, aunque no se descarta alguna lluvia d\u00e9bil en Galicia y alg\u00fan chubasco ocasional en el Mediterr\u00e1neo.<\/p>\n<p>Casals ha dicho que las temperaturas ser\u00e1n \u00abnormales\u00bb para esta \u00e9poca del a\u00f1o y que se podr\u00e1n superar los 30 grados cent\u00edgrados en puntos del cuadrante suroeste peninsular y en Extremadura; estar\u00e1n en torno a los 20 grados cent\u00edgrados en el Cant\u00e1brico oriental.<\/p>\n<p>Del mismo modo, en Castilla y Le\u00f3n podr\u00e1n acercarse a los 30 grados cent\u00edgrados, sobre todo en las zonas bajas de la meseta, as\u00ed como en algunas \u00e1reas de Vizcaya, valle del Ebro, Castilla-La Mancha as\u00ed como en algunos puntos de la mitad sur de Galicia.<\/p>\n<p>\u00abSer\u00e1 un fin de semana casi de verano, apenas sin lluvias y con temperaturas agradables\u00bb, ha comentado.<\/p>\n<p>En cuanto al domingo, ser\u00e1 una jornada de tiempo estable \u00aben la mayor parte del pa\u00eds\u00bb aunque podr\u00eda haber algunos intervalos nubosos en el tercio norte y en Baleares.<\/p>\n<p>Finalmente, ha agregado que bajar\u00e1n las temperaturas en la cornisa cant\u00e1brica, tras subir el viernes y el s\u00e1bado; que en el sureste podr\u00edan bajar muy ligeramente y en el resto permanecer\u00e1n sin cambios.<\/p>\n<p>&nbsp;<\/p>\n","protected":false},"excerpt":{"rendered":"<p>La inestabilidad en el este peninsular marcar\u00e1 esta semana en la que una masa de aire fr\u00edo afectar\u00e1 al Mediterr\u00e1neo, donde se producir\u00e1n chubascos y tormentas, hasta que el tiempo seco y soleado con temperaturas veraniegas vuelvan a instalarse en el primer fin de semana del oto\u00f1o, seg\u00fan la Agencia Estatal de Meteorolog\u00eda (AEMET). En [&hellip;]<\/p>\n","protected":false},"author":1,"featured_media":800012,"comment_status":"closed","ping_status":"closed","sticky":false,"template":"","format":"standard","meta":{"footnotes":""},"categories":[1],"tags":[],"class_list":["post-908598","post","type-post","status-publish","format-standard","has-post-thumbnail","hentry","category-actualidad"],"aioseo_notices":[],"aioseo_head":"\n\t\t<!-- All in One SEO Pro 4.9.6.2 - aioseo.com -->\n\t<meta name=\"description\" content=\"La inestabilidad en el este peninsular marcar\u00e1 esta semana en la que una masa de aire fr\u00edo afectar\u00e1 al Mediterr\u00e1neo, donde se producir\u00e1n chubascos y tormentas, hasta que el tiempo seco y soleado con temperaturas veraniegas vuelvan a instalarse en el primer fin de semana del oto\u00f1o, seg\u00fan la Agencia Estatal de Meteorolog\u00eda (AEMET). En\" \/>\n\t<meta name=\"robots\" content=\"max-image-preview:large\" \/>\n\t<meta name=\"author\" content=\"El Digital de Asturias\"\/>\n\t<meta name=\"google-site-verification\" content=\"UA-38556648-1\" \/>\n\t<meta name=\"msvalidate.01\" content=\"7dfe9f3f1b24437ab69f4f2559babe99\" \/>\n\t<meta name=\"keywords\" content=\"actualidad\" \/>\n\t<link rel=\"canonical\" href=\"https:\/\/www.eldigitaldeasturias.com\/noticias\/el-otono-2016-llegara-a-asturias-con-subidas-de-temperaturas\/\" \/>\n\t<meta name=\"generator\" content=\"All in One SEO Pro (AIOSEO) 4.9.6.2\" \/>\n\t\t<meta property=\"og:locale\" content=\"es_ES\" \/>\n\t\t<meta property=\"og:site_name\" content=\"El Digital de Asturias\" \/>\n\t\t<meta property=\"og:type\" content=\"article\" \/>\n\t\t<meta property=\"og:title\" content=\"El oto\u00f1o 2016 llegar\u00e1 a Asturias con subidas de temperaturas - El Digital de Asturias\" \/>\n\t\t<meta property=\"og:description\" content=\"La inestabilidad en el este peninsular marcar\u00e1 esta semana en la que una masa de aire fr\u00edo afectar\u00e1 al Mediterr\u00e1neo, donde se producir\u00e1n chubascos y tormentas, hasta que el tiempo seco y soleado con temperaturas veraniegas vuelvan a instalarse en el primer fin de semana del oto\u00f1o, seg\u00fan la Agencia Estatal de Meteorolog\u00eda (AEMET). En\" \/>\n\t\t<meta property=\"og:url\" content=\"https:\/\/www.eldigitaldeasturias.com\/noticias\/el-otono-2016-llegara-a-asturias-con-subidas-de-temperaturas\/\" \/>\n\t\t<meta property=\"og:image\" content=\"https:\/\/www.eldigitaldeasturias.com\/noticias\/wp-content\/uploads\/2015\/08\/gente.jpg\" \/>\n\t\t<meta property=\"og:image:secure_url\" content=\"https:\/\/www.eldigitaldeasturias.com\/noticias\/wp-content\/uploads\/2015\/08\/gente.jpg\" \/>\n\t\t<meta property=\"og:image:width\" content=\"800\" \/>\n\t\t<meta property=\"og:image:height\" content=\"563\" \/>\n\t\t<meta property=\"article:tag\" content=\"actualidad\" \/>\n\t\t<meta property=\"article:published_time\" content=\"2016-09-20T15:32:59+00:00\" \/>\n\t\t<meta property=\"article:modified_time\" content=\"2016-09-20T15:32:59+00:00\" \/>\n\t\t<meta property=\"article:publisher\" content=\"https:\/\/facebook.com\/eldigitaldeasturias\" \/>\n\t\t<meta name=\"twitter:card\" content=\"summary_large_image\" \/>\n\t\t<meta name=\"twitter:title\" content=\"El oto\u00f1o 2016 llegar\u00e1 a Asturias con subidas de temperaturas - El Digital de Asturias\" \/>\n\t\t<meta name=\"twitter:description\" content=\"La inestabilidad en el este peninsular marcar\u00e1 esta semana en la que una masa de aire fr\u00edo afectar\u00e1 al Mediterr\u00e1neo, donde se producir\u00e1n chubascos y tormentas, hasta que el tiempo seco y soleado con temperaturas veraniegas vuelvan a instalarse en el primer fin de semana del oto\u00f1o, seg\u00fan la Agencia Estatal de Meteorolog\u00eda (AEMET). En\" \/>\n\t\t<meta name=\"twitter:image\" content=\"https:\/\/www.eldigitaldeasturias.com\/noticias\/wp-content\/uploads\/2015\/08\/gente.jpg\" \/>\n\t\t<meta name=\"twitter:label1\" content=\"Escrito por\" \/>\n\t\t<meta name=\"twitter:data1\" content=\"El Digital de Asturias\" \/>\n\t\t<meta name=\"twitter:label2\" content=\"Tiempo de lectura estimado\" \/>\n\t\t<meta name=\"twitter:data2\" content=\"6 minutos\" \/>\n\t\t<script type=\"application\/ld+json\" class=\"aioseo-schema\">\n\t\t\t{\"@context\":\"https:\\\/\\\/schema.org\",\"@graph\":[{\"@type\":\"BlogPosting\",\"@id\":\"https:\\\/\\\/www.eldigitaldeasturias.com\\\/noticias\\\/el-otono-2016-llegara-a-asturias-con-subidas-de-temperaturas\\\/#blogposting\",\"name\":\"El oto\\u00f1o 2016 llegar\\u00e1 a Asturias con subidas de temperaturas - El Digital de Asturias\",\"headline\":\"El oto\\u00f1o 2016 llegar\\u00e1 a Asturias con subidas de temperaturas\",\"author\":{\"@id\":\"https:\\\/\\\/www.eldigitaldeasturias.com\\\/noticias\\\/author\\\/admin\\\/#author\"},\"publisher\":{\"@id\":\"https:\\\/\\\/www.eldigitaldeasturias.com\\\/noticias\\\/#organization\"},\"image\":{\"@type\":\"ImageObject\",\"url\":\"https:\\\/\\\/www.eldigitaldeasturias.com\\\/noticias\\\/wp-content\\\/uploads\\\/2015\\\/08\\\/gente.jpg\",\"width\":800,\"height\":563},\"datePublished\":\"2016-09-20T16:32:59+02:00\",\"dateModified\":\"2016-09-20T16:32:59+02:00\",\"inLanguage\":\"es-ES\",\"mainEntityOfPage\":{\"@id\":\"https:\\\/\\\/www.eldigitaldeasturias.com\\\/noticias\\\/el-otono-2016-llegara-a-asturias-con-subidas-de-temperaturas\\\/#webpage\"},\"isPartOf\":{\"@id\":\"https:\\\/\\\/www.eldigitaldeasturias.com\\\/noticias\\\/el-otono-2016-llegara-a-asturias-con-subidas-de-temperaturas\\\/#webpage\"},\"articleSection\":\"Actualidad\"},{\"@type\":\"BreadcrumbList\",\"@id\":\"https:\\\/\\\/www.eldigitaldeasturias.com\\\/noticias\\\/el-otono-2016-llegara-a-asturias-con-subidas-de-temperaturas\\\/#breadcrumblist\",\"itemListElement\":[{\"@type\":\"ListItem\",\"@id\":\"https:\\\/\\\/www.eldigitaldeasturias.com\\\/noticias#listItem\",\"position\":1,\"name\":\"Home\",\"item\":\"https:\\\/\\\/www.eldigitaldeasturias.com\\\/noticias\",\"nextItem\":{\"@type\":\"ListItem\",\"@id\":\"https:\\\/\\\/www.eldigitaldeasturias.com\\\/noticias\\\/category\\\/actualidad\\\/#listItem\",\"name\":\"Actualidad\"}},{\"@type\":\"ListItem\",\"@id\":\"https:\\\/\\\/www.eldigitaldeasturias.com\\\/noticias\\\/category\\\/actualidad\\\/#listItem\",\"position\":2,\"name\":\"Actualidad\",\"item\":\"https:\\\/\\\/www.eldigitaldeasturias.com\\\/noticias\\\/category\\\/actualidad\\\/\",\"nextItem\":{\"@type\":\"ListItem\",\"@id\":\"https:\\\/\\\/www.eldigitaldeasturias.com\\\/noticias\\\/el-otono-2016-llegara-a-asturias-con-subidas-de-temperaturas\\\/#listItem\",\"name\":\"El oto\\u00f1o 2016 llegar\\u00e1 a Asturias con subidas de temperaturas\"},\"previousItem\":{\"@type\":\"ListItem\",\"@id\":\"https:\\\/\\\/www.eldigitaldeasturias.com\\\/noticias#listItem\",\"name\":\"Home\"}},{\"@type\":\"ListItem\",\"@id\":\"https:\\\/\\\/www.eldigitaldeasturias.com\\\/noticias\\\/el-otono-2016-llegara-a-asturias-con-subidas-de-temperaturas\\\/#listItem\",\"position\":3,\"name\":\"El oto\\u00f1o 2016 llegar\\u00e1 a Asturias con subidas de temperaturas\",\"previousItem\":{\"@type\":\"ListItem\",\"@id\":\"https:\\\/\\\/www.eldigitaldeasturias.com\\\/noticias\\\/category\\\/actualidad\\\/#listItem\",\"name\":\"Actualidad\"}}]},{\"@type\":\"Organization\",\"@id\":\"https:\\\/\\\/www.eldigitaldeasturias.com\\\/noticias\\\/#organization\",\"name\":\"El Digital de Asturias\",\"description\":\"Hemeroteca\",\"url\":\"https:\\\/\\\/www.eldigitaldeasturias.com\\\/noticias\\\/\",\"email\":\"info@eldigitaldeasturias.com\",\"telephone\":\"+34652131393\",\"logo\":{\"@type\":\"ImageObject\",\"url\":\"https:\\\/\\\/www.eldigitaldeasturias.com\\\/noticias\\\/wp-content\\\/uploads\\\/2020\\\/12\\\/EDA.jpg\",\"@id\":\"https:\\\/\\\/www.eldigitaldeasturias.com\\\/noticias\\\/el-otono-2016-llegara-a-asturias-con-subidas-de-temperaturas\\\/#organizationLogo\",\"width\":649,\"height\":297},\"image\":{\"@id\":\"https:\\\/\\\/www.eldigitaldeasturias.com\\\/noticias\\\/el-otono-2016-llegara-a-asturias-con-subidas-de-temperaturas\\\/#organizationLogo\"},\"sameAs\":[\"https:\\\/\\\/facebook.com\\\/eldigitaldeasturias\",\"https:\\\/\\\/www.youtube.com\\\/channel\\\/UCZP-2wLEB9Rv6erhFmqVnvg\"],\"address\":{\"@id\":\"https:\\\/\\\/www.eldigitaldeasturias.com\\\/noticias\\\/#postaladdress\",\"@type\":\"PostalAddress\",\"streetAddress\":\"san antonio 4,\",\"postalCode\":\"33430\",\"addressLocality\":\"Cand\\u00e1s\",\"addressRegion\":\"Asturias\",\"addressCountry\":\"ES\"}},{\"@type\":\"Person\",\"@id\":\"https:\\\/\\\/www.eldigitaldeasturias.com\\\/noticias\\\/author\\\/admin\\\/#author\",\"url\":\"https:\\\/\\\/www.eldigitaldeasturias.com\\\/noticias\\\/author\\\/admin\\\/\",\"name\":\"El Digital de Asturias\",\"image\":{\"@type\":\"ImageObject\",\"@id\":\"https:\\\/\\\/www.eldigitaldeasturias.com\\\/noticias\\\/el-otono-2016-llegara-a-asturias-con-subidas-de-temperaturas\\\/#authorImage\",\"url\":\"https:\\\/\\\/www.eldigitaldeasturias.com\\\/noticias\\\/wp-content\\\/litespeed\\\/avatar\\\/18677e78aa0546b92d9dbf31ec7d7668.jpg?ver=1777290358\",\"width\":96,\"height\":96,\"caption\":\"El Digital de Asturias\"}},{\"@type\":\"WebPage\",\"@id\":\"https:\\\/\\\/www.eldigitaldeasturias.com\\\/noticias\\\/el-otono-2016-llegara-a-asturias-con-subidas-de-temperaturas\\\/#webpage\",\"url\":\"https:\\\/\\\/www.eldigitaldeasturias.com\\\/noticias\\\/el-otono-2016-llegara-a-asturias-con-subidas-de-temperaturas\\\/\",\"name\":\"El oto\\u00f1o 2016 llegar\\u00e1 a Asturias con subidas de temperaturas - El Digital de Asturias\",\"description\":\"La inestabilidad en el este peninsular marcar\\u00e1 esta semana en la que una masa de aire fr\\u00edo afectar\\u00e1 al Mediterr\\u00e1neo, donde se producir\\u00e1n chubascos y tormentas, hasta que el tiempo seco y soleado con temperaturas veraniegas vuelvan a instalarse en el primer fin de semana del oto\\u00f1o, seg\\u00fan la Agencia Estatal de Meteorolog\\u00eda (AEMET). En\",\"inLanguage\":\"es-ES\",\"isPartOf\":{\"@id\":\"https:\\\/\\\/www.eldigitaldeasturias.com\\\/noticias\\\/#website\"},\"breadcrumb\":{\"@id\":\"https:\\\/\\\/www.eldigitaldeasturias.com\\\/noticias\\\/el-otono-2016-llegara-a-asturias-con-subidas-de-temperaturas\\\/#breadcrumblist\"},\"author\":{\"@id\":\"https:\\\/\\\/www.eldigitaldeasturias.com\\\/noticias\\\/author\\\/admin\\\/#author\"},\"creator\":{\"@id\":\"https:\\\/\\\/www.eldigitaldeasturias.com\\\/noticias\\\/author\\\/admin\\\/#author\"},\"image\":{\"@type\":\"ImageObject\",\"url\":\"https:\\\/\\\/www.eldigitaldeasturias.com\\\/noticias\\\/wp-content\\\/uploads\\\/2015\\\/08\\\/gente.jpg\",\"@id\":\"https:\\\/\\\/www.eldigitaldeasturias.com\\\/noticias\\\/el-otono-2016-llegara-a-asturias-con-subidas-de-temperaturas\\\/#mainImage\",\"width\":800,\"height\":563},\"primaryImageOfPage\":{\"@id\":\"https:\\\/\\\/www.eldigitaldeasturias.com\\\/noticias\\\/el-otono-2016-llegara-a-asturias-con-subidas-de-temperaturas\\\/#mainImage\"},\"datePublished\":\"2016-09-20T16:32:59+02:00\",\"dateModified\":\"2016-09-20T16:32:59+02:00\"},{\"@type\":\"WebSite\",\"@id\":\"https:\\\/\\\/www.eldigitaldeasturias.com\\\/noticias\\\/#website\",\"url\":\"https:\\\/\\\/www.eldigitaldeasturias.com\\\/noticias\\\/\",\"name\":\"El Digital de Asturias - Diario de actualidad y noticias\",\"alternateName\":\"El Digital de Asturias - Diario de actualidad y noticias\",\"description\":\"Hemeroteca\",\"inLanguage\":\"es-ES\",\"publisher\":{\"@id\":\"https:\\\/\\\/www.eldigitaldeasturias.com\\\/noticias\\\/#organization\"}}]}\n\t\t<\/script>\n\t\t<!-- All in One SEO Pro -->\r\n\t\t<title>El oto\u00f1o 2016 llegar\u00e1 a Asturias con subidas de temperaturas - El Digital de Asturias<\/title>\n\n","aioseo_head_json":{"title":"El oto\u00f1o 2016 llegar\u00e1 a Asturias con subidas de temperaturas - El Digital de Asturias","description":"La inestabilidad en el este peninsular marcar\u00e1 esta semana en la que una masa de aire fr\u00edo afectar\u00e1 al Mediterr\u00e1neo, donde se producir\u00e1n chubascos y tormentas, hasta que el tiempo seco y soleado con temperaturas veraniegas vuelvan a instalarse en el primer fin de semana del oto\u00f1o, seg\u00fan la Agencia Estatal de Meteorolog\u00eda (AEMET). En","canonical_url":"https:\/\/www.eldigitaldeasturias.com\/noticias\/el-otono-2016-llegara-a-asturias-con-subidas-de-temperaturas\/","robots":"max-image-preview:large","keywords":"actualidad","webmasterTools":{"google-site-verification":"UA-38556648-1","msvalidate.01":"7dfe9f3f1b24437ab69f4f2559babe99","miscellaneous":""},"schema":{"@context":"https:\/\/schema.org","@graph":[{"@type":"BlogPosting","@id":"https:\/\/www.eldigitaldeasturias.com\/noticias\/el-otono-2016-llegara-a-asturias-con-subidas-de-temperaturas\/#blogposting","name":"El oto\u00f1o 2016 llegar\u00e1 a Asturias con subidas de temperaturas - El Digital de Asturias","headline":"El oto\u00f1o 2016 llegar\u00e1 a Asturias con subidas de temperaturas","author":{"@id":"https:\/\/www.eldigitaldeasturias.com\/noticias\/author\/admin\/#author"},"publisher":{"@id":"https:\/\/www.eldigitaldeasturias.com\/noticias\/#organization"},"image":{"@type":"ImageObject","url":"https:\/\/www.eldigitaldeasturias.com\/noticias\/wp-content\/uploads\/2015\/08\/gente.jpg","width":800,"height":563},"datePublished":"2016-09-20T16:32:59+02:00","dateModified":"2016-09-20T16:32:59+02:00","inLanguage":"es-ES","mainEntityOfPage":{"@id":"https:\/\/www.eldigitaldeasturias.com\/noticias\/el-otono-2016-llegara-a-asturias-con-subidas-de-temperaturas\/#webpage"},"isPartOf":{"@id":"https:\/\/www.eldigitaldeasturias.com\/noticias\/el-otono-2016-llegara-a-asturias-con-subidas-de-temperaturas\/#webpage"},"articleSection":"Actualidad"},{"@type":"BreadcrumbList","@id":"https:\/\/www.eldigitaldeasturias.com\/noticias\/el-otono-2016-llegara-a-asturias-con-subidas-de-temperaturas\/#breadcrumblist","itemListElement":[{"@type":"ListItem","@id":"https:\/\/www.eldigitaldeasturias.com\/noticias#listItem","position":1,"name":"Home","item":"https:\/\/www.eldigitaldeasturias.com\/noticias","nextItem":{"@type":"ListItem","@id":"https:\/\/www.eldigitaldeasturias.com\/noticias\/category\/actualidad\/#listItem","name":"Actualidad"}},{"@type":"ListItem","@id":"https:\/\/www.eldigitaldeasturias.com\/noticias\/category\/actualidad\/#listItem","position":2,"name":"Actualidad","item":"https:\/\/www.eldigitaldeasturias.com\/noticias\/category\/actualidad\/","nextItem":{"@type":"ListItem","@id":"https:\/\/www.eldigitaldeasturias.com\/noticias\/el-otono-2016-llegara-a-asturias-con-subidas-de-temperaturas\/#listItem","name":"El oto\u00f1o 2016 llegar\u00e1 a Asturias con subidas de temperaturas"},"previousItem":{"@type":"ListItem","@id":"https:\/\/www.eldigitaldeasturias.com\/noticias#listItem","name":"Home"}},{"@type":"ListItem","@id":"https:\/\/www.eldigitaldeasturias.com\/noticias\/el-otono-2016-llegara-a-asturias-con-subidas-de-temperaturas\/#listItem","position":3,"name":"El oto\u00f1o 2016 llegar\u00e1 a Asturias con subidas de temperaturas","previousItem":{"@type":"ListItem","@id":"https:\/\/www.eldigitaldeasturias.com\/noticias\/category\/actualidad\/#listItem","name":"Actualidad"}}]},{"@type":"Organization","@id":"https:\/\/www.eldigitaldeasturias.com\/noticias\/#organization","name":"El Digital de Asturias","description":"Hemeroteca","url":"https:\/\/www.eldigitaldeasturias.com\/noticias\/","email":"info@eldigitaldeasturias.com","telephone":"+34652131393","logo":{"@type":"ImageObject","url":"https:\/\/www.eldigitaldeasturias.com\/noticias\/wp-content\/uploads\/2020\/12\/EDA.jpg","@id":"https:\/\/www.eldigitaldeasturias.com\/noticias\/el-otono-2016-llegara-a-asturias-con-subidas-de-temperaturas\/#organizationLogo","width":649,"height":297},"image":{"@id":"https:\/\/www.eldigitaldeasturias.com\/noticias\/el-otono-2016-llegara-a-asturias-con-subidas-de-temperaturas\/#organizationLogo"},"sameAs":["https:\/\/facebook.com\/eldigitaldeasturias","https:\/\/www.youtube.com\/channel\/UCZP-2wLEB9Rv6erhFmqVnvg"],"address":{"@id":"https:\/\/www.eldigitaldeasturias.com\/noticias\/#postaladdress","@type":"PostalAddress","streetAddress":"san antonio 4,","postalCode":"33430","addressLocality":"Cand\u00e1s","addressRegion":"Asturias","addressCountry":"ES"}},{"@type":"Person","@id":"https:\/\/www.eldigitaldeasturias.com\/noticias\/author\/admin\/#author","url":"https:\/\/www.eldigitaldeasturias.com\/noticias\/author\/admin\/","name":"El Digital de Asturias","image":{"@type":"ImageObject","@id":"https:\/\/www.eldigitaldeasturias.com\/noticias\/el-otono-2016-llegara-a-asturias-con-subidas-de-temperaturas\/#authorImage","url":"https:\/\/www.eldigitaldeasturias.com\/noticias\/wp-content\/litespeed\/avatar\/18677e78aa0546b92d9dbf31ec7d7668.jpg?ver=1777290358","width":96,"height":96,"caption":"El Digital de Asturias"}},{"@type":"WebPage","@id":"https:\/\/www.eldigitaldeasturias.com\/noticias\/el-otono-2016-llegara-a-asturias-con-subidas-de-temperaturas\/#webpage","url":"https:\/\/www.eldigitaldeasturias.com\/noticias\/el-otono-2016-llegara-a-asturias-con-subidas-de-temperaturas\/","name":"El oto\u00f1o 2016 llegar\u00e1 a Asturias con subidas de temperaturas - El Digital de Asturias","description":"La inestabilidad en el este peninsular marcar\u00e1 esta semana en la que una masa de aire fr\u00edo afectar\u00e1 al Mediterr\u00e1neo, donde se producir\u00e1n chubascos y tormentas, hasta que el tiempo seco y soleado con temperaturas veraniegas vuelvan a instalarse en el primer fin de semana del oto\u00f1o, seg\u00fan la Agencia Estatal de Meteorolog\u00eda (AEMET). En","inLanguage":"es-ES","isPartOf":{"@id":"https:\/\/www.eldigitaldeasturias.com\/noticias\/#website"},"breadcrumb":{"@id":"https:\/\/www.eldigitaldeasturias.com\/noticias\/el-otono-2016-llegara-a-asturias-con-subidas-de-temperaturas\/#breadcrumblist"},"author":{"@id":"https:\/\/www.eldigitaldeasturias.com\/noticias\/author\/admin\/#author"},"creator":{"@id":"https:\/\/www.eldigitaldeasturias.com\/noticias\/author\/admin\/#author"},"image":{"@type":"ImageObject","url":"https:\/\/www.eldigitaldeasturias.com\/noticias\/wp-content\/uploads\/2015\/08\/gente.jpg","@id":"https:\/\/www.eldigitaldeasturias.com\/noticias\/el-otono-2016-llegara-a-asturias-con-subidas-de-temperaturas\/#mainImage","width":800,"height":563},"primaryImageOfPage":{"@id":"https:\/\/www.eldigitaldeasturias.com\/noticias\/el-otono-2016-llegara-a-asturias-con-subidas-de-temperaturas\/#mainImage"},"datePublished":"2016-09-20T16:32:59+02:00","dateModified":"2016-09-20T16:32:59+02:00"},{"@type":"WebSite","@id":"https:\/\/www.eldigitaldeasturias.com\/noticias\/#website","url":"https:\/\/www.eldigitaldeasturias.com\/noticias\/","name":"El Digital de Asturias - Diario de actualidad y noticias","alternateName":"El Digital de Asturias - Diario de actualidad y noticias","description":"Hemeroteca","inLanguage":"es-ES","publisher":{"@id":"https:\/\/www.eldigitaldeasturias.com\/noticias\/#organization"}}]},"og:locale":"es_ES","og:site_name":"El Digital de Asturias","og:type":"article","og:title":"El oto\u00f1o 2016 llegar\u00e1 a Asturias con subidas de temperaturas - El Digital de Asturias","og:description":"La inestabilidad en el este peninsular marcar\u00e1 esta semana en la que una masa de aire fr\u00edo afectar\u00e1 al Mediterr\u00e1neo, donde se producir\u00e1n chubascos y tormentas, hasta que el tiempo seco y soleado con temperaturas veraniegas vuelvan a instalarse en el primer fin de semana del oto\u00f1o, seg\u00fan la Agencia Estatal de Meteorolog\u00eda (AEMET). En","og:url":"https:\/\/www.eldigitaldeasturias.com\/noticias\/el-otono-2016-llegara-a-asturias-con-subidas-de-temperaturas\/","og:image":"https:\/\/www.eldigitaldeasturias.com\/noticias\/wp-content\/uploads\/2015\/08\/gente.jpg","og:image:secure_url":"https:\/\/www.eldigitaldeasturias.com\/noticias\/wp-content\/uploads\/2015\/08\/gente.jpg","og:image:width":800,"og:image:height":563,"article:tag":["actualidad"],"article:published_time":"2016-09-20T15:32:59+00:00","article:modified_time":"2016-09-20T15:32:59+00:00","article:publisher":"https:\/\/facebook.com\/eldigitaldeasturias","twitter:card":"summary_large_image","twitter:title":"El oto\u00f1o 2016 llegar\u00e1 a Asturias con subidas de temperaturas - El Digital de Asturias","twitter:description":"La inestabilidad en el este peninsular marcar\u00e1 esta semana en la que una masa de aire fr\u00edo afectar\u00e1 al Mediterr\u00e1neo, donde se producir\u00e1n chubascos y tormentas, hasta que el tiempo seco y soleado con temperaturas veraniegas vuelvan a instalarse en el primer fin de semana del oto\u00f1o, seg\u00fan la Agencia Estatal de Meteorolog\u00eda (AEMET). En","twitter:image":"https:\/\/www.eldigitaldeasturias.com\/noticias\/wp-content\/uploads\/2015\/08\/gente.jpg","twitter:label1":"Escrito por","twitter:data1":"El Digital de Asturias","twitter:label2":"Tiempo de lectura estimado","twitter:data2":"6 minutos"},"aioseo_meta_data":{"post_id":"908598","title":null,"description":null,"keywords":null,"keyphrases":null,"primary_term":null,"canonical_url":null,"og_title":null,"og_description":null,"og_object_type":"default","og_image_type":"default","og_image_url":null,"og_image_width":null,"og_image_height":null,"og_image_custom_url":null,"og_image_custom_fields":null,"og_video":null,"og_custom_url":null,"og_article_section":null,"og_article_tags":null,"twitter_use_og":false,"twitter_card":"default","twitter_image_type":"default","twitter_image_url":null,"twitter_image_custom_url":null,"twitter_image_custom_fields":null,"twitter_title":null,"twitter_description":null,"schema":{"blockGraphs":[],"customGraphs":[],"default":{"data":{"Article":[],"Course":[],"Dataset":[],"FAQPage":[],"Movie":[],"Person":[],"Product":[],"ProductReview":[],"Car":[],"Recipe":[],"Service":[],"SoftwareApplication":[],"WebPage":[]},"graphName":"","isEnabled":true},"graphs":[],"defaultGraph":"","defaultPostTypeGraph":""},"schema_type":null,"schema_type_options":null,"pillar_content":false,"robots_default":true,"robots_noindex":false,"robots_noarchive":false,"robots_nosnippet":false,"robots_nofollow":false,"robots_noimageindex":false,"robots_noodp":false,"robots_notranslate":false,"robots_max_snippet":null,"robots_max_videopreview":null,"robots_max_imagepreview":"large","priority":null,"frequency":null,"local_seo":null,"seo_analyzer_scan_date":"2025-11-30 16:46:18","breadcrumb_settings":null,"limit_modified_date":false,"open_ai":null,"ai":null,"created":"2020-12-21 14:00:05","updated":"2025-11-30 16:46:18"},"aioseo_breadcrumb":"<div class=\"aioseo-breadcrumbs\"><span class=\"aioseo-breadcrumb\">\n\t<a href=\"https:\/\/www.eldigitaldeasturias.com\/noticias\" title=\"Home\">Home<\/a>\n<\/span><span class=\"aioseo-breadcrumb-separator\">\u2013<\/span><span class=\"aioseo-breadcrumb\">\n\t<a href=\"https:\/\/www.eldigitaldeasturias.com\/noticias\/category\/actualidad\/\" title=\"Actualidad\">Actualidad<\/a>\n<\/span><span class=\"aioseo-breadcrumb-separator\">\u2013<\/span><span class=\"aioseo-breadcrumb\">\n\t<a href=\"https:\/\/www.eldigitaldeasturias.com\/noticias\/el-otono-2016-llegara-a-asturias-con-subidas-de-temperaturas\/\" title=\"El oto\u00f1o 2016 llegar\u00e1 a Asturias con subidas de temperaturas\">El oto\u00f1o 2016 llegar\u00e1 a Asturias con subidas de temperaturas<\/a>\n<\/span><\/div>","aioseo_breadcrumb_json":[{"label":"Home","link":"https:\/\/www.eldigitaldeasturias.com\/noticias"},{"label":"Actualidad","link":"https:\/\/www.eldigitaldeasturias.com\/noticias\/category\/actualidad\/"},{"label":"El oto\u00f1o 2016 llegar\u00e1 a Asturias con subidas de temperaturas","link":"https:\/\/www.eldigitaldeasturias.com\/noticias\/el-otono-2016-llegara-a-asturias-con-subidas-de-temperaturas\/"}],"_links":{"self":[{"href":"https:\/\/www.eldigitaldeasturias.com\/noticias\/wp-json\/wp\/v2\/posts\/908598","targetHints":{"allow":["GET"]}}],"collection":[{"href":"https:\/\/www.eldigitaldeasturias.com\/noticias\/wp-json\/wp\/v2\/posts"}],"about":[{"href":"https:\/\/www.eldigitaldeasturias.com\/noticias\/wp-json\/wp\/v2\/types\/post"}],"author":[{"embeddable":true,"href":"https:\/\/www.eldigitaldeasturias.com\/noticias\/wp-json\/wp\/v2\/users\/1"}],"replies":[{"embeddable":true,"href":"https:\/\/www.eldigitaldeasturias.com\/noticias\/wp-json\/wp\/v2\/comments?post=908598"}],"version-history":[{"count":0,"href":"https:\/\/www.eldigitaldeasturias.com\/noticias\/wp-json\/wp\/v2\/posts\/908598\/revisions"}],"wp:featuredmedia":[{"embeddable":true,"href":"https:\/\/www.eldigitaldeasturias.com\/noticias\/wp-json\/wp\/v2\/media\/800012"}],"wp:attachment":[{"href":"https:\/\/www.eldigitaldeasturias.com\/noticias\/wp-json\/wp\/v2\/media?parent=908598"}],"wp:term":[{"taxonomy":"category","embeddable":true,"href":"https:\/\/www.eldigitaldeasturias.com\/noticias\/wp-json\/wp\/v2\/categories?post=908598"},{"taxonomy":"post_tag","embeddable":true,"href":"https:\/\/www.eldigitaldeasturias.com\/noticias\/wp-json\/wp\/v2\/tags?post=908598"}],"curies":[{"name":"wp","href":"https:\/\/api.w.org\/{rel}","templated":true}]}}