{"id":908592,"date":"2016-09-20T16:15:07","date_gmt":"2016-09-20T15:15:07","guid":{"rendered":"http:\/\/www.eldigitaldeasturias.com\/noticias\/?p=908592"},"modified":"2016-09-20T16:15:07","modified_gmt":"2016-09-20T15:15:07","slug":"la-ampliacion-y-reforma-del-hospital-de-cabuenes-saldra-a-concurso","status":"publish","type":"post","link":"https:\/\/www.eldigitaldeasturias.com\/noticias\/la-ampliacion-y-reforma-del-hospital-de-cabuenes-saldra-a-concurso\/","title":{"rendered":"La ampliaci\u00f3n y reforma del Hospital de Cabue\u00f1es saldr\u00e1 a concurso"},"content":{"rendered":"<p><img loading=\"lazy\" decoding=\"async\" class=\"alignleft size-medium wp-image-438770\" src=\"https:\/\/www.eldigitaldeasturias.com\/noticias\/wp-content\/uploads\/2013\/10\/cabue\u00f1es-360x270.jpg\" alt=\"cabue\u00f1es\" width=\"360\" height=\"270\" srcset=\"https:\/\/www.eldigitaldeasturias.com\/noticias\/wp-content\/uploads\/2013\/10\/cabue\u00f1es-360x270.jpg 360w, https:\/\/www.eldigitaldeasturias.com\/noticias\/wp-content\/uploads\/2013\/10\/cabue\u00f1es-400x300.jpg 400w, https:\/\/www.eldigitaldeasturias.com\/noticias\/wp-content\/uploads\/2013\/10\/cabue\u00f1es-20x15.jpg 20w, https:\/\/www.eldigitaldeasturias.com\/noticias\/wp-content\/uploads\/2013\/10\/cabue\u00f1es.jpg 632w\" sizes=\"auto, (max-width: 360px) 100vw, 360px\" \/>El consejero de Sanidad, Francisco del Busto, ha informado este lunes al Consejo de Salud del Principado de que su departamento ya ha finalizado todos los trabajos previos necesarios para poner en marcha el concurso p\u00fablico para la redacci\u00f3n de la primera fase del proyecto de ampliaci\u00f3n y reforma del Hospital de Cabue\u00f1es y el plan director del complejo hospitalario gijon\u00e9s. El proyecto se remitir\u00e1 en las pr\u00f3ximas semanas al Consejo de Gobierno y posteriormente se publicar\u00e1 la convocatoria.<\/p>\n<p>El proyecto de ejecuci\u00f3n de la primera fase, seg\u00fan informa Sanidad en una nota de prensa, incluye las obras necesarias para la construcci\u00f3n de la nueva edificaci\u00f3n, es decir, las de ampliaci\u00f3n, y las reformas necesarias para establecer conexiones y circulaciones con el edificio actual. La ejecuci\u00f3n del proyecto b\u00e1sico, el plan director y la ejecuci\u00f3n de la primera fase finalizar\u00e1n a lo largo del pr\u00f3ximo a\u00f1o.<\/p>\n<p>La reforma de Cabue\u00f1es, gracias a la construcci\u00f3n de un nuevo edificio anexo a las actuales instalaciones, permitir\u00e1 reubicar las urgencias, el bloque quir\u00fargico, las consultas externas, las unidades de cuidados cr\u00edticos, las consultas externas y otros servicios con relaci\u00f3n obligatoria de proximidad como diagn\u00f3stico por imagen y gabinetes de exploraci\u00f3n. El proyecto contar\u00e1 con financiaci\u00f3n de la Uni\u00f3n Europea.<\/p>\n<p><strong>LEY DE MUERTE DIGNA<\/strong><\/p>\n<p>El titular de Sanidad tambi\u00e9n ha explicado en el Consejo de Salud la tramitaci\u00f3n del Anteproyecto de ley sobre derechos y garant\u00edas de la dignidad de las personas al final de la vida, un documento que viene a desarrollar la Ley 41\/2002, norma b\u00e1sica del Estado que regula la autonom\u00eda del paciente.<\/p>\n<p>La nueva norma se fundamenta en dos principios: la consolidaci\u00f3n del respeto a la dignidad como un valor intr\u00ednseco y base del respeto que todo ser humano merece y la seguridad jur\u00eddica para los profesionales sanitarios, de manera que puedan conocer con certeza jur\u00eddica c\u00f3mo proceder y actuar para dar pleno cumplimiento a los deseos de la persona.<\/p>\n<p>Asimismo, el consejero ha dado cuenta de la inminente tramitaci\u00f3n del decreto de Atenci\u00f3n Sociosanitaria del Principado de Asturias, un documento elaborado por los t\u00e9cnicos de Sanidad y Servicios Sociales del Principado y que prev\u00e9 mejorar la atenci\u00f3n integral que se presta a las personas con discapacidad, pacientes cr\u00f3nicos, personas mayores que residen en los centros del ERA, personas con enfermedad mental severa y que necesitan recursos residenciales, etc. Este decreto es uno de los compromisos del Gobierno de Asturias recogidos en los acuerdos de concertaci\u00f3n social firmados con los sindicatos.<\/p>\n","protected":false},"excerpt":{"rendered":"<p>El consejero de Sanidad, Francisco del Busto, ha informado este lunes al Consejo de Salud del Principado de que su departamento ya ha finalizado todos los trabajos previos necesarios para poner en marcha el concurso p\u00fablico para la redacci\u00f3n de la primera fase del proyecto de ampliaci\u00f3n y reforma del Hospital de Cabue\u00f1es y el [&hellip;]<\/p>\n","protected":false},"author":1,"featured_media":438770,"comment_status":"closed","ping_status":"closed","sticky":false,"template":"","format":"standard","meta":{"footnotes":""},"categories":[28],"tags":[],"class_list":["post-908592","post","type-post","status-publish","format-standard","has-post-thumbnail","hentry","category-sociedad"],"aioseo_notices":[],"aioseo_head":"\n\t\t<!-- All in One SEO Pro 4.9.6.2 - aioseo.com -->\n\t<meta name=\"description\" content=\"El consejero de Sanidad, Francisco del Busto, ha informado este lunes al Consejo de Salud del Principado de que su departamento ya ha finalizado todos los trabajos previos necesarios para poner en marcha el concurso p\u00fablico para la redacci\u00f3n de la primera fase del proyecto de ampliaci\u00f3n y reforma del Hospital de Cabue\u00f1es y el\" \/>\n\t<meta name=\"robots\" content=\"max-image-preview:large\" \/>\n\t<meta name=\"author\" content=\"El Digital de Asturias\"\/>\n\t<meta name=\"google-site-verification\" content=\"UA-38556648-1\" \/>\n\t<meta name=\"msvalidate.01\" content=\"7dfe9f3f1b24437ab69f4f2559babe99\" \/>\n\t<meta name=\"keywords\" content=\"sociedad\" \/>\n\t<link rel=\"canonical\" href=\"https:\/\/www.eldigitaldeasturias.com\/noticias\/la-ampliacion-y-reforma-del-hospital-de-cabuenes-saldra-a-concurso\/\" \/>\n\t<meta name=\"generator\" content=\"All in One SEO Pro (AIOSEO) 4.9.6.2\" \/>\n\t\t<meta property=\"og:locale\" content=\"es_ES\" \/>\n\t\t<meta property=\"og:site_name\" content=\"El Digital de Asturias\" \/>\n\t\t<meta property=\"og:type\" content=\"article\" \/>\n\t\t<meta property=\"og:title\" content=\"La ampliaci\u00f3n y reforma del Hospital de Cabue\u00f1es saldr\u00e1 a concurso - El Digital de Asturias\" \/>\n\t\t<meta property=\"og:description\" content=\"El consejero de Sanidad, Francisco del Busto, ha informado este lunes al Consejo de Salud del Principado de que su departamento ya ha finalizado todos los trabajos previos necesarios para poner en marcha el concurso p\u00fablico para la redacci\u00f3n de la primera fase del proyecto de ampliaci\u00f3n y reforma del Hospital de Cabue\u00f1es y el\" \/>\n\t\t<meta property=\"og:url\" content=\"https:\/\/www.eldigitaldeasturias.com\/noticias\/la-ampliacion-y-reforma-del-hospital-de-cabuenes-saldra-a-concurso\/\" \/>\n\t\t<meta property=\"og:image\" content=\"https:\/\/www.eldigitaldeasturias.com\/noticias\/wp-content\/uploads\/2013\/10\/cabue\u00f1es.jpg\" \/>\n\t\t<meta property=\"og:image:secure_url\" content=\"https:\/\/www.eldigitaldeasturias.com\/noticias\/wp-content\/uploads\/2013\/10\/cabue\u00f1es.jpg\" \/>\n\t\t<meta property=\"og:image:width\" content=\"632\" \/>\n\t\t<meta property=\"og:image:height\" content=\"474\" \/>\n\t\t<meta property=\"article:tag\" content=\"sociedad\" \/>\n\t\t<meta property=\"article:published_time\" content=\"2016-09-20T15:15:07+00:00\" \/>\n\t\t<meta property=\"article:modified_time\" content=\"2016-09-20T15:15:07+00:00\" \/>\n\t\t<meta property=\"article:publisher\" content=\"https:\/\/facebook.com\/eldigitaldeasturias\" \/>\n\t\t<meta name=\"twitter:card\" content=\"summary_large_image\" \/>\n\t\t<meta name=\"twitter:title\" content=\"La ampliaci\u00f3n y reforma del Hospital de Cabue\u00f1es saldr\u00e1 a concurso - El Digital de Asturias\" \/>\n\t\t<meta name=\"twitter:description\" content=\"El consejero de Sanidad, Francisco del Busto, ha informado este lunes al Consejo de Salud del Principado de que su departamento ya ha finalizado todos los trabajos previos necesarios para poner en marcha el concurso p\u00fablico para la redacci\u00f3n de la primera fase del proyecto de ampliaci\u00f3n y reforma del Hospital de Cabue\u00f1es y el\" \/>\n\t\t<meta name=\"twitter:image\" content=\"https:\/\/www.eldigitaldeasturias.com\/noticias\/wp-content\/uploads\/2013\/10\/cabue\u00f1es.jpg\" \/>\n\t\t<meta name=\"twitter:label1\" content=\"Escrito por\" \/>\n\t\t<meta name=\"twitter:data1\" content=\"El Digital de Asturias\" \/>\n\t\t<meta name=\"twitter:label2\" content=\"Tiempo de lectura estimado\" \/>\n\t\t<meta name=\"twitter:data2\" content=\"2 minutos\" \/>\n\t\t<script type=\"application\/ld+json\" class=\"aioseo-schema\">\n\t\t\t{\"@context\":\"https:\\\/\\\/schema.org\",\"@graph\":[{\"@type\":\"BlogPosting\",\"@id\":\"https:\\\/\\\/www.eldigitaldeasturias.com\\\/noticias\\\/la-ampliacion-y-reforma-del-hospital-de-cabuenes-saldra-a-concurso\\\/#blogposting\",\"name\":\"La ampliaci\\u00f3n y reforma del Hospital de Cabue\\u00f1es saldr\\u00e1 a concurso - El Digital de Asturias\",\"headline\":\"La ampliaci\\u00f3n y reforma del Hospital de Cabue\\u00f1es saldr\\u00e1 a concurso\",\"author\":{\"@id\":\"https:\\\/\\\/www.eldigitaldeasturias.com\\\/noticias\\\/author\\\/admin\\\/#author\"},\"publisher\":{\"@id\":\"https:\\\/\\\/www.eldigitaldeasturias.com\\\/noticias\\\/#organization\"},\"image\":{\"@type\":\"ImageObject\",\"url\":\"https:\\\/\\\/www.eldigitaldeasturias.com\\\/noticias\\\/wp-content\\\/uploads\\\/2013\\\/10\\\/cabue\\u00f1es.jpg\",\"width\":632,\"height\":474,\"caption\":\"Cabue\\u00f1es\"},\"datePublished\":\"2016-09-20T16:15:07+02:00\",\"dateModified\":\"2016-09-20T16:15:07+02:00\",\"inLanguage\":\"es-ES\",\"mainEntityOfPage\":{\"@id\":\"https:\\\/\\\/www.eldigitaldeasturias.com\\\/noticias\\\/la-ampliacion-y-reforma-del-hospital-de-cabuenes-saldra-a-concurso\\\/#webpage\"},\"isPartOf\":{\"@id\":\"https:\\\/\\\/www.eldigitaldeasturias.com\\\/noticias\\\/la-ampliacion-y-reforma-del-hospital-de-cabuenes-saldra-a-concurso\\\/#webpage\"},\"articleSection\":\"Sociedad\"},{\"@type\":\"BreadcrumbList\",\"@id\":\"https:\\\/\\\/www.eldigitaldeasturias.com\\\/noticias\\\/la-ampliacion-y-reforma-del-hospital-de-cabuenes-saldra-a-concurso\\\/#breadcrumblist\",\"itemListElement\":[{\"@type\":\"ListItem\",\"@id\":\"https:\\\/\\\/www.eldigitaldeasturias.com\\\/noticias#listItem\",\"position\":1,\"name\":\"Home\",\"item\":\"https:\\\/\\\/www.eldigitaldeasturias.com\\\/noticias\",\"nextItem\":{\"@type\":\"ListItem\",\"@id\":\"https:\\\/\\\/www.eldigitaldeasturias.com\\\/noticias\\\/category\\\/sociedad\\\/#listItem\",\"name\":\"Sociedad\"}},{\"@type\":\"ListItem\",\"@id\":\"https:\\\/\\\/www.eldigitaldeasturias.com\\\/noticias\\\/category\\\/sociedad\\\/#listItem\",\"position\":2,\"name\":\"Sociedad\",\"item\":\"https:\\\/\\\/www.eldigitaldeasturias.com\\\/noticias\\\/category\\\/sociedad\\\/\",\"nextItem\":{\"@type\":\"ListItem\",\"@id\":\"https:\\\/\\\/www.eldigitaldeasturias.com\\\/noticias\\\/la-ampliacion-y-reforma-del-hospital-de-cabuenes-saldra-a-concurso\\\/#listItem\",\"name\":\"La ampliaci\\u00f3n y reforma del Hospital de Cabue\\u00f1es saldr\\u00e1 a concurso\"},\"previousItem\":{\"@type\":\"ListItem\",\"@id\":\"https:\\\/\\\/www.eldigitaldeasturias.com\\\/noticias#listItem\",\"name\":\"Home\"}},{\"@type\":\"ListItem\",\"@id\":\"https:\\\/\\\/www.eldigitaldeasturias.com\\\/noticias\\\/la-ampliacion-y-reforma-del-hospital-de-cabuenes-saldra-a-concurso\\\/#listItem\",\"position\":3,\"name\":\"La ampliaci\\u00f3n y reforma del Hospital de Cabue\\u00f1es saldr\\u00e1 a concurso\",\"previousItem\":{\"@type\":\"ListItem\",\"@id\":\"https:\\\/\\\/www.eldigitaldeasturias.com\\\/noticias\\\/category\\\/sociedad\\\/#listItem\",\"name\":\"Sociedad\"}}]},{\"@type\":\"Organization\",\"@id\":\"https:\\\/\\\/www.eldigitaldeasturias.com\\\/noticias\\\/#organization\",\"name\":\"El Digital de Asturias\",\"description\":\"Hemeroteca\",\"url\":\"https:\\\/\\\/www.eldigitaldeasturias.com\\\/noticias\\\/\",\"email\":\"info@eldigitaldeasturias.com\",\"telephone\":\"+34652131393\",\"logo\":{\"@type\":\"ImageObject\",\"url\":\"https:\\\/\\\/www.eldigitaldeasturias.com\\\/noticias\\\/wp-content\\\/uploads\\\/2020\\\/12\\\/EDA.jpg\",\"@id\":\"https:\\\/\\\/www.eldigitaldeasturias.com\\\/noticias\\\/la-ampliacion-y-reforma-del-hospital-de-cabuenes-saldra-a-concurso\\\/#organizationLogo\",\"width\":649,\"height\":297},\"image\":{\"@id\":\"https:\\\/\\\/www.eldigitaldeasturias.com\\\/noticias\\\/la-ampliacion-y-reforma-del-hospital-de-cabuenes-saldra-a-concurso\\\/#organizationLogo\"},\"sameAs\":[\"https:\\\/\\\/facebook.com\\\/eldigitaldeasturias\",\"https:\\\/\\\/www.youtube.com\\\/channel\\\/UCZP-2wLEB9Rv6erhFmqVnvg\"],\"address\":{\"@id\":\"https:\\\/\\\/www.eldigitaldeasturias.com\\\/noticias\\\/#postaladdress\",\"@type\":\"PostalAddress\",\"streetAddress\":\"san antonio 4,\",\"postalCode\":\"33430\",\"addressLocality\":\"Cand\\u00e1s\",\"addressRegion\":\"Asturias\",\"addressCountry\":\"ES\"}},{\"@type\":\"Person\",\"@id\":\"https:\\\/\\\/www.eldigitaldeasturias.com\\\/noticias\\\/author\\\/admin\\\/#author\",\"url\":\"https:\\\/\\\/www.eldigitaldeasturias.com\\\/noticias\\\/author\\\/admin\\\/\",\"name\":\"El Digital de Asturias\",\"image\":{\"@type\":\"ImageObject\",\"@id\":\"https:\\\/\\\/www.eldigitaldeasturias.com\\\/noticias\\\/la-ampliacion-y-reforma-del-hospital-de-cabuenes-saldra-a-concurso\\\/#authorImage\",\"url\":\"https:\\\/\\\/www.eldigitaldeasturias.com\\\/noticias\\\/wp-content\\\/litespeed\\\/avatar\\\/18677e78aa0546b92d9dbf31ec7d7668.jpg?ver=1777290358\",\"width\":96,\"height\":96,\"caption\":\"El Digital de Asturias\"}},{\"@type\":\"WebPage\",\"@id\":\"https:\\\/\\\/www.eldigitaldeasturias.com\\\/noticias\\\/la-ampliacion-y-reforma-del-hospital-de-cabuenes-saldra-a-concurso\\\/#webpage\",\"url\":\"https:\\\/\\\/www.eldigitaldeasturias.com\\\/noticias\\\/la-ampliacion-y-reforma-del-hospital-de-cabuenes-saldra-a-concurso\\\/\",\"name\":\"La ampliaci\\u00f3n y reforma del Hospital de Cabue\\u00f1es saldr\\u00e1 a concurso - El Digital de Asturias\",\"description\":\"El consejero de Sanidad, Francisco del Busto, ha informado este lunes al Consejo de Salud del Principado de que su departamento ya ha finalizado todos los trabajos previos necesarios para poner en marcha el concurso p\\u00fablico para la redacci\\u00f3n de la primera fase del proyecto de ampliaci\\u00f3n y reforma del Hospital de Cabue\\u00f1es y el\",\"inLanguage\":\"es-ES\",\"isPartOf\":{\"@id\":\"https:\\\/\\\/www.eldigitaldeasturias.com\\\/noticias\\\/#website\"},\"breadcrumb\":{\"@id\":\"https:\\\/\\\/www.eldigitaldeasturias.com\\\/noticias\\\/la-ampliacion-y-reforma-del-hospital-de-cabuenes-saldra-a-concurso\\\/#breadcrumblist\"},\"author\":{\"@id\":\"https:\\\/\\\/www.eldigitaldeasturias.com\\\/noticias\\\/author\\\/admin\\\/#author\"},\"creator\":{\"@id\":\"https:\\\/\\\/www.eldigitaldeasturias.com\\\/noticias\\\/author\\\/admin\\\/#author\"},\"image\":{\"@type\":\"ImageObject\",\"url\":\"https:\\\/\\\/www.eldigitaldeasturias.com\\\/noticias\\\/wp-content\\\/uploads\\\/2013\\\/10\\\/cabue\\u00f1es.jpg\",\"@id\":\"https:\\\/\\\/www.eldigitaldeasturias.com\\\/noticias\\\/la-ampliacion-y-reforma-del-hospital-de-cabuenes-saldra-a-concurso\\\/#mainImage\",\"width\":632,\"height\":474,\"caption\":\"Cabue\\u00f1es\"},\"primaryImageOfPage\":{\"@id\":\"https:\\\/\\\/www.eldigitaldeasturias.com\\\/noticias\\\/la-ampliacion-y-reforma-del-hospital-de-cabuenes-saldra-a-concurso\\\/#mainImage\"},\"datePublished\":\"2016-09-20T16:15:07+02:00\",\"dateModified\":\"2016-09-20T16:15:07+02:00\"},{\"@type\":\"WebSite\",\"@id\":\"https:\\\/\\\/www.eldigitaldeasturias.com\\\/noticias\\\/#website\",\"url\":\"https:\\\/\\\/www.eldigitaldeasturias.com\\\/noticias\\\/\",\"name\":\"El Digital de Asturias - Diario de actualidad y noticias\",\"alternateName\":\"El Digital de Asturias - Diario de actualidad y noticias\",\"description\":\"Hemeroteca\",\"inLanguage\":\"es-ES\",\"publisher\":{\"@id\":\"https:\\\/\\\/www.eldigitaldeasturias.com\\\/noticias\\\/#organization\"}}]}\n\t\t<\/script>\n\t\t<!-- All in One SEO Pro -->\r\n\t\t<title>La ampliaci\u00f3n y reforma del Hospital de Cabue\u00f1es saldr\u00e1 a concurso - El Digital de Asturias<\/title>\n\n","aioseo_head_json":{"title":"La ampliaci\u00f3n y reforma del Hospital de Cabue\u00f1es saldr\u00e1 a concurso - El Digital de Asturias","description":"El consejero de Sanidad, Francisco del Busto, ha informado este lunes al Consejo de Salud del Principado de que su departamento ya ha finalizado todos los trabajos previos necesarios para poner en marcha el concurso p\u00fablico para la redacci\u00f3n de la primera fase del proyecto de ampliaci\u00f3n y reforma del Hospital de Cabue\u00f1es y el","canonical_url":"https:\/\/www.eldigitaldeasturias.com\/noticias\/la-ampliacion-y-reforma-del-hospital-de-cabuenes-saldra-a-concurso\/","robots":"max-image-preview:large","keywords":"sociedad","webmasterTools":{"google-site-verification":"UA-38556648-1","msvalidate.01":"7dfe9f3f1b24437ab69f4f2559babe99","miscellaneous":""},"schema":{"@context":"https:\/\/schema.org","@graph":[{"@type":"BlogPosting","@id":"https:\/\/www.eldigitaldeasturias.com\/noticias\/la-ampliacion-y-reforma-del-hospital-de-cabuenes-saldra-a-concurso\/#blogposting","name":"La ampliaci\u00f3n y reforma del Hospital de Cabue\u00f1es saldr\u00e1 a concurso - El Digital de Asturias","headline":"La ampliaci\u00f3n y reforma del Hospital de Cabue\u00f1es saldr\u00e1 a concurso","author":{"@id":"https:\/\/www.eldigitaldeasturias.com\/noticias\/author\/admin\/#author"},"publisher":{"@id":"https:\/\/www.eldigitaldeasturias.com\/noticias\/#organization"},"image":{"@type":"ImageObject","url":"https:\/\/www.eldigitaldeasturias.com\/noticias\/wp-content\/uploads\/2013\/10\/cabue\u00f1es.jpg","width":632,"height":474,"caption":"Cabue\u00f1es"},"datePublished":"2016-09-20T16:15:07+02:00","dateModified":"2016-09-20T16:15:07+02:00","inLanguage":"es-ES","mainEntityOfPage":{"@id":"https:\/\/www.eldigitaldeasturias.com\/noticias\/la-ampliacion-y-reforma-del-hospital-de-cabuenes-saldra-a-concurso\/#webpage"},"isPartOf":{"@id":"https:\/\/www.eldigitaldeasturias.com\/noticias\/la-ampliacion-y-reforma-del-hospital-de-cabuenes-saldra-a-concurso\/#webpage"},"articleSection":"Sociedad"},{"@type":"BreadcrumbList","@id":"https:\/\/www.eldigitaldeasturias.com\/noticias\/la-ampliacion-y-reforma-del-hospital-de-cabuenes-saldra-a-concurso\/#breadcrumblist","itemListElement":[{"@type":"ListItem","@id":"https:\/\/www.eldigitaldeasturias.com\/noticias#listItem","position":1,"name":"Home","item":"https:\/\/www.eldigitaldeasturias.com\/noticias","nextItem":{"@type":"ListItem","@id":"https:\/\/www.eldigitaldeasturias.com\/noticias\/category\/sociedad\/#listItem","name":"Sociedad"}},{"@type":"ListItem","@id":"https:\/\/www.eldigitaldeasturias.com\/noticias\/category\/sociedad\/#listItem","position":2,"name":"Sociedad","item":"https:\/\/www.eldigitaldeasturias.com\/noticias\/category\/sociedad\/","nextItem":{"@type":"ListItem","@id":"https:\/\/www.eldigitaldeasturias.com\/noticias\/la-ampliacion-y-reforma-del-hospital-de-cabuenes-saldra-a-concurso\/#listItem","name":"La ampliaci\u00f3n y reforma del Hospital de Cabue\u00f1es saldr\u00e1 a concurso"},"previousItem":{"@type":"ListItem","@id":"https:\/\/www.eldigitaldeasturias.com\/noticias#listItem","name":"Home"}},{"@type":"ListItem","@id":"https:\/\/www.eldigitaldeasturias.com\/noticias\/la-ampliacion-y-reforma-del-hospital-de-cabuenes-saldra-a-concurso\/#listItem","position":3,"name":"La ampliaci\u00f3n y reforma del Hospital de Cabue\u00f1es saldr\u00e1 a concurso","previousItem":{"@type":"ListItem","@id":"https:\/\/www.eldigitaldeasturias.com\/noticias\/category\/sociedad\/#listItem","name":"Sociedad"}}]},{"@type":"Organization","@id":"https:\/\/www.eldigitaldeasturias.com\/noticias\/#organization","name":"El Digital de Asturias","description":"Hemeroteca","url":"https:\/\/www.eldigitaldeasturias.com\/noticias\/","email":"info@eldigitaldeasturias.com","telephone":"+34652131393","logo":{"@type":"ImageObject","url":"https:\/\/www.eldigitaldeasturias.com\/noticias\/wp-content\/uploads\/2020\/12\/EDA.jpg","@id":"https:\/\/www.eldigitaldeasturias.com\/noticias\/la-ampliacion-y-reforma-del-hospital-de-cabuenes-saldra-a-concurso\/#organizationLogo","width":649,"height":297},"image":{"@id":"https:\/\/www.eldigitaldeasturias.com\/noticias\/la-ampliacion-y-reforma-del-hospital-de-cabuenes-saldra-a-concurso\/#organizationLogo"},"sameAs":["https:\/\/facebook.com\/eldigitaldeasturias","https:\/\/www.youtube.com\/channel\/UCZP-2wLEB9Rv6erhFmqVnvg"],"address":{"@id":"https:\/\/www.eldigitaldeasturias.com\/noticias\/#postaladdress","@type":"PostalAddress","streetAddress":"san antonio 4,","postalCode":"33430","addressLocality":"Cand\u00e1s","addressRegion":"Asturias","addressCountry":"ES"}},{"@type":"Person","@id":"https:\/\/www.eldigitaldeasturias.com\/noticias\/author\/admin\/#author","url":"https:\/\/www.eldigitaldeasturias.com\/noticias\/author\/admin\/","name":"El Digital de Asturias","image":{"@type":"ImageObject","@id":"https:\/\/www.eldigitaldeasturias.com\/noticias\/la-ampliacion-y-reforma-del-hospital-de-cabuenes-saldra-a-concurso\/#authorImage","url":"https:\/\/www.eldigitaldeasturias.com\/noticias\/wp-content\/litespeed\/avatar\/18677e78aa0546b92d9dbf31ec7d7668.jpg?ver=1777290358","width":96,"height":96,"caption":"El Digital de Asturias"}},{"@type":"WebPage","@id":"https:\/\/www.eldigitaldeasturias.com\/noticias\/la-ampliacion-y-reforma-del-hospital-de-cabuenes-saldra-a-concurso\/#webpage","url":"https:\/\/www.eldigitaldeasturias.com\/noticias\/la-ampliacion-y-reforma-del-hospital-de-cabuenes-saldra-a-concurso\/","name":"La ampliaci\u00f3n y reforma del Hospital de Cabue\u00f1es saldr\u00e1 a concurso - El Digital de Asturias","description":"El consejero de Sanidad, Francisco del Busto, ha informado este lunes al Consejo de Salud del Principado de que su departamento ya ha finalizado todos los trabajos previos necesarios para poner en marcha el concurso p\u00fablico para la redacci\u00f3n de la primera fase del proyecto de ampliaci\u00f3n y reforma del Hospital de Cabue\u00f1es y el","inLanguage":"es-ES","isPartOf":{"@id":"https:\/\/www.eldigitaldeasturias.com\/noticias\/#website"},"breadcrumb":{"@id":"https:\/\/www.eldigitaldeasturias.com\/noticias\/la-ampliacion-y-reforma-del-hospital-de-cabuenes-saldra-a-concurso\/#breadcrumblist"},"author":{"@id":"https:\/\/www.eldigitaldeasturias.com\/noticias\/author\/admin\/#author"},"creator":{"@id":"https:\/\/www.eldigitaldeasturias.com\/noticias\/author\/admin\/#author"},"image":{"@type":"ImageObject","url":"https:\/\/www.eldigitaldeasturias.com\/noticias\/wp-content\/uploads\/2013\/10\/cabue\u00f1es.jpg","@id":"https:\/\/www.eldigitaldeasturias.com\/noticias\/la-ampliacion-y-reforma-del-hospital-de-cabuenes-saldra-a-concurso\/#mainImage","width":632,"height":474,"caption":"Cabue\u00f1es"},"primaryImageOfPage":{"@id":"https:\/\/www.eldigitaldeasturias.com\/noticias\/la-ampliacion-y-reforma-del-hospital-de-cabuenes-saldra-a-concurso\/#mainImage"},"datePublished":"2016-09-20T16:15:07+02:00","dateModified":"2016-09-20T16:15:07+02:00"},{"@type":"WebSite","@id":"https:\/\/www.eldigitaldeasturias.com\/noticias\/#website","url":"https:\/\/www.eldigitaldeasturias.com\/noticias\/","name":"El Digital de Asturias - Diario de actualidad y noticias","alternateName":"El Digital de Asturias - Diario de actualidad y noticias","description":"Hemeroteca","inLanguage":"es-ES","publisher":{"@id":"https:\/\/www.eldigitaldeasturias.com\/noticias\/#organization"}}]},"og:locale":"es_ES","og:site_name":"El Digital de Asturias","og:type":"article","og:title":"La ampliaci\u00f3n y reforma del Hospital de Cabue\u00f1es saldr\u00e1 a concurso - El Digital de Asturias","og:description":"El consejero de Sanidad, Francisco del Busto, ha informado este lunes al Consejo de Salud del Principado de que su departamento ya ha finalizado todos los trabajos previos necesarios para poner en marcha el concurso p\u00fablico para la redacci\u00f3n de la primera fase del proyecto de ampliaci\u00f3n y reforma del Hospital de Cabue\u00f1es y el","og:url":"https:\/\/www.eldigitaldeasturias.com\/noticias\/la-ampliacion-y-reforma-del-hospital-de-cabuenes-saldra-a-concurso\/","og:image":"https:\/\/www.eldigitaldeasturias.com\/noticias\/wp-content\/uploads\/2013\/10\/cabue\u00f1es.jpg","og:image:secure_url":"https:\/\/www.eldigitaldeasturias.com\/noticias\/wp-content\/uploads\/2013\/10\/cabue\u00f1es.jpg","og:image:width":632,"og:image:height":474,"article:tag":["sociedad"],"article:published_time":"2016-09-20T15:15:07+00:00","article:modified_time":"2016-09-20T15:15:07+00:00","article:publisher":"https:\/\/facebook.com\/eldigitaldeasturias","twitter:card":"summary_large_image","twitter:title":"La ampliaci\u00f3n y reforma del Hospital de Cabue\u00f1es saldr\u00e1 a concurso - El Digital de Asturias","twitter:description":"El consejero de Sanidad, Francisco del Busto, ha informado este lunes al Consejo de Salud del Principado de que su departamento ya ha finalizado todos los trabajos previos necesarios para poner en marcha el concurso p\u00fablico para la redacci\u00f3n de la primera fase del proyecto de ampliaci\u00f3n y reforma del Hospital de Cabue\u00f1es y el","twitter:image":"https:\/\/www.eldigitaldeasturias.com\/noticias\/wp-content\/uploads\/2013\/10\/cabue\u00f1es.jpg","twitter:label1":"Escrito por","twitter:data1":"El Digital de Asturias","twitter:label2":"Tiempo de lectura estimado","twitter:data2":"2 minutos"},"aioseo_meta_data":{"post_id":"908592","title":null,"description":null,"keywords":null,"keyphrases":null,"primary_term":null,"canonical_url":null,"og_title":null,"og_description":null,"og_object_type":"default","og_image_type":"default","og_image_url":null,"og_image_width":null,"og_image_height":null,"og_image_custom_url":null,"og_image_custom_fields":null,"og_video":null,"og_custom_url":null,"og_article_section":null,"og_article_tags":null,"twitter_use_og":false,"twitter_card":"default","twitter_image_type":"default","twitter_image_url":null,"twitter_image_custom_url":null,"twitter_image_custom_fields":null,"twitter_title":null,"twitter_description":null,"schema":{"blockGraphs":[],"customGraphs":[],"default":{"data":{"Article":[],"Course":[],"Dataset":[],"FAQPage":[],"Movie":[],"Person":[],"Product":[],"ProductReview":[],"Car":[],"Recipe":[],"Service":[],"SoftwareApplication":[],"WebPage":[]},"graphName":"","isEnabled":true},"graphs":[],"defaultGraph":"","defaultPostTypeGraph":""},"schema_type":null,"schema_type_options":null,"pillar_content":false,"robots_default":true,"robots_noindex":false,"robots_noarchive":false,"robots_nosnippet":false,"robots_nofollow":false,"robots_noimageindex":false,"robots_noodp":false,"robots_notranslate":false,"robots_max_snippet":null,"robots_max_videopreview":null,"robots_max_imagepreview":"large","priority":null,"frequency":null,"local_seo":null,"seo_analyzer_scan_date":"2025-11-30 16:43:35","breadcrumb_settings":null,"limit_modified_date":false,"open_ai":null,"ai":null,"created":"2020-12-21 14:00:05","updated":"2025-11-30 16:43:35"},"aioseo_breadcrumb":"<div class=\"aioseo-breadcrumbs\"><span class=\"aioseo-breadcrumb\">\n\t<a href=\"https:\/\/www.eldigitaldeasturias.com\/noticias\" title=\"Home\">Home<\/a>\n<\/span><span class=\"aioseo-breadcrumb-separator\">\u2013<\/span><span class=\"aioseo-breadcrumb\">\n\t<a href=\"https:\/\/www.eldigitaldeasturias.com\/noticias\/category\/sociedad\/\" title=\"Sociedad\">Sociedad<\/a>\n<\/span><span class=\"aioseo-breadcrumb-separator\">\u2013<\/span><span class=\"aioseo-breadcrumb\">\n\t<a href=\"https:\/\/www.eldigitaldeasturias.com\/noticias\/la-ampliacion-y-reforma-del-hospital-de-cabuenes-saldra-a-concurso\/\" title=\"La ampliaci\u00f3n y reforma del Hospital de Cabue\u00f1es saldr\u00e1 a concurso\">La ampliaci\u00f3n y reforma del Hospital de Cabue\u00f1es saldr\u00e1 a concurso<\/a>\n<\/span><\/div>","aioseo_breadcrumb_json":[{"label":"Home","link":"https:\/\/www.eldigitaldeasturias.com\/noticias"},{"label":"Sociedad","link":"https:\/\/www.eldigitaldeasturias.com\/noticias\/category\/sociedad\/"},{"label":"La ampliaci\u00f3n y reforma del Hospital de Cabue\u00f1es saldr\u00e1 a concurso","link":"https:\/\/www.eldigitaldeasturias.com\/noticias\/la-ampliacion-y-reforma-del-hospital-de-cabuenes-saldra-a-concurso\/"}],"_links":{"self":[{"href":"https:\/\/www.eldigitaldeasturias.com\/noticias\/wp-json\/wp\/v2\/posts\/908592","targetHints":{"allow":["GET"]}}],"collection":[{"href":"https:\/\/www.eldigitaldeasturias.com\/noticias\/wp-json\/wp\/v2\/posts"}],"about":[{"href":"https:\/\/www.eldigitaldeasturias.com\/noticias\/wp-json\/wp\/v2\/types\/post"}],"author":[{"embeddable":true,"href":"https:\/\/www.eldigitaldeasturias.com\/noticias\/wp-json\/wp\/v2\/users\/1"}],"replies":[{"embeddable":true,"href":"https:\/\/www.eldigitaldeasturias.com\/noticias\/wp-json\/wp\/v2\/comments?post=908592"}],"version-history":[{"count":0,"href":"https:\/\/www.eldigitaldeasturias.com\/noticias\/wp-json\/wp\/v2\/posts\/908592\/revisions"}],"wp:featuredmedia":[{"embeddable":true,"href":"https:\/\/www.eldigitaldeasturias.com\/noticias\/wp-json\/wp\/v2\/media\/438770"}],"wp:attachment":[{"href":"https:\/\/www.eldigitaldeasturias.com\/noticias\/wp-json\/wp\/v2\/media?parent=908592"}],"wp:term":[{"taxonomy":"category","embeddable":true,"href":"https:\/\/www.eldigitaldeasturias.com\/noticias\/wp-json\/wp\/v2\/categories?post=908592"},{"taxonomy":"post_tag","embeddable":true,"href":"https:\/\/www.eldigitaldeasturias.com\/noticias\/wp-json\/wp\/v2\/tags?post=908592"}],"curies":[{"name":"wp","href":"https:\/\/api.w.org\/{rel}","templated":true}]}}