{"id":908584,"date":"2016-09-20T16:06:51","date_gmt":"2016-09-20T15:06:51","guid":{"rendered":"http:\/\/www.eldigitaldeasturias.com\/noticias\/?p=908584"},"modified":"2016-09-20T16:06:51","modified_gmt":"2016-09-20T15:06:51","slug":"el-dragado-de-la-ria-de-navia-es-considerado-ambientalmente-viable","status":"publish","type":"post","link":"https:\/\/www.eldigitaldeasturias.com\/noticias\/el-dragado-de-la-ria-de-navia-es-considerado-ambientalmente-viable\/","title":{"rendered":"El dragado de la R\u00eda de Navia es considerado \u00abambientalmente viable\u00bb"},"content":{"rendered":"<p><img loading=\"lazy\" decoding=\"async\" class=\"alignleft size-medium wp-image-908585\" src=\"https:\/\/www.eldigitaldeasturias.com\/noticias\/wp-content\/uploads\/2016\/09\/fotonoticia_20160919150417_800-285x320.jpg\" alt=\"fotonoticia_20160919150417_800\" width=\"285\" height=\"320\" srcset=\"https:\/\/www.eldigitaldeasturias.com\/noticias\/wp-content\/uploads\/2016\/09\/fotonoticia_20160919150417_800-285x320.jpg 285w, https:\/\/www.eldigitaldeasturias.com\/noticias\/wp-content\/uploads\/2016\/09\/fotonoticia_20160919150417_800-768x863.jpg 768w, https:\/\/www.eldigitaldeasturias.com\/noticias\/wp-content\/uploads\/2016\/09\/fotonoticia_20160919150417_800-578x650.jpg 578w, https:\/\/www.eldigitaldeasturias.com\/noticias\/wp-content\/uploads\/2016\/09\/fotonoticia_20160919150417_800.jpg 800w\" sizes=\"auto, (max-width: 285px) 100vw, 285px\" \/>El proyecto de Dragado de Mantenimiento de Calados en el canal de la r\u00eda de Navia (a\u00f1os 2016-2020) ha sido considerado ambientalmente viable, seg\u00fan consta en el Bolet\u00edn Oficial del Principado de Asturias (BOPA) consultado por Europa Press.<\/p>\n<p>El proyecto de dragado va encaminado a la obtenci\u00f3n de unos calados m\u00ednimos que permitan la entrada de embarcaciones por la bocana de la r\u00eda y la navegaci\u00f3n en toda circunstancia. Adem\u00e1s de las necesidades normales derivadas de la navegaci\u00f3n, el proyecto obliga a tener en cuenta que en la margen derecha del estuario, aguas abajo de la d\u00e1rsena, se sit\u00faan los astilleros ARM\u00d3N, actividad industrial que \u00abevidentemente precisa disponer de unos calados m\u00ednimos en las v\u00edas navegables\u00bb.<\/p>\n<p>Los calados en el canal y especialmente en la bocana de la r\u00eda limitan los movimientos de embarcaciones cuando el nivel del mar est\u00e1 bajo, y en algunos casos incluso con niveles medios de mareas algo que, seg\u00fan explican, se debe con car\u00e1cter general a los arrastres y aportaciones de arenas y otros materiales procedentes de las corrientes de marea, circunstancias agravadas por situarse en la desembocadura y margen de la r\u00eda, que a su vez contribuye con nuevas aportaciones de su cuenca vertiente.<\/p>\n<p>\u00abComo consecuencia resulta necesario proceder regularmente al dragado para el mantenimiento de calados en el canal, que asegure su normal funcionamiento\u00bb, resume el texto, aprobado en septiembre de 2015.<\/p>\n<p>Asimismo, el licitador que ejecute las obras estar\u00e1 obligado a comunicar a la Direcci\u00f3n General de Patrimonio Cultural cualquier hallazgo de inter\u00e9s cultural que se lleve a cabo en el \u00e1rea de actuaci\u00f3n.<\/p>\n<p>La cuenca hidrogr\u00e1fica del r\u00edo Navia con toda su red de afluentes es la base de aporte de sedimentos que ha llevado hist\u00f3ricamente a la colmataci\u00f3n del estuario. Estos sedimentos est\u00e1n constituidos en su mayor parte por cantos, gravas gravillas bien redondeadas y arenas de granulometr\u00edas variadas, siendo m\u00e1s finas hacia la bocana del estuario.<\/p>\n<p>A los dep\u00f3sitos anteriores deben unirse los derivados del movimiento de arenas y otros materiales; acciones potenciadas por el transporte efectuado por las fuertes corrientes de marea provocadas por el estrangulamiento del canal, que elevan su velocidad y capacidad de arrastre.<\/p>\n<p>Los movimientos de arenas, que tienen su mayor incidencia en la bocana, se extienden no obstante todo a lo largo de la r\u00eda, modificando habitualmente los taros en toda su extensi\u00f3n, situaci\u00f3n que dificulta enormemente la navegaci\u00f3n.<\/p>\n<p>La elecci\u00f3n del equipo de dragado estar\u00e1 condicionada por las caracter\u00edsticas de materiales y emplazamiento.<\/p>\n<p>&nbsp;<\/p>\n","protected":false},"excerpt":{"rendered":"<p>El proyecto de Dragado de Mantenimiento de Calados en el canal de la r\u00eda de Navia (a\u00f1os 2016-2020) ha sido considerado ambientalmente viable, seg\u00fan consta en el Bolet\u00edn Oficial del Principado de Asturias (BOPA) consultado por Europa Press. El proyecto de dragado va encaminado a la obtenci\u00f3n de unos calados m\u00ednimos que permitan la entrada [&hellip;]<\/p>\n","protected":false},"author":1,"featured_media":908585,"comment_status":"closed","ping_status":"closed","sticky":false,"template":"","format":"standard","meta":{"footnotes":""},"categories":[28],"tags":[],"class_list":["post-908584","post","type-post","status-publish","format-standard","has-post-thumbnail","hentry","category-sociedad"],"aioseo_notices":[],"aioseo_head":"\n\t\t<!-- All in One SEO Pro 4.9.6.2 - aioseo.com -->\n\t<meta name=\"description\" content=\"El proyecto de Dragado de Mantenimiento de Calados en el canal de la r\u00eda de Navia (a\u00f1os 2016-2020) ha sido considerado ambientalmente viable, seg\u00fan consta en el Bolet\u00edn Oficial del Principado de Asturias (BOPA) consultado por Europa Press. El proyecto de dragado va encaminado a la obtenci\u00f3n de unos calados m\u00ednimos que permitan la entrada\" \/>\n\t<meta name=\"robots\" content=\"max-image-preview:large\" \/>\n\t<meta name=\"author\" content=\"El Digital de Asturias\"\/>\n\t<meta name=\"google-site-verification\" content=\"UA-38556648-1\" \/>\n\t<meta name=\"msvalidate.01\" content=\"7dfe9f3f1b24437ab69f4f2559babe99\" \/>\n\t<meta name=\"keywords\" content=\"sociedad\" \/>\n\t<link rel=\"canonical\" href=\"https:\/\/www.eldigitaldeasturias.com\/noticias\/el-dragado-de-la-ria-de-navia-es-considerado-ambientalmente-viable\/\" \/>\n\t<meta name=\"generator\" content=\"All in One SEO Pro (AIOSEO) 4.9.6.2\" \/>\n\t\t<meta property=\"og:locale\" content=\"es_ES\" \/>\n\t\t<meta property=\"og:site_name\" content=\"El Digital de Asturias\" \/>\n\t\t<meta property=\"og:type\" content=\"article\" \/>\n\t\t<meta property=\"og:title\" content=\"El dragado de la R\u00eda de Navia es considerado \u00abambientalmente viable\u00bb - El Digital de Asturias\" \/>\n\t\t<meta property=\"og:description\" content=\"El proyecto de Dragado de Mantenimiento de Calados en el canal de la r\u00eda de Navia (a\u00f1os 2016-2020) ha sido considerado ambientalmente viable, seg\u00fan consta en el Bolet\u00edn Oficial del Principado de Asturias (BOPA) consultado por Europa Press. El proyecto de dragado va encaminado a la obtenci\u00f3n de unos calados m\u00ednimos que permitan la entrada\" \/>\n\t\t<meta property=\"og:url\" content=\"https:\/\/www.eldigitaldeasturias.com\/noticias\/el-dragado-de-la-ria-de-navia-es-considerado-ambientalmente-viable\/\" \/>\n\t\t<meta property=\"og:image\" content=\"https:\/\/www.eldigitaldeasturias.com\/noticias\/wp-content\/uploads\/2016\/09\/fotonoticia_20160919150417_800.jpg\" \/>\n\t\t<meta property=\"og:image:secure_url\" content=\"https:\/\/www.eldigitaldeasturias.com\/noticias\/wp-content\/uploads\/2016\/09\/fotonoticia_20160919150417_800.jpg\" \/>\n\t\t<meta property=\"og:image:width\" content=\"800\" \/>\n\t\t<meta property=\"og:image:height\" content=\"899\" \/>\n\t\t<meta property=\"article:tag\" content=\"sociedad\" \/>\n\t\t<meta property=\"article:published_time\" content=\"2016-09-20T15:06:51+00:00\" \/>\n\t\t<meta property=\"article:modified_time\" content=\"2016-09-20T15:06:51+00:00\" \/>\n\t\t<meta property=\"article:publisher\" content=\"https:\/\/facebook.com\/eldigitaldeasturias\" \/>\n\t\t<meta name=\"twitter:card\" content=\"summary_large_image\" \/>\n\t\t<meta name=\"twitter:title\" content=\"El dragado de la R\u00eda de Navia es considerado \u00abambientalmente viable\u00bb - El Digital de Asturias\" \/>\n\t\t<meta name=\"twitter:description\" content=\"El proyecto de Dragado de Mantenimiento de Calados en el canal de la r\u00eda de Navia (a\u00f1os 2016-2020) ha sido considerado ambientalmente viable, seg\u00fan consta en el Bolet\u00edn Oficial del Principado de Asturias (BOPA) consultado por Europa Press. El proyecto de dragado va encaminado a la obtenci\u00f3n de unos calados m\u00ednimos que permitan la entrada\" \/>\n\t\t<meta name=\"twitter:image\" content=\"https:\/\/www.eldigitaldeasturias.com\/noticias\/wp-content\/uploads\/2016\/09\/fotonoticia_20160919150417_800.jpg\" \/>\n\t\t<meta name=\"twitter:label1\" content=\"Escrito por\" \/>\n\t\t<meta name=\"twitter:data1\" content=\"El Digital de Asturias\" \/>\n\t\t<meta name=\"twitter:label2\" content=\"Tiempo de lectura estimado\" \/>\n\t\t<meta name=\"twitter:data2\" content=\"2 minutos\" \/>\n\t\t<script type=\"application\/ld+json\" class=\"aioseo-schema\">\n\t\t\t{\"@context\":\"https:\\\/\\\/schema.org\",\"@graph\":[{\"@type\":\"BlogPosting\",\"@id\":\"https:\\\/\\\/www.eldigitaldeasturias.com\\\/noticias\\\/el-dragado-de-la-ria-de-navia-es-considerado-ambientalmente-viable\\\/#blogposting\",\"name\":\"El dragado de la R\\u00eda de Navia es considerado \\u00abambientalmente viable\\u00bb - El Digital de Asturias\",\"headline\":\"El dragado de la R\\u00eda de Navia es considerado \\u00abambientalmente viable\\u00bb\",\"author\":{\"@id\":\"https:\\\/\\\/www.eldigitaldeasturias.com\\\/noticias\\\/author\\\/admin\\\/#author\"},\"publisher\":{\"@id\":\"https:\\\/\\\/www.eldigitaldeasturias.com\\\/noticias\\\/#organization\"},\"image\":{\"@type\":\"ImageObject\",\"url\":\"https:\\\/\\\/www.eldigitaldeasturias.com\\\/noticias\\\/wp-content\\\/uploads\\\/2016\\\/09\\\/fotonoticia_20160919150417_800.jpg\",\"width\":800,\"height\":899},\"datePublished\":\"2016-09-20T16:06:51+02:00\",\"dateModified\":\"2016-09-20T16:06:51+02:00\",\"inLanguage\":\"es-ES\",\"mainEntityOfPage\":{\"@id\":\"https:\\\/\\\/www.eldigitaldeasturias.com\\\/noticias\\\/el-dragado-de-la-ria-de-navia-es-considerado-ambientalmente-viable\\\/#webpage\"},\"isPartOf\":{\"@id\":\"https:\\\/\\\/www.eldigitaldeasturias.com\\\/noticias\\\/el-dragado-de-la-ria-de-navia-es-considerado-ambientalmente-viable\\\/#webpage\"},\"articleSection\":\"Sociedad\"},{\"@type\":\"BreadcrumbList\",\"@id\":\"https:\\\/\\\/www.eldigitaldeasturias.com\\\/noticias\\\/el-dragado-de-la-ria-de-navia-es-considerado-ambientalmente-viable\\\/#breadcrumblist\",\"itemListElement\":[{\"@type\":\"ListItem\",\"@id\":\"https:\\\/\\\/www.eldigitaldeasturias.com\\\/noticias#listItem\",\"position\":1,\"name\":\"Home\",\"item\":\"https:\\\/\\\/www.eldigitaldeasturias.com\\\/noticias\",\"nextItem\":{\"@type\":\"ListItem\",\"@id\":\"https:\\\/\\\/www.eldigitaldeasturias.com\\\/noticias\\\/category\\\/sociedad\\\/#listItem\",\"name\":\"Sociedad\"}},{\"@type\":\"ListItem\",\"@id\":\"https:\\\/\\\/www.eldigitaldeasturias.com\\\/noticias\\\/category\\\/sociedad\\\/#listItem\",\"position\":2,\"name\":\"Sociedad\",\"item\":\"https:\\\/\\\/www.eldigitaldeasturias.com\\\/noticias\\\/category\\\/sociedad\\\/\",\"nextItem\":{\"@type\":\"ListItem\",\"@id\":\"https:\\\/\\\/www.eldigitaldeasturias.com\\\/noticias\\\/el-dragado-de-la-ria-de-navia-es-considerado-ambientalmente-viable\\\/#listItem\",\"name\":\"El dragado de la R\\u00eda de Navia es considerado \\u00abambientalmente viable\\u00bb\"},\"previousItem\":{\"@type\":\"ListItem\",\"@id\":\"https:\\\/\\\/www.eldigitaldeasturias.com\\\/noticias#listItem\",\"name\":\"Home\"}},{\"@type\":\"ListItem\",\"@id\":\"https:\\\/\\\/www.eldigitaldeasturias.com\\\/noticias\\\/el-dragado-de-la-ria-de-navia-es-considerado-ambientalmente-viable\\\/#listItem\",\"position\":3,\"name\":\"El dragado de la R\\u00eda de Navia es considerado \\u00abambientalmente viable\\u00bb\",\"previousItem\":{\"@type\":\"ListItem\",\"@id\":\"https:\\\/\\\/www.eldigitaldeasturias.com\\\/noticias\\\/category\\\/sociedad\\\/#listItem\",\"name\":\"Sociedad\"}}]},{\"@type\":\"Organization\",\"@id\":\"https:\\\/\\\/www.eldigitaldeasturias.com\\\/noticias\\\/#organization\",\"name\":\"El Digital de Asturias\",\"description\":\"Hemeroteca\",\"url\":\"https:\\\/\\\/www.eldigitaldeasturias.com\\\/noticias\\\/\",\"email\":\"info@eldigitaldeasturias.com\",\"telephone\":\"+34652131393\",\"logo\":{\"@type\":\"ImageObject\",\"url\":\"https:\\\/\\\/www.eldigitaldeasturias.com\\\/noticias\\\/wp-content\\\/uploads\\\/2020\\\/12\\\/EDA.jpg\",\"@id\":\"https:\\\/\\\/www.eldigitaldeasturias.com\\\/noticias\\\/el-dragado-de-la-ria-de-navia-es-considerado-ambientalmente-viable\\\/#organizationLogo\",\"width\":649,\"height\":297},\"image\":{\"@id\":\"https:\\\/\\\/www.eldigitaldeasturias.com\\\/noticias\\\/el-dragado-de-la-ria-de-navia-es-considerado-ambientalmente-viable\\\/#organizationLogo\"},\"sameAs\":[\"https:\\\/\\\/facebook.com\\\/eldigitaldeasturias\",\"https:\\\/\\\/www.youtube.com\\\/channel\\\/UCZP-2wLEB9Rv6erhFmqVnvg\"],\"address\":{\"@id\":\"https:\\\/\\\/www.eldigitaldeasturias.com\\\/noticias\\\/#postaladdress\",\"@type\":\"PostalAddress\",\"streetAddress\":\"san antonio 4,\",\"postalCode\":\"33430\",\"addressLocality\":\"Cand\\u00e1s\",\"addressRegion\":\"Asturias\",\"addressCountry\":\"ES\"}},{\"@type\":\"Person\",\"@id\":\"https:\\\/\\\/www.eldigitaldeasturias.com\\\/noticias\\\/author\\\/admin\\\/#author\",\"url\":\"https:\\\/\\\/www.eldigitaldeasturias.com\\\/noticias\\\/author\\\/admin\\\/\",\"name\":\"El Digital de Asturias\",\"image\":{\"@type\":\"ImageObject\",\"@id\":\"https:\\\/\\\/www.eldigitaldeasturias.com\\\/noticias\\\/el-dragado-de-la-ria-de-navia-es-considerado-ambientalmente-viable\\\/#authorImage\",\"url\":\"https:\\\/\\\/www.eldigitaldeasturias.com\\\/noticias\\\/wp-content\\\/litespeed\\\/avatar\\\/18677e78aa0546b92d9dbf31ec7d7668.jpg?ver=1777290358\",\"width\":96,\"height\":96,\"caption\":\"El Digital de Asturias\"}},{\"@type\":\"WebPage\",\"@id\":\"https:\\\/\\\/www.eldigitaldeasturias.com\\\/noticias\\\/el-dragado-de-la-ria-de-navia-es-considerado-ambientalmente-viable\\\/#webpage\",\"url\":\"https:\\\/\\\/www.eldigitaldeasturias.com\\\/noticias\\\/el-dragado-de-la-ria-de-navia-es-considerado-ambientalmente-viable\\\/\",\"name\":\"El dragado de la R\\u00eda de Navia es considerado \\u00abambientalmente viable\\u00bb - El Digital de Asturias\",\"description\":\"El proyecto de Dragado de Mantenimiento de Calados en el canal de la r\\u00eda de Navia (a\\u00f1os 2016-2020) ha sido considerado ambientalmente viable, seg\\u00fan consta en el Bolet\\u00edn Oficial del Principado de Asturias (BOPA) consultado por Europa Press. El proyecto de dragado va encaminado a la obtenci\\u00f3n de unos calados m\\u00ednimos que permitan la entrada\",\"inLanguage\":\"es-ES\",\"isPartOf\":{\"@id\":\"https:\\\/\\\/www.eldigitaldeasturias.com\\\/noticias\\\/#website\"},\"breadcrumb\":{\"@id\":\"https:\\\/\\\/www.eldigitaldeasturias.com\\\/noticias\\\/el-dragado-de-la-ria-de-navia-es-considerado-ambientalmente-viable\\\/#breadcrumblist\"},\"author\":{\"@id\":\"https:\\\/\\\/www.eldigitaldeasturias.com\\\/noticias\\\/author\\\/admin\\\/#author\"},\"creator\":{\"@id\":\"https:\\\/\\\/www.eldigitaldeasturias.com\\\/noticias\\\/author\\\/admin\\\/#author\"},\"image\":{\"@type\":\"ImageObject\",\"url\":\"https:\\\/\\\/www.eldigitaldeasturias.com\\\/noticias\\\/wp-content\\\/uploads\\\/2016\\\/09\\\/fotonoticia_20160919150417_800.jpg\",\"@id\":\"https:\\\/\\\/www.eldigitaldeasturias.com\\\/noticias\\\/el-dragado-de-la-ria-de-navia-es-considerado-ambientalmente-viable\\\/#mainImage\",\"width\":800,\"height\":899},\"primaryImageOfPage\":{\"@id\":\"https:\\\/\\\/www.eldigitaldeasturias.com\\\/noticias\\\/el-dragado-de-la-ria-de-navia-es-considerado-ambientalmente-viable\\\/#mainImage\"},\"datePublished\":\"2016-09-20T16:06:51+02:00\",\"dateModified\":\"2016-09-20T16:06:51+02:00\"},{\"@type\":\"WebSite\",\"@id\":\"https:\\\/\\\/www.eldigitaldeasturias.com\\\/noticias\\\/#website\",\"url\":\"https:\\\/\\\/www.eldigitaldeasturias.com\\\/noticias\\\/\",\"name\":\"El Digital de Asturias - Diario de actualidad y noticias\",\"alternateName\":\"El Digital de Asturias - Diario de actualidad y noticias\",\"description\":\"Hemeroteca\",\"inLanguage\":\"es-ES\",\"publisher\":{\"@id\":\"https:\\\/\\\/www.eldigitaldeasturias.com\\\/noticias\\\/#organization\"}}]}\n\t\t<\/script>\n\t\t<!-- All in One SEO Pro -->\r\n\t\t<title>El dragado de la R\u00eda de Navia es considerado \u00abambientalmente viable\u00bb - El Digital de Asturias<\/title>\n\n","aioseo_head_json":{"title":"El dragado de la R\u00eda de Navia es considerado \u00abambientalmente viable\u00bb - El Digital de Asturias","description":"El proyecto de Dragado de Mantenimiento de Calados en el canal de la r\u00eda de Navia (a\u00f1os 2016-2020) ha sido considerado ambientalmente viable, seg\u00fan consta en el Bolet\u00edn Oficial del Principado de Asturias (BOPA) consultado por Europa Press. El proyecto de dragado va encaminado a la obtenci\u00f3n de unos calados m\u00ednimos que permitan la entrada","canonical_url":"https:\/\/www.eldigitaldeasturias.com\/noticias\/el-dragado-de-la-ria-de-navia-es-considerado-ambientalmente-viable\/","robots":"max-image-preview:large","keywords":"sociedad","webmasterTools":{"google-site-verification":"UA-38556648-1","msvalidate.01":"7dfe9f3f1b24437ab69f4f2559babe99","miscellaneous":""},"schema":{"@context":"https:\/\/schema.org","@graph":[{"@type":"BlogPosting","@id":"https:\/\/www.eldigitaldeasturias.com\/noticias\/el-dragado-de-la-ria-de-navia-es-considerado-ambientalmente-viable\/#blogposting","name":"El dragado de la R\u00eda de Navia es considerado \u00abambientalmente viable\u00bb - El Digital de Asturias","headline":"El dragado de la R\u00eda de Navia es considerado \u00abambientalmente viable\u00bb","author":{"@id":"https:\/\/www.eldigitaldeasturias.com\/noticias\/author\/admin\/#author"},"publisher":{"@id":"https:\/\/www.eldigitaldeasturias.com\/noticias\/#organization"},"image":{"@type":"ImageObject","url":"https:\/\/www.eldigitaldeasturias.com\/noticias\/wp-content\/uploads\/2016\/09\/fotonoticia_20160919150417_800.jpg","width":800,"height":899},"datePublished":"2016-09-20T16:06:51+02:00","dateModified":"2016-09-20T16:06:51+02:00","inLanguage":"es-ES","mainEntityOfPage":{"@id":"https:\/\/www.eldigitaldeasturias.com\/noticias\/el-dragado-de-la-ria-de-navia-es-considerado-ambientalmente-viable\/#webpage"},"isPartOf":{"@id":"https:\/\/www.eldigitaldeasturias.com\/noticias\/el-dragado-de-la-ria-de-navia-es-considerado-ambientalmente-viable\/#webpage"},"articleSection":"Sociedad"},{"@type":"BreadcrumbList","@id":"https:\/\/www.eldigitaldeasturias.com\/noticias\/el-dragado-de-la-ria-de-navia-es-considerado-ambientalmente-viable\/#breadcrumblist","itemListElement":[{"@type":"ListItem","@id":"https:\/\/www.eldigitaldeasturias.com\/noticias#listItem","position":1,"name":"Home","item":"https:\/\/www.eldigitaldeasturias.com\/noticias","nextItem":{"@type":"ListItem","@id":"https:\/\/www.eldigitaldeasturias.com\/noticias\/category\/sociedad\/#listItem","name":"Sociedad"}},{"@type":"ListItem","@id":"https:\/\/www.eldigitaldeasturias.com\/noticias\/category\/sociedad\/#listItem","position":2,"name":"Sociedad","item":"https:\/\/www.eldigitaldeasturias.com\/noticias\/category\/sociedad\/","nextItem":{"@type":"ListItem","@id":"https:\/\/www.eldigitaldeasturias.com\/noticias\/el-dragado-de-la-ria-de-navia-es-considerado-ambientalmente-viable\/#listItem","name":"El dragado de la R\u00eda de Navia es considerado \u00abambientalmente viable\u00bb"},"previousItem":{"@type":"ListItem","@id":"https:\/\/www.eldigitaldeasturias.com\/noticias#listItem","name":"Home"}},{"@type":"ListItem","@id":"https:\/\/www.eldigitaldeasturias.com\/noticias\/el-dragado-de-la-ria-de-navia-es-considerado-ambientalmente-viable\/#listItem","position":3,"name":"El dragado de la R\u00eda de Navia es considerado \u00abambientalmente viable\u00bb","previousItem":{"@type":"ListItem","@id":"https:\/\/www.eldigitaldeasturias.com\/noticias\/category\/sociedad\/#listItem","name":"Sociedad"}}]},{"@type":"Organization","@id":"https:\/\/www.eldigitaldeasturias.com\/noticias\/#organization","name":"El Digital de Asturias","description":"Hemeroteca","url":"https:\/\/www.eldigitaldeasturias.com\/noticias\/","email":"info@eldigitaldeasturias.com","telephone":"+34652131393","logo":{"@type":"ImageObject","url":"https:\/\/www.eldigitaldeasturias.com\/noticias\/wp-content\/uploads\/2020\/12\/EDA.jpg","@id":"https:\/\/www.eldigitaldeasturias.com\/noticias\/el-dragado-de-la-ria-de-navia-es-considerado-ambientalmente-viable\/#organizationLogo","width":649,"height":297},"image":{"@id":"https:\/\/www.eldigitaldeasturias.com\/noticias\/el-dragado-de-la-ria-de-navia-es-considerado-ambientalmente-viable\/#organizationLogo"},"sameAs":["https:\/\/facebook.com\/eldigitaldeasturias","https:\/\/www.youtube.com\/channel\/UCZP-2wLEB9Rv6erhFmqVnvg"],"address":{"@id":"https:\/\/www.eldigitaldeasturias.com\/noticias\/#postaladdress","@type":"PostalAddress","streetAddress":"san antonio 4,","postalCode":"33430","addressLocality":"Cand\u00e1s","addressRegion":"Asturias","addressCountry":"ES"}},{"@type":"Person","@id":"https:\/\/www.eldigitaldeasturias.com\/noticias\/author\/admin\/#author","url":"https:\/\/www.eldigitaldeasturias.com\/noticias\/author\/admin\/","name":"El Digital de Asturias","image":{"@type":"ImageObject","@id":"https:\/\/www.eldigitaldeasturias.com\/noticias\/el-dragado-de-la-ria-de-navia-es-considerado-ambientalmente-viable\/#authorImage","url":"https:\/\/www.eldigitaldeasturias.com\/noticias\/wp-content\/litespeed\/avatar\/18677e78aa0546b92d9dbf31ec7d7668.jpg?ver=1777290358","width":96,"height":96,"caption":"El Digital de Asturias"}},{"@type":"WebPage","@id":"https:\/\/www.eldigitaldeasturias.com\/noticias\/el-dragado-de-la-ria-de-navia-es-considerado-ambientalmente-viable\/#webpage","url":"https:\/\/www.eldigitaldeasturias.com\/noticias\/el-dragado-de-la-ria-de-navia-es-considerado-ambientalmente-viable\/","name":"El dragado de la R\u00eda de Navia es considerado \u00abambientalmente viable\u00bb - El Digital de Asturias","description":"El proyecto de Dragado de Mantenimiento de Calados en el canal de la r\u00eda de Navia (a\u00f1os 2016-2020) ha sido considerado ambientalmente viable, seg\u00fan consta en el Bolet\u00edn Oficial del Principado de Asturias (BOPA) consultado por Europa Press. El proyecto de dragado va encaminado a la obtenci\u00f3n de unos calados m\u00ednimos que permitan la entrada","inLanguage":"es-ES","isPartOf":{"@id":"https:\/\/www.eldigitaldeasturias.com\/noticias\/#website"},"breadcrumb":{"@id":"https:\/\/www.eldigitaldeasturias.com\/noticias\/el-dragado-de-la-ria-de-navia-es-considerado-ambientalmente-viable\/#breadcrumblist"},"author":{"@id":"https:\/\/www.eldigitaldeasturias.com\/noticias\/author\/admin\/#author"},"creator":{"@id":"https:\/\/www.eldigitaldeasturias.com\/noticias\/author\/admin\/#author"},"image":{"@type":"ImageObject","url":"https:\/\/www.eldigitaldeasturias.com\/noticias\/wp-content\/uploads\/2016\/09\/fotonoticia_20160919150417_800.jpg","@id":"https:\/\/www.eldigitaldeasturias.com\/noticias\/el-dragado-de-la-ria-de-navia-es-considerado-ambientalmente-viable\/#mainImage","width":800,"height":899},"primaryImageOfPage":{"@id":"https:\/\/www.eldigitaldeasturias.com\/noticias\/el-dragado-de-la-ria-de-navia-es-considerado-ambientalmente-viable\/#mainImage"},"datePublished":"2016-09-20T16:06:51+02:00","dateModified":"2016-09-20T16:06:51+02:00"},{"@type":"WebSite","@id":"https:\/\/www.eldigitaldeasturias.com\/noticias\/#website","url":"https:\/\/www.eldigitaldeasturias.com\/noticias\/","name":"El Digital de Asturias - Diario de actualidad y noticias","alternateName":"El Digital de Asturias - Diario de actualidad y noticias","description":"Hemeroteca","inLanguage":"es-ES","publisher":{"@id":"https:\/\/www.eldigitaldeasturias.com\/noticias\/#organization"}}]},"og:locale":"es_ES","og:site_name":"El Digital de Asturias","og:type":"article","og:title":"El dragado de la R\u00eda de Navia es considerado \u00abambientalmente viable\u00bb - El Digital de Asturias","og:description":"El proyecto de Dragado de Mantenimiento de Calados en el canal de la r\u00eda de Navia (a\u00f1os 2016-2020) ha sido considerado ambientalmente viable, seg\u00fan consta en el Bolet\u00edn Oficial del Principado de Asturias (BOPA) consultado por Europa Press. El proyecto de dragado va encaminado a la obtenci\u00f3n de unos calados m\u00ednimos que permitan la entrada","og:url":"https:\/\/www.eldigitaldeasturias.com\/noticias\/el-dragado-de-la-ria-de-navia-es-considerado-ambientalmente-viable\/","og:image":"https:\/\/www.eldigitaldeasturias.com\/noticias\/wp-content\/uploads\/2016\/09\/fotonoticia_20160919150417_800.jpg","og:image:secure_url":"https:\/\/www.eldigitaldeasturias.com\/noticias\/wp-content\/uploads\/2016\/09\/fotonoticia_20160919150417_800.jpg","og:image:width":800,"og:image:height":899,"article:tag":["sociedad"],"article:published_time":"2016-09-20T15:06:51+00:00","article:modified_time":"2016-09-20T15:06:51+00:00","article:publisher":"https:\/\/facebook.com\/eldigitaldeasturias","twitter:card":"summary_large_image","twitter:title":"El dragado de la R\u00eda de Navia es considerado \u00abambientalmente viable\u00bb - El Digital de Asturias","twitter:description":"El proyecto de Dragado de Mantenimiento de Calados en el canal de la r\u00eda de Navia (a\u00f1os 2016-2020) ha sido considerado ambientalmente viable, seg\u00fan consta en el Bolet\u00edn Oficial del Principado de Asturias (BOPA) consultado por Europa Press. El proyecto de dragado va encaminado a la obtenci\u00f3n de unos calados m\u00ednimos que permitan la entrada","twitter:image":"https:\/\/www.eldigitaldeasturias.com\/noticias\/wp-content\/uploads\/2016\/09\/fotonoticia_20160919150417_800.jpg","twitter:label1":"Escrito por","twitter:data1":"El Digital de Asturias","twitter:label2":"Tiempo de lectura estimado","twitter:data2":"2 minutos"},"aioseo_meta_data":{"post_id":"908584","title":null,"description":null,"keywords":null,"keyphrases":null,"primary_term":null,"canonical_url":null,"og_title":null,"og_description":null,"og_object_type":"default","og_image_type":"default","og_image_url":null,"og_image_width":null,"og_image_height":null,"og_image_custom_url":null,"og_image_custom_fields":null,"og_video":null,"og_custom_url":null,"og_article_section":null,"og_article_tags":null,"twitter_use_og":false,"twitter_card":"default","twitter_image_type":"default","twitter_image_url":null,"twitter_image_custom_url":null,"twitter_image_custom_fields":null,"twitter_title":null,"twitter_description":null,"schema":{"blockGraphs":[],"customGraphs":[],"default":{"data":{"Article":[],"Course":[],"Dataset":[],"FAQPage":[],"Movie":[],"Person":[],"Product":[],"ProductReview":[],"Car":[],"Recipe":[],"Service":[],"SoftwareApplication":[],"WebPage":[]},"graphName":"","isEnabled":true},"graphs":[],"defaultGraph":"","defaultPostTypeGraph":""},"schema_type":null,"schema_type_options":null,"pillar_content":false,"robots_default":true,"robots_noindex":false,"robots_noarchive":false,"robots_nosnippet":false,"robots_nofollow":false,"robots_noimageindex":false,"robots_noodp":false,"robots_notranslate":false,"robots_max_snippet":null,"robots_max_videopreview":null,"robots_max_imagepreview":"large","priority":null,"frequency":null,"local_seo":null,"seo_analyzer_scan_date":"2025-11-30 16:40:32","breadcrumb_settings":null,"limit_modified_date":false,"open_ai":null,"ai":null,"created":"2020-12-21 14:00:05","updated":"2025-11-30 16:40:32"},"aioseo_breadcrumb":"<div class=\"aioseo-breadcrumbs\"><span class=\"aioseo-breadcrumb\">\n\t<a href=\"https:\/\/www.eldigitaldeasturias.com\/noticias\" title=\"Home\">Home<\/a>\n<\/span><span class=\"aioseo-breadcrumb-separator\">\u2013<\/span><span class=\"aioseo-breadcrumb\">\n\t<a href=\"https:\/\/www.eldigitaldeasturias.com\/noticias\/category\/sociedad\/\" title=\"Sociedad\">Sociedad<\/a>\n<\/span><span class=\"aioseo-breadcrumb-separator\">\u2013<\/span><span class=\"aioseo-breadcrumb\">\n\t<a href=\"https:\/\/www.eldigitaldeasturias.com\/noticias\/el-dragado-de-la-ria-de-navia-es-considerado-ambientalmente-viable\/\" title=\"El dragado de la R\u00eda de Navia es considerado \u00abambientalmente viable\u00bb\">El dragado de la R\u00eda de Navia es considerado \u00abambientalmente viable\u00bb<\/a>\n<\/span><\/div>","aioseo_breadcrumb_json":[{"label":"Home","link":"https:\/\/www.eldigitaldeasturias.com\/noticias"},{"label":"Sociedad","link":"https:\/\/www.eldigitaldeasturias.com\/noticias\/category\/sociedad\/"},{"label":"El dragado de la R\u00eda de Navia es considerado \u00abambientalmente viable\u00bb","link":"https:\/\/www.eldigitaldeasturias.com\/noticias\/el-dragado-de-la-ria-de-navia-es-considerado-ambientalmente-viable\/"}],"_links":{"self":[{"href":"https:\/\/www.eldigitaldeasturias.com\/noticias\/wp-json\/wp\/v2\/posts\/908584","targetHints":{"allow":["GET"]}}],"collection":[{"href":"https:\/\/www.eldigitaldeasturias.com\/noticias\/wp-json\/wp\/v2\/posts"}],"about":[{"href":"https:\/\/www.eldigitaldeasturias.com\/noticias\/wp-json\/wp\/v2\/types\/post"}],"author":[{"embeddable":true,"href":"https:\/\/www.eldigitaldeasturias.com\/noticias\/wp-json\/wp\/v2\/users\/1"}],"replies":[{"embeddable":true,"href":"https:\/\/www.eldigitaldeasturias.com\/noticias\/wp-json\/wp\/v2\/comments?post=908584"}],"version-history":[{"count":0,"href":"https:\/\/www.eldigitaldeasturias.com\/noticias\/wp-json\/wp\/v2\/posts\/908584\/revisions"}],"wp:featuredmedia":[{"embeddable":true,"href":"https:\/\/www.eldigitaldeasturias.com\/noticias\/wp-json\/wp\/v2\/media\/908585"}],"wp:attachment":[{"href":"https:\/\/www.eldigitaldeasturias.com\/noticias\/wp-json\/wp\/v2\/media?parent=908584"}],"wp:term":[{"taxonomy":"category","embeddable":true,"href":"https:\/\/www.eldigitaldeasturias.com\/noticias\/wp-json\/wp\/v2\/categories?post=908584"},{"taxonomy":"post_tag","embeddable":true,"href":"https:\/\/www.eldigitaldeasturias.com\/noticias\/wp-json\/wp\/v2\/tags?post=908584"}],"curies":[{"name":"wp","href":"https:\/\/api.w.org\/{rel}","templated":true}]}}