{"id":908581,"date":"2016-09-20T01:01:10","date_gmt":"2016-09-20T00:01:10","guid":{"rendered":"http:\/\/www.eldigitaldeasturias.com\/noticias\/?p=908581"},"modified":"2016-09-20T01:01:10","modified_gmt":"2016-09-20T00:01:10","slug":"jens-weidmann-si-los-intereses-vuelven-a-subir-seguramente-las-deudas-no-van-a-ser-soportables","status":"publish","type":"post","link":"https:\/\/www.eldigitaldeasturias.com\/noticias\/jens-weidmann-si-los-intereses-vuelven-a-subir-seguramente-las-deudas-no-van-a-ser-soportables\/","title":{"rendered":"Jens Weidmann: \u00abSi los intereses vuelven a subir, seguramente las deudas no van a ser soportables\u00bb"},"content":{"rendered":"<p><img loading=\"lazy\" decoding=\"async\" class=\"alignleft size-medium wp-image-822740\" src=\"https:\/\/www.eldigitaldeasturias.com\/noticias\/wp-content\/uploads\/2015\/11\/euros-360x241.jpg\" alt=\"euros\" width=\"360\" height=\"241\" srcset=\"https:\/\/www.eldigitaldeasturias.com\/noticias\/wp-content\/uploads\/2015\/11\/euros-360x241.jpg 360w, https:\/\/www.eldigitaldeasturias.com\/noticias\/wp-content\/uploads\/2015\/11\/euros-696x466.jpg 696w, https:\/\/www.eldigitaldeasturias.com\/noticias\/wp-content\/uploads\/2015\/11\/euros-627x420.jpg 627w, https:\/\/www.eldigitaldeasturias.com\/noticias\/wp-content\/uploads\/2015\/11\/euros-768x515.jpg 768w, https:\/\/www.eldigitaldeasturias.com\/noticias\/wp-content\/uploads\/2015\/11\/euros-650x436.jpg 650w, https:\/\/www.eldigitaldeasturias.com\/noticias\/wp-content\/uploads\/2015\/11\/euros.jpg 800w\" sizes=\"auto, (max-width: 360px) 100vw, 360px\" \/>Fr\u00e1ncfort, 19 sep (dpa) &#8211; El presidente del Banco Central de Alemania (Bundesbank), Jens Weidmann, critic\u00f3 en una entrevista que hoy publican varios diarios europeos que la pol\u00edtica monetaria se encuentre en la actualidad demasiado pr\u00f3xima a la pol\u00edtica presupuestaria de los Gobiernos.<\/p>\n<p>\u00abLos bancos centrales se perciben como la soluci\u00f3n a todos los problemas y esos problemas van m\u00e1s all\u00e1 de la pol\u00edtica monetaria\u00bb, declar\u00f3 el alem\u00e1n en conversaci\u00f3n con los rotativos \u00abS\u00fcddeutsche Zeitung\u00bb, \u00abLe Monde\u00bb, \u00abLa Stampa\u00bb y \u00abThe Guardian\u00bb.<\/p>\n<p>En su opini\u00f3n, la crisis financiera y la vacilaci\u00f3n de los pol\u00edticos le han forzado a \u00e9l y a sus hom\u00f3logos europeos a asumir un nuevo papel.<\/p>\n<p>\u00abAl final actuamos cada vez m\u00e1s en determinados mercados y hoy en d\u00eda tenemos una cercan\u00eda &#8216;problem\u00e1tica&#8217; a la pol\u00edtica financiera\u00bb, recalc\u00f3.<\/p>\n<p>Jens Weidmann se\u00f1al\u00f3 los riesgos de la pol\u00edtica monetaria expansiva que en la actualidad impulsa el Banco Central Europeo (BCE) y record\u00f3 que el eurosistema se ha convertido en el mayor acreedor de los Estados europeos.<\/p>\n<p>\u00abSi los intereses vuelven a subir, seguramente las deudas no van a ser soportables\u00bb, se\u00f1al\u00f3 el banquero.<\/p>\n<p>Preguntado por el doble papel del BCE, que al mismo tiempo que ejerce de responsable del dise\u00f1o de la pol\u00edtica monetaria de la eurozona asume funciones de supervisor \u00fanico, Weidmann dijo que esta doble tarea podr\u00eda suponer un obst\u00e1culo para volver a incrementar el precio del dinero.<\/p>\n<p>En este sentido, precis\u00f3 que desear\u00eda una clara separaci\u00f3n de ambas funciones aunque es consciente de que para que as\u00ed sea se requiere una modificaci\u00f3n de los tratados europeos, una posibilidad que el presidente del Bundesbank considera poco realista en la actualidad.<\/p>\n<p>&nbsp;<\/p>\n","protected":false},"excerpt":{"rendered":"<p>Fr\u00e1ncfort, 19 sep (dpa) &#8211; El presidente del Banco Central de Alemania (Bundesbank), Jens Weidmann, critic\u00f3 en una entrevista que hoy publican varios diarios europeos que la pol\u00edtica monetaria se encuentre en la actualidad demasiado pr\u00f3xima a la pol\u00edtica presupuestaria de los Gobiernos. \u00abLos bancos centrales se perciben como la soluci\u00f3n a todos los problemas [&hellip;]<\/p>\n","protected":false},"author":1,"featured_media":822740,"comment_status":"closed","ping_status":"closed","sticky":false,"template":"","format":"standard","meta":{"footnotes":""},"categories":[1],"tags":[],"class_list":["post-908581","post","type-post","status-publish","format-standard","has-post-thumbnail","hentry","category-actualidad"],"aioseo_notices":[],"aioseo_head":"\n\t\t<!-- All in One SEO Pro 4.9.6.2 - aioseo.com -->\n\t<meta name=\"description\" content=\"Fr\u00e1ncfort, 19 sep (dpa) - El presidente del Banco Central de Alemania (Bundesbank), Jens Weidmann, critic\u00f3 en una entrevista que hoy publican varios diarios europeos que la pol\u00edtica monetaria se encuentre en la actualidad demasiado pr\u00f3xima a la pol\u00edtica presupuestaria de los Gobiernos. &quot;Los bancos centrales se perciben como la soluci\u00f3n a todos los problemas\" \/>\n\t<meta name=\"robots\" content=\"max-image-preview:large\" \/>\n\t<meta name=\"author\" content=\"El Digital de Asturias\"\/>\n\t<meta name=\"google-site-verification\" content=\"UA-38556648-1\" \/>\n\t<meta name=\"msvalidate.01\" content=\"7dfe9f3f1b24437ab69f4f2559babe99\" \/>\n\t<meta name=\"keywords\" content=\"actualidad\" \/>\n\t<link rel=\"canonical\" href=\"https:\/\/www.eldigitaldeasturias.com\/noticias\/jens-weidmann-si-los-intereses-vuelven-a-subir-seguramente-las-deudas-no-van-a-ser-soportables\/\" \/>\n\t<meta name=\"generator\" content=\"All in One SEO Pro (AIOSEO) 4.9.6.2\" \/>\n\t\t<meta property=\"og:locale\" content=\"es_ES\" \/>\n\t\t<meta property=\"og:site_name\" content=\"El Digital de Asturias\" \/>\n\t\t<meta property=\"og:type\" content=\"article\" \/>\n\t\t<meta property=\"og:title\" content=\"Jens Weidmann: \u00abSi los intereses vuelven a subir, seguramente las deudas no van a ser soportables\u00bb - El Digital de Asturias\" \/>\n\t\t<meta property=\"og:description\" content=\"Fr\u00e1ncfort, 19 sep (dpa) - El presidente del Banco Central de Alemania (Bundesbank), Jens Weidmann, critic\u00f3 en una entrevista que hoy publican varios diarios europeos que la pol\u00edtica monetaria se encuentre en la actualidad demasiado pr\u00f3xima a la pol\u00edtica presupuestaria de los Gobiernos. &quot;Los bancos centrales se perciben como la soluci\u00f3n a todos los problemas\" \/>\n\t\t<meta property=\"og:url\" content=\"https:\/\/www.eldigitaldeasturias.com\/noticias\/jens-weidmann-si-los-intereses-vuelven-a-subir-seguramente-las-deudas-no-van-a-ser-soportables\/\" \/>\n\t\t<meta property=\"og:image\" content=\"https:\/\/www.eldigitaldeasturias.com\/noticias\/wp-content\/uploads\/2015\/11\/euros.jpg\" \/>\n\t\t<meta property=\"og:image:secure_url\" content=\"https:\/\/www.eldigitaldeasturias.com\/noticias\/wp-content\/uploads\/2015\/11\/euros.jpg\" \/>\n\t\t<meta property=\"og:image:width\" content=\"800\" \/>\n\t\t<meta property=\"og:image:height\" content=\"536\" \/>\n\t\t<meta property=\"article:tag\" content=\"actualidad\" \/>\n\t\t<meta property=\"article:published_time\" content=\"2016-09-20T00:01:10+00:00\" \/>\n\t\t<meta property=\"article:modified_time\" content=\"2016-09-20T00:01:10+00:00\" \/>\n\t\t<meta property=\"article:publisher\" content=\"https:\/\/facebook.com\/eldigitaldeasturias\" \/>\n\t\t<meta name=\"twitter:card\" content=\"summary_large_image\" \/>\n\t\t<meta name=\"twitter:title\" content=\"Jens Weidmann: \u00abSi los intereses vuelven a subir, seguramente las deudas no van a ser soportables\u00bb - El Digital de Asturias\" \/>\n\t\t<meta name=\"twitter:description\" content=\"Fr\u00e1ncfort, 19 sep (dpa) - El presidente del Banco Central de Alemania (Bundesbank), Jens Weidmann, critic\u00f3 en una entrevista que hoy publican varios diarios europeos que la pol\u00edtica monetaria se encuentre en la actualidad demasiado pr\u00f3xima a la pol\u00edtica presupuestaria de los Gobiernos. &quot;Los bancos centrales se perciben como la soluci\u00f3n a todos los problemas\" \/>\n\t\t<meta name=\"twitter:image\" content=\"https:\/\/www.eldigitaldeasturias.com\/noticias\/wp-content\/uploads\/2015\/11\/euros.jpg\" \/>\n\t\t<meta name=\"twitter:label1\" content=\"Escrito por\" \/>\n\t\t<meta name=\"twitter:data1\" content=\"El Digital de Asturias\" \/>\n\t\t<meta name=\"twitter:label2\" content=\"Tiempo de lectura estimado\" \/>\n\t\t<meta name=\"twitter:data2\" content=\"2 minutos\" \/>\n\t\t<script type=\"application\/ld+json\" class=\"aioseo-schema\">\n\t\t\t{\"@context\":\"https:\\\/\\\/schema.org\",\"@graph\":[{\"@type\":\"BlogPosting\",\"@id\":\"https:\\\/\\\/www.eldigitaldeasturias.com\\\/noticias\\\/jens-weidmann-si-los-intereses-vuelven-a-subir-seguramente-las-deudas-no-van-a-ser-soportables\\\/#blogposting\",\"name\":\"Jens Weidmann: \\u00abSi los intereses vuelven a subir, seguramente las deudas no van a ser soportables\\u00bb - El Digital de Asturias\",\"headline\":\"Jens Weidmann: \\u00abSi los intereses vuelven a subir, seguramente las deudas no van a ser soportables\\u00bb\",\"author\":{\"@id\":\"https:\\\/\\\/www.eldigitaldeasturias.com\\\/noticias\\\/author\\\/admin\\\/#author\"},\"publisher\":{\"@id\":\"https:\\\/\\\/www.eldigitaldeasturias.com\\\/noticias\\\/#organization\"},\"image\":{\"@type\":\"ImageObject\",\"url\":\"https:\\\/\\\/www.eldigitaldeasturias.com\\\/noticias\\\/wp-content\\\/uploads\\\/2015\\\/11\\\/euros.jpg\",\"width\":800,\"height\":536,\"caption\":\"euros\"},\"datePublished\":\"2016-09-20T01:01:10+02:00\",\"dateModified\":\"2016-09-20T01:01:10+02:00\",\"inLanguage\":\"es-ES\",\"mainEntityOfPage\":{\"@id\":\"https:\\\/\\\/www.eldigitaldeasturias.com\\\/noticias\\\/jens-weidmann-si-los-intereses-vuelven-a-subir-seguramente-las-deudas-no-van-a-ser-soportables\\\/#webpage\"},\"isPartOf\":{\"@id\":\"https:\\\/\\\/www.eldigitaldeasturias.com\\\/noticias\\\/jens-weidmann-si-los-intereses-vuelven-a-subir-seguramente-las-deudas-no-van-a-ser-soportables\\\/#webpage\"},\"articleSection\":\"Actualidad\"},{\"@type\":\"BreadcrumbList\",\"@id\":\"https:\\\/\\\/www.eldigitaldeasturias.com\\\/noticias\\\/jens-weidmann-si-los-intereses-vuelven-a-subir-seguramente-las-deudas-no-van-a-ser-soportables\\\/#breadcrumblist\",\"itemListElement\":[{\"@type\":\"ListItem\",\"@id\":\"https:\\\/\\\/www.eldigitaldeasturias.com\\\/noticias#listItem\",\"position\":1,\"name\":\"Home\",\"item\":\"https:\\\/\\\/www.eldigitaldeasturias.com\\\/noticias\",\"nextItem\":{\"@type\":\"ListItem\",\"@id\":\"https:\\\/\\\/www.eldigitaldeasturias.com\\\/noticias\\\/category\\\/actualidad\\\/#listItem\",\"name\":\"Actualidad\"}},{\"@type\":\"ListItem\",\"@id\":\"https:\\\/\\\/www.eldigitaldeasturias.com\\\/noticias\\\/category\\\/actualidad\\\/#listItem\",\"position\":2,\"name\":\"Actualidad\",\"item\":\"https:\\\/\\\/www.eldigitaldeasturias.com\\\/noticias\\\/category\\\/actualidad\\\/\",\"nextItem\":{\"@type\":\"ListItem\",\"@id\":\"https:\\\/\\\/www.eldigitaldeasturias.com\\\/noticias\\\/jens-weidmann-si-los-intereses-vuelven-a-subir-seguramente-las-deudas-no-van-a-ser-soportables\\\/#listItem\",\"name\":\"Jens Weidmann: \\u00abSi los intereses vuelven a subir, seguramente las deudas no van a ser soportables\\u00bb\"},\"previousItem\":{\"@type\":\"ListItem\",\"@id\":\"https:\\\/\\\/www.eldigitaldeasturias.com\\\/noticias#listItem\",\"name\":\"Home\"}},{\"@type\":\"ListItem\",\"@id\":\"https:\\\/\\\/www.eldigitaldeasturias.com\\\/noticias\\\/jens-weidmann-si-los-intereses-vuelven-a-subir-seguramente-las-deudas-no-van-a-ser-soportables\\\/#listItem\",\"position\":3,\"name\":\"Jens Weidmann: \\u00abSi los intereses vuelven a subir, seguramente las deudas no van a ser soportables\\u00bb\",\"previousItem\":{\"@type\":\"ListItem\",\"@id\":\"https:\\\/\\\/www.eldigitaldeasturias.com\\\/noticias\\\/category\\\/actualidad\\\/#listItem\",\"name\":\"Actualidad\"}}]},{\"@type\":\"Organization\",\"@id\":\"https:\\\/\\\/www.eldigitaldeasturias.com\\\/noticias\\\/#organization\",\"name\":\"El Digital de Asturias\",\"description\":\"Hemeroteca\",\"url\":\"https:\\\/\\\/www.eldigitaldeasturias.com\\\/noticias\\\/\",\"email\":\"info@eldigitaldeasturias.com\",\"telephone\":\"+34652131393\",\"logo\":{\"@type\":\"ImageObject\",\"url\":\"https:\\\/\\\/www.eldigitaldeasturias.com\\\/noticias\\\/wp-content\\\/uploads\\\/2020\\\/12\\\/EDA.jpg\",\"@id\":\"https:\\\/\\\/www.eldigitaldeasturias.com\\\/noticias\\\/jens-weidmann-si-los-intereses-vuelven-a-subir-seguramente-las-deudas-no-van-a-ser-soportables\\\/#organizationLogo\",\"width\":649,\"height\":297},\"image\":{\"@id\":\"https:\\\/\\\/www.eldigitaldeasturias.com\\\/noticias\\\/jens-weidmann-si-los-intereses-vuelven-a-subir-seguramente-las-deudas-no-van-a-ser-soportables\\\/#organizationLogo\"},\"sameAs\":[\"https:\\\/\\\/facebook.com\\\/eldigitaldeasturias\",\"https:\\\/\\\/www.youtube.com\\\/channel\\\/UCZP-2wLEB9Rv6erhFmqVnvg\"],\"address\":{\"@id\":\"https:\\\/\\\/www.eldigitaldeasturias.com\\\/noticias\\\/#postaladdress\",\"@type\":\"PostalAddress\",\"streetAddress\":\"san antonio 4,\",\"postalCode\":\"33430\",\"addressLocality\":\"Cand\\u00e1s\",\"addressRegion\":\"Asturias\",\"addressCountry\":\"ES\"}},{\"@type\":\"Person\",\"@id\":\"https:\\\/\\\/www.eldigitaldeasturias.com\\\/noticias\\\/author\\\/admin\\\/#author\",\"url\":\"https:\\\/\\\/www.eldigitaldeasturias.com\\\/noticias\\\/author\\\/admin\\\/\",\"name\":\"El Digital de Asturias\",\"image\":{\"@type\":\"ImageObject\",\"@id\":\"https:\\\/\\\/www.eldigitaldeasturias.com\\\/noticias\\\/jens-weidmann-si-los-intereses-vuelven-a-subir-seguramente-las-deudas-no-van-a-ser-soportables\\\/#authorImage\",\"url\":\"https:\\\/\\\/www.eldigitaldeasturias.com\\\/noticias\\\/wp-content\\\/litespeed\\\/avatar\\\/18677e78aa0546b92d9dbf31ec7d7668.jpg?ver=1777290358\",\"width\":96,\"height\":96,\"caption\":\"El Digital de Asturias\"}},{\"@type\":\"WebPage\",\"@id\":\"https:\\\/\\\/www.eldigitaldeasturias.com\\\/noticias\\\/jens-weidmann-si-los-intereses-vuelven-a-subir-seguramente-las-deudas-no-van-a-ser-soportables\\\/#webpage\",\"url\":\"https:\\\/\\\/www.eldigitaldeasturias.com\\\/noticias\\\/jens-weidmann-si-los-intereses-vuelven-a-subir-seguramente-las-deudas-no-van-a-ser-soportables\\\/\",\"name\":\"Jens Weidmann: \\u00abSi los intereses vuelven a subir, seguramente las deudas no van a ser soportables\\u00bb - El Digital de Asturias\",\"description\":\"Fr\\u00e1ncfort, 19 sep (dpa) - El presidente del Banco Central de Alemania (Bundesbank), Jens Weidmann, critic\\u00f3 en una entrevista que hoy publican varios diarios europeos que la pol\\u00edtica monetaria se encuentre en la actualidad demasiado pr\\u00f3xima a la pol\\u00edtica presupuestaria de los Gobiernos. \\\"Los bancos centrales se perciben como la soluci\\u00f3n a todos los problemas\",\"inLanguage\":\"es-ES\",\"isPartOf\":{\"@id\":\"https:\\\/\\\/www.eldigitaldeasturias.com\\\/noticias\\\/#website\"},\"breadcrumb\":{\"@id\":\"https:\\\/\\\/www.eldigitaldeasturias.com\\\/noticias\\\/jens-weidmann-si-los-intereses-vuelven-a-subir-seguramente-las-deudas-no-van-a-ser-soportables\\\/#breadcrumblist\"},\"author\":{\"@id\":\"https:\\\/\\\/www.eldigitaldeasturias.com\\\/noticias\\\/author\\\/admin\\\/#author\"},\"creator\":{\"@id\":\"https:\\\/\\\/www.eldigitaldeasturias.com\\\/noticias\\\/author\\\/admin\\\/#author\"},\"image\":{\"@type\":\"ImageObject\",\"url\":\"https:\\\/\\\/www.eldigitaldeasturias.com\\\/noticias\\\/wp-content\\\/uploads\\\/2015\\\/11\\\/euros.jpg\",\"@id\":\"https:\\\/\\\/www.eldigitaldeasturias.com\\\/noticias\\\/jens-weidmann-si-los-intereses-vuelven-a-subir-seguramente-las-deudas-no-van-a-ser-soportables\\\/#mainImage\",\"width\":800,\"height\":536,\"caption\":\"euros\"},\"primaryImageOfPage\":{\"@id\":\"https:\\\/\\\/www.eldigitaldeasturias.com\\\/noticias\\\/jens-weidmann-si-los-intereses-vuelven-a-subir-seguramente-las-deudas-no-van-a-ser-soportables\\\/#mainImage\"},\"datePublished\":\"2016-09-20T01:01:10+02:00\",\"dateModified\":\"2016-09-20T01:01:10+02:00\"},{\"@type\":\"WebSite\",\"@id\":\"https:\\\/\\\/www.eldigitaldeasturias.com\\\/noticias\\\/#website\",\"url\":\"https:\\\/\\\/www.eldigitaldeasturias.com\\\/noticias\\\/\",\"name\":\"El Digital de Asturias - Diario de actualidad y noticias\",\"alternateName\":\"El Digital de Asturias - Diario de actualidad y noticias\",\"description\":\"Hemeroteca\",\"inLanguage\":\"es-ES\",\"publisher\":{\"@id\":\"https:\\\/\\\/www.eldigitaldeasturias.com\\\/noticias\\\/#organization\"}}]}\n\t\t<\/script>\n\t\t<!-- All in One SEO Pro -->\r\n\t\t<title>Jens Weidmann: \u00abSi los intereses vuelven a subir, seguramente las deudas no van a ser soportables\u00bb - El Digital de Asturias<\/title>\n\n","aioseo_head_json":{"title":"Jens Weidmann: \u00abSi los intereses vuelven a subir, seguramente las deudas no van a ser soportables\u00bb - El Digital de Asturias","description":"Fr\u00e1ncfort, 19 sep (dpa) - El presidente del Banco Central de Alemania (Bundesbank), Jens Weidmann, critic\u00f3 en una entrevista que hoy publican varios diarios europeos que la pol\u00edtica monetaria se encuentre en la actualidad demasiado pr\u00f3xima a la pol\u00edtica presupuestaria de los Gobiernos. \"Los bancos centrales se perciben como la soluci\u00f3n a todos los problemas","canonical_url":"https:\/\/www.eldigitaldeasturias.com\/noticias\/jens-weidmann-si-los-intereses-vuelven-a-subir-seguramente-las-deudas-no-van-a-ser-soportables\/","robots":"max-image-preview:large","keywords":"actualidad","webmasterTools":{"google-site-verification":"UA-38556648-1","msvalidate.01":"7dfe9f3f1b24437ab69f4f2559babe99","miscellaneous":""},"schema":{"@context":"https:\/\/schema.org","@graph":[{"@type":"BlogPosting","@id":"https:\/\/www.eldigitaldeasturias.com\/noticias\/jens-weidmann-si-los-intereses-vuelven-a-subir-seguramente-las-deudas-no-van-a-ser-soportables\/#blogposting","name":"Jens Weidmann: \u00abSi los intereses vuelven a subir, seguramente las deudas no van a ser soportables\u00bb - El Digital de Asturias","headline":"Jens Weidmann: \u00abSi los intereses vuelven a subir, seguramente las deudas no van a ser soportables\u00bb","author":{"@id":"https:\/\/www.eldigitaldeasturias.com\/noticias\/author\/admin\/#author"},"publisher":{"@id":"https:\/\/www.eldigitaldeasturias.com\/noticias\/#organization"},"image":{"@type":"ImageObject","url":"https:\/\/www.eldigitaldeasturias.com\/noticias\/wp-content\/uploads\/2015\/11\/euros.jpg","width":800,"height":536,"caption":"euros"},"datePublished":"2016-09-20T01:01:10+02:00","dateModified":"2016-09-20T01:01:10+02:00","inLanguage":"es-ES","mainEntityOfPage":{"@id":"https:\/\/www.eldigitaldeasturias.com\/noticias\/jens-weidmann-si-los-intereses-vuelven-a-subir-seguramente-las-deudas-no-van-a-ser-soportables\/#webpage"},"isPartOf":{"@id":"https:\/\/www.eldigitaldeasturias.com\/noticias\/jens-weidmann-si-los-intereses-vuelven-a-subir-seguramente-las-deudas-no-van-a-ser-soportables\/#webpage"},"articleSection":"Actualidad"},{"@type":"BreadcrumbList","@id":"https:\/\/www.eldigitaldeasturias.com\/noticias\/jens-weidmann-si-los-intereses-vuelven-a-subir-seguramente-las-deudas-no-van-a-ser-soportables\/#breadcrumblist","itemListElement":[{"@type":"ListItem","@id":"https:\/\/www.eldigitaldeasturias.com\/noticias#listItem","position":1,"name":"Home","item":"https:\/\/www.eldigitaldeasturias.com\/noticias","nextItem":{"@type":"ListItem","@id":"https:\/\/www.eldigitaldeasturias.com\/noticias\/category\/actualidad\/#listItem","name":"Actualidad"}},{"@type":"ListItem","@id":"https:\/\/www.eldigitaldeasturias.com\/noticias\/category\/actualidad\/#listItem","position":2,"name":"Actualidad","item":"https:\/\/www.eldigitaldeasturias.com\/noticias\/category\/actualidad\/","nextItem":{"@type":"ListItem","@id":"https:\/\/www.eldigitaldeasturias.com\/noticias\/jens-weidmann-si-los-intereses-vuelven-a-subir-seguramente-las-deudas-no-van-a-ser-soportables\/#listItem","name":"Jens Weidmann: \u00abSi los intereses vuelven a subir, seguramente las deudas no van a ser soportables\u00bb"},"previousItem":{"@type":"ListItem","@id":"https:\/\/www.eldigitaldeasturias.com\/noticias#listItem","name":"Home"}},{"@type":"ListItem","@id":"https:\/\/www.eldigitaldeasturias.com\/noticias\/jens-weidmann-si-los-intereses-vuelven-a-subir-seguramente-las-deudas-no-van-a-ser-soportables\/#listItem","position":3,"name":"Jens Weidmann: \u00abSi los intereses vuelven a subir, seguramente las deudas no van a ser soportables\u00bb","previousItem":{"@type":"ListItem","@id":"https:\/\/www.eldigitaldeasturias.com\/noticias\/category\/actualidad\/#listItem","name":"Actualidad"}}]},{"@type":"Organization","@id":"https:\/\/www.eldigitaldeasturias.com\/noticias\/#organization","name":"El Digital de Asturias","description":"Hemeroteca","url":"https:\/\/www.eldigitaldeasturias.com\/noticias\/","email":"info@eldigitaldeasturias.com","telephone":"+34652131393","logo":{"@type":"ImageObject","url":"https:\/\/www.eldigitaldeasturias.com\/noticias\/wp-content\/uploads\/2020\/12\/EDA.jpg","@id":"https:\/\/www.eldigitaldeasturias.com\/noticias\/jens-weidmann-si-los-intereses-vuelven-a-subir-seguramente-las-deudas-no-van-a-ser-soportables\/#organizationLogo","width":649,"height":297},"image":{"@id":"https:\/\/www.eldigitaldeasturias.com\/noticias\/jens-weidmann-si-los-intereses-vuelven-a-subir-seguramente-las-deudas-no-van-a-ser-soportables\/#organizationLogo"},"sameAs":["https:\/\/facebook.com\/eldigitaldeasturias","https:\/\/www.youtube.com\/channel\/UCZP-2wLEB9Rv6erhFmqVnvg"],"address":{"@id":"https:\/\/www.eldigitaldeasturias.com\/noticias\/#postaladdress","@type":"PostalAddress","streetAddress":"san antonio 4,","postalCode":"33430","addressLocality":"Cand\u00e1s","addressRegion":"Asturias","addressCountry":"ES"}},{"@type":"Person","@id":"https:\/\/www.eldigitaldeasturias.com\/noticias\/author\/admin\/#author","url":"https:\/\/www.eldigitaldeasturias.com\/noticias\/author\/admin\/","name":"El Digital de Asturias","image":{"@type":"ImageObject","@id":"https:\/\/www.eldigitaldeasturias.com\/noticias\/jens-weidmann-si-los-intereses-vuelven-a-subir-seguramente-las-deudas-no-van-a-ser-soportables\/#authorImage","url":"https:\/\/www.eldigitaldeasturias.com\/noticias\/wp-content\/litespeed\/avatar\/18677e78aa0546b92d9dbf31ec7d7668.jpg?ver=1777290358","width":96,"height":96,"caption":"El Digital de Asturias"}},{"@type":"WebPage","@id":"https:\/\/www.eldigitaldeasturias.com\/noticias\/jens-weidmann-si-los-intereses-vuelven-a-subir-seguramente-las-deudas-no-van-a-ser-soportables\/#webpage","url":"https:\/\/www.eldigitaldeasturias.com\/noticias\/jens-weidmann-si-los-intereses-vuelven-a-subir-seguramente-las-deudas-no-van-a-ser-soportables\/","name":"Jens Weidmann: \u00abSi los intereses vuelven a subir, seguramente las deudas no van a ser soportables\u00bb - El Digital de Asturias","description":"Fr\u00e1ncfort, 19 sep (dpa) - El presidente del Banco Central de Alemania (Bundesbank), Jens Weidmann, critic\u00f3 en una entrevista que hoy publican varios diarios europeos que la pol\u00edtica monetaria se encuentre en la actualidad demasiado pr\u00f3xima a la pol\u00edtica presupuestaria de los Gobiernos. \"Los bancos centrales se perciben como la soluci\u00f3n a todos los problemas","inLanguage":"es-ES","isPartOf":{"@id":"https:\/\/www.eldigitaldeasturias.com\/noticias\/#website"},"breadcrumb":{"@id":"https:\/\/www.eldigitaldeasturias.com\/noticias\/jens-weidmann-si-los-intereses-vuelven-a-subir-seguramente-las-deudas-no-van-a-ser-soportables\/#breadcrumblist"},"author":{"@id":"https:\/\/www.eldigitaldeasturias.com\/noticias\/author\/admin\/#author"},"creator":{"@id":"https:\/\/www.eldigitaldeasturias.com\/noticias\/author\/admin\/#author"},"image":{"@type":"ImageObject","url":"https:\/\/www.eldigitaldeasturias.com\/noticias\/wp-content\/uploads\/2015\/11\/euros.jpg","@id":"https:\/\/www.eldigitaldeasturias.com\/noticias\/jens-weidmann-si-los-intereses-vuelven-a-subir-seguramente-las-deudas-no-van-a-ser-soportables\/#mainImage","width":800,"height":536,"caption":"euros"},"primaryImageOfPage":{"@id":"https:\/\/www.eldigitaldeasturias.com\/noticias\/jens-weidmann-si-los-intereses-vuelven-a-subir-seguramente-las-deudas-no-van-a-ser-soportables\/#mainImage"},"datePublished":"2016-09-20T01:01:10+02:00","dateModified":"2016-09-20T01:01:10+02:00"},{"@type":"WebSite","@id":"https:\/\/www.eldigitaldeasturias.com\/noticias\/#website","url":"https:\/\/www.eldigitaldeasturias.com\/noticias\/","name":"El Digital de Asturias - Diario de actualidad y noticias","alternateName":"El Digital de Asturias - Diario de actualidad y noticias","description":"Hemeroteca","inLanguage":"es-ES","publisher":{"@id":"https:\/\/www.eldigitaldeasturias.com\/noticias\/#organization"}}]},"og:locale":"es_ES","og:site_name":"El Digital de Asturias","og:type":"article","og:title":"Jens Weidmann: \u00abSi los intereses vuelven a subir, seguramente las deudas no van a ser soportables\u00bb - El Digital de Asturias","og:description":"Fr\u00e1ncfort, 19 sep (dpa) - El presidente del Banco Central de Alemania (Bundesbank), Jens Weidmann, critic\u00f3 en una entrevista que hoy publican varios diarios europeos que la pol\u00edtica monetaria se encuentre en la actualidad demasiado pr\u00f3xima a la pol\u00edtica presupuestaria de los Gobiernos. &quot;Los bancos centrales se perciben como la soluci\u00f3n a todos los problemas","og:url":"https:\/\/www.eldigitaldeasturias.com\/noticias\/jens-weidmann-si-los-intereses-vuelven-a-subir-seguramente-las-deudas-no-van-a-ser-soportables\/","og:image":"https:\/\/www.eldigitaldeasturias.com\/noticias\/wp-content\/uploads\/2015\/11\/euros.jpg","og:image:secure_url":"https:\/\/www.eldigitaldeasturias.com\/noticias\/wp-content\/uploads\/2015\/11\/euros.jpg","og:image:width":800,"og:image:height":536,"article:tag":["actualidad"],"article:published_time":"2016-09-20T00:01:10+00:00","article:modified_time":"2016-09-20T00:01:10+00:00","article:publisher":"https:\/\/facebook.com\/eldigitaldeasturias","twitter:card":"summary_large_image","twitter:title":"Jens Weidmann: \u00abSi los intereses vuelven a subir, seguramente las deudas no van a ser soportables\u00bb - El Digital de Asturias","twitter:description":"Fr\u00e1ncfort, 19 sep (dpa) - El presidente del Banco Central de Alemania (Bundesbank), Jens Weidmann, critic\u00f3 en una entrevista que hoy publican varios diarios europeos que la pol\u00edtica monetaria se encuentre en la actualidad demasiado pr\u00f3xima a la pol\u00edtica presupuestaria de los Gobiernos. &quot;Los bancos centrales se perciben como la soluci\u00f3n a todos los problemas","twitter:image":"https:\/\/www.eldigitaldeasturias.com\/noticias\/wp-content\/uploads\/2015\/11\/euros.jpg","twitter:label1":"Escrito por","twitter:data1":"El Digital de Asturias","twitter:label2":"Tiempo de lectura estimado","twitter:data2":"2 minutos"},"aioseo_meta_data":{"post_id":"908581","title":null,"description":null,"keywords":null,"keyphrases":null,"primary_term":null,"canonical_url":null,"og_title":null,"og_description":null,"og_object_type":"default","og_image_type":"default","og_image_url":null,"og_image_width":null,"og_image_height":null,"og_image_custom_url":null,"og_image_custom_fields":null,"og_video":null,"og_custom_url":null,"og_article_section":null,"og_article_tags":null,"twitter_use_og":false,"twitter_card":"default","twitter_image_type":"default","twitter_image_url":null,"twitter_image_custom_url":null,"twitter_image_custom_fields":null,"twitter_title":null,"twitter_description":null,"schema":{"blockGraphs":[],"customGraphs":[],"default":{"data":{"Article":[],"Course":[],"Dataset":[],"FAQPage":[],"Movie":[],"Person":[],"Product":[],"ProductReview":[],"Car":[],"Recipe":[],"Service":[],"SoftwareApplication":[],"WebPage":[]},"graphName":"","isEnabled":true},"graphs":[],"defaultGraph":"","defaultPostTypeGraph":""},"schema_type":null,"schema_type_options":null,"pillar_content":false,"robots_default":true,"robots_noindex":false,"robots_noarchive":false,"robots_nosnippet":false,"robots_nofollow":false,"robots_noimageindex":false,"robots_noodp":false,"robots_notranslate":false,"robots_max_snippet":null,"robots_max_videopreview":null,"robots_max_imagepreview":"large","priority":null,"frequency":null,"local_seo":null,"seo_analyzer_scan_date":"2025-11-30 16:40:31","breadcrumb_settings":null,"limit_modified_date":false,"open_ai":null,"ai":null,"created":"2020-12-21 14:00:05","updated":"2025-11-30 16:40:31"},"aioseo_breadcrumb":"<div class=\"aioseo-breadcrumbs\"><span class=\"aioseo-breadcrumb\">\n\t<a href=\"https:\/\/www.eldigitaldeasturias.com\/noticias\" title=\"Home\">Home<\/a>\n<\/span><span class=\"aioseo-breadcrumb-separator\">\u2013<\/span><span class=\"aioseo-breadcrumb\">\n\t<a href=\"https:\/\/www.eldigitaldeasturias.com\/noticias\/category\/actualidad\/\" title=\"Actualidad\">Actualidad<\/a>\n<\/span><span class=\"aioseo-breadcrumb-separator\">\u2013<\/span><span class=\"aioseo-breadcrumb\">\n\t<a href=\"https:\/\/www.eldigitaldeasturias.com\/noticias\/jens-weidmann-si-los-intereses-vuelven-a-subir-seguramente-las-deudas-no-van-a-ser-soportables\/\" title=\"Jens Weidmann: \u00abSi los intereses vuelven a subir, seguramente las deudas no van a ser soportables\u00bb\">Jens Weidmann: \u00abSi los intereses vuelven a subir, seguramente las deudas no van a ser soportables\u00bb<\/a>\n<\/span><\/div>","aioseo_breadcrumb_json":[{"label":"Home","link":"https:\/\/www.eldigitaldeasturias.com\/noticias"},{"label":"Actualidad","link":"https:\/\/www.eldigitaldeasturias.com\/noticias\/category\/actualidad\/"},{"label":"Jens Weidmann: \u00abSi los intereses vuelven a subir, seguramente las deudas no van a ser soportables\u00bb","link":"https:\/\/www.eldigitaldeasturias.com\/noticias\/jens-weidmann-si-los-intereses-vuelven-a-subir-seguramente-las-deudas-no-van-a-ser-soportables\/"}],"_links":{"self":[{"href":"https:\/\/www.eldigitaldeasturias.com\/noticias\/wp-json\/wp\/v2\/posts\/908581","targetHints":{"allow":["GET"]}}],"collection":[{"href":"https:\/\/www.eldigitaldeasturias.com\/noticias\/wp-json\/wp\/v2\/posts"}],"about":[{"href":"https:\/\/www.eldigitaldeasturias.com\/noticias\/wp-json\/wp\/v2\/types\/post"}],"author":[{"embeddable":true,"href":"https:\/\/www.eldigitaldeasturias.com\/noticias\/wp-json\/wp\/v2\/users\/1"}],"replies":[{"embeddable":true,"href":"https:\/\/www.eldigitaldeasturias.com\/noticias\/wp-json\/wp\/v2\/comments?post=908581"}],"version-history":[{"count":0,"href":"https:\/\/www.eldigitaldeasturias.com\/noticias\/wp-json\/wp\/v2\/posts\/908581\/revisions"}],"wp:featuredmedia":[{"embeddable":true,"href":"https:\/\/www.eldigitaldeasturias.com\/noticias\/wp-json\/wp\/v2\/media\/822740"}],"wp:attachment":[{"href":"https:\/\/www.eldigitaldeasturias.com\/noticias\/wp-json\/wp\/v2\/media?parent=908581"}],"wp:term":[{"taxonomy":"category","embeddable":true,"href":"https:\/\/www.eldigitaldeasturias.com\/noticias\/wp-json\/wp\/v2\/categories?post=908581"},{"taxonomy":"post_tag","embeddable":true,"href":"https:\/\/www.eldigitaldeasturias.com\/noticias\/wp-json\/wp\/v2\/tags?post=908581"}],"curies":[{"name":"wp","href":"https:\/\/api.w.org\/{rel}","templated":true}]}}