{"id":908568,"date":"2016-09-20T00:48:12","date_gmt":"2016-09-19T23:48:12","guid":{"rendered":"http:\/\/www.eldigitaldeasturias.com\/noticias\/?p=908568"},"modified":"2016-09-20T00:48:12","modified_gmt":"2016-09-19T23:48:12","slug":"el-gobierno-aleman-lamenta-la-debil-tregua-en-siria","status":"publish","type":"post","link":"https:\/\/www.eldigitaldeasturias.com\/noticias\/el-gobierno-aleman-lamenta-la-debil-tregua-en-siria\/","title":{"rendered":"El Gobierno alem\u00e1n lamenta la d\u00e9bil tregua en Siria"},"content":{"rendered":"<p><img loading=\"lazy\" decoding=\"async\" class=\"alignleft size-medium wp-image-542657\" src=\"https:\/\/www.eldigitaldeasturias.com\/noticias\/wp-content\/uploads\/2014\/06\/6345789w-360x238.jpg\" alt=\"6345789wsiria\" width=\"360\" height=\"238\" srcset=\"https:\/\/www.eldigitaldeasturias.com\/noticias\/wp-content\/uploads\/2014\/06\/6345789w-360x238.jpg 360w, https:\/\/www.eldigitaldeasturias.com\/noticias\/wp-content\/uploads\/2014\/06\/6345789w-650x431.jpg 650w, https:\/\/www.eldigitaldeasturias.com\/noticias\/wp-content\/uploads\/2014\/06\/6345789w-220x146.jpg 220w, https:\/\/www.eldigitaldeasturias.com\/noticias\/wp-content\/uploads\/2014\/06\/6345789w.jpg 800w\" sizes=\"auto, (max-width: 360px) 100vw, 360px\" \/>Berl\u00edn, 19 sep (dpa) &#8211; El Gobierno alem\u00e1n lament\u00f3 hoy que la tregua acordada entre el r\u00e9gimen y los rebeldes en Siria se tambalee y haya conducido a la p\u00e9rdida de numerosas vidas en la \u00faltima semana.<\/p>\n<p>\u00abEs deplorable que a pesar de haber acordado una tregua se hayan registrado tantos muertos y tantos heridos en los \u00faltimos d\u00edas. Tambi\u00e9n es alarmante que haya indicios de que el r\u00e9gimen sirio no quiera mantener vigente la tregua\u00bb, declar\u00f3 el portavoz del Ejecutivo germano, Steffen Seibert.<\/p>\n<p>En opini\u00f3n de Berl\u00edn, el alto el fuego es indispensable para que la ayuda humanitaria pueda alcanzar a la poblaci\u00f3n siria.<\/p>\n<p>\u00abDesde que comenz\u00f3 la tregua est\u00e1n listos los suministros humanitarios pero desde que comenz\u00f3 la tregua se han intentado evitar por parte del r\u00e9gimen sirio. Creemos que Putin, como aliado del r\u00e9gimen de Assad, tiene el deber de influir de manera efectiva para que la ayuda pueda llegar\u00bb, insisti\u00f3 el vocero del Gobierno alem\u00e1n.<\/p>\n<p>Steffen Seibert se\u00f1al\u00f3 al respecto que la efectiva entrega de ayuda humanitaria a los ciudadanos sirios constituye una especie de test para confirmar cu\u00e1les son las intenciones reales del r\u00e9gimen de Bashar al Assad.<\/p>\n<p>\u00abEsto servir\u00e1 para saber si el r\u00e9gimen y sus aliados utilizan la tregua para lograr ventajas militares o para determinar si el alto el fuego es, como nosotros esperamos, el primer paso de cara a una reapertura del proceso pol\u00edtico en Siria\u00bb, indic\u00f3 el portavoz alem\u00e1n.<\/p>\n<p>La tregua acordada entre el r\u00e9gimen y los rebeldes en Siria entr\u00f3 en vigor al atardecer del lunes de la semana pasada. Despu\u00e9s de siete d\u00edas tendr\u00eda que pasarse en teor\u00eda a la siguiente fase, que es la colaboraci\u00f3n entre Mosc\u00fa y Washington en los bombardeos contra la milicia del autodenominado Estado Isl\u00e1mico (EI).<\/p>\n<p>&nbsp;<\/p>\n","protected":false},"excerpt":{"rendered":"<p>Berl\u00edn, 19 sep (dpa) &#8211; El Gobierno alem\u00e1n lament\u00f3 hoy que la tregua acordada entre el r\u00e9gimen y los rebeldes en Siria se tambalee y haya conducido a la p\u00e9rdida de numerosas vidas en la \u00faltima semana. \u00abEs deplorable que a pesar de haber acordado una tregua se hayan registrado tantos muertos y tantos heridos [&hellip;]<\/p>\n","protected":false},"author":1,"featured_media":542657,"comment_status":"closed","ping_status":"closed","sticky":false,"template":"","format":"standard","meta":{"footnotes":""},"categories":[1],"tags":[],"class_list":["post-908568","post","type-post","status-publish","format-standard","has-post-thumbnail","hentry","category-actualidad"],"aioseo_notices":[],"aioseo_head":"\n\t\t<!-- All in One SEO Pro 4.9.6.2 - aioseo.com -->\n\t<meta name=\"description\" content=\"Berl\u00edn, 19 sep (dpa) - El Gobierno alem\u00e1n lament\u00f3 hoy que la tregua acordada entre el r\u00e9gimen y los rebeldes en Siria se tambalee y haya conducido a la p\u00e9rdida de numerosas vidas en la \u00faltima semana. &quot;Es deplorable que a pesar de haber acordado una tregua se hayan registrado tantos muertos y tantos heridos\" \/>\n\t<meta name=\"robots\" content=\"max-image-preview:large\" \/>\n\t<meta name=\"author\" content=\"El Digital de Asturias\"\/>\n\t<meta name=\"google-site-verification\" content=\"UA-38556648-1\" \/>\n\t<meta name=\"msvalidate.01\" content=\"7dfe9f3f1b24437ab69f4f2559babe99\" \/>\n\t<meta name=\"keywords\" content=\"actualidad\" \/>\n\t<link rel=\"canonical\" href=\"https:\/\/www.eldigitaldeasturias.com\/noticias\/el-gobierno-aleman-lamenta-la-debil-tregua-en-siria\/\" \/>\n\t<meta name=\"generator\" content=\"All in One SEO Pro (AIOSEO) 4.9.6.2\" \/>\n\t\t<meta property=\"og:locale\" content=\"es_ES\" \/>\n\t\t<meta property=\"og:site_name\" content=\"El Digital de Asturias\" \/>\n\t\t<meta property=\"og:type\" content=\"article\" \/>\n\t\t<meta property=\"og:title\" content=\"El Gobierno alem\u00e1n lamenta la d\u00e9bil tregua en Siria - El Digital de Asturias\" \/>\n\t\t<meta property=\"og:description\" content=\"Berl\u00edn, 19 sep (dpa) - El Gobierno alem\u00e1n lament\u00f3 hoy que la tregua acordada entre el r\u00e9gimen y los rebeldes en Siria se tambalee y haya conducido a la p\u00e9rdida de numerosas vidas en la \u00faltima semana. &quot;Es deplorable que a pesar de haber acordado una tregua se hayan registrado tantos muertos y tantos heridos\" \/>\n\t\t<meta property=\"og:url\" content=\"https:\/\/www.eldigitaldeasturias.com\/noticias\/el-gobierno-aleman-lamenta-la-debil-tregua-en-siria\/\" \/>\n\t\t<meta property=\"og:image\" content=\"https:\/\/www.eldigitaldeasturias.com\/noticias\/wp-content\/uploads\/2014\/06\/6345789w.jpg\" \/>\n\t\t<meta property=\"og:image:secure_url\" content=\"https:\/\/www.eldigitaldeasturias.com\/noticias\/wp-content\/uploads\/2014\/06\/6345789w.jpg\" \/>\n\t\t<meta property=\"og:image:width\" content=\"800\" \/>\n\t\t<meta property=\"og:image:height\" content=\"531\" \/>\n\t\t<meta property=\"article:tag\" content=\"actualidad\" \/>\n\t\t<meta property=\"article:published_time\" content=\"2016-09-19T23:48:12+00:00\" \/>\n\t\t<meta property=\"article:modified_time\" content=\"2016-09-19T23:48:12+00:00\" \/>\n\t\t<meta property=\"article:publisher\" content=\"https:\/\/facebook.com\/eldigitaldeasturias\" \/>\n\t\t<meta name=\"twitter:card\" content=\"summary_large_image\" \/>\n\t\t<meta name=\"twitter:title\" content=\"El Gobierno alem\u00e1n lamenta la d\u00e9bil tregua en Siria - El Digital de Asturias\" \/>\n\t\t<meta name=\"twitter:description\" content=\"Berl\u00edn, 19 sep (dpa) - El Gobierno alem\u00e1n lament\u00f3 hoy que la tregua acordada entre el r\u00e9gimen y los rebeldes en Siria se tambalee y haya conducido a la p\u00e9rdida de numerosas vidas en la \u00faltima semana. &quot;Es deplorable que a pesar de haber acordado una tregua se hayan registrado tantos muertos y tantos heridos\" \/>\n\t\t<meta name=\"twitter:image\" content=\"https:\/\/www.eldigitaldeasturias.com\/noticias\/wp-content\/uploads\/2014\/06\/6345789w.jpg\" \/>\n\t\t<meta name=\"twitter:label1\" content=\"Escrito por\" \/>\n\t\t<meta name=\"twitter:data1\" content=\"El Digital de Asturias\" \/>\n\t\t<meta name=\"twitter:label2\" content=\"Tiempo de lectura estimado\" \/>\n\t\t<meta name=\"twitter:data2\" content=\"2 minutos\" \/>\n\t\t<script type=\"application\/ld+json\" class=\"aioseo-schema\">\n\t\t\t{\"@context\":\"https:\\\/\\\/schema.org\",\"@graph\":[{\"@type\":\"BlogPosting\",\"@id\":\"https:\\\/\\\/www.eldigitaldeasturias.com\\\/noticias\\\/el-gobierno-aleman-lamenta-la-debil-tregua-en-siria\\\/#blogposting\",\"name\":\"El Gobierno alem\\u00e1n lamenta la d\\u00e9bil tregua en Siria - El Digital de Asturias\",\"headline\":\"El Gobierno alem\\u00e1n lamenta la d\\u00e9bil tregua en Siria\",\"author\":{\"@id\":\"https:\\\/\\\/www.eldigitaldeasturias.com\\\/noticias\\\/author\\\/admin\\\/#author\"},\"publisher\":{\"@id\":\"https:\\\/\\\/www.eldigitaldeasturias.com\\\/noticias\\\/#organization\"},\"image\":{\"@type\":\"ImageObject\",\"url\":\"https:\\\/\\\/www.eldigitaldeasturias.com\\\/noticias\\\/wp-content\\\/uploads\\\/2014\\\/06\\\/6345789w.jpg\",\"width\":800,\"height\":531},\"datePublished\":\"2016-09-20T00:48:12+02:00\",\"dateModified\":\"2016-09-20T00:48:12+02:00\",\"inLanguage\":\"es-ES\",\"mainEntityOfPage\":{\"@id\":\"https:\\\/\\\/www.eldigitaldeasturias.com\\\/noticias\\\/el-gobierno-aleman-lamenta-la-debil-tregua-en-siria\\\/#webpage\"},\"isPartOf\":{\"@id\":\"https:\\\/\\\/www.eldigitaldeasturias.com\\\/noticias\\\/el-gobierno-aleman-lamenta-la-debil-tregua-en-siria\\\/#webpage\"},\"articleSection\":\"Actualidad\"},{\"@type\":\"BreadcrumbList\",\"@id\":\"https:\\\/\\\/www.eldigitaldeasturias.com\\\/noticias\\\/el-gobierno-aleman-lamenta-la-debil-tregua-en-siria\\\/#breadcrumblist\",\"itemListElement\":[{\"@type\":\"ListItem\",\"@id\":\"https:\\\/\\\/www.eldigitaldeasturias.com\\\/noticias#listItem\",\"position\":1,\"name\":\"Home\",\"item\":\"https:\\\/\\\/www.eldigitaldeasturias.com\\\/noticias\",\"nextItem\":{\"@type\":\"ListItem\",\"@id\":\"https:\\\/\\\/www.eldigitaldeasturias.com\\\/noticias\\\/category\\\/actualidad\\\/#listItem\",\"name\":\"Actualidad\"}},{\"@type\":\"ListItem\",\"@id\":\"https:\\\/\\\/www.eldigitaldeasturias.com\\\/noticias\\\/category\\\/actualidad\\\/#listItem\",\"position\":2,\"name\":\"Actualidad\",\"item\":\"https:\\\/\\\/www.eldigitaldeasturias.com\\\/noticias\\\/category\\\/actualidad\\\/\",\"nextItem\":{\"@type\":\"ListItem\",\"@id\":\"https:\\\/\\\/www.eldigitaldeasturias.com\\\/noticias\\\/el-gobierno-aleman-lamenta-la-debil-tregua-en-siria\\\/#listItem\",\"name\":\"El Gobierno alem\\u00e1n lamenta la d\\u00e9bil tregua en Siria\"},\"previousItem\":{\"@type\":\"ListItem\",\"@id\":\"https:\\\/\\\/www.eldigitaldeasturias.com\\\/noticias#listItem\",\"name\":\"Home\"}},{\"@type\":\"ListItem\",\"@id\":\"https:\\\/\\\/www.eldigitaldeasturias.com\\\/noticias\\\/el-gobierno-aleman-lamenta-la-debil-tregua-en-siria\\\/#listItem\",\"position\":3,\"name\":\"El Gobierno alem\\u00e1n lamenta la d\\u00e9bil tregua en Siria\",\"previousItem\":{\"@type\":\"ListItem\",\"@id\":\"https:\\\/\\\/www.eldigitaldeasturias.com\\\/noticias\\\/category\\\/actualidad\\\/#listItem\",\"name\":\"Actualidad\"}}]},{\"@type\":\"Organization\",\"@id\":\"https:\\\/\\\/www.eldigitaldeasturias.com\\\/noticias\\\/#organization\",\"name\":\"El Digital de Asturias\",\"description\":\"Hemeroteca\",\"url\":\"https:\\\/\\\/www.eldigitaldeasturias.com\\\/noticias\\\/\",\"email\":\"info@eldigitaldeasturias.com\",\"telephone\":\"+34652131393\",\"logo\":{\"@type\":\"ImageObject\",\"url\":\"https:\\\/\\\/www.eldigitaldeasturias.com\\\/noticias\\\/wp-content\\\/uploads\\\/2020\\\/12\\\/EDA.jpg\",\"@id\":\"https:\\\/\\\/www.eldigitaldeasturias.com\\\/noticias\\\/el-gobierno-aleman-lamenta-la-debil-tregua-en-siria\\\/#organizationLogo\",\"width\":649,\"height\":297},\"image\":{\"@id\":\"https:\\\/\\\/www.eldigitaldeasturias.com\\\/noticias\\\/el-gobierno-aleman-lamenta-la-debil-tregua-en-siria\\\/#organizationLogo\"},\"sameAs\":[\"https:\\\/\\\/facebook.com\\\/eldigitaldeasturias\",\"https:\\\/\\\/www.youtube.com\\\/channel\\\/UCZP-2wLEB9Rv6erhFmqVnvg\"],\"address\":{\"@id\":\"https:\\\/\\\/www.eldigitaldeasturias.com\\\/noticias\\\/#postaladdress\",\"@type\":\"PostalAddress\",\"streetAddress\":\"san antonio 4,\",\"postalCode\":\"33430\",\"addressLocality\":\"Cand\\u00e1s\",\"addressRegion\":\"Asturias\",\"addressCountry\":\"ES\"}},{\"@type\":\"Person\",\"@id\":\"https:\\\/\\\/www.eldigitaldeasturias.com\\\/noticias\\\/author\\\/admin\\\/#author\",\"url\":\"https:\\\/\\\/www.eldigitaldeasturias.com\\\/noticias\\\/author\\\/admin\\\/\",\"name\":\"El Digital de Asturias\",\"image\":{\"@type\":\"ImageObject\",\"@id\":\"https:\\\/\\\/www.eldigitaldeasturias.com\\\/noticias\\\/el-gobierno-aleman-lamenta-la-debil-tregua-en-siria\\\/#authorImage\",\"url\":\"https:\\\/\\\/www.eldigitaldeasturias.com\\\/noticias\\\/wp-content\\\/litespeed\\\/avatar\\\/18677e78aa0546b92d9dbf31ec7d7668.jpg?ver=1777290358\",\"width\":96,\"height\":96,\"caption\":\"El Digital de Asturias\"}},{\"@type\":\"WebPage\",\"@id\":\"https:\\\/\\\/www.eldigitaldeasturias.com\\\/noticias\\\/el-gobierno-aleman-lamenta-la-debil-tregua-en-siria\\\/#webpage\",\"url\":\"https:\\\/\\\/www.eldigitaldeasturias.com\\\/noticias\\\/el-gobierno-aleman-lamenta-la-debil-tregua-en-siria\\\/\",\"name\":\"El Gobierno alem\\u00e1n lamenta la d\\u00e9bil tregua en Siria - El Digital de Asturias\",\"description\":\"Berl\\u00edn, 19 sep (dpa) - El Gobierno alem\\u00e1n lament\\u00f3 hoy que la tregua acordada entre el r\\u00e9gimen y los rebeldes en Siria se tambalee y haya conducido a la p\\u00e9rdida de numerosas vidas en la \\u00faltima semana. \\\"Es deplorable que a pesar de haber acordado una tregua se hayan registrado tantos muertos y tantos heridos\",\"inLanguage\":\"es-ES\",\"isPartOf\":{\"@id\":\"https:\\\/\\\/www.eldigitaldeasturias.com\\\/noticias\\\/#website\"},\"breadcrumb\":{\"@id\":\"https:\\\/\\\/www.eldigitaldeasturias.com\\\/noticias\\\/el-gobierno-aleman-lamenta-la-debil-tregua-en-siria\\\/#breadcrumblist\"},\"author\":{\"@id\":\"https:\\\/\\\/www.eldigitaldeasturias.com\\\/noticias\\\/author\\\/admin\\\/#author\"},\"creator\":{\"@id\":\"https:\\\/\\\/www.eldigitaldeasturias.com\\\/noticias\\\/author\\\/admin\\\/#author\"},\"image\":{\"@type\":\"ImageObject\",\"url\":\"https:\\\/\\\/www.eldigitaldeasturias.com\\\/noticias\\\/wp-content\\\/uploads\\\/2014\\\/06\\\/6345789w.jpg\",\"@id\":\"https:\\\/\\\/www.eldigitaldeasturias.com\\\/noticias\\\/el-gobierno-aleman-lamenta-la-debil-tregua-en-siria\\\/#mainImage\",\"width\":800,\"height\":531},\"primaryImageOfPage\":{\"@id\":\"https:\\\/\\\/www.eldigitaldeasturias.com\\\/noticias\\\/el-gobierno-aleman-lamenta-la-debil-tregua-en-siria\\\/#mainImage\"},\"datePublished\":\"2016-09-20T00:48:12+02:00\",\"dateModified\":\"2016-09-20T00:48:12+02:00\"},{\"@type\":\"WebSite\",\"@id\":\"https:\\\/\\\/www.eldigitaldeasturias.com\\\/noticias\\\/#website\",\"url\":\"https:\\\/\\\/www.eldigitaldeasturias.com\\\/noticias\\\/\",\"name\":\"El Digital de Asturias - Diario de actualidad y noticias\",\"alternateName\":\"El Digital de Asturias - Diario de actualidad y noticias\",\"description\":\"Hemeroteca\",\"inLanguage\":\"es-ES\",\"publisher\":{\"@id\":\"https:\\\/\\\/www.eldigitaldeasturias.com\\\/noticias\\\/#organization\"}}]}\n\t\t<\/script>\n\t\t<!-- All in One SEO Pro -->\r\n\t\t<title>El Gobierno alem\u00e1n lamenta la d\u00e9bil tregua en Siria - El Digital de Asturias<\/title>\n\n","aioseo_head_json":{"title":"El Gobierno alem\u00e1n lamenta la d\u00e9bil tregua en Siria - El Digital de Asturias","description":"Berl\u00edn, 19 sep (dpa) - El Gobierno alem\u00e1n lament\u00f3 hoy que la tregua acordada entre el r\u00e9gimen y los rebeldes en Siria se tambalee y haya conducido a la p\u00e9rdida de numerosas vidas en la \u00faltima semana. \"Es deplorable que a pesar de haber acordado una tregua se hayan registrado tantos muertos y tantos heridos","canonical_url":"https:\/\/www.eldigitaldeasturias.com\/noticias\/el-gobierno-aleman-lamenta-la-debil-tregua-en-siria\/","robots":"max-image-preview:large","keywords":"actualidad","webmasterTools":{"google-site-verification":"UA-38556648-1","msvalidate.01":"7dfe9f3f1b24437ab69f4f2559babe99","miscellaneous":""},"schema":{"@context":"https:\/\/schema.org","@graph":[{"@type":"BlogPosting","@id":"https:\/\/www.eldigitaldeasturias.com\/noticias\/el-gobierno-aleman-lamenta-la-debil-tregua-en-siria\/#blogposting","name":"El Gobierno alem\u00e1n lamenta la d\u00e9bil tregua en Siria - El Digital de Asturias","headline":"El Gobierno alem\u00e1n lamenta la d\u00e9bil tregua en Siria","author":{"@id":"https:\/\/www.eldigitaldeasturias.com\/noticias\/author\/admin\/#author"},"publisher":{"@id":"https:\/\/www.eldigitaldeasturias.com\/noticias\/#organization"},"image":{"@type":"ImageObject","url":"https:\/\/www.eldigitaldeasturias.com\/noticias\/wp-content\/uploads\/2014\/06\/6345789w.jpg","width":800,"height":531},"datePublished":"2016-09-20T00:48:12+02:00","dateModified":"2016-09-20T00:48:12+02:00","inLanguage":"es-ES","mainEntityOfPage":{"@id":"https:\/\/www.eldigitaldeasturias.com\/noticias\/el-gobierno-aleman-lamenta-la-debil-tregua-en-siria\/#webpage"},"isPartOf":{"@id":"https:\/\/www.eldigitaldeasturias.com\/noticias\/el-gobierno-aleman-lamenta-la-debil-tregua-en-siria\/#webpage"},"articleSection":"Actualidad"},{"@type":"BreadcrumbList","@id":"https:\/\/www.eldigitaldeasturias.com\/noticias\/el-gobierno-aleman-lamenta-la-debil-tregua-en-siria\/#breadcrumblist","itemListElement":[{"@type":"ListItem","@id":"https:\/\/www.eldigitaldeasturias.com\/noticias#listItem","position":1,"name":"Home","item":"https:\/\/www.eldigitaldeasturias.com\/noticias","nextItem":{"@type":"ListItem","@id":"https:\/\/www.eldigitaldeasturias.com\/noticias\/category\/actualidad\/#listItem","name":"Actualidad"}},{"@type":"ListItem","@id":"https:\/\/www.eldigitaldeasturias.com\/noticias\/category\/actualidad\/#listItem","position":2,"name":"Actualidad","item":"https:\/\/www.eldigitaldeasturias.com\/noticias\/category\/actualidad\/","nextItem":{"@type":"ListItem","@id":"https:\/\/www.eldigitaldeasturias.com\/noticias\/el-gobierno-aleman-lamenta-la-debil-tregua-en-siria\/#listItem","name":"El Gobierno alem\u00e1n lamenta la d\u00e9bil tregua en Siria"},"previousItem":{"@type":"ListItem","@id":"https:\/\/www.eldigitaldeasturias.com\/noticias#listItem","name":"Home"}},{"@type":"ListItem","@id":"https:\/\/www.eldigitaldeasturias.com\/noticias\/el-gobierno-aleman-lamenta-la-debil-tregua-en-siria\/#listItem","position":3,"name":"El Gobierno alem\u00e1n lamenta la d\u00e9bil tregua en Siria","previousItem":{"@type":"ListItem","@id":"https:\/\/www.eldigitaldeasturias.com\/noticias\/category\/actualidad\/#listItem","name":"Actualidad"}}]},{"@type":"Organization","@id":"https:\/\/www.eldigitaldeasturias.com\/noticias\/#organization","name":"El Digital de Asturias","description":"Hemeroteca","url":"https:\/\/www.eldigitaldeasturias.com\/noticias\/","email":"info@eldigitaldeasturias.com","telephone":"+34652131393","logo":{"@type":"ImageObject","url":"https:\/\/www.eldigitaldeasturias.com\/noticias\/wp-content\/uploads\/2020\/12\/EDA.jpg","@id":"https:\/\/www.eldigitaldeasturias.com\/noticias\/el-gobierno-aleman-lamenta-la-debil-tregua-en-siria\/#organizationLogo","width":649,"height":297},"image":{"@id":"https:\/\/www.eldigitaldeasturias.com\/noticias\/el-gobierno-aleman-lamenta-la-debil-tregua-en-siria\/#organizationLogo"},"sameAs":["https:\/\/facebook.com\/eldigitaldeasturias","https:\/\/www.youtube.com\/channel\/UCZP-2wLEB9Rv6erhFmqVnvg"],"address":{"@id":"https:\/\/www.eldigitaldeasturias.com\/noticias\/#postaladdress","@type":"PostalAddress","streetAddress":"san antonio 4,","postalCode":"33430","addressLocality":"Cand\u00e1s","addressRegion":"Asturias","addressCountry":"ES"}},{"@type":"Person","@id":"https:\/\/www.eldigitaldeasturias.com\/noticias\/author\/admin\/#author","url":"https:\/\/www.eldigitaldeasturias.com\/noticias\/author\/admin\/","name":"El Digital de Asturias","image":{"@type":"ImageObject","@id":"https:\/\/www.eldigitaldeasturias.com\/noticias\/el-gobierno-aleman-lamenta-la-debil-tregua-en-siria\/#authorImage","url":"https:\/\/www.eldigitaldeasturias.com\/noticias\/wp-content\/litespeed\/avatar\/18677e78aa0546b92d9dbf31ec7d7668.jpg?ver=1777290358","width":96,"height":96,"caption":"El Digital de Asturias"}},{"@type":"WebPage","@id":"https:\/\/www.eldigitaldeasturias.com\/noticias\/el-gobierno-aleman-lamenta-la-debil-tregua-en-siria\/#webpage","url":"https:\/\/www.eldigitaldeasturias.com\/noticias\/el-gobierno-aleman-lamenta-la-debil-tregua-en-siria\/","name":"El Gobierno alem\u00e1n lamenta la d\u00e9bil tregua en Siria - El Digital de Asturias","description":"Berl\u00edn, 19 sep (dpa) - El Gobierno alem\u00e1n lament\u00f3 hoy que la tregua acordada entre el r\u00e9gimen y los rebeldes en Siria se tambalee y haya conducido a la p\u00e9rdida de numerosas vidas en la \u00faltima semana. \"Es deplorable que a pesar de haber acordado una tregua se hayan registrado tantos muertos y tantos heridos","inLanguage":"es-ES","isPartOf":{"@id":"https:\/\/www.eldigitaldeasturias.com\/noticias\/#website"},"breadcrumb":{"@id":"https:\/\/www.eldigitaldeasturias.com\/noticias\/el-gobierno-aleman-lamenta-la-debil-tregua-en-siria\/#breadcrumblist"},"author":{"@id":"https:\/\/www.eldigitaldeasturias.com\/noticias\/author\/admin\/#author"},"creator":{"@id":"https:\/\/www.eldigitaldeasturias.com\/noticias\/author\/admin\/#author"},"image":{"@type":"ImageObject","url":"https:\/\/www.eldigitaldeasturias.com\/noticias\/wp-content\/uploads\/2014\/06\/6345789w.jpg","@id":"https:\/\/www.eldigitaldeasturias.com\/noticias\/el-gobierno-aleman-lamenta-la-debil-tregua-en-siria\/#mainImage","width":800,"height":531},"primaryImageOfPage":{"@id":"https:\/\/www.eldigitaldeasturias.com\/noticias\/el-gobierno-aleman-lamenta-la-debil-tregua-en-siria\/#mainImage"},"datePublished":"2016-09-20T00:48:12+02:00","dateModified":"2016-09-20T00:48:12+02:00"},{"@type":"WebSite","@id":"https:\/\/www.eldigitaldeasturias.com\/noticias\/#website","url":"https:\/\/www.eldigitaldeasturias.com\/noticias\/","name":"El Digital de Asturias - Diario de actualidad y noticias","alternateName":"El Digital de Asturias - Diario de actualidad y noticias","description":"Hemeroteca","inLanguage":"es-ES","publisher":{"@id":"https:\/\/www.eldigitaldeasturias.com\/noticias\/#organization"}}]},"og:locale":"es_ES","og:site_name":"El Digital de Asturias","og:type":"article","og:title":"El Gobierno alem\u00e1n lamenta la d\u00e9bil tregua en Siria - El Digital de Asturias","og:description":"Berl\u00edn, 19 sep (dpa) - El Gobierno alem\u00e1n lament\u00f3 hoy que la tregua acordada entre el r\u00e9gimen y los rebeldes en Siria se tambalee y haya conducido a la p\u00e9rdida de numerosas vidas en la \u00faltima semana. &quot;Es deplorable que a pesar de haber acordado una tregua se hayan registrado tantos muertos y tantos heridos","og:url":"https:\/\/www.eldigitaldeasturias.com\/noticias\/el-gobierno-aleman-lamenta-la-debil-tregua-en-siria\/","og:image":"https:\/\/www.eldigitaldeasturias.com\/noticias\/wp-content\/uploads\/2014\/06\/6345789w.jpg","og:image:secure_url":"https:\/\/www.eldigitaldeasturias.com\/noticias\/wp-content\/uploads\/2014\/06\/6345789w.jpg","og:image:width":800,"og:image:height":531,"article:tag":["actualidad"],"article:published_time":"2016-09-19T23:48:12+00:00","article:modified_time":"2016-09-19T23:48:12+00:00","article:publisher":"https:\/\/facebook.com\/eldigitaldeasturias","twitter:card":"summary_large_image","twitter:title":"El Gobierno alem\u00e1n lamenta la d\u00e9bil tregua en Siria - El Digital de Asturias","twitter:description":"Berl\u00edn, 19 sep (dpa) - El Gobierno alem\u00e1n lament\u00f3 hoy que la tregua acordada entre el r\u00e9gimen y los rebeldes en Siria se tambalee y haya conducido a la p\u00e9rdida de numerosas vidas en la \u00faltima semana. &quot;Es deplorable que a pesar de haber acordado una tregua se hayan registrado tantos muertos y tantos heridos","twitter:image":"https:\/\/www.eldigitaldeasturias.com\/noticias\/wp-content\/uploads\/2014\/06\/6345789w.jpg","twitter:label1":"Escrito por","twitter:data1":"El Digital de Asturias","twitter:label2":"Tiempo de lectura estimado","twitter:data2":"2 minutos"},"aioseo_meta_data":{"post_id":"908568","title":null,"description":null,"keywords":null,"keyphrases":null,"primary_term":null,"canonical_url":null,"og_title":null,"og_description":null,"og_object_type":"default","og_image_type":"default","og_image_url":null,"og_image_width":null,"og_image_height":null,"og_image_custom_url":null,"og_image_custom_fields":null,"og_video":null,"og_custom_url":null,"og_article_section":null,"og_article_tags":null,"twitter_use_og":false,"twitter_card":"default","twitter_image_type":"default","twitter_image_url":null,"twitter_image_custom_url":null,"twitter_image_custom_fields":null,"twitter_title":null,"twitter_description":null,"schema":{"blockGraphs":[],"customGraphs":[],"default":{"data":{"Article":[],"Course":[],"Dataset":[],"FAQPage":[],"Movie":[],"Person":[],"Product":[],"ProductReview":[],"Car":[],"Recipe":[],"Service":[],"SoftwareApplication":[],"WebPage":[]},"graphName":"","isEnabled":true},"graphs":[],"defaultGraph":"","defaultPostTypeGraph":""},"schema_type":null,"schema_type_options":null,"pillar_content":false,"robots_default":true,"robots_noindex":false,"robots_noarchive":false,"robots_nosnippet":false,"robots_nofollow":false,"robots_noimageindex":false,"robots_noodp":false,"robots_notranslate":false,"robots_max_snippet":null,"robots_max_videopreview":null,"robots_max_imagepreview":"large","priority":null,"frequency":null,"local_seo":null,"seo_analyzer_scan_date":"2025-11-30 16:35:25","breadcrumb_settings":null,"limit_modified_date":false,"open_ai":null,"ai":null,"created":"2020-12-21 14:00:05","updated":"2025-11-30 16:35:25"},"aioseo_breadcrumb":"<div class=\"aioseo-breadcrumbs\"><span class=\"aioseo-breadcrumb\">\n\t<a href=\"https:\/\/www.eldigitaldeasturias.com\/noticias\" title=\"Home\">Home<\/a>\n<\/span><span class=\"aioseo-breadcrumb-separator\">\u2013<\/span><span class=\"aioseo-breadcrumb\">\n\t<a href=\"https:\/\/www.eldigitaldeasturias.com\/noticias\/category\/actualidad\/\" title=\"Actualidad\">Actualidad<\/a>\n<\/span><span class=\"aioseo-breadcrumb-separator\">\u2013<\/span><span class=\"aioseo-breadcrumb\">\n\t<a href=\"https:\/\/www.eldigitaldeasturias.com\/noticias\/el-gobierno-aleman-lamenta-la-debil-tregua-en-siria\/\" title=\"El Gobierno alem\u00e1n lamenta la d\u00e9bil tregua en Siria\">El Gobierno alem\u00e1n lamenta la d\u00e9bil tregua en Siria<\/a>\n<\/span><\/div>","aioseo_breadcrumb_json":[{"label":"Home","link":"https:\/\/www.eldigitaldeasturias.com\/noticias"},{"label":"Actualidad","link":"https:\/\/www.eldigitaldeasturias.com\/noticias\/category\/actualidad\/"},{"label":"El Gobierno alem\u00e1n lamenta la d\u00e9bil tregua en Siria","link":"https:\/\/www.eldigitaldeasturias.com\/noticias\/el-gobierno-aleman-lamenta-la-debil-tregua-en-siria\/"}],"_links":{"self":[{"href":"https:\/\/www.eldigitaldeasturias.com\/noticias\/wp-json\/wp\/v2\/posts\/908568","targetHints":{"allow":["GET"]}}],"collection":[{"href":"https:\/\/www.eldigitaldeasturias.com\/noticias\/wp-json\/wp\/v2\/posts"}],"about":[{"href":"https:\/\/www.eldigitaldeasturias.com\/noticias\/wp-json\/wp\/v2\/types\/post"}],"author":[{"embeddable":true,"href":"https:\/\/www.eldigitaldeasturias.com\/noticias\/wp-json\/wp\/v2\/users\/1"}],"replies":[{"embeddable":true,"href":"https:\/\/www.eldigitaldeasturias.com\/noticias\/wp-json\/wp\/v2\/comments?post=908568"}],"version-history":[{"count":0,"href":"https:\/\/www.eldigitaldeasturias.com\/noticias\/wp-json\/wp\/v2\/posts\/908568\/revisions"}],"wp:featuredmedia":[{"embeddable":true,"href":"https:\/\/www.eldigitaldeasturias.com\/noticias\/wp-json\/wp\/v2\/media\/542657"}],"wp:attachment":[{"href":"https:\/\/www.eldigitaldeasturias.com\/noticias\/wp-json\/wp\/v2\/media?parent=908568"}],"wp:term":[{"taxonomy":"category","embeddable":true,"href":"https:\/\/www.eldigitaldeasturias.com\/noticias\/wp-json\/wp\/v2\/categories?post=908568"},{"taxonomy":"post_tag","embeddable":true,"href":"https:\/\/www.eldigitaldeasturias.com\/noticias\/wp-json\/wp\/v2\/tags?post=908568"}],"curies":[{"name":"wp","href":"https:\/\/api.w.org\/{rel}","templated":true}]}}